{"id":301123,"date":"2024-03-13T23:36:19","date_gmt":"2024-03-13T19:36:19","guid":{"rendered":"https:\/\/www.meydan.tv\/?p=301123"},"modified":"2024-03-14T11:16:38","modified_gmt":"2024-03-14T07:16:38","slug":"qetle-sifaris-vermekde-ittiham-olunan-sabiq-rektor-istintaqda-neler-deyib","status":"publish","type":"post","link":"https:\/\/www.meydan.tv\/az\/article\/qetle-sifaris-vermekde-ittiham-olunan-sabiq-rektor-istintaqda-neler-deyib\/","title":{"rendered":"Q\u0259tl\u0259 sifari\u015f verm\u0259kd\u0259 ittiham olunan sabiq rektor istintaqda n\u0259l\u0259r deyib?"},"content":{"rendered":"\n<p><\/p>\n\n\n\n<p><strong><em>Prorektorun q\u0259tlil\u0259 ba\u011fl\u0131 m\u0259hk\u0259m\u0259 istintaq\u0131 yekunla\u015fd\u0131, prokuror c\u0259za ist\u0259y\u0259c\u0259k<\/em><\/strong><\/p>\n\n\n\n<p>13 il \u0259vv\u0259l T\u0259f\u0259kk\u00fcr Universitetinin prorektoru Tariyel \u018fhm\u0259dovun q\u0259tlin\u0259 sifari\u015f verm\u0259kd\u0259 ittiham olunan, h\u0259min universitetin o vaxtk\u0131 rektoru, Az\u0259rbaycan Milli Elml\u0259r Akademiyas\u0131n\u0131n \u0130qtisadiyyat \u0130nstitutunun icra\u00e7\u0131 direktoru M\u00fc\u015ffiq Ataki\u015fiyevl\u0259 ba\u011fl\u0131 m\u0259hk\u0259m\u0259 istintaq\u0131 yekunla\u015f\u0131b.<\/p>\n\n\n\n<p>Mart\u0131n 13-d\u0259 Bak\u0131 A\u011f\u0131r Cinay\u0259tl\u0259r M\u0259hk\u0259m\u0259sind\u0259 bu bar\u0259d\u0259 q\u0259rar \u00e7\u0131xar\u0131l\u0131b. N\u00f6vb\u0259ti m\u0259hk\u0259m\u0259 iclas\u0131nda prokuror M\u00fc\u015ffiq Ataki\u015fiyev v\u0259 prorektorun q\u0259tlind\u0259 t\u0259qsirl\u0259ndiril\u0259n daha iki n\u0259f\u0259r\u0259 c\u0259za ist\u0259y\u0259c\u0259k.<\/p>\n\n\n\n<p>M\u00fc\u015ffiq Ataki\u015fiyev bac\u0131s\u0131 o\u011flu, ke\u00e7mi\u015f polis zabiti D\u0259yan\u0259t Quliyev v\u0259 onun \u0130mi\u015flid\u0259 qon\u015fusu olmu\u015f taksi s\u00fcr\u00fcc\u00fcs\u00fc Samir Quliyevl\u0259 birlikd\u0259 m\u00fchakim\u0259 olunur. Cinay\u0259t M\u0259c\u0259ll\u0259sinin 120.2.5-ci (tamah m\u0259qs\u0259dil\u0259 q\u0259sd\u0259n adam \u00f6ld\u00fcrm\u0259) madd\u0259sil\u0259 ittiham olunan bu 3 n\u0259f\u0259rin i\u015fin\u0259 hakim Siyavu\u015f Hac\u0131yevin s\u0259drliyil\u0259 bax\u0131l\u0131r.<\/p>\n\n\n\n<p>Bu i\u015f \u00fczr\u0259 m\u0259hk\u0259m\u0259 prosesind\u0259 dindirm\u0259l\u0259r ba\u015fa \u00e7at\u0131b. Mart\u0131n 13-d\u0259 m\u0259hk\u0259m\u0259d\u0259 s\u0259n\u0259dl\u0259rin t\u0259dqiqi m\u0259rh\u0259l\u0259si ba\u015flay\u0131b, cinay\u0259t i\u015find\u0259 olan s\u0259n\u0259dl\u0259r elan olunub.<\/p>\n\n\n\n<p>T\u0259qsirl\u0259ndiril\u0259n \u015f\u0259xsl\u0259rd\u0259n Samir Quliyev v\u0259 D\u0259yan\u0259t Quliyevin istintaq d\u00f6vr\u00fcnd\u0259 verdikl\u0259ri ifad\u0259l\u0259r elan olunub.<\/p>\n\n\n\n<p>D\u0259yan\u0259t Quliyev istintaqdak\u0131 ifad\u0259sind\u0259 bildirib ki, m\u0259rhum prorektor Tariyel \u018fhm\u0259dova x\u0259sar\u0259t yetirm\u0259sini day\u0131s\u0131 M\u00fc\u015ffiq Ataki\u015fiyev ist\u0259yib. O is\u0259 bu i\u015fi \u00f6z\u00fc g\u00f6rm\u0259yib, \u0130mi\u015flid\u0259 u\u015faql\u0131q dostu v\u0259 qon\u015fusu olan Samir Quliyev\u0259 tap\u015f\u0131r\u0131b.<\/p>\n\n\n\n<p>D\u0259yan\u0259t Quliyev onu da bildirib ki, Samir Quliyev iki d\u0259f\u0259 narkotik\u0259 g\u00f6r\u0259 h\u0259bs olunub. Day\u0131s\u0131ndan 3 min manat al\u0131b, onu h\u0259bsd\u0259n azad etdirib.<\/p>\n\n\n\n<p>M\u00fc\u015ffiq Ataki\u015fiyevin \u00f6z\u00fcn\u00fcn d\u0259 istintaqdak\u0131 ifad\u0259si m\u0259hk\u0259m\u0259d\u0259 oxunub. O deyib ki, Tariyel \u018fhm\u0259dovu 1995-ci ild\u0259n tan\u0131y\u0131rd\u0131. Son vaxtlar onun rektor v\u0259zif\u0259sin\u0259 iddial\u0131 oldu\u011funu e\u015fitmi\u015fdi. Bu s\u0259b\u0259bd\u0259n bac\u0131s\u0131 o\u011flundan xahi\u015f edib ki, Tariyel \u018fhm\u0259dova x\u0259sar\u0259t yetirsin, prorektor x\u0259st\u0259xanaya d\u00fc\u015fs\u00fcn:<\/p>\n\n\n\n<p> <em>\u201cTap\u015f\u0131rd\u0131m ki, x\u0259st\u0259xanal\u0131q el\u0259sin, onun \u00f6lm\u0259yini ist\u0259mirdim. \u00c7\u00fcnki onunla aram\u0131zda konflikt vard\u0131. \u00d6l\u0259nd\u0259 ham\u0131 m\u0259nd\u0259n \u015f\u00fcbh\u0259l\u0259n\u0259c\u0259kdi\u201d.<\/em><\/p>\n\n\n\n<p>2011-ci ild\u0259 ba\u015f vermi\u015f q\u0259tlin \u00fcst\u00fc 12 il sonra \u2013 2023-c\u00fc ild\u0259 D\u0259yan\u0259t Quliyevin Daxili \u0130\u015fl\u0259r Nazirliyinin \u201c102\u201d xidm\u0259tin\u0259 z\u0259ng edib, cinay\u0259ti etiraf etm\u0259sil\u0259 a\u00e7\u0131l\u0131b. O, m\u0259lumat ver\u0259rk\u0259n cinay\u0259ti \u00f6z\u00fcn\u00fcn t\u00f6r\u0259tdiyini deyib.<\/p>\n\n\n\n<p>D\u0259yan\u0259t Quliyevin \u201c102\u201dy\u0259 z\u0259ng ed\u0259rk\u0259n dedikl\u0259rinin s\u0259s yaz\u0131s\u0131 da m\u0259hk\u0259m\u0259d\u0259 elan olunub. O, cinay\u0259ti t\u0259k t\u00f6r\u0259tdiyini s\u00f6yl\u0259yir.<\/p>\n\n\n\n<p>Elan edil\u0259n s\u0259n\u0259dl\u0259rd\u0259n o da m\u0259lum olub ki, D\u0259yan\u0259t Quliyev \u201c102\u201dd\u0259n \u0259vv\u0259l 21 d\u0259f\u0259 day\u0131s\u0131 M\u00fc\u015ffiq Ataki\u015fiyev\u0259 z\u0259ng edib.<\/p>\n\n\n\n<p>S\u0259n\u0259dl\u0259rin elan\u0131 ba\u015fa \u00e7atandan sonra Siyavu\u015f Hac\u0131yev, Ayt\u0259n \u018fliyeva v\u0259 V\u00fcqar Quliyevd\u0259n ibar\u0259t hakiml\u0259r kollegiyas\u0131 bu cinay\u0259t i\u015fi \u00fczr\u0259 m\u0259hk\u0259m\u0259 istintaq\u0131n\u0131n yekunla\u015fmas\u0131na q\u0259rar verib.<\/p>\n\n\n\n<p>Prokuror \u00e7\u0131x\u0131\u015fa haz\u0131rla\u015fmaq \u00fc\u00e7\u00fcn vaxt ist\u0259yib. M\u0259hk\u0259m\u0259 prosesi mart\u0131n 27-d\u0259 prokurorun \u00e7\u0131x\u0131\u015f\u0131yla davam ed\u0259c\u0259k.<\/p>\n\n\n\n<p>\u0130ttihama \u0259sas\u0259n, M\u00fc\u015ffiq Ataki\u015fiyev prorektorun onu n\u00fcfuzdan sald\u0131\u011f\u0131n\u0131, yerin\u0259 rektor v\u0259zif\u0259sin\u0259 ke\u00e7m\u0259k ist\u0259diyini d\u00fc\u015f\u00fcn\u0259r\u0259k, bac\u0131s\u0131 o\u011flu D\u0259yan\u0259t Quliyev\u0259 onu avtomobill\u0259 vurmaq v\u0259 ya ba\u015fqa bir yolla aradan g\u00f6t\u00fcrm\u0259k tap\u015f\u0131r\u0131\u011f\u0131 verib. Day\u0131s\u0131n\u0131n uzun ill\u0259r ona maddi v\u0259 m\u0259n\u0259vi d\u0259st\u0259yini n\u0259z\u0259r\u0259 alaraq, onun ist\u0259diyini yerin\u0259 yetirm\u0259k q\u0259rar\u0131n\u0131 verib. Lakin o, plandan k\u0259nara \u00e7\u0131xaraq, day\u0131s\u0131n\u0131n tap\u015f\u0131rd\u0131\u011f\u0131 i\u015fi h\u0259myerlisi v\u0259 dostu Samir Quliyev\u0259 40 min dollar m\u00fcqabilind\u0259 h\u0259val\u0259 el\u0259yib. Lakin ona bu i\u015fin sifari\u015f\u00e7isinin M\u00fc\u015ffiq Ataki\u015fiyev oldu\u011funu bildirm\u0259yib.<\/p>\n\n\n\n<p>D\u0259yan\u0259t Quliyev Samiri prorektorun ya\u015fad\u0131\u011f\u0131 evin yax\u0131nl\u0131\u011f\u0131nda idman el\u0259diyi meydan\u00e7aya apararaq, onu g\u00f6st\u0259rib. Samir Quliyev 10 g\u00fcn \u0259rzind\u0259 onu i\u015fl\u0259dikd\u0259n sonra 2011-ci il sentyabr\u0131n 16-da d\u0259mir boru par\u00e7as\u0131yla onu ba\u015f\u0131ndan vuraraq, q\u0259tl\u0259 yetitib.<\/p>\n\n\n\n<p>M\u00fc\u015ffiq Ataki\u015fiyev m\u0259hk\u0259m\u0259d\u0259 bildirib ki, \u00f6z\u00fcn\u00fc q\u0259sd\u0259n adam \u00f6ld\u00fcrm\u0259 ittiham\u0131yla t\u0259qsirli bilmir. Amma Cinay\u0259t M\u0259c\u0259ll\u0259sinin 126.1 (q\u0259sd\u0259n sa\u011flaml\u0131\u011fa a\u011f\u0131r x\u0259sar\u0259t yetirm\u0259) madd\u0259sil\u0259 \u00f6z\u00fcn\u00fc t\u0259qsirli say\u0131r. Onun s\u00f6zl\u0259rin\u0259 g\u00f6r\u0259, m\u0259rhum prorektoru 1-2 ayl\u0131q i\u015fd\u0259n uzaqla\u015fd\u0131rmaq \u00fc\u00e7\u00fcn ona x\u0259sar\u0259t yetirilm\u0259sini ist\u0259yib, lakin onu \u00f6ld\u00fcrm\u0259k niyy\u0259ti q\u0259tiyy\u0259n olmay\u0131b.<\/p>\n\n\n\n<p>Dig\u0259r t\u0259qsirl\u0259ndiril\u0259n \u015f\u0259xsl\u0259r d\u0259 bu cinay\u0259ti pul m\u00fcqabilind\u0259 t\u00f6r\u0259tm\u0259dikl\u0259rini deyirl\u0259r. D\u0259yan\u0259t Quliyev bildirib ki, day\u0131s\u0131n\u0131n onun \u00fcz\u0259rind\u0259 z\u0259hm\u0259ti \u00e7ox olmu\u015fdu, bu s\u0259b\u0259bd\u0259n cinay\u0259ti t\u00f6r\u0259tm\u0259k q\u0259rar\u0131na g\u0259lib.<\/p>\n\n\n\n<p>Samir Quliyev is\u0259 deyir ki, D\u0259yan\u0259tl\u0259 uzun ill\u0259r dost idil\u0259r, onun xahi\u015fini yerin\u0259 yetirib.<br>D\u0259yan\u0259t Quliyev 2000-2020-ci ill\u0259rd\u0259 daxili i\u015fl\u0259r orqanlar\u0131nda, o c\u00fcml\u0259d\u0259n Bin\u0259q\u0259di rayonu, 7-ci polis b\u00f6lm\u0259sind\u0259 i\u015fl\u0259yib, polis mayoru olub.<\/p>\n\n\n\n<p>\u0130qtisad elml\u0259ri namiz\u0259di olan 1966-c\u0131 il t\u0259v\u0259ll\u00fcdl\u00fc M\u00fc\u015ffiq Ataki\u015fiyev Az\u0259rbaycan Neft v\u0259 Kimya \u0130nstitutunu (haz\u0131rda Az\u0259rbaycan D\u00f6vl\u0259t Neft v\u0259 S\u0259naye Universiteti) bitirib. 2005-ci ild\u0259 professor ad\u0131n\u0131 alan Ataki\u015fiyev 2008-2010-ci ill\u0259rd\u0259 Ali Attestasiya Komissiyas\u0131n\u0131n iqtisadiyyat \u00fczr\u0259 ekspert komissiyas\u0131n\u0131n s\u0259dri, eyni zamanda, 2000-2014-c\u00fc ill\u0259rd\u0259 Az\u0259rbaycan D\u00f6vl\u0259t Neft Akademiyas\u0131n\u0131n kafedra m\u00fcdiri olub. 2022-ci ild\u0259n is\u0259 \u0130qtisadiyyat \u0130nstitutunun icra\u00e7\u0131 direktoru idi.<\/p>\n\n\n\n<p>T\u0259f\u0259kk\u00fcr Universiteti 2017-ci ild\u0259 l\u0259\u011fv edilib.<\/p>\n","protected":false},"excerpt":{"rendered":"<p>Prorektorun q\u0259tlil\u0259 ba\u011fl\u0131 m\u0259hk\u0259m\u0259 istintaq\u0131 yekunla\u015fd\u0131, prokuror c\u0259za ist\u0259y\u0259c\u0259k 13 &#8230; <\/p>\n<p class=\"read-more-container\"><a title=\"Q\u0259tl\u0259 sifari\u015f verm\u0259kd\u0259 ittiham olunan sabiq rektor istintaqda n\u0259l\u0259r deyib?\" class=\"read-more button\" href=\"https:\/\/www.meydan.tv\/az\/article\/qetle-sifaris-vermekde-ittiham-olunan-sabiq-rektor-istintaqda-neler-deyib\/#more-301123\" aria-label=\"Read more about Q\u0259tl\u0259 sifari\u015f verm\u0259kd\u0259 ittiham olunan sabiq rektor istintaqda n\u0259l\u0259r deyib?\">Davam\u0131<\/a><\/p>\n","protected":false},"author":8,"featured_media":290523,"comment_status":"closed","ping_status":"closed","sticky":false,"template":"","format":"standard","meta":{"_acf_changed":false,"_sitemap_exclude":false,"_sitemap_priority":"","_sitemap_frequency":"","footnotes":""},"categories":[62,56],"tags":[],"class_list":["post-301123","post","type-post","status-publish","format-standard","has-post-thumbnail","hentry","category-sosial","category-xeberler","infinite-scroll-item","generate-columns","tablet-grid-50","mobile-grid-100","grid-parent","grid-33","no-featured-image-padding"],"acf":[],"yoast_head":"<!-- This site is optimized with the Yoast SEO plugin v27.5 - https:\/\/yoast.com\/product\/yoast-seo-wordpress\/ -->\n<title>Q\u0259tl\u0259 sifari\u015f verm\u0259kd\u0259 ittiham olunan sabiq rektor istintaqda n\u0259l\u0259r deyib? - MEYDAN.TV<\/title>\n<meta name=\"robots\" content=\"index, follow, max-snippet:-1, max-image-preview:large, max-video-preview:-1\" \/>\n<link rel=\"canonical\" href=\"https:\/\/www.meydan.tv\/az\/article\/qetle-sifaris-vermekde-ittiham-olunan-sabiq-rektor-istintaqda-neler-deyib\/\" \/>\n<meta property=\"og:locale\" content=\"az_AZ\" \/>\n<meta property=\"og:type\" content=\"article\" \/>\n<meta property=\"og:title\" content=\"Q\u0259tl\u0259 sifari\u015f verm\u0259kd\u0259 ittiham olunan sabiq rektor istintaqda n\u0259l\u0259r deyib? - MEYDAN.TV\" \/>\n<meta property=\"og:description\" content=\"Prorektorun q\u0259tlil\u0259 ba\u011fl\u0131 m\u0259hk\u0259m\u0259 istintaq\u0131 yekunla\u015fd\u0131, prokuror c\u0259za ist\u0259y\u0259c\u0259k 13 ... Davam\u0131\" \/>\n<meta property=\"og:url\" content=\"https:\/\/www.meydan.tv\/az\/article\/qetle-sifaris-vermekde-ittiham-olunan-sabiq-rektor-istintaqda-neler-deyib\/\" \/>\n<meta property=\"og:site_name\" content=\"MEYDAN.TV\" \/>\n<meta property=\"article:published_time\" content=\"2024-03-13T19:36:19+00:00\" \/>\n<meta property=\"article:modified_time\" content=\"2024-03-14T07:16:38+00:00\" \/>\n<meta property=\"og:image\" content=\"https:\/\/www.meydan.tv\/wp-content\/uploads\/copy-of-untitled-design-1-e1700126006966.jpg\" \/>\n\t<meta property=\"og:image:width\" content=\"1920\" \/>\n\t<meta property=\"og:image:height\" content=\"828\" \/>\n\t<meta property=\"og:image:type\" content=\"image\/jpeg\" \/>\n<meta name=\"author\" content=\"elli\" \/>\n<meta name=\"twitter:card\" content=\"summary_large_image\" \/>\n<meta name=\"twitter:creator\" content=\"@elli\" \/>\n<script type=\"application\/ld+json\" class=\"yoast-schema-graph\">{\"@context\":\"https:\\\/\\\/schema.org\",\"@graph\":[{\"@type\":\"Article\",\"@id\":\"https:\\\/\\\/www.meydan.tv\\\/az\\\/article\\\/qetle-sifaris-vermekde-ittiham-olunan-sabiq-rektor-istintaqda-neler-deyib\\\/#article\",\"isPartOf\":{\"@id\":\"https:\\\/\\\/www.meydan.tv\\\/az\\\/article\\\/qetle-sifaris-vermekde-ittiham-olunan-sabiq-rektor-istintaqda-neler-deyib\\\/\"},\"author\":{\"name\":\"elli\",\"@id\":\"https:\\\/\\\/www.meydan.tv\\\/az\\\/#\\\/schema\\\/person\\\/9cdbecf90d17180ce1dfbd95b08dcf47\"},\"headline\":\"Q\u0259tl\u0259 sifari\u015f verm\u0259kd\u0259 ittiham olunan sabiq rektor istintaqda n\u0259l\u0259r deyib?\",\"datePublished\":\"2024-03-13T19:36:19+00:00\",\"dateModified\":\"2024-03-14T07:16:38+00:00\",\"mainEntityOfPage\":{\"@id\":\"https:\\\/\\\/www.meydan.tv\\\/az\\\/article\\\/qetle-sifaris-vermekde-ittiham-olunan-sabiq-rektor-istintaqda-neler-deyib\\\/\"},\"wordCount\":1111,\"publisher\":{\"@id\":\"https:\\\/\\\/www.meydan.tv\\\/az\\\/#organization\"},\"image\":{\"@id\":\"https:\\\/\\\/www.meydan.tv\\\/az\\\/article\\\/qetle-sifaris-vermekde-ittiham-olunan-sabiq-rektor-istintaqda-neler-deyib\\\/#primaryimage\"},\"thumbnailUrl\":\"https:\\\/\\\/www.meydan.tv\\\/wp-content\\\/uploads\\\/copy-of-untitled-design-1-e1700126006966.jpg\",\"articleSection\":[\"Sosial\",\"X\u0259b\u0259rl\u0259r\"],\"inLanguage\":\"az\"},{\"@type\":\"WebPage\",\"@id\":\"https:\\\/\\\/www.meydan.tv\\\/az\\\/article\\\/qetle-sifaris-vermekde-ittiham-olunan-sabiq-rektor-istintaqda-neler-deyib\\\/\",\"url\":\"https:\\\/\\\/www.meydan.tv\\\/az\\\/article\\\/qetle-sifaris-vermekde-ittiham-olunan-sabiq-rektor-istintaqda-neler-deyib\\\/\",\"name\":\"Q\u0259tl\u0259 sifari\u015f verm\u0259kd\u0259 ittiham olunan sabiq rektor istintaqda n\u0259l\u0259r deyib? - MEYDAN.TV\",\"isPartOf\":{\"@id\":\"https:\\\/\\\/www.meydan.tv\\\/az\\\/#website\"},\"primaryImageOfPage\":{\"@id\":\"https:\\\/\\\/www.meydan.tv\\\/az\\\/article\\\/qetle-sifaris-vermekde-ittiham-olunan-sabiq-rektor-istintaqda-neler-deyib\\\/#primaryimage\"},\"image\":{\"@id\":\"https:\\\/\\\/www.meydan.tv\\\/az\\\/article\\\/qetle-sifaris-vermekde-ittiham-olunan-sabiq-rektor-istintaqda-neler-deyib\\\/#primaryimage\"},\"thumbnailUrl\":\"https:\\\/\\\/www.meydan.tv\\\/wp-content\\\/uploads\\\/copy-of-untitled-design-1-e1700126006966.jpg\",\"datePublished\":\"2024-03-13T19:36:19+00:00\",\"dateModified\":\"2024-03-14T07:16:38+00:00\",\"breadcrumb\":{\"@id\":\"https:\\\/\\\/www.meydan.tv\\\/az\\\/article\\\/qetle-sifaris-vermekde-ittiham-olunan-sabiq-rektor-istintaqda-neler-deyib\\\/#breadcrumb\"},\"inLanguage\":\"az\",\"potentialAction\":[{\"@type\":\"ReadAction\",\"target\":[\"https:\\\/\\\/www.meydan.tv\\\/az\\\/article\\\/qetle-sifaris-vermekde-ittiham-olunan-sabiq-rektor-istintaqda-neler-deyib\\\/\"]}]},{\"@type\":\"ImageObject\",\"inLanguage\":\"az\",\"@id\":\"https:\\\/\\\/www.meydan.tv\\\/az\\\/article\\\/qetle-sifaris-vermekde-ittiham-olunan-sabiq-rektor-istintaqda-neler-deyib\\\/#primaryimage\",\"url\":\"https:\\\/\\\/www.meydan.tv\\\/wp-content\\\/uploads\\\/copy-of-untitled-design-1-e1700126006966.jpg\",\"contentUrl\":\"https:\\\/\\\/www.meydan.tv\\\/wp-content\\\/uploads\\\/copy-of-untitled-design-1-e1700126006966.jpg\",\"width\":1920,\"height\":828,\"caption\":\"M\u00fc\u015fviq Ataki\u015fiyev v\u0259 Tariyel \u018fhm\u0259dov. Foto: Wiki\"},{\"@type\":\"BreadcrumbList\",\"@id\":\"https:\\\/\\\/www.meydan.tv\\\/az\\\/article\\\/qetle-sifaris-vermekde-ittiham-olunan-sabiq-rektor-istintaqda-neler-deyib\\\/#breadcrumb\",\"itemListElement\":[{\"@type\":\"ListItem\",\"position\":1,\"name\":\"Ana s\u0259hif\u0259\",\"item\":\"https:\\\/\\\/www.meydan.tv\\\/az\\\/\"},{\"@type\":\"ListItem\",\"position\":2,\"name\":\"Sosial\",\"item\":\"https:\\\/\\\/www.meydan.tv\\\/az\\\/section\\\/sosial\\\/\"},{\"@type\":\"ListItem\",\"position\":3,\"name\":\"Q\u0259tl\u0259 sifari\u015f verm\u0259kd\u0259 ittiham olunan sabiq rektor istintaqda n\u0259l\u0259r deyib?\"}]},{\"@type\":\"WebSite\",\"@id\":\"https:\\\/\\\/www.meydan.tv\\\/az\\\/#website\",\"url\":\"https:\\\/\\\/www.meydan.tv\\\/az\\\/\",\"name\":\"MEYDAN.TV\",\"description\":\"Meydan TV Az\u0259rbaycan\u0131n media m\u0259kan\u0131ndak\u0131 alternativ s\u0259sidir\",\"publisher\":{\"@id\":\"https:\\\/\\\/www.meydan.tv\\\/az\\\/#organization\"},\"potentialAction\":[{\"@type\":\"SearchAction\",\"target\":{\"@type\":\"EntryPoint\",\"urlTemplate\":\"https:\\\/\\\/www.meydan.tv\\\/az\\\/?s={search_term_string}\"},\"query-input\":{\"@type\":\"PropertyValueSpecification\",\"valueRequired\":true,\"valueName\":\"search_term_string\"}}],\"inLanguage\":\"az\"},{\"@type\":\"Organization\",\"@id\":\"https:\\\/\\\/www.meydan.tv\\\/az\\\/#organization\",\"name\":\"Meydan TV\",\"url\":\"https:\\\/\\\/www.meydan.tv\\\/az\\\/\",\"logo\":{\"@type\":\"ImageObject\",\"inLanguage\":\"az\",\"@id\":\"https:\\\/\\\/www.meydan.tv\\\/az\\\/#\\\/schema\\\/logo\\\/image\\\/\",\"url\":\"https:\\\/\\\/www.meydan.tv\\\/wp-content\\\/uploads\\\/2021\\\/07\\\/meydan-logo.svg\",\"contentUrl\":\"https:\\\/\\\/www.meydan.tv\\\/wp-content\\\/uploads\\\/2021\\\/07\\\/meydan-logo.svg\",\"width\":195,\"height\":46,\"caption\":\"Meydan TV\"},\"image\":{\"@id\":\"https:\\\/\\\/www.meydan.tv\\\/az\\\/#\\\/schema\\\/logo\\\/image\\\/\"}},{\"@type\":\"Person\",\"@id\":\"https:\\\/\\\/www.meydan.tv\\\/az\\\/#\\\/schema\\\/person\\\/9cdbecf90d17180ce1dfbd95b08dcf47\",\"name\":\"elli\",\"sameAs\":[\"https:\\\/\\\/x.com\\\/elli\"]}]}<\/script>\n<!-- \/ Yoast SEO plugin. -->","yoast_head_json":{"title":"Q\u0259tl\u0259 sifari\u015f verm\u0259kd\u0259 ittiham olunan sabiq rektor istintaqda n\u0259l\u0259r deyib? - MEYDAN.TV","robots":{"index":"index","follow":"follow","max-snippet":"max-snippet:-1","max-image-preview":"max-image-preview:large","max-video-preview":"max-video-preview:-1"},"canonical":"https:\/\/www.meydan.tv\/az\/article\/qetle-sifaris-vermekde-ittiham-olunan-sabiq-rektor-istintaqda-neler-deyib\/","og_locale":"az_AZ","og_type":"article","og_title":"Q\u0259tl\u0259 sifari\u015f verm\u0259kd\u0259 ittiham olunan sabiq rektor istintaqda n\u0259l\u0259r deyib? - MEYDAN.TV","og_description":"Prorektorun q\u0259tlil\u0259 ba\u011fl\u0131 m\u0259hk\u0259m\u0259 istintaq\u0131 yekunla\u015fd\u0131, prokuror c\u0259za ist\u0259y\u0259c\u0259k 13 ... Davam\u0131","og_url":"https:\/\/www.meydan.tv\/az\/article\/qetle-sifaris-vermekde-ittiham-olunan-sabiq-rektor-istintaqda-neler-deyib\/","og_site_name":"MEYDAN.TV","article_published_time":"2024-03-13T19:36:19+00:00","article_modified_time":"2024-03-14T07:16:38+00:00","og_image":[{"width":1920,"height":828,"url":"https:\/\/www.meydan.tv\/wp-content\/uploads\/copy-of-untitled-design-1-e1700126006966.jpg","type":"image\/jpeg"}],"author":"elli","twitter_card":"summary_large_image","twitter_creator":"@elli","schema":{"@context":"https:\/\/schema.org","@graph":[{"@type":"Article","@id":"https:\/\/www.meydan.tv\/az\/article\/qetle-sifaris-vermekde-ittiham-olunan-sabiq-rektor-istintaqda-neler-deyib\/#article","isPartOf":{"@id":"https:\/\/www.meydan.tv\/az\/article\/qetle-sifaris-vermekde-ittiham-olunan-sabiq-rektor-istintaqda-neler-deyib\/"},"author":{"name":"elli","@id":"https:\/\/www.meydan.tv\/az\/#\/schema\/person\/9cdbecf90d17180ce1dfbd95b08dcf47"},"headline":"Q\u0259tl\u0259 sifari\u015f verm\u0259kd\u0259 ittiham olunan sabiq rektor istintaqda n\u0259l\u0259r deyib?","datePublished":"2024-03-13T19:36:19+00:00","dateModified":"2024-03-14T07:16:38+00:00","mainEntityOfPage":{"@id":"https:\/\/www.meydan.tv\/az\/article\/qetle-sifaris-vermekde-ittiham-olunan-sabiq-rektor-istintaqda-neler-deyib\/"},"wordCount":1111,"publisher":{"@id":"https:\/\/www.meydan.tv\/az\/#organization"},"image":{"@id":"https:\/\/www.meydan.tv\/az\/article\/qetle-sifaris-vermekde-ittiham-olunan-sabiq-rektor-istintaqda-neler-deyib\/#primaryimage"},"thumbnailUrl":"https:\/\/www.meydan.tv\/wp-content\/uploads\/copy-of-untitled-design-1-e1700126006966.jpg","articleSection":["Sosial","X\u0259b\u0259rl\u0259r"],"inLanguage":"az"},{"@type":"WebPage","@id":"https:\/\/www.meydan.tv\/az\/article\/qetle-sifaris-vermekde-ittiham-olunan-sabiq-rektor-istintaqda-neler-deyib\/","url":"https:\/\/www.meydan.tv\/az\/article\/qetle-sifaris-vermekde-ittiham-olunan-sabiq-rektor-istintaqda-neler-deyib\/","name":"Q\u0259tl\u0259 sifari\u015f verm\u0259kd\u0259 ittiham olunan sabiq rektor istintaqda n\u0259l\u0259r deyib? - MEYDAN.TV","isPartOf":{"@id":"https:\/\/www.meydan.tv\/az\/#website"},"primaryImageOfPage":{"@id":"https:\/\/www.meydan.tv\/az\/article\/qetle-sifaris-vermekde-ittiham-olunan-sabiq-rektor-istintaqda-neler-deyib\/#primaryimage"},"image":{"@id":"https:\/\/www.meydan.tv\/az\/article\/qetle-sifaris-vermekde-ittiham-olunan-sabiq-rektor-istintaqda-neler-deyib\/#primaryimage"},"thumbnailUrl":"https:\/\/www.meydan.tv\/wp-content\/uploads\/copy-of-untitled-design-1-e1700126006966.jpg","datePublished":"2024-03-13T19:36:19+00:00","dateModified":"2024-03-14T07:16:38+00:00","breadcrumb":{"@id":"https:\/\/www.meydan.tv\/az\/article\/qetle-sifaris-vermekde-ittiham-olunan-sabiq-rektor-istintaqda-neler-deyib\/#breadcrumb"},"inLanguage":"az","potentialAction":[{"@type":"ReadAction","target":["https:\/\/www.meydan.tv\/az\/article\/qetle-sifaris-vermekde-ittiham-olunan-sabiq-rektor-istintaqda-neler-deyib\/"]}]},{"@type":"ImageObject","inLanguage":"az","@id":"https:\/\/www.meydan.tv\/az\/article\/qetle-sifaris-vermekde-ittiham-olunan-sabiq-rektor-istintaqda-neler-deyib\/#primaryimage","url":"https:\/\/www.meydan.tv\/wp-content\/uploads\/copy-of-untitled-design-1-e1700126006966.jpg","contentUrl":"https:\/\/www.meydan.tv\/wp-content\/uploads\/copy-of-untitled-design-1-e1700126006966.jpg","width":1920,"height":828,"caption":"M\u00fc\u015fviq Ataki\u015fiyev v\u0259 Tariyel \u018fhm\u0259dov. Foto: Wiki"},{"@type":"BreadcrumbList","@id":"https:\/\/www.meydan.tv\/az\/article\/qetle-sifaris-vermekde-ittiham-olunan-sabiq-rektor-istintaqda-neler-deyib\/#breadcrumb","itemListElement":[{"@type":"ListItem","position":1,"name":"Ana s\u0259hif\u0259","item":"https:\/\/www.meydan.tv\/az\/"},{"@type":"ListItem","position":2,"name":"Sosial","item":"https:\/\/www.meydan.tv\/az\/section\/sosial\/"},{"@type":"ListItem","position":3,"name":"Q\u0259tl\u0259 sifari\u015f verm\u0259kd\u0259 ittiham olunan sabiq rektor istintaqda n\u0259l\u0259r deyib?"}]},{"@type":"WebSite","@id":"https:\/\/www.meydan.tv\/az\/#website","url":"https:\/\/www.meydan.tv\/az\/","name":"MEYDAN.TV","description":"Meydan TV Az\u0259rbaycan\u0131n media m\u0259kan\u0131ndak\u0131 alternativ s\u0259sidir","publisher":{"@id":"https:\/\/www.meydan.tv\/az\/#organization"},"potentialAction":[{"@type":"SearchAction","target":{"@type":"EntryPoint","urlTemplate":"https:\/\/www.meydan.tv\/az\/?s={search_term_string}"},"query-input":{"@type":"PropertyValueSpecification","valueRequired":true,"valueName":"search_term_string"}}],"inLanguage":"az"},{"@type":"Organization","@id":"https:\/\/www.meydan.tv\/az\/#organization","name":"Meydan TV","url":"https:\/\/www.meydan.tv\/az\/","logo":{"@type":"ImageObject","inLanguage":"az","@id":"https:\/\/www.meydan.tv\/az\/#\/schema\/logo\/image\/","url":"https:\/\/www.meydan.tv\/wp-content\/uploads\/2021\/07\/meydan-logo.svg","contentUrl":"https:\/\/www.meydan.tv\/wp-content\/uploads\/2021\/07\/meydan-logo.svg","width":195,"height":46,"caption":"Meydan TV"},"image":{"@id":"https:\/\/www.meydan.tv\/az\/#\/schema\/logo\/image\/"}},{"@type":"Person","@id":"https:\/\/www.meydan.tv\/az\/#\/schema\/person\/9cdbecf90d17180ce1dfbd95b08dcf47","name":"elli","sameAs":["https:\/\/x.com\/elli"]}]}},"_links":{"self":[{"href":"https:\/\/www.meydan.tv\/az\/wp-json\/wp\/v2\/posts\/301123","targetHints":{"allow":["GET"]}}],"collection":[{"href":"https:\/\/www.meydan.tv\/az\/wp-json\/wp\/v2\/posts"}],"about":[{"href":"https:\/\/www.meydan.tv\/az\/wp-json\/wp\/v2\/types\/post"}],"author":[{"embeddable":true,"href":"https:\/\/www.meydan.tv\/az\/wp-json\/wp\/v2\/users\/8"}],"replies":[{"embeddable":true,"href":"https:\/\/www.meydan.tv\/az\/wp-json\/wp\/v2\/comments?post=301123"}],"version-history":[{"count":3,"href":"https:\/\/www.meydan.tv\/az\/wp-json\/wp\/v2\/posts\/301123\/revisions"}],"predecessor-version":[{"id":301127,"href":"https:\/\/www.meydan.tv\/az\/wp-json\/wp\/v2\/posts\/301123\/revisions\/301127"}],"wp:featuredmedia":[{"embeddable":true,"href":"https:\/\/www.meydan.tv\/az\/wp-json\/wp\/v2\/media\/290523"}],"wp:attachment":[{"href":"https:\/\/www.meydan.tv\/az\/wp-json\/wp\/v2\/media?parent=301123"}],"wp:term":[{"taxonomy":"category","embeddable":true,"href":"https:\/\/www.meydan.tv\/az\/wp-json\/wp\/v2\/categories?post=301123"},{"taxonomy":"post_tag","embeddable":true,"href":"https:\/\/www.meydan.tv\/az\/wp-json\/wp\/v2\/tags?post=301123"}],"curies":[{"name":"wp","href":"https:\/\/api.w.org\/{rel}","templated":true}]}}