{"id":301024,"date":"2024-03-12T20:22:54","date_gmt":"2024-03-12T16:22:54","guid":{"rendered":"https:\/\/www.meydan.tv\/?p=301024"},"modified":"2024-03-12T22:17:08","modified_gmt":"2024-03-12T18:17:08","slug":"rusiyaya-satisi-qadagan-edilen-avtomobillerin-azerbaycan-vasitesile-oturulduyu-bildirilir","status":"publish","type":"post","link":"https:\/\/www.meydan.tv\/az\/article\/rusiyaya-satisi-qadagan-edilen-avtomobillerin-azerbaycan-vasitesile-oturulduyu-bildirilir\/","title":{"rendered":"Rusiyaya sat\u0131\u015f\u0131 qada\u011fan edil\u0259n avtomobill\u0259rin Az\u0259rbaycan vasit\u0259sil\u0259 \u00f6t\u00fcr\u00fcld\u00fcy\u00fc bildirilir"},"content":{"rendered":"\n<figure class=\"wp-block-embed is-type-video is-provider-youtube wp-block-embed-youtube wp-embed-aspect-16-9 wp-has-aspect-ratio\"><div class=\"wp-block-embed__wrapper\">\n<iframe title=\"\u201cBahal\u0131 Britaniya avtomobill\u0259rini sanksiyal\u0131 Rusiyaya Az\u0259rbaycan \u00e7atd\u0131r\u0131r\u201d\" width=\"1200\" height=\"675\" data-src=\"https:\/\/www.youtube.com\/embed\/3Tvt9eg4f94?feature=oembed\" frameborder=\"0\" allow=\"accelerometer; autoplay; clipboard-write; encrypted-media; gyroscope; picture-in-picture; web-share\" allowfullscreen src=\"data:image\/svg+xml;base64,PHN2ZyB3aWR0aD0iMSIgaGVpZ2h0PSIxIiB4bWxucz0iaHR0cDovL3d3dy53My5vcmcvMjAwMC9zdmciPjwvc3ZnPg==\" class=\"lazyload\" data-load-mode=\"1\"><\/iframe>\n<\/div><\/figure>\n\n\n\n<p><strong><em>&#8220;Avtomobill\u0259r Britaniyadan Az\u0259rbaycana, Az\u0259rbaycandan is\u0259 Rusiyaya ixrac olunur&#8221;<\/em><\/strong><\/p>\n\n\n\n<p>Rusiyaya qar\u015f\u0131 Q\u0259rb sanksiyalar\u0131na baxmayaraq Britaniya istehsal\u0131 olan bahal\u0131 avtomobill\u0259r \u00fc\u00e7\u00fcnc\u00fc \u00f6lk\u0259l\u0259r vasit\u0259sil\u0259 Rusiyaya \u00e7atd\u0131r\u0131l\u0131r.<\/p>\n\n\n\n<p>Britaniyan\u0131n \u201cSkyNews\u201d telekanal\u0131n\u0131n sayt\u0131nda d\u0259rc olunmu\u015f x\u0259b\u0259rd\u0259 deyilir ki, Ukraynaya h\u0259rbi m\u00fcdaxil\u0259sind\u0259n v\u0259 sanksiyalar\u0131n t\u0259tbiqind\u0259n sonra Britaniya avtomobil istehsal\u00e7\u0131lar\u0131 art\u0131q Rusiyaya avtomobil <a href=\"https:\/\/news.sky.com\/story\/how-uk-made-cars-are-finding-their-way-to-russias-showrooms-13092809\">satm\u0131rlar.<\/a><\/p>\n\n\n\n<p>\u018fn az\u0131ndan iddia etdikl\u0259ri budur. \u0130kili istifad\u0259 sanksiyalar\u0131 adlanan rejim \u00e7\u0259r\u00e7iv\u0259sind\u0259 Rusiyaya idxal\u0131 qada\u011fan edil\u0259n \u0259\u015fyalar aras\u0131nda avtomobill\u0259r d\u0259 var.<\/p>\n\n\n\n<p>D\u0259y\u0259ri 42 min funt sterlinqd\u0259n yuxar\u0131 olan l\u00fcks avtomobill\u0259rin Rusiyaya sat\u0131\u015f\u0131na x\u00fcsusi qada\u011fa qoyulub.<\/p>\n\n\n\n<p>Bununla yana\u015f\u0131, postsovet m\u0259kan\u0131n\u0131n dig\u0259r \u00f6lk\u0259l\u0259rin\u0259 avtomobil ixrac\u0131 k\u0259skin \u015f\u0259kild\u0259 art\u0131b.<\/p>\n\n\n\n<p>Bu \u00f6lk\u0259l\u0259rd\u0259n biri d\u0259 Az\u0259rbaycand\u0131r.<\/p>\n\n\n\n<p>10 milyon \u0259halisi olan v\u0259 \u00fcmumi daxili m\u0259hsulu Qanan\u0131n \u00fcmumi daxili m\u0259hsuluna uy\u011fun g\u0259l\u0259n bir \u00f6lk\u0259 bir ne\u00e7\u0259 ilin i\u00e7ind\u0259 Avstriya, Portuqaliya v\u0259 \u0130sve\u00e7i qabaqlayaraq, d\u0259y\u0259r bax\u0131m\u0131ndan Britaniyan\u0131n 16-c\u0131 \u0259n b\u00f6y\u00fck avtomobil ixracat\u00e7\u0131s\u0131na \u00e7evrilib.<\/p>\n\n\n\n<p>Britaniyan\u0131n Vergi v\u0259 G\u00f6mr\u00fck R\u00fcsumlar\u0131 \u0130dar\u0259sinin (HMRC) r\u0259smi m\u0259lumatlar\u0131na g\u00f6r\u0259, bu \u00f6lk\u0259 2023-c\u00fc ild\u0259 Az\u0259rbaycana 273 milyon funt sterlinq d\u0259y\u0259rind\u0259 avtomobil ixrac edib ki, bu da Rusiyan\u0131n Ukraynaya t\u0259cav\u00fcz\u00fcnd\u0259n \u0259vv\u0259lki 5 illik d\u00f6vrl\u0259 m\u00fcqayis\u0259d\u0259 1860% art\u0131m dem\u0259kdir.<\/p>\n\n\n\n<p>Sat\u0131lan avtomobill\u0259rin say\u0131n\u0131 v\u0259 \u00fcmumi d\u0259y\u0259ri d\u0259 g\u00f6st\u0259r\u0259n HMRC m\u0259lumat bazas\u0131nda qeyd olunur ki, Az\u0259rbaycana ixrac edil\u0259n Britaniya avtomobill\u0259rinin orta d\u0259y\u0259ri 100 min funt sterlinqd\u0259n \u00e7ox olub.<\/p>\n\n\n\n<p>Bu, idxal\u0131n \u0259sas\u0259n v\u0259 ya ekskl\u00fcziv olaraq l\u00fcks avtomobill\u0259r oldu\u011funu g\u00f6st\u0259rir.<\/p>\n\n\n\n<p>Az\u0259rbaycana ixrac\u0131n art\u0131m\u0131 n\u0259inki g\u00f6r\u00fcnm\u0259mi\u015f, h\u0259m d\u0259 miqyas\u0131na g\u00f6r\u0259 sanksiyalardan \u0259vv\u0259lki iki ild\u0259 Rusiyaya illik avtomobil ixrac\u0131 il\u0259 m\u00fcqayis\u0259 edil\u0259 bil\u0259r ki, bu da orta hesabla 330 milyon funt-sterlinqdir.<\/p>\n\n\n\n<p>Britaniyan\u0131n HMRC statistikas\u0131na \u0259lav\u0259 olaraq \u201cSky News\u201d BMT-nin beyn\u0259lxalq ticar\u0259t m\u0259lumatlar\u0131n\u0131 t\u0259hlil edib.<\/p>\n\n\n\n<p>M\u0259lum olub ki, avtomobill\u0259rin Britaniyadan Az\u0259rbaycana, Az\u0259rbaycandan is\u0259 Rusiyaya ixrac\u0131 s\u0131\u00e7ray\u0131\u015fla art\u0131b.<\/p>\n\n\n\n<p>\u201cSky News\u201da veril\u0259n m\u0259lumatlara g\u00f6r\u0259, Britaniyadan Az\u0259rbaycana y\u00fckl\u0259rin da\u015f\u0131nmas\u0131 \u00fc\u00e7\u00fcn \u0259n \u00e7ox istifad\u0259 edil\u0259n liman \u201cBristol\u201d olub ki, bu liman daha \u0259vv\u0259l he\u00e7 vaxt bir il \u0259rzind\u0259 \u00f6lk\u0259y\u0259 bir ne\u00e7\u0259 milyon funt-sterlinq d\u0259y\u0259rind\u0259 mal ixrac etm\u0259yib.<\/p>\n\n\n\n<p>Ukraynada m\u00fcharib\u0259 ba\u015flyandan sonra iki il \u0259rzind\u0259 ixrac ild\u0259 100 milyon funt sterlinq\u0259 y\u00fcks\u0259lib.<\/p>\n\n\n\n<p>Britaniya avtomobil istehsal\u00e7\u0131lar\u0131 b\u00fct\u00fcn sanksiyalara \u0259m\u0259l etdikl\u0259rini t\u0259kid edil\u0259r.<\/p>\n\n\n\n<p>Lakin ekspertl\u0259r \u00fc\u00e7\u00fcnc\u00fc \u00f6lk\u0259l\u0259r vasit\u0259sil\u0259 Rusiyaya daxil olan mallar\u0131n ax\u0131n\u0131n\u0131 izl\u0259m\u0259yin faktiki olaraq m\u00fcmk\u00fcn olmad\u0131\u011f\u0131n\u0131 deyirl\u0259r.<\/p>\n\n\n\n<p>N\u0259\u015fr yaz\u0131r ki, Almaniya istehsal\u0131 avtomobill\u0259r Rusiyaya Q\u0131r\u011f\u0131z\u0131stan vasit\u0259sil\u0259 \u00e7atd\u0131r\u0131l\u0131r.<\/p>\n\n\n\n<p>Londondak\u0131 \u201cRoyal United Services \u0130nstitutu\u201dnun (RUSI) Maliyy\u0259 Cinay\u0259tl\u0259ri M\u0259rk\u0259zinin direktoru Tom Kitinq deyir ki, Az\u0259rbaycan, Erm\u0259nistan v\u0259 Rusiya aras\u0131nda s\u0131x iqtisadi ba\u011flar\u0131n olmas\u0131 a\u015fkard\u0131r v\u0259 bu s\u0259b\u0259bd\u0259n d\u0259 bu \u0259raziy\u0259 \u00e7atd\u0131r\u0131lan avtomobilin son m\u0259nzilini a\u015fkar etm\u0259k olmur:<\/p>\n\n\n\n<p>\u201c<em>Amma avtomobil ixrac\u0131na g\u0259ldikd\u0259 \u00f6z\u00fcn\u0259 bel\u0259 bir sual verm\u0259lis\u0259n: \u201cM\u0259n d\u00fc\u015f\u00fcnm\u00fcr\u0259m ki, bird\u0259n-bir\u0259 ortal\u0131\u011fa \u00e7\u0131xan bu ixracat\u00e7\u0131 100 avtomobil al\u0131rsa, onlar\u0131 \u00fc\u00e7\u00fcnc\u00fc bir \u00f6lk\u0259y\u0259 ixrac etm\u0259y\u0259c\u0259k. Yoxsa onun \u0259sl m\u0259qs\u0259di sanksiyalardan yan ke\u00e7ib Rusiyaya ma\u015f\u0131n satmaqd\u0131r?\u201d.<\/em><\/p>\n\n\n\n<p>Bug\u00fcnl\u0259rd\u0259 Litva k\u0259\u015ffiyyat xidm\u0259tl\u0259ri Rusiyaya qar\u015f\u0131 sanksiyalardan yay\u0131nma\u011fa k\u00f6m\u0259k ed\u0259n \u015firk\u0259tl\u0259r <a href=\"https:\/\/www.lrt.lt\/\">a\u015fkarlay\u0131blar.<\/a><\/p>\n\n\n\n<p>Bu \u015firk\u0259tl\u0259rin \u00e7oxu anbar, n\u0259qliyyat v\u0259 g\u00f6mr\u00fck xidm\u0259tl\u0259ri g\u00f6st\u0259rir. X\u00fcsusil\u0259, onlar Rusiyaya n\u0259qliyyat sektoru \u00fc\u00e7\u00fcn komponentl\u0259rin, metal emal\u0131 v\u0259 laboratoriya avadanl\u0131qlar\u0131n\u0131n, elektronika, mikroelektronika v\u0259 komponentl\u0259rin, el\u0259c\u0259 d\u0259 h\u0259rbi m\u0259hsullar\u0131n ixrac\u0131na k\u00f6m\u0259k edir.<\/p>\n\n\n\n<p>Finlandiyada is\u0259 Fransa v\u0259t\u0259nda\u015f\u0131 Qabriel Temini ixrac m\u0259hdudiyy\u0259tl\u0259rini pozdu\u011funa g\u00f6r\u0259 9 ayl\u0131q \u015f\u0259rti h\u0259bs c\u0259zas\u0131na m\u0259hkum edilib.<\/p>\n\n\n\n<p>Temin beyn\u0259lxalq da\u015f\u0131malar v\u0259 anbarlarla m\u0259\u015f\u011ful olan Finlandiyan\u0131n \u201cLuminor\u201d v\u0259 \u201cSiberica\u201d \u015firk\u0259tl\u0259rinin ba\u015f direktorudur.<\/p>\n\n\n\n<p>\u0130\u015f adam\u0131 2023-c\u00fc ilin sentyabr\u0131nda h\u0259bs edilib.<\/p>\n\n\n\n<p>\u0130ttiham t\u0259r\u0259finin fikrinc\u0259, onun \u015firk\u0259tl\u0259ri sanksiyalardan yay\u0131naraq Rusiyaya m\u00fcxt\u0259lif m\u0259hsullar <a href=\"https:\/\/meduza.io\/news\/2024\/03\/07\/v-finlyandii-vynesli-pervyy-prigovor-za-narushenie-sanktsiy-protiv-rf-biznesmenu-obvinyaemomu-v-eksporte-tysyach-dronov-dali-uslovnyy-srok\">g\u00f6nd\u0259rib.<\/a><\/p>\n\n\n\n<p>Rusiya 2022-cil fevral\u0131n 24-d\u0259 Ukraynaya qar\u015f\u0131 m\u00fcharib\u0259y\u0259 ba\u015flay\u0131b.<\/p>\n\n\n\n<p>Bundan sonra Avropa Birliyi \u00f6lk\u0259l\u0259ri, el\u0259c\u0259 d\u0259 AB\u015e Rusiyaya qar\u015f\u0131 sanksiyalar t\u0259tbiq edib.<\/p>\n","protected":false},"excerpt":{"rendered":"<p>&#8220;Avtomobill\u0259r Britaniyadan Az\u0259rbaycana, Az\u0259rbaycandan is\u0259 Rusiyaya ixrac olunur&#8221; Rusiyaya qar\u015f\u0131 &#8230; <\/p>\n<p class=\"read-more-container\"><a title=\"Rusiyaya sat\u0131\u015f\u0131 qada\u011fan edil\u0259n avtomobill\u0259rin Az\u0259rbaycan vasit\u0259sil\u0259 \u00f6t\u00fcr\u00fcld\u00fcy\u00fc bildirilir\" class=\"read-more button\" href=\"https:\/\/www.meydan.tv\/az\/article\/rusiyaya-satisi-qadagan-edilen-avtomobillerin-azerbaycan-vasitesile-oturulduyu-bildirilir\/#more-301024\" aria-label=\"Read more about Rusiyaya sat\u0131\u015f\u0131 qada\u011fan edil\u0259n avtomobill\u0259rin Az\u0259rbaycan vasit\u0259sil\u0259 \u00f6t\u00fcr\u00fcld\u00fcy\u00fc bildirilir\">Davam\u0131<\/a><\/p>\n","protected":false},"author":8,"featured_media":301033,"comment_status":"closed","ping_status":"closed","sticky":false,"template":"","format":"standard","meta":{"_acf_changed":false,"_sitemap_exclude":false,"_sitemap_priority":"","_sitemap_frequency":"","footnotes":""},"categories":[62,79,63,56],"tags":[],"class_list":["post-301024","post","type-post","status-publish","format-standard","has-post-thumbnail","hentry","category-sosial","category-featured","category-video-2","category-xeberler","infinite-scroll-item","generate-columns","tablet-grid-50","mobile-grid-100","grid-parent","grid-33","no-featured-image-padding"],"acf":[],"yoast_head":"<!-- This site is optimized with the Yoast SEO plugin v27.4 - https:\/\/yoast.com\/product\/yoast-seo-wordpress\/ -->\n<title>Rusiyaya sat\u0131\u015f\u0131 qada\u011fan edil\u0259n avtomobill\u0259rin Az\u0259rbaycan vasit\u0259sil\u0259 \u00f6t\u00fcr\u00fcld\u00fcy\u00fc bildirilir - MEYDAN.TV<\/title>\n<meta name=\"robots\" content=\"index, follow, max-snippet:-1, max-image-preview:large, max-video-preview:-1\" \/>\n<link rel=\"canonical\" href=\"https:\/\/www.meydan.tv\/az\/article\/rusiyaya-satisi-qadagan-edilen-avtomobillerin-azerbaycan-vasitesile-oturulduyu-bildirilir\/\" \/>\n<meta property=\"og:locale\" content=\"az_AZ\" \/>\n<meta property=\"og:type\" content=\"article\" \/>\n<meta property=\"og:title\" content=\"Rusiyaya sat\u0131\u015f\u0131 qada\u011fan edil\u0259n avtomobill\u0259rin Az\u0259rbaycan vasit\u0259sil\u0259 \u00f6t\u00fcr\u00fcld\u00fcy\u00fc bildirilir - MEYDAN.TV\" \/>\n<meta property=\"og:description\" content=\"&#8220;Avtomobill\u0259r Britaniyadan Az\u0259rbaycana, Az\u0259rbaycandan is\u0259 Rusiyaya ixrac olunur&#8221; Rusiyaya qar\u015f\u0131 ... Davam\u0131\" \/>\n<meta property=\"og:url\" content=\"https:\/\/www.meydan.tv\/az\/article\/rusiyaya-satisi-qadagan-edilen-avtomobillerin-azerbaycan-vasitesile-oturulduyu-bildirilir\/\" \/>\n<meta property=\"og:site_name\" content=\"MEYDAN.TV\" \/>\n<meta property=\"article:published_time\" content=\"2024-03-12T16:22:54+00:00\" \/>\n<meta property=\"article:modified_time\" content=\"2024-03-12T18:17:08+00:00\" \/>\n<meta property=\"og:image\" content=\"https:\/\/www.meydan.tv\/wp-content\/uploads\/35021799051_e751491c8f_c.jpg\" \/>\n\t<meta property=\"og:image:width\" content=\"800\" \/>\n\t<meta property=\"og:image:height\" content=\"640\" \/>\n\t<meta property=\"og:image:type\" content=\"image\/jpeg\" \/>\n<meta name=\"author\" content=\"elli\" \/>\n<meta name=\"twitter:card\" content=\"summary_large_image\" \/>\n<meta name=\"twitter:creator\" content=\"@elli\" \/>\n<script type=\"application\/ld+json\" class=\"yoast-schema-graph\">{\"@context\":\"https:\\\/\\\/schema.org\",\"@graph\":[{\"@type\":\"Article\",\"@id\":\"https:\\\/\\\/www.meydan.tv\\\/az\\\/article\\\/rusiyaya-satisi-qadagan-edilen-avtomobillerin-azerbaycan-vasitesile-oturulduyu-bildirilir\\\/#article\",\"isPartOf\":{\"@id\":\"https:\\\/\\\/www.meydan.tv\\\/az\\\/article\\\/rusiyaya-satisi-qadagan-edilen-avtomobillerin-azerbaycan-vasitesile-oturulduyu-bildirilir\\\/\"},\"author\":{\"name\":\"elli\",\"@id\":\"https:\\\/\\\/www.meydan.tv\\\/az\\\/#\\\/schema\\\/person\\\/9cdbecf90d17180ce1dfbd95b08dcf47\"},\"headline\":\"Rusiyaya sat\u0131\u015f\u0131 qada\u011fan edil\u0259n avtomobill\u0259rin Az\u0259rbaycan vasit\u0259sil\u0259 \u00f6t\u00fcr\u00fcld\u00fcy\u00fc bildirilir\",\"datePublished\":\"2024-03-12T16:22:54+00:00\",\"dateModified\":\"2024-03-12T18:17:08+00:00\",\"mainEntityOfPage\":{\"@id\":\"https:\\\/\\\/www.meydan.tv\\\/az\\\/article\\\/rusiyaya-satisi-qadagan-edilen-avtomobillerin-azerbaycan-vasitesile-oturulduyu-bildirilir\\\/\"},\"wordCount\":861,\"publisher\":{\"@id\":\"https:\\\/\\\/www.meydan.tv\\\/az\\\/#organization\"},\"image\":{\"@id\":\"https:\\\/\\\/www.meydan.tv\\\/az\\\/article\\\/rusiyaya-satisi-qadagan-edilen-avtomobillerin-azerbaycan-vasitesile-oturulduyu-bildirilir\\\/#primaryimage\"},\"thumbnailUrl\":\"https:\\\/\\\/www.meydan.tv\\\/wp-content\\\/uploads\\\/35021799051_e751491c8f_c.jpg\",\"articleSection\":[\"Sosial\",\"T\u00f6vsiy\u0259\",\"Video\",\"X\u0259b\u0259rl\u0259r\"],\"inLanguage\":\"az\"},{\"@type\":\"WebPage\",\"@id\":\"https:\\\/\\\/www.meydan.tv\\\/az\\\/article\\\/rusiyaya-satisi-qadagan-edilen-avtomobillerin-azerbaycan-vasitesile-oturulduyu-bildirilir\\\/\",\"url\":\"https:\\\/\\\/www.meydan.tv\\\/az\\\/article\\\/rusiyaya-satisi-qadagan-edilen-avtomobillerin-azerbaycan-vasitesile-oturulduyu-bildirilir\\\/\",\"name\":\"Rusiyaya sat\u0131\u015f\u0131 qada\u011fan edil\u0259n avtomobill\u0259rin Az\u0259rbaycan vasit\u0259sil\u0259 \u00f6t\u00fcr\u00fcld\u00fcy\u00fc bildirilir - MEYDAN.TV\",\"isPartOf\":{\"@id\":\"https:\\\/\\\/www.meydan.tv\\\/az\\\/#website\"},\"primaryImageOfPage\":{\"@id\":\"https:\\\/\\\/www.meydan.tv\\\/az\\\/article\\\/rusiyaya-satisi-qadagan-edilen-avtomobillerin-azerbaycan-vasitesile-oturulduyu-bildirilir\\\/#primaryimage\"},\"image\":{\"@id\":\"https:\\\/\\\/www.meydan.tv\\\/az\\\/article\\\/rusiyaya-satisi-qadagan-edilen-avtomobillerin-azerbaycan-vasitesile-oturulduyu-bildirilir\\\/#primaryimage\"},\"thumbnailUrl\":\"https:\\\/\\\/www.meydan.tv\\\/wp-content\\\/uploads\\\/35021799051_e751491c8f_c.jpg\",\"datePublished\":\"2024-03-12T16:22:54+00:00\",\"dateModified\":\"2024-03-12T18:17:08+00:00\",\"breadcrumb\":{\"@id\":\"https:\\\/\\\/www.meydan.tv\\\/az\\\/article\\\/rusiyaya-satisi-qadagan-edilen-avtomobillerin-azerbaycan-vasitesile-oturulduyu-bildirilir\\\/#breadcrumb\"},\"inLanguage\":\"az\",\"potentialAction\":[{\"@type\":\"ReadAction\",\"target\":[\"https:\\\/\\\/www.meydan.tv\\\/az\\\/article\\\/rusiyaya-satisi-qadagan-edilen-avtomobillerin-azerbaycan-vasitesile-oturulduyu-bildirilir\\\/\"]}]},{\"@type\":\"ImageObject\",\"inLanguage\":\"az\",\"@id\":\"https:\\\/\\\/www.meydan.tv\\\/az\\\/article\\\/rusiyaya-satisi-qadagan-edilen-avtomobillerin-azerbaycan-vasitesile-oturulduyu-bildirilir\\\/#primaryimage\",\"url\":\"https:\\\/\\\/www.meydan.tv\\\/wp-content\\\/uploads\\\/35021799051_e751491c8f_c.jpg\",\"contentUrl\":\"https:\\\/\\\/www.meydan.tv\\\/wp-content\\\/uploads\\\/35021799051_e751491c8f_c.jpg\",\"width\":800,\"height\":640},{\"@type\":\"BreadcrumbList\",\"@id\":\"https:\\\/\\\/www.meydan.tv\\\/az\\\/article\\\/rusiyaya-satisi-qadagan-edilen-avtomobillerin-azerbaycan-vasitesile-oturulduyu-bildirilir\\\/#breadcrumb\",\"itemListElement\":[{\"@type\":\"ListItem\",\"position\":1,\"name\":\"Ana s\u0259hif\u0259\",\"item\":\"https:\\\/\\\/www.meydan.tv\\\/az\\\/\"},{\"@type\":\"ListItem\",\"position\":2,\"name\":\"Sosial\",\"item\":\"https:\\\/\\\/www.meydan.tv\\\/az\\\/section\\\/sosial\\\/\"},{\"@type\":\"ListItem\",\"position\":3,\"name\":\"Rusiyaya sat\u0131\u015f\u0131 qada\u011fan edil\u0259n avtomobill\u0259rin Az\u0259rbaycan vasit\u0259sil\u0259 \u00f6t\u00fcr\u00fcld\u00fcy\u00fc bildirilir\"}]},{\"@type\":\"WebSite\",\"@id\":\"https:\\\/\\\/www.meydan.tv\\\/az\\\/#website\",\"url\":\"https:\\\/\\\/www.meydan.tv\\\/az\\\/\",\"name\":\"MEYDAN.TV\",\"description\":\"Meydan TV Az\u0259rbaycan\u0131n media m\u0259kan\u0131ndak\u0131 alternativ s\u0259sidir\",\"publisher\":{\"@id\":\"https:\\\/\\\/www.meydan.tv\\\/az\\\/#organization\"},\"potentialAction\":[{\"@type\":\"SearchAction\",\"target\":{\"@type\":\"EntryPoint\",\"urlTemplate\":\"https:\\\/\\\/www.meydan.tv\\\/az\\\/?s={search_term_string}\"},\"query-input\":{\"@type\":\"PropertyValueSpecification\",\"valueRequired\":true,\"valueName\":\"search_term_string\"}}],\"inLanguage\":\"az\"},{\"@type\":\"Organization\",\"@id\":\"https:\\\/\\\/www.meydan.tv\\\/az\\\/#organization\",\"name\":\"Meydan TV\",\"url\":\"https:\\\/\\\/www.meydan.tv\\\/az\\\/\",\"logo\":{\"@type\":\"ImageObject\",\"inLanguage\":\"az\",\"@id\":\"https:\\\/\\\/www.meydan.tv\\\/az\\\/#\\\/schema\\\/logo\\\/image\\\/\",\"url\":\"https:\\\/\\\/www.meydan.tv\\\/wp-content\\\/uploads\\\/2021\\\/07\\\/meydan-logo.svg\",\"contentUrl\":\"https:\\\/\\\/www.meydan.tv\\\/wp-content\\\/uploads\\\/2021\\\/07\\\/meydan-logo.svg\",\"width\":195,\"height\":46,\"caption\":\"Meydan TV\"},\"image\":{\"@id\":\"https:\\\/\\\/www.meydan.tv\\\/az\\\/#\\\/schema\\\/logo\\\/image\\\/\"}},{\"@type\":\"Person\",\"@id\":\"https:\\\/\\\/www.meydan.tv\\\/az\\\/#\\\/schema\\\/person\\\/9cdbecf90d17180ce1dfbd95b08dcf47\",\"name\":\"elli\",\"sameAs\":[\"https:\\\/\\\/x.com\\\/elli\"]}]}<\/script>\n<!-- \/ Yoast SEO plugin. -->","yoast_head_json":{"title":"Rusiyaya sat\u0131\u015f\u0131 qada\u011fan edil\u0259n avtomobill\u0259rin Az\u0259rbaycan vasit\u0259sil\u0259 \u00f6t\u00fcr\u00fcld\u00fcy\u00fc bildirilir - MEYDAN.TV","robots":{"index":"index","follow":"follow","max-snippet":"max-snippet:-1","max-image-preview":"max-image-preview:large","max-video-preview":"max-video-preview:-1"},"canonical":"https:\/\/www.meydan.tv\/az\/article\/rusiyaya-satisi-qadagan-edilen-avtomobillerin-azerbaycan-vasitesile-oturulduyu-bildirilir\/","og_locale":"az_AZ","og_type":"article","og_title":"Rusiyaya sat\u0131\u015f\u0131 qada\u011fan edil\u0259n avtomobill\u0259rin Az\u0259rbaycan vasit\u0259sil\u0259 \u00f6t\u00fcr\u00fcld\u00fcy\u00fc bildirilir - MEYDAN.TV","og_description":"&#8220;Avtomobill\u0259r Britaniyadan Az\u0259rbaycana, Az\u0259rbaycandan is\u0259 Rusiyaya ixrac olunur&#8221; Rusiyaya qar\u015f\u0131 ... Davam\u0131","og_url":"https:\/\/www.meydan.tv\/az\/article\/rusiyaya-satisi-qadagan-edilen-avtomobillerin-azerbaycan-vasitesile-oturulduyu-bildirilir\/","og_site_name":"MEYDAN.TV","article_published_time":"2024-03-12T16:22:54+00:00","article_modified_time":"2024-03-12T18:17:08+00:00","og_image":[{"width":800,"height":640,"url":"https:\/\/www.meydan.tv\/wp-content\/uploads\/35021799051_e751491c8f_c.jpg","type":"image\/jpeg"}],"author":"elli","twitter_card":"summary_large_image","twitter_creator":"@elli","schema":{"@context":"https:\/\/schema.org","@graph":[{"@type":"Article","@id":"https:\/\/www.meydan.tv\/az\/article\/rusiyaya-satisi-qadagan-edilen-avtomobillerin-azerbaycan-vasitesile-oturulduyu-bildirilir\/#article","isPartOf":{"@id":"https:\/\/www.meydan.tv\/az\/article\/rusiyaya-satisi-qadagan-edilen-avtomobillerin-azerbaycan-vasitesile-oturulduyu-bildirilir\/"},"author":{"name":"elli","@id":"https:\/\/www.meydan.tv\/az\/#\/schema\/person\/9cdbecf90d17180ce1dfbd95b08dcf47"},"headline":"Rusiyaya sat\u0131\u015f\u0131 qada\u011fan edil\u0259n avtomobill\u0259rin Az\u0259rbaycan vasit\u0259sil\u0259 \u00f6t\u00fcr\u00fcld\u00fcy\u00fc bildirilir","datePublished":"2024-03-12T16:22:54+00:00","dateModified":"2024-03-12T18:17:08+00:00","mainEntityOfPage":{"@id":"https:\/\/www.meydan.tv\/az\/article\/rusiyaya-satisi-qadagan-edilen-avtomobillerin-azerbaycan-vasitesile-oturulduyu-bildirilir\/"},"wordCount":861,"publisher":{"@id":"https:\/\/www.meydan.tv\/az\/#organization"},"image":{"@id":"https:\/\/www.meydan.tv\/az\/article\/rusiyaya-satisi-qadagan-edilen-avtomobillerin-azerbaycan-vasitesile-oturulduyu-bildirilir\/#primaryimage"},"thumbnailUrl":"https:\/\/www.meydan.tv\/wp-content\/uploads\/35021799051_e751491c8f_c.jpg","articleSection":["Sosial","T\u00f6vsiy\u0259","Video","X\u0259b\u0259rl\u0259r"],"inLanguage":"az"},{"@type":"WebPage","@id":"https:\/\/www.meydan.tv\/az\/article\/rusiyaya-satisi-qadagan-edilen-avtomobillerin-azerbaycan-vasitesile-oturulduyu-bildirilir\/","url":"https:\/\/www.meydan.tv\/az\/article\/rusiyaya-satisi-qadagan-edilen-avtomobillerin-azerbaycan-vasitesile-oturulduyu-bildirilir\/","name":"Rusiyaya sat\u0131\u015f\u0131 qada\u011fan edil\u0259n avtomobill\u0259rin Az\u0259rbaycan vasit\u0259sil\u0259 \u00f6t\u00fcr\u00fcld\u00fcy\u00fc bildirilir - MEYDAN.TV","isPartOf":{"@id":"https:\/\/www.meydan.tv\/az\/#website"},"primaryImageOfPage":{"@id":"https:\/\/www.meydan.tv\/az\/article\/rusiyaya-satisi-qadagan-edilen-avtomobillerin-azerbaycan-vasitesile-oturulduyu-bildirilir\/#primaryimage"},"image":{"@id":"https:\/\/www.meydan.tv\/az\/article\/rusiyaya-satisi-qadagan-edilen-avtomobillerin-azerbaycan-vasitesile-oturulduyu-bildirilir\/#primaryimage"},"thumbnailUrl":"https:\/\/www.meydan.tv\/wp-content\/uploads\/35021799051_e751491c8f_c.jpg","datePublished":"2024-03-12T16:22:54+00:00","dateModified":"2024-03-12T18:17:08+00:00","breadcrumb":{"@id":"https:\/\/www.meydan.tv\/az\/article\/rusiyaya-satisi-qadagan-edilen-avtomobillerin-azerbaycan-vasitesile-oturulduyu-bildirilir\/#breadcrumb"},"inLanguage":"az","potentialAction":[{"@type":"ReadAction","target":["https:\/\/www.meydan.tv\/az\/article\/rusiyaya-satisi-qadagan-edilen-avtomobillerin-azerbaycan-vasitesile-oturulduyu-bildirilir\/"]}]},{"@type":"ImageObject","inLanguage":"az","@id":"https:\/\/www.meydan.tv\/az\/article\/rusiyaya-satisi-qadagan-edilen-avtomobillerin-azerbaycan-vasitesile-oturulduyu-bildirilir\/#primaryimage","url":"https:\/\/www.meydan.tv\/wp-content\/uploads\/35021799051_e751491c8f_c.jpg","contentUrl":"https:\/\/www.meydan.tv\/wp-content\/uploads\/35021799051_e751491c8f_c.jpg","width":800,"height":640},{"@type":"BreadcrumbList","@id":"https:\/\/www.meydan.tv\/az\/article\/rusiyaya-satisi-qadagan-edilen-avtomobillerin-azerbaycan-vasitesile-oturulduyu-bildirilir\/#breadcrumb","itemListElement":[{"@type":"ListItem","position":1,"name":"Ana s\u0259hif\u0259","item":"https:\/\/www.meydan.tv\/az\/"},{"@type":"ListItem","position":2,"name":"Sosial","item":"https:\/\/www.meydan.tv\/az\/section\/sosial\/"},{"@type":"ListItem","position":3,"name":"Rusiyaya sat\u0131\u015f\u0131 qada\u011fan edil\u0259n avtomobill\u0259rin Az\u0259rbaycan vasit\u0259sil\u0259 \u00f6t\u00fcr\u00fcld\u00fcy\u00fc bildirilir"}]},{"@type":"WebSite","@id":"https:\/\/www.meydan.tv\/az\/#website","url":"https:\/\/www.meydan.tv\/az\/","name":"MEYDAN.TV","description":"Meydan TV Az\u0259rbaycan\u0131n media m\u0259kan\u0131ndak\u0131 alternativ s\u0259sidir","publisher":{"@id":"https:\/\/www.meydan.tv\/az\/#organization"},"potentialAction":[{"@type":"SearchAction","target":{"@type":"EntryPoint","urlTemplate":"https:\/\/www.meydan.tv\/az\/?s={search_term_string}"},"query-input":{"@type":"PropertyValueSpecification","valueRequired":true,"valueName":"search_term_string"}}],"inLanguage":"az"},{"@type":"Organization","@id":"https:\/\/www.meydan.tv\/az\/#organization","name":"Meydan TV","url":"https:\/\/www.meydan.tv\/az\/","logo":{"@type":"ImageObject","inLanguage":"az","@id":"https:\/\/www.meydan.tv\/az\/#\/schema\/logo\/image\/","url":"https:\/\/www.meydan.tv\/wp-content\/uploads\/2021\/07\/meydan-logo.svg","contentUrl":"https:\/\/www.meydan.tv\/wp-content\/uploads\/2021\/07\/meydan-logo.svg","width":195,"height":46,"caption":"Meydan TV"},"image":{"@id":"https:\/\/www.meydan.tv\/az\/#\/schema\/logo\/image\/"}},{"@type":"Person","@id":"https:\/\/www.meydan.tv\/az\/#\/schema\/person\/9cdbecf90d17180ce1dfbd95b08dcf47","name":"elli","sameAs":["https:\/\/x.com\/elli"]}]}},"_links":{"self":[{"href":"https:\/\/www.meydan.tv\/az\/wp-json\/wp\/v2\/posts\/301024","targetHints":{"allow":["GET"]}}],"collection":[{"href":"https:\/\/www.meydan.tv\/az\/wp-json\/wp\/v2\/posts"}],"about":[{"href":"https:\/\/www.meydan.tv\/az\/wp-json\/wp\/v2\/types\/post"}],"author":[{"embeddable":true,"href":"https:\/\/www.meydan.tv\/az\/wp-json\/wp\/v2\/users\/8"}],"replies":[{"embeddable":true,"href":"https:\/\/www.meydan.tv\/az\/wp-json\/wp\/v2\/comments?post=301024"}],"version-history":[{"count":2,"href":"https:\/\/www.meydan.tv\/az\/wp-json\/wp\/v2\/posts\/301024\/revisions"}],"predecessor-version":[{"id":301030,"href":"https:\/\/www.meydan.tv\/az\/wp-json\/wp\/v2\/posts\/301024\/revisions\/301030"}],"wp:featuredmedia":[{"embeddable":true,"href":"https:\/\/www.meydan.tv\/az\/wp-json\/wp\/v2\/media\/301033"}],"wp:attachment":[{"href":"https:\/\/www.meydan.tv\/az\/wp-json\/wp\/v2\/media?parent=301024"}],"wp:term":[{"taxonomy":"category","embeddable":true,"href":"https:\/\/www.meydan.tv\/az\/wp-json\/wp\/v2\/categories?post=301024"},{"taxonomy":"post_tag","embeddable":true,"href":"https:\/\/www.meydan.tv\/az\/wp-json\/wp\/v2\/tags?post=301024"}],"curies":[{"name":"wp","href":"https:\/\/api.w.org\/{rel}","templated":true}]}}