{"id":300886,"date":"2024-03-11T14:55:23","date_gmt":"2024-03-11T10:55:23","guid":{"rendered":"https:\/\/www.meydan.tv\/?p=300886"},"modified":"2024-03-11T14:55:27","modified_gmt":"2024-03-11T10:55:27","slug":"serhedler-daha-3-ay-bagli-qalacaq","status":"publish","type":"post","link":"https:\/\/www.meydan.tv\/az\/article\/serhedler-daha-3-ay-bagli-qalacaq\/","title":{"rendered":"S\u0259rh\u0259dl\u0259r daha 3 ay ba\u011fl\u0131 qalacaq"},"content":{"rendered":"\n<p><\/p>\n\n\n\n<p><strong><em>Ba\u015f nazir karantin rejiminin uzad\u0131lmas\u0131na q\u0259rar verdi<\/em><\/strong><\/p>\n\n\n\n<p>Az\u0259rbaycan \u0259razisind\u0259 x\u00fcsusi karantin rejiminin m\u00fcdd\u0259ti n\u00f6vb\u0259ti d\u0259f\u0259 uzad\u0131l\u0131b. S\u0259rh\u0259dl\u0259r daha \u00fc\u00e7 ay, iyulun 1-d\u0259k ba\u011fl\u0131 qal\u0131b.<\/p>\n\n\n\n<p>Ba\u015f nazir \u018fli \u018fs\u0259dov bununla ba\u011fl\u0131 mart\u0131n 11-d\u0259 <a href=\"https:\/\/nk.gov.az\/az\/senedler\/qerarlar\/azerbaycan-respublikasinin-erazisinde-xususi-karan-7886\">q\u0259rar <\/a>imzalay\u0131b.<\/p>\n\n\n\n<p>\u00d6nc\u0259ki q\u0259rarla x\u00fcsusi karantin rejiminin m\u00fcdd\u0259ti aprelin 2-d\u0259k uzad\u0131lm\u0131\u015fd\u0131.<\/p>\n\n\n\n<p>Koronavirus pandemiyas\u0131 d\u00fcnyada 2019-cu ilin sonundan yay\u0131lma\u011fa ba\u015flay\u0131b. Az\u0259rbaycanda x\u00fcsusi karantin rejimi 2020-ci il mart\u0131n \u0259vv\u0259lind\u0259n elan edilib v\u0259 h\u0259min vaxtdan quru s\u0259rh\u0259dl\u0259r qapad\u0131l\u0131b. Sonradan d\u0259f\u0259l\u0259rl\u0259 karantin rejiminin vaxt\u0131 uzad\u0131l\u0131b.<\/p>\n\n\n\n<p>\u00dcmumd\u00fcnya S\u0259hiyy\u0259 T\u0259\u015fkilat\u0131 (\u00dcST) 2023-c\u00fc il may\u0131n 5-d\u0259 pandemiyan\u0131n ba\u015fa \u00e7atd\u0131\u011f\u0131n\u0131 elan edib. Az\u0259rbaycanda da bu virusa yoluxma say\u0131nda k\u0259skin azalma var, lakin karantin rejimi sonlanm\u0131r.<\/p>\n\n\n\n<p>M\u00fcst\u0259qil ekspertl\u0259r, m\u00fcxalif\u0259t partiyalar\u0131, t\u0259nqid\u00e7il\u0259r bunun COV\u0130D-l\u0259 ba\u011fl\u0131 olmad\u0131\u011f\u0131n\u0131, alt\u0131nda ba\u015fqa m\u0259qs\u0259dl\u0259r oldu\u011funu s\u00f6yl\u0259yirl\u0259r.<\/p>\n\n\n\n<p>\u00d6lk\u0259 r\u0259hb\u0259rliyi is\u0259 bununla ba\u011fl\u0131 h\u0259r hans\u0131 tutarl\u0131 a\u00e7\u0131qlama verm\u0259yib.<\/p>\n","protected":false},"excerpt":{"rendered":"<p>Ba\u015f nazir karantin rejiminin uzad\u0131lmas\u0131na q\u0259rar verdi Az\u0259rbaycan \u0259razisind\u0259 x\u00fcsusi &#8230; <\/p>\n<p class=\"read-more-container\"><a title=\"S\u0259rh\u0259dl\u0259r daha 3 ay ba\u011fl\u0131 qalacaq\" class=\"read-more button\" href=\"https:\/\/www.meydan.tv\/az\/article\/serhedler-daha-3-ay-bagli-qalacaq\/#more-300886\" aria-label=\"Read more about S\u0259rh\u0259dl\u0259r daha 3 ay ba\u011fl\u0131 qalacaq\">Davam\u0131<\/a><\/p>\n","protected":false},"author":21,"featured_media":298992,"comment_status":"closed","ping_status":"closed","sticky":false,"template":"","format":"standard","meta":{"_acf_changed":false,"_sitemap_exclude":false,"_sitemap_priority":"","_sitemap_frequency":"","footnotes":""},"categories":[62,79,56],"tags":[],"class_list":["post-300886","post","type-post","status-publish","format-standard","has-post-thumbnail","hentry","category-sosial","category-featured","category-xeberler","infinite-scroll-item","generate-columns","tablet-grid-50","mobile-grid-100","grid-parent","grid-33","no-featured-image-padding"],"acf":[],"yoast_head":"<!-- This site is optimized with the Yoast SEO plugin v27.5 - https:\/\/yoast.com\/product\/yoast-seo-wordpress\/ -->\n<title>S\u0259rh\u0259dl\u0259r daha 3 ay ba\u011fl\u0131 qalacaq - MEYDAN.TV<\/title>\n<meta name=\"robots\" content=\"index, follow, max-snippet:-1, max-image-preview:large, max-video-preview:-1\" \/>\n<link rel=\"canonical\" href=\"https:\/\/www.meydan.tv\/az\/article\/serhedler-daha-3-ay-bagli-qalacaq\/\" \/>\n<meta property=\"og:locale\" content=\"az_AZ\" \/>\n<meta property=\"og:type\" content=\"article\" \/>\n<meta property=\"og:title\" content=\"S\u0259rh\u0259dl\u0259r daha 3 ay ba\u011fl\u0131 qalacaq - MEYDAN.TV\" \/>\n<meta property=\"og:description\" content=\"Ba\u015f nazir karantin rejiminin uzad\u0131lmas\u0131na q\u0259rar verdi Az\u0259rbaycan \u0259razisind\u0259 x\u00fcsusi ... Davam\u0131\" \/>\n<meta property=\"og:url\" content=\"https:\/\/www.meydan.tv\/az\/article\/serhedler-daha-3-ay-bagli-qalacaq\/\" \/>\n<meta property=\"og:site_name\" content=\"MEYDAN.TV\" \/>\n<meta property=\"article:published_time\" content=\"2024-03-11T10:55:23+00:00\" \/>\n<meta property=\"article:modified_time\" content=\"2024-03-11T10:55:27+00:00\" \/>\n<meta property=\"og:image\" content=\"https:\/\/www.meydan.tv\/wp-content\/uploads\/shutterstock_320672735.jpg\" \/>\n\t<meta property=\"og:image:width\" content=\"1200\" \/>\n\t<meta property=\"og:image:height\" content=\"859\" \/>\n\t<meta property=\"og:image:type\" content=\"image\/jpeg\" \/>\n<meta name=\"author\" content=\"mahmud\" \/>\n<meta name=\"twitter:card\" content=\"summary_large_image\" \/>\n<script type=\"application\/ld+json\" class=\"yoast-schema-graph\">{\"@context\":\"https:\\\/\\\/schema.org\",\"@graph\":[{\"@type\":\"Article\",\"@id\":\"https:\\\/\\\/www.meydan.tv\\\/az\\\/article\\\/serhedler-daha-3-ay-bagli-qalacaq\\\/#article\",\"isPartOf\":{\"@id\":\"https:\\\/\\\/www.meydan.tv\\\/az\\\/article\\\/serhedler-daha-3-ay-bagli-qalacaq\\\/\"},\"author\":{\"name\":\"mahmud\",\"@id\":\"https:\\\/\\\/www.meydan.tv\\\/az\\\/#\\\/schema\\\/person\\\/09863e516102a829e72bedcf3f84c6b0\"},\"headline\":\"S\u0259rh\u0259dl\u0259r daha 3 ay ba\u011fl\u0131 qalacaq\",\"datePublished\":\"2024-03-11T10:55:23+00:00\",\"dateModified\":\"2024-03-11T10:55:27+00:00\",\"mainEntityOfPage\":{\"@id\":\"https:\\\/\\\/www.meydan.tv\\\/az\\\/article\\\/serhedler-daha-3-ay-bagli-qalacaq\\\/\"},\"wordCount\":220,\"publisher\":{\"@id\":\"https:\\\/\\\/www.meydan.tv\\\/az\\\/#organization\"},\"image\":{\"@id\":\"https:\\\/\\\/www.meydan.tv\\\/az\\\/article\\\/serhedler-daha-3-ay-bagli-qalacaq\\\/#primaryimage\"},\"thumbnailUrl\":\"https:\\\/\\\/www.meydan.tv\\\/wp-content\\\/uploads\\\/shutterstock_320672735.jpg\",\"articleSection\":[\"Sosial\",\"T\u00f6vsiy\u0259\",\"X\u0259b\u0259rl\u0259r\"],\"inLanguage\":\"az\"},{\"@type\":\"WebPage\",\"@id\":\"https:\\\/\\\/www.meydan.tv\\\/az\\\/article\\\/serhedler-daha-3-ay-bagli-qalacaq\\\/\",\"url\":\"https:\\\/\\\/www.meydan.tv\\\/az\\\/article\\\/serhedler-daha-3-ay-bagli-qalacaq\\\/\",\"name\":\"S\u0259rh\u0259dl\u0259r daha 3 ay ba\u011fl\u0131 qalacaq - MEYDAN.TV\",\"isPartOf\":{\"@id\":\"https:\\\/\\\/www.meydan.tv\\\/az\\\/#website\"},\"primaryImageOfPage\":{\"@id\":\"https:\\\/\\\/www.meydan.tv\\\/az\\\/article\\\/serhedler-daha-3-ay-bagli-qalacaq\\\/#primaryimage\"},\"image\":{\"@id\":\"https:\\\/\\\/www.meydan.tv\\\/az\\\/article\\\/serhedler-daha-3-ay-bagli-qalacaq\\\/#primaryimage\"},\"thumbnailUrl\":\"https:\\\/\\\/www.meydan.tv\\\/wp-content\\\/uploads\\\/shutterstock_320672735.jpg\",\"datePublished\":\"2024-03-11T10:55:23+00:00\",\"dateModified\":\"2024-03-11T10:55:27+00:00\",\"breadcrumb\":{\"@id\":\"https:\\\/\\\/www.meydan.tv\\\/az\\\/article\\\/serhedler-daha-3-ay-bagli-qalacaq\\\/#breadcrumb\"},\"inLanguage\":\"az\",\"potentialAction\":[{\"@type\":\"ReadAction\",\"target\":[\"https:\\\/\\\/www.meydan.tv\\\/az\\\/article\\\/serhedler-daha-3-ay-bagli-qalacaq\\\/\"]}]},{\"@type\":\"ImageObject\",\"inLanguage\":\"az\",\"@id\":\"https:\\\/\\\/www.meydan.tv\\\/az\\\/article\\\/serhedler-daha-3-ay-bagli-qalacaq\\\/#primaryimage\",\"url\":\"https:\\\/\\\/www.meydan.tv\\\/wp-content\\\/uploads\\\/shutterstock_320672735.jpg\",\"contentUrl\":\"https:\\\/\\\/www.meydan.tv\\\/wp-content\\\/uploads\\\/shutterstock_320672735.jpg\",\"width\":1200,\"height\":859,\"caption\":\"S\u0259rh\u0259d. Foto: Prazis Images\\\/shutterstock\"},{\"@type\":\"BreadcrumbList\",\"@id\":\"https:\\\/\\\/www.meydan.tv\\\/az\\\/article\\\/serhedler-daha-3-ay-bagli-qalacaq\\\/#breadcrumb\",\"itemListElement\":[{\"@type\":\"ListItem\",\"position\":1,\"name\":\"Ana s\u0259hif\u0259\",\"item\":\"https:\\\/\\\/www.meydan.tv\\\/az\\\/\"},{\"@type\":\"ListItem\",\"position\":2,\"name\":\"Sosial\",\"item\":\"https:\\\/\\\/www.meydan.tv\\\/az\\\/section\\\/sosial\\\/\"},{\"@type\":\"ListItem\",\"position\":3,\"name\":\"S\u0259rh\u0259dl\u0259r daha 3 ay ba\u011fl\u0131 qalacaq\"}]},{\"@type\":\"WebSite\",\"@id\":\"https:\\\/\\\/www.meydan.tv\\\/az\\\/#website\",\"url\":\"https:\\\/\\\/www.meydan.tv\\\/az\\\/\",\"name\":\"MEYDAN.TV\",\"description\":\"Meydan TV Az\u0259rbaycan\u0131n media m\u0259kan\u0131ndak\u0131 alternativ s\u0259sidir\",\"publisher\":{\"@id\":\"https:\\\/\\\/www.meydan.tv\\\/az\\\/#organization\"},\"potentialAction\":[{\"@type\":\"SearchAction\",\"target\":{\"@type\":\"EntryPoint\",\"urlTemplate\":\"https:\\\/\\\/www.meydan.tv\\\/az\\\/?s={search_term_string}\"},\"query-input\":{\"@type\":\"PropertyValueSpecification\",\"valueRequired\":true,\"valueName\":\"search_term_string\"}}],\"inLanguage\":\"az\"},{\"@type\":\"Organization\",\"@id\":\"https:\\\/\\\/www.meydan.tv\\\/az\\\/#organization\",\"name\":\"Meydan TV\",\"url\":\"https:\\\/\\\/www.meydan.tv\\\/az\\\/\",\"logo\":{\"@type\":\"ImageObject\",\"inLanguage\":\"az\",\"@id\":\"https:\\\/\\\/www.meydan.tv\\\/az\\\/#\\\/schema\\\/logo\\\/image\\\/\",\"url\":\"https:\\\/\\\/www.meydan.tv\\\/wp-content\\\/uploads\\\/2021\\\/07\\\/meydan-logo.svg\",\"contentUrl\":\"https:\\\/\\\/www.meydan.tv\\\/wp-content\\\/uploads\\\/2021\\\/07\\\/meydan-logo.svg\",\"width\":195,\"height\":46,\"caption\":\"Meydan TV\"},\"image\":{\"@id\":\"https:\\\/\\\/www.meydan.tv\\\/az\\\/#\\\/schema\\\/logo\\\/image\\\/\"}},{\"@type\":\"Person\",\"@id\":\"https:\\\/\\\/www.meydan.tv\\\/az\\\/#\\\/schema\\\/person\\\/09863e516102a829e72bedcf3f84c6b0\",\"name\":\"mahmud\"}]}<\/script>\n<!-- \/ Yoast SEO plugin. -->","yoast_head_json":{"title":"S\u0259rh\u0259dl\u0259r daha 3 ay ba\u011fl\u0131 qalacaq - MEYDAN.TV","robots":{"index":"index","follow":"follow","max-snippet":"max-snippet:-1","max-image-preview":"max-image-preview:large","max-video-preview":"max-video-preview:-1"},"canonical":"https:\/\/www.meydan.tv\/az\/article\/serhedler-daha-3-ay-bagli-qalacaq\/","og_locale":"az_AZ","og_type":"article","og_title":"S\u0259rh\u0259dl\u0259r daha 3 ay ba\u011fl\u0131 qalacaq - MEYDAN.TV","og_description":"Ba\u015f nazir karantin rejiminin uzad\u0131lmas\u0131na q\u0259rar verdi Az\u0259rbaycan \u0259razisind\u0259 x\u00fcsusi ... Davam\u0131","og_url":"https:\/\/www.meydan.tv\/az\/article\/serhedler-daha-3-ay-bagli-qalacaq\/","og_site_name":"MEYDAN.TV","article_published_time":"2024-03-11T10:55:23+00:00","article_modified_time":"2024-03-11T10:55:27+00:00","og_image":[{"width":1200,"height":859,"url":"https:\/\/www.meydan.tv\/wp-content\/uploads\/shutterstock_320672735.jpg","type":"image\/jpeg"}],"author":"mahmud","twitter_card":"summary_large_image","schema":{"@context":"https:\/\/schema.org","@graph":[{"@type":"Article","@id":"https:\/\/www.meydan.tv\/az\/article\/serhedler-daha-3-ay-bagli-qalacaq\/#article","isPartOf":{"@id":"https:\/\/www.meydan.tv\/az\/article\/serhedler-daha-3-ay-bagli-qalacaq\/"},"author":{"name":"mahmud","@id":"https:\/\/www.meydan.tv\/az\/#\/schema\/person\/09863e516102a829e72bedcf3f84c6b0"},"headline":"S\u0259rh\u0259dl\u0259r daha 3 ay ba\u011fl\u0131 qalacaq","datePublished":"2024-03-11T10:55:23+00:00","dateModified":"2024-03-11T10:55:27+00:00","mainEntityOfPage":{"@id":"https:\/\/www.meydan.tv\/az\/article\/serhedler-daha-3-ay-bagli-qalacaq\/"},"wordCount":220,"publisher":{"@id":"https:\/\/www.meydan.tv\/az\/#organization"},"image":{"@id":"https:\/\/www.meydan.tv\/az\/article\/serhedler-daha-3-ay-bagli-qalacaq\/#primaryimage"},"thumbnailUrl":"https:\/\/www.meydan.tv\/wp-content\/uploads\/shutterstock_320672735.jpg","articleSection":["Sosial","T\u00f6vsiy\u0259","X\u0259b\u0259rl\u0259r"],"inLanguage":"az"},{"@type":"WebPage","@id":"https:\/\/www.meydan.tv\/az\/article\/serhedler-daha-3-ay-bagli-qalacaq\/","url":"https:\/\/www.meydan.tv\/az\/article\/serhedler-daha-3-ay-bagli-qalacaq\/","name":"S\u0259rh\u0259dl\u0259r daha 3 ay ba\u011fl\u0131 qalacaq - MEYDAN.TV","isPartOf":{"@id":"https:\/\/www.meydan.tv\/az\/#website"},"primaryImageOfPage":{"@id":"https:\/\/www.meydan.tv\/az\/article\/serhedler-daha-3-ay-bagli-qalacaq\/#primaryimage"},"image":{"@id":"https:\/\/www.meydan.tv\/az\/article\/serhedler-daha-3-ay-bagli-qalacaq\/#primaryimage"},"thumbnailUrl":"https:\/\/www.meydan.tv\/wp-content\/uploads\/shutterstock_320672735.jpg","datePublished":"2024-03-11T10:55:23+00:00","dateModified":"2024-03-11T10:55:27+00:00","breadcrumb":{"@id":"https:\/\/www.meydan.tv\/az\/article\/serhedler-daha-3-ay-bagli-qalacaq\/#breadcrumb"},"inLanguage":"az","potentialAction":[{"@type":"ReadAction","target":["https:\/\/www.meydan.tv\/az\/article\/serhedler-daha-3-ay-bagli-qalacaq\/"]}]},{"@type":"ImageObject","inLanguage":"az","@id":"https:\/\/www.meydan.tv\/az\/article\/serhedler-daha-3-ay-bagli-qalacaq\/#primaryimage","url":"https:\/\/www.meydan.tv\/wp-content\/uploads\/shutterstock_320672735.jpg","contentUrl":"https:\/\/www.meydan.tv\/wp-content\/uploads\/shutterstock_320672735.jpg","width":1200,"height":859,"caption":"S\u0259rh\u0259d. Foto: Prazis Images\/shutterstock"},{"@type":"BreadcrumbList","@id":"https:\/\/www.meydan.tv\/az\/article\/serhedler-daha-3-ay-bagli-qalacaq\/#breadcrumb","itemListElement":[{"@type":"ListItem","position":1,"name":"Ana s\u0259hif\u0259","item":"https:\/\/www.meydan.tv\/az\/"},{"@type":"ListItem","position":2,"name":"Sosial","item":"https:\/\/www.meydan.tv\/az\/section\/sosial\/"},{"@type":"ListItem","position":3,"name":"S\u0259rh\u0259dl\u0259r daha 3 ay ba\u011fl\u0131 qalacaq"}]},{"@type":"WebSite","@id":"https:\/\/www.meydan.tv\/az\/#website","url":"https:\/\/www.meydan.tv\/az\/","name":"MEYDAN.TV","description":"Meydan TV Az\u0259rbaycan\u0131n media m\u0259kan\u0131ndak\u0131 alternativ s\u0259sidir","publisher":{"@id":"https:\/\/www.meydan.tv\/az\/#organization"},"potentialAction":[{"@type":"SearchAction","target":{"@type":"EntryPoint","urlTemplate":"https:\/\/www.meydan.tv\/az\/?s={search_term_string}"},"query-input":{"@type":"PropertyValueSpecification","valueRequired":true,"valueName":"search_term_string"}}],"inLanguage":"az"},{"@type":"Organization","@id":"https:\/\/www.meydan.tv\/az\/#organization","name":"Meydan TV","url":"https:\/\/www.meydan.tv\/az\/","logo":{"@type":"ImageObject","inLanguage":"az","@id":"https:\/\/www.meydan.tv\/az\/#\/schema\/logo\/image\/","url":"https:\/\/www.meydan.tv\/wp-content\/uploads\/2021\/07\/meydan-logo.svg","contentUrl":"https:\/\/www.meydan.tv\/wp-content\/uploads\/2021\/07\/meydan-logo.svg","width":195,"height":46,"caption":"Meydan TV"},"image":{"@id":"https:\/\/www.meydan.tv\/az\/#\/schema\/logo\/image\/"}},{"@type":"Person","@id":"https:\/\/www.meydan.tv\/az\/#\/schema\/person\/09863e516102a829e72bedcf3f84c6b0","name":"mahmud"}]}},"_links":{"self":[{"href":"https:\/\/www.meydan.tv\/az\/wp-json\/wp\/v2\/posts\/300886","targetHints":{"allow":["GET"]}}],"collection":[{"href":"https:\/\/www.meydan.tv\/az\/wp-json\/wp\/v2\/posts"}],"about":[{"href":"https:\/\/www.meydan.tv\/az\/wp-json\/wp\/v2\/types\/post"}],"author":[{"embeddable":true,"href":"https:\/\/www.meydan.tv\/az\/wp-json\/wp\/v2\/users\/21"}],"replies":[{"embeddable":true,"href":"https:\/\/www.meydan.tv\/az\/wp-json\/wp\/v2\/comments?post=300886"}],"version-history":[{"count":1,"href":"https:\/\/www.meydan.tv\/az\/wp-json\/wp\/v2\/posts\/300886\/revisions"}],"predecessor-version":[{"id":300887,"href":"https:\/\/www.meydan.tv\/az\/wp-json\/wp\/v2\/posts\/300886\/revisions\/300887"}],"wp:featuredmedia":[{"embeddable":true,"href":"https:\/\/www.meydan.tv\/az\/wp-json\/wp\/v2\/media\/298992"}],"wp:attachment":[{"href":"https:\/\/www.meydan.tv\/az\/wp-json\/wp\/v2\/media?parent=300886"}],"wp:term":[{"taxonomy":"category","embeddable":true,"href":"https:\/\/www.meydan.tv\/az\/wp-json\/wp\/v2\/categories?post=300886"},{"taxonomy":"post_tag","embeddable":true,"href":"https:\/\/www.meydan.tv\/az\/wp-json\/wp\/v2\/tags?post=300886"}],"curies":[{"name":"wp","href":"https:\/\/api.w.org\/{rel}","templated":true}]}}