{"id":300884,"date":"2024-03-11T14:50:32","date_gmt":"2024-03-11T10:50:32","guid":{"rendered":"https:\/\/www.meydan.tv\/?p=300884"},"modified":"2024-03-11T14:50:37","modified_gmt":"2024-03-11T10:50:37","slug":"ekspert-findiq-istehsali-artsa-da-mehsuldarliq-deyismir","status":"publish","type":"post","link":"https:\/\/www.meydan.tv\/az\/article\/ekspert-findiq-istehsali-artsa-da-mehsuldarliq-deyismir\/","title":{"rendered":"Ekspert: F\u0131nd\u0131q istehsal\u0131 artsa da, m\u0259hsuldarl\u0131q d\u0259yi\u015fmir"},"content":{"rendered":"\n<p><\/p>\n\n\n\n<p><em><strong>\u201c\u018fn ciddi probleml\u0259rd\u0259n biri d\u0259 \u00f6lk\u0259d\u0259 pe\u015f\u0259kar kadr \u00e7at\u0131\u015fmazl\u0131\u011f\u0131d\u0131r\u201d<\/strong><\/em><\/p>\n\n\n\n<p><em>\u201cAz\u0259rbaycanda f\u0131nd\u0131\u011f\u0131n ixrac d\u0259y\u0259ri tez-tez d\u0259yi\u015fir. Bu d\u0259yi\u015fm\u0259l\u0259r fermerl\u0259rin ziyan\u0131ndad\u0131r\u201d<\/em>.<\/p>\n\n\n\n<p>K\u0259nd t\u0259s\u0259rr\u00fcfat\u0131 \u00fczr\u0259 ekspert Vahid M\u0259h\u0259rr\u0259mov bel\u0259 <a href=\"https:\/\/turan.az\/az\/kend-teserrufati\/hedef-ekin-erazilerini-genislendirmek-deyil-mehsuldarligi-artirmaqdir-778251\">deyir<\/a>. O bildirir ki, \u00f6t\u0259n il 2022-ci il\u0259 baxanda f\u0131nd\u0131q ixrac\u0131 h\u0259m fiziki \u00e7\u0259kid\u0259, h\u0259m d\u0259 d\u0259y\u0259r ifad\u0259sind\u0259 art\u0131b. Lakin 2019-cu ill\u0259 m\u00fcqayis\u0259 onu g\u00f6st\u0259rir ki, f\u0131nd\u0131q ixracat\u00e7\u0131lar\u0131n\u0131n g\u0259liri 2 d\u0259f\u0259y\u0259d\u0259k azal\u0131b.<\/p>\n\n\n\n<p>Son ill\u0259r Az\u0259rbaycanda f\u0131nd\u0131\u011f\u0131n \u0259kin sah\u0259si xeyli geni\u015fl\u0259ndirilib. 2015-ci ild\u0259 32,7 min hektarda f\u0131nd\u0131q ba\u011f\u0131 sal\u0131nm\u0131\u015fd\u0131sa, 2022-ci ild\u0259 bu r\u0259q\u0259m 81,4 min hektarad\u0259k art\u0131b. Bu o dem\u0259kdir ki, son 7 ild\u0259 f\u0131nd\u0131\u011f\u0131n \u0259kin sah\u0259si 2,5 d\u0259f\u0259 b\u00f6y\u00fcy\u00fcb.<\/p>\n\n\n\n<p>2017-ci ild\u0259 Qax rayonunda barama, t\u00fct\u00fcn v\u0259 f\u0131nd\u0131q istehsal\u0131n\u0131n inki\u015faf\u0131 m\u0259s\u0259l\u0259l\u0259rin\u0259 dair respublika m\u00fc\u015favir\u0259sind\u0259 \u00e7\u0131x\u0131\u015f ed\u0259n \u00f6lk\u0259 ba\u015f\u00e7\u0131s\u0131 \u0130lham \u018fliyev d\u0259 barama\u00e7\u0131l\u0131qdan v\u0259 t\u00fct\u00fcn\u00e7\u00fcl\u00fckd\u0259n f\u0259rqli olaraq f\u0131nd\u0131q\u00e7\u0131l\u0131\u011f\u0131n daha \u00e7ox inki\u015faf etdiyind\u0259n dan\u0131\u015fm\u0131\u015fd\u0131.<\/p>\n\n\n\n<p>Demi\u015fdi ki, 2000-ci ild\u0259 Az\u0259rbaycanda f\u0131nd\u0131q ba\u011flar\u0131n\u0131n sah\u0259si 18 min hektar olub, bu r\u0259q\u0259m 2013-c\u00fc ild\u0259 30 min hektara, 2015-ci ild\u0259 32 min 700 hektara \u00e7at\u0131b.<\/p>\n\n\n\n<p><em>\u201cHaz\u0131rda 55 min hektarda f\u0131nd\u0131q ba\u011flar\u0131 sal\u0131n\u0131b. \u018flb\u0259tt\u0259, bu, son h\u0259d\u0259f deyil. Qar\u015f\u0131ya m\u0259qs\u0259d qoyulub ki, biz f\u0131nd\u0131q ba\u011flar\u0131n\u0131n sah\u0259sini 80 min hektara \u00e7atd\u0131raq\u201d<\/em>.<\/p>\n\n\n\n<p>H\u0259m\u00e7inin Prezident deyib ki, f\u0131nd\u0131\u011f\u0131n ixrac\u0131 il\u0259 ba\u011fl\u0131 g\u0259l\u0259c\u0259kd\u0259 he\u00e7 bir problem olmayacaq.<\/p>\n\n\n\n<p>Vahid M\u0259h\u0259rr\u0259mov is\u0259 deyir ki, son ill\u0259r f\u0131nd\u0131\u011f\u0131n ixrac\u0131nda xeyli probleml\u0259r yaran\u0131b. Onun s\u00f6zl\u0259rin\u0259 g\u00f6r\u0259, son 5 ild\u0259 f\u0131nd\u0131q ixrac\u0131n\u0131n dinamikas\u0131 tez -tez d\u0259yi\u015fir, gah art\u0131r, gah azal\u0131r:<\/p>\n\n\n\n<p><em>\u201c2019-cu ild\u0259 ixrac edil\u0259n f\u0131nd\u0131\u011f\u0131n miqdar\u0131 22 639 ton, d\u0259y\u0259ri is\u0259 125 621 min dollar olub. Bu g\u00f6st\u0259rici 2018-ci il\u0259 nisb\u0259t\u0259n fiziki \u00e7\u0259kid\u0259 24 faiz, d\u0259y\u0259r ifad\u0259sind\u0259 30 faiz \u00e7ox olsa da, n\u00f6vb\u0259ti 2020-ci ild\u0259 f\u0131nd\u0131q ixrac\u0131 2019-cu il\u0259 nisb\u0259t\u0259n fiziki \u00e7\u0259kid\u0259 16,5 faiz, d\u0259y\u0259r ifad\u0259sind\u0259 is\u0259 7,3 faiz azal\u0131b. N\u00f6vb\u0259ti iki ild\u0259 d\u0259 f\u0131nd\u0131q ixrac\u0131n\u0131n h\u0259cmi 2019-cu il s\u0259viyy\u0259sin\u0259 qalxmay\u0131b. 2023-c\u00fc ild\u0259 f\u0131nd\u0131q ixrac\u0131 fiziki \u00e7\u0259kid\u0259 2019-cu il\u0259 nisb\u0259t\u0259n artsa da, d\u0259y\u0259r ifad\u0259sind\u0259 2 faiz\u0259d\u0259k azal\u0131b. 2023-c\u00fc ild\u0259 2019-cu il\u0259 nisb\u0259t\u0259n f\u0131nd\u0131q ixracat\u00e7\u0131lar\u0131n\u0131n g\u0259lirl\u0259ri 2 milyon 486 min dollar azal\u0131b\u201d<\/em>.<\/p>\n\n\n<div class=\"wp-block-image\">\n<figure class=\"alignleft size-full is-resized\"><img decoding=\"async\" width=\"960\" height=\"720\" data-src=\"https:\/\/www.meydan.tv\/wp-content\/uploads\/42422.jpg\" alt=\"Vahid M\u0259h\u0259rr\u0259mov\" class=\"wp-image-106811 lazyload\" style=\"--smush-placeholder-width: 960px; --smush-placeholder-aspect-ratio: 960\/720;width:424px;height:auto\" src=\"data:image\/svg+xml;base64,PHN2ZyB3aWR0aD0iMSIgaGVpZ2h0PSIxIiB4bWxucz0iaHR0cDovL3d3dy53My5vcmcvMjAwMC9zdmciPjwvc3ZnPg==\" \/><figcaption class=\"wp-element-caption\">Vahid M\u0259h\u0259rr\u0259mov. Foto: Meydan TV<\/figcaption><\/figure>\n<\/div>\n\n\n<p>2023-c\u00fc ild\u0259 Az\u0259rbaycandan 44,6 milyon avro d\u0259y\u0259rind\u0259 Avropa \u0130ttifaq\u0131 \u00f6lk\u0259l\u0259rin\u0259 f\u0131nd\u0131q ixrac edilib. Bu, \u0259vv\u0259lki il\u0259 nisb\u0259t\u0259n 23,2 faiz azd\u0131r.<\/p>\n\n\n\n<p>Az\u0259rbaycandan Almaniyaya 23,4 milyon avro d\u0259y\u0259rind\u0259 4,2 min ton me\u015f\u0259 f\u0131nd\u0131\u011f\u0131 idxal edilib. Bu da \u0259vv\u0259lki il\u0259 nisb\u0259t\u0259n d\u0259y\u0259r ifad\u0259sind\u0259 64,1 faiz, fiziki \u00e7\u0259kid\u0259 is\u0259 71,4 faiz \u00e7oxdur.<\/p>\n\n\n\n<p>Vahid M\u0259h\u0259rr\u0259mov deyir ki, d\u00fcnyada f\u0131nd\u0131q istehsal\u0131 il\u0259 c\u0259mi 30 \u00f6lk\u0259 m\u0259\u015f\u011ful olsa da, f\u0131nd\u0131q bazar\u0131nda cox ciddi r\u0259qab\u0259t var.<\/p>\n\n\n\n<p>Onun s\u00f6zl\u0259rin\u0259 g\u00f6r\u0259, f\u0131nd\u0131q m\u0259hsulunun r\u0259qab\u0259tqabiliyy\u0259tli olmas\u0131 \u00fc\u00e7\u00fcn keyfiyy\u0259t s\u0259viyy\u0259sinin y\u00fcks\u0259k, maya d\u0259y\u0259rinin is\u0259 ucuz olmas\u0131 \u015f\u0259rtdir. M\u0259hsulun maya d\u0259y\u0259rinin a\u015fa\u011f\u0131 olmas\u0131 \u00fc\u00e7\u00fcn m\u0259hsuldarl\u0131q y\u00fcks\u0259k olmal\u0131d\u0131r:<\/p>\n\n\n\n<p><em>\u201cT\u00fcrkiy\u0259 v\u0259 b\u0259zi \u00f6lk\u0259l\u0259r istisna olmaqla \u0259sas f\u0131nd\u0131q istehsal ed\u0259n \u00f6lk\u0259l\u0259rd\u0259 m\u0259hsuldarl\u0131q y\u00fcks\u0259kdir. M\u0259s\u0259l\u0259n, h\u0259r hektardan \u0130taliyada 16 sentner, Pol\u015fada 15, \u00c7ind\u0259 20, Fransada 19, G\u00fcrc\u00fcstanda 17, AB\u015e-da is\u0259 23 sentner m\u0259hsul \u0259ld\u0259 olunur. Az\u0259rbaycanda is\u0259 f\u0131nd\u0131\u011f\u0131n \u0259n y\u00fcks\u0259k m\u0259hsuldarl\u0131\u011f\u0131 2005-ci ild\u0259 15 sentner olub. 2022-ci ild\u0259 \u00f6lk\u0259 \u00fczr\u0259 orta m\u0259hsuldarl\u0131q 13,9 sentner\u0259d\u0259k d\u00fc\u015f\u00fcb\u201d<\/em>.<\/p>\n\n\n\n<p>Ekspert deyir ki, \u00f6lk\u0259 \u00fczr\u0259 f\u0131n\u0131d\u0131\u011f\u0131n h\u0259r hektar \u00fc\u00e7\u00fcn ortalama m\u0259hsuldarl\u0131\u011f\u0131 800-900 kiloqramd\u0131r v\u0259 bu, \u00e7ox azd\u0131r:<\/p>\n\n\n\n<p><em>\u201cBel\u0259likl\u0259, f\u0131nd\u0131q\u00e7\u0131l\u0131qda \u0259kin sah\u0259l\u0259ri geni\u015fl\u0259nir, m\u0259hsul istehsal\u0131 art\u0131r v\u0259 hektardan m\u0259hsuldarl\u0131q is\u0259 laz\u0131m\u0131 s\u0259viyy\u0259y\u0259 qalxm\u0131r. Bunun da s\u0259b\u0259bi sah\u0259d\u0259 m\u00f6vcud olan probleml\u0259rin uzun m\u00fcdd\u0259t h\u0259ll edilm\u0259m\u0259si il\u0259 ba\u011fl\u0131d\u0131r. F\u0131nd\u0131q\u00e7\u0131l\u0131qla m\u0259\u015f\u011ful olan \u0259ks\u0259r fermerl\u0259r fasil\u0259siz suvarma suyu il\u0259 t\u0259min olunmur. H\u0259m\u00e7inin keyfiyy\u0259tli g\u00fcbr\u0259, pestisid \u00e7at\u0131\u015fmazl\u0131\u011f\u0131 s\u0259b\u0259bind\u0259n r\u0259qab\u0259tqabiliyy\u0259tli, y\u00fcks\u0259k keyfiyy\u0259tli m\u0259hsul istehsal ed\u0259 bilmirl\u0259r. Emal m\u00fc\u0259ssis\u0259l\u0259ri hakimiyy\u0259t\u0259 yax\u0131n olan adamlar\u0131n \u0259lind\u0259dir, qiym\u0259ti onlar dikt\u0259 edir. \u018fn ciddi probleml\u0259rd\u0259n biri d\u0259 \u00f6lk\u0259d\u0259 pe\u015f\u0259kar kadr \u00e7at\u0131\u015fmazl\u0131\u011f\u0131d\u0131r\u201d<\/em>.<\/p>\n\n\n\n<p>Vahid M\u0259h\u0259rr\u0259mov d\u00fc\u015f\u00fcn\u00fcr ki, sah\u0259nin inki\u015faf etdirilm\u0259si \u00fc\u00e7\u00fcn fermer, k\u0259ndli t\u0259s\u0259rr\u00fcfatlar\u0131n\u0131n fasil\u0259siz suvarma suyu il\u0259 t\u0259min edilm\u0259si, aqrar sah\u0259 \u00fczr\u0259 y\u00fcks\u0259k s\u0259viyy\u0259li pe\u015f\u0259kar kadrlar\u0131n haz\u0131rlanmas\u0131, emal sah\u0259sind\u0259, bazarda inhisar\u00e7\u0131l\u0131\u011f\u0131n aradan qald\u0131r\u0131lmas\u0131 kimi m\u0259s\u0259l\u0259l\u0259r h\u0259ll edilm\u0259lidir.<\/p>\n","protected":false},"excerpt":{"rendered":"<p>\u201c\u018fn ciddi probleml\u0259rd\u0259n biri d\u0259 \u00f6lk\u0259d\u0259 pe\u015f\u0259kar kadr \u00e7at\u0131\u015fmazl\u0131\u011f\u0131d\u0131r\u201d \u201cAz\u0259rbaycanda &#8230; <\/p>\n<p class=\"read-more-container\"><a title=\"Ekspert: F\u0131nd\u0131q istehsal\u0131 artsa da, m\u0259hsuldarl\u0131q d\u0259yi\u015fmir\" class=\"read-more button\" href=\"https:\/\/www.meydan.tv\/az\/article\/ekspert-findiq-istehsali-artsa-da-mehsuldarliq-deyismir\/#more-300884\" aria-label=\"Read more about Ekspert: F\u0131nd\u0131q istehsal\u0131 artsa da, m\u0259hsuldarl\u0131q d\u0259yi\u015fmir\">Davam\u0131<\/a><\/p>\n","protected":false},"author":21,"featured_media":261677,"comment_status":"closed","ping_status":"closed","sticky":false,"template":"","format":"standard","meta":{"_acf_changed":false,"_sitemap_exclude":false,"_sitemap_priority":"","_sitemap_frequency":"","footnotes":""},"categories":[62,56],"tags":[],"class_list":["post-300884","post","type-post","status-publish","format-standard","has-post-thumbnail","hentry","category-sosial","category-xeberler","infinite-scroll-item","generate-columns","tablet-grid-50","mobile-grid-100","grid-parent","grid-33","no-featured-image-padding"],"acf":[],"yoast_head":"<!-- This site is optimized with the Yoast SEO plugin v27.5 - https:\/\/yoast.com\/product\/yoast-seo-wordpress\/ -->\n<title>Ekspert: F\u0131nd\u0131q istehsal\u0131 artsa da, m\u0259hsuldarl\u0131q d\u0259yi\u015fmir - MEYDAN.TV<\/title>\n<meta name=\"robots\" content=\"index, follow, max-snippet:-1, max-image-preview:large, max-video-preview:-1\" \/>\n<link rel=\"canonical\" href=\"https:\/\/www.meydan.tv\/az\/article\/ekspert-findiq-istehsali-artsa-da-mehsuldarliq-deyismir\/\" \/>\n<meta property=\"og:locale\" content=\"az_AZ\" \/>\n<meta property=\"og:type\" content=\"article\" \/>\n<meta property=\"og:title\" content=\"Ekspert: F\u0131nd\u0131q istehsal\u0131 artsa da, m\u0259hsuldarl\u0131q d\u0259yi\u015fmir - MEYDAN.TV\" \/>\n<meta property=\"og:description\" content=\"\u201c\u018fn ciddi probleml\u0259rd\u0259n biri d\u0259 \u00f6lk\u0259d\u0259 pe\u015f\u0259kar kadr \u00e7at\u0131\u015fmazl\u0131\u011f\u0131d\u0131r\u201d \u201cAz\u0259rbaycanda ... Davam\u0131\" \/>\n<meta property=\"og:url\" content=\"https:\/\/www.meydan.tv\/az\/article\/ekspert-findiq-istehsali-artsa-da-mehsuldarliq-deyismir\/\" \/>\n<meta property=\"og:site_name\" content=\"MEYDAN.TV\" \/>\n<meta property=\"article:published_time\" content=\"2024-03-11T10:50:32+00:00\" \/>\n<meta property=\"article:modified_time\" content=\"2024-03-11T10:50:37+00:00\" \/>\n<meta property=\"og:image\" content=\"https:\/\/www.meydan.tv\/wp-content\/uploads\/15543660143810250454_1000x669.jpg\" \/>\n\t<meta property=\"og:image:width\" content=\"1200\" \/>\n\t<meta property=\"og:image:height\" content=\"799\" \/>\n\t<meta property=\"og:image:type\" content=\"image\/jpeg\" \/>\n<meta name=\"author\" content=\"mahmud\" \/>\n<meta name=\"twitter:card\" content=\"summary_large_image\" \/>\n<script type=\"application\/ld+json\" class=\"yoast-schema-graph\">{\"@context\":\"https:\\\/\\\/schema.org\",\"@graph\":[{\"@type\":\"Article\",\"@id\":\"https:\\\/\\\/www.meydan.tv\\\/az\\\/article\\\/ekspert-findiq-istehsali-artsa-da-mehsuldarliq-deyismir\\\/#article\",\"isPartOf\":{\"@id\":\"https:\\\/\\\/www.meydan.tv\\\/az\\\/article\\\/ekspert-findiq-istehsali-artsa-da-mehsuldarliq-deyismir\\\/\"},\"author\":{\"name\":\"mahmud\",\"@id\":\"https:\\\/\\\/www.meydan.tv\\\/az\\\/#\\\/schema\\\/person\\\/09863e516102a829e72bedcf3f84c6b0\"},\"headline\":\"Ekspert: F\u0131nd\u0131q istehsal\u0131 artsa da, m\u0259hsuldarl\u0131q d\u0259yi\u015fmir\",\"datePublished\":\"2024-03-11T10:50:32+00:00\",\"dateModified\":\"2024-03-11T10:50:37+00:00\",\"mainEntityOfPage\":{\"@id\":\"https:\\\/\\\/www.meydan.tv\\\/az\\\/article\\\/ekspert-findiq-istehsali-artsa-da-mehsuldarliq-deyismir\\\/\"},\"wordCount\":985,\"publisher\":{\"@id\":\"https:\\\/\\\/www.meydan.tv\\\/az\\\/#organization\"},\"image\":{\"@id\":\"https:\\\/\\\/www.meydan.tv\\\/az\\\/article\\\/ekspert-findiq-istehsali-artsa-da-mehsuldarliq-deyismir\\\/#primaryimage\"},\"thumbnailUrl\":\"https:\\\/\\\/www.meydan.tv\\\/wp-content\\\/uploads\\\/15543660143810250454_1000x669.jpg\",\"articleSection\":[\"Sosial\",\"X\u0259b\u0259rl\u0259r\"],\"inLanguage\":\"az\"},{\"@type\":\"WebPage\",\"@id\":\"https:\\\/\\\/www.meydan.tv\\\/az\\\/article\\\/ekspert-findiq-istehsali-artsa-da-mehsuldarliq-deyismir\\\/\",\"url\":\"https:\\\/\\\/www.meydan.tv\\\/az\\\/article\\\/ekspert-findiq-istehsali-artsa-da-mehsuldarliq-deyismir\\\/\",\"name\":\"Ekspert: F\u0131nd\u0131q istehsal\u0131 artsa da, m\u0259hsuldarl\u0131q d\u0259yi\u015fmir - MEYDAN.TV\",\"isPartOf\":{\"@id\":\"https:\\\/\\\/www.meydan.tv\\\/az\\\/#website\"},\"primaryImageOfPage\":{\"@id\":\"https:\\\/\\\/www.meydan.tv\\\/az\\\/article\\\/ekspert-findiq-istehsali-artsa-da-mehsuldarliq-deyismir\\\/#primaryimage\"},\"image\":{\"@id\":\"https:\\\/\\\/www.meydan.tv\\\/az\\\/article\\\/ekspert-findiq-istehsali-artsa-da-mehsuldarliq-deyismir\\\/#primaryimage\"},\"thumbnailUrl\":\"https:\\\/\\\/www.meydan.tv\\\/wp-content\\\/uploads\\\/15543660143810250454_1000x669.jpg\",\"datePublished\":\"2024-03-11T10:50:32+00:00\",\"dateModified\":\"2024-03-11T10:50:37+00:00\",\"breadcrumb\":{\"@id\":\"https:\\\/\\\/www.meydan.tv\\\/az\\\/article\\\/ekspert-findiq-istehsali-artsa-da-mehsuldarliq-deyismir\\\/#breadcrumb\"},\"inLanguage\":\"az\",\"potentialAction\":[{\"@type\":\"ReadAction\",\"target\":[\"https:\\\/\\\/www.meydan.tv\\\/az\\\/article\\\/ekspert-findiq-istehsali-artsa-da-mehsuldarliq-deyismir\\\/\"]}]},{\"@type\":\"ImageObject\",\"inLanguage\":\"az\",\"@id\":\"https:\\\/\\\/www.meydan.tv\\\/az\\\/article\\\/ekspert-findiq-istehsali-artsa-da-mehsuldarliq-deyismir\\\/#primaryimage\",\"url\":\"https:\\\/\\\/www.meydan.tv\\\/wp-content\\\/uploads\\\/15543660143810250454_1000x669.jpg\",\"contentUrl\":\"https:\\\/\\\/www.meydan.tv\\\/wp-content\\\/uploads\\\/15543660143810250454_1000x669.jpg\",\"width\":1200,\"height\":799,\"caption\":\"F\u0131nd\u0131q. Foto: Az\u0259rtac\"},{\"@type\":\"BreadcrumbList\",\"@id\":\"https:\\\/\\\/www.meydan.tv\\\/az\\\/article\\\/ekspert-findiq-istehsali-artsa-da-mehsuldarliq-deyismir\\\/#breadcrumb\",\"itemListElement\":[{\"@type\":\"ListItem\",\"position\":1,\"name\":\"Ana s\u0259hif\u0259\",\"item\":\"https:\\\/\\\/www.meydan.tv\\\/az\\\/\"},{\"@type\":\"ListItem\",\"position\":2,\"name\":\"Sosial\",\"item\":\"https:\\\/\\\/www.meydan.tv\\\/az\\\/section\\\/sosial\\\/\"},{\"@type\":\"ListItem\",\"position\":3,\"name\":\"Ekspert: F\u0131nd\u0131q istehsal\u0131 artsa da, m\u0259hsuldarl\u0131q d\u0259yi\u015fmir\"}]},{\"@type\":\"WebSite\",\"@id\":\"https:\\\/\\\/www.meydan.tv\\\/az\\\/#website\",\"url\":\"https:\\\/\\\/www.meydan.tv\\\/az\\\/\",\"name\":\"MEYDAN.TV\",\"description\":\"Meydan TV Az\u0259rbaycan\u0131n media m\u0259kan\u0131ndak\u0131 alternativ s\u0259sidir\",\"publisher\":{\"@id\":\"https:\\\/\\\/www.meydan.tv\\\/az\\\/#organization\"},\"potentialAction\":[{\"@type\":\"SearchAction\",\"target\":{\"@type\":\"EntryPoint\",\"urlTemplate\":\"https:\\\/\\\/www.meydan.tv\\\/az\\\/?s={search_term_string}\"},\"query-input\":{\"@type\":\"PropertyValueSpecification\",\"valueRequired\":true,\"valueName\":\"search_term_string\"}}],\"inLanguage\":\"az\"},{\"@type\":\"Organization\",\"@id\":\"https:\\\/\\\/www.meydan.tv\\\/az\\\/#organization\",\"name\":\"Meydan TV\",\"url\":\"https:\\\/\\\/www.meydan.tv\\\/az\\\/\",\"logo\":{\"@type\":\"ImageObject\",\"inLanguage\":\"az\",\"@id\":\"https:\\\/\\\/www.meydan.tv\\\/az\\\/#\\\/schema\\\/logo\\\/image\\\/\",\"url\":\"https:\\\/\\\/www.meydan.tv\\\/wp-content\\\/uploads\\\/2021\\\/07\\\/meydan-logo.svg\",\"contentUrl\":\"https:\\\/\\\/www.meydan.tv\\\/wp-content\\\/uploads\\\/2021\\\/07\\\/meydan-logo.svg\",\"width\":195,\"height\":46,\"caption\":\"Meydan TV\"},\"image\":{\"@id\":\"https:\\\/\\\/www.meydan.tv\\\/az\\\/#\\\/schema\\\/logo\\\/image\\\/\"}},{\"@type\":\"Person\",\"@id\":\"https:\\\/\\\/www.meydan.tv\\\/az\\\/#\\\/schema\\\/person\\\/09863e516102a829e72bedcf3f84c6b0\",\"name\":\"mahmud\"}]}<\/script>\n<!-- \/ Yoast SEO plugin. -->","yoast_head_json":{"title":"Ekspert: F\u0131nd\u0131q istehsal\u0131 artsa da, m\u0259hsuldarl\u0131q d\u0259yi\u015fmir - MEYDAN.TV","robots":{"index":"index","follow":"follow","max-snippet":"max-snippet:-1","max-image-preview":"max-image-preview:large","max-video-preview":"max-video-preview:-1"},"canonical":"https:\/\/www.meydan.tv\/az\/article\/ekspert-findiq-istehsali-artsa-da-mehsuldarliq-deyismir\/","og_locale":"az_AZ","og_type":"article","og_title":"Ekspert: F\u0131nd\u0131q istehsal\u0131 artsa da, m\u0259hsuldarl\u0131q d\u0259yi\u015fmir - MEYDAN.TV","og_description":"\u201c\u018fn ciddi probleml\u0259rd\u0259n biri d\u0259 \u00f6lk\u0259d\u0259 pe\u015f\u0259kar kadr \u00e7at\u0131\u015fmazl\u0131\u011f\u0131d\u0131r\u201d \u201cAz\u0259rbaycanda ... Davam\u0131","og_url":"https:\/\/www.meydan.tv\/az\/article\/ekspert-findiq-istehsali-artsa-da-mehsuldarliq-deyismir\/","og_site_name":"MEYDAN.TV","article_published_time":"2024-03-11T10:50:32+00:00","article_modified_time":"2024-03-11T10:50:37+00:00","og_image":[{"width":1200,"height":799,"url":"https:\/\/www.meydan.tv\/wp-content\/uploads\/15543660143810250454_1000x669.jpg","type":"image\/jpeg"}],"author":"mahmud","twitter_card":"summary_large_image","schema":{"@context":"https:\/\/schema.org","@graph":[{"@type":"Article","@id":"https:\/\/www.meydan.tv\/az\/article\/ekspert-findiq-istehsali-artsa-da-mehsuldarliq-deyismir\/#article","isPartOf":{"@id":"https:\/\/www.meydan.tv\/az\/article\/ekspert-findiq-istehsali-artsa-da-mehsuldarliq-deyismir\/"},"author":{"name":"mahmud","@id":"https:\/\/www.meydan.tv\/az\/#\/schema\/person\/09863e516102a829e72bedcf3f84c6b0"},"headline":"Ekspert: F\u0131nd\u0131q istehsal\u0131 artsa da, m\u0259hsuldarl\u0131q d\u0259yi\u015fmir","datePublished":"2024-03-11T10:50:32+00:00","dateModified":"2024-03-11T10:50:37+00:00","mainEntityOfPage":{"@id":"https:\/\/www.meydan.tv\/az\/article\/ekspert-findiq-istehsali-artsa-da-mehsuldarliq-deyismir\/"},"wordCount":985,"publisher":{"@id":"https:\/\/www.meydan.tv\/az\/#organization"},"image":{"@id":"https:\/\/www.meydan.tv\/az\/article\/ekspert-findiq-istehsali-artsa-da-mehsuldarliq-deyismir\/#primaryimage"},"thumbnailUrl":"https:\/\/www.meydan.tv\/wp-content\/uploads\/15543660143810250454_1000x669.jpg","articleSection":["Sosial","X\u0259b\u0259rl\u0259r"],"inLanguage":"az"},{"@type":"WebPage","@id":"https:\/\/www.meydan.tv\/az\/article\/ekspert-findiq-istehsali-artsa-da-mehsuldarliq-deyismir\/","url":"https:\/\/www.meydan.tv\/az\/article\/ekspert-findiq-istehsali-artsa-da-mehsuldarliq-deyismir\/","name":"Ekspert: F\u0131nd\u0131q istehsal\u0131 artsa da, m\u0259hsuldarl\u0131q d\u0259yi\u015fmir - MEYDAN.TV","isPartOf":{"@id":"https:\/\/www.meydan.tv\/az\/#website"},"primaryImageOfPage":{"@id":"https:\/\/www.meydan.tv\/az\/article\/ekspert-findiq-istehsali-artsa-da-mehsuldarliq-deyismir\/#primaryimage"},"image":{"@id":"https:\/\/www.meydan.tv\/az\/article\/ekspert-findiq-istehsali-artsa-da-mehsuldarliq-deyismir\/#primaryimage"},"thumbnailUrl":"https:\/\/www.meydan.tv\/wp-content\/uploads\/15543660143810250454_1000x669.jpg","datePublished":"2024-03-11T10:50:32+00:00","dateModified":"2024-03-11T10:50:37+00:00","breadcrumb":{"@id":"https:\/\/www.meydan.tv\/az\/article\/ekspert-findiq-istehsali-artsa-da-mehsuldarliq-deyismir\/#breadcrumb"},"inLanguage":"az","potentialAction":[{"@type":"ReadAction","target":["https:\/\/www.meydan.tv\/az\/article\/ekspert-findiq-istehsali-artsa-da-mehsuldarliq-deyismir\/"]}]},{"@type":"ImageObject","inLanguage":"az","@id":"https:\/\/www.meydan.tv\/az\/article\/ekspert-findiq-istehsali-artsa-da-mehsuldarliq-deyismir\/#primaryimage","url":"https:\/\/www.meydan.tv\/wp-content\/uploads\/15543660143810250454_1000x669.jpg","contentUrl":"https:\/\/www.meydan.tv\/wp-content\/uploads\/15543660143810250454_1000x669.jpg","width":1200,"height":799,"caption":"F\u0131nd\u0131q. Foto: Az\u0259rtac"},{"@type":"BreadcrumbList","@id":"https:\/\/www.meydan.tv\/az\/article\/ekspert-findiq-istehsali-artsa-da-mehsuldarliq-deyismir\/#breadcrumb","itemListElement":[{"@type":"ListItem","position":1,"name":"Ana s\u0259hif\u0259","item":"https:\/\/www.meydan.tv\/az\/"},{"@type":"ListItem","position":2,"name":"Sosial","item":"https:\/\/www.meydan.tv\/az\/section\/sosial\/"},{"@type":"ListItem","position":3,"name":"Ekspert: F\u0131nd\u0131q istehsal\u0131 artsa da, m\u0259hsuldarl\u0131q d\u0259yi\u015fmir"}]},{"@type":"WebSite","@id":"https:\/\/www.meydan.tv\/az\/#website","url":"https:\/\/www.meydan.tv\/az\/","name":"MEYDAN.TV","description":"Meydan TV Az\u0259rbaycan\u0131n media m\u0259kan\u0131ndak\u0131 alternativ s\u0259sidir","publisher":{"@id":"https:\/\/www.meydan.tv\/az\/#organization"},"potentialAction":[{"@type":"SearchAction","target":{"@type":"EntryPoint","urlTemplate":"https:\/\/www.meydan.tv\/az\/?s={search_term_string}"},"query-input":{"@type":"PropertyValueSpecification","valueRequired":true,"valueName":"search_term_string"}}],"inLanguage":"az"},{"@type":"Organization","@id":"https:\/\/www.meydan.tv\/az\/#organization","name":"Meydan TV","url":"https:\/\/www.meydan.tv\/az\/","logo":{"@type":"ImageObject","inLanguage":"az","@id":"https:\/\/www.meydan.tv\/az\/#\/schema\/logo\/image\/","url":"https:\/\/www.meydan.tv\/wp-content\/uploads\/2021\/07\/meydan-logo.svg","contentUrl":"https:\/\/www.meydan.tv\/wp-content\/uploads\/2021\/07\/meydan-logo.svg","width":195,"height":46,"caption":"Meydan TV"},"image":{"@id":"https:\/\/www.meydan.tv\/az\/#\/schema\/logo\/image\/"}},{"@type":"Person","@id":"https:\/\/www.meydan.tv\/az\/#\/schema\/person\/09863e516102a829e72bedcf3f84c6b0","name":"mahmud"}]}},"_links":{"self":[{"href":"https:\/\/www.meydan.tv\/az\/wp-json\/wp\/v2\/posts\/300884","targetHints":{"allow":["GET"]}}],"collection":[{"href":"https:\/\/www.meydan.tv\/az\/wp-json\/wp\/v2\/posts"}],"about":[{"href":"https:\/\/www.meydan.tv\/az\/wp-json\/wp\/v2\/types\/post"}],"author":[{"embeddable":true,"href":"https:\/\/www.meydan.tv\/az\/wp-json\/wp\/v2\/users\/21"}],"replies":[{"embeddable":true,"href":"https:\/\/www.meydan.tv\/az\/wp-json\/wp\/v2\/comments?post=300884"}],"version-history":[{"count":1,"href":"https:\/\/www.meydan.tv\/az\/wp-json\/wp\/v2\/posts\/300884\/revisions"}],"predecessor-version":[{"id":300885,"href":"https:\/\/www.meydan.tv\/az\/wp-json\/wp\/v2\/posts\/300884\/revisions\/300885"}],"wp:featuredmedia":[{"embeddable":true,"href":"https:\/\/www.meydan.tv\/az\/wp-json\/wp\/v2\/media\/261677"}],"wp:attachment":[{"href":"https:\/\/www.meydan.tv\/az\/wp-json\/wp\/v2\/media?parent=300884"}],"wp:term":[{"taxonomy":"category","embeddable":true,"href":"https:\/\/www.meydan.tv\/az\/wp-json\/wp\/v2\/categories?post=300884"},{"taxonomy":"post_tag","embeddable":true,"href":"https:\/\/www.meydan.tv\/az\/wp-json\/wp\/v2\/tags?post=300884"}],"curies":[{"name":"wp","href":"https:\/\/api.w.org\/{rel}","templated":true}]}}