{"id":300862,"date":"2024-03-11T12:57:59","date_gmt":"2024-03-11T08:57:59","guid":{"rendered":"https:\/\/www.meydan.tv\/?p=300862"},"modified":"2024-03-11T12:58:02","modified_gmt":"2024-03-11T08:58:02","slug":"prezident-seckilerine-ne-qeder-pul-xerclenib","status":"publish","type":"post","link":"https:\/\/www.meydan.tv\/az\/article\/prezident-seckilerine-ne-qeder-pul-xerclenib\/","title":{"rendered":"Prezident se\u00e7kil\u0259rin\u0259 n\u0259 q\u0259d\u0259r pul x\u0259rcl\u0259nib?"},"content":{"rendered":"\n<p><\/p>\n\n\n\n<p><strong><em>Maliyy\u0259 Nazirliyinin hesabat\u0131nda b\u0259zi r\u0259q\u0259ml\u0259r var<\/em><\/strong><\/p>\n\n\n\n<p>Fevral\u0131n 7-d\u0259 Az\u0259rbaycanda ke\u00e7iril\u0259n n\u00f6vb\u0259d\u0259nk\u0259nar Prezident se\u00e7kil\u0259rin\u0259 n\u0259 q\u0259d\u0259r v\u0259sait x\u0259rcl\u0259ndiyi r\u0259smi a\u00e7\u0131qlanmay\u0131b.<\/p>\n\n\n\n<p>Maliyy\u0259 Nazirliyinin hesabat\u0131nda is\u0259 se\u00e7ki ad\u0131na b\u0259zi r\u0259q\u0259ml\u0259r var.<\/p>\n\n\n\n<p>M\u0259s\u0259l\u0259n, nazirlik bildirib ki, 2024-c\u00fc ilin yanvar\u0131nda \u201cSe\u00e7kil\u0259rin ke\u00e7irilm\u0259si v\u0259 statistika t\u0259dbirl\u0259ri\u201d \u00e7\u0259r\u00e7iv\u0259sind\u0259 42,4 milyon manat x\u0259rcl\u0259nib.<\/p>\n\n\n\n<p>\u0130qtisad\u00e7\u0131 To\u011frul Ma\u015fall\u0131 da deyir ki, 2024-c\u00fc il \u00fc\u00e7\u00fcn d\u00f6vl\u0259t b\u00fcdc\u0259sinin layih\u0259sin\u0259 g\u00f6r\u0259, bu g\u00f6st\u0259rici 4,3 milyon manat olmal\u0131 idi.<\/p>\n\n\n\n<p><em>\u201cPrezident se\u00e7kil\u0259rinin b\u00fcdc\u0259si \u015f\u0259ffaf deyil, a\u00e7\u0131qlanmay\u0131b, \u00e7\u00fcnki M\u0259rk\u0259zi Se\u00e7ki Komissiyas\u0131 he\u00e7 d\u0259 \u015f\u0259ffaf qurum deyil. Ona g\u00f6r\u0259 se\u00e7kil\u0259rin d\u0259y\u0259ri haqq\u0131nda birba\u015fa m\u0259lumat\u0131m\u0131z yoxdur. Ancaq Maliyy\u0259 Nazirliyinin ayl\u0131q hesabat\u0131ndan hans\u0131sa r\u0259q\u0259ml\u0259ri g\u00f6rm\u0259k m\u00fcmk\u00fcnd\u00fcr\u201d<\/em>.<\/p>\n\n\n\n<p>\u0130qtisad\u00e7\u0131 deyir ki, x\u0259rcl\u0259n\u0259n r\u0259q\u0259ml\u0259 x\u0259rcl\u0259nm\u0259si planla\u015fd\u0131r\u0131lan r\u0259q\u0259m aras\u0131nda n\u0259 az, n\u0259 \u00e7ox, 38 milyonluq f\u0259rq var:<\/p>\n\n\n\n<p><em>\u201cF\u0259rqin \u0259sas hiss\u0259si m\u0259tb\u0259\u0259 m\u0259hsullar\u0131 il\u0259 ba\u011fl\u0131d\u0131r &#8211; 14,3 milyon x\u0259rcl\u0259nib. \u0130kinci s\u0131rada \u0259m\u0259yin \u00f6d\u0259ni\u015fi g\u0259lir, bura 10,9 milyon x\u0259rcl\u0259ndiyi qeyd edilib\u201d<\/em>.<\/p>\n\n\n\n<p>To\u011frul Ma\u015fall\u0131 deyir ki, Maliyy\u0259 Nazirliyinin hesabat\u0131nda qeyd edil\u0259n h\u0259r iki madd\u0259 birba\u015fa se\u00e7kil\u0259r\u0259 aiddir. Odur ki, t\u0259xmin etm\u0259k olar ki, fevralda ke\u00e7irilmi\u015f Prezident se\u00e7kil\u0259ri il\u0259 ba\u011fl\u0131 yanvarda \u0259n az\u0131 38 milyon manat x\u0259rcl\u0259nib:<\/p>\n\n\n\n<p><em>\u00a0\u201cB\u00fct\u00f6v x\u0259rcl\u0259ri \u00f6yr\u0259nm\u0259k \u00fc\u00e7\u00fcn fevral hesabat\u0131n\u0131 g\u00f6zl\u0259m\u0259k laz\u0131md\u0131r\u201d.<\/em><\/p>\n\n\n\n<p>Az\u0259rbaycanda fevral\u0131n 7-d\u0259 n\u00f6vb\u0259d\u0259nk\u0259nar Prezident se\u00e7kisi ke\u00e7irilib, \u0130lham \u018fliyev yenid\u0259n Prezident se\u00e7ilib.<\/p>\n\n\n\n<p>\u018fslind\u0259 qanunla Prezident se\u00e7kil\u0259ri 2025-ci ild\u0259 olmal\u0131 idi. Prezident \u0130lham \u018fliyev se\u00e7kinin tarixinin bir il \u00f6n\u0259 \u00e7\u0259kib, bunu Az\u0259rbaycan\u0131n b\u00fct\u00fcn \u0259razil\u0259rind\u0259 suverenliyin b\u0259rpa olunmas\u0131 il\u0259 izah edib.<\/p>\n\n\n\n<p>Az\u0259rbaycan Xalq C\u0259bh\u0259si Partiyas\u0131 (AXCP), M\u00fcsavat kimi b\u0259zi m\u00fcxalif\u0259t q\u00fcvv\u0259l\u0259ri bunu &#8220;q\u0259fil se\u00e7ki&#8221; adland\u0131raraq hakimiyy\u0259tin \u0259slind\u0259 r\u0259qab\u0259tli, sivil m\u00fcbariz\u0259y\u0259 haz\u0131r olmad\u0131\u011f\u0131n\u0131 b\u0259yan edib. H\u0259m\u00e7inin, se\u00e7kid\u0259 i\u015ftirakdan imtina edibl\u0259r.<\/p>\n\n\n\n<p>R\u0259smi qurumlar is\u0259 se\u00e7kinin azad v\u0259 \u0259dal\u0259tli ke\u00e7irildiyini b\u0259yan edib.<\/p>\n","protected":false},"excerpt":{"rendered":"<p>Maliyy\u0259 Nazirliyinin hesabat\u0131nda b\u0259zi r\u0259q\u0259ml\u0259r var Fevral\u0131n 7-d\u0259 Az\u0259rbaycanda ke\u00e7iril\u0259n &#8230; <\/p>\n<p class=\"read-more-container\"><a title=\"Prezident se\u00e7kil\u0259rin\u0259 n\u0259 q\u0259d\u0259r pul x\u0259rcl\u0259nib?\" class=\"read-more button\" href=\"https:\/\/www.meydan.tv\/az\/article\/prezident-seckilerine-ne-qeder-pul-xerclenib\/#more-300862\" aria-label=\"Read more about Prezident se\u00e7kil\u0259rin\u0259 n\u0259 q\u0259d\u0259r pul x\u0259rcl\u0259nib?\">Davam\u0131<\/a><\/p>\n","protected":false},"author":21,"featured_media":295713,"comment_status":"closed","ping_status":"closed","sticky":false,"template":"","format":"standard","meta":{"_acf_changed":false,"_sitemap_exclude":false,"_sitemap_priority":"","_sitemap_frequency":"","footnotes":""},"categories":[129,59,79,56],"tags":[],"class_list":["post-300862","post","type-post","status-publish","format-standard","has-post-thumbnail","hentry","category-sechki-2024","category-siyaset","category-featured","category-xeberler","infinite-scroll-item","generate-columns","tablet-grid-50","mobile-grid-100","grid-parent","grid-33","no-featured-image-padding"],"acf":[],"yoast_head":"<!-- This site is optimized with the Yoast SEO plugin v27.4 - https:\/\/yoast.com\/product\/yoast-seo-wordpress\/ -->\n<title>Prezident se\u00e7kil\u0259rin\u0259 n\u0259 q\u0259d\u0259r pul x\u0259rcl\u0259nib? - MEYDAN.TV<\/title>\n<meta name=\"robots\" content=\"index, follow, max-snippet:-1, max-image-preview:large, max-video-preview:-1\" \/>\n<link rel=\"canonical\" href=\"https:\/\/www.meydan.tv\/az\/article\/prezident-seckilerine-ne-qeder-pul-xerclenib\/\" \/>\n<meta property=\"og:locale\" content=\"az_AZ\" \/>\n<meta property=\"og:type\" content=\"article\" \/>\n<meta property=\"og:title\" content=\"Prezident se\u00e7kil\u0259rin\u0259 n\u0259 q\u0259d\u0259r pul x\u0259rcl\u0259nib? - MEYDAN.TV\" \/>\n<meta property=\"og:description\" content=\"Maliyy\u0259 Nazirliyinin hesabat\u0131nda b\u0259zi r\u0259q\u0259ml\u0259r var Fevral\u0131n 7-d\u0259 Az\u0259rbaycanda ke\u00e7iril\u0259n ... Davam\u0131\" \/>\n<meta property=\"og:url\" content=\"https:\/\/www.meydan.tv\/az\/article\/prezident-seckilerine-ne-qeder-pul-xerclenib\/\" \/>\n<meta property=\"og:site_name\" content=\"MEYDAN.TV\" \/>\n<meta property=\"article:published_time\" content=\"2024-03-11T08:57:59+00:00\" \/>\n<meta property=\"article:modified_time\" content=\"2024-03-11T08:58:02+00:00\" \/>\n<meta property=\"og:image\" content=\"https:\/\/www.meydan.tv\/wp-content\/uploads\/whatsapp-image-2024-01-22-at-11.34.58_7e57b3cc-e1706097927696.jpg\" \/>\n\t<meta property=\"og:image:width\" content=\"1200\" \/>\n\t<meta property=\"og:image:height\" content=\"776\" \/>\n\t<meta property=\"og:image:type\" content=\"image\/jpeg\" \/>\n<meta name=\"author\" content=\"mahmud\" \/>\n<meta name=\"twitter:card\" content=\"summary_large_image\" \/>\n<script type=\"application\/ld+json\" class=\"yoast-schema-graph\">{\"@context\":\"https:\\\/\\\/schema.org\",\"@graph\":[{\"@type\":\"Article\",\"@id\":\"https:\\\/\\\/www.meydan.tv\\\/az\\\/article\\\/prezident-seckilerine-ne-qeder-pul-xerclenib\\\/#article\",\"isPartOf\":{\"@id\":\"https:\\\/\\\/www.meydan.tv\\\/az\\\/article\\\/prezident-seckilerine-ne-qeder-pul-xerclenib\\\/\"},\"author\":{\"name\":\"mahmud\",\"@id\":\"https:\\\/\\\/www.meydan.tv\\\/az\\\/#\\\/schema\\\/person\\\/09863e516102a829e72bedcf3f84c6b0\"},\"headline\":\"Prezident se\u00e7kil\u0259rin\u0259 n\u0259 q\u0259d\u0259r pul x\u0259rcl\u0259nib?\",\"datePublished\":\"2024-03-11T08:57:59+00:00\",\"dateModified\":\"2024-03-11T08:58:02+00:00\",\"mainEntityOfPage\":{\"@id\":\"https:\\\/\\\/www.meydan.tv\\\/az\\\/article\\\/prezident-seckilerine-ne-qeder-pul-xerclenib\\\/\"},\"wordCount\":454,\"publisher\":{\"@id\":\"https:\\\/\\\/www.meydan.tv\\\/az\\\/#organization\"},\"image\":{\"@id\":\"https:\\\/\\\/www.meydan.tv\\\/az\\\/article\\\/prezident-seckilerine-ne-qeder-pul-xerclenib\\\/#primaryimage\"},\"thumbnailUrl\":\"https:\\\/\\\/www.meydan.tv\\\/wp-content\\\/uploads\\\/whatsapp-image-2024-01-22-at-11.34.58_7e57b3cc-e1706097927696.jpg\",\"articleSection\":[\"Se\u00e7ki 2024\",\"Siyas\u0259t\",\"T\u00f6vsiy\u0259\",\"X\u0259b\u0259rl\u0259r\"],\"inLanguage\":\"az\"},{\"@type\":\"WebPage\",\"@id\":\"https:\\\/\\\/www.meydan.tv\\\/az\\\/article\\\/prezident-seckilerine-ne-qeder-pul-xerclenib\\\/\",\"url\":\"https:\\\/\\\/www.meydan.tv\\\/az\\\/article\\\/prezident-seckilerine-ne-qeder-pul-xerclenib\\\/\",\"name\":\"Prezident se\u00e7kil\u0259rin\u0259 n\u0259 q\u0259d\u0259r pul x\u0259rcl\u0259nib? - MEYDAN.TV\",\"isPartOf\":{\"@id\":\"https:\\\/\\\/www.meydan.tv\\\/az\\\/#website\"},\"primaryImageOfPage\":{\"@id\":\"https:\\\/\\\/www.meydan.tv\\\/az\\\/article\\\/prezident-seckilerine-ne-qeder-pul-xerclenib\\\/#primaryimage\"},\"image\":{\"@id\":\"https:\\\/\\\/www.meydan.tv\\\/az\\\/article\\\/prezident-seckilerine-ne-qeder-pul-xerclenib\\\/#primaryimage\"},\"thumbnailUrl\":\"https:\\\/\\\/www.meydan.tv\\\/wp-content\\\/uploads\\\/whatsapp-image-2024-01-22-at-11.34.58_7e57b3cc-e1706097927696.jpg\",\"datePublished\":\"2024-03-11T08:57:59+00:00\",\"dateModified\":\"2024-03-11T08:58:02+00:00\",\"breadcrumb\":{\"@id\":\"https:\\\/\\\/www.meydan.tv\\\/az\\\/article\\\/prezident-seckilerine-ne-qeder-pul-xerclenib\\\/#breadcrumb\"},\"inLanguage\":\"az\",\"potentialAction\":[{\"@type\":\"ReadAction\",\"target\":[\"https:\\\/\\\/www.meydan.tv\\\/az\\\/article\\\/prezident-seckilerine-ne-qeder-pul-xerclenib\\\/\"]}]},{\"@type\":\"ImageObject\",\"inLanguage\":\"az\",\"@id\":\"https:\\\/\\\/www.meydan.tv\\\/az\\\/article\\\/prezident-seckilerine-ne-qeder-pul-xerclenib\\\/#primaryimage\",\"url\":\"https:\\\/\\\/www.meydan.tv\\\/wp-content\\\/uploads\\\/whatsapp-image-2024-01-22-at-11.34.58_7e57b3cc-e1706097927696.jpg\",\"contentUrl\":\"https:\\\/\\\/www.meydan.tv\\\/wp-content\\\/uploads\\\/whatsapp-image-2024-01-22-at-11.34.58_7e57b3cc-e1706097927696.jpg\",\"width\":1200,\"height\":776,\"caption\":\"Se\u00e7ki. Foto: Meydan TV\"},{\"@type\":\"BreadcrumbList\",\"@id\":\"https:\\\/\\\/www.meydan.tv\\\/az\\\/article\\\/prezident-seckilerine-ne-qeder-pul-xerclenib\\\/#breadcrumb\",\"itemListElement\":[{\"@type\":\"ListItem\",\"position\":1,\"name\":\"Ana s\u0259hif\u0259\",\"item\":\"https:\\\/\\\/www.meydan.tv\\\/az\\\/\"},{\"@type\":\"ListItem\",\"position\":2,\"name\":\"Siyas\u0259t\",\"item\":\"https:\\\/\\\/www.meydan.tv\\\/az\\\/section\\\/siyaset\\\/\"},{\"@type\":\"ListItem\",\"position\":3,\"name\":\"Prezident se\u00e7kil\u0259rin\u0259 n\u0259 q\u0259d\u0259r pul x\u0259rcl\u0259nib?\"}]},{\"@type\":\"WebSite\",\"@id\":\"https:\\\/\\\/www.meydan.tv\\\/az\\\/#website\",\"url\":\"https:\\\/\\\/www.meydan.tv\\\/az\\\/\",\"name\":\"MEYDAN.TV\",\"description\":\"Meydan TV Az\u0259rbaycan\u0131n media m\u0259kan\u0131ndak\u0131 alternativ s\u0259sidir\",\"publisher\":{\"@id\":\"https:\\\/\\\/www.meydan.tv\\\/az\\\/#organization\"},\"potentialAction\":[{\"@type\":\"SearchAction\",\"target\":{\"@type\":\"EntryPoint\",\"urlTemplate\":\"https:\\\/\\\/www.meydan.tv\\\/az\\\/?s={search_term_string}\"},\"query-input\":{\"@type\":\"PropertyValueSpecification\",\"valueRequired\":true,\"valueName\":\"search_term_string\"}}],\"inLanguage\":\"az\"},{\"@type\":\"Organization\",\"@id\":\"https:\\\/\\\/www.meydan.tv\\\/az\\\/#organization\",\"name\":\"Meydan TV\",\"url\":\"https:\\\/\\\/www.meydan.tv\\\/az\\\/\",\"logo\":{\"@type\":\"ImageObject\",\"inLanguage\":\"az\",\"@id\":\"https:\\\/\\\/www.meydan.tv\\\/az\\\/#\\\/schema\\\/logo\\\/image\\\/\",\"url\":\"https:\\\/\\\/www.meydan.tv\\\/wp-content\\\/uploads\\\/2021\\\/07\\\/meydan-logo.svg\",\"contentUrl\":\"https:\\\/\\\/www.meydan.tv\\\/wp-content\\\/uploads\\\/2021\\\/07\\\/meydan-logo.svg\",\"width\":195,\"height\":46,\"caption\":\"Meydan TV\"},\"image\":{\"@id\":\"https:\\\/\\\/www.meydan.tv\\\/az\\\/#\\\/schema\\\/logo\\\/image\\\/\"}},{\"@type\":\"Person\",\"@id\":\"https:\\\/\\\/www.meydan.tv\\\/az\\\/#\\\/schema\\\/person\\\/09863e516102a829e72bedcf3f84c6b0\",\"name\":\"mahmud\"}]}<\/script>\n<!-- \/ Yoast SEO plugin. -->","yoast_head_json":{"title":"Prezident se\u00e7kil\u0259rin\u0259 n\u0259 q\u0259d\u0259r pul x\u0259rcl\u0259nib? - MEYDAN.TV","robots":{"index":"index","follow":"follow","max-snippet":"max-snippet:-1","max-image-preview":"max-image-preview:large","max-video-preview":"max-video-preview:-1"},"canonical":"https:\/\/www.meydan.tv\/az\/article\/prezident-seckilerine-ne-qeder-pul-xerclenib\/","og_locale":"az_AZ","og_type":"article","og_title":"Prezident se\u00e7kil\u0259rin\u0259 n\u0259 q\u0259d\u0259r pul x\u0259rcl\u0259nib? - MEYDAN.TV","og_description":"Maliyy\u0259 Nazirliyinin hesabat\u0131nda b\u0259zi r\u0259q\u0259ml\u0259r var Fevral\u0131n 7-d\u0259 Az\u0259rbaycanda ke\u00e7iril\u0259n ... Davam\u0131","og_url":"https:\/\/www.meydan.tv\/az\/article\/prezident-seckilerine-ne-qeder-pul-xerclenib\/","og_site_name":"MEYDAN.TV","article_published_time":"2024-03-11T08:57:59+00:00","article_modified_time":"2024-03-11T08:58:02+00:00","og_image":[{"width":1200,"height":776,"url":"https:\/\/www.meydan.tv\/wp-content\/uploads\/whatsapp-image-2024-01-22-at-11.34.58_7e57b3cc-e1706097927696.jpg","type":"image\/jpeg"}],"author":"mahmud","twitter_card":"summary_large_image","schema":{"@context":"https:\/\/schema.org","@graph":[{"@type":"Article","@id":"https:\/\/www.meydan.tv\/az\/article\/prezident-seckilerine-ne-qeder-pul-xerclenib\/#article","isPartOf":{"@id":"https:\/\/www.meydan.tv\/az\/article\/prezident-seckilerine-ne-qeder-pul-xerclenib\/"},"author":{"name":"mahmud","@id":"https:\/\/www.meydan.tv\/az\/#\/schema\/person\/09863e516102a829e72bedcf3f84c6b0"},"headline":"Prezident se\u00e7kil\u0259rin\u0259 n\u0259 q\u0259d\u0259r pul x\u0259rcl\u0259nib?","datePublished":"2024-03-11T08:57:59+00:00","dateModified":"2024-03-11T08:58:02+00:00","mainEntityOfPage":{"@id":"https:\/\/www.meydan.tv\/az\/article\/prezident-seckilerine-ne-qeder-pul-xerclenib\/"},"wordCount":454,"publisher":{"@id":"https:\/\/www.meydan.tv\/az\/#organization"},"image":{"@id":"https:\/\/www.meydan.tv\/az\/article\/prezident-seckilerine-ne-qeder-pul-xerclenib\/#primaryimage"},"thumbnailUrl":"https:\/\/www.meydan.tv\/wp-content\/uploads\/whatsapp-image-2024-01-22-at-11.34.58_7e57b3cc-e1706097927696.jpg","articleSection":["Se\u00e7ki 2024","Siyas\u0259t","T\u00f6vsiy\u0259","X\u0259b\u0259rl\u0259r"],"inLanguage":"az"},{"@type":"WebPage","@id":"https:\/\/www.meydan.tv\/az\/article\/prezident-seckilerine-ne-qeder-pul-xerclenib\/","url":"https:\/\/www.meydan.tv\/az\/article\/prezident-seckilerine-ne-qeder-pul-xerclenib\/","name":"Prezident se\u00e7kil\u0259rin\u0259 n\u0259 q\u0259d\u0259r pul x\u0259rcl\u0259nib? - MEYDAN.TV","isPartOf":{"@id":"https:\/\/www.meydan.tv\/az\/#website"},"primaryImageOfPage":{"@id":"https:\/\/www.meydan.tv\/az\/article\/prezident-seckilerine-ne-qeder-pul-xerclenib\/#primaryimage"},"image":{"@id":"https:\/\/www.meydan.tv\/az\/article\/prezident-seckilerine-ne-qeder-pul-xerclenib\/#primaryimage"},"thumbnailUrl":"https:\/\/www.meydan.tv\/wp-content\/uploads\/whatsapp-image-2024-01-22-at-11.34.58_7e57b3cc-e1706097927696.jpg","datePublished":"2024-03-11T08:57:59+00:00","dateModified":"2024-03-11T08:58:02+00:00","breadcrumb":{"@id":"https:\/\/www.meydan.tv\/az\/article\/prezident-seckilerine-ne-qeder-pul-xerclenib\/#breadcrumb"},"inLanguage":"az","potentialAction":[{"@type":"ReadAction","target":["https:\/\/www.meydan.tv\/az\/article\/prezident-seckilerine-ne-qeder-pul-xerclenib\/"]}]},{"@type":"ImageObject","inLanguage":"az","@id":"https:\/\/www.meydan.tv\/az\/article\/prezident-seckilerine-ne-qeder-pul-xerclenib\/#primaryimage","url":"https:\/\/www.meydan.tv\/wp-content\/uploads\/whatsapp-image-2024-01-22-at-11.34.58_7e57b3cc-e1706097927696.jpg","contentUrl":"https:\/\/www.meydan.tv\/wp-content\/uploads\/whatsapp-image-2024-01-22-at-11.34.58_7e57b3cc-e1706097927696.jpg","width":1200,"height":776,"caption":"Se\u00e7ki. Foto: Meydan TV"},{"@type":"BreadcrumbList","@id":"https:\/\/www.meydan.tv\/az\/article\/prezident-seckilerine-ne-qeder-pul-xerclenib\/#breadcrumb","itemListElement":[{"@type":"ListItem","position":1,"name":"Ana s\u0259hif\u0259","item":"https:\/\/www.meydan.tv\/az\/"},{"@type":"ListItem","position":2,"name":"Siyas\u0259t","item":"https:\/\/www.meydan.tv\/az\/section\/siyaset\/"},{"@type":"ListItem","position":3,"name":"Prezident se\u00e7kil\u0259rin\u0259 n\u0259 q\u0259d\u0259r pul x\u0259rcl\u0259nib?"}]},{"@type":"WebSite","@id":"https:\/\/www.meydan.tv\/az\/#website","url":"https:\/\/www.meydan.tv\/az\/","name":"MEYDAN.TV","description":"Meydan TV Az\u0259rbaycan\u0131n media m\u0259kan\u0131ndak\u0131 alternativ s\u0259sidir","publisher":{"@id":"https:\/\/www.meydan.tv\/az\/#organization"},"potentialAction":[{"@type":"SearchAction","target":{"@type":"EntryPoint","urlTemplate":"https:\/\/www.meydan.tv\/az\/?s={search_term_string}"},"query-input":{"@type":"PropertyValueSpecification","valueRequired":true,"valueName":"search_term_string"}}],"inLanguage":"az"},{"@type":"Organization","@id":"https:\/\/www.meydan.tv\/az\/#organization","name":"Meydan TV","url":"https:\/\/www.meydan.tv\/az\/","logo":{"@type":"ImageObject","inLanguage":"az","@id":"https:\/\/www.meydan.tv\/az\/#\/schema\/logo\/image\/","url":"https:\/\/www.meydan.tv\/wp-content\/uploads\/2021\/07\/meydan-logo.svg","contentUrl":"https:\/\/www.meydan.tv\/wp-content\/uploads\/2021\/07\/meydan-logo.svg","width":195,"height":46,"caption":"Meydan TV"},"image":{"@id":"https:\/\/www.meydan.tv\/az\/#\/schema\/logo\/image\/"}},{"@type":"Person","@id":"https:\/\/www.meydan.tv\/az\/#\/schema\/person\/09863e516102a829e72bedcf3f84c6b0","name":"mahmud"}]}},"_links":{"self":[{"href":"https:\/\/www.meydan.tv\/az\/wp-json\/wp\/v2\/posts\/300862","targetHints":{"allow":["GET"]}}],"collection":[{"href":"https:\/\/www.meydan.tv\/az\/wp-json\/wp\/v2\/posts"}],"about":[{"href":"https:\/\/www.meydan.tv\/az\/wp-json\/wp\/v2\/types\/post"}],"author":[{"embeddable":true,"href":"https:\/\/www.meydan.tv\/az\/wp-json\/wp\/v2\/users\/21"}],"replies":[{"embeddable":true,"href":"https:\/\/www.meydan.tv\/az\/wp-json\/wp\/v2\/comments?post=300862"}],"version-history":[{"count":1,"href":"https:\/\/www.meydan.tv\/az\/wp-json\/wp\/v2\/posts\/300862\/revisions"}],"predecessor-version":[{"id":300863,"href":"https:\/\/www.meydan.tv\/az\/wp-json\/wp\/v2\/posts\/300862\/revisions\/300863"}],"wp:featuredmedia":[{"embeddable":true,"href":"https:\/\/www.meydan.tv\/az\/wp-json\/wp\/v2\/media\/295713"}],"wp:attachment":[{"href":"https:\/\/www.meydan.tv\/az\/wp-json\/wp\/v2\/media?parent=300862"}],"wp:term":[{"taxonomy":"category","embeddable":true,"href":"https:\/\/www.meydan.tv\/az\/wp-json\/wp\/v2\/categories?post=300862"},{"taxonomy":"post_tag","embeddable":true,"href":"https:\/\/www.meydan.tv\/az\/wp-json\/wp\/v2\/tags?post=300862"}],"curies":[{"name":"wp","href":"https:\/\/api.w.org\/{rel}","templated":true}]}}