{"id":300700,"date":"2024-03-08T17:28:53","date_gmt":"2024-03-08T13:28:53","guid":{"rendered":"https:\/\/www.meydan.tv\/?p=300700"},"modified":"2024-03-08T17:28:56","modified_gmt":"2024-03-08T13:28:56","slug":"feministler-durus-sergiledi-olduren-dovlet-istemirik","status":"publish","type":"post","link":"https:\/\/www.meydan.tv\/az\/article\/feministler-durus-sergiledi-olduren-dovlet-istemirik\/","title":{"rendered":"Feministl\u0259r duru\u015f s\u0259rgil\u0259di: \u201c\u00d6ld\u00fcr\u0259n d\u00f6vl\u0259t ist\u0259mirik\u201d"},"content":{"rendered":"\n<figure class=\"wp-block-embed is-type-video is-provider-youtube wp-block-embed-youtube wp-embed-aspect-16-9 wp-has-aspect-ratio\"><div class=\"wp-block-embed__wrapper\">\n<iframe title=\"Feminist H\u0259r\u0259kat\u0131 \u201c8 Mar\u015f - Duru\u015f s\u0259rgil\u0259yirik\u201d piketi ke\u00e7irib\" width=\"1200\" height=\"675\" data-src=\"https:\/\/www.youtube.com\/embed\/Zd9q44JTHbY?feature=oembed\" frameborder=\"0\" allow=\"accelerometer; autoplay; clipboard-write; encrypted-media; gyroscope; picture-in-picture; web-share\" allowfullscreen src=\"data:image\/svg+xml;base64,PHN2ZyB3aWR0aD0iMSIgaGVpZ2h0PSIxIiB4bWxucz0iaHR0cDovL3d3dy53My5vcmcvMjAwMC9zdmciPjwvc3ZnPg==\" class=\"lazyload\" data-load-mode=\"1\"><\/iframe>\n<\/div><\/figure>\n\n\n\n<p><\/p>\n\n\n\n<p><em><strong>Bak\u0131da piket ke\u00e7irilib, polis aksiya\u00e7\u0131lar\u0131n plakatlar\u0131n\u0131 al\u0131b<\/strong><\/em><\/p>\n\n\n\n<p>Mart\u0131n 8-d\u0259 Feminist H\u0259r\u0259kat\u0131 Bak\u0131n\u0131n m\u0259rk\u0259zind\u0259 \u201c8 MAR\u015e \u2013 Duru\u015f s\u0259rgil\u0259yirik\u201d piketi ke\u00e7irib.<\/p>\n\n\n\n<p>Bir qrup qad\u0131n \u0259ll\u0259rind\u0259ki plakatlarla Xur\u015fudbanu Nat\u0259van\u0131n heyk\u0259linin \u00f6n\u00fcnd\u0259 topla\u015f\u0131b.<br>Topla\u015fanlar\u0131 polis m\u00fc\u015fayi\u0259t edib. Onlar heyk\u0259li m\u00fchasir\u0259y\u0259 al\u0131b, piketi izl\u0259yibl\u0259r.<\/p>\n\n\n\n<p>Feministl\u0259rin etiraz\u0131 son zamanlar \u00f6lk\u0259d\u0259 qad\u0131n h\u00fcquqlar\u0131 il\u0259 ba\u011fl\u0131 ba\u015f ver\u0259nl\u0259r\u0259 olub. Onlar iqlim d\u0259yi\u015fikliyin\u0259, \u0259dal\u0259tsiz \u0259m\u0259k haqq\u0131na, erk\u0259n nikahlara, m\u0259i\u015f\u0259t zorak\u0131l\u0131\u011f\u0131na, LGBTQ\u0130+ v\u0259t\u0259nda\u015flar\u0131n pozulan h\u00fcqualar\u0131na, qar\u015f\u0131la\u015fd\u0131qlar\u0131 diskriminasiyaya etiraz edibl\u0259r.<\/p>\n\n\n\n<p>H\u0259m\u00e7inin, haqs\u0131z yer\u0259 h\u0259bs edil\u0259n qad\u0131n jurnalistl\u0259r \u2013 Sevinc Vaqifq\u0131z\u0131, N\u0259rgiz Absalamova v\u0259 Elnar\u0259 Qas\u0131movan\u0131n, el\u0259c\u0259 d\u0259 h\u0259bs olunan dig\u0259r m\u0259hbuslara azadl\u0131q t\u0259l\u0259b edibl\u0259r.<\/p>\n\n\n\n<p><strong>\u015e\u00fcarlar<\/strong><\/p>\n\n\n\n<p>\u201cPulu yedi h\u00f6kum\u0259t, \u015fotu \u00f6d\u0259di m\u0259tbuat\u201d, \u201cMeydanda da, zindanda da yan-yana\u201d, \u201cQ\u0131z xeyla\u011f\u0131 \u00f6z\u00fcn\u00fc azad aparar\u201d, \u201cSevinc \u00fc\u00e7\u00fcn, N\u0259rgiz \u00fc\u00e7\u00fcn, Elnar\u0259 \u00fc\u00e7\u00fcn\u201d, \u201cMasa arxas\u0131nda olmal\u0131y\u0131q, menyuda yox\u201d, \u201cC\u0259sar\u0259tli qad\u0131n inqilabd\u0131r\u201d, \u201cPatriarxat sa\u011flaml\u0131\u011fa ziyand\u0131r\u201d, \u201cH\u0259r k\u0259si ad\u0131 il\u0259 \u00e7a\u011f\u0131raca\u011f\u0131q\u201d, \u201cSa\u011f qalmaq da etirazd\u0131r\u201d, \u201cKi\u015fi-ail\u0259 ba\u015f\u00e7\u0131s\u0131, o\u011fru \u00f6lk\u0259 ba\u015f\u00e7\u0131s\u0131 ist\u0259mirik\u201d, \u201cErk\u0259n nikah u\u015faq istismar\u0131d\u0131r\u201d, \u201cPartiarxal sistem\u0259 yox\u201d &#8211; kimi plakatlar a\u00e7\u0131blar.<\/p>\n\n\n\n<p>Polis piket\u0259 m\u00fcdaxil\u0259 edib, q\u0131zlar\u0131n \u0259lind\u0259ki plakatlar\u0131 alaraq, c\u0131r\u0131b. Aksiyan\u0131n \u0259vv\u0259lind\u0259 t\u0259\u015fkilat\u00e7\u0131lardan G\u00fclnara Mehdiyevan\u0131 polis \u0259razid\u0259n uzaqla\u015fd\u0131r\u0131b. Az sonra o geri g\u0259lib.<\/p>\n\n\n\n<p><em>\u201cQolumu burdular, apard\u0131lar. Sonra s\u0259rb\u0259st buraxd\u0131lar, \u00f6z\u00fcm d\u0259 anlamad\u0131m n\u0259 ba\u015f verdiyini\u201d<\/em>, &#8211; G\u00fclnara Mehdiyeva bildirib.<\/p>\n\n\n\n<p><strong>Qad\u0131nlara qar\u015f\u0131 zorak\u0131l\u0131q art\u0131b<\/strong><\/p>\n\n\n\n<p>G\u00fclnara Mehdiyeva piketin b\u0259yanat\u0131n\u0131 s\u0259sl\u0259ndirib. Bildirib ki, \u00f6t\u0259n 2023-c\u00fc ild\u0259 m\u0259i\u015f\u0259t z\u0259minind\u0259 q\u0259tl\u0259 yetiril\u0259n qad\u0131n say\u0131 63-d\u00fcr. Ail\u0259, Qad\u0131n, U\u015faq probleml\u0259ri \u00fczr\u0259 Komit\u0259y\u0259 g\u0259l\u0259n m\u0259i\u015f\u0259t zorak\u0131l\u0131\u011f\u0131 m\u00fcraci\u0259tl\u0259ri is\u0259 son ill\u0259rl\u0259 m\u00fcqayis\u0259d\u0259 3 d\u0259f\u0259 art\u0131b:<\/p>\n\n\n\n<p><em>\u201cBu m\u00f6vzuda t\u0259l\u0259bl\u0259rimiz h\u0259l\u0259 d\u0259 aktual qal\u0131r: h\u00f6kum\u0259t qad\u0131nlara qar\u015f\u0131 zorak\u0131l\u0131q v\u0259 q\u0259tll\u0259rin qar\u015f\u0131s\u0131n\u0131 almaq \u00fc\u00e7\u00fcn ka\u011f\u0131z \u00fcst\u00fcnd\u0259 yox, reall\u0131qda ciddi t\u0259dbirl\u0259r h\u0259yata ke\u00e7irsin! M\u00fchafiz\u0259 orderl\u0259rinin verilm\u0259sind\u0259 s\u00fcni baryerl\u0259r aradan qald\u0131r\u0131ls\u0131n. Qad\u0131nlar\u0131n iqtisadi as\u0131l\u0131l\u0131q olmadan, m\u00fcst\u0259qil ya\u015famlar\u0131na t\u00f6hf\u0259 ver\u0259c\u0259k \u015f\u0259rait yarad\u0131ls\u0131n!\u201d<\/em><\/p>\n\n\n\n<p>Jurnalist Nigar M\u00fcbariz h\u0259bsd\u0259 olan qad\u0131nlara diqq\u0259t \u00e7\u0259kib. Bildirib ki, Sevinc, N\u0259rgiz, Elnar\u0259 \u00fc\u00e7\u00fcn burdad\u0131r. O, jurnalistl\u0259r\u0259 azadl\u0131q t\u0259l\u0259b edib.<\/p>\n\n\n\n<p><strong>\u201c\u00d6ld\u00fcr\u0259n d\u00f6vl\u0259t ist\u0259mirik\u201d, \u201c\u00d6ld\u00fcr\u0259n ail\u0259 ist\u0259mirik\u201d<\/strong><\/p>\n\n\n\n<p>Bundan sonra \u015f\u00fcarlar s\u0259sl\u0259ndirilib: \u201c\u00d6ld\u00fcr\u0259n d\u00f6vl\u0259t ist\u0259mirik\u201d, \u201c\u00d6ld\u00fcr\u0259n ail\u0259 ist\u0259mirik\u201d, \u201cAzya\u015fl\u0131 nikah\u0131na yox deyirik\u201d.<\/p>\n\n\n\n<p>Aksiya i\u015ftirak\u00e7\u0131lar\u0131 daha sonra m\u0259kt\u0259bl\u0259rd\u0259 bullinq\u0259, evl\u0259rd\u0259 istismara, erk\u0259n nikahlara etiraz edibl\u0259r. Bildiribl\u0259r ki, Ail\u0259 Qad\u0131n U\u015faq Probleml\u0259ri \u00fczr\u0259 D\u00f6vl\u0259t Komit\u0259si buna diqq\u0259tli yana\u015fmal\u0131d\u0131r.<\/p>\n\n\n\n<p><em>\u201cBu Beyn\u0259lxalq Qad\u0131nlar G\u00fcn\u00fcnd\u0259 biz \u00f6lk\u0259d\u0259 \u0259m\u0259k\u00e7i qad\u0131nlar\u0131n h\u00fcquqlar\u0131n\u0131n qorunmas\u0131 il\u0259 ba\u011fl\u0131 m\u00fcbariz\u0259mizd\u0259 h\u0259mr\u0259yik. B\u0259rab\u0259r i\u015f \u00fc\u00e7\u00fcn b\u0259rab\u0259r \u00f6d\u0259ni\u015f v\u0259 i\u015f yerind\u0259 ayr\u0131-se\u00e7kiliy\u0259 v\u0259 q\u0131snamaya m\u0259ruz qalmadan \u0259lveri\u015fli \u015f\u0259raitd\u0259 \u00e7al\u0131\u015fmaq haqq\u0131m\u0131zdan \u0259l \u00e7\u0259km\u0259y\u0259c\u0259yimizi vur\u011fulay\u0131r\u0131q\u201d<\/em>.<\/p>\n\n\n\n<p><strong>Qad\u0131nlar\u0131n i\u015f yerl\u0259rind\u0259 probleml\u0259rin\u0259 diqq\u0259t<\/strong><\/p>\n\n\n\n<p>\u0130\u015ftirak\u00e7\u0131lar bildiribl\u0259r ki, bu yolda qar\u015f\u0131lar\u0131na \u00e7\u0131xan b\u00fct\u00fcn mane\u0259l\u0259ri y\u0131xmaqdan \u00e7\u0259kinm\u0259y\u0259c\u0259kl\u0259r. Onlar d\u00f6vl\u0259t qurumlar\u0131n\u0131 qad\u0131nlar\u0131n i\u015f h\u0259yat\u0131nda rastla\u015fd\u0131\u011f\u0131 probleml\u0259rin h\u0259lli istiqam\u0259tind\u0259 d\u00fczg\u00fcn \u00e7al\u0131\u015fma\u011fa d\u0259v\u0259t edibl\u0259r:<\/p>\n\n\n\n<p><em>\u201cValideynlik m\u0259zuniyy\u0259tinin y\u00fck\u00fcn\u00fcn sad\u0259c\u0259 qad\u0131nlar\u0131n \u00fcst\u00fcn\u0259 d\u00fc\u015fm\u0259m\u0259sini v\u0259 qad\u0131nlar\u0131n \u00f6z pe\u015f\u0259sind\u0259n uzaq qalmayaca\u011f\u0131 \u015f\u0259kild\u0259 t\u0259nziml\u0259nm\u0259sini t\u0259l\u0259b edirik. Biz \u0259m\u0259k\u00e7i qad\u0131nlar\u0131n i\u015f h\u0259yat\u0131nda olan t\u00f6hf\u0259l\u0259rinin qiym\u0259tl\u0259ndirilm\u0259sin\u0259 \u00e7a\u011f\u0131r\u0131r\u0131q! Qad\u0131nlar\u0131n inki\u015faf\u0131na d\u0259st\u0259k olan, potensiallar\u0131na \u00e7ata bil\u0259c\u0259yi \u0259dal\u0259tli, inkl\u00fcziv i\u015f yerl\u0259ri t\u0259l\u0259b edirik!\u201d<\/em><\/p>\n\n\n\n<p>Bu \u00e7\u0131x\u0131\u015fdan sonra \u201cB\u0259rab\u0259r \u0259m\u0259k, \u0259dal\u0259tli maa\u015f!\u201d, \u201cQ\u0131zlar\u0131 qoru, g\u0259l\u0259c\u0259yi qoru\u201d, \u201cYa\u015fas\u0131n qad\u0131n i\u015f\u00e7il\u0259r\u201d \u015f\u00fcarlar\u0131 s\u0259sl\u0259ndirilib.<\/p>\n\n\n\n<p>\u0130\u015ftirak\u00e7\u0131lardan S\u0259nub\u0259r Heyd\u0259rova \u0259lilliyi olan qad\u0131nlar\u0131n c\u0259miyy\u0259td\u0259 diskriminasiyaya m\u0259ruz qalmas\u0131na diqq\u0259t \u00e7\u0259kib. Deyib ki, bu g\u00fcn h\u0259m d\u0259 onlar \u00fc\u00e7\u00fcn duru\u015f g\u00f6st\u0259rirl\u0259r:<\/p>\n\n\n\n<p>\u201c\u018fn \u00e7ox diskriminasiyaya m\u0259ruz qoyan d\u00f6vl\u0259tdir. Onlar \u00fc\u00e7\u00fcn m\u00fc\u0259ssis\u0259l\u0259rd\u0259 \u015f\u0259rait olmad\u0131\u011f\u0131ndan, evl\u0259r\u0259 qapad\u0131l\u0131rlar. Biz bu g\u00fcn bura h\u0259m d\u0259 onlar\u0131n h\u00fcquqlar\u0131 \u00fc\u00e7\u00fcn g\u0259lmi\u015fik\u201d.<\/p>\n\n\n\n<p><strong>\u201cMeydanda da yan-yana, zindanda da yan-yana\u201d<\/strong><\/p>\n\n\n\n<p>Daha sonra \u00e7\u0131x\u0131\u015f ed\u0259n jurnalist Aytac Tapd\u0131q diqq\u0259ti h\u0259bsd\u0259 olan jurnalistl\u0259r\u0259 \u00e7\u0259kib. Bildirib ki, bu g\u00fcn Sevinc Vaqifq\u0131z\u0131, N\u0259rgiz Absalamova, Elnar\u0259 Qas\u0131mova i\u015fl\u0259rini vicdanla yerin\u0259 yetirdikl\u0259ri \u00fc\u00e7\u00fcn h\u0259bsd\u0259dirl\u0259r.<\/p>\n\n\n\n<p><em>\u201cPe\u015f\u0259l\u0259rin\u0259 sadiq olan bu c\u0259sur qad\u0131nlar korrupsiya cinay\u0259tl\u0259rini if\u015fa etdiyi, h\u0259qiq\u0259tl\u0259ri g\u00f6st\u0259rdiyi \u00fc\u00e7\u00fcn h\u0259bs olunublar. Az\u0259rbaycan h\u00f6kum\u0259tind\u0259n jurnalistl\u0259rin haqq\u0131 olan azadl\u0131qlar\u0131n\u0131 t\u0259l\u0259b edirik. H\u0259bs olunaca\u011f\u0131n\u0131 bil\u0259-bil\u0259, \u00f6lk\u0259sin\u0259 t\u0259l\u0259s\u0259n, t\u0259yyar\u0259 n\u0259rdivanlar\u0131ndaca h\u0259bs olunan jurnalist Sevinc Vaqifq\u0131z\u0131n\u0131n, g\u00fcl\u00fc\u015f\u00fc v\u0259 m\u0259\u011frurlu\u011fu il\u0259 m\u0259hk\u0259m\u0259 hakiml\u0259rini utand\u0131ran N\u0259rgiz Absalamovan\u0131n, h\u0259bs \u00e7antas\u0131n\u0131 \u00f6nc\u0259d\u0259n y\u0131\u011fan, i\u00e7in\u0259 q\u0131rm\u0131z\u0131 pomadas\u0131n\u0131 qoyma\u011f\u0131 unutmayan Elnar\u0259 Qas\u0131movan\u0131n dimdik duru\u015fundan g\u00fcc alaraq bu g\u00fcn burada duru\u015f s\u0259rgil\u0259yirik! Onlar korrupsiya faktlar\u0131n\u0131 ortaya qoyduqlar\u0131 \u00fc\u00e7\u00fcn h\u0259bsd\u0259dirl\u0259r\u201d<\/em>.<\/p>\n\n\n\n<p><strong>\u201cT\u0259bi\u0259ti yox, sistemi m\u0259hv et\u201d<\/strong><\/p>\n\n\n\n<p>Aksiya i\u015ftirak\u00e7\u0131lar\u0131 ekoloji probleml\u0259rd\u0259n d\u0259 dan\u0131\u015f\u0131b. Deyibl\u0259r ki, bu g\u00fcn qad\u0131nlar\u0131n ekoloji c\u0259h\u0259td\u0259n sa\u011flam v\u0259 t\u0259hl\u00fck\u0259siz m\u00fchitd\u0259 ya\u015famaq h\u00fcquqlar\u0131n\u0131n b\u0259rpas\u0131n\u0131 v\u0259 bu h\u00fcquqlar\u0131n b\u0259rpa edilm\u0259sind\u0259 qad\u0131nlar\u0131n m\u00fcbariz\u0259sinin zorak\u0131l\u0131qla qar\u015f\u0131s\u0131n\u0131n al\u0131nmas\u0131na son qoyulmas\u0131n\u0131 t\u0259l\u0259b edirl\u0259r:<\/p>\n\n\n\n<p><em>\u201cBiz d\u00f6vl\u0259t t\u0259r\u0259find\u0259n h\u0259yata ke\u00e7iril\u0259n q\u0259ddarl\u0131qlara, flora v\u0259 faunaya qar\u015f\u0131 anti-humanist davran\u0131\u015flara, \u0259traf m\u00fchitin \u00e7irkl\u0259ndirilm\u0259sin\u0259, t\u0259bii resurslar\u0131n v\u0259zif\u0259li \u015f\u0259xsl\u0259r t\u0259r\u0259find\u0259n talan edilm\u0259sin\u0259 son qoyulmas\u0131n\u0131 t\u0259l\u0259b edirik! Bu sah\u0259d\u0259 haqq s\u0259sl\u0259ri q\u0259ddarl\u0131qla susdurulan qad\u0131nlarla h\u0259mr\u0259y oldu\u011fumuzu bildiririk\u201d<\/em>.<\/p>\n\n\n\n<p>O \u0259lav\u0259 edib ki, iqlim d\u0259yi\u015fm\u0259l\u0259ri qad\u0131nlara x\u00fcsusil\u0259 t\u0259sir edir v\u0259 bu sah\u0259d\u0259 qad\u0131nlar\u0131n q\u0259rar q\u0259buletm\u0259 pay\u0131 \u00f6nd\u0259 olmal\u0131d\u0131r.<\/p>\n\n\n\n<p><em>\u201c\u00d6lk\u0259mizd\u0259 ke\u00e7iril\u0259c\u0259k COP29 \u0130qlim Komit\u0259sind\u0259 yaln\u0131z t\u0259nqidi fikirl\u0259rd\u0259n sonra qad\u0131nlar\u0131n komit\u0259d\u0259 \u00fczv edilm\u0259sini pisl\u0259yir, patriarxal idar\u0259etm\u0259 sisteminin qurbanlar\u0131 olmayaca\u011f\u0131m\u0131z\u0131 b\u0259yan edirik\u201d<\/em>.<\/p>\n\n\n\n<p><strong>\u201cQ\u0131zlar\u0131 qoru, g\u0259l\u0259c\u0259yi qoru!\u201d<\/strong><\/p>\n\n\n\n<p>Piket t\u0259\u015fkilat\u00e7\u0131lar\u0131ndan N\u0259rmin \u015eahmarzad\u0259 diqq\u0259ti q\u0131z u\u015faqlar\u0131n\u0131n m\u0259kt\u0259bl\u0259rd\u0259 bullinq\u0259, evl\u0259rd\u0259 istismara, erk\u0259n nikahlara m\u0259ruz qalmas\u0131na \u00e7\u0259kib. O, d\u00f6vl\u0259t qurumlar\u0131ndan q\u0131z u\u015faqlar\u0131n\u0131n h\u0259r hans\u0131 bir zorak\u0131l\u0131q t\u0259hl\u00fck\u0259si alt\u0131nda olmadan m\u0259kt\u0259bd\u0259 v\u0259 evd\u0259 g\u00fcv\u0259nd\u0259 olmalar\u0131 \u00fc\u00e7\u00fcn h\u0259r \u015f\u0259raitin yarad\u0131lmas\u0131n\u0131 t\u0259l\u0259b edib:<\/p>\n\n\n\n<p><em>\u201cQ\u0131z u\u015faqlar\u0131n\u0131n intihar\u0131 t\u0259k \u00e7\u0131x\u0131\u015f yolu olaraq g\u00f6rm\u0259diyi, vaxt\u0131ndan \u0259vv\u0259l b\u00f6y\u00fcm\u0259k m\u0259cburiyy\u0259tind\u0259 qalmad\u0131\u011f\u0131, u\u015faql\u0131\u011f\u0131n\u0131 u\u015faq kimi ke\u00e7ir\u0259 bildiyi bir h\u0259yat\u0131n d\u00f6vl\u0259t t\u0259r\u0259find\u0259n t\u0259min edilm\u0259sini t\u0259l\u0259b edirik\u201d<\/em>.<\/p>\n\n\n\n<p>Sonda feminist mar\u015f\u0131 s\u0259sl\u0259nib v\u0259 piket ba\u015f tutmu\u015f hesab edilib.<\/p>\n\n\n\n<p>Piketin ke\u00e7iril\u0259c\u0259yi il\u0259 ba\u011fl\u0131 x\u0259b\u0259rdarl\u0131q m\u0259ktubu Bak\u0131 \u015e\u0259h\u0259r \u0130cra Hakimiyy\u0259tin\u0259 (B\u015e\u0130H) t\u0259qdim edilmi\u015fdi. B\u015e\u0130H piketin ke\u00e7irilm\u0259sin\u0259 \u201cyox\u201d cavab\u0131 vermi\u015fdi.<\/p>\n","protected":false},"excerpt":{"rendered":"<p>Bak\u0131da piket ke\u00e7irilib, polis aksiya\u00e7\u0131lar\u0131n plakatlar\u0131n\u0131 al\u0131b Mart\u0131n 8-d\u0259 Feminist &#8230; <\/p>\n<p class=\"read-more-container\"><a title=\"Feministl\u0259r duru\u015f s\u0259rgil\u0259di: \u201c\u00d6ld\u00fcr\u0259n d\u00f6vl\u0259t ist\u0259mirik\u201d\" class=\"read-more button\" href=\"https:\/\/www.meydan.tv\/az\/article\/feministler-durus-sergiledi-olduren-dovlet-istemirik\/#more-300700\" aria-label=\"Read more about Feministl\u0259r duru\u015f s\u0259rgil\u0259di: \u201c\u00d6ld\u00fcr\u0259n d\u00f6vl\u0259t ist\u0259mirik\u201d\">Davam\u0131<\/a><\/p>\n","protected":false},"author":12,"featured_media":300702,"comment_status":"closed","ping_status":"closed","sticky":false,"template":"","format":"standard","meta":{"_acf_changed":false,"_sitemap_exclude":false,"_sitemap_priority":"","_sitemap_frequency":"","footnotes":""},"categories":[62,79,63,56],"tags":[],"class_list":["post-300700","post","type-post","status-publish","format-standard","has-post-thumbnail","hentry","category-sosial","category-featured","category-video-2","category-xeberler","infinite-scroll-item","generate-columns","tablet-grid-50","mobile-grid-100","grid-parent","grid-33","no-featured-image-padding"],"acf":[],"yoast_head":"<!-- This site is optimized with the Yoast SEO plugin v27.4 - https:\/\/yoast.com\/product\/yoast-seo-wordpress\/ -->\n<title>Feministl\u0259r duru\u015f s\u0259rgil\u0259di: \u201c\u00d6ld\u00fcr\u0259n d\u00f6vl\u0259t ist\u0259mirik\u201d - MEYDAN.TV<\/title>\n<meta name=\"robots\" content=\"index, follow, max-snippet:-1, max-image-preview:large, max-video-preview:-1\" \/>\n<link rel=\"canonical\" href=\"https:\/\/www.meydan.tv\/az\/article\/feministler-durus-sergiledi-olduren-dovlet-istemirik\/\" \/>\n<meta property=\"og:locale\" content=\"az_AZ\" \/>\n<meta property=\"og:type\" content=\"article\" \/>\n<meta property=\"og:title\" content=\"Feministl\u0259r duru\u015f s\u0259rgil\u0259di: \u201c\u00d6ld\u00fcr\u0259n d\u00f6vl\u0259t ist\u0259mirik\u201d - MEYDAN.TV\" \/>\n<meta property=\"og:description\" content=\"Bak\u0131da piket ke\u00e7irilib, polis aksiya\u00e7\u0131lar\u0131n plakatlar\u0131n\u0131 al\u0131b Mart\u0131n 8-d\u0259 Feminist ... Davam\u0131\" \/>\n<meta property=\"og:url\" content=\"https:\/\/www.meydan.tv\/az\/article\/feministler-durus-sergiledi-olduren-dovlet-istemirik\/\" \/>\n<meta property=\"og:site_name\" content=\"MEYDAN.TV\" \/>\n<meta property=\"article:published_time\" content=\"2024-03-08T13:28:53+00:00\" \/>\n<meta property=\"article:modified_time\" content=\"2024-03-08T13:28:56+00:00\" \/>\n<meta property=\"og:image\" content=\"https:\/\/www.meydan.tv\/wp-content\/uploads\/screenshot-2024-03-08-at-12.04.14-1200x805.png\" \/>\n\t<meta property=\"og:image:width\" content=\"1200\" \/>\n\t<meta property=\"og:image:height\" content=\"805\" \/>\n\t<meta property=\"og:image:type\" content=\"image\/png\" \/>\n<meta name=\"author\" content=\"aleks\" \/>\n<meta name=\"twitter:card\" content=\"summary_large_image\" \/>\n<script type=\"application\/ld+json\" class=\"yoast-schema-graph\">{\"@context\":\"https:\\\/\\\/schema.org\",\"@graph\":[{\"@type\":\"Article\",\"@id\":\"https:\\\/\\\/www.meydan.tv\\\/az\\\/article\\\/feministler-durus-sergiledi-olduren-dovlet-istemirik\\\/#article\",\"isPartOf\":{\"@id\":\"https:\\\/\\\/www.meydan.tv\\\/az\\\/article\\\/feministler-durus-sergiledi-olduren-dovlet-istemirik\\\/\"},\"author\":{\"name\":\"aleks\",\"@id\":\"https:\\\/\\\/www.meydan.tv\\\/az\\\/#\\\/schema\\\/person\\\/476e9360e593fa131d5d71d51866f8da\"},\"headline\":\"Feministl\u0259r duru\u015f s\u0259rgil\u0259di: \u201c\u00d6ld\u00fcr\u0259n d\u00f6vl\u0259t ist\u0259mirik\u201d\",\"datePublished\":\"2024-03-08T13:28:53+00:00\",\"dateModified\":\"2024-03-08T13:28:56+00:00\",\"mainEntityOfPage\":{\"@id\":\"https:\\\/\\\/www.meydan.tv\\\/az\\\/article\\\/feministler-durus-sergiledi-olduren-dovlet-istemirik\\\/\"},\"wordCount\":1548,\"publisher\":{\"@id\":\"https:\\\/\\\/www.meydan.tv\\\/az\\\/#organization\"},\"image\":{\"@id\":\"https:\\\/\\\/www.meydan.tv\\\/az\\\/article\\\/feministler-durus-sergiledi-olduren-dovlet-istemirik\\\/#primaryimage\"},\"thumbnailUrl\":\"https:\\\/\\\/www.meydan.tv\\\/wp-content\\\/uploads\\\/screenshot-2024-03-08-at-12.04.14.png\",\"articleSection\":[\"Sosial\",\"T\u00f6vsiy\u0259\",\"Video\",\"X\u0259b\u0259rl\u0259r\"],\"inLanguage\":\"az\"},{\"@type\":\"WebPage\",\"@id\":\"https:\\\/\\\/www.meydan.tv\\\/az\\\/article\\\/feministler-durus-sergiledi-olduren-dovlet-istemirik\\\/\",\"url\":\"https:\\\/\\\/www.meydan.tv\\\/az\\\/article\\\/feministler-durus-sergiledi-olduren-dovlet-istemirik\\\/\",\"name\":\"Feministl\u0259r duru\u015f s\u0259rgil\u0259di: \u201c\u00d6ld\u00fcr\u0259n d\u00f6vl\u0259t ist\u0259mirik\u201d - MEYDAN.TV\",\"isPartOf\":{\"@id\":\"https:\\\/\\\/www.meydan.tv\\\/az\\\/#website\"},\"primaryImageOfPage\":{\"@id\":\"https:\\\/\\\/www.meydan.tv\\\/az\\\/article\\\/feministler-durus-sergiledi-olduren-dovlet-istemirik\\\/#primaryimage\"},\"image\":{\"@id\":\"https:\\\/\\\/www.meydan.tv\\\/az\\\/article\\\/feministler-durus-sergiledi-olduren-dovlet-istemirik\\\/#primaryimage\"},\"thumbnailUrl\":\"https:\\\/\\\/www.meydan.tv\\\/wp-content\\\/uploads\\\/screenshot-2024-03-08-at-12.04.14.png\",\"datePublished\":\"2024-03-08T13:28:53+00:00\",\"dateModified\":\"2024-03-08T13:28:56+00:00\",\"breadcrumb\":{\"@id\":\"https:\\\/\\\/www.meydan.tv\\\/az\\\/article\\\/feministler-durus-sergiledi-olduren-dovlet-istemirik\\\/#breadcrumb\"},\"inLanguage\":\"az\",\"potentialAction\":[{\"@type\":\"ReadAction\",\"target\":[\"https:\\\/\\\/www.meydan.tv\\\/az\\\/article\\\/feministler-durus-sergiledi-olduren-dovlet-istemirik\\\/\"]}]},{\"@type\":\"ImageObject\",\"inLanguage\":\"az\",\"@id\":\"https:\\\/\\\/www.meydan.tv\\\/az\\\/article\\\/feministler-durus-sergiledi-olduren-dovlet-istemirik\\\/#primaryimage\",\"url\":\"https:\\\/\\\/www.meydan.tv\\\/wp-content\\\/uploads\\\/screenshot-2024-03-08-at-12.04.14.png\",\"contentUrl\":\"https:\\\/\\\/www.meydan.tv\\\/wp-content\\\/uploads\\\/screenshot-2024-03-08-at-12.04.14.png\",\"width\":1944,\"height\":1304},{\"@type\":\"BreadcrumbList\",\"@id\":\"https:\\\/\\\/www.meydan.tv\\\/az\\\/article\\\/feministler-durus-sergiledi-olduren-dovlet-istemirik\\\/#breadcrumb\",\"itemListElement\":[{\"@type\":\"ListItem\",\"position\":1,\"name\":\"Ana s\u0259hif\u0259\",\"item\":\"https:\\\/\\\/www.meydan.tv\\\/az\\\/\"},{\"@type\":\"ListItem\",\"position\":2,\"name\":\"Video\",\"item\":\"https:\\\/\\\/www.meydan.tv\\\/az\\\/section\\\/video-2\\\/\"},{\"@type\":\"ListItem\",\"position\":3,\"name\":\"Feministl\u0259r duru\u015f s\u0259rgil\u0259di: \u201c\u00d6ld\u00fcr\u0259n d\u00f6vl\u0259t ist\u0259mirik\u201d\"}]},{\"@type\":\"WebSite\",\"@id\":\"https:\\\/\\\/www.meydan.tv\\\/az\\\/#website\",\"url\":\"https:\\\/\\\/www.meydan.tv\\\/az\\\/\",\"name\":\"MEYDAN.TV\",\"description\":\"Meydan TV Az\u0259rbaycan\u0131n media m\u0259kan\u0131ndak\u0131 alternativ s\u0259sidir\",\"publisher\":{\"@id\":\"https:\\\/\\\/www.meydan.tv\\\/az\\\/#organization\"},\"potentialAction\":[{\"@type\":\"SearchAction\",\"target\":{\"@type\":\"EntryPoint\",\"urlTemplate\":\"https:\\\/\\\/www.meydan.tv\\\/az\\\/?s={search_term_string}\"},\"query-input\":{\"@type\":\"PropertyValueSpecification\",\"valueRequired\":true,\"valueName\":\"search_term_string\"}}],\"inLanguage\":\"az\"},{\"@type\":\"Organization\",\"@id\":\"https:\\\/\\\/www.meydan.tv\\\/az\\\/#organization\",\"name\":\"Meydan TV\",\"url\":\"https:\\\/\\\/www.meydan.tv\\\/az\\\/\",\"logo\":{\"@type\":\"ImageObject\",\"inLanguage\":\"az\",\"@id\":\"https:\\\/\\\/www.meydan.tv\\\/az\\\/#\\\/schema\\\/logo\\\/image\\\/\",\"url\":\"https:\\\/\\\/www.meydan.tv\\\/wp-content\\\/uploads\\\/2021\\\/07\\\/meydan-logo.svg\",\"contentUrl\":\"https:\\\/\\\/www.meydan.tv\\\/wp-content\\\/uploads\\\/2021\\\/07\\\/meydan-logo.svg\",\"width\":195,\"height\":46,\"caption\":\"Meydan TV\"},\"image\":{\"@id\":\"https:\\\/\\\/www.meydan.tv\\\/az\\\/#\\\/schema\\\/logo\\\/image\\\/\"}},{\"@type\":\"Person\",\"@id\":\"https:\\\/\\\/www.meydan.tv\\\/az\\\/#\\\/schema\\\/person\\\/476e9360e593fa131d5d71d51866f8da\",\"name\":\"aleks\"}]}<\/script>\n<!-- \/ Yoast SEO plugin. -->","yoast_head_json":{"title":"Feministl\u0259r duru\u015f s\u0259rgil\u0259di: \u201c\u00d6ld\u00fcr\u0259n d\u00f6vl\u0259t ist\u0259mirik\u201d - MEYDAN.TV","robots":{"index":"index","follow":"follow","max-snippet":"max-snippet:-1","max-image-preview":"max-image-preview:large","max-video-preview":"max-video-preview:-1"},"canonical":"https:\/\/www.meydan.tv\/az\/article\/feministler-durus-sergiledi-olduren-dovlet-istemirik\/","og_locale":"az_AZ","og_type":"article","og_title":"Feministl\u0259r duru\u015f s\u0259rgil\u0259di: \u201c\u00d6ld\u00fcr\u0259n d\u00f6vl\u0259t ist\u0259mirik\u201d - MEYDAN.TV","og_description":"Bak\u0131da piket ke\u00e7irilib, polis aksiya\u00e7\u0131lar\u0131n plakatlar\u0131n\u0131 al\u0131b Mart\u0131n 8-d\u0259 Feminist ... Davam\u0131","og_url":"https:\/\/www.meydan.tv\/az\/article\/feministler-durus-sergiledi-olduren-dovlet-istemirik\/","og_site_name":"MEYDAN.TV","article_published_time":"2024-03-08T13:28:53+00:00","article_modified_time":"2024-03-08T13:28:56+00:00","og_image":[{"width":1200,"height":805,"url":"https:\/\/www.meydan.tv\/wp-content\/uploads\/screenshot-2024-03-08-at-12.04.14-1200x805.png","type":"image\/png"}],"author":"aleks","twitter_card":"summary_large_image","schema":{"@context":"https:\/\/schema.org","@graph":[{"@type":"Article","@id":"https:\/\/www.meydan.tv\/az\/article\/feministler-durus-sergiledi-olduren-dovlet-istemirik\/#article","isPartOf":{"@id":"https:\/\/www.meydan.tv\/az\/article\/feministler-durus-sergiledi-olduren-dovlet-istemirik\/"},"author":{"name":"aleks","@id":"https:\/\/www.meydan.tv\/az\/#\/schema\/person\/476e9360e593fa131d5d71d51866f8da"},"headline":"Feministl\u0259r duru\u015f s\u0259rgil\u0259di: \u201c\u00d6ld\u00fcr\u0259n d\u00f6vl\u0259t ist\u0259mirik\u201d","datePublished":"2024-03-08T13:28:53+00:00","dateModified":"2024-03-08T13:28:56+00:00","mainEntityOfPage":{"@id":"https:\/\/www.meydan.tv\/az\/article\/feministler-durus-sergiledi-olduren-dovlet-istemirik\/"},"wordCount":1548,"publisher":{"@id":"https:\/\/www.meydan.tv\/az\/#organization"},"image":{"@id":"https:\/\/www.meydan.tv\/az\/article\/feministler-durus-sergiledi-olduren-dovlet-istemirik\/#primaryimage"},"thumbnailUrl":"https:\/\/www.meydan.tv\/wp-content\/uploads\/screenshot-2024-03-08-at-12.04.14.png","articleSection":["Sosial","T\u00f6vsiy\u0259","Video","X\u0259b\u0259rl\u0259r"],"inLanguage":"az"},{"@type":"WebPage","@id":"https:\/\/www.meydan.tv\/az\/article\/feministler-durus-sergiledi-olduren-dovlet-istemirik\/","url":"https:\/\/www.meydan.tv\/az\/article\/feministler-durus-sergiledi-olduren-dovlet-istemirik\/","name":"Feministl\u0259r duru\u015f s\u0259rgil\u0259di: \u201c\u00d6ld\u00fcr\u0259n d\u00f6vl\u0259t ist\u0259mirik\u201d - MEYDAN.TV","isPartOf":{"@id":"https:\/\/www.meydan.tv\/az\/#website"},"primaryImageOfPage":{"@id":"https:\/\/www.meydan.tv\/az\/article\/feministler-durus-sergiledi-olduren-dovlet-istemirik\/#primaryimage"},"image":{"@id":"https:\/\/www.meydan.tv\/az\/article\/feministler-durus-sergiledi-olduren-dovlet-istemirik\/#primaryimage"},"thumbnailUrl":"https:\/\/www.meydan.tv\/wp-content\/uploads\/screenshot-2024-03-08-at-12.04.14.png","datePublished":"2024-03-08T13:28:53+00:00","dateModified":"2024-03-08T13:28:56+00:00","breadcrumb":{"@id":"https:\/\/www.meydan.tv\/az\/article\/feministler-durus-sergiledi-olduren-dovlet-istemirik\/#breadcrumb"},"inLanguage":"az","potentialAction":[{"@type":"ReadAction","target":["https:\/\/www.meydan.tv\/az\/article\/feministler-durus-sergiledi-olduren-dovlet-istemirik\/"]}]},{"@type":"ImageObject","inLanguage":"az","@id":"https:\/\/www.meydan.tv\/az\/article\/feministler-durus-sergiledi-olduren-dovlet-istemirik\/#primaryimage","url":"https:\/\/www.meydan.tv\/wp-content\/uploads\/screenshot-2024-03-08-at-12.04.14.png","contentUrl":"https:\/\/www.meydan.tv\/wp-content\/uploads\/screenshot-2024-03-08-at-12.04.14.png","width":1944,"height":1304},{"@type":"BreadcrumbList","@id":"https:\/\/www.meydan.tv\/az\/article\/feministler-durus-sergiledi-olduren-dovlet-istemirik\/#breadcrumb","itemListElement":[{"@type":"ListItem","position":1,"name":"Ana s\u0259hif\u0259","item":"https:\/\/www.meydan.tv\/az\/"},{"@type":"ListItem","position":2,"name":"Video","item":"https:\/\/www.meydan.tv\/az\/section\/video-2\/"},{"@type":"ListItem","position":3,"name":"Feministl\u0259r duru\u015f s\u0259rgil\u0259di: \u201c\u00d6ld\u00fcr\u0259n d\u00f6vl\u0259t ist\u0259mirik\u201d"}]},{"@type":"WebSite","@id":"https:\/\/www.meydan.tv\/az\/#website","url":"https:\/\/www.meydan.tv\/az\/","name":"MEYDAN.TV","description":"Meydan TV Az\u0259rbaycan\u0131n media m\u0259kan\u0131ndak\u0131 alternativ s\u0259sidir","publisher":{"@id":"https:\/\/www.meydan.tv\/az\/#organization"},"potentialAction":[{"@type":"SearchAction","target":{"@type":"EntryPoint","urlTemplate":"https:\/\/www.meydan.tv\/az\/?s={search_term_string}"},"query-input":{"@type":"PropertyValueSpecification","valueRequired":true,"valueName":"search_term_string"}}],"inLanguage":"az"},{"@type":"Organization","@id":"https:\/\/www.meydan.tv\/az\/#organization","name":"Meydan TV","url":"https:\/\/www.meydan.tv\/az\/","logo":{"@type":"ImageObject","inLanguage":"az","@id":"https:\/\/www.meydan.tv\/az\/#\/schema\/logo\/image\/","url":"https:\/\/www.meydan.tv\/wp-content\/uploads\/2021\/07\/meydan-logo.svg","contentUrl":"https:\/\/www.meydan.tv\/wp-content\/uploads\/2021\/07\/meydan-logo.svg","width":195,"height":46,"caption":"Meydan TV"},"image":{"@id":"https:\/\/www.meydan.tv\/az\/#\/schema\/logo\/image\/"}},{"@type":"Person","@id":"https:\/\/www.meydan.tv\/az\/#\/schema\/person\/476e9360e593fa131d5d71d51866f8da","name":"aleks"}]}},"_links":{"self":[{"href":"https:\/\/www.meydan.tv\/az\/wp-json\/wp\/v2\/posts\/300700","targetHints":{"allow":["GET"]}}],"collection":[{"href":"https:\/\/www.meydan.tv\/az\/wp-json\/wp\/v2\/posts"}],"about":[{"href":"https:\/\/www.meydan.tv\/az\/wp-json\/wp\/v2\/types\/post"}],"author":[{"embeddable":true,"href":"https:\/\/www.meydan.tv\/az\/wp-json\/wp\/v2\/users\/12"}],"replies":[{"embeddable":true,"href":"https:\/\/www.meydan.tv\/az\/wp-json\/wp\/v2\/comments?post=300700"}],"version-history":[{"count":4,"href":"https:\/\/www.meydan.tv\/az\/wp-json\/wp\/v2\/posts\/300700\/revisions"}],"predecessor-version":[{"id":300709,"href":"https:\/\/www.meydan.tv\/az\/wp-json\/wp\/v2\/posts\/300700\/revisions\/300709"}],"wp:featuredmedia":[{"embeddable":true,"href":"https:\/\/www.meydan.tv\/az\/wp-json\/wp\/v2\/media\/300702"}],"wp:attachment":[{"href":"https:\/\/www.meydan.tv\/az\/wp-json\/wp\/v2\/media?parent=300700"}],"wp:term":[{"taxonomy":"category","embeddable":true,"href":"https:\/\/www.meydan.tv\/az\/wp-json\/wp\/v2\/categories?post=300700"},{"taxonomy":"post_tag","embeddable":true,"href":"https:\/\/www.meydan.tv\/az\/wp-json\/wp\/v2\/tags?post=300700"}],"curies":[{"name":"wp","href":"https:\/\/api.w.org\/{rel}","templated":true}]}}