{"id":300593,"date":"2024-03-07T12:22:27","date_gmt":"2024-03-07T08:22:27","guid":{"rendered":"https:\/\/www.meydan.tv\/?p=300593"},"modified":"2024-03-07T12:22:30","modified_gmt":"2024-03-07T08:22:30","slug":"nikosayagiya-5-il-ceza-verildi-amma-hebs-olunmadi","status":"publish","type":"post","link":"https:\/\/www.meydan.tv\/az\/article\/nikosayagiya-5-il-ceza-verildi-amma-hebs-olunmadi\/","title":{"rendered":"\u201cNikosaya\u011f\u0131\u201dya 5 il c\u0259za verildi, amma h\u0259bs olunmad\u0131"},"content":{"rendered":"\n<p><\/p>\n\n\n\n<p><strong><em>\u201cOnsuz da Allah m\u0259nim c\u0259zam\u0131 verib\u201d<\/em><\/strong><\/p>\n\n\n\n<p>Sosial \u015f\u0259b\u0259k\u0259l\u0259rd\u0259 \u201cNikosaya\u011f\u0131\u201d kimi tan\u0131nan bloger Nicat \u015eakirli dostunun \u00f6l\u00fcm\u00fcn\u0259 s\u0259b\u0259b olan yol q\u0259zas\u0131n\u0131 t\u00f6r\u0259tm\u0259kd\u0259 t\u0259qsirli bilinib v\u0259 ona 5 il azadl\u0131qdan m\u0259hrumetm\u0259 c\u0259zas\u0131 verilib. \u0130stintaq v\u0259 m\u0259hk\u0259m\u0259 d\u00f6vr\u00fcnd\u0259 azadl\u0131qda olan bloger h\u00f6kmd\u0259n sonra da h\u0259bs olunmay\u0131b. <\/p>\n\n\n\n<p>H\u00f6km\u0259 \u0259sas\u0259n, o, veril\u0259n c\u0259zan\u0131 m\u0259nt\u0259q\u0259 tipli c\u0259za\u00e7\u0259km\u0259 m\u00fc\u0259ssis\u0259sind\u0259 \u00e7\u0259km\u0259lidir.<\/p>\n\n\n\n<p>Nicat \u015eakirliy\u0259 mart\u0131n 7-d\u0259 Bak\u0131 A\u011f\u0131r Cinay\u0259tl\u0259r M\u0259hk\u0259m\u0259sind\u0259 h\u00f6km oxunub. Hakim Samir \u018fliyevin s\u0259drliyil\u0259 \u00e7\u0131xar\u0131lan h\u00f6km\u0259 \u0259sas\u0259n, o, Cinay\u0259t M\u0259c\u0259ll\u0259sinin 263-1.3 (yol h\u0259r\u0259k\u0259ti qaydalar\u0131n\u0131 s\u0259rxo\u015f halda v\u0259 ya n\u0259qliyyat vasit\u0259l\u0259rini idar\u0259 etm\u0259k h\u00fcququ olmadan pozma &#8211; \u00f6l\u00fcm\u0259 s\u0259b\u0259b olduqda) madd\u0259sil\u0259 t\u0259qsirli bilinib.<\/p>\n\n\n\n<p>H\u00f6kmd\u0259n \u0259vv\u0259l \u201cNikosaya\u011f\u0131\u201dn\u0131n v\u0259kill\u0259ri \u00e7\u0131x\u0131\u015f edib, \u00f6z\u00fc m\u0259hk\u0259m\u0259d\u0259 son s\u00f6z\u00fcn\u00fc deyib.<\/p>\n\n\n\n<p>V\u0259kill\u0259r bildirib ki, hadis\u0259 vaxt\u0131 Nicat \u015eakirlinin s\u0259rxo\u015f halda olmas\u0131 haqda ittihamda yaz\u0131lanlar h\u0259qiq\u0259t\u0259uy\u011fun deyil. M\u00fcdafi\u0259\u00e7il\u0259ri q\u0259za n\u0259tic\u0259sind\u0259 onun \u00f6z\u00fcn\u00fcn d\u0259 bir qolunu itirir\u0259k \u0259lil olmas\u0131n\u0131, pe\u015fmanl\u0131\u011f\u0131n\u0131 v\u0259 s. n\u0259z\u0259r\u0259 al\u0131nmas\u0131n\u0131 xahi\u015f edibl\u0259r. V\u0259kill\u0259r onun azadl\u0131qdan m\u0259hrum edilm\u0259m\u0259sini, alternativ c\u0259za verilm\u0259sini ist\u0259yibl\u0259r.<\/p>\n\n\n\n<p><em>\u201cOnsuz da Allah onun c\u0259zas\u0131n\u0131 verib&#8230;\u201d<\/em>, &#8211; v\u0259kili \u018fli H\u00fcseynov \u00e7\u0131x\u0131\u015f\u0131nda bildirib.<\/p>\n\n\n\n<p>T\u0259qsirl\u0259ndiril\u0259n bloger \u00f6z\u00fc d\u0259 son s\u00f6z\u00fcnd\u0259 pe\u015fmanl\u0131\u011f\u0131n\u0131 dil\u0259 g\u0259tirib. O vur\u011fulay\u0131b ki, qarda\u015f q\u0259d\u0259r yax\u0131n oldu\u011fu dostunun \u00f6l\u00fcm\u00fcn\u0259 s\u0259b\u0259b oldu\u011funa g\u00f6r\u0259 \u00e7ox pe\u015fmand\u0131r, daxil\u0259n \u0259zab \u00e7\u0259kir:<\/p>\n\n\n\n<p><em>\u201cOnsuz da Allah m\u0259nim c\u0259zam\u0131 verib. Bu c\u0259za, bu \u0259zab \u00f6m\u00fcr boyu m\u0259nim i\u00e7imd\u0259dir. M\u0259hk\u0259m\u0259nin d\u0259 m\u0259n\u0259 ver\u0259c\u0259yi ist\u0259nil\u0259n c\u0259zaya haz\u0131ram\u201d<\/em>.<\/p>\n\n\n\n<p>Blogerin son s\u00f6z\u00fcnd\u0259n sonra m\u00fc\u015favir\u0259y\u0259 ged\u0259n hakiml\u0259r bir ne\u00e7\u0259 d\u0259qiq\u0259 sonra geri qay\u0131dayaq, h\u00f6km\u00fc elan edibl\u0259r.<\/p>\n\n\n\n<p>C\u0259zalar\u0131n \u0130cras\u0131 M\u0259c\u0259ll\u0259sin\u0259 g\u00f6r\u0259, ehtiyats\u0131zl\u0131qdan t\u00f6r\u0259dil\u0259n cinay\u0259tl\u0259rd\u0259 c\u0259za 5 il\u0259 q\u0259d\u0259r olanda m\u0259nt\u0259q\u0259 tipli c\u0259za\u00e7\u0259km\u0259 m\u00fc\u0259ssis\u0259sind\u0259 \u00e7\u0259kilir. Bu s\u0259b\u0259bd\u0259n \u201cNikosaya\u011f\u0131\u201d h\u0259bs olunmay\u0131b. Onun haqq\u0131nda h\u00f6km q\u00fcvv\u0259y\u0259 min\u0259nd\u0259n sonra o, m\u0259nt\u0259q\u0259 tipli m\u00fc\u0259ssis\u0259y\u0259 getm\u0259lidir.<\/p>\n\n\n\n<p>\u018fg\u0259r h\u00f6kmd\u0259n apelyasiya \u015fikay\u0259ti v\u0259 ya protesti verils\u0259, o zaman apelyasiya m\u0259hk\u0259m\u0259sinin q\u0259rar\u0131ndan sonra h\u00f6km q\u00fcvv\u0259y\u0259 min\u0259c\u0259k. \u018fg\u0259r \u015fikay\u0259t verilm\u0259s\u0259, o zaman 20 g\u00fcn sonra h\u00f6km q\u00fcvv\u0259y\u0259 minmi\u015f say\u0131l\u0131r.<\/p>\n\n\n\n<p>Prokuror blogerin 6 il azadl\u0131qdan m\u0259hrum edilm\u0259sini v\u0259 m\u0259hk\u0259m\u0259 zal\u0131nda h\u0259bs olunmas\u0131n\u0131 ist\u0259mi\u015fdi.<\/p>\n\n\n\n<p>Hadis\u0259 2023-c\u00fc il avqustun 15-d\u0259 gec\u0259 saatlar\u0131nda ba\u015f verib. \u0130ttihama g\u00f6r\u0259, hadis\u0259 zaman\u0131 Nicat \u015eakirli s\u0259rxo\u015f olub, \u201cPorsche\u201d markal\u0131 avtomobili y\u00fcks\u0259k s\u00fcr\u0259tl\u0259 idar\u0259 edib. N\u0259tic\u0259d\u0259 onun idar\u0259 etdiyi avtomobil y\u00fck ma\u015f\u0131n\u0131na \u00e7\u0131rp\u0131l\u0131b.<\/p>\n\n\n\n<p>Q\u0259za zaman\u0131 Nicat \u015eakirlinin yan\u0131nda olan dostu Ruslan M\u0259mm\u0259dov hadis\u0259 yerind\u0259 h\u0259yat\u0131n\u0131 itirib, \u00f6z\u00fc is\u0259 a\u011f\u0131r x\u0259sar\u0259t al\u0131b. Bloger x\u0259st\u0259xanaya \u00e7atd\u0131r\u0131l\u0131b, lakin onun qolu amputasiya olunub.<\/p>\n\n\n\n<p>29 ya\u015fl\u0131 Nicat \u015eakirli m\u0259hk\u0259m\u0259d\u0259 ifad\u0259 ver\u0259rk\u0259n bildirib ki, q\u0259zaya g\u00f6r\u0259 \u00f6z\u00fcn\u00fc g\u00fcnahkar bilir. Lakin hadis\u0259 vaxt\u0131 spirtli i\u00e7kinin t\u0259siri alt\u0131nda olmad\u0131\u011f\u0131n\u0131 deyir.<\/p>\n\n\n\n<p>Bloger hadis\u0259 bar\u0259d\u0259 bunlar\u0131 dan\u0131\u015f\u0131b:<\/p>\n\n\n\n<p><em>\u201cN\u0259rimanov\u201dda oturub domino oynay\u0131rd\u0131q. Bir az sonra s\u0131x\u0131ld\u0131q, durduq ma\u015f\u0131nla g\u0259zm\u0259y\u0259. Ev\u0259 gedib paltar\u0131m\u0131 d\u0259yi\u015fm\u0259k ist\u0259yirdim. Ruslan dedi ki, pulqab\u0131m \u00f6z ma\u015f\u0131n\u0131mda qal\u0131b, m\u0259ni qaytar, g\u00f6t\u00fcr\u00fcm. Hadis\u0259d\u0259n 1-2 saat \u0259vv\u0259l\u0259 q\u0259d\u0259r h\u0259r \u015feyi xat\u0131rlay\u0131ram. Amma sonradan n\u0259 oldu\u011funu videoya bax\u0131b bilmi\u015f\u0259m. \u0130\u00e7kili olmam\u0131\u015fam. M\u0259n i\u00e7m\u0259k ist\u0259s\u0259ydim bel\u0259, Ruslan qoymazd\u0131. M\u0259n bir g\u00fcn \u0259vv\u0259l i\u00e7mi\u015fdim. M\u0259n\u0259 qaranl\u0131qd\u0131r ki, m\u0259nd\u0259n nec\u0259 n\u00fcmun\u0259 g\u00f6t\u00fcr\u00fcl\u00fcb, onu da bilmir\u0259m. Bunlar\u0131 dan\u0131\u015fmaq \u00e7ox a\u011f\u0131rd\u0131r. \u00c7\u00fcnki qarda\u015f kimi \u0259ziz olan bir adam\u0131 itirmi\u015f\u0259m. O, ail\u0259mizin bir \u00fczv\u00fc idi. G\u00fcnahkaram&#8230;\u201d<\/em><\/p>\n\n\n\n<p>Nicat \u015eakirli \u0259lav\u0259 edib ki, 2015-ci ild\u0259 d\u0259 travma al\u0131b, bununla \u0259laq\u0259dar da yadda\u015f\u0131nda problem var.<\/p>\n\n\n\n<p>Nicat \u015eakirli bar\u0259sind\u0259 istintaq v\u0259 m\u0259hk\u0259m\u0259 d\u00f6vr\u00fc \u00fc\u00e7\u00fcn onun haqq\u0131nda ba\u015fqa yer\u0259 getm\u0259m\u0259y\u0259 dair iltizam q\u0259timkan t\u0259dbiri se\u00e7ilmi\u015fdi.<\/p>\n\n\n\n<p>Q\u0259za n\u0259tic\u0259sind\u0259 \u00f6l\u0259n 1996-c\u0131 il t\u0259v\u0259ll\u00fcdl\u00fc Ruslan M\u0259mm\u0259dov \u015eimali Osetiya-Alaniya Respublikas\u0131 Az\u0259rbaycanl\u0131lar\u0131 Konqresinin f\u0259xri prezidenti \u015eahin M\u0259mm\u0259dovun o\u011fludur. Z\u0259r\u0259r\u00e7\u0259kmi\u015f t\u0259r\u0259f blogerd\u0259n \u015fikay\u0259t\u00e7i olmay\u0131b.<\/p>\n","protected":false},"excerpt":{"rendered":"<p>\u201cOnsuz da Allah m\u0259nim c\u0259zam\u0131 verib\u201d Sosial \u015f\u0259b\u0259k\u0259l\u0259rd\u0259 \u201cNikosaya\u011f\u0131\u201d kimi &#8230; <\/p>\n<p class=\"read-more-container\"><a title=\"\u201cNikosaya\u011f\u0131\u201dya 5 il c\u0259za verildi, amma h\u0259bs olunmad\u0131\" class=\"read-more button\" href=\"https:\/\/www.meydan.tv\/az\/article\/nikosayagiya-5-il-ceza-verildi-amma-hebs-olunmadi\/#more-300593\" aria-label=\"Read more about \u201cNikosaya\u011f\u0131\u201dya 5 il c\u0259za verildi, amma h\u0259bs olunmad\u0131\">Davam\u0131<\/a><\/p>\n","protected":false},"author":21,"featured_media":294834,"comment_status":"closed","ping_status":"closed","sticky":false,"template":"","format":"standard","meta":{"_acf_changed":false,"_sitemap_exclude":false,"_sitemap_priority":"","_sitemap_frequency":"","footnotes":""},"categories":[62,56],"tags":[],"class_list":["post-300593","post","type-post","status-publish","format-standard","has-post-thumbnail","hentry","category-sosial","category-xeberler","infinite-scroll-item","generate-columns","tablet-grid-50","mobile-grid-100","grid-parent","grid-33","no-featured-image-padding"],"acf":[],"yoast_head":"<!-- This site is optimized with the Yoast SEO plugin v27.5 - https:\/\/yoast.com\/product\/yoast-seo-wordpress\/ -->\n<title>\u201cNikosaya\u011f\u0131\u201dya 5 il c\u0259za verildi, amma h\u0259bs olunmad\u0131 - MEYDAN.TV<\/title>\n<meta name=\"robots\" content=\"index, follow, max-snippet:-1, max-image-preview:large, max-video-preview:-1\" \/>\n<link rel=\"canonical\" href=\"https:\/\/www.meydan.tv\/az\/article\/nikosayagiya-5-il-ceza-verildi-amma-hebs-olunmadi\/\" \/>\n<meta property=\"og:locale\" content=\"az_AZ\" \/>\n<meta property=\"og:type\" content=\"article\" \/>\n<meta property=\"og:title\" content=\"\u201cNikosaya\u011f\u0131\u201dya 5 il c\u0259za verildi, amma h\u0259bs olunmad\u0131 - MEYDAN.TV\" \/>\n<meta property=\"og:description\" content=\"\u201cOnsuz da Allah m\u0259nim c\u0259zam\u0131 verib\u201d Sosial \u015f\u0259b\u0259k\u0259l\u0259rd\u0259 \u201cNikosaya\u011f\u0131\u201d kimi ... Davam\u0131\" \/>\n<meta property=\"og:url\" content=\"https:\/\/www.meydan.tv\/az\/article\/nikosayagiya-5-il-ceza-verildi-amma-hebs-olunmadi\/\" \/>\n<meta property=\"og:site_name\" content=\"MEYDAN.TV\" \/>\n<meta property=\"article:published_time\" content=\"2024-03-07T08:22:27+00:00\" \/>\n<meta property=\"article:modified_time\" content=\"2024-03-07T08:22:30+00:00\" \/>\n<meta property=\"og:image\" content=\"https:\/\/www.meydan.tv\/wp-content\/uploads\/1-38-e1704735608544.jpg\" \/>\n\t<meta property=\"og:image:width\" content=\"1920\" \/>\n\t<meta property=\"og:image:height\" content=\"835\" \/>\n\t<meta property=\"og:image:type\" content=\"image\/jpeg\" \/>\n<meta name=\"author\" content=\"mahmud\" \/>\n<meta name=\"twitter:card\" content=\"summary_large_image\" \/>\n<script type=\"application\/ld+json\" class=\"yoast-schema-graph\">{\"@context\":\"https:\\\/\\\/schema.org\",\"@graph\":[{\"@type\":\"Article\",\"@id\":\"https:\\\/\\\/www.meydan.tv\\\/az\\\/article\\\/nikosayagiya-5-il-ceza-verildi-amma-hebs-olunmadi\\\/#article\",\"isPartOf\":{\"@id\":\"https:\\\/\\\/www.meydan.tv\\\/az\\\/article\\\/nikosayagiya-5-il-ceza-verildi-amma-hebs-olunmadi\\\/\"},\"author\":{\"name\":\"mahmud\",\"@id\":\"https:\\\/\\\/www.meydan.tv\\\/az\\\/#\\\/schema\\\/person\\\/09863e516102a829e72bedcf3f84c6b0\"},\"headline\":\"\u201cNikosaya\u011f\u0131\u201dya 5 il c\u0259za verildi, amma h\u0259bs olunmad\u0131\",\"datePublished\":\"2024-03-07T08:22:27+00:00\",\"dateModified\":\"2024-03-07T08:22:30+00:00\",\"mainEntityOfPage\":{\"@id\":\"https:\\\/\\\/www.meydan.tv\\\/az\\\/article\\\/nikosayagiya-5-il-ceza-verildi-amma-hebs-olunmadi\\\/\"},\"wordCount\":918,\"publisher\":{\"@id\":\"https:\\\/\\\/www.meydan.tv\\\/az\\\/#organization\"},\"image\":{\"@id\":\"https:\\\/\\\/www.meydan.tv\\\/az\\\/article\\\/nikosayagiya-5-il-ceza-verildi-amma-hebs-olunmadi\\\/#primaryimage\"},\"thumbnailUrl\":\"https:\\\/\\\/www.meydan.tv\\\/wp-content\\\/uploads\\\/1-38-e1704735608544.jpg\",\"articleSection\":[\"Sosial\",\"X\u0259b\u0259rl\u0259r\"],\"inLanguage\":\"az\"},{\"@type\":\"WebPage\",\"@id\":\"https:\\\/\\\/www.meydan.tv\\\/az\\\/article\\\/nikosayagiya-5-il-ceza-verildi-amma-hebs-olunmadi\\\/\",\"url\":\"https:\\\/\\\/www.meydan.tv\\\/az\\\/article\\\/nikosayagiya-5-il-ceza-verildi-amma-hebs-olunmadi\\\/\",\"name\":\"\u201cNikosaya\u011f\u0131\u201dya 5 il c\u0259za verildi, amma h\u0259bs olunmad\u0131 - MEYDAN.TV\",\"isPartOf\":{\"@id\":\"https:\\\/\\\/www.meydan.tv\\\/az\\\/#website\"},\"primaryImageOfPage\":{\"@id\":\"https:\\\/\\\/www.meydan.tv\\\/az\\\/article\\\/nikosayagiya-5-il-ceza-verildi-amma-hebs-olunmadi\\\/#primaryimage\"},\"image\":{\"@id\":\"https:\\\/\\\/www.meydan.tv\\\/az\\\/article\\\/nikosayagiya-5-il-ceza-verildi-amma-hebs-olunmadi\\\/#primaryimage\"},\"thumbnailUrl\":\"https:\\\/\\\/www.meydan.tv\\\/wp-content\\\/uploads\\\/1-38-e1704735608544.jpg\",\"datePublished\":\"2024-03-07T08:22:27+00:00\",\"dateModified\":\"2024-03-07T08:22:30+00:00\",\"breadcrumb\":{\"@id\":\"https:\\\/\\\/www.meydan.tv\\\/az\\\/article\\\/nikosayagiya-5-il-ceza-verildi-amma-hebs-olunmadi\\\/#breadcrumb\"},\"inLanguage\":\"az\",\"potentialAction\":[{\"@type\":\"ReadAction\",\"target\":[\"https:\\\/\\\/www.meydan.tv\\\/az\\\/article\\\/nikosayagiya-5-il-ceza-verildi-amma-hebs-olunmadi\\\/\"]}]},{\"@type\":\"ImageObject\",\"inLanguage\":\"az\",\"@id\":\"https:\\\/\\\/www.meydan.tv\\\/az\\\/article\\\/nikosayagiya-5-il-ceza-verildi-amma-hebs-olunmadi\\\/#primaryimage\",\"url\":\"https:\\\/\\\/www.meydan.tv\\\/wp-content\\\/uploads\\\/1-38-e1704735608544.jpg\",\"contentUrl\":\"https:\\\/\\\/www.meydan.tv\\\/wp-content\\\/uploads\\\/1-38-e1704735608544.jpg\",\"width\":1920,\"height\":835,\"caption\":\"Nicat \u015eakirli. Foto: \u015f\u0259xsi arxivind\u0259n\"},{\"@type\":\"BreadcrumbList\",\"@id\":\"https:\\\/\\\/www.meydan.tv\\\/az\\\/article\\\/nikosayagiya-5-il-ceza-verildi-amma-hebs-olunmadi\\\/#breadcrumb\",\"itemListElement\":[{\"@type\":\"ListItem\",\"position\":1,\"name\":\"Ana s\u0259hif\u0259\",\"item\":\"https:\\\/\\\/www.meydan.tv\\\/az\\\/\"},{\"@type\":\"ListItem\",\"position\":2,\"name\":\"Sosial\",\"item\":\"https:\\\/\\\/www.meydan.tv\\\/az\\\/section\\\/sosial\\\/\"},{\"@type\":\"ListItem\",\"position\":3,\"name\":\"\u201cNikosaya\u011f\u0131\u201dya 5 il c\u0259za verildi, amma h\u0259bs olunmad\u0131\"}]},{\"@type\":\"WebSite\",\"@id\":\"https:\\\/\\\/www.meydan.tv\\\/az\\\/#website\",\"url\":\"https:\\\/\\\/www.meydan.tv\\\/az\\\/\",\"name\":\"MEYDAN.TV\",\"description\":\"Meydan TV Az\u0259rbaycan\u0131n media m\u0259kan\u0131ndak\u0131 alternativ s\u0259sidir\",\"publisher\":{\"@id\":\"https:\\\/\\\/www.meydan.tv\\\/az\\\/#organization\"},\"potentialAction\":[{\"@type\":\"SearchAction\",\"target\":{\"@type\":\"EntryPoint\",\"urlTemplate\":\"https:\\\/\\\/www.meydan.tv\\\/az\\\/?s={search_term_string}\"},\"query-input\":{\"@type\":\"PropertyValueSpecification\",\"valueRequired\":true,\"valueName\":\"search_term_string\"}}],\"inLanguage\":\"az\"},{\"@type\":\"Organization\",\"@id\":\"https:\\\/\\\/www.meydan.tv\\\/az\\\/#organization\",\"name\":\"Meydan TV\",\"url\":\"https:\\\/\\\/www.meydan.tv\\\/az\\\/\",\"logo\":{\"@type\":\"ImageObject\",\"inLanguage\":\"az\",\"@id\":\"https:\\\/\\\/www.meydan.tv\\\/az\\\/#\\\/schema\\\/logo\\\/image\\\/\",\"url\":\"https:\\\/\\\/www.meydan.tv\\\/wp-content\\\/uploads\\\/2021\\\/07\\\/meydan-logo.svg\",\"contentUrl\":\"https:\\\/\\\/www.meydan.tv\\\/wp-content\\\/uploads\\\/2021\\\/07\\\/meydan-logo.svg\",\"width\":195,\"height\":46,\"caption\":\"Meydan TV\"},\"image\":{\"@id\":\"https:\\\/\\\/www.meydan.tv\\\/az\\\/#\\\/schema\\\/logo\\\/image\\\/\"}},{\"@type\":\"Person\",\"@id\":\"https:\\\/\\\/www.meydan.tv\\\/az\\\/#\\\/schema\\\/person\\\/09863e516102a829e72bedcf3f84c6b0\",\"name\":\"mahmud\"}]}<\/script>\n<!-- \/ Yoast SEO plugin. -->","yoast_head_json":{"title":"\u201cNikosaya\u011f\u0131\u201dya 5 il c\u0259za verildi, amma h\u0259bs olunmad\u0131 - MEYDAN.TV","robots":{"index":"index","follow":"follow","max-snippet":"max-snippet:-1","max-image-preview":"max-image-preview:large","max-video-preview":"max-video-preview:-1"},"canonical":"https:\/\/www.meydan.tv\/az\/article\/nikosayagiya-5-il-ceza-verildi-amma-hebs-olunmadi\/","og_locale":"az_AZ","og_type":"article","og_title":"\u201cNikosaya\u011f\u0131\u201dya 5 il c\u0259za verildi, amma h\u0259bs olunmad\u0131 - MEYDAN.TV","og_description":"\u201cOnsuz da Allah m\u0259nim c\u0259zam\u0131 verib\u201d Sosial \u015f\u0259b\u0259k\u0259l\u0259rd\u0259 \u201cNikosaya\u011f\u0131\u201d kimi ... Davam\u0131","og_url":"https:\/\/www.meydan.tv\/az\/article\/nikosayagiya-5-il-ceza-verildi-amma-hebs-olunmadi\/","og_site_name":"MEYDAN.TV","article_published_time":"2024-03-07T08:22:27+00:00","article_modified_time":"2024-03-07T08:22:30+00:00","og_image":[{"width":1920,"height":835,"url":"https:\/\/www.meydan.tv\/wp-content\/uploads\/1-38-e1704735608544.jpg","type":"image\/jpeg"}],"author":"mahmud","twitter_card":"summary_large_image","schema":{"@context":"https:\/\/schema.org","@graph":[{"@type":"Article","@id":"https:\/\/www.meydan.tv\/az\/article\/nikosayagiya-5-il-ceza-verildi-amma-hebs-olunmadi\/#article","isPartOf":{"@id":"https:\/\/www.meydan.tv\/az\/article\/nikosayagiya-5-il-ceza-verildi-amma-hebs-olunmadi\/"},"author":{"name":"mahmud","@id":"https:\/\/www.meydan.tv\/az\/#\/schema\/person\/09863e516102a829e72bedcf3f84c6b0"},"headline":"\u201cNikosaya\u011f\u0131\u201dya 5 il c\u0259za verildi, amma h\u0259bs olunmad\u0131","datePublished":"2024-03-07T08:22:27+00:00","dateModified":"2024-03-07T08:22:30+00:00","mainEntityOfPage":{"@id":"https:\/\/www.meydan.tv\/az\/article\/nikosayagiya-5-il-ceza-verildi-amma-hebs-olunmadi\/"},"wordCount":918,"publisher":{"@id":"https:\/\/www.meydan.tv\/az\/#organization"},"image":{"@id":"https:\/\/www.meydan.tv\/az\/article\/nikosayagiya-5-il-ceza-verildi-amma-hebs-olunmadi\/#primaryimage"},"thumbnailUrl":"https:\/\/www.meydan.tv\/wp-content\/uploads\/1-38-e1704735608544.jpg","articleSection":["Sosial","X\u0259b\u0259rl\u0259r"],"inLanguage":"az"},{"@type":"WebPage","@id":"https:\/\/www.meydan.tv\/az\/article\/nikosayagiya-5-il-ceza-verildi-amma-hebs-olunmadi\/","url":"https:\/\/www.meydan.tv\/az\/article\/nikosayagiya-5-il-ceza-verildi-amma-hebs-olunmadi\/","name":"\u201cNikosaya\u011f\u0131\u201dya 5 il c\u0259za verildi, amma h\u0259bs olunmad\u0131 - MEYDAN.TV","isPartOf":{"@id":"https:\/\/www.meydan.tv\/az\/#website"},"primaryImageOfPage":{"@id":"https:\/\/www.meydan.tv\/az\/article\/nikosayagiya-5-il-ceza-verildi-amma-hebs-olunmadi\/#primaryimage"},"image":{"@id":"https:\/\/www.meydan.tv\/az\/article\/nikosayagiya-5-il-ceza-verildi-amma-hebs-olunmadi\/#primaryimage"},"thumbnailUrl":"https:\/\/www.meydan.tv\/wp-content\/uploads\/1-38-e1704735608544.jpg","datePublished":"2024-03-07T08:22:27+00:00","dateModified":"2024-03-07T08:22:30+00:00","breadcrumb":{"@id":"https:\/\/www.meydan.tv\/az\/article\/nikosayagiya-5-il-ceza-verildi-amma-hebs-olunmadi\/#breadcrumb"},"inLanguage":"az","potentialAction":[{"@type":"ReadAction","target":["https:\/\/www.meydan.tv\/az\/article\/nikosayagiya-5-il-ceza-verildi-amma-hebs-olunmadi\/"]}]},{"@type":"ImageObject","inLanguage":"az","@id":"https:\/\/www.meydan.tv\/az\/article\/nikosayagiya-5-il-ceza-verildi-amma-hebs-olunmadi\/#primaryimage","url":"https:\/\/www.meydan.tv\/wp-content\/uploads\/1-38-e1704735608544.jpg","contentUrl":"https:\/\/www.meydan.tv\/wp-content\/uploads\/1-38-e1704735608544.jpg","width":1920,"height":835,"caption":"Nicat \u015eakirli. Foto: \u015f\u0259xsi arxivind\u0259n"},{"@type":"BreadcrumbList","@id":"https:\/\/www.meydan.tv\/az\/article\/nikosayagiya-5-il-ceza-verildi-amma-hebs-olunmadi\/#breadcrumb","itemListElement":[{"@type":"ListItem","position":1,"name":"Ana s\u0259hif\u0259","item":"https:\/\/www.meydan.tv\/az\/"},{"@type":"ListItem","position":2,"name":"Sosial","item":"https:\/\/www.meydan.tv\/az\/section\/sosial\/"},{"@type":"ListItem","position":3,"name":"\u201cNikosaya\u011f\u0131\u201dya 5 il c\u0259za verildi, amma h\u0259bs olunmad\u0131"}]},{"@type":"WebSite","@id":"https:\/\/www.meydan.tv\/az\/#website","url":"https:\/\/www.meydan.tv\/az\/","name":"MEYDAN.TV","description":"Meydan TV Az\u0259rbaycan\u0131n media m\u0259kan\u0131ndak\u0131 alternativ s\u0259sidir","publisher":{"@id":"https:\/\/www.meydan.tv\/az\/#organization"},"potentialAction":[{"@type":"SearchAction","target":{"@type":"EntryPoint","urlTemplate":"https:\/\/www.meydan.tv\/az\/?s={search_term_string}"},"query-input":{"@type":"PropertyValueSpecification","valueRequired":true,"valueName":"search_term_string"}}],"inLanguage":"az"},{"@type":"Organization","@id":"https:\/\/www.meydan.tv\/az\/#organization","name":"Meydan TV","url":"https:\/\/www.meydan.tv\/az\/","logo":{"@type":"ImageObject","inLanguage":"az","@id":"https:\/\/www.meydan.tv\/az\/#\/schema\/logo\/image\/","url":"https:\/\/www.meydan.tv\/wp-content\/uploads\/2021\/07\/meydan-logo.svg","contentUrl":"https:\/\/www.meydan.tv\/wp-content\/uploads\/2021\/07\/meydan-logo.svg","width":195,"height":46,"caption":"Meydan TV"},"image":{"@id":"https:\/\/www.meydan.tv\/az\/#\/schema\/logo\/image\/"}},{"@type":"Person","@id":"https:\/\/www.meydan.tv\/az\/#\/schema\/person\/09863e516102a829e72bedcf3f84c6b0","name":"mahmud"}]}},"_links":{"self":[{"href":"https:\/\/www.meydan.tv\/az\/wp-json\/wp\/v2\/posts\/300593","targetHints":{"allow":["GET"]}}],"collection":[{"href":"https:\/\/www.meydan.tv\/az\/wp-json\/wp\/v2\/posts"}],"about":[{"href":"https:\/\/www.meydan.tv\/az\/wp-json\/wp\/v2\/types\/post"}],"author":[{"embeddable":true,"href":"https:\/\/www.meydan.tv\/az\/wp-json\/wp\/v2\/users\/21"}],"replies":[{"embeddable":true,"href":"https:\/\/www.meydan.tv\/az\/wp-json\/wp\/v2\/comments?post=300593"}],"version-history":[{"count":1,"href":"https:\/\/www.meydan.tv\/az\/wp-json\/wp\/v2\/posts\/300593\/revisions"}],"predecessor-version":[{"id":300594,"href":"https:\/\/www.meydan.tv\/az\/wp-json\/wp\/v2\/posts\/300593\/revisions\/300594"}],"wp:featuredmedia":[{"embeddable":true,"href":"https:\/\/www.meydan.tv\/az\/wp-json\/wp\/v2\/media\/294834"}],"wp:attachment":[{"href":"https:\/\/www.meydan.tv\/az\/wp-json\/wp\/v2\/media?parent=300593"}],"wp:term":[{"taxonomy":"category","embeddable":true,"href":"https:\/\/www.meydan.tv\/az\/wp-json\/wp\/v2\/categories?post=300593"},{"taxonomy":"post_tag","embeddable":true,"href":"https:\/\/www.meydan.tv\/az\/wp-json\/wp\/v2\/tags?post=300593"}],"curies":[{"name":"wp","href":"https:\/\/api.w.org\/{rel}","templated":true}]}}