{"id":300581,"date":"2024-03-07T00:11:34","date_gmt":"2024-03-06T20:11:34","guid":{"rendered":"https:\/\/www.meydan.tv\/?p=300581"},"modified":"2024-03-07T00:11:45","modified_gmt":"2024-03-06T20:11:45","slug":"modele-qarsi-zorakiliga-gore-hebs-edilen-sexs-menimsemede-de-ittiham-olunur","status":"publish","type":"post","link":"https:\/\/www.meydan.tv\/az\/article\/modele-qarsi-zorakiliga-gore-hebs-edilen-sexs-menimsemede-de-ittiham-olunur\/","title":{"rendered":"Model\u0259 qar\u015f\u0131 zorak\u0131l\u0131\u011fa g\u00f6r\u0259 h\u0259bs edil\u0259n \u015f\u0259xs m\u0259nims\u0259m\u0259d\u0259 d\u0259 ittiham olunur"},"content":{"rendered":"\n<p><\/p>\n\n\n\n<p><em><strong>Ziya H\u00fcseynzad\u0259nin Avropa Yenid\u0259nqurma v\u0259 \u0130nki\u015faf Bank\u0131ndan g\u00f6t\u00fcr\u00fclm\u00fc\u015f milyonlarla v\u0259saiti \u0259l\u0259 ke\u00e7irdiyi bildirilir<\/strong><\/em><\/p>\n\n\n\n<p>2017-ci ild\u0259 Az\u0259rbaycan g\u00f6z\u0259li se\u00e7ilmi\u015f model, \u201cRazi\u201d kimi tan\u0131nan Raziyyat \u018fliyevan\u0131 d\u00f6ym\u0259kd\u0259 ittiham edil\u0259r\u0259k h\u0259bs olunan \u201cPKF Audit Azerbaijan\u201d v\u0259 \u201cPKF Audit Consultinq\u201d MMC-l\u0259rin r\u0259hb\u0259ri Ziya H\u00fcseynzad\u0259nin haqq\u0131nda daha bir cinay\u0259t i\u015fi \u00fczr\u0259 m\u0259hk\u0259m\u0259 ba\u015flay\u0131b. Bu d\u0259f\u0259 o, Avropa Yenid\u0259nqurma v\u0259 \u0130nki\u015faf Bank\u0131ndan g\u00f6t\u00fcr\u00fclm\u00fc\u015f milyonlarla v\u0259saiti \u0259l\u0259 ke\u00e7irm\u0259kd\u0259 ittiham olunur. Ona qar\u015f\u0131 Cinay\u0259t M\u0259c\u0259ll\u0259sinin 178 (d\u0259l\u0259duzluq), 195 (qanunsuz kredit alma) 308 (v\u0259zif\u0259 s\u0259lahiyy\u0259tl\u0259rind\u0259n sui-istifad\u0259), 313 (v\u0259zif\u0259 saxtakarl\u0131\u011f\u0131) v\u0259 320-ci (r\u0259smi s\u0259n\u0259di saxtala\u015fd\u0131rma v\u0259 ya saxta s\u0259n\u0259dd\u0259n istifad\u0259 etm\u0259) madd\u0259l\u0259ril\u0259 ittiham ir\u0259li s\u00fcr\u00fcl\u00fcb.<\/p>\n\n\n\n<p>1989-cu il t\u0259v\u0259ll\u00fcdl\u00fc Ziya H\u00fcseynzad\u0259 haqq\u0131nda h\u0259r iki cinay\u0259t i\u015fin\u0259 Bak\u0131 A\u011f\u0131r Cinay\u0259tl\u0259r M\u0259hk\u0259m\u0259sind\u0259 bax\u0131l\u0131r. Modelin d\u00f6y\u00fclm\u0259si, h\u0259d\u0259l\u0259nm\u0259si, ma\u015f\u0131n\u0131na ziyan vurulmas\u0131 v\u0259 s. ittihamlarla ba\u011fl\u0131 cinay\u0259t i\u015fi Siyavu\u015f Hac\u0131yevin s\u0259drlik etdiyi hakiml\u0259r kollegiyas\u0131n\u0131n icraat\u0131ndad\u0131r. Maliyy\u0259 m\u0259s\u0259l\u0259l\u0259ril\u0259 ba\u011fl\u0131 olan d\u0259l\u0259duzluq, qanunsuz kredit alma v\u0259 s. ittihamlar\u0131 is\u0259 Azad M\u0259cidov, \u018fli M\u0259mm\u0259dov v\u0259 S\u0259bin\u0259 M\u0259mm\u0259dzad\u0259d\u0259n ibar\u0259t hakiml\u0259r kollegiyas\u0131 ara\u015fd\u0131r\u0131r.<\/p>\n\n\n\n<p>Mart\u0131n 6-da hakim Azad M\u0259cidovun s\u0259drliyil\u0259 ke\u00e7iril\u0259n m\u0259hk\u0259m\u0259 prosesind\u0259 Ziya H\u00fcseynzad\u0259nin v\u0259kili \u0130lkin \u018fl\u0259sg\u0259rov jurnalistl\u0259rin bu m\u0259hk\u0259m\u0259d\u0259 i\u015ftirak\u0131na etiraz edib. V\u0259kil m\u0259hk\u0259m\u0259 prosesinin qapal\u0131 ke\u00e7irilm\u0259si bar\u0259d\u0259 v\u0259sat\u0259t qald\u0131r\u0131b.<\/p>\n\n\n\n<p>T\u0259qsirl\u0259ndiril\u0259n \u015firk\u0259t r\u0259hb\u0259ri d\u0259 v\u0259kilinin v\u0259sat\u0259tini m\u00fcdafi\u0259 edib. Onlar m\u0259hk\u0259m\u0259 prosesinin qapal\u0131 ke\u00e7irilm\u0259sin\u0259 \u0259sas olaraq, deyibl\u0259r ki, bu cinay\u0259t i\u015find\u0259 d\u00f6vl\u0259t\u0259 aid bir s\u0131ra s\u0259n\u0259dl\u0259r var, prosesin gedi\u015find\u0259 onlar a\u00e7\u0131qlana bil\u0259r. Jurnalistl\u0259rin i\u015ftirak\u0131 h\u0259min s\u0259n\u0259dl\u0259rin yay\u0131lmas\u0131 dem\u0259kdir.<\/p>\n\n\n\n<p>M\u0259hk\u0259m\u0259 prosesinin qapal\u0131 ke\u00e7irilm\u0259si bar\u0259d\u0259 v\u0259sat\u0259t t\u0259min olunmay\u0131b. Lakin t\u0259qsirl\u0259ndiril\u0259n \u015f\u0259xs v\u0259 onun v\u0259kilinin etiraz\u0131na g\u00f6r\u0259 median\u0131n prosesd\u0259 \u00e7\u0259kili\u015f aparmas\u0131na icaz\u0259 verilm\u0259yib. Bununla bel\u0259, jurnalistl\u0259rin i\u015ftirak\u0131 qada\u011fan olunmay\u0131b. \u00c7\u00fcnki m\u0259hk\u0259m\u0259 prosesi a\u00e7\u0131q ke\u00e7irilir. A\u00e7\u0131q m\u0259hk\u0259m\u0259 prosesind\u0259 is\u0259 ist\u0259nil\u0259n \u015f\u0259xs i\u015ftirak ed\u0259 bil\u0259r.<\/p>\n\n\n\n<p>Daha sonra m\u0259hk\u0259m\u0259d\u0259 prokuror Fariz Rzayev ittiham akt\u0131n\u0131 elan edib.<\/p>\n\n\n\n<p>\u0130ttihama \u0259sas\u0259n, Ziya H\u00fcseynzad\u0259 K\u0259nan R\u0259sulovla birlikd\u0259 Salyan rayonun Yenik\u0259nd v\u0259 Pamb\u0131qk\u0259nd k\u0259ndl\u0259rind\u0259 \u00fcmumilikd\u0259 9.6 hektar \u0259razid\u0259 yerl\u0259\u015f\u0259n istixanalarda t\u0259r\u0259v\u0259z m\u0259hsullar\u0131n\u0131n yeti\u015fdirilm\u0259si \u00fc\u00e7\u00fcn Avropa Yenid\u0259nqurma v\u0259 \u0130nki\u015faf Bank\u0131ndan 2 milyon dollar kredit al\u0131b. Lakin bu kredit t\u0259yinat\u0131 \u00fczr\u0259 x\u0259rcl\u0259nm\u0259yib.<\/p>\n\n\n\n<p>Ziya H\u00fcseynzad\u0259 h\u0259m\u00e7inin Zaur \u018fliyevl\u0259 \u0259lbir olub, Avropa Yenid\u0259nqurma v\u0259 \u0130nki\u015faf Bank\u0131ndan daha 5 milyon 600 min avro kredit g\u00f6t\u00fcr\u0259r\u0259k, bu v\u0259saiti \u0259l\u0259 ke\u00e7irm\u0259kd\u0259 t\u0259qsirl\u0259ndirilir.<\/p>\n\n\n\n<p>Bundan ba\u015fqa, Ziya H\u00fcseynzad\u0259 Zaur \u018fliyevl\u0259 birlikd\u0259 \u015firk\u0259t direktoru olmu\u015f, m\u0259rhum Ayd\u0131n Rzayevin vaxtil\u0259 ba\u015fqa bir i\u015f\u0259 g\u00f6r\u0259 verdiyi etibarnam\u0259d\u0259n sui-istifad\u0259 edib, \u201cMu\u011fanbank\u201ddan 7 dekabr 2022-ci ild\u0259 30 min dollar pulu na\u011fdla\u015fd\u0131r\u0131b g\u00f6t\u00fcrm\u0259kd\u0259 ittiham olunur. \u015eirk\u0259t r\u0259hb\u0259rinin \u201cMu\u011fanbank\u201d\u0131n X\u0259z\u0259r \u015f\u00f6b\u0259sind\u0259n 2 milyon dollar na\u011fdla\u015fd\u0131r\u0131b g\u00f6t\u00fcrm\u0259si d\u0259 ittihamda yer al\u0131b.<\/p>\n\n\n\n<p>T\u0259qsirl\u0259ndiril\u0259n i\u015f adam\u0131na qar\u015f\u0131 ittihamlardan biri d\u0259 birlikd\u0259 Avropa Yenid\u0259nqurma v\u0259 \u0130nki\u015faf Bank\u0131ndan kredit g\u00f6t\u00fcrd\u00fcy\u00fc K\u0259nan R\u0259sulova qar\u015f\u0131 d\u0259l\u0259duzluqla ba\u011fl\u0131d\u0131r. \u0130ttihama \u0259sas\u0259n, o, K\u0259nan R\u0259sulovun ad\u0131na iqliml\u0259 ba\u011fl\u0131 layih\u0259nin icras\u0131 \u00fc\u00e7\u00fcn 260 min avroluq qrant al\u0131n\u0131b, bunun 133 minini \u00f6z\u00fcn\u0259 g\u00f6t\u00fcr\u00fcb.<\/p>\n\n\n\n<p>Prokurorun \u00e7\u0131x\u0131\u015fdan sonra m\u0259hk\u0259m\u0259 prosesin\u0259 s\u0259drlik ed\u0259n Azad M\u0259cidov Ziya H\u00fcseynzad\u0259y\u0259 ittiham verilmi\u015f h\u0259r madd\u0259 \u00fczr\u0259 qanunda n\u0259z\u0259rd\u0259 tutulan c\u0259zalar\u0131 elan edib. M\u0259lum olub ki, \u00fcmumilikd\u0259 20 il\u0259 q\u0259d\u0259r azadl\u0131qdan m\u0259hrumetm\u0259 c\u0259zas\u0131ndan s\u00f6hb\u0259t gedir.<\/p>\n\n\n\n<p>\u0130ttiham akt\u0131nda yaz\u0131lanlara m\u00fcnasib\u0259t bildir\u0259n Ziya H\u00fcseynzad\u0259 onlar\u0131 q\u0259bul etm\u0259diyini s\u00f6yl\u0259yib.<\/p>\n\n\n\n<p>\u201c\u00d6z\u00fcn\u00fc z\u0259rr\u0259 q\u0259d\u0259r t\u0259qsirli bilmir\u0259m\u201d, &#8211; \u015firk\u0259t r\u0259hb\u0259ri bildirib.<\/p>\n\n\n\n<p>H\u0259m Avropa Yenid\u0259nqurma v\u0259 \u0130nki\u015faf Bank\u0131, h\u0259m d\u0259 K\u0259nan R\u0259sulov bu cinay\u0259t i\u015fi \u00fczr\u0259 z\u0259r\u0259r\u00e7\u0259kmi\u015f qismind\u0259 tan\u0131n\u0131b.<\/p>\n\n\n\n<p>K\u0259nan R\u0259sulovun v\u0259kili m\u0259hk\u0259m\u0259d\u0259 m\u00fclki iddia qald\u0131r\u0131b. M\u0259lum olub ki, K\u0259nan R\u0259sulov 130 min avro, el\u0259c\u0259 d\u0259 m\u00fclki iddian\u0131 qald\u0131rmaq \u00fc\u00e7\u00fcn \u00f6d\u0259nilmi\u015f 5 min manat r\u00fcsumu Ziya H\u00fcseynzad\u0259d\u0259n t\u0259l\u0259b edir.<\/p>\n\n\n\n<p>T\u0259qsirl\u0259ndiril\u0259n \u015firk\u0259t r\u0259hb\u0259rinin v\u0259kill\u0259ri m\u00fclki iddia il\u0259 tan\u0131\u015f olmaq \u00fc\u00e7\u00fcn m\u0259hk\u0259m\u0259d\u0259n vaxt ist\u0259yib.<\/p>\n\n\n\n<p>Bu i\u015f \u00fczr\u0259 n\u00f6vb\u0259ti m\u0259hk\u0259m\u0259 iclas\u0131 mart\u0131n 13-d\u0259 ke\u00e7iril\u0259c\u0259k.<\/p>\n\n\n\n<p>Ziya H\u00fcseynzad\u0259nin model Raziyyat \u018fliyevaya qar\u015f\u0131 zorak\u0131l\u0131q etm\u0259si ittiham\u0131yla olan cinay\u0259t i\u015fi \u00fczr\u0259 d\u0259 m\u0259hk\u0259m\u0259 prosesi davam edir.<\/p>\n\n\n\n<p>\u0130ttihamda g\u00f6st\u0259rilib ki, Ziya H\u00fcseynzad\u0259 sevgilisi Razi \u018fliyevan\u0131n ona x\u0259yan\u0259t etm\u0259sind\u0259n \u015f\u00fcbh\u0259l\u0259nib. Bu s\u0259b\u0259bd\u0259n aralar\u0131nda m\u00fcbahis\u0259l\u0259r yaran\u0131b. M\u00fcbahis\u0259 zaman\u0131 Ziya H\u00fcseynzad\u0259 Razi \u018fliyevan\u0131 d\u00f6y\u00fcb, bo\u011fub, di\u015fl\u0259yib v\u0259 s. Bundan ba\u015fqa, onun \u00fcst\u00fcn\u0259 b\u0131\u00e7aq \u00e7\u0259k\u0259r\u0259k, \u00f6ld\u00fcrm\u0259kl\u0259 h\u0259d\u0259l\u0259yib. \u0130ttihamda h\u0259m\u00e7inin yaz\u0131l\u0131b ki, Ziya H\u00fcseynzad\u0259 Razi \u018fliyevan\u0131n ya\u015fad\u0131\u011f\u0131 evd\u0259 yox, anas\u0131gild\u0259 oldu\u011funu bil\u0259nd\u0259 ora g\u0259l\u0259r\u0259k, qap\u0131n\u0131 s\u0131nd\u0131r\u0131b, s\u0259s-k\u00fcy sal\u0131b.<\/p>\n\n\n\n<p>H\u0259min cinay\u0259t i\u015find\u0259 Ziya H\u00fcseynzad\u0259y\u0259 qar\u015f\u0131 ittihamlardan biri d\u0259 budur ki, birlikd\u0259 ya\u015fad\u0131qlar\u0131 d\u00f6vrd\u0259 ona bahal\u0131 h\u0259diyy\u0259l\u0259r ald\u0131\u011f\u0131n\u0131, k\u00fclli miqdarda pul x\u0259rcl\u0259diyini \u0259sas g\u0259tir\u0259r\u0259k, sonradan 185 min manat d\u0259y\u0259rind\u0259 \u201cMercedes Gelandewagen\u201d markal\u0131 avtomobili geri ist\u0259yib. Lakin o, verm\u0259kd\u0259n imtina edib. Razi \u018fliyevan\u0131n T\u00fcrkiy\u0259y\u0259 getdiyini bil\u0259nd\u0259 is\u0259 evakuator xidm\u0259tiyl\u0259 dan\u0131\u015f\u0131b v\u0259 h\u0259min avtomobili oldu\u011fu yerd\u0259n g\u00f6t\u00fcr\u00fcb g\u0259tirib, daha sonra s\u0131nd\u0131r\u0131b. \u0130ttihama \u0259sas\u0259n, Ziya H\u00fcseynzad\u0259 avtomobil\u0259 94 min manatl\u0131q ziyan vurub.<\/p>\n\n\n\n<p>Lakin \u015firk\u0259t r\u0259hb\u0259ri bu i\u015fd\u0259 d\u0259 \u00f6z\u00fcn\u00fc t\u0259qsirli bilmir, sifari\u015fl\u0259 h\u0259bs olundu\u011funu deyir.<\/p>\n","protected":false},"excerpt":{"rendered":"<p>Ziya H\u00fcseynzad\u0259nin Avropa Yenid\u0259nqurma v\u0259 \u0130nki\u015faf Bank\u0131ndan g\u00f6t\u00fcr\u00fclm\u00fc\u015f milyonlarla v\u0259saiti &#8230; <\/p>\n<p class=\"read-more-container\"><a title=\"Model\u0259 qar\u015f\u0131 zorak\u0131l\u0131\u011fa g\u00f6r\u0259 h\u0259bs edil\u0259n \u015f\u0259xs m\u0259nims\u0259m\u0259d\u0259 d\u0259 ittiham olunur\" class=\"read-more button\" href=\"https:\/\/www.meydan.tv\/az\/article\/modele-qarsi-zorakiliga-gore-hebs-edilen-sexs-menimsemede-de-ittiham-olunur\/#more-300581\" aria-label=\"Read more about Model\u0259 qar\u015f\u0131 zorak\u0131l\u0131\u011fa g\u00f6r\u0259 h\u0259bs edil\u0259n \u015f\u0259xs m\u0259nims\u0259m\u0259d\u0259 d\u0259 ittiham olunur\">Davam\u0131<\/a><\/p>\n","protected":false},"author":13,"featured_media":277238,"comment_status":"closed","ping_status":"closed","sticky":false,"template":"","format":"standard","meta":{"_acf_changed":false,"_sitemap_exclude":false,"_sitemap_priority":"","_sitemap_frequency":"","footnotes":""},"categories":[62,79,56],"tags":[],"class_list":["post-300581","post","type-post","status-publish","format-standard","has-post-thumbnail","hentry","category-sosial","category-featured","category-xeberler","infinite-scroll-item","generate-columns","tablet-grid-50","mobile-grid-100","grid-parent","grid-33","no-featured-image-padding"],"acf":[],"yoast_head":"<!-- This site is optimized with the Yoast SEO plugin v27.5 - https:\/\/yoast.com\/product\/yoast-seo-wordpress\/ -->\n<title>Model\u0259 qar\u015f\u0131 zorak\u0131l\u0131\u011fa g\u00f6r\u0259 h\u0259bs edil\u0259n \u015f\u0259xs m\u0259nims\u0259m\u0259d\u0259 d\u0259 ittiham olunur - MEYDAN.TV<\/title>\n<meta name=\"robots\" content=\"index, follow, max-snippet:-1, max-image-preview:large, max-video-preview:-1\" \/>\n<link rel=\"canonical\" href=\"https:\/\/www.meydan.tv\/az\/article\/modele-qarsi-zorakiliga-gore-hebs-edilen-sexs-menimsemede-de-ittiham-olunur\/\" \/>\n<meta property=\"og:locale\" content=\"az_AZ\" \/>\n<meta property=\"og:type\" content=\"article\" \/>\n<meta property=\"og:title\" content=\"Model\u0259 qar\u015f\u0131 zorak\u0131l\u0131\u011fa g\u00f6r\u0259 h\u0259bs edil\u0259n \u015f\u0259xs m\u0259nims\u0259m\u0259d\u0259 d\u0259 ittiham olunur - MEYDAN.TV\" \/>\n<meta property=\"og:description\" content=\"Ziya H\u00fcseynzad\u0259nin Avropa Yenid\u0259nqurma v\u0259 \u0130nki\u015faf Bank\u0131ndan g\u00f6t\u00fcr\u00fclm\u00fc\u015f milyonlarla v\u0259saiti ... Davam\u0131\" \/>\n<meta property=\"og:url\" content=\"https:\/\/www.meydan.tv\/az\/article\/modele-qarsi-zorakiliga-gore-hebs-edilen-sexs-menimsemede-de-ittiham-olunur\/\" \/>\n<meta property=\"og:site_name\" content=\"MEYDAN.TV\" \/>\n<meta property=\"article:published_time\" content=\"2024-03-06T20:11:34+00:00\" \/>\n<meta property=\"article:modified_time\" content=\"2024-03-06T20:11:45+00:00\" \/>\n<meta property=\"og:image\" content=\"https:\/\/www.meydan.tv\/wp-content\/uploads\/untitled-design-137-1.jpg\" \/>\n\t<meta property=\"og:image:width\" content=\"1200\" \/>\n\t<meta property=\"og:image:height\" content=\"800\" \/>\n\t<meta property=\"og:image:type\" content=\"image\/jpeg\" \/>\n<meta name=\"author\" content=\"meri\" \/>\n<meta name=\"twitter:card\" content=\"summary_large_image\" \/>\n<script type=\"application\/ld+json\" class=\"yoast-schema-graph\">{\"@context\":\"https:\\\/\\\/schema.org\",\"@graph\":[{\"@type\":\"Article\",\"@id\":\"https:\\\/\\\/www.meydan.tv\\\/az\\\/article\\\/modele-qarsi-zorakiliga-gore-hebs-edilen-sexs-menimsemede-de-ittiham-olunur\\\/#article\",\"isPartOf\":{\"@id\":\"https:\\\/\\\/www.meydan.tv\\\/az\\\/article\\\/modele-qarsi-zorakiliga-gore-hebs-edilen-sexs-menimsemede-de-ittiham-olunur\\\/\"},\"author\":{\"name\":\"meri\",\"@id\":\"https:\\\/\\\/www.meydan.tv\\\/az\\\/#\\\/schema\\\/person\\\/f5399057f0b7fa223fa6c9b7c3321968\"},\"headline\":\"Model\u0259 qar\u015f\u0131 zorak\u0131l\u0131\u011fa g\u00f6r\u0259 h\u0259bs edil\u0259n \u015f\u0259xs m\u0259nims\u0259m\u0259d\u0259 d\u0259 ittiham olunur\",\"datePublished\":\"2024-03-06T20:11:34+00:00\",\"dateModified\":\"2024-03-06T20:11:45+00:00\",\"mainEntityOfPage\":{\"@id\":\"https:\\\/\\\/www.meydan.tv\\\/az\\\/article\\\/modele-qarsi-zorakiliga-gore-hebs-edilen-sexs-menimsemede-de-ittiham-olunur\\\/\"},\"wordCount\":1243,\"publisher\":{\"@id\":\"https:\\\/\\\/www.meydan.tv\\\/az\\\/#organization\"},\"image\":{\"@id\":\"https:\\\/\\\/www.meydan.tv\\\/az\\\/article\\\/modele-qarsi-zorakiliga-gore-hebs-edilen-sexs-menimsemede-de-ittiham-olunur\\\/#primaryimage\"},\"thumbnailUrl\":\"https:\\\/\\\/www.meydan.tv\\\/wp-content\\\/uploads\\\/untitled-design-137-1.jpg\",\"articleSection\":[\"Sosial\",\"T\u00f6vsiy\u0259\",\"X\u0259b\u0259rl\u0259r\"],\"inLanguage\":\"az\"},{\"@type\":\"WebPage\",\"@id\":\"https:\\\/\\\/www.meydan.tv\\\/az\\\/article\\\/modele-qarsi-zorakiliga-gore-hebs-edilen-sexs-menimsemede-de-ittiham-olunur\\\/\",\"url\":\"https:\\\/\\\/www.meydan.tv\\\/az\\\/article\\\/modele-qarsi-zorakiliga-gore-hebs-edilen-sexs-menimsemede-de-ittiham-olunur\\\/\",\"name\":\"Model\u0259 qar\u015f\u0131 zorak\u0131l\u0131\u011fa g\u00f6r\u0259 h\u0259bs edil\u0259n \u015f\u0259xs m\u0259nims\u0259m\u0259d\u0259 d\u0259 ittiham olunur - MEYDAN.TV\",\"isPartOf\":{\"@id\":\"https:\\\/\\\/www.meydan.tv\\\/az\\\/#website\"},\"primaryImageOfPage\":{\"@id\":\"https:\\\/\\\/www.meydan.tv\\\/az\\\/article\\\/modele-qarsi-zorakiliga-gore-hebs-edilen-sexs-menimsemede-de-ittiham-olunur\\\/#primaryimage\"},\"image\":{\"@id\":\"https:\\\/\\\/www.meydan.tv\\\/az\\\/article\\\/modele-qarsi-zorakiliga-gore-hebs-edilen-sexs-menimsemede-de-ittiham-olunur\\\/#primaryimage\"},\"thumbnailUrl\":\"https:\\\/\\\/www.meydan.tv\\\/wp-content\\\/uploads\\\/untitled-design-137-1.jpg\",\"datePublished\":\"2024-03-06T20:11:34+00:00\",\"dateModified\":\"2024-03-06T20:11:45+00:00\",\"breadcrumb\":{\"@id\":\"https:\\\/\\\/www.meydan.tv\\\/az\\\/article\\\/modele-qarsi-zorakiliga-gore-hebs-edilen-sexs-menimsemede-de-ittiham-olunur\\\/#breadcrumb\"},\"inLanguage\":\"az\",\"potentialAction\":[{\"@type\":\"ReadAction\",\"target\":[\"https:\\\/\\\/www.meydan.tv\\\/az\\\/article\\\/modele-qarsi-zorakiliga-gore-hebs-edilen-sexs-menimsemede-de-ittiham-olunur\\\/\"]}]},{\"@type\":\"ImageObject\",\"inLanguage\":\"az\",\"@id\":\"https:\\\/\\\/www.meydan.tv\\\/az\\\/article\\\/modele-qarsi-zorakiliga-gore-hebs-edilen-sexs-menimsemede-de-ittiham-olunur\\\/#primaryimage\",\"url\":\"https:\\\/\\\/www.meydan.tv\\\/wp-content\\\/uploads\\\/untitled-design-137-1.jpg\",\"contentUrl\":\"https:\\\/\\\/www.meydan.tv\\\/wp-content\\\/uploads\\\/untitled-design-137-1.jpg\",\"width\":1200,\"height\":800,\"caption\":\"Model Raziyyat (Razi) \u018fliyeva v\u0259 Ziya H\u00fcseynzad\u0259\"},{\"@type\":\"BreadcrumbList\",\"@id\":\"https:\\\/\\\/www.meydan.tv\\\/az\\\/article\\\/modele-qarsi-zorakiliga-gore-hebs-edilen-sexs-menimsemede-de-ittiham-olunur\\\/#breadcrumb\",\"itemListElement\":[{\"@type\":\"ListItem\",\"position\":1,\"name\":\"Ana s\u0259hif\u0259\",\"item\":\"https:\\\/\\\/www.meydan.tv\\\/az\\\/\"},{\"@type\":\"ListItem\",\"position\":2,\"name\":\"Sosial\",\"item\":\"https:\\\/\\\/www.meydan.tv\\\/az\\\/section\\\/sosial\\\/\"},{\"@type\":\"ListItem\",\"position\":3,\"name\":\"Model\u0259 qar\u015f\u0131 zorak\u0131l\u0131\u011fa g\u00f6r\u0259 h\u0259bs edil\u0259n \u015f\u0259xs m\u0259nims\u0259m\u0259d\u0259 d\u0259 ittiham olunur\"}]},{\"@type\":\"WebSite\",\"@id\":\"https:\\\/\\\/www.meydan.tv\\\/az\\\/#website\",\"url\":\"https:\\\/\\\/www.meydan.tv\\\/az\\\/\",\"name\":\"MEYDAN.TV\",\"description\":\"Meydan TV Az\u0259rbaycan\u0131n media m\u0259kan\u0131ndak\u0131 alternativ s\u0259sidir\",\"publisher\":{\"@id\":\"https:\\\/\\\/www.meydan.tv\\\/az\\\/#organization\"},\"potentialAction\":[{\"@type\":\"SearchAction\",\"target\":{\"@type\":\"EntryPoint\",\"urlTemplate\":\"https:\\\/\\\/www.meydan.tv\\\/az\\\/?s={search_term_string}\"},\"query-input\":{\"@type\":\"PropertyValueSpecification\",\"valueRequired\":true,\"valueName\":\"search_term_string\"}}],\"inLanguage\":\"az\"},{\"@type\":\"Organization\",\"@id\":\"https:\\\/\\\/www.meydan.tv\\\/az\\\/#organization\",\"name\":\"Meydan TV\",\"url\":\"https:\\\/\\\/www.meydan.tv\\\/az\\\/\",\"logo\":{\"@type\":\"ImageObject\",\"inLanguage\":\"az\",\"@id\":\"https:\\\/\\\/www.meydan.tv\\\/az\\\/#\\\/schema\\\/logo\\\/image\\\/\",\"url\":\"https:\\\/\\\/www.meydan.tv\\\/wp-content\\\/uploads\\\/2021\\\/07\\\/meydan-logo.svg\",\"contentUrl\":\"https:\\\/\\\/www.meydan.tv\\\/wp-content\\\/uploads\\\/2021\\\/07\\\/meydan-logo.svg\",\"width\":195,\"height\":46,\"caption\":\"Meydan TV\"},\"image\":{\"@id\":\"https:\\\/\\\/www.meydan.tv\\\/az\\\/#\\\/schema\\\/logo\\\/image\\\/\"}},{\"@type\":\"Person\",\"@id\":\"https:\\\/\\\/www.meydan.tv\\\/az\\\/#\\\/schema\\\/person\\\/f5399057f0b7fa223fa6c9b7c3321968\",\"name\":\"meri\"}]}<\/script>\n<!-- \/ Yoast SEO plugin. -->","yoast_head_json":{"title":"Model\u0259 qar\u015f\u0131 zorak\u0131l\u0131\u011fa g\u00f6r\u0259 h\u0259bs edil\u0259n \u015f\u0259xs m\u0259nims\u0259m\u0259d\u0259 d\u0259 ittiham olunur - MEYDAN.TV","robots":{"index":"index","follow":"follow","max-snippet":"max-snippet:-1","max-image-preview":"max-image-preview:large","max-video-preview":"max-video-preview:-1"},"canonical":"https:\/\/www.meydan.tv\/az\/article\/modele-qarsi-zorakiliga-gore-hebs-edilen-sexs-menimsemede-de-ittiham-olunur\/","og_locale":"az_AZ","og_type":"article","og_title":"Model\u0259 qar\u015f\u0131 zorak\u0131l\u0131\u011fa g\u00f6r\u0259 h\u0259bs edil\u0259n \u015f\u0259xs m\u0259nims\u0259m\u0259d\u0259 d\u0259 ittiham olunur - MEYDAN.TV","og_description":"Ziya H\u00fcseynzad\u0259nin Avropa Yenid\u0259nqurma v\u0259 \u0130nki\u015faf Bank\u0131ndan g\u00f6t\u00fcr\u00fclm\u00fc\u015f milyonlarla v\u0259saiti ... Davam\u0131","og_url":"https:\/\/www.meydan.tv\/az\/article\/modele-qarsi-zorakiliga-gore-hebs-edilen-sexs-menimsemede-de-ittiham-olunur\/","og_site_name":"MEYDAN.TV","article_published_time":"2024-03-06T20:11:34+00:00","article_modified_time":"2024-03-06T20:11:45+00:00","og_image":[{"width":1200,"height":800,"url":"https:\/\/www.meydan.tv\/wp-content\/uploads\/untitled-design-137-1.jpg","type":"image\/jpeg"}],"author":"meri","twitter_card":"summary_large_image","schema":{"@context":"https:\/\/schema.org","@graph":[{"@type":"Article","@id":"https:\/\/www.meydan.tv\/az\/article\/modele-qarsi-zorakiliga-gore-hebs-edilen-sexs-menimsemede-de-ittiham-olunur\/#article","isPartOf":{"@id":"https:\/\/www.meydan.tv\/az\/article\/modele-qarsi-zorakiliga-gore-hebs-edilen-sexs-menimsemede-de-ittiham-olunur\/"},"author":{"name":"meri","@id":"https:\/\/www.meydan.tv\/az\/#\/schema\/person\/f5399057f0b7fa223fa6c9b7c3321968"},"headline":"Model\u0259 qar\u015f\u0131 zorak\u0131l\u0131\u011fa g\u00f6r\u0259 h\u0259bs edil\u0259n \u015f\u0259xs m\u0259nims\u0259m\u0259d\u0259 d\u0259 ittiham olunur","datePublished":"2024-03-06T20:11:34+00:00","dateModified":"2024-03-06T20:11:45+00:00","mainEntityOfPage":{"@id":"https:\/\/www.meydan.tv\/az\/article\/modele-qarsi-zorakiliga-gore-hebs-edilen-sexs-menimsemede-de-ittiham-olunur\/"},"wordCount":1243,"publisher":{"@id":"https:\/\/www.meydan.tv\/az\/#organization"},"image":{"@id":"https:\/\/www.meydan.tv\/az\/article\/modele-qarsi-zorakiliga-gore-hebs-edilen-sexs-menimsemede-de-ittiham-olunur\/#primaryimage"},"thumbnailUrl":"https:\/\/www.meydan.tv\/wp-content\/uploads\/untitled-design-137-1.jpg","articleSection":["Sosial","T\u00f6vsiy\u0259","X\u0259b\u0259rl\u0259r"],"inLanguage":"az"},{"@type":"WebPage","@id":"https:\/\/www.meydan.tv\/az\/article\/modele-qarsi-zorakiliga-gore-hebs-edilen-sexs-menimsemede-de-ittiham-olunur\/","url":"https:\/\/www.meydan.tv\/az\/article\/modele-qarsi-zorakiliga-gore-hebs-edilen-sexs-menimsemede-de-ittiham-olunur\/","name":"Model\u0259 qar\u015f\u0131 zorak\u0131l\u0131\u011fa g\u00f6r\u0259 h\u0259bs edil\u0259n \u015f\u0259xs m\u0259nims\u0259m\u0259d\u0259 d\u0259 ittiham olunur - MEYDAN.TV","isPartOf":{"@id":"https:\/\/www.meydan.tv\/az\/#website"},"primaryImageOfPage":{"@id":"https:\/\/www.meydan.tv\/az\/article\/modele-qarsi-zorakiliga-gore-hebs-edilen-sexs-menimsemede-de-ittiham-olunur\/#primaryimage"},"image":{"@id":"https:\/\/www.meydan.tv\/az\/article\/modele-qarsi-zorakiliga-gore-hebs-edilen-sexs-menimsemede-de-ittiham-olunur\/#primaryimage"},"thumbnailUrl":"https:\/\/www.meydan.tv\/wp-content\/uploads\/untitled-design-137-1.jpg","datePublished":"2024-03-06T20:11:34+00:00","dateModified":"2024-03-06T20:11:45+00:00","breadcrumb":{"@id":"https:\/\/www.meydan.tv\/az\/article\/modele-qarsi-zorakiliga-gore-hebs-edilen-sexs-menimsemede-de-ittiham-olunur\/#breadcrumb"},"inLanguage":"az","potentialAction":[{"@type":"ReadAction","target":["https:\/\/www.meydan.tv\/az\/article\/modele-qarsi-zorakiliga-gore-hebs-edilen-sexs-menimsemede-de-ittiham-olunur\/"]}]},{"@type":"ImageObject","inLanguage":"az","@id":"https:\/\/www.meydan.tv\/az\/article\/modele-qarsi-zorakiliga-gore-hebs-edilen-sexs-menimsemede-de-ittiham-olunur\/#primaryimage","url":"https:\/\/www.meydan.tv\/wp-content\/uploads\/untitled-design-137-1.jpg","contentUrl":"https:\/\/www.meydan.tv\/wp-content\/uploads\/untitled-design-137-1.jpg","width":1200,"height":800,"caption":"Model Raziyyat (Razi) \u018fliyeva v\u0259 Ziya H\u00fcseynzad\u0259"},{"@type":"BreadcrumbList","@id":"https:\/\/www.meydan.tv\/az\/article\/modele-qarsi-zorakiliga-gore-hebs-edilen-sexs-menimsemede-de-ittiham-olunur\/#breadcrumb","itemListElement":[{"@type":"ListItem","position":1,"name":"Ana s\u0259hif\u0259","item":"https:\/\/www.meydan.tv\/az\/"},{"@type":"ListItem","position":2,"name":"Sosial","item":"https:\/\/www.meydan.tv\/az\/section\/sosial\/"},{"@type":"ListItem","position":3,"name":"Model\u0259 qar\u015f\u0131 zorak\u0131l\u0131\u011fa g\u00f6r\u0259 h\u0259bs edil\u0259n \u015f\u0259xs m\u0259nims\u0259m\u0259d\u0259 d\u0259 ittiham olunur"}]},{"@type":"WebSite","@id":"https:\/\/www.meydan.tv\/az\/#website","url":"https:\/\/www.meydan.tv\/az\/","name":"MEYDAN.TV","description":"Meydan TV Az\u0259rbaycan\u0131n media m\u0259kan\u0131ndak\u0131 alternativ s\u0259sidir","publisher":{"@id":"https:\/\/www.meydan.tv\/az\/#organization"},"potentialAction":[{"@type":"SearchAction","target":{"@type":"EntryPoint","urlTemplate":"https:\/\/www.meydan.tv\/az\/?s={search_term_string}"},"query-input":{"@type":"PropertyValueSpecification","valueRequired":true,"valueName":"search_term_string"}}],"inLanguage":"az"},{"@type":"Organization","@id":"https:\/\/www.meydan.tv\/az\/#organization","name":"Meydan TV","url":"https:\/\/www.meydan.tv\/az\/","logo":{"@type":"ImageObject","inLanguage":"az","@id":"https:\/\/www.meydan.tv\/az\/#\/schema\/logo\/image\/","url":"https:\/\/www.meydan.tv\/wp-content\/uploads\/2021\/07\/meydan-logo.svg","contentUrl":"https:\/\/www.meydan.tv\/wp-content\/uploads\/2021\/07\/meydan-logo.svg","width":195,"height":46,"caption":"Meydan TV"},"image":{"@id":"https:\/\/www.meydan.tv\/az\/#\/schema\/logo\/image\/"}},{"@type":"Person","@id":"https:\/\/www.meydan.tv\/az\/#\/schema\/person\/f5399057f0b7fa223fa6c9b7c3321968","name":"meri"}]}},"_links":{"self":[{"href":"https:\/\/www.meydan.tv\/az\/wp-json\/wp\/v2\/posts\/300581","targetHints":{"allow":["GET"]}}],"collection":[{"href":"https:\/\/www.meydan.tv\/az\/wp-json\/wp\/v2\/posts"}],"about":[{"href":"https:\/\/www.meydan.tv\/az\/wp-json\/wp\/v2\/types\/post"}],"author":[{"embeddable":true,"href":"https:\/\/www.meydan.tv\/az\/wp-json\/wp\/v2\/users\/13"}],"replies":[{"embeddable":true,"href":"https:\/\/www.meydan.tv\/az\/wp-json\/wp\/v2\/comments?post=300581"}],"version-history":[{"count":1,"href":"https:\/\/www.meydan.tv\/az\/wp-json\/wp\/v2\/posts\/300581\/revisions"}],"predecessor-version":[{"id":300582,"href":"https:\/\/www.meydan.tv\/az\/wp-json\/wp\/v2\/posts\/300581\/revisions\/300582"}],"wp:featuredmedia":[{"embeddable":true,"href":"https:\/\/www.meydan.tv\/az\/wp-json\/wp\/v2\/media\/277238"}],"wp:attachment":[{"href":"https:\/\/www.meydan.tv\/az\/wp-json\/wp\/v2\/media?parent=300581"}],"wp:term":[{"taxonomy":"category","embeddable":true,"href":"https:\/\/www.meydan.tv\/az\/wp-json\/wp\/v2\/categories?post=300581"},{"taxonomy":"post_tag","embeddable":true,"href":"https:\/\/www.meydan.tv\/az\/wp-json\/wp\/v2\/tags?post=300581"}],"curies":[{"name":"wp","href":"https:\/\/api.w.org\/{rel}","templated":true}]}}