{"id":300532,"date":"2024-03-06T17:05:04","date_gmt":"2024-03-06T13:05:04","guid":{"rendered":"https:\/\/www.meydan.tv\/?p=300532"},"modified":"2024-03-13T17:13:05","modified_gmt":"2024-03-13T13:13:05","slug":"toplum-tv-de-axtaris-aparilir-polis-erazini-muhasireye-alib","status":"publish","type":"post","link":"https:\/\/www.meydan.tv\/az\/article\/toplum-tv-de-axtaris-aparilir-polis-erazini-muhasireye-alib\/","title":{"rendered":"&#8220;Toplum TV&#8221;-nin ofisind\u0259 axtar\u0131\u015f bitib, qap\u0131s\u0131 m\u00f6h\u00fcrl\u0259nib (yenil\u0259nib)"},"content":{"rendered":"\n<p><\/p>\n\n\n\n<p>&#8220;Toplum TV&#8221;-y\u0259 m\u0259xsus sosial \u015f\u0259b\u0259k\u0259 hesablar\u0131 \u0259l\u0259 ke\u00e7irilib v\u0259 ad\u0131 d\u0259yi\u015fdirilib. Haz\u0131rda hesablardak\u0131 materiallar silinir.<\/p>\n\n\n\n<hr class=\"wp-block-separator has-alpha-channel-opacity\"\/>\n\n\n\n<p>&#8220;Toplum TV&#8221; il\u0259 ba\u011fl\u0131 i\u015fd\u0259 Akif Qurbanova, F\u0259rid \u0130smay\u0131lova, M\u00fc\u015ffiq Cabbara, \u018fli Zeynala, Ramil Babayev\u0259, Elmir Abbasova v\u0259 \u0130lkin \u018fmrahova 206.3.2 (qa\u00e7aqmal\u00e7\u0131l\u0131q) ittiham\u0131 il\u0259 cinay\u0259t i\u015fi a\u00e7\u0131l\u0131b.<\/p>\n\n\n\n<p>M\u00fc\u015ffiq Cabbar\u0131n h\u0259yat yolda\u015f\u0131n\u0131n verdiyi m\u0259lumata g\u00f6r\u0259, onlar\u0131n da evind\u0259 axtar\u0131\u015f apar\u0131l\u0131b v\u0259 avro &#8220;a\u015fkarlan\u0131b&#8221;.<\/p>\n\n\n\n<hr class=\"wp-block-separator has-alpha-channel-opacity\"\/>\n\n\n\n<p>&#8220;Toplum TV&#8221;-nin \u0259m\u0259kda\u015f\u0131 F\u0259rid \u0130smay\u0131lovun evind\u0259 d\u0259 axtar\u0131\u015f apar\u0131l\u0131b. <\/p>\n\n\n\n<p>Onun ya\u015fad\u0131\u011f\u0131 evd\u0259n 3100 avro g\u00f6t\u00fcr\u00fcld\u00fcy\u00fc haqda m\u0259lumat var. <\/p>\n\n\n\n<hr class=\"wp-block-separator has-alpha-channel-opacity\"\/>\n\n\n\n<p>V\u0259kil \u015e\u0259hla H\u00fcmb\u0259tova polis zorak\u0131l\u0131\u011f\u0131na m\u0259ruz qald\u0131\u011f\u0131n\u0131 bildirir. <\/p>\n\n\n\n<p>Bu bar\u0259d\u0259 \u00f6z\u00fc \u201cFacebook\u201d hesab\u0131nda <a href=\"https:\/\/www.facebook.com\/shahla.humbatova\/posts\/pfbid02A5boYEowRsYWb267i8qoBnjk61kREj4TQWyjBsxK1dMR27y2iWAkvKcAQUPuv7gxl\">yaz\u0131b<\/a>. <\/p>\n\n\n\n<p>Onun s\u00f6zl\u0259rin\u0259 g\u00f6r\u0259,&nbsp; 6 n\u0259f\u0259r polis zorak\u0131l\u0131q ed\u0259r\u0259k onu Akif Qurbanovun ya\u015fad\u0131\u011f\u0131 m\u0259nzilin qar\u015f\u0131s\u0131ndan uzaqla\u015fd\u0131r\u0131blar. <\/p>\n\n\n\n<p>V\u0259kilin i\u015ftirak\u0131 olmadan axtar\u0131\u015f davam etdirilir.<\/p>\n\n\n\n<hr class=\"wp-block-separator has-alpha-channel-opacity\"\/>\n\n\n\n<p><strong><em>V\u0259kil \u015e\u0259hla H\u00fcmb\u0259tova axtar\u0131\u015f apar\u0131lan m\u0259nzil\u0259 burax\u0131lm\u0131r. <\/em><\/strong> <\/p>\n\n\n\n<p>Bu bar\u0259d\u0259 \u015e\u0259hla H\u00fcmb\u0259tova &#8220;Facebook&#8221; sosial \u015f\u0259b\u0259k\u0259sind\u0259ki hesab\u0131nda <a href=\"https:\/\/www.facebook.com\/shahla.humbatova\/posts\/pfbid02iSbSNFoMUqKiaS7KaruyT6452TETqJrJjyqgQHJd9dwZzuC6ksob8jMTkPB17e1xl\">yaz\u0131b<\/a>. <\/p>\n\n\n\n<p><em>&#8220;Akif Qurbanovun m\u0259nzilind\u0259 axtar\u0131\u015f gedir, \u00f6z\u00fc d\u0259 i\u00e7\u0259rid\u0259dir. G\u0259lmi\u015f\u0259m, qap\u0131n\u0131 d\u00f6y\u00fcr\u0259m, a\u00e7m\u0131rlar. \u0130\u00e7\u0259rid\u0259n x\u0259b\u0259r verdil\u0259r ki, polis icaz\u0259 vermir a\u00e7ma\u011fa&#8221;<\/em>, &#8211; \u015e\u0259hla H\u00fcmb\u0259tova bel\u0259 yaz\u0131b. <\/p>\n\n\n\n<p>V\u0259kil bununla ba\u011fl\u0131 &#8220;Facebook&#8221; hesab\u0131nda video da <a href=\"https:\/\/www.facebook.com\/shahla.humbatova\/posts\/pfbid0WKcLiuUEzc3SihPKbZTWdx2SLhkQgmTFvGGUYuZECpMSDZ6GEJ8og3AsdsyD1sK6l\">payla\u015f\u0131b<\/a>. <\/p>\n\n\n\n<hr class=\"wp-block-separator has-alpha-channel-opacity\"\/>\n\n\n\n<p><em><strong>Haz\u0131rda Akif Qurbanovun evind\u0259 axtar\u0131\u015f apar\u0131l\u0131r<\/strong><\/em><\/p>\n\n\n\n<p>III Respublika Platformas\u0131n\u0131n spikeri Akif Qurbanov polis t\u0259r\u0259find\u0259n saxlan\u0131l\u0131b. <\/p>\n\n\n\n<p>Haz\u0131rda \u00f6z\u00fcn\u00fcn i\u015ftirak\u0131 il\u0259 evind\u0259 axtar\u0131\u015f apar\u0131ld\u0131\u011f\u0131 bildirilir. V\u0259kil \u015e\u0259hla H\u00fcmb\u0259tovan\u0131n da axtar\u0131\u015fda i\u015ftirak etdiyi deyilir.  M\u0259lumat III Respublika Platformas\u0131n\u0131n &#8220;Facebook&#8221; s\u0259hif\u0259sind\u0259 <a href=\"https:\/\/www.facebook.com\/IIIRespublika\/posts\/pfbid02aESQmro5dEaUHD7GNXZVrUhATnEaV8wM9xeVTrwbCk7k877s5Xsj2GrEZt49DhN9l\">yay\u0131l\u0131b. <\/a><\/p>\n\n\n\n<hr class=\"wp-block-separator has-alpha-channel-opacity\"\/>\n\n\n\n<p>III Respublika Platformas\u0131n\u0131n spikeri Akif Qurbanovun t\u0259\u015fkilat\u0131n ofisind\u0259n \u00e7\u0131xar\u0131laraq polis\u0259 apar\u0131ld\u0131\u011f\u0131 deyilir. <\/p>\n\n\n\n<p>Sosial \u015f\u0259b\u0259k\u0259l\u0259rd\u0259 yay\u0131lan m\u0259lumatlara g\u00f6r\u0259, III Respublika Platformas\u0131n\u0131n ofisi d\u0259 qapad\u0131l\u0131b. <\/p>\n\n\n\n<p>Akif Qurbanovdan sonra Ruslan \u0130zz\u0259tli v\u0259 Araz \u018fliyevin d\u0259 ofisd\u0259n \u00e7\u0131xar\u0131laraq polis\u0259 apar\u0131ld\u0131\u011f\u0131 bildirilir. <\/p>\n\n\n\n<hr class=\"wp-block-separator has-alpha-channel-opacity\"\/>\n\n\n\n<p>III Respublika Platformas\u0131n\u0131n spikeri Akif Qurbanov, Qurucu Hey\u0259t \u00fczvl\u0259ri Ruslan \u0130zz\u0259tli v\u0259 Araz \u018fliyevl\u0259 \u0259laq\u0259 saxlamaq m\u00fcmk\u00fcn deyil. &#8211; &#8220;Toplum TV&#8221; yaz\u0131r.<\/p>\n\n\n\n<p>Onlar\u0131n polis t\u0259r\u0259find\u0259n saxlan\u0131ld\u0131qlar\u0131 g\u00fcman edilir.<\/p>\n\n\n\n<p>Sosial \u015f\u0259b\u0259k\u0259l\u0259rd\u0259 yay\u0131lan foto g\u00f6r\u00fcnt\u00fcd\u0259n is\u0259 ayd\u0131n olur ki, \u201cToplum TV\u201d-nin ofisind\u0259 axtar\u0131\u015f bitib v\u0259 qap\u0131s\u0131 m\u00f6h\u00fcrl\u0259nib.<\/p>\n\n\n\n<hr class=\"wp-block-separator has-alpha-channel-opacity\"\/>\n\n\n\n<p>&#8220;Toplum TV&#8221;-nin ba\u015f redaktoru X\u0259dic\u0259 \u0130smay\u0131l \u201cBBC Az\u0259rbaycanca\u201dya a\u00e7\u0131qlamas\u0131nda b\u0259zi \u0259m\u0259kda\u015flar\u0131n \u201cpolis ma\u015f\u0131n\u0131na oturdularaq, apar\u0131ld\u0131\u011f\u0131n\u0131\u201d bildirib.<\/p>\n\n\n\n<p>&nbsp;<em>\u201c\u0130ndi \u0259m\u0259kda\u015flar\u0131m\u0131n taleyi il\u0259 maraqlan\u0131ram ki, g\u00f6r\u00fcm hara apar\u0131rlar\u201d<\/em>, &#8211; X\u0259dic\u0259 \u0130smay\u0131l deyib. Onun s\u00f6zl\u0259rin\u0259 g\u00f6r\u0259, polisin apard\u0131\u011f\u0131 axtar\u0131\u015flar\u0131n yaln\u0131z bir s\u0259b\u0259bi var, median\u0131 susdurma\u011fa \u00e7al\u0131\u015f\u0131rlar.<\/p>\n\n\n\n<p><em>&nbsp;\u201c\u00d6lk\u0259d\u0259 he\u00e7 bir t\u0259nqidi s\u0259s \u00e7\u0131xmas\u0131n dey\u0259, azad s\u00f6z olmas\u0131n dey\u0259 at\u0131lan add\u0131mlar\u0131n davam\u0131d\u0131r. Birc\u0259 onu bilir\u0259m ki, biz he\u00e7 bir cinay\u0259t i\u015fi \u00fc\u00e7\u00fcn h\u00fcquqi \u0259sas verm\u0259mi\u015fik\u201d<\/em>, &#8211; o \u0259lav\u0259 edib.<\/p>\n\n\n\n<hr class=\"wp-block-separator has-alpha-channel-opacity\"\/>\n\n\n\n<p>&#8220;<strong><em>Toplum TV&#8221;-d\u0259 axtar\u0131\u015f apar\u0131l\u0131r, polis \u0259razini m\u00fchasir\u0259y\u0259 al\u0131b<\/em><\/strong><\/p>\n\n\n\n<p><strong><em>Sayt \u0259m\u0259kda\u015flar\u0131n\u0131n \u0259razid\u0259n polis ma\u015f\u0131n\u0131 il\u0259 uzaqla\u015fd\u0131r\u0131ld\u0131\u011f\u0131 bildirilir<\/em><\/strong><\/p>\n\n\n\n<p>M\u00fcst\u0259qil media olan &#8220;Toplum TV&#8221;-nin ofisind\u0259 axtar\u0131\u015f apar\u0131ld\u0131\u011f\u0131 bildirilir.<\/p>\n\n\n\n<p>Bu bar\u0259d\u0259 sosial \u015f\u0259b\u0259k\u0259l\u0259rd\u0259 sayt\u0131n \u0259m\u0259kda\u015flar\u0131 m\u0259lumat payla\u015f\u0131b. Bildiribl\u0259r ki, media qurumunun ofisind\u0259 axtar\u0131\u015f ba\u015flay\u0131b, polis sayt\u0131n \u0259m\u0259kda\u015flar\u0131n\u0131 \u0259razid\u0259n polis ma\u015f\u0131n\u0131nda uzaqla\u015fd\u0131r\u0131b.<\/p>\n\n\n\n<p>Meydan TV m\u0259lumat\u0131 sayt r\u0259hb\u0259rliyi il\u0259 d\u0259qiql\u0259\u015fdir\u0259 bilm\u0259yib. He\u00e7 biri il\u0259 \u0259laq\u0259 saxlamaq m\u00fcmk\u00fcn olmay\u0131b.<\/p>\n\n\n\n<p>Sayt\u0131n \u0259m\u0259kda\u015flar\u0131ndan biri median\u0131n yerl\u0259\u015fdiyi \u0259razinin polis t\u0259r\u0259find\u0259n m\u00fchasir\u0259y\u0259 al\u0131nd\u0131\u011f\u0131n\u0131 bildirib.<\/p>\n\n\n\n<p>Meydan TV-nin \u0259ld\u0259 etdiyi ba\u015fqa bir m\u0259lumata g\u00f6r\u0259, III Respublika Platformas\u0131n\u0131n yerl\u0259\u015fdiyi ofisin \u0259traf\u0131n\u0131 da polis \u0259hat\u0259y\u0259 al\u0131b.<\/p>\n\n\n\n<p>Axtar\u0131\u015f\u0131 hans\u0131 qurumun apard\u0131\u011f\u0131 b\u0259lli deyil. Lakin Daxili \u0130\u015fl\u0259r Nazirliyi (D\u0130N) &#8220;Toplum TV&#8221;-d\u0259 axtar\u0131\u015f apar\u0131lmas\u0131 il\u0259 ba\u011fl\u0131 sosial \u015f\u0259b\u0259k\u0259l\u0259rd\u0259 yay\u0131lan x\u0259b\u0259rl\u0259r\u0259 m\u00fcnasib\u0259t <a href=\"https:\/\/report.az\/hadise\/din-toplum-tv-de-axtaris-aparilmasi-ile-bagli-sosial-sebekelerde-yayilan-xeberlere-munasibet-bildirib\/\">bildirib<\/a>.<\/p>\n\n\n\n<p>Qurumun m\u0259tbuat xidm\u0259tinin r\u0259hb\u0259ri El\u015fad Hac\u0131yev deyib ki, paytaxt\u0131n N\u0259rimanov rayonu Y.V.\u00c7\u0259m\u0259nz\u0259minli ev 98 B \u00fcnvan\u0131nda yerl\u0259\u015f\u0259n ofisd\u0259 v\u0259 \u0259lav\u0259 dig\u0259r \u00fcnvanlarda bir qrup \u015f\u0259xsin f\u0259aliyy\u0259ti il\u0259 ba\u011fl\u0131 daxil olan m\u0259lumat \u00fczr\u0259 polis \u0259m\u0259kda\u015flar\u0131 t\u0259r\u0259find\u0259n \u0259m\u0259liyyat-axtar\u0131\u015f t\u0259dbirl\u0259ri ke\u00e7irilib.<\/p>\n\n\n\n<p><em>\u201c\u018flav\u0259 m\u0259lumat veril\u0259c\u0259k\u201d<\/em>, &#8211; E.Hac\u0131yev deyib.<\/p>\n","protected":false},"excerpt":{"rendered":"<p>&#8220;Toplum TV&#8221;-y\u0259 m\u0259xsus sosial \u015f\u0259b\u0259k\u0259 hesablar\u0131 \u0259l\u0259 ke\u00e7irilib v\u0259 ad\u0131 &#8230; <\/p>\n<p class=\"read-more-container\"><a title=\"&#8220;Toplum TV&#8221;-nin ofisind\u0259 axtar\u0131\u015f bitib, qap\u0131s\u0131 m\u00f6h\u00fcrl\u0259nib (yenil\u0259nib)\" class=\"read-more button\" href=\"https:\/\/www.meydan.tv\/az\/article\/toplum-tv-de-axtaris-aparilir-polis-erazini-muhasireye-alib\/#more-300532\" aria-label=\"Read more about &#8220;Toplum TV&#8221;-nin ofisind\u0259 axtar\u0131\u015f bitib, qap\u0131s\u0131 m\u00f6h\u00fcrl\u0259nib (yenil\u0259nib)\">Davam\u0131<\/a><\/p>\n","protected":false},"author":21,"featured_media":255969,"comment_status":"closed","ping_status":"closed","sticky":false,"template":"","format":"standard","meta":{"_acf_changed":false,"_sitemap_exclude":false,"_sitemap_priority":"","_sitemap_frequency":"","footnotes":""},"categories":[59,79,56],"tags":[],"class_list":["post-300532","post","type-post","status-publish","format-standard","has-post-thumbnail","hentry","category-siyaset","category-featured","category-xeberler","infinite-scroll-item","generate-columns","tablet-grid-50","mobile-grid-100","grid-parent","grid-33","no-featured-image-padding"],"acf":[],"yoast_head":"<!-- This site is optimized with the Yoast SEO plugin v27.4 - https:\/\/yoast.com\/product\/yoast-seo-wordpress\/ -->\n<title>&quot;Toplum TV&quot;-nin ofisind\u0259 axtar\u0131\u015f bitib, qap\u0131s\u0131 m\u00f6h\u00fcrl\u0259nib (yenil\u0259nib) - MEYDAN.TV<\/title>\n<meta name=\"robots\" content=\"index, follow, max-snippet:-1, max-image-preview:large, max-video-preview:-1\" \/>\n<link rel=\"canonical\" href=\"https:\/\/www.meydan.tv\/az\/article\/toplum-tv-de-axtaris-aparilir-polis-erazini-muhasireye-alib\/\" \/>\n<meta property=\"og:locale\" content=\"az_AZ\" \/>\n<meta property=\"og:type\" content=\"article\" \/>\n<meta property=\"og:title\" content=\"&quot;Toplum TV&quot;-nin ofisind\u0259 axtar\u0131\u015f bitib, qap\u0131s\u0131 m\u00f6h\u00fcrl\u0259nib (yenil\u0259nib) - MEYDAN.TV\" \/>\n<meta property=\"og:description\" content=\"&#8220;Toplum TV&#8221;-y\u0259 m\u0259xsus sosial \u015f\u0259b\u0259k\u0259 hesablar\u0131 \u0259l\u0259 ke\u00e7irilib v\u0259 ad\u0131 ... Davam\u0131\" \/>\n<meta property=\"og:url\" content=\"https:\/\/www.meydan.tv\/az\/article\/toplum-tv-de-axtaris-aparilir-polis-erazini-muhasireye-alib\/\" \/>\n<meta property=\"og:site_name\" content=\"MEYDAN.TV\" \/>\n<meta property=\"article:published_time\" content=\"2024-03-06T13:05:04+00:00\" \/>\n<meta property=\"article:modified_time\" content=\"2024-03-13T13:13:05+00:00\" \/>\n<meta property=\"og:image\" content=\"https:\/\/www.meydan.tv\/wp-content\/uploads\/sharemain.png\" \/>\n\t<meta property=\"og:image:width\" content=\"1200\" \/>\n\t<meta property=\"og:image:height\" content=\"630\" \/>\n\t<meta property=\"og:image:type\" content=\"image\/png\" \/>\n<meta name=\"author\" content=\"mahmud\" \/>\n<meta name=\"twitter:card\" content=\"summary_large_image\" \/>\n<script type=\"application\/ld+json\" class=\"yoast-schema-graph\">{\"@context\":\"https:\\\/\\\/schema.org\",\"@graph\":[{\"@type\":\"Article\",\"@id\":\"https:\\\/\\\/www.meydan.tv\\\/az\\\/article\\\/toplum-tv-de-axtaris-aparilir-polis-erazini-muhasireye-alib\\\/#article\",\"isPartOf\":{\"@id\":\"https:\\\/\\\/www.meydan.tv\\\/az\\\/article\\\/toplum-tv-de-axtaris-aparilir-polis-erazini-muhasireye-alib\\\/\"},\"author\":{\"name\":\"mahmud\",\"@id\":\"https:\\\/\\\/www.meydan.tv\\\/az\\\/#\\\/schema\\\/person\\\/09863e516102a829e72bedcf3f84c6b0\"},\"headline\":\"&#8220;Toplum TV&#8221;-nin ofisind\u0259 axtar\u0131\u015f bitib, qap\u0131s\u0131 m\u00f6h\u00fcrl\u0259nib (yenil\u0259nib)\",\"datePublished\":\"2024-03-06T13:05:04+00:00\",\"dateModified\":\"2024-03-13T13:13:05+00:00\",\"mainEntityOfPage\":{\"@id\":\"https:\\\/\\\/www.meydan.tv\\\/az\\\/article\\\/toplum-tv-de-axtaris-aparilir-polis-erazini-muhasireye-alib\\\/\"},\"wordCount\":884,\"publisher\":{\"@id\":\"https:\\\/\\\/www.meydan.tv\\\/az\\\/#organization\"},\"image\":{\"@id\":\"https:\\\/\\\/www.meydan.tv\\\/az\\\/article\\\/toplum-tv-de-axtaris-aparilir-polis-erazini-muhasireye-alib\\\/#primaryimage\"},\"thumbnailUrl\":\"https:\\\/\\\/www.meydan.tv\\\/wp-content\\\/uploads\\\/sharemain.png\",\"articleSection\":[\"Siyas\u0259t\",\"T\u00f6vsiy\u0259\",\"X\u0259b\u0259rl\u0259r\"],\"inLanguage\":\"az\"},{\"@type\":\"WebPage\",\"@id\":\"https:\\\/\\\/www.meydan.tv\\\/az\\\/article\\\/toplum-tv-de-axtaris-aparilir-polis-erazini-muhasireye-alib\\\/\",\"url\":\"https:\\\/\\\/www.meydan.tv\\\/az\\\/article\\\/toplum-tv-de-axtaris-aparilir-polis-erazini-muhasireye-alib\\\/\",\"name\":\"\\\"Toplum TV\\\"-nin ofisind\u0259 axtar\u0131\u015f bitib, qap\u0131s\u0131 m\u00f6h\u00fcrl\u0259nib (yenil\u0259nib) - MEYDAN.TV\",\"isPartOf\":{\"@id\":\"https:\\\/\\\/www.meydan.tv\\\/az\\\/#website\"},\"primaryImageOfPage\":{\"@id\":\"https:\\\/\\\/www.meydan.tv\\\/az\\\/article\\\/toplum-tv-de-axtaris-aparilir-polis-erazini-muhasireye-alib\\\/#primaryimage\"},\"image\":{\"@id\":\"https:\\\/\\\/www.meydan.tv\\\/az\\\/article\\\/toplum-tv-de-axtaris-aparilir-polis-erazini-muhasireye-alib\\\/#primaryimage\"},\"thumbnailUrl\":\"https:\\\/\\\/www.meydan.tv\\\/wp-content\\\/uploads\\\/sharemain.png\",\"datePublished\":\"2024-03-06T13:05:04+00:00\",\"dateModified\":\"2024-03-13T13:13:05+00:00\",\"breadcrumb\":{\"@id\":\"https:\\\/\\\/www.meydan.tv\\\/az\\\/article\\\/toplum-tv-de-axtaris-aparilir-polis-erazini-muhasireye-alib\\\/#breadcrumb\"},\"inLanguage\":\"az\",\"potentialAction\":[{\"@type\":\"ReadAction\",\"target\":[\"https:\\\/\\\/www.meydan.tv\\\/az\\\/article\\\/toplum-tv-de-axtaris-aparilir-polis-erazini-muhasireye-alib\\\/\"]}]},{\"@type\":\"ImageObject\",\"inLanguage\":\"az\",\"@id\":\"https:\\\/\\\/www.meydan.tv\\\/az\\\/article\\\/toplum-tv-de-axtaris-aparilir-polis-erazini-muhasireye-alib\\\/#primaryimage\",\"url\":\"https:\\\/\\\/www.meydan.tv\\\/wp-content\\\/uploads\\\/sharemain.png\",\"contentUrl\":\"https:\\\/\\\/www.meydan.tv\\\/wp-content\\\/uploads\\\/sharemain.png\",\"width\":1200,\"height\":630,\"caption\":\"Foto: Toplum TV\"},{\"@type\":\"BreadcrumbList\",\"@id\":\"https:\\\/\\\/www.meydan.tv\\\/az\\\/article\\\/toplum-tv-de-axtaris-aparilir-polis-erazini-muhasireye-alib\\\/#breadcrumb\",\"itemListElement\":[{\"@type\":\"ListItem\",\"position\":1,\"name\":\"Ana s\u0259hif\u0259\",\"item\":\"https:\\\/\\\/www.meydan.tv\\\/az\\\/\"},{\"@type\":\"ListItem\",\"position\":2,\"name\":\"Siyas\u0259t\",\"item\":\"https:\\\/\\\/www.meydan.tv\\\/az\\\/section\\\/siyaset\\\/\"},{\"@type\":\"ListItem\",\"position\":3,\"name\":\"&#8220;Toplum TV&#8221;-nin ofisind\u0259 axtar\u0131\u015f bitib, qap\u0131s\u0131 m\u00f6h\u00fcrl\u0259nib (yenil\u0259nib)\"}]},{\"@type\":\"WebSite\",\"@id\":\"https:\\\/\\\/www.meydan.tv\\\/az\\\/#website\",\"url\":\"https:\\\/\\\/www.meydan.tv\\\/az\\\/\",\"name\":\"MEYDAN.TV\",\"description\":\"Meydan TV Az\u0259rbaycan\u0131n media m\u0259kan\u0131ndak\u0131 alternativ s\u0259sidir\",\"publisher\":{\"@id\":\"https:\\\/\\\/www.meydan.tv\\\/az\\\/#organization\"},\"potentialAction\":[{\"@type\":\"SearchAction\",\"target\":{\"@type\":\"EntryPoint\",\"urlTemplate\":\"https:\\\/\\\/www.meydan.tv\\\/az\\\/?s={search_term_string}\"},\"query-input\":{\"@type\":\"PropertyValueSpecification\",\"valueRequired\":true,\"valueName\":\"search_term_string\"}}],\"inLanguage\":\"az\"},{\"@type\":\"Organization\",\"@id\":\"https:\\\/\\\/www.meydan.tv\\\/az\\\/#organization\",\"name\":\"Meydan TV\",\"url\":\"https:\\\/\\\/www.meydan.tv\\\/az\\\/\",\"logo\":{\"@type\":\"ImageObject\",\"inLanguage\":\"az\",\"@id\":\"https:\\\/\\\/www.meydan.tv\\\/az\\\/#\\\/schema\\\/logo\\\/image\\\/\",\"url\":\"https:\\\/\\\/www.meydan.tv\\\/wp-content\\\/uploads\\\/2021\\\/07\\\/meydan-logo.svg\",\"contentUrl\":\"https:\\\/\\\/www.meydan.tv\\\/wp-content\\\/uploads\\\/2021\\\/07\\\/meydan-logo.svg\",\"width\":195,\"height\":46,\"caption\":\"Meydan TV\"},\"image\":{\"@id\":\"https:\\\/\\\/www.meydan.tv\\\/az\\\/#\\\/schema\\\/logo\\\/image\\\/\"}},{\"@type\":\"Person\",\"@id\":\"https:\\\/\\\/www.meydan.tv\\\/az\\\/#\\\/schema\\\/person\\\/09863e516102a829e72bedcf3f84c6b0\",\"name\":\"mahmud\"}]}<\/script>\n<!-- \/ Yoast SEO plugin. -->","yoast_head_json":{"title":"\"Toplum TV\"-nin ofisind\u0259 axtar\u0131\u015f bitib, qap\u0131s\u0131 m\u00f6h\u00fcrl\u0259nib (yenil\u0259nib) - MEYDAN.TV","robots":{"index":"index","follow":"follow","max-snippet":"max-snippet:-1","max-image-preview":"max-image-preview:large","max-video-preview":"max-video-preview:-1"},"canonical":"https:\/\/www.meydan.tv\/az\/article\/toplum-tv-de-axtaris-aparilir-polis-erazini-muhasireye-alib\/","og_locale":"az_AZ","og_type":"article","og_title":"\"Toplum TV\"-nin ofisind\u0259 axtar\u0131\u015f bitib, qap\u0131s\u0131 m\u00f6h\u00fcrl\u0259nib (yenil\u0259nib) - MEYDAN.TV","og_description":"&#8220;Toplum TV&#8221;-y\u0259 m\u0259xsus sosial \u015f\u0259b\u0259k\u0259 hesablar\u0131 \u0259l\u0259 ke\u00e7irilib v\u0259 ad\u0131 ... Davam\u0131","og_url":"https:\/\/www.meydan.tv\/az\/article\/toplum-tv-de-axtaris-aparilir-polis-erazini-muhasireye-alib\/","og_site_name":"MEYDAN.TV","article_published_time":"2024-03-06T13:05:04+00:00","article_modified_time":"2024-03-13T13:13:05+00:00","og_image":[{"width":1200,"height":630,"url":"https:\/\/www.meydan.tv\/wp-content\/uploads\/sharemain.png","type":"image\/png"}],"author":"mahmud","twitter_card":"summary_large_image","schema":{"@context":"https:\/\/schema.org","@graph":[{"@type":"Article","@id":"https:\/\/www.meydan.tv\/az\/article\/toplum-tv-de-axtaris-aparilir-polis-erazini-muhasireye-alib\/#article","isPartOf":{"@id":"https:\/\/www.meydan.tv\/az\/article\/toplum-tv-de-axtaris-aparilir-polis-erazini-muhasireye-alib\/"},"author":{"name":"mahmud","@id":"https:\/\/www.meydan.tv\/az\/#\/schema\/person\/09863e516102a829e72bedcf3f84c6b0"},"headline":"&#8220;Toplum TV&#8221;-nin ofisind\u0259 axtar\u0131\u015f bitib, qap\u0131s\u0131 m\u00f6h\u00fcrl\u0259nib (yenil\u0259nib)","datePublished":"2024-03-06T13:05:04+00:00","dateModified":"2024-03-13T13:13:05+00:00","mainEntityOfPage":{"@id":"https:\/\/www.meydan.tv\/az\/article\/toplum-tv-de-axtaris-aparilir-polis-erazini-muhasireye-alib\/"},"wordCount":884,"publisher":{"@id":"https:\/\/www.meydan.tv\/az\/#organization"},"image":{"@id":"https:\/\/www.meydan.tv\/az\/article\/toplum-tv-de-axtaris-aparilir-polis-erazini-muhasireye-alib\/#primaryimage"},"thumbnailUrl":"https:\/\/www.meydan.tv\/wp-content\/uploads\/sharemain.png","articleSection":["Siyas\u0259t","T\u00f6vsiy\u0259","X\u0259b\u0259rl\u0259r"],"inLanguage":"az"},{"@type":"WebPage","@id":"https:\/\/www.meydan.tv\/az\/article\/toplum-tv-de-axtaris-aparilir-polis-erazini-muhasireye-alib\/","url":"https:\/\/www.meydan.tv\/az\/article\/toplum-tv-de-axtaris-aparilir-polis-erazini-muhasireye-alib\/","name":"\"Toplum TV\"-nin ofisind\u0259 axtar\u0131\u015f bitib, qap\u0131s\u0131 m\u00f6h\u00fcrl\u0259nib (yenil\u0259nib) - MEYDAN.TV","isPartOf":{"@id":"https:\/\/www.meydan.tv\/az\/#website"},"primaryImageOfPage":{"@id":"https:\/\/www.meydan.tv\/az\/article\/toplum-tv-de-axtaris-aparilir-polis-erazini-muhasireye-alib\/#primaryimage"},"image":{"@id":"https:\/\/www.meydan.tv\/az\/article\/toplum-tv-de-axtaris-aparilir-polis-erazini-muhasireye-alib\/#primaryimage"},"thumbnailUrl":"https:\/\/www.meydan.tv\/wp-content\/uploads\/sharemain.png","datePublished":"2024-03-06T13:05:04+00:00","dateModified":"2024-03-13T13:13:05+00:00","breadcrumb":{"@id":"https:\/\/www.meydan.tv\/az\/article\/toplum-tv-de-axtaris-aparilir-polis-erazini-muhasireye-alib\/#breadcrumb"},"inLanguage":"az","potentialAction":[{"@type":"ReadAction","target":["https:\/\/www.meydan.tv\/az\/article\/toplum-tv-de-axtaris-aparilir-polis-erazini-muhasireye-alib\/"]}]},{"@type":"ImageObject","inLanguage":"az","@id":"https:\/\/www.meydan.tv\/az\/article\/toplum-tv-de-axtaris-aparilir-polis-erazini-muhasireye-alib\/#primaryimage","url":"https:\/\/www.meydan.tv\/wp-content\/uploads\/sharemain.png","contentUrl":"https:\/\/www.meydan.tv\/wp-content\/uploads\/sharemain.png","width":1200,"height":630,"caption":"Foto: Toplum TV"},{"@type":"BreadcrumbList","@id":"https:\/\/www.meydan.tv\/az\/article\/toplum-tv-de-axtaris-aparilir-polis-erazini-muhasireye-alib\/#breadcrumb","itemListElement":[{"@type":"ListItem","position":1,"name":"Ana s\u0259hif\u0259","item":"https:\/\/www.meydan.tv\/az\/"},{"@type":"ListItem","position":2,"name":"Siyas\u0259t","item":"https:\/\/www.meydan.tv\/az\/section\/siyaset\/"},{"@type":"ListItem","position":3,"name":"&#8220;Toplum TV&#8221;-nin ofisind\u0259 axtar\u0131\u015f bitib, qap\u0131s\u0131 m\u00f6h\u00fcrl\u0259nib (yenil\u0259nib)"}]},{"@type":"WebSite","@id":"https:\/\/www.meydan.tv\/az\/#website","url":"https:\/\/www.meydan.tv\/az\/","name":"MEYDAN.TV","description":"Meydan TV Az\u0259rbaycan\u0131n media m\u0259kan\u0131ndak\u0131 alternativ s\u0259sidir","publisher":{"@id":"https:\/\/www.meydan.tv\/az\/#organization"},"potentialAction":[{"@type":"SearchAction","target":{"@type":"EntryPoint","urlTemplate":"https:\/\/www.meydan.tv\/az\/?s={search_term_string}"},"query-input":{"@type":"PropertyValueSpecification","valueRequired":true,"valueName":"search_term_string"}}],"inLanguage":"az"},{"@type":"Organization","@id":"https:\/\/www.meydan.tv\/az\/#organization","name":"Meydan TV","url":"https:\/\/www.meydan.tv\/az\/","logo":{"@type":"ImageObject","inLanguage":"az","@id":"https:\/\/www.meydan.tv\/az\/#\/schema\/logo\/image\/","url":"https:\/\/www.meydan.tv\/wp-content\/uploads\/2021\/07\/meydan-logo.svg","contentUrl":"https:\/\/www.meydan.tv\/wp-content\/uploads\/2021\/07\/meydan-logo.svg","width":195,"height":46,"caption":"Meydan TV"},"image":{"@id":"https:\/\/www.meydan.tv\/az\/#\/schema\/logo\/image\/"}},{"@type":"Person","@id":"https:\/\/www.meydan.tv\/az\/#\/schema\/person\/09863e516102a829e72bedcf3f84c6b0","name":"mahmud"}]}},"_links":{"self":[{"href":"https:\/\/www.meydan.tv\/az\/wp-json\/wp\/v2\/posts\/300532","targetHints":{"allow":["GET"]}}],"collection":[{"href":"https:\/\/www.meydan.tv\/az\/wp-json\/wp\/v2\/posts"}],"about":[{"href":"https:\/\/www.meydan.tv\/az\/wp-json\/wp\/v2\/types\/post"}],"author":[{"embeddable":true,"href":"https:\/\/www.meydan.tv\/az\/wp-json\/wp\/v2\/users\/21"}],"replies":[{"embeddable":true,"href":"https:\/\/www.meydan.tv\/az\/wp-json\/wp\/v2\/comments?post=300532"}],"version-history":[{"count":21,"href":"https:\/\/www.meydan.tv\/az\/wp-json\/wp\/v2\/posts\/300532\/revisions"}],"predecessor-version":[{"id":301087,"href":"https:\/\/www.meydan.tv\/az\/wp-json\/wp\/v2\/posts\/300532\/revisions\/301087"}],"wp:featuredmedia":[{"embeddable":true,"href":"https:\/\/www.meydan.tv\/az\/wp-json\/wp\/v2\/media\/255969"}],"wp:attachment":[{"href":"https:\/\/www.meydan.tv\/az\/wp-json\/wp\/v2\/media?parent=300532"}],"wp:term":[{"taxonomy":"category","embeddable":true,"href":"https:\/\/www.meydan.tv\/az\/wp-json\/wp\/v2\/categories?post=300532"},{"taxonomy":"post_tag","embeddable":true,"href":"https:\/\/www.meydan.tv\/az\/wp-json\/wp\/v2\/tags?post=300532"}],"curies":[{"name":"wp","href":"https:\/\/api.w.org\/{rel}","templated":true}]}}