{"id":300525,"date":"2024-03-06T14:59:07","date_gmt":"2024-03-06T10:59:07","guid":{"rendered":"https:\/\/www.meydan.tv\/?p=300525"},"modified":"2024-03-06T14:59:10","modified_gmt":"2024-03-06T10:59:10","slug":"statistika-azerbaycanda-isleyen-qadinlarin-sayi-azdir","status":"publish","type":"post","link":"https:\/\/www.meydan.tv\/az\/article\/statistika-azerbaycanda-isleyen-qadinlarin-sayi-azdir\/","title":{"rendered":"Statistika: Az\u0259rbaycanda i\u015fl\u0259y\u0259n qad\u0131nlar\u0131n say\u0131 azd\u0131r"},"content":{"rendered":"\n<p><\/p>\n\n\n\n<p><strong><em>\u00d6lk\u0259d\u0259 hans\u0131 sah\u0259d\u0259 qad\u0131nlar\u0131n \u00e7oxluq t\u0259\u015fkil etdiyi a\u00e7\u0131qlan\u0131b<\/em><\/strong><\/p>\n\n\n\n<p>Az\u0259rbaycan \u0259halisinin 50,2 faizi qad\u0131nlard\u0131r.<\/p>\n\n\n\n<p>R\u0259q\u0259m 2024-c\u00fc ilin \u0259vv\u0259lin\u0259 aiddir. \u00d6t\u0259n il is\u0259 do\u011fulmu\u015f 112,6 min k\u00f6rp\u0259d\u0259n 46,9 faizi q\u0131z u\u015faqlar\u0131 olub.<\/p>\n\n\n\n<p>D\u00f6vl\u0259t Statistika Komit\u0259sinin (DSK) <a href=\"https:\/\/www.stat.gov.az\/news\/index.php?lang=az&amp;id=5812\">m\u0259lumat\u0131nda<\/a> bel\u0259 deyilir.<\/p>\n\n\n\n<p>Qad\u0131nlar\u0131n daha \u00e7ox hans\u0131 pe\u015f\u0259l\u0259r\u0259 yiy\u0259l\u0259nm\u0259sin\u0259 g\u0259linc\u0259, \u00f6lk\u0259nin \u00fcmumi t\u0259hsil m\u00fc\u0259ssis\u0259l\u0259rind\u0259 m\u00fc\u0259lliml\u0259rin 82,7 faizi, orta ixtisas t\u0259hsil m\u00fc\u0259ssis\u0259l\u0259rind\u0259 79,4 faizi, ali t\u0259hsil m\u00fc\u0259ssis\u0259l\u0259rind\u0259 58,7 faizi qad\u0131nlard\u0131r.<\/p>\n\n\n\n<p>\u00d6lk\u0259d\u0259 \u00e7al\u0131\u015fan h\u0259r 3 h\u0259kimin ikisi qad\u0131nlard\u0131r.<\/p>\n\n\n\n<p>\u00dcmumi t\u0259hsil m\u00fc\u0259ssis\u0259l\u0259rind\u0259 t\u0259hsil alanlar\u0131n 46,6 faizi, orta ixtisas t\u0259hsili m\u00fc\u0259ssis\u0259l\u0259ri t\u0259l\u0259b\u0259l\u0259rinin 62,5 faizi, ali t\u0259hsil m\u00fc\u0259ssis\u0259l\u0259ri t\u0259l\u0259b\u0259l\u0259rinin is\u0259 yar\u0131s\u0131 q\u0131zlard\u0131r.<\/p>\n\n\n\n<p>Elmi i\u015f\u00e7il\u0259rin 59,2 faizini d\u0259 qad\u0131nlar t\u0259\u015fkil edir.<\/p>\n\n\n\n<p><em>\u201cSon 10 ild\u0259 onlardan elml\u0259r doktoru elmi d\u0259r\u0259c\u0259si olanlar\u0131n say\u0131 1,6 d\u0259f\u0259, f\u0259ls\u0259f\u0259 doktoru elmi d\u0259r\u0259c\u0259si olanlar\u0131n say\u0131 is\u0259 1,5 d\u0259f\u0259 art\u0131b. Az\u0259rbaycan Milli Elml\u0259r Akademiyas\u0131n\u0131n h\u0259qiqi \u00fczvl\u0259rind\u0259n 7-si, m\u00fcxbir \u00fczvl\u0259rind\u0259n is\u0259 9-u qad\u0131nd\u0131r\u201d<\/em>, &#8211; DSK bildirir.<\/p>\n\n\n\n<p>\u0130\u015fl\u0259y\u0259n qad\u0131nlar\u0131n say\u0131na g\u0259linc\u0259, m\u0259\u015f\u011ful \u0259halinin \u00fcmumi say\u0131ndak\u0131 x\u00fcsusi \u00e7\u0259kil\u0259ri 47,9 faizdir.<\/p>\n\n\n\n<p>D\u00f6vl\u0259t qullu\u011funda \u00e7al\u0131\u015fanlar aras\u0131nda qad\u0131nlar\u0131n x\u00fcsusi \u00e7\u0259kisi 29,4 faiz, f\u0259rdi sahibkarlar aras\u0131nda is\u0259 22,7 faizdir.<\/p>\n\n\n\n<p>Statistik m\u0259lumatda bildirilir ki, Milli M\u0259clisd\u0259 qad\u0131n deputatlar\u0131n say\u0131nda da \u0259vv\u0259l\u0259 baxanda art\u0131m olub.<\/p>\n\n\n\n<p><em>\u201c1990-c\u0131 ild\u0259 b\u00fct\u00fcn deputatlar\u0131n 4,3 faizini, 2000-ci ild\u0259 10,7 faizini qad\u0131nlar t\u0259\u015fkil edirdis\u0259, bu g\u00fcn \u00f6lk\u0259d\u0259 qad\u0131n deputatlar\u0131n x\u00fcsusi \u00e7\u0259kisi 17,9 faiz\u0259 \u00e7at\u0131b\u201d<\/em>.<\/p>\n\n\n\n<p>Az\u0259rbaycanda n\u0259qliyyat vasit\u0259l\u0259rinin idar\u0259 olunmas\u0131 \u00fc\u00e7\u00fcn s\u00fcr\u00fcc\u00fcl\u00fck v\u0259siq\u0259si alan qad\u0131nlar\u0131n say\u0131 da art\u0131b. S\u00fcr\u00fcc\u00fcl\u00fck v\u0259siq\u0259si alanlar\u0131n \u00fcmumi say\u0131nda qad\u0131nlar\u0131n x\u00fcsusi \u00e7\u0259kisi 2008-ci ild\u0259 4,6 faiz oldu\u011fu halda, 2023-c\u00fc ild\u0259 bu r\u0259q\u0259m 12 faiz\u0259d\u0259k qalx\u0131b.<\/p>\n\n\n\n<p>Bir m\u00fcdd\u0259t \u00f6nc\u0259 Az\u0259rbaycanda ke\u00e7iril\u0259c\u0259k \u201cCOP29\u201d iqlim d\u0259yi\u015fikliyi sammitinin t\u0259\u015fkilat komit\u0259sinin \u00fczvl\u0259ri aras\u0131nda qad\u0131nlar\u0131n olmamas\u0131 etiraza s\u0259b\u0259b olmu\u015fdu.<\/p>\n\n\n\n<p>\u0130lk t\u0259sdiql\u0259n\u0259n v\u0259 28 n\u0259f\u0259rd\u0259n ibar\u0259t \u201cCOP29\u201d iqlim d\u0259yi\u015fikliyi sammitinin t\u0259\u015fkilat komit\u0259sinin \u00fczvl\u0259rinin ham\u0131s\u0131 ki\u015fil\u0259r idi.<\/p>\n\n\n\n<p>T\u0259nqidl\u0259rd\u0259n sonra Prezident \u0130lham \u018fliyev \u201cCOP29\u201d sammitinin t\u0259\u015fkilat komit\u0259sind\u0259 qad\u0131nlar\u0131n t\u0259msil olunmas\u0131 \u00fc\u00e7\u00fcn \u0259vv\u0259lki s\u0259r\u0259ncam\u0131na d\u0259yi\u015fiklik etdi.<\/p>\n\n\n\n<p>S\u0259r\u0259ncamla t\u0259\u015fkilat komit\u0259sin\u0259 12 qad\u0131n daxil edildi.<\/p>\n\n\n\n<p>\u00d6lk\u0259d\u0259 qad\u0131n haqlar\u0131 il\u0259 ba\u011fl\u0131 v\u0259ziyy\u0259tin a\u015fa\u011f\u0131 s\u0259viyy\u0259d\u0259 olmas\u0131 zaman-zaman \u00f6n\u0259mli v\u0259zif\u0259l\u0259rd\u0259 qad\u0131nlar\u0131n t\u0259msil\u00e7iliyinin a\u015fa\u011f\u0131 olmas\u0131 il\u0259 \u0259laq\u0259l\u0259ndirilir.<\/p>\n","protected":false},"excerpt":{"rendered":"<p>\u00d6lk\u0259d\u0259 hans\u0131 sah\u0259d\u0259 qad\u0131nlar\u0131n \u00e7oxluq t\u0259\u015fkil etdiyi a\u00e7\u0131qlan\u0131b Az\u0259rbaycan \u0259halisinin &#8230; <\/p>\n<p class=\"read-more-container\"><a title=\"Statistika: Az\u0259rbaycanda i\u015fl\u0259y\u0259n qad\u0131nlar\u0131n say\u0131 azd\u0131r\" class=\"read-more button\" href=\"https:\/\/www.meydan.tv\/az\/article\/statistika-azerbaycanda-isleyen-qadinlarin-sayi-azdir\/#more-300525\" aria-label=\"Read more about Statistika: Az\u0259rbaycanda i\u015fl\u0259y\u0259n qad\u0131nlar\u0131n say\u0131 azd\u0131r\">Davam\u0131<\/a><\/p>\n","protected":false},"author":21,"featured_media":123514,"comment_status":"closed","ping_status":"closed","sticky":false,"template":"","format":"standard","meta":{"_acf_changed":false,"_sitemap_exclude":false,"_sitemap_priority":"","_sitemap_frequency":"","footnotes":""},"categories":[62,56],"tags":[],"class_list":["post-300525","post","type-post","status-publish","format-standard","has-post-thumbnail","hentry","category-sosial","category-xeberler","infinite-scroll-item","generate-columns","tablet-grid-50","mobile-grid-100","grid-parent","grid-33","no-featured-image-padding"],"acf":[],"yoast_head":"<!-- This site is optimized with the Yoast SEO plugin v27.5 - https:\/\/yoast.com\/product\/yoast-seo-wordpress\/ -->\n<title>Statistika: Az\u0259rbaycanda i\u015fl\u0259y\u0259n qad\u0131nlar\u0131n say\u0131 azd\u0131r - MEYDAN.TV<\/title>\n<meta name=\"robots\" content=\"index, follow, max-snippet:-1, max-image-preview:large, max-video-preview:-1\" \/>\n<link rel=\"canonical\" href=\"https:\/\/www.meydan.tv\/az\/article\/statistika-azerbaycanda-isleyen-qadinlarin-sayi-azdir\/\" \/>\n<meta property=\"og:locale\" content=\"az_AZ\" \/>\n<meta property=\"og:type\" content=\"article\" \/>\n<meta property=\"og:title\" content=\"Statistika: Az\u0259rbaycanda i\u015fl\u0259y\u0259n qad\u0131nlar\u0131n say\u0131 azd\u0131r - MEYDAN.TV\" \/>\n<meta property=\"og:description\" content=\"\u00d6lk\u0259d\u0259 hans\u0131 sah\u0259d\u0259 qad\u0131nlar\u0131n \u00e7oxluq t\u0259\u015fkil etdiyi a\u00e7\u0131qlan\u0131b Az\u0259rbaycan \u0259halisinin ... Davam\u0131\" \/>\n<meta property=\"og:url\" content=\"https:\/\/www.meydan.tv\/az\/article\/statistika-azerbaycanda-isleyen-qadinlarin-sayi-azdir\/\" \/>\n<meta property=\"og:site_name\" content=\"MEYDAN.TV\" \/>\n<meta property=\"article:published_time\" content=\"2024-03-06T10:59:07+00:00\" \/>\n<meta property=\"article:modified_time\" content=\"2024-03-06T10:59:10+00:00\" \/>\n<meta property=\"og:image\" content=\"https:\/\/www.meydan.tv\/wp-content\/uploads\/cover-site77.jpg\" \/>\n\t<meta property=\"og:image:width\" content=\"1000\" \/>\n\t<meta property=\"og:image:height\" content=\"555\" \/>\n\t<meta property=\"og:image:type\" content=\"image\/jpeg\" \/>\n<meta name=\"author\" content=\"mahmud\" \/>\n<meta name=\"twitter:card\" content=\"summary_large_image\" \/>\n<script type=\"application\/ld+json\" class=\"yoast-schema-graph\">{\"@context\":\"https:\\\/\\\/schema.org\",\"@graph\":[{\"@type\":\"Article\",\"@id\":\"https:\\\/\\\/www.meydan.tv\\\/az\\\/article\\\/statistika-azerbaycanda-isleyen-qadinlarin-sayi-azdir\\\/#article\",\"isPartOf\":{\"@id\":\"https:\\\/\\\/www.meydan.tv\\\/az\\\/article\\\/statistika-azerbaycanda-isleyen-qadinlarin-sayi-azdir\\\/\"},\"author\":{\"name\":\"mahmud\",\"@id\":\"https:\\\/\\\/www.meydan.tv\\\/az\\\/#\\\/schema\\\/person\\\/09863e516102a829e72bedcf3f84c6b0\"},\"headline\":\"Statistika: Az\u0259rbaycanda i\u015fl\u0259y\u0259n qad\u0131nlar\u0131n say\u0131 azd\u0131r\",\"datePublished\":\"2024-03-06T10:59:07+00:00\",\"dateModified\":\"2024-03-06T10:59:10+00:00\",\"mainEntityOfPage\":{\"@id\":\"https:\\\/\\\/www.meydan.tv\\\/az\\\/article\\\/statistika-azerbaycanda-isleyen-qadinlarin-sayi-azdir\\\/\"},\"wordCount\":549,\"publisher\":{\"@id\":\"https:\\\/\\\/www.meydan.tv\\\/az\\\/#organization\"},\"image\":{\"@id\":\"https:\\\/\\\/www.meydan.tv\\\/az\\\/article\\\/statistika-azerbaycanda-isleyen-qadinlarin-sayi-azdir\\\/#primaryimage\"},\"thumbnailUrl\":\"https:\\\/\\\/www.meydan.tv\\\/wp-content\\\/uploads\\\/cover-site77.jpg\",\"articleSection\":[\"Sosial\",\"X\u0259b\u0259rl\u0259r\"],\"inLanguage\":\"az\"},{\"@type\":\"WebPage\",\"@id\":\"https:\\\/\\\/www.meydan.tv\\\/az\\\/article\\\/statistika-azerbaycanda-isleyen-qadinlarin-sayi-azdir\\\/\",\"url\":\"https:\\\/\\\/www.meydan.tv\\\/az\\\/article\\\/statistika-azerbaycanda-isleyen-qadinlarin-sayi-azdir\\\/\",\"name\":\"Statistika: Az\u0259rbaycanda i\u015fl\u0259y\u0259n qad\u0131nlar\u0131n say\u0131 azd\u0131r - MEYDAN.TV\",\"isPartOf\":{\"@id\":\"https:\\\/\\\/www.meydan.tv\\\/az\\\/#website\"},\"primaryImageOfPage\":{\"@id\":\"https:\\\/\\\/www.meydan.tv\\\/az\\\/article\\\/statistika-azerbaycanda-isleyen-qadinlarin-sayi-azdir\\\/#primaryimage\"},\"image\":{\"@id\":\"https:\\\/\\\/www.meydan.tv\\\/az\\\/article\\\/statistika-azerbaycanda-isleyen-qadinlarin-sayi-azdir\\\/#primaryimage\"},\"thumbnailUrl\":\"https:\\\/\\\/www.meydan.tv\\\/wp-content\\\/uploads\\\/cover-site77.jpg\",\"datePublished\":\"2024-03-06T10:59:07+00:00\",\"dateModified\":\"2024-03-06T10:59:10+00:00\",\"breadcrumb\":{\"@id\":\"https:\\\/\\\/www.meydan.tv\\\/az\\\/article\\\/statistika-azerbaycanda-isleyen-qadinlarin-sayi-azdir\\\/#breadcrumb\"},\"inLanguage\":\"az\",\"potentialAction\":[{\"@type\":\"ReadAction\",\"target\":[\"https:\\\/\\\/www.meydan.tv\\\/az\\\/article\\\/statistika-azerbaycanda-isleyen-qadinlarin-sayi-azdir\\\/\"]}]},{\"@type\":\"ImageObject\",\"inLanguage\":\"az\",\"@id\":\"https:\\\/\\\/www.meydan.tv\\\/az\\\/article\\\/statistika-azerbaycanda-isleyen-qadinlarin-sayi-azdir\\\/#primaryimage\",\"url\":\"https:\\\/\\\/www.meydan.tv\\\/wp-content\\\/uploads\\\/cover-site77.jpg\",\"contentUrl\":\"https:\\\/\\\/www.meydan.tv\\\/wp-content\\\/uploads\\\/cover-site77.jpg\",\"width\":1000,\"height\":555,\"caption\":\"Source: google.az\"},{\"@type\":\"BreadcrumbList\",\"@id\":\"https:\\\/\\\/www.meydan.tv\\\/az\\\/article\\\/statistika-azerbaycanda-isleyen-qadinlarin-sayi-azdir\\\/#breadcrumb\",\"itemListElement\":[{\"@type\":\"ListItem\",\"position\":1,\"name\":\"Ana s\u0259hif\u0259\",\"item\":\"https:\\\/\\\/www.meydan.tv\\\/az\\\/\"},{\"@type\":\"ListItem\",\"position\":2,\"name\":\"Sosial\",\"item\":\"https:\\\/\\\/www.meydan.tv\\\/az\\\/section\\\/sosial\\\/\"},{\"@type\":\"ListItem\",\"position\":3,\"name\":\"Statistika: Az\u0259rbaycanda i\u015fl\u0259y\u0259n qad\u0131nlar\u0131n say\u0131 azd\u0131r\"}]},{\"@type\":\"WebSite\",\"@id\":\"https:\\\/\\\/www.meydan.tv\\\/az\\\/#website\",\"url\":\"https:\\\/\\\/www.meydan.tv\\\/az\\\/\",\"name\":\"MEYDAN.TV\",\"description\":\"Meydan TV Az\u0259rbaycan\u0131n media m\u0259kan\u0131ndak\u0131 alternativ s\u0259sidir\",\"publisher\":{\"@id\":\"https:\\\/\\\/www.meydan.tv\\\/az\\\/#organization\"},\"potentialAction\":[{\"@type\":\"SearchAction\",\"target\":{\"@type\":\"EntryPoint\",\"urlTemplate\":\"https:\\\/\\\/www.meydan.tv\\\/az\\\/?s={search_term_string}\"},\"query-input\":{\"@type\":\"PropertyValueSpecification\",\"valueRequired\":true,\"valueName\":\"search_term_string\"}}],\"inLanguage\":\"az\"},{\"@type\":\"Organization\",\"@id\":\"https:\\\/\\\/www.meydan.tv\\\/az\\\/#organization\",\"name\":\"Meydan TV\",\"url\":\"https:\\\/\\\/www.meydan.tv\\\/az\\\/\",\"logo\":{\"@type\":\"ImageObject\",\"inLanguage\":\"az\",\"@id\":\"https:\\\/\\\/www.meydan.tv\\\/az\\\/#\\\/schema\\\/logo\\\/image\\\/\",\"url\":\"https:\\\/\\\/www.meydan.tv\\\/wp-content\\\/uploads\\\/2021\\\/07\\\/meydan-logo.svg\",\"contentUrl\":\"https:\\\/\\\/www.meydan.tv\\\/wp-content\\\/uploads\\\/2021\\\/07\\\/meydan-logo.svg\",\"width\":195,\"height\":46,\"caption\":\"Meydan TV\"},\"image\":{\"@id\":\"https:\\\/\\\/www.meydan.tv\\\/az\\\/#\\\/schema\\\/logo\\\/image\\\/\"}},{\"@type\":\"Person\",\"@id\":\"https:\\\/\\\/www.meydan.tv\\\/az\\\/#\\\/schema\\\/person\\\/09863e516102a829e72bedcf3f84c6b0\",\"name\":\"mahmud\"}]}<\/script>\n<!-- \/ Yoast SEO plugin. -->","yoast_head_json":{"title":"Statistika: Az\u0259rbaycanda i\u015fl\u0259y\u0259n qad\u0131nlar\u0131n say\u0131 azd\u0131r - MEYDAN.TV","robots":{"index":"index","follow":"follow","max-snippet":"max-snippet:-1","max-image-preview":"max-image-preview:large","max-video-preview":"max-video-preview:-1"},"canonical":"https:\/\/www.meydan.tv\/az\/article\/statistika-azerbaycanda-isleyen-qadinlarin-sayi-azdir\/","og_locale":"az_AZ","og_type":"article","og_title":"Statistika: Az\u0259rbaycanda i\u015fl\u0259y\u0259n qad\u0131nlar\u0131n say\u0131 azd\u0131r - MEYDAN.TV","og_description":"\u00d6lk\u0259d\u0259 hans\u0131 sah\u0259d\u0259 qad\u0131nlar\u0131n \u00e7oxluq t\u0259\u015fkil etdiyi a\u00e7\u0131qlan\u0131b Az\u0259rbaycan \u0259halisinin ... Davam\u0131","og_url":"https:\/\/www.meydan.tv\/az\/article\/statistika-azerbaycanda-isleyen-qadinlarin-sayi-azdir\/","og_site_name":"MEYDAN.TV","article_published_time":"2024-03-06T10:59:07+00:00","article_modified_time":"2024-03-06T10:59:10+00:00","og_image":[{"width":1000,"height":555,"url":"https:\/\/www.meydan.tv\/wp-content\/uploads\/cover-site77.jpg","type":"image\/jpeg"}],"author":"mahmud","twitter_card":"summary_large_image","schema":{"@context":"https:\/\/schema.org","@graph":[{"@type":"Article","@id":"https:\/\/www.meydan.tv\/az\/article\/statistika-azerbaycanda-isleyen-qadinlarin-sayi-azdir\/#article","isPartOf":{"@id":"https:\/\/www.meydan.tv\/az\/article\/statistika-azerbaycanda-isleyen-qadinlarin-sayi-azdir\/"},"author":{"name":"mahmud","@id":"https:\/\/www.meydan.tv\/az\/#\/schema\/person\/09863e516102a829e72bedcf3f84c6b0"},"headline":"Statistika: Az\u0259rbaycanda i\u015fl\u0259y\u0259n qad\u0131nlar\u0131n say\u0131 azd\u0131r","datePublished":"2024-03-06T10:59:07+00:00","dateModified":"2024-03-06T10:59:10+00:00","mainEntityOfPage":{"@id":"https:\/\/www.meydan.tv\/az\/article\/statistika-azerbaycanda-isleyen-qadinlarin-sayi-azdir\/"},"wordCount":549,"publisher":{"@id":"https:\/\/www.meydan.tv\/az\/#organization"},"image":{"@id":"https:\/\/www.meydan.tv\/az\/article\/statistika-azerbaycanda-isleyen-qadinlarin-sayi-azdir\/#primaryimage"},"thumbnailUrl":"https:\/\/www.meydan.tv\/wp-content\/uploads\/cover-site77.jpg","articleSection":["Sosial","X\u0259b\u0259rl\u0259r"],"inLanguage":"az"},{"@type":"WebPage","@id":"https:\/\/www.meydan.tv\/az\/article\/statistika-azerbaycanda-isleyen-qadinlarin-sayi-azdir\/","url":"https:\/\/www.meydan.tv\/az\/article\/statistika-azerbaycanda-isleyen-qadinlarin-sayi-azdir\/","name":"Statistika: Az\u0259rbaycanda i\u015fl\u0259y\u0259n qad\u0131nlar\u0131n say\u0131 azd\u0131r - MEYDAN.TV","isPartOf":{"@id":"https:\/\/www.meydan.tv\/az\/#website"},"primaryImageOfPage":{"@id":"https:\/\/www.meydan.tv\/az\/article\/statistika-azerbaycanda-isleyen-qadinlarin-sayi-azdir\/#primaryimage"},"image":{"@id":"https:\/\/www.meydan.tv\/az\/article\/statistika-azerbaycanda-isleyen-qadinlarin-sayi-azdir\/#primaryimage"},"thumbnailUrl":"https:\/\/www.meydan.tv\/wp-content\/uploads\/cover-site77.jpg","datePublished":"2024-03-06T10:59:07+00:00","dateModified":"2024-03-06T10:59:10+00:00","breadcrumb":{"@id":"https:\/\/www.meydan.tv\/az\/article\/statistika-azerbaycanda-isleyen-qadinlarin-sayi-azdir\/#breadcrumb"},"inLanguage":"az","potentialAction":[{"@type":"ReadAction","target":["https:\/\/www.meydan.tv\/az\/article\/statistika-azerbaycanda-isleyen-qadinlarin-sayi-azdir\/"]}]},{"@type":"ImageObject","inLanguage":"az","@id":"https:\/\/www.meydan.tv\/az\/article\/statistika-azerbaycanda-isleyen-qadinlarin-sayi-azdir\/#primaryimage","url":"https:\/\/www.meydan.tv\/wp-content\/uploads\/cover-site77.jpg","contentUrl":"https:\/\/www.meydan.tv\/wp-content\/uploads\/cover-site77.jpg","width":1000,"height":555,"caption":"Source: google.az"},{"@type":"BreadcrumbList","@id":"https:\/\/www.meydan.tv\/az\/article\/statistika-azerbaycanda-isleyen-qadinlarin-sayi-azdir\/#breadcrumb","itemListElement":[{"@type":"ListItem","position":1,"name":"Ana s\u0259hif\u0259","item":"https:\/\/www.meydan.tv\/az\/"},{"@type":"ListItem","position":2,"name":"Sosial","item":"https:\/\/www.meydan.tv\/az\/section\/sosial\/"},{"@type":"ListItem","position":3,"name":"Statistika: Az\u0259rbaycanda i\u015fl\u0259y\u0259n qad\u0131nlar\u0131n say\u0131 azd\u0131r"}]},{"@type":"WebSite","@id":"https:\/\/www.meydan.tv\/az\/#website","url":"https:\/\/www.meydan.tv\/az\/","name":"MEYDAN.TV","description":"Meydan TV Az\u0259rbaycan\u0131n media m\u0259kan\u0131ndak\u0131 alternativ s\u0259sidir","publisher":{"@id":"https:\/\/www.meydan.tv\/az\/#organization"},"potentialAction":[{"@type":"SearchAction","target":{"@type":"EntryPoint","urlTemplate":"https:\/\/www.meydan.tv\/az\/?s={search_term_string}"},"query-input":{"@type":"PropertyValueSpecification","valueRequired":true,"valueName":"search_term_string"}}],"inLanguage":"az"},{"@type":"Organization","@id":"https:\/\/www.meydan.tv\/az\/#organization","name":"Meydan TV","url":"https:\/\/www.meydan.tv\/az\/","logo":{"@type":"ImageObject","inLanguage":"az","@id":"https:\/\/www.meydan.tv\/az\/#\/schema\/logo\/image\/","url":"https:\/\/www.meydan.tv\/wp-content\/uploads\/2021\/07\/meydan-logo.svg","contentUrl":"https:\/\/www.meydan.tv\/wp-content\/uploads\/2021\/07\/meydan-logo.svg","width":195,"height":46,"caption":"Meydan TV"},"image":{"@id":"https:\/\/www.meydan.tv\/az\/#\/schema\/logo\/image\/"}},{"@type":"Person","@id":"https:\/\/www.meydan.tv\/az\/#\/schema\/person\/09863e516102a829e72bedcf3f84c6b0","name":"mahmud"}]}},"_links":{"self":[{"href":"https:\/\/www.meydan.tv\/az\/wp-json\/wp\/v2\/posts\/300525","targetHints":{"allow":["GET"]}}],"collection":[{"href":"https:\/\/www.meydan.tv\/az\/wp-json\/wp\/v2\/posts"}],"about":[{"href":"https:\/\/www.meydan.tv\/az\/wp-json\/wp\/v2\/types\/post"}],"author":[{"embeddable":true,"href":"https:\/\/www.meydan.tv\/az\/wp-json\/wp\/v2\/users\/21"}],"replies":[{"embeddable":true,"href":"https:\/\/www.meydan.tv\/az\/wp-json\/wp\/v2\/comments?post=300525"}],"version-history":[{"count":1,"href":"https:\/\/www.meydan.tv\/az\/wp-json\/wp\/v2\/posts\/300525\/revisions"}],"predecessor-version":[{"id":300526,"href":"https:\/\/www.meydan.tv\/az\/wp-json\/wp\/v2\/posts\/300525\/revisions\/300526"}],"wp:featuredmedia":[{"embeddable":true,"href":"https:\/\/www.meydan.tv\/az\/wp-json\/wp\/v2\/media\/123514"}],"wp:attachment":[{"href":"https:\/\/www.meydan.tv\/az\/wp-json\/wp\/v2\/media?parent=300525"}],"wp:term":[{"taxonomy":"category","embeddable":true,"href":"https:\/\/www.meydan.tv\/az\/wp-json\/wp\/v2\/categories?post=300525"},{"taxonomy":"post_tag","embeddable":true,"href":"https:\/\/www.meydan.tv\/az\/wp-json\/wp\/v2\/tags?post=300525"}],"curies":[{"name":"wp","href":"https:\/\/api.w.org\/{rel}","templated":true}]}}