{"id":300481,"date":"2024-03-05T18:25:37","date_gmt":"2024-03-05T14:25:37","guid":{"rendered":"https:\/\/www.meydan.tv\/?p=300481"},"modified":"2024-03-05T18:25:40","modified_gmt":"2024-03-05T14:25:40","slug":"avropa-mehkemesi-azerbaycan-hokumetine-suallar-gonderib","status":"publish","type":"post","link":"https:\/\/www.meydan.tv\/az\/article\/avropa-mehkemesi-azerbaycan-hokumetine-suallar-gonderib\/","title":{"rendered":"Avropa M\u0259hk\u0259m\u0259si Az\u0259rbaycan h\u00f6kum\u0259tin\u0259 suallar g\u00f6nd\u0259rib"},"content":{"rendered":"\n<p><\/p>\n\n\n\n<p><em><strong>V\u0259kill\u0259rin, h\u00fcquq m\u00fcdafi\u0259\u00e7isi, jurnalist\u00a0 v\u0259 f\u0259al\u0131n \u015fikay\u0259ti ara\u015fd\u0131r\u0131l\u0131r<\/strong><\/em><\/p>\n\n\n\n<p>Avropa \u0130nsan H\u00fcquqlar\u0131 M\u0259hk\u0259m\u0259si Az\u0259rbaycandan g\u00f6nd\u0259rilmi\u015f bir ne\u00e7\u0259 \u015fikay\u0259tl\u0259 ba\u011fl\u0131 h\u00f6kum\u0259t\u0259 suallar \u00fcnvanlay\u0131b.<\/p>\n\n\n\n<p>V\u0259kil El\u00e7in Sad\u0131qov v\u0259 Zibeyd\u0259 Sad\u0131qovan\u0131n i\u015find\u0259 \u0259riz\u0259\u00e7il\u0259r \u015f\u0259xsi h\u0259yata h\u00f6rm\u0259t h\u00fcququnun pozuntusunu m\u00fcbahis\u0259l\u0259ndiribl\u0259r.<\/p>\n\n\n\n<p>M\u0259hk\u0259m\u0259 i\u015fi 2022-ci ilin sonunda a\u00e7\u0131lm\u0131\u015f cinay\u0259t i\u015fi \u00e7\u0259r\u00e7iv\u0259sind\u0259 \u0259riz\u0259\u00e7il\u0259rin ofisind\u0259, evind\u0259 v\u0259 avtomobilind\u0259 apar\u0131lan axtar\u0131\u015f v\u0259 g\u00f6t\u00fcrm\u0259nin qanunsuzlu\u011fu iddialar\u0131 il\u0259 ba\u011fl\u0131d\u0131r.<\/p>\n\n\n\n<p>S\u00f6z\u00fcged\u0259n cinay\u0259t i\u015fi \u00e7\u0259r\u00e7iv\u0259sind\u0259 eyni vaxtda \u201cXural\u201d q\u0259zetinin ba\u015f redaktoru \u018fv\u0259z Zeynall\u0131n\u0131n ofisind\u0259 v\u0259 evind\u0259 d\u0259 axtar\u0131\u015f v\u0259 g\u00f6t\u00fcrm\u0259 apar\u0131l\u0131b. H\u00fcquq m\u00fcdafi\u0259\u00e7isi R\u00fcf\u0259t S\u0259f\u0259rovun Z\u0259rdab Rayon Prokurorlu\u011funun m\u00fcst\u0259ntiqi v\u0259zif\u0259sind\u0259n istefa verm\u0259sinin ard\u0131nca ona a\u00e7\u0131lan cinay\u0259t i\u015fi \u00fczr\u0259 verilmi\u015f \u015fikay\u0259t d\u0259 ara\u015fd\u0131r\u0131lan i\u015fl\u0259r s\u0131ras\u0131ndad\u0131r. H\u0259min vaxt S\u0259f\u0259rov r\u00fc\u015fv\u0259t alma cinay\u0259tind\u0259 ittiham edilib, 9 il m\u00fcdd\u0259tin\u0259 azadl\u0131qdan m\u0259hrum olunub.<\/p>\n\n\n\n<p>\u201cCriminal.az\u201d sayt\u0131n\u0131n ba\u015f redaktoru Anar M\u0259mm\u0259dovun 2 \u015fikay\u0259ti ara\u015fd\u0131r\u0131lma\u011fa ba\u015flan\u0131b. Bu \u015fikay\u0259tl\u0259r 2018-ci ild\u0259 G\u0259nc\u0259 \u015e\u0259h\u0259r \u0130cra Hakimiyy\u0259tinin ba\u015f\u00e7\u0131s\u0131na sui-q\u0259sd zaman\u0131 saytda d\u0259rc edilmi\u015f m\u0259qal\u0259l\u0259r\u0259 g\u00f6r\u0259 sayta, ba\u015f redaktora a\u00e7\u0131lm\u0131\u015f cinay\u0259t i\u015fi il\u0259 ba\u011fl\u0131d\u0131r. Hadis\u0259l\u0259r vaxt\u0131 A.M\u0259mm\u0259dovun evind\u0259 q\u0259rar olmadan axtar\u0131\u015f apar\u0131l\u0131b, mobil telefonlar, komp\u00fcterl\u0259r v\u0259 b\u0259zi s\u0259n\u0259dl\u0259r g\u00f6t\u00fcr\u00fcl\u00fcb. Ard\u0131nca, ba\u015f redaktor 5 il 6 ay m\u00fcdd\u0259tin\u0259 \u015f\u0259rti azadl\u0131qdan m\u0259hrum edilib. <\/p>\n\n\n\n<p>Kommunikasiya edilm\u0259y\u0259 ba\u015flayan \u201cElvin Quliyev Az\u0259rbaycana qar\u015f\u0131\u201d i\u015fi \u0259riz\u0259\u00e7i bar\u0259sind\u0259ki inzibati x\u0259ta haqq\u0131nda icraat\u0131n qanunsuzlu\u011fu il\u0259 ba\u011fl\u0131d\u0131r. Siyasi f\u0259al olan, sosial mediada t\u0259nqidi statuslar payla\u015fan \u0259riz\u0259\u00e7i polis\u0259 apar\u0131lm\u0131\u015f, polisin qanuni t\u0259l\u0259bin\u0259 tabe olmamaqda g\u00fcnahland\u0131r\u0131l\u0131b 30 g\u00fcnl\u00fcy\u0259 h\u0259bs edilmi\u015fdi.<\/p>\n","protected":false},"excerpt":{"rendered":"<p>V\u0259kill\u0259rin, h\u00fcquq m\u00fcdafi\u0259\u00e7isi, jurnalist\u00a0 v\u0259 f\u0259al\u0131n \u015fikay\u0259ti ara\u015fd\u0131r\u0131l\u0131r Avropa \u0130nsan &#8230; <\/p>\n<p class=\"read-more-container\"><a title=\"Avropa M\u0259hk\u0259m\u0259si Az\u0259rbaycan h\u00f6kum\u0259tin\u0259 suallar g\u00f6nd\u0259rib\" class=\"read-more button\" href=\"https:\/\/www.meydan.tv\/az\/article\/avropa-mehkemesi-azerbaycan-hokumetine-suallar-gonderib\/#more-300481\" aria-label=\"Read more about Avropa M\u0259hk\u0259m\u0259si Az\u0259rbaycan h\u00f6kum\u0259tin\u0259 suallar g\u00f6nd\u0259rib\">Davam\u0131<\/a><\/p>\n","protected":false},"author":21,"featured_media":227177,"comment_status":"closed","ping_status":"closed","sticky":false,"template":"","format":"standard","meta":{"_acf_changed":false,"_sitemap_exclude":false,"_sitemap_priority":"","_sitemap_frequency":"","footnotes":""},"categories":[62,56],"tags":[],"class_list":["post-300481","post","type-post","status-publish","format-standard","has-post-thumbnail","hentry","category-sosial","category-xeberler","infinite-scroll-item","generate-columns","tablet-grid-50","mobile-grid-100","grid-parent","grid-33","no-featured-image-padding"],"acf":[],"yoast_head":"<!-- This site is optimized with the Yoast SEO plugin v27.5 - https:\/\/yoast.com\/product\/yoast-seo-wordpress\/ -->\n<title>Avropa M\u0259hk\u0259m\u0259si Az\u0259rbaycan h\u00f6kum\u0259tin\u0259 suallar g\u00f6nd\u0259rib - MEYDAN.TV<\/title>\n<meta name=\"robots\" content=\"index, follow, max-snippet:-1, max-image-preview:large, max-video-preview:-1\" \/>\n<link rel=\"canonical\" href=\"https:\/\/www.meydan.tv\/az\/article\/avropa-mehkemesi-azerbaycan-hokumetine-suallar-gonderib\/\" \/>\n<meta property=\"og:locale\" content=\"az_AZ\" \/>\n<meta property=\"og:type\" content=\"article\" \/>\n<meta property=\"og:title\" content=\"Avropa M\u0259hk\u0259m\u0259si Az\u0259rbaycan h\u00f6kum\u0259tin\u0259 suallar g\u00f6nd\u0259rib - MEYDAN.TV\" \/>\n<meta property=\"og:description\" content=\"V\u0259kill\u0259rin, h\u00fcquq m\u00fcdafi\u0259\u00e7isi, jurnalist\u00a0 v\u0259 f\u0259al\u0131n \u015fikay\u0259ti ara\u015fd\u0131r\u0131l\u0131r Avropa \u0130nsan ... Davam\u0131\" \/>\n<meta property=\"og:url\" content=\"https:\/\/www.meydan.tv\/az\/article\/avropa-mehkemesi-azerbaycan-hokumetine-suallar-gonderib\/\" \/>\n<meta property=\"og:site_name\" content=\"MEYDAN.TV\" \/>\n<meta property=\"article:published_time\" content=\"2024-03-05T14:25:37+00:00\" \/>\n<meta property=\"article:modified_time\" content=\"2024-03-05T14:25:40+00:00\" \/>\n<meta property=\"og:image\" content=\"https:\/\/www.meydan.tv\/wp-content\/uploads\/shutterstock_261407981.jpg\" \/>\n\t<meta property=\"og:image:width\" content=\"1200\" \/>\n\t<meta property=\"og:image:height\" content=\"798\" \/>\n\t<meta property=\"og:image:type\" content=\"image\/jpeg\" \/>\n<meta name=\"author\" content=\"mahmud\" \/>\n<meta name=\"twitter:card\" content=\"summary_large_image\" \/>\n<script type=\"application\/ld+json\" class=\"yoast-schema-graph\">{\"@context\":\"https:\\\/\\\/schema.org\",\"@graph\":[{\"@type\":\"Article\",\"@id\":\"https:\\\/\\\/www.meydan.tv\\\/az\\\/article\\\/avropa-mehkemesi-azerbaycan-hokumetine-suallar-gonderib\\\/#article\",\"isPartOf\":{\"@id\":\"https:\\\/\\\/www.meydan.tv\\\/az\\\/article\\\/avropa-mehkemesi-azerbaycan-hokumetine-suallar-gonderib\\\/\"},\"author\":{\"name\":\"mahmud\",\"@id\":\"https:\\\/\\\/www.meydan.tv\\\/az\\\/#\\\/schema\\\/person\\\/09863e516102a829e72bedcf3f84c6b0\"},\"headline\":\"Avropa M\u0259hk\u0259m\u0259si Az\u0259rbaycan h\u00f6kum\u0259tin\u0259 suallar g\u00f6nd\u0259rib\",\"datePublished\":\"2024-03-05T14:25:37+00:00\",\"dateModified\":\"2024-03-05T14:25:40+00:00\",\"mainEntityOfPage\":{\"@id\":\"https:\\\/\\\/www.meydan.tv\\\/az\\\/article\\\/avropa-mehkemesi-azerbaycan-hokumetine-suallar-gonderib\\\/\"},\"wordCount\":416,\"publisher\":{\"@id\":\"https:\\\/\\\/www.meydan.tv\\\/az\\\/#organization\"},\"image\":{\"@id\":\"https:\\\/\\\/www.meydan.tv\\\/az\\\/article\\\/avropa-mehkemesi-azerbaycan-hokumetine-suallar-gonderib\\\/#primaryimage\"},\"thumbnailUrl\":\"https:\\\/\\\/www.meydan.tv\\\/wp-content\\\/uploads\\\/shutterstock_261407981.jpg\",\"articleSection\":[\"Sosial\",\"X\u0259b\u0259rl\u0259r\"],\"inLanguage\":\"az\"},{\"@type\":\"WebPage\",\"@id\":\"https:\\\/\\\/www.meydan.tv\\\/az\\\/article\\\/avropa-mehkemesi-azerbaycan-hokumetine-suallar-gonderib\\\/\",\"url\":\"https:\\\/\\\/www.meydan.tv\\\/az\\\/article\\\/avropa-mehkemesi-azerbaycan-hokumetine-suallar-gonderib\\\/\",\"name\":\"Avropa M\u0259hk\u0259m\u0259si Az\u0259rbaycan h\u00f6kum\u0259tin\u0259 suallar g\u00f6nd\u0259rib - MEYDAN.TV\",\"isPartOf\":{\"@id\":\"https:\\\/\\\/www.meydan.tv\\\/az\\\/#website\"},\"primaryImageOfPage\":{\"@id\":\"https:\\\/\\\/www.meydan.tv\\\/az\\\/article\\\/avropa-mehkemesi-azerbaycan-hokumetine-suallar-gonderib\\\/#primaryimage\"},\"image\":{\"@id\":\"https:\\\/\\\/www.meydan.tv\\\/az\\\/article\\\/avropa-mehkemesi-azerbaycan-hokumetine-suallar-gonderib\\\/#primaryimage\"},\"thumbnailUrl\":\"https:\\\/\\\/www.meydan.tv\\\/wp-content\\\/uploads\\\/shutterstock_261407981.jpg\",\"datePublished\":\"2024-03-05T14:25:37+00:00\",\"dateModified\":\"2024-03-05T14:25:40+00:00\",\"breadcrumb\":{\"@id\":\"https:\\\/\\\/www.meydan.tv\\\/az\\\/article\\\/avropa-mehkemesi-azerbaycan-hokumetine-suallar-gonderib\\\/#breadcrumb\"},\"inLanguage\":\"az\",\"potentialAction\":[{\"@type\":\"ReadAction\",\"target\":[\"https:\\\/\\\/www.meydan.tv\\\/az\\\/article\\\/avropa-mehkemesi-azerbaycan-hokumetine-suallar-gonderib\\\/\"]}]},{\"@type\":\"ImageObject\",\"inLanguage\":\"az\",\"@id\":\"https:\\\/\\\/www.meydan.tv\\\/az\\\/article\\\/avropa-mehkemesi-azerbaycan-hokumetine-suallar-gonderib\\\/#primaryimage\",\"url\":\"https:\\\/\\\/www.meydan.tv\\\/wp-content\\\/uploads\\\/shutterstock_261407981.jpg\",\"contentUrl\":\"https:\\\/\\\/www.meydan.tv\\\/wp-content\\\/uploads\\\/shutterstock_261407981.jpg\",\"width\":1200,\"height\":798,\"caption\":\"Avropa M\u0259hk\u0259m\u0259si, Foto: By symbiot\\\/Shutterstock\"},{\"@type\":\"BreadcrumbList\",\"@id\":\"https:\\\/\\\/www.meydan.tv\\\/az\\\/article\\\/avropa-mehkemesi-azerbaycan-hokumetine-suallar-gonderib\\\/#breadcrumb\",\"itemListElement\":[{\"@type\":\"ListItem\",\"position\":1,\"name\":\"Ana s\u0259hif\u0259\",\"item\":\"https:\\\/\\\/www.meydan.tv\\\/az\\\/\"},{\"@type\":\"ListItem\",\"position\":2,\"name\":\"Sosial\",\"item\":\"https:\\\/\\\/www.meydan.tv\\\/az\\\/section\\\/sosial\\\/\"},{\"@type\":\"ListItem\",\"position\":3,\"name\":\"Avropa M\u0259hk\u0259m\u0259si Az\u0259rbaycan h\u00f6kum\u0259tin\u0259 suallar g\u00f6nd\u0259rib\"}]},{\"@type\":\"WebSite\",\"@id\":\"https:\\\/\\\/www.meydan.tv\\\/az\\\/#website\",\"url\":\"https:\\\/\\\/www.meydan.tv\\\/az\\\/\",\"name\":\"MEYDAN.TV\",\"description\":\"Meydan TV Az\u0259rbaycan\u0131n media m\u0259kan\u0131ndak\u0131 alternativ s\u0259sidir\",\"publisher\":{\"@id\":\"https:\\\/\\\/www.meydan.tv\\\/az\\\/#organization\"},\"potentialAction\":[{\"@type\":\"SearchAction\",\"target\":{\"@type\":\"EntryPoint\",\"urlTemplate\":\"https:\\\/\\\/www.meydan.tv\\\/az\\\/?s={search_term_string}\"},\"query-input\":{\"@type\":\"PropertyValueSpecification\",\"valueRequired\":true,\"valueName\":\"search_term_string\"}}],\"inLanguage\":\"az\"},{\"@type\":\"Organization\",\"@id\":\"https:\\\/\\\/www.meydan.tv\\\/az\\\/#organization\",\"name\":\"Meydan TV\",\"url\":\"https:\\\/\\\/www.meydan.tv\\\/az\\\/\",\"logo\":{\"@type\":\"ImageObject\",\"inLanguage\":\"az\",\"@id\":\"https:\\\/\\\/www.meydan.tv\\\/az\\\/#\\\/schema\\\/logo\\\/image\\\/\",\"url\":\"https:\\\/\\\/www.meydan.tv\\\/wp-content\\\/uploads\\\/2021\\\/07\\\/meydan-logo.svg\",\"contentUrl\":\"https:\\\/\\\/www.meydan.tv\\\/wp-content\\\/uploads\\\/2021\\\/07\\\/meydan-logo.svg\",\"width\":195,\"height\":46,\"caption\":\"Meydan TV\"},\"image\":{\"@id\":\"https:\\\/\\\/www.meydan.tv\\\/az\\\/#\\\/schema\\\/logo\\\/image\\\/\"}},{\"@type\":\"Person\",\"@id\":\"https:\\\/\\\/www.meydan.tv\\\/az\\\/#\\\/schema\\\/person\\\/09863e516102a829e72bedcf3f84c6b0\",\"name\":\"mahmud\"}]}<\/script>\n<!-- \/ Yoast SEO plugin. -->","yoast_head_json":{"title":"Avropa M\u0259hk\u0259m\u0259si Az\u0259rbaycan h\u00f6kum\u0259tin\u0259 suallar g\u00f6nd\u0259rib - MEYDAN.TV","robots":{"index":"index","follow":"follow","max-snippet":"max-snippet:-1","max-image-preview":"max-image-preview:large","max-video-preview":"max-video-preview:-1"},"canonical":"https:\/\/www.meydan.tv\/az\/article\/avropa-mehkemesi-azerbaycan-hokumetine-suallar-gonderib\/","og_locale":"az_AZ","og_type":"article","og_title":"Avropa M\u0259hk\u0259m\u0259si Az\u0259rbaycan h\u00f6kum\u0259tin\u0259 suallar g\u00f6nd\u0259rib - MEYDAN.TV","og_description":"V\u0259kill\u0259rin, h\u00fcquq m\u00fcdafi\u0259\u00e7isi, jurnalist\u00a0 v\u0259 f\u0259al\u0131n \u015fikay\u0259ti ara\u015fd\u0131r\u0131l\u0131r Avropa \u0130nsan ... Davam\u0131","og_url":"https:\/\/www.meydan.tv\/az\/article\/avropa-mehkemesi-azerbaycan-hokumetine-suallar-gonderib\/","og_site_name":"MEYDAN.TV","article_published_time":"2024-03-05T14:25:37+00:00","article_modified_time":"2024-03-05T14:25:40+00:00","og_image":[{"width":1200,"height":798,"url":"https:\/\/www.meydan.tv\/wp-content\/uploads\/shutterstock_261407981.jpg","type":"image\/jpeg"}],"author":"mahmud","twitter_card":"summary_large_image","schema":{"@context":"https:\/\/schema.org","@graph":[{"@type":"Article","@id":"https:\/\/www.meydan.tv\/az\/article\/avropa-mehkemesi-azerbaycan-hokumetine-suallar-gonderib\/#article","isPartOf":{"@id":"https:\/\/www.meydan.tv\/az\/article\/avropa-mehkemesi-azerbaycan-hokumetine-suallar-gonderib\/"},"author":{"name":"mahmud","@id":"https:\/\/www.meydan.tv\/az\/#\/schema\/person\/09863e516102a829e72bedcf3f84c6b0"},"headline":"Avropa M\u0259hk\u0259m\u0259si Az\u0259rbaycan h\u00f6kum\u0259tin\u0259 suallar g\u00f6nd\u0259rib","datePublished":"2024-03-05T14:25:37+00:00","dateModified":"2024-03-05T14:25:40+00:00","mainEntityOfPage":{"@id":"https:\/\/www.meydan.tv\/az\/article\/avropa-mehkemesi-azerbaycan-hokumetine-suallar-gonderib\/"},"wordCount":416,"publisher":{"@id":"https:\/\/www.meydan.tv\/az\/#organization"},"image":{"@id":"https:\/\/www.meydan.tv\/az\/article\/avropa-mehkemesi-azerbaycan-hokumetine-suallar-gonderib\/#primaryimage"},"thumbnailUrl":"https:\/\/www.meydan.tv\/wp-content\/uploads\/shutterstock_261407981.jpg","articleSection":["Sosial","X\u0259b\u0259rl\u0259r"],"inLanguage":"az"},{"@type":"WebPage","@id":"https:\/\/www.meydan.tv\/az\/article\/avropa-mehkemesi-azerbaycan-hokumetine-suallar-gonderib\/","url":"https:\/\/www.meydan.tv\/az\/article\/avropa-mehkemesi-azerbaycan-hokumetine-suallar-gonderib\/","name":"Avropa M\u0259hk\u0259m\u0259si Az\u0259rbaycan h\u00f6kum\u0259tin\u0259 suallar g\u00f6nd\u0259rib - MEYDAN.TV","isPartOf":{"@id":"https:\/\/www.meydan.tv\/az\/#website"},"primaryImageOfPage":{"@id":"https:\/\/www.meydan.tv\/az\/article\/avropa-mehkemesi-azerbaycan-hokumetine-suallar-gonderib\/#primaryimage"},"image":{"@id":"https:\/\/www.meydan.tv\/az\/article\/avropa-mehkemesi-azerbaycan-hokumetine-suallar-gonderib\/#primaryimage"},"thumbnailUrl":"https:\/\/www.meydan.tv\/wp-content\/uploads\/shutterstock_261407981.jpg","datePublished":"2024-03-05T14:25:37+00:00","dateModified":"2024-03-05T14:25:40+00:00","breadcrumb":{"@id":"https:\/\/www.meydan.tv\/az\/article\/avropa-mehkemesi-azerbaycan-hokumetine-suallar-gonderib\/#breadcrumb"},"inLanguage":"az","potentialAction":[{"@type":"ReadAction","target":["https:\/\/www.meydan.tv\/az\/article\/avropa-mehkemesi-azerbaycan-hokumetine-suallar-gonderib\/"]}]},{"@type":"ImageObject","inLanguage":"az","@id":"https:\/\/www.meydan.tv\/az\/article\/avropa-mehkemesi-azerbaycan-hokumetine-suallar-gonderib\/#primaryimage","url":"https:\/\/www.meydan.tv\/wp-content\/uploads\/shutterstock_261407981.jpg","contentUrl":"https:\/\/www.meydan.tv\/wp-content\/uploads\/shutterstock_261407981.jpg","width":1200,"height":798,"caption":"Avropa M\u0259hk\u0259m\u0259si, Foto: By symbiot\/Shutterstock"},{"@type":"BreadcrumbList","@id":"https:\/\/www.meydan.tv\/az\/article\/avropa-mehkemesi-azerbaycan-hokumetine-suallar-gonderib\/#breadcrumb","itemListElement":[{"@type":"ListItem","position":1,"name":"Ana s\u0259hif\u0259","item":"https:\/\/www.meydan.tv\/az\/"},{"@type":"ListItem","position":2,"name":"Sosial","item":"https:\/\/www.meydan.tv\/az\/section\/sosial\/"},{"@type":"ListItem","position":3,"name":"Avropa M\u0259hk\u0259m\u0259si Az\u0259rbaycan h\u00f6kum\u0259tin\u0259 suallar g\u00f6nd\u0259rib"}]},{"@type":"WebSite","@id":"https:\/\/www.meydan.tv\/az\/#website","url":"https:\/\/www.meydan.tv\/az\/","name":"MEYDAN.TV","description":"Meydan TV Az\u0259rbaycan\u0131n media m\u0259kan\u0131ndak\u0131 alternativ s\u0259sidir","publisher":{"@id":"https:\/\/www.meydan.tv\/az\/#organization"},"potentialAction":[{"@type":"SearchAction","target":{"@type":"EntryPoint","urlTemplate":"https:\/\/www.meydan.tv\/az\/?s={search_term_string}"},"query-input":{"@type":"PropertyValueSpecification","valueRequired":true,"valueName":"search_term_string"}}],"inLanguage":"az"},{"@type":"Organization","@id":"https:\/\/www.meydan.tv\/az\/#organization","name":"Meydan TV","url":"https:\/\/www.meydan.tv\/az\/","logo":{"@type":"ImageObject","inLanguage":"az","@id":"https:\/\/www.meydan.tv\/az\/#\/schema\/logo\/image\/","url":"https:\/\/www.meydan.tv\/wp-content\/uploads\/2021\/07\/meydan-logo.svg","contentUrl":"https:\/\/www.meydan.tv\/wp-content\/uploads\/2021\/07\/meydan-logo.svg","width":195,"height":46,"caption":"Meydan TV"},"image":{"@id":"https:\/\/www.meydan.tv\/az\/#\/schema\/logo\/image\/"}},{"@type":"Person","@id":"https:\/\/www.meydan.tv\/az\/#\/schema\/person\/09863e516102a829e72bedcf3f84c6b0","name":"mahmud"}]}},"_links":{"self":[{"href":"https:\/\/www.meydan.tv\/az\/wp-json\/wp\/v2\/posts\/300481","targetHints":{"allow":["GET"]}}],"collection":[{"href":"https:\/\/www.meydan.tv\/az\/wp-json\/wp\/v2\/posts"}],"about":[{"href":"https:\/\/www.meydan.tv\/az\/wp-json\/wp\/v2\/types\/post"}],"author":[{"embeddable":true,"href":"https:\/\/www.meydan.tv\/az\/wp-json\/wp\/v2\/users\/21"}],"replies":[{"embeddable":true,"href":"https:\/\/www.meydan.tv\/az\/wp-json\/wp\/v2\/comments?post=300481"}],"version-history":[{"count":1,"href":"https:\/\/www.meydan.tv\/az\/wp-json\/wp\/v2\/posts\/300481\/revisions"}],"predecessor-version":[{"id":300482,"href":"https:\/\/www.meydan.tv\/az\/wp-json\/wp\/v2\/posts\/300481\/revisions\/300482"}],"wp:featuredmedia":[{"embeddable":true,"href":"https:\/\/www.meydan.tv\/az\/wp-json\/wp\/v2\/media\/227177"}],"wp:attachment":[{"href":"https:\/\/www.meydan.tv\/az\/wp-json\/wp\/v2\/media?parent=300481"}],"wp:term":[{"taxonomy":"category","embeddable":true,"href":"https:\/\/www.meydan.tv\/az\/wp-json\/wp\/v2\/categories?post=300481"},{"taxonomy":"post_tag","embeddable":true,"href":"https:\/\/www.meydan.tv\/az\/wp-json\/wp\/v2\/tags?post=300481"}],"curies":[{"name":"wp","href":"https:\/\/api.w.org\/{rel}","templated":true}]}}