{"id":300479,"date":"2024-03-05T19:35:08","date_gmt":"2024-03-05T15:35:08","guid":{"rendered":"https:\/\/www.meydan.tv\/?p=300479"},"modified":"2024-03-05T19:35:13","modified_gmt":"2024-03-05T15:35:13","slug":"dem-qazindan-bogulma-ve-zeherlenmeler-azeriqaz-ne-deyir","status":"publish","type":"post","link":"https:\/\/www.meydan.tv\/az\/article\/dem-qazindan-bogulma-ve-zeherlenmeler-azeriqaz-ne-deyir\/","title":{"rendered":"D\u0259m qaz\u0131ndan bo\u011fulma v\u0259 z\u0259h\u0259rl\u0259nm\u0259l\u0259r: \u201cAz\u0259riqaz\u201d n\u0259 deyir&#8230;"},"content":{"rendered":"\n<p><\/p>\n\n\n\n<p><strong><em>Qurum deyir ki, hamamlarda qazla i\u015fl\u0259y\u0259n su q\u0131zd\u0131r\u0131c\u0131lar\u0131n\u0131n istifad\u0259si qada\u011fand\u0131r<\/em><\/strong><\/p>\n\n\n\n<p>\u201cAz\u0259riqaz\u201d qazla i\u015fl\u0259y\u0259n su q\u0131zd\u0131r\u0131c\u0131lar\u0131n\u0131n m\u0259nzill\u0259rd\u0259n \u00e7\u0131xar\u0131lmas\u0131 haqda x\u0259b\u0259rl\u0259r\u0259 ayd\u0131nl\u0131q g\u0259tirib.<\/p>\n\n\n\n<p>\u0130stehsalat Birliyinin \u015f\u00f6b\u0259 r\u0259isi \u0130lkin Behbudov \u201cSputnik Az\u0259rbaycan\u201da <a href=\"https:\/\/sputnik.az\/20240305\/azeriqaz-qazla-isleyen-hansi-su-qizdiricilarini-menzillerden-cixarir-resmi-463016233.html\">bildirib<\/a> ki, d\u0259m qaz\u0131ndan z\u0259h\u0259rl\u0259nm\u0259 v\u0259 \u00f6l\u00fcm hadis\u0259l\u0259rinin \u00e7oxu hamamlarda qazla i\u015fl\u0259y\u0259n q\u0131zd\u0131r\u0131c\u0131lar\u0131n qoyulmas\u0131ndan v\u0259 t\u00fcst\u00fc bacalar\u0131n\u0131n t\u0259mizl\u0259nm\u0259m\u0259si s\u0259b\u0259bind\u0259n ba\u015f verir.<\/p>\n\n\n\n<p>\u015e\u00f6b\u0259 r\u0259isi deyib ki, qaydalara g\u00f6r\u0259 hamam otaqlar\u0131nda qazla i\u015fl\u0259y\u0259n su q\u0131zd\u0131r\u0131c\u0131lar\u0131n\u0131n istifad\u0259s\u0131 qada\u011fand\u0131r.<\/p>\n\n\n\n<p><em>\u201cOdur ki, \u201cAz\u0259riqaz\u201d \u0130stehsalat Birliyi ya\u015fay\u0131\u015f evl\u0259rin\u0259 bax\u0131\u015f ke\u00e7ir\u0259r\u0259k qazla i\u015fl\u0259y\u0259n su q\u0131zd\u0131r\u0131c\u0131lar\u0131n\u0131n hamam ota\u011f\u0131ndan \u00e7\u0131xar\u0131laraq qeyri-ya\u015fay\u0131\u015f yerl\u0259rind\u0259 yerl\u0259\u015fdirilm\u0259sini t\u0259min edir\u201d<\/em> \u2013 \u0130lkin Behbudov bildirib.<\/p>\n\n\n\n<p>\u015e\u00f6b\u0259 r\u0259isi qeyd edib ki, hamamda qazla i\u015fl\u0259y\u0259n q\u0131zd\u0131r\u0131c\u0131lar\u0131n nasaz oldu\u011fu a\u015fkarlanarsa, ora qaz\u0131n verili\u015fi dayand\u0131r\u0131la bil\u0259r.<\/p>\n\n\n\n<p>\u201cAz\u0259riqaz\u201d r\u0259smisi elektrik su q\u0131zd\u0131r\u0131c\u0131lar\u0131n\u0131n da s\u00f6kul\u0259c\u0259yi bar\u0259d\u0259 \u015fayi\u0259l\u0259r\u0259 m\u00fcnasib\u0259t bildirib.<\/p>\n\n\n\n<p><em>\u201cBiz qazla i\u015fl\u0259y\u0259n avadanl\u0131qla m\u0259\u015f\u011ful oluruq. Elektrik su q\u0131zd\u0131r\u0131c\u0131lar\u0131 biz\u0259 aid deyil. \u018fksin\u0259 sakinl\u0259r qazla i\u015fl\u0259y\u0259n q\u0131zd\u0131r\u0131c\u0131lar\u0131 hamamdan \u00e7\u0131xarma\u011fa \u00e7\u0259tinlik \u00e7\u0259k\u0259nd\u0259 v\u0259 ya ist\u0259m\u0259y\u0259nd\u0259 onlara elektrik q\u0131zd\u0131r\u0131c\u0131 qura\u015fd\u0131rma\u011f\u0131 m\u0259sl\u0259h\u0259t bilirik\u201d<\/em> &#8211; \u0130lkin Behbudov deyib.<\/p>\n\n\n\n<p>2024-c\u00fc ilin yanvar\u0131n sonlar\u0131ndan etibar\u0259n paytaxtda yerl\u0259\u015f\u0259n b\u0259zi ya\u015fay\u0131\u015f binalar\u0131nda \u0259haliy\u0259 x\u0259b\u0259rdarl\u0131q edil\u0259r\u0259k hamam otaqlar\u0131nda qazla i\u015fl\u0259y\u0259n su q\u0131zd\u0131r\u0131c\u0131lar\u0131n\u0131n istifad\u0259sinin qar\u015f\u0131s\u0131n\u0131n al\u0131nmas\u0131na <a href=\"https:\/\/www.youtube.com\/watch?v=miKs4YYr6GY\">ba\u015flan\u0131l\u0131b<\/a>.<\/p>\n\n\n\n<p>Bir s\u0131ra m\u0259nzill\u0259rd\u0259 qaz x\u0259tl\u0259ri m\u00f6h\u00fcrl\u0259nib v\u0259 su q\u0131z\u0131d\u0131r\u0131c\u0131lar\u0131na qaz\u0131n verili\u015fi dayand\u0131r\u0131l\u0131b.<\/p>\n\n\n\n<p>Bunun da b\u0259zi hallarda abonentl\u0259r aras\u0131nda naraz\u0131l\u0131\u011fa s\u0259b\u0259b oldu\u011fu bildirilir.<\/p>\n\n\n\n<p><strong>Bu m\u00f6vzu il\u0259 ba\u011fl\u0131 \u201cAz\u0259riqaz\u201d\u0131n r\u0259smi sayt\u0131nda is\u0259 <a href=\"https:\/\/azeriqaz.az\/az\/content\/5\">bildirilir<\/a> ki, t\u0259bii qazla i\u015fl\u0259y\u0259n tutumlu v\u0259 ax\u0131ml\u0131 su q\u0131zd\u0131r\u0131c\u0131lar\u0131 qura\u015fd\u0131r\u0131lan vanna otaqlar\u0131 a\u015fa\u011f\u0131dak\u0131 t\u0259l\u0259bl\u0259r\u0259 cavab verm\u0259lidir:<\/strong><\/p>\n\n\n\n<ul class=\"wp-block-list\">\n<li><em>t\u0259bii qazla i\u015fl\u0259y\u0259n ax\u0131ml\u0131 su q\u0131zd\u0131r\u0131c\u0131lar\u0131 qura\u015fd\u0131r\u0131lan vanna otaqlar\u0131n\u0131n h\u0259cmi 7,5 m3- d\u0259n, tutumlu su q\u0131zd\u0131r\u0131c\u0131lar\u0131 qura\u015fd\u0131r\u0131lan vanna otaqlar\u0131n\u0131n h\u0259cmi is\u0259 6,0 m3 &#8211; d\u0259n az olmamal\u0131d\u0131r;<\/em><\/li>\n\n\n\n<li><em>vanna ota\u011f\u0131nda ventilyasiya kanal\u0131 v\u0259 t\u00fcst\u00fc bacas\u0131 olmal\u0131d\u0131r;<\/em><\/li>\n\n\n\n<li><em>vanna ota\u011f\u0131n\u0131n qap\u0131s\u0131 \u00e7\u00f6l\u0259 a\u00e7\u0131lmal\u0131, t\u0259miz havan\u0131n daxil olmas\u0131 \u00fc\u00e7\u00fcn qap\u0131 il\u0259 d\u00f6\u015f\u0259m\u0259 aras\u0131nda sah\u0259si 0,02 m2 &#8211; d\u0259n az olmayan sah\u0259 olmal\u0131d\u0131r v\u0259 ya qap\u0131n\u0131n a\u015fa\u011f\u0131 hiss\u0259sind\u0259 \u00fcmumi sah\u0259si h\u0259min sah\u0259y\u0259 ekvivalent olan d\u0259likl\u0259r a\u00e7\u0131lmal\u0131d\u0131r;<\/em><\/li>\n\n\n\n<li><em>vanna otaqlar\u0131n\u0131n daxili qaz x\u0259tl\u0259ri v\u0259 onlar \u00fcz\u0259rind\u0259ki i\u015f\u00e7i v\u0259 n\u0259zar\u0259t\u00e7i kranlar layih\u0259d\u0259 n\u0259z\u0259rd\u0259 tutulmu\u015f yerl\u0259rd\u0259 qura\u015fd\u0131r\u0131lmal\u0131d\u0131r;<\/em><\/li>\n\n\n\n<li><em>vanna ota\u011f\u0131nda b\u00fct\u00fcn qaz x\u0259tl\u0259ri v\u0259 onlar\u0131n yivli birl\u0259\u015fm\u0259l\u0259ri \u00fc\u00e7\u00fcn istifad\u0259 edil\u0259n hiss\u0259l\u0259r (fitinql\u0259r) poladdan olmal\u0131d\u0131r;<\/em><\/li>\n\n\n\n<li><em>t\u0259bii qazla i\u015fl\u0259y\u0259n ax\u0131ml\u0131 su q\u0131zd\u0131r\u0131c\u0131lar\u0131 yanmayan divarda qura\u015fd\u0131r\u0131lmal\u0131d\u0131r v\u0259 divardan \u0259n az\u0131 2 sm aral\u0131 olmal\u0131d\u0131r.<\/em><\/li>\n<\/ul>\n\n\n\n<p><strong>Qaz plit\u0259l\u0259ri qura\u015fd\u0131r\u0131lan m\u0259tb\u0259xl\u0259r a\u015fa\u011f\u0131dak\u0131 t\u0259l\u0259bl\u0259r\u0259 cavab verm\u0259lidir:<\/strong><\/p>\n\n\n\n<ul class=\"wp-block-list\">\n<li><em>ya\u015fay\u0131\u015f binalar\u0131nda qaz plit\u0259l\u0259ri qura\u015fd\u0131r\u0131lan m\u0259tb\u0259xl\u0259rin h\u00fcnd\u00fcrl\u00fcy\u00fc 2,2 metrd\u0259n az olmamal\u0131d\u0131r. N\u0259f\u0259sliyi v\u0259 ventilyasiya kanal\u0131 olmal\u0131d\u0131r;<\/em><\/li>\n\n\n\n<li><em>m\u0259tb\u0259xin h\u0259cmi d\u00f6rdg\u00f6zl\u00fc plit\u0259l\u0259r \u00fc\u00e7\u00fcn 15 m3-d\u0259n, \u00fc\u00e7g\u00f6zl\u00fc plit\u0259l\u0259r \u00fc\u00e7\u00fcn 12 m3-dan, ikig\u00f6zl\u00fc plit\u0259l\u0259r \u00fc\u00e7\u00fcn 8 m3\u2013d\u0259n az olmamal\u0131d\u0131r;<\/em><\/li>\n\n\n\n<li><em>m\u0259tb\u0259xd\u0259 qura\u015fd\u0131r\u0131lan qaz plit\u0259si il\u0259 qar\u015f\u0131 divar aras\u0131nda \u0259n az\u0131 1m m\u0259saf\u0259 olmal\u0131d\u0131r.<\/em><\/li>\n\n\n\n<li><em>hava \u015f\u0259raitinin qeyri-sabit olmas\u0131 il\u0259 ba\u011fl\u0131 qaz istehlak\u00e7\u0131lar\u0131 t\u0259r\u0259find\u0259n qazdan istifad\u0259y\u0259 dair qaydalara \u0259m\u0259l edilm\u0259m\u0259si vacibdir.<\/em><\/li>\n<\/ul>\n\n\n\n<p>2023-c\u00fc il dekabr\u0131n 3-d\u0259 Salyanda iki n\u0259f\u0259r h\u0259rb\u00e7i d\u0259m qaz\u0131ndan <a href=\"https:\/\/storage.googleapis.com\/qurium\/www.meydan.tv\/az-article-iki-herbci-kiraye-yasadigi-menzilde-olu-tapilib.html\">bo\u011fularaq<\/a> h\u0259yat\u0131n\u0131 itirib.<\/p>\n\n\n\n<p>2024-c\u00fc il yanvar\u0131n 16-da Sumqay\u0131tda ail\u0259nin 5 \u00fczv\u00fc d\u0259m qaz\u0131ndan <a href=\"https:\/\/storage.googleapis.com\/qurium\/www.meydan.tv\/az-article-sumqayitda-ailenin-5-uzvu-dem-qazindan-zeherlenib-biri-olub.html\">z\u0259h\u0259rl\u0259nib<\/a>, biri \u00f6l\u00fcb.<\/p>\n\n\n\n<p>Yanvar\u0131n 26-da iki qarda\u015f Bak\u0131da kiray\u0259 qald\u0131qlar\u0131 evd\u0259 d\u0259m qaz\u0131ndan <a href=\"https:\/\/storage.googleapis.com\/qurium\/www.meydan.tv\/az-article-qebul-imtahanlarinda-olke-birincisi-ve-qardasinin-dem-qazindan-boguldugu-bildirilir.html\">bo\u011fularaq<\/a>, \u00f6l\u00fcbl\u0259r.<\/p>\n\n\n\n<p>Fevral\u0131n 27-d\u0259 Yevlax\u0131n N\u0259rimanabad k\u0259ndind\u0259 62 ya\u015fl\u0131 Z\u00f6hr\u0259 S\u0259f\u0259rova ya\u015fad\u0131\u011f\u0131 evd\u0259 d\u0259m qaz\u0131ndan <a href=\"https:\/\/www.azerbaycan24.com\/dem-qazindan-olen-qadin-muellim-imis-foto\/\">bo\u011fularaq<\/a> v\u0259fat edib.<\/p>\n\n\n\n<p>Ba\u015f Prokurorlu\u011fun yanvar ay\u0131nda yayd\u0131\u011f\u0131 <a href=\"https:\/\/storage.googleapis.com\/qurium\/www.meydan.tv\/az-article-bas-prokurorluq-dem-qazindan-zeherlenme-ve-olum-hallarinda-artim-var.html\">m\u0259lumatda<\/a> bildirilib ki, d\u0259m qaz\u0131ndan z\u0259h\u0259rl\u0259nm\u0259 v\u0259 \u00f6l\u00fcm hallar\u0131nda art\u0131m var. <\/p>\n\n\n\n<p>Bak\u0131 D\u00f6vl\u0259t Universitetinin (BDU) SABAH qruplar\u0131n\u0131n H\u00fcquq\u015f\u00fcnasl\u0131q ixtisas\u0131 \u00fczr\u0259 II kurs t\u0259l\u0259b\u0259si El\u00e7in \u018fliyev is\u0259 mart\u0131n 3-d\u0259 v\u0259fat edib. Onun da d\u0259m qaz\u0131ndan bo\u011fuldu\u011fu <a href=\"https:\/\/yenisabah.az\/bdu-nun-huquq-fakultesinin-telebesi-vefat-etdi\">bildirilir<\/a>.<\/p>\n","protected":false},"excerpt":{"rendered":"<p>Qurum deyir ki, hamamlarda qazla i\u015fl\u0259y\u0259n su q\u0131zd\u0131r\u0131c\u0131lar\u0131n\u0131n istifad\u0259si qada\u011fand\u0131r &#8230; <\/p>\n<p class=\"read-more-container\"><a title=\"D\u0259m qaz\u0131ndan bo\u011fulma v\u0259 z\u0259h\u0259rl\u0259nm\u0259l\u0259r: \u201cAz\u0259riqaz\u201d n\u0259 deyir&#8230;\" class=\"read-more button\" href=\"https:\/\/www.meydan.tv\/az\/article\/dem-qazindan-bogulma-ve-zeherlenmeler-azeriqaz-ne-deyir\/#more-300479\" aria-label=\"Read more about D\u0259m qaz\u0131ndan bo\u011fulma v\u0259 z\u0259h\u0259rl\u0259nm\u0259l\u0259r: \u201cAz\u0259riqaz\u201d n\u0259 deyir&#8230;\">Davam\u0131<\/a><\/p>\n","protected":false},"author":21,"featured_media":265257,"comment_status":"closed","ping_status":"closed","sticky":false,"template":"","format":"standard","meta":{"_acf_changed":false,"_sitemap_exclude":false,"_sitemap_priority":"","_sitemap_frequency":"","footnotes":""},"categories":[62,79,56],"tags":[],"class_list":["post-300479","post","type-post","status-publish","format-standard","has-post-thumbnail","hentry","category-sosial","category-featured","category-xeberler","infinite-scroll-item","generate-columns","tablet-grid-50","mobile-grid-100","grid-parent","grid-33","no-featured-image-padding"],"acf":[],"yoast_head":"<!-- This site is optimized with the Yoast SEO plugin v27.5 - https:\/\/yoast.com\/product\/yoast-seo-wordpress\/ -->\n<title>D\u0259m qaz\u0131ndan bo\u011fulma v\u0259 z\u0259h\u0259rl\u0259nm\u0259l\u0259r: \u201cAz\u0259riqaz\u201d n\u0259 deyir... - MEYDAN.TV<\/title>\n<meta name=\"robots\" content=\"index, follow, max-snippet:-1, max-image-preview:large, max-video-preview:-1\" \/>\n<link rel=\"canonical\" href=\"https:\/\/www.meydan.tv\/az\/article\/dem-qazindan-bogulma-ve-zeherlenmeler-azeriqaz-ne-deyir\/\" \/>\n<meta property=\"og:locale\" content=\"az_AZ\" \/>\n<meta property=\"og:type\" content=\"article\" \/>\n<meta property=\"og:title\" content=\"D\u0259m qaz\u0131ndan bo\u011fulma v\u0259 z\u0259h\u0259rl\u0259nm\u0259l\u0259r: \u201cAz\u0259riqaz\u201d n\u0259 deyir... - MEYDAN.TV\" \/>\n<meta property=\"og:description\" content=\"Qurum deyir ki, hamamlarda qazla i\u015fl\u0259y\u0259n su q\u0131zd\u0131r\u0131c\u0131lar\u0131n\u0131n istifad\u0259si qada\u011fand\u0131r ... Davam\u0131\" \/>\n<meta property=\"og:url\" content=\"https:\/\/www.meydan.tv\/az\/article\/dem-qazindan-bogulma-ve-zeherlenmeler-azeriqaz-ne-deyir\/\" \/>\n<meta property=\"og:site_name\" content=\"MEYDAN.TV\" \/>\n<meta property=\"article:published_time\" content=\"2024-03-05T15:35:08+00:00\" \/>\n<meta property=\"article:modified_time\" content=\"2024-03-05T15:35:13+00:00\" \/>\n<meta property=\"og:image\" content=\"https:\/\/www.meydan.tv\/wp-content\/uploads\/00dem-qaz2i.jpg\" \/>\n\t<meta property=\"og:image:width\" content=\"1200\" \/>\n\t<meta property=\"og:image:height\" content=\"750\" \/>\n\t<meta property=\"og:image:type\" content=\"image\/jpeg\" \/>\n<meta name=\"author\" content=\"mahmud\" \/>\n<meta name=\"twitter:card\" content=\"summary_large_image\" \/>\n<script type=\"application\/ld+json\" class=\"yoast-schema-graph\">{\"@context\":\"https:\\\/\\\/schema.org\",\"@graph\":[{\"@type\":\"Article\",\"@id\":\"https:\\\/\\\/www.meydan.tv\\\/az\\\/article\\\/dem-qazindan-bogulma-ve-zeherlenmeler-azeriqaz-ne-deyir\\\/#article\",\"isPartOf\":{\"@id\":\"https:\\\/\\\/www.meydan.tv\\\/az\\\/article\\\/dem-qazindan-bogulma-ve-zeherlenmeler-azeriqaz-ne-deyir\\\/\"},\"author\":{\"name\":\"mahmud\",\"@id\":\"https:\\\/\\\/www.meydan.tv\\\/az\\\/#\\\/schema\\\/person\\\/09863e516102a829e72bedcf3f84c6b0\"},\"headline\":\"D\u0259m qaz\u0131ndan bo\u011fulma v\u0259 z\u0259h\u0259rl\u0259nm\u0259l\u0259r: \u201cAz\u0259riqaz\u201d n\u0259 deyir&#8230;\",\"datePublished\":\"2024-03-05T15:35:08+00:00\",\"dateModified\":\"2024-03-05T15:35:13+00:00\",\"mainEntityOfPage\":{\"@id\":\"https:\\\/\\\/www.meydan.tv\\\/az\\\/article\\\/dem-qazindan-bogulma-ve-zeherlenmeler-azeriqaz-ne-deyir\\\/\"},\"wordCount\":1007,\"publisher\":{\"@id\":\"https:\\\/\\\/www.meydan.tv\\\/az\\\/#organization\"},\"image\":{\"@id\":\"https:\\\/\\\/www.meydan.tv\\\/az\\\/article\\\/dem-qazindan-bogulma-ve-zeherlenmeler-azeriqaz-ne-deyir\\\/#primaryimage\"},\"thumbnailUrl\":\"https:\\\/\\\/www.meydan.tv\\\/wp-content\\\/uploads\\\/00dem-qaz2i.jpg\",\"articleSection\":[\"Sosial\",\"T\u00f6vsiy\u0259\",\"X\u0259b\u0259rl\u0259r\"],\"inLanguage\":\"az\"},{\"@type\":\"WebPage\",\"@id\":\"https:\\\/\\\/www.meydan.tv\\\/az\\\/article\\\/dem-qazindan-bogulma-ve-zeherlenmeler-azeriqaz-ne-deyir\\\/\",\"url\":\"https:\\\/\\\/www.meydan.tv\\\/az\\\/article\\\/dem-qazindan-bogulma-ve-zeherlenmeler-azeriqaz-ne-deyir\\\/\",\"name\":\"D\u0259m qaz\u0131ndan bo\u011fulma v\u0259 z\u0259h\u0259rl\u0259nm\u0259l\u0259r: \u201cAz\u0259riqaz\u201d n\u0259 deyir... - MEYDAN.TV\",\"isPartOf\":{\"@id\":\"https:\\\/\\\/www.meydan.tv\\\/az\\\/#website\"},\"primaryImageOfPage\":{\"@id\":\"https:\\\/\\\/www.meydan.tv\\\/az\\\/article\\\/dem-qazindan-bogulma-ve-zeherlenmeler-azeriqaz-ne-deyir\\\/#primaryimage\"},\"image\":{\"@id\":\"https:\\\/\\\/www.meydan.tv\\\/az\\\/article\\\/dem-qazindan-bogulma-ve-zeherlenmeler-azeriqaz-ne-deyir\\\/#primaryimage\"},\"thumbnailUrl\":\"https:\\\/\\\/www.meydan.tv\\\/wp-content\\\/uploads\\\/00dem-qaz2i.jpg\",\"datePublished\":\"2024-03-05T15:35:08+00:00\",\"dateModified\":\"2024-03-05T15:35:13+00:00\",\"breadcrumb\":{\"@id\":\"https:\\\/\\\/www.meydan.tv\\\/az\\\/article\\\/dem-qazindan-bogulma-ve-zeherlenmeler-azeriqaz-ne-deyir\\\/#breadcrumb\"},\"inLanguage\":\"az\",\"potentialAction\":[{\"@type\":\"ReadAction\",\"target\":[\"https:\\\/\\\/www.meydan.tv\\\/az\\\/article\\\/dem-qazindan-bogulma-ve-zeherlenmeler-azeriqaz-ne-deyir\\\/\"]}]},{\"@type\":\"ImageObject\",\"inLanguage\":\"az\",\"@id\":\"https:\\\/\\\/www.meydan.tv\\\/az\\\/article\\\/dem-qazindan-bogulma-ve-zeherlenmeler-azeriqaz-ne-deyir\\\/#primaryimage\",\"url\":\"https:\\\/\\\/www.meydan.tv\\\/wp-content\\\/uploads\\\/00dem-qaz2i.jpg\",\"contentUrl\":\"https:\\\/\\\/www.meydan.tv\\\/wp-content\\\/uploads\\\/00dem-qaz2i.jpg\",\"width\":1200,\"height\":750,\"caption\":\"D\u0259m qaz\u0131. M\u0259nb\u0259: \\\"saglamolun.az\\\"\"},{\"@type\":\"BreadcrumbList\",\"@id\":\"https:\\\/\\\/www.meydan.tv\\\/az\\\/article\\\/dem-qazindan-bogulma-ve-zeherlenmeler-azeriqaz-ne-deyir\\\/#breadcrumb\",\"itemListElement\":[{\"@type\":\"ListItem\",\"position\":1,\"name\":\"Ana s\u0259hif\u0259\",\"item\":\"https:\\\/\\\/www.meydan.tv\\\/az\\\/\"},{\"@type\":\"ListItem\",\"position\":2,\"name\":\"Sosial\",\"item\":\"https:\\\/\\\/www.meydan.tv\\\/az\\\/section\\\/sosial\\\/\"},{\"@type\":\"ListItem\",\"position\":3,\"name\":\"D\u0259m qaz\u0131ndan bo\u011fulma v\u0259 z\u0259h\u0259rl\u0259nm\u0259l\u0259r: \u201cAz\u0259riqaz\u201d n\u0259 deyir&#8230;\"}]},{\"@type\":\"WebSite\",\"@id\":\"https:\\\/\\\/www.meydan.tv\\\/az\\\/#website\",\"url\":\"https:\\\/\\\/www.meydan.tv\\\/az\\\/\",\"name\":\"MEYDAN.TV\",\"description\":\"Meydan TV Az\u0259rbaycan\u0131n media m\u0259kan\u0131ndak\u0131 alternativ s\u0259sidir\",\"publisher\":{\"@id\":\"https:\\\/\\\/www.meydan.tv\\\/az\\\/#organization\"},\"potentialAction\":[{\"@type\":\"SearchAction\",\"target\":{\"@type\":\"EntryPoint\",\"urlTemplate\":\"https:\\\/\\\/www.meydan.tv\\\/az\\\/?s={search_term_string}\"},\"query-input\":{\"@type\":\"PropertyValueSpecification\",\"valueRequired\":true,\"valueName\":\"search_term_string\"}}],\"inLanguage\":\"az\"},{\"@type\":\"Organization\",\"@id\":\"https:\\\/\\\/www.meydan.tv\\\/az\\\/#organization\",\"name\":\"Meydan TV\",\"url\":\"https:\\\/\\\/www.meydan.tv\\\/az\\\/\",\"logo\":{\"@type\":\"ImageObject\",\"inLanguage\":\"az\",\"@id\":\"https:\\\/\\\/www.meydan.tv\\\/az\\\/#\\\/schema\\\/logo\\\/image\\\/\",\"url\":\"https:\\\/\\\/www.meydan.tv\\\/wp-content\\\/uploads\\\/2021\\\/07\\\/meydan-logo.svg\",\"contentUrl\":\"https:\\\/\\\/www.meydan.tv\\\/wp-content\\\/uploads\\\/2021\\\/07\\\/meydan-logo.svg\",\"width\":195,\"height\":46,\"caption\":\"Meydan TV\"},\"image\":{\"@id\":\"https:\\\/\\\/www.meydan.tv\\\/az\\\/#\\\/schema\\\/logo\\\/image\\\/\"}},{\"@type\":\"Person\",\"@id\":\"https:\\\/\\\/www.meydan.tv\\\/az\\\/#\\\/schema\\\/person\\\/09863e516102a829e72bedcf3f84c6b0\",\"name\":\"mahmud\"}]}<\/script>\n<!-- \/ Yoast SEO plugin. -->","yoast_head_json":{"title":"D\u0259m qaz\u0131ndan bo\u011fulma v\u0259 z\u0259h\u0259rl\u0259nm\u0259l\u0259r: \u201cAz\u0259riqaz\u201d n\u0259 deyir... - MEYDAN.TV","robots":{"index":"index","follow":"follow","max-snippet":"max-snippet:-1","max-image-preview":"max-image-preview:large","max-video-preview":"max-video-preview:-1"},"canonical":"https:\/\/www.meydan.tv\/az\/article\/dem-qazindan-bogulma-ve-zeherlenmeler-azeriqaz-ne-deyir\/","og_locale":"az_AZ","og_type":"article","og_title":"D\u0259m qaz\u0131ndan bo\u011fulma v\u0259 z\u0259h\u0259rl\u0259nm\u0259l\u0259r: \u201cAz\u0259riqaz\u201d n\u0259 deyir... - MEYDAN.TV","og_description":"Qurum deyir ki, hamamlarda qazla i\u015fl\u0259y\u0259n su q\u0131zd\u0131r\u0131c\u0131lar\u0131n\u0131n istifad\u0259si qada\u011fand\u0131r ... Davam\u0131","og_url":"https:\/\/www.meydan.tv\/az\/article\/dem-qazindan-bogulma-ve-zeherlenmeler-azeriqaz-ne-deyir\/","og_site_name":"MEYDAN.TV","article_published_time":"2024-03-05T15:35:08+00:00","article_modified_time":"2024-03-05T15:35:13+00:00","og_image":[{"width":1200,"height":750,"url":"https:\/\/www.meydan.tv\/wp-content\/uploads\/00dem-qaz2i.jpg","type":"image\/jpeg"}],"author":"mahmud","twitter_card":"summary_large_image","schema":{"@context":"https:\/\/schema.org","@graph":[{"@type":"Article","@id":"https:\/\/www.meydan.tv\/az\/article\/dem-qazindan-bogulma-ve-zeherlenmeler-azeriqaz-ne-deyir\/#article","isPartOf":{"@id":"https:\/\/www.meydan.tv\/az\/article\/dem-qazindan-bogulma-ve-zeherlenmeler-azeriqaz-ne-deyir\/"},"author":{"name":"mahmud","@id":"https:\/\/www.meydan.tv\/az\/#\/schema\/person\/09863e516102a829e72bedcf3f84c6b0"},"headline":"D\u0259m qaz\u0131ndan bo\u011fulma v\u0259 z\u0259h\u0259rl\u0259nm\u0259l\u0259r: \u201cAz\u0259riqaz\u201d n\u0259 deyir&#8230;","datePublished":"2024-03-05T15:35:08+00:00","dateModified":"2024-03-05T15:35:13+00:00","mainEntityOfPage":{"@id":"https:\/\/www.meydan.tv\/az\/article\/dem-qazindan-bogulma-ve-zeherlenmeler-azeriqaz-ne-deyir\/"},"wordCount":1007,"publisher":{"@id":"https:\/\/www.meydan.tv\/az\/#organization"},"image":{"@id":"https:\/\/www.meydan.tv\/az\/article\/dem-qazindan-bogulma-ve-zeherlenmeler-azeriqaz-ne-deyir\/#primaryimage"},"thumbnailUrl":"https:\/\/www.meydan.tv\/wp-content\/uploads\/00dem-qaz2i.jpg","articleSection":["Sosial","T\u00f6vsiy\u0259","X\u0259b\u0259rl\u0259r"],"inLanguage":"az"},{"@type":"WebPage","@id":"https:\/\/www.meydan.tv\/az\/article\/dem-qazindan-bogulma-ve-zeherlenmeler-azeriqaz-ne-deyir\/","url":"https:\/\/www.meydan.tv\/az\/article\/dem-qazindan-bogulma-ve-zeherlenmeler-azeriqaz-ne-deyir\/","name":"D\u0259m qaz\u0131ndan bo\u011fulma v\u0259 z\u0259h\u0259rl\u0259nm\u0259l\u0259r: \u201cAz\u0259riqaz\u201d n\u0259 deyir... - MEYDAN.TV","isPartOf":{"@id":"https:\/\/www.meydan.tv\/az\/#website"},"primaryImageOfPage":{"@id":"https:\/\/www.meydan.tv\/az\/article\/dem-qazindan-bogulma-ve-zeherlenmeler-azeriqaz-ne-deyir\/#primaryimage"},"image":{"@id":"https:\/\/www.meydan.tv\/az\/article\/dem-qazindan-bogulma-ve-zeherlenmeler-azeriqaz-ne-deyir\/#primaryimage"},"thumbnailUrl":"https:\/\/www.meydan.tv\/wp-content\/uploads\/00dem-qaz2i.jpg","datePublished":"2024-03-05T15:35:08+00:00","dateModified":"2024-03-05T15:35:13+00:00","breadcrumb":{"@id":"https:\/\/www.meydan.tv\/az\/article\/dem-qazindan-bogulma-ve-zeherlenmeler-azeriqaz-ne-deyir\/#breadcrumb"},"inLanguage":"az","potentialAction":[{"@type":"ReadAction","target":["https:\/\/www.meydan.tv\/az\/article\/dem-qazindan-bogulma-ve-zeherlenmeler-azeriqaz-ne-deyir\/"]}]},{"@type":"ImageObject","inLanguage":"az","@id":"https:\/\/www.meydan.tv\/az\/article\/dem-qazindan-bogulma-ve-zeherlenmeler-azeriqaz-ne-deyir\/#primaryimage","url":"https:\/\/www.meydan.tv\/wp-content\/uploads\/00dem-qaz2i.jpg","contentUrl":"https:\/\/www.meydan.tv\/wp-content\/uploads\/00dem-qaz2i.jpg","width":1200,"height":750,"caption":"D\u0259m qaz\u0131. M\u0259nb\u0259: \"saglamolun.az\""},{"@type":"BreadcrumbList","@id":"https:\/\/www.meydan.tv\/az\/article\/dem-qazindan-bogulma-ve-zeherlenmeler-azeriqaz-ne-deyir\/#breadcrumb","itemListElement":[{"@type":"ListItem","position":1,"name":"Ana s\u0259hif\u0259","item":"https:\/\/www.meydan.tv\/az\/"},{"@type":"ListItem","position":2,"name":"Sosial","item":"https:\/\/www.meydan.tv\/az\/section\/sosial\/"},{"@type":"ListItem","position":3,"name":"D\u0259m qaz\u0131ndan bo\u011fulma v\u0259 z\u0259h\u0259rl\u0259nm\u0259l\u0259r: \u201cAz\u0259riqaz\u201d n\u0259 deyir&#8230;"}]},{"@type":"WebSite","@id":"https:\/\/www.meydan.tv\/az\/#website","url":"https:\/\/www.meydan.tv\/az\/","name":"MEYDAN.TV","description":"Meydan TV Az\u0259rbaycan\u0131n media m\u0259kan\u0131ndak\u0131 alternativ s\u0259sidir","publisher":{"@id":"https:\/\/www.meydan.tv\/az\/#organization"},"potentialAction":[{"@type":"SearchAction","target":{"@type":"EntryPoint","urlTemplate":"https:\/\/www.meydan.tv\/az\/?s={search_term_string}"},"query-input":{"@type":"PropertyValueSpecification","valueRequired":true,"valueName":"search_term_string"}}],"inLanguage":"az"},{"@type":"Organization","@id":"https:\/\/www.meydan.tv\/az\/#organization","name":"Meydan TV","url":"https:\/\/www.meydan.tv\/az\/","logo":{"@type":"ImageObject","inLanguage":"az","@id":"https:\/\/www.meydan.tv\/az\/#\/schema\/logo\/image\/","url":"https:\/\/www.meydan.tv\/wp-content\/uploads\/2021\/07\/meydan-logo.svg","contentUrl":"https:\/\/www.meydan.tv\/wp-content\/uploads\/2021\/07\/meydan-logo.svg","width":195,"height":46,"caption":"Meydan TV"},"image":{"@id":"https:\/\/www.meydan.tv\/az\/#\/schema\/logo\/image\/"}},{"@type":"Person","@id":"https:\/\/www.meydan.tv\/az\/#\/schema\/person\/09863e516102a829e72bedcf3f84c6b0","name":"mahmud"}]}},"_links":{"self":[{"href":"https:\/\/www.meydan.tv\/az\/wp-json\/wp\/v2\/posts\/300479","targetHints":{"allow":["GET"]}}],"collection":[{"href":"https:\/\/www.meydan.tv\/az\/wp-json\/wp\/v2\/posts"}],"about":[{"href":"https:\/\/www.meydan.tv\/az\/wp-json\/wp\/v2\/types\/post"}],"author":[{"embeddable":true,"href":"https:\/\/www.meydan.tv\/az\/wp-json\/wp\/v2\/users\/21"}],"replies":[{"embeddable":true,"href":"https:\/\/www.meydan.tv\/az\/wp-json\/wp\/v2\/comments?post=300479"}],"version-history":[{"count":1,"href":"https:\/\/www.meydan.tv\/az\/wp-json\/wp\/v2\/posts\/300479\/revisions"}],"predecessor-version":[{"id":300480,"href":"https:\/\/www.meydan.tv\/az\/wp-json\/wp\/v2\/posts\/300479\/revisions\/300480"}],"wp:featuredmedia":[{"embeddable":true,"href":"https:\/\/www.meydan.tv\/az\/wp-json\/wp\/v2\/media\/265257"}],"wp:attachment":[{"href":"https:\/\/www.meydan.tv\/az\/wp-json\/wp\/v2\/media?parent=300479"}],"wp:term":[{"taxonomy":"category","embeddable":true,"href":"https:\/\/www.meydan.tv\/az\/wp-json\/wp\/v2\/categories?post=300479"},{"taxonomy":"post_tag","embeddable":true,"href":"https:\/\/www.meydan.tv\/az\/wp-json\/wp\/v2\/tags?post=300479"}],"curies":[{"name":"wp","href":"https:\/\/api.w.org\/{rel}","templated":true}]}}