{"id":300403,"date":"2024-03-04T18:47:49","date_gmt":"2024-03-04T14:47:49","guid":{"rendered":"https:\/\/www.meydan.tv\/?p=300403"},"modified":"2024-03-04T18:47:54","modified_gmt":"2024-03-04T14:47:54","slug":"agentliyin-icraci-direktorunun-ses-yazisi-bizi-yoxlasalar-yarim-milyon-taparlar","status":"publish","type":"post","link":"https:\/\/www.meydan.tv\/az\/article\/agentliyin-icraci-direktorunun-ses-yazisi-bizi-yoxlasalar-yarim-milyon-taparlar\/","title":{"rendered":"Agentliyin icra\u00e7\u0131 direktorunun s\u0259s yaz\u0131s\u0131: &#8220;Bizi yoxlasalar, yar\u0131m milyon taparlar&#8230;&#8221;"},"content":{"rendered":"\n<p><\/p>\n\n\n\n<p><strong><em>M\u0259tan\u0259t C\u0259f\u0259rova onda dig\u0259r s\u0259sl\u0259rin d\u0259 oldu\u011funu, Agentlik is\u0259 m\u0259s\u0259l\u0259ni ara\u015fd\u0131rd\u0131\u011f\u0131n\u0131 deyir<\/em><\/strong><\/p>\n\n\n\n<p>Qeyri-H\u00f6kum\u0259t T\u0259\u015fkilatlar\u0131na D\u00f6vl\u0259t D\u0259st\u0259yi Agentliyinin icra\u00e7\u0131 direktoru Ayg\u00fcn \u018fliyevan\u0131n s\u0259s yaz\u0131s\u0131n\u0131n yay\u0131ld\u0131\u011f\u0131 bildirilir.<\/p>\n\n\n\n<p>S\u0259s yaz\u0131s\u0131n\u0131 Daxili \u0130\u015fl\u0259r Nazirliyi (D\u0130N) yan\u0131nda \u0130ctimai \u015euran\u0131n \u00fczv\u00fc, \u201c\u018fsg\u0259r Ail\u0259l\u0259rin\u0259 D\u0259st\u0259k\u201d \u0130ctimai Birliyinin s\u0259dri M\u0259tan\u0259t C\u0259f\u0259rova \u201cFacebook\u201d s\u0259hif\u0259sind\u0259 <a href=\"https:\/\/www.facebook.com\/gersoginiya.ceferova\/videos\/945391373603542\">payla\u015f\u0131b<\/a>.<\/p>\n\n\n\n<p>\u0130cra\u00e7\u0131 direktor s\u0259s yaz\u0131s\u0131nda deyir ki, \u0259g\u0259r m\u00fcvafiq qurumlar ist\u0259s\u0259l\u0259r, agentlikd\u0259 yar\u0131m milyonluq yeyinti tapa bil\u0259rl\u0259r.<\/p>\n\n\n\n<p>O, s\u0259s yaz\u0131s\u0131nda: <em>\u201cN\u0259 q\u0259d\u0259r n\u0259zar\u0259t ets\u0259n d\u0259, \u00e7ox q\u0259liz, \u00e7ox \u00e7\u0259tin m\u0259s\u0259l\u0259dir. Bu g\u00fcn g\u0259lib, bizi yoxlasalar, \u0259n az\u0131, bir milyon taparlar. Y\u0259ni \u0259n az\u0131, ist\u0259s\u0259l\u0259r, taparlar. Maksimal n\u0259 q\u0259d\u0259r yoxlay\u0131rsan, yoxla, QHT \u00f6mr\u00fc boyu oradan pul \u201cq\u0131r\u0131b\u201d. Y\u0259ni m\u00fcmk\u00fcn deyil, onunla ya\u015fay\u0131r\u201d<\/em>, &#8211; deyib.<\/p>\n\n\n\n<p>S\u0259s yaz\u0131s\u0131nda deyil\u0259nl\u0259rl\u0259 ba\u011fl\u0131 Meydan TV Ayg\u00fcn \u018fliyeva il\u0259 \u0259laq\u0259 saxlama\u011fa \u00e7al\u0131\u015f\u0131b, lakin o, z\u0259ngl\u0259r\u0259 cavab verm\u0259yib.<\/p>\n\n\n\n<p>Qeyri-H\u00f6kum\u0259t T\u0259\u015fkilatlar\u0131na D\u00f6vl\u0259t D\u0259st\u0259yi Agentliyi yan\u0131nda M\u00fc\u015fahid\u0259 \u015euras\u0131n\u0131n \u00fczv\u00fc G\u00fcnel S\u0259f\u0259rova Meydan TV-y\u0259 bildirib ki, m\u0259s\u0259l\u0259 n\u0259zar\u0259t\u0259 g\u00f6t\u00fcr\u00fcb, s\u0259s yaz\u0131s\u0131 il\u0259 \u0259laq\u0259dar ara\u015fd\u0131rmalara ba\u015flan\u0131l\u0131b.<\/p>\n\n\n\n<p><em>\u201cPayla\u015f\u0131lan statusla v\u0259 oradak\u0131 s\u0259s yaz\u0131s\u0131 il\u0259 el\u0259 elektron platformadan, sosial \u015f\u0259b\u0259k\u0259d\u0259n tan\u0131\u015f olmu\u015fuq. S\u00f6z\u00fcn a\u00e7\u0131\u011f\u0131, M\u00fc\u015fahid\u0259 \u015euras\u0131n\u0131n h\u0259l\u0259 bir iclas\u0131 ke\u00e7irilm\u0259yib. Bu fakt\u0131 ara\u015fd\u0131rmaqla ba\u011fl\u0131 tap\u015f\u0131r\u0131q verilib, ara\u015fd\u0131r\u0131r\u0131q. H\u0259l\u0259 ara\u015fd\u0131rma getdiyin\u0259 g\u00f6r\u0259, konkret olaraq, s\u0259s yaz\u0131s\u0131 haqq\u0131nda m\u00f6vqe bildirmirik\u201d<\/em>, &#8211; G\u00fcnel S\u0259f\u0259rova deyib.<\/p>\n\n\n\n<p>Ba\u015f Prokurorluqdan m\u0259s\u0259l\u0259y\u0259 m\u00fcnasib\u0259t \u00f6yr\u0259nm\u0259k m\u00fcmk\u00fcn olmay\u0131b.<\/p>\n\n\n\n<p>2021-ci il aprelin 19-da Prezident \u0130lham \u018fliyev Qeyri-H\u00f6kum\u0259t T\u0259\u015fkilatlar\u0131na D\u00f6vl\u0259t D\u0259st\u0259yi \u015euras\u0131n\u0131 l\u0259\u011fv ed\u0259r\u0259k yerind\u0259 Qeyri-H\u00f6kum\u0259t T\u0259\u015fkilatlar\u0131na D\u00f6vl\u0259t D\u0259st\u0259yi Agentliyi yarad\u0131b.<\/p>\n\n\n\n<p>Agentliyin f\u0259aliyy\u0259tin\u0259 \u00fcmumi r\u0259hb\u0259rliyi v\u0259 n\u0259zar\u0259ti Prezidentin v\u0259zif\u0259y\u0259 t\u0259yin v\u0259 v\u0259zif\u0259d\u0259n azad etdiyi 11 \u00fczvd\u0259n ibar\u0259t M\u00fc\u015fahid\u0259 \u015euras\u0131 h\u0259yata ke\u00e7irir.<\/p>\n\n\n\n<p>\u00dczvl\u0259rd\u0259n 8-i qeyri-h\u00f6kum\u0259t t\u0259\u015fkilatlar\u0131n\u0131n, dig\u0259r 3-\u00fc is\u0259 d\u00f6vl\u0259t orqanlar\u0131n\u0131n n\u00fcmay\u0259nd\u0259l\u0259rind\u0259n t\u0259yin edilib.<\/p>\n\n\n\n<p>Qurumun saxlanma x\u0259rcl\u0259ri v\u0259 f\u0259aliyy\u0259tinin d\u00f6vl\u0259t b\u00fcdc\u0259si v\u0259 qanunla qada\u011fan olunmayan dig\u0259r m\u0259nb\u0259l\u0259r hesab\u0131na qar\u015f\u0131land\u0131\u011f\u0131 bildirilir.<\/p>\n\n\n\n<p>Ayg\u00fcn \u018fliyeva 2021-ci il noyabr\u0131n 23-d\u0259 Agentliyinin \u0130cra\u00e7\u0131 direktoru t\u0259yin edilib.<\/p>\n","protected":false},"excerpt":{"rendered":"<p>M\u0259tan\u0259t C\u0259f\u0259rova onda dig\u0259r s\u0259sl\u0259rin d\u0259 oldu\u011funu, Agentlik is\u0259 m\u0259s\u0259l\u0259ni &#8230; <\/p>\n<p class=\"read-more-container\"><a title=\"Agentliyin icra\u00e7\u0131 direktorunun s\u0259s yaz\u0131s\u0131: &#8220;Bizi yoxlasalar, yar\u0131m milyon taparlar&#8230;&#8221;\" class=\"read-more button\" href=\"https:\/\/www.meydan.tv\/az\/article\/agentliyin-icraci-direktorunun-ses-yazisi-bizi-yoxlasalar-yarim-milyon-taparlar\/#more-300403\" aria-label=\"Read more about Agentliyin icra\u00e7\u0131 direktorunun s\u0259s yaz\u0131s\u0131: &#8220;Bizi yoxlasalar, yar\u0131m milyon taparlar&#8230;&#8221;\">Davam\u0131<\/a><\/p>\n","protected":false},"author":21,"featured_media":292841,"comment_status":"closed","ping_status":"closed","sticky":false,"template":"","format":"standard","meta":{"_acf_changed":false,"_sitemap_exclude":false,"_sitemap_priority":"","_sitemap_frequency":"","footnotes":""},"categories":[62,79,56],"tags":[],"class_list":["post-300403","post","type-post","status-publish","format-standard","has-post-thumbnail","hentry","category-sosial","category-featured","category-xeberler","infinite-scroll-item","generate-columns","tablet-grid-50","mobile-grid-100","grid-parent","grid-33","no-featured-image-padding"],"acf":[],"yoast_head":"<!-- This site is optimized with the Yoast SEO plugin v27.5 - https:\/\/yoast.com\/product\/yoast-seo-wordpress\/ -->\n<title>Agentliyin icra\u00e7\u0131 direktorunun s\u0259s yaz\u0131s\u0131: &quot;Bizi yoxlasalar, yar\u0131m milyon taparlar...&quot; - MEYDAN.TV<\/title>\n<meta name=\"robots\" content=\"index, follow, max-snippet:-1, max-image-preview:large, max-video-preview:-1\" \/>\n<link rel=\"canonical\" href=\"https:\/\/www.meydan.tv\/az\/article\/agentliyin-icraci-direktorunun-ses-yazisi-bizi-yoxlasalar-yarim-milyon-taparlar\/\" \/>\n<meta property=\"og:locale\" content=\"az_AZ\" \/>\n<meta property=\"og:type\" content=\"article\" \/>\n<meta property=\"og:title\" content=\"Agentliyin icra\u00e7\u0131 direktorunun s\u0259s yaz\u0131s\u0131: &quot;Bizi yoxlasalar, yar\u0131m milyon taparlar...&quot; - MEYDAN.TV\" \/>\n<meta property=\"og:description\" content=\"M\u0259tan\u0259t C\u0259f\u0259rova onda dig\u0259r s\u0259sl\u0259rin d\u0259 oldu\u011funu, Agentlik is\u0259 m\u0259s\u0259l\u0259ni ... Davam\u0131\" \/>\n<meta property=\"og:url\" content=\"https:\/\/www.meydan.tv\/az\/article\/agentliyin-icraci-direktorunun-ses-yazisi-bizi-yoxlasalar-yarim-milyon-taparlar\/\" \/>\n<meta property=\"og:site_name\" content=\"MEYDAN.TV\" \/>\n<meta property=\"article:published_time\" content=\"2024-03-04T14:47:49+00:00\" \/>\n<meta property=\"article:modified_time\" content=\"2024-03-04T14:47:54+00:00\" \/>\n<meta property=\"og:image\" content=\"https:\/\/www.meydan.tv\/wp-content\/uploads\/qht-dda.jpg\" \/>\n\t<meta property=\"og:image:width\" content=\"769\" \/>\n\t<meta property=\"og:image:height\" content=\"500\" \/>\n\t<meta property=\"og:image:type\" content=\"image\/jpeg\" \/>\n<meta name=\"author\" content=\"mahmud\" \/>\n<meta name=\"twitter:card\" content=\"summary_large_image\" \/>\n<script type=\"application\/ld+json\" class=\"yoast-schema-graph\">{\"@context\":\"https:\\\/\\\/schema.org\",\"@graph\":[{\"@type\":\"Article\",\"@id\":\"https:\\\/\\\/www.meydan.tv\\\/az\\\/article\\\/agentliyin-icraci-direktorunun-ses-yazisi-bizi-yoxlasalar-yarim-milyon-taparlar\\\/#article\",\"isPartOf\":{\"@id\":\"https:\\\/\\\/www.meydan.tv\\\/az\\\/article\\\/agentliyin-icraci-direktorunun-ses-yazisi-bizi-yoxlasalar-yarim-milyon-taparlar\\\/\"},\"author\":{\"name\":\"mahmud\",\"@id\":\"https:\\\/\\\/www.meydan.tv\\\/az\\\/#\\\/schema\\\/person\\\/09863e516102a829e72bedcf3f84c6b0\"},\"headline\":\"Agentliyin icra\u00e7\u0131 direktorunun s\u0259s yaz\u0131s\u0131: &#8220;Bizi yoxlasalar, yar\u0131m milyon taparlar&#8230;&#8221;\",\"datePublished\":\"2024-03-04T14:47:49+00:00\",\"dateModified\":\"2024-03-04T14:47:54+00:00\",\"mainEntityOfPage\":{\"@id\":\"https:\\\/\\\/www.meydan.tv\\\/az\\\/article\\\/agentliyin-icraci-direktorunun-ses-yazisi-bizi-yoxlasalar-yarim-milyon-taparlar\\\/\"},\"wordCount\":541,\"publisher\":{\"@id\":\"https:\\\/\\\/www.meydan.tv\\\/az\\\/#organization\"},\"image\":{\"@id\":\"https:\\\/\\\/www.meydan.tv\\\/az\\\/article\\\/agentliyin-icraci-direktorunun-ses-yazisi-bizi-yoxlasalar-yarim-milyon-taparlar\\\/#primaryimage\"},\"thumbnailUrl\":\"https:\\\/\\\/www.meydan.tv\\\/wp-content\\\/uploads\\\/qht-dda.jpg\",\"articleSection\":[\"Sosial\",\"T\u00f6vsiy\u0259\",\"X\u0259b\u0259rl\u0259r\"],\"inLanguage\":\"az\"},{\"@type\":\"WebPage\",\"@id\":\"https:\\\/\\\/www.meydan.tv\\\/az\\\/article\\\/agentliyin-icraci-direktorunun-ses-yazisi-bizi-yoxlasalar-yarim-milyon-taparlar\\\/\",\"url\":\"https:\\\/\\\/www.meydan.tv\\\/az\\\/article\\\/agentliyin-icraci-direktorunun-ses-yazisi-bizi-yoxlasalar-yarim-milyon-taparlar\\\/\",\"name\":\"Agentliyin icra\u00e7\u0131 direktorunun s\u0259s yaz\u0131s\u0131: \\\"Bizi yoxlasalar, yar\u0131m milyon taparlar...\\\" - MEYDAN.TV\",\"isPartOf\":{\"@id\":\"https:\\\/\\\/www.meydan.tv\\\/az\\\/#website\"},\"primaryImageOfPage\":{\"@id\":\"https:\\\/\\\/www.meydan.tv\\\/az\\\/article\\\/agentliyin-icraci-direktorunun-ses-yazisi-bizi-yoxlasalar-yarim-milyon-taparlar\\\/#primaryimage\"},\"image\":{\"@id\":\"https:\\\/\\\/www.meydan.tv\\\/az\\\/article\\\/agentliyin-icraci-direktorunun-ses-yazisi-bizi-yoxlasalar-yarim-milyon-taparlar\\\/#primaryimage\"},\"thumbnailUrl\":\"https:\\\/\\\/www.meydan.tv\\\/wp-content\\\/uploads\\\/qht-dda.jpg\",\"datePublished\":\"2024-03-04T14:47:49+00:00\",\"dateModified\":\"2024-03-04T14:47:54+00:00\",\"breadcrumb\":{\"@id\":\"https:\\\/\\\/www.meydan.tv\\\/az\\\/article\\\/agentliyin-icraci-direktorunun-ses-yazisi-bizi-yoxlasalar-yarim-milyon-taparlar\\\/#breadcrumb\"},\"inLanguage\":\"az\",\"potentialAction\":[{\"@type\":\"ReadAction\",\"target\":[\"https:\\\/\\\/www.meydan.tv\\\/az\\\/article\\\/agentliyin-icraci-direktorunun-ses-yazisi-bizi-yoxlasalar-yarim-milyon-taparlar\\\/\"]}]},{\"@type\":\"ImageObject\",\"inLanguage\":\"az\",\"@id\":\"https:\\\/\\\/www.meydan.tv\\\/az\\\/article\\\/agentliyin-icraci-direktorunun-ses-yazisi-bizi-yoxlasalar-yarim-milyon-taparlar\\\/#primaryimage\",\"url\":\"https:\\\/\\\/www.meydan.tv\\\/wp-content\\\/uploads\\\/qht-dda.jpg\",\"contentUrl\":\"https:\\\/\\\/www.meydan.tv\\\/wp-content\\\/uploads\\\/qht-dda.jpg\",\"width\":769,\"height\":500,\"caption\":\"Qeyri-H\u00f6kum\u0259t T\u0259\u015fkilatlar\u0131na D\u00f6vl\u0259t D\u0259st\u0259yi Agentliyi\"},{\"@type\":\"BreadcrumbList\",\"@id\":\"https:\\\/\\\/www.meydan.tv\\\/az\\\/article\\\/agentliyin-icraci-direktorunun-ses-yazisi-bizi-yoxlasalar-yarim-milyon-taparlar\\\/#breadcrumb\",\"itemListElement\":[{\"@type\":\"ListItem\",\"position\":1,\"name\":\"Ana s\u0259hif\u0259\",\"item\":\"https:\\\/\\\/www.meydan.tv\\\/az\\\/\"},{\"@type\":\"ListItem\",\"position\":2,\"name\":\"Sosial\",\"item\":\"https:\\\/\\\/www.meydan.tv\\\/az\\\/section\\\/sosial\\\/\"},{\"@type\":\"ListItem\",\"position\":3,\"name\":\"Agentliyin icra\u00e7\u0131 direktorunun s\u0259s yaz\u0131s\u0131: &#8220;Bizi yoxlasalar, yar\u0131m milyon taparlar&#8230;&#8221;\"}]},{\"@type\":\"WebSite\",\"@id\":\"https:\\\/\\\/www.meydan.tv\\\/az\\\/#website\",\"url\":\"https:\\\/\\\/www.meydan.tv\\\/az\\\/\",\"name\":\"MEYDAN.TV\",\"description\":\"Meydan TV Az\u0259rbaycan\u0131n media m\u0259kan\u0131ndak\u0131 alternativ s\u0259sidir\",\"publisher\":{\"@id\":\"https:\\\/\\\/www.meydan.tv\\\/az\\\/#organization\"},\"potentialAction\":[{\"@type\":\"SearchAction\",\"target\":{\"@type\":\"EntryPoint\",\"urlTemplate\":\"https:\\\/\\\/www.meydan.tv\\\/az\\\/?s={search_term_string}\"},\"query-input\":{\"@type\":\"PropertyValueSpecification\",\"valueRequired\":true,\"valueName\":\"search_term_string\"}}],\"inLanguage\":\"az\"},{\"@type\":\"Organization\",\"@id\":\"https:\\\/\\\/www.meydan.tv\\\/az\\\/#organization\",\"name\":\"Meydan TV\",\"url\":\"https:\\\/\\\/www.meydan.tv\\\/az\\\/\",\"logo\":{\"@type\":\"ImageObject\",\"inLanguage\":\"az\",\"@id\":\"https:\\\/\\\/www.meydan.tv\\\/az\\\/#\\\/schema\\\/logo\\\/image\\\/\",\"url\":\"https:\\\/\\\/www.meydan.tv\\\/wp-content\\\/uploads\\\/2021\\\/07\\\/meydan-logo.svg\",\"contentUrl\":\"https:\\\/\\\/www.meydan.tv\\\/wp-content\\\/uploads\\\/2021\\\/07\\\/meydan-logo.svg\",\"width\":195,\"height\":46,\"caption\":\"Meydan TV\"},\"image\":{\"@id\":\"https:\\\/\\\/www.meydan.tv\\\/az\\\/#\\\/schema\\\/logo\\\/image\\\/\"}},{\"@type\":\"Person\",\"@id\":\"https:\\\/\\\/www.meydan.tv\\\/az\\\/#\\\/schema\\\/person\\\/09863e516102a829e72bedcf3f84c6b0\",\"name\":\"mahmud\"}]}<\/script>\n<!-- \/ Yoast SEO plugin. -->","yoast_head_json":{"title":"Agentliyin icra\u00e7\u0131 direktorunun s\u0259s yaz\u0131s\u0131: \"Bizi yoxlasalar, yar\u0131m milyon taparlar...\" - MEYDAN.TV","robots":{"index":"index","follow":"follow","max-snippet":"max-snippet:-1","max-image-preview":"max-image-preview:large","max-video-preview":"max-video-preview:-1"},"canonical":"https:\/\/www.meydan.tv\/az\/article\/agentliyin-icraci-direktorunun-ses-yazisi-bizi-yoxlasalar-yarim-milyon-taparlar\/","og_locale":"az_AZ","og_type":"article","og_title":"Agentliyin icra\u00e7\u0131 direktorunun s\u0259s yaz\u0131s\u0131: \"Bizi yoxlasalar, yar\u0131m milyon taparlar...\" - MEYDAN.TV","og_description":"M\u0259tan\u0259t C\u0259f\u0259rova onda dig\u0259r s\u0259sl\u0259rin d\u0259 oldu\u011funu, Agentlik is\u0259 m\u0259s\u0259l\u0259ni ... Davam\u0131","og_url":"https:\/\/www.meydan.tv\/az\/article\/agentliyin-icraci-direktorunun-ses-yazisi-bizi-yoxlasalar-yarim-milyon-taparlar\/","og_site_name":"MEYDAN.TV","article_published_time":"2024-03-04T14:47:49+00:00","article_modified_time":"2024-03-04T14:47:54+00:00","og_image":[{"width":769,"height":500,"url":"https:\/\/www.meydan.tv\/wp-content\/uploads\/qht-dda.jpg","type":"image\/jpeg"}],"author":"mahmud","twitter_card":"summary_large_image","schema":{"@context":"https:\/\/schema.org","@graph":[{"@type":"Article","@id":"https:\/\/www.meydan.tv\/az\/article\/agentliyin-icraci-direktorunun-ses-yazisi-bizi-yoxlasalar-yarim-milyon-taparlar\/#article","isPartOf":{"@id":"https:\/\/www.meydan.tv\/az\/article\/agentliyin-icraci-direktorunun-ses-yazisi-bizi-yoxlasalar-yarim-milyon-taparlar\/"},"author":{"name":"mahmud","@id":"https:\/\/www.meydan.tv\/az\/#\/schema\/person\/09863e516102a829e72bedcf3f84c6b0"},"headline":"Agentliyin icra\u00e7\u0131 direktorunun s\u0259s yaz\u0131s\u0131: &#8220;Bizi yoxlasalar, yar\u0131m milyon taparlar&#8230;&#8221;","datePublished":"2024-03-04T14:47:49+00:00","dateModified":"2024-03-04T14:47:54+00:00","mainEntityOfPage":{"@id":"https:\/\/www.meydan.tv\/az\/article\/agentliyin-icraci-direktorunun-ses-yazisi-bizi-yoxlasalar-yarim-milyon-taparlar\/"},"wordCount":541,"publisher":{"@id":"https:\/\/www.meydan.tv\/az\/#organization"},"image":{"@id":"https:\/\/www.meydan.tv\/az\/article\/agentliyin-icraci-direktorunun-ses-yazisi-bizi-yoxlasalar-yarim-milyon-taparlar\/#primaryimage"},"thumbnailUrl":"https:\/\/www.meydan.tv\/wp-content\/uploads\/qht-dda.jpg","articleSection":["Sosial","T\u00f6vsiy\u0259","X\u0259b\u0259rl\u0259r"],"inLanguage":"az"},{"@type":"WebPage","@id":"https:\/\/www.meydan.tv\/az\/article\/agentliyin-icraci-direktorunun-ses-yazisi-bizi-yoxlasalar-yarim-milyon-taparlar\/","url":"https:\/\/www.meydan.tv\/az\/article\/agentliyin-icraci-direktorunun-ses-yazisi-bizi-yoxlasalar-yarim-milyon-taparlar\/","name":"Agentliyin icra\u00e7\u0131 direktorunun s\u0259s yaz\u0131s\u0131: \"Bizi yoxlasalar, yar\u0131m milyon taparlar...\" - MEYDAN.TV","isPartOf":{"@id":"https:\/\/www.meydan.tv\/az\/#website"},"primaryImageOfPage":{"@id":"https:\/\/www.meydan.tv\/az\/article\/agentliyin-icraci-direktorunun-ses-yazisi-bizi-yoxlasalar-yarim-milyon-taparlar\/#primaryimage"},"image":{"@id":"https:\/\/www.meydan.tv\/az\/article\/agentliyin-icraci-direktorunun-ses-yazisi-bizi-yoxlasalar-yarim-milyon-taparlar\/#primaryimage"},"thumbnailUrl":"https:\/\/www.meydan.tv\/wp-content\/uploads\/qht-dda.jpg","datePublished":"2024-03-04T14:47:49+00:00","dateModified":"2024-03-04T14:47:54+00:00","breadcrumb":{"@id":"https:\/\/www.meydan.tv\/az\/article\/agentliyin-icraci-direktorunun-ses-yazisi-bizi-yoxlasalar-yarim-milyon-taparlar\/#breadcrumb"},"inLanguage":"az","potentialAction":[{"@type":"ReadAction","target":["https:\/\/www.meydan.tv\/az\/article\/agentliyin-icraci-direktorunun-ses-yazisi-bizi-yoxlasalar-yarim-milyon-taparlar\/"]}]},{"@type":"ImageObject","inLanguage":"az","@id":"https:\/\/www.meydan.tv\/az\/article\/agentliyin-icraci-direktorunun-ses-yazisi-bizi-yoxlasalar-yarim-milyon-taparlar\/#primaryimage","url":"https:\/\/www.meydan.tv\/wp-content\/uploads\/qht-dda.jpg","contentUrl":"https:\/\/www.meydan.tv\/wp-content\/uploads\/qht-dda.jpg","width":769,"height":500,"caption":"Qeyri-H\u00f6kum\u0259t T\u0259\u015fkilatlar\u0131na D\u00f6vl\u0259t D\u0259st\u0259yi Agentliyi"},{"@type":"BreadcrumbList","@id":"https:\/\/www.meydan.tv\/az\/article\/agentliyin-icraci-direktorunun-ses-yazisi-bizi-yoxlasalar-yarim-milyon-taparlar\/#breadcrumb","itemListElement":[{"@type":"ListItem","position":1,"name":"Ana s\u0259hif\u0259","item":"https:\/\/www.meydan.tv\/az\/"},{"@type":"ListItem","position":2,"name":"Sosial","item":"https:\/\/www.meydan.tv\/az\/section\/sosial\/"},{"@type":"ListItem","position":3,"name":"Agentliyin icra\u00e7\u0131 direktorunun s\u0259s yaz\u0131s\u0131: &#8220;Bizi yoxlasalar, yar\u0131m milyon taparlar&#8230;&#8221;"}]},{"@type":"WebSite","@id":"https:\/\/www.meydan.tv\/az\/#website","url":"https:\/\/www.meydan.tv\/az\/","name":"MEYDAN.TV","description":"Meydan TV Az\u0259rbaycan\u0131n media m\u0259kan\u0131ndak\u0131 alternativ s\u0259sidir","publisher":{"@id":"https:\/\/www.meydan.tv\/az\/#organization"},"potentialAction":[{"@type":"SearchAction","target":{"@type":"EntryPoint","urlTemplate":"https:\/\/www.meydan.tv\/az\/?s={search_term_string}"},"query-input":{"@type":"PropertyValueSpecification","valueRequired":true,"valueName":"search_term_string"}}],"inLanguage":"az"},{"@type":"Organization","@id":"https:\/\/www.meydan.tv\/az\/#organization","name":"Meydan TV","url":"https:\/\/www.meydan.tv\/az\/","logo":{"@type":"ImageObject","inLanguage":"az","@id":"https:\/\/www.meydan.tv\/az\/#\/schema\/logo\/image\/","url":"https:\/\/www.meydan.tv\/wp-content\/uploads\/2021\/07\/meydan-logo.svg","contentUrl":"https:\/\/www.meydan.tv\/wp-content\/uploads\/2021\/07\/meydan-logo.svg","width":195,"height":46,"caption":"Meydan TV"},"image":{"@id":"https:\/\/www.meydan.tv\/az\/#\/schema\/logo\/image\/"}},{"@type":"Person","@id":"https:\/\/www.meydan.tv\/az\/#\/schema\/person\/09863e516102a829e72bedcf3f84c6b0","name":"mahmud"}]}},"_links":{"self":[{"href":"https:\/\/www.meydan.tv\/az\/wp-json\/wp\/v2\/posts\/300403","targetHints":{"allow":["GET"]}}],"collection":[{"href":"https:\/\/www.meydan.tv\/az\/wp-json\/wp\/v2\/posts"}],"about":[{"href":"https:\/\/www.meydan.tv\/az\/wp-json\/wp\/v2\/types\/post"}],"author":[{"embeddable":true,"href":"https:\/\/www.meydan.tv\/az\/wp-json\/wp\/v2\/users\/21"}],"replies":[{"embeddable":true,"href":"https:\/\/www.meydan.tv\/az\/wp-json\/wp\/v2\/comments?post=300403"}],"version-history":[{"count":1,"href":"https:\/\/www.meydan.tv\/az\/wp-json\/wp\/v2\/posts\/300403\/revisions"}],"predecessor-version":[{"id":300404,"href":"https:\/\/www.meydan.tv\/az\/wp-json\/wp\/v2\/posts\/300403\/revisions\/300404"}],"wp:featuredmedia":[{"embeddable":true,"href":"https:\/\/www.meydan.tv\/az\/wp-json\/wp\/v2\/media\/292841"}],"wp:attachment":[{"href":"https:\/\/www.meydan.tv\/az\/wp-json\/wp\/v2\/media?parent=300403"}],"wp:term":[{"taxonomy":"category","embeddable":true,"href":"https:\/\/www.meydan.tv\/az\/wp-json\/wp\/v2\/categories?post=300403"},{"taxonomy":"post_tag","embeddable":true,"href":"https:\/\/www.meydan.tv\/az\/wp-json\/wp\/v2\/tags?post=300403"}],"curies":[{"name":"wp","href":"https:\/\/api.w.org\/{rel}","templated":true}]}}