{"id":300394,"date":"2024-03-04T16:50:25","date_gmt":"2024-03-04T12:50:25","guid":{"rendered":"https:\/\/www.meydan.tv\/?p=300394"},"modified":"2024-03-04T19:07:27","modified_gmt":"2024-03-04T15:07:27","slug":"isvecreliler-pensiyalarin-artirilmasina-ses-verib","status":"publish","type":"post","link":"https:\/\/www.meydan.tv\/az\/article\/isvecreliler-pensiyalarin-artirilmasina-ses-verib\/","title":{"rendered":"\u0130sve\u00e7r\u0259lil\u0259r pensiyalar\u0131n art\u0131r\u0131lmas\u0131na s\u0259s verib"},"content":{"rendered":"\n<p><\/p>\n\n\n\n<p><strong><em>75 faiz insan pensiya ya\u015f\u0131n\u0131n 65-d\u0259n 66-ya qald\u0131r\u0131lmas\u0131n\u0131 r\u0259dd edib<\/em><\/strong><\/p>\n\n\n\n<p>\u0130sve\u00e7r\u0259 mart\u0131n 3-d\u0259 ke\u00e7iril\u0259n referendumda ya\u015fl\u0131lar \u00fc\u00e7\u00fcn pensiya \u00f6d\u0259ni\u015fl\u0259rinin art\u0131r\u0131lmas\u0131na <a href=\"https:\/\/www.reuters.com\/world\/europe\/swiss-vote-back-13th-month-pension-payment-increase-2024-03-03\/#:~:text=ZURICH%2C%20March%203%20(Reuters),about%20how%20to%20afford%20it\">s\u0259s verib<\/a>. <\/p>\n\n\n\n<p>S\u0259b\u0259b ya\u015fay\u0131\u015f x\u0259rcl\u0259ri il\u0259 ba\u011fl\u0131 narahatl\u0131qd\u0131r. H\u00f6kum\u0259tin a\u00e7\u0131qlad\u0131\u011f\u0131 m\u00fcv\u0259qq\u0259ti r\u0259smi n\u0259tic\u0259l\u0259r g\u00f6st\u0259rib ki, se\u00e7icil\u0259rin 58%-d\u0259n \u00e7oxu \u0259lav\u0259 pensiyan\u0131, ild\u0259 13-c\u00fc ayl\u0131q \u00f6d\u0259ni\u015fi d\u0259st\u0259kl\u0259yib. <\/p>\n\n\n\n<p>Gfs.bern\u201d sor\u011fu firmas\u0131ndan Lukas Qolder SRF-y\u0259 deyib: <em>&#8220;Bu add\u0131m h\u0259qiq\u0259t\u0259n d\u0259 h\u0259mkarlar ittifaq\u0131 bax\u0131m\u0131ndan b\u00f6y\u00fck bir m\u0259rh\u0259l\u0259dir&#8221;<\/em>.<\/p>\n\n\n\n<p>Haz\u0131rda sa\u011fa meyl ed\u0259n h\u00f6kum\u0259t, biznes lobbil\u0259ri v\u0259 parlament bu t\u0259klifi maliyy\u0259 c\u0259h\u0259td\u0259n \u0259sass\u0131z sayaraq r\u0259dd etmi\u015fdi. \u0130sve\u00e7r\u0259 se\u00e7icil\u0259ri ke\u00e7mi\u015fd\u0259 biznes \u00fc\u00e7\u00fcn riskli hesab edil\u0259n d\u0259st\u0259k t\u0259dbirl\u0259rin\u0259 ehtiyatl\u0131 yana\u015f\u0131rd\u0131lar. Pensiya s\u0259sverm\u0259si son onillikl\u0259rd\u0259 \u0130sve\u00e7r\u0259nin i\u015f h\u0259ft\u0259sini q\u0131saldacaq v\u0259 insanlara daha \u00e7ox t\u0259til ver\u0259c\u0259k t\u0259klifl\u0259ri a\u00e7\u0131q \u015f\u0259kild\u0259 r\u0259dd etdiyi referendumla ziddiyy\u0259t t\u0259\u015fkil edir. Varl\u0131 \u00f6lk\u0259d\u0259 ya\u015fay\u0131\u015f x\u0259rcl\u0259ri il\u0259 ba\u011fl\u0131 narahatl\u0131q geni\u015f yay\u0131l\u0131b.<\/p>\n\n\n\n<p>\u201cEconomist Intelligence Unit\u201d t\u0259r\u0259find\u0259n noyabrda d\u0259rc edil\u0259n ara\u015fd\u0131rmada \u0130sve\u00e7r\u0259nin \u0259n b\u00f6y\u00fck \u015f\u0259h\u0259ri S\u00fcrix, d\u00fcnyan\u0131n \u0259n bahal\u0131 \u015f\u0259h\u0259ri kimi Sinqapurla eyni s\u0131rada yer al\u0131b. 2026-c\u0131 ild\u0259n q\u00fcvv\u0259y\u0259 minm\u0259li olan pensiya art\u0131m\u0131n\u0131n nec\u0259 maliyy\u0259l\u0259\u015fdiril\u0259c\u0259yi b\u0259lli deyil.<\/p>\n\n\n\n<p>M\u00fcxalifl\u0259r bunun vergi art\u0131mlar\u0131na v\u0259 ya x\u0259rcl\u0259rin azald\u0131lmas\u0131na s\u0259b\u0259b ola bil\u0259c\u0259yini v\u0259 g\u0259nc isve\u00e7r\u0259lil\u0259r\u0259 t\u0259sir ed\u0259 bil\u0259c\u0259yini deyirl\u0259r. \u0130sve\u00e7r\u0259d\u0259 qocal\u0131\u011fa v\u0259 sa\u011f qalanlara g\u00f6r\u0259 (AHV) minimum pensiya ayda 1225 \u0130sve\u00e7r\u0259 frank\u0131 (1393 dollar), maksimum is\u0259 2450 frank t\u0259\u015fkil edir.<\/p>\n\n\n\n<p><\/p>\n","protected":false},"excerpt":{"rendered":"<p>75 faiz insan pensiya ya\u015f\u0131n\u0131n 65-d\u0259n 66-ya qald\u0131r\u0131lmas\u0131n\u0131 r\u0259dd edib &#8230; <\/p>\n<p class=\"read-more-container\"><a title=\"\u0130sve\u00e7r\u0259lil\u0259r pensiyalar\u0131n art\u0131r\u0131lmas\u0131na s\u0259s verib\" class=\"read-more button\" href=\"https:\/\/www.meydan.tv\/az\/article\/isvecreliler-pensiyalarin-artirilmasina-ses-verib\/#more-300394\" aria-label=\"Read more about \u0130sve\u00e7r\u0259lil\u0259r pensiyalar\u0131n art\u0131r\u0131lmas\u0131na s\u0259s verib\">Davam\u0131<\/a><\/p>\n","protected":false},"author":21,"featured_media":130561,"comment_status":"closed","ping_status":"closed","sticky":false,"template":"","format":"standard","meta":{"_acf_changed":false,"_sitemap_exclude":false,"_sitemap_priority":"","_sitemap_frequency":"","footnotes":""},"categories":[64,62,56],"tags":[],"class_list":["post-300394","post","type-post","status-publish","format-standard","has-post-thumbnail","hentry","category-dunya","category-sosial","category-xeberler","infinite-scroll-item","generate-columns","tablet-grid-50","mobile-grid-100","grid-parent","grid-33","no-featured-image-padding"],"acf":[],"yoast_head":"<!-- This site is optimized with the Yoast SEO plugin v27.5 - https:\/\/yoast.com\/product\/yoast-seo-wordpress\/ -->\n<title>\u0130sve\u00e7r\u0259lil\u0259r pensiyalar\u0131n art\u0131r\u0131lmas\u0131na s\u0259s verib - MEYDAN.TV<\/title>\n<meta name=\"robots\" content=\"index, follow, max-snippet:-1, max-image-preview:large, max-video-preview:-1\" \/>\n<link rel=\"canonical\" href=\"https:\/\/www.meydan.tv\/az\/article\/isvecreliler-pensiyalarin-artirilmasina-ses-verib\/\" \/>\n<meta property=\"og:locale\" content=\"az_AZ\" \/>\n<meta property=\"og:type\" content=\"article\" \/>\n<meta property=\"og:title\" content=\"\u0130sve\u00e7r\u0259lil\u0259r pensiyalar\u0131n art\u0131r\u0131lmas\u0131na s\u0259s verib - MEYDAN.TV\" \/>\n<meta property=\"og:description\" content=\"75 faiz insan pensiya ya\u015f\u0131n\u0131n 65-d\u0259n 66-ya qald\u0131r\u0131lmas\u0131n\u0131 r\u0259dd edib ... Davam\u0131\" \/>\n<meta property=\"og:url\" content=\"https:\/\/www.meydan.tv\/az\/article\/isvecreliler-pensiyalarin-artirilmasina-ses-verib\/\" \/>\n<meta property=\"og:site_name\" content=\"MEYDAN.TV\" \/>\n<meta property=\"article:published_time\" content=\"2024-03-04T12:50:25+00:00\" \/>\n<meta property=\"article:modified_time\" content=\"2024-03-04T15:07:27+00:00\" \/>\n<meta property=\"og:image\" content=\"https:\/\/www.meydan.tv\/wp-content\/uploads\/100200022046.jpg\" \/>\n\t<meta property=\"og:image:width\" content=\"800\" \/>\n\t<meta property=\"og:image:height\" content=\"534\" \/>\n\t<meta property=\"og:image:type\" content=\"image\/jpeg\" \/>\n<meta name=\"author\" content=\"mahmud\" \/>\n<meta name=\"twitter:card\" content=\"summary_large_image\" \/>\n<script type=\"application\/ld+json\" class=\"yoast-schema-graph\">{\"@context\":\"https:\\\/\\\/schema.org\",\"@graph\":[{\"@type\":\"Article\",\"@id\":\"https:\\\/\\\/www.meydan.tv\\\/az\\\/article\\\/isvecreliler-pensiyalarin-artirilmasina-ses-verib\\\/#article\",\"isPartOf\":{\"@id\":\"https:\\\/\\\/www.meydan.tv\\\/az\\\/article\\\/isvecreliler-pensiyalarin-artirilmasina-ses-verib\\\/\"},\"author\":{\"name\":\"mahmud\",\"@id\":\"https:\\\/\\\/www.meydan.tv\\\/az\\\/#\\\/schema\\\/person\\\/09863e516102a829e72bedcf3f84c6b0\"},\"headline\":\"\u0130sve\u00e7r\u0259lil\u0259r pensiyalar\u0131n art\u0131r\u0131lmas\u0131na s\u0259s verib\",\"datePublished\":\"2024-03-04T12:50:25+00:00\",\"dateModified\":\"2024-03-04T15:07:27+00:00\",\"mainEntityOfPage\":{\"@id\":\"https:\\\/\\\/www.meydan.tv\\\/az\\\/article\\\/isvecreliler-pensiyalarin-artirilmasina-ses-verib\\\/\"},\"wordCount\":375,\"publisher\":{\"@id\":\"https:\\\/\\\/www.meydan.tv\\\/az\\\/#organization\"},\"image\":{\"@id\":\"https:\\\/\\\/www.meydan.tv\\\/az\\\/article\\\/isvecreliler-pensiyalarin-artirilmasina-ses-verib\\\/#primaryimage\"},\"thumbnailUrl\":\"https:\\\/\\\/www.meydan.tv\\\/wp-content\\\/uploads\\\/100200022046.jpg\",\"articleSection\":[\"D\u00fcnya\",\"Sosial\",\"X\u0259b\u0259rl\u0259r\"],\"inLanguage\":\"az\"},{\"@type\":\"WebPage\",\"@id\":\"https:\\\/\\\/www.meydan.tv\\\/az\\\/article\\\/isvecreliler-pensiyalarin-artirilmasina-ses-verib\\\/\",\"url\":\"https:\\\/\\\/www.meydan.tv\\\/az\\\/article\\\/isvecreliler-pensiyalarin-artirilmasina-ses-verib\\\/\",\"name\":\"\u0130sve\u00e7r\u0259lil\u0259r pensiyalar\u0131n art\u0131r\u0131lmas\u0131na s\u0259s verib - MEYDAN.TV\",\"isPartOf\":{\"@id\":\"https:\\\/\\\/www.meydan.tv\\\/az\\\/#website\"},\"primaryImageOfPage\":{\"@id\":\"https:\\\/\\\/www.meydan.tv\\\/az\\\/article\\\/isvecreliler-pensiyalarin-artirilmasina-ses-verib\\\/#primaryimage\"},\"image\":{\"@id\":\"https:\\\/\\\/www.meydan.tv\\\/az\\\/article\\\/isvecreliler-pensiyalarin-artirilmasina-ses-verib\\\/#primaryimage\"},\"thumbnailUrl\":\"https:\\\/\\\/www.meydan.tv\\\/wp-content\\\/uploads\\\/100200022046.jpg\",\"datePublished\":\"2024-03-04T12:50:25+00:00\",\"dateModified\":\"2024-03-04T15:07:27+00:00\",\"breadcrumb\":{\"@id\":\"https:\\\/\\\/www.meydan.tv\\\/az\\\/article\\\/isvecreliler-pensiyalarin-artirilmasina-ses-verib\\\/#breadcrumb\"},\"inLanguage\":\"az\",\"potentialAction\":[{\"@type\":\"ReadAction\",\"target\":[\"https:\\\/\\\/www.meydan.tv\\\/az\\\/article\\\/isvecreliler-pensiyalarin-artirilmasina-ses-verib\\\/\"]}]},{\"@type\":\"ImageObject\",\"inLanguage\":\"az\",\"@id\":\"https:\\\/\\\/www.meydan.tv\\\/az\\\/article\\\/isvecreliler-pensiyalarin-artirilmasina-ses-verib\\\/#primaryimage\",\"url\":\"https:\\\/\\\/www.meydan.tv\\\/wp-content\\\/uploads\\\/100200022046.jpg\",\"contentUrl\":\"https:\\\/\\\/www.meydan.tv\\\/wp-content\\\/uploads\\\/100200022046.jpg\",\"width\":800,\"height\":534,\"caption\":\"Foto: Turan \u0130A\"},{\"@type\":\"BreadcrumbList\",\"@id\":\"https:\\\/\\\/www.meydan.tv\\\/az\\\/article\\\/isvecreliler-pensiyalarin-artirilmasina-ses-verib\\\/#breadcrumb\",\"itemListElement\":[{\"@type\":\"ListItem\",\"position\":1,\"name\":\"Ana s\u0259hif\u0259\",\"item\":\"https:\\\/\\\/www.meydan.tv\\\/az\\\/\"},{\"@type\":\"ListItem\",\"position\":2,\"name\":\"Sosial\",\"item\":\"https:\\\/\\\/www.meydan.tv\\\/az\\\/section\\\/sosial\\\/\"},{\"@type\":\"ListItem\",\"position\":3,\"name\":\"\u0130sve\u00e7r\u0259lil\u0259r pensiyalar\u0131n art\u0131r\u0131lmas\u0131na s\u0259s verib\"}]},{\"@type\":\"WebSite\",\"@id\":\"https:\\\/\\\/www.meydan.tv\\\/az\\\/#website\",\"url\":\"https:\\\/\\\/www.meydan.tv\\\/az\\\/\",\"name\":\"MEYDAN.TV\",\"description\":\"Meydan TV Az\u0259rbaycan\u0131n media m\u0259kan\u0131ndak\u0131 alternativ s\u0259sidir\",\"publisher\":{\"@id\":\"https:\\\/\\\/www.meydan.tv\\\/az\\\/#organization\"},\"potentialAction\":[{\"@type\":\"SearchAction\",\"target\":{\"@type\":\"EntryPoint\",\"urlTemplate\":\"https:\\\/\\\/www.meydan.tv\\\/az\\\/?s={search_term_string}\"},\"query-input\":{\"@type\":\"PropertyValueSpecification\",\"valueRequired\":true,\"valueName\":\"search_term_string\"}}],\"inLanguage\":\"az\"},{\"@type\":\"Organization\",\"@id\":\"https:\\\/\\\/www.meydan.tv\\\/az\\\/#organization\",\"name\":\"Meydan TV\",\"url\":\"https:\\\/\\\/www.meydan.tv\\\/az\\\/\",\"logo\":{\"@type\":\"ImageObject\",\"inLanguage\":\"az\",\"@id\":\"https:\\\/\\\/www.meydan.tv\\\/az\\\/#\\\/schema\\\/logo\\\/image\\\/\",\"url\":\"https:\\\/\\\/www.meydan.tv\\\/wp-content\\\/uploads\\\/2021\\\/07\\\/meydan-logo.svg\",\"contentUrl\":\"https:\\\/\\\/www.meydan.tv\\\/wp-content\\\/uploads\\\/2021\\\/07\\\/meydan-logo.svg\",\"width\":195,\"height\":46,\"caption\":\"Meydan TV\"},\"image\":{\"@id\":\"https:\\\/\\\/www.meydan.tv\\\/az\\\/#\\\/schema\\\/logo\\\/image\\\/\"}},{\"@type\":\"Person\",\"@id\":\"https:\\\/\\\/www.meydan.tv\\\/az\\\/#\\\/schema\\\/person\\\/09863e516102a829e72bedcf3f84c6b0\",\"name\":\"mahmud\"}]}<\/script>\n<!-- \/ Yoast SEO plugin. -->","yoast_head_json":{"title":"\u0130sve\u00e7r\u0259lil\u0259r pensiyalar\u0131n art\u0131r\u0131lmas\u0131na s\u0259s verib - MEYDAN.TV","robots":{"index":"index","follow":"follow","max-snippet":"max-snippet:-1","max-image-preview":"max-image-preview:large","max-video-preview":"max-video-preview:-1"},"canonical":"https:\/\/www.meydan.tv\/az\/article\/isvecreliler-pensiyalarin-artirilmasina-ses-verib\/","og_locale":"az_AZ","og_type":"article","og_title":"\u0130sve\u00e7r\u0259lil\u0259r pensiyalar\u0131n art\u0131r\u0131lmas\u0131na s\u0259s verib - MEYDAN.TV","og_description":"75 faiz insan pensiya ya\u015f\u0131n\u0131n 65-d\u0259n 66-ya qald\u0131r\u0131lmas\u0131n\u0131 r\u0259dd edib ... Davam\u0131","og_url":"https:\/\/www.meydan.tv\/az\/article\/isvecreliler-pensiyalarin-artirilmasina-ses-verib\/","og_site_name":"MEYDAN.TV","article_published_time":"2024-03-04T12:50:25+00:00","article_modified_time":"2024-03-04T15:07:27+00:00","og_image":[{"width":800,"height":534,"url":"https:\/\/www.meydan.tv\/wp-content\/uploads\/100200022046.jpg","type":"image\/jpeg"}],"author":"mahmud","twitter_card":"summary_large_image","schema":{"@context":"https:\/\/schema.org","@graph":[{"@type":"Article","@id":"https:\/\/www.meydan.tv\/az\/article\/isvecreliler-pensiyalarin-artirilmasina-ses-verib\/#article","isPartOf":{"@id":"https:\/\/www.meydan.tv\/az\/article\/isvecreliler-pensiyalarin-artirilmasina-ses-verib\/"},"author":{"name":"mahmud","@id":"https:\/\/www.meydan.tv\/az\/#\/schema\/person\/09863e516102a829e72bedcf3f84c6b0"},"headline":"\u0130sve\u00e7r\u0259lil\u0259r pensiyalar\u0131n art\u0131r\u0131lmas\u0131na s\u0259s verib","datePublished":"2024-03-04T12:50:25+00:00","dateModified":"2024-03-04T15:07:27+00:00","mainEntityOfPage":{"@id":"https:\/\/www.meydan.tv\/az\/article\/isvecreliler-pensiyalarin-artirilmasina-ses-verib\/"},"wordCount":375,"publisher":{"@id":"https:\/\/www.meydan.tv\/az\/#organization"},"image":{"@id":"https:\/\/www.meydan.tv\/az\/article\/isvecreliler-pensiyalarin-artirilmasina-ses-verib\/#primaryimage"},"thumbnailUrl":"https:\/\/www.meydan.tv\/wp-content\/uploads\/100200022046.jpg","articleSection":["D\u00fcnya","Sosial","X\u0259b\u0259rl\u0259r"],"inLanguage":"az"},{"@type":"WebPage","@id":"https:\/\/www.meydan.tv\/az\/article\/isvecreliler-pensiyalarin-artirilmasina-ses-verib\/","url":"https:\/\/www.meydan.tv\/az\/article\/isvecreliler-pensiyalarin-artirilmasina-ses-verib\/","name":"\u0130sve\u00e7r\u0259lil\u0259r pensiyalar\u0131n art\u0131r\u0131lmas\u0131na s\u0259s verib - MEYDAN.TV","isPartOf":{"@id":"https:\/\/www.meydan.tv\/az\/#website"},"primaryImageOfPage":{"@id":"https:\/\/www.meydan.tv\/az\/article\/isvecreliler-pensiyalarin-artirilmasina-ses-verib\/#primaryimage"},"image":{"@id":"https:\/\/www.meydan.tv\/az\/article\/isvecreliler-pensiyalarin-artirilmasina-ses-verib\/#primaryimage"},"thumbnailUrl":"https:\/\/www.meydan.tv\/wp-content\/uploads\/100200022046.jpg","datePublished":"2024-03-04T12:50:25+00:00","dateModified":"2024-03-04T15:07:27+00:00","breadcrumb":{"@id":"https:\/\/www.meydan.tv\/az\/article\/isvecreliler-pensiyalarin-artirilmasina-ses-verib\/#breadcrumb"},"inLanguage":"az","potentialAction":[{"@type":"ReadAction","target":["https:\/\/www.meydan.tv\/az\/article\/isvecreliler-pensiyalarin-artirilmasina-ses-verib\/"]}]},{"@type":"ImageObject","inLanguage":"az","@id":"https:\/\/www.meydan.tv\/az\/article\/isvecreliler-pensiyalarin-artirilmasina-ses-verib\/#primaryimage","url":"https:\/\/www.meydan.tv\/wp-content\/uploads\/100200022046.jpg","contentUrl":"https:\/\/www.meydan.tv\/wp-content\/uploads\/100200022046.jpg","width":800,"height":534,"caption":"Foto: Turan \u0130A"},{"@type":"BreadcrumbList","@id":"https:\/\/www.meydan.tv\/az\/article\/isvecreliler-pensiyalarin-artirilmasina-ses-verib\/#breadcrumb","itemListElement":[{"@type":"ListItem","position":1,"name":"Ana s\u0259hif\u0259","item":"https:\/\/www.meydan.tv\/az\/"},{"@type":"ListItem","position":2,"name":"Sosial","item":"https:\/\/www.meydan.tv\/az\/section\/sosial\/"},{"@type":"ListItem","position":3,"name":"\u0130sve\u00e7r\u0259lil\u0259r pensiyalar\u0131n art\u0131r\u0131lmas\u0131na s\u0259s verib"}]},{"@type":"WebSite","@id":"https:\/\/www.meydan.tv\/az\/#website","url":"https:\/\/www.meydan.tv\/az\/","name":"MEYDAN.TV","description":"Meydan TV Az\u0259rbaycan\u0131n media m\u0259kan\u0131ndak\u0131 alternativ s\u0259sidir","publisher":{"@id":"https:\/\/www.meydan.tv\/az\/#organization"},"potentialAction":[{"@type":"SearchAction","target":{"@type":"EntryPoint","urlTemplate":"https:\/\/www.meydan.tv\/az\/?s={search_term_string}"},"query-input":{"@type":"PropertyValueSpecification","valueRequired":true,"valueName":"search_term_string"}}],"inLanguage":"az"},{"@type":"Organization","@id":"https:\/\/www.meydan.tv\/az\/#organization","name":"Meydan TV","url":"https:\/\/www.meydan.tv\/az\/","logo":{"@type":"ImageObject","inLanguage":"az","@id":"https:\/\/www.meydan.tv\/az\/#\/schema\/logo\/image\/","url":"https:\/\/www.meydan.tv\/wp-content\/uploads\/2021\/07\/meydan-logo.svg","contentUrl":"https:\/\/www.meydan.tv\/wp-content\/uploads\/2021\/07\/meydan-logo.svg","width":195,"height":46,"caption":"Meydan TV"},"image":{"@id":"https:\/\/www.meydan.tv\/az\/#\/schema\/logo\/image\/"}},{"@type":"Person","@id":"https:\/\/www.meydan.tv\/az\/#\/schema\/person\/09863e516102a829e72bedcf3f84c6b0","name":"mahmud"}]}},"_links":{"self":[{"href":"https:\/\/www.meydan.tv\/az\/wp-json\/wp\/v2\/posts\/300394","targetHints":{"allow":["GET"]}}],"collection":[{"href":"https:\/\/www.meydan.tv\/az\/wp-json\/wp\/v2\/posts"}],"about":[{"href":"https:\/\/www.meydan.tv\/az\/wp-json\/wp\/v2\/types\/post"}],"author":[{"embeddable":true,"href":"https:\/\/www.meydan.tv\/az\/wp-json\/wp\/v2\/users\/21"}],"replies":[{"embeddable":true,"href":"https:\/\/www.meydan.tv\/az\/wp-json\/wp\/v2\/comments?post=300394"}],"version-history":[{"count":3,"href":"https:\/\/www.meydan.tv\/az\/wp-json\/wp\/v2\/posts\/300394\/revisions"}],"predecessor-version":[{"id":300409,"href":"https:\/\/www.meydan.tv\/az\/wp-json\/wp\/v2\/posts\/300394\/revisions\/300409"}],"wp:featuredmedia":[{"embeddable":true,"href":"https:\/\/www.meydan.tv\/az\/wp-json\/wp\/v2\/media\/130561"}],"wp:attachment":[{"href":"https:\/\/www.meydan.tv\/az\/wp-json\/wp\/v2\/media?parent=300394"}],"wp:term":[{"taxonomy":"category","embeddable":true,"href":"https:\/\/www.meydan.tv\/az\/wp-json\/wp\/v2\/categories?post=300394"},{"taxonomy":"post_tag","embeddable":true,"href":"https:\/\/www.meydan.tv\/az\/wp-json\/wp\/v2\/tags?post=300394"}],"curies":[{"name":"wp","href":"https:\/\/api.w.org\/{rel}","templated":true}]}}