{"id":300380,"date":"2024-03-04T14:42:55","date_gmt":"2024-03-04T10:42:55","guid":{"rendered":"https:\/\/www.meydan.tv\/?p=300380"},"modified":"2024-03-04T14:42:57","modified_gmt":"2024-03-04T10:42:57","slug":"itlerin-hucumuna-meruz-qalan-usagin-veziyyetinin-agir-oldugu-bildirilir","status":"publish","type":"post","link":"https:\/\/www.meydan.tv\/az\/article\/itlerin-hucumuna-meruz-qalan-usagin-veziyyetinin-agir-oldugu-bildirilir\/","title":{"rendered":"\u0130tl\u0259rin h\u00fccumuna m\u0259ruz qalan u\u015fa\u011f\u0131n v\u0259ziyy\u0259tinin a\u011f\u0131r oldu\u011fu bildirilir"},"content":{"rendered":"\n<p><\/p>\n\n\n\n<p><strong><em>T\u018fB\u0130B: \u201cAzya\u015fl\u0131da \u00e7oxsayl\u0131, m\u00fcxt\u0259lif \u00f6l\u00e7\u00fcl\u00fc di\u015fl\u0259nmi\u015f, c\u0131r\u0131lm\u0131\u015f, \u0259zilmi\u015f v\u0259 soyulmu\u015f yaralar m\u00fc\u015fahid\u0259 edilib\u201d<\/em><\/strong><\/p>\n\n\n\n<p>Mart\u0131n 3-d\u0259 Qarada\u011fda &#8211; \u201cQobu Park-3\u201d ya\u015fay\u0131\u015f kompleksinin yax\u0131nl\u0131\u011f\u0131nda 10 ya\u015fl\u0131 o\u011flan u\u015fa\u011f\u0131 itl\u0259rin h\u00fccumuna m\u0259ruz qal\u0131b. Haz\u0131rda Kliniki Tibbi M\u0259rk\u0259zin reanimasiya \u015f\u00f6b\u0259sind\u0259 olan Anar \u018fliyevin v\u0259ziyy\u0259tinin a\u011f\u0131r oldu\u011fu bildirilir.<\/p>\n\n\n\n<p>Hadis\u0259 mart\u0131n 3-d\u0259 ax\u015fam saat 17.30 rad\u0259l\u0259rind\u0259 ba\u015f verib. Tibbi \u018frazi B\u00f6lm\u0259l\u0259rini \u0130dar\u0259etm\u0259 Birliyind\u0259n (T\u018fB\u0130B) veril\u0259n m\u0259lumata g\u00f6r\u0259, hadis\u0259 il\u0259 \u0259laq\u0259dar t\u0259cili yard\u0131ma saat 17:37-d\u0259 z\u0259ng g\u0259lib.<\/p>\n\n\n\n<p><em>\u201cD\u0259rhal hadis\u0259 yerin\u0259 t\u0259cili tibbi yard\u0131m briqadas\u0131 g\u00f6nd\u0259rilib. Z\u0259r\u0259r\u00e7\u0259k\u0259n azya\u015fl\u0131 Kliniki Tibbi M\u0259rk\u0259z\u0259 hospitalizasiya olunub. Azya\u015fl\u0131da \u00e7oxsayl\u0131, m\u00fcxt\u0259lif \u00f6l\u00e7\u00fcl\u00fc di\u015fl\u0259nmi\u015f, c\u0131r\u0131lm\u0131\u015f, \u0259zilmi\u015f v\u0259 soyulmu\u015f yaralar m\u00fc\u015fahid\u0259 edilib. T\u0259cili olaraq \u0259m\u0259liyyata g\u00f6t\u00fcr\u00fcl\u00fcb, tibbi yard\u0131m g\u00f6st\u0259rilib. Reanimasiya \u015f\u00f6b\u0259sin\u0259 yerl\u0259\u015fdirilib. Haz\u0131rda v\u0259ziyy\u0259ti a\u011f\u0131r qiym\u0259tl\u0259ndirilir\u201d<\/em>, &#8211; T\u018fB\u0130B-in ictimaiyy\u0259tl\u0259 \u0259laq\u0259l\u0259r \u015f\u00f6b\u0259sinin m\u00fcdiri Elnur Hiday\u0259to\u011flu bildirib.<\/p>\n\n\n\n<p>Orta m\u0259kt\u0259bin 3-c\u00fc sinif \u015fagirdi olan Anar \u018fliyev\u0259 \u00fc\u00e7 itin h\u00fccum etdiyi ehtimal olunur.<\/p>\n\n\n\n<p>Daxili \u0130\u015fl\u0259r Nazirliyinin m\u0259tbuat xidm\u0259tind\u0259n bildirilib ki, haz\u0131rda hadis\u0259 il\u0259 ba\u011fl\u0131 ara\u015fd\u0131rma apar\u0131l\u0131r.<\/p>\n","protected":false},"excerpt":{"rendered":"<p>T\u018fB\u0130B: \u201cAzya\u015fl\u0131da \u00e7oxsayl\u0131, m\u00fcxt\u0259lif \u00f6l\u00e7\u00fcl\u00fc di\u015fl\u0259nmi\u015f, c\u0131r\u0131lm\u0131\u015f, \u0259zilmi\u015f v\u0259 soyulmu\u015f &#8230; <\/p>\n<p class=\"read-more-container\"><a title=\"\u0130tl\u0259rin h\u00fccumuna m\u0259ruz qalan u\u015fa\u011f\u0131n v\u0259ziyy\u0259tinin a\u011f\u0131r oldu\u011fu bildirilir\" class=\"read-more button\" href=\"https:\/\/www.meydan.tv\/az\/article\/itlerin-hucumuna-meruz-qalan-usagin-veziyyetinin-agir-oldugu-bildirilir\/#more-300380\" aria-label=\"Read more about \u0130tl\u0259rin h\u00fccumuna m\u0259ruz qalan u\u015fa\u011f\u0131n v\u0259ziyy\u0259tinin a\u011f\u0131r oldu\u011fu bildirilir\">Davam\u0131<\/a><\/p>\n","protected":false},"author":21,"featured_media":276506,"comment_status":"closed","ping_status":"closed","sticky":false,"template":"","format":"standard","meta":{"_acf_changed":false,"_sitemap_exclude":false,"_sitemap_priority":"","_sitemap_frequency":"","footnotes":""},"categories":[62,79,56],"tags":[],"class_list":["post-300380","post","type-post","status-publish","format-standard","has-post-thumbnail","hentry","category-sosial","category-featured","category-xeberler","infinite-scroll-item","generate-columns","tablet-grid-50","mobile-grid-100","grid-parent","grid-33","no-featured-image-padding"],"acf":[],"yoast_head":"<!-- This site is optimized with the Yoast SEO plugin v27.5 - https:\/\/yoast.com\/product\/yoast-seo-wordpress\/ -->\n<title>\u0130tl\u0259rin h\u00fccumuna m\u0259ruz qalan u\u015fa\u011f\u0131n v\u0259ziyy\u0259tinin a\u011f\u0131r oldu\u011fu bildirilir - MEYDAN.TV<\/title>\n<meta name=\"robots\" content=\"index, follow, max-snippet:-1, max-image-preview:large, max-video-preview:-1\" \/>\n<link rel=\"canonical\" href=\"https:\/\/www.meydan.tv\/az\/article\/itlerin-hucumuna-meruz-qalan-usagin-veziyyetinin-agir-oldugu-bildirilir\/\" \/>\n<meta property=\"og:locale\" content=\"az_AZ\" \/>\n<meta property=\"og:type\" content=\"article\" \/>\n<meta property=\"og:title\" content=\"\u0130tl\u0259rin h\u00fccumuna m\u0259ruz qalan u\u015fa\u011f\u0131n v\u0259ziyy\u0259tinin a\u011f\u0131r oldu\u011fu bildirilir - MEYDAN.TV\" \/>\n<meta property=\"og:description\" content=\"T\u018fB\u0130B: \u201cAzya\u015fl\u0131da \u00e7oxsayl\u0131, m\u00fcxt\u0259lif \u00f6l\u00e7\u00fcl\u00fc di\u015fl\u0259nmi\u015f, c\u0131r\u0131lm\u0131\u015f, \u0259zilmi\u015f v\u0259 soyulmu\u015f ... Davam\u0131\" \/>\n<meta property=\"og:url\" content=\"https:\/\/www.meydan.tv\/az\/article\/itlerin-hucumuna-meruz-qalan-usagin-veziyyetinin-agir-oldugu-bildirilir\/\" \/>\n<meta property=\"og:site_name\" content=\"MEYDAN.TV\" \/>\n<meta property=\"article:published_time\" content=\"2024-03-04T10:42:55+00:00\" \/>\n<meta property=\"article:modified_time\" content=\"2024-03-04T10:42:57+00:00\" \/>\n<meta property=\"og:image\" content=\"https:\/\/www.meydan.tv\/wp-content\/uploads\/333516.png\" \/>\n\t<meta property=\"og:image:width\" content=\"1200\" \/>\n\t<meta property=\"og:image:height\" content=\"814\" \/>\n\t<meta property=\"og:image:type\" content=\"image\/png\" \/>\n<meta name=\"author\" content=\"mahmud\" \/>\n<meta name=\"twitter:card\" content=\"summary_large_image\" \/>\n<script type=\"application\/ld+json\" class=\"yoast-schema-graph\">{\"@context\":\"https:\\\/\\\/schema.org\",\"@graph\":[{\"@type\":\"Article\",\"@id\":\"https:\\\/\\\/www.meydan.tv\\\/az\\\/article\\\/itlerin-hucumuna-meruz-qalan-usagin-veziyyetinin-agir-oldugu-bildirilir\\\/#article\",\"isPartOf\":{\"@id\":\"https:\\\/\\\/www.meydan.tv\\\/az\\\/article\\\/itlerin-hucumuna-meruz-qalan-usagin-veziyyetinin-agir-oldugu-bildirilir\\\/\"},\"author\":{\"name\":\"mahmud\",\"@id\":\"https:\\\/\\\/www.meydan.tv\\\/az\\\/#\\\/schema\\\/person\\\/09863e516102a829e72bedcf3f84c6b0\"},\"headline\":\"\u0130tl\u0259rin h\u00fccumuna m\u0259ruz qalan u\u015fa\u011f\u0131n v\u0259ziyy\u0259tinin a\u011f\u0131r oldu\u011fu bildirilir\",\"datePublished\":\"2024-03-04T10:42:55+00:00\",\"dateModified\":\"2024-03-04T10:42:57+00:00\",\"mainEntityOfPage\":{\"@id\":\"https:\\\/\\\/www.meydan.tv\\\/az\\\/article\\\/itlerin-hucumuna-meruz-qalan-usagin-veziyyetinin-agir-oldugu-bildirilir\\\/\"},\"wordCount\":274,\"publisher\":{\"@id\":\"https:\\\/\\\/www.meydan.tv\\\/az\\\/#organization\"},\"image\":{\"@id\":\"https:\\\/\\\/www.meydan.tv\\\/az\\\/article\\\/itlerin-hucumuna-meruz-qalan-usagin-veziyyetinin-agir-oldugu-bildirilir\\\/#primaryimage\"},\"thumbnailUrl\":\"https:\\\/\\\/www.meydan.tv\\\/wp-content\\\/uploads\\\/333516.png\",\"articleSection\":[\"Sosial\",\"T\u00f6vsiy\u0259\",\"X\u0259b\u0259rl\u0259r\"],\"inLanguage\":\"az\"},{\"@type\":\"WebPage\",\"@id\":\"https:\\\/\\\/www.meydan.tv\\\/az\\\/article\\\/itlerin-hucumuna-meruz-qalan-usagin-veziyyetinin-agir-oldugu-bildirilir\\\/\",\"url\":\"https:\\\/\\\/www.meydan.tv\\\/az\\\/article\\\/itlerin-hucumuna-meruz-qalan-usagin-veziyyetinin-agir-oldugu-bildirilir\\\/\",\"name\":\"\u0130tl\u0259rin h\u00fccumuna m\u0259ruz qalan u\u015fa\u011f\u0131n v\u0259ziyy\u0259tinin a\u011f\u0131r oldu\u011fu bildirilir - MEYDAN.TV\",\"isPartOf\":{\"@id\":\"https:\\\/\\\/www.meydan.tv\\\/az\\\/#website\"},\"primaryImageOfPage\":{\"@id\":\"https:\\\/\\\/www.meydan.tv\\\/az\\\/article\\\/itlerin-hucumuna-meruz-qalan-usagin-veziyyetinin-agir-oldugu-bildirilir\\\/#primaryimage\"},\"image\":{\"@id\":\"https:\\\/\\\/www.meydan.tv\\\/az\\\/article\\\/itlerin-hucumuna-meruz-qalan-usagin-veziyyetinin-agir-oldugu-bildirilir\\\/#primaryimage\"},\"thumbnailUrl\":\"https:\\\/\\\/www.meydan.tv\\\/wp-content\\\/uploads\\\/333516.png\",\"datePublished\":\"2024-03-04T10:42:55+00:00\",\"dateModified\":\"2024-03-04T10:42:57+00:00\",\"breadcrumb\":{\"@id\":\"https:\\\/\\\/www.meydan.tv\\\/az\\\/article\\\/itlerin-hucumuna-meruz-qalan-usagin-veziyyetinin-agir-oldugu-bildirilir\\\/#breadcrumb\"},\"inLanguage\":\"az\",\"potentialAction\":[{\"@type\":\"ReadAction\",\"target\":[\"https:\\\/\\\/www.meydan.tv\\\/az\\\/article\\\/itlerin-hucumuna-meruz-qalan-usagin-veziyyetinin-agir-oldugu-bildirilir\\\/\"]}]},{\"@type\":\"ImageObject\",\"inLanguage\":\"az\",\"@id\":\"https:\\\/\\\/www.meydan.tv\\\/az\\\/article\\\/itlerin-hucumuna-meruz-qalan-usagin-veziyyetinin-agir-oldugu-bildirilir\\\/#primaryimage\",\"url\":\"https:\\\/\\\/www.meydan.tv\\\/wp-content\\\/uploads\\\/333516.png\",\"contentUrl\":\"https:\\\/\\\/www.meydan.tv\\\/wp-content\\\/uploads\\\/333516.png\",\"width\":1200,\"height\":814,\"caption\":\"Sahibsiz itl\u0259r. Foto: modern.az\"},{\"@type\":\"BreadcrumbList\",\"@id\":\"https:\\\/\\\/www.meydan.tv\\\/az\\\/article\\\/itlerin-hucumuna-meruz-qalan-usagin-veziyyetinin-agir-oldugu-bildirilir\\\/#breadcrumb\",\"itemListElement\":[{\"@type\":\"ListItem\",\"position\":1,\"name\":\"Ana s\u0259hif\u0259\",\"item\":\"https:\\\/\\\/www.meydan.tv\\\/az\\\/\"},{\"@type\":\"ListItem\",\"position\":2,\"name\":\"Sosial\",\"item\":\"https:\\\/\\\/www.meydan.tv\\\/az\\\/section\\\/sosial\\\/\"},{\"@type\":\"ListItem\",\"position\":3,\"name\":\"\u0130tl\u0259rin h\u00fccumuna m\u0259ruz qalan u\u015fa\u011f\u0131n v\u0259ziyy\u0259tinin a\u011f\u0131r oldu\u011fu bildirilir\"}]},{\"@type\":\"WebSite\",\"@id\":\"https:\\\/\\\/www.meydan.tv\\\/az\\\/#website\",\"url\":\"https:\\\/\\\/www.meydan.tv\\\/az\\\/\",\"name\":\"MEYDAN.TV\",\"description\":\"Meydan TV Az\u0259rbaycan\u0131n media m\u0259kan\u0131ndak\u0131 alternativ s\u0259sidir\",\"publisher\":{\"@id\":\"https:\\\/\\\/www.meydan.tv\\\/az\\\/#organization\"},\"potentialAction\":[{\"@type\":\"SearchAction\",\"target\":{\"@type\":\"EntryPoint\",\"urlTemplate\":\"https:\\\/\\\/www.meydan.tv\\\/az\\\/?s={search_term_string}\"},\"query-input\":{\"@type\":\"PropertyValueSpecification\",\"valueRequired\":true,\"valueName\":\"search_term_string\"}}],\"inLanguage\":\"az\"},{\"@type\":\"Organization\",\"@id\":\"https:\\\/\\\/www.meydan.tv\\\/az\\\/#organization\",\"name\":\"Meydan TV\",\"url\":\"https:\\\/\\\/www.meydan.tv\\\/az\\\/\",\"logo\":{\"@type\":\"ImageObject\",\"inLanguage\":\"az\",\"@id\":\"https:\\\/\\\/www.meydan.tv\\\/az\\\/#\\\/schema\\\/logo\\\/image\\\/\",\"url\":\"https:\\\/\\\/www.meydan.tv\\\/wp-content\\\/uploads\\\/2021\\\/07\\\/meydan-logo.svg\",\"contentUrl\":\"https:\\\/\\\/www.meydan.tv\\\/wp-content\\\/uploads\\\/2021\\\/07\\\/meydan-logo.svg\",\"width\":195,\"height\":46,\"caption\":\"Meydan TV\"},\"image\":{\"@id\":\"https:\\\/\\\/www.meydan.tv\\\/az\\\/#\\\/schema\\\/logo\\\/image\\\/\"}},{\"@type\":\"Person\",\"@id\":\"https:\\\/\\\/www.meydan.tv\\\/az\\\/#\\\/schema\\\/person\\\/09863e516102a829e72bedcf3f84c6b0\",\"name\":\"mahmud\"}]}<\/script>\n<!-- \/ Yoast SEO plugin. -->","yoast_head_json":{"title":"\u0130tl\u0259rin h\u00fccumuna m\u0259ruz qalan u\u015fa\u011f\u0131n v\u0259ziyy\u0259tinin a\u011f\u0131r oldu\u011fu bildirilir - MEYDAN.TV","robots":{"index":"index","follow":"follow","max-snippet":"max-snippet:-1","max-image-preview":"max-image-preview:large","max-video-preview":"max-video-preview:-1"},"canonical":"https:\/\/www.meydan.tv\/az\/article\/itlerin-hucumuna-meruz-qalan-usagin-veziyyetinin-agir-oldugu-bildirilir\/","og_locale":"az_AZ","og_type":"article","og_title":"\u0130tl\u0259rin h\u00fccumuna m\u0259ruz qalan u\u015fa\u011f\u0131n v\u0259ziyy\u0259tinin a\u011f\u0131r oldu\u011fu bildirilir - MEYDAN.TV","og_description":"T\u018fB\u0130B: \u201cAzya\u015fl\u0131da \u00e7oxsayl\u0131, m\u00fcxt\u0259lif \u00f6l\u00e7\u00fcl\u00fc di\u015fl\u0259nmi\u015f, c\u0131r\u0131lm\u0131\u015f, \u0259zilmi\u015f v\u0259 soyulmu\u015f ... Davam\u0131","og_url":"https:\/\/www.meydan.tv\/az\/article\/itlerin-hucumuna-meruz-qalan-usagin-veziyyetinin-agir-oldugu-bildirilir\/","og_site_name":"MEYDAN.TV","article_published_time":"2024-03-04T10:42:55+00:00","article_modified_time":"2024-03-04T10:42:57+00:00","og_image":[{"width":1200,"height":814,"url":"https:\/\/www.meydan.tv\/wp-content\/uploads\/333516.png","type":"image\/png"}],"author":"mahmud","twitter_card":"summary_large_image","schema":{"@context":"https:\/\/schema.org","@graph":[{"@type":"Article","@id":"https:\/\/www.meydan.tv\/az\/article\/itlerin-hucumuna-meruz-qalan-usagin-veziyyetinin-agir-oldugu-bildirilir\/#article","isPartOf":{"@id":"https:\/\/www.meydan.tv\/az\/article\/itlerin-hucumuna-meruz-qalan-usagin-veziyyetinin-agir-oldugu-bildirilir\/"},"author":{"name":"mahmud","@id":"https:\/\/www.meydan.tv\/az\/#\/schema\/person\/09863e516102a829e72bedcf3f84c6b0"},"headline":"\u0130tl\u0259rin h\u00fccumuna m\u0259ruz qalan u\u015fa\u011f\u0131n v\u0259ziyy\u0259tinin a\u011f\u0131r oldu\u011fu bildirilir","datePublished":"2024-03-04T10:42:55+00:00","dateModified":"2024-03-04T10:42:57+00:00","mainEntityOfPage":{"@id":"https:\/\/www.meydan.tv\/az\/article\/itlerin-hucumuna-meruz-qalan-usagin-veziyyetinin-agir-oldugu-bildirilir\/"},"wordCount":274,"publisher":{"@id":"https:\/\/www.meydan.tv\/az\/#organization"},"image":{"@id":"https:\/\/www.meydan.tv\/az\/article\/itlerin-hucumuna-meruz-qalan-usagin-veziyyetinin-agir-oldugu-bildirilir\/#primaryimage"},"thumbnailUrl":"https:\/\/www.meydan.tv\/wp-content\/uploads\/333516.png","articleSection":["Sosial","T\u00f6vsiy\u0259","X\u0259b\u0259rl\u0259r"],"inLanguage":"az"},{"@type":"WebPage","@id":"https:\/\/www.meydan.tv\/az\/article\/itlerin-hucumuna-meruz-qalan-usagin-veziyyetinin-agir-oldugu-bildirilir\/","url":"https:\/\/www.meydan.tv\/az\/article\/itlerin-hucumuna-meruz-qalan-usagin-veziyyetinin-agir-oldugu-bildirilir\/","name":"\u0130tl\u0259rin h\u00fccumuna m\u0259ruz qalan u\u015fa\u011f\u0131n v\u0259ziyy\u0259tinin a\u011f\u0131r oldu\u011fu bildirilir - MEYDAN.TV","isPartOf":{"@id":"https:\/\/www.meydan.tv\/az\/#website"},"primaryImageOfPage":{"@id":"https:\/\/www.meydan.tv\/az\/article\/itlerin-hucumuna-meruz-qalan-usagin-veziyyetinin-agir-oldugu-bildirilir\/#primaryimage"},"image":{"@id":"https:\/\/www.meydan.tv\/az\/article\/itlerin-hucumuna-meruz-qalan-usagin-veziyyetinin-agir-oldugu-bildirilir\/#primaryimage"},"thumbnailUrl":"https:\/\/www.meydan.tv\/wp-content\/uploads\/333516.png","datePublished":"2024-03-04T10:42:55+00:00","dateModified":"2024-03-04T10:42:57+00:00","breadcrumb":{"@id":"https:\/\/www.meydan.tv\/az\/article\/itlerin-hucumuna-meruz-qalan-usagin-veziyyetinin-agir-oldugu-bildirilir\/#breadcrumb"},"inLanguage":"az","potentialAction":[{"@type":"ReadAction","target":["https:\/\/www.meydan.tv\/az\/article\/itlerin-hucumuna-meruz-qalan-usagin-veziyyetinin-agir-oldugu-bildirilir\/"]}]},{"@type":"ImageObject","inLanguage":"az","@id":"https:\/\/www.meydan.tv\/az\/article\/itlerin-hucumuna-meruz-qalan-usagin-veziyyetinin-agir-oldugu-bildirilir\/#primaryimage","url":"https:\/\/www.meydan.tv\/wp-content\/uploads\/333516.png","contentUrl":"https:\/\/www.meydan.tv\/wp-content\/uploads\/333516.png","width":1200,"height":814,"caption":"Sahibsiz itl\u0259r. Foto: modern.az"},{"@type":"BreadcrumbList","@id":"https:\/\/www.meydan.tv\/az\/article\/itlerin-hucumuna-meruz-qalan-usagin-veziyyetinin-agir-oldugu-bildirilir\/#breadcrumb","itemListElement":[{"@type":"ListItem","position":1,"name":"Ana s\u0259hif\u0259","item":"https:\/\/www.meydan.tv\/az\/"},{"@type":"ListItem","position":2,"name":"Sosial","item":"https:\/\/www.meydan.tv\/az\/section\/sosial\/"},{"@type":"ListItem","position":3,"name":"\u0130tl\u0259rin h\u00fccumuna m\u0259ruz qalan u\u015fa\u011f\u0131n v\u0259ziyy\u0259tinin a\u011f\u0131r oldu\u011fu bildirilir"}]},{"@type":"WebSite","@id":"https:\/\/www.meydan.tv\/az\/#website","url":"https:\/\/www.meydan.tv\/az\/","name":"MEYDAN.TV","description":"Meydan TV Az\u0259rbaycan\u0131n media m\u0259kan\u0131ndak\u0131 alternativ s\u0259sidir","publisher":{"@id":"https:\/\/www.meydan.tv\/az\/#organization"},"potentialAction":[{"@type":"SearchAction","target":{"@type":"EntryPoint","urlTemplate":"https:\/\/www.meydan.tv\/az\/?s={search_term_string}"},"query-input":{"@type":"PropertyValueSpecification","valueRequired":true,"valueName":"search_term_string"}}],"inLanguage":"az"},{"@type":"Organization","@id":"https:\/\/www.meydan.tv\/az\/#organization","name":"Meydan TV","url":"https:\/\/www.meydan.tv\/az\/","logo":{"@type":"ImageObject","inLanguage":"az","@id":"https:\/\/www.meydan.tv\/az\/#\/schema\/logo\/image\/","url":"https:\/\/www.meydan.tv\/wp-content\/uploads\/2021\/07\/meydan-logo.svg","contentUrl":"https:\/\/www.meydan.tv\/wp-content\/uploads\/2021\/07\/meydan-logo.svg","width":195,"height":46,"caption":"Meydan TV"},"image":{"@id":"https:\/\/www.meydan.tv\/az\/#\/schema\/logo\/image\/"}},{"@type":"Person","@id":"https:\/\/www.meydan.tv\/az\/#\/schema\/person\/09863e516102a829e72bedcf3f84c6b0","name":"mahmud"}]}},"_links":{"self":[{"href":"https:\/\/www.meydan.tv\/az\/wp-json\/wp\/v2\/posts\/300380","targetHints":{"allow":["GET"]}}],"collection":[{"href":"https:\/\/www.meydan.tv\/az\/wp-json\/wp\/v2\/posts"}],"about":[{"href":"https:\/\/www.meydan.tv\/az\/wp-json\/wp\/v2\/types\/post"}],"author":[{"embeddable":true,"href":"https:\/\/www.meydan.tv\/az\/wp-json\/wp\/v2\/users\/21"}],"replies":[{"embeddable":true,"href":"https:\/\/www.meydan.tv\/az\/wp-json\/wp\/v2\/comments?post=300380"}],"version-history":[{"count":1,"href":"https:\/\/www.meydan.tv\/az\/wp-json\/wp\/v2\/posts\/300380\/revisions"}],"predecessor-version":[{"id":300381,"href":"https:\/\/www.meydan.tv\/az\/wp-json\/wp\/v2\/posts\/300380\/revisions\/300381"}],"wp:featuredmedia":[{"embeddable":true,"href":"https:\/\/www.meydan.tv\/az\/wp-json\/wp\/v2\/media\/276506"}],"wp:attachment":[{"href":"https:\/\/www.meydan.tv\/az\/wp-json\/wp\/v2\/media?parent=300380"}],"wp:term":[{"taxonomy":"category","embeddable":true,"href":"https:\/\/www.meydan.tv\/az\/wp-json\/wp\/v2\/categories?post=300380"},{"taxonomy":"post_tag","embeddable":true,"href":"https:\/\/www.meydan.tv\/az\/wp-json\/wp\/v2\/tags?post=300380"}],"curies":[{"name":"wp","href":"https:\/\/api.w.org\/{rel}","templated":true}]}}