{"id":300378,"date":"2024-03-04T11:54:03","date_gmt":"2024-03-04T07:54:03","guid":{"rendered":"https:\/\/www.meydan.tv\/?p=300378"},"modified":"2024-03-04T11:54:06","modified_gmt":"2024-03-04T07:54:06","slug":"agdam-sakininin-minaya-dusduyu-bildirilir","status":"publish","type":"post","link":"https:\/\/www.meydan.tv\/az\/article\/agdam-sakininin-minaya-dusduyu-bildirilir\/","title":{"rendered":"A\u011fdam sakininin minaya d\u00fc\u015fd\u00fcy\u00fc bildirilir"},"content":{"rendered":"\n<p><\/p>\n\n\n\n<p><strong><em>B\u0259xtiyar Abbasov x\u0259st\u0259xanaya yerl\u0259\u015fdirilib<\/em><\/strong><\/p>\n\n\n\n<p>Mart\u0131n 3-d\u0259 A\u011fdam\u0131n \u018fhm\u0259da\u011fal\u0131 k\u0259ndi \u0259razisind\u0259 1995-ci il t\u0259v\u0259ll\u00fcdl\u00fc B\u0259xtiyar Abbasovun minaya d\u00fc\u015fd\u00fcy\u00fc bildirilir.<\/p>\n\n\n\n<p>M\u0259lumat\u0131 Minat\u0259mizl\u0259m\u0259 Agentliyi (ANAMA) <a href=\"https:\/\/turan.az\/az\/siyaset\/agdam-sakini-minaya-dusub-777998\">yay\u0131b<\/a>. <\/p>\n\n\n\n<p>Bildirilir ki, A\u011fdam sakini Abbasov B\u0259xtiyar ke\u00e7mi\u015f t\u0259mas x\u0259ttind\u0259, minalardan t\u0259mizl\u0259nm\u0259mi\u015f \u0259razid\u0259 heyvan otarark\u0259n piyada \u0259leyhin\u0259 minaya d\u00fc\u015f\u00fcb.<\/p>\n\n\n\n<p>O, partlay\u0131\u015f n\u0259tic\u0259sind\u0259 h\u0259r iki aya\u011f\u0131ndan x\u0259sar\u0259t al\u0131b v\u0259 x\u0259st\u0259xanaya yerl\u0259\u015fdirilib.<\/p>\n\n\n\n<p>Fevral\u0131n 9-da Ba\u015f Prokurorluq m\u00fcharib\u0259d\u0259n sonra minaya d\u00fc\u015f\u0259nl\u0259rl\u0259 ba\u011fl\u0131 m\u0259lumat yay\u0131b.<\/p>\n\n\n\n<p>Qurumun a\u00e7\u0131qlamas\u0131na g\u00f6r\u0259, 10 noyabr 2020-ci ild\u0259n haz\u0131rk\u0131 vaxtad\u0259k 74 n\u0259f\u0259r minaya d\u00fc\u015f\u00fcb.<\/p>\n\n\n\n<p>Onlardan 5 h\u0259rbi qulluq\u00e7u, 9 m\u00fclki \u015f\u0259xs h\u0259lak olub, 52 h\u0259rbi qulluq\u00e7u, 8 m\u00fclki \u015f\u0259xs is\u0259 m\u00fcxt\u0259lif d\u0259r\u0259c\u0259li b\u0259d\u0259n x\u0259sar\u0259tl\u0259ri al\u0131b.<\/p>\n\n\n\n<p>M\u0259lumatda qeyd olunur ki, azad olunmu\u015f \u0259razil\u0259rin minalardan t\u0259mizl\u0259nm\u0259si i\u015fi ba\u015fa \u00e7atanad\u0259k qanunsuz s\u0259f\u0259r hallar\u0131na yol vermi\u015f \u015f\u0259xsl\u0259r bar\u0259sind\u0259 qanunvericilikd\u0259 n\u0259z\u0259rd\u0259 tutulmu\u015f \u0259n ciddi t\u0259dbirl\u0259rin g\u00f6r\u00fclm\u0259si t\u0259min edil\u0259c\u0259k.<\/p>\n","protected":false},"excerpt":{"rendered":"<p>B\u0259xtiyar Abbasov x\u0259st\u0259xanaya yerl\u0259\u015fdirilib Mart\u0131n 3-d\u0259 A\u011fdam\u0131n \u018fhm\u0259da\u011fal\u0131 k\u0259ndi \u0259razisind\u0259 &#8230; <\/p>\n<p class=\"read-more-container\"><a title=\"A\u011fdam sakininin minaya d\u00fc\u015fd\u00fcy\u00fc bildirilir\" class=\"read-more button\" href=\"https:\/\/www.meydan.tv\/az\/article\/agdam-sakininin-minaya-dusduyu-bildirilir\/#more-300378\" aria-label=\"Read more about A\u011fdam sakininin minaya d\u00fc\u015fd\u00fcy\u00fc bildirilir\">Davam\u0131<\/a><\/p>\n","protected":false},"author":21,"featured_media":224877,"comment_status":"closed","ping_status":"closed","sticky":false,"template":"","format":"standard","meta":{"_acf_changed":false,"_sitemap_exclude":false,"_sitemap_priority":"","_sitemap_frequency":"","footnotes":""},"categories":[62,56],"tags":[],"class_list":["post-300378","post","type-post","status-publish","format-standard","has-post-thumbnail","hentry","category-sosial","category-xeberler","infinite-scroll-item","generate-columns","tablet-grid-50","mobile-grid-100","grid-parent","grid-33","no-featured-image-padding"],"acf":[],"yoast_head":"<!-- This site is optimized with the Yoast SEO plugin v27.5 - https:\/\/yoast.com\/product\/yoast-seo-wordpress\/ -->\n<title>A\u011fdam sakininin minaya d\u00fc\u015fd\u00fcy\u00fc bildirilir - MEYDAN.TV<\/title>\n<meta name=\"robots\" content=\"index, follow, max-snippet:-1, max-image-preview:large, max-video-preview:-1\" \/>\n<link rel=\"canonical\" href=\"https:\/\/www.meydan.tv\/az\/article\/agdam-sakininin-minaya-dusduyu-bildirilir\/\" \/>\n<meta property=\"og:locale\" content=\"az_AZ\" \/>\n<meta property=\"og:type\" content=\"article\" \/>\n<meta property=\"og:title\" content=\"A\u011fdam sakininin minaya d\u00fc\u015fd\u00fcy\u00fc bildirilir - MEYDAN.TV\" \/>\n<meta property=\"og:description\" content=\"B\u0259xtiyar Abbasov x\u0259st\u0259xanaya yerl\u0259\u015fdirilib Mart\u0131n 3-d\u0259 A\u011fdam\u0131n \u018fhm\u0259da\u011fal\u0131 k\u0259ndi \u0259razisind\u0259 ... Davam\u0131\" \/>\n<meta property=\"og:url\" content=\"https:\/\/www.meydan.tv\/az\/article\/agdam-sakininin-minaya-dusduyu-bildirilir\/\" \/>\n<meta property=\"og:site_name\" content=\"MEYDAN.TV\" \/>\n<meta property=\"article:published_time\" content=\"2024-03-04T07:54:03+00:00\" \/>\n<meta property=\"article:modified_time\" content=\"2024-03-04T07:54:06+00:00\" \/>\n<meta property=\"og:image\" content=\"https:\/\/www.meydan.tv\/wp-content\/uploads\/mina-1.jpg\" \/>\n\t<meta property=\"og:image:width\" content=\"1628\" \/>\n\t<meta property=\"og:image:height\" content=\"900\" \/>\n\t<meta property=\"og:image:type\" content=\"image\/jpeg\" \/>\n<meta name=\"author\" content=\"mahmud\" \/>\n<meta name=\"twitter:card\" content=\"summary_large_image\" \/>\n<script type=\"application\/ld+json\" class=\"yoast-schema-graph\">{\"@context\":\"https:\\\/\\\/schema.org\",\"@graph\":[{\"@type\":\"Article\",\"@id\":\"https:\\\/\\\/www.meydan.tv\\\/az\\\/article\\\/agdam-sakininin-minaya-dusduyu-bildirilir\\\/#article\",\"isPartOf\":{\"@id\":\"https:\\\/\\\/www.meydan.tv\\\/az\\\/article\\\/agdam-sakininin-minaya-dusduyu-bildirilir\\\/\"},\"author\":{\"name\":\"mahmud\",\"@id\":\"https:\\\/\\\/www.meydan.tv\\\/az\\\/#\\\/schema\\\/person\\\/09863e516102a829e72bedcf3f84c6b0\"},\"headline\":\"A\u011fdam sakininin minaya d\u00fc\u015fd\u00fcy\u00fc bildirilir\",\"datePublished\":\"2024-03-04T07:54:03+00:00\",\"dateModified\":\"2024-03-04T07:54:06+00:00\",\"mainEntityOfPage\":{\"@id\":\"https:\\\/\\\/www.meydan.tv\\\/az\\\/article\\\/agdam-sakininin-minaya-dusduyu-bildirilir\\\/\"},\"wordCount\":226,\"publisher\":{\"@id\":\"https:\\\/\\\/www.meydan.tv\\\/az\\\/#organization\"},\"image\":{\"@id\":\"https:\\\/\\\/www.meydan.tv\\\/az\\\/article\\\/agdam-sakininin-minaya-dusduyu-bildirilir\\\/#primaryimage\"},\"thumbnailUrl\":\"https:\\\/\\\/www.meydan.tv\\\/wp-content\\\/uploads\\\/mina-1.jpg\",\"articleSection\":[\"Sosial\",\"X\u0259b\u0259rl\u0259r\"],\"inLanguage\":\"az\"},{\"@type\":\"WebPage\",\"@id\":\"https:\\\/\\\/www.meydan.tv\\\/az\\\/article\\\/agdam-sakininin-minaya-dusduyu-bildirilir\\\/\",\"url\":\"https:\\\/\\\/www.meydan.tv\\\/az\\\/article\\\/agdam-sakininin-minaya-dusduyu-bildirilir\\\/\",\"name\":\"A\u011fdam sakininin minaya d\u00fc\u015fd\u00fcy\u00fc bildirilir - MEYDAN.TV\",\"isPartOf\":{\"@id\":\"https:\\\/\\\/www.meydan.tv\\\/az\\\/#website\"},\"primaryImageOfPage\":{\"@id\":\"https:\\\/\\\/www.meydan.tv\\\/az\\\/article\\\/agdam-sakininin-minaya-dusduyu-bildirilir\\\/#primaryimage\"},\"image\":{\"@id\":\"https:\\\/\\\/www.meydan.tv\\\/az\\\/article\\\/agdam-sakininin-minaya-dusduyu-bildirilir\\\/#primaryimage\"},\"thumbnailUrl\":\"https:\\\/\\\/www.meydan.tv\\\/wp-content\\\/uploads\\\/mina-1.jpg\",\"datePublished\":\"2024-03-04T07:54:03+00:00\",\"dateModified\":\"2024-03-04T07:54:06+00:00\",\"breadcrumb\":{\"@id\":\"https:\\\/\\\/www.meydan.tv\\\/az\\\/article\\\/agdam-sakininin-minaya-dusduyu-bildirilir\\\/#breadcrumb\"},\"inLanguage\":\"az\",\"potentialAction\":[{\"@type\":\"ReadAction\",\"target\":[\"https:\\\/\\\/www.meydan.tv\\\/az\\\/article\\\/agdam-sakininin-minaya-dusduyu-bildirilir\\\/\"]}]},{\"@type\":\"ImageObject\",\"inLanguage\":\"az\",\"@id\":\"https:\\\/\\\/www.meydan.tv\\\/az\\\/article\\\/agdam-sakininin-minaya-dusduyu-bildirilir\\\/#primaryimage\",\"url\":\"https:\\\/\\\/www.meydan.tv\\\/wp-content\\\/uploads\\\/mina-1.jpg\",\"contentUrl\":\"https:\\\/\\\/www.meydan.tv\\\/wp-content\\\/uploads\\\/mina-1.jpg\",\"width\":1628,\"height\":900,\"caption\":\"Foto: ANAMA\"},{\"@type\":\"BreadcrumbList\",\"@id\":\"https:\\\/\\\/www.meydan.tv\\\/az\\\/article\\\/agdam-sakininin-minaya-dusduyu-bildirilir\\\/#breadcrumb\",\"itemListElement\":[{\"@type\":\"ListItem\",\"position\":1,\"name\":\"Ana s\u0259hif\u0259\",\"item\":\"https:\\\/\\\/www.meydan.tv\\\/az\\\/\"},{\"@type\":\"ListItem\",\"position\":2,\"name\":\"Sosial\",\"item\":\"https:\\\/\\\/www.meydan.tv\\\/az\\\/section\\\/sosial\\\/\"},{\"@type\":\"ListItem\",\"position\":3,\"name\":\"A\u011fdam sakininin minaya d\u00fc\u015fd\u00fcy\u00fc bildirilir\"}]},{\"@type\":\"WebSite\",\"@id\":\"https:\\\/\\\/www.meydan.tv\\\/az\\\/#website\",\"url\":\"https:\\\/\\\/www.meydan.tv\\\/az\\\/\",\"name\":\"MEYDAN.TV\",\"description\":\"Meydan TV Az\u0259rbaycan\u0131n media m\u0259kan\u0131ndak\u0131 alternativ s\u0259sidir\",\"publisher\":{\"@id\":\"https:\\\/\\\/www.meydan.tv\\\/az\\\/#organization\"},\"potentialAction\":[{\"@type\":\"SearchAction\",\"target\":{\"@type\":\"EntryPoint\",\"urlTemplate\":\"https:\\\/\\\/www.meydan.tv\\\/az\\\/?s={search_term_string}\"},\"query-input\":{\"@type\":\"PropertyValueSpecification\",\"valueRequired\":true,\"valueName\":\"search_term_string\"}}],\"inLanguage\":\"az\"},{\"@type\":\"Organization\",\"@id\":\"https:\\\/\\\/www.meydan.tv\\\/az\\\/#organization\",\"name\":\"Meydan TV\",\"url\":\"https:\\\/\\\/www.meydan.tv\\\/az\\\/\",\"logo\":{\"@type\":\"ImageObject\",\"inLanguage\":\"az\",\"@id\":\"https:\\\/\\\/www.meydan.tv\\\/az\\\/#\\\/schema\\\/logo\\\/image\\\/\",\"url\":\"https:\\\/\\\/www.meydan.tv\\\/wp-content\\\/uploads\\\/2021\\\/07\\\/meydan-logo.svg\",\"contentUrl\":\"https:\\\/\\\/www.meydan.tv\\\/wp-content\\\/uploads\\\/2021\\\/07\\\/meydan-logo.svg\",\"width\":195,\"height\":46,\"caption\":\"Meydan TV\"},\"image\":{\"@id\":\"https:\\\/\\\/www.meydan.tv\\\/az\\\/#\\\/schema\\\/logo\\\/image\\\/\"}},{\"@type\":\"Person\",\"@id\":\"https:\\\/\\\/www.meydan.tv\\\/az\\\/#\\\/schema\\\/person\\\/09863e516102a829e72bedcf3f84c6b0\",\"name\":\"mahmud\"}]}<\/script>\n<!-- \/ Yoast SEO plugin. -->","yoast_head_json":{"title":"A\u011fdam sakininin minaya d\u00fc\u015fd\u00fcy\u00fc bildirilir - MEYDAN.TV","robots":{"index":"index","follow":"follow","max-snippet":"max-snippet:-1","max-image-preview":"max-image-preview:large","max-video-preview":"max-video-preview:-1"},"canonical":"https:\/\/www.meydan.tv\/az\/article\/agdam-sakininin-minaya-dusduyu-bildirilir\/","og_locale":"az_AZ","og_type":"article","og_title":"A\u011fdam sakininin minaya d\u00fc\u015fd\u00fcy\u00fc bildirilir - MEYDAN.TV","og_description":"B\u0259xtiyar Abbasov x\u0259st\u0259xanaya yerl\u0259\u015fdirilib Mart\u0131n 3-d\u0259 A\u011fdam\u0131n \u018fhm\u0259da\u011fal\u0131 k\u0259ndi \u0259razisind\u0259 ... Davam\u0131","og_url":"https:\/\/www.meydan.tv\/az\/article\/agdam-sakininin-minaya-dusduyu-bildirilir\/","og_site_name":"MEYDAN.TV","article_published_time":"2024-03-04T07:54:03+00:00","article_modified_time":"2024-03-04T07:54:06+00:00","og_image":[{"width":1628,"height":900,"url":"https:\/\/www.meydan.tv\/wp-content\/uploads\/mina-1.jpg","type":"image\/jpeg"}],"author":"mahmud","twitter_card":"summary_large_image","schema":{"@context":"https:\/\/schema.org","@graph":[{"@type":"Article","@id":"https:\/\/www.meydan.tv\/az\/article\/agdam-sakininin-minaya-dusduyu-bildirilir\/#article","isPartOf":{"@id":"https:\/\/www.meydan.tv\/az\/article\/agdam-sakininin-minaya-dusduyu-bildirilir\/"},"author":{"name":"mahmud","@id":"https:\/\/www.meydan.tv\/az\/#\/schema\/person\/09863e516102a829e72bedcf3f84c6b0"},"headline":"A\u011fdam sakininin minaya d\u00fc\u015fd\u00fcy\u00fc bildirilir","datePublished":"2024-03-04T07:54:03+00:00","dateModified":"2024-03-04T07:54:06+00:00","mainEntityOfPage":{"@id":"https:\/\/www.meydan.tv\/az\/article\/agdam-sakininin-minaya-dusduyu-bildirilir\/"},"wordCount":226,"publisher":{"@id":"https:\/\/www.meydan.tv\/az\/#organization"},"image":{"@id":"https:\/\/www.meydan.tv\/az\/article\/agdam-sakininin-minaya-dusduyu-bildirilir\/#primaryimage"},"thumbnailUrl":"https:\/\/www.meydan.tv\/wp-content\/uploads\/mina-1.jpg","articleSection":["Sosial","X\u0259b\u0259rl\u0259r"],"inLanguage":"az"},{"@type":"WebPage","@id":"https:\/\/www.meydan.tv\/az\/article\/agdam-sakininin-minaya-dusduyu-bildirilir\/","url":"https:\/\/www.meydan.tv\/az\/article\/agdam-sakininin-minaya-dusduyu-bildirilir\/","name":"A\u011fdam sakininin minaya d\u00fc\u015fd\u00fcy\u00fc bildirilir - MEYDAN.TV","isPartOf":{"@id":"https:\/\/www.meydan.tv\/az\/#website"},"primaryImageOfPage":{"@id":"https:\/\/www.meydan.tv\/az\/article\/agdam-sakininin-minaya-dusduyu-bildirilir\/#primaryimage"},"image":{"@id":"https:\/\/www.meydan.tv\/az\/article\/agdam-sakininin-minaya-dusduyu-bildirilir\/#primaryimage"},"thumbnailUrl":"https:\/\/www.meydan.tv\/wp-content\/uploads\/mina-1.jpg","datePublished":"2024-03-04T07:54:03+00:00","dateModified":"2024-03-04T07:54:06+00:00","breadcrumb":{"@id":"https:\/\/www.meydan.tv\/az\/article\/agdam-sakininin-minaya-dusduyu-bildirilir\/#breadcrumb"},"inLanguage":"az","potentialAction":[{"@type":"ReadAction","target":["https:\/\/www.meydan.tv\/az\/article\/agdam-sakininin-minaya-dusduyu-bildirilir\/"]}]},{"@type":"ImageObject","inLanguage":"az","@id":"https:\/\/www.meydan.tv\/az\/article\/agdam-sakininin-minaya-dusduyu-bildirilir\/#primaryimage","url":"https:\/\/www.meydan.tv\/wp-content\/uploads\/mina-1.jpg","contentUrl":"https:\/\/www.meydan.tv\/wp-content\/uploads\/mina-1.jpg","width":1628,"height":900,"caption":"Foto: ANAMA"},{"@type":"BreadcrumbList","@id":"https:\/\/www.meydan.tv\/az\/article\/agdam-sakininin-minaya-dusduyu-bildirilir\/#breadcrumb","itemListElement":[{"@type":"ListItem","position":1,"name":"Ana s\u0259hif\u0259","item":"https:\/\/www.meydan.tv\/az\/"},{"@type":"ListItem","position":2,"name":"Sosial","item":"https:\/\/www.meydan.tv\/az\/section\/sosial\/"},{"@type":"ListItem","position":3,"name":"A\u011fdam sakininin minaya d\u00fc\u015fd\u00fcy\u00fc bildirilir"}]},{"@type":"WebSite","@id":"https:\/\/www.meydan.tv\/az\/#website","url":"https:\/\/www.meydan.tv\/az\/","name":"MEYDAN.TV","description":"Meydan TV Az\u0259rbaycan\u0131n media m\u0259kan\u0131ndak\u0131 alternativ s\u0259sidir","publisher":{"@id":"https:\/\/www.meydan.tv\/az\/#organization"},"potentialAction":[{"@type":"SearchAction","target":{"@type":"EntryPoint","urlTemplate":"https:\/\/www.meydan.tv\/az\/?s={search_term_string}"},"query-input":{"@type":"PropertyValueSpecification","valueRequired":true,"valueName":"search_term_string"}}],"inLanguage":"az"},{"@type":"Organization","@id":"https:\/\/www.meydan.tv\/az\/#organization","name":"Meydan TV","url":"https:\/\/www.meydan.tv\/az\/","logo":{"@type":"ImageObject","inLanguage":"az","@id":"https:\/\/www.meydan.tv\/az\/#\/schema\/logo\/image\/","url":"https:\/\/www.meydan.tv\/wp-content\/uploads\/2021\/07\/meydan-logo.svg","contentUrl":"https:\/\/www.meydan.tv\/wp-content\/uploads\/2021\/07\/meydan-logo.svg","width":195,"height":46,"caption":"Meydan TV"},"image":{"@id":"https:\/\/www.meydan.tv\/az\/#\/schema\/logo\/image\/"}},{"@type":"Person","@id":"https:\/\/www.meydan.tv\/az\/#\/schema\/person\/09863e516102a829e72bedcf3f84c6b0","name":"mahmud"}]}},"_links":{"self":[{"href":"https:\/\/www.meydan.tv\/az\/wp-json\/wp\/v2\/posts\/300378","targetHints":{"allow":["GET"]}}],"collection":[{"href":"https:\/\/www.meydan.tv\/az\/wp-json\/wp\/v2\/posts"}],"about":[{"href":"https:\/\/www.meydan.tv\/az\/wp-json\/wp\/v2\/types\/post"}],"author":[{"embeddable":true,"href":"https:\/\/www.meydan.tv\/az\/wp-json\/wp\/v2\/users\/21"}],"replies":[{"embeddable":true,"href":"https:\/\/www.meydan.tv\/az\/wp-json\/wp\/v2\/comments?post=300378"}],"version-history":[{"count":1,"href":"https:\/\/www.meydan.tv\/az\/wp-json\/wp\/v2\/posts\/300378\/revisions"}],"predecessor-version":[{"id":300379,"href":"https:\/\/www.meydan.tv\/az\/wp-json\/wp\/v2\/posts\/300378\/revisions\/300379"}],"wp:featuredmedia":[{"embeddable":true,"href":"https:\/\/www.meydan.tv\/az\/wp-json\/wp\/v2\/media\/224877"}],"wp:attachment":[{"href":"https:\/\/www.meydan.tv\/az\/wp-json\/wp\/v2\/media?parent=300378"}],"wp:term":[{"taxonomy":"category","embeddable":true,"href":"https:\/\/www.meydan.tv\/az\/wp-json\/wp\/v2\/categories?post=300378"},{"taxonomy":"post_tag","embeddable":true,"href":"https:\/\/www.meydan.tv\/az\/wp-json\/wp\/v2\/tags?post=300378"}],"curies":[{"name":"wp","href":"https:\/\/api.w.org\/{rel}","templated":true}]}}