{"id":300367,"date":"2024-03-02T15:16:39","date_gmt":"2024-03-02T11:16:39","guid":{"rendered":"https:\/\/www.meydan.tv\/?p=300367"},"modified":"2024-03-02T15:16:42","modified_gmt":"2024-03-02T11:16:42","slug":"fazil-mustafani-gulleleyen-sexs-birinci-defe-yaninda-usaq-vardi-ona-gore-vurmadim","status":"publish","type":"post","link":"https:\/\/www.meydan.tv\/az\/article\/fazil-mustafani-gulleleyen-sexs-birinci-defe-yaninda-usaq-vardi-ona-gore-vurmadim\/","title":{"rendered":"Fazil Mustafan\u0131 g\u00fcll\u0259l\u0259y\u0259n \u015f\u0259xs: \u201cBirinci d\u0259f\u0259 yan\u0131nda u\u015faq vard\u0131, ona g\u00f6r\u0259 vurmad\u0131m\u201d"},"content":{"rendered":"\n<p><\/p>\n\n\n\n<p><strong><em>\u201cBu adam a\u00e7\u0131q-a\u015fkar dini qar\u015f\u0131durma yarad\u0131rd\u0131, he\u00e7 kim d\u0259 qaba\u011f\u0131n\u0131 alm\u0131rd\u0131\u201d<\/em><\/strong><\/p>\n\n\n\n<p>Deputat Fazil Mustafaya qar\u015f\u0131 sui-q\u0259sdd\u0259 ittiham olunan 5 n\u0259f\u0259rin &#8211; Az\u0259r S\u0259ricanov, S\u0259buhi \u015eirinov, Emin \u018fliyarov, El\u015fad \u018fsg\u0259rov v\u0259 R\u0259\u015fad \u018fhm\u0259dovun i\u015fi \u00fczr\u0259 n\u00f6vb\u0259ti m\u0259hk\u0259m\u0259 iclas\u0131 ke\u00e7irilib. Onlar\u0131n i\u015fin\u0259 Bak\u0131 A\u011f\u0131r Cinay\u0259tl\u0259r M\u0259hk\u0259m\u0259sind\u0259 bax\u0131l\u0131r. Bu cinay\u0259t i\u015finin m\u0259hk\u0259m\u0259 ara\u015fd\u0131rmas\u0131 Elnur Nuriyevin s\u0259drliyil\u0259, Kamran Muxtarov v\u0259 Az\u0259r Ta\u011f\u0131yevd\u0259n ibar\u0259t hakiml\u0259r kollegiyas\u0131na h\u0259val\u0259 olunub.<\/p>\n\n\n\n<p>T\u0259qsirl\u0259ndiril\u0259n \u015f\u0259xsl\u0259rd\u0259n Az\u0259r S\u0259ricanov v\u0259 R\u0259\u015fad \u018fhm\u0259dov \u00f6t\u0259n m\u0259hk\u0259m\u0259 iclaslar\u0131nda dindirilmi\u015fdil\u0259r. Qalan 3 n\u0259f\u0259r is\u0259 bu d\u0259f\u0259 ifad\u0259 verib.<\/p>\n\n\n\n<p><strong>\u201c\u0130nsanlar\u0131n \u201cq\u0131rm\u0131z\u0131 x\u0259tt\u201dini ke\u00e7m\u0259k olmaz\u201d<\/strong><\/p>\n\n\n\n<p>S\u0259buhi \u015eirinov ifad\u0259sind\u0259 etiraf edib ki, Fazil Mustafaya \u00f6z\u00fc at\u0259\u015f a\u00e7\u0131b, lakin ne\u00e7\u0259 g\u00fcll\u0259 atd\u0131\u011f\u0131n\u0131 bilm\u0259yib. Sonradan \u00f6yr\u0259nib ki, hadis\u0259 vaxt\u0131 7 d\u0259f\u0259 at\u0259\u015f a\u00e7\u0131l\u0131b. Onun ikisi deputata d\u0259yib.<\/p>\n\n\n\n<p>O bildirib ki, Fazil Mustafan\u0131 \u00f6ld\u00fcrm\u0259k niyy\u0259ti yox idi, bu s\u0259b\u0259bd\u0259n onu \u00e7iynind\u0259n v\u0259 bud nahiy\u0259sind\u0259n vurub. S\u0259buhi \u015eirinovun s\u00f6zl\u0259rin\u0259 g\u00f6r\u0259, o, pe\u015f\u0259kar h\u0259rb\u00e7i olub, x\u00fcsusi t\u0259yinatl\u0131 q\u00fcvv\u0259l\u0259rd\u0259 xidm\u0259t edib, h\u0259d\u0259fi vurma\u011f\u0131 bacar\u0131rd\u0131:<\/p>\n\n\n\n<p><em>\u00a0\u201c\u00d6ld\u00fcrm\u0259k ist\u0259s\u0259ydim, aln\u0131ndan vurard\u0131m. Ya da yax\u0131na g\u0259lib, g\u00fcll\u0259l\u0259rin ham\u0131s\u0131n\u0131 qarn\u0131na doldurard\u0131m. H\u0259tta \u0259vv\u0259l he\u00e7 g\u00fcll\u0259 il\u0259 vurmaq fikrim yox idi. El\u0259 b\u00f6yr\u00fcnd\u0259n bir b\u0131\u00e7aq vurub dem\u0259k ist\u0259yirdim ki, dilini dinc qoysun. Bunu el\u0259m\u0259k \u00fc\u00e7\u00fcn birinci d\u0259f\u0259 ged\u0259nd\u0259 yan\u0131nda u\u015faq vard\u0131, ona g\u00f6r\u0259 h\u0259min vaxt vurmad\u0131m\u201d<\/em>.<\/p>\n\n\n\n<p>Bu \u0259m\u0259li t\u00f6r\u0259tm\u0259sinin s\u0259b\u0259bl\u0259rin\u0259 g\u0259linc\u0259, S\u0259buhi \u015eirinov ifad\u0259sind\u0259 bildirib ki, Fazil Mustafa dinl\u0259 ba\u011fl\u0131 s\u0259sl\u0259ndirdiyi fikirl\u0259rl\u0259 insanlar\u0131n hissl\u0259rin\u0259 toxunur, \u015fi\u0259l\u0259ri t\u0259hqir edirdi: <\/p>\n\n\n\n<p><em>\u201c\u015eah \u0130smay\u0131l X\u0259taini, M\u0259h\u0259mm\u0259d F\u00fczulini bel\u0259 a\u015fa\u011f\u0131lam\u0131\u015fd\u0131, onlar\u0131 \u201ccahil\u201d adland\u0131rm\u0131\u015fd\u0131. Yaxud da deyirdi ki, \u201cA\u015fura g\u00fcn\u00fcnd\u0259 u\u015fa\u015f\u0131rlar, ki\u015fi a\u011flamaz. Ba\u015fa d\u00fc\u015fm\u00fcr ki, h\u0259r k\u0259s a\u011flaya bil\u0259r. Bu adam a\u00e7\u0131q-a\u015fkar dini qar\u015f\u0131durma yarad\u0131rd\u0131. He\u00e7 kim d\u0259 qaba\u011f\u0131n\u0131 alm\u0131rd\u0131. G\u00f6rm\u00fcrd\u00fcl\u0259r onun el\u0259dikl\u0259rini?&#8221;<\/em>.<\/p>\n\n\n\n<p>O xat\u0131rlad\u0131b ki, vaxtil\u0259 G\u0259nc\u0259nin ke\u00e7mi\u015f icra ba\u015f\u00e7\u0131s\u0131 Elmar V\u0259liyev d\u0259 insanlar\u0131n dini inanc\u0131na toxunurdu, t\u0259hqir edirdi. Bu s\u0259b\u0259bd\u0259n Yunis S\u0259f\u0259rov onu c\u0259zaland\u0131rd\u0131:<\/p>\n\n\n\n<p><em>\u00a0\u201c\u0130nsanlar\u0131n \u201cq\u0131rm\u0131z\u0131 x\u0259tt\u201di var, onu ke\u00e7m\u0259k olmaz\u201d.<\/em><\/p>\n\n\n\n<p>S\u0259buhi \u015eirinov deyib ki, hadis\u0259ni t\u00f6r\u0259tdiyi silah\u0131 t\u0259qsirl\u0259ndiril\u0259n Az\u0259r S\u0259ricanovdan alm\u0131\u015fd\u0131. Hadis\u0259d\u0259n sonra \u00f6z evin\u0259 g\u0259ls\u0259 d\u0259, sonradan silah\u0131 Az\u0259r S\u0259ricanova qaytar\u0131b. Lakin o, bu cinay\u0259t\u0259 g\u00f6r\u0259 Az\u0259r S\u0259ricanovdan pul almas\u0131 bar\u0259d\u0259 ittiham\u0131 q\u0259bul etm\u0259yib. S\u0259buhi \u015eirinovun s\u00f6zl\u0259rin\u0259 g\u00f6r\u0259, ondan pulu evini t\u0259mir el\u0259m\u0259k \u00fc\u00e7\u00fcn borc alm\u0131\u015fd\u0131.<\/p>\n\n\n\n<p>S\u0259buhi \u015eirinov \u0259lav\u0259 edib ki, onu \u201cS\u0259d\u0259r\u0259k\u201d Ticar\u0259t M\u0259rk\u0259zinin yax\u0131nl\u0131\u011f\u0131nda \u2013 Az\u0259r S\u0259ricanovla birlikd\u0259 olduqlar\u0131 vaxt tutublar. \u018fvv\u0259l Qarada\u011f Rayon Polis \u0130dar\u0259sin\u0259 g\u0259tirilibl\u0259r. Onun s\u00f6zl\u0259rin\u0259 g\u00f6r\u0259, polis idar\u0259sind\u0259 a\u011f\u0131r i\u015fg\u0259nc\u0259l\u0259r verilib:<\/p>\n\n\n\n<p><em>\u201cXocal\u0131da adamlar\u0131 \u00f6ld\u00fcrm\u00fc\u015fd\u00fcl\u0259r. Bunlar burada bizi \u00f6ld\u00fcrm\u0259dil\u0259r, amma olmaz\u0131n i\u015fg\u0259nc\u0259l\u0259r verdil\u0259r\u201d<\/em>.<\/p>\n\n\n\n<p><strong>\u201cB\u0131\u00e7aq s\u00fcm\u00fcy\u0259 dir\u0259nmi\u015fdi\u201d<\/strong><\/p>\n\n\n\n<p>T\u0259qsirl\u0259ndiril\u0259n \u015f\u0259xsl\u0259rd\u0259n Emin \u018fliyarov \u0259vv\u0259ll\u0259r h\u00fcquq-m\u00fchafiz\u0259 orqanlar\u0131nda i\u015fl\u0259yib, polkovnik-leytenant r\u00fctb\u0259sind\u0259 xidm\u0259t edib. Ona qar\u015f\u0131 yaln\u0131z qanunsuz silah saxlama ittiham\u0131 ir\u0259li s\u00fcr\u00fcl\u00fcb.<\/p>\n\n\n\n<p>O, ifad\u0259sind\u0259 bildirib ki, Fazil Mustafaya qar\u015f\u0131 sui-q\u0259sd haz\u0131rlanmas\u0131ndan, bu plan\u0131n h\u0259yata ke\u00e7irilm\u0259sind\u0259n q\u0259tiyy\u0259n x\u0259b\u0259ri olmay\u0131b. Onun s\u00f6zl\u0259rin\u0259 g\u00f6r\u0259, t\u0259qsirl\u0259ndiril\u0259n Az\u0259r S\u0259ricanovla 20 ildir tan\u0131\u015fd\u0131lar. Hadis\u0259d\u0259n iki g\u00fcn sonra Az\u0259r S\u0259ricanov onlara g\u0259lib, \u0259lind\u0259 d\u0259 bir \u00e7anta g\u0259tirib: <\/p>\n\n\n\n<p><em>\u201c\u0130\u00e7ind\u0259 n\u0259 oldu\u011funu m\u0259n\u0259 dem\u0259di. G\u00f6rd\u00fcm ki, narahatd\u0131r, s\u0259b\u0259bini soru\u015fdum. Dedi ki, \u201cFazil Mustafa m\u0259s\u0259l\u0259si bizlikdi\u201d<\/em>.<\/p>\n\n\n\n<p>Emin \u018fliyarovun s\u00f6zl\u0259rin\u0259 g\u00f6r\u0259, Az\u0259r S\u0259ricanovun onlara g\u0259tirib qoydu\u011fu \u00e7antada cinay\u0259td\u0259 istifad\u0259 edilmi\u015f silah\u0131n oldu\u011funu bilm\u0259yib. \u00c7\u00fcnki \u00e7antan\u0131n i\u00e7in\u0259 baxmam\u0131\u015fd\u0131. Polisl\u0259r onun evin\u0259 g\u0259l\u0259nd\u0259 bunu \u00f6yr\u0259nib.<\/p>\n\n\n\n<p>T\u0259qsirl\u0259ndiril\u0259n El\u015fad \u018fsg\u0259rov da m\u0259hk\u0259m\u0259d\u0259 ifad\u0259 verib. O t\u0259sdiql\u0259yib ki, Fazil Mustafan\u0131n evinin yerini m\u00fc\u0259yy\u0259nl\u0259\u015fdirib. Hadis\u0259 g\u00fcn\u00fc S\u0259buhi \u015eirinovu ora \u00f6z\u00fc apar\u0131b v\u0259 sonra da ma\u015f\u0131nla evin\u0259 qaytar\u0131b. Onun s\u00f6zl\u0259rin\u0259 g\u00f6r\u0259, Fazil Mustafa dini m\u00f6vzuda \u00e7\u0131x\u0131\u015flar\u0131 il\u0259 onlar\u0131 bu add\u0131m\u0131 atma\u011fa vadar edib:<\/p>\n\n\n\n<p><em> \u201cM\u0259n \u00f6z\u00fcm sakit t\u0259bi\u0259tli adamam. \u018fg\u0259r bu i\u015f\u0259 qol qoymu\u015famsa, dem\u0259li, b\u0131\u00e7aq s\u00fcm\u00fcy\u0259 dir\u0259nmi\u015fdi\u201d<\/em>.<\/p>\n\n\n\n<p>\u018fvv\u0259ll\u0259r \u015firk\u0259td\u0259 v\u0259 ba\u015fqa i\u015fl\u0259rd\u0259 \u00e7al\u0131\u015fd\u0131\u011f\u0131n\u0131, son vaxtlar is\u0259 taksi s\u00fcr\u00fcc\u00fcs\u00fc kimi f\u0259aliyy\u0259t g\u00f6st\u0259rdiyini dey\u0259n El\u015fad \u018fsg\u0259rovun s\u00f6zl\u0259rin\u0259 g\u00f6r\u0259, \u0130rana 8 d\u0259f\u0259 gedib-g\u0259lm\u0259sini bu m\u0259s\u0259l\u0259d\u0259 ona qar\u015f\u0131 \u0259ks arqument kimi istifad\u0259 etm\u0259y\u0259 \u00e7al\u0131\u015f\u0131rlar:<\/p>\n\n\n\n<p><em>\u201cEl\u0259dirs\u0259, m\u0259n be\u015f d\u0259f\u0259 d\u0259 Rusiyaya getmi\u015f\u0259m. Yaz\u0131blar ki, guya Fazil Mustafan\u0131n siyasi f\u0259aliyy\u0259tin\u0259 son qoymaq ist\u0259mi\u015f\u0259m. Bu ittiham m\u0259n\u0259 aid deyil ax\u0131. Anlay\u0131ram ki, c\u0259za verilm\u0259lidir. Amma n\u0259yi niy\u0259 el\u0259mi\u015f\u0259ms\u0259, ona g\u00f6r\u0259 c\u0259za olmal\u0131d\u0131r\u201d<\/em>.<\/p>\n\n\n\n<p>El\u015fad \u018fsg\u0259rov ifad\u0259sind\u0259 bildirib ki, S\u0259buhi \u015eirinovla da taksid\u0259 tan\u0131\u015f olub. S\u00f6hb\u0259t \u0259snas\u0131nda Fazil Mustafan\u0131n s\u0259sl\u0259ndirdiyi fikirl\u0259r bar\u0259d\u0259 dan\u0131\u015f\u0131blar. M\u0259lum olub ki, onunla ba\u011fl\u0131 eyni fikird\u0259dil\u0259r.<\/p>\n\n\n\n<p><strong>\u201cFazil Mustafa m\u0259hk\u0259m\u0259y\u0259 g\u0259lsin\u201d<\/strong><\/p>\n\n\n\n<p>T\u0259qsirl\u0259ndiril\u0259n \u015f\u0259xsl\u0259rin dindirilm\u0259si yekunla\u015f\u0131b. Hakim bildirib ki, n\u00f6vb\u0259ti m\u0259hk\u0259m\u0259 iclas\u0131nda \u015fahidl\u0259r dindiril\u0259c\u0259k. Lakin v\u0259kill\u0259r buna etiraz edibl\u0259r. Onlar bildirib ki, \u015fahidl\u0259rd\u0259n \u0259vv\u0259l z\u0259r\u0259r\u00e7\u0259kmi\u015f dindirilm\u0259lidir. Onlar Fazil Mustafan\u0131n m\u0259hk\u0259m\u0259y\u0259 m\u0259cburi g\u0259tirilm\u0259sini t\u0259l\u0259b edibl\u0259r.<\/p>\n\n\n\n<p>Hakim Elnur Nuriyev bildirib ki, h\u0259r m\u0259hk\u0259m\u0259 iclas\u0131n\u0131n vaxt\u0131 bar\u0259d\u0259 z\u0259r\u0259r\u00e7\u0259kmi\u015f\u0259 SMS vasit\u0259sil\u0259 bildiri\u015f g\u00f6nd\u0259rilir. Yen\u0259 d\u0259 g\u00f6nd\u0259ril\u0259c\u0259k. \u018fg\u0259r g\u0259lm\u0259s\u0259, onun m\u0259hk\u0259m\u0259y\u0259 m\u0259cburi g\u0259tirilm\u0259si m\u0259s\u0259l\u0259si m\u00fczakir\u0259 oluna bil\u0259r.<\/p>\n\n\n\n<p>M\u0259hk\u0259m\u0259 prosesi mart\u0131n 15-d\u0259 davam ed\u0259c\u0259k.<\/p>\n\n\n\n<p>T\u0259qsirl\u0259ndiril\u0259n \u015f\u0259xsl\u0259r\u0259 qar\u015f\u0131 Cinay\u0259t M\u0259c\u0259ll\u0259sinin 214-1 (terroru maliyy\u0259l\u0259\u015fdirm\u0259), 228 (qanunsuz olaraq odlu silah \u0259ld\u0259 etm\u0259, saxlama, g\u0259zdirm\u0259), 274 (d\u00f6vl\u0259t\u0259 x\u0259yan\u0259t), 277 (d\u00f6vl\u0259t xadimi, ictimai xadimin xidm\u0259ti v\u0259 ya siyasi f\u0259aliyy\u0259tin\u0259 son qoymaq, f\u0259aliyy\u0259tin\u0259 g\u00f6r\u0259 qisas almaq m\u0259qs\u0259dil\u0259 h\u0259yat\u0131na sui-q\u0259sd etm\u0259k) madd\u0259l\u0259ril\u0259 ittiham ir\u0259li s\u00fcr\u00fcl\u00fcb.<\/p>\n\n\n\n<p>\u0130ttihama \u0259sas\u0259n, deputata qar\u015f\u0131 sui-q\u0259sd plan\u0131 \u0130randa m\u00fczakir\u0259 olunub. Daha sonra bu plan\u0131n icras\u0131 \u00fc\u00e7\u00fcn Bak\u0131ya 30 min dollar pul g\u00f6nd\u0259rilib. H\u0259min v\u0259saiti t\u0259qsirl\u0259ndiril\u0259n \u015f\u0259xsl\u0259rd\u0259n R\u0259\u015fad \u018fhm\u0259dov g\u0259tirib Az\u0259r S\u0259ricanova verib. Hadis\u0259d\u0259n sonra bu puldan da S\u0259buhi \u015eirinova verilib.<\/p>\n\n\n\n<p>Fazil Mustafaya qar\u015f\u0131 silahl\u0131 h\u00fccum mart\u0131n 28-d\u0259 saat 21:51-d\u0259 onun ya\u015fad\u0131\u011f\u0131 evin qar\u015f\u0131s\u0131nda &#8211; Sabun\u00e7u rayonu, Zabrat-1 q\u0259s\u0259b\u0259si, Bab\u0259k k\u00fc\u00e7\u0259si ev 2 \u201cZ\u201d \u00fcnvan\u0131nda ba\u015f verib. O, bud v\u0259 \u00e7iyin nahiy\u0259sind\u0259n x\u0259sar\u0259t al\u0131b.<\/p>\n","protected":false},"excerpt":{"rendered":"<p>\u201cBu adam a\u00e7\u0131q-a\u015fkar dini qar\u015f\u0131durma yarad\u0131rd\u0131, he\u00e7 kim d\u0259 qaba\u011f\u0131n\u0131 &#8230; <\/p>\n<p class=\"read-more-container\"><a title=\"Fazil Mustafan\u0131 g\u00fcll\u0259l\u0259y\u0259n \u015f\u0259xs: \u201cBirinci d\u0259f\u0259 yan\u0131nda u\u015faq vard\u0131, ona g\u00f6r\u0259 vurmad\u0131m\u201d\" class=\"read-more button\" href=\"https:\/\/www.meydan.tv\/az\/article\/fazil-mustafani-gulleleyen-sexs-birinci-defe-yaninda-usaq-vardi-ona-gore-vurmadim\/#more-300367\" aria-label=\"Read more about Fazil Mustafan\u0131 g\u00fcll\u0259l\u0259y\u0259n \u015f\u0259xs: \u201cBirinci d\u0259f\u0259 yan\u0131nda u\u015faq vard\u0131, ona g\u00f6r\u0259 vurmad\u0131m\u201d\">Davam\u0131<\/a><\/p>\n","protected":false},"author":21,"featured_media":210852,"comment_status":"closed","ping_status":"closed","sticky":false,"template":"","format":"standard","meta":{"_acf_changed":false,"_sitemap_exclude":false,"_sitemap_priority":"","_sitemap_frequency":"","footnotes":""},"categories":[62,79,56],"tags":[],"class_list":["post-300367","post","type-post","status-publish","format-standard","has-post-thumbnail","hentry","category-sosial","category-featured","category-xeberler","infinite-scroll-item","generate-columns","tablet-grid-50","mobile-grid-100","grid-parent","grid-33","no-featured-image-padding"],"acf":[],"yoast_head":"<!-- This site is optimized with the Yoast SEO plugin v27.5 - https:\/\/yoast.com\/product\/yoast-seo-wordpress\/ -->\n<title>Fazil Mustafan\u0131 g\u00fcll\u0259l\u0259y\u0259n \u015f\u0259xs: \u201cBirinci d\u0259f\u0259 yan\u0131nda u\u015faq vard\u0131, ona g\u00f6r\u0259 vurmad\u0131m\u201d - MEYDAN.TV<\/title>\n<meta name=\"robots\" content=\"index, follow, max-snippet:-1, max-image-preview:large, max-video-preview:-1\" \/>\n<link rel=\"canonical\" href=\"https:\/\/www.meydan.tv\/az\/article\/fazil-mustafani-gulleleyen-sexs-birinci-defe-yaninda-usaq-vardi-ona-gore-vurmadim\/\" \/>\n<meta property=\"og:locale\" content=\"az_AZ\" \/>\n<meta property=\"og:type\" content=\"article\" \/>\n<meta property=\"og:title\" content=\"Fazil Mustafan\u0131 g\u00fcll\u0259l\u0259y\u0259n \u015f\u0259xs: \u201cBirinci d\u0259f\u0259 yan\u0131nda u\u015faq vard\u0131, ona g\u00f6r\u0259 vurmad\u0131m\u201d - MEYDAN.TV\" \/>\n<meta property=\"og:description\" content=\"\u201cBu adam a\u00e7\u0131q-a\u015fkar dini qar\u015f\u0131durma yarad\u0131rd\u0131, he\u00e7 kim d\u0259 qaba\u011f\u0131n\u0131 ... Davam\u0131\" \/>\n<meta property=\"og:url\" content=\"https:\/\/www.meydan.tv\/az\/article\/fazil-mustafani-gulleleyen-sexs-birinci-defe-yaninda-usaq-vardi-ona-gore-vurmadim\/\" \/>\n<meta property=\"og:site_name\" content=\"MEYDAN.TV\" \/>\n<meta property=\"article:published_time\" content=\"2024-03-02T11:16:39+00:00\" \/>\n<meta property=\"article:modified_time\" content=\"2024-03-02T11:16:42+00:00\" \/>\n<meta property=\"og:image\" content=\"https:\/\/www.meydan.tv\/wp-content\/uploads\/mehkeme19_wxnshvn-scaled.jpg\" \/>\n\t<meta property=\"og:image:width\" content=\"2560\" \/>\n\t<meta property=\"og:image:height\" content=\"1440\" \/>\n\t<meta property=\"og:image:type\" content=\"image\/jpeg\" \/>\n<meta name=\"author\" content=\"mahmud\" \/>\n<meta name=\"twitter:card\" content=\"summary_large_image\" \/>\n<script type=\"application\/ld+json\" class=\"yoast-schema-graph\">{\"@context\":\"https:\\\/\\\/schema.org\",\"@graph\":[{\"@type\":\"Article\",\"@id\":\"https:\\\/\\\/www.meydan.tv\\\/az\\\/article\\\/fazil-mustafani-gulleleyen-sexs-birinci-defe-yaninda-usaq-vardi-ona-gore-vurmadim\\\/#article\",\"isPartOf\":{\"@id\":\"https:\\\/\\\/www.meydan.tv\\\/az\\\/article\\\/fazil-mustafani-gulleleyen-sexs-birinci-defe-yaninda-usaq-vardi-ona-gore-vurmadim\\\/\"},\"author\":{\"name\":\"mahmud\",\"@id\":\"https:\\\/\\\/www.meydan.tv\\\/az\\\/#\\\/schema\\\/person\\\/09863e516102a829e72bedcf3f84c6b0\"},\"headline\":\"Fazil Mustafan\u0131 g\u00fcll\u0259l\u0259y\u0259n \u015f\u0259xs: \u201cBirinci d\u0259f\u0259 yan\u0131nda u\u015faq vard\u0131, ona g\u00f6r\u0259 vurmad\u0131m\u201d\",\"datePublished\":\"2024-03-02T11:16:39+00:00\",\"dateModified\":\"2024-03-02T11:16:42+00:00\",\"mainEntityOfPage\":{\"@id\":\"https:\\\/\\\/www.meydan.tv\\\/az\\\/article\\\/fazil-mustafani-gulleleyen-sexs-birinci-defe-yaninda-usaq-vardi-ona-gore-vurmadim\\\/\"},\"wordCount\":1454,\"publisher\":{\"@id\":\"https:\\\/\\\/www.meydan.tv\\\/az\\\/#organization\"},\"image\":{\"@id\":\"https:\\\/\\\/www.meydan.tv\\\/az\\\/article\\\/fazil-mustafani-gulleleyen-sexs-birinci-defe-yaninda-usaq-vardi-ona-gore-vurmadim\\\/#primaryimage\"},\"thumbnailUrl\":\"https:\\\/\\\/www.meydan.tv\\\/wp-content\\\/uploads\\\/mehkeme19_wxnshvn-scaled.jpg\",\"articleSection\":[\"Sosial\",\"T\u00f6vsiy\u0259\",\"X\u0259b\u0259rl\u0259r\"],\"inLanguage\":\"az\"},{\"@type\":\"WebPage\",\"@id\":\"https:\\\/\\\/www.meydan.tv\\\/az\\\/article\\\/fazil-mustafani-gulleleyen-sexs-birinci-defe-yaninda-usaq-vardi-ona-gore-vurmadim\\\/\",\"url\":\"https:\\\/\\\/www.meydan.tv\\\/az\\\/article\\\/fazil-mustafani-gulleleyen-sexs-birinci-defe-yaninda-usaq-vardi-ona-gore-vurmadim\\\/\",\"name\":\"Fazil Mustafan\u0131 g\u00fcll\u0259l\u0259y\u0259n \u015f\u0259xs: \u201cBirinci d\u0259f\u0259 yan\u0131nda u\u015faq vard\u0131, ona g\u00f6r\u0259 vurmad\u0131m\u201d - MEYDAN.TV\",\"isPartOf\":{\"@id\":\"https:\\\/\\\/www.meydan.tv\\\/az\\\/#website\"},\"primaryImageOfPage\":{\"@id\":\"https:\\\/\\\/www.meydan.tv\\\/az\\\/article\\\/fazil-mustafani-gulleleyen-sexs-birinci-defe-yaninda-usaq-vardi-ona-gore-vurmadim\\\/#primaryimage\"},\"image\":{\"@id\":\"https:\\\/\\\/www.meydan.tv\\\/az\\\/article\\\/fazil-mustafani-gulleleyen-sexs-birinci-defe-yaninda-usaq-vardi-ona-gore-vurmadim\\\/#primaryimage\"},\"thumbnailUrl\":\"https:\\\/\\\/www.meydan.tv\\\/wp-content\\\/uploads\\\/mehkeme19_wxnshvn-scaled.jpg\",\"datePublished\":\"2024-03-02T11:16:39+00:00\",\"dateModified\":\"2024-03-02T11:16:42+00:00\",\"breadcrumb\":{\"@id\":\"https:\\\/\\\/www.meydan.tv\\\/az\\\/article\\\/fazil-mustafani-gulleleyen-sexs-birinci-defe-yaninda-usaq-vardi-ona-gore-vurmadim\\\/#breadcrumb\"},\"inLanguage\":\"az\",\"potentialAction\":[{\"@type\":\"ReadAction\",\"target\":[\"https:\\\/\\\/www.meydan.tv\\\/az\\\/article\\\/fazil-mustafani-gulleleyen-sexs-birinci-defe-yaninda-usaq-vardi-ona-gore-vurmadim\\\/\"]}]},{\"@type\":\"ImageObject\",\"inLanguage\":\"az\",\"@id\":\"https:\\\/\\\/www.meydan.tv\\\/az\\\/article\\\/fazil-mustafani-gulleleyen-sexs-birinci-defe-yaninda-usaq-vardi-ona-gore-vurmadim\\\/#primaryimage\",\"url\":\"https:\\\/\\\/www.meydan.tv\\\/wp-content\\\/uploads\\\/mehkeme19_wxnshvn-scaled.jpg\",\"contentUrl\":\"https:\\\/\\\/www.meydan.tv\\\/wp-content\\\/uploads\\\/mehkeme19_wxnshvn-scaled.jpg\",\"width\":2560,\"height\":1440,\"caption\":\"Foto: Meydan TV\"},{\"@type\":\"BreadcrumbList\",\"@id\":\"https:\\\/\\\/www.meydan.tv\\\/az\\\/article\\\/fazil-mustafani-gulleleyen-sexs-birinci-defe-yaninda-usaq-vardi-ona-gore-vurmadim\\\/#breadcrumb\",\"itemListElement\":[{\"@type\":\"ListItem\",\"position\":1,\"name\":\"Ana s\u0259hif\u0259\",\"item\":\"https:\\\/\\\/www.meydan.tv\\\/az\\\/\"},{\"@type\":\"ListItem\",\"position\":2,\"name\":\"Sosial\",\"item\":\"https:\\\/\\\/www.meydan.tv\\\/az\\\/section\\\/sosial\\\/\"},{\"@type\":\"ListItem\",\"position\":3,\"name\":\"Fazil Mustafan\u0131 g\u00fcll\u0259l\u0259y\u0259n \u015f\u0259xs: \u201cBirinci d\u0259f\u0259 yan\u0131nda u\u015faq vard\u0131, ona g\u00f6r\u0259 vurmad\u0131m\u201d\"}]},{\"@type\":\"WebSite\",\"@id\":\"https:\\\/\\\/www.meydan.tv\\\/az\\\/#website\",\"url\":\"https:\\\/\\\/www.meydan.tv\\\/az\\\/\",\"name\":\"MEYDAN.TV\",\"description\":\"Meydan TV Az\u0259rbaycan\u0131n media m\u0259kan\u0131ndak\u0131 alternativ s\u0259sidir\",\"publisher\":{\"@id\":\"https:\\\/\\\/www.meydan.tv\\\/az\\\/#organization\"},\"potentialAction\":[{\"@type\":\"SearchAction\",\"target\":{\"@type\":\"EntryPoint\",\"urlTemplate\":\"https:\\\/\\\/www.meydan.tv\\\/az\\\/?s={search_term_string}\"},\"query-input\":{\"@type\":\"PropertyValueSpecification\",\"valueRequired\":true,\"valueName\":\"search_term_string\"}}],\"inLanguage\":\"az\"},{\"@type\":\"Organization\",\"@id\":\"https:\\\/\\\/www.meydan.tv\\\/az\\\/#organization\",\"name\":\"Meydan TV\",\"url\":\"https:\\\/\\\/www.meydan.tv\\\/az\\\/\",\"logo\":{\"@type\":\"ImageObject\",\"inLanguage\":\"az\",\"@id\":\"https:\\\/\\\/www.meydan.tv\\\/az\\\/#\\\/schema\\\/logo\\\/image\\\/\",\"url\":\"https:\\\/\\\/www.meydan.tv\\\/wp-content\\\/uploads\\\/2021\\\/07\\\/meydan-logo.svg\",\"contentUrl\":\"https:\\\/\\\/www.meydan.tv\\\/wp-content\\\/uploads\\\/2021\\\/07\\\/meydan-logo.svg\",\"width\":195,\"height\":46,\"caption\":\"Meydan TV\"},\"image\":{\"@id\":\"https:\\\/\\\/www.meydan.tv\\\/az\\\/#\\\/schema\\\/logo\\\/image\\\/\"}},{\"@type\":\"Person\",\"@id\":\"https:\\\/\\\/www.meydan.tv\\\/az\\\/#\\\/schema\\\/person\\\/09863e516102a829e72bedcf3f84c6b0\",\"name\":\"mahmud\"}]}<\/script>\n<!-- \/ Yoast SEO plugin. -->","yoast_head_json":{"title":"Fazil Mustafan\u0131 g\u00fcll\u0259l\u0259y\u0259n \u015f\u0259xs: \u201cBirinci d\u0259f\u0259 yan\u0131nda u\u015faq vard\u0131, ona g\u00f6r\u0259 vurmad\u0131m\u201d - MEYDAN.TV","robots":{"index":"index","follow":"follow","max-snippet":"max-snippet:-1","max-image-preview":"max-image-preview:large","max-video-preview":"max-video-preview:-1"},"canonical":"https:\/\/www.meydan.tv\/az\/article\/fazil-mustafani-gulleleyen-sexs-birinci-defe-yaninda-usaq-vardi-ona-gore-vurmadim\/","og_locale":"az_AZ","og_type":"article","og_title":"Fazil Mustafan\u0131 g\u00fcll\u0259l\u0259y\u0259n \u015f\u0259xs: \u201cBirinci d\u0259f\u0259 yan\u0131nda u\u015faq vard\u0131, ona g\u00f6r\u0259 vurmad\u0131m\u201d - MEYDAN.TV","og_description":"\u201cBu adam a\u00e7\u0131q-a\u015fkar dini qar\u015f\u0131durma yarad\u0131rd\u0131, he\u00e7 kim d\u0259 qaba\u011f\u0131n\u0131 ... Davam\u0131","og_url":"https:\/\/www.meydan.tv\/az\/article\/fazil-mustafani-gulleleyen-sexs-birinci-defe-yaninda-usaq-vardi-ona-gore-vurmadim\/","og_site_name":"MEYDAN.TV","article_published_time":"2024-03-02T11:16:39+00:00","article_modified_time":"2024-03-02T11:16:42+00:00","og_image":[{"width":2560,"height":1440,"url":"https:\/\/www.meydan.tv\/wp-content\/uploads\/mehkeme19_wxnshvn-scaled.jpg","type":"image\/jpeg"}],"author":"mahmud","twitter_card":"summary_large_image","schema":{"@context":"https:\/\/schema.org","@graph":[{"@type":"Article","@id":"https:\/\/www.meydan.tv\/az\/article\/fazil-mustafani-gulleleyen-sexs-birinci-defe-yaninda-usaq-vardi-ona-gore-vurmadim\/#article","isPartOf":{"@id":"https:\/\/www.meydan.tv\/az\/article\/fazil-mustafani-gulleleyen-sexs-birinci-defe-yaninda-usaq-vardi-ona-gore-vurmadim\/"},"author":{"name":"mahmud","@id":"https:\/\/www.meydan.tv\/az\/#\/schema\/person\/09863e516102a829e72bedcf3f84c6b0"},"headline":"Fazil Mustafan\u0131 g\u00fcll\u0259l\u0259y\u0259n \u015f\u0259xs: \u201cBirinci d\u0259f\u0259 yan\u0131nda u\u015faq vard\u0131, ona g\u00f6r\u0259 vurmad\u0131m\u201d","datePublished":"2024-03-02T11:16:39+00:00","dateModified":"2024-03-02T11:16:42+00:00","mainEntityOfPage":{"@id":"https:\/\/www.meydan.tv\/az\/article\/fazil-mustafani-gulleleyen-sexs-birinci-defe-yaninda-usaq-vardi-ona-gore-vurmadim\/"},"wordCount":1454,"publisher":{"@id":"https:\/\/www.meydan.tv\/az\/#organization"},"image":{"@id":"https:\/\/www.meydan.tv\/az\/article\/fazil-mustafani-gulleleyen-sexs-birinci-defe-yaninda-usaq-vardi-ona-gore-vurmadim\/#primaryimage"},"thumbnailUrl":"https:\/\/www.meydan.tv\/wp-content\/uploads\/mehkeme19_wxnshvn-scaled.jpg","articleSection":["Sosial","T\u00f6vsiy\u0259","X\u0259b\u0259rl\u0259r"],"inLanguage":"az"},{"@type":"WebPage","@id":"https:\/\/www.meydan.tv\/az\/article\/fazil-mustafani-gulleleyen-sexs-birinci-defe-yaninda-usaq-vardi-ona-gore-vurmadim\/","url":"https:\/\/www.meydan.tv\/az\/article\/fazil-mustafani-gulleleyen-sexs-birinci-defe-yaninda-usaq-vardi-ona-gore-vurmadim\/","name":"Fazil Mustafan\u0131 g\u00fcll\u0259l\u0259y\u0259n \u015f\u0259xs: \u201cBirinci d\u0259f\u0259 yan\u0131nda u\u015faq vard\u0131, ona g\u00f6r\u0259 vurmad\u0131m\u201d - MEYDAN.TV","isPartOf":{"@id":"https:\/\/www.meydan.tv\/az\/#website"},"primaryImageOfPage":{"@id":"https:\/\/www.meydan.tv\/az\/article\/fazil-mustafani-gulleleyen-sexs-birinci-defe-yaninda-usaq-vardi-ona-gore-vurmadim\/#primaryimage"},"image":{"@id":"https:\/\/www.meydan.tv\/az\/article\/fazil-mustafani-gulleleyen-sexs-birinci-defe-yaninda-usaq-vardi-ona-gore-vurmadim\/#primaryimage"},"thumbnailUrl":"https:\/\/www.meydan.tv\/wp-content\/uploads\/mehkeme19_wxnshvn-scaled.jpg","datePublished":"2024-03-02T11:16:39+00:00","dateModified":"2024-03-02T11:16:42+00:00","breadcrumb":{"@id":"https:\/\/www.meydan.tv\/az\/article\/fazil-mustafani-gulleleyen-sexs-birinci-defe-yaninda-usaq-vardi-ona-gore-vurmadim\/#breadcrumb"},"inLanguage":"az","potentialAction":[{"@type":"ReadAction","target":["https:\/\/www.meydan.tv\/az\/article\/fazil-mustafani-gulleleyen-sexs-birinci-defe-yaninda-usaq-vardi-ona-gore-vurmadim\/"]}]},{"@type":"ImageObject","inLanguage":"az","@id":"https:\/\/www.meydan.tv\/az\/article\/fazil-mustafani-gulleleyen-sexs-birinci-defe-yaninda-usaq-vardi-ona-gore-vurmadim\/#primaryimage","url":"https:\/\/www.meydan.tv\/wp-content\/uploads\/mehkeme19_wxnshvn-scaled.jpg","contentUrl":"https:\/\/www.meydan.tv\/wp-content\/uploads\/mehkeme19_wxnshvn-scaled.jpg","width":2560,"height":1440,"caption":"Foto: Meydan TV"},{"@type":"BreadcrumbList","@id":"https:\/\/www.meydan.tv\/az\/article\/fazil-mustafani-gulleleyen-sexs-birinci-defe-yaninda-usaq-vardi-ona-gore-vurmadim\/#breadcrumb","itemListElement":[{"@type":"ListItem","position":1,"name":"Ana s\u0259hif\u0259","item":"https:\/\/www.meydan.tv\/az\/"},{"@type":"ListItem","position":2,"name":"Sosial","item":"https:\/\/www.meydan.tv\/az\/section\/sosial\/"},{"@type":"ListItem","position":3,"name":"Fazil Mustafan\u0131 g\u00fcll\u0259l\u0259y\u0259n \u015f\u0259xs: \u201cBirinci d\u0259f\u0259 yan\u0131nda u\u015faq vard\u0131, ona g\u00f6r\u0259 vurmad\u0131m\u201d"}]},{"@type":"WebSite","@id":"https:\/\/www.meydan.tv\/az\/#website","url":"https:\/\/www.meydan.tv\/az\/","name":"MEYDAN.TV","description":"Meydan TV Az\u0259rbaycan\u0131n media m\u0259kan\u0131ndak\u0131 alternativ s\u0259sidir","publisher":{"@id":"https:\/\/www.meydan.tv\/az\/#organization"},"potentialAction":[{"@type":"SearchAction","target":{"@type":"EntryPoint","urlTemplate":"https:\/\/www.meydan.tv\/az\/?s={search_term_string}"},"query-input":{"@type":"PropertyValueSpecification","valueRequired":true,"valueName":"search_term_string"}}],"inLanguage":"az"},{"@type":"Organization","@id":"https:\/\/www.meydan.tv\/az\/#organization","name":"Meydan TV","url":"https:\/\/www.meydan.tv\/az\/","logo":{"@type":"ImageObject","inLanguage":"az","@id":"https:\/\/www.meydan.tv\/az\/#\/schema\/logo\/image\/","url":"https:\/\/www.meydan.tv\/wp-content\/uploads\/2021\/07\/meydan-logo.svg","contentUrl":"https:\/\/www.meydan.tv\/wp-content\/uploads\/2021\/07\/meydan-logo.svg","width":195,"height":46,"caption":"Meydan TV"},"image":{"@id":"https:\/\/www.meydan.tv\/az\/#\/schema\/logo\/image\/"}},{"@type":"Person","@id":"https:\/\/www.meydan.tv\/az\/#\/schema\/person\/09863e516102a829e72bedcf3f84c6b0","name":"mahmud"}]}},"_links":{"self":[{"href":"https:\/\/www.meydan.tv\/az\/wp-json\/wp\/v2\/posts\/300367","targetHints":{"allow":["GET"]}}],"collection":[{"href":"https:\/\/www.meydan.tv\/az\/wp-json\/wp\/v2\/posts"}],"about":[{"href":"https:\/\/www.meydan.tv\/az\/wp-json\/wp\/v2\/types\/post"}],"author":[{"embeddable":true,"href":"https:\/\/www.meydan.tv\/az\/wp-json\/wp\/v2\/users\/21"}],"replies":[{"embeddable":true,"href":"https:\/\/www.meydan.tv\/az\/wp-json\/wp\/v2\/comments?post=300367"}],"version-history":[{"count":1,"href":"https:\/\/www.meydan.tv\/az\/wp-json\/wp\/v2\/posts\/300367\/revisions"}],"predecessor-version":[{"id":300368,"href":"https:\/\/www.meydan.tv\/az\/wp-json\/wp\/v2\/posts\/300367\/revisions\/300368"}],"wp:featuredmedia":[{"embeddable":true,"href":"https:\/\/www.meydan.tv\/az\/wp-json\/wp\/v2\/media\/210852"}],"wp:attachment":[{"href":"https:\/\/www.meydan.tv\/az\/wp-json\/wp\/v2\/media?parent=300367"}],"wp:term":[{"taxonomy":"category","embeddable":true,"href":"https:\/\/www.meydan.tv\/az\/wp-json\/wp\/v2\/categories?post=300367"},{"taxonomy":"post_tag","embeddable":true,"href":"https:\/\/www.meydan.tv\/az\/wp-json\/wp\/v2\/tags?post=300367"}],"curies":[{"name":"wp","href":"https:\/\/api.w.org\/{rel}","templated":true}]}}