{"id":300365,"date":"2024-03-02T15:07:43","date_gmt":"2024-03-02T11:07:43","guid":{"rendered":"https:\/\/www.meydan.tv\/?p=300365"},"modified":"2024-03-02T15:17:12","modified_gmt":"2024-03-02T11:17:12","slug":"salyanda-agir-qetller-muxtelif-kendlerde-her-ailenin-iki-uzvu-oldurulub","status":"publish","type":"post","link":"https:\/\/www.meydan.tv\/az\/article\/salyanda-agir-qetller-muxtelif-kendlerde-her-ailenin-iki-uzvu-oldurulub\/","title":{"rendered":"Salyanda q\u0259tll\u0259r: m\u00fcxt\u0259lif k\u0259ndl\u0259rd\u0259 h\u0259r ail\u0259nin iki \u00fczv\u00fc \u00f6ld\u00fcr\u00fcl\u00fcb"},"content":{"rendered":"\n<p><\/p>\n\n\n\n<p><strong><em>Hadis\u0259nin tamah m\u0259qs\u0259dil\u0259 t\u00f6r\u0259dildiyi bildirilir<\/em><\/strong><\/p>\n\n\n\n<p>Salyanda eyni g\u00fcnd\u0259 &#8211; mart\u0131n 1-d\u0259 bir ail\u0259nin iki \u00fczv\u00fcn\u00fcn q\u0259tl\u0259 yetirildiyi ayr\u0131-ayr\u0131 hadis\u0259l\u0259r ba\u015f verib. Bu a\u011f\u0131r q\u0259tl hadis\u0259l\u0259rind\u0259n biri rayonun Pamb\u0131qk\u0259nd, dig\u0259ri is\u0259 K\u0259rimb\u0259yli k\u0259ndl\u0259rind\u0259 ba\u015f verib.<\/p>\n\n\n\n<p>K\u0259rimb\u0259yli k\u0259ndind\u0259 ke\u00e7mi\u015f ba\u015f h\u0259kim \u0130srafil M\u0259mm\u0259dov v\u0259 onun h\u0259yat yolda\u015f\u0131 M\u00fcn\u0259vv\u0259r M\u0259mm\u0259dova ya\u015fad\u0131qlar\u0131 evd\u0259 \u00f6ld\u00fcr\u00fcl\u00fcb. \u018fr-arvad\u0131n ipl\u0259 bo\u011fuldu\u011fu v\u0259 ba\u015f nahiy\u0259sind\u0259n k\u00fct \u0259\u015fya il\u0259 z\u0259rb\u0259l\u0259r n\u0259tic\u0259sind\u0259 q\u0259tl\u0259 yetirildiyi bildirilir.<\/p>\n\n\n\n<p>\u0130lkin m\u0259lumatlara g\u00f6r\u0259, cinay\u0259tin tamah m\u0259qs\u0259dil\u0259 t\u00f6r\u0259dilm\u0259si ehtimal\u0131 var.<\/p>\n\n\n\n<p>Pamb\u0131qk\u0259ndd\u0259 is\u0259 ana v\u0259 o\u011flu q\u0259tl\u0259 yetirilib. Bu hadis\u0259 mart\u0131n 1-d\u0259 saat 16.00 rad\u0259l\u0259rind\u0259 ba\u015f verib.<\/p>\n\n\n\n<p>K\u0259nd sakini, 1963-c\u00fc il t\u0259v\u0259ll\u00fcdl\u00fc Rahil\u0259 \u018fliyeva v\u0259 o\u011flu, 1992-ci il t\u0259v\u0259ll\u00fcdl\u00fc B\u0259hruz \u018fliyev b\u0131\u00e7aqla \u00f6ld\u00fcr\u00fcl\u00fcb.<\/p>\n\n\n\n<p>Hadis\u0259d\u0259n sonra 43 ya\u015fl\u0131 Ziya \u018fliyev k\u00f6n\u00fcll\u00fc \u015f\u0259kild\u0259 polis\u0259 g\u0259l\u0259r\u0259k, t\u0259slim olub. O, qarda\u015f\u0131n\u0131n arvad\u0131n\u0131 v\u0259 o\u011flunu m\u00fcbahis\u0259 z\u0259minind\u0259 \u00f6ld\u00fcrm\u0259kd\u0259 ittiham olunur.<\/p>\n\n\n\n<p>Faktla ba\u011fl\u0131 Salyan Rayon Prokurorlu\u011funda Cinay\u0259t M\u0259c\u0259ll\u0259sinin 120.2.7-ci (iki v\u0259 ya daha \u00e7ox \u015f\u0259xsi q\u0259sd\u0259n \u00f6ld\u00fcrm\u0259) madd\u0259sil\u0259 cinay\u0259t i\u015fi ba\u015flan\u0131b.<\/p>\n","protected":false},"excerpt":{"rendered":"<p>Hadis\u0259nin tamah m\u0259qs\u0259dil\u0259 t\u00f6r\u0259dildiyi bildirilir Salyanda eyni g\u00fcnd\u0259 &#8211; mart\u0131n &#8230; <\/p>\n<p class=\"read-more-container\"><a title=\"Salyanda q\u0259tll\u0259r: m\u00fcxt\u0259lif k\u0259ndl\u0259rd\u0259 h\u0259r ail\u0259nin iki \u00fczv\u00fc \u00f6ld\u00fcr\u00fcl\u00fcb\" class=\"read-more button\" href=\"https:\/\/www.meydan.tv\/az\/article\/salyanda-agir-qetller-muxtelif-kendlerde-her-ailenin-iki-uzvu-oldurulub\/#more-300365\" aria-label=\"Read more about Salyanda q\u0259tll\u0259r: m\u00fcxt\u0259lif k\u0259ndl\u0259rd\u0259 h\u0259r ail\u0259nin iki \u00fczv\u00fc \u00f6ld\u00fcr\u00fcl\u00fcb\">Davam\u0131<\/a><\/p>\n","protected":false},"author":21,"featured_media":267375,"comment_status":"closed","ping_status":"closed","sticky":false,"template":"","format":"standard","meta":{"_acf_changed":false,"_sitemap_exclude":false,"_sitemap_priority":"","_sitemap_frequency":"","footnotes":""},"categories":[60,62,79,56],"tags":[],"class_list":["post-300365","post","type-post","status-publish","format-standard","has-post-thumbnail","hentry","category-bolge","category-sosial","category-featured","category-xeberler","infinite-scroll-item","generate-columns","tablet-grid-50","mobile-grid-100","grid-parent","grid-33","no-featured-image-padding"],"acf":[],"yoast_head":"<!-- This site is optimized with the Yoast SEO plugin v27.4 - https:\/\/yoast.com\/product\/yoast-seo-wordpress\/ -->\n<title>Salyanda q\u0259tll\u0259r: m\u00fcxt\u0259lif k\u0259ndl\u0259rd\u0259 h\u0259r ail\u0259nin iki \u00fczv\u00fc \u00f6ld\u00fcr\u00fcl\u00fcb - MEYDAN.TV<\/title>\n<meta name=\"robots\" content=\"index, follow, max-snippet:-1, max-image-preview:large, max-video-preview:-1\" \/>\n<link rel=\"canonical\" href=\"https:\/\/www.meydan.tv\/az\/article\/salyanda-agir-qetller-muxtelif-kendlerde-her-ailenin-iki-uzvu-oldurulub\/\" \/>\n<meta property=\"og:locale\" content=\"az_AZ\" \/>\n<meta property=\"og:type\" content=\"article\" \/>\n<meta property=\"og:title\" content=\"Salyanda q\u0259tll\u0259r: m\u00fcxt\u0259lif k\u0259ndl\u0259rd\u0259 h\u0259r ail\u0259nin iki \u00fczv\u00fc \u00f6ld\u00fcr\u00fcl\u00fcb - MEYDAN.TV\" \/>\n<meta property=\"og:description\" content=\"Hadis\u0259nin tamah m\u0259qs\u0259dil\u0259 t\u00f6r\u0259dildiyi bildirilir Salyanda eyni g\u00fcnd\u0259 &#8211; mart\u0131n ... Davam\u0131\" \/>\n<meta property=\"og:url\" content=\"https:\/\/www.meydan.tv\/az\/article\/salyanda-agir-qetller-muxtelif-kendlerde-her-ailenin-iki-uzvu-oldurulub\/\" \/>\n<meta property=\"og:site_name\" content=\"MEYDAN.TV\" \/>\n<meta property=\"article:published_time\" content=\"2024-03-02T11:07:43+00:00\" \/>\n<meta property=\"article:modified_time\" content=\"2024-03-02T11:17:12+00:00\" \/>\n<meta property=\"og:image\" content=\"https:\/\/www.meydan.tv\/wp-content\/uploads\/download-14.png\" \/>\n\t<meta property=\"og:image:width\" content=\"1200\" \/>\n\t<meta property=\"og:image:height\" content=\"801\" \/>\n\t<meta property=\"og:image:type\" content=\"image\/png\" \/>\n<meta name=\"author\" content=\"mahmud\" \/>\n<meta name=\"twitter:card\" content=\"summary_large_image\" \/>\n<script type=\"application\/ld+json\" class=\"yoast-schema-graph\">{\"@context\":\"https:\\\/\\\/schema.org\",\"@graph\":[{\"@type\":\"Article\",\"@id\":\"https:\\\/\\\/www.meydan.tv\\\/az\\\/article\\\/salyanda-agir-qetller-muxtelif-kendlerde-her-ailenin-iki-uzvu-oldurulub\\\/#article\",\"isPartOf\":{\"@id\":\"https:\\\/\\\/www.meydan.tv\\\/az\\\/article\\\/salyanda-agir-qetller-muxtelif-kendlerde-her-ailenin-iki-uzvu-oldurulub\\\/\"},\"author\":{\"name\":\"mahmud\",\"@id\":\"https:\\\/\\\/www.meydan.tv\\\/az\\\/#\\\/schema\\\/person\\\/09863e516102a829e72bedcf3f84c6b0\"},\"headline\":\"Salyanda q\u0259tll\u0259r: m\u00fcxt\u0259lif k\u0259ndl\u0259rd\u0259 h\u0259r ail\u0259nin iki \u00fczv\u00fc \u00f6ld\u00fcr\u00fcl\u00fcb\",\"datePublished\":\"2024-03-02T11:07:43+00:00\",\"dateModified\":\"2024-03-02T11:17:12+00:00\",\"mainEntityOfPage\":{\"@id\":\"https:\\\/\\\/www.meydan.tv\\\/az\\\/article\\\/salyanda-agir-qetller-muxtelif-kendlerde-her-ailenin-iki-uzvu-oldurulub\\\/\"},\"wordCount\":280,\"publisher\":{\"@id\":\"https:\\\/\\\/www.meydan.tv\\\/az\\\/#organization\"},\"image\":{\"@id\":\"https:\\\/\\\/www.meydan.tv\\\/az\\\/article\\\/salyanda-agir-qetller-muxtelif-kendlerde-her-ailenin-iki-uzvu-oldurulub\\\/#primaryimage\"},\"thumbnailUrl\":\"https:\\\/\\\/www.meydan.tv\\\/wp-content\\\/uploads\\\/download-14.png\",\"articleSection\":[\"B\u00f6lg\u0259\",\"Sosial\",\"T\u00f6vsiy\u0259\",\"X\u0259b\u0259rl\u0259r\"],\"inLanguage\":\"az\"},{\"@type\":\"WebPage\",\"@id\":\"https:\\\/\\\/www.meydan.tv\\\/az\\\/article\\\/salyanda-agir-qetller-muxtelif-kendlerde-her-ailenin-iki-uzvu-oldurulub\\\/\",\"url\":\"https:\\\/\\\/www.meydan.tv\\\/az\\\/article\\\/salyanda-agir-qetller-muxtelif-kendlerde-her-ailenin-iki-uzvu-oldurulub\\\/\",\"name\":\"Salyanda q\u0259tll\u0259r: m\u00fcxt\u0259lif k\u0259ndl\u0259rd\u0259 h\u0259r ail\u0259nin iki \u00fczv\u00fc \u00f6ld\u00fcr\u00fcl\u00fcb - MEYDAN.TV\",\"isPartOf\":{\"@id\":\"https:\\\/\\\/www.meydan.tv\\\/az\\\/#website\"},\"primaryImageOfPage\":{\"@id\":\"https:\\\/\\\/www.meydan.tv\\\/az\\\/article\\\/salyanda-agir-qetller-muxtelif-kendlerde-her-ailenin-iki-uzvu-oldurulub\\\/#primaryimage\"},\"image\":{\"@id\":\"https:\\\/\\\/www.meydan.tv\\\/az\\\/article\\\/salyanda-agir-qetller-muxtelif-kendlerde-her-ailenin-iki-uzvu-oldurulub\\\/#primaryimage\"},\"thumbnailUrl\":\"https:\\\/\\\/www.meydan.tv\\\/wp-content\\\/uploads\\\/download-14.png\",\"datePublished\":\"2024-03-02T11:07:43+00:00\",\"dateModified\":\"2024-03-02T11:17:12+00:00\",\"breadcrumb\":{\"@id\":\"https:\\\/\\\/www.meydan.tv\\\/az\\\/article\\\/salyanda-agir-qetller-muxtelif-kendlerde-her-ailenin-iki-uzvu-oldurulub\\\/#breadcrumb\"},\"inLanguage\":\"az\",\"potentialAction\":[{\"@type\":\"ReadAction\",\"target\":[\"https:\\\/\\\/www.meydan.tv\\\/az\\\/article\\\/salyanda-agir-qetller-muxtelif-kendlerde-her-ailenin-iki-uzvu-oldurulub\\\/\"]}]},{\"@type\":\"ImageObject\",\"inLanguage\":\"az\",\"@id\":\"https:\\\/\\\/www.meydan.tv\\\/az\\\/article\\\/salyanda-agir-qetller-muxtelif-kendlerde-her-ailenin-iki-uzvu-oldurulub\\\/#primaryimage\",\"url\":\"https:\\\/\\\/www.meydan.tv\\\/wp-content\\\/uploads\\\/download-14.png\",\"contentUrl\":\"https:\\\/\\\/www.meydan.tv\\\/wp-content\\\/uploads\\\/download-14.png\",\"width\":1200,\"height\":801,\"caption\":\"Q\u0259tl hadis\u0259si. Foto: MiniStocker\\\/shutterstock\"},{\"@type\":\"BreadcrumbList\",\"@id\":\"https:\\\/\\\/www.meydan.tv\\\/az\\\/article\\\/salyanda-agir-qetller-muxtelif-kendlerde-her-ailenin-iki-uzvu-oldurulub\\\/#breadcrumb\",\"itemListElement\":[{\"@type\":\"ListItem\",\"position\":1,\"name\":\"Ana s\u0259hif\u0259\",\"item\":\"https:\\\/\\\/www.meydan.tv\\\/az\\\/\"},{\"@type\":\"ListItem\",\"position\":2,\"name\":\"Sosial\",\"item\":\"https:\\\/\\\/www.meydan.tv\\\/az\\\/section\\\/sosial\\\/\"},{\"@type\":\"ListItem\",\"position\":3,\"name\":\"Salyanda q\u0259tll\u0259r: m\u00fcxt\u0259lif k\u0259ndl\u0259rd\u0259 h\u0259r ail\u0259nin iki \u00fczv\u00fc \u00f6ld\u00fcr\u00fcl\u00fcb\"}]},{\"@type\":\"WebSite\",\"@id\":\"https:\\\/\\\/www.meydan.tv\\\/az\\\/#website\",\"url\":\"https:\\\/\\\/www.meydan.tv\\\/az\\\/\",\"name\":\"MEYDAN.TV\",\"description\":\"Meydan TV Az\u0259rbaycan\u0131n media m\u0259kan\u0131ndak\u0131 alternativ s\u0259sidir\",\"publisher\":{\"@id\":\"https:\\\/\\\/www.meydan.tv\\\/az\\\/#organization\"},\"potentialAction\":[{\"@type\":\"SearchAction\",\"target\":{\"@type\":\"EntryPoint\",\"urlTemplate\":\"https:\\\/\\\/www.meydan.tv\\\/az\\\/?s={search_term_string}\"},\"query-input\":{\"@type\":\"PropertyValueSpecification\",\"valueRequired\":true,\"valueName\":\"search_term_string\"}}],\"inLanguage\":\"az\"},{\"@type\":\"Organization\",\"@id\":\"https:\\\/\\\/www.meydan.tv\\\/az\\\/#organization\",\"name\":\"Meydan TV\",\"url\":\"https:\\\/\\\/www.meydan.tv\\\/az\\\/\",\"logo\":{\"@type\":\"ImageObject\",\"inLanguage\":\"az\",\"@id\":\"https:\\\/\\\/www.meydan.tv\\\/az\\\/#\\\/schema\\\/logo\\\/image\\\/\",\"url\":\"https:\\\/\\\/www.meydan.tv\\\/wp-content\\\/uploads\\\/2021\\\/07\\\/meydan-logo.svg\",\"contentUrl\":\"https:\\\/\\\/www.meydan.tv\\\/wp-content\\\/uploads\\\/2021\\\/07\\\/meydan-logo.svg\",\"width\":195,\"height\":46,\"caption\":\"Meydan TV\"},\"image\":{\"@id\":\"https:\\\/\\\/www.meydan.tv\\\/az\\\/#\\\/schema\\\/logo\\\/image\\\/\"}},{\"@type\":\"Person\",\"@id\":\"https:\\\/\\\/www.meydan.tv\\\/az\\\/#\\\/schema\\\/person\\\/09863e516102a829e72bedcf3f84c6b0\",\"name\":\"mahmud\"}]}<\/script>\n<!-- \/ Yoast SEO plugin. -->","yoast_head_json":{"title":"Salyanda q\u0259tll\u0259r: m\u00fcxt\u0259lif k\u0259ndl\u0259rd\u0259 h\u0259r ail\u0259nin iki \u00fczv\u00fc \u00f6ld\u00fcr\u00fcl\u00fcb - MEYDAN.TV","robots":{"index":"index","follow":"follow","max-snippet":"max-snippet:-1","max-image-preview":"max-image-preview:large","max-video-preview":"max-video-preview:-1"},"canonical":"https:\/\/www.meydan.tv\/az\/article\/salyanda-agir-qetller-muxtelif-kendlerde-her-ailenin-iki-uzvu-oldurulub\/","og_locale":"az_AZ","og_type":"article","og_title":"Salyanda q\u0259tll\u0259r: m\u00fcxt\u0259lif k\u0259ndl\u0259rd\u0259 h\u0259r ail\u0259nin iki \u00fczv\u00fc \u00f6ld\u00fcr\u00fcl\u00fcb - MEYDAN.TV","og_description":"Hadis\u0259nin tamah m\u0259qs\u0259dil\u0259 t\u00f6r\u0259dildiyi bildirilir Salyanda eyni g\u00fcnd\u0259 &#8211; mart\u0131n ... Davam\u0131","og_url":"https:\/\/www.meydan.tv\/az\/article\/salyanda-agir-qetller-muxtelif-kendlerde-her-ailenin-iki-uzvu-oldurulub\/","og_site_name":"MEYDAN.TV","article_published_time":"2024-03-02T11:07:43+00:00","article_modified_time":"2024-03-02T11:17:12+00:00","og_image":[{"width":1200,"height":801,"url":"https:\/\/www.meydan.tv\/wp-content\/uploads\/download-14.png","type":"image\/png"}],"author":"mahmud","twitter_card":"summary_large_image","schema":{"@context":"https:\/\/schema.org","@graph":[{"@type":"Article","@id":"https:\/\/www.meydan.tv\/az\/article\/salyanda-agir-qetller-muxtelif-kendlerde-her-ailenin-iki-uzvu-oldurulub\/#article","isPartOf":{"@id":"https:\/\/www.meydan.tv\/az\/article\/salyanda-agir-qetller-muxtelif-kendlerde-her-ailenin-iki-uzvu-oldurulub\/"},"author":{"name":"mahmud","@id":"https:\/\/www.meydan.tv\/az\/#\/schema\/person\/09863e516102a829e72bedcf3f84c6b0"},"headline":"Salyanda q\u0259tll\u0259r: m\u00fcxt\u0259lif k\u0259ndl\u0259rd\u0259 h\u0259r ail\u0259nin iki \u00fczv\u00fc \u00f6ld\u00fcr\u00fcl\u00fcb","datePublished":"2024-03-02T11:07:43+00:00","dateModified":"2024-03-02T11:17:12+00:00","mainEntityOfPage":{"@id":"https:\/\/www.meydan.tv\/az\/article\/salyanda-agir-qetller-muxtelif-kendlerde-her-ailenin-iki-uzvu-oldurulub\/"},"wordCount":280,"publisher":{"@id":"https:\/\/www.meydan.tv\/az\/#organization"},"image":{"@id":"https:\/\/www.meydan.tv\/az\/article\/salyanda-agir-qetller-muxtelif-kendlerde-her-ailenin-iki-uzvu-oldurulub\/#primaryimage"},"thumbnailUrl":"https:\/\/www.meydan.tv\/wp-content\/uploads\/download-14.png","articleSection":["B\u00f6lg\u0259","Sosial","T\u00f6vsiy\u0259","X\u0259b\u0259rl\u0259r"],"inLanguage":"az"},{"@type":"WebPage","@id":"https:\/\/www.meydan.tv\/az\/article\/salyanda-agir-qetller-muxtelif-kendlerde-her-ailenin-iki-uzvu-oldurulub\/","url":"https:\/\/www.meydan.tv\/az\/article\/salyanda-agir-qetller-muxtelif-kendlerde-her-ailenin-iki-uzvu-oldurulub\/","name":"Salyanda q\u0259tll\u0259r: m\u00fcxt\u0259lif k\u0259ndl\u0259rd\u0259 h\u0259r ail\u0259nin iki \u00fczv\u00fc \u00f6ld\u00fcr\u00fcl\u00fcb - MEYDAN.TV","isPartOf":{"@id":"https:\/\/www.meydan.tv\/az\/#website"},"primaryImageOfPage":{"@id":"https:\/\/www.meydan.tv\/az\/article\/salyanda-agir-qetller-muxtelif-kendlerde-her-ailenin-iki-uzvu-oldurulub\/#primaryimage"},"image":{"@id":"https:\/\/www.meydan.tv\/az\/article\/salyanda-agir-qetller-muxtelif-kendlerde-her-ailenin-iki-uzvu-oldurulub\/#primaryimage"},"thumbnailUrl":"https:\/\/www.meydan.tv\/wp-content\/uploads\/download-14.png","datePublished":"2024-03-02T11:07:43+00:00","dateModified":"2024-03-02T11:17:12+00:00","breadcrumb":{"@id":"https:\/\/www.meydan.tv\/az\/article\/salyanda-agir-qetller-muxtelif-kendlerde-her-ailenin-iki-uzvu-oldurulub\/#breadcrumb"},"inLanguage":"az","potentialAction":[{"@type":"ReadAction","target":["https:\/\/www.meydan.tv\/az\/article\/salyanda-agir-qetller-muxtelif-kendlerde-her-ailenin-iki-uzvu-oldurulub\/"]}]},{"@type":"ImageObject","inLanguage":"az","@id":"https:\/\/www.meydan.tv\/az\/article\/salyanda-agir-qetller-muxtelif-kendlerde-her-ailenin-iki-uzvu-oldurulub\/#primaryimage","url":"https:\/\/www.meydan.tv\/wp-content\/uploads\/download-14.png","contentUrl":"https:\/\/www.meydan.tv\/wp-content\/uploads\/download-14.png","width":1200,"height":801,"caption":"Q\u0259tl hadis\u0259si. Foto: MiniStocker\/shutterstock"},{"@type":"BreadcrumbList","@id":"https:\/\/www.meydan.tv\/az\/article\/salyanda-agir-qetller-muxtelif-kendlerde-her-ailenin-iki-uzvu-oldurulub\/#breadcrumb","itemListElement":[{"@type":"ListItem","position":1,"name":"Ana s\u0259hif\u0259","item":"https:\/\/www.meydan.tv\/az\/"},{"@type":"ListItem","position":2,"name":"Sosial","item":"https:\/\/www.meydan.tv\/az\/section\/sosial\/"},{"@type":"ListItem","position":3,"name":"Salyanda q\u0259tll\u0259r: m\u00fcxt\u0259lif k\u0259ndl\u0259rd\u0259 h\u0259r ail\u0259nin iki \u00fczv\u00fc \u00f6ld\u00fcr\u00fcl\u00fcb"}]},{"@type":"WebSite","@id":"https:\/\/www.meydan.tv\/az\/#website","url":"https:\/\/www.meydan.tv\/az\/","name":"MEYDAN.TV","description":"Meydan TV Az\u0259rbaycan\u0131n media m\u0259kan\u0131ndak\u0131 alternativ s\u0259sidir","publisher":{"@id":"https:\/\/www.meydan.tv\/az\/#organization"},"potentialAction":[{"@type":"SearchAction","target":{"@type":"EntryPoint","urlTemplate":"https:\/\/www.meydan.tv\/az\/?s={search_term_string}"},"query-input":{"@type":"PropertyValueSpecification","valueRequired":true,"valueName":"search_term_string"}}],"inLanguage":"az"},{"@type":"Organization","@id":"https:\/\/www.meydan.tv\/az\/#organization","name":"Meydan TV","url":"https:\/\/www.meydan.tv\/az\/","logo":{"@type":"ImageObject","inLanguage":"az","@id":"https:\/\/www.meydan.tv\/az\/#\/schema\/logo\/image\/","url":"https:\/\/www.meydan.tv\/wp-content\/uploads\/2021\/07\/meydan-logo.svg","contentUrl":"https:\/\/www.meydan.tv\/wp-content\/uploads\/2021\/07\/meydan-logo.svg","width":195,"height":46,"caption":"Meydan TV"},"image":{"@id":"https:\/\/www.meydan.tv\/az\/#\/schema\/logo\/image\/"}},{"@type":"Person","@id":"https:\/\/www.meydan.tv\/az\/#\/schema\/person\/09863e516102a829e72bedcf3f84c6b0","name":"mahmud"}]}},"_links":{"self":[{"href":"https:\/\/www.meydan.tv\/az\/wp-json\/wp\/v2\/posts\/300365","targetHints":{"allow":["GET"]}}],"collection":[{"href":"https:\/\/www.meydan.tv\/az\/wp-json\/wp\/v2\/posts"}],"about":[{"href":"https:\/\/www.meydan.tv\/az\/wp-json\/wp\/v2\/types\/post"}],"author":[{"embeddable":true,"href":"https:\/\/www.meydan.tv\/az\/wp-json\/wp\/v2\/users\/21"}],"replies":[{"embeddable":true,"href":"https:\/\/www.meydan.tv\/az\/wp-json\/wp\/v2\/comments?post=300365"}],"version-history":[{"count":2,"href":"https:\/\/www.meydan.tv\/az\/wp-json\/wp\/v2\/posts\/300365\/revisions"}],"predecessor-version":[{"id":300369,"href":"https:\/\/www.meydan.tv\/az\/wp-json\/wp\/v2\/posts\/300365\/revisions\/300369"}],"wp:featuredmedia":[{"embeddable":true,"href":"https:\/\/www.meydan.tv\/az\/wp-json\/wp\/v2\/media\/267375"}],"wp:attachment":[{"href":"https:\/\/www.meydan.tv\/az\/wp-json\/wp\/v2\/media?parent=300365"}],"wp:term":[{"taxonomy":"category","embeddable":true,"href":"https:\/\/www.meydan.tv\/az\/wp-json\/wp\/v2\/categories?post=300365"},{"taxonomy":"post_tag","embeddable":true,"href":"https:\/\/www.meydan.tv\/az\/wp-json\/wp\/v2\/tags?post=300365"}],"curies":[{"name":"wp","href":"https:\/\/api.w.org\/{rel}","templated":true}]}}