{"id":300317,"date":"2024-03-01T15:39:16","date_gmt":"2024-03-01T11:39:16","guid":{"rendered":"https:\/\/www.meydan.tv\/?p=300317"},"modified":"2024-03-01T15:39:19","modified_gmt":"2024-03-01T11:39:19","slug":"narkoloji-merkezin-bas-direktoru-ve-muavini-hebs-olunub","status":"publish","type":"post","link":"https:\/\/www.meydan.tv\/az\/article\/narkoloji-merkezin-bas-direktoru-ve-muavini-hebs-olunub\/","title":{"rendered":"Narkoloji M\u0259rk\u0259zin ba\u015f direktoru v\u0259 m\u00fcavini h\u0259bs olunub"},"content":{"rendered":"\n<p><\/p>\n\n\n\n<p><strong><em>Ba\u015f Prokurorluqla S\u0259hiyy\u0259 Nazirliyi birg\u0259 m\u0259lumat yay\u0131b<\/em><\/strong><\/p>\n\n\n\n<p>Respublika Narkoloji M\u0259rk\u0259zinin ba\u015f direktoru El\u015f\u0259n Mustafayev v\u0259 m\u00fcavini Zamin \u018fliyev h\u0259bs olunub. Onlar r\u00fc\u015fv\u0259t almaqda ittiham edilir. Bu bar\u0259d\u0259 Ba\u015f Prokurorluq v\u0259 S\u0259hiyy\u0259 Nazirliyi m\u0259lumat yay\u0131b.<\/p>\n\n\n\n<p>Ba\u015f direktor v\u0259 m\u00fcavininin Korrupsiyaya qar\u015f\u0131 M\u00fcbariz\u0259 \u0130dar\u0259sinin ke\u00e7irdiyi \u0259m\u0259liyyat n\u0259tic\u0259sind\u0259 saxland\u0131\u011f\u0131 bildirilir.<\/p>\n\n\n\n<p>\u0130ddia olunur ki, narkotik v\u0259 spirtli i\u00e7ki as\u0131l\u0131l\u0131\u011f\u0131ndan \u0259ziyy\u0259t \u00e7\u0259k\u0259nl\u0259rin m\u00fcayin\u0259 v\u0259 m\u00fcalic\u0259si, o c\u00fcml\u0259d\u0259n m\u0259rk\u0259z\u0259 yerl\u0259\u015fdirilm\u0259si \u00fc\u00e7\u00fcn r\u00fc\u015fv\u0259t al\u0131n\u0131b.<\/p>\n\n\n\n<p><em>&#8220;H\u0259min \u015f\u0259xsl\u0259rin qanunazidd \u0259m\u0259ll\u0259ri \u0259m\u0259liyyat-texniki t\u0259dbirl\u0259rl\u0259 t\u0259sbit edilib, onlar cinay\u0259t ba\u015f\u0131nda yaxalan\u0131b. Apar\u0131lm\u0131\u015f axtar\u0131\u015flarla i\u015f \u00fczr\u0259 \u0259h\u0259miyy\u0259t k\u0259sb ed\u0259n s\u0259n\u0259dl\u0259r v\u0259 dig\u0259r maddi s\u00fcbutlar g\u00f6t\u00fcr\u00fcl\u00fcb&#8221;<\/em>, &#8211; Ba\u015f Prokurorluq v\u0259 S\u0259hiyy\u0259 Nazirliyinin m\u0259lumat\u0131nda bel\u0259 deyilir.<\/p>\n\n\n\n<p>El\u015f\u0259n Mustafayev v\u0259 Zamin \u018fliyev\u0259 qar\u015f\u0131 Cinay\u0259t M\u0259c\u0259ll\u0259sinin 311.3.1 v\u0259 311.3.2-ci\u00a0 (qabaqcadan \u0259lbir olan bir qrup \u015f\u0259xs t\u0259r\u0259find\u0259n t\u0259krar r\u00fc\u015fv\u0259t alma) madd\u0259l\u0259ril\u0259 ittiham ir\u0259li s\u00fcr\u00fcl\u00fcb. Bu madd\u0259l\u0259rd\u0259 8 ild\u0259n 12 il\u0259 q\u0259d\u0259r azadl\u0131qdan m\u0259hrumetm\u0259 c\u0259zas\u0131 n\u0259z\u0259rd\u0259 tutulub.<br>Bin\u0259q\u0259di Rayon M\u0259hk\u0259m\u0259sinin q\u0259rar\u0131yla h\u0259r ikisinin bar\u0259sind\u0259 ilkin istintaq d\u00f6vr\u00fc \u00fc\u00e7\u00fcn h\u0259bs q\u0259timkan t\u0259dbiri se\u00e7ilib.<\/p>\n\n\n\n<p>El\u015f\u0259n Mustafayev 2023-c\u00fc ilin aprelind\u0259 Narkoloji M\u0259rk\u0259z\u0259 ba\u015f direktor t\u0259yin olunmu\u015fdu.<\/p>\n","protected":false},"excerpt":{"rendered":"<p>Ba\u015f Prokurorluqla S\u0259hiyy\u0259 Nazirliyi birg\u0259 m\u0259lumat yay\u0131b Respublika Narkoloji M\u0259rk\u0259zinin &#8230; <\/p>\n<p class=\"read-more-container\"><a title=\"Narkoloji M\u0259rk\u0259zin ba\u015f direktoru v\u0259 m\u00fcavini h\u0259bs olunub\" class=\"read-more button\" href=\"https:\/\/www.meydan.tv\/az\/article\/narkoloji-merkezin-bas-direktoru-ve-muavini-hebs-olunub\/#more-300317\" aria-label=\"Read more about Narkoloji M\u0259rk\u0259zin ba\u015f direktoru v\u0259 m\u00fcavini h\u0259bs olunub\">Davam\u0131<\/a><\/p>\n","protected":false},"author":21,"featured_media":300318,"comment_status":"closed","ping_status":"closed","sticky":false,"template":"","format":"standard","meta":{"_acf_changed":false,"_sitemap_exclude":false,"_sitemap_priority":"","_sitemap_frequency":"","footnotes":""},"categories":[62,56],"tags":[],"class_list":["post-300317","post","type-post","status-publish","format-standard","has-post-thumbnail","hentry","category-sosial","category-xeberler","infinite-scroll-item","generate-columns","tablet-grid-50","mobile-grid-100","grid-parent","grid-33","no-featured-image-padding"],"acf":[],"yoast_head":"<!-- This site is optimized with the Yoast SEO plugin v27.5 - https:\/\/yoast.com\/product\/yoast-seo-wordpress\/ -->\n<title>Narkoloji M\u0259rk\u0259zin ba\u015f direktoru v\u0259 m\u00fcavini h\u0259bs olunub - MEYDAN.TV<\/title>\n<meta name=\"robots\" content=\"index, follow, max-snippet:-1, max-image-preview:large, max-video-preview:-1\" \/>\n<link rel=\"canonical\" href=\"https:\/\/www.meydan.tv\/az\/article\/narkoloji-merkezin-bas-direktoru-ve-muavini-hebs-olunub\/\" \/>\n<meta property=\"og:locale\" content=\"az_AZ\" \/>\n<meta property=\"og:type\" content=\"article\" \/>\n<meta property=\"og:title\" content=\"Narkoloji M\u0259rk\u0259zin ba\u015f direktoru v\u0259 m\u00fcavini h\u0259bs olunub - MEYDAN.TV\" \/>\n<meta property=\"og:description\" content=\"Ba\u015f Prokurorluqla S\u0259hiyy\u0259 Nazirliyi birg\u0259 m\u0259lumat yay\u0131b Respublika Narkoloji M\u0259rk\u0259zinin ... Davam\u0131\" \/>\n<meta property=\"og:url\" content=\"https:\/\/www.meydan.tv\/az\/article\/narkoloji-merkezin-bas-direktoru-ve-muavini-hebs-olunub\/\" \/>\n<meta property=\"og:site_name\" content=\"MEYDAN.TV\" \/>\n<meta property=\"article:published_time\" content=\"2024-03-01T11:39:16+00:00\" \/>\n<meta property=\"article:modified_time\" content=\"2024-03-01T11:39:19+00:00\" \/>\n<meta property=\"og:image\" content=\"https:\/\/www.meydan.tv\/wp-content\/uploads\/screenshot_2024-03-01_at_12.22.25_720.png\" \/>\n\t<meta property=\"og:image:width\" content=\"720\" \/>\n\t<meta property=\"og:image:height\" content=\"279\" \/>\n\t<meta property=\"og:image:type\" content=\"image\/png\" \/>\n<meta name=\"author\" content=\"mahmud\" \/>\n<meta name=\"twitter:card\" content=\"summary_large_image\" \/>\n<script type=\"application\/ld+json\" class=\"yoast-schema-graph\">{\"@context\":\"https:\\\/\\\/schema.org\",\"@graph\":[{\"@type\":\"Article\",\"@id\":\"https:\\\/\\\/www.meydan.tv\\\/az\\\/article\\\/narkoloji-merkezin-bas-direktoru-ve-muavini-hebs-olunub\\\/#article\",\"isPartOf\":{\"@id\":\"https:\\\/\\\/www.meydan.tv\\\/az\\\/article\\\/narkoloji-merkezin-bas-direktoru-ve-muavini-hebs-olunub\\\/\"},\"author\":{\"name\":\"mahmud\",\"@id\":\"https:\\\/\\\/www.meydan.tv\\\/az\\\/#\\\/schema\\\/person\\\/09863e516102a829e72bedcf3f84c6b0\"},\"headline\":\"Narkoloji M\u0259rk\u0259zin ba\u015f direktoru v\u0259 m\u00fcavini h\u0259bs olunub\",\"datePublished\":\"2024-03-01T11:39:16+00:00\",\"dateModified\":\"2024-03-01T11:39:19+00:00\",\"mainEntityOfPage\":{\"@id\":\"https:\\\/\\\/www.meydan.tv\\\/az\\\/article\\\/narkoloji-merkezin-bas-direktoru-ve-muavini-hebs-olunub\\\/\"},\"wordCount\":290,\"publisher\":{\"@id\":\"https:\\\/\\\/www.meydan.tv\\\/az\\\/#organization\"},\"image\":{\"@id\":\"https:\\\/\\\/www.meydan.tv\\\/az\\\/article\\\/narkoloji-merkezin-bas-direktoru-ve-muavini-hebs-olunub\\\/#primaryimage\"},\"thumbnailUrl\":\"https:\\\/\\\/www.meydan.tv\\\/wp-content\\\/uploads\\\/screenshot_2024-03-01_at_12.22.25_720.png\",\"articleSection\":[\"Sosial\",\"X\u0259b\u0259rl\u0259r\"],\"inLanguage\":\"az\"},{\"@type\":\"WebPage\",\"@id\":\"https:\\\/\\\/www.meydan.tv\\\/az\\\/article\\\/narkoloji-merkezin-bas-direktoru-ve-muavini-hebs-olunub\\\/\",\"url\":\"https:\\\/\\\/www.meydan.tv\\\/az\\\/article\\\/narkoloji-merkezin-bas-direktoru-ve-muavini-hebs-olunub\\\/\",\"name\":\"Narkoloji M\u0259rk\u0259zin ba\u015f direktoru v\u0259 m\u00fcavini h\u0259bs olunub - MEYDAN.TV\",\"isPartOf\":{\"@id\":\"https:\\\/\\\/www.meydan.tv\\\/az\\\/#website\"},\"primaryImageOfPage\":{\"@id\":\"https:\\\/\\\/www.meydan.tv\\\/az\\\/article\\\/narkoloji-merkezin-bas-direktoru-ve-muavini-hebs-olunub\\\/#primaryimage\"},\"image\":{\"@id\":\"https:\\\/\\\/www.meydan.tv\\\/az\\\/article\\\/narkoloji-merkezin-bas-direktoru-ve-muavini-hebs-olunub\\\/#primaryimage\"},\"thumbnailUrl\":\"https:\\\/\\\/www.meydan.tv\\\/wp-content\\\/uploads\\\/screenshot_2024-03-01_at_12.22.25_720.png\",\"datePublished\":\"2024-03-01T11:39:16+00:00\",\"dateModified\":\"2024-03-01T11:39:19+00:00\",\"breadcrumb\":{\"@id\":\"https:\\\/\\\/www.meydan.tv\\\/az\\\/article\\\/narkoloji-merkezin-bas-direktoru-ve-muavini-hebs-olunub\\\/#breadcrumb\"},\"inLanguage\":\"az\",\"potentialAction\":[{\"@type\":\"ReadAction\",\"target\":[\"https:\\\/\\\/www.meydan.tv\\\/az\\\/article\\\/narkoloji-merkezin-bas-direktoru-ve-muavini-hebs-olunub\\\/\"]}]},{\"@type\":\"ImageObject\",\"inLanguage\":\"az\",\"@id\":\"https:\\\/\\\/www.meydan.tv\\\/az\\\/article\\\/narkoloji-merkezin-bas-direktoru-ve-muavini-hebs-olunub\\\/#primaryimage\",\"url\":\"https:\\\/\\\/www.meydan.tv\\\/wp-content\\\/uploads\\\/screenshot_2024-03-01_at_12.22.25_720.png\",\"contentUrl\":\"https:\\\/\\\/www.meydan.tv\\\/wp-content\\\/uploads\\\/screenshot_2024-03-01_at_12.22.25_720.png\",\"width\":720,\"height\":279,\"caption\":\"Foto: Ba\u015f Prokurorluq\"},{\"@type\":\"BreadcrumbList\",\"@id\":\"https:\\\/\\\/www.meydan.tv\\\/az\\\/article\\\/narkoloji-merkezin-bas-direktoru-ve-muavini-hebs-olunub\\\/#breadcrumb\",\"itemListElement\":[{\"@type\":\"ListItem\",\"position\":1,\"name\":\"Ana s\u0259hif\u0259\",\"item\":\"https:\\\/\\\/www.meydan.tv\\\/az\\\/\"},{\"@type\":\"ListItem\",\"position\":2,\"name\":\"Sosial\",\"item\":\"https:\\\/\\\/www.meydan.tv\\\/az\\\/section\\\/sosial\\\/\"},{\"@type\":\"ListItem\",\"position\":3,\"name\":\"Narkoloji M\u0259rk\u0259zin ba\u015f direktoru v\u0259 m\u00fcavini h\u0259bs olunub\"}]},{\"@type\":\"WebSite\",\"@id\":\"https:\\\/\\\/www.meydan.tv\\\/az\\\/#website\",\"url\":\"https:\\\/\\\/www.meydan.tv\\\/az\\\/\",\"name\":\"MEYDAN.TV\",\"description\":\"Meydan TV Az\u0259rbaycan\u0131n media m\u0259kan\u0131ndak\u0131 alternativ s\u0259sidir\",\"publisher\":{\"@id\":\"https:\\\/\\\/www.meydan.tv\\\/az\\\/#organization\"},\"potentialAction\":[{\"@type\":\"SearchAction\",\"target\":{\"@type\":\"EntryPoint\",\"urlTemplate\":\"https:\\\/\\\/www.meydan.tv\\\/az\\\/?s={search_term_string}\"},\"query-input\":{\"@type\":\"PropertyValueSpecification\",\"valueRequired\":true,\"valueName\":\"search_term_string\"}}],\"inLanguage\":\"az\"},{\"@type\":\"Organization\",\"@id\":\"https:\\\/\\\/www.meydan.tv\\\/az\\\/#organization\",\"name\":\"Meydan TV\",\"url\":\"https:\\\/\\\/www.meydan.tv\\\/az\\\/\",\"logo\":{\"@type\":\"ImageObject\",\"inLanguage\":\"az\",\"@id\":\"https:\\\/\\\/www.meydan.tv\\\/az\\\/#\\\/schema\\\/logo\\\/image\\\/\",\"url\":\"https:\\\/\\\/www.meydan.tv\\\/wp-content\\\/uploads\\\/2021\\\/07\\\/meydan-logo.svg\",\"contentUrl\":\"https:\\\/\\\/www.meydan.tv\\\/wp-content\\\/uploads\\\/2021\\\/07\\\/meydan-logo.svg\",\"width\":195,\"height\":46,\"caption\":\"Meydan TV\"},\"image\":{\"@id\":\"https:\\\/\\\/www.meydan.tv\\\/az\\\/#\\\/schema\\\/logo\\\/image\\\/\"}},{\"@type\":\"Person\",\"@id\":\"https:\\\/\\\/www.meydan.tv\\\/az\\\/#\\\/schema\\\/person\\\/09863e516102a829e72bedcf3f84c6b0\",\"name\":\"mahmud\"}]}<\/script>\n<!-- \/ Yoast SEO plugin. -->","yoast_head_json":{"title":"Narkoloji M\u0259rk\u0259zin ba\u015f direktoru v\u0259 m\u00fcavini h\u0259bs olunub - MEYDAN.TV","robots":{"index":"index","follow":"follow","max-snippet":"max-snippet:-1","max-image-preview":"max-image-preview:large","max-video-preview":"max-video-preview:-1"},"canonical":"https:\/\/www.meydan.tv\/az\/article\/narkoloji-merkezin-bas-direktoru-ve-muavini-hebs-olunub\/","og_locale":"az_AZ","og_type":"article","og_title":"Narkoloji M\u0259rk\u0259zin ba\u015f direktoru v\u0259 m\u00fcavini h\u0259bs olunub - MEYDAN.TV","og_description":"Ba\u015f Prokurorluqla S\u0259hiyy\u0259 Nazirliyi birg\u0259 m\u0259lumat yay\u0131b Respublika Narkoloji M\u0259rk\u0259zinin ... Davam\u0131","og_url":"https:\/\/www.meydan.tv\/az\/article\/narkoloji-merkezin-bas-direktoru-ve-muavini-hebs-olunub\/","og_site_name":"MEYDAN.TV","article_published_time":"2024-03-01T11:39:16+00:00","article_modified_time":"2024-03-01T11:39:19+00:00","og_image":[{"width":720,"height":279,"url":"https:\/\/www.meydan.tv\/wp-content\/uploads\/screenshot_2024-03-01_at_12.22.25_720.png","type":"image\/png"}],"author":"mahmud","twitter_card":"summary_large_image","schema":{"@context":"https:\/\/schema.org","@graph":[{"@type":"Article","@id":"https:\/\/www.meydan.tv\/az\/article\/narkoloji-merkezin-bas-direktoru-ve-muavini-hebs-olunub\/#article","isPartOf":{"@id":"https:\/\/www.meydan.tv\/az\/article\/narkoloji-merkezin-bas-direktoru-ve-muavini-hebs-olunub\/"},"author":{"name":"mahmud","@id":"https:\/\/www.meydan.tv\/az\/#\/schema\/person\/09863e516102a829e72bedcf3f84c6b0"},"headline":"Narkoloji M\u0259rk\u0259zin ba\u015f direktoru v\u0259 m\u00fcavini h\u0259bs olunub","datePublished":"2024-03-01T11:39:16+00:00","dateModified":"2024-03-01T11:39:19+00:00","mainEntityOfPage":{"@id":"https:\/\/www.meydan.tv\/az\/article\/narkoloji-merkezin-bas-direktoru-ve-muavini-hebs-olunub\/"},"wordCount":290,"publisher":{"@id":"https:\/\/www.meydan.tv\/az\/#organization"},"image":{"@id":"https:\/\/www.meydan.tv\/az\/article\/narkoloji-merkezin-bas-direktoru-ve-muavini-hebs-olunub\/#primaryimage"},"thumbnailUrl":"https:\/\/www.meydan.tv\/wp-content\/uploads\/screenshot_2024-03-01_at_12.22.25_720.png","articleSection":["Sosial","X\u0259b\u0259rl\u0259r"],"inLanguage":"az"},{"@type":"WebPage","@id":"https:\/\/www.meydan.tv\/az\/article\/narkoloji-merkezin-bas-direktoru-ve-muavini-hebs-olunub\/","url":"https:\/\/www.meydan.tv\/az\/article\/narkoloji-merkezin-bas-direktoru-ve-muavini-hebs-olunub\/","name":"Narkoloji M\u0259rk\u0259zin ba\u015f direktoru v\u0259 m\u00fcavini h\u0259bs olunub - MEYDAN.TV","isPartOf":{"@id":"https:\/\/www.meydan.tv\/az\/#website"},"primaryImageOfPage":{"@id":"https:\/\/www.meydan.tv\/az\/article\/narkoloji-merkezin-bas-direktoru-ve-muavini-hebs-olunub\/#primaryimage"},"image":{"@id":"https:\/\/www.meydan.tv\/az\/article\/narkoloji-merkezin-bas-direktoru-ve-muavini-hebs-olunub\/#primaryimage"},"thumbnailUrl":"https:\/\/www.meydan.tv\/wp-content\/uploads\/screenshot_2024-03-01_at_12.22.25_720.png","datePublished":"2024-03-01T11:39:16+00:00","dateModified":"2024-03-01T11:39:19+00:00","breadcrumb":{"@id":"https:\/\/www.meydan.tv\/az\/article\/narkoloji-merkezin-bas-direktoru-ve-muavini-hebs-olunub\/#breadcrumb"},"inLanguage":"az","potentialAction":[{"@type":"ReadAction","target":["https:\/\/www.meydan.tv\/az\/article\/narkoloji-merkezin-bas-direktoru-ve-muavini-hebs-olunub\/"]}]},{"@type":"ImageObject","inLanguage":"az","@id":"https:\/\/www.meydan.tv\/az\/article\/narkoloji-merkezin-bas-direktoru-ve-muavini-hebs-olunub\/#primaryimage","url":"https:\/\/www.meydan.tv\/wp-content\/uploads\/screenshot_2024-03-01_at_12.22.25_720.png","contentUrl":"https:\/\/www.meydan.tv\/wp-content\/uploads\/screenshot_2024-03-01_at_12.22.25_720.png","width":720,"height":279,"caption":"Foto: Ba\u015f Prokurorluq"},{"@type":"BreadcrumbList","@id":"https:\/\/www.meydan.tv\/az\/article\/narkoloji-merkezin-bas-direktoru-ve-muavini-hebs-olunub\/#breadcrumb","itemListElement":[{"@type":"ListItem","position":1,"name":"Ana s\u0259hif\u0259","item":"https:\/\/www.meydan.tv\/az\/"},{"@type":"ListItem","position":2,"name":"Sosial","item":"https:\/\/www.meydan.tv\/az\/section\/sosial\/"},{"@type":"ListItem","position":3,"name":"Narkoloji M\u0259rk\u0259zin ba\u015f direktoru v\u0259 m\u00fcavini h\u0259bs olunub"}]},{"@type":"WebSite","@id":"https:\/\/www.meydan.tv\/az\/#website","url":"https:\/\/www.meydan.tv\/az\/","name":"MEYDAN.TV","description":"Meydan TV Az\u0259rbaycan\u0131n media m\u0259kan\u0131ndak\u0131 alternativ s\u0259sidir","publisher":{"@id":"https:\/\/www.meydan.tv\/az\/#organization"},"potentialAction":[{"@type":"SearchAction","target":{"@type":"EntryPoint","urlTemplate":"https:\/\/www.meydan.tv\/az\/?s={search_term_string}"},"query-input":{"@type":"PropertyValueSpecification","valueRequired":true,"valueName":"search_term_string"}}],"inLanguage":"az"},{"@type":"Organization","@id":"https:\/\/www.meydan.tv\/az\/#organization","name":"Meydan TV","url":"https:\/\/www.meydan.tv\/az\/","logo":{"@type":"ImageObject","inLanguage":"az","@id":"https:\/\/www.meydan.tv\/az\/#\/schema\/logo\/image\/","url":"https:\/\/www.meydan.tv\/wp-content\/uploads\/2021\/07\/meydan-logo.svg","contentUrl":"https:\/\/www.meydan.tv\/wp-content\/uploads\/2021\/07\/meydan-logo.svg","width":195,"height":46,"caption":"Meydan TV"},"image":{"@id":"https:\/\/www.meydan.tv\/az\/#\/schema\/logo\/image\/"}},{"@type":"Person","@id":"https:\/\/www.meydan.tv\/az\/#\/schema\/person\/09863e516102a829e72bedcf3f84c6b0","name":"mahmud"}]}},"_links":{"self":[{"href":"https:\/\/www.meydan.tv\/az\/wp-json\/wp\/v2\/posts\/300317","targetHints":{"allow":["GET"]}}],"collection":[{"href":"https:\/\/www.meydan.tv\/az\/wp-json\/wp\/v2\/posts"}],"about":[{"href":"https:\/\/www.meydan.tv\/az\/wp-json\/wp\/v2\/types\/post"}],"author":[{"embeddable":true,"href":"https:\/\/www.meydan.tv\/az\/wp-json\/wp\/v2\/users\/21"}],"replies":[{"embeddable":true,"href":"https:\/\/www.meydan.tv\/az\/wp-json\/wp\/v2\/comments?post=300317"}],"version-history":[{"count":1,"href":"https:\/\/www.meydan.tv\/az\/wp-json\/wp\/v2\/posts\/300317\/revisions"}],"predecessor-version":[{"id":300321,"href":"https:\/\/www.meydan.tv\/az\/wp-json\/wp\/v2\/posts\/300317\/revisions\/300321"}],"wp:featuredmedia":[{"embeddable":true,"href":"https:\/\/www.meydan.tv\/az\/wp-json\/wp\/v2\/media\/300318"}],"wp:attachment":[{"href":"https:\/\/www.meydan.tv\/az\/wp-json\/wp\/v2\/media?parent=300317"}],"wp:term":[{"taxonomy":"category","embeddable":true,"href":"https:\/\/www.meydan.tv\/az\/wp-json\/wp\/v2\/categories?post=300317"},{"taxonomy":"post_tag","embeddable":true,"href":"https:\/\/www.meydan.tv\/az\/wp-json\/wp\/v2\/tags?post=300317"}],"curies":[{"name":"wp","href":"https:\/\/api.w.org\/{rel}","templated":true}]}}