{"id":300264,"date":"2024-02-29T20:00:26","date_gmt":"2024-02-29T16:00:26","guid":{"rendered":"https:\/\/www.meydan.tv\/?p=300264"},"modified":"2024-02-29T20:00:36","modified_gmt":"2024-02-29T16:00:36","slug":"semkir-sakini-meni-meseye-ozleri-silahi-basdirdigi-yere-apardilar","status":"publish","type":"post","link":"https:\/\/www.meydan.tv\/az\/article\/semkir-sakini-meni-meseye-ozleri-silahi-basdirdigi-yere-apardilar\/","title":{"rendered":"\u015e\u0259mkir sakini: \u201cM\u0259ni me\u015f\u0259y\u0259 &#8211; \u00f6zl\u0259ri silah\u0131 basd\u0131rd\u0131\u011f\u0131 yer\u0259 apard\u0131lar\u2026\u201d"},"content":{"rendered":"\n<p><\/p>\n\n\n\n<p><em><strong>\u201cM\u0259n\u0259 dedi ki, \u201cr\u0259is t\u0259z\u0259 g\u0259lib, adam tutmal\u0131yam, ya silah, ya narkotiki boynuna g\u00f6t\u00fcrm\u0259y\u0259 raz\u0131la\u015f&#8230;\u201d<\/strong><\/em><\/p>\n\n\n\n<p>\u015e\u0259mkir rayonunun D\u00fcy\u0259rli k\u0259nd sakini Co\u015fqun Aslanov narkotik v\u0259 silah&nbsp; ittiham\u0131yla 8 ay h\u0259bsd\u0259 saxlan\u0131l\u0131b. Lakin o deyir ki, n\u0259 odlu silah\u0131n, n\u0259 d\u0259 narkotikin ona aidiyy\u0259ti var. Co\u015fqun Aslanovun s\u00f6zl\u0259rin\u0259 g\u00f6r\u0259, narkotik v\u0259 silah\u0131 \u015e\u0259mkir rayon Polis \u015e\u00f6b\u0259sinin \u0259m\u0259kda\u015flar\u0131 onun \u00fcst\u00fcn\u0259 qoyub. Bunlar\u0131n ona aid oldu\u011funu etiraf etm\u0259si \u00fc\u00e7\u00fcn d\u0259 \u015f\u00f6b\u0259d\u0259 onu d\u00f6y\u00fcbl\u0259r.<\/p>\n\n\n\n<p><strong>\u201cNarkotiki \u00f6z\u00fc m\u0259nim \u00fcst\u00fcm\u0259 qoydu\u201d<\/strong><\/p>\n\n\n\n<p>Cinay\u0259t i\u015finin materiallar\u0131nda iddia olunur ki, Co\u015fqun Aslanovda narkotik olmas\u0131 bar\u0259d\u0259 \u015e\u0259mkir rayon Polis \u015e\u00f6b\u0259sinin Z\u0259y\u0259m polis b\u00f6lm\u0259sin\u0259 m\u0259lumat g\u0259lib. H\u0259min m\u0259lumat \u0259sas\u0131nda da \u0259m\u0259liyyat ke\u00e7irib, onu saxlay\u0131blar. Polis b\u00f6lm\u0259sind\u0259 onun \u00fcst\u00fcnd\u0259n kibrit qutusunda narkotik tap\u0131l\u0131b. \u0130ttihama \u0259sas\u0259n, o, polis \u015f\u00f6b\u0259sind\u0259 olanda etiraf edib ki, bir m\u00fcdd\u0259t \u0259vv\u0259l Bayraml\u0131 k\u0259ndind\u0259 &#8211; K\u00fcr \u00e7ay\u0131n\u0131n sahilind\u0259 avtomat, partonlar v\u0259 daraq tapm\u0131\u015fd\u0131. Onlar\u0131 ya\u015fad\u0131\u011f\u0131 D\u00fcy\u0259rli k\u0259ndind\u0259ki me\u015f\u0259likd\u0259 gizl\u0259dib. O, polisl\u0259rl\u0259 birlikd\u0259 h\u0259min \u0259raziy\u0259 gedib, yerini g\u00f6st\u0259rib. Polisl\u0259r d\u0259 silah\u0131 tap\u0131b g\u00f6t\u00fcr\u00fcbl\u0259r.<\/p>\n\n\n\n<p>30 ya\u015fl\u0131 Co\u015fqun Aslanov is\u0259 deyir ki, yaland\u0131r. Onun s\u00f6zl\u0259rin\u0259 g\u00f6r\u0259, tutuldu\u011fu g\u00fcn h\u0259mk\u0259ndlisi il\u0259 birlikd\u0259 k\u0259ndd\u0259 marketin yan\u0131nda dayan\u0131b s\u00f6hb\u0259t edirdi. Bu zaman \u015e\u0259mkir Rayon Polis \u015e\u00f6b\u0259sinin ba\u015f \u0259m\u0259liyyat m\u00fcv\u0259kkili Xaliq \u0130sg\u0259nd\u0259rov g\u0259lib, he\u00e7 ma\u015f\u0131ndan d\u00fc\u015fm\u0259d\u0259n onu yan\u0131na \u00e7a\u011f\u0131r\u0131b:<\/p>\n\n\n\n<p><em>\u201cXaliq m\u00fc\u0259llim m\u0259ni \u0259li il\u0259 \u00e7a\u011f\u0131rd\u0131. Onu \u0259vv\u0259ld\u0259n tan\u0131y\u0131rd\u0131m. Yax\u0131nla\u015fd\u0131m, m\u0259n\u0259 dedi ki, ma\u015f\u0131na oturum. M\u0259n d\u0259 \u0259yl\u0259\u015fdim. \u015e\u00f6b\u0259y\u0259 getdik. M\u0259n\u0259 dedi ki, \u201cr\u0259is t\u0259z\u0259 g\u0259lib, adam tutmal\u0131yam, ya silah, ya narkotiki boynuna g\u00f6t\u00fcrm\u0259y\u0259 raz\u0131la\u015f, h\u0259bs olunmayacaqsan, birinci d\u0259f\u0259dir\u201d. Raz\u0131la\u015fmad\u0131m, ba\u015flad\u0131lar d\u00f6ym\u0259y\u0259. M\u0259cbur olub raz\u0131la\u015fanda Xaliq m\u00fc\u0259llim z\u0259ng el\u0259di ki, \u201cs\u0259n\u0259 verdiyim \u015feyi g\u0259tir\u201d. Otaqdan \u00e7\u0131xd\u0131, he\u00e7 bir d\u0259qiq\u0259 ke\u00e7m\u0259mi\u015f g\u0259ldi. \u00d6z\u00fc narkotiki m\u0259nim \u00fcst\u00fcm\u0259 qoydu. \u018fvv\u0259l \u00fc\u00e7 d\u0259n\u0259 idi, sat\u0131\u015f ittiham\u0131 verm\u0259k ist\u0259yirdil\u0259r. Sonra Xaliq m\u00fc\u0259llim dedi ki, ist\u0259yirs\u0259n, \u201csilahla \u0259v\u0259z el\u0259y\u0259k, o, daha y\u00fcng\u00fcld\u00fcr\u201d. Ona raz\u0131la\u015fd\u0131m. Bundan sonra narkotikin ikisini g\u00f6t\u00fcrd\u00fcl\u0259r, biri qald\u0131 \u00fcst\u00fcmd\u0259&#8230;\u201d<\/em>.<\/p>\n\n\n\n<p><strong>\u201cA\u00e7\u0131q-a\u015fkar g\u00f6r\u00fcn\u00fcrd\u00fc ki, kis\u0259 t\u0259z\u0259dir, \u00e7oxdan basd\u0131r\u0131lm\u0131\u015f bir \u015fey deyil\u201d<\/strong><\/p>\n\n\n\n<p>Co\u015fqun Aslanov dan\u0131\u015f\u0131r ki, daha sonra polis \u0259m\u0259kda\u015flar\u0131 Xaliq \u0130sg\u0259nd\u0259rov, C\u00fcm\u015f\u00fcd Novruzov v\u0259 bir n\u0259f\u0259r s\u00fcr\u00fcc\u00fc onu me\u015f\u0259lik \u0259raziy\u0259 apar\u0131b, orada silah\u0131n yerini g\u00f6st\u0259ribl\u0259r, h\u0259min yeri yad\u0131nda saxlama\u011f\u0131 t\u0259l\u0259b edibl\u0259r. Geriy\u0259 qaytar\u0131b, polis \u015f\u00f6b\u0259sind\u0259 \u00e7\u0259kili\u015f apar\u0131blar. Kamera qar\u015f\u0131s\u0131nda \u00fcst\u00fcnd\u0259ki narkotikin ona aid oldu\u011funu, h\u0259tta D\u00fcy\u0259rli k\u0259ndind\u0259 me\u015f\u0259lik \u0259razid\u0259 silah da gizl\u0259tdiyini deyib:<\/p>\n\n\n\n<p><em>\u00a0\u201c\u00c7\u0259kili\u015fi aparan adam\u0131n arxas\u0131ndan Q\u0259dim m\u00fc\u0259llim (Z\u0259y\u0259m polis b\u00f6lm\u0259sinin r\u0259isi, polkovnik-leytenant Q\u0259dim H\u0259s\u0259nov-red.) v\u0259 o biri polisl\u0259r d\u00fcz g\u00f6z\u00fcm\u00fcn i\u00e7in\u0259 bax\u0131rd\u0131lar. Onlar\u0131n \u0259vv\u0259ld\u0259n \u00f6yr\u0259tdikl\u0259rini kamera qar\u015f\u0131s\u0131nda dem\u0259liydim. Sonra ikinci d\u0259f\u0259 m\u0259ni me\u015f\u0259y\u0259 &#8211; silah\u0131 g\u00f6st\u0259rdikl\u0259ri yer\u0259 apard\u0131lar. Orada h\u0259min yeri g\u00f6st\u0259rdim. Qaz\u0131b, kis\u0259 \u00e7\u0131xartd\u0131lar, i\u00e7ind\u0259 d\u0259 bir avtomat, iki sand\u0131q\u00e7a v\u0259 g\u00fcll\u0259l\u0259r. A\u00e7\u0131q-a\u015fkar g\u00f6r\u00fcn\u00fcrd\u00fc ki, kis\u0259 t\u0259z\u0259dir, \u00e7oxdan basd\u0131r\u0131lm\u0131\u015f bir \u015fey deyil\u201d<\/em>.<\/p>\n\n\n\n<p>\u0130ttihama g\u00f6r\u0259, \u0259m\u0259liyyat m\u0259lumat\u0131 \u0259sas\u0131nda Co\u015fqun Aslanovu saxlama\u011fa 3-4 n\u0259f\u0259r polis \u0259m\u0259kda\u015f\u0131 eyni ma\u015f\u0131nda gedib. El\u0259 polisl\u0259r d\u0259 m\u0259hk\u0259m\u0259d\u0259 dindiril\u0259nd\u0259 bel\u0259 deyibl\u0259r.<\/p>\n\n\n\n<p><strong>Video polisl\u0259rin dedikl\u0259rinin \u0259ksini s\u00fcbut edir<\/strong><\/p>\n\n\n\n<p>Amma Co\u015fqun Aslanovun v\u0259kili Zabil Q\u0259hr\u0259manov m\u0259hk\u0259m\u0259y\u0259 m\u00fcv\u0259kkilinin nec\u0259 saxland\u0131\u011f\u0131n\u0131 s\u00fcbut ed\u0259n video t\u0259qdim edib. H\u0259min video is\u0259 polisl\u0259rin yox, Co\u015fqun Aslanovun dedikl\u0259rini t\u0259sdiql\u0259yir. Videodan g\u00f6r\u00fcn\u00fcr ki, o, kiminl\u0259s\u0259 s\u00f6hb\u0259t edir, bu zaman bir ma\u015f\u0131n g\u0259lir. Co\u015fqun Aslanov h\u0259min ma\u015f\u0131na t\u0259r\u0259f gedir v\u0259 arxa qap\u0131dan avtomobil\u0259 \u0259yl\u0259\u015fir. Avtomobild\u0259 s\u00fcr\u00fcc\u00fcd\u0259n ba\u015fqa he\u00e7 kimin olmad\u0131\u011f\u0131 g\u00f6r\u00fcn\u00fcr.<\/p>\n\n\n\n<p>Polisl\u0259r is\u0259 ifad\u0259l\u0259rind\u0259 bildirmi\u015fdi ki, onlar Co\u015fqun Aslanovun arxas\u0131nca ged\u0259nd\u0259 iki n\u0259f\u0259r \u00f6n t\u0259r\u0259fd\u0259, iki n\u0259f\u0259r is\u0259 arxada \u0259yl\u0259\u015fmi\u015fdi.<\/p>\n\n\n\n<p><strong>B\u0259ra\u0259t h\u00f6km\u00fc&#8230;<\/strong><\/p>\n\n\n\n<p>Cinay\u0259t M\u0259c\u0259ll\u0259sinin 234.1 (narkotik \u0259ld\u0259 etm\u0259, da\u015f\u0131ma, saxlama) v\u0259 228.1 (qanunsuz silah \u0259ld\u0259 etm\u0259, saxlama) madd\u0259l\u0259ril\u0259 t\u0259qsirl\u0259ndiril\u0259n 30 ya\u015fl\u0131 Co\u015fqun Aslanovun i\u015fin\u0259 \u015e\u0259mkir Rayon M\u0259hk\u0259m\u0259sind\u0259 bax\u0131l\u0131b. Hakim H\u0259vay\u0259t M\u0259h\u0259mm\u0259di ara\u015fd\u0131rmalardan sonra onun t\u0259qsirsiz oldu\u011fu q\u0259na\u0259tin\u0259 g\u0259lib. 8 aydan \u00e7ox h\u0259bsd\u0259 saxlan\u0131lan Co\u015fqun Aslanov b\u0259ra\u0259t h\u00f6km\u00fcyl\u0259 azadl\u0131\u011fa burax\u0131l\u0131b.<\/p>\n","protected":false},"excerpt":{"rendered":"<p>\u201cM\u0259n\u0259 dedi ki, \u201cr\u0259is t\u0259z\u0259 g\u0259lib, adam tutmal\u0131yam, ya silah, &#8230; <\/p>\n<p class=\"read-more-container\"><a title=\"\u015e\u0259mkir sakini: \u201cM\u0259ni me\u015f\u0259y\u0259 &#8211; \u00f6zl\u0259ri silah\u0131 basd\u0131rd\u0131\u011f\u0131 yer\u0259 apard\u0131lar\u2026\u201d\" class=\"read-more button\" href=\"https:\/\/www.meydan.tv\/az\/article\/semkir-sakini-meni-meseye-ozleri-silahi-basdirdigi-yere-apardilar\/#more-300264\" aria-label=\"Read more about \u015e\u0259mkir sakini: \u201cM\u0259ni me\u015f\u0259y\u0259 &#8211; \u00f6zl\u0259ri silah\u0131 basd\u0131rd\u0131\u011f\u0131 yer\u0259 apard\u0131lar\u2026\u201d\">Davam\u0131<\/a><\/p>\n","protected":false},"author":21,"featured_media":210747,"comment_status":"closed","ping_status":"closed","sticky":false,"template":"","format":"standard","meta":{"_acf_changed":false,"_sitemap_exclude":false,"_sitemap_priority":"","_sitemap_frequency":"","footnotes":""},"categories":[62,56],"tags":[],"class_list":["post-300264","post","type-post","status-publish","format-standard","has-post-thumbnail","hentry","category-sosial","category-xeberler","infinite-scroll-item","generate-columns","tablet-grid-50","mobile-grid-100","grid-parent","grid-33","no-featured-image-padding"],"acf":[],"yoast_head":"<!-- This site is optimized with the Yoast SEO plugin v27.5 - https:\/\/yoast.com\/product\/yoast-seo-wordpress\/ -->\n<title>\u015e\u0259mkir sakini: \u201cM\u0259ni me\u015f\u0259y\u0259 - \u00f6zl\u0259ri silah\u0131 basd\u0131rd\u0131\u011f\u0131 yer\u0259 apard\u0131lar\u2026\u201d - MEYDAN.TV<\/title>\n<meta name=\"robots\" content=\"index, follow, max-snippet:-1, max-image-preview:large, max-video-preview:-1\" \/>\n<link rel=\"canonical\" href=\"https:\/\/www.meydan.tv\/az\/article\/semkir-sakini-meni-meseye-ozleri-silahi-basdirdigi-yere-apardilar\/\" \/>\n<meta property=\"og:locale\" content=\"az_AZ\" \/>\n<meta property=\"og:type\" content=\"article\" \/>\n<meta property=\"og:title\" content=\"\u015e\u0259mkir sakini: \u201cM\u0259ni me\u015f\u0259y\u0259 - \u00f6zl\u0259ri silah\u0131 basd\u0131rd\u0131\u011f\u0131 yer\u0259 apard\u0131lar\u2026\u201d - MEYDAN.TV\" \/>\n<meta property=\"og:description\" content=\"\u201cM\u0259n\u0259 dedi ki, \u201cr\u0259is t\u0259z\u0259 g\u0259lib, adam tutmal\u0131yam, ya silah, ... Davam\u0131\" \/>\n<meta property=\"og:url\" content=\"https:\/\/www.meydan.tv\/az\/article\/semkir-sakini-meni-meseye-ozleri-silahi-basdirdigi-yere-apardilar\/\" \/>\n<meta property=\"og:site_name\" content=\"MEYDAN.TV\" \/>\n<meta property=\"article:published_time\" content=\"2024-02-29T16:00:26+00:00\" \/>\n<meta property=\"article:modified_time\" content=\"2024-02-29T16:00:36+00:00\" \/>\n<meta property=\"og:image\" content=\"https:\/\/www.meydan.tv\/wp-content\/uploads\/49937dc3-818e-4d99-83f0-9ba18c1e1c48-scaled-e1664534385948.jpeg\" \/>\n\t<meta property=\"og:image:width\" content=\"2560\" \/>\n\t<meta property=\"og:image:height\" content=\"1561\" \/>\n\t<meta property=\"og:image:type\" content=\"image\/jpeg\" \/>\n<meta name=\"author\" content=\"mahmud\" \/>\n<meta name=\"twitter:card\" content=\"summary_large_image\" \/>\n<script type=\"application\/ld+json\" class=\"yoast-schema-graph\">{\"@context\":\"https:\\\/\\\/schema.org\",\"@graph\":[{\"@type\":\"Article\",\"@id\":\"https:\\\/\\\/www.meydan.tv\\\/az\\\/article\\\/semkir-sakini-meni-meseye-ozleri-silahi-basdirdigi-yere-apardilar\\\/#article\",\"isPartOf\":{\"@id\":\"https:\\\/\\\/www.meydan.tv\\\/az\\\/article\\\/semkir-sakini-meni-meseye-ozleri-silahi-basdirdigi-yere-apardilar\\\/\"},\"author\":{\"name\":\"mahmud\",\"@id\":\"https:\\\/\\\/www.meydan.tv\\\/az\\\/#\\\/schema\\\/person\\\/09863e516102a829e72bedcf3f84c6b0\"},\"headline\":\"\u015e\u0259mkir sakini: \u201cM\u0259ni me\u015f\u0259y\u0259 &#8211; \u00f6zl\u0259ri silah\u0131 basd\u0131rd\u0131\u011f\u0131 yer\u0259 apard\u0131lar\u2026\u201d\",\"datePublished\":\"2024-02-29T16:00:26+00:00\",\"dateModified\":\"2024-02-29T16:00:36+00:00\",\"mainEntityOfPage\":{\"@id\":\"https:\\\/\\\/www.meydan.tv\\\/az\\\/article\\\/semkir-sakini-meni-meseye-ozleri-silahi-basdirdigi-yere-apardilar\\\/\"},\"wordCount\":979,\"publisher\":{\"@id\":\"https:\\\/\\\/www.meydan.tv\\\/az\\\/#organization\"},\"image\":{\"@id\":\"https:\\\/\\\/www.meydan.tv\\\/az\\\/article\\\/semkir-sakini-meni-meseye-ozleri-silahi-basdirdigi-yere-apardilar\\\/#primaryimage\"},\"thumbnailUrl\":\"https:\\\/\\\/www.meydan.tv\\\/wp-content\\\/uploads\\\/49937dc3-818e-4d99-83f0-9ba18c1e1c48-scaled-e1664534385948.jpeg\",\"articleSection\":[\"Sosial\",\"X\u0259b\u0259rl\u0259r\"],\"inLanguage\":\"az\"},{\"@type\":\"WebPage\",\"@id\":\"https:\\\/\\\/www.meydan.tv\\\/az\\\/article\\\/semkir-sakini-meni-meseye-ozleri-silahi-basdirdigi-yere-apardilar\\\/\",\"url\":\"https:\\\/\\\/www.meydan.tv\\\/az\\\/article\\\/semkir-sakini-meni-meseye-ozleri-silahi-basdirdigi-yere-apardilar\\\/\",\"name\":\"\u015e\u0259mkir sakini: \u201cM\u0259ni me\u015f\u0259y\u0259 - \u00f6zl\u0259ri silah\u0131 basd\u0131rd\u0131\u011f\u0131 yer\u0259 apard\u0131lar\u2026\u201d - MEYDAN.TV\",\"isPartOf\":{\"@id\":\"https:\\\/\\\/www.meydan.tv\\\/az\\\/#website\"},\"primaryImageOfPage\":{\"@id\":\"https:\\\/\\\/www.meydan.tv\\\/az\\\/article\\\/semkir-sakini-meni-meseye-ozleri-silahi-basdirdigi-yere-apardilar\\\/#primaryimage\"},\"image\":{\"@id\":\"https:\\\/\\\/www.meydan.tv\\\/az\\\/article\\\/semkir-sakini-meni-meseye-ozleri-silahi-basdirdigi-yere-apardilar\\\/#primaryimage\"},\"thumbnailUrl\":\"https:\\\/\\\/www.meydan.tv\\\/wp-content\\\/uploads\\\/49937dc3-818e-4d99-83f0-9ba18c1e1c48-scaled-e1664534385948.jpeg\",\"datePublished\":\"2024-02-29T16:00:26+00:00\",\"dateModified\":\"2024-02-29T16:00:36+00:00\",\"breadcrumb\":{\"@id\":\"https:\\\/\\\/www.meydan.tv\\\/az\\\/article\\\/semkir-sakini-meni-meseye-ozleri-silahi-basdirdigi-yere-apardilar\\\/#breadcrumb\"},\"inLanguage\":\"az\",\"potentialAction\":[{\"@type\":\"ReadAction\",\"target\":[\"https:\\\/\\\/www.meydan.tv\\\/az\\\/article\\\/semkir-sakini-meni-meseye-ozleri-silahi-basdirdigi-yere-apardilar\\\/\"]}]},{\"@type\":\"ImageObject\",\"inLanguage\":\"az\",\"@id\":\"https:\\\/\\\/www.meydan.tv\\\/az\\\/article\\\/semkir-sakini-meni-meseye-ozleri-silahi-basdirdigi-yere-apardilar\\\/#primaryimage\",\"url\":\"https:\\\/\\\/www.meydan.tv\\\/wp-content\\\/uploads\\\/49937dc3-818e-4d99-83f0-9ba18c1e1c48-scaled-e1664534385948.jpeg\",\"contentUrl\":\"https:\\\/\\\/www.meydan.tv\\\/wp-content\\\/uploads\\\/49937dc3-818e-4d99-83f0-9ba18c1e1c48-scaled-e1664534385948.jpeg\",\"width\":2560,\"height\":1561,\"caption\":\"Foto: Meydan TV\"},{\"@type\":\"BreadcrumbList\",\"@id\":\"https:\\\/\\\/www.meydan.tv\\\/az\\\/article\\\/semkir-sakini-meni-meseye-ozleri-silahi-basdirdigi-yere-apardilar\\\/#breadcrumb\",\"itemListElement\":[{\"@type\":\"ListItem\",\"position\":1,\"name\":\"Ana s\u0259hif\u0259\",\"item\":\"https:\\\/\\\/www.meydan.tv\\\/az\\\/\"},{\"@type\":\"ListItem\",\"position\":2,\"name\":\"Sosial\",\"item\":\"https:\\\/\\\/www.meydan.tv\\\/az\\\/section\\\/sosial\\\/\"},{\"@type\":\"ListItem\",\"position\":3,\"name\":\"\u015e\u0259mkir sakini: \u201cM\u0259ni me\u015f\u0259y\u0259 &#8211; \u00f6zl\u0259ri silah\u0131 basd\u0131rd\u0131\u011f\u0131 yer\u0259 apard\u0131lar\u2026\u201d\"}]},{\"@type\":\"WebSite\",\"@id\":\"https:\\\/\\\/www.meydan.tv\\\/az\\\/#website\",\"url\":\"https:\\\/\\\/www.meydan.tv\\\/az\\\/\",\"name\":\"MEYDAN.TV\",\"description\":\"Meydan TV Az\u0259rbaycan\u0131n media m\u0259kan\u0131ndak\u0131 alternativ s\u0259sidir\",\"publisher\":{\"@id\":\"https:\\\/\\\/www.meydan.tv\\\/az\\\/#organization\"},\"potentialAction\":[{\"@type\":\"SearchAction\",\"target\":{\"@type\":\"EntryPoint\",\"urlTemplate\":\"https:\\\/\\\/www.meydan.tv\\\/az\\\/?s={search_term_string}\"},\"query-input\":{\"@type\":\"PropertyValueSpecification\",\"valueRequired\":true,\"valueName\":\"search_term_string\"}}],\"inLanguage\":\"az\"},{\"@type\":\"Organization\",\"@id\":\"https:\\\/\\\/www.meydan.tv\\\/az\\\/#organization\",\"name\":\"Meydan TV\",\"url\":\"https:\\\/\\\/www.meydan.tv\\\/az\\\/\",\"logo\":{\"@type\":\"ImageObject\",\"inLanguage\":\"az\",\"@id\":\"https:\\\/\\\/www.meydan.tv\\\/az\\\/#\\\/schema\\\/logo\\\/image\\\/\",\"url\":\"https:\\\/\\\/www.meydan.tv\\\/wp-content\\\/uploads\\\/2021\\\/07\\\/meydan-logo.svg\",\"contentUrl\":\"https:\\\/\\\/www.meydan.tv\\\/wp-content\\\/uploads\\\/2021\\\/07\\\/meydan-logo.svg\",\"width\":195,\"height\":46,\"caption\":\"Meydan TV\"},\"image\":{\"@id\":\"https:\\\/\\\/www.meydan.tv\\\/az\\\/#\\\/schema\\\/logo\\\/image\\\/\"}},{\"@type\":\"Person\",\"@id\":\"https:\\\/\\\/www.meydan.tv\\\/az\\\/#\\\/schema\\\/person\\\/09863e516102a829e72bedcf3f84c6b0\",\"name\":\"mahmud\"}]}<\/script>\n<!-- \/ Yoast SEO plugin. -->","yoast_head_json":{"title":"\u015e\u0259mkir sakini: \u201cM\u0259ni me\u015f\u0259y\u0259 - \u00f6zl\u0259ri silah\u0131 basd\u0131rd\u0131\u011f\u0131 yer\u0259 apard\u0131lar\u2026\u201d - MEYDAN.TV","robots":{"index":"index","follow":"follow","max-snippet":"max-snippet:-1","max-image-preview":"max-image-preview:large","max-video-preview":"max-video-preview:-1"},"canonical":"https:\/\/www.meydan.tv\/az\/article\/semkir-sakini-meni-meseye-ozleri-silahi-basdirdigi-yere-apardilar\/","og_locale":"az_AZ","og_type":"article","og_title":"\u015e\u0259mkir sakini: \u201cM\u0259ni me\u015f\u0259y\u0259 - \u00f6zl\u0259ri silah\u0131 basd\u0131rd\u0131\u011f\u0131 yer\u0259 apard\u0131lar\u2026\u201d - MEYDAN.TV","og_description":"\u201cM\u0259n\u0259 dedi ki, \u201cr\u0259is t\u0259z\u0259 g\u0259lib, adam tutmal\u0131yam, ya silah, ... Davam\u0131","og_url":"https:\/\/www.meydan.tv\/az\/article\/semkir-sakini-meni-meseye-ozleri-silahi-basdirdigi-yere-apardilar\/","og_site_name":"MEYDAN.TV","article_published_time":"2024-02-29T16:00:26+00:00","article_modified_time":"2024-02-29T16:00:36+00:00","og_image":[{"width":2560,"height":1561,"url":"https:\/\/www.meydan.tv\/wp-content\/uploads\/49937dc3-818e-4d99-83f0-9ba18c1e1c48-scaled-e1664534385948.jpeg","type":"image\/jpeg"}],"author":"mahmud","twitter_card":"summary_large_image","schema":{"@context":"https:\/\/schema.org","@graph":[{"@type":"Article","@id":"https:\/\/www.meydan.tv\/az\/article\/semkir-sakini-meni-meseye-ozleri-silahi-basdirdigi-yere-apardilar\/#article","isPartOf":{"@id":"https:\/\/www.meydan.tv\/az\/article\/semkir-sakini-meni-meseye-ozleri-silahi-basdirdigi-yere-apardilar\/"},"author":{"name":"mahmud","@id":"https:\/\/www.meydan.tv\/az\/#\/schema\/person\/09863e516102a829e72bedcf3f84c6b0"},"headline":"\u015e\u0259mkir sakini: \u201cM\u0259ni me\u015f\u0259y\u0259 &#8211; \u00f6zl\u0259ri silah\u0131 basd\u0131rd\u0131\u011f\u0131 yer\u0259 apard\u0131lar\u2026\u201d","datePublished":"2024-02-29T16:00:26+00:00","dateModified":"2024-02-29T16:00:36+00:00","mainEntityOfPage":{"@id":"https:\/\/www.meydan.tv\/az\/article\/semkir-sakini-meni-meseye-ozleri-silahi-basdirdigi-yere-apardilar\/"},"wordCount":979,"publisher":{"@id":"https:\/\/www.meydan.tv\/az\/#organization"},"image":{"@id":"https:\/\/www.meydan.tv\/az\/article\/semkir-sakini-meni-meseye-ozleri-silahi-basdirdigi-yere-apardilar\/#primaryimage"},"thumbnailUrl":"https:\/\/www.meydan.tv\/wp-content\/uploads\/49937dc3-818e-4d99-83f0-9ba18c1e1c48-scaled-e1664534385948.jpeg","articleSection":["Sosial","X\u0259b\u0259rl\u0259r"],"inLanguage":"az"},{"@type":"WebPage","@id":"https:\/\/www.meydan.tv\/az\/article\/semkir-sakini-meni-meseye-ozleri-silahi-basdirdigi-yere-apardilar\/","url":"https:\/\/www.meydan.tv\/az\/article\/semkir-sakini-meni-meseye-ozleri-silahi-basdirdigi-yere-apardilar\/","name":"\u015e\u0259mkir sakini: \u201cM\u0259ni me\u015f\u0259y\u0259 - \u00f6zl\u0259ri silah\u0131 basd\u0131rd\u0131\u011f\u0131 yer\u0259 apard\u0131lar\u2026\u201d - MEYDAN.TV","isPartOf":{"@id":"https:\/\/www.meydan.tv\/az\/#website"},"primaryImageOfPage":{"@id":"https:\/\/www.meydan.tv\/az\/article\/semkir-sakini-meni-meseye-ozleri-silahi-basdirdigi-yere-apardilar\/#primaryimage"},"image":{"@id":"https:\/\/www.meydan.tv\/az\/article\/semkir-sakini-meni-meseye-ozleri-silahi-basdirdigi-yere-apardilar\/#primaryimage"},"thumbnailUrl":"https:\/\/www.meydan.tv\/wp-content\/uploads\/49937dc3-818e-4d99-83f0-9ba18c1e1c48-scaled-e1664534385948.jpeg","datePublished":"2024-02-29T16:00:26+00:00","dateModified":"2024-02-29T16:00:36+00:00","breadcrumb":{"@id":"https:\/\/www.meydan.tv\/az\/article\/semkir-sakini-meni-meseye-ozleri-silahi-basdirdigi-yere-apardilar\/#breadcrumb"},"inLanguage":"az","potentialAction":[{"@type":"ReadAction","target":["https:\/\/www.meydan.tv\/az\/article\/semkir-sakini-meni-meseye-ozleri-silahi-basdirdigi-yere-apardilar\/"]}]},{"@type":"ImageObject","inLanguage":"az","@id":"https:\/\/www.meydan.tv\/az\/article\/semkir-sakini-meni-meseye-ozleri-silahi-basdirdigi-yere-apardilar\/#primaryimage","url":"https:\/\/www.meydan.tv\/wp-content\/uploads\/49937dc3-818e-4d99-83f0-9ba18c1e1c48-scaled-e1664534385948.jpeg","contentUrl":"https:\/\/www.meydan.tv\/wp-content\/uploads\/49937dc3-818e-4d99-83f0-9ba18c1e1c48-scaled-e1664534385948.jpeg","width":2560,"height":1561,"caption":"Foto: Meydan TV"},{"@type":"BreadcrumbList","@id":"https:\/\/www.meydan.tv\/az\/article\/semkir-sakini-meni-meseye-ozleri-silahi-basdirdigi-yere-apardilar\/#breadcrumb","itemListElement":[{"@type":"ListItem","position":1,"name":"Ana s\u0259hif\u0259","item":"https:\/\/www.meydan.tv\/az\/"},{"@type":"ListItem","position":2,"name":"Sosial","item":"https:\/\/www.meydan.tv\/az\/section\/sosial\/"},{"@type":"ListItem","position":3,"name":"\u015e\u0259mkir sakini: \u201cM\u0259ni me\u015f\u0259y\u0259 &#8211; \u00f6zl\u0259ri silah\u0131 basd\u0131rd\u0131\u011f\u0131 yer\u0259 apard\u0131lar\u2026\u201d"}]},{"@type":"WebSite","@id":"https:\/\/www.meydan.tv\/az\/#website","url":"https:\/\/www.meydan.tv\/az\/","name":"MEYDAN.TV","description":"Meydan TV Az\u0259rbaycan\u0131n media m\u0259kan\u0131ndak\u0131 alternativ s\u0259sidir","publisher":{"@id":"https:\/\/www.meydan.tv\/az\/#organization"},"potentialAction":[{"@type":"SearchAction","target":{"@type":"EntryPoint","urlTemplate":"https:\/\/www.meydan.tv\/az\/?s={search_term_string}"},"query-input":{"@type":"PropertyValueSpecification","valueRequired":true,"valueName":"search_term_string"}}],"inLanguage":"az"},{"@type":"Organization","@id":"https:\/\/www.meydan.tv\/az\/#organization","name":"Meydan TV","url":"https:\/\/www.meydan.tv\/az\/","logo":{"@type":"ImageObject","inLanguage":"az","@id":"https:\/\/www.meydan.tv\/az\/#\/schema\/logo\/image\/","url":"https:\/\/www.meydan.tv\/wp-content\/uploads\/2021\/07\/meydan-logo.svg","contentUrl":"https:\/\/www.meydan.tv\/wp-content\/uploads\/2021\/07\/meydan-logo.svg","width":195,"height":46,"caption":"Meydan TV"},"image":{"@id":"https:\/\/www.meydan.tv\/az\/#\/schema\/logo\/image\/"}},{"@type":"Person","@id":"https:\/\/www.meydan.tv\/az\/#\/schema\/person\/09863e516102a829e72bedcf3f84c6b0","name":"mahmud"}]}},"_links":{"self":[{"href":"https:\/\/www.meydan.tv\/az\/wp-json\/wp\/v2\/posts\/300264","targetHints":{"allow":["GET"]}}],"collection":[{"href":"https:\/\/www.meydan.tv\/az\/wp-json\/wp\/v2\/posts"}],"about":[{"href":"https:\/\/www.meydan.tv\/az\/wp-json\/wp\/v2\/types\/post"}],"author":[{"embeddable":true,"href":"https:\/\/www.meydan.tv\/az\/wp-json\/wp\/v2\/users\/21"}],"replies":[{"embeddable":true,"href":"https:\/\/www.meydan.tv\/az\/wp-json\/wp\/v2\/comments?post=300264"}],"version-history":[{"count":1,"href":"https:\/\/www.meydan.tv\/az\/wp-json\/wp\/v2\/posts\/300264\/revisions"}],"predecessor-version":[{"id":300265,"href":"https:\/\/www.meydan.tv\/az\/wp-json\/wp\/v2\/posts\/300264\/revisions\/300265"}],"wp:featuredmedia":[{"embeddable":true,"href":"https:\/\/www.meydan.tv\/az\/wp-json\/wp\/v2\/media\/210747"}],"wp:attachment":[{"href":"https:\/\/www.meydan.tv\/az\/wp-json\/wp\/v2\/media?parent=300264"}],"wp:term":[{"taxonomy":"category","embeddable":true,"href":"https:\/\/www.meydan.tv\/az\/wp-json\/wp\/v2\/categories?post=300264"},{"taxonomy":"post_tag","embeddable":true,"href":"https:\/\/www.meydan.tv\/az\/wp-json\/wp\/v2\/tags?post=300264"}],"curies":[{"name":"wp","href":"https:\/\/api.w.org\/{rel}","templated":true}]}}