{"id":300256,"date":"2024-02-29T18:39:39","date_gmt":"2024-02-29T14:39:39","guid":{"rendered":"https:\/\/www.meydan.tv\/?p=300256"},"modified":"2024-02-29T19:28:22","modified_gmt":"2024-02-29T15:28:22","slug":"prokuror-jurnaliste-8-il-3-ay-hebs-cezasi-istedi","status":"publish","type":"post","link":"https:\/\/www.meydan.tv\/az\/article\/prokuror-jurnaliste-8-il-3-ay-hebs-cezasi-istedi\/","title":{"rendered":"Prokuror jurnalist\u0259 8 il 3 ay h\u0259bs c\u0259zas\u0131 ist\u0259di"},"content":{"rendered":"\n<p><\/p>\n\n\n\n<p><strong><em>V\u0259kil deyib ki, m\u00fcv\u0259kkilin\u0259 b\u0259ra\u0259t verilm\u0259lidir<\/em><\/strong><\/p>\n\n\n\n<p>Xa\u00e7mazda ya\u015fayan v\u0259 \u0259sas\u0259n \u015eimal b\u00f6lg\u0259sind\u0259 ba\u015f ver\u0259n hadis\u0259l\u0259rl\u0259 ba\u011fl\u0131 materiallar haz\u0131rlayan, haz\u0131rda is\u0259 h\u0259bsd\u0259 olan jurnalist C\u0259mil M\u0259mm\u0259dlinin m\u0259hk\u0259m\u0259si ba\u015fa \u00e7atmaq \u00fczr\u0259dir.<\/p>\n\n\n\n<p>C\u0259mil M\u0259mm\u0259dli Sumqay\u0131t A\u011f\u0131r Cinay\u0259tl\u0259r M\u0259hk\u0259m\u0259sind\u0259 m\u00fchakim\u0259 olunur. Fevral\u0131n 29-da ke\u00e7iril\u0259n prosesd\u0259 hakim F\u0259hmin H\u00fcmb\u0259tov m\u0259hk\u0259m\u0259 istintaq\u0131n\u0131n yekunla\u015fd\u0131\u011f\u0131n\u0131 elan edib. Bundan sonra \u00e7\u0131x\u0131\u015flar m\u0259rh\u0259l\u0259si ba\u015flay\u0131b.<\/p>\n\n\n\n<p>Prokuror \u00e7\u0131x\u0131\u015f ed\u0259r\u0259k, C\u0259mil M\u0259mm\u0259dlinin 8 il 3 ay azadl\u0131qdan m\u0259hrum edilm\u0259sini ist\u0259yib.<\/p>\n\n\n\n<p>Daha sonra jurnalistin v\u0259kili Fariz Namazl\u0131 \u00e7\u0131x\u0131\u015f edib. V\u0259kil bildirib ki, C\u0259mil M\u0259mm\u0259dliy\u0259 qar\u015f\u0131 ir\u0259li s\u00fcr\u00fcl\u0259n d\u0259l\u0259duzluq, xuliqanl\u0131q, h\u0259d\u0259-qorxu il\u0259 t\u0259l\u0259b etm\u0259 kimi ittihamlar\u0131n he\u00e7 bir \u0259sas\u0131 yoxdur. M\u0259hk\u0259m\u0259 istintaq\u0131 boyunca ittihamlar\u0131 t\u0259sdiql\u0259y\u0259n he\u00e7 bir m\u00f6t\u0259b\u0259r s\u00fcbut-d\u0259lil ortaya qoyulmay\u0131b.<\/p>\n\n\n\n<p>M\u00fcdafi\u0259\u00e7i vur\u011fulay\u0131b ki, z\u0259r\u0259r\u00e7\u0259kmi\u015f qismind\u0259 tan\u0131nan \u015f\u0259xsl\u0259rd\u0259n 2 n\u0259f\u0259r C\u0259mil M\u0259mm\u0259dliy\u0259 qar\u015f\u0131 \u015fikay\u0259t v\u0259 t\u0259l\u0259bl\u0259rinin olmad\u0131\u011f\u0131n\u0131 bildiribl\u0259r. Onlar ittiham\u0131 \u0259sass\u0131z hesab etdikl\u0259rini, \u00f6zl\u0259rinin istintaqdak\u0131 ifad\u0259l\u0259rinin t\u0259hrif olundu\u011funu da m\u0259hk\u0259m\u0259d\u0259 deyibl\u0259r. Daha 2 z\u0259r\u0259r\u00e7\u0259kmi\u015f m\u0259hk\u0259m\u0259y\u0259 bar\u0131\u015f\u0131q \u0259riz\u0259si t\u0259qdim edib.<\/p>\n\n\n\n<p>Fariz Namazl\u0131 \u00e7\u0131x\u0131\u015f\u0131n\u0131n sonunda m\u00fcv\u0259kkili haqq\u0131nda b\u0259ra\u0259t h\u00f6km\u00fc \u00e7\u0131xar\u0131lmas\u0131n\u0131 ist\u0259yib.<\/p>\n\n\n\n<p>Jurnalistin i\u015fi \u00fczr\u0259 m\u0259hk\u0259m\u0259 prosesi mart\u0131n 7-d\u0259 davam ed\u0259c\u0259k. C\u0259mil M\u0259mm\u0259dlinin m\u0259hk\u0259m\u0259d\u0259 son s\u00f6z\u00fcnd\u0259n sonra h\u00f6km elan olunacaq.<\/p>\n\n\n\n<p>C\u0259mil M\u0259mm\u0259dli \u00f6z\u00fcn\u00fc t\u0259qsirli bilmir, jurnalist f\u0259aliyy\u0259tin\u0259 g\u00f6r\u0259 \u015f\u0259rl\u0259n\u0259r\u0259k h\u0259bs olundu\u011funu deyir.<\/p>\n","protected":false},"excerpt":{"rendered":"<p>V\u0259kil deyib ki, m\u00fcv\u0259kkilin\u0259 b\u0259ra\u0259t verilm\u0259lidir Xa\u00e7mazda ya\u015fayan v\u0259 \u0259sas\u0259n &#8230; <\/p>\n<p class=\"read-more-container\"><a title=\"Prokuror jurnalist\u0259 8 il 3 ay h\u0259bs c\u0259zas\u0131 ist\u0259di\" class=\"read-more button\" href=\"https:\/\/www.meydan.tv\/az\/article\/prokuror-jurnaliste-8-il-3-ay-hebs-cezasi-istedi\/#more-300256\" aria-label=\"Read more about Prokuror jurnalist\u0259 8 il 3 ay h\u0259bs c\u0259zas\u0131 ist\u0259di\">Davam\u0131<\/a><\/p>\n","protected":false},"author":21,"featured_media":157814,"comment_status":"closed","ping_status":"closed","sticky":false,"template":"","format":"standard","meta":{"_acf_changed":false,"_sitemap_exclude":false,"_sitemap_priority":"","_sitemap_frequency":"","footnotes":""},"categories":[62,56],"tags":[],"class_list":["post-300256","post","type-post","status-publish","format-standard","has-post-thumbnail","hentry","category-sosial","category-xeberler","infinite-scroll-item","generate-columns","tablet-grid-50","mobile-grid-100","grid-parent","grid-33","no-featured-image-padding"],"acf":[],"yoast_head":"<!-- This site is optimized with the Yoast SEO plugin v27.5 - https:\/\/yoast.com\/product\/yoast-seo-wordpress\/ -->\n<title>Prokuror jurnalist\u0259 8 il 3 ay h\u0259bs c\u0259zas\u0131 ist\u0259di - MEYDAN.TV<\/title>\n<meta name=\"robots\" content=\"index, follow, max-snippet:-1, max-image-preview:large, max-video-preview:-1\" \/>\n<link rel=\"canonical\" href=\"https:\/\/www.meydan.tv\/az\/article\/prokuror-jurnaliste-8-il-3-ay-hebs-cezasi-istedi\/\" \/>\n<meta property=\"og:locale\" content=\"az_AZ\" \/>\n<meta property=\"og:type\" content=\"article\" \/>\n<meta property=\"og:title\" content=\"Prokuror jurnalist\u0259 8 il 3 ay h\u0259bs c\u0259zas\u0131 ist\u0259di - MEYDAN.TV\" \/>\n<meta property=\"og:description\" content=\"V\u0259kil deyib ki, m\u00fcv\u0259kkilin\u0259 b\u0259ra\u0259t verilm\u0259lidir Xa\u00e7mazda ya\u015fayan v\u0259 \u0259sas\u0259n ... Davam\u0131\" \/>\n<meta property=\"og:url\" content=\"https:\/\/www.meydan.tv\/az\/article\/prokuror-jurnaliste-8-il-3-ay-hebs-cezasi-istedi\/\" \/>\n<meta property=\"og:site_name\" content=\"MEYDAN.TV\" \/>\n<meta property=\"article:published_time\" content=\"2024-02-29T14:39:39+00:00\" \/>\n<meta property=\"article:modified_time\" content=\"2024-02-29T15:28:22+00:00\" \/>\n<meta property=\"og:image\" content=\"https:\/\/www.meydan.tv\/wp-content\/uploads\/screenshot_2021-03-16_at_15.34.35-e1709220456853.png\" \/>\n\t<meta property=\"og:image:width\" content=\"2038\" \/>\n\t<meta property=\"og:image:height\" content=\"988\" \/>\n\t<meta property=\"og:image:type\" content=\"image\/png\" \/>\n<meta name=\"author\" content=\"mahmud\" \/>\n<meta name=\"twitter:card\" content=\"summary_large_image\" \/>\n<script type=\"application\/ld+json\" class=\"yoast-schema-graph\">{\"@context\":\"https:\\\/\\\/schema.org\",\"@graph\":[{\"@type\":\"Article\",\"@id\":\"https:\\\/\\\/www.meydan.tv\\\/az\\\/article\\\/prokuror-jurnaliste-8-il-3-ay-hebs-cezasi-istedi\\\/#article\",\"isPartOf\":{\"@id\":\"https:\\\/\\\/www.meydan.tv\\\/az\\\/article\\\/prokuror-jurnaliste-8-il-3-ay-hebs-cezasi-istedi\\\/\"},\"author\":{\"name\":\"mahmud\",\"@id\":\"https:\\\/\\\/www.meydan.tv\\\/az\\\/#\\\/schema\\\/person\\\/09863e516102a829e72bedcf3f84c6b0\"},\"headline\":\"Prokuror jurnalist\u0259 8 il 3 ay h\u0259bs c\u0259zas\u0131 ist\u0259di\",\"datePublished\":\"2024-02-29T14:39:39+00:00\",\"dateModified\":\"2024-02-29T15:28:22+00:00\",\"mainEntityOfPage\":{\"@id\":\"https:\\\/\\\/www.meydan.tv\\\/az\\\/article\\\/prokuror-jurnaliste-8-il-3-ay-hebs-cezasi-istedi\\\/\"},\"wordCount\":363,\"publisher\":{\"@id\":\"https:\\\/\\\/www.meydan.tv\\\/az\\\/#organization\"},\"image\":{\"@id\":\"https:\\\/\\\/www.meydan.tv\\\/az\\\/article\\\/prokuror-jurnaliste-8-il-3-ay-hebs-cezasi-istedi\\\/#primaryimage\"},\"thumbnailUrl\":\"https:\\\/\\\/www.meydan.tv\\\/wp-content\\\/uploads\\\/screenshot_2021-03-16_at_15.34.35-e1709220456853.png\",\"articleSection\":[\"Sosial\",\"X\u0259b\u0259rl\u0259r\"],\"inLanguage\":\"az\"},{\"@type\":\"WebPage\",\"@id\":\"https:\\\/\\\/www.meydan.tv\\\/az\\\/article\\\/prokuror-jurnaliste-8-il-3-ay-hebs-cezasi-istedi\\\/\",\"url\":\"https:\\\/\\\/www.meydan.tv\\\/az\\\/article\\\/prokuror-jurnaliste-8-il-3-ay-hebs-cezasi-istedi\\\/\",\"name\":\"Prokuror jurnalist\u0259 8 il 3 ay h\u0259bs c\u0259zas\u0131 ist\u0259di - MEYDAN.TV\",\"isPartOf\":{\"@id\":\"https:\\\/\\\/www.meydan.tv\\\/az\\\/#website\"},\"primaryImageOfPage\":{\"@id\":\"https:\\\/\\\/www.meydan.tv\\\/az\\\/article\\\/prokuror-jurnaliste-8-il-3-ay-hebs-cezasi-istedi\\\/#primaryimage\"},\"image\":{\"@id\":\"https:\\\/\\\/www.meydan.tv\\\/az\\\/article\\\/prokuror-jurnaliste-8-il-3-ay-hebs-cezasi-istedi\\\/#primaryimage\"},\"thumbnailUrl\":\"https:\\\/\\\/www.meydan.tv\\\/wp-content\\\/uploads\\\/screenshot_2021-03-16_at_15.34.35-e1709220456853.png\",\"datePublished\":\"2024-02-29T14:39:39+00:00\",\"dateModified\":\"2024-02-29T15:28:22+00:00\",\"breadcrumb\":{\"@id\":\"https:\\\/\\\/www.meydan.tv\\\/az\\\/article\\\/prokuror-jurnaliste-8-il-3-ay-hebs-cezasi-istedi\\\/#breadcrumb\"},\"inLanguage\":\"az\",\"potentialAction\":[{\"@type\":\"ReadAction\",\"target\":[\"https:\\\/\\\/www.meydan.tv\\\/az\\\/article\\\/prokuror-jurnaliste-8-il-3-ay-hebs-cezasi-istedi\\\/\"]}]},{\"@type\":\"ImageObject\",\"inLanguage\":\"az\",\"@id\":\"https:\\\/\\\/www.meydan.tv\\\/az\\\/article\\\/prokuror-jurnaliste-8-il-3-ay-hebs-cezasi-istedi\\\/#primaryimage\",\"url\":\"https:\\\/\\\/www.meydan.tv\\\/wp-content\\\/uploads\\\/screenshot_2021-03-16_at_15.34.35-e1709220456853.png\",\"contentUrl\":\"https:\\\/\\\/www.meydan.tv\\\/wp-content\\\/uploads\\\/screenshot_2021-03-16_at_15.34.35-e1709220456853.png\",\"width\":2038,\"height\":988,\"caption\":\"Foto: Meydan Tv\"},{\"@type\":\"BreadcrumbList\",\"@id\":\"https:\\\/\\\/www.meydan.tv\\\/az\\\/article\\\/prokuror-jurnaliste-8-il-3-ay-hebs-cezasi-istedi\\\/#breadcrumb\",\"itemListElement\":[{\"@type\":\"ListItem\",\"position\":1,\"name\":\"Ana s\u0259hif\u0259\",\"item\":\"https:\\\/\\\/www.meydan.tv\\\/az\\\/\"},{\"@type\":\"ListItem\",\"position\":2,\"name\":\"Sosial\",\"item\":\"https:\\\/\\\/www.meydan.tv\\\/az\\\/section\\\/sosial\\\/\"},{\"@type\":\"ListItem\",\"position\":3,\"name\":\"Prokuror jurnalist\u0259 8 il 3 ay h\u0259bs c\u0259zas\u0131 ist\u0259di\"}]},{\"@type\":\"WebSite\",\"@id\":\"https:\\\/\\\/www.meydan.tv\\\/az\\\/#website\",\"url\":\"https:\\\/\\\/www.meydan.tv\\\/az\\\/\",\"name\":\"MEYDAN.TV\",\"description\":\"Meydan TV Az\u0259rbaycan\u0131n media m\u0259kan\u0131ndak\u0131 alternativ s\u0259sidir\",\"publisher\":{\"@id\":\"https:\\\/\\\/www.meydan.tv\\\/az\\\/#organization\"},\"potentialAction\":[{\"@type\":\"SearchAction\",\"target\":{\"@type\":\"EntryPoint\",\"urlTemplate\":\"https:\\\/\\\/www.meydan.tv\\\/az\\\/?s={search_term_string}\"},\"query-input\":{\"@type\":\"PropertyValueSpecification\",\"valueRequired\":true,\"valueName\":\"search_term_string\"}}],\"inLanguage\":\"az\"},{\"@type\":\"Organization\",\"@id\":\"https:\\\/\\\/www.meydan.tv\\\/az\\\/#organization\",\"name\":\"Meydan TV\",\"url\":\"https:\\\/\\\/www.meydan.tv\\\/az\\\/\",\"logo\":{\"@type\":\"ImageObject\",\"inLanguage\":\"az\",\"@id\":\"https:\\\/\\\/www.meydan.tv\\\/az\\\/#\\\/schema\\\/logo\\\/image\\\/\",\"url\":\"https:\\\/\\\/www.meydan.tv\\\/wp-content\\\/uploads\\\/2021\\\/07\\\/meydan-logo.svg\",\"contentUrl\":\"https:\\\/\\\/www.meydan.tv\\\/wp-content\\\/uploads\\\/2021\\\/07\\\/meydan-logo.svg\",\"width\":195,\"height\":46,\"caption\":\"Meydan TV\"},\"image\":{\"@id\":\"https:\\\/\\\/www.meydan.tv\\\/az\\\/#\\\/schema\\\/logo\\\/image\\\/\"}},{\"@type\":\"Person\",\"@id\":\"https:\\\/\\\/www.meydan.tv\\\/az\\\/#\\\/schema\\\/person\\\/09863e516102a829e72bedcf3f84c6b0\",\"name\":\"mahmud\"}]}<\/script>\n<!-- \/ Yoast SEO plugin. -->","yoast_head_json":{"title":"Prokuror jurnalist\u0259 8 il 3 ay h\u0259bs c\u0259zas\u0131 ist\u0259di - MEYDAN.TV","robots":{"index":"index","follow":"follow","max-snippet":"max-snippet:-1","max-image-preview":"max-image-preview:large","max-video-preview":"max-video-preview:-1"},"canonical":"https:\/\/www.meydan.tv\/az\/article\/prokuror-jurnaliste-8-il-3-ay-hebs-cezasi-istedi\/","og_locale":"az_AZ","og_type":"article","og_title":"Prokuror jurnalist\u0259 8 il 3 ay h\u0259bs c\u0259zas\u0131 ist\u0259di - MEYDAN.TV","og_description":"V\u0259kil deyib ki, m\u00fcv\u0259kkilin\u0259 b\u0259ra\u0259t verilm\u0259lidir Xa\u00e7mazda ya\u015fayan v\u0259 \u0259sas\u0259n ... Davam\u0131","og_url":"https:\/\/www.meydan.tv\/az\/article\/prokuror-jurnaliste-8-il-3-ay-hebs-cezasi-istedi\/","og_site_name":"MEYDAN.TV","article_published_time":"2024-02-29T14:39:39+00:00","article_modified_time":"2024-02-29T15:28:22+00:00","og_image":[{"width":2038,"height":988,"url":"https:\/\/www.meydan.tv\/wp-content\/uploads\/screenshot_2021-03-16_at_15.34.35-e1709220456853.png","type":"image\/png"}],"author":"mahmud","twitter_card":"summary_large_image","schema":{"@context":"https:\/\/schema.org","@graph":[{"@type":"Article","@id":"https:\/\/www.meydan.tv\/az\/article\/prokuror-jurnaliste-8-il-3-ay-hebs-cezasi-istedi\/#article","isPartOf":{"@id":"https:\/\/www.meydan.tv\/az\/article\/prokuror-jurnaliste-8-il-3-ay-hebs-cezasi-istedi\/"},"author":{"name":"mahmud","@id":"https:\/\/www.meydan.tv\/az\/#\/schema\/person\/09863e516102a829e72bedcf3f84c6b0"},"headline":"Prokuror jurnalist\u0259 8 il 3 ay h\u0259bs c\u0259zas\u0131 ist\u0259di","datePublished":"2024-02-29T14:39:39+00:00","dateModified":"2024-02-29T15:28:22+00:00","mainEntityOfPage":{"@id":"https:\/\/www.meydan.tv\/az\/article\/prokuror-jurnaliste-8-il-3-ay-hebs-cezasi-istedi\/"},"wordCount":363,"publisher":{"@id":"https:\/\/www.meydan.tv\/az\/#organization"},"image":{"@id":"https:\/\/www.meydan.tv\/az\/article\/prokuror-jurnaliste-8-il-3-ay-hebs-cezasi-istedi\/#primaryimage"},"thumbnailUrl":"https:\/\/www.meydan.tv\/wp-content\/uploads\/screenshot_2021-03-16_at_15.34.35-e1709220456853.png","articleSection":["Sosial","X\u0259b\u0259rl\u0259r"],"inLanguage":"az"},{"@type":"WebPage","@id":"https:\/\/www.meydan.tv\/az\/article\/prokuror-jurnaliste-8-il-3-ay-hebs-cezasi-istedi\/","url":"https:\/\/www.meydan.tv\/az\/article\/prokuror-jurnaliste-8-il-3-ay-hebs-cezasi-istedi\/","name":"Prokuror jurnalist\u0259 8 il 3 ay h\u0259bs c\u0259zas\u0131 ist\u0259di - MEYDAN.TV","isPartOf":{"@id":"https:\/\/www.meydan.tv\/az\/#website"},"primaryImageOfPage":{"@id":"https:\/\/www.meydan.tv\/az\/article\/prokuror-jurnaliste-8-il-3-ay-hebs-cezasi-istedi\/#primaryimage"},"image":{"@id":"https:\/\/www.meydan.tv\/az\/article\/prokuror-jurnaliste-8-il-3-ay-hebs-cezasi-istedi\/#primaryimage"},"thumbnailUrl":"https:\/\/www.meydan.tv\/wp-content\/uploads\/screenshot_2021-03-16_at_15.34.35-e1709220456853.png","datePublished":"2024-02-29T14:39:39+00:00","dateModified":"2024-02-29T15:28:22+00:00","breadcrumb":{"@id":"https:\/\/www.meydan.tv\/az\/article\/prokuror-jurnaliste-8-il-3-ay-hebs-cezasi-istedi\/#breadcrumb"},"inLanguage":"az","potentialAction":[{"@type":"ReadAction","target":["https:\/\/www.meydan.tv\/az\/article\/prokuror-jurnaliste-8-il-3-ay-hebs-cezasi-istedi\/"]}]},{"@type":"ImageObject","inLanguage":"az","@id":"https:\/\/www.meydan.tv\/az\/article\/prokuror-jurnaliste-8-il-3-ay-hebs-cezasi-istedi\/#primaryimage","url":"https:\/\/www.meydan.tv\/wp-content\/uploads\/screenshot_2021-03-16_at_15.34.35-e1709220456853.png","contentUrl":"https:\/\/www.meydan.tv\/wp-content\/uploads\/screenshot_2021-03-16_at_15.34.35-e1709220456853.png","width":2038,"height":988,"caption":"Foto: Meydan Tv"},{"@type":"BreadcrumbList","@id":"https:\/\/www.meydan.tv\/az\/article\/prokuror-jurnaliste-8-il-3-ay-hebs-cezasi-istedi\/#breadcrumb","itemListElement":[{"@type":"ListItem","position":1,"name":"Ana s\u0259hif\u0259","item":"https:\/\/www.meydan.tv\/az\/"},{"@type":"ListItem","position":2,"name":"Sosial","item":"https:\/\/www.meydan.tv\/az\/section\/sosial\/"},{"@type":"ListItem","position":3,"name":"Prokuror jurnalist\u0259 8 il 3 ay h\u0259bs c\u0259zas\u0131 ist\u0259di"}]},{"@type":"WebSite","@id":"https:\/\/www.meydan.tv\/az\/#website","url":"https:\/\/www.meydan.tv\/az\/","name":"MEYDAN.TV","description":"Meydan TV Az\u0259rbaycan\u0131n media m\u0259kan\u0131ndak\u0131 alternativ s\u0259sidir","publisher":{"@id":"https:\/\/www.meydan.tv\/az\/#organization"},"potentialAction":[{"@type":"SearchAction","target":{"@type":"EntryPoint","urlTemplate":"https:\/\/www.meydan.tv\/az\/?s={search_term_string}"},"query-input":{"@type":"PropertyValueSpecification","valueRequired":true,"valueName":"search_term_string"}}],"inLanguage":"az"},{"@type":"Organization","@id":"https:\/\/www.meydan.tv\/az\/#organization","name":"Meydan TV","url":"https:\/\/www.meydan.tv\/az\/","logo":{"@type":"ImageObject","inLanguage":"az","@id":"https:\/\/www.meydan.tv\/az\/#\/schema\/logo\/image\/","url":"https:\/\/www.meydan.tv\/wp-content\/uploads\/2021\/07\/meydan-logo.svg","contentUrl":"https:\/\/www.meydan.tv\/wp-content\/uploads\/2021\/07\/meydan-logo.svg","width":195,"height":46,"caption":"Meydan TV"},"image":{"@id":"https:\/\/www.meydan.tv\/az\/#\/schema\/logo\/image\/"}},{"@type":"Person","@id":"https:\/\/www.meydan.tv\/az\/#\/schema\/person\/09863e516102a829e72bedcf3f84c6b0","name":"mahmud"}]}},"_links":{"self":[{"href":"https:\/\/www.meydan.tv\/az\/wp-json\/wp\/v2\/posts\/300256","targetHints":{"allow":["GET"]}}],"collection":[{"href":"https:\/\/www.meydan.tv\/az\/wp-json\/wp\/v2\/posts"}],"about":[{"href":"https:\/\/www.meydan.tv\/az\/wp-json\/wp\/v2\/types\/post"}],"author":[{"embeddable":true,"href":"https:\/\/www.meydan.tv\/az\/wp-json\/wp\/v2\/users\/21"}],"replies":[{"embeddable":true,"href":"https:\/\/www.meydan.tv\/az\/wp-json\/wp\/v2\/comments?post=300256"}],"version-history":[{"count":1,"href":"https:\/\/www.meydan.tv\/az\/wp-json\/wp\/v2\/posts\/300256\/revisions"}],"predecessor-version":[{"id":300257,"href":"https:\/\/www.meydan.tv\/az\/wp-json\/wp\/v2\/posts\/300256\/revisions\/300257"}],"wp:featuredmedia":[{"embeddable":true,"href":"https:\/\/www.meydan.tv\/az\/wp-json\/wp\/v2\/media\/157814"}],"wp:attachment":[{"href":"https:\/\/www.meydan.tv\/az\/wp-json\/wp\/v2\/media?parent=300256"}],"wp:term":[{"taxonomy":"category","embeddable":true,"href":"https:\/\/www.meydan.tv\/az\/wp-json\/wp\/v2\/categories?post=300256"},{"taxonomy":"post_tag","embeddable":true,"href":"https:\/\/www.meydan.tv\/az\/wp-json\/wp\/v2\/tags?post=300256"}],"curies":[{"name":"wp","href":"https:\/\/api.w.org\/{rel}","templated":true}]}}