{"id":300204,"date":"2024-02-29T15:30:30","date_gmt":"2024-02-29T11:30:30","guid":{"rendered":"https:\/\/www.meydan.tv\/?p=300204"},"modified":"2024-02-29T15:30:35","modified_gmt":"2024-02-29T11:30:35","slug":"xankendi-sakini-oz-yurdumda-sahibkarliqla-mesgul-olmaga-qoymurlar","status":"publish","type":"post","link":"https:\/\/www.meydan.tv\/az\/article\/xankendi-sakini-oz-yurdumda-sahibkarliqla-mesgul-olmaga-qoymurlar\/","title":{"rendered":"Xank\u0259ndi sakini: \u201c\u00d6z yurdumda sahibkarl\u0131qla m\u0259\u015f\u011ful olma\u011fa qoymurlar\u201d"},"content":{"rendered":"\n<p><\/p>\n\n\n\n<p><em><strong>\u201cDeyirl\u0259r, b\u00fct\u00fcn investisiya layih\u0259l\u0259ri al\u0131n\u0131b\u201d<\/strong><\/em><\/p>\n\n\n\n<p>Vaxtil\u0259 Xank\u0259ndid\u0259 do\u011fulmu\u015f, lakin uzun ill\u0259r m\u0259cburi k\u00f6\u00e7k\u00fcn kimi G\u0259nc\u0259d\u0259 M\u00fc\u0259lliml\u0259r \u0130nstitutunun yataqxanas\u0131nda m\u0259skunla\u015fan f\u0259rdi sahibkar S\u0259f\u0259r Salmanov deyir ki, i\u015f\u011faldan azad edilmi\u015f \u0259razil\u0259r\u0259 investisiya qoymaq ist\u0259yir. Amma buna imkan vermirl\u0259r.<br>S\u0259f\u0259r Salmanov bildirir ki, haz\u0131rda da Xank\u0259ndid\u0259 qeydiyyatdad\u0131r:<\/p>\n\n\n\n<p><em>\u201cPrezidentin \u00e7a\u011f\u0131r\u0131\u015f\u0131yla m\u0259n d\u0259 yerli investor olaraq, i\u015f\u011faldan azad edilmi\u015f \u0259razil\u0259rimizd\u0259 f\u0259aliyy\u0259t g\u00f6st\u0259rm\u0259k ist\u0259yir\u0259m. Xank\u0259ndid\u0259n oldu\u011fuma g\u00f6r\u0259 do\u011fma \u015f\u0259h\u0259rimd\u0259, \u00f6z yurd-yuvamda sahibkarl\u0131qla m\u0259\u015f\u011ful olmaq ist\u0259yir\u0259m. Amma m\u0259n\u0259 deyirl\u0259r ki, Xank\u0259ndid\u0259 olan b\u00fct\u00fcn investisiya layih\u0259l\u0259ri al\u0131n\u0131b\u201d<\/em>.<\/p>\n\n\n\n<p>41 ya\u015fl\u0131 sahibkar\u0131n s\u00f6zl\u0259rin\u0259 g\u00f6r\u0259, i\u015f\u011faldan azad edil\u0259nd\u0259n sonra Xank\u0259ndi \u015f\u0259h\u0259rind\u0259 olub. Onun s\u00f6zl\u0259rin\u0259 g\u00f6r\u0259, orada D\u00f6vl\u0259t \u018fmlak Komit\u0259sinin n\u00fcmay\u0259nd\u0259sinin q\u0259buluna d\u00fc\u015f\u00fcb:<\/p>\n\n\n\n<p><em>\u201cXank\u0259ndid\u0259 \u018fmlak Komit\u0259sind\u0259n \u0130lkin m\u00fc\u0259llimin q\u0259bulunda oldum. Ondan \u0259lav\u0259, Zakir m\u00fc\u0259lliml\u0259 d\u0259 telefonla dan\u0131\u015fm\u0131\u015fam. Onlar m\u0259n\u0259 dedil\u0259r ki, Xank\u0259ndid\u0259 bo\u015f he\u00e7 n\u0259 yoxdur. Y\u0259ni investisiya layih\u0259li \u0259mlaklar sat\u0131l\u0131b\u201d<\/em>.<\/p>\n\n\n\n<p>S\u0259f\u0259r Salmanov deyir ki, \u00f6z\u00fc G\u00f6yg\u00f6l rayonunda restoran v\u0259 otel sah\u0259sind\u0259 sahibkarl\u0131q f\u0259aliyy\u0259til\u0259 m\u0259\u015f\u011fuldur. Bundan sonrak\u0131 \u00f6mr\u00fcn\u00fc Xank\u0259ndid\u0259 ke\u00e7irm\u0259k, biznesini d\u0259 ora k\u00f6\u00e7\u00fcrm\u0259k ist\u0259yir.<\/p>\n\n\n\n<p><em>\u201cBel\u0259 g\u00f6r\u00fcn\u00fcr ki, Xank\u0259ndid\u0259 f\u0259aliyy\u0259t g\u00f6st\u0259r\u0259n m\u0259murlar Prezidentin siyas\u0259tin\u0259, \u00e7a\u011f\u0131r\u0131\u015flar\u0131na tamamil\u0259 zidd h\u0259r\u0259k\u0259t edirl\u0259r. Bu m\u0259murlar kim\u0259, n\u0259y\u0259 arxay\u0131n olub m\u0259n\u0259 deyirl\u0259r ki, \u201cget, hara ist\u0259yirs\u0259n, \u015fikay\u0259t el\u0259\u201d?! \u018fslind\u0259, m\u0259n he\u00e7 haz\u0131r \u0259mlak da ist\u0259m\u0259mi\u015f\u0259m. Demi\u015f\u0259m ki, lap torpaq sah\u0259si d\u0259 ay\u0131rsan\u0131z, ora investisiya qoyaram, orada sahibkarl\u0131q f\u0259aliyy\u0259til\u0259 m\u0259\u015f\u011ful olaram\u201d<\/em>, &#8211; S\u0259f\u0259r Salmanov bel\u0259 deyir.<\/p>\n\n\n<div class=\"wp-block-image\">\n<figure class=\"alignright size-large is-resized\"><img decoding=\"async\" width=\"618\" height=\"821\" data-src=\"https:\/\/www.meydan.tv\/wp-content\/uploads\/photo-2024-02-29-14-22-42-618x821.jpg\" alt=\"\" class=\"wp-image-300205 lazyload\" style=\"--smush-placeholder-width: 618px; --smush-placeholder-aspect-ratio: 618\/821;width:358px;height:auto\" src=\"data:image\/svg+xml;base64,PHN2ZyB3aWR0aD0iMSIgaGVpZ2h0PSIxIiB4bWxucz0iaHR0cDovL3d3dy53My5vcmcvMjAwMC9zdmciPjwvc3ZnPg==\" \/><\/figure>\n<\/div>\n\n\n<p>O, Prezident \u0130lham \u018fliyev, Vitse-prezident Mehriban \u018fliyeva v\u0259 \u0130qtisadiyyat naziri Mikay\u0131l Cabbarova m\u0259ktub g\u00f6nd\u0259rib. M\u0259ktubunda Xank\u0259ndid\u0259 sahibkarl\u0131qla m\u0259\u015f\u011ful olmaq ist\u0259m\u0259si, lakin buna imkan verilm\u0259m\u0259si haqda yaz\u0131b.<\/p>\n\n\n\n<p><em>\u201cSizin yaratd\u0131\u011f\u0131n\u0131z \u015f\u0259raitd\u0259n istifad\u0259 edib, \u00f6z \u00f6lk\u0259m\u0259, \u00f6z v\u0259t\u0259nim Xank\u0259ndiy\u0259 investisiya qoymaq ist\u0259yir\u0259m. Lakin b\u0259zi m\u0259murlar g\u00f6rd\u00fcy\u00fcn\u00fcz misilsiz i\u015fl\u0259r\u0259 k\u00f6lg\u0259 salma\u011fa c\u0259hd edirl\u0259r\u201d,<\/em> &#8211; Prezident\u0259 m\u0259ktubunda bel\u0259 yaz\u0131b.<\/p>\n\n\n\n<p>S\u0259f\u0259r Salmanov hesab edir ki, bu m\u0259s\u0259l\u0259ni h\u0259m d\u0259 D\u00f6vl\u0259t T\u0259hl\u00fck\u0259sizlik Xidm\u0259ti (DTX) ara\u015fd\u0131rmal\u0131d\u0131r. Bu \u00fczd\u0259n DTX-n\u0131n r\u0259isi \u018fli Na\u011f\u0131yev\u0259 d\u0259 m\u0259ktub g\u00f6nd\u0259rib.<\/p>\n","protected":false},"excerpt":{"rendered":"<p>\u201cDeyirl\u0259r, b\u00fct\u00fcn investisiya layih\u0259l\u0259ri al\u0131n\u0131b\u201d Vaxtil\u0259 Xank\u0259ndid\u0259 do\u011fulmu\u015f, lakin uzun &#8230; <\/p>\n<p class=\"read-more-container\"><a title=\"Xank\u0259ndi sakini: \u201c\u00d6z yurdumda sahibkarl\u0131qla m\u0259\u015f\u011ful olma\u011fa qoymurlar\u201d\" class=\"read-more button\" href=\"https:\/\/www.meydan.tv\/az\/article\/xankendi-sakini-oz-yurdumda-sahibkarliqla-mesgul-olmaga-qoymurlar\/#more-300204\" aria-label=\"Read more about Xank\u0259ndi sakini: \u201c\u00d6z yurdumda sahibkarl\u0131qla m\u0259\u015f\u011ful olma\u011fa qoymurlar\u201d\">Davam\u0131<\/a><\/p>\n","protected":false},"author":21,"featured_media":233819,"comment_status":"closed","ping_status":"closed","sticky":false,"template":"","format":"standard","meta":{"_acf_changed":false,"_sitemap_exclude":false,"_sitemap_priority":"","_sitemap_frequency":"","footnotes":""},"categories":[62,79,56],"tags":[],"class_list":["post-300204","post","type-post","status-publish","format-standard","has-post-thumbnail","hentry","category-sosial","category-featured","category-xeberler","infinite-scroll-item","generate-columns","tablet-grid-50","mobile-grid-100","grid-parent","grid-33","no-featured-image-padding"],"acf":[],"yoast_head":"<!-- This site is optimized with the Yoast SEO plugin v27.5 - https:\/\/yoast.com\/product\/yoast-seo-wordpress\/ -->\n<title>Xank\u0259ndi sakini: \u201c\u00d6z yurdumda sahibkarl\u0131qla m\u0259\u015f\u011ful olma\u011fa qoymurlar\u201d - MEYDAN.TV<\/title>\n<meta name=\"robots\" content=\"index, follow, max-snippet:-1, max-image-preview:large, max-video-preview:-1\" \/>\n<link rel=\"canonical\" href=\"https:\/\/www.meydan.tv\/az\/article\/xankendi-sakini-oz-yurdumda-sahibkarliqla-mesgul-olmaga-qoymurlar\/\" \/>\n<meta property=\"og:locale\" content=\"az_AZ\" \/>\n<meta property=\"og:type\" content=\"article\" \/>\n<meta property=\"og:title\" content=\"Xank\u0259ndi sakini: \u201c\u00d6z yurdumda sahibkarl\u0131qla m\u0259\u015f\u011ful olma\u011fa qoymurlar\u201d - MEYDAN.TV\" \/>\n<meta property=\"og:description\" content=\"\u201cDeyirl\u0259r, b\u00fct\u00fcn investisiya layih\u0259l\u0259ri al\u0131n\u0131b\u201d Vaxtil\u0259 Xank\u0259ndid\u0259 do\u011fulmu\u015f, lakin uzun ... Davam\u0131\" \/>\n<meta property=\"og:url\" content=\"https:\/\/www.meydan.tv\/az\/article\/xankendi-sakini-oz-yurdumda-sahibkarliqla-mesgul-olmaga-qoymurlar\/\" \/>\n<meta property=\"og:site_name\" content=\"MEYDAN.TV\" \/>\n<meta property=\"article:published_time\" content=\"2024-02-29T11:30:30+00:00\" \/>\n<meta property=\"article:modified_time\" content=\"2024-02-29T11:30:35+00:00\" \/>\n<meta property=\"og:image\" content=\"https:\/\/www.meydan.tv\/wp-content\/uploads\/shutterstock_1818097475-scaled.jpg\" \/>\n\t<meta property=\"og:image:width\" content=\"2560\" \/>\n\t<meta property=\"og:image:height\" content=\"1707\" \/>\n\t<meta property=\"og:image:type\" content=\"image\/jpeg\" \/>\n<meta name=\"author\" content=\"mahmud\" \/>\n<meta name=\"twitter:card\" content=\"summary_large_image\" \/>\n<script type=\"application\/ld+json\" class=\"yoast-schema-graph\">{\"@context\":\"https:\\\/\\\/schema.org\",\"@graph\":[{\"@type\":\"Article\",\"@id\":\"https:\\\/\\\/www.meydan.tv\\\/az\\\/article\\\/xankendi-sakini-oz-yurdumda-sahibkarliqla-mesgul-olmaga-qoymurlar\\\/#article\",\"isPartOf\":{\"@id\":\"https:\\\/\\\/www.meydan.tv\\\/az\\\/article\\\/xankendi-sakini-oz-yurdumda-sahibkarliqla-mesgul-olmaga-qoymurlar\\\/\"},\"author\":{\"name\":\"mahmud\",\"@id\":\"https:\\\/\\\/www.meydan.tv\\\/az\\\/#\\\/schema\\\/person\\\/09863e516102a829e72bedcf3f84c6b0\"},\"headline\":\"Xank\u0259ndi sakini: \u201c\u00d6z yurdumda sahibkarl\u0131qla m\u0259\u015f\u011ful olma\u011fa qoymurlar\u201d\",\"datePublished\":\"2024-02-29T11:30:30+00:00\",\"dateModified\":\"2024-02-29T11:30:35+00:00\",\"mainEntityOfPage\":{\"@id\":\"https:\\\/\\\/www.meydan.tv\\\/az\\\/article\\\/xankendi-sakini-oz-yurdumda-sahibkarliqla-mesgul-olmaga-qoymurlar\\\/\"},\"wordCount\":511,\"publisher\":{\"@id\":\"https:\\\/\\\/www.meydan.tv\\\/az\\\/#organization\"},\"image\":{\"@id\":\"https:\\\/\\\/www.meydan.tv\\\/az\\\/article\\\/xankendi-sakini-oz-yurdumda-sahibkarliqla-mesgul-olmaga-qoymurlar\\\/#primaryimage\"},\"thumbnailUrl\":\"https:\\\/\\\/www.meydan.tv\\\/wp-content\\\/uploads\\\/shutterstock_1818097475-scaled.jpg\",\"articleSection\":[\"Sosial\",\"T\u00f6vsiy\u0259\",\"X\u0259b\u0259rl\u0259r\"],\"inLanguage\":\"az\"},{\"@type\":\"WebPage\",\"@id\":\"https:\\\/\\\/www.meydan.tv\\\/az\\\/article\\\/xankendi-sakini-oz-yurdumda-sahibkarliqla-mesgul-olmaga-qoymurlar\\\/\",\"url\":\"https:\\\/\\\/www.meydan.tv\\\/az\\\/article\\\/xankendi-sakini-oz-yurdumda-sahibkarliqla-mesgul-olmaga-qoymurlar\\\/\",\"name\":\"Xank\u0259ndi sakini: \u201c\u00d6z yurdumda sahibkarl\u0131qla m\u0259\u015f\u011ful olma\u011fa qoymurlar\u201d - MEYDAN.TV\",\"isPartOf\":{\"@id\":\"https:\\\/\\\/www.meydan.tv\\\/az\\\/#website\"},\"primaryImageOfPage\":{\"@id\":\"https:\\\/\\\/www.meydan.tv\\\/az\\\/article\\\/xankendi-sakini-oz-yurdumda-sahibkarliqla-mesgul-olmaga-qoymurlar\\\/#primaryimage\"},\"image\":{\"@id\":\"https:\\\/\\\/www.meydan.tv\\\/az\\\/article\\\/xankendi-sakini-oz-yurdumda-sahibkarliqla-mesgul-olmaga-qoymurlar\\\/#primaryimage\"},\"thumbnailUrl\":\"https:\\\/\\\/www.meydan.tv\\\/wp-content\\\/uploads\\\/shutterstock_1818097475-scaled.jpg\",\"datePublished\":\"2024-02-29T11:30:30+00:00\",\"dateModified\":\"2024-02-29T11:30:35+00:00\",\"breadcrumb\":{\"@id\":\"https:\\\/\\\/www.meydan.tv\\\/az\\\/article\\\/xankendi-sakini-oz-yurdumda-sahibkarliqla-mesgul-olmaga-qoymurlar\\\/#breadcrumb\"},\"inLanguage\":\"az\",\"potentialAction\":[{\"@type\":\"ReadAction\",\"target\":[\"https:\\\/\\\/www.meydan.tv\\\/az\\\/article\\\/xankendi-sakini-oz-yurdumda-sahibkarliqla-mesgul-olmaga-qoymurlar\\\/\"]}]},{\"@type\":\"ImageObject\",\"inLanguage\":\"az\",\"@id\":\"https:\\\/\\\/www.meydan.tv\\\/az\\\/article\\\/xankendi-sakini-oz-yurdumda-sahibkarliqla-mesgul-olmaga-qoymurlar\\\/#primaryimage\",\"url\":\"https:\\\/\\\/www.meydan.tv\\\/wp-content\\\/uploads\\\/shutterstock_1818097475-scaled.jpg\",\"contentUrl\":\"https:\\\/\\\/www.meydan.tv\\\/wp-content\\\/uploads\\\/shutterstock_1818097475-scaled.jpg\",\"width\":2560,\"height\":1707,\"caption\":\"Foto: Janusz Pienkowski\\\/shutterstock\"},{\"@type\":\"BreadcrumbList\",\"@id\":\"https:\\\/\\\/www.meydan.tv\\\/az\\\/article\\\/xankendi-sakini-oz-yurdumda-sahibkarliqla-mesgul-olmaga-qoymurlar\\\/#breadcrumb\",\"itemListElement\":[{\"@type\":\"ListItem\",\"position\":1,\"name\":\"Ana s\u0259hif\u0259\",\"item\":\"https:\\\/\\\/www.meydan.tv\\\/az\\\/\"},{\"@type\":\"ListItem\",\"position\":2,\"name\":\"Sosial\",\"item\":\"https:\\\/\\\/www.meydan.tv\\\/az\\\/section\\\/sosial\\\/\"},{\"@type\":\"ListItem\",\"position\":3,\"name\":\"Xank\u0259ndi sakini: \u201c\u00d6z yurdumda sahibkarl\u0131qla m\u0259\u015f\u011ful olma\u011fa qoymurlar\u201d\"}]},{\"@type\":\"WebSite\",\"@id\":\"https:\\\/\\\/www.meydan.tv\\\/az\\\/#website\",\"url\":\"https:\\\/\\\/www.meydan.tv\\\/az\\\/\",\"name\":\"MEYDAN.TV\",\"description\":\"Meydan TV Az\u0259rbaycan\u0131n media m\u0259kan\u0131ndak\u0131 alternativ s\u0259sidir\",\"publisher\":{\"@id\":\"https:\\\/\\\/www.meydan.tv\\\/az\\\/#organization\"},\"potentialAction\":[{\"@type\":\"SearchAction\",\"target\":{\"@type\":\"EntryPoint\",\"urlTemplate\":\"https:\\\/\\\/www.meydan.tv\\\/az\\\/?s={search_term_string}\"},\"query-input\":{\"@type\":\"PropertyValueSpecification\",\"valueRequired\":true,\"valueName\":\"search_term_string\"}}],\"inLanguage\":\"az\"},{\"@type\":\"Organization\",\"@id\":\"https:\\\/\\\/www.meydan.tv\\\/az\\\/#organization\",\"name\":\"Meydan TV\",\"url\":\"https:\\\/\\\/www.meydan.tv\\\/az\\\/\",\"logo\":{\"@type\":\"ImageObject\",\"inLanguage\":\"az\",\"@id\":\"https:\\\/\\\/www.meydan.tv\\\/az\\\/#\\\/schema\\\/logo\\\/image\\\/\",\"url\":\"https:\\\/\\\/www.meydan.tv\\\/wp-content\\\/uploads\\\/2021\\\/07\\\/meydan-logo.svg\",\"contentUrl\":\"https:\\\/\\\/www.meydan.tv\\\/wp-content\\\/uploads\\\/2021\\\/07\\\/meydan-logo.svg\",\"width\":195,\"height\":46,\"caption\":\"Meydan TV\"},\"image\":{\"@id\":\"https:\\\/\\\/www.meydan.tv\\\/az\\\/#\\\/schema\\\/logo\\\/image\\\/\"}},{\"@type\":\"Person\",\"@id\":\"https:\\\/\\\/www.meydan.tv\\\/az\\\/#\\\/schema\\\/person\\\/09863e516102a829e72bedcf3f84c6b0\",\"name\":\"mahmud\"}]}<\/script>\n<!-- \/ Yoast SEO plugin. -->","yoast_head_json":{"title":"Xank\u0259ndi sakini: \u201c\u00d6z yurdumda sahibkarl\u0131qla m\u0259\u015f\u011ful olma\u011fa qoymurlar\u201d - MEYDAN.TV","robots":{"index":"index","follow":"follow","max-snippet":"max-snippet:-1","max-image-preview":"max-image-preview:large","max-video-preview":"max-video-preview:-1"},"canonical":"https:\/\/www.meydan.tv\/az\/article\/xankendi-sakini-oz-yurdumda-sahibkarliqla-mesgul-olmaga-qoymurlar\/","og_locale":"az_AZ","og_type":"article","og_title":"Xank\u0259ndi sakini: \u201c\u00d6z yurdumda sahibkarl\u0131qla m\u0259\u015f\u011ful olma\u011fa qoymurlar\u201d - MEYDAN.TV","og_description":"\u201cDeyirl\u0259r, b\u00fct\u00fcn investisiya layih\u0259l\u0259ri al\u0131n\u0131b\u201d Vaxtil\u0259 Xank\u0259ndid\u0259 do\u011fulmu\u015f, lakin uzun ... Davam\u0131","og_url":"https:\/\/www.meydan.tv\/az\/article\/xankendi-sakini-oz-yurdumda-sahibkarliqla-mesgul-olmaga-qoymurlar\/","og_site_name":"MEYDAN.TV","article_published_time":"2024-02-29T11:30:30+00:00","article_modified_time":"2024-02-29T11:30:35+00:00","og_image":[{"width":2560,"height":1707,"url":"https:\/\/www.meydan.tv\/wp-content\/uploads\/shutterstock_1818097475-scaled.jpg","type":"image\/jpeg"}],"author":"mahmud","twitter_card":"summary_large_image","schema":{"@context":"https:\/\/schema.org","@graph":[{"@type":"Article","@id":"https:\/\/www.meydan.tv\/az\/article\/xankendi-sakini-oz-yurdumda-sahibkarliqla-mesgul-olmaga-qoymurlar\/#article","isPartOf":{"@id":"https:\/\/www.meydan.tv\/az\/article\/xankendi-sakini-oz-yurdumda-sahibkarliqla-mesgul-olmaga-qoymurlar\/"},"author":{"name":"mahmud","@id":"https:\/\/www.meydan.tv\/az\/#\/schema\/person\/09863e516102a829e72bedcf3f84c6b0"},"headline":"Xank\u0259ndi sakini: \u201c\u00d6z yurdumda sahibkarl\u0131qla m\u0259\u015f\u011ful olma\u011fa qoymurlar\u201d","datePublished":"2024-02-29T11:30:30+00:00","dateModified":"2024-02-29T11:30:35+00:00","mainEntityOfPage":{"@id":"https:\/\/www.meydan.tv\/az\/article\/xankendi-sakini-oz-yurdumda-sahibkarliqla-mesgul-olmaga-qoymurlar\/"},"wordCount":511,"publisher":{"@id":"https:\/\/www.meydan.tv\/az\/#organization"},"image":{"@id":"https:\/\/www.meydan.tv\/az\/article\/xankendi-sakini-oz-yurdumda-sahibkarliqla-mesgul-olmaga-qoymurlar\/#primaryimage"},"thumbnailUrl":"https:\/\/www.meydan.tv\/wp-content\/uploads\/shutterstock_1818097475-scaled.jpg","articleSection":["Sosial","T\u00f6vsiy\u0259","X\u0259b\u0259rl\u0259r"],"inLanguage":"az"},{"@type":"WebPage","@id":"https:\/\/www.meydan.tv\/az\/article\/xankendi-sakini-oz-yurdumda-sahibkarliqla-mesgul-olmaga-qoymurlar\/","url":"https:\/\/www.meydan.tv\/az\/article\/xankendi-sakini-oz-yurdumda-sahibkarliqla-mesgul-olmaga-qoymurlar\/","name":"Xank\u0259ndi sakini: \u201c\u00d6z yurdumda sahibkarl\u0131qla m\u0259\u015f\u011ful olma\u011fa qoymurlar\u201d - MEYDAN.TV","isPartOf":{"@id":"https:\/\/www.meydan.tv\/az\/#website"},"primaryImageOfPage":{"@id":"https:\/\/www.meydan.tv\/az\/article\/xankendi-sakini-oz-yurdumda-sahibkarliqla-mesgul-olmaga-qoymurlar\/#primaryimage"},"image":{"@id":"https:\/\/www.meydan.tv\/az\/article\/xankendi-sakini-oz-yurdumda-sahibkarliqla-mesgul-olmaga-qoymurlar\/#primaryimage"},"thumbnailUrl":"https:\/\/www.meydan.tv\/wp-content\/uploads\/shutterstock_1818097475-scaled.jpg","datePublished":"2024-02-29T11:30:30+00:00","dateModified":"2024-02-29T11:30:35+00:00","breadcrumb":{"@id":"https:\/\/www.meydan.tv\/az\/article\/xankendi-sakini-oz-yurdumda-sahibkarliqla-mesgul-olmaga-qoymurlar\/#breadcrumb"},"inLanguage":"az","potentialAction":[{"@type":"ReadAction","target":["https:\/\/www.meydan.tv\/az\/article\/xankendi-sakini-oz-yurdumda-sahibkarliqla-mesgul-olmaga-qoymurlar\/"]}]},{"@type":"ImageObject","inLanguage":"az","@id":"https:\/\/www.meydan.tv\/az\/article\/xankendi-sakini-oz-yurdumda-sahibkarliqla-mesgul-olmaga-qoymurlar\/#primaryimage","url":"https:\/\/www.meydan.tv\/wp-content\/uploads\/shutterstock_1818097475-scaled.jpg","contentUrl":"https:\/\/www.meydan.tv\/wp-content\/uploads\/shutterstock_1818097475-scaled.jpg","width":2560,"height":1707,"caption":"Foto: Janusz Pienkowski\/shutterstock"},{"@type":"BreadcrumbList","@id":"https:\/\/www.meydan.tv\/az\/article\/xankendi-sakini-oz-yurdumda-sahibkarliqla-mesgul-olmaga-qoymurlar\/#breadcrumb","itemListElement":[{"@type":"ListItem","position":1,"name":"Ana s\u0259hif\u0259","item":"https:\/\/www.meydan.tv\/az\/"},{"@type":"ListItem","position":2,"name":"Sosial","item":"https:\/\/www.meydan.tv\/az\/section\/sosial\/"},{"@type":"ListItem","position":3,"name":"Xank\u0259ndi sakini: \u201c\u00d6z yurdumda sahibkarl\u0131qla m\u0259\u015f\u011ful olma\u011fa qoymurlar\u201d"}]},{"@type":"WebSite","@id":"https:\/\/www.meydan.tv\/az\/#website","url":"https:\/\/www.meydan.tv\/az\/","name":"MEYDAN.TV","description":"Meydan TV Az\u0259rbaycan\u0131n media m\u0259kan\u0131ndak\u0131 alternativ s\u0259sidir","publisher":{"@id":"https:\/\/www.meydan.tv\/az\/#organization"},"potentialAction":[{"@type":"SearchAction","target":{"@type":"EntryPoint","urlTemplate":"https:\/\/www.meydan.tv\/az\/?s={search_term_string}"},"query-input":{"@type":"PropertyValueSpecification","valueRequired":true,"valueName":"search_term_string"}}],"inLanguage":"az"},{"@type":"Organization","@id":"https:\/\/www.meydan.tv\/az\/#organization","name":"Meydan TV","url":"https:\/\/www.meydan.tv\/az\/","logo":{"@type":"ImageObject","inLanguage":"az","@id":"https:\/\/www.meydan.tv\/az\/#\/schema\/logo\/image\/","url":"https:\/\/www.meydan.tv\/wp-content\/uploads\/2021\/07\/meydan-logo.svg","contentUrl":"https:\/\/www.meydan.tv\/wp-content\/uploads\/2021\/07\/meydan-logo.svg","width":195,"height":46,"caption":"Meydan TV"},"image":{"@id":"https:\/\/www.meydan.tv\/az\/#\/schema\/logo\/image\/"}},{"@type":"Person","@id":"https:\/\/www.meydan.tv\/az\/#\/schema\/person\/09863e516102a829e72bedcf3f84c6b0","name":"mahmud"}]}},"_links":{"self":[{"href":"https:\/\/www.meydan.tv\/az\/wp-json\/wp\/v2\/posts\/300204","targetHints":{"allow":["GET"]}}],"collection":[{"href":"https:\/\/www.meydan.tv\/az\/wp-json\/wp\/v2\/posts"}],"about":[{"href":"https:\/\/www.meydan.tv\/az\/wp-json\/wp\/v2\/types\/post"}],"author":[{"embeddable":true,"href":"https:\/\/www.meydan.tv\/az\/wp-json\/wp\/v2\/users\/21"}],"replies":[{"embeddable":true,"href":"https:\/\/www.meydan.tv\/az\/wp-json\/wp\/v2\/comments?post=300204"}],"version-history":[{"count":1,"href":"https:\/\/www.meydan.tv\/az\/wp-json\/wp\/v2\/posts\/300204\/revisions"}],"predecessor-version":[{"id":300208,"href":"https:\/\/www.meydan.tv\/az\/wp-json\/wp\/v2\/posts\/300204\/revisions\/300208"}],"wp:featuredmedia":[{"embeddable":true,"href":"https:\/\/www.meydan.tv\/az\/wp-json\/wp\/v2\/media\/233819"}],"wp:attachment":[{"href":"https:\/\/www.meydan.tv\/az\/wp-json\/wp\/v2\/media?parent=300204"}],"wp:term":[{"taxonomy":"category","embeddable":true,"href":"https:\/\/www.meydan.tv\/az\/wp-json\/wp\/v2\/categories?post=300204"},{"taxonomy":"post_tag","embeddable":true,"href":"https:\/\/www.meydan.tv\/az\/wp-json\/wp\/v2\/tags?post=300204"}],"curies":[{"name":"wp","href":"https:\/\/api.w.org\/{rel}","templated":true}]}}