{"id":300191,"date":"2024-02-29T12:30:30","date_gmt":"2024-02-29T08:30:30","guid":{"rendered":"https:\/\/www.meydan.tv\/?p=300191"},"modified":"2024-02-29T12:30:33","modified_gmt":"2024-02-29T08:30:33","slug":"neftciler-socar-is-elani-veren-kimi-portal-islemir","status":"publish","type":"post","link":"https:\/\/www.meydan.tv\/az\/article\/neftciler-socar-is-elani-veren-kimi-portal-islemir\/","title":{"rendered":"Neft\u00e7il\u0259r: \u201cSOCAR i\u015f elan\u0131 ver\u0259n kimi portal i\u015fl\u0259mir\u201d"},"content":{"rendered":"\n<p><\/p>\n\n\n\n<p><strong><em>Mirvari Q\u0259hr\u0259manl\u0131 t\u0259\u015fkilata bununla ba\u011fl\u0131 \u015fikay\u0259tl\u0259r daxil oldu\u011funu deyir<\/em><\/strong><\/p>\n\n\n\n<p><em>\u201cSOCAR-da vakant yerl\u0259r elan olunan kimi \u0130nsan Resurslar\u0131 Departamentinin portal\u0131 i\u015fl\u0259mir, aylarla ixtisasa uy\u011fun i\u015f g\u00f6zl\u0259yirik, amma portala gir\u0259 bilmirik. Sistem\u0259 daxil ola bilm\u0259k \u00fc\u00e7\u00fcn m\u00fcxt\u0259lif brauzerd\u0259n istifad\u0259 edirik\u201d<\/em>.<\/p>\n\n\n\n<p>Bunu SOCAR-da \u00e7al\u0131\u015fan neft\u00e7il\u0259r bildiribl\u0259r. \u0130\u015fd\u0259n \u00e7\u0131xar\u0131lma t\u0259hl\u00fck\u0259si s\u0259b\u0259bind\u0259n ad\u0131n\u0131n a\u00e7\u0131qlanmas\u0131n\u0131 ist\u0259m\u0259y\u0259n neft\u00e7i deyib ki, son g\u00fcnl\u0259r \u201cYandex\u201d brauzeri vasit\u0259sil\u0259 daxil ola bilirl\u0259r, o da m\u00fc\u0259yy\u0259n telefon modell\u0259ri \u00fc\u00e7\u00fcn ke\u00e7\u0259rlidir. Portaln i\u015fl\u0259m\u0259m\u0259si s\u0259b\u0259bind\u0259n k\u00fctl\u0259vi \u015fikay\u0259t oldu\u011fundan problemd\u0259n h\u0259m \u201cAzneft\u201d \u0130stehsalat Birliyinin, h\u0259m d\u0259 \u0130nsan Resurslari Departamentinin r\u0259hb\u0259rliyi x\u0259b\u0259rdard\u0131r.<\/p>\n\n\n\n<p><em>\u201cBilirik ki, portal\u0131n saxlan\u0131lmas\u0131na ayda kifay\u0259t q\u0259d\u0259r v\u0259sait x\u0259rcl\u0259nilir. Bel\u0259 oldu\u011fu halda problemin d\u0259f\u0259l\u0259rl\u0259 t\u0259krarlanmas\u0131nn s\u0259b\u0259bi n\u0259dir? Deyirl\u0259r ki, portal h\u0259ft\u0259 sonlar\u0131 i\u015fl\u0259mir, h\u0259r d\u0259f\u0259 gir\u0259nd\u0259 \u015fifr\u0259nin d\u0259yi\u015fm\u0259si \u00fc\u00e7\u00fcn x\u0259b\u0259rdarl\u0131q g\u0259lir, bu probleml\u0259 rastla\u015fanlar \u00e7oxdur\u201d,<\/em>-ba\u015fqa bir neft\u00e7i deyib.<\/p>\n\n\n\n<p>Vakansiyanin qeydiyyat mudd\u0259ti q\u0131sa m\u00fcdd\u0259t olur, buna g\u00f6r\u0259 d\u0259 portala gir\u0259 bilm\u0259y\u0259n i\u015f\u00e7i \u00e7ar\u0259siz duruma d\u00fc\u015f\u00fcr.<\/p>\n\n\n\n<p>Neft\u00e7il\u0259rin H\u00fcquqlar\u0131n\u0131 M\u00fcdafi\u0259 T\u0259\u015fkilat\u0131n\u0131n s\u0259dri Mirvari Q\u0259hr\u0259manl\u0131 Meydan TV-y\u0259 deyib ki, bununla ba\u011fl\u0131 r\u0259hb\u0259rlik etdiyi t\u0259\u015fkilata m\u00fcraci\u0259tl\u0259r daxil olub. \u0130\u015f\u00e7il\u0259r portala gir\u0259 bilmirl\u0259r, dekabrdan indiy\u0259d\u0259k problem h\u0259ll olunmay\u0131b.<\/p>\n\n\n\n<p><em>\u201cPortal ba\u011fl\u0131 olursa, m\u00fcraci\u0259t nec\u0259 edilir? \u018fg\u0259r sonradan h\u0259min elan olunan v\u0259zif\u0259y\u0259 kims\u0259 q\u0259bul olunsa, bunun izah\u0131n\u0131 nec\u0259 ver\u0259c\u0259kl\u0259r? Bu halda \u015firk\u0259td\u0259 i\u015f\u0259 q\u0259bulda \u015f\u0259ffafl\u0131q t\u0259min olunurmu? Bu suallara cavab ist\u0259yir\u0259m\u201d,<\/em>-h\u00fcquq m\u00fcdafi\u0259\u00e7isi deyib.<\/p>\n\n\n\n<p>SOCAR-dan is\u0259 suallar\u0131 cavabland\u0131rmay\u0131blar.<\/p>\n","protected":false},"excerpt":{"rendered":"<p>Mirvari Q\u0259hr\u0259manl\u0131 t\u0259\u015fkilata bununla ba\u011fl\u0131 \u015fikay\u0259tl\u0259r daxil oldu\u011funu deyir \u201cSOCAR-da &#8230; <\/p>\n<p class=\"read-more-container\"><a title=\"Neft\u00e7il\u0259r: \u201cSOCAR i\u015f elan\u0131 ver\u0259n kimi portal i\u015fl\u0259mir\u201d\" class=\"read-more button\" href=\"https:\/\/www.meydan.tv\/az\/article\/neftciler-socar-is-elani-veren-kimi-portal-islemir\/#more-300191\" aria-label=\"Read more about Neft\u00e7il\u0259r: \u201cSOCAR i\u015f elan\u0131 ver\u0259n kimi portal i\u015fl\u0259mir\u201d\">Davam\u0131<\/a><\/p>\n","protected":false},"author":21,"featured_media":139113,"comment_status":"closed","ping_status":"closed","sticky":false,"template":"","format":"standard","meta":{"_acf_changed":false,"_sitemap_exclude":false,"_sitemap_priority":"","_sitemap_frequency":"","footnotes":""},"categories":[62,56],"tags":[],"class_list":["post-300191","post","type-post","status-publish","format-standard","has-post-thumbnail","hentry","category-sosial","category-xeberler","infinite-scroll-item","generate-columns","tablet-grid-50","mobile-grid-100","grid-parent","grid-33","no-featured-image-padding"],"acf":[],"yoast_head":"<!-- This site is optimized with the Yoast SEO plugin v27.5 - https:\/\/yoast.com\/product\/yoast-seo-wordpress\/ -->\n<title>Neft\u00e7il\u0259r: \u201cSOCAR i\u015f elan\u0131 ver\u0259n kimi portal i\u015fl\u0259mir\u201d - MEYDAN.TV<\/title>\n<meta name=\"robots\" content=\"index, follow, max-snippet:-1, max-image-preview:large, max-video-preview:-1\" \/>\n<link rel=\"canonical\" href=\"https:\/\/www.meydan.tv\/az\/article\/neftciler-socar-is-elani-veren-kimi-portal-islemir\/\" \/>\n<meta property=\"og:locale\" content=\"az_AZ\" \/>\n<meta property=\"og:type\" content=\"article\" \/>\n<meta property=\"og:title\" content=\"Neft\u00e7il\u0259r: \u201cSOCAR i\u015f elan\u0131 ver\u0259n kimi portal i\u015fl\u0259mir\u201d - MEYDAN.TV\" \/>\n<meta property=\"og:description\" content=\"Mirvari Q\u0259hr\u0259manl\u0131 t\u0259\u015fkilata bununla ba\u011fl\u0131 \u015fikay\u0259tl\u0259r daxil oldu\u011funu deyir \u201cSOCAR-da ... Davam\u0131\" \/>\n<meta property=\"og:url\" content=\"https:\/\/www.meydan.tv\/az\/article\/neftciler-socar-is-elani-veren-kimi-portal-islemir\/\" \/>\n<meta property=\"og:site_name\" content=\"MEYDAN.TV\" \/>\n<meta property=\"article:published_time\" content=\"2024-02-29T08:30:30+00:00\" \/>\n<meta property=\"article:modified_time\" content=\"2024-02-29T08:30:33+00:00\" \/>\n<meta property=\"og:image\" content=\"https:\/\/www.meydan.tv\/wp-content\/uploads\/socar_thicgiw.jpg\" \/>\n\t<meta property=\"og:image:width\" content=\"1000\" \/>\n\t<meta property=\"og:image:height\" content=\"627\" \/>\n\t<meta property=\"og:image:type\" content=\"image\/jpeg\" \/>\n<meta name=\"author\" content=\"mahmud\" \/>\n<meta name=\"twitter:card\" content=\"summary_large_image\" \/>\n<script type=\"application\/ld+json\" class=\"yoast-schema-graph\">{\"@context\":\"https:\\\/\\\/schema.org\",\"@graph\":[{\"@type\":\"Article\",\"@id\":\"https:\\\/\\\/www.meydan.tv\\\/az\\\/article\\\/neftciler-socar-is-elani-veren-kimi-portal-islemir\\\/#article\",\"isPartOf\":{\"@id\":\"https:\\\/\\\/www.meydan.tv\\\/az\\\/article\\\/neftciler-socar-is-elani-veren-kimi-portal-islemir\\\/\"},\"author\":{\"name\":\"mahmud\",\"@id\":\"https:\\\/\\\/www.meydan.tv\\\/az\\\/#\\\/schema\\\/person\\\/09863e516102a829e72bedcf3f84c6b0\"},\"headline\":\"Neft\u00e7il\u0259r: \u201cSOCAR i\u015f elan\u0131 ver\u0259n kimi portal i\u015fl\u0259mir\u201d\",\"datePublished\":\"2024-02-29T08:30:30+00:00\",\"dateModified\":\"2024-02-29T08:30:33+00:00\",\"mainEntityOfPage\":{\"@id\":\"https:\\\/\\\/www.meydan.tv\\\/az\\\/article\\\/neftciler-socar-is-elani-veren-kimi-portal-islemir\\\/\"},\"wordCount\":377,\"publisher\":{\"@id\":\"https:\\\/\\\/www.meydan.tv\\\/az\\\/#organization\"},\"image\":{\"@id\":\"https:\\\/\\\/www.meydan.tv\\\/az\\\/article\\\/neftciler-socar-is-elani-veren-kimi-portal-islemir\\\/#primaryimage\"},\"thumbnailUrl\":\"https:\\\/\\\/www.meydan.tv\\\/wp-content\\\/uploads\\\/socar_thicgiw.jpg\",\"articleSection\":[\"Sosial\",\"X\u0259b\u0259rl\u0259r\"],\"inLanguage\":\"az\"},{\"@type\":\"WebPage\",\"@id\":\"https:\\\/\\\/www.meydan.tv\\\/az\\\/article\\\/neftciler-socar-is-elani-veren-kimi-portal-islemir\\\/\",\"url\":\"https:\\\/\\\/www.meydan.tv\\\/az\\\/article\\\/neftciler-socar-is-elani-veren-kimi-portal-islemir\\\/\",\"name\":\"Neft\u00e7il\u0259r: \u201cSOCAR i\u015f elan\u0131 ver\u0259n kimi portal i\u015fl\u0259mir\u201d - MEYDAN.TV\",\"isPartOf\":{\"@id\":\"https:\\\/\\\/www.meydan.tv\\\/az\\\/#website\"},\"primaryImageOfPage\":{\"@id\":\"https:\\\/\\\/www.meydan.tv\\\/az\\\/article\\\/neftciler-socar-is-elani-veren-kimi-portal-islemir\\\/#primaryimage\"},\"image\":{\"@id\":\"https:\\\/\\\/www.meydan.tv\\\/az\\\/article\\\/neftciler-socar-is-elani-veren-kimi-portal-islemir\\\/#primaryimage\"},\"thumbnailUrl\":\"https:\\\/\\\/www.meydan.tv\\\/wp-content\\\/uploads\\\/socar_thicgiw.jpg\",\"datePublished\":\"2024-02-29T08:30:30+00:00\",\"dateModified\":\"2024-02-29T08:30:33+00:00\",\"breadcrumb\":{\"@id\":\"https:\\\/\\\/www.meydan.tv\\\/az\\\/article\\\/neftciler-socar-is-elani-veren-kimi-portal-islemir\\\/#breadcrumb\"},\"inLanguage\":\"az\",\"potentialAction\":[{\"@type\":\"ReadAction\",\"target\":[\"https:\\\/\\\/www.meydan.tv\\\/az\\\/article\\\/neftciler-socar-is-elani-veren-kimi-portal-islemir\\\/\"]}]},{\"@type\":\"ImageObject\",\"inLanguage\":\"az\",\"@id\":\"https:\\\/\\\/www.meydan.tv\\\/az\\\/article\\\/neftciler-socar-is-elani-veren-kimi-portal-islemir\\\/#primaryimage\",\"url\":\"https:\\\/\\\/www.meydan.tv\\\/wp-content\\\/uploads\\\/socar_thicgiw.jpg\",\"contentUrl\":\"https:\\\/\\\/www.meydan.tv\\\/wp-content\\\/uploads\\\/socar_thicgiw.jpg\",\"width\":1000,\"height\":627,\"caption\":\"Foto: SOCAR\"},{\"@type\":\"BreadcrumbList\",\"@id\":\"https:\\\/\\\/www.meydan.tv\\\/az\\\/article\\\/neftciler-socar-is-elani-veren-kimi-portal-islemir\\\/#breadcrumb\",\"itemListElement\":[{\"@type\":\"ListItem\",\"position\":1,\"name\":\"Ana s\u0259hif\u0259\",\"item\":\"https:\\\/\\\/www.meydan.tv\\\/az\\\/\"},{\"@type\":\"ListItem\",\"position\":2,\"name\":\"Sosial\",\"item\":\"https:\\\/\\\/www.meydan.tv\\\/az\\\/section\\\/sosial\\\/\"},{\"@type\":\"ListItem\",\"position\":3,\"name\":\"Neft\u00e7il\u0259r: \u201cSOCAR i\u015f elan\u0131 ver\u0259n kimi portal i\u015fl\u0259mir\u201d\"}]},{\"@type\":\"WebSite\",\"@id\":\"https:\\\/\\\/www.meydan.tv\\\/az\\\/#website\",\"url\":\"https:\\\/\\\/www.meydan.tv\\\/az\\\/\",\"name\":\"MEYDAN.TV\",\"description\":\"Meydan TV Az\u0259rbaycan\u0131n media m\u0259kan\u0131ndak\u0131 alternativ s\u0259sidir\",\"publisher\":{\"@id\":\"https:\\\/\\\/www.meydan.tv\\\/az\\\/#organization\"},\"potentialAction\":[{\"@type\":\"SearchAction\",\"target\":{\"@type\":\"EntryPoint\",\"urlTemplate\":\"https:\\\/\\\/www.meydan.tv\\\/az\\\/?s={search_term_string}\"},\"query-input\":{\"@type\":\"PropertyValueSpecification\",\"valueRequired\":true,\"valueName\":\"search_term_string\"}}],\"inLanguage\":\"az\"},{\"@type\":\"Organization\",\"@id\":\"https:\\\/\\\/www.meydan.tv\\\/az\\\/#organization\",\"name\":\"Meydan TV\",\"url\":\"https:\\\/\\\/www.meydan.tv\\\/az\\\/\",\"logo\":{\"@type\":\"ImageObject\",\"inLanguage\":\"az\",\"@id\":\"https:\\\/\\\/www.meydan.tv\\\/az\\\/#\\\/schema\\\/logo\\\/image\\\/\",\"url\":\"https:\\\/\\\/www.meydan.tv\\\/wp-content\\\/uploads\\\/2021\\\/07\\\/meydan-logo.svg\",\"contentUrl\":\"https:\\\/\\\/www.meydan.tv\\\/wp-content\\\/uploads\\\/2021\\\/07\\\/meydan-logo.svg\",\"width\":195,\"height\":46,\"caption\":\"Meydan TV\"},\"image\":{\"@id\":\"https:\\\/\\\/www.meydan.tv\\\/az\\\/#\\\/schema\\\/logo\\\/image\\\/\"}},{\"@type\":\"Person\",\"@id\":\"https:\\\/\\\/www.meydan.tv\\\/az\\\/#\\\/schema\\\/person\\\/09863e516102a829e72bedcf3f84c6b0\",\"name\":\"mahmud\"}]}<\/script>\n<!-- \/ Yoast SEO plugin. -->","yoast_head_json":{"title":"Neft\u00e7il\u0259r: \u201cSOCAR i\u015f elan\u0131 ver\u0259n kimi portal i\u015fl\u0259mir\u201d - MEYDAN.TV","robots":{"index":"index","follow":"follow","max-snippet":"max-snippet:-1","max-image-preview":"max-image-preview:large","max-video-preview":"max-video-preview:-1"},"canonical":"https:\/\/www.meydan.tv\/az\/article\/neftciler-socar-is-elani-veren-kimi-portal-islemir\/","og_locale":"az_AZ","og_type":"article","og_title":"Neft\u00e7il\u0259r: \u201cSOCAR i\u015f elan\u0131 ver\u0259n kimi portal i\u015fl\u0259mir\u201d - MEYDAN.TV","og_description":"Mirvari Q\u0259hr\u0259manl\u0131 t\u0259\u015fkilata bununla ba\u011fl\u0131 \u015fikay\u0259tl\u0259r daxil oldu\u011funu deyir \u201cSOCAR-da ... Davam\u0131","og_url":"https:\/\/www.meydan.tv\/az\/article\/neftciler-socar-is-elani-veren-kimi-portal-islemir\/","og_site_name":"MEYDAN.TV","article_published_time":"2024-02-29T08:30:30+00:00","article_modified_time":"2024-02-29T08:30:33+00:00","og_image":[{"width":1000,"height":627,"url":"https:\/\/www.meydan.tv\/wp-content\/uploads\/socar_thicgiw.jpg","type":"image\/jpeg"}],"author":"mahmud","twitter_card":"summary_large_image","schema":{"@context":"https:\/\/schema.org","@graph":[{"@type":"Article","@id":"https:\/\/www.meydan.tv\/az\/article\/neftciler-socar-is-elani-veren-kimi-portal-islemir\/#article","isPartOf":{"@id":"https:\/\/www.meydan.tv\/az\/article\/neftciler-socar-is-elani-veren-kimi-portal-islemir\/"},"author":{"name":"mahmud","@id":"https:\/\/www.meydan.tv\/az\/#\/schema\/person\/09863e516102a829e72bedcf3f84c6b0"},"headline":"Neft\u00e7il\u0259r: \u201cSOCAR i\u015f elan\u0131 ver\u0259n kimi portal i\u015fl\u0259mir\u201d","datePublished":"2024-02-29T08:30:30+00:00","dateModified":"2024-02-29T08:30:33+00:00","mainEntityOfPage":{"@id":"https:\/\/www.meydan.tv\/az\/article\/neftciler-socar-is-elani-veren-kimi-portal-islemir\/"},"wordCount":377,"publisher":{"@id":"https:\/\/www.meydan.tv\/az\/#organization"},"image":{"@id":"https:\/\/www.meydan.tv\/az\/article\/neftciler-socar-is-elani-veren-kimi-portal-islemir\/#primaryimage"},"thumbnailUrl":"https:\/\/www.meydan.tv\/wp-content\/uploads\/socar_thicgiw.jpg","articleSection":["Sosial","X\u0259b\u0259rl\u0259r"],"inLanguage":"az"},{"@type":"WebPage","@id":"https:\/\/www.meydan.tv\/az\/article\/neftciler-socar-is-elani-veren-kimi-portal-islemir\/","url":"https:\/\/www.meydan.tv\/az\/article\/neftciler-socar-is-elani-veren-kimi-portal-islemir\/","name":"Neft\u00e7il\u0259r: \u201cSOCAR i\u015f elan\u0131 ver\u0259n kimi portal i\u015fl\u0259mir\u201d - MEYDAN.TV","isPartOf":{"@id":"https:\/\/www.meydan.tv\/az\/#website"},"primaryImageOfPage":{"@id":"https:\/\/www.meydan.tv\/az\/article\/neftciler-socar-is-elani-veren-kimi-portal-islemir\/#primaryimage"},"image":{"@id":"https:\/\/www.meydan.tv\/az\/article\/neftciler-socar-is-elani-veren-kimi-portal-islemir\/#primaryimage"},"thumbnailUrl":"https:\/\/www.meydan.tv\/wp-content\/uploads\/socar_thicgiw.jpg","datePublished":"2024-02-29T08:30:30+00:00","dateModified":"2024-02-29T08:30:33+00:00","breadcrumb":{"@id":"https:\/\/www.meydan.tv\/az\/article\/neftciler-socar-is-elani-veren-kimi-portal-islemir\/#breadcrumb"},"inLanguage":"az","potentialAction":[{"@type":"ReadAction","target":["https:\/\/www.meydan.tv\/az\/article\/neftciler-socar-is-elani-veren-kimi-portal-islemir\/"]}]},{"@type":"ImageObject","inLanguage":"az","@id":"https:\/\/www.meydan.tv\/az\/article\/neftciler-socar-is-elani-veren-kimi-portal-islemir\/#primaryimage","url":"https:\/\/www.meydan.tv\/wp-content\/uploads\/socar_thicgiw.jpg","contentUrl":"https:\/\/www.meydan.tv\/wp-content\/uploads\/socar_thicgiw.jpg","width":1000,"height":627,"caption":"Foto: SOCAR"},{"@type":"BreadcrumbList","@id":"https:\/\/www.meydan.tv\/az\/article\/neftciler-socar-is-elani-veren-kimi-portal-islemir\/#breadcrumb","itemListElement":[{"@type":"ListItem","position":1,"name":"Ana s\u0259hif\u0259","item":"https:\/\/www.meydan.tv\/az\/"},{"@type":"ListItem","position":2,"name":"Sosial","item":"https:\/\/www.meydan.tv\/az\/section\/sosial\/"},{"@type":"ListItem","position":3,"name":"Neft\u00e7il\u0259r: \u201cSOCAR i\u015f elan\u0131 ver\u0259n kimi portal i\u015fl\u0259mir\u201d"}]},{"@type":"WebSite","@id":"https:\/\/www.meydan.tv\/az\/#website","url":"https:\/\/www.meydan.tv\/az\/","name":"MEYDAN.TV","description":"Meydan TV Az\u0259rbaycan\u0131n media m\u0259kan\u0131ndak\u0131 alternativ s\u0259sidir","publisher":{"@id":"https:\/\/www.meydan.tv\/az\/#organization"},"potentialAction":[{"@type":"SearchAction","target":{"@type":"EntryPoint","urlTemplate":"https:\/\/www.meydan.tv\/az\/?s={search_term_string}"},"query-input":{"@type":"PropertyValueSpecification","valueRequired":true,"valueName":"search_term_string"}}],"inLanguage":"az"},{"@type":"Organization","@id":"https:\/\/www.meydan.tv\/az\/#organization","name":"Meydan TV","url":"https:\/\/www.meydan.tv\/az\/","logo":{"@type":"ImageObject","inLanguage":"az","@id":"https:\/\/www.meydan.tv\/az\/#\/schema\/logo\/image\/","url":"https:\/\/www.meydan.tv\/wp-content\/uploads\/2021\/07\/meydan-logo.svg","contentUrl":"https:\/\/www.meydan.tv\/wp-content\/uploads\/2021\/07\/meydan-logo.svg","width":195,"height":46,"caption":"Meydan TV"},"image":{"@id":"https:\/\/www.meydan.tv\/az\/#\/schema\/logo\/image\/"}},{"@type":"Person","@id":"https:\/\/www.meydan.tv\/az\/#\/schema\/person\/09863e516102a829e72bedcf3f84c6b0","name":"mahmud"}]}},"_links":{"self":[{"href":"https:\/\/www.meydan.tv\/az\/wp-json\/wp\/v2\/posts\/300191","targetHints":{"allow":["GET"]}}],"collection":[{"href":"https:\/\/www.meydan.tv\/az\/wp-json\/wp\/v2\/posts"}],"about":[{"href":"https:\/\/www.meydan.tv\/az\/wp-json\/wp\/v2\/types\/post"}],"author":[{"embeddable":true,"href":"https:\/\/www.meydan.tv\/az\/wp-json\/wp\/v2\/users\/21"}],"replies":[{"embeddable":true,"href":"https:\/\/www.meydan.tv\/az\/wp-json\/wp\/v2\/comments?post=300191"}],"version-history":[{"count":1,"href":"https:\/\/www.meydan.tv\/az\/wp-json\/wp\/v2\/posts\/300191\/revisions"}],"predecessor-version":[{"id":300192,"href":"https:\/\/www.meydan.tv\/az\/wp-json\/wp\/v2\/posts\/300191\/revisions\/300192"}],"wp:featuredmedia":[{"embeddable":true,"href":"https:\/\/www.meydan.tv\/az\/wp-json\/wp\/v2\/media\/139113"}],"wp:attachment":[{"href":"https:\/\/www.meydan.tv\/az\/wp-json\/wp\/v2\/media?parent=300191"}],"wp:term":[{"taxonomy":"category","embeddable":true,"href":"https:\/\/www.meydan.tv\/az\/wp-json\/wp\/v2\/categories?post=300191"},{"taxonomy":"post_tag","embeddable":true,"href":"https:\/\/www.meydan.tv\/az\/wp-json\/wp\/v2\/tags?post=300191"}],"curies":[{"name":"wp","href":"https:\/\/api.w.org\/{rel}","templated":true}]}}