{"id":300180,"date":"2024-02-29T11:52:24","date_gmt":"2024-02-29T07:52:24","guid":{"rendered":"https:\/\/www.meydan.tv\/?p=300180"},"modified":"2024-02-29T11:52:29","modified_gmt":"2024-02-29T07:52:29","slug":"prokuror-nikosayaginin-6-il-azadliqdan-mehrum-edilmesini-istedi","status":"publish","type":"post","link":"https:\/\/www.meydan.tv\/az\/article\/prokuror-nikosayaginin-6-il-azadliqdan-mehrum-edilmesini-istedi\/","title":{"rendered":"Prokuror \u201cNikosaya\u011f\u0131\u201dn\u0131n 6 il azadl\u0131qdan m\u0259hrum edilm\u0259sini ist\u0259di"},"content":{"rendered":"\n<p><\/p>\n\n\n\n<p><strong><em>N\u00f6vb\u0259ti m\u0259hk\u0259m\u0259 iclas\u0131nda v\u0259kil \u00e7\u0131x\u0131\u015f ed\u0259c\u0259k, h\u00f6km oxunacaq<\/em><\/strong><\/p>\n\n\n\n<p>Sosial \u015f\u0259b\u0259k\u0259l\u0259rd\u0259 \u201cNikosaya\u011f\u0131\u201d kimi tan\u0131nan bloger Nicat \u015eakirliy\u0259 prokuror 6 il azadl\u0131qdan m\u0259hrumetm\u0259 c\u0259zas\u0131 ist\u0259yib.<\/p>\n\n\n\n<p>S\u0259rxo\u015f v\u0259ziyy\u0259td\u0259 avtomobil idar\u0259 edib, dostunun \u00f6l\u00fcm\u00fcn\u0259 s\u0259b\u0259b olan avtoq\u0259za t\u00f6r\u0259tm\u0259kd\u0259 ittiham olunan blogerin i\u015fin\u0259 Bak\u0131 A\u011f\u0131r Cinay\u0259tl\u0259r M\u0259hk\u0259m\u0259sind\u0259 bax\u0131l\u0131r. Fevral\u0131n 29-da hakim Samir \u018fliyevin s\u0259drliyil\u0259 bu i\u015f \u00fczr\u0259 ke\u00e7iril\u0259n prosesd\u0259 m\u0259hk\u0259m\u0259 istintaq\u0131n\u0131n ba\u015fa \u00e7atd\u0131\u011f\u0131 elan olunub.<\/p>\n\n\n\n<p>Daha sonra m\u0259hk\u0259m\u0259 prosesind\u0259 \u00e7\u0131x\u0131\u015flar m\u0259rh\u0259l\u0259si ba\u015flay\u0131b.<\/p>\n\n\n\n<p>\u00d6nc\u0259 \u00e7\u0131x\u0131\u015f ed\u0259n prokuror Nicat \u015eakirlinin c\u0259zas\u0131n\u0131 \u00fcmumi rejimli c\u0259za\u00e7\u0259km\u0259 m\u00fc\u0259ssis\u0259sind\u0259 \u00e7\u0259km\u0259kl\u0259, 6 il azadl\u0131qdan m\u0259hrum edilm\u0259sini v\u0259 h\u00f6kmd\u0259 onun m\u0259hk\u0259m\u0259 zal\u0131nda h\u0259bs olunmas\u0131n\u0131 ist\u0259yib.<\/p>\n\n\n<div class=\"wp-block-image\">\n<figure class=\"alignright size-large is-resized\"><img decoding=\"async\" width=\"548\" height=\"821\" data-src=\"https:\/\/www.meydan.tv\/wp-content\/uploads\/photo-2024-02-29-11-11-19-548x821.jpg\" alt=\"\" class=\"wp-image-300181 lazyload\" style=\"--smush-placeholder-width: 548px; --smush-placeholder-aspect-ratio: 548\/821;width:488px;height:auto\" src=\"data:image\/svg+xml;base64,PHN2ZyB3aWR0aD0iMSIgaGVpZ2h0PSIxIiB4bWxucz0iaHR0cDovL3d3dy53My5vcmcvMjAwMC9zdmciPjwvc3ZnPg==\" \/><figcaption class=\"wp-element-caption\">Nicat \u015eakirli. Foto: Meydan TV<\/figcaption><\/figure>\n<\/div>\n\n\n<p>Prokurordan sonra \u00e7\u0131x\u0131\u015f \u00fc\u00e7\u00fcn blogerin v\u0259kilin\u0259 s\u00f6z verils\u0259 d\u0259, o, \u00e7\u0131x\u0131\u015fa haz\u0131r olmad\u0131\u011f\u0131n\u0131 bildirib v\u0259 vaxt ist\u0259yib.<\/p>\n\n\n\n<p>N\u00f6vb\u0259ti m\u0259hk\u0259m\u0259 iclas\u0131nda v\u0259kil \u00e7\u0131x\u0131\u015f ed\u0259c\u0259k, ard\u0131nca bloger \u00f6z\u00fc son s\u00f6z\u00fcn\u00fc dey\u0259c\u0259k v\u0259 bundan sonra h\u00f6km oxunacaq.<\/p>\n\n\n\n<p>Hadis\u0259 2023-c\u00fc il avqustun 15-d\u0259 gec\u0259 saatlar\u0131nda ba\u015f verib. \u0130ttihama g\u00f6r\u0259, hadis\u0259 zaman\u0131 Nicat \u015eakirli s\u0259rxo\u015f olub, \u201cPorsche\u201d markal\u0131 avtomobili y\u00fcks\u0259k s\u00fcr\u0259tl\u0259 idar\u0259 edib. N\u0259tic\u0259d\u0259 onun idar\u0259 etdiyi avtomobil y\u00fck ma\u015f\u0131n\u0131na \u00e7\u0131rp\u0131l\u0131b.<\/p>\n\n\n\n<p>Q\u0259za zaman\u0131 Nicat \u015eakirlinin yan\u0131nda olan dostu Ruslan M\u0259mm\u0259dov hadis\u0259 yerind\u0259 h\u0259yat\u0131n\u0131 itirib, \u00f6z\u00fc is\u0259 a\u011f\u0131r x\u0259sar\u0259t al\u0131b. Bloger x\u0259st\u0259xanaya \u00e7atd\u0131r\u0131l\u0131b, lakin onun qolu amputasiya olunub.<\/p>\n\n\n\n<p>29 ya\u015fl\u0131 Nicat \u015eakirli m\u0259hk\u0259m\u0259d\u0259 ifad\u0259 ver\u0259rk\u0259n bildirib ki, q\u0259zaya g\u00f6r\u0259 \u00f6z\u00fcn\u00fc g\u00fcnahkar bilir. Lakin hadis\u0259 vaxt\u0131 spirtli i\u00e7kinin t\u0259siri alt\u0131nda olmad\u0131\u011f\u0131n\u0131 deyir.<\/p>\n\n\n\n<p>Bloger hadis\u0259 bar\u0259d\u0259 bunlar\u0131 dan\u0131\u015f\u0131b:<\/p>\n\n\n\n<p><em>\u201cN\u0259rimanov\u201dda oturub domino oynay\u0131rd\u0131q. Bir az sonra s\u0131x\u0131ld\u0131q, durduq ma\u015f\u0131nla g\u0259zm\u0259y\u0259. Ev\u0259 gedib paltar\u0131m\u0131 d\u0259yi\u015fm\u0259k ist\u0259yirdim. Ruslan dedi ki, pulqab\u0131m \u00f6z ma\u015f\u0131n\u0131mda qal\u0131b, m\u0259ni qaytar, g\u00f6t\u00fcr\u00fcm. Hadis\u0259d\u0259n 1-2 saat \u0259vv\u0259l\u0259 q\u0259d\u0259r h\u0259r \u015feyi xat\u0131rlay\u0131ram. Amma sonradan n\u0259 oldu\u011funu videoya bax\u0131b bilmi\u015f\u0259m. \u0130\u00e7kili olmam\u0131\u015fam. M\u0259n i\u00e7m\u0259k ist\u0259s\u0259ydim bel\u0259, Ruslan qoymazd\u0131. M\u0259n bir g\u00fcn \u0259vv\u0259l i\u00e7mi\u015fdim. M\u0259n\u0259 qaranl\u0131qd\u0131r ki, m\u0259nd\u0259n nec\u0259 n\u00fcmun\u0259 g\u00f6t\u00fcr\u00fcl\u00fcb, onu da bilmir\u0259m. Bunlar\u0131 dan\u0131\u015fmaq \u00e7ox a\u011f\u0131rd\u0131r. \u00c7\u00fcnki qarda\u015f kimi \u0259ziz olan bir adam\u0131 itirmi\u015f\u0259m. O, ail\u0259mizin bir \u00fczv\u00fc idi. G\u00fcnahkaram&#8230;\u201d<\/em>.<\/p>\n\n\n\n<p>Nicat \u015eakirli \u0259lav\u0259 edib ki, 2015-ci ild\u0259 d\u0259 travma al\u0131b, bununla \u0259laq\u0259dar da yadda\u015f\u0131nda problem var.<\/p>\n\n\n\n<p>\u201cNikosaya\u011f\u0131\u201d Cinay\u0259t M\u0259c\u0259ll\u0259sinin 263-1.3 (yol h\u0259r\u0259k\u0259ti qaydalar\u0131n\u0131 s\u0259rxo\u015f halda v\u0259 ya n\u0259qliyyat vasit\u0259l\u0259rini idar\u0259 etm\u0259k h\u00fcququ olmadan pozma &#8211; \u00f6l\u00fcm\u0259 s\u0259b\u0259b olduqda) madd\u0259sil\u0259 ittiham olunur. Bu madd\u0259d\u0259 5 ild\u0259n 8 il\u0259 q\u0259d\u0259r azadl\u0131qdan m\u0259hrumetm\u0259 c\u0259zas\u0131 n\u0259z\u0259rd\u0259 tutulub.<\/p>\n\n\n\n<p>Nicat \u015eakirli h\u0259bsd\u0259 deyil, istintaq v\u0259 m\u0259hk\u0259m\u0259 d\u00f6vr\u00fc \u00fc\u00e7\u00fcn onun haqq\u0131nda ba\u015fqa yer\u0259 getm\u0259m\u0259y\u0259 dair iltizam q\u0259timkan t\u0259dbiri se\u00e7ilib.<\/p>\n\n\n\n<p>Q\u0259za n\u0259tic\u0259sind\u0259 \u00f6l\u0259n 1996-c\u0131 il t\u0259v\u0259ll\u00fcdl\u00fc Ruslan M\u0259mm\u0259dov \u015eimali Osetiya-Alaniya Respublikas\u0131 Az\u0259rbaycanl\u0131lar\u0131 Konqresinin f\u0259xri prezidenti \u015eahin M\u0259mm\u0259dovun o\u011fludur. Z\u0259r\u0259r\u00e7\u0259kmi\u015f t\u0259r\u0259f blogerd\u0259n \u015fikay\u0259t\u00e7i olmay\u0131b.<\/p>\n\n\n\n<p><\/p>\n","protected":false},"excerpt":{"rendered":"<p>N\u00f6vb\u0259ti m\u0259hk\u0259m\u0259 iclas\u0131nda v\u0259kil \u00e7\u0131x\u0131\u015f ed\u0259c\u0259k, h\u00f6km oxunacaq Sosial \u015f\u0259b\u0259k\u0259l\u0259rd\u0259 &#8230; <\/p>\n<p class=\"read-more-container\"><a title=\"Prokuror \u201cNikosaya\u011f\u0131\u201dn\u0131n 6 il azadl\u0131qdan m\u0259hrum edilm\u0259sini ist\u0259di\" class=\"read-more button\" href=\"https:\/\/www.meydan.tv\/az\/article\/prokuror-nikosayaginin-6-il-azadliqdan-mehrum-edilmesini-istedi\/#more-300180\" aria-label=\"Read more about Prokuror \u201cNikosaya\u011f\u0131\u201dn\u0131n 6 il azadl\u0131qdan m\u0259hrum edilm\u0259sini ist\u0259di\">Davam\u0131<\/a><\/p>\n","protected":false},"author":21,"featured_media":294834,"comment_status":"closed","ping_status":"closed","sticky":false,"template":"","format":"standard","meta":{"_acf_changed":false,"_sitemap_exclude":false,"_sitemap_priority":"","_sitemap_frequency":"","footnotes":""},"categories":[62,56],"tags":[],"class_list":["post-300180","post","type-post","status-publish","format-standard","has-post-thumbnail","hentry","category-sosial","category-xeberler","infinite-scroll-item","generate-columns","tablet-grid-50","mobile-grid-100","grid-parent","grid-33","no-featured-image-padding"],"acf":[],"yoast_head":"<!-- This site is optimized with the Yoast SEO plugin v27.5 - https:\/\/yoast.com\/product\/yoast-seo-wordpress\/ -->\n<title>Prokuror \u201cNikosaya\u011f\u0131\u201dn\u0131n 6 il azadl\u0131qdan m\u0259hrum edilm\u0259sini ist\u0259di - MEYDAN.TV<\/title>\n<meta name=\"robots\" content=\"index, follow, max-snippet:-1, max-image-preview:large, max-video-preview:-1\" \/>\n<link rel=\"canonical\" href=\"https:\/\/www.meydan.tv\/az\/article\/prokuror-nikosayaginin-6-il-azadliqdan-mehrum-edilmesini-istedi\/\" \/>\n<meta property=\"og:locale\" content=\"az_AZ\" \/>\n<meta property=\"og:type\" content=\"article\" \/>\n<meta property=\"og:title\" content=\"Prokuror \u201cNikosaya\u011f\u0131\u201dn\u0131n 6 il azadl\u0131qdan m\u0259hrum edilm\u0259sini ist\u0259di - MEYDAN.TV\" \/>\n<meta property=\"og:description\" content=\"N\u00f6vb\u0259ti m\u0259hk\u0259m\u0259 iclas\u0131nda v\u0259kil \u00e7\u0131x\u0131\u015f ed\u0259c\u0259k, h\u00f6km oxunacaq Sosial \u015f\u0259b\u0259k\u0259l\u0259rd\u0259 ... Davam\u0131\" \/>\n<meta property=\"og:url\" content=\"https:\/\/www.meydan.tv\/az\/article\/prokuror-nikosayaginin-6-il-azadliqdan-mehrum-edilmesini-istedi\/\" \/>\n<meta property=\"og:site_name\" content=\"MEYDAN.TV\" \/>\n<meta property=\"article:published_time\" content=\"2024-02-29T07:52:24+00:00\" \/>\n<meta property=\"article:modified_time\" content=\"2024-02-29T07:52:29+00:00\" \/>\n<meta property=\"og:image\" content=\"https:\/\/www.meydan.tv\/wp-content\/uploads\/1-38-e1704735608544.jpg\" \/>\n\t<meta property=\"og:image:width\" content=\"1920\" \/>\n\t<meta property=\"og:image:height\" content=\"835\" \/>\n\t<meta property=\"og:image:type\" content=\"image\/jpeg\" \/>\n<meta name=\"author\" content=\"mahmud\" \/>\n<meta name=\"twitter:card\" content=\"summary_large_image\" \/>\n<script type=\"application\/ld+json\" class=\"yoast-schema-graph\">{\"@context\":\"https:\\\/\\\/schema.org\",\"@graph\":[{\"@type\":\"Article\",\"@id\":\"https:\\\/\\\/www.meydan.tv\\\/az\\\/article\\\/prokuror-nikosayaginin-6-il-azadliqdan-mehrum-edilmesini-istedi\\\/#article\",\"isPartOf\":{\"@id\":\"https:\\\/\\\/www.meydan.tv\\\/az\\\/article\\\/prokuror-nikosayaginin-6-il-azadliqdan-mehrum-edilmesini-istedi\\\/\"},\"author\":{\"name\":\"mahmud\",\"@id\":\"https:\\\/\\\/www.meydan.tv\\\/az\\\/#\\\/schema\\\/person\\\/09863e516102a829e72bedcf3f84c6b0\"},\"headline\":\"Prokuror \u201cNikosaya\u011f\u0131\u201dn\u0131n 6 il azadl\u0131qdan m\u0259hrum edilm\u0259sini ist\u0259di\",\"datePublished\":\"2024-02-29T07:52:24+00:00\",\"dateModified\":\"2024-02-29T07:52:29+00:00\",\"mainEntityOfPage\":{\"@id\":\"https:\\\/\\\/www.meydan.tv\\\/az\\\/article\\\/prokuror-nikosayaginin-6-il-azadliqdan-mehrum-edilmesini-istedi\\\/\"},\"wordCount\":666,\"publisher\":{\"@id\":\"https:\\\/\\\/www.meydan.tv\\\/az\\\/#organization\"},\"image\":{\"@id\":\"https:\\\/\\\/www.meydan.tv\\\/az\\\/article\\\/prokuror-nikosayaginin-6-il-azadliqdan-mehrum-edilmesini-istedi\\\/#primaryimage\"},\"thumbnailUrl\":\"https:\\\/\\\/www.meydan.tv\\\/wp-content\\\/uploads\\\/1-38-e1704735608544.jpg\",\"articleSection\":[\"Sosial\",\"X\u0259b\u0259rl\u0259r\"],\"inLanguage\":\"az\"},{\"@type\":\"WebPage\",\"@id\":\"https:\\\/\\\/www.meydan.tv\\\/az\\\/article\\\/prokuror-nikosayaginin-6-il-azadliqdan-mehrum-edilmesini-istedi\\\/\",\"url\":\"https:\\\/\\\/www.meydan.tv\\\/az\\\/article\\\/prokuror-nikosayaginin-6-il-azadliqdan-mehrum-edilmesini-istedi\\\/\",\"name\":\"Prokuror \u201cNikosaya\u011f\u0131\u201dn\u0131n 6 il azadl\u0131qdan m\u0259hrum edilm\u0259sini ist\u0259di - MEYDAN.TV\",\"isPartOf\":{\"@id\":\"https:\\\/\\\/www.meydan.tv\\\/az\\\/#website\"},\"primaryImageOfPage\":{\"@id\":\"https:\\\/\\\/www.meydan.tv\\\/az\\\/article\\\/prokuror-nikosayaginin-6-il-azadliqdan-mehrum-edilmesini-istedi\\\/#primaryimage\"},\"image\":{\"@id\":\"https:\\\/\\\/www.meydan.tv\\\/az\\\/article\\\/prokuror-nikosayaginin-6-il-azadliqdan-mehrum-edilmesini-istedi\\\/#primaryimage\"},\"thumbnailUrl\":\"https:\\\/\\\/www.meydan.tv\\\/wp-content\\\/uploads\\\/1-38-e1704735608544.jpg\",\"datePublished\":\"2024-02-29T07:52:24+00:00\",\"dateModified\":\"2024-02-29T07:52:29+00:00\",\"breadcrumb\":{\"@id\":\"https:\\\/\\\/www.meydan.tv\\\/az\\\/article\\\/prokuror-nikosayaginin-6-il-azadliqdan-mehrum-edilmesini-istedi\\\/#breadcrumb\"},\"inLanguage\":\"az\",\"potentialAction\":[{\"@type\":\"ReadAction\",\"target\":[\"https:\\\/\\\/www.meydan.tv\\\/az\\\/article\\\/prokuror-nikosayaginin-6-il-azadliqdan-mehrum-edilmesini-istedi\\\/\"]}]},{\"@type\":\"ImageObject\",\"inLanguage\":\"az\",\"@id\":\"https:\\\/\\\/www.meydan.tv\\\/az\\\/article\\\/prokuror-nikosayaginin-6-il-azadliqdan-mehrum-edilmesini-istedi\\\/#primaryimage\",\"url\":\"https:\\\/\\\/www.meydan.tv\\\/wp-content\\\/uploads\\\/1-38-e1704735608544.jpg\",\"contentUrl\":\"https:\\\/\\\/www.meydan.tv\\\/wp-content\\\/uploads\\\/1-38-e1704735608544.jpg\",\"width\":1920,\"height\":835,\"caption\":\"Nicat \u015eakirli. Foto: \u015f\u0259xsi arxivind\u0259n\"},{\"@type\":\"BreadcrumbList\",\"@id\":\"https:\\\/\\\/www.meydan.tv\\\/az\\\/article\\\/prokuror-nikosayaginin-6-il-azadliqdan-mehrum-edilmesini-istedi\\\/#breadcrumb\",\"itemListElement\":[{\"@type\":\"ListItem\",\"position\":1,\"name\":\"Ana s\u0259hif\u0259\",\"item\":\"https:\\\/\\\/www.meydan.tv\\\/az\\\/\"},{\"@type\":\"ListItem\",\"position\":2,\"name\":\"Sosial\",\"item\":\"https:\\\/\\\/www.meydan.tv\\\/az\\\/section\\\/sosial\\\/\"},{\"@type\":\"ListItem\",\"position\":3,\"name\":\"Prokuror \u201cNikosaya\u011f\u0131\u201dn\u0131n 6 il azadl\u0131qdan m\u0259hrum edilm\u0259sini ist\u0259di\"}]},{\"@type\":\"WebSite\",\"@id\":\"https:\\\/\\\/www.meydan.tv\\\/az\\\/#website\",\"url\":\"https:\\\/\\\/www.meydan.tv\\\/az\\\/\",\"name\":\"MEYDAN.TV\",\"description\":\"Meydan TV Az\u0259rbaycan\u0131n media m\u0259kan\u0131ndak\u0131 alternativ s\u0259sidir\",\"publisher\":{\"@id\":\"https:\\\/\\\/www.meydan.tv\\\/az\\\/#organization\"},\"potentialAction\":[{\"@type\":\"SearchAction\",\"target\":{\"@type\":\"EntryPoint\",\"urlTemplate\":\"https:\\\/\\\/www.meydan.tv\\\/az\\\/?s={search_term_string}\"},\"query-input\":{\"@type\":\"PropertyValueSpecification\",\"valueRequired\":true,\"valueName\":\"search_term_string\"}}],\"inLanguage\":\"az\"},{\"@type\":\"Organization\",\"@id\":\"https:\\\/\\\/www.meydan.tv\\\/az\\\/#organization\",\"name\":\"Meydan TV\",\"url\":\"https:\\\/\\\/www.meydan.tv\\\/az\\\/\",\"logo\":{\"@type\":\"ImageObject\",\"inLanguage\":\"az\",\"@id\":\"https:\\\/\\\/www.meydan.tv\\\/az\\\/#\\\/schema\\\/logo\\\/image\\\/\",\"url\":\"https:\\\/\\\/www.meydan.tv\\\/wp-content\\\/uploads\\\/2021\\\/07\\\/meydan-logo.svg\",\"contentUrl\":\"https:\\\/\\\/www.meydan.tv\\\/wp-content\\\/uploads\\\/2021\\\/07\\\/meydan-logo.svg\",\"width\":195,\"height\":46,\"caption\":\"Meydan TV\"},\"image\":{\"@id\":\"https:\\\/\\\/www.meydan.tv\\\/az\\\/#\\\/schema\\\/logo\\\/image\\\/\"}},{\"@type\":\"Person\",\"@id\":\"https:\\\/\\\/www.meydan.tv\\\/az\\\/#\\\/schema\\\/person\\\/09863e516102a829e72bedcf3f84c6b0\",\"name\":\"mahmud\"}]}<\/script>\n<!-- \/ Yoast SEO plugin. -->","yoast_head_json":{"title":"Prokuror \u201cNikosaya\u011f\u0131\u201dn\u0131n 6 il azadl\u0131qdan m\u0259hrum edilm\u0259sini ist\u0259di - MEYDAN.TV","robots":{"index":"index","follow":"follow","max-snippet":"max-snippet:-1","max-image-preview":"max-image-preview:large","max-video-preview":"max-video-preview:-1"},"canonical":"https:\/\/www.meydan.tv\/az\/article\/prokuror-nikosayaginin-6-il-azadliqdan-mehrum-edilmesini-istedi\/","og_locale":"az_AZ","og_type":"article","og_title":"Prokuror \u201cNikosaya\u011f\u0131\u201dn\u0131n 6 il azadl\u0131qdan m\u0259hrum edilm\u0259sini ist\u0259di - MEYDAN.TV","og_description":"N\u00f6vb\u0259ti m\u0259hk\u0259m\u0259 iclas\u0131nda v\u0259kil \u00e7\u0131x\u0131\u015f ed\u0259c\u0259k, h\u00f6km oxunacaq Sosial \u015f\u0259b\u0259k\u0259l\u0259rd\u0259 ... Davam\u0131","og_url":"https:\/\/www.meydan.tv\/az\/article\/prokuror-nikosayaginin-6-il-azadliqdan-mehrum-edilmesini-istedi\/","og_site_name":"MEYDAN.TV","article_published_time":"2024-02-29T07:52:24+00:00","article_modified_time":"2024-02-29T07:52:29+00:00","og_image":[{"width":1920,"height":835,"url":"https:\/\/www.meydan.tv\/wp-content\/uploads\/1-38-e1704735608544.jpg","type":"image\/jpeg"}],"author":"mahmud","twitter_card":"summary_large_image","schema":{"@context":"https:\/\/schema.org","@graph":[{"@type":"Article","@id":"https:\/\/www.meydan.tv\/az\/article\/prokuror-nikosayaginin-6-il-azadliqdan-mehrum-edilmesini-istedi\/#article","isPartOf":{"@id":"https:\/\/www.meydan.tv\/az\/article\/prokuror-nikosayaginin-6-il-azadliqdan-mehrum-edilmesini-istedi\/"},"author":{"name":"mahmud","@id":"https:\/\/www.meydan.tv\/az\/#\/schema\/person\/09863e516102a829e72bedcf3f84c6b0"},"headline":"Prokuror \u201cNikosaya\u011f\u0131\u201dn\u0131n 6 il azadl\u0131qdan m\u0259hrum edilm\u0259sini ist\u0259di","datePublished":"2024-02-29T07:52:24+00:00","dateModified":"2024-02-29T07:52:29+00:00","mainEntityOfPage":{"@id":"https:\/\/www.meydan.tv\/az\/article\/prokuror-nikosayaginin-6-il-azadliqdan-mehrum-edilmesini-istedi\/"},"wordCount":666,"publisher":{"@id":"https:\/\/www.meydan.tv\/az\/#organization"},"image":{"@id":"https:\/\/www.meydan.tv\/az\/article\/prokuror-nikosayaginin-6-il-azadliqdan-mehrum-edilmesini-istedi\/#primaryimage"},"thumbnailUrl":"https:\/\/www.meydan.tv\/wp-content\/uploads\/1-38-e1704735608544.jpg","articleSection":["Sosial","X\u0259b\u0259rl\u0259r"],"inLanguage":"az"},{"@type":"WebPage","@id":"https:\/\/www.meydan.tv\/az\/article\/prokuror-nikosayaginin-6-il-azadliqdan-mehrum-edilmesini-istedi\/","url":"https:\/\/www.meydan.tv\/az\/article\/prokuror-nikosayaginin-6-il-azadliqdan-mehrum-edilmesini-istedi\/","name":"Prokuror \u201cNikosaya\u011f\u0131\u201dn\u0131n 6 il azadl\u0131qdan m\u0259hrum edilm\u0259sini ist\u0259di - MEYDAN.TV","isPartOf":{"@id":"https:\/\/www.meydan.tv\/az\/#website"},"primaryImageOfPage":{"@id":"https:\/\/www.meydan.tv\/az\/article\/prokuror-nikosayaginin-6-il-azadliqdan-mehrum-edilmesini-istedi\/#primaryimage"},"image":{"@id":"https:\/\/www.meydan.tv\/az\/article\/prokuror-nikosayaginin-6-il-azadliqdan-mehrum-edilmesini-istedi\/#primaryimage"},"thumbnailUrl":"https:\/\/www.meydan.tv\/wp-content\/uploads\/1-38-e1704735608544.jpg","datePublished":"2024-02-29T07:52:24+00:00","dateModified":"2024-02-29T07:52:29+00:00","breadcrumb":{"@id":"https:\/\/www.meydan.tv\/az\/article\/prokuror-nikosayaginin-6-il-azadliqdan-mehrum-edilmesini-istedi\/#breadcrumb"},"inLanguage":"az","potentialAction":[{"@type":"ReadAction","target":["https:\/\/www.meydan.tv\/az\/article\/prokuror-nikosayaginin-6-il-azadliqdan-mehrum-edilmesini-istedi\/"]}]},{"@type":"ImageObject","inLanguage":"az","@id":"https:\/\/www.meydan.tv\/az\/article\/prokuror-nikosayaginin-6-il-azadliqdan-mehrum-edilmesini-istedi\/#primaryimage","url":"https:\/\/www.meydan.tv\/wp-content\/uploads\/1-38-e1704735608544.jpg","contentUrl":"https:\/\/www.meydan.tv\/wp-content\/uploads\/1-38-e1704735608544.jpg","width":1920,"height":835,"caption":"Nicat \u015eakirli. Foto: \u015f\u0259xsi arxivind\u0259n"},{"@type":"BreadcrumbList","@id":"https:\/\/www.meydan.tv\/az\/article\/prokuror-nikosayaginin-6-il-azadliqdan-mehrum-edilmesini-istedi\/#breadcrumb","itemListElement":[{"@type":"ListItem","position":1,"name":"Ana s\u0259hif\u0259","item":"https:\/\/www.meydan.tv\/az\/"},{"@type":"ListItem","position":2,"name":"Sosial","item":"https:\/\/www.meydan.tv\/az\/section\/sosial\/"},{"@type":"ListItem","position":3,"name":"Prokuror \u201cNikosaya\u011f\u0131\u201dn\u0131n 6 il azadl\u0131qdan m\u0259hrum edilm\u0259sini ist\u0259di"}]},{"@type":"WebSite","@id":"https:\/\/www.meydan.tv\/az\/#website","url":"https:\/\/www.meydan.tv\/az\/","name":"MEYDAN.TV","description":"Meydan TV Az\u0259rbaycan\u0131n media m\u0259kan\u0131ndak\u0131 alternativ s\u0259sidir","publisher":{"@id":"https:\/\/www.meydan.tv\/az\/#organization"},"potentialAction":[{"@type":"SearchAction","target":{"@type":"EntryPoint","urlTemplate":"https:\/\/www.meydan.tv\/az\/?s={search_term_string}"},"query-input":{"@type":"PropertyValueSpecification","valueRequired":true,"valueName":"search_term_string"}}],"inLanguage":"az"},{"@type":"Organization","@id":"https:\/\/www.meydan.tv\/az\/#organization","name":"Meydan TV","url":"https:\/\/www.meydan.tv\/az\/","logo":{"@type":"ImageObject","inLanguage":"az","@id":"https:\/\/www.meydan.tv\/az\/#\/schema\/logo\/image\/","url":"https:\/\/www.meydan.tv\/wp-content\/uploads\/2021\/07\/meydan-logo.svg","contentUrl":"https:\/\/www.meydan.tv\/wp-content\/uploads\/2021\/07\/meydan-logo.svg","width":195,"height":46,"caption":"Meydan TV"},"image":{"@id":"https:\/\/www.meydan.tv\/az\/#\/schema\/logo\/image\/"}},{"@type":"Person","@id":"https:\/\/www.meydan.tv\/az\/#\/schema\/person\/09863e516102a829e72bedcf3f84c6b0","name":"mahmud"}]}},"_links":{"self":[{"href":"https:\/\/www.meydan.tv\/az\/wp-json\/wp\/v2\/posts\/300180","targetHints":{"allow":["GET"]}}],"collection":[{"href":"https:\/\/www.meydan.tv\/az\/wp-json\/wp\/v2\/posts"}],"about":[{"href":"https:\/\/www.meydan.tv\/az\/wp-json\/wp\/v2\/types\/post"}],"author":[{"embeddable":true,"href":"https:\/\/www.meydan.tv\/az\/wp-json\/wp\/v2\/users\/21"}],"replies":[{"embeddable":true,"href":"https:\/\/www.meydan.tv\/az\/wp-json\/wp\/v2\/comments?post=300180"}],"version-history":[{"count":2,"href":"https:\/\/www.meydan.tv\/az\/wp-json\/wp\/v2\/posts\/300180\/revisions"}],"predecessor-version":[{"id":300188,"href":"https:\/\/www.meydan.tv\/az\/wp-json\/wp\/v2\/posts\/300180\/revisions\/300188"}],"wp:featuredmedia":[{"embeddable":true,"href":"https:\/\/www.meydan.tv\/az\/wp-json\/wp\/v2\/media\/294834"}],"wp:attachment":[{"href":"https:\/\/www.meydan.tv\/az\/wp-json\/wp\/v2\/media?parent=300180"}],"wp:term":[{"taxonomy":"category","embeddable":true,"href":"https:\/\/www.meydan.tv\/az\/wp-json\/wp\/v2\/categories?post=300180"},{"taxonomy":"post_tag","embeddable":true,"href":"https:\/\/www.meydan.tv\/az\/wp-json\/wp\/v2\/tags?post=300180"}],"curies":[{"name":"wp","href":"https:\/\/api.w.org\/{rel}","templated":true}]}}