{"id":300138,"date":"2024-02-28T14:00:47","date_gmt":"2024-02-28T10:00:47","guid":{"rendered":"https:\/\/www.meydan.tv\/?p=300138"},"modified":"2024-02-28T15:37:33","modified_gmt":"2024-02-28T11:37:33","slug":"goranboy-sakini-qardasimin-qelpe-olan-boyreyinin-ustune-o-qeder-vurublar-terpene-bilmirdi","status":"publish","type":"post","link":"https:\/\/www.meydan.tv\/az\/article\/goranboy-sakini-qardasimin-qelpe-olan-boyreyinin-ustune-o-qeder-vurublar-terpene-bilmirdi\/","title":{"rendered":"Goranboy sakini: \u201cQarda\u015f\u0131m\u0131n q\u0259lp\u0259 olan b\u00f6yr\u0259yinin \u00fcst\u00fcn\u0259 o q\u0259d\u0259r vurublar, t\u0259rp\u0259n\u0259 bilmirdi&#8230;\u201d"},"content":{"rendered":"\n<p><\/p>\n\n\n\n<p><strong><em>Q\u0259nir\u0259 Novruzova: \u201cHesab edirik ki, d\u00f6y\u0259nl\u0259r polisdir dey\u0259, \u015fikay\u0259timiz\u0259 bax\u0131lm\u0131r\u201d<\/em><\/strong><\/p>\n\n\n\n<p>Goranboy rayonunun D\u00fczq\u0131\u015flaq k\u0259nd sakini Q\u0259nir\u0259 Novruzova qarda\u015f\u0131n\u0131n zorak\u0131l\u0131\u011fa m\u0259ruz qald\u0131\u011f\u0131n\u0131 deyir. Onun s\u00f6zl\u0259rin\u0259 g\u00f6r\u0259, qarda\u015f\u0131 V\u00fcqar Novruzovu polisl\u0259r d\u00f6y\u00fcb, t\u0259hqir edibl\u0259r.<\/p>\n\n\n\n<p><strong>&#8220;Budur qaziy\u0259, veterana qoyulan h\u00f6rm\u0259t?!\u201d<\/strong><\/p>\n\n\n\n<p>Q\u0259nir\u0259 Novruzova dan\u0131\u015f\u0131r ki, hadis\u0259 fevral\u0131n 11-d\u0259 ax\u015fam saat 17 rad\u0259l\u0259rind\u0259 ba\u015f verib:<\/p>\n\n\n\n<p><em>\u201cQarda\u015f\u0131m\u0131 i\u015fd\u0259n g\u0259l\u0259nd\u0259 D\u0259lim\u0259mm\u0259dlid\u0259 tutublar. \u015e\u0259h\u0259rin ortas\u0131nda onu yerd\u0259 s\u00fcr\u00fcy\u00fcbl\u0259r, t\u0259pikl\u0259yibl\u0259r. Sonra g\u00f6t\u00fcr\u00fcb apar\u0131blar. O q\u0259d\u0259r d\u00f6y\u00fcbl\u0259r, n\u0259f\u0259s ala bilmirdi. Meyitini g\u0259tirib uzatd\u0131q ev\u0259. Bu \u00f6lk\u0259 \u00fc\u00e7\u00fcn can\u0131n\u0131 ver\u0259n bir adam\u0131 bel\u0259 v\u0259ziyy\u0259t\u0259 sal\u0131blar. Budur qaziy\u0259, veterana qoyulan h\u00f6rm\u0259t?!\u201d<\/em><\/p>\n\n\n<div class=\"wp-block-image\">\n<figure class=\"alignleft size-full is-resized\"><img decoding=\"async\" width=\"794\" height=\"547\" data-src=\"https:\/\/www.meydan.tv\/wp-content\/uploads\/photo-2024-02-28-13-22-06.jpg\" alt=\"\" class=\"wp-image-300139 lazyload\" style=\"--smush-placeholder-width: 794px; --smush-placeholder-aspect-ratio: 794\/547;width:450px;height:auto\" src=\"data:image\/svg+xml;base64,PHN2ZyB3aWR0aD0iMSIgaGVpZ2h0PSIxIiB4bWxucz0iaHR0cDovL3d3dy53My5vcmcvMjAwMC9zdmciPjwvc3ZnPg==\" \/><\/figure>\n<\/div>\n\n\n<p>Bac\u0131s\u0131 bildirir ki, 23 ya\u015fl\u0131 V\u00fcqar Novruzov 2020-ci ild\u0259 44 g\u00fcnl\u00fck m\u00fcharib\u0259d\u0259 i\u015ftirak edib. H\u0259l\u0259 d\u0259 sa\u011flaml\u0131\u011f\u0131nda ciddi probleml\u0259r var:<\/p>\n\n\n\n<p><em>\u201cB\u0259d\u0259nind\u0259 b\u00f6yr\u0259k nahiy\u0259sind\u0259 q\u0259lp\u0259 var. M\u00fcharib\u0259 d\u00f6vr\u00fcnd\u0259 d\u0259 x\u0259st\u0259xanada yatmay\u0131b. Deyib ki, dostlar\u0131m odun-alovun i\u00e7ind\u0259 qal\u0131b, m\u0259n nec\u0259 gedib x\u0259st\u0259xanada yat\u0131m? \u0130ndi bel\u0259 bir adama \u00f6z\u00fcm\u00fcz\u00fcnk\u00fcl\u0259r i\u015fg\u0259nc\u0259 verir. Q\u0259lp\u0259 olan b\u00f6yr\u0259yinin \u00fcst\u00fcn\u0259 o q\u0259d\u0259r vurublar, t\u0259rp\u0259n\u0259 bilmirdi. Biz n\u0259sillikc\u0259 bu d\u00f6vl\u0259t\u0259 can\u0131m\u0131z\u0131 qurban ver\u0259n adamlar\u0131q. Day\u0131m Xanm\u0259mm\u0259d \u0130brahimov 1992-ci ild\u0259 Qaraba\u011f d\u00f6y\u00fc\u015fl\u0259rind\u0259 \u015f\u0259hid olub&#8230;\u201d<\/em>.<\/p>\n\n\n\n<p><strong>\u201cQarda\u015f\u0131m\u0131 nec\u0259 d\u00f6yd\u00fckl\u0259ri videoda a\u00e7\u0131q-a\u015fkar g\u00f6r\u00fcn\u00fcr\u201d<\/strong><\/p>\n\n\n\n<p>Qarda\u015f\u0131n\u0131n saxlanma s\u0259b\u0259bin\u0259 g\u0259linc\u0259, Q\u0259nir\u0259 Novruzova deyir ki, onun axtar\u0131\u015fda oldu\u011funu, qa\u00e7\u0131b gizl\u0259ndiyini iddia edibl\u0259r. Bac\u0131s\u0131n\u0131n s\u00f6zl\u0259rin\u0259 g\u00f6r\u0259, yaland\u0131r, V\u00fcqar Novruzov axtar\u0131\u015fda olmay\u0131b:<\/p>\n\n\n\n<p><em>\u201cD\u00fczd\u00fcr, qarda\u015f\u0131m haqq\u0131nda prokurorluqda ara\u015fd\u0131rma gedir, amma o, he\u00e7 vaxt qa\u00e7\u0131b gizl\u0259nm\u0259yib, yay\u0131nmay\u0131b, n\u0259 vaxt \u00e7a\u011f\u0131r\u0131blarsa, gedib. O i\u015fi d\u0259 \u0259vv\u0259l ba\u011flad\u0131lar, indi yenid\u0259n a\u00e7\u0131blar\u201d<\/em>.<\/p>\n\n\n\n<p>Q\u0259nir\u0259 Novruzova qarda\u015f\u0131n\u0131n d\u00f6y\u00fclm\u0259siyl\u0259 ba\u011fl\u0131 \u015fikay\u0259tl\u0259rinin obyektiv ara\u015fd\u0131r\u0131lmamas\u0131, g\u00fcnahkarlar\u0131n c\u0259zaland\u0131r\u0131lmamas\u0131ndan naraz\u0131d\u0131r. Deyir ki, Daxili \u0130\u015fl\u0259r Nazirliyin\u0259, Ba\u015f Prokurorlu\u011fa v\u0259 ba\u015fqa d\u00f6vl\u0259t orqanlar\u0131na m\u0259ktublar g\u00f6nd\u0259rib, ba\u015f ver\u0259nl\u0259rd\u0259n onlar\u0131 m\u0259lumatland\u0131r\u0131blar. Lakin h\u0259l\u0259 n\u0259tic\u0259 yoxdur:<\/p>\n\n\n\n<p><em>\u201cHesab edirik ki, d\u00f6y\u0259nl\u0259r polisl\u0259rdir dey\u0259, bizim \u015fikay\u0259timiz\u0259 bax\u0131lm\u0131r. Halbuki, \u0259limizd\u0259 video da var. Orada qarda\u015f\u0131m\u0131 nec\u0259 d\u00f6yd\u00fckl\u0259ri a\u00e7\u0131q-a\u015fkar g\u00f6r\u00fcn\u00fcr\u201d<\/em>.<\/p>\n\n\n\n<p><strong>\u201c\u015eikay\u0259t ara\u015fd\u0131r\u0131l\u0131r&#8230;\u201d<\/strong><\/p>\n\n\n\n<p>Daxili \u0130\u015fl\u0259r Nazirliyind\u0259n g\u00f6nd\u0259ril\u0259n cavab m\u0259ktubunda bildirilir ki, V\u00fcqar Novruzovun anas\u0131 M\u0259din\u0259 Novruzovan\u0131n \u015fikay\u0259ti Xidm\u0259ti Ara\u015fd\u0131rmalar \u0130dar\u0259sind\u0259 ara\u015fd\u0131r\u0131l\u0131r. N\u0259tic\u0259 bar\u0259d\u0259 m\u0259lumat veril\u0259c\u0259k.<\/p>\n\n\n\n<figure class=\"wp-block-image size-full\"><img decoding=\"async\" width=\"900\" height=\"615\" data-src=\"https:\/\/www.meydan.tv\/wp-content\/uploads\/photo-2024-02-28-13-22-00.jpg\" alt=\"\" class=\"wp-image-300143 lazyload\" src=\"data:image\/svg+xml;base64,PHN2ZyB3aWR0aD0iMSIgaGVpZ2h0PSIxIiB4bWxucz0iaHR0cDovL3d3dy53My5vcmcvMjAwMC9zdmciPjwvc3ZnPg==\" style=\"--smush-placeholder-width: 900px; --smush-placeholder-aspect-ratio: 900\/615;\" \/><figcaption class=\"wp-element-caption\">Fotolar: Meydan TV<\/figcaption><\/figure>\n","protected":false},"excerpt":{"rendered":"<p>Q\u0259nir\u0259 Novruzova: \u201cHesab edirik ki, d\u00f6y\u0259nl\u0259r polisdir dey\u0259, \u015fikay\u0259timiz\u0259 bax\u0131lm\u0131r\u201d &#8230; <\/p>\n<p class=\"read-more-container\"><a title=\"Goranboy sakini: \u201cQarda\u015f\u0131m\u0131n q\u0259lp\u0259 olan b\u00f6yr\u0259yinin \u00fcst\u00fcn\u0259 o q\u0259d\u0259r vurublar, t\u0259rp\u0259n\u0259 bilmirdi&#8230;\u201d\" class=\"read-more button\" href=\"https:\/\/www.meydan.tv\/az\/article\/goranboy-sakini-qardasimin-qelpe-olan-boyreyinin-ustune-o-qeder-vurublar-terpene-bilmirdi\/#more-300138\" aria-label=\"Read more about Goranboy sakini: \u201cQarda\u015f\u0131m\u0131n q\u0259lp\u0259 olan b\u00f6yr\u0259yinin \u00fcst\u00fcn\u0259 o q\u0259d\u0259r vurublar, t\u0259rp\u0259n\u0259 bilmirdi&#8230;\u201d\">Davam\u0131<\/a><\/p>\n","protected":false},"author":21,"featured_media":121108,"comment_status":"closed","ping_status":"closed","sticky":false,"template":"","format":"standard","meta":{"_acf_changed":false,"_sitemap_exclude":false,"_sitemap_priority":"","_sitemap_frequency":"","footnotes":""},"categories":[60,62,79,56],"tags":[],"class_list":["post-300138","post","type-post","status-publish","format-standard","has-post-thumbnail","hentry","category-bolge","category-sosial","category-featured","category-xeberler","infinite-scroll-item","generate-columns","tablet-grid-50","mobile-grid-100","grid-parent","grid-33","no-featured-image-padding"],"acf":[],"yoast_head":"<!-- This site is optimized with the Yoast SEO plugin v27.4 - https:\/\/yoast.com\/product\/yoast-seo-wordpress\/ -->\n<title>Goranboy sakini: \u201cQarda\u015f\u0131m\u0131n q\u0259lp\u0259 olan b\u00f6yr\u0259yinin \u00fcst\u00fcn\u0259 o q\u0259d\u0259r vurublar, t\u0259rp\u0259n\u0259 bilmirdi...\u201d - MEYDAN.TV<\/title>\n<meta name=\"robots\" content=\"index, follow, max-snippet:-1, max-image-preview:large, max-video-preview:-1\" \/>\n<link rel=\"canonical\" href=\"https:\/\/www.meydan.tv\/az\/article\/goranboy-sakini-qardasimin-qelpe-olan-boyreyinin-ustune-o-qeder-vurublar-terpene-bilmirdi\/\" \/>\n<meta property=\"og:locale\" content=\"az_AZ\" \/>\n<meta property=\"og:type\" content=\"article\" \/>\n<meta property=\"og:title\" content=\"Goranboy sakini: \u201cQarda\u015f\u0131m\u0131n q\u0259lp\u0259 olan b\u00f6yr\u0259yinin \u00fcst\u00fcn\u0259 o q\u0259d\u0259r vurublar, t\u0259rp\u0259n\u0259 bilmirdi...\u201d - MEYDAN.TV\" \/>\n<meta property=\"og:description\" content=\"Q\u0259nir\u0259 Novruzova: \u201cHesab edirik ki, d\u00f6y\u0259nl\u0259r polisdir dey\u0259, \u015fikay\u0259timiz\u0259 bax\u0131lm\u0131r\u201d ... Davam\u0131\" \/>\n<meta property=\"og:url\" content=\"https:\/\/www.meydan.tv\/az\/article\/goranboy-sakini-qardasimin-qelpe-olan-boyreyinin-ustune-o-qeder-vurublar-terpene-bilmirdi\/\" \/>\n<meta property=\"og:site_name\" content=\"MEYDAN.TV\" \/>\n<meta property=\"article:published_time\" content=\"2024-02-28T10:00:47+00:00\" \/>\n<meta property=\"article:modified_time\" content=\"2024-02-28T11:37:33+00:00\" \/>\n<meta property=\"og:image\" content=\"https:\/\/www.meydan.tv\/wp-content\/uploads\/42181.original_4soesij-scaled.jpg\" \/>\n\t<meta property=\"og:image:width\" content=\"2560\" \/>\n\t<meta property=\"og:image:height\" content=\"1707\" \/>\n\t<meta property=\"og:image:type\" content=\"image\/jpeg\" \/>\n<meta name=\"author\" content=\"mahmud\" \/>\n<meta name=\"twitter:card\" content=\"summary_large_image\" \/>\n<script type=\"application\/ld+json\" class=\"yoast-schema-graph\">{\"@context\":\"https:\\\/\\\/schema.org\",\"@graph\":[{\"@type\":\"Article\",\"@id\":\"https:\\\/\\\/www.meydan.tv\\\/az\\\/article\\\/goranboy-sakini-qardasimin-qelpe-olan-boyreyinin-ustune-o-qeder-vurublar-terpene-bilmirdi\\\/#article\",\"isPartOf\":{\"@id\":\"https:\\\/\\\/www.meydan.tv\\\/az\\\/article\\\/goranboy-sakini-qardasimin-qelpe-olan-boyreyinin-ustune-o-qeder-vurublar-terpene-bilmirdi\\\/\"},\"author\":{\"name\":\"mahmud\",\"@id\":\"https:\\\/\\\/www.meydan.tv\\\/az\\\/#\\\/schema\\\/person\\\/09863e516102a829e72bedcf3f84c6b0\"},\"headline\":\"Goranboy sakini: \u201cQarda\u015f\u0131m\u0131n q\u0259lp\u0259 olan b\u00f6yr\u0259yinin \u00fcst\u00fcn\u0259 o q\u0259d\u0259r vurublar, t\u0259rp\u0259n\u0259 bilmirdi&#8230;\u201d\",\"datePublished\":\"2024-02-28T10:00:47+00:00\",\"dateModified\":\"2024-02-28T11:37:33+00:00\",\"mainEntityOfPage\":{\"@id\":\"https:\\\/\\\/www.meydan.tv\\\/az\\\/article\\\/goranboy-sakini-qardasimin-qelpe-olan-boyreyinin-ustune-o-qeder-vurublar-terpene-bilmirdi\\\/\"},\"wordCount\":575,\"publisher\":{\"@id\":\"https:\\\/\\\/www.meydan.tv\\\/az\\\/#organization\"},\"image\":{\"@id\":\"https:\\\/\\\/www.meydan.tv\\\/az\\\/article\\\/goranboy-sakini-qardasimin-qelpe-olan-boyreyinin-ustune-o-qeder-vurublar-terpene-bilmirdi\\\/#primaryimage\"},\"thumbnailUrl\":\"https:\\\/\\\/www.meydan.tv\\\/wp-content\\\/uploads\\\/42181.original_4soesij-scaled.jpg\",\"articleSection\":[\"B\u00f6lg\u0259\",\"Sosial\",\"T\u00f6vsiy\u0259\",\"X\u0259b\u0259rl\u0259r\"],\"inLanguage\":\"az\"},{\"@type\":\"WebPage\",\"@id\":\"https:\\\/\\\/www.meydan.tv\\\/az\\\/article\\\/goranboy-sakini-qardasimin-qelpe-olan-boyreyinin-ustune-o-qeder-vurublar-terpene-bilmirdi\\\/\",\"url\":\"https:\\\/\\\/www.meydan.tv\\\/az\\\/article\\\/goranboy-sakini-qardasimin-qelpe-olan-boyreyinin-ustune-o-qeder-vurublar-terpene-bilmirdi\\\/\",\"name\":\"Goranboy sakini: \u201cQarda\u015f\u0131m\u0131n q\u0259lp\u0259 olan b\u00f6yr\u0259yinin \u00fcst\u00fcn\u0259 o q\u0259d\u0259r vurublar, t\u0259rp\u0259n\u0259 bilmirdi...\u201d - MEYDAN.TV\",\"isPartOf\":{\"@id\":\"https:\\\/\\\/www.meydan.tv\\\/az\\\/#website\"},\"primaryImageOfPage\":{\"@id\":\"https:\\\/\\\/www.meydan.tv\\\/az\\\/article\\\/goranboy-sakini-qardasimin-qelpe-olan-boyreyinin-ustune-o-qeder-vurublar-terpene-bilmirdi\\\/#primaryimage\"},\"image\":{\"@id\":\"https:\\\/\\\/www.meydan.tv\\\/az\\\/article\\\/goranboy-sakini-qardasimin-qelpe-olan-boyreyinin-ustune-o-qeder-vurublar-terpene-bilmirdi\\\/#primaryimage\"},\"thumbnailUrl\":\"https:\\\/\\\/www.meydan.tv\\\/wp-content\\\/uploads\\\/42181.original_4soesij-scaled.jpg\",\"datePublished\":\"2024-02-28T10:00:47+00:00\",\"dateModified\":\"2024-02-28T11:37:33+00:00\",\"breadcrumb\":{\"@id\":\"https:\\\/\\\/www.meydan.tv\\\/az\\\/article\\\/goranboy-sakini-qardasimin-qelpe-olan-boyreyinin-ustune-o-qeder-vurublar-terpene-bilmirdi\\\/#breadcrumb\"},\"inLanguage\":\"az\",\"potentialAction\":[{\"@type\":\"ReadAction\",\"target\":[\"https:\\\/\\\/www.meydan.tv\\\/az\\\/article\\\/goranboy-sakini-qardasimin-qelpe-olan-boyreyinin-ustune-o-qeder-vurublar-terpene-bilmirdi\\\/\"]}]},{\"@type\":\"ImageObject\",\"inLanguage\":\"az\",\"@id\":\"https:\\\/\\\/www.meydan.tv\\\/az\\\/article\\\/goranboy-sakini-qardasimin-qelpe-olan-boyreyinin-ustune-o-qeder-vurublar-terpene-bilmirdi\\\/#primaryimage\",\"url\":\"https:\\\/\\\/www.meydan.tv\\\/wp-content\\\/uploads\\\/42181.original_4soesij-scaled.jpg\",\"contentUrl\":\"https:\\\/\\\/www.meydan.tv\\\/wp-content\\\/uploads\\\/42181.original_4soesij-scaled.jpg\",\"width\":2560,\"height\":1707,\"caption\":\"Foto: Meydan.TV\"},{\"@type\":\"BreadcrumbList\",\"@id\":\"https:\\\/\\\/www.meydan.tv\\\/az\\\/article\\\/goranboy-sakini-qardasimin-qelpe-olan-boyreyinin-ustune-o-qeder-vurublar-terpene-bilmirdi\\\/#breadcrumb\",\"itemListElement\":[{\"@type\":\"ListItem\",\"position\":1,\"name\":\"Ana s\u0259hif\u0259\",\"item\":\"https:\\\/\\\/www.meydan.tv\\\/az\\\/\"},{\"@type\":\"ListItem\",\"position\":2,\"name\":\"B\u00f6lg\u0259\",\"item\":\"https:\\\/\\\/www.meydan.tv\\\/az\\\/section\\\/bolge\\\/\"},{\"@type\":\"ListItem\",\"position\":3,\"name\":\"Goranboy sakini: \u201cQarda\u015f\u0131m\u0131n q\u0259lp\u0259 olan b\u00f6yr\u0259yinin \u00fcst\u00fcn\u0259 o q\u0259d\u0259r vurublar, t\u0259rp\u0259n\u0259 bilmirdi&#8230;\u201d\"}]},{\"@type\":\"WebSite\",\"@id\":\"https:\\\/\\\/www.meydan.tv\\\/az\\\/#website\",\"url\":\"https:\\\/\\\/www.meydan.tv\\\/az\\\/\",\"name\":\"MEYDAN.TV\",\"description\":\"Meydan TV Az\u0259rbaycan\u0131n media m\u0259kan\u0131ndak\u0131 alternativ s\u0259sidir\",\"publisher\":{\"@id\":\"https:\\\/\\\/www.meydan.tv\\\/az\\\/#organization\"},\"potentialAction\":[{\"@type\":\"SearchAction\",\"target\":{\"@type\":\"EntryPoint\",\"urlTemplate\":\"https:\\\/\\\/www.meydan.tv\\\/az\\\/?s={search_term_string}\"},\"query-input\":{\"@type\":\"PropertyValueSpecification\",\"valueRequired\":true,\"valueName\":\"search_term_string\"}}],\"inLanguage\":\"az\"},{\"@type\":\"Organization\",\"@id\":\"https:\\\/\\\/www.meydan.tv\\\/az\\\/#organization\",\"name\":\"Meydan TV\",\"url\":\"https:\\\/\\\/www.meydan.tv\\\/az\\\/\",\"logo\":{\"@type\":\"ImageObject\",\"inLanguage\":\"az\",\"@id\":\"https:\\\/\\\/www.meydan.tv\\\/az\\\/#\\\/schema\\\/logo\\\/image\\\/\",\"url\":\"https:\\\/\\\/www.meydan.tv\\\/wp-content\\\/uploads\\\/2021\\\/07\\\/meydan-logo.svg\",\"contentUrl\":\"https:\\\/\\\/www.meydan.tv\\\/wp-content\\\/uploads\\\/2021\\\/07\\\/meydan-logo.svg\",\"width\":195,\"height\":46,\"caption\":\"Meydan TV\"},\"image\":{\"@id\":\"https:\\\/\\\/www.meydan.tv\\\/az\\\/#\\\/schema\\\/logo\\\/image\\\/\"}},{\"@type\":\"Person\",\"@id\":\"https:\\\/\\\/www.meydan.tv\\\/az\\\/#\\\/schema\\\/person\\\/09863e516102a829e72bedcf3f84c6b0\",\"name\":\"mahmud\"}]}<\/script>\n<!-- \/ Yoast SEO plugin. -->","yoast_head_json":{"title":"Goranboy sakini: \u201cQarda\u015f\u0131m\u0131n q\u0259lp\u0259 olan b\u00f6yr\u0259yinin \u00fcst\u00fcn\u0259 o q\u0259d\u0259r vurublar, t\u0259rp\u0259n\u0259 bilmirdi...\u201d - MEYDAN.TV","robots":{"index":"index","follow":"follow","max-snippet":"max-snippet:-1","max-image-preview":"max-image-preview:large","max-video-preview":"max-video-preview:-1"},"canonical":"https:\/\/www.meydan.tv\/az\/article\/goranboy-sakini-qardasimin-qelpe-olan-boyreyinin-ustune-o-qeder-vurublar-terpene-bilmirdi\/","og_locale":"az_AZ","og_type":"article","og_title":"Goranboy sakini: \u201cQarda\u015f\u0131m\u0131n q\u0259lp\u0259 olan b\u00f6yr\u0259yinin \u00fcst\u00fcn\u0259 o q\u0259d\u0259r vurublar, t\u0259rp\u0259n\u0259 bilmirdi...\u201d - MEYDAN.TV","og_description":"Q\u0259nir\u0259 Novruzova: \u201cHesab edirik ki, d\u00f6y\u0259nl\u0259r polisdir dey\u0259, \u015fikay\u0259timiz\u0259 bax\u0131lm\u0131r\u201d ... Davam\u0131","og_url":"https:\/\/www.meydan.tv\/az\/article\/goranboy-sakini-qardasimin-qelpe-olan-boyreyinin-ustune-o-qeder-vurublar-terpene-bilmirdi\/","og_site_name":"MEYDAN.TV","article_published_time":"2024-02-28T10:00:47+00:00","article_modified_time":"2024-02-28T11:37:33+00:00","og_image":[{"width":2560,"height":1707,"url":"https:\/\/www.meydan.tv\/wp-content\/uploads\/42181.original_4soesij-scaled.jpg","type":"image\/jpeg"}],"author":"mahmud","twitter_card":"summary_large_image","schema":{"@context":"https:\/\/schema.org","@graph":[{"@type":"Article","@id":"https:\/\/www.meydan.tv\/az\/article\/goranboy-sakini-qardasimin-qelpe-olan-boyreyinin-ustune-o-qeder-vurublar-terpene-bilmirdi\/#article","isPartOf":{"@id":"https:\/\/www.meydan.tv\/az\/article\/goranboy-sakini-qardasimin-qelpe-olan-boyreyinin-ustune-o-qeder-vurublar-terpene-bilmirdi\/"},"author":{"name":"mahmud","@id":"https:\/\/www.meydan.tv\/az\/#\/schema\/person\/09863e516102a829e72bedcf3f84c6b0"},"headline":"Goranboy sakini: \u201cQarda\u015f\u0131m\u0131n q\u0259lp\u0259 olan b\u00f6yr\u0259yinin \u00fcst\u00fcn\u0259 o q\u0259d\u0259r vurublar, t\u0259rp\u0259n\u0259 bilmirdi&#8230;\u201d","datePublished":"2024-02-28T10:00:47+00:00","dateModified":"2024-02-28T11:37:33+00:00","mainEntityOfPage":{"@id":"https:\/\/www.meydan.tv\/az\/article\/goranboy-sakini-qardasimin-qelpe-olan-boyreyinin-ustune-o-qeder-vurublar-terpene-bilmirdi\/"},"wordCount":575,"publisher":{"@id":"https:\/\/www.meydan.tv\/az\/#organization"},"image":{"@id":"https:\/\/www.meydan.tv\/az\/article\/goranboy-sakini-qardasimin-qelpe-olan-boyreyinin-ustune-o-qeder-vurublar-terpene-bilmirdi\/#primaryimage"},"thumbnailUrl":"https:\/\/www.meydan.tv\/wp-content\/uploads\/42181.original_4soesij-scaled.jpg","articleSection":["B\u00f6lg\u0259","Sosial","T\u00f6vsiy\u0259","X\u0259b\u0259rl\u0259r"],"inLanguage":"az"},{"@type":"WebPage","@id":"https:\/\/www.meydan.tv\/az\/article\/goranboy-sakini-qardasimin-qelpe-olan-boyreyinin-ustune-o-qeder-vurublar-terpene-bilmirdi\/","url":"https:\/\/www.meydan.tv\/az\/article\/goranboy-sakini-qardasimin-qelpe-olan-boyreyinin-ustune-o-qeder-vurublar-terpene-bilmirdi\/","name":"Goranboy sakini: \u201cQarda\u015f\u0131m\u0131n q\u0259lp\u0259 olan b\u00f6yr\u0259yinin \u00fcst\u00fcn\u0259 o q\u0259d\u0259r vurublar, t\u0259rp\u0259n\u0259 bilmirdi...\u201d - MEYDAN.TV","isPartOf":{"@id":"https:\/\/www.meydan.tv\/az\/#website"},"primaryImageOfPage":{"@id":"https:\/\/www.meydan.tv\/az\/article\/goranboy-sakini-qardasimin-qelpe-olan-boyreyinin-ustune-o-qeder-vurublar-terpene-bilmirdi\/#primaryimage"},"image":{"@id":"https:\/\/www.meydan.tv\/az\/article\/goranboy-sakini-qardasimin-qelpe-olan-boyreyinin-ustune-o-qeder-vurublar-terpene-bilmirdi\/#primaryimage"},"thumbnailUrl":"https:\/\/www.meydan.tv\/wp-content\/uploads\/42181.original_4soesij-scaled.jpg","datePublished":"2024-02-28T10:00:47+00:00","dateModified":"2024-02-28T11:37:33+00:00","breadcrumb":{"@id":"https:\/\/www.meydan.tv\/az\/article\/goranboy-sakini-qardasimin-qelpe-olan-boyreyinin-ustune-o-qeder-vurublar-terpene-bilmirdi\/#breadcrumb"},"inLanguage":"az","potentialAction":[{"@type":"ReadAction","target":["https:\/\/www.meydan.tv\/az\/article\/goranboy-sakini-qardasimin-qelpe-olan-boyreyinin-ustune-o-qeder-vurublar-terpene-bilmirdi\/"]}]},{"@type":"ImageObject","inLanguage":"az","@id":"https:\/\/www.meydan.tv\/az\/article\/goranboy-sakini-qardasimin-qelpe-olan-boyreyinin-ustune-o-qeder-vurublar-terpene-bilmirdi\/#primaryimage","url":"https:\/\/www.meydan.tv\/wp-content\/uploads\/42181.original_4soesij-scaled.jpg","contentUrl":"https:\/\/www.meydan.tv\/wp-content\/uploads\/42181.original_4soesij-scaled.jpg","width":2560,"height":1707,"caption":"Foto: Meydan.TV"},{"@type":"BreadcrumbList","@id":"https:\/\/www.meydan.tv\/az\/article\/goranboy-sakini-qardasimin-qelpe-olan-boyreyinin-ustune-o-qeder-vurublar-terpene-bilmirdi\/#breadcrumb","itemListElement":[{"@type":"ListItem","position":1,"name":"Ana s\u0259hif\u0259","item":"https:\/\/www.meydan.tv\/az\/"},{"@type":"ListItem","position":2,"name":"B\u00f6lg\u0259","item":"https:\/\/www.meydan.tv\/az\/section\/bolge\/"},{"@type":"ListItem","position":3,"name":"Goranboy sakini: \u201cQarda\u015f\u0131m\u0131n q\u0259lp\u0259 olan b\u00f6yr\u0259yinin \u00fcst\u00fcn\u0259 o q\u0259d\u0259r vurublar, t\u0259rp\u0259n\u0259 bilmirdi&#8230;\u201d"}]},{"@type":"WebSite","@id":"https:\/\/www.meydan.tv\/az\/#website","url":"https:\/\/www.meydan.tv\/az\/","name":"MEYDAN.TV","description":"Meydan TV Az\u0259rbaycan\u0131n media m\u0259kan\u0131ndak\u0131 alternativ s\u0259sidir","publisher":{"@id":"https:\/\/www.meydan.tv\/az\/#organization"},"potentialAction":[{"@type":"SearchAction","target":{"@type":"EntryPoint","urlTemplate":"https:\/\/www.meydan.tv\/az\/?s={search_term_string}"},"query-input":{"@type":"PropertyValueSpecification","valueRequired":true,"valueName":"search_term_string"}}],"inLanguage":"az"},{"@type":"Organization","@id":"https:\/\/www.meydan.tv\/az\/#organization","name":"Meydan TV","url":"https:\/\/www.meydan.tv\/az\/","logo":{"@type":"ImageObject","inLanguage":"az","@id":"https:\/\/www.meydan.tv\/az\/#\/schema\/logo\/image\/","url":"https:\/\/www.meydan.tv\/wp-content\/uploads\/2021\/07\/meydan-logo.svg","contentUrl":"https:\/\/www.meydan.tv\/wp-content\/uploads\/2021\/07\/meydan-logo.svg","width":195,"height":46,"caption":"Meydan TV"},"image":{"@id":"https:\/\/www.meydan.tv\/az\/#\/schema\/logo\/image\/"}},{"@type":"Person","@id":"https:\/\/www.meydan.tv\/az\/#\/schema\/person\/09863e516102a829e72bedcf3f84c6b0","name":"mahmud"}]}},"_links":{"self":[{"href":"https:\/\/www.meydan.tv\/az\/wp-json\/wp\/v2\/posts\/300138","targetHints":{"allow":["GET"]}}],"collection":[{"href":"https:\/\/www.meydan.tv\/az\/wp-json\/wp\/v2\/posts"}],"about":[{"href":"https:\/\/www.meydan.tv\/az\/wp-json\/wp\/v2\/types\/post"}],"author":[{"embeddable":true,"href":"https:\/\/www.meydan.tv\/az\/wp-json\/wp\/v2\/users\/21"}],"replies":[{"embeddable":true,"href":"https:\/\/www.meydan.tv\/az\/wp-json\/wp\/v2\/comments?post=300138"}],"version-history":[{"count":4,"href":"https:\/\/www.meydan.tv\/az\/wp-json\/wp\/v2\/posts\/300138\/revisions"}],"predecessor-version":[{"id":300150,"href":"https:\/\/www.meydan.tv\/az\/wp-json\/wp\/v2\/posts\/300138\/revisions\/300150"}],"wp:featuredmedia":[{"embeddable":true,"href":"https:\/\/www.meydan.tv\/az\/wp-json\/wp\/v2\/media\/121108"}],"wp:attachment":[{"href":"https:\/\/www.meydan.tv\/az\/wp-json\/wp\/v2\/media?parent=300138"}],"wp:term":[{"taxonomy":"category","embeddable":true,"href":"https:\/\/www.meydan.tv\/az\/wp-json\/wp\/v2\/categories?post=300138"},{"taxonomy":"post_tag","embeddable":true,"href":"https:\/\/www.meydan.tv\/az\/wp-json\/wp\/v2\/tags?post=300138"}],"curies":[{"name":"wp","href":"https:\/\/api.w.org\/{rel}","templated":true}]}}