{"id":300111,"date":"2024-02-27T21:02:42","date_gmt":"2024-02-27T17:02:42","guid":{"rendered":"https:\/\/www.meydan.tv\/?p=300111"},"modified":"2024-02-27T21:57:33","modified_gmt":"2024-02-27T17:57:33","slug":"paytaxtda-ve-bolgelerde-onlarla-inancli-tutulub","status":"publish","type":"post","link":"https:\/\/www.meydan.tv\/az\/article\/paytaxtda-ve-bolgelerde-onlarla-inancli-tutulub\/","title":{"rendered":"Paytaxtda v\u0259 b\u00f6lg\u0259l\u0259rd\u0259 onlarla inancl\u0131 tutulub"},"content":{"rendered":"\n<p><em><strong>\u201cEvl\u0259rind\u0259 x\u0259st\u0259si, azya\u015fl\u0131 u\u015faqlar\u0131 olanlar\u0131 var, bel\u0259 adamlar\u0131 narkotikl\u0259 \u015f\u0259rl\u0259m\u0259k qeyri-insani h\u0259r\u0259k\u0259tdir\u201d<\/strong><\/em><\/p>\n\n\n\n<p>Son on g\u00fcn \u0259rzind\u0259 dini inancl\u0131 \u015f\u0259xsl\u0259rin n\u00f6vb\u0259ti h\u0259bs dal\u011fas\u0131n\u0131n ba\u015flad\u0131\u011f\u0131 bildirilir. Meydan TV-nin \u0259ld\u0259 etdiyi m\u0259lumata g\u00f6r\u0259, paytaxtda v\u0259 b\u00f6lg\u0259l\u0259rd\u0259 onlarla inancl\u0131 h\u0259bs olunub.<\/p>\n\n\n\n<p>H\u0259bs olunanlar aras\u0131nda L\u0259nk\u0259randan ruhani R\u00f6v\u015f\u0259n \u015e\u0259rifov, Sakit M\u0259mm\u0259dov, Neft\u00e7aladan Ramin Babayev, G\u00f6y\u00e7aydan N\u0259sr\u0259ddin N\u0259sirov, G\u0259nc\u0259d\u0259n Ceyhun Sayadov, Astaradan Eyvaz Bax\u015f\u0131yev, B\u0259xtiyar M\u0259mm\u0259dov v\u0259 ba\u015fqalar\u0131 var.<\/p>\n\n\n\n<p><strong>M\u00fcs\u0259lman Birliyi H\u0259r\u0259kat\u0131n\u0131n 67 \u00fczv\u00fc h\u0259bsd\u0259dir<\/strong><\/p>\n\n\n\n<p><em>\u201cHam\u0131s\u0131na qar\u015f\u0131 narkotik ittiham\u0131 ir\u0259li s\u00fcr\u00fcl\u00fcb. Aralar\u0131nda el\u0259l\u0259ri var ki, siqaret \u00e7\u0259kmir. Evl\u0259rind\u0259 x\u0259st\u0259si, azya\u015fl\u0131 u\u015faqlar\u0131 olanlar var. B\u0259xtiyar M\u0259mm\u0259dovun h\u0259yat yolda\u015f\u0131 x\u0259r\u00e7\u0259ng x\u0259st\u0259liyind\u0259n \u0259ziyy\u0259t \u00e7\u0259kir. Onsuz da bu ail\u0259nin dolan\u0131\u015f\u0131\u011f\u0131 a\u011f\u0131r idi. Bel\u0259 adamlar\u0131 narkotikl\u0259 \u015f\u0259rl\u0259m\u0259k qeyri-insani h\u0259r\u0259k\u0259tdir\u201d<\/em>, &#8211; h\u0259bs olunanlardan birinin yax\u0131nlar\u0131 Meydan TV-y\u0259 dan\u0131\u015f\u0131b.<\/p>\n\n\n\n<p>Son vaxtlar M\u00fcs\u0259lman Birliyi H\u0259r\u0259kat\u0131n\u0131n daha \u00fc\u00e7 \u00fczv\u00fc h\u0259bs olunub. T\u0259\u015fkilatdan Meydan TV-y\u0259 veril\u0259n m\u0259lumata g\u00f6r\u0259, haz\u0131rda birliyin s\u0259dri Taleh Ba\u011f\u0131rzad\u0259 d\u0259 daxil olmaqla, h\u0259r\u0259kat\u0131n 67 n\u0259f\u0259r \u00fczv\u00fc h\u0259bsd\u0259dir.<\/p>\n\n\n\n<p>Son g\u00fcnl\u0259r h\u0259bs edil\u0259n h\u0259r\u0259kat \u00fczvl\u0259rind\u0259n biri d\u0259 Amil Bilalovdur. Fevral\u0131n 22-d\u0259n yoxa \u00e7\u0131xan inancl\u0131 f\u0259al\u0131n ail\u0259si bir ne\u00e7\u0259 g\u00fcn onun yeri v\u0259 saxlanma s\u0259b\u0259bi bar\u0259d\u0259 he\u00e7 bir m\u0259lumat ala bilm\u0259yib:<\/p>\n\n\n\n<p><em>\u201cFevral\u0131n 22-d\u0259 ax\u015fam i\u015fd\u0259n \u00e7\u0131x\u0131b ev\u0259 &#8211; Ceyranbatana g\u0259l\u0259nd\u0259 onu o\u011furlay\u0131b apar\u0131blar. \u0130\u015fd\u0259n g\u0259l\u0259nd\u0259 yolda dostlar\u0131yla, ail\u0259sil\u0259 dan\u0131\u015f\u0131b, q\u0259fild\u0259n \u0259laq\u0259 k\u0259silib. Bir ne\u00e7\u0259 g\u00fcn sonra m\u0259lum oldu ki, o da dindarlara qar\u015f\u0131 repressiyalar\u0131n n\u00f6vb\u0259ti qurban\u0131d\u0131r\u201d<\/em>.<\/p>\n\n\n\n<p>M\u00fcs\u0259lman Birliyi H\u0259r\u0259kat\u0131 yeni h\u0259bs dal\u011fas\u0131n\u0131 dini inancl\u0131 f\u0259allara qar\u015f\u0131 t\u0259mizl\u0259m\u0259 siyas\u0259ti hesab edir.<\/p>\n\n\n\n<p><strong>\u201cM\u0259n he\u00e7 siqaret \u00e7\u0259kmir\u0259m, narkotikl\u0259 \u015f\u0259rl\u0259yibl\u0259r\u201d<\/strong><\/p>\n\n\n\n<p>H\u0259r\u0259kat\u0131n h\u0259bsd\u0259 olan \u00fczvl\u0259rind\u0259n biri Azad K\u0259rimova fevral\u0131n 27-d\u0259 h\u00f6km oxunub. Bak\u0131 A\u011f\u0131r Cinay\u0259tl\u0259r M\u0259hk\u0259m\u0259sind\u0259 hakim F\u0259xri M\u0259mm\u0259dovun s\u0259drliyil\u0259 \u00e7\u0131xar\u0131lan h\u00f6km\u0259 \u0259sas\u0259n, Azad K\u0259rimov 3 il 6 ay azadl\u0131qdan m\u0259hrum edilib.<\/p>\n\n\n\n<p>2023-c\u00fc il yanvar\u0131n 30-da h\u0259bs olunan inancl\u0131 f\u0259ala qar\u015f\u0131 Cinay\u0259t M\u0259c\u0259ll\u0259sinin 234.4.3 (sat\u0131\u015f m\u0259qs\u0259dil\u0259 k\u00fclli miqdarda narkotik \u0259ld\u0259 etm\u0259, saxlama) v\u0259 167-3 (dini ekstremist materiallar\u0131 haz\u0131rlama, saxlama, yayma) madd\u0259l\u0259ril\u0259 ittiham ir\u0259li s\u00fcr\u00fclm\u00fc\u015fd\u00fc. Onun i\u015fi \u00fczr\u0259 istintaq \u0259vv\u0259l N\u0259simi Rayon Polis \u0130dar\u0259sind\u0259 apar\u0131lsa da, sonradan Bak\u0131 \u015f\u0259h\u0259r Ba\u015f Polis \u0130dar\u0259sind\u0259 davam etdirilib.<\/p>\n\n\n\n<p>Cinay\u0259t i\u015find\u0259 iddia olunur ki, Azad K\u0259rimovdan 13,9 qram heroin v\u0259 dini \u0259d\u0259biyyat tap\u0131l\u0131b.<\/p>\n\n\n\n<p>M\u0259hk\u0259m\u0259d\u0259 prokuror onun h\u0259r iki madd\u0259 il\u0259 t\u0259qsirli bilinib, 8 il azadl\u0131qdan m\u0259hrum edilm\u0259sini ist\u0259yib.<\/p>\n\n\n\n<p>Azad K\u0259rimov bildirib ki, ittiham saxtad\u0131r, dini inancl\u0131 \u015f\u0259xsl\u0259r\u0259 qar\u015f\u0131 repressiya \u00e7\u0259r\u00e7iv\u0259sind\u0259 \u015f\u0259rl\u0259n\u0259r\u0259k h\u0259bs olunub. Onun s\u00f6zl\u0259rin\u0259 g\u00f6r\u0259, M\u00fcs\u0259lman Birliyi H\u0259r\u0259kat\u0131n\u0131n \u00fczv\u00fc oldu\u011funa, Taleh Ba\u011f\u0131rzad\u0259 il\u0259 dostluq m\u00fcnasib\u0259tl\u0259rin\u0259 g\u00f6r\u0259 bundan \u0259vv\u0259l d\u0259 d\u0259f\u0259l\u0259rl\u0259 h\u00fcquq-m\u00fchafiz\u0259 orqanlar\u0131na \u00e7a\u011f\u0131r\u0131l\u0131b, t\u0259zyiql\u0259r\u0259 m\u0259ruz qal\u0131b: <em>\u201cBandotdel\u201dd\u0259 m\u0259ni toka verdil\u0259r\u2026\u201d<\/em>.<\/p>\n\n\n\n<p>Azad K\u0259rimov m\u0259hk\u0259m\u0259d\u0259 bildirib ki, h\u0259bsd\u0259 etdiyi dualardan biri d\u0259 g\u00fcnahs\u0131z insanlar\u0131 \u015f\u0259rl\u0259y\u0259r\u0259k zindanlara sal\u0131b, ail\u0259l\u0259rin\u0259 m\u0259hrumiyy\u0259tl\u0259r ya\u015fadanlar\u0131n \u00f6zl\u0259ri v\u0259 yax\u0131nlar\u0131n\u0131n c\u0259zalanmas\u0131d\u0131r:<\/p>\n\n\n\n<p><em>\u201cAllah onlar\u0131n \u00f6zl\u0259rinin, balalar\u0131n\u0131n qar\u015f\u0131s\u0131na \u00e7\u0131xars\u0131n, el\u0259dikl\u0259ri h\u0259r\u0259k\u0259tl\u0259rin n\u0259tic\u0259l\u0259rini g\u00f6rs\u00fcnl\u0259r\u2026\u201d<\/em>.<\/p>\n\n\n\n<p>O, son s\u00f6z\u00fcnd\u0259 bildirib ki, \u00f6z\u00fc dindard\u0131r, evind\u0259 d\u0259 dini kitab olub. Onun s\u00f6zl\u0259rin\u0259 g\u00f6r\u0259, h\u0259min kitab\u0131 ekstremist material kimi q\u0259l\u0259m\u0259 verm\u0259k absurddur. Azad K\u0259rimov son s\u00f6z\u00fcnd\u0259 ona b\u0259ra\u0259t verilm\u0259sini ist\u0259yib:<\/p>\n\n\n\n<p><em>\u201cBu ittiham bir yana, narkotik ittiham\u0131n\u0131 \u00fcmumiyy\u0259tl\u0259, yax\u0131na buraxa bilm\u0259r\u0259m. M\u0259n he\u00e7 siqaret \u00e7\u0259kmir\u0259m. Sizd\u0259n bir xahi\u015fim var: m\u0259ni narkotikl\u0259 l\u0259k\u0259l\u0259m\u0259yin\u201d<\/em>.<\/p>\n\n\n\n<p>Hakiml\u0259r Azad K\u0259rimova Cinay\u0259t M\u0259c\u0259ll\u0259sinin 234.4.3 madd\u0259sil\u0259 veril\u0259n ittiham\u0131 234.1-1 madd\u0259sin\u0259 t\u00f6vsif edib. \u018fvv\u0259lki ittihamda sat\u0131\u015f m\u0259qs\u0259dil\u0259 narkotik saxlanmas\u0131ndan s\u00f6hb\u0259t gedirdi v\u0259 sanksiyas\u0131nda da 5 ild\u0259n 12 il\u0259 q\u0259d\u0259r azadl\u0131qdan m\u0259hrumetm\u0259 n\u0259z\u0259rd\u0259 tutulub. Cinay\u0259t M\u0259c\u0259ll\u0259sinin 234.1-1 madd\u0259sind\u0259 sat\u0131\u015f m\u0259qs\u0259di olmadan narkotik \u0259ld\u0259 edib, saxlamaqdan b\u0259hs olunur. Burada c\u0259za h\u0259ddi 3 ild\u0259n 8 il\u0259 q\u0259d\u0259rdir.<\/p>\n\n\n\n<p>Azad K\u0259rimova h\u0259m narkotik, h\u0259m d\u0259 ekstremist materiallar saxlama ittihamlar\u0131yla \u00fcmumilikd\u0259 3 il 6 ay azadl\u0131qdan m\u0259hrumetm\u0259 c\u0259zas\u0131 verilib.<\/p>\n\n\n\n<p>Onun v\u0259kili Zibeyd\u0259 Sad\u0131qova bildirib ki, Bak\u0131 A\u011f\u0131r Cinay\u0259tl\u0259r M\u0259hk\u0259m\u0259sinin bu h\u00f6km\u00fcnd\u0259n apelyasiya \u015fikay\u0259ti ver\u0259c\u0259k.<\/p>\n\n\n\n<p>H\u00fcquq m\u00fcdafi\u0259\u00e7il\u0259ri son ilyar\u0131m \u0259rzind\u0259 \u00f6lk\u0259d\u0259 500-d\u0259n art\u0131q dini inancl\u0131n\u0131n h\u0259bs olundu\u011funu bildirir. H\u0259bs olunanlar\u0131n \u0259ks\u0259riyy\u0259tin\u0259 qar\u015f\u0131 narkotik ittiham\u0131 ir\u0259li s\u00fcr\u00fcl\u00fcb. Lakin onlar \u00f6zl\u0259rini t\u0259qsirli bilmir, saxta ittihamla c\u0259zaland\u0131r\u0131ld\u0131qlar\u0131n\u0131 deyirl\u0259r.<\/p>\n\n\n\n<p>Daxili \u0130\u015fl\u0259r Nazirliyinin m\u0259tbuat xidm\u0259ti is\u0259 h\u0259bs olunan \u015f\u0259xsl\u0259rin konkret faktlar \u0259sas\u0131nda saxland\u0131\u011f\u0131n\u0131 bildirir.<\/p>\n","protected":false},"excerpt":{"rendered":"<p>\u201cEvl\u0259rind\u0259 x\u0259st\u0259si, azya\u015fl\u0131 u\u015faqlar\u0131 olanlar\u0131 var, bel\u0259 adamlar\u0131 narkotikl\u0259 \u015f\u0259rl\u0259m\u0259k &#8230; <\/p>\n<p class=\"read-more-container\"><a title=\"Paytaxtda v\u0259 b\u00f6lg\u0259l\u0259rd\u0259 onlarla inancl\u0131 tutulub\" class=\"read-more button\" href=\"https:\/\/www.meydan.tv\/az\/article\/paytaxtda-ve-bolgelerde-onlarla-inancli-tutulub\/#more-300111\" aria-label=\"Read more about Paytaxtda v\u0259 b\u00f6lg\u0259l\u0259rd\u0259 onlarla inancl\u0131 tutulub\">Davam\u0131<\/a><\/p>\n","protected":false},"author":12,"featured_media":209565,"comment_status":"closed","ping_status":"closed","sticky":false,"template":"","format":"standard","meta":{"_acf_changed":false,"_sitemap_exclude":false,"_sitemap_priority":"","_sitemap_frequency":"","footnotes":""},"categories":[88,79,56],"tags":[],"class_list":["post-300111","post","type-post","status-publish","format-standard","has-post-thumbnail","hentry","category-redaktor-secimi","category-featured","category-xeberler","infinite-scroll-item","generate-columns","tablet-grid-50","mobile-grid-100","grid-parent","grid-33","no-featured-image-padding"],"acf":[],"yoast_head":"<!-- This site is optimized with the Yoast SEO plugin v27.4 - https:\/\/yoast.com\/product\/yoast-seo-wordpress\/ -->\n<title>Paytaxtda v\u0259 b\u00f6lg\u0259l\u0259rd\u0259 onlarla inancl\u0131 tutulub - MEYDAN.TV<\/title>\n<meta name=\"robots\" content=\"index, follow, max-snippet:-1, max-image-preview:large, max-video-preview:-1\" \/>\n<link rel=\"canonical\" href=\"https:\/\/www.meydan.tv\/az\/article\/paytaxtda-ve-bolgelerde-onlarla-inancli-tutulub\/\" \/>\n<meta property=\"og:locale\" content=\"az_AZ\" \/>\n<meta property=\"og:type\" content=\"article\" \/>\n<meta property=\"og:title\" content=\"Paytaxtda v\u0259 b\u00f6lg\u0259l\u0259rd\u0259 onlarla inancl\u0131 tutulub - MEYDAN.TV\" \/>\n<meta property=\"og:description\" content=\"\u201cEvl\u0259rind\u0259 x\u0259st\u0259si, azya\u015fl\u0131 u\u015faqlar\u0131 olanlar\u0131 var, bel\u0259 adamlar\u0131 narkotikl\u0259 \u015f\u0259rl\u0259m\u0259k ... Davam\u0131\" \/>\n<meta property=\"og:url\" content=\"https:\/\/www.meydan.tv\/az\/article\/paytaxtda-ve-bolgelerde-onlarla-inancli-tutulub\/\" \/>\n<meta property=\"og:site_name\" content=\"MEYDAN.TV\" \/>\n<meta property=\"article:published_time\" content=\"2024-02-27T17:02:42+00:00\" \/>\n<meta property=\"article:modified_time\" content=\"2024-02-27T17:57:33+00:00\" \/>\n<meta property=\"og:image\" content=\"https:\/\/www.meydan.tv\/wp-content\/uploads\/image_from_ios_k6oinno-scaled.jpg\" \/>\n\t<meta property=\"og:image:width\" content=\"2560\" \/>\n\t<meta property=\"og:image:height\" content=\"1440\" \/>\n\t<meta property=\"og:image:type\" content=\"image\/jpeg\" \/>\n<meta name=\"author\" content=\"aleks\" \/>\n<meta name=\"twitter:card\" content=\"summary_large_image\" \/>\n<script type=\"application\/ld+json\" class=\"yoast-schema-graph\">{\"@context\":\"https:\\\/\\\/schema.org\",\"@graph\":[{\"@type\":\"Article\",\"@id\":\"https:\\\/\\\/www.meydan.tv\\\/az\\\/article\\\/paytaxtda-ve-bolgelerde-onlarla-inancli-tutulub\\\/#article\",\"isPartOf\":{\"@id\":\"https:\\\/\\\/www.meydan.tv\\\/az\\\/article\\\/paytaxtda-ve-bolgelerde-onlarla-inancli-tutulub\\\/\"},\"author\":{\"name\":\"aleks\",\"@id\":\"https:\\\/\\\/www.meydan.tv\\\/az\\\/#\\\/schema\\\/person\\\/476e9360e593fa131d5d71d51866f8da\"},\"headline\":\"Paytaxtda v\u0259 b\u00f6lg\u0259l\u0259rd\u0259 onlarla inancl\u0131 tutulub\",\"datePublished\":\"2024-02-27T17:02:42+00:00\",\"dateModified\":\"2024-02-27T17:57:33+00:00\",\"mainEntityOfPage\":{\"@id\":\"https:\\\/\\\/www.meydan.tv\\\/az\\\/article\\\/paytaxtda-ve-bolgelerde-onlarla-inancli-tutulub\\\/\"},\"wordCount\":1038,\"publisher\":{\"@id\":\"https:\\\/\\\/www.meydan.tv\\\/az\\\/#organization\"},\"image\":{\"@id\":\"https:\\\/\\\/www.meydan.tv\\\/az\\\/article\\\/paytaxtda-ve-bolgelerde-onlarla-inancli-tutulub\\\/#primaryimage\"},\"thumbnailUrl\":\"https:\\\/\\\/www.meydan.tv\\\/wp-content\\\/uploads\\\/image_from_ios_k6oinno-scaled.jpg\",\"articleSection\":[\"Redaktor se\u00e7imi\",\"T\u00f6vsiy\u0259\",\"X\u0259b\u0259rl\u0259r\"],\"inLanguage\":\"az\"},{\"@type\":\"WebPage\",\"@id\":\"https:\\\/\\\/www.meydan.tv\\\/az\\\/article\\\/paytaxtda-ve-bolgelerde-onlarla-inancli-tutulub\\\/\",\"url\":\"https:\\\/\\\/www.meydan.tv\\\/az\\\/article\\\/paytaxtda-ve-bolgelerde-onlarla-inancli-tutulub\\\/\",\"name\":\"Paytaxtda v\u0259 b\u00f6lg\u0259l\u0259rd\u0259 onlarla inancl\u0131 tutulub - MEYDAN.TV\",\"isPartOf\":{\"@id\":\"https:\\\/\\\/www.meydan.tv\\\/az\\\/#website\"},\"primaryImageOfPage\":{\"@id\":\"https:\\\/\\\/www.meydan.tv\\\/az\\\/article\\\/paytaxtda-ve-bolgelerde-onlarla-inancli-tutulub\\\/#primaryimage\"},\"image\":{\"@id\":\"https:\\\/\\\/www.meydan.tv\\\/az\\\/article\\\/paytaxtda-ve-bolgelerde-onlarla-inancli-tutulub\\\/#primaryimage\"},\"thumbnailUrl\":\"https:\\\/\\\/www.meydan.tv\\\/wp-content\\\/uploads\\\/image_from_ios_k6oinno-scaled.jpg\",\"datePublished\":\"2024-02-27T17:02:42+00:00\",\"dateModified\":\"2024-02-27T17:57:33+00:00\",\"breadcrumb\":{\"@id\":\"https:\\\/\\\/www.meydan.tv\\\/az\\\/article\\\/paytaxtda-ve-bolgelerde-onlarla-inancli-tutulub\\\/#breadcrumb\"},\"inLanguage\":\"az\",\"potentialAction\":[{\"@type\":\"ReadAction\",\"target\":[\"https:\\\/\\\/www.meydan.tv\\\/az\\\/article\\\/paytaxtda-ve-bolgelerde-onlarla-inancli-tutulub\\\/\"]}]},{\"@type\":\"ImageObject\",\"inLanguage\":\"az\",\"@id\":\"https:\\\/\\\/www.meydan.tv\\\/az\\\/article\\\/paytaxtda-ve-bolgelerde-onlarla-inancli-tutulub\\\/#primaryimage\",\"url\":\"https:\\\/\\\/www.meydan.tv\\\/wp-content\\\/uploads\\\/image_from_ios_k6oinno-scaled.jpg\",\"contentUrl\":\"https:\\\/\\\/www.meydan.tv\\\/wp-content\\\/uploads\\\/image_from_ios_k6oinno-scaled.jpg\",\"width\":2560,\"height\":1440,\"caption\":\"\u0130ll\u00fcstrasiya: Meydan TV\"},{\"@type\":\"BreadcrumbList\",\"@id\":\"https:\\\/\\\/www.meydan.tv\\\/az\\\/article\\\/paytaxtda-ve-bolgelerde-onlarla-inancli-tutulub\\\/#breadcrumb\",\"itemListElement\":[{\"@type\":\"ListItem\",\"position\":1,\"name\":\"Ana s\u0259hif\u0259\",\"item\":\"https:\\\/\\\/www.meydan.tv\\\/az\\\/\"},{\"@type\":\"ListItem\",\"position\":2,\"name\":\"X\u0259b\u0259rl\u0259r\",\"item\":\"https:\\\/\\\/www.meydan.tv\\\/az\\\/section\\\/xeberler\\\/\"},{\"@type\":\"ListItem\",\"position\":3,\"name\":\"Paytaxtda v\u0259 b\u00f6lg\u0259l\u0259rd\u0259 onlarla inancl\u0131 tutulub\"}]},{\"@type\":\"WebSite\",\"@id\":\"https:\\\/\\\/www.meydan.tv\\\/az\\\/#website\",\"url\":\"https:\\\/\\\/www.meydan.tv\\\/az\\\/\",\"name\":\"MEYDAN.TV\",\"description\":\"Meydan TV Az\u0259rbaycan\u0131n media m\u0259kan\u0131ndak\u0131 alternativ s\u0259sidir\",\"publisher\":{\"@id\":\"https:\\\/\\\/www.meydan.tv\\\/az\\\/#organization\"},\"potentialAction\":[{\"@type\":\"SearchAction\",\"target\":{\"@type\":\"EntryPoint\",\"urlTemplate\":\"https:\\\/\\\/www.meydan.tv\\\/az\\\/?s={search_term_string}\"},\"query-input\":{\"@type\":\"PropertyValueSpecification\",\"valueRequired\":true,\"valueName\":\"search_term_string\"}}],\"inLanguage\":\"az\"},{\"@type\":\"Organization\",\"@id\":\"https:\\\/\\\/www.meydan.tv\\\/az\\\/#organization\",\"name\":\"Meydan TV\",\"url\":\"https:\\\/\\\/www.meydan.tv\\\/az\\\/\",\"logo\":{\"@type\":\"ImageObject\",\"inLanguage\":\"az\",\"@id\":\"https:\\\/\\\/www.meydan.tv\\\/az\\\/#\\\/schema\\\/logo\\\/image\\\/\",\"url\":\"https:\\\/\\\/www.meydan.tv\\\/wp-content\\\/uploads\\\/2021\\\/07\\\/meydan-logo.svg\",\"contentUrl\":\"https:\\\/\\\/www.meydan.tv\\\/wp-content\\\/uploads\\\/2021\\\/07\\\/meydan-logo.svg\",\"width\":195,\"height\":46,\"caption\":\"Meydan TV\"},\"image\":{\"@id\":\"https:\\\/\\\/www.meydan.tv\\\/az\\\/#\\\/schema\\\/logo\\\/image\\\/\"}},{\"@type\":\"Person\",\"@id\":\"https:\\\/\\\/www.meydan.tv\\\/az\\\/#\\\/schema\\\/person\\\/476e9360e593fa131d5d71d51866f8da\",\"name\":\"aleks\"}]}<\/script>\n<!-- \/ Yoast SEO plugin. -->","yoast_head_json":{"title":"Paytaxtda v\u0259 b\u00f6lg\u0259l\u0259rd\u0259 onlarla inancl\u0131 tutulub - MEYDAN.TV","robots":{"index":"index","follow":"follow","max-snippet":"max-snippet:-1","max-image-preview":"max-image-preview:large","max-video-preview":"max-video-preview:-1"},"canonical":"https:\/\/www.meydan.tv\/az\/article\/paytaxtda-ve-bolgelerde-onlarla-inancli-tutulub\/","og_locale":"az_AZ","og_type":"article","og_title":"Paytaxtda v\u0259 b\u00f6lg\u0259l\u0259rd\u0259 onlarla inancl\u0131 tutulub - MEYDAN.TV","og_description":"\u201cEvl\u0259rind\u0259 x\u0259st\u0259si, azya\u015fl\u0131 u\u015faqlar\u0131 olanlar\u0131 var, bel\u0259 adamlar\u0131 narkotikl\u0259 \u015f\u0259rl\u0259m\u0259k ... Davam\u0131","og_url":"https:\/\/www.meydan.tv\/az\/article\/paytaxtda-ve-bolgelerde-onlarla-inancli-tutulub\/","og_site_name":"MEYDAN.TV","article_published_time":"2024-02-27T17:02:42+00:00","article_modified_time":"2024-02-27T17:57:33+00:00","og_image":[{"width":2560,"height":1440,"url":"https:\/\/www.meydan.tv\/wp-content\/uploads\/image_from_ios_k6oinno-scaled.jpg","type":"image\/jpeg"}],"author":"aleks","twitter_card":"summary_large_image","schema":{"@context":"https:\/\/schema.org","@graph":[{"@type":"Article","@id":"https:\/\/www.meydan.tv\/az\/article\/paytaxtda-ve-bolgelerde-onlarla-inancli-tutulub\/#article","isPartOf":{"@id":"https:\/\/www.meydan.tv\/az\/article\/paytaxtda-ve-bolgelerde-onlarla-inancli-tutulub\/"},"author":{"name":"aleks","@id":"https:\/\/www.meydan.tv\/az\/#\/schema\/person\/476e9360e593fa131d5d71d51866f8da"},"headline":"Paytaxtda v\u0259 b\u00f6lg\u0259l\u0259rd\u0259 onlarla inancl\u0131 tutulub","datePublished":"2024-02-27T17:02:42+00:00","dateModified":"2024-02-27T17:57:33+00:00","mainEntityOfPage":{"@id":"https:\/\/www.meydan.tv\/az\/article\/paytaxtda-ve-bolgelerde-onlarla-inancli-tutulub\/"},"wordCount":1038,"publisher":{"@id":"https:\/\/www.meydan.tv\/az\/#organization"},"image":{"@id":"https:\/\/www.meydan.tv\/az\/article\/paytaxtda-ve-bolgelerde-onlarla-inancli-tutulub\/#primaryimage"},"thumbnailUrl":"https:\/\/www.meydan.tv\/wp-content\/uploads\/image_from_ios_k6oinno-scaled.jpg","articleSection":["Redaktor se\u00e7imi","T\u00f6vsiy\u0259","X\u0259b\u0259rl\u0259r"],"inLanguage":"az"},{"@type":"WebPage","@id":"https:\/\/www.meydan.tv\/az\/article\/paytaxtda-ve-bolgelerde-onlarla-inancli-tutulub\/","url":"https:\/\/www.meydan.tv\/az\/article\/paytaxtda-ve-bolgelerde-onlarla-inancli-tutulub\/","name":"Paytaxtda v\u0259 b\u00f6lg\u0259l\u0259rd\u0259 onlarla inancl\u0131 tutulub - MEYDAN.TV","isPartOf":{"@id":"https:\/\/www.meydan.tv\/az\/#website"},"primaryImageOfPage":{"@id":"https:\/\/www.meydan.tv\/az\/article\/paytaxtda-ve-bolgelerde-onlarla-inancli-tutulub\/#primaryimage"},"image":{"@id":"https:\/\/www.meydan.tv\/az\/article\/paytaxtda-ve-bolgelerde-onlarla-inancli-tutulub\/#primaryimage"},"thumbnailUrl":"https:\/\/www.meydan.tv\/wp-content\/uploads\/image_from_ios_k6oinno-scaled.jpg","datePublished":"2024-02-27T17:02:42+00:00","dateModified":"2024-02-27T17:57:33+00:00","breadcrumb":{"@id":"https:\/\/www.meydan.tv\/az\/article\/paytaxtda-ve-bolgelerde-onlarla-inancli-tutulub\/#breadcrumb"},"inLanguage":"az","potentialAction":[{"@type":"ReadAction","target":["https:\/\/www.meydan.tv\/az\/article\/paytaxtda-ve-bolgelerde-onlarla-inancli-tutulub\/"]}]},{"@type":"ImageObject","inLanguage":"az","@id":"https:\/\/www.meydan.tv\/az\/article\/paytaxtda-ve-bolgelerde-onlarla-inancli-tutulub\/#primaryimage","url":"https:\/\/www.meydan.tv\/wp-content\/uploads\/image_from_ios_k6oinno-scaled.jpg","contentUrl":"https:\/\/www.meydan.tv\/wp-content\/uploads\/image_from_ios_k6oinno-scaled.jpg","width":2560,"height":1440,"caption":"\u0130ll\u00fcstrasiya: Meydan TV"},{"@type":"BreadcrumbList","@id":"https:\/\/www.meydan.tv\/az\/article\/paytaxtda-ve-bolgelerde-onlarla-inancli-tutulub\/#breadcrumb","itemListElement":[{"@type":"ListItem","position":1,"name":"Ana s\u0259hif\u0259","item":"https:\/\/www.meydan.tv\/az\/"},{"@type":"ListItem","position":2,"name":"X\u0259b\u0259rl\u0259r","item":"https:\/\/www.meydan.tv\/az\/section\/xeberler\/"},{"@type":"ListItem","position":3,"name":"Paytaxtda v\u0259 b\u00f6lg\u0259l\u0259rd\u0259 onlarla inancl\u0131 tutulub"}]},{"@type":"WebSite","@id":"https:\/\/www.meydan.tv\/az\/#website","url":"https:\/\/www.meydan.tv\/az\/","name":"MEYDAN.TV","description":"Meydan TV Az\u0259rbaycan\u0131n media m\u0259kan\u0131ndak\u0131 alternativ s\u0259sidir","publisher":{"@id":"https:\/\/www.meydan.tv\/az\/#organization"},"potentialAction":[{"@type":"SearchAction","target":{"@type":"EntryPoint","urlTemplate":"https:\/\/www.meydan.tv\/az\/?s={search_term_string}"},"query-input":{"@type":"PropertyValueSpecification","valueRequired":true,"valueName":"search_term_string"}}],"inLanguage":"az"},{"@type":"Organization","@id":"https:\/\/www.meydan.tv\/az\/#organization","name":"Meydan TV","url":"https:\/\/www.meydan.tv\/az\/","logo":{"@type":"ImageObject","inLanguage":"az","@id":"https:\/\/www.meydan.tv\/az\/#\/schema\/logo\/image\/","url":"https:\/\/www.meydan.tv\/wp-content\/uploads\/2021\/07\/meydan-logo.svg","contentUrl":"https:\/\/www.meydan.tv\/wp-content\/uploads\/2021\/07\/meydan-logo.svg","width":195,"height":46,"caption":"Meydan TV"},"image":{"@id":"https:\/\/www.meydan.tv\/az\/#\/schema\/logo\/image\/"}},{"@type":"Person","@id":"https:\/\/www.meydan.tv\/az\/#\/schema\/person\/476e9360e593fa131d5d71d51866f8da","name":"aleks"}]}},"_links":{"self":[{"href":"https:\/\/www.meydan.tv\/az\/wp-json\/wp\/v2\/posts\/300111","targetHints":{"allow":["GET"]}}],"collection":[{"href":"https:\/\/www.meydan.tv\/az\/wp-json\/wp\/v2\/posts"}],"about":[{"href":"https:\/\/www.meydan.tv\/az\/wp-json\/wp\/v2\/types\/post"}],"author":[{"embeddable":true,"href":"https:\/\/www.meydan.tv\/az\/wp-json\/wp\/v2\/users\/12"}],"replies":[{"embeddable":true,"href":"https:\/\/www.meydan.tv\/az\/wp-json\/wp\/v2\/comments?post=300111"}],"version-history":[{"count":3,"href":"https:\/\/www.meydan.tv\/az\/wp-json\/wp\/v2\/posts\/300111\/revisions"}],"predecessor-version":[{"id":300114,"href":"https:\/\/www.meydan.tv\/az\/wp-json\/wp\/v2\/posts\/300111\/revisions\/300114"}],"wp:featuredmedia":[{"embeddable":true,"href":"https:\/\/www.meydan.tv\/az\/wp-json\/wp\/v2\/media\/209565"}],"wp:attachment":[{"href":"https:\/\/www.meydan.tv\/az\/wp-json\/wp\/v2\/media?parent=300111"}],"wp:term":[{"taxonomy":"category","embeddable":true,"href":"https:\/\/www.meydan.tv\/az\/wp-json\/wp\/v2\/categories?post=300111"},{"taxonomy":"post_tag","embeddable":true,"href":"https:\/\/www.meydan.tv\/az\/wp-json\/wp\/v2\/tags?post=300111"}],"curies":[{"name":"wp","href":"https:\/\/api.w.org\/{rel}","templated":true}]}}