{"id":300093,"date":"2024-02-27T16:48:13","date_gmt":"2024-02-27T12:48:13","guid":{"rendered":"https:\/\/www.meydan.tv\/?p=300093"},"modified":"2024-02-27T16:48:17","modified_gmt":"2024-02-27T12:48:17","slug":"gedebey-sakini-qardasimin-boyreklerinin-ustune-o-qeder-vurublar-asagi-eyile-bilmir","status":"publish","type":"post","link":"https:\/\/www.meydan.tv\/az\/article\/gedebey-sakini-qardasimin-boyreklerinin-ustune-o-qeder-vurublar-asagi-eyile-bilmir\/","title":{"rendered":"G\u0259d\u0259b\u0259y sakini: \u201cQarda\u015f\u0131m\u0131n b\u00f6yr\u0259kl\u0259rinin \u00fcst\u00fcn\u0259 o q\u0259d\u0259r vurublar, a\u015fa\u011f\u0131 \u0259yil\u0259 bilmir\u201d"},"content":{"rendered":"\n<p><\/p>\n\n\n\n<p><strong><em>Elm\u0259ddin Q\u0259mb\u0259rov: \u201cSonra \u0259ll\u0259ri v\u0259 ayaqlar\u0131 qandallanm\u0131\u015f v\u0259ziyy\u0259td\u0259 apar\u0131b buz kimi ota\u011fa \u2013 \u201ckars\u201da at\u0131blar\u201d<\/em><\/strong><\/p>\n\n\n\n<p>G\u0259nc\u0259d\u0259ki 2 sayl\u0131 istintaq t\u0259cridxanas\u0131nda jurnalist Zaur Q\u0259mb\u0259rovun i\u015fg\u0259nc\u0259y\u0259 m\u0259ruz qald\u0131\u011f\u0131 bildirilir. Bu bar\u0259d\u0259 Meydan TV-y\u0259 onun qarda\u015f\u0131 &#8211; G\u0259d\u0259b\u0259y rayonunun Ar\u0131q\u0131ran k\u0259nd sakini Elm\u0259ddin Q\u0259mb\u0259rov dan\u0131\u015f\u0131b. Onun s\u00f6zl\u0259rin\u0259 g\u00f6r\u0259, i\u015fg\u0259nc\u0259 n\u0259tic\u0259sind\u0259 qarda\u015f\u0131n\u0131n v\u0259ziyy\u0259ti o q\u0259d\u0259r a\u011f\u0131rla\u015f\u0131b ki, onu Bak\u0131ya \u2013 Penitensiar Xidm\u0259tin M\u00fcalic\u0259 M\u00fc\u0259ssis\u0259sin\u0259 g\u00f6nd\u0259rm\u0259k m\u0259cburiyy\u0259tind\u0259 qal\u0131blar.<\/p>\n\n\n\n<p><strong>\u201cQarda\u015f\u0131m etiraz olaraq, \u00f6z\u00fcn\u0259 x\u0259sar\u0259t yetirib\u201d<\/strong><\/p>\n\n\n\n<p>Elm\u0259ddin Q\u0259mb\u0259rov deyir ki, qarda\u015f\u0131n\u0131 fevral\u0131n 17-d\u0259 G\u0259nc\u0259d\u0259n Bak\u0131ya g\u00f6nd\u0259ribl\u0259r. Bir h\u0259ft\u0259 M\u00fcalic\u0259 M\u00fc\u0259ssis\u0259sind\u0259 qalandan sonra fevral\u0131n 24-d\u0259 G\u0259nc\u0259y\u0259 &#8211; istintaq t\u0259cridxanas\u0131na geri qaytar\u0131blar:<\/p>\n\n\n\n<p><em>\u201cD\u00fcn\u0259n (fevral\u0131n 26-da) gedib onunla g\u00f6r\u00fc\u015fd\u00fcm. Hadis\u0259d\u0259n 10 g\u00fcn\u0259 yax\u0131n vaxt ke\u00e7s\u0259 d\u0259, h\u0259l\u0259 x\u0259sar\u0259t izl\u0259ri var. Zaur deyir ki, b\u0259d\u0259nim\u0259, b\u00f6yr\u0259kl\u0259rimin \u00fcst\u00fcn\u0259 t\u0259pikl\u0259 o q\u0259d\u0259r vurublar ki, h\u0259l\u0259 d\u0259 a\u015fa\u011f\u0131 \u0259yil\u0259 bilmir\u0259m. \u0130nsan\u0131n \u0259ll\u0259rini qandallar\u0131b, yer\u0259 y\u0131x\u0131b t\u0259pikl\u0259m\u0259k hara s\u0131\u011far? \u018fvv\u0259l t\u0259cridxana r\u0259isinin ota\u011f\u0131n\u0131n qar\u015f\u0131s\u0131nda d\u00f6y\u00fcbl\u0259r. Orada kamera da var. R\u0259is m\u00fcavini \u015eahin \u018fhm\u0259dov da d\u00f6y\u0259nl\u0259r aras\u0131nda olub. Sonra r\u0259isin ota\u011f\u0131na sal\u0131blar. Rejim r\u0259isi var, Mirz\u0259 M\u0259mm\u0259dov, otaqda aln\u0131na t\u0259pikl\u0259 vuranda r\u0259is q\u0131\u015fq\u0131r\u0131b. Sonra apar\u0131b buz kimi ota\u011fa \u2013 \u201ckars\u201da at\u0131blar &#8211; \u0259ll\u0259ri v\u0259 ayaqlar\u0131 qandallanm\u0131\u015f v\u0259ziyy\u0259td\u0259. Bir sutka o v\u0259ziyy\u0259td\u0259 saxlay\u0131blar. Qarda\u015f\u0131m da ba\u015f ver\u0259nl\u0259r\u0259 etiraz olaraq, \u00f6z\u00fcn\u0259 x\u0259sar\u0259t yetirib. Bundan sonra M\u00fcalic\u0259 M\u00fc\u0259ssis\u0259sin\u0259 k\u00f6\u00e7\u00fcr\u00fcbl\u0259r\u201d<\/em>.<\/p>\n\n\n\n<p><strong>\u201cPul verm\u0259y\u0259nd\u0259 ya b\u0259rbad kameraya sal\u0131rlar, ya da&#8230;\u201d<\/strong><\/p>\n\n\n\n<p>Zaur Q\u0259mb\u0259rov yax\u0131nlar\u0131na deyib ki, ona veril\u0259n i\u015fg\u0259nc\u0259l\u0259rin s\u0259b\u0259bi r\u00fc\u015fv\u0259t t\u0259l\u0259b olunmas\u0131d\u0131r. O bildirib ki, 2 sayl\u0131 istintaq t\u0259cridxanas\u0131nda normal \u015f\u0259raiti olan kameralarda qalma\u011fa g\u00f6r\u0259 orada saxlan\u0131lan \u015f\u0259xsl\u0259rd\u0259n b\u00f6y\u00fck m\u0259bl\u0259\u011fl\u0259rd\u0259 r\u00fc\u015fv\u0259t t\u0259l\u0259b olunur. Onun s\u00f6zl\u0259rin\u0259 g\u00f6r\u0259, b\u0259z\u0259n bu m\u0259bl\u0259\u011fin qiym\u0259ti 3 min manata q\u0259d\u0259r qalx\u0131r.<\/p>\n\n\n\n<p><em>\u201cBu pulu verm\u0259y\u0259nl\u0259ri ya b\u0259rbad kameraya sal\u0131rlar, ya da yerini tez-tez d\u0259yi\u015firl\u0259r. Zaur deyir ki, buna etiraz el\u0259diyin\u0259 g\u00f6r\u0259 onu el\u0259 v\u0259ziyy\u0259t\u0259 sal\u0131blar\u201d<\/em>.<\/p>\n\n\n\n<p><strong>\u201cG\u0259lib g\u00f6r\u00fc\u015f\u00fcbl\u0259r, amma ekspertizadan ke\u00e7irm\u0259yibl\u0259r\u201d<\/strong><\/p>\n\n\n\n<p>Ail\u0259 \u00fczvl\u0259ri Zaur Q\u0259mb\u0259rovun t\u0259cridxanada d\u00f6y\u00fclm\u0259si, t\u0259hqir olunmas\u0131yla \u0259laq\u0259dar Penitensiar Xidm\u0259tin r\u0259hb\u0259rliyin\u0259, Ombudsman Aparat\u0131na, Ba\u015f Prokurorlu\u011fa \u015fikay\u0259t edib. Qarda\u015f\u0131 deyir ki, M\u00fcalic\u0259 M\u00fc\u0259ssis\u0259sind\u0259 saxland\u0131\u011f\u0131 d\u00f6vrd\u0259 Penitensiar Xidm\u0259tin n\u00fcmay\u0259nd\u0259l\u0259ri g\u0259lib, onunla g\u00f6r\u00fc\u015f\u00fcbl\u0259r:<\/p>\n\n\n\n<p><em>\u201cPenitensiar Xidm\u0259tin \u201cQaynar X\u0259tt\u201din\u0259 \u015fikay\u0259t el\u0259mi\u015fdik. G\u0259lib, \u015fifahi dan\u0131\u015f\u0131blar onunla. Zaur da ba\u015f\u0131na g\u0259tiril\u0259nl\u0259ri deyib. Amma ekspertizadan ke\u00e7irm\u0259yibl\u0259r. Halbuki, ger\u00e7\u0259kd\u0259n ara\u015fd\u0131rma apar\u0131l\u0131rsa, m\u00fctl\u0259q ekspertizadan ke\u00e7irilm\u0259liydi. Ba\u015f Prokurorluqdan cavab g\u0259ldi ki, G\u0259nc\u0259 \u015f\u0259h\u0259r Prokurorlu\u011funa \u0259riz\u0259 verin. Onu da el\u0259dik. Ombudsman Aparat\u0131ndan x\u0259b\u0259r yoxdur\u201d<\/em>.<\/p>\n\n\n\n<p>Elm\u0259ddin Q\u0259mb\u0259rov \u0259lav\u0259 edir ki, qarda\u015f\u0131n\u0131n istintaq t\u0259cridxanas\u0131nda r\u00fc\u015fv\u0259t\u0259 etiraz\u0131 v\u0259 ard\u0131nca ba\u015f ver\u0259nl\u0259rd\u0259n sonra onun \u00f6z\u00fcn\u0259 qar\u015f\u0131 da m\u00fcnasib\u0259t d\u0259yi\u015fib. Onun s\u00f6zl\u0259rin\u0259 g\u00f6r\u0259, sonuncu d\u0259f\u0259 qarda\u015f\u0131n\u0131n yan\u0131na ged\u0259nd\u0259 bir s\u0131ra s\u00fcni mane\u0259l\u0259rl\u0259 qar\u015f\u0131la\u015f\u0131b.<\/p>\n\n\n\n<p>Penitensiar Xidm\u0259td\u0259n Zaur Q\u0259mb\u0259rovun i\u015fg\u0259nc\u0259y\u0259 m\u0259ruz qalmas\u0131, t\u0259hqir edilm\u0259si bar\u0259d\u0259 iddialara m\u00fcnasib\u0259t \u00f6yr\u0259nm\u0259k m\u00fcmk\u00fcn olmay\u0131b.<\/p>\n\n\n\n<p>\u201cM\u00fcdafi\u0259 X\u0259tti\u201d insan haqlar\u0131 t\u0259\u015fkilat\u0131ndan Meydan TV-y\u0259 bildirilib ki, Zaur Q\u0259mb\u0259rovun ail\u0259sinin m\u00fcraci\u0259ti \u0259sas\u0131nda onlar da ara\u015fd\u0131rma apar\u0131rlar:<\/p>\n\n\n\n<p><em>\u201cPenitensiar Xidm\u0259t i\u015fg\u0259nc\u0259 bar\u0259d\u0259 deyil\u0259nl\u0259ri t\u0259kzib el\u0259di. Amma Zaur Q\u0259mb\u0259rovun Penitensiar Xidm\u0259tin M\u00fcalic\u0259 M\u00fc\u0259ssis\u0259sin\u0259 k\u00f6\u00e7\u00fcr\u00fclm\u0259sini t\u0259sdiql\u0259dil\u0259r. Lakin k\u00f6\u00e7\u00fcrm\u0259nin x\u0259sar\u0259tl\u0259rl\u0259 \u0259laq\u0259dar olmad\u0131\u011f\u0131n\u0131 bildirdil\u0259r\u201d<\/em>.<\/p>\n\n\n\n<p>\u201cM\u00fcdafi\u0259 X\u0259tti\u201d alternativ m\u0259nb\u0259l\u0259r vasit\u0259sil\u0259 bu istiqam\u0259td\u0259 ara\u015fd\u0131rmalar\u0131 davam etdirir.<\/p>\n\n\n\n<p>Zaur Q\u0259mb\u0259rov xuliqanl\u0131q ittiham\u0131yla 2023-c\u00fc il avqustun 1-d\u0259n h\u0259bsd\u0259dir. \u0130ddia olunur ki, G\u0259nc\u0259d\u0259 ax\u015fam saatlar\u0131nda ba\u015fqa bir ma\u015f\u0131n onun idar\u0259 etdiyi avtomobil\u0259 d\u0259yib v\u0259 q\u0259za ba\u015f verib. Zaur Q\u0259mb\u0259rov m\u00fcbahis\u0259 z\u0259minind\u0259 dig\u0259r avtomobilin s\u00fcr\u00fcc\u00fcs\u00fc v\u0259 yan\u0131nda olan \u015f\u0259xsi t\u0259hqir edib, onlara x\u0259sar\u0259t yetirib.<\/p>\n\n\n\n<p>Zaur Q\u0259mb\u0259rov is\u0259 ittihamda yaz\u0131lanlar\u0131n yalan oldu\u011funu, jurnalist f\u0259aliyy\u0259tin\u0259 g\u00f6r\u0259 sifari\u015fl\u0259 h\u0259bs olundu\u011funu deyir. Onun s\u00f6zl\u0259rin\u0259 g\u00f6r\u0259, q\u0259za da onu \u015f\u0259rl\u0259yib h\u0259bs etdirm\u0259k \u00fc\u00e7\u00fcn \u00f6nc\u0259d\u0259n planla\u015fd\u0131r\u0131lm\u0131\u015f t\u0259xribat olub.<\/p>\n\n\n\n<p>Zaur Q\u0259mb\u0259rovun ittiham olundu\u011fu Cinay\u0259t M\u0259c\u0259ll\u0259sinin 221.3 madd\u0259sind\u0259 2 ild\u0259n 5 il\u0259 q\u0259d\u0259r azadl\u0131qdan m\u0259hrumetm\u0259 c\u0259zas\u0131 n\u0259z\u0259rd\u0259 tutulub. Onun i\u015fin\u0259 haz\u0131rda G\u0259nc\u0259 \u015e\u0259h\u0259r M\u0259hk\u0259m\u0259sind\u0259 bax\u0131l\u0131r.<\/p>\n\n\n\n<p>O, 2023-c\u00fc ilin noyabr\u0131nda qanunsuz h\u0259bsin\u0259 etiraz olaraq, \u00fcst\u00fcn\u0259 qaynar su t\u00f6k\u00fcb intihara c\u0259hd etmi\u015fdi.<\/p>\n","protected":false},"excerpt":{"rendered":"<p>Elm\u0259ddin Q\u0259mb\u0259rov: \u201cSonra \u0259ll\u0259ri v\u0259 ayaqlar\u0131 qandallanm\u0131\u015f v\u0259ziyy\u0259td\u0259 apar\u0131b buz &#8230; <\/p>\n<p class=\"read-more-container\"><a title=\"G\u0259d\u0259b\u0259y sakini: \u201cQarda\u015f\u0131m\u0131n b\u00f6yr\u0259kl\u0259rinin \u00fcst\u00fcn\u0259 o q\u0259d\u0259r vurublar, a\u015fa\u011f\u0131 \u0259yil\u0259 bilmir\u201d\" class=\"read-more button\" href=\"https:\/\/www.meydan.tv\/az\/article\/gedebey-sakini-qardasimin-boyreklerinin-ustune-o-qeder-vurublar-asagi-eyile-bilmir\/#more-300093\" aria-label=\"Read more about G\u0259d\u0259b\u0259y sakini: \u201cQarda\u015f\u0131m\u0131n b\u00f6yr\u0259kl\u0259rinin \u00fcst\u00fcn\u0259 o q\u0259d\u0259r vurublar, a\u015fa\u011f\u0131 \u0259yil\u0259 bilmir\u201d\">Davam\u0131<\/a><\/p>\n","protected":false},"author":21,"featured_media":294523,"comment_status":"closed","ping_status":"closed","sticky":false,"template":"","format":"standard","meta":{"_acf_changed":false,"_sitemap_exclude":false,"_sitemap_priority":"","_sitemap_frequency":"","footnotes":""},"categories":[60,62,79,56],"tags":[],"class_list":["post-300093","post","type-post","status-publish","format-standard","has-post-thumbnail","hentry","category-bolge","category-sosial","category-featured","category-xeberler","infinite-scroll-item","generate-columns","tablet-grid-50","mobile-grid-100","grid-parent","grid-33","no-featured-image-padding"],"acf":[],"yoast_head":"<!-- This site is optimized with the Yoast SEO plugin v27.4 - https:\/\/yoast.com\/product\/yoast-seo-wordpress\/ -->\n<title>G\u0259d\u0259b\u0259y sakini: \u201cQarda\u015f\u0131m\u0131n b\u00f6yr\u0259kl\u0259rinin \u00fcst\u00fcn\u0259 o q\u0259d\u0259r vurublar, a\u015fa\u011f\u0131 \u0259yil\u0259 bilmir\u201d - MEYDAN.TV<\/title>\n<meta name=\"robots\" content=\"index, follow, max-snippet:-1, max-image-preview:large, max-video-preview:-1\" \/>\n<link rel=\"canonical\" href=\"https:\/\/www.meydan.tv\/az\/article\/gedebey-sakini-qardasimin-boyreklerinin-ustune-o-qeder-vurublar-asagi-eyile-bilmir\/\" \/>\n<meta property=\"og:locale\" content=\"az_AZ\" \/>\n<meta property=\"og:type\" content=\"article\" \/>\n<meta property=\"og:title\" content=\"G\u0259d\u0259b\u0259y sakini: \u201cQarda\u015f\u0131m\u0131n b\u00f6yr\u0259kl\u0259rinin \u00fcst\u00fcn\u0259 o q\u0259d\u0259r vurublar, a\u015fa\u011f\u0131 \u0259yil\u0259 bilmir\u201d - MEYDAN.TV\" \/>\n<meta property=\"og:description\" content=\"Elm\u0259ddin Q\u0259mb\u0259rov: \u201cSonra \u0259ll\u0259ri v\u0259 ayaqlar\u0131 qandallanm\u0131\u015f v\u0259ziyy\u0259td\u0259 apar\u0131b buz ... Davam\u0131\" \/>\n<meta property=\"og:url\" content=\"https:\/\/www.meydan.tv\/az\/article\/gedebey-sakini-qardasimin-boyreklerinin-ustune-o-qeder-vurublar-asagi-eyile-bilmir\/\" \/>\n<meta property=\"og:site_name\" content=\"MEYDAN.TV\" \/>\n<meta property=\"article:published_time\" content=\"2024-02-27T12:48:13+00:00\" \/>\n<meta property=\"article:modified_time\" content=\"2024-02-27T12:48:17+00:00\" \/>\n<meta property=\"og:image\" content=\"https:\/\/www.meydan.tv\/wp-content\/uploads\/zaur-qembero-e1703938528505.jpg\" \/>\n\t<meta property=\"og:image:width\" content=\"1500\" \/>\n\t<meta property=\"og:image:height\" content=\"607\" \/>\n\t<meta property=\"og:image:type\" content=\"image\/jpeg\" \/>\n<meta name=\"author\" content=\"mahmud\" \/>\n<meta name=\"twitter:card\" content=\"summary_large_image\" \/>\n<script type=\"application\/ld+json\" class=\"yoast-schema-graph\">{\"@context\":\"https:\\\/\\\/schema.org\",\"@graph\":[{\"@type\":\"Article\",\"@id\":\"https:\\\/\\\/www.meydan.tv\\\/az\\\/article\\\/gedebey-sakini-qardasimin-boyreklerinin-ustune-o-qeder-vurublar-asagi-eyile-bilmir\\\/#article\",\"isPartOf\":{\"@id\":\"https:\\\/\\\/www.meydan.tv\\\/az\\\/article\\\/gedebey-sakini-qardasimin-boyreklerinin-ustune-o-qeder-vurublar-asagi-eyile-bilmir\\\/\"},\"author\":{\"name\":\"mahmud\",\"@id\":\"https:\\\/\\\/www.meydan.tv\\\/az\\\/#\\\/schema\\\/person\\\/09863e516102a829e72bedcf3f84c6b0\"},\"headline\":\"G\u0259d\u0259b\u0259y sakini: \u201cQarda\u015f\u0131m\u0131n b\u00f6yr\u0259kl\u0259rinin \u00fcst\u00fcn\u0259 o q\u0259d\u0259r vurublar, a\u015fa\u011f\u0131 \u0259yil\u0259 bilmir\u201d\",\"datePublished\":\"2024-02-27T12:48:13+00:00\",\"dateModified\":\"2024-02-27T12:48:17+00:00\",\"mainEntityOfPage\":{\"@id\":\"https:\\\/\\\/www.meydan.tv\\\/az\\\/article\\\/gedebey-sakini-qardasimin-boyreklerinin-ustune-o-qeder-vurublar-asagi-eyile-bilmir\\\/\"},\"wordCount\":1061,\"publisher\":{\"@id\":\"https:\\\/\\\/www.meydan.tv\\\/az\\\/#organization\"},\"image\":{\"@id\":\"https:\\\/\\\/www.meydan.tv\\\/az\\\/article\\\/gedebey-sakini-qardasimin-boyreklerinin-ustune-o-qeder-vurublar-asagi-eyile-bilmir\\\/#primaryimage\"},\"thumbnailUrl\":\"https:\\\/\\\/www.meydan.tv\\\/wp-content\\\/uploads\\\/zaur-qembero-e1703938528505.jpg\",\"articleSection\":[\"B\u00f6lg\u0259\",\"Sosial\",\"T\u00f6vsiy\u0259\",\"X\u0259b\u0259rl\u0259r\"],\"inLanguage\":\"az\"},{\"@type\":\"WebPage\",\"@id\":\"https:\\\/\\\/www.meydan.tv\\\/az\\\/article\\\/gedebey-sakini-qardasimin-boyreklerinin-ustune-o-qeder-vurublar-asagi-eyile-bilmir\\\/\",\"url\":\"https:\\\/\\\/www.meydan.tv\\\/az\\\/article\\\/gedebey-sakini-qardasimin-boyreklerinin-ustune-o-qeder-vurublar-asagi-eyile-bilmir\\\/\",\"name\":\"G\u0259d\u0259b\u0259y sakini: \u201cQarda\u015f\u0131m\u0131n b\u00f6yr\u0259kl\u0259rinin \u00fcst\u00fcn\u0259 o q\u0259d\u0259r vurublar, a\u015fa\u011f\u0131 \u0259yil\u0259 bilmir\u201d - MEYDAN.TV\",\"isPartOf\":{\"@id\":\"https:\\\/\\\/www.meydan.tv\\\/az\\\/#website\"},\"primaryImageOfPage\":{\"@id\":\"https:\\\/\\\/www.meydan.tv\\\/az\\\/article\\\/gedebey-sakini-qardasimin-boyreklerinin-ustune-o-qeder-vurublar-asagi-eyile-bilmir\\\/#primaryimage\"},\"image\":{\"@id\":\"https:\\\/\\\/www.meydan.tv\\\/az\\\/article\\\/gedebey-sakini-qardasimin-boyreklerinin-ustune-o-qeder-vurublar-asagi-eyile-bilmir\\\/#primaryimage\"},\"thumbnailUrl\":\"https:\\\/\\\/www.meydan.tv\\\/wp-content\\\/uploads\\\/zaur-qembero-e1703938528505.jpg\",\"datePublished\":\"2024-02-27T12:48:13+00:00\",\"dateModified\":\"2024-02-27T12:48:17+00:00\",\"breadcrumb\":{\"@id\":\"https:\\\/\\\/www.meydan.tv\\\/az\\\/article\\\/gedebey-sakini-qardasimin-boyreklerinin-ustune-o-qeder-vurublar-asagi-eyile-bilmir\\\/#breadcrumb\"},\"inLanguage\":\"az\",\"potentialAction\":[{\"@type\":\"ReadAction\",\"target\":[\"https:\\\/\\\/www.meydan.tv\\\/az\\\/article\\\/gedebey-sakini-qardasimin-boyreklerinin-ustune-o-qeder-vurublar-asagi-eyile-bilmir\\\/\"]}]},{\"@type\":\"ImageObject\",\"inLanguage\":\"az\",\"@id\":\"https:\\\/\\\/www.meydan.tv\\\/az\\\/article\\\/gedebey-sakini-qardasimin-boyreklerinin-ustune-o-qeder-vurublar-asagi-eyile-bilmir\\\/#primaryimage\",\"url\":\"https:\\\/\\\/www.meydan.tv\\\/wp-content\\\/uploads\\\/zaur-qembero-e1703938528505.jpg\",\"contentUrl\":\"https:\\\/\\\/www.meydan.tv\\\/wp-content\\\/uploads\\\/zaur-qembero-e1703938528505.jpg\",\"width\":1500,\"height\":607,\"caption\":\"Foto: Zaur Q\u0259mb\u0259rovun \u015f\u0259xsi arxivind\u0259n\"},{\"@type\":\"BreadcrumbList\",\"@id\":\"https:\\\/\\\/www.meydan.tv\\\/az\\\/article\\\/gedebey-sakini-qardasimin-boyreklerinin-ustune-o-qeder-vurublar-asagi-eyile-bilmir\\\/#breadcrumb\",\"itemListElement\":[{\"@type\":\"ListItem\",\"position\":1,\"name\":\"Ana s\u0259hif\u0259\",\"item\":\"https:\\\/\\\/www.meydan.tv\\\/az\\\/\"},{\"@type\":\"ListItem\",\"position\":2,\"name\":\"B\u00f6lg\u0259\",\"item\":\"https:\\\/\\\/www.meydan.tv\\\/az\\\/section\\\/bolge\\\/\"},{\"@type\":\"ListItem\",\"position\":3,\"name\":\"G\u0259d\u0259b\u0259y sakini: \u201cQarda\u015f\u0131m\u0131n b\u00f6yr\u0259kl\u0259rinin \u00fcst\u00fcn\u0259 o q\u0259d\u0259r vurublar, a\u015fa\u011f\u0131 \u0259yil\u0259 bilmir\u201d\"}]},{\"@type\":\"WebSite\",\"@id\":\"https:\\\/\\\/www.meydan.tv\\\/az\\\/#website\",\"url\":\"https:\\\/\\\/www.meydan.tv\\\/az\\\/\",\"name\":\"MEYDAN.TV\",\"description\":\"Meydan TV Az\u0259rbaycan\u0131n media m\u0259kan\u0131ndak\u0131 alternativ s\u0259sidir\",\"publisher\":{\"@id\":\"https:\\\/\\\/www.meydan.tv\\\/az\\\/#organization\"},\"potentialAction\":[{\"@type\":\"SearchAction\",\"target\":{\"@type\":\"EntryPoint\",\"urlTemplate\":\"https:\\\/\\\/www.meydan.tv\\\/az\\\/?s={search_term_string}\"},\"query-input\":{\"@type\":\"PropertyValueSpecification\",\"valueRequired\":true,\"valueName\":\"search_term_string\"}}],\"inLanguage\":\"az\"},{\"@type\":\"Organization\",\"@id\":\"https:\\\/\\\/www.meydan.tv\\\/az\\\/#organization\",\"name\":\"Meydan TV\",\"url\":\"https:\\\/\\\/www.meydan.tv\\\/az\\\/\",\"logo\":{\"@type\":\"ImageObject\",\"inLanguage\":\"az\",\"@id\":\"https:\\\/\\\/www.meydan.tv\\\/az\\\/#\\\/schema\\\/logo\\\/image\\\/\",\"url\":\"https:\\\/\\\/www.meydan.tv\\\/wp-content\\\/uploads\\\/2021\\\/07\\\/meydan-logo.svg\",\"contentUrl\":\"https:\\\/\\\/www.meydan.tv\\\/wp-content\\\/uploads\\\/2021\\\/07\\\/meydan-logo.svg\",\"width\":195,\"height\":46,\"caption\":\"Meydan TV\"},\"image\":{\"@id\":\"https:\\\/\\\/www.meydan.tv\\\/az\\\/#\\\/schema\\\/logo\\\/image\\\/\"}},{\"@type\":\"Person\",\"@id\":\"https:\\\/\\\/www.meydan.tv\\\/az\\\/#\\\/schema\\\/person\\\/09863e516102a829e72bedcf3f84c6b0\",\"name\":\"mahmud\"}]}<\/script>\n<!-- \/ Yoast SEO plugin. -->","yoast_head_json":{"title":"G\u0259d\u0259b\u0259y sakini: \u201cQarda\u015f\u0131m\u0131n b\u00f6yr\u0259kl\u0259rinin \u00fcst\u00fcn\u0259 o q\u0259d\u0259r vurublar, a\u015fa\u011f\u0131 \u0259yil\u0259 bilmir\u201d - MEYDAN.TV","robots":{"index":"index","follow":"follow","max-snippet":"max-snippet:-1","max-image-preview":"max-image-preview:large","max-video-preview":"max-video-preview:-1"},"canonical":"https:\/\/www.meydan.tv\/az\/article\/gedebey-sakini-qardasimin-boyreklerinin-ustune-o-qeder-vurublar-asagi-eyile-bilmir\/","og_locale":"az_AZ","og_type":"article","og_title":"G\u0259d\u0259b\u0259y sakini: \u201cQarda\u015f\u0131m\u0131n b\u00f6yr\u0259kl\u0259rinin \u00fcst\u00fcn\u0259 o q\u0259d\u0259r vurublar, a\u015fa\u011f\u0131 \u0259yil\u0259 bilmir\u201d - MEYDAN.TV","og_description":"Elm\u0259ddin Q\u0259mb\u0259rov: \u201cSonra \u0259ll\u0259ri v\u0259 ayaqlar\u0131 qandallanm\u0131\u015f v\u0259ziyy\u0259td\u0259 apar\u0131b buz ... Davam\u0131","og_url":"https:\/\/www.meydan.tv\/az\/article\/gedebey-sakini-qardasimin-boyreklerinin-ustune-o-qeder-vurublar-asagi-eyile-bilmir\/","og_site_name":"MEYDAN.TV","article_published_time":"2024-02-27T12:48:13+00:00","article_modified_time":"2024-02-27T12:48:17+00:00","og_image":[{"width":1500,"height":607,"url":"https:\/\/www.meydan.tv\/wp-content\/uploads\/zaur-qembero-e1703938528505.jpg","type":"image\/jpeg"}],"author":"mahmud","twitter_card":"summary_large_image","schema":{"@context":"https:\/\/schema.org","@graph":[{"@type":"Article","@id":"https:\/\/www.meydan.tv\/az\/article\/gedebey-sakini-qardasimin-boyreklerinin-ustune-o-qeder-vurublar-asagi-eyile-bilmir\/#article","isPartOf":{"@id":"https:\/\/www.meydan.tv\/az\/article\/gedebey-sakini-qardasimin-boyreklerinin-ustune-o-qeder-vurublar-asagi-eyile-bilmir\/"},"author":{"name":"mahmud","@id":"https:\/\/www.meydan.tv\/az\/#\/schema\/person\/09863e516102a829e72bedcf3f84c6b0"},"headline":"G\u0259d\u0259b\u0259y sakini: \u201cQarda\u015f\u0131m\u0131n b\u00f6yr\u0259kl\u0259rinin \u00fcst\u00fcn\u0259 o q\u0259d\u0259r vurublar, a\u015fa\u011f\u0131 \u0259yil\u0259 bilmir\u201d","datePublished":"2024-02-27T12:48:13+00:00","dateModified":"2024-02-27T12:48:17+00:00","mainEntityOfPage":{"@id":"https:\/\/www.meydan.tv\/az\/article\/gedebey-sakini-qardasimin-boyreklerinin-ustune-o-qeder-vurublar-asagi-eyile-bilmir\/"},"wordCount":1061,"publisher":{"@id":"https:\/\/www.meydan.tv\/az\/#organization"},"image":{"@id":"https:\/\/www.meydan.tv\/az\/article\/gedebey-sakini-qardasimin-boyreklerinin-ustune-o-qeder-vurublar-asagi-eyile-bilmir\/#primaryimage"},"thumbnailUrl":"https:\/\/www.meydan.tv\/wp-content\/uploads\/zaur-qembero-e1703938528505.jpg","articleSection":["B\u00f6lg\u0259","Sosial","T\u00f6vsiy\u0259","X\u0259b\u0259rl\u0259r"],"inLanguage":"az"},{"@type":"WebPage","@id":"https:\/\/www.meydan.tv\/az\/article\/gedebey-sakini-qardasimin-boyreklerinin-ustune-o-qeder-vurublar-asagi-eyile-bilmir\/","url":"https:\/\/www.meydan.tv\/az\/article\/gedebey-sakini-qardasimin-boyreklerinin-ustune-o-qeder-vurublar-asagi-eyile-bilmir\/","name":"G\u0259d\u0259b\u0259y sakini: \u201cQarda\u015f\u0131m\u0131n b\u00f6yr\u0259kl\u0259rinin \u00fcst\u00fcn\u0259 o q\u0259d\u0259r vurublar, a\u015fa\u011f\u0131 \u0259yil\u0259 bilmir\u201d - MEYDAN.TV","isPartOf":{"@id":"https:\/\/www.meydan.tv\/az\/#website"},"primaryImageOfPage":{"@id":"https:\/\/www.meydan.tv\/az\/article\/gedebey-sakini-qardasimin-boyreklerinin-ustune-o-qeder-vurublar-asagi-eyile-bilmir\/#primaryimage"},"image":{"@id":"https:\/\/www.meydan.tv\/az\/article\/gedebey-sakini-qardasimin-boyreklerinin-ustune-o-qeder-vurublar-asagi-eyile-bilmir\/#primaryimage"},"thumbnailUrl":"https:\/\/www.meydan.tv\/wp-content\/uploads\/zaur-qembero-e1703938528505.jpg","datePublished":"2024-02-27T12:48:13+00:00","dateModified":"2024-02-27T12:48:17+00:00","breadcrumb":{"@id":"https:\/\/www.meydan.tv\/az\/article\/gedebey-sakini-qardasimin-boyreklerinin-ustune-o-qeder-vurublar-asagi-eyile-bilmir\/#breadcrumb"},"inLanguage":"az","potentialAction":[{"@type":"ReadAction","target":["https:\/\/www.meydan.tv\/az\/article\/gedebey-sakini-qardasimin-boyreklerinin-ustune-o-qeder-vurublar-asagi-eyile-bilmir\/"]}]},{"@type":"ImageObject","inLanguage":"az","@id":"https:\/\/www.meydan.tv\/az\/article\/gedebey-sakini-qardasimin-boyreklerinin-ustune-o-qeder-vurublar-asagi-eyile-bilmir\/#primaryimage","url":"https:\/\/www.meydan.tv\/wp-content\/uploads\/zaur-qembero-e1703938528505.jpg","contentUrl":"https:\/\/www.meydan.tv\/wp-content\/uploads\/zaur-qembero-e1703938528505.jpg","width":1500,"height":607,"caption":"Foto: Zaur Q\u0259mb\u0259rovun \u015f\u0259xsi arxivind\u0259n"},{"@type":"BreadcrumbList","@id":"https:\/\/www.meydan.tv\/az\/article\/gedebey-sakini-qardasimin-boyreklerinin-ustune-o-qeder-vurublar-asagi-eyile-bilmir\/#breadcrumb","itemListElement":[{"@type":"ListItem","position":1,"name":"Ana s\u0259hif\u0259","item":"https:\/\/www.meydan.tv\/az\/"},{"@type":"ListItem","position":2,"name":"B\u00f6lg\u0259","item":"https:\/\/www.meydan.tv\/az\/section\/bolge\/"},{"@type":"ListItem","position":3,"name":"G\u0259d\u0259b\u0259y sakini: \u201cQarda\u015f\u0131m\u0131n b\u00f6yr\u0259kl\u0259rinin \u00fcst\u00fcn\u0259 o q\u0259d\u0259r vurublar, a\u015fa\u011f\u0131 \u0259yil\u0259 bilmir\u201d"}]},{"@type":"WebSite","@id":"https:\/\/www.meydan.tv\/az\/#website","url":"https:\/\/www.meydan.tv\/az\/","name":"MEYDAN.TV","description":"Meydan TV Az\u0259rbaycan\u0131n media m\u0259kan\u0131ndak\u0131 alternativ s\u0259sidir","publisher":{"@id":"https:\/\/www.meydan.tv\/az\/#organization"},"potentialAction":[{"@type":"SearchAction","target":{"@type":"EntryPoint","urlTemplate":"https:\/\/www.meydan.tv\/az\/?s={search_term_string}"},"query-input":{"@type":"PropertyValueSpecification","valueRequired":true,"valueName":"search_term_string"}}],"inLanguage":"az"},{"@type":"Organization","@id":"https:\/\/www.meydan.tv\/az\/#organization","name":"Meydan TV","url":"https:\/\/www.meydan.tv\/az\/","logo":{"@type":"ImageObject","inLanguage":"az","@id":"https:\/\/www.meydan.tv\/az\/#\/schema\/logo\/image\/","url":"https:\/\/www.meydan.tv\/wp-content\/uploads\/2021\/07\/meydan-logo.svg","contentUrl":"https:\/\/www.meydan.tv\/wp-content\/uploads\/2021\/07\/meydan-logo.svg","width":195,"height":46,"caption":"Meydan TV"},"image":{"@id":"https:\/\/www.meydan.tv\/az\/#\/schema\/logo\/image\/"}},{"@type":"Person","@id":"https:\/\/www.meydan.tv\/az\/#\/schema\/person\/09863e516102a829e72bedcf3f84c6b0","name":"mahmud"}]}},"_links":{"self":[{"href":"https:\/\/www.meydan.tv\/az\/wp-json\/wp\/v2\/posts\/300093","targetHints":{"allow":["GET"]}}],"collection":[{"href":"https:\/\/www.meydan.tv\/az\/wp-json\/wp\/v2\/posts"}],"about":[{"href":"https:\/\/www.meydan.tv\/az\/wp-json\/wp\/v2\/types\/post"}],"author":[{"embeddable":true,"href":"https:\/\/www.meydan.tv\/az\/wp-json\/wp\/v2\/users\/21"}],"replies":[{"embeddable":true,"href":"https:\/\/www.meydan.tv\/az\/wp-json\/wp\/v2\/comments?post=300093"}],"version-history":[{"count":1,"href":"https:\/\/www.meydan.tv\/az\/wp-json\/wp\/v2\/posts\/300093\/revisions"}],"predecessor-version":[{"id":300094,"href":"https:\/\/www.meydan.tv\/az\/wp-json\/wp\/v2\/posts\/300093\/revisions\/300094"}],"wp:featuredmedia":[{"embeddable":true,"href":"https:\/\/www.meydan.tv\/az\/wp-json\/wp\/v2\/media\/294523"}],"wp:attachment":[{"href":"https:\/\/www.meydan.tv\/az\/wp-json\/wp\/v2\/media?parent=300093"}],"wp:term":[{"taxonomy":"category","embeddable":true,"href":"https:\/\/www.meydan.tv\/az\/wp-json\/wp\/v2\/categories?post=300093"},{"taxonomy":"post_tag","embeddable":true,"href":"https:\/\/www.meydan.tv\/az\/wp-json\/wp\/v2\/tags?post=300093"}],"curies":[{"name":"wp","href":"https:\/\/api.w.org\/{rel}","templated":true}]}}