{"id":300082,"date":"2024-02-27T15:41:32","date_gmt":"2024-02-27T11:41:32","guid":{"rendered":"https:\/\/www.meydan.tv\/?p=300082"},"modified":"2024-02-27T16:26:49","modified_gmt":"2024-02-27T12:26:49","slug":"iranda-hebsde-olan-telebenin-anasi-ilham-eliyeve-muraciet-etdi-veziyyeti-yaxsi-deyil","status":"publish","type":"post","link":"https:\/\/www.meydan.tv\/az\/article\/iranda-hebsde-olan-telebenin-anasi-ilham-eliyeve-muraciet-etdi-veziyyeti-yaxsi-deyil\/","title":{"rendered":"\u0130randa h\u0259bsd\u0259 olan t\u0259l\u0259b\u0259nin anas\u0131 \u0130lham \u018fliyev\u0259 m\u00fcraci\u0259t etdi: &#8220;V\u0259ziyy\u0259ti yax\u015f\u0131 deyil&#8221;"},"content":{"rendered":"\n<p><\/p>\n\n\n\n<p><strong><em>Dilara \u018fsg\u0259rova o\u011flunun Az\u0259rbaycana g\u0259tirilm\u0259sini ist\u0259yir<\/em><\/strong><\/p>\n\n\n\n<p>\u0130randa h\u0259bsd\u0259 olan Az\u0259rbaycan v\u0259t\u0259nda\u015f\u0131, t\u0259l\u0259b\u0259 F\u0259rid S\u0259f\u0259rlinin anas\u0131 Prezident \u0130lham \u018fliyev\u0259 v\u0259 Birinci Vitse-prezident Mehriban \u018fliyevaya m\u00fcraci\u0259t edib.<\/p>\n\n\n\n<p>Bu bar\u0259d\u0259 Dilar\u0259 \u018fsg\u0259rova &#8220;Facebook&#8221; hesab\u0131nda <a href=\"https:\/\/www.facebook.com\/permalink.php?story_fbid=pfbid0SDCZi8VDyHA98gndCx2UvDjqcs3Z7saEMKwMAX9RZjNegLYtqHa1gMT2qBySh6UJl&amp;id=61550997764143\">m\u0259lumat <\/a>yay\u0131b.<\/p>\n\n\n\n<p>O bildirib ki, o\u011flunun sa\u011fl\u0131q durumu pisdir v\u0259 stressd\u0259n di\u015fl\u0259ri t\u00f6k\u00fcl\u00fcb:<\/p>\n\n\n\n<p><em>&#8220;O\u011flum F\u0259rid S\u0259f\u0259rli art\u0131q bir ildir ki, \u0130ran h\u0259bsxanas\u0131nda he\u00e7 bir g\u00fcnah\u0131 olmadan, yaln\u0131z Az\u0259rbaycan v\u0259t\u0259nda\u015f\u0131 oldu\u011funa g\u00f6r\u0259 c\u0259za \u00e7\u0259kir. Onun haz\u0131rda ciddi sa\u011fl\u0131q probleml\u0259ri var. Art\u0131q 5-6 ayd\u0131r ki, g\u00fcnd\u0259 bir ne\u00e7\u0259 d\u0259f\u0259 di\u015f q\u0131canmasi il\u0259 ged\u0259n nevroloji tutmalar\u0131 yaran\u0131b. Bu s\u0259b\u0259bd\u0259n di\u015fl\u0259ri d\u0259 t\u00f6k\u00fclm\u0259y\u0259 ba\u015flay\u0131b. M\u0259n onun \u00fcz\u00fcn\u00fc ax\u0131r\u0131nc\u0131 d\u0259f\u0259 1 il \u0259vv\u0259l g\u00f6rm\u00fc\u015fd\u00fcm: xo\u015fb\u0259xt, h\u0259yat dolu bir g\u0259nc idi. \u0130ndi o, \u0130ran h\u0259bsxanas\u0131nda he\u00e7 bir ziyar\u0259t\u00e7isi olmayan, ruh d\u00fc\u015fk\u00fcnl\u00fcy\u00fc ya\u015fayan bir insana \u00e7evrilib. D\u0259f\u0259l\u0259rl\u0259 xahi\u015f ets\u0259 d\u0259, bizi bir d\u0259f\u0259 d\u0259 olsun g\u00f6r\u00fcnt\u00fcl\u00fc dan\u0131\u015fd\u0131rm\u0131rlar. O\u011flumun g\u0259l\u0259c\u0259k taleyind\u0259n d\u0259 \u00e7ox nigaranam. Onun \u0130ran h\u0259bsxanalar\u0131nda nec\u0259 a\u011f\u0131r bir d\u00f6n\u0259m ya\u015fad\u0131\u011f\u0131n\u0131 t\u0259s\u0259vv\u00fcr edir\u0259m. \u00d6z\u00fcm h\u0259kim oldu\u011fum \u00fc\u00e7\u00fcn bilir\u0259m ki, bu hal g\u0259l\u0259c\u0259kd\u0259 onun s\u0259hh\u0259tind\u0259 hans\u0131 ciddi probleml\u0259r v\u0259 a\u011fr\u0131lar buraxa bil\u0259r. Eyni zamanda, onun bu travmalardan reablitasiyas\u0131 uzun ill\u0259r \u00e7\u0259k\u0259c\u0259k&#8221;<\/em>.<\/p>\n\n\n\n<p><em>&#8220;Qar\u015f\u0131dan tariximizin \u0259n \u00f6n\u0259mli bayram\u0131 say\u0131lan Novruz bayram\u0131 g\u0259lir. Bu bayram h\u0259r bir az\u0259rbaycanl\u0131 ail\u0259y\u0259 sevinc v\u0259 h\u00fczur g\u0259tirir. D\u00fc\u015f\u00fcn\u00fcr\u0259m ki, bir az\u0259rbaycanl\u0131 olaraq bizim d\u0259 sevinm\u0259k haqq\u0131m\u0131z var. M\u0259n ke\u00e7\u0259n Novruz bayram\u0131n\u0131 \u0130ran\u0131n Tehran, Qum \u015f\u0259h\u0259rl\u0259rind\u0259 o\u011flumu axtararaq g\u00f6z\u00fcya\u015fl\u0131 ke\u00e7irtdim. G\u00f6r\u00fcn\u0259n odur ki, bu bayram\u0131 da F\u0259ridsiz, \u0259zabla ke\u00e7ir\u0259c\u0259y\u0259m. Amma bir ana olaraq bunu t\u0259s\u0259vv\u00fcr etm\u0259k ist\u0259mir\u0259m&#8221;<\/em>, &#8211; dey\u0259 Dilara \u018fsg\u0259rova m\u00fcraci\u0259tind\u0259 qeyd edib.<\/p>\n\n\n\n<p>\u018fsg\u0259rova \u00f6lk\u0259 ba\u015f\u00e7\u0131s\u0131ndan xahi\u015f edir ki, o\u011flunun \u00f6lk\u0259y\u0259 g\u0259tirilm\u0259sin\u0259 yard\u0131m etsin:<\/p>\n\n\n\n<p><em>&#8220;F\u0259rid Sizin o\u011flunuz Heyd\u0259rl\u0259 ya\u015f\u0131dd\u0131r, ADA Universitetind\u0259 t\u0259l\u0259b\u0259 yolda\u015f\u0131 olublar. Buna g\u00f6r\u0259 d\u0259 Siz o\u011flunuz Heyd\u0259rin timsal\u0131nda F\u0259ridin g\u0259l\u0259c\u0259kl\u0259 ba\u011fl\u0131 n\u0259 q\u0259d\u0259r arzular\u0131n\u0131n oldu\u011funu ayd\u0131n t\u0259s\u0259vv\u00fcr ed\u0259 bil\u0259rsiniz. O, Almaniyada data analizi sah\u0259sind\u0259 ixtisasla\u015f\u0131b v\u0259 Az\u0259rbaycana bu sah\u0259d\u0259 xidm\u0259t etm\u0259yi arzulay\u0131rd\u0131. Siz indiy\u0259 q\u0259d\u0259r h\u0259r zaman xaricd\u0259 haqs\u0131zl\u0131\u011fa u\u011frayan v\u0259t\u0259nda\u015flar\u0131m\u0131za sahib \u00e7\u0131xm\u0131s\u0131n\u0131z. Bir ana olaraq, Sizd\u0259n xahi\u015f edir\u0259m ki, F\u0259ridin d\u0259 Az\u0259rbaycana g\u0259tirilm\u0259sin\u0259 k\u00f6m\u0259klik ed\u0259siniz. \u0130nan\u0131ram ki, Siz m\u0259nim m\u00fcraci\u0259tim\u0259 bigan\u0259 qalmayacaqs\u0131n\u0131z!&#8221;<\/em>, &#8211; dey\u0259 o bildirib.<\/p>\n\n\n\n<p><strong><em>F\u0259rid S\u0259f\u0259rli n\u0259 zaman h\u0259bs olunub?<\/em><\/strong><\/p>\n\n\n\n<p>Az\u0259rbaycan v\u0259t\u0259nda\u015f\u0131, Almaniyan\u0131n Yena Universitetinin t\u0259l\u0259b\u0259si F\u0259rid S\u0259f\u0259rli 2023-c\u00fc il fevral\u0131n 20-d\u0259 \u0130rana s\u0259f\u0259r\u0259 gedib, mart\u0131n 4-d\u0259n ondan x\u0259b\u0259r almaq m\u00fcmk\u00fcn olmay\u0131b.<\/p>\n\n\n\n<p>O, \u0130rana s\u0259f\u0259rind\u0259n bir m\u00fcdd\u0259t \u0259vv\u0259l Almaniyan\u0131n Yena \u015f\u0259h\u0259rin\u0259 praktika \u00fc\u00e7\u00fcn g\u0259lmi\u015f \u0130ran v\u0259t\u0259nda\u015f\u0131 olan bir qad\u0131nla tan\u0131\u015f olub.<\/p>\n\n\n\n<p>Bildirilir ki, q\u0131z praktikas\u0131 ba\u015fa \u00e7atd\u0131qdan sonra \u0130rana qay\u0131d\u0131b. Buna baxmayaraq, onlar aras\u0131nda telefon \u0259laq\u0259si k\u0259silm\u0259yib.<\/p>\n\n\n\n<p>Sonda q\u0259rarla\u015f\u0131blar ki, \u0130stanbulda g\u00f6r\u00fc\u015fs\u00fcnl\u0259r. F\u0259rid \u0130stanbula gedib v\u0259 bu zaman onun tan\u0131\u015f oldu\u011fu qad\u0131n\u0131n vizas\u0131 d\u00fcz\u0259lm\u0259yib.<\/p>\n\n\n\n<p>Bundan sonra F\u0259rid \u0130stanbuldan \u0130rana s\u0259f\u0259r etm\u0259li olub.<\/p>\n\n\n\n<p>Ail\u0259si uzun zaman F\u0259rid S\u0259f\u0259rlinin taleyind\u0259n m\u0259lumat ala bilm\u0259yib.<\/p>\n\n\n\n<p>\u0130yunun 1-d\u0259 \u0130randa casusluq ittiham\u0131 il\u0259 h\u0259bs edildiyi m\u0259lum olub.<\/p>\n\n\n\n<p>Sonradan ona qar\u015f\u0131 ir\u0259li s\u00fcr\u00fclm\u00fc\u015f &#8220;casusluq\u201d ittiham\u0131 &#8220;casusluq etm\u0259k niyy\u0259ti\u201d ittiham\u0131 il\u0259 \u0259v\u0259z olunub.<\/p>\n\n\n\n<p>M\u0259hk\u0259m\u0259 F\u0259rid S\u0259f\u0259rli bar\u0259sind\u0259 2 il h\u0259bs h\u00f6km\u00fc \u00e7\u0131xar\u0131b.<\/p>\n\n\n\n<p>F\u0259rid S\u0259f\u0259rli m\u0259hk\u0259m\u0259d\u0259 ittiham\u0131 v\u0259 h\u00f6km\u00fc q\u0259bul etm\u0259diyni bildirib.<\/p>\n\n\n\n<p>Tehran\u0131n Apelyasiya M\u0259hk\u0259m\u0259si F\u0259rid S\u0259f\u0259rli il\u0259 ba\u011fl\u0131 h\u00f6kmd\u0259n veril\u0259n apelyasiya \u015fikay\u0259tini t\u0259min etm\u0259yib.<\/p>\n\n\n\n<p>Az\u0259rbaycan Ba\u015f Prokuroru Kamran \u018fliyev \u00f6t\u0259n il sentyabr\u0131n 14-d\u0259 Bak\u0131da s\u0259f\u0259rd\u0259 olan \u0130ran\u0131n Ba\u015f prokuroru Mohammad Kazem Movahedi-Azadi il\u0259 g\u00f6r\u00fc\u015f\u00fcnd\u0259 F\u0259rid S\u0259f\u0259rli il\u0259 ba\u011fl\u0131 cinay\u0259t i\u015fi \u0259traf\u0131nda m\u00fczakir\u0259 apar\u0131b.<\/p>\n","protected":false},"excerpt":{"rendered":"<p>Dilara \u018fsg\u0259rova o\u011flunun Az\u0259rbaycana g\u0259tirilm\u0259sini ist\u0259yir \u0130randa h\u0259bsd\u0259 olan Az\u0259rbaycan &#8230; <\/p>\n<p class=\"read-more-container\"><a title=\"\u0130randa h\u0259bsd\u0259 olan t\u0259l\u0259b\u0259nin anas\u0131 \u0130lham \u018fliyev\u0259 m\u00fcraci\u0259t etdi: &#8220;V\u0259ziyy\u0259ti yax\u015f\u0131 deyil&#8221;\" class=\"read-more button\" href=\"https:\/\/www.meydan.tv\/az\/article\/iranda-hebsde-olan-telebenin-anasi-ilham-eliyeve-muraciet-etdi-veziyyeti-yaxsi-deyil\/#more-300082\" aria-label=\"Read more about \u0130randa h\u0259bsd\u0259 olan t\u0259l\u0259b\u0259nin anas\u0131 \u0130lham \u018fliyev\u0259 m\u00fcraci\u0259t etdi: &#8220;V\u0259ziyy\u0259ti yax\u015f\u0131 deyil&#8221;\">Davam\u0131<\/a><\/p>\n","protected":false},"author":21,"featured_media":276722,"comment_status":"closed","ping_status":"closed","sticky":false,"template":"","format":"standard","meta":{"_acf_changed":false,"_sitemap_exclude":false,"_sitemap_priority":"","_sitemap_frequency":"","footnotes":""},"categories":[62,79,56],"tags":[],"class_list":["post-300082","post","type-post","status-publish","format-standard","has-post-thumbnail","hentry","category-sosial","category-featured","category-xeberler","infinite-scroll-item","generate-columns","tablet-grid-50","mobile-grid-100","grid-parent","grid-33","no-featured-image-padding"],"acf":[],"yoast_head":"<!-- This site is optimized with the Yoast SEO plugin v27.5 - https:\/\/yoast.com\/product\/yoast-seo-wordpress\/ -->\n<title>\u0130randa h\u0259bsd\u0259 olan t\u0259l\u0259b\u0259nin anas\u0131 \u0130lham \u018fliyev\u0259 m\u00fcraci\u0259t etdi: &quot;V\u0259ziyy\u0259ti yax\u015f\u0131 deyil&quot; - MEYDAN.TV<\/title>\n<meta name=\"robots\" content=\"index, follow, max-snippet:-1, max-image-preview:large, max-video-preview:-1\" \/>\n<link rel=\"canonical\" href=\"https:\/\/www.meydan.tv\/az\/article\/iranda-hebsde-olan-telebenin-anasi-ilham-eliyeve-muraciet-etdi-veziyyeti-yaxsi-deyil\/\" \/>\n<meta property=\"og:locale\" content=\"az_AZ\" \/>\n<meta property=\"og:type\" content=\"article\" \/>\n<meta property=\"og:title\" content=\"\u0130randa h\u0259bsd\u0259 olan t\u0259l\u0259b\u0259nin anas\u0131 \u0130lham \u018fliyev\u0259 m\u00fcraci\u0259t etdi: &quot;V\u0259ziyy\u0259ti yax\u015f\u0131 deyil&quot; - MEYDAN.TV\" \/>\n<meta property=\"og:description\" content=\"Dilara \u018fsg\u0259rova o\u011flunun Az\u0259rbaycana g\u0259tirilm\u0259sini ist\u0259yir \u0130randa h\u0259bsd\u0259 olan Az\u0259rbaycan ... Davam\u0131\" \/>\n<meta property=\"og:url\" content=\"https:\/\/www.meydan.tv\/az\/article\/iranda-hebsde-olan-telebenin-anasi-ilham-eliyeve-muraciet-etdi-veziyyeti-yaxsi-deyil\/\" \/>\n<meta property=\"og:site_name\" content=\"MEYDAN.TV\" \/>\n<meta property=\"article:published_time\" content=\"2024-02-27T11:41:32+00:00\" \/>\n<meta property=\"article:modified_time\" content=\"2024-02-27T12:26:49+00:00\" \/>\n<meta property=\"og:image\" content=\"https:\/\/www.meydan.tv\/wp-content\/uploads\/45_720.png\" \/>\n\t<meta property=\"og:image:width\" content=\"1200\" \/>\n\t<meta property=\"og:image:height\" content=\"721\" \/>\n\t<meta property=\"og:image:type\" content=\"image\/png\" \/>\n<meta name=\"author\" content=\"mahmud\" \/>\n<meta name=\"twitter:card\" content=\"summary_large_image\" \/>\n<script type=\"application\/ld+json\" class=\"yoast-schema-graph\">{\"@context\":\"https:\\\/\\\/schema.org\",\"@graph\":[{\"@type\":\"Article\",\"@id\":\"https:\\\/\\\/www.meydan.tv\\\/az\\\/article\\\/iranda-hebsde-olan-telebenin-anasi-ilham-eliyeve-muraciet-etdi-veziyyeti-yaxsi-deyil\\\/#article\",\"isPartOf\":{\"@id\":\"https:\\\/\\\/www.meydan.tv\\\/az\\\/article\\\/iranda-hebsde-olan-telebenin-anasi-ilham-eliyeve-muraciet-etdi-veziyyeti-yaxsi-deyil\\\/\"},\"author\":{\"name\":\"mahmud\",\"@id\":\"https:\\\/\\\/www.meydan.tv\\\/az\\\/#\\\/schema\\\/person\\\/09863e516102a829e72bedcf3f84c6b0\"},\"headline\":\"\u0130randa h\u0259bsd\u0259 olan t\u0259l\u0259b\u0259nin anas\u0131 \u0130lham \u018fliyev\u0259 m\u00fcraci\u0259t etdi: &#8220;V\u0259ziyy\u0259ti yax\u015f\u0131 deyil&#8221;\",\"datePublished\":\"2024-02-27T11:41:32+00:00\",\"dateModified\":\"2024-02-27T12:26:49+00:00\",\"mainEntityOfPage\":{\"@id\":\"https:\\\/\\\/www.meydan.tv\\\/az\\\/article\\\/iranda-hebsde-olan-telebenin-anasi-ilham-eliyeve-muraciet-etdi-veziyyeti-yaxsi-deyil\\\/\"},\"wordCount\":896,\"publisher\":{\"@id\":\"https:\\\/\\\/www.meydan.tv\\\/az\\\/#organization\"},\"image\":{\"@id\":\"https:\\\/\\\/www.meydan.tv\\\/az\\\/article\\\/iranda-hebsde-olan-telebenin-anasi-ilham-eliyeve-muraciet-etdi-veziyyeti-yaxsi-deyil\\\/#primaryimage\"},\"thumbnailUrl\":\"https:\\\/\\\/www.meydan.tv\\\/wp-content\\\/uploads\\\/45_720.png\",\"articleSection\":[\"Sosial\",\"T\u00f6vsiy\u0259\",\"X\u0259b\u0259rl\u0259r\"],\"inLanguage\":\"az\"},{\"@type\":\"WebPage\",\"@id\":\"https:\\\/\\\/www.meydan.tv\\\/az\\\/article\\\/iranda-hebsde-olan-telebenin-anasi-ilham-eliyeve-muraciet-etdi-veziyyeti-yaxsi-deyil\\\/\",\"url\":\"https:\\\/\\\/www.meydan.tv\\\/az\\\/article\\\/iranda-hebsde-olan-telebenin-anasi-ilham-eliyeve-muraciet-etdi-veziyyeti-yaxsi-deyil\\\/\",\"name\":\"\u0130randa h\u0259bsd\u0259 olan t\u0259l\u0259b\u0259nin anas\u0131 \u0130lham \u018fliyev\u0259 m\u00fcraci\u0259t etdi: \\\"V\u0259ziyy\u0259ti yax\u015f\u0131 deyil\\\" - MEYDAN.TV\",\"isPartOf\":{\"@id\":\"https:\\\/\\\/www.meydan.tv\\\/az\\\/#website\"},\"primaryImageOfPage\":{\"@id\":\"https:\\\/\\\/www.meydan.tv\\\/az\\\/article\\\/iranda-hebsde-olan-telebenin-anasi-ilham-eliyeve-muraciet-etdi-veziyyeti-yaxsi-deyil\\\/#primaryimage\"},\"image\":{\"@id\":\"https:\\\/\\\/www.meydan.tv\\\/az\\\/article\\\/iranda-hebsde-olan-telebenin-anasi-ilham-eliyeve-muraciet-etdi-veziyyeti-yaxsi-deyil\\\/#primaryimage\"},\"thumbnailUrl\":\"https:\\\/\\\/www.meydan.tv\\\/wp-content\\\/uploads\\\/45_720.png\",\"datePublished\":\"2024-02-27T11:41:32+00:00\",\"dateModified\":\"2024-02-27T12:26:49+00:00\",\"breadcrumb\":{\"@id\":\"https:\\\/\\\/www.meydan.tv\\\/az\\\/article\\\/iranda-hebsde-olan-telebenin-anasi-ilham-eliyeve-muraciet-etdi-veziyyeti-yaxsi-deyil\\\/#breadcrumb\"},\"inLanguage\":\"az\",\"potentialAction\":[{\"@type\":\"ReadAction\",\"target\":[\"https:\\\/\\\/www.meydan.tv\\\/az\\\/article\\\/iranda-hebsde-olan-telebenin-anasi-ilham-eliyeve-muraciet-etdi-veziyyeti-yaxsi-deyil\\\/\"]}]},{\"@type\":\"ImageObject\",\"inLanguage\":\"az\",\"@id\":\"https:\\\/\\\/www.meydan.tv\\\/az\\\/article\\\/iranda-hebsde-olan-telebenin-anasi-ilham-eliyeve-muraciet-etdi-veziyyeti-yaxsi-deyil\\\/#primaryimage\",\"url\":\"https:\\\/\\\/www.meydan.tv\\\/wp-content\\\/uploads\\\/45_720.png\",\"contentUrl\":\"https:\\\/\\\/www.meydan.tv\\\/wp-content\\\/uploads\\\/45_720.png\",\"width\":1200,\"height\":721,\"caption\":\"F\u0259rid S\u0259f\u0259rli v\u0259 anas\u0131 Dilar\u0259 \u018fsg\u0259rova. M\u0259nb\u0259: \u015e\u0259xsi arxiv. Montaj: Meydan TV\"},{\"@type\":\"BreadcrumbList\",\"@id\":\"https:\\\/\\\/www.meydan.tv\\\/az\\\/article\\\/iranda-hebsde-olan-telebenin-anasi-ilham-eliyeve-muraciet-etdi-veziyyeti-yaxsi-deyil\\\/#breadcrumb\",\"itemListElement\":[{\"@type\":\"ListItem\",\"position\":1,\"name\":\"Ana s\u0259hif\u0259\",\"item\":\"https:\\\/\\\/www.meydan.tv\\\/az\\\/\"},{\"@type\":\"ListItem\",\"position\":2,\"name\":\"Sosial\",\"item\":\"https:\\\/\\\/www.meydan.tv\\\/az\\\/section\\\/sosial\\\/\"},{\"@type\":\"ListItem\",\"position\":3,\"name\":\"\u0130randa h\u0259bsd\u0259 olan t\u0259l\u0259b\u0259nin anas\u0131 \u0130lham \u018fliyev\u0259 m\u00fcraci\u0259t etdi: &#8220;V\u0259ziyy\u0259ti yax\u015f\u0131 deyil&#8221;\"}]},{\"@type\":\"WebSite\",\"@id\":\"https:\\\/\\\/www.meydan.tv\\\/az\\\/#website\",\"url\":\"https:\\\/\\\/www.meydan.tv\\\/az\\\/\",\"name\":\"MEYDAN.TV\",\"description\":\"Meydan TV Az\u0259rbaycan\u0131n media m\u0259kan\u0131ndak\u0131 alternativ s\u0259sidir\",\"publisher\":{\"@id\":\"https:\\\/\\\/www.meydan.tv\\\/az\\\/#organization\"},\"potentialAction\":[{\"@type\":\"SearchAction\",\"target\":{\"@type\":\"EntryPoint\",\"urlTemplate\":\"https:\\\/\\\/www.meydan.tv\\\/az\\\/?s={search_term_string}\"},\"query-input\":{\"@type\":\"PropertyValueSpecification\",\"valueRequired\":true,\"valueName\":\"search_term_string\"}}],\"inLanguage\":\"az\"},{\"@type\":\"Organization\",\"@id\":\"https:\\\/\\\/www.meydan.tv\\\/az\\\/#organization\",\"name\":\"Meydan TV\",\"url\":\"https:\\\/\\\/www.meydan.tv\\\/az\\\/\",\"logo\":{\"@type\":\"ImageObject\",\"inLanguage\":\"az\",\"@id\":\"https:\\\/\\\/www.meydan.tv\\\/az\\\/#\\\/schema\\\/logo\\\/image\\\/\",\"url\":\"https:\\\/\\\/www.meydan.tv\\\/wp-content\\\/uploads\\\/2021\\\/07\\\/meydan-logo.svg\",\"contentUrl\":\"https:\\\/\\\/www.meydan.tv\\\/wp-content\\\/uploads\\\/2021\\\/07\\\/meydan-logo.svg\",\"width\":195,\"height\":46,\"caption\":\"Meydan TV\"},\"image\":{\"@id\":\"https:\\\/\\\/www.meydan.tv\\\/az\\\/#\\\/schema\\\/logo\\\/image\\\/\"}},{\"@type\":\"Person\",\"@id\":\"https:\\\/\\\/www.meydan.tv\\\/az\\\/#\\\/schema\\\/person\\\/09863e516102a829e72bedcf3f84c6b0\",\"name\":\"mahmud\"}]}<\/script>\n<!-- \/ Yoast SEO plugin. -->","yoast_head_json":{"title":"\u0130randa h\u0259bsd\u0259 olan t\u0259l\u0259b\u0259nin anas\u0131 \u0130lham \u018fliyev\u0259 m\u00fcraci\u0259t etdi: \"V\u0259ziyy\u0259ti yax\u015f\u0131 deyil\" - MEYDAN.TV","robots":{"index":"index","follow":"follow","max-snippet":"max-snippet:-1","max-image-preview":"max-image-preview:large","max-video-preview":"max-video-preview:-1"},"canonical":"https:\/\/www.meydan.tv\/az\/article\/iranda-hebsde-olan-telebenin-anasi-ilham-eliyeve-muraciet-etdi-veziyyeti-yaxsi-deyil\/","og_locale":"az_AZ","og_type":"article","og_title":"\u0130randa h\u0259bsd\u0259 olan t\u0259l\u0259b\u0259nin anas\u0131 \u0130lham \u018fliyev\u0259 m\u00fcraci\u0259t etdi: \"V\u0259ziyy\u0259ti yax\u015f\u0131 deyil\" - MEYDAN.TV","og_description":"Dilara \u018fsg\u0259rova o\u011flunun Az\u0259rbaycana g\u0259tirilm\u0259sini ist\u0259yir \u0130randa h\u0259bsd\u0259 olan Az\u0259rbaycan ... Davam\u0131","og_url":"https:\/\/www.meydan.tv\/az\/article\/iranda-hebsde-olan-telebenin-anasi-ilham-eliyeve-muraciet-etdi-veziyyeti-yaxsi-deyil\/","og_site_name":"MEYDAN.TV","article_published_time":"2024-02-27T11:41:32+00:00","article_modified_time":"2024-02-27T12:26:49+00:00","og_image":[{"width":1200,"height":721,"url":"https:\/\/www.meydan.tv\/wp-content\/uploads\/45_720.png","type":"image\/png"}],"author":"mahmud","twitter_card":"summary_large_image","schema":{"@context":"https:\/\/schema.org","@graph":[{"@type":"Article","@id":"https:\/\/www.meydan.tv\/az\/article\/iranda-hebsde-olan-telebenin-anasi-ilham-eliyeve-muraciet-etdi-veziyyeti-yaxsi-deyil\/#article","isPartOf":{"@id":"https:\/\/www.meydan.tv\/az\/article\/iranda-hebsde-olan-telebenin-anasi-ilham-eliyeve-muraciet-etdi-veziyyeti-yaxsi-deyil\/"},"author":{"name":"mahmud","@id":"https:\/\/www.meydan.tv\/az\/#\/schema\/person\/09863e516102a829e72bedcf3f84c6b0"},"headline":"\u0130randa h\u0259bsd\u0259 olan t\u0259l\u0259b\u0259nin anas\u0131 \u0130lham \u018fliyev\u0259 m\u00fcraci\u0259t etdi: &#8220;V\u0259ziyy\u0259ti yax\u015f\u0131 deyil&#8221;","datePublished":"2024-02-27T11:41:32+00:00","dateModified":"2024-02-27T12:26:49+00:00","mainEntityOfPage":{"@id":"https:\/\/www.meydan.tv\/az\/article\/iranda-hebsde-olan-telebenin-anasi-ilham-eliyeve-muraciet-etdi-veziyyeti-yaxsi-deyil\/"},"wordCount":896,"publisher":{"@id":"https:\/\/www.meydan.tv\/az\/#organization"},"image":{"@id":"https:\/\/www.meydan.tv\/az\/article\/iranda-hebsde-olan-telebenin-anasi-ilham-eliyeve-muraciet-etdi-veziyyeti-yaxsi-deyil\/#primaryimage"},"thumbnailUrl":"https:\/\/www.meydan.tv\/wp-content\/uploads\/45_720.png","articleSection":["Sosial","T\u00f6vsiy\u0259","X\u0259b\u0259rl\u0259r"],"inLanguage":"az"},{"@type":"WebPage","@id":"https:\/\/www.meydan.tv\/az\/article\/iranda-hebsde-olan-telebenin-anasi-ilham-eliyeve-muraciet-etdi-veziyyeti-yaxsi-deyil\/","url":"https:\/\/www.meydan.tv\/az\/article\/iranda-hebsde-olan-telebenin-anasi-ilham-eliyeve-muraciet-etdi-veziyyeti-yaxsi-deyil\/","name":"\u0130randa h\u0259bsd\u0259 olan t\u0259l\u0259b\u0259nin anas\u0131 \u0130lham \u018fliyev\u0259 m\u00fcraci\u0259t etdi: \"V\u0259ziyy\u0259ti yax\u015f\u0131 deyil\" - MEYDAN.TV","isPartOf":{"@id":"https:\/\/www.meydan.tv\/az\/#website"},"primaryImageOfPage":{"@id":"https:\/\/www.meydan.tv\/az\/article\/iranda-hebsde-olan-telebenin-anasi-ilham-eliyeve-muraciet-etdi-veziyyeti-yaxsi-deyil\/#primaryimage"},"image":{"@id":"https:\/\/www.meydan.tv\/az\/article\/iranda-hebsde-olan-telebenin-anasi-ilham-eliyeve-muraciet-etdi-veziyyeti-yaxsi-deyil\/#primaryimage"},"thumbnailUrl":"https:\/\/www.meydan.tv\/wp-content\/uploads\/45_720.png","datePublished":"2024-02-27T11:41:32+00:00","dateModified":"2024-02-27T12:26:49+00:00","breadcrumb":{"@id":"https:\/\/www.meydan.tv\/az\/article\/iranda-hebsde-olan-telebenin-anasi-ilham-eliyeve-muraciet-etdi-veziyyeti-yaxsi-deyil\/#breadcrumb"},"inLanguage":"az","potentialAction":[{"@type":"ReadAction","target":["https:\/\/www.meydan.tv\/az\/article\/iranda-hebsde-olan-telebenin-anasi-ilham-eliyeve-muraciet-etdi-veziyyeti-yaxsi-deyil\/"]}]},{"@type":"ImageObject","inLanguage":"az","@id":"https:\/\/www.meydan.tv\/az\/article\/iranda-hebsde-olan-telebenin-anasi-ilham-eliyeve-muraciet-etdi-veziyyeti-yaxsi-deyil\/#primaryimage","url":"https:\/\/www.meydan.tv\/wp-content\/uploads\/45_720.png","contentUrl":"https:\/\/www.meydan.tv\/wp-content\/uploads\/45_720.png","width":1200,"height":721,"caption":"F\u0259rid S\u0259f\u0259rli v\u0259 anas\u0131 Dilar\u0259 \u018fsg\u0259rova. M\u0259nb\u0259: \u015e\u0259xsi arxiv. Montaj: Meydan TV"},{"@type":"BreadcrumbList","@id":"https:\/\/www.meydan.tv\/az\/article\/iranda-hebsde-olan-telebenin-anasi-ilham-eliyeve-muraciet-etdi-veziyyeti-yaxsi-deyil\/#breadcrumb","itemListElement":[{"@type":"ListItem","position":1,"name":"Ana s\u0259hif\u0259","item":"https:\/\/www.meydan.tv\/az\/"},{"@type":"ListItem","position":2,"name":"Sosial","item":"https:\/\/www.meydan.tv\/az\/section\/sosial\/"},{"@type":"ListItem","position":3,"name":"\u0130randa h\u0259bsd\u0259 olan t\u0259l\u0259b\u0259nin anas\u0131 \u0130lham \u018fliyev\u0259 m\u00fcraci\u0259t etdi: &#8220;V\u0259ziyy\u0259ti yax\u015f\u0131 deyil&#8221;"}]},{"@type":"WebSite","@id":"https:\/\/www.meydan.tv\/az\/#website","url":"https:\/\/www.meydan.tv\/az\/","name":"MEYDAN.TV","description":"Meydan TV Az\u0259rbaycan\u0131n media m\u0259kan\u0131ndak\u0131 alternativ s\u0259sidir","publisher":{"@id":"https:\/\/www.meydan.tv\/az\/#organization"},"potentialAction":[{"@type":"SearchAction","target":{"@type":"EntryPoint","urlTemplate":"https:\/\/www.meydan.tv\/az\/?s={search_term_string}"},"query-input":{"@type":"PropertyValueSpecification","valueRequired":true,"valueName":"search_term_string"}}],"inLanguage":"az"},{"@type":"Organization","@id":"https:\/\/www.meydan.tv\/az\/#organization","name":"Meydan TV","url":"https:\/\/www.meydan.tv\/az\/","logo":{"@type":"ImageObject","inLanguage":"az","@id":"https:\/\/www.meydan.tv\/az\/#\/schema\/logo\/image\/","url":"https:\/\/www.meydan.tv\/wp-content\/uploads\/2021\/07\/meydan-logo.svg","contentUrl":"https:\/\/www.meydan.tv\/wp-content\/uploads\/2021\/07\/meydan-logo.svg","width":195,"height":46,"caption":"Meydan TV"},"image":{"@id":"https:\/\/www.meydan.tv\/az\/#\/schema\/logo\/image\/"}},{"@type":"Person","@id":"https:\/\/www.meydan.tv\/az\/#\/schema\/person\/09863e516102a829e72bedcf3f84c6b0","name":"mahmud"}]}},"_links":{"self":[{"href":"https:\/\/www.meydan.tv\/az\/wp-json\/wp\/v2\/posts\/300082","targetHints":{"allow":["GET"]}}],"collection":[{"href":"https:\/\/www.meydan.tv\/az\/wp-json\/wp\/v2\/posts"}],"about":[{"href":"https:\/\/www.meydan.tv\/az\/wp-json\/wp\/v2\/types\/post"}],"author":[{"embeddable":true,"href":"https:\/\/www.meydan.tv\/az\/wp-json\/wp\/v2\/users\/21"}],"replies":[{"embeddable":true,"href":"https:\/\/www.meydan.tv\/az\/wp-json\/wp\/v2\/comments?post=300082"}],"version-history":[{"count":2,"href":"https:\/\/www.meydan.tv\/az\/wp-json\/wp\/v2\/posts\/300082\/revisions"}],"predecessor-version":[{"id":300092,"href":"https:\/\/www.meydan.tv\/az\/wp-json\/wp\/v2\/posts\/300082\/revisions\/300092"}],"wp:featuredmedia":[{"embeddable":true,"href":"https:\/\/www.meydan.tv\/az\/wp-json\/wp\/v2\/media\/276722"}],"wp:attachment":[{"href":"https:\/\/www.meydan.tv\/az\/wp-json\/wp\/v2\/media?parent=300082"}],"wp:term":[{"taxonomy":"category","embeddable":true,"href":"https:\/\/www.meydan.tv\/az\/wp-json\/wp\/v2\/categories?post=300082"},{"taxonomy":"post_tag","embeddable":true,"href":"https:\/\/www.meydan.tv\/az\/wp-json\/wp\/v2\/tags?post=300082"}],"curies":[{"name":"wp","href":"https:\/\/api.w.org\/{rel}","templated":true}]}}