{"id":300064,"date":"2024-02-27T18:20:07","date_gmt":"2024-02-27T14:20:07","guid":{"rendered":"https:\/\/www.meydan.tv\/?p=300064"},"modified":"2024-02-27T18:59:22","modified_gmt":"2024-02-27T14:59:22","slug":"fermerler-tonlarla-soganin-xarab-oldugunu-deyirler","status":"publish","type":"post","link":"https:\/\/www.meydan.tv\/az\/article\/fermerler-tonlarla-soganin-xarab-oldugunu-deyirler\/","title":{"rendered":"Fermerl\u0259r tonlarla so\u011fan\u0131n xarab oldu\u011funu deyirl\u0259r"},"content":{"rendered":"\n<figure class=\"wp-block-embed is-type-video is-provider-youtube wp-block-embed-youtube wp-embed-aspect-16-9 wp-has-aspect-ratio\"><div class=\"wp-block-embed__wrapper\">\n<iframe title=\"Fermerl\u0259r tonlarla so\u011fan\u0131n xarab oldu\u011funu deyirl\u0259r\" width=\"1200\" height=\"675\" data-src=\"https:\/\/www.youtube.com\/embed\/BJjRrOG_Zx0?feature=oembed\" frameborder=\"0\" allow=\"accelerometer; autoplay; clipboard-write; encrypted-media; gyroscope; picture-in-picture; web-share\" allowfullscreen src=\"data:image\/svg+xml;base64,PHN2ZyB3aWR0aD0iMSIgaGVpZ2h0PSIxIiB4bWxucz0iaHR0cDovL3d3dy53My5vcmcvMjAwMC9zdmciPjwvc3ZnPg==\" class=\"lazyload\" data-load-mode=\"1\"><\/iframe>\n<\/div><\/figure>\n\n\n\n<p><\/p>\n\n\n\n<p><em>\u201cBir bel\u0259 z\u0259hm\u0259t \u00e7\u0259k, z\u00fclm \u00e7\u0259k, x\u0259rc \u00e7\u0259k, apar ax\u0131rda da t\u00f6k zibil\u0259. Vallah, ya\u015fay\u0131\u015f deyil, bu\u201d, &#8211; fermer Zakir Mustafayev bel\u0259 deyir.<\/em><\/p>\n\n\n\n<p>Zakir Mustafayev \u0259kdiyi so\u011fanlar\u0131 sata bilm\u0259y\u0259n fermerl\u0259rd\u0259n biridir. So\u011fan t\u0259s\u0259rr\u00fcfat\u0131n\u0131n geni\u015f yay\u0131ld\u0131\u011f\u0131 A\u011fcab\u0259dinin Ergi deyil\u0259n \u0259razisind\u0259 tonlarla so\u011fan al\u0131c\u0131s\u0131na qovu\u015fmad\u0131\u011f\u0131 \u00fc\u00e7\u00fcn xarab olur.<\/p>\n\n\n\n<p>Zakir Mustafayev: <em>\u201cS\u0259m\u0259nidi\u2026 Al\u0131nmayandan sonra neyl\u0259m\u0259liyik?\u201d<\/em><\/p>\n\n\n\n<p>Ergiy\u0259 ged\u0259n yollarda g\u00f6y\u0259rmi\u015f, \u00e7\u00fcr\u00fcm\u00fc\u015f so\u011fan kis\u0259l\u0259rinin yolboyu tulland\u0131\u011f\u0131n\u0131 g\u00f6rm\u0259k olur. Bu kis\u0259l\u0259r\u0259 30-33 kq aras\u0131 so\u011fan y\u0131\u011f\u0131l\u0131b. Fermerl\u0259r deyir ki, 33 kq so\u011fan \u00fc\u00e7\u00fcn onlara 4 manat t\u0259klif olunur. \u018fg\u0259r bu qiym\u0259td\u0259n satsalar, z\u0259r\u0259r ed\u0259c\u0259kl\u0259rini deyirl\u0259r.<\/p>\n\n\n\n<p><em>\u201cXaricd\u0259n \u00e7ox g\u0259lir, Rusiyadan, c\u00fcrb\u0259c\u00fcr yerl\u0259rd\u0259n g\u0259lir. \u00d6z so\u011fan\u0131m\u0131za baxan yoxdur. Alma kimi so\u011fanlard\u0131, di g\u0259l ki, alan yoxdur. Kis\u0259si 5 manata, 6 manata sata bilmirik\u201d<\/em>, &#8211; Zakir Mustafayevin s\u00f6zl\u0259ridir.<\/p>\n\n\n\n<p>So\u011fan t\u0259s\u0259rr\u00fcfat\u0131 il\u0259 m\u0259\u015f\u011ful olan \u015e\u0259mistan C\u0259f\u0259rov deyir ki, so\u011fan t\u0259z\u0259 \u00e7\u0131xd\u0131\u011f\u0131 vaxt al\u0131c\u0131lar onlardan kis\u0259 ba\u015f\u0131na maya qiym\u0259tind\u0259n a\u015fa\u011f\u0131 pul t\u0259klif etdikl\u0259ri \u00fc\u00e7\u00fcn m\u0259hsullar\u0131n\u0131 satmay\u0131b, bir q\u0259d\u0259r g\u00f6zl\u0259m\u0259k ist\u0259yibl\u0259r. Amma zaman ke\u00e7dikc\u0259 so\u011fan \u00e7\u00fcr\u00fcy\u00fcb, qiym\u0259t is\u0259 qalxmay\u0131b:<\/p>\n\n\n\n<p><em>\u201cPandemiyadan \u0259vv\u0259l sat\u0131rd\u0131q. Pulumuzu \u00e7\u0131xara bilirdik, \u00f6z\u00fcm\u00fcz\u0259 d\u0259 bir \u015fey qal\u0131rd\u0131. Amma pandemiyadan b\u0259ri he\u00e7 zad yoxdur. T\u0259k biz yox ha, buradak\u0131 obyektl\u0259rin ham\u0131s\u0131 ziyandad\u0131r. Bax m\u0259s\u0259l \u00fc\u00e7\u00fcn, alt\u0131n\u0131n ma\u015f\u0131n\u0131n\u0131 satan, evini satan var. \u00c7\u0131x\u0131\u015f yolu yoxdur. Bu, n\u0259 t\u0259h\u0259r d\u00f6vl\u0259tdir, ba\u015f\u0131m \u00e7\u0131xm\u0131r\u201d<\/em>.<\/p>\n\n\n\n<p>Az\u0259rbaycanda so\u011fan t\u0259s\u0259rr\u00fcfat\u0131nda m\u0259hsullar\u0131n daxili bazarda sat\u0131la bilm\u0259diyi bir vaxtda Nazirl\u0259r Kabineti so\u011fan\u0131n xarici bazara \u00e7\u0131xar\u0131lmas\u0131na qada\u011fa qoyub. Ba\u015f nazir \u018fli \u018fs\u0259dov bunu daxili bazarda qiym\u0259tl\u0259ri stabill\u0259\u015fdirm\u0259k \u00fc\u00e7\u00fcn etdiyini a\u00e7\u0131qlay\u0131b.<\/p>\n\n\n\n<p>Meydan TV-y\u0259 dan\u0131\u015fan k\u0259nd t\u0259s\u0259rr\u00fcfat\u0131 \u00fczr\u0259 ekspert Vahid M\u0259h\u0259rr\u0259mli deyib ki, d\u00f6vl\u0259tin bu add\u0131m\u0131 atmas\u0131nda s\u0259b\u0259b inflyasiyan\u0131n qaba\u011f\u0131n\u0131 almaqd\u0131r. Amma bu q\u0259rar fermerl\u0259ri \u00e7ar\u0259siz qoyur.<\/p>\n\n\n\n<p>\u00d6lk\u0259d\u0259 h\u0259r il dem\u0259k olar ki, 270-280 min ton so\u011fan istehsal edilir.<\/p>\n\n\n\n<p>Ekspert Vahid M\u0259h\u0259rr\u0259mli \u00f6lk\u0259d\u0259 daxili t\u0259l\u0259bat\u0131 \u00f6d\u0259m\u0259k \u00fc\u00e7\u00fcn yet\u0259rli q\u0259d\u0259r m\u0259hsul oldu\u011fu q\u0259na\u0259tind\u0259dir. Amma bildirir ki, bir \u00e7ox hallarda so\u011fan idxal\u0131na ehtiyac yaran\u0131r. Buna s\u0259b\u0259b is\u0259 so\u011fan\u0131n qorunmas\u0131 \u00fc\u00e7\u00fcn soyuducular\u0131n olmamas\u0131d\u0131r. M\u00fct\u0259x\u0259ssisl\u0259r deyirl\u0259r ki, \u0259g\u0259r d\u00f6vl\u0259t t\u0259s\u0259rr\u00fcfat\u00e7\u0131lar\u0131 soyuducu il\u0259 t\u0259min ets\u0259, onlar da m\u0259hsullar\u0131 \u00e7\u00fcr\u00fcm\u0259sin dey\u0259 b\u00fct\u00fcn so\u011fanlar\u0131 eyni vaxtda bazara \u00e7\u0131xartma\u011fa m\u0259cbur olmazlar. N\u0259tic\u0259d\u0259 h\u0259m onlar z\u0259r\u0259r etm\u0259z, h\u0259m d\u0259 \u00f6lk\u0259 ilboyu so\u011fan il\u0259 t\u0259min olunar.<\/p>\n\n\n\n<p><em>\u201cSoyuducumuz olmad\u0131\u011f\u0131 \u00fc\u00e7\u00fcn g\u00fcc\u00fcm\u00fcz \u00e7atm\u0131r soyuducuya y\u0131\u011fma\u011fa. Hava da isti ke\u00e7di, onunla ba\u011fl\u0131 g\u00f6y\u0259rdi\u201d<\/em>, &#8211; fermer \u0130lqar C\u0259f\u0259rov deyir.<br><br>T\u0259s\u0259rr\u00fcfat\u00e7\u0131lar deyir ki, istehsal etdikl\u0259ri m\u0259hsulun maya d\u0259y\u0259ri d\u0259 qalx\u0131b.<\/p>\n\n\n\n<p>\u018fslind\u0259 k\u0259nd t\u0259s\u0259rr\u00fcfat\u0131na d\u00f6vl\u0259t d\u0259st\u0259yi \u00e7\u0259r\u00e7iv\u0259sind\u0259 g\u00fcbr\u0259 t\u0259minat\u0131n\u0131n da daxil edildiyi \u0259kin\u00e7ilik \u00fczr\u0259 subsidiyalar\u0131n verilm\u0259sin\u0259 2019-cu ild\u0259n ba\u015flan\u0131l\u0131b. 2022-ci il mineral g\u00fcbr\u0259l\u0259rin bahala\u015fmas\u0131n\u0131n m\u0259nfi t\u0259sirini azaltmaq \u00fc\u00e7\u00fcn t\u0259r\u0259v\u0259zl\u0259r d\u0259 daxil dig\u0259r m\u0259hsullar \u00fczr\u0259 subsidiyan\u0131n m\u0259bl\u0259\u011finin art\u0131r\u0131lmas\u0131 bar\u0259d\u0259 q\u0259rar q\u0259bul edilib. Bel\u0259 ki, t\u0259r\u0259v\u0259z\u00e7ilik \u00fczr\u0259 subsidiyalar\u0131n art\u0131m\u0131 240 manatdan 260-a qalx\u0131b.<\/p>\n\n\n\n<p>Lakin bu g\u00fcbr\u0259l\u0259r m\u0259hsulun sad\u0259c\u0259 keyfiyy\u0259tini art\u0131rmaq \u00fc\u00e7\u00fcnd\u00fcr, m\u0259hsuldarl\u0131\u011f\u0131 art\u0131rmaq \u00fc\u00e7\u00fcn olan g\u00fcbr\u0259l\u0259ri fermerl\u0259r \u00f6z v\u0259saitl\u0259ri il\u0259 almal\u0131 olur. \u00dcst\u0259lik d\u00f6vl\u0259tin d\u0259st\u0259yi d\u0259 b\u00fct\u00fcn so\u011fan \u0259k\u0259nl\u0259r\u0259 \u015famil edilmir.<\/p>\n\n\n\n<p><em>\u201cAmmafos g\u00fcbr\u0259sini al\u0131rd\u0131q biz 60-70 manata, amma vaxt var idi, 3-4 il qabaq al\u0131rd\u0131q 20 manata. He\u00e7 zad da ayr\u0131lm\u0131r d\u00f6vl\u0259td\u0259n biz\u0259. Ham\u0131s\u0131n\u0131 \u00f6z cibimizin pulu il\u0259 edirik. G\u00fcbr\u0259 pay torpa\u011f\u0131m\u0131z varsa, ona verilir. Amma bel\u0259 \u0259kin \u0259kiriks\u0259, ona verilmir\u201d<\/em>, -\u015e\u0259mistan C\u0259f\u0259rov deyir.<br><br>Fermerl\u0259r \u015fikay\u0259tl\u0259nir ki, n\u0259 \u0259km\u0259mi\u015fd\u0259n qabaq d\u00f6vl\u0259t r\u0259smil\u0259ri onlarla g\u00f6r\u00fc\u015f ke\u00e7irib, n\u0259 d\u0259 z\u0259r\u0259rl\u0259ri il\u0259 ba\u011fl\u0131 bir qurum onlarla maraqlan\u0131b.<\/p>\n\n\n\n<p>Meydan TV-y\u0259 dan\u0131\u015fan fermerl\u0259r n\u00f6vb\u0259ti il so\u011fan \u0259km\u0259y\u0259c\u0259kl\u0259rini deyibl\u0259r.<\/p>\n\n\n\n<p>K\u0259nd T\u0259s\u0259rr\u00fcfat\u0131 Nazirliyinin m\u0259tbuat katibi is\u0259 telefon z\u0259ngl\u0259rini cavablamad\u0131\u011f\u0131 \u00fc\u00e7\u00fcn suallar cavabs\u0131z qal\u0131b.<\/p>\n","protected":false},"excerpt":{"rendered":"<p>\u201cBir bel\u0259 z\u0259hm\u0259t \u00e7\u0259k, z\u00fclm \u00e7\u0259k, x\u0259rc \u00e7\u0259k, apar ax\u0131rda &#8230; <\/p>\n<p class=\"read-more-container\"><a title=\"Fermerl\u0259r tonlarla so\u011fan\u0131n xarab oldu\u011funu deyirl\u0259r\" class=\"read-more button\" href=\"https:\/\/www.meydan.tv\/az\/article\/fermerler-tonlarla-soganin-xarab-oldugunu-deyirler\/#more-300064\" aria-label=\"Read more about Fermerl\u0259r tonlarla so\u011fan\u0131n xarab oldu\u011funu deyirl\u0259r\">Davam\u0131<\/a><\/p>\n","protected":false},"author":12,"featured_media":300073,"comment_status":"closed","ping_status":"closed","sticky":false,"template":"","format":"standard","meta":{"_acf_changed":false,"_sitemap_exclude":false,"_sitemap_priority":"","_sitemap_frequency":"","footnotes":""},"categories":[60,62,63],"tags":[],"class_list":["post-300064","post","type-post","status-publish","format-standard","has-post-thumbnail","hentry","category-bolge","category-sosial","category-video-2","infinite-scroll-item","generate-columns","tablet-grid-50","mobile-grid-100","grid-parent","grid-33","no-featured-image-padding"],"acf":[],"yoast_head":"<!-- This site is optimized with the Yoast SEO plugin v27.4 - https:\/\/yoast.com\/product\/yoast-seo-wordpress\/ -->\n<title>Fermerl\u0259r tonlarla so\u011fan\u0131n xarab oldu\u011funu deyirl\u0259r - MEYDAN.TV<\/title>\n<meta name=\"robots\" content=\"index, follow, max-snippet:-1, max-image-preview:large, max-video-preview:-1\" \/>\n<link rel=\"canonical\" href=\"https:\/\/www.meydan.tv\/az\/article\/fermerler-tonlarla-soganin-xarab-oldugunu-deyirler\/\" \/>\n<meta property=\"og:locale\" content=\"az_AZ\" \/>\n<meta property=\"og:type\" content=\"article\" \/>\n<meta property=\"og:title\" content=\"Fermerl\u0259r tonlarla so\u011fan\u0131n xarab oldu\u011funu deyirl\u0259r - MEYDAN.TV\" \/>\n<meta property=\"og:description\" content=\"\u201cBir bel\u0259 z\u0259hm\u0259t \u00e7\u0259k, z\u00fclm \u00e7\u0259k, x\u0259rc \u00e7\u0259k, apar ax\u0131rda ... Davam\u0131\" \/>\n<meta property=\"og:url\" content=\"https:\/\/www.meydan.tv\/az\/article\/fermerler-tonlarla-soganin-xarab-oldugunu-deyirler\/\" \/>\n<meta property=\"og:site_name\" content=\"MEYDAN.TV\" \/>\n<meta property=\"article:published_time\" content=\"2024-02-27T14:20:07+00:00\" \/>\n<meta property=\"article:modified_time\" content=\"2024-02-27T14:59:22+00:00\" \/>\n<meta property=\"og:image\" content=\"https:\/\/www.meydan.tv\/wp-content\/uploads\/reportaj-cover-5-3.png\" \/>\n\t<meta property=\"og:image:width\" content=\"1280\" \/>\n\t<meta property=\"og:image:height\" content=\"720\" \/>\n\t<meta property=\"og:image:type\" content=\"image\/png\" \/>\n<meta name=\"author\" content=\"aleks\" \/>\n<meta name=\"twitter:card\" content=\"summary_large_image\" \/>\n<script type=\"application\/ld+json\" class=\"yoast-schema-graph\">{\"@context\":\"https:\\\/\\\/schema.org\",\"@graph\":[{\"@type\":\"Article\",\"@id\":\"https:\\\/\\\/www.meydan.tv\\\/az\\\/article\\\/fermerler-tonlarla-soganin-xarab-oldugunu-deyirler\\\/#article\",\"isPartOf\":{\"@id\":\"https:\\\/\\\/www.meydan.tv\\\/az\\\/article\\\/fermerler-tonlarla-soganin-xarab-oldugunu-deyirler\\\/\"},\"author\":{\"name\":\"aleks\",\"@id\":\"https:\\\/\\\/www.meydan.tv\\\/az\\\/#\\\/schema\\\/person\\\/476e9360e593fa131d5d71d51866f8da\"},\"headline\":\"Fermerl\u0259r tonlarla so\u011fan\u0131n xarab oldu\u011funu deyirl\u0259r\",\"datePublished\":\"2024-02-27T14:20:07+00:00\",\"dateModified\":\"2024-02-27T14:59:22+00:00\",\"mainEntityOfPage\":{\"@id\":\"https:\\\/\\\/www.meydan.tv\\\/az\\\/article\\\/fermerler-tonlarla-soganin-xarab-oldugunu-deyirler\\\/\"},\"wordCount\":923,\"publisher\":{\"@id\":\"https:\\\/\\\/www.meydan.tv\\\/az\\\/#organization\"},\"image\":{\"@id\":\"https:\\\/\\\/www.meydan.tv\\\/az\\\/article\\\/fermerler-tonlarla-soganin-xarab-oldugunu-deyirler\\\/#primaryimage\"},\"thumbnailUrl\":\"https:\\\/\\\/www.meydan.tv\\\/wp-content\\\/uploads\\\/reportaj-cover-5-3.png\",\"articleSection\":[\"B\u00f6lg\u0259\",\"Sosial\",\"Video\"],\"inLanguage\":\"az\"},{\"@type\":\"WebPage\",\"@id\":\"https:\\\/\\\/www.meydan.tv\\\/az\\\/article\\\/fermerler-tonlarla-soganin-xarab-oldugunu-deyirler\\\/\",\"url\":\"https:\\\/\\\/www.meydan.tv\\\/az\\\/article\\\/fermerler-tonlarla-soganin-xarab-oldugunu-deyirler\\\/\",\"name\":\"Fermerl\u0259r tonlarla so\u011fan\u0131n xarab oldu\u011funu deyirl\u0259r - MEYDAN.TV\",\"isPartOf\":{\"@id\":\"https:\\\/\\\/www.meydan.tv\\\/az\\\/#website\"},\"primaryImageOfPage\":{\"@id\":\"https:\\\/\\\/www.meydan.tv\\\/az\\\/article\\\/fermerler-tonlarla-soganin-xarab-oldugunu-deyirler\\\/#primaryimage\"},\"image\":{\"@id\":\"https:\\\/\\\/www.meydan.tv\\\/az\\\/article\\\/fermerler-tonlarla-soganin-xarab-oldugunu-deyirler\\\/#primaryimage\"},\"thumbnailUrl\":\"https:\\\/\\\/www.meydan.tv\\\/wp-content\\\/uploads\\\/reportaj-cover-5-3.png\",\"datePublished\":\"2024-02-27T14:20:07+00:00\",\"dateModified\":\"2024-02-27T14:59:22+00:00\",\"breadcrumb\":{\"@id\":\"https:\\\/\\\/www.meydan.tv\\\/az\\\/article\\\/fermerler-tonlarla-soganin-xarab-oldugunu-deyirler\\\/#breadcrumb\"},\"inLanguage\":\"az\",\"potentialAction\":[{\"@type\":\"ReadAction\",\"target\":[\"https:\\\/\\\/www.meydan.tv\\\/az\\\/article\\\/fermerler-tonlarla-soganin-xarab-oldugunu-deyirler\\\/\"]}]},{\"@type\":\"ImageObject\",\"inLanguage\":\"az\",\"@id\":\"https:\\\/\\\/www.meydan.tv\\\/az\\\/article\\\/fermerler-tonlarla-soganin-xarab-oldugunu-deyirler\\\/#primaryimage\",\"url\":\"https:\\\/\\\/www.meydan.tv\\\/wp-content\\\/uploads\\\/reportaj-cover-5-3.png\",\"contentUrl\":\"https:\\\/\\\/www.meydan.tv\\\/wp-content\\\/uploads\\\/reportaj-cover-5-3.png\",\"width\":1280,\"height\":720},{\"@type\":\"BreadcrumbList\",\"@id\":\"https:\\\/\\\/www.meydan.tv\\\/az\\\/article\\\/fermerler-tonlarla-soganin-xarab-oldugunu-deyirler\\\/#breadcrumb\",\"itemListElement\":[{\"@type\":\"ListItem\",\"position\":1,\"name\":\"Ana s\u0259hif\u0259\",\"item\":\"https:\\\/\\\/www.meydan.tv\\\/az\\\/\"},{\"@type\":\"ListItem\",\"position\":2,\"name\":\"Video\",\"item\":\"https:\\\/\\\/www.meydan.tv\\\/az\\\/section\\\/video-2\\\/\"},{\"@type\":\"ListItem\",\"position\":3,\"name\":\"Fermerl\u0259r tonlarla so\u011fan\u0131n xarab oldu\u011funu deyirl\u0259r\"}]},{\"@type\":\"WebSite\",\"@id\":\"https:\\\/\\\/www.meydan.tv\\\/az\\\/#website\",\"url\":\"https:\\\/\\\/www.meydan.tv\\\/az\\\/\",\"name\":\"MEYDAN.TV\",\"description\":\"Meydan TV Az\u0259rbaycan\u0131n media m\u0259kan\u0131ndak\u0131 alternativ s\u0259sidir\",\"publisher\":{\"@id\":\"https:\\\/\\\/www.meydan.tv\\\/az\\\/#organization\"},\"potentialAction\":[{\"@type\":\"SearchAction\",\"target\":{\"@type\":\"EntryPoint\",\"urlTemplate\":\"https:\\\/\\\/www.meydan.tv\\\/az\\\/?s={search_term_string}\"},\"query-input\":{\"@type\":\"PropertyValueSpecification\",\"valueRequired\":true,\"valueName\":\"search_term_string\"}}],\"inLanguage\":\"az\"},{\"@type\":\"Organization\",\"@id\":\"https:\\\/\\\/www.meydan.tv\\\/az\\\/#organization\",\"name\":\"Meydan TV\",\"url\":\"https:\\\/\\\/www.meydan.tv\\\/az\\\/\",\"logo\":{\"@type\":\"ImageObject\",\"inLanguage\":\"az\",\"@id\":\"https:\\\/\\\/www.meydan.tv\\\/az\\\/#\\\/schema\\\/logo\\\/image\\\/\",\"url\":\"https:\\\/\\\/www.meydan.tv\\\/wp-content\\\/uploads\\\/2021\\\/07\\\/meydan-logo.svg\",\"contentUrl\":\"https:\\\/\\\/www.meydan.tv\\\/wp-content\\\/uploads\\\/2021\\\/07\\\/meydan-logo.svg\",\"width\":195,\"height\":46,\"caption\":\"Meydan TV\"},\"image\":{\"@id\":\"https:\\\/\\\/www.meydan.tv\\\/az\\\/#\\\/schema\\\/logo\\\/image\\\/\"}},{\"@type\":\"Person\",\"@id\":\"https:\\\/\\\/www.meydan.tv\\\/az\\\/#\\\/schema\\\/person\\\/476e9360e593fa131d5d71d51866f8da\",\"name\":\"aleks\"}]}<\/script>\n<!-- \/ Yoast SEO plugin. -->","yoast_head_json":{"title":"Fermerl\u0259r tonlarla so\u011fan\u0131n xarab oldu\u011funu deyirl\u0259r - MEYDAN.TV","robots":{"index":"index","follow":"follow","max-snippet":"max-snippet:-1","max-image-preview":"max-image-preview:large","max-video-preview":"max-video-preview:-1"},"canonical":"https:\/\/www.meydan.tv\/az\/article\/fermerler-tonlarla-soganin-xarab-oldugunu-deyirler\/","og_locale":"az_AZ","og_type":"article","og_title":"Fermerl\u0259r tonlarla so\u011fan\u0131n xarab oldu\u011funu deyirl\u0259r - MEYDAN.TV","og_description":"\u201cBir bel\u0259 z\u0259hm\u0259t \u00e7\u0259k, z\u00fclm \u00e7\u0259k, x\u0259rc \u00e7\u0259k, apar ax\u0131rda ... Davam\u0131","og_url":"https:\/\/www.meydan.tv\/az\/article\/fermerler-tonlarla-soganin-xarab-oldugunu-deyirler\/","og_site_name":"MEYDAN.TV","article_published_time":"2024-02-27T14:20:07+00:00","article_modified_time":"2024-02-27T14:59:22+00:00","og_image":[{"width":1280,"height":720,"url":"https:\/\/www.meydan.tv\/wp-content\/uploads\/reportaj-cover-5-3.png","type":"image\/png"}],"author":"aleks","twitter_card":"summary_large_image","schema":{"@context":"https:\/\/schema.org","@graph":[{"@type":"Article","@id":"https:\/\/www.meydan.tv\/az\/article\/fermerler-tonlarla-soganin-xarab-oldugunu-deyirler\/#article","isPartOf":{"@id":"https:\/\/www.meydan.tv\/az\/article\/fermerler-tonlarla-soganin-xarab-oldugunu-deyirler\/"},"author":{"name":"aleks","@id":"https:\/\/www.meydan.tv\/az\/#\/schema\/person\/476e9360e593fa131d5d71d51866f8da"},"headline":"Fermerl\u0259r tonlarla so\u011fan\u0131n xarab oldu\u011funu deyirl\u0259r","datePublished":"2024-02-27T14:20:07+00:00","dateModified":"2024-02-27T14:59:22+00:00","mainEntityOfPage":{"@id":"https:\/\/www.meydan.tv\/az\/article\/fermerler-tonlarla-soganin-xarab-oldugunu-deyirler\/"},"wordCount":923,"publisher":{"@id":"https:\/\/www.meydan.tv\/az\/#organization"},"image":{"@id":"https:\/\/www.meydan.tv\/az\/article\/fermerler-tonlarla-soganin-xarab-oldugunu-deyirler\/#primaryimage"},"thumbnailUrl":"https:\/\/www.meydan.tv\/wp-content\/uploads\/reportaj-cover-5-3.png","articleSection":["B\u00f6lg\u0259","Sosial","Video"],"inLanguage":"az"},{"@type":"WebPage","@id":"https:\/\/www.meydan.tv\/az\/article\/fermerler-tonlarla-soganin-xarab-oldugunu-deyirler\/","url":"https:\/\/www.meydan.tv\/az\/article\/fermerler-tonlarla-soganin-xarab-oldugunu-deyirler\/","name":"Fermerl\u0259r tonlarla so\u011fan\u0131n xarab oldu\u011funu deyirl\u0259r - MEYDAN.TV","isPartOf":{"@id":"https:\/\/www.meydan.tv\/az\/#website"},"primaryImageOfPage":{"@id":"https:\/\/www.meydan.tv\/az\/article\/fermerler-tonlarla-soganin-xarab-oldugunu-deyirler\/#primaryimage"},"image":{"@id":"https:\/\/www.meydan.tv\/az\/article\/fermerler-tonlarla-soganin-xarab-oldugunu-deyirler\/#primaryimage"},"thumbnailUrl":"https:\/\/www.meydan.tv\/wp-content\/uploads\/reportaj-cover-5-3.png","datePublished":"2024-02-27T14:20:07+00:00","dateModified":"2024-02-27T14:59:22+00:00","breadcrumb":{"@id":"https:\/\/www.meydan.tv\/az\/article\/fermerler-tonlarla-soganin-xarab-oldugunu-deyirler\/#breadcrumb"},"inLanguage":"az","potentialAction":[{"@type":"ReadAction","target":["https:\/\/www.meydan.tv\/az\/article\/fermerler-tonlarla-soganin-xarab-oldugunu-deyirler\/"]}]},{"@type":"ImageObject","inLanguage":"az","@id":"https:\/\/www.meydan.tv\/az\/article\/fermerler-tonlarla-soganin-xarab-oldugunu-deyirler\/#primaryimage","url":"https:\/\/www.meydan.tv\/wp-content\/uploads\/reportaj-cover-5-3.png","contentUrl":"https:\/\/www.meydan.tv\/wp-content\/uploads\/reportaj-cover-5-3.png","width":1280,"height":720},{"@type":"BreadcrumbList","@id":"https:\/\/www.meydan.tv\/az\/article\/fermerler-tonlarla-soganin-xarab-oldugunu-deyirler\/#breadcrumb","itemListElement":[{"@type":"ListItem","position":1,"name":"Ana s\u0259hif\u0259","item":"https:\/\/www.meydan.tv\/az\/"},{"@type":"ListItem","position":2,"name":"Video","item":"https:\/\/www.meydan.tv\/az\/section\/video-2\/"},{"@type":"ListItem","position":3,"name":"Fermerl\u0259r tonlarla so\u011fan\u0131n xarab oldu\u011funu deyirl\u0259r"}]},{"@type":"WebSite","@id":"https:\/\/www.meydan.tv\/az\/#website","url":"https:\/\/www.meydan.tv\/az\/","name":"MEYDAN.TV","description":"Meydan TV Az\u0259rbaycan\u0131n media m\u0259kan\u0131ndak\u0131 alternativ s\u0259sidir","publisher":{"@id":"https:\/\/www.meydan.tv\/az\/#organization"},"potentialAction":[{"@type":"SearchAction","target":{"@type":"EntryPoint","urlTemplate":"https:\/\/www.meydan.tv\/az\/?s={search_term_string}"},"query-input":{"@type":"PropertyValueSpecification","valueRequired":true,"valueName":"search_term_string"}}],"inLanguage":"az"},{"@type":"Organization","@id":"https:\/\/www.meydan.tv\/az\/#organization","name":"Meydan TV","url":"https:\/\/www.meydan.tv\/az\/","logo":{"@type":"ImageObject","inLanguage":"az","@id":"https:\/\/www.meydan.tv\/az\/#\/schema\/logo\/image\/","url":"https:\/\/www.meydan.tv\/wp-content\/uploads\/2021\/07\/meydan-logo.svg","contentUrl":"https:\/\/www.meydan.tv\/wp-content\/uploads\/2021\/07\/meydan-logo.svg","width":195,"height":46,"caption":"Meydan TV"},"image":{"@id":"https:\/\/www.meydan.tv\/az\/#\/schema\/logo\/image\/"}},{"@type":"Person","@id":"https:\/\/www.meydan.tv\/az\/#\/schema\/person\/476e9360e593fa131d5d71d51866f8da","name":"aleks"}]}},"_links":{"self":[{"href":"https:\/\/www.meydan.tv\/az\/wp-json\/wp\/v2\/posts\/300064","targetHints":{"allow":["GET"]}}],"collection":[{"href":"https:\/\/www.meydan.tv\/az\/wp-json\/wp\/v2\/posts"}],"about":[{"href":"https:\/\/www.meydan.tv\/az\/wp-json\/wp\/v2\/types\/post"}],"author":[{"embeddable":true,"href":"https:\/\/www.meydan.tv\/az\/wp-json\/wp\/v2\/users\/12"}],"replies":[{"embeddable":true,"href":"https:\/\/www.meydan.tv\/az\/wp-json\/wp\/v2\/comments?post=300064"}],"version-history":[{"count":5,"href":"https:\/\/www.meydan.tv\/az\/wp-json\/wp\/v2\/posts\/300064\/revisions"}],"predecessor-version":[{"id":300077,"href":"https:\/\/www.meydan.tv\/az\/wp-json\/wp\/v2\/posts\/300064\/revisions\/300077"}],"wp:featuredmedia":[{"embeddable":true,"href":"https:\/\/www.meydan.tv\/az\/wp-json\/wp\/v2\/media\/300073"}],"wp:attachment":[{"href":"https:\/\/www.meydan.tv\/az\/wp-json\/wp\/v2\/media?parent=300064"}],"wp:term":[{"taxonomy":"category","embeddable":true,"href":"https:\/\/www.meydan.tv\/az\/wp-json\/wp\/v2\/categories?post=300064"},{"taxonomy":"post_tag","embeddable":true,"href":"https:\/\/www.meydan.tv\/az\/wp-json\/wp\/v2\/tags?post=300064"}],"curies":[{"name":"wp","href":"https:\/\/api.w.org\/{rel}","templated":true}]}}