{"id":300057,"date":"2024-02-27T14:39:20","date_gmt":"2024-02-27T10:39:20","guid":{"rendered":"https:\/\/www.meydan.tv\/?p=300057"},"modified":"2024-02-27T14:39:23","modified_gmt":"2024-02-27T10:39:23","slug":"mingecevirde-mekteb-direktoru-rusvet-ittihami-ile-isden-cixarilib","status":"publish","type":"post","link":"https:\/\/www.meydan.tv\/az\/article\/mingecevirde-mekteb-direktoru-rusvet-ittihami-ile-isden-cixarilib\/","title":{"rendered":"Ming\u0259\u00e7evird\u0259 m\u0259kt\u0259b direktoru r\u00fc\u015fv\u0259t ittiham\u0131 il\u0259 i\u015fd\u0259n \u00e7\u0131xar\u0131l\u0131b"},"content":{"rendered":"\n<p><\/p>\n\n\n\n<p><strong><em>Direktorun pul t\u0259l\u0259b etdiyini g\u00f6st\u0259r\u0259n g\u00f6r\u00fcnt\u00fcl\u0259r yay\u0131l\u0131b<\/em><\/strong><\/p>\n\n\n\n<p>Ming\u0259\u00e7evir \u015f\u0259h\u0259rind\u0259ki 4 sayl\u0131 m\u0259kt\u0259bin direktorunun r\u00fc\u015fv\u0259t ald\u0131\u011f\u0131 iddia edil\u0259n g\u00f6r\u00fcnt\u00fcl\u0259r sosial \u015f\u0259b\u0259k\u0259l\u0259rd\u0259 yay\u0131l\u0131b. Direktorun d\u0259rs saatlar\u0131na g\u00f6r\u0259 \u0259lav\u0259 pul t\u0259l\u0259b etdiyini \u0259ks etdir\u0259n g\u00f6r\u00fcnt\u00fcl\u0259r gizli \u00e7\u0259kilib. G\u00f6r\u00fcnt\u00fcl\u0259rd\u0259n sonra direktor i\u015fd\u0259n \u00e7\u0131xar\u0131l\u0131b.<\/p>\n\n\n\n<p>M\u0259kt\u0259b\u0259q\u0259d\u0259r v\u0259 \u00dcmumi T\u0259hsil \u00fczr\u0259 D\u00f6vl\u0259t Agentliyind\u0259n bildiribl\u0259r ki, Ming\u0259\u00e7evir \u015f\u0259h\u0259r 4 n\u00f6mr\u0259li tam orta m\u0259kt\u0259bin direktoru Az\u0259r Qaz\u0131yevin m\u00fc\u0259lliml\u0259rd\u0259n d\u0259rs saatlar\u0131na g\u00f6r\u0259 r\u00fc\u015fv\u0259t almas\u0131 bar\u0259d\u0259 yay\u0131lan g\u00f6r\u00fcnt\u00fcl\u0259rl\u0259 ba\u011fl\u0131 ara\u015fd\u0131rma apar\u0131l\u0131b. Ara\u015fd\u0131rman\u0131n n\u0259tic\u0259sin\u0259 \u0259sas\u0259n, \u0259m\u0259k f\u0259aliyy\u0259tind\u0259 yol verdiyi h\u00fcquqpozmaya v\u0259 kobud n\u00f6qsana g\u00f6r\u0259 m\u0259kt\u0259bin direktoru Az\u0259r Qaz\u0131yev M\u0259kt\u0259b\u0259q\u0259d\u0259r v\u0259 \u00dcmumi T\u0259hsil \u00fczr\u0259 D\u00f6vl\u0259t Agentliyinin direktoru E\u015fqi Ba\u011f\u0131rovun m\u00fcvafiq \u0259mrin\u0259 \u0259sas\u0259n, i\u015fd\u0259n azad edilib. <\/p>\n\n\n\n<p>Agentlik t\u0259hsil m\u00fc\u0259ssis\u0259l\u0259rind\u0259 \u0259m\u0259k f\u0259aliyy\u0259tind\u0259 yol veril\u0259n n\u00f6qsan, h\u00fcquqpozmalar\u0131n a\u015fkarlanmas\u0131, qar\u015f\u0131s\u0131n\u0131n al\u0131nmas\u0131 v\u0259 aradan qald\u0131r\u0131lmas\u0131 il\u0259 ba\u011fl\u0131 m\u00fcvafiq t\u0259dbirl\u0259rin g\u00f6r\u00fclm\u0259si m\u0259qs\u0259dil\u0259 monitorinql\u0259r\u0259 ba\u015flay\u0131b.<\/p>\n","protected":false},"excerpt":{"rendered":"<p>Direktorun pul t\u0259l\u0259b etdiyini g\u00f6st\u0259r\u0259n g\u00f6r\u00fcnt\u00fcl\u0259r yay\u0131l\u0131b Ming\u0259\u00e7evir \u015f\u0259h\u0259rind\u0259ki 4 &#8230; <\/p>\n<p class=\"read-more-container\"><a title=\"Ming\u0259\u00e7evird\u0259 m\u0259kt\u0259b direktoru r\u00fc\u015fv\u0259t ittiham\u0131 il\u0259 i\u015fd\u0259n \u00e7\u0131xar\u0131l\u0131b\" class=\"read-more button\" href=\"https:\/\/www.meydan.tv\/az\/article\/mingecevirde-mekteb-direktoru-rusvet-ittihami-ile-isden-cixarilib\/#more-300057\" aria-label=\"Read more about Ming\u0259\u00e7evird\u0259 m\u0259kt\u0259b direktoru r\u00fc\u015fv\u0259t ittiham\u0131 il\u0259 i\u015fd\u0259n \u00e7\u0131xar\u0131l\u0131b\">Davam\u0131<\/a><\/p>\n","protected":false},"author":21,"featured_media":232631,"comment_status":"closed","ping_status":"closed","sticky":false,"template":"","format":"standard","meta":{"_acf_changed":false,"_sitemap_exclude":false,"_sitemap_priority":"","_sitemap_frequency":"","footnotes":""},"categories":[60,62,56],"tags":[],"class_list":["post-300057","post","type-post","status-publish","format-standard","has-post-thumbnail","hentry","category-bolge","category-sosial","category-xeberler","infinite-scroll-item","generate-columns","tablet-grid-50","mobile-grid-100","grid-parent","grid-33","no-featured-image-padding"],"acf":[],"yoast_head":"<!-- This site is optimized with the Yoast SEO plugin v27.4 - https:\/\/yoast.com\/product\/yoast-seo-wordpress\/ -->\n<title>Ming\u0259\u00e7evird\u0259 m\u0259kt\u0259b direktoru r\u00fc\u015fv\u0259t ittiham\u0131 il\u0259 i\u015fd\u0259n \u00e7\u0131xar\u0131l\u0131b - MEYDAN.TV<\/title>\n<meta name=\"robots\" content=\"index, follow, max-snippet:-1, max-image-preview:large, max-video-preview:-1\" \/>\n<link rel=\"canonical\" href=\"https:\/\/www.meydan.tv\/az\/article\/mingecevirde-mekteb-direktoru-rusvet-ittihami-ile-isden-cixarilib\/\" \/>\n<meta property=\"og:locale\" content=\"az_AZ\" \/>\n<meta property=\"og:type\" content=\"article\" \/>\n<meta property=\"og:title\" content=\"Ming\u0259\u00e7evird\u0259 m\u0259kt\u0259b direktoru r\u00fc\u015fv\u0259t ittiham\u0131 il\u0259 i\u015fd\u0259n \u00e7\u0131xar\u0131l\u0131b - MEYDAN.TV\" \/>\n<meta property=\"og:description\" content=\"Direktorun pul t\u0259l\u0259b etdiyini g\u00f6st\u0259r\u0259n g\u00f6r\u00fcnt\u00fcl\u0259r yay\u0131l\u0131b Ming\u0259\u00e7evir \u015f\u0259h\u0259rind\u0259ki 4 ... Davam\u0131\" \/>\n<meta property=\"og:url\" content=\"https:\/\/www.meydan.tv\/az\/article\/mingecevirde-mekteb-direktoru-rusvet-ittihami-ile-isden-cixarilib\/\" \/>\n<meta property=\"og:site_name\" content=\"MEYDAN.TV\" \/>\n<meta property=\"article:published_time\" content=\"2024-02-27T10:39:20+00:00\" \/>\n<meta property=\"article:modified_time\" content=\"2024-02-27T10:39:23+00:00\" \/>\n<meta property=\"og:image\" content=\"https:\/\/www.meydan.tv\/wp-content\/uploads\/shutterstock_598274123-e1643101424514.jpg\" \/>\n\t<meta property=\"og:image:width\" content=\"1702\" \/>\n\t<meta property=\"og:image:height\" content=\"647\" \/>\n\t<meta property=\"og:image:type\" content=\"image\/jpeg\" \/>\n<meta name=\"author\" content=\"mahmud\" \/>\n<meta name=\"twitter:card\" content=\"summary_large_image\" \/>\n<script type=\"application\/ld+json\" class=\"yoast-schema-graph\">{\"@context\":\"https:\\\/\\\/schema.org\",\"@graph\":[{\"@type\":\"Article\",\"@id\":\"https:\\\/\\\/www.meydan.tv\\\/az\\\/article\\\/mingecevirde-mekteb-direktoru-rusvet-ittihami-ile-isden-cixarilib\\\/#article\",\"isPartOf\":{\"@id\":\"https:\\\/\\\/www.meydan.tv\\\/az\\\/article\\\/mingecevirde-mekteb-direktoru-rusvet-ittihami-ile-isden-cixarilib\\\/\"},\"author\":{\"name\":\"mahmud\",\"@id\":\"https:\\\/\\\/www.meydan.tv\\\/az\\\/#\\\/schema\\\/person\\\/09863e516102a829e72bedcf3f84c6b0\"},\"headline\":\"Ming\u0259\u00e7evird\u0259 m\u0259kt\u0259b direktoru r\u00fc\u015fv\u0259t ittiham\u0131 il\u0259 i\u015fd\u0259n \u00e7\u0131xar\u0131l\u0131b\",\"datePublished\":\"2024-02-27T10:39:20+00:00\",\"dateModified\":\"2024-02-27T10:39:23+00:00\",\"mainEntityOfPage\":{\"@id\":\"https:\\\/\\\/www.meydan.tv\\\/az\\\/article\\\/mingecevirde-mekteb-direktoru-rusvet-ittihami-ile-isden-cixarilib\\\/\"},\"wordCount\":284,\"publisher\":{\"@id\":\"https:\\\/\\\/www.meydan.tv\\\/az\\\/#organization\"},\"image\":{\"@id\":\"https:\\\/\\\/www.meydan.tv\\\/az\\\/article\\\/mingecevirde-mekteb-direktoru-rusvet-ittihami-ile-isden-cixarilib\\\/#primaryimage\"},\"thumbnailUrl\":\"https:\\\/\\\/www.meydan.tv\\\/wp-content\\\/uploads\\\/shutterstock_598274123-e1643101424514.jpg\",\"articleSection\":[\"B\u00f6lg\u0259\",\"Sosial\",\"X\u0259b\u0259rl\u0259r\"],\"inLanguage\":\"az\"},{\"@type\":\"WebPage\",\"@id\":\"https:\\\/\\\/www.meydan.tv\\\/az\\\/article\\\/mingecevirde-mekteb-direktoru-rusvet-ittihami-ile-isden-cixarilib\\\/\",\"url\":\"https:\\\/\\\/www.meydan.tv\\\/az\\\/article\\\/mingecevirde-mekteb-direktoru-rusvet-ittihami-ile-isden-cixarilib\\\/\",\"name\":\"Ming\u0259\u00e7evird\u0259 m\u0259kt\u0259b direktoru r\u00fc\u015fv\u0259t ittiham\u0131 il\u0259 i\u015fd\u0259n \u00e7\u0131xar\u0131l\u0131b - MEYDAN.TV\",\"isPartOf\":{\"@id\":\"https:\\\/\\\/www.meydan.tv\\\/az\\\/#website\"},\"primaryImageOfPage\":{\"@id\":\"https:\\\/\\\/www.meydan.tv\\\/az\\\/article\\\/mingecevirde-mekteb-direktoru-rusvet-ittihami-ile-isden-cixarilib\\\/#primaryimage\"},\"image\":{\"@id\":\"https:\\\/\\\/www.meydan.tv\\\/az\\\/article\\\/mingecevirde-mekteb-direktoru-rusvet-ittihami-ile-isden-cixarilib\\\/#primaryimage\"},\"thumbnailUrl\":\"https:\\\/\\\/www.meydan.tv\\\/wp-content\\\/uploads\\\/shutterstock_598274123-e1643101424514.jpg\",\"datePublished\":\"2024-02-27T10:39:20+00:00\",\"dateModified\":\"2024-02-27T10:39:23+00:00\",\"breadcrumb\":{\"@id\":\"https:\\\/\\\/www.meydan.tv\\\/az\\\/article\\\/mingecevirde-mekteb-direktoru-rusvet-ittihami-ile-isden-cixarilib\\\/#breadcrumb\"},\"inLanguage\":\"az\",\"potentialAction\":[{\"@type\":\"ReadAction\",\"target\":[\"https:\\\/\\\/www.meydan.tv\\\/az\\\/article\\\/mingecevirde-mekteb-direktoru-rusvet-ittihami-ile-isden-cixarilib\\\/\"]}]},{\"@type\":\"ImageObject\",\"inLanguage\":\"az\",\"@id\":\"https:\\\/\\\/www.meydan.tv\\\/az\\\/article\\\/mingecevirde-mekteb-direktoru-rusvet-ittihami-ile-isden-cixarilib\\\/#primaryimage\",\"url\":\"https:\\\/\\\/www.meydan.tv\\\/wp-content\\\/uploads\\\/shutterstock_598274123-e1643101424514.jpg\",\"contentUrl\":\"https:\\\/\\\/www.meydan.tv\\\/wp-content\\\/uploads\\\/shutterstock_598274123-e1643101424514.jpg\",\"width\":1702,\"height\":647,\"caption\":\"Korrupsiya, Atstock Productions\\\/shutterstock\"},{\"@type\":\"BreadcrumbList\",\"@id\":\"https:\\\/\\\/www.meydan.tv\\\/az\\\/article\\\/mingecevirde-mekteb-direktoru-rusvet-ittihami-ile-isden-cixarilib\\\/#breadcrumb\",\"itemListElement\":[{\"@type\":\"ListItem\",\"position\":1,\"name\":\"Ana s\u0259hif\u0259\",\"item\":\"https:\\\/\\\/www.meydan.tv\\\/az\\\/\"},{\"@type\":\"ListItem\",\"position\":2,\"name\":\"Sosial\",\"item\":\"https:\\\/\\\/www.meydan.tv\\\/az\\\/section\\\/sosial\\\/\"},{\"@type\":\"ListItem\",\"position\":3,\"name\":\"Ming\u0259\u00e7evird\u0259 m\u0259kt\u0259b direktoru r\u00fc\u015fv\u0259t ittiham\u0131 il\u0259 i\u015fd\u0259n \u00e7\u0131xar\u0131l\u0131b\"}]},{\"@type\":\"WebSite\",\"@id\":\"https:\\\/\\\/www.meydan.tv\\\/az\\\/#website\",\"url\":\"https:\\\/\\\/www.meydan.tv\\\/az\\\/\",\"name\":\"MEYDAN.TV\",\"description\":\"Meydan TV Az\u0259rbaycan\u0131n media m\u0259kan\u0131ndak\u0131 alternativ s\u0259sidir\",\"publisher\":{\"@id\":\"https:\\\/\\\/www.meydan.tv\\\/az\\\/#organization\"},\"potentialAction\":[{\"@type\":\"SearchAction\",\"target\":{\"@type\":\"EntryPoint\",\"urlTemplate\":\"https:\\\/\\\/www.meydan.tv\\\/az\\\/?s={search_term_string}\"},\"query-input\":{\"@type\":\"PropertyValueSpecification\",\"valueRequired\":true,\"valueName\":\"search_term_string\"}}],\"inLanguage\":\"az\"},{\"@type\":\"Organization\",\"@id\":\"https:\\\/\\\/www.meydan.tv\\\/az\\\/#organization\",\"name\":\"Meydan TV\",\"url\":\"https:\\\/\\\/www.meydan.tv\\\/az\\\/\",\"logo\":{\"@type\":\"ImageObject\",\"inLanguage\":\"az\",\"@id\":\"https:\\\/\\\/www.meydan.tv\\\/az\\\/#\\\/schema\\\/logo\\\/image\\\/\",\"url\":\"https:\\\/\\\/www.meydan.tv\\\/wp-content\\\/uploads\\\/2021\\\/07\\\/meydan-logo.svg\",\"contentUrl\":\"https:\\\/\\\/www.meydan.tv\\\/wp-content\\\/uploads\\\/2021\\\/07\\\/meydan-logo.svg\",\"width\":195,\"height\":46,\"caption\":\"Meydan TV\"},\"image\":{\"@id\":\"https:\\\/\\\/www.meydan.tv\\\/az\\\/#\\\/schema\\\/logo\\\/image\\\/\"}},{\"@type\":\"Person\",\"@id\":\"https:\\\/\\\/www.meydan.tv\\\/az\\\/#\\\/schema\\\/person\\\/09863e516102a829e72bedcf3f84c6b0\",\"name\":\"mahmud\"}]}<\/script>\n<!-- \/ Yoast SEO plugin. -->","yoast_head_json":{"title":"Ming\u0259\u00e7evird\u0259 m\u0259kt\u0259b direktoru r\u00fc\u015fv\u0259t ittiham\u0131 il\u0259 i\u015fd\u0259n \u00e7\u0131xar\u0131l\u0131b - MEYDAN.TV","robots":{"index":"index","follow":"follow","max-snippet":"max-snippet:-1","max-image-preview":"max-image-preview:large","max-video-preview":"max-video-preview:-1"},"canonical":"https:\/\/www.meydan.tv\/az\/article\/mingecevirde-mekteb-direktoru-rusvet-ittihami-ile-isden-cixarilib\/","og_locale":"az_AZ","og_type":"article","og_title":"Ming\u0259\u00e7evird\u0259 m\u0259kt\u0259b direktoru r\u00fc\u015fv\u0259t ittiham\u0131 il\u0259 i\u015fd\u0259n \u00e7\u0131xar\u0131l\u0131b - MEYDAN.TV","og_description":"Direktorun pul t\u0259l\u0259b etdiyini g\u00f6st\u0259r\u0259n g\u00f6r\u00fcnt\u00fcl\u0259r yay\u0131l\u0131b Ming\u0259\u00e7evir \u015f\u0259h\u0259rind\u0259ki 4 ... Davam\u0131","og_url":"https:\/\/www.meydan.tv\/az\/article\/mingecevirde-mekteb-direktoru-rusvet-ittihami-ile-isden-cixarilib\/","og_site_name":"MEYDAN.TV","article_published_time":"2024-02-27T10:39:20+00:00","article_modified_time":"2024-02-27T10:39:23+00:00","og_image":[{"width":1702,"height":647,"url":"https:\/\/www.meydan.tv\/wp-content\/uploads\/shutterstock_598274123-e1643101424514.jpg","type":"image\/jpeg"}],"author":"mahmud","twitter_card":"summary_large_image","schema":{"@context":"https:\/\/schema.org","@graph":[{"@type":"Article","@id":"https:\/\/www.meydan.tv\/az\/article\/mingecevirde-mekteb-direktoru-rusvet-ittihami-ile-isden-cixarilib\/#article","isPartOf":{"@id":"https:\/\/www.meydan.tv\/az\/article\/mingecevirde-mekteb-direktoru-rusvet-ittihami-ile-isden-cixarilib\/"},"author":{"name":"mahmud","@id":"https:\/\/www.meydan.tv\/az\/#\/schema\/person\/09863e516102a829e72bedcf3f84c6b0"},"headline":"Ming\u0259\u00e7evird\u0259 m\u0259kt\u0259b direktoru r\u00fc\u015fv\u0259t ittiham\u0131 il\u0259 i\u015fd\u0259n \u00e7\u0131xar\u0131l\u0131b","datePublished":"2024-02-27T10:39:20+00:00","dateModified":"2024-02-27T10:39:23+00:00","mainEntityOfPage":{"@id":"https:\/\/www.meydan.tv\/az\/article\/mingecevirde-mekteb-direktoru-rusvet-ittihami-ile-isden-cixarilib\/"},"wordCount":284,"publisher":{"@id":"https:\/\/www.meydan.tv\/az\/#organization"},"image":{"@id":"https:\/\/www.meydan.tv\/az\/article\/mingecevirde-mekteb-direktoru-rusvet-ittihami-ile-isden-cixarilib\/#primaryimage"},"thumbnailUrl":"https:\/\/www.meydan.tv\/wp-content\/uploads\/shutterstock_598274123-e1643101424514.jpg","articleSection":["B\u00f6lg\u0259","Sosial","X\u0259b\u0259rl\u0259r"],"inLanguage":"az"},{"@type":"WebPage","@id":"https:\/\/www.meydan.tv\/az\/article\/mingecevirde-mekteb-direktoru-rusvet-ittihami-ile-isden-cixarilib\/","url":"https:\/\/www.meydan.tv\/az\/article\/mingecevirde-mekteb-direktoru-rusvet-ittihami-ile-isden-cixarilib\/","name":"Ming\u0259\u00e7evird\u0259 m\u0259kt\u0259b direktoru r\u00fc\u015fv\u0259t ittiham\u0131 il\u0259 i\u015fd\u0259n \u00e7\u0131xar\u0131l\u0131b - MEYDAN.TV","isPartOf":{"@id":"https:\/\/www.meydan.tv\/az\/#website"},"primaryImageOfPage":{"@id":"https:\/\/www.meydan.tv\/az\/article\/mingecevirde-mekteb-direktoru-rusvet-ittihami-ile-isden-cixarilib\/#primaryimage"},"image":{"@id":"https:\/\/www.meydan.tv\/az\/article\/mingecevirde-mekteb-direktoru-rusvet-ittihami-ile-isden-cixarilib\/#primaryimage"},"thumbnailUrl":"https:\/\/www.meydan.tv\/wp-content\/uploads\/shutterstock_598274123-e1643101424514.jpg","datePublished":"2024-02-27T10:39:20+00:00","dateModified":"2024-02-27T10:39:23+00:00","breadcrumb":{"@id":"https:\/\/www.meydan.tv\/az\/article\/mingecevirde-mekteb-direktoru-rusvet-ittihami-ile-isden-cixarilib\/#breadcrumb"},"inLanguage":"az","potentialAction":[{"@type":"ReadAction","target":["https:\/\/www.meydan.tv\/az\/article\/mingecevirde-mekteb-direktoru-rusvet-ittihami-ile-isden-cixarilib\/"]}]},{"@type":"ImageObject","inLanguage":"az","@id":"https:\/\/www.meydan.tv\/az\/article\/mingecevirde-mekteb-direktoru-rusvet-ittihami-ile-isden-cixarilib\/#primaryimage","url":"https:\/\/www.meydan.tv\/wp-content\/uploads\/shutterstock_598274123-e1643101424514.jpg","contentUrl":"https:\/\/www.meydan.tv\/wp-content\/uploads\/shutterstock_598274123-e1643101424514.jpg","width":1702,"height":647,"caption":"Korrupsiya, Atstock Productions\/shutterstock"},{"@type":"BreadcrumbList","@id":"https:\/\/www.meydan.tv\/az\/article\/mingecevirde-mekteb-direktoru-rusvet-ittihami-ile-isden-cixarilib\/#breadcrumb","itemListElement":[{"@type":"ListItem","position":1,"name":"Ana s\u0259hif\u0259","item":"https:\/\/www.meydan.tv\/az\/"},{"@type":"ListItem","position":2,"name":"Sosial","item":"https:\/\/www.meydan.tv\/az\/section\/sosial\/"},{"@type":"ListItem","position":3,"name":"Ming\u0259\u00e7evird\u0259 m\u0259kt\u0259b direktoru r\u00fc\u015fv\u0259t ittiham\u0131 il\u0259 i\u015fd\u0259n \u00e7\u0131xar\u0131l\u0131b"}]},{"@type":"WebSite","@id":"https:\/\/www.meydan.tv\/az\/#website","url":"https:\/\/www.meydan.tv\/az\/","name":"MEYDAN.TV","description":"Meydan TV Az\u0259rbaycan\u0131n media m\u0259kan\u0131ndak\u0131 alternativ s\u0259sidir","publisher":{"@id":"https:\/\/www.meydan.tv\/az\/#organization"},"potentialAction":[{"@type":"SearchAction","target":{"@type":"EntryPoint","urlTemplate":"https:\/\/www.meydan.tv\/az\/?s={search_term_string}"},"query-input":{"@type":"PropertyValueSpecification","valueRequired":true,"valueName":"search_term_string"}}],"inLanguage":"az"},{"@type":"Organization","@id":"https:\/\/www.meydan.tv\/az\/#organization","name":"Meydan TV","url":"https:\/\/www.meydan.tv\/az\/","logo":{"@type":"ImageObject","inLanguage":"az","@id":"https:\/\/www.meydan.tv\/az\/#\/schema\/logo\/image\/","url":"https:\/\/www.meydan.tv\/wp-content\/uploads\/2021\/07\/meydan-logo.svg","contentUrl":"https:\/\/www.meydan.tv\/wp-content\/uploads\/2021\/07\/meydan-logo.svg","width":195,"height":46,"caption":"Meydan TV"},"image":{"@id":"https:\/\/www.meydan.tv\/az\/#\/schema\/logo\/image\/"}},{"@type":"Person","@id":"https:\/\/www.meydan.tv\/az\/#\/schema\/person\/09863e516102a829e72bedcf3f84c6b0","name":"mahmud"}]}},"_links":{"self":[{"href":"https:\/\/www.meydan.tv\/az\/wp-json\/wp\/v2\/posts\/300057","targetHints":{"allow":["GET"]}}],"collection":[{"href":"https:\/\/www.meydan.tv\/az\/wp-json\/wp\/v2\/posts"}],"about":[{"href":"https:\/\/www.meydan.tv\/az\/wp-json\/wp\/v2\/types\/post"}],"author":[{"embeddable":true,"href":"https:\/\/www.meydan.tv\/az\/wp-json\/wp\/v2\/users\/21"}],"replies":[{"embeddable":true,"href":"https:\/\/www.meydan.tv\/az\/wp-json\/wp\/v2\/comments?post=300057"}],"version-history":[{"count":1,"href":"https:\/\/www.meydan.tv\/az\/wp-json\/wp\/v2\/posts\/300057\/revisions"}],"predecessor-version":[{"id":300062,"href":"https:\/\/www.meydan.tv\/az\/wp-json\/wp\/v2\/posts\/300057\/revisions\/300062"}],"wp:featuredmedia":[{"embeddable":true,"href":"https:\/\/www.meydan.tv\/az\/wp-json\/wp\/v2\/media\/232631"}],"wp:attachment":[{"href":"https:\/\/www.meydan.tv\/az\/wp-json\/wp\/v2\/media?parent=300057"}],"wp:term":[{"taxonomy":"category","embeddable":true,"href":"https:\/\/www.meydan.tv\/az\/wp-json\/wp\/v2\/categories?post=300057"},{"taxonomy":"post_tag","embeddable":true,"href":"https:\/\/www.meydan.tv\/az\/wp-json\/wp\/v2\/tags?post=300057"}],"curies":[{"name":"wp","href":"https:\/\/api.w.org\/{rel}","templated":true}]}}