{"id":300040,"date":"2024-02-26T21:46:18","date_gmt":"2024-02-26T17:46:18","guid":{"rendered":"https:\/\/www.meydan.tv\/?p=300040"},"modified":"2024-02-26T21:46:21","modified_gmt":"2024-02-26T17:46:21","slug":"salamnews-ve-interazin-rehberinin-mehkemesi-basladi","status":"publish","type":"post","link":"https:\/\/www.meydan.tv\/az\/article\/salamnews-ve-interazin-rehberinin-mehkemesi-basladi\/","title":{"rendered":"\u201cSalamNews\u201d v\u0259 \u201c\u0130nterAz\u201d\u0131n r\u0259hb\u0259rinin m\u0259hk\u0259m\u0259si ba\u015flad\u0131"},"content":{"rendered":"\n<p><\/p>\n\n\n\n<p><strong><em>M\u0259tl\u0259b Ba\u011f\u0131rovun h\u00fcquqlar\u0131n\u0131n m\u00fcdafi\u0259sin\u0259 yeni v\u0259kil qo\u015fulub<\/em><\/strong><\/p>\n\n\n\n<p>\u201cSalamNews\u201d informasiya agentliyi v\u0259 \u201c\u0130nterAz\u201d\u0131n r\u0259hb\u0259ri M\u0259tl\u0259b Ba\u011f\u0131rovun m\u0259hk\u0259m\u0259si ba\u015flay\u0131b. Onun i\u015fin\u0259 Bak\u0131 A\u011f\u0131r Cinay\u0259tl\u0259r M\u0259hk\u0259m\u0259sind\u0259 hakim Leyla \u018fsg\u0259rova-M\u0259mm\u0259dovan\u0131n s\u0259drliyil\u0259 bax\u0131l\u0131r.<\/p>\n\n\n\n<p>Fevral\u0131n 26-da m\u0259hk\u0259m\u0259nin haz\u0131rl\u0131q iclas\u0131 ke\u00e7irilib. \u0130clasda M\u0259tl\u0259b Ba\u011f\u0131rovun anket m\u0259lumatlar\u0131 d\u0259qiql\u0259\u015fdirilib, ittiham akt\u0131 v\u0259 m\u0259hk\u0259m\u0259 bildiri\u015fini al\u0131b-almad\u0131\u011f\u0131 soru\u015fulub. M\u0259tl\u0259b Ba\u011f\u0131rov s\u00f6z\u00fcged\u0259n s\u0259n\u0259dl\u0259ri ald\u0131\u011f\u0131n\u0131 deyib.<\/p>\n\n\n\n<p>M\u0259hk\u0259m\u0259nin haz\u0131rl\u0131q iclas\u0131nda m\u0259lum olub ki, M\u0259tl\u0259b Ba\u011f\u0131rovun h\u00fcquqlar\u0131n\u0131n m\u00fcdafi\u0259sin\u0259 yeni v\u0259kil qo\u015fulub. M\u00fcdafi\u0259\u00e7i cinay\u0259t i\u015finin materiallar\u0131yla tan\u0131\u015f olmaq \u00fc\u00e7\u00fcn vaxt ist\u0259yib. Bu s\u0259b\u0259bd\u0259n m\u0259hk\u0259m\u0259 prosesi mart\u0131n 4-n\u0259 q\u0259d\u0259r t\u0259xir\u0259 sal\u0131n\u0131b.<\/p>\n\n\n\n<p>Hac\u0131 M\u0259tl\u0259b kimi tan\u0131nan 44 ya\u015fl\u0131 M\u0259tl\u0259b Ba\u011f\u0131rova qar\u015f\u0131 Cinay\u0259t M\u0259c\u0259ll\u0259sinin 193-1.3.2 (cinay\u0259t yolu il\u0259 \u0259ld\u0259 olunmu\u015f v\u0259saitl\u0259ri leqalla\u015fd\u0131rma \u2013 xeyli miqdarda t\u00f6r\u0259dildikd\u0259), 206 (qa\u00e7aqmal\u00e7\u0131l\u0131q), 213-c\u00fc (vergid\u0259n yay\u0131nma) v\u0259 ba\u015fqa madd\u0259l\u0259ril\u0259 ittiham ir\u0259li s\u00fcr\u00fcl\u00fcb. O. h\u0259m\u00e7inin dini-ekstremizm m\u0259zmunlu materiallar yaymaqda, \u0130randan Az\u0259rbaycana r\u0259smi qaydada b\u0259yan etm\u0259d\u0259n pul g\u0259tirm\u0259kd\u0259 v\u0259 s. \u0259m\u0259ll\u0259rd\u0259 t\u0259qsirl\u0259ndirilir.<\/p>\n\n\n\n<p>Lakin M\u0259tl\u0259b Ba\u011f\u0131rov bu ittihamlar\u0131 q\u0259bul etmir v\u0259 \u00f6z\u00fcn\u00fc t\u0259qsirli bilmir.<\/p>\n\n\n\n<p>Bu cinay\u0259t i\u015find\u0259 D\u00f6vl\u0259t Vergi Xidm\u0259ti z\u0259r\u0259r\u00e7\u0259kmi\u015f qismind\u0259 tan\u0131n\u0131b. Bu qurumun n\u00fcmay\u0259nd\u0259si d\u0259 m\u0259hk\u0259m\u0259 prosesind\u0259 t\u0259msil olunur.<\/p>\n\n\n\n<p>M\u0259tl\u0259b Ba\u011f\u0131rov 2023-c\u00fc ilin yanvar\u0131nda h\u0259bs olunub. H\u0259min vaxt h\u00fcquq-m\u00fchafiz\u0259 orqanlar\u0131n\u0131n \u0259m\u0259kda\u015flar\u0131 \u201cSalamNews\u201d v\u0259 \u201c\u0130nterAz\u201d\u0131n ofisind\u0259 axtar\u0131\u015f apar\u0131b.<\/p>\n\n\n\n<p>Hac\u0131 M\u0259tl\u0259b DTX-n\u0131n istintaq t\u0259cridxanas\u0131nda saxlan\u0131l\u0131r.<\/p>\n","protected":false},"excerpt":{"rendered":"<p>M\u0259tl\u0259b Ba\u011f\u0131rovun h\u00fcquqlar\u0131n\u0131n m\u00fcdafi\u0259sin\u0259 yeni v\u0259kil qo\u015fulub \u201cSalamNews\u201d informasiya agentliyi &#8230; <\/p>\n<p class=\"read-more-container\"><a title=\"\u201cSalamNews\u201d v\u0259 \u201c\u0130nterAz\u201d\u0131n r\u0259hb\u0259rinin m\u0259hk\u0259m\u0259si ba\u015flad\u0131\" class=\"read-more button\" href=\"https:\/\/www.meydan.tv\/az\/article\/salamnews-ve-interazin-rehberinin-mehkemesi-basladi\/#more-300040\" aria-label=\"Read more about \u201cSalamNews\u201d v\u0259 \u201c\u0130nterAz\u201d\u0131n r\u0259hb\u0259rinin m\u0259hk\u0259m\u0259si ba\u015flad\u0131\">Davam\u0131<\/a><\/p>\n","protected":false},"author":21,"featured_media":299751,"comment_status":"closed","ping_status":"closed","sticky":false,"template":"","format":"standard","meta":{"_acf_changed":false,"_sitemap_exclude":false,"_sitemap_priority":"","_sitemap_frequency":"","footnotes":""},"categories":[62,56],"tags":[],"class_list":["post-300040","post","type-post","status-publish","format-standard","has-post-thumbnail","hentry","category-sosial","category-xeberler","infinite-scroll-item","generate-columns","tablet-grid-50","mobile-grid-100","grid-parent","grid-33","no-featured-image-padding"],"acf":[],"yoast_head":"<!-- This site is optimized with the Yoast SEO plugin v27.5 - https:\/\/yoast.com\/product\/yoast-seo-wordpress\/ -->\n<title>\u201cSalamNews\u201d v\u0259 \u201c\u0130nterAz\u201d\u0131n r\u0259hb\u0259rinin m\u0259hk\u0259m\u0259si ba\u015flad\u0131 - MEYDAN.TV<\/title>\n<meta name=\"robots\" content=\"index, follow, max-snippet:-1, max-image-preview:large, max-video-preview:-1\" \/>\n<link rel=\"canonical\" href=\"https:\/\/www.meydan.tv\/az\/article\/salamnews-ve-interazin-rehberinin-mehkemesi-basladi\/\" \/>\n<meta property=\"og:locale\" content=\"az_AZ\" \/>\n<meta property=\"og:type\" content=\"article\" \/>\n<meta property=\"og:title\" content=\"\u201cSalamNews\u201d v\u0259 \u201c\u0130nterAz\u201d\u0131n r\u0259hb\u0259rinin m\u0259hk\u0259m\u0259si ba\u015flad\u0131 - MEYDAN.TV\" \/>\n<meta property=\"og:description\" content=\"M\u0259tl\u0259b Ba\u011f\u0131rovun h\u00fcquqlar\u0131n\u0131n m\u00fcdafi\u0259sin\u0259 yeni v\u0259kil qo\u015fulub \u201cSalamNews\u201d informasiya agentliyi ... Davam\u0131\" \/>\n<meta property=\"og:url\" content=\"https:\/\/www.meydan.tv\/az\/article\/salamnews-ve-interazin-rehberinin-mehkemesi-basladi\/\" \/>\n<meta property=\"og:site_name\" content=\"MEYDAN.TV\" \/>\n<meta property=\"article:published_time\" content=\"2024-02-26T17:46:18+00:00\" \/>\n<meta property=\"article:modified_time\" content=\"2024-02-26T17:46:21+00:00\" \/>\n<meta property=\"og:image\" content=\"https:\/\/www.meydan.tv\/wp-content\/uploads\/sddefault-2.jpg\" \/>\n\t<meta property=\"og:image:width\" content=\"640\" \/>\n\t<meta property=\"og:image:height\" content=\"480\" \/>\n\t<meta property=\"og:image:type\" content=\"image\/jpeg\" \/>\n<meta name=\"author\" content=\"mahmud\" \/>\n<meta name=\"twitter:card\" content=\"summary_large_image\" \/>\n<script type=\"application\/ld+json\" class=\"yoast-schema-graph\">{\"@context\":\"https:\\\/\\\/schema.org\",\"@graph\":[{\"@type\":\"Article\",\"@id\":\"https:\\\/\\\/www.meydan.tv\\\/az\\\/article\\\/salamnews-ve-interazin-rehberinin-mehkemesi-basladi\\\/#article\",\"isPartOf\":{\"@id\":\"https:\\\/\\\/www.meydan.tv\\\/az\\\/article\\\/salamnews-ve-interazin-rehberinin-mehkemesi-basladi\\\/\"},\"author\":{\"name\":\"mahmud\",\"@id\":\"https:\\\/\\\/www.meydan.tv\\\/az\\\/#\\\/schema\\\/person\\\/09863e516102a829e72bedcf3f84c6b0\"},\"headline\":\"\u201cSalamNews\u201d v\u0259 \u201c\u0130nterAz\u201d\u0131n r\u0259hb\u0259rinin m\u0259hk\u0259m\u0259si ba\u015flad\u0131\",\"datePublished\":\"2024-02-26T17:46:18+00:00\",\"dateModified\":\"2024-02-26T17:46:21+00:00\",\"mainEntityOfPage\":{\"@id\":\"https:\\\/\\\/www.meydan.tv\\\/az\\\/article\\\/salamnews-ve-interazin-rehberinin-mehkemesi-basladi\\\/\"},\"wordCount\":382,\"publisher\":{\"@id\":\"https:\\\/\\\/www.meydan.tv\\\/az\\\/#organization\"},\"image\":{\"@id\":\"https:\\\/\\\/www.meydan.tv\\\/az\\\/article\\\/salamnews-ve-interazin-rehberinin-mehkemesi-basladi\\\/#primaryimage\"},\"thumbnailUrl\":\"https:\\\/\\\/www.meydan.tv\\\/wp-content\\\/uploads\\\/sddefault-2.jpg\",\"articleSection\":[\"Sosial\",\"X\u0259b\u0259rl\u0259r\"],\"inLanguage\":\"az\"},{\"@type\":\"WebPage\",\"@id\":\"https:\\\/\\\/www.meydan.tv\\\/az\\\/article\\\/salamnews-ve-interazin-rehberinin-mehkemesi-basladi\\\/\",\"url\":\"https:\\\/\\\/www.meydan.tv\\\/az\\\/article\\\/salamnews-ve-interazin-rehberinin-mehkemesi-basladi\\\/\",\"name\":\"\u201cSalamNews\u201d v\u0259 \u201c\u0130nterAz\u201d\u0131n r\u0259hb\u0259rinin m\u0259hk\u0259m\u0259si ba\u015flad\u0131 - MEYDAN.TV\",\"isPartOf\":{\"@id\":\"https:\\\/\\\/www.meydan.tv\\\/az\\\/#website\"},\"primaryImageOfPage\":{\"@id\":\"https:\\\/\\\/www.meydan.tv\\\/az\\\/article\\\/salamnews-ve-interazin-rehberinin-mehkemesi-basladi\\\/#primaryimage\"},\"image\":{\"@id\":\"https:\\\/\\\/www.meydan.tv\\\/az\\\/article\\\/salamnews-ve-interazin-rehberinin-mehkemesi-basladi\\\/#primaryimage\"},\"thumbnailUrl\":\"https:\\\/\\\/www.meydan.tv\\\/wp-content\\\/uploads\\\/sddefault-2.jpg\",\"datePublished\":\"2024-02-26T17:46:18+00:00\",\"dateModified\":\"2024-02-26T17:46:21+00:00\",\"breadcrumb\":{\"@id\":\"https:\\\/\\\/www.meydan.tv\\\/az\\\/article\\\/salamnews-ve-interazin-rehberinin-mehkemesi-basladi\\\/#breadcrumb\"},\"inLanguage\":\"az\",\"potentialAction\":[{\"@type\":\"ReadAction\",\"target\":[\"https:\\\/\\\/www.meydan.tv\\\/az\\\/article\\\/salamnews-ve-interazin-rehberinin-mehkemesi-basladi\\\/\"]}]},{\"@type\":\"ImageObject\",\"inLanguage\":\"az\",\"@id\":\"https:\\\/\\\/www.meydan.tv\\\/az\\\/article\\\/salamnews-ve-interazin-rehberinin-mehkemesi-basladi\\\/#primaryimage\",\"url\":\"https:\\\/\\\/www.meydan.tv\\\/wp-content\\\/uploads\\\/sddefault-2.jpg\",\"contentUrl\":\"https:\\\/\\\/www.meydan.tv\\\/wp-content\\\/uploads\\\/sddefault-2.jpg\",\"width\":640,\"height\":480,\"caption\":\"Foto: \u0130nterAz\"},{\"@type\":\"BreadcrumbList\",\"@id\":\"https:\\\/\\\/www.meydan.tv\\\/az\\\/article\\\/salamnews-ve-interazin-rehberinin-mehkemesi-basladi\\\/#breadcrumb\",\"itemListElement\":[{\"@type\":\"ListItem\",\"position\":1,\"name\":\"Ana s\u0259hif\u0259\",\"item\":\"https:\\\/\\\/www.meydan.tv\\\/az\\\/\"},{\"@type\":\"ListItem\",\"position\":2,\"name\":\"Sosial\",\"item\":\"https:\\\/\\\/www.meydan.tv\\\/az\\\/section\\\/sosial\\\/\"},{\"@type\":\"ListItem\",\"position\":3,\"name\":\"\u201cSalamNews\u201d v\u0259 \u201c\u0130nterAz\u201d\u0131n r\u0259hb\u0259rinin m\u0259hk\u0259m\u0259si ba\u015flad\u0131\"}]},{\"@type\":\"WebSite\",\"@id\":\"https:\\\/\\\/www.meydan.tv\\\/az\\\/#website\",\"url\":\"https:\\\/\\\/www.meydan.tv\\\/az\\\/\",\"name\":\"MEYDAN.TV\",\"description\":\"Meydan TV Az\u0259rbaycan\u0131n media m\u0259kan\u0131ndak\u0131 alternativ s\u0259sidir\",\"publisher\":{\"@id\":\"https:\\\/\\\/www.meydan.tv\\\/az\\\/#organization\"},\"potentialAction\":[{\"@type\":\"SearchAction\",\"target\":{\"@type\":\"EntryPoint\",\"urlTemplate\":\"https:\\\/\\\/www.meydan.tv\\\/az\\\/?s={search_term_string}\"},\"query-input\":{\"@type\":\"PropertyValueSpecification\",\"valueRequired\":true,\"valueName\":\"search_term_string\"}}],\"inLanguage\":\"az\"},{\"@type\":\"Organization\",\"@id\":\"https:\\\/\\\/www.meydan.tv\\\/az\\\/#organization\",\"name\":\"Meydan TV\",\"url\":\"https:\\\/\\\/www.meydan.tv\\\/az\\\/\",\"logo\":{\"@type\":\"ImageObject\",\"inLanguage\":\"az\",\"@id\":\"https:\\\/\\\/www.meydan.tv\\\/az\\\/#\\\/schema\\\/logo\\\/image\\\/\",\"url\":\"https:\\\/\\\/www.meydan.tv\\\/wp-content\\\/uploads\\\/2021\\\/07\\\/meydan-logo.svg\",\"contentUrl\":\"https:\\\/\\\/www.meydan.tv\\\/wp-content\\\/uploads\\\/2021\\\/07\\\/meydan-logo.svg\",\"width\":195,\"height\":46,\"caption\":\"Meydan TV\"},\"image\":{\"@id\":\"https:\\\/\\\/www.meydan.tv\\\/az\\\/#\\\/schema\\\/logo\\\/image\\\/\"}},{\"@type\":\"Person\",\"@id\":\"https:\\\/\\\/www.meydan.tv\\\/az\\\/#\\\/schema\\\/person\\\/09863e516102a829e72bedcf3f84c6b0\",\"name\":\"mahmud\"}]}<\/script>\n<!-- \/ Yoast SEO plugin. -->","yoast_head_json":{"title":"\u201cSalamNews\u201d v\u0259 \u201c\u0130nterAz\u201d\u0131n r\u0259hb\u0259rinin m\u0259hk\u0259m\u0259si ba\u015flad\u0131 - MEYDAN.TV","robots":{"index":"index","follow":"follow","max-snippet":"max-snippet:-1","max-image-preview":"max-image-preview:large","max-video-preview":"max-video-preview:-1"},"canonical":"https:\/\/www.meydan.tv\/az\/article\/salamnews-ve-interazin-rehberinin-mehkemesi-basladi\/","og_locale":"az_AZ","og_type":"article","og_title":"\u201cSalamNews\u201d v\u0259 \u201c\u0130nterAz\u201d\u0131n r\u0259hb\u0259rinin m\u0259hk\u0259m\u0259si ba\u015flad\u0131 - MEYDAN.TV","og_description":"M\u0259tl\u0259b Ba\u011f\u0131rovun h\u00fcquqlar\u0131n\u0131n m\u00fcdafi\u0259sin\u0259 yeni v\u0259kil qo\u015fulub \u201cSalamNews\u201d informasiya agentliyi ... Davam\u0131","og_url":"https:\/\/www.meydan.tv\/az\/article\/salamnews-ve-interazin-rehberinin-mehkemesi-basladi\/","og_site_name":"MEYDAN.TV","article_published_time":"2024-02-26T17:46:18+00:00","article_modified_time":"2024-02-26T17:46:21+00:00","og_image":[{"width":640,"height":480,"url":"https:\/\/www.meydan.tv\/wp-content\/uploads\/sddefault-2.jpg","type":"image\/jpeg"}],"author":"mahmud","twitter_card":"summary_large_image","schema":{"@context":"https:\/\/schema.org","@graph":[{"@type":"Article","@id":"https:\/\/www.meydan.tv\/az\/article\/salamnews-ve-interazin-rehberinin-mehkemesi-basladi\/#article","isPartOf":{"@id":"https:\/\/www.meydan.tv\/az\/article\/salamnews-ve-interazin-rehberinin-mehkemesi-basladi\/"},"author":{"name":"mahmud","@id":"https:\/\/www.meydan.tv\/az\/#\/schema\/person\/09863e516102a829e72bedcf3f84c6b0"},"headline":"\u201cSalamNews\u201d v\u0259 \u201c\u0130nterAz\u201d\u0131n r\u0259hb\u0259rinin m\u0259hk\u0259m\u0259si ba\u015flad\u0131","datePublished":"2024-02-26T17:46:18+00:00","dateModified":"2024-02-26T17:46:21+00:00","mainEntityOfPage":{"@id":"https:\/\/www.meydan.tv\/az\/article\/salamnews-ve-interazin-rehberinin-mehkemesi-basladi\/"},"wordCount":382,"publisher":{"@id":"https:\/\/www.meydan.tv\/az\/#organization"},"image":{"@id":"https:\/\/www.meydan.tv\/az\/article\/salamnews-ve-interazin-rehberinin-mehkemesi-basladi\/#primaryimage"},"thumbnailUrl":"https:\/\/www.meydan.tv\/wp-content\/uploads\/sddefault-2.jpg","articleSection":["Sosial","X\u0259b\u0259rl\u0259r"],"inLanguage":"az"},{"@type":"WebPage","@id":"https:\/\/www.meydan.tv\/az\/article\/salamnews-ve-interazin-rehberinin-mehkemesi-basladi\/","url":"https:\/\/www.meydan.tv\/az\/article\/salamnews-ve-interazin-rehberinin-mehkemesi-basladi\/","name":"\u201cSalamNews\u201d v\u0259 \u201c\u0130nterAz\u201d\u0131n r\u0259hb\u0259rinin m\u0259hk\u0259m\u0259si ba\u015flad\u0131 - MEYDAN.TV","isPartOf":{"@id":"https:\/\/www.meydan.tv\/az\/#website"},"primaryImageOfPage":{"@id":"https:\/\/www.meydan.tv\/az\/article\/salamnews-ve-interazin-rehberinin-mehkemesi-basladi\/#primaryimage"},"image":{"@id":"https:\/\/www.meydan.tv\/az\/article\/salamnews-ve-interazin-rehberinin-mehkemesi-basladi\/#primaryimage"},"thumbnailUrl":"https:\/\/www.meydan.tv\/wp-content\/uploads\/sddefault-2.jpg","datePublished":"2024-02-26T17:46:18+00:00","dateModified":"2024-02-26T17:46:21+00:00","breadcrumb":{"@id":"https:\/\/www.meydan.tv\/az\/article\/salamnews-ve-interazin-rehberinin-mehkemesi-basladi\/#breadcrumb"},"inLanguage":"az","potentialAction":[{"@type":"ReadAction","target":["https:\/\/www.meydan.tv\/az\/article\/salamnews-ve-interazin-rehberinin-mehkemesi-basladi\/"]}]},{"@type":"ImageObject","inLanguage":"az","@id":"https:\/\/www.meydan.tv\/az\/article\/salamnews-ve-interazin-rehberinin-mehkemesi-basladi\/#primaryimage","url":"https:\/\/www.meydan.tv\/wp-content\/uploads\/sddefault-2.jpg","contentUrl":"https:\/\/www.meydan.tv\/wp-content\/uploads\/sddefault-2.jpg","width":640,"height":480,"caption":"Foto: \u0130nterAz"},{"@type":"BreadcrumbList","@id":"https:\/\/www.meydan.tv\/az\/article\/salamnews-ve-interazin-rehberinin-mehkemesi-basladi\/#breadcrumb","itemListElement":[{"@type":"ListItem","position":1,"name":"Ana s\u0259hif\u0259","item":"https:\/\/www.meydan.tv\/az\/"},{"@type":"ListItem","position":2,"name":"Sosial","item":"https:\/\/www.meydan.tv\/az\/section\/sosial\/"},{"@type":"ListItem","position":3,"name":"\u201cSalamNews\u201d v\u0259 \u201c\u0130nterAz\u201d\u0131n r\u0259hb\u0259rinin m\u0259hk\u0259m\u0259si ba\u015flad\u0131"}]},{"@type":"WebSite","@id":"https:\/\/www.meydan.tv\/az\/#website","url":"https:\/\/www.meydan.tv\/az\/","name":"MEYDAN.TV","description":"Meydan TV Az\u0259rbaycan\u0131n media m\u0259kan\u0131ndak\u0131 alternativ s\u0259sidir","publisher":{"@id":"https:\/\/www.meydan.tv\/az\/#organization"},"potentialAction":[{"@type":"SearchAction","target":{"@type":"EntryPoint","urlTemplate":"https:\/\/www.meydan.tv\/az\/?s={search_term_string}"},"query-input":{"@type":"PropertyValueSpecification","valueRequired":true,"valueName":"search_term_string"}}],"inLanguage":"az"},{"@type":"Organization","@id":"https:\/\/www.meydan.tv\/az\/#organization","name":"Meydan TV","url":"https:\/\/www.meydan.tv\/az\/","logo":{"@type":"ImageObject","inLanguage":"az","@id":"https:\/\/www.meydan.tv\/az\/#\/schema\/logo\/image\/","url":"https:\/\/www.meydan.tv\/wp-content\/uploads\/2021\/07\/meydan-logo.svg","contentUrl":"https:\/\/www.meydan.tv\/wp-content\/uploads\/2021\/07\/meydan-logo.svg","width":195,"height":46,"caption":"Meydan TV"},"image":{"@id":"https:\/\/www.meydan.tv\/az\/#\/schema\/logo\/image\/"}},{"@type":"Person","@id":"https:\/\/www.meydan.tv\/az\/#\/schema\/person\/09863e516102a829e72bedcf3f84c6b0","name":"mahmud"}]}},"_links":{"self":[{"href":"https:\/\/www.meydan.tv\/az\/wp-json\/wp\/v2\/posts\/300040","targetHints":{"allow":["GET"]}}],"collection":[{"href":"https:\/\/www.meydan.tv\/az\/wp-json\/wp\/v2\/posts"}],"about":[{"href":"https:\/\/www.meydan.tv\/az\/wp-json\/wp\/v2\/types\/post"}],"author":[{"embeddable":true,"href":"https:\/\/www.meydan.tv\/az\/wp-json\/wp\/v2\/users\/21"}],"replies":[{"embeddable":true,"href":"https:\/\/www.meydan.tv\/az\/wp-json\/wp\/v2\/comments?post=300040"}],"version-history":[{"count":1,"href":"https:\/\/www.meydan.tv\/az\/wp-json\/wp\/v2\/posts\/300040\/revisions"}],"predecessor-version":[{"id":300041,"href":"https:\/\/www.meydan.tv\/az\/wp-json\/wp\/v2\/posts\/300040\/revisions\/300041"}],"wp:featuredmedia":[{"embeddable":true,"href":"https:\/\/www.meydan.tv\/az\/wp-json\/wp\/v2\/media\/299751"}],"wp:attachment":[{"href":"https:\/\/www.meydan.tv\/az\/wp-json\/wp\/v2\/media?parent=300040"}],"wp:term":[{"taxonomy":"category","embeddable":true,"href":"https:\/\/www.meydan.tv\/az\/wp-json\/wp\/v2\/categories?post=300040"},{"taxonomy":"post_tag","embeddable":true,"href":"https:\/\/www.meydan.tv\/az\/wp-json\/wp\/v2\/tags?post=300040"}],"curies":[{"name":"wp","href":"https:\/\/api.w.org\/{rel}","templated":true}]}}