{"id":300036,"date":"2024-02-26T21:37:08","date_gmt":"2024-02-26T17:37:08","guid":{"rendered":"https:\/\/www.meydan.tv\/?p=300036"},"modified":"2024-02-26T21:37:11","modified_gmt":"2024-02-26T17:37:11","slug":"buzovnada-bir-ailenin-uc-uzvunun-qetli-prokuror-kecmis-kurekene-omurluk-hebs-teleb-etdi","status":"publish","type":"post","link":"https:\/\/www.meydan.tv\/az\/article\/buzovnada-bir-ailenin-uc-uzvunun-qetli-prokuror-kecmis-kurekene-omurluk-hebs-teleb-etdi\/","title":{"rendered":"Buzovnada bir ail\u0259nin \u00fc\u00e7 \u00fczv\u00fcn\u00fcn q\u0259tli: prokuror ke\u00e7mi\u015f k\u00fcr\u0259k\u0259n\u0259 \u00f6m\u00fcrl\u00fck h\u0259bs t\u0259l\u0259b etdi"},"content":{"rendered":"\n<p><\/p>\n\n\n\n<p><strong><em>T\u0259qsirl\u0259ndiril\u0259n \u015f\u0259xs is\u0259 bu cinay\u0259t\u0259 aidiyy\u0259ti olmad\u0131\u011f\u0131n\u0131 deyir<\/em><\/strong><\/p>\n\n\n\n<p>Buzovnada bir ail\u0259nin 3 \u00fczv\u00fc \u2013 83 ya\u015fl\u0131 Elbrus Muradov, 77 ya\u015fl\u0131 h\u0259yat yolda\u015f\u0131 \u015eahir\u0259 Muradova v\u0259 onlar\u0131n o\u011flu \u2013 51 ya\u015fl\u0131 Rahim Muradovun q\u0259tli il\u0259 ba\u011fl\u0131 Bak\u0131 A\u011f\u0131r Cinay\u0259tl\u0259r M\u0259hk\u0259m\u0259sind\u0259 apar\u0131lan m\u0259hk\u0259m\u0259 ara\u015fd\u0131rmalar\u0131 yekunla\u015f\u0131b.<\/p>\n\n\n\n<p>Fevral\u0131n 26-da bu i\u015f \u00fczr\u0259 m\u0259hk\u0259m\u0259 prosesind\u0259 prokuror \u00e7\u0131x\u0131\u015f ed\u0259r\u0259k, 3 n\u0259f\u0259ri \u00f6ld\u00fcrm\u0259kd\u0259, daha bir n\u0259f\u0259r\u0259 &#8211; 25 ya\u015fl\u0131 Elbrus A\u011falarova is\u0259 x\u0259sar\u0259t yetirm\u0259kd\u0259 ittiham olunan Nof\u0259l S\u0259f\u0259rova \u00f6m\u00fcrl\u00fck h\u0259bs c\u0259zas\u0131 verilm\u0259sini ist\u0259yib.<\/p>\n\n\n\n<p>M\u0259rhum Muradovlar bu cinay\u0259ti t\u00f6r\u0259tm\u0259kd\u0259 t\u0259qsirl\u0259ndiril\u0259n Nof\u0259l S\u0259f\u0259rovun ke\u00e7mi\u015f h\u0259yat yolda\u015f\u0131n\u0131n n\u0259n\u0259si, babas\u0131 v\u0259 day\u0131s\u0131d\u0131r. Hadis\u0259 zaman\u0131 x\u0259sar\u0259t alan Elbrus A\u011falarov is\u0259 onun ke\u00e7mi\u015f qayn\u0131d\u0131r.<\/p>\n\n\n\n<p>Cinay\u0259t i\u015finin materiallar\u0131na g\u00f6r\u0259, \u0259vv\u0259l h\u0259y\u0259td\u0259 Elbrus Muradov q\u0259tl\u0259 yetirilib. Daha sonra evin i\u00e7ind\u0259 \u015eahir\u0259 Muradova v\u0259 onun x\u0259st\u0259 \u00f6vlad\u0131 Rahim Muradov b\u0131\u00e7aqlan\u0131b. X\u0259st\u0259xanaya apar\u0131lsalar da, onlar\u0131n h\u0259yat\u0131n\u0131 xilas etm\u0259k m\u00fcmk\u00fcn olmay\u0131b. Cinay\u0259ti t\u00f6r\u0259d\u0259n \u015f\u0259xsin hadis\u0259ni t\u00f6r\u0259d\u0259nd\u0259n sonra evd\u0259n \u00e7\u0131x\u0131b ged\u0259nd\u0259 h\u0259y\u0259td\u0259 Elbrus A\u011falarovu da b\u0131\u00e7aqlad\u0131\u011f\u0131 bildirilir.<\/p>\n\n\n\n<p>T\u0259qsirl\u0259ndiril\u0259n Nof\u0259l S\u0259f\u0259rova qar\u015f\u0131 Cinay\u0259t M\u0259c\u0259ll\u0259sinin 120.2.7 (iki v\u0259 ya daha \u00e7ox \u015f\u0259xsi \u00f6ld\u00fcrm\u0259) v\u0259 ba\u015fqa madd\u0259l\u0259ril\u0259 ittiham ir\u0259li s\u00fcr\u00fcl\u00fcb. \u0130ddia olunur ki, o, h\u0259yat yolda\u015f\u0131ndan bo\u015fanmas\u0131na g\u00f6r\u0259 onun yax\u0131nlar\u0131n\u0131 g\u00fcnahkar say\u0131b, onlardan qisas almaq ist\u0259yib.<\/p>\n\n\n\n<p>Lakin Nof\u0259l S\u0259f\u0259rov \u00f6z\u00fcn\u00fc t\u0259qsirli bilmir. O, m\u0259hk\u0259m\u0259d\u0259 bildirib ki, bu cinay\u0259t\u0259 aidiyy\u0259ti yoxdur. Onun s\u00f6zl\u0259rin\u0259 g\u00f6r\u0259, polis idar\u0259sind\u0259 d\u00f6z\u00fclm\u0259z i\u015fg\u0259nc\u0259l\u0259r vasit\u0259sil\u0259 bu cinay\u0259ti \u00fcz\u0259rin\u0259 qoyublar, istintaqdak\u0131 etiraf ifad\u0259si d\u0259 i\u015fg\u0259nc\u0259l\u0259rin n\u0259tic\u0259sidir.<\/p>\n\n\n\n<p>1976-c\u0131 il t\u0259v\u0259ll\u00fcdl\u00fc Nof\u0259l S\u0259f\u0259rov q\u0259ssabd\u0131r. Dediyin\u0259 g\u00f6r\u0259, hadis\u0259 ba\u015f ver\u0259n g\u00fcn q\u0259ssabxanada olub:<\/p>\n\n\n\n<p><em>\u00a0\u201cSonra dostumun kafesin\u0259 getdim. Orada olanda o\u011flum z\u0259ng el\u0259di ki, bel\u0259 bir hadis\u0259 ba\u015f verib. M\u0259n d\u0259 durub ora getdim. Hadis\u0259nin s\u0259h\u0259ri g\u00fcn\u00fc saxlan\u0131ld\u0131m&#8230;\u201d<\/em>.<\/p>\n\n\n\n<p>Hadis\u0259nin yegan\u0259 \u015fahidi \u2013 Elbrus A\u011falarov m\u0259hk\u0259m\u0259d\u0259 bildirib ki, cinay\u0259tkar\u0131n \u00fcz\u00fcn\u00fc g\u00f6rm\u0259yib. Bu s\u0259b\u0259bd\u0259n d\u0259 h\u0259min \u015f\u0259xsin bac\u0131s\u0131n\u0131n ke\u00e7mi\u015f h\u0259yat yolda\u015f\u0131 Nof\u0259l S\u0259f\u0259rov olub-olmad\u0131\u011f\u0131n\u0131 bilmir.<\/p>\n\n\n\n<p>Hadis\u0259 2022-ci il noyabr\u0131n 29-da ax\u015fam saat 20.00 rad\u0259l\u0259rind\u0259 X\u0259z\u0259r rayonu, Buzovna q\u0259s\u0259b\u0259sind\u0259 ba\u015f verib.<\/p>\n","protected":false},"excerpt":{"rendered":"<p>T\u0259qsirl\u0259ndiril\u0259n \u015f\u0259xs is\u0259 bu cinay\u0259t\u0259 aidiyy\u0259ti olmad\u0131\u011f\u0131n\u0131 deyir Buzovnada bir &#8230; <\/p>\n<p class=\"read-more-container\"><a title=\"Buzovnada bir ail\u0259nin \u00fc\u00e7 \u00fczv\u00fcn\u00fcn q\u0259tli: prokuror ke\u00e7mi\u015f k\u00fcr\u0259k\u0259n\u0259 \u00f6m\u00fcrl\u00fck h\u0259bs t\u0259l\u0259b etdi\" class=\"read-more button\" href=\"https:\/\/www.meydan.tv\/az\/article\/buzovnada-bir-ailenin-uc-uzvunun-qetli-prokuror-kecmis-kurekene-omurluk-hebs-teleb-etdi\/#more-300036\" aria-label=\"Read more about Buzovnada bir ail\u0259nin \u00fc\u00e7 \u00fczv\u00fcn\u00fcn q\u0259tli: prokuror ke\u00e7mi\u015f k\u00fcr\u0259k\u0259n\u0259 \u00f6m\u00fcrl\u00fck h\u0259bs t\u0259l\u0259b etdi\">Davam\u0131<\/a><\/p>\n","protected":false},"author":21,"featured_media":267375,"comment_status":"closed","ping_status":"closed","sticky":false,"template":"","format":"standard","meta":{"_acf_changed":false,"_sitemap_exclude":false,"_sitemap_priority":"","_sitemap_frequency":"","footnotes":""},"categories":[62,56],"tags":[],"class_list":["post-300036","post","type-post","status-publish","format-standard","has-post-thumbnail","hentry","category-sosial","category-xeberler","infinite-scroll-item","generate-columns","tablet-grid-50","mobile-grid-100","grid-parent","grid-33","no-featured-image-padding"],"acf":[],"yoast_head":"<!-- This site is optimized with the Yoast SEO plugin v27.5 - https:\/\/yoast.com\/product\/yoast-seo-wordpress\/ -->\n<title>Buzovnada bir ail\u0259nin \u00fc\u00e7 \u00fczv\u00fcn\u00fcn q\u0259tli: prokuror ke\u00e7mi\u015f k\u00fcr\u0259k\u0259n\u0259 \u00f6m\u00fcrl\u00fck h\u0259bs t\u0259l\u0259b etdi - MEYDAN.TV<\/title>\n<meta name=\"robots\" content=\"index, follow, max-snippet:-1, max-image-preview:large, max-video-preview:-1\" \/>\n<link rel=\"canonical\" href=\"https:\/\/www.meydan.tv\/az\/article\/buzovnada-bir-ailenin-uc-uzvunun-qetli-prokuror-kecmis-kurekene-omurluk-hebs-teleb-etdi\/\" \/>\n<meta property=\"og:locale\" content=\"az_AZ\" \/>\n<meta property=\"og:type\" content=\"article\" \/>\n<meta property=\"og:title\" content=\"Buzovnada bir ail\u0259nin \u00fc\u00e7 \u00fczv\u00fcn\u00fcn q\u0259tli: prokuror ke\u00e7mi\u015f k\u00fcr\u0259k\u0259n\u0259 \u00f6m\u00fcrl\u00fck h\u0259bs t\u0259l\u0259b etdi - MEYDAN.TV\" \/>\n<meta property=\"og:description\" content=\"T\u0259qsirl\u0259ndiril\u0259n \u015f\u0259xs is\u0259 bu cinay\u0259t\u0259 aidiyy\u0259ti olmad\u0131\u011f\u0131n\u0131 deyir Buzovnada bir ... Davam\u0131\" \/>\n<meta property=\"og:url\" content=\"https:\/\/www.meydan.tv\/az\/article\/buzovnada-bir-ailenin-uc-uzvunun-qetli-prokuror-kecmis-kurekene-omurluk-hebs-teleb-etdi\/\" \/>\n<meta property=\"og:site_name\" content=\"MEYDAN.TV\" \/>\n<meta property=\"article:published_time\" content=\"2024-02-26T17:37:08+00:00\" \/>\n<meta property=\"article:modified_time\" content=\"2024-02-26T17:37:11+00:00\" \/>\n<meta property=\"og:image\" content=\"https:\/\/www.meydan.tv\/wp-content\/uploads\/download-14.png\" \/>\n\t<meta property=\"og:image:width\" content=\"1200\" \/>\n\t<meta property=\"og:image:height\" content=\"801\" \/>\n\t<meta property=\"og:image:type\" content=\"image\/png\" \/>\n<meta name=\"author\" content=\"mahmud\" \/>\n<meta name=\"twitter:card\" content=\"summary_large_image\" \/>\n<script type=\"application\/ld+json\" class=\"yoast-schema-graph\">{\"@context\":\"https:\\\/\\\/schema.org\",\"@graph\":[{\"@type\":\"Article\",\"@id\":\"https:\\\/\\\/www.meydan.tv\\\/az\\\/article\\\/buzovnada-bir-ailenin-uc-uzvunun-qetli-prokuror-kecmis-kurekene-omurluk-hebs-teleb-etdi\\\/#article\",\"isPartOf\":{\"@id\":\"https:\\\/\\\/www.meydan.tv\\\/az\\\/article\\\/buzovnada-bir-ailenin-uc-uzvunun-qetli-prokuror-kecmis-kurekene-omurluk-hebs-teleb-etdi\\\/\"},\"author\":{\"name\":\"mahmud\",\"@id\":\"https:\\\/\\\/www.meydan.tv\\\/az\\\/#\\\/schema\\\/person\\\/09863e516102a829e72bedcf3f84c6b0\"},\"headline\":\"Buzovnada bir ail\u0259nin \u00fc\u00e7 \u00fczv\u00fcn\u00fcn q\u0259tli: prokuror ke\u00e7mi\u015f k\u00fcr\u0259k\u0259n\u0259 \u00f6m\u00fcrl\u00fck h\u0259bs t\u0259l\u0259b etdi\",\"datePublished\":\"2024-02-26T17:37:08+00:00\",\"dateModified\":\"2024-02-26T17:37:11+00:00\",\"mainEntityOfPage\":{\"@id\":\"https:\\\/\\\/www.meydan.tv\\\/az\\\/article\\\/buzovnada-bir-ailenin-uc-uzvunun-qetli-prokuror-kecmis-kurekene-omurluk-hebs-teleb-etdi\\\/\"},\"wordCount\":537,\"publisher\":{\"@id\":\"https:\\\/\\\/www.meydan.tv\\\/az\\\/#organization\"},\"image\":{\"@id\":\"https:\\\/\\\/www.meydan.tv\\\/az\\\/article\\\/buzovnada-bir-ailenin-uc-uzvunun-qetli-prokuror-kecmis-kurekene-omurluk-hebs-teleb-etdi\\\/#primaryimage\"},\"thumbnailUrl\":\"https:\\\/\\\/www.meydan.tv\\\/wp-content\\\/uploads\\\/download-14.png\",\"articleSection\":[\"Sosial\",\"X\u0259b\u0259rl\u0259r\"],\"inLanguage\":\"az\"},{\"@type\":\"WebPage\",\"@id\":\"https:\\\/\\\/www.meydan.tv\\\/az\\\/article\\\/buzovnada-bir-ailenin-uc-uzvunun-qetli-prokuror-kecmis-kurekene-omurluk-hebs-teleb-etdi\\\/\",\"url\":\"https:\\\/\\\/www.meydan.tv\\\/az\\\/article\\\/buzovnada-bir-ailenin-uc-uzvunun-qetli-prokuror-kecmis-kurekene-omurluk-hebs-teleb-etdi\\\/\",\"name\":\"Buzovnada bir ail\u0259nin \u00fc\u00e7 \u00fczv\u00fcn\u00fcn q\u0259tli: prokuror ke\u00e7mi\u015f k\u00fcr\u0259k\u0259n\u0259 \u00f6m\u00fcrl\u00fck h\u0259bs t\u0259l\u0259b etdi - MEYDAN.TV\",\"isPartOf\":{\"@id\":\"https:\\\/\\\/www.meydan.tv\\\/az\\\/#website\"},\"primaryImageOfPage\":{\"@id\":\"https:\\\/\\\/www.meydan.tv\\\/az\\\/article\\\/buzovnada-bir-ailenin-uc-uzvunun-qetli-prokuror-kecmis-kurekene-omurluk-hebs-teleb-etdi\\\/#primaryimage\"},\"image\":{\"@id\":\"https:\\\/\\\/www.meydan.tv\\\/az\\\/article\\\/buzovnada-bir-ailenin-uc-uzvunun-qetli-prokuror-kecmis-kurekene-omurluk-hebs-teleb-etdi\\\/#primaryimage\"},\"thumbnailUrl\":\"https:\\\/\\\/www.meydan.tv\\\/wp-content\\\/uploads\\\/download-14.png\",\"datePublished\":\"2024-02-26T17:37:08+00:00\",\"dateModified\":\"2024-02-26T17:37:11+00:00\",\"breadcrumb\":{\"@id\":\"https:\\\/\\\/www.meydan.tv\\\/az\\\/article\\\/buzovnada-bir-ailenin-uc-uzvunun-qetli-prokuror-kecmis-kurekene-omurluk-hebs-teleb-etdi\\\/#breadcrumb\"},\"inLanguage\":\"az\",\"potentialAction\":[{\"@type\":\"ReadAction\",\"target\":[\"https:\\\/\\\/www.meydan.tv\\\/az\\\/article\\\/buzovnada-bir-ailenin-uc-uzvunun-qetli-prokuror-kecmis-kurekene-omurluk-hebs-teleb-etdi\\\/\"]}]},{\"@type\":\"ImageObject\",\"inLanguage\":\"az\",\"@id\":\"https:\\\/\\\/www.meydan.tv\\\/az\\\/article\\\/buzovnada-bir-ailenin-uc-uzvunun-qetli-prokuror-kecmis-kurekene-omurluk-hebs-teleb-etdi\\\/#primaryimage\",\"url\":\"https:\\\/\\\/www.meydan.tv\\\/wp-content\\\/uploads\\\/download-14.png\",\"contentUrl\":\"https:\\\/\\\/www.meydan.tv\\\/wp-content\\\/uploads\\\/download-14.png\",\"width\":1200,\"height\":801,\"caption\":\"Q\u0259tl hadis\u0259si. Foto: MiniStocker\\\/shutterstock\"},{\"@type\":\"BreadcrumbList\",\"@id\":\"https:\\\/\\\/www.meydan.tv\\\/az\\\/article\\\/buzovnada-bir-ailenin-uc-uzvunun-qetli-prokuror-kecmis-kurekene-omurluk-hebs-teleb-etdi\\\/#breadcrumb\",\"itemListElement\":[{\"@type\":\"ListItem\",\"position\":1,\"name\":\"Ana s\u0259hif\u0259\",\"item\":\"https:\\\/\\\/www.meydan.tv\\\/az\\\/\"},{\"@type\":\"ListItem\",\"position\":2,\"name\":\"Sosial\",\"item\":\"https:\\\/\\\/www.meydan.tv\\\/az\\\/section\\\/sosial\\\/\"},{\"@type\":\"ListItem\",\"position\":3,\"name\":\"Buzovnada bir ail\u0259nin \u00fc\u00e7 \u00fczv\u00fcn\u00fcn q\u0259tli: prokuror ke\u00e7mi\u015f k\u00fcr\u0259k\u0259n\u0259 \u00f6m\u00fcrl\u00fck h\u0259bs t\u0259l\u0259b etdi\"}]},{\"@type\":\"WebSite\",\"@id\":\"https:\\\/\\\/www.meydan.tv\\\/az\\\/#website\",\"url\":\"https:\\\/\\\/www.meydan.tv\\\/az\\\/\",\"name\":\"MEYDAN.TV\",\"description\":\"Meydan TV Az\u0259rbaycan\u0131n media m\u0259kan\u0131ndak\u0131 alternativ s\u0259sidir\",\"publisher\":{\"@id\":\"https:\\\/\\\/www.meydan.tv\\\/az\\\/#organization\"},\"potentialAction\":[{\"@type\":\"SearchAction\",\"target\":{\"@type\":\"EntryPoint\",\"urlTemplate\":\"https:\\\/\\\/www.meydan.tv\\\/az\\\/?s={search_term_string}\"},\"query-input\":{\"@type\":\"PropertyValueSpecification\",\"valueRequired\":true,\"valueName\":\"search_term_string\"}}],\"inLanguage\":\"az\"},{\"@type\":\"Organization\",\"@id\":\"https:\\\/\\\/www.meydan.tv\\\/az\\\/#organization\",\"name\":\"Meydan TV\",\"url\":\"https:\\\/\\\/www.meydan.tv\\\/az\\\/\",\"logo\":{\"@type\":\"ImageObject\",\"inLanguage\":\"az\",\"@id\":\"https:\\\/\\\/www.meydan.tv\\\/az\\\/#\\\/schema\\\/logo\\\/image\\\/\",\"url\":\"https:\\\/\\\/www.meydan.tv\\\/wp-content\\\/uploads\\\/2021\\\/07\\\/meydan-logo.svg\",\"contentUrl\":\"https:\\\/\\\/www.meydan.tv\\\/wp-content\\\/uploads\\\/2021\\\/07\\\/meydan-logo.svg\",\"width\":195,\"height\":46,\"caption\":\"Meydan TV\"},\"image\":{\"@id\":\"https:\\\/\\\/www.meydan.tv\\\/az\\\/#\\\/schema\\\/logo\\\/image\\\/\"}},{\"@type\":\"Person\",\"@id\":\"https:\\\/\\\/www.meydan.tv\\\/az\\\/#\\\/schema\\\/person\\\/09863e516102a829e72bedcf3f84c6b0\",\"name\":\"mahmud\"}]}<\/script>\n<!-- \/ Yoast SEO plugin. -->","yoast_head_json":{"title":"Buzovnada bir ail\u0259nin \u00fc\u00e7 \u00fczv\u00fcn\u00fcn q\u0259tli: prokuror ke\u00e7mi\u015f k\u00fcr\u0259k\u0259n\u0259 \u00f6m\u00fcrl\u00fck h\u0259bs t\u0259l\u0259b etdi - MEYDAN.TV","robots":{"index":"index","follow":"follow","max-snippet":"max-snippet:-1","max-image-preview":"max-image-preview:large","max-video-preview":"max-video-preview:-1"},"canonical":"https:\/\/www.meydan.tv\/az\/article\/buzovnada-bir-ailenin-uc-uzvunun-qetli-prokuror-kecmis-kurekene-omurluk-hebs-teleb-etdi\/","og_locale":"az_AZ","og_type":"article","og_title":"Buzovnada bir ail\u0259nin \u00fc\u00e7 \u00fczv\u00fcn\u00fcn q\u0259tli: prokuror ke\u00e7mi\u015f k\u00fcr\u0259k\u0259n\u0259 \u00f6m\u00fcrl\u00fck h\u0259bs t\u0259l\u0259b etdi - MEYDAN.TV","og_description":"T\u0259qsirl\u0259ndiril\u0259n \u015f\u0259xs is\u0259 bu cinay\u0259t\u0259 aidiyy\u0259ti olmad\u0131\u011f\u0131n\u0131 deyir Buzovnada bir ... Davam\u0131","og_url":"https:\/\/www.meydan.tv\/az\/article\/buzovnada-bir-ailenin-uc-uzvunun-qetli-prokuror-kecmis-kurekene-omurluk-hebs-teleb-etdi\/","og_site_name":"MEYDAN.TV","article_published_time":"2024-02-26T17:37:08+00:00","article_modified_time":"2024-02-26T17:37:11+00:00","og_image":[{"width":1200,"height":801,"url":"https:\/\/www.meydan.tv\/wp-content\/uploads\/download-14.png","type":"image\/png"}],"author":"mahmud","twitter_card":"summary_large_image","schema":{"@context":"https:\/\/schema.org","@graph":[{"@type":"Article","@id":"https:\/\/www.meydan.tv\/az\/article\/buzovnada-bir-ailenin-uc-uzvunun-qetli-prokuror-kecmis-kurekene-omurluk-hebs-teleb-etdi\/#article","isPartOf":{"@id":"https:\/\/www.meydan.tv\/az\/article\/buzovnada-bir-ailenin-uc-uzvunun-qetli-prokuror-kecmis-kurekene-omurluk-hebs-teleb-etdi\/"},"author":{"name":"mahmud","@id":"https:\/\/www.meydan.tv\/az\/#\/schema\/person\/09863e516102a829e72bedcf3f84c6b0"},"headline":"Buzovnada bir ail\u0259nin \u00fc\u00e7 \u00fczv\u00fcn\u00fcn q\u0259tli: prokuror ke\u00e7mi\u015f k\u00fcr\u0259k\u0259n\u0259 \u00f6m\u00fcrl\u00fck h\u0259bs t\u0259l\u0259b etdi","datePublished":"2024-02-26T17:37:08+00:00","dateModified":"2024-02-26T17:37:11+00:00","mainEntityOfPage":{"@id":"https:\/\/www.meydan.tv\/az\/article\/buzovnada-bir-ailenin-uc-uzvunun-qetli-prokuror-kecmis-kurekene-omurluk-hebs-teleb-etdi\/"},"wordCount":537,"publisher":{"@id":"https:\/\/www.meydan.tv\/az\/#organization"},"image":{"@id":"https:\/\/www.meydan.tv\/az\/article\/buzovnada-bir-ailenin-uc-uzvunun-qetli-prokuror-kecmis-kurekene-omurluk-hebs-teleb-etdi\/#primaryimage"},"thumbnailUrl":"https:\/\/www.meydan.tv\/wp-content\/uploads\/download-14.png","articleSection":["Sosial","X\u0259b\u0259rl\u0259r"],"inLanguage":"az"},{"@type":"WebPage","@id":"https:\/\/www.meydan.tv\/az\/article\/buzovnada-bir-ailenin-uc-uzvunun-qetli-prokuror-kecmis-kurekene-omurluk-hebs-teleb-etdi\/","url":"https:\/\/www.meydan.tv\/az\/article\/buzovnada-bir-ailenin-uc-uzvunun-qetli-prokuror-kecmis-kurekene-omurluk-hebs-teleb-etdi\/","name":"Buzovnada bir ail\u0259nin \u00fc\u00e7 \u00fczv\u00fcn\u00fcn q\u0259tli: prokuror ke\u00e7mi\u015f k\u00fcr\u0259k\u0259n\u0259 \u00f6m\u00fcrl\u00fck h\u0259bs t\u0259l\u0259b etdi - MEYDAN.TV","isPartOf":{"@id":"https:\/\/www.meydan.tv\/az\/#website"},"primaryImageOfPage":{"@id":"https:\/\/www.meydan.tv\/az\/article\/buzovnada-bir-ailenin-uc-uzvunun-qetli-prokuror-kecmis-kurekene-omurluk-hebs-teleb-etdi\/#primaryimage"},"image":{"@id":"https:\/\/www.meydan.tv\/az\/article\/buzovnada-bir-ailenin-uc-uzvunun-qetli-prokuror-kecmis-kurekene-omurluk-hebs-teleb-etdi\/#primaryimage"},"thumbnailUrl":"https:\/\/www.meydan.tv\/wp-content\/uploads\/download-14.png","datePublished":"2024-02-26T17:37:08+00:00","dateModified":"2024-02-26T17:37:11+00:00","breadcrumb":{"@id":"https:\/\/www.meydan.tv\/az\/article\/buzovnada-bir-ailenin-uc-uzvunun-qetli-prokuror-kecmis-kurekene-omurluk-hebs-teleb-etdi\/#breadcrumb"},"inLanguage":"az","potentialAction":[{"@type":"ReadAction","target":["https:\/\/www.meydan.tv\/az\/article\/buzovnada-bir-ailenin-uc-uzvunun-qetli-prokuror-kecmis-kurekene-omurluk-hebs-teleb-etdi\/"]}]},{"@type":"ImageObject","inLanguage":"az","@id":"https:\/\/www.meydan.tv\/az\/article\/buzovnada-bir-ailenin-uc-uzvunun-qetli-prokuror-kecmis-kurekene-omurluk-hebs-teleb-etdi\/#primaryimage","url":"https:\/\/www.meydan.tv\/wp-content\/uploads\/download-14.png","contentUrl":"https:\/\/www.meydan.tv\/wp-content\/uploads\/download-14.png","width":1200,"height":801,"caption":"Q\u0259tl hadis\u0259si. Foto: MiniStocker\/shutterstock"},{"@type":"BreadcrumbList","@id":"https:\/\/www.meydan.tv\/az\/article\/buzovnada-bir-ailenin-uc-uzvunun-qetli-prokuror-kecmis-kurekene-omurluk-hebs-teleb-etdi\/#breadcrumb","itemListElement":[{"@type":"ListItem","position":1,"name":"Ana s\u0259hif\u0259","item":"https:\/\/www.meydan.tv\/az\/"},{"@type":"ListItem","position":2,"name":"Sosial","item":"https:\/\/www.meydan.tv\/az\/section\/sosial\/"},{"@type":"ListItem","position":3,"name":"Buzovnada bir ail\u0259nin \u00fc\u00e7 \u00fczv\u00fcn\u00fcn q\u0259tli: prokuror ke\u00e7mi\u015f k\u00fcr\u0259k\u0259n\u0259 \u00f6m\u00fcrl\u00fck h\u0259bs t\u0259l\u0259b etdi"}]},{"@type":"WebSite","@id":"https:\/\/www.meydan.tv\/az\/#website","url":"https:\/\/www.meydan.tv\/az\/","name":"MEYDAN.TV","description":"Meydan TV Az\u0259rbaycan\u0131n media m\u0259kan\u0131ndak\u0131 alternativ s\u0259sidir","publisher":{"@id":"https:\/\/www.meydan.tv\/az\/#organization"},"potentialAction":[{"@type":"SearchAction","target":{"@type":"EntryPoint","urlTemplate":"https:\/\/www.meydan.tv\/az\/?s={search_term_string}"},"query-input":{"@type":"PropertyValueSpecification","valueRequired":true,"valueName":"search_term_string"}}],"inLanguage":"az"},{"@type":"Organization","@id":"https:\/\/www.meydan.tv\/az\/#organization","name":"Meydan TV","url":"https:\/\/www.meydan.tv\/az\/","logo":{"@type":"ImageObject","inLanguage":"az","@id":"https:\/\/www.meydan.tv\/az\/#\/schema\/logo\/image\/","url":"https:\/\/www.meydan.tv\/wp-content\/uploads\/2021\/07\/meydan-logo.svg","contentUrl":"https:\/\/www.meydan.tv\/wp-content\/uploads\/2021\/07\/meydan-logo.svg","width":195,"height":46,"caption":"Meydan TV"},"image":{"@id":"https:\/\/www.meydan.tv\/az\/#\/schema\/logo\/image\/"}},{"@type":"Person","@id":"https:\/\/www.meydan.tv\/az\/#\/schema\/person\/09863e516102a829e72bedcf3f84c6b0","name":"mahmud"}]}},"_links":{"self":[{"href":"https:\/\/www.meydan.tv\/az\/wp-json\/wp\/v2\/posts\/300036","targetHints":{"allow":["GET"]}}],"collection":[{"href":"https:\/\/www.meydan.tv\/az\/wp-json\/wp\/v2\/posts"}],"about":[{"href":"https:\/\/www.meydan.tv\/az\/wp-json\/wp\/v2\/types\/post"}],"author":[{"embeddable":true,"href":"https:\/\/www.meydan.tv\/az\/wp-json\/wp\/v2\/users\/21"}],"replies":[{"embeddable":true,"href":"https:\/\/www.meydan.tv\/az\/wp-json\/wp\/v2\/comments?post=300036"}],"version-history":[{"count":1,"href":"https:\/\/www.meydan.tv\/az\/wp-json\/wp\/v2\/posts\/300036\/revisions"}],"predecessor-version":[{"id":300037,"href":"https:\/\/www.meydan.tv\/az\/wp-json\/wp\/v2\/posts\/300036\/revisions\/300037"}],"wp:featuredmedia":[{"embeddable":true,"href":"https:\/\/www.meydan.tv\/az\/wp-json\/wp\/v2\/media\/267375"}],"wp:attachment":[{"href":"https:\/\/www.meydan.tv\/az\/wp-json\/wp\/v2\/media?parent=300036"}],"wp:term":[{"taxonomy":"category","embeddable":true,"href":"https:\/\/www.meydan.tv\/az\/wp-json\/wp\/v2\/categories?post=300036"},{"taxonomy":"post_tag","embeddable":true,"href":"https:\/\/www.meydan.tv\/az\/wp-json\/wp\/v2\/tags?post=300036"}],"curies":[{"name":"wp","href":"https:\/\/api.w.org\/{rel}","templated":true}]}}