{"id":300016,"date":"2024-02-26T16:04:44","date_gmt":"2024-02-26T12:04:44","guid":{"rendered":"https:\/\/www.meydan.tv\/?p=300016"},"modified":"2024-02-26T21:32:26","modified_gmt":"2024-02-26T17:32:26","slug":"evez-zeynalli-9-il-elnur-sukurov-4-il-azadliqdan-mehrum-edildi","status":"publish","type":"post","link":"https:\/\/www.meydan.tv\/az\/article\/evez-zeynalli-9-il-elnur-sukurov-4-il-azadliqdan-mehrum-edildi\/","title":{"rendered":"\u018fv\u0259z Zeynall\u0131 9 il,\u00a0 Elnur \u015e\u00fck\u00fcrov 4 il azadl\u0131qdan m\u0259hrum edildi (yenil\u0259nib)"},"content":{"rendered":"\n<p><\/p>\n\n\n\n<p><strong><em>Onlar r\u00fc\u015fv\u0259t almaqda, v\u0259zif\u0259li \u015f\u0259xsin q\u0259rarlar\u0131na t\u0259sir g\u00f6st\u0259rm\u0259d\u0259 t\u0259qsirli bilinibl\u0259r<\/em><\/strong><\/p>\n\n\n\n<p>\u201cXural TV\u201d internet televiziyas\u0131n\u0131n r\u0259hb\u0259ri \u018fv\u0259z Zeynall\u0131 v\u0259 onunla birlikd\u0259 m\u00fchakim\u0259 olunan \u201cS\u0259da TV\u201d adl\u0131 \u201cYoutube\u201d kanal\u0131n\u0131n idar\u0259edicisi Elnur \u015e\u00fck\u00fcrovun m\u0259hk\u0259m\u0259si yekunla\u015f\u0131b. <\/p>\n\n\n\n<p>Fevral\u0131n 26-da Bak\u0131 A\u011f\u0131r Cinay\u0259tl\u0259r M\u0259hk\u0259m\u0259sind\u0259 \u00e7\u0131xar\u0131lan h\u00f6km\u0259 \u0259sas\u0259n, \u018fv\u0259z Zeynall\u0131 9 il, Elnur \u015e\u00fck\u00fcrov is\u0259 4 il azadl\u0131qdan m\u0259hrum edilib.<\/p>\n\n\n\n<p>Bu h\u00f6km\u00fc \u018fli M\u0259mm\u0259dovun s\u0259drlik etdiyi, S\u0259bin\u0259 M\u0259mm\u0259dzad\u0259 v\u0259 Azad M\u0259cidovdan ibar\u0259t hakiml\u0259r kollegiyas\u0131 \u00e7\u0131xar\u0131b.<\/p>\n\n\n\n<p>H\u00f6km\u0259 \u0259sas\u0259n, \u018fv\u0259z Zeynall\u0131 v\u0259 Elnur \u015e\u00fck\u00fcrov r\u00fc\u015fv\u0259t alma, v\u0259zif\u0259li \u015f\u0259xsin q\u0259rarlar\u0131na t\u0259sir g\u00f6st\u0259rm\u0259 kimi \u0259m\u0259ll\u0259rd\u0259 t\u0259qsirli bilinib. Eyni zamanda, \u201cXural TV\u201d r\u0259hb\u0259rinin saxlanmas\u0131ndan sonra onun evind\u0259 axtar\u0131\u015f zaman\u0131 g\u00f6t\u00fcr\u00fclm\u00fc\u015f 16 min manat\u0131n da m\u00fcsadir\u0259 olunmas\u0131na q\u0259rar verilib.<\/p>\n\n\n\n<p>H\u00f6km oxunmam\u0131\u015fdan \u0259vv\u0259l m\u0259hk\u0259m\u0259d\u0259 \u018fv\u0259z Zeynall\u0131 son s\u00f6z\u00fcn\u00fc deyib. \u201cXural TV\u201d r\u0259hb\u0259ri son s\u00f6z\u00fcn\u0259 fevral\u0131n 23-d\u0259 ba\u015flam\u0131\u015fd\u0131. O bildirmi\u015fdi ki, h\u0259bsinin s\u0259b\u0259bi jurnalist f\u0259aliyy\u0259tidir, haqq\u0131ndak\u0131 cinay\u0259t i\u015fi d\u0259 s\u00f6z v\u0259 ifad\u0259 azadl\u0131\u011f\u0131na qar\u015f\u0131 olan i\u015fdir.<\/p>\n\n\n\n<p>Fevral\u0131n 26-da son s\u00f6z\u00fcn\u00fcn davam\u0131nda deyib ki, tan\u0131mad\u0131\u011f\u0131, h\u0259m\u00e7inin onu da tan\u0131mayan adamlar\u0131 istintaqa \u00e7a\u011f\u0131r\u0131b, \u0259leyhin\u0259 ifad\u0259 alma\u011fa \u00e7al\u0131\u015f\u0131blar. Onun s\u00f6zl\u0259rin\u0259 g\u00f6r\u0259, cinay\u0259t i\u015fi \u015fahid qismind\u0259 dindirilmi\u015f 38 n\u0259f\u0259rd\u0259n 31-ni tan\u0131may\u0131b:<\/p>\n\n\n\n<p><em>\u201cAdam\u0131 n\u0259 m\u0259n tan\u0131y\u0131ram, n\u0259 d\u0259 o m\u0259ni tan\u0131y\u0131rsa, bel\u0259 olan halda, m\u0259nim \u0259leyhim\u0259 nec\u0259 ifad\u0259 ver\u0259 bil\u0259r? Biz\u0259 ittiham veribl\u0259r ki, v\u0259zif\u0259li \u015f\u0259xsl\u0259rin q\u0259rarlar\u0131na t\u0259sir g\u00f6st\u0259rmi\u015fik\u201d<\/em>.<\/p>\n\n\n\n<p>\u018fv\u0259z Zeynall\u0131 xat\u0131rlad\u0131b ki, onlara icra ba\u015f\u00e7\u0131lar\u0131n\u0131n q\u0259rarlar\u0131na qanunsuz t\u0259sir g\u00f6st\u0259rm\u0259k bar\u0259d\u0259 ittiham verilib. Onun s\u00f6zl\u0259rin\u0259 g\u00f6r\u0259, bu ittiham absurddur.<\/p>\n\n\n\n<p>\u201cBaku Steel Company\u201dnin ke\u00e7mi\u015f r\u0259hb\u0259ri, 3 ild\u0259n \u00e7oxdur h\u0259bsd\u0259 olan Rasim M\u0259mm\u0259dovun ail\u0259sind\u0259n 20 min manat r\u00fc\u015fv\u0259t almas\u0131 bar\u0259d\u0259 ittihama toxunan \u018fv\u0259z Zeynall\u0131 deyib ki, bu, tamamil\u0259 yaland\u0131r.<\/p>\n\n\n\n<p>M\u0259hk\u0259m\u0259d\u0259 hakim \u018fli M\u0259mm\u0259dov bir ne\u00e7\u0259 d\u0259f\u0259 \u018fv\u0259z Zeynall\u0131ya x\u0259b\u0259rdarl\u0131q edib ki, son s\u00f6z\u00fcn\u00fc uzatmas\u0131n, q\u0131sa \u00e7\u0131x\u0131\u015f el\u0259sin:<\/p>\n\n\n\n<p><em>\u201cEl\u0259 bil, ifad\u0259 verirsiniz. Son s\u00f6z q\u0131sa olur\u201d<\/em>.<\/p>\n\n\n\n<p>\u018fv\u0259z Zeynall\u0131 \u00e7\u0131x\u0131\u015f\u0131n\u0131n sonunda b\u0259ra\u0259t ist\u0259yib:<\/p>\n\n\n\n<p><em>\u201c\u018fg\u0259r az da olsa, \u0259dal\u0259t varsa, biz\u0259 b\u0259ra\u0259t verilm\u0259lidir\u201d<\/em>.<\/p>\n\n\n\n<p>T\u0259xmin\u0259n 10 d\u0259qiq\u0259lik m\u00fc\u015favir\u0259d\u0259n sonra hakiml\u0259r h\u00f6km\u00fc elan edib.<\/p>\n\n\n\n<p>\u018fv\u0259z Zeynall\u0131 2022-ci il sentyabr\u0131n 9-dan, Elnur \u015e\u00fck\u00fcrov is\u0259 2022-ci il sentyabr\u0131n 13-d\u0259n h\u0259bsd\u0259dir. O da t\u0259qsirsiz oldu\u011funu v\u0259 \u018fv\u0259z Zeynall\u0131n\u0131n \u0259leyhin\u0259 ifad\u0259 verm\u0259diyin\u0259 g\u00f6r\u0259 c\u0259zaland\u0131r\u0131ld\u0131\u011f\u0131n\u0131 deyir.<\/p>\n\n\n\n<p>H\u0259m \u018fv\u0259z Zeynall\u0131, h\u0259m d\u0259 Elnur \u015e\u00fck\u00fcrovun v\u0259kill\u0259ri h\u00f6kmd\u0259n apelyasiya \u015fikay\u0259ti ver\u0259c\u0259k.<\/p>\n\n\n\n<p>Prokuror \u018fv\u0259z Zeynall\u0131n\u0131n 10 il, Elnur \u015e\u00fck\u00fcrovun is\u0259 5 il azadl\u0131qdan m\u0259hrum edilm\u0259sini ist\u0259mi\u015fdi.<\/p>\n","protected":false},"excerpt":{"rendered":"<p>Onlar r\u00fc\u015fv\u0259t almaqda, v\u0259zif\u0259li \u015f\u0259xsin q\u0259rarlar\u0131na t\u0259sir g\u00f6st\u0259rm\u0259d\u0259 t\u0259qsirli bilinibl\u0259r &#8230; <\/p>\n<p class=\"read-more-container\"><a title=\"\u018fv\u0259z Zeynall\u0131 9 il,\u00a0 Elnur \u015e\u00fck\u00fcrov 4 il azadl\u0131qdan m\u0259hrum edildi (yenil\u0259nib)\" class=\"read-more button\" href=\"https:\/\/www.meydan.tv\/az\/article\/evez-zeynalli-9-il-elnur-sukurov-4-il-azadliqdan-mehrum-edildi\/#more-300016\" aria-label=\"Read more about \u018fv\u0259z Zeynall\u0131 9 il,\u00a0 Elnur \u015e\u00fck\u00fcrov 4 il azadl\u0131qdan m\u0259hrum edildi (yenil\u0259nib)\">Davam\u0131<\/a><\/p>\n","protected":false},"author":21,"featured_media":272542,"comment_status":"closed","ping_status":"closed","sticky":false,"template":"","format":"standard","meta":{"_acf_changed":false,"_sitemap_exclude":false,"_sitemap_priority":"","_sitemap_frequency":"","footnotes":""},"categories":[59,79,56],"tags":[],"class_list":["post-300016","post","type-post","status-publish","format-standard","has-post-thumbnail","hentry","category-siyaset","category-featured","category-xeberler","infinite-scroll-item","generate-columns","tablet-grid-50","mobile-grid-100","grid-parent","grid-33","no-featured-image-padding"],"acf":[],"yoast_head":"<!-- This site is optimized with the Yoast SEO plugin v27.4 - https:\/\/yoast.com\/product\/yoast-seo-wordpress\/ -->\n<title>\u018fv\u0259z Zeynall\u0131 9 il,\u00a0 Elnur \u015e\u00fck\u00fcrov 4 il azadl\u0131qdan m\u0259hrum edildi (yenil\u0259nib) - MEYDAN.TV<\/title>\n<meta name=\"robots\" content=\"index, follow, max-snippet:-1, max-image-preview:large, max-video-preview:-1\" \/>\n<link rel=\"canonical\" href=\"https:\/\/www.meydan.tv\/az\/article\/evez-zeynalli-9-il-elnur-sukurov-4-il-azadliqdan-mehrum-edildi\/\" \/>\n<meta property=\"og:locale\" content=\"az_AZ\" \/>\n<meta property=\"og:type\" content=\"article\" \/>\n<meta property=\"og:title\" content=\"\u018fv\u0259z Zeynall\u0131 9 il,\u00a0 Elnur \u015e\u00fck\u00fcrov 4 il azadl\u0131qdan m\u0259hrum edildi (yenil\u0259nib) - MEYDAN.TV\" \/>\n<meta property=\"og:description\" content=\"Onlar r\u00fc\u015fv\u0259t almaqda, v\u0259zif\u0259li \u015f\u0259xsin q\u0259rarlar\u0131na t\u0259sir g\u00f6st\u0259rm\u0259d\u0259 t\u0259qsirli bilinibl\u0259r ... Davam\u0131\" \/>\n<meta property=\"og:url\" content=\"https:\/\/www.meydan.tv\/az\/article\/evez-zeynalli-9-il-elnur-sukurov-4-il-azadliqdan-mehrum-edildi\/\" \/>\n<meta property=\"og:site_name\" content=\"MEYDAN.TV\" \/>\n<meta property=\"article:published_time\" content=\"2024-02-26T12:04:44+00:00\" \/>\n<meta property=\"article:modified_time\" content=\"2024-02-26T17:32:26+00:00\" \/>\n<meta property=\"og:image\" content=\"https:\/\/www.meydan.tv\/wp-content\/uploads\/img_9722.jpg\" \/>\n\t<meta property=\"og:image:width\" content=\"1200\" \/>\n\t<meta property=\"og:image:height\" content=\"800\" \/>\n\t<meta property=\"og:image:type\" content=\"image\/jpeg\" \/>\n<meta name=\"author\" content=\"mahmud\" \/>\n<meta name=\"twitter:card\" content=\"summary_large_image\" \/>\n<script type=\"application\/ld+json\" class=\"yoast-schema-graph\">{\"@context\":\"https:\\\/\\\/schema.org\",\"@graph\":[{\"@type\":\"Article\",\"@id\":\"https:\\\/\\\/www.meydan.tv\\\/az\\\/article\\\/evez-zeynalli-9-il-elnur-sukurov-4-il-azadliqdan-mehrum-edildi\\\/#article\",\"isPartOf\":{\"@id\":\"https:\\\/\\\/www.meydan.tv\\\/az\\\/article\\\/evez-zeynalli-9-il-elnur-sukurov-4-il-azadliqdan-mehrum-edildi\\\/\"},\"author\":{\"name\":\"mahmud\",\"@id\":\"https:\\\/\\\/www.meydan.tv\\\/az\\\/#\\\/schema\\\/person\\\/09863e516102a829e72bedcf3f84c6b0\"},\"headline\":\"\u018fv\u0259z Zeynall\u0131 9 il,\u00a0 Elnur \u015e\u00fck\u00fcrov 4 il azadl\u0131qdan m\u0259hrum edildi (yenil\u0259nib)\",\"datePublished\":\"2024-02-26T12:04:44+00:00\",\"dateModified\":\"2024-02-26T17:32:26+00:00\",\"mainEntityOfPage\":{\"@id\":\"https:\\\/\\\/www.meydan.tv\\\/az\\\/article\\\/evez-zeynalli-9-il-elnur-sukurov-4-il-azadliqdan-mehrum-edildi\\\/\"},\"wordCount\":610,\"publisher\":{\"@id\":\"https:\\\/\\\/www.meydan.tv\\\/az\\\/#organization\"},\"image\":{\"@id\":\"https:\\\/\\\/www.meydan.tv\\\/az\\\/article\\\/evez-zeynalli-9-il-elnur-sukurov-4-il-azadliqdan-mehrum-edildi\\\/#primaryimage\"},\"thumbnailUrl\":\"https:\\\/\\\/www.meydan.tv\\\/wp-content\\\/uploads\\\/img_9722-e1734554672962.jpg\",\"articleSection\":[\"Siyas\u0259t\",\"T\u00f6vsiy\u0259\",\"X\u0259b\u0259rl\u0259r\"],\"inLanguage\":\"az\"},{\"@type\":\"WebPage\",\"@id\":\"https:\\\/\\\/www.meydan.tv\\\/az\\\/article\\\/evez-zeynalli-9-il-elnur-sukurov-4-il-azadliqdan-mehrum-edildi\\\/\",\"url\":\"https:\\\/\\\/www.meydan.tv\\\/az\\\/article\\\/evez-zeynalli-9-il-elnur-sukurov-4-il-azadliqdan-mehrum-edildi\\\/\",\"name\":\"\u018fv\u0259z Zeynall\u0131 9 il,\u00a0 Elnur \u015e\u00fck\u00fcrov 4 il azadl\u0131qdan m\u0259hrum edildi (yenil\u0259nib) - MEYDAN.TV\",\"isPartOf\":{\"@id\":\"https:\\\/\\\/www.meydan.tv\\\/az\\\/#website\"},\"primaryImageOfPage\":{\"@id\":\"https:\\\/\\\/www.meydan.tv\\\/az\\\/article\\\/evez-zeynalli-9-il-elnur-sukurov-4-il-azadliqdan-mehrum-edildi\\\/#primaryimage\"},\"image\":{\"@id\":\"https:\\\/\\\/www.meydan.tv\\\/az\\\/article\\\/evez-zeynalli-9-il-elnur-sukurov-4-il-azadliqdan-mehrum-edildi\\\/#primaryimage\"},\"thumbnailUrl\":\"https:\\\/\\\/www.meydan.tv\\\/wp-content\\\/uploads\\\/img_9722-e1734554672962.jpg\",\"datePublished\":\"2024-02-26T12:04:44+00:00\",\"dateModified\":\"2024-02-26T17:32:26+00:00\",\"breadcrumb\":{\"@id\":\"https:\\\/\\\/www.meydan.tv\\\/az\\\/article\\\/evez-zeynalli-9-il-elnur-sukurov-4-il-azadliqdan-mehrum-edildi\\\/#breadcrumb\"},\"inLanguage\":\"az\",\"potentialAction\":[{\"@type\":\"ReadAction\",\"target\":[\"https:\\\/\\\/www.meydan.tv\\\/az\\\/article\\\/evez-zeynalli-9-il-elnur-sukurov-4-il-azadliqdan-mehrum-edildi\\\/\"]}]},{\"@type\":\"ImageObject\",\"inLanguage\":\"az\",\"@id\":\"https:\\\/\\\/www.meydan.tv\\\/az\\\/article\\\/evez-zeynalli-9-il-elnur-sukurov-4-il-azadliqdan-mehrum-edildi\\\/#primaryimage\",\"url\":\"https:\\\/\\\/www.meydan.tv\\\/wp-content\\\/uploads\\\/img_9722-e1734554672962.jpg\",\"contentUrl\":\"https:\\\/\\\/www.meydan.tv\\\/wp-content\\\/uploads\\\/img_9722-e1734554672962.jpg\",\"width\":1200,\"height\":602,\"caption\":\"\u018fv\u0259z Zeynall\u0131. Foto: Meydan TV\"},{\"@type\":\"BreadcrumbList\",\"@id\":\"https:\\\/\\\/www.meydan.tv\\\/az\\\/article\\\/evez-zeynalli-9-il-elnur-sukurov-4-il-azadliqdan-mehrum-edildi\\\/#breadcrumb\",\"itemListElement\":[{\"@type\":\"ListItem\",\"position\":1,\"name\":\"Ana s\u0259hif\u0259\",\"item\":\"https:\\\/\\\/www.meydan.tv\\\/az\\\/\"},{\"@type\":\"ListItem\",\"position\":2,\"name\":\"T\u00f6vsiy\u0259\",\"item\":\"https:\\\/\\\/www.meydan.tv\\\/az\\\/section\\\/featured\\\/\"},{\"@type\":\"ListItem\",\"position\":3,\"name\":\"\u018fv\u0259z Zeynall\u0131 9 il,\u00a0 Elnur \u015e\u00fck\u00fcrov 4 il azadl\u0131qdan m\u0259hrum edildi (yenil\u0259nib)\"}]},{\"@type\":\"WebSite\",\"@id\":\"https:\\\/\\\/www.meydan.tv\\\/az\\\/#website\",\"url\":\"https:\\\/\\\/www.meydan.tv\\\/az\\\/\",\"name\":\"MEYDAN.TV\",\"description\":\"Meydan TV Az\u0259rbaycan\u0131n media m\u0259kan\u0131ndak\u0131 alternativ s\u0259sidir\",\"publisher\":{\"@id\":\"https:\\\/\\\/www.meydan.tv\\\/az\\\/#organization\"},\"potentialAction\":[{\"@type\":\"SearchAction\",\"target\":{\"@type\":\"EntryPoint\",\"urlTemplate\":\"https:\\\/\\\/www.meydan.tv\\\/az\\\/?s={search_term_string}\"},\"query-input\":{\"@type\":\"PropertyValueSpecification\",\"valueRequired\":true,\"valueName\":\"search_term_string\"}}],\"inLanguage\":\"az\"},{\"@type\":\"Organization\",\"@id\":\"https:\\\/\\\/www.meydan.tv\\\/az\\\/#organization\",\"name\":\"Meydan TV\",\"url\":\"https:\\\/\\\/www.meydan.tv\\\/az\\\/\",\"logo\":{\"@type\":\"ImageObject\",\"inLanguage\":\"az\",\"@id\":\"https:\\\/\\\/www.meydan.tv\\\/az\\\/#\\\/schema\\\/logo\\\/image\\\/\",\"url\":\"https:\\\/\\\/www.meydan.tv\\\/wp-content\\\/uploads\\\/2021\\\/07\\\/meydan-logo.svg\",\"contentUrl\":\"https:\\\/\\\/www.meydan.tv\\\/wp-content\\\/uploads\\\/2021\\\/07\\\/meydan-logo.svg\",\"width\":195,\"height\":46,\"caption\":\"Meydan TV\"},\"image\":{\"@id\":\"https:\\\/\\\/www.meydan.tv\\\/az\\\/#\\\/schema\\\/logo\\\/image\\\/\"}},{\"@type\":\"Person\",\"@id\":\"https:\\\/\\\/www.meydan.tv\\\/az\\\/#\\\/schema\\\/person\\\/09863e516102a829e72bedcf3f84c6b0\",\"name\":\"mahmud\"}]}<\/script>\n<!-- \/ Yoast SEO plugin. -->","yoast_head_json":{"title":"\u018fv\u0259z Zeynall\u0131 9 il,\u00a0 Elnur \u015e\u00fck\u00fcrov 4 il azadl\u0131qdan m\u0259hrum edildi (yenil\u0259nib) - MEYDAN.TV","robots":{"index":"index","follow":"follow","max-snippet":"max-snippet:-1","max-image-preview":"max-image-preview:large","max-video-preview":"max-video-preview:-1"},"canonical":"https:\/\/www.meydan.tv\/az\/article\/evez-zeynalli-9-il-elnur-sukurov-4-il-azadliqdan-mehrum-edildi\/","og_locale":"az_AZ","og_type":"article","og_title":"\u018fv\u0259z Zeynall\u0131 9 il,\u00a0 Elnur \u015e\u00fck\u00fcrov 4 il azadl\u0131qdan m\u0259hrum edildi (yenil\u0259nib) - MEYDAN.TV","og_description":"Onlar r\u00fc\u015fv\u0259t almaqda, v\u0259zif\u0259li \u015f\u0259xsin q\u0259rarlar\u0131na t\u0259sir g\u00f6st\u0259rm\u0259d\u0259 t\u0259qsirli bilinibl\u0259r ... Davam\u0131","og_url":"https:\/\/www.meydan.tv\/az\/article\/evez-zeynalli-9-il-elnur-sukurov-4-il-azadliqdan-mehrum-edildi\/","og_site_name":"MEYDAN.TV","article_published_time":"2024-02-26T12:04:44+00:00","article_modified_time":"2024-02-26T17:32:26+00:00","og_image":[{"width":1200,"height":800,"url":"https:\/\/www.meydan.tv\/wp-content\/uploads\/img_9722.jpg","type":"image\/jpeg"}],"author":"mahmud","twitter_card":"summary_large_image","schema":{"@context":"https:\/\/schema.org","@graph":[{"@type":"Article","@id":"https:\/\/www.meydan.tv\/az\/article\/evez-zeynalli-9-il-elnur-sukurov-4-il-azadliqdan-mehrum-edildi\/#article","isPartOf":{"@id":"https:\/\/www.meydan.tv\/az\/article\/evez-zeynalli-9-il-elnur-sukurov-4-il-azadliqdan-mehrum-edildi\/"},"author":{"name":"mahmud","@id":"https:\/\/www.meydan.tv\/az\/#\/schema\/person\/09863e516102a829e72bedcf3f84c6b0"},"headline":"\u018fv\u0259z Zeynall\u0131 9 il,\u00a0 Elnur \u015e\u00fck\u00fcrov 4 il azadl\u0131qdan m\u0259hrum edildi (yenil\u0259nib)","datePublished":"2024-02-26T12:04:44+00:00","dateModified":"2024-02-26T17:32:26+00:00","mainEntityOfPage":{"@id":"https:\/\/www.meydan.tv\/az\/article\/evez-zeynalli-9-il-elnur-sukurov-4-il-azadliqdan-mehrum-edildi\/"},"wordCount":610,"publisher":{"@id":"https:\/\/www.meydan.tv\/az\/#organization"},"image":{"@id":"https:\/\/www.meydan.tv\/az\/article\/evez-zeynalli-9-il-elnur-sukurov-4-il-azadliqdan-mehrum-edildi\/#primaryimage"},"thumbnailUrl":"https:\/\/www.meydan.tv\/wp-content\/uploads\/img_9722-e1734554672962.jpg","articleSection":["Siyas\u0259t","T\u00f6vsiy\u0259","X\u0259b\u0259rl\u0259r"],"inLanguage":"az"},{"@type":"WebPage","@id":"https:\/\/www.meydan.tv\/az\/article\/evez-zeynalli-9-il-elnur-sukurov-4-il-azadliqdan-mehrum-edildi\/","url":"https:\/\/www.meydan.tv\/az\/article\/evez-zeynalli-9-il-elnur-sukurov-4-il-azadliqdan-mehrum-edildi\/","name":"\u018fv\u0259z Zeynall\u0131 9 il,\u00a0 Elnur \u015e\u00fck\u00fcrov 4 il azadl\u0131qdan m\u0259hrum edildi (yenil\u0259nib) - MEYDAN.TV","isPartOf":{"@id":"https:\/\/www.meydan.tv\/az\/#website"},"primaryImageOfPage":{"@id":"https:\/\/www.meydan.tv\/az\/article\/evez-zeynalli-9-il-elnur-sukurov-4-il-azadliqdan-mehrum-edildi\/#primaryimage"},"image":{"@id":"https:\/\/www.meydan.tv\/az\/article\/evez-zeynalli-9-il-elnur-sukurov-4-il-azadliqdan-mehrum-edildi\/#primaryimage"},"thumbnailUrl":"https:\/\/www.meydan.tv\/wp-content\/uploads\/img_9722-e1734554672962.jpg","datePublished":"2024-02-26T12:04:44+00:00","dateModified":"2024-02-26T17:32:26+00:00","breadcrumb":{"@id":"https:\/\/www.meydan.tv\/az\/article\/evez-zeynalli-9-il-elnur-sukurov-4-il-azadliqdan-mehrum-edildi\/#breadcrumb"},"inLanguage":"az","potentialAction":[{"@type":"ReadAction","target":["https:\/\/www.meydan.tv\/az\/article\/evez-zeynalli-9-il-elnur-sukurov-4-il-azadliqdan-mehrum-edildi\/"]}]},{"@type":"ImageObject","inLanguage":"az","@id":"https:\/\/www.meydan.tv\/az\/article\/evez-zeynalli-9-il-elnur-sukurov-4-il-azadliqdan-mehrum-edildi\/#primaryimage","url":"https:\/\/www.meydan.tv\/wp-content\/uploads\/img_9722-e1734554672962.jpg","contentUrl":"https:\/\/www.meydan.tv\/wp-content\/uploads\/img_9722-e1734554672962.jpg","width":1200,"height":602,"caption":"\u018fv\u0259z Zeynall\u0131. Foto: Meydan TV"},{"@type":"BreadcrumbList","@id":"https:\/\/www.meydan.tv\/az\/article\/evez-zeynalli-9-il-elnur-sukurov-4-il-azadliqdan-mehrum-edildi\/#breadcrumb","itemListElement":[{"@type":"ListItem","position":1,"name":"Ana s\u0259hif\u0259","item":"https:\/\/www.meydan.tv\/az\/"},{"@type":"ListItem","position":2,"name":"T\u00f6vsiy\u0259","item":"https:\/\/www.meydan.tv\/az\/section\/featured\/"},{"@type":"ListItem","position":3,"name":"\u018fv\u0259z Zeynall\u0131 9 il,\u00a0 Elnur \u015e\u00fck\u00fcrov 4 il azadl\u0131qdan m\u0259hrum edildi (yenil\u0259nib)"}]},{"@type":"WebSite","@id":"https:\/\/www.meydan.tv\/az\/#website","url":"https:\/\/www.meydan.tv\/az\/","name":"MEYDAN.TV","description":"Meydan TV Az\u0259rbaycan\u0131n media m\u0259kan\u0131ndak\u0131 alternativ s\u0259sidir","publisher":{"@id":"https:\/\/www.meydan.tv\/az\/#organization"},"potentialAction":[{"@type":"SearchAction","target":{"@type":"EntryPoint","urlTemplate":"https:\/\/www.meydan.tv\/az\/?s={search_term_string}"},"query-input":{"@type":"PropertyValueSpecification","valueRequired":true,"valueName":"search_term_string"}}],"inLanguage":"az"},{"@type":"Organization","@id":"https:\/\/www.meydan.tv\/az\/#organization","name":"Meydan TV","url":"https:\/\/www.meydan.tv\/az\/","logo":{"@type":"ImageObject","inLanguage":"az","@id":"https:\/\/www.meydan.tv\/az\/#\/schema\/logo\/image\/","url":"https:\/\/www.meydan.tv\/wp-content\/uploads\/2021\/07\/meydan-logo.svg","contentUrl":"https:\/\/www.meydan.tv\/wp-content\/uploads\/2021\/07\/meydan-logo.svg","width":195,"height":46,"caption":"Meydan TV"},"image":{"@id":"https:\/\/www.meydan.tv\/az\/#\/schema\/logo\/image\/"}},{"@type":"Person","@id":"https:\/\/www.meydan.tv\/az\/#\/schema\/person\/09863e516102a829e72bedcf3f84c6b0","name":"mahmud"}]}},"_links":{"self":[{"href":"https:\/\/www.meydan.tv\/az\/wp-json\/wp\/v2\/posts\/300016","targetHints":{"allow":["GET"]}}],"collection":[{"href":"https:\/\/www.meydan.tv\/az\/wp-json\/wp\/v2\/posts"}],"about":[{"href":"https:\/\/www.meydan.tv\/az\/wp-json\/wp\/v2\/types\/post"}],"author":[{"embeddable":true,"href":"https:\/\/www.meydan.tv\/az\/wp-json\/wp\/v2\/users\/21"}],"replies":[{"embeddable":true,"href":"https:\/\/www.meydan.tv\/az\/wp-json\/wp\/v2\/comments?post=300016"}],"version-history":[{"count":3,"href":"https:\/\/www.meydan.tv\/az\/wp-json\/wp\/v2\/posts\/300016\/revisions"}],"predecessor-version":[{"id":300035,"href":"https:\/\/www.meydan.tv\/az\/wp-json\/wp\/v2\/posts\/300016\/revisions\/300035"}],"wp:featuredmedia":[{"embeddable":true,"href":"https:\/\/www.meydan.tv\/az\/wp-json\/wp\/v2\/media\/272542"}],"wp:attachment":[{"href":"https:\/\/www.meydan.tv\/az\/wp-json\/wp\/v2\/media?parent=300016"}],"wp:term":[{"taxonomy":"category","embeddable":true,"href":"https:\/\/www.meydan.tv\/az\/wp-json\/wp\/v2\/categories?post=300016"},{"taxonomy":"post_tag","embeddable":true,"href":"https:\/\/www.meydan.tv\/az\/wp-json\/wp\/v2\/tags?post=300016"}],"curies":[{"name":"wp","href":"https:\/\/api.w.org\/{rel}","templated":true}]}}