{"id":300002,"date":"2024-02-26T15:02:16","date_gmt":"2024-02-26T11:02:16","guid":{"rendered":"https:\/\/www.meydan.tv\/?p=300002"},"modified":"2024-02-26T16:07:41","modified_gmt":"2024-02-26T12:07:41","slug":"qarabag-universitetine-yuksek-balla-qebul-olunanlara-teqaud-verilecek","status":"publish","type":"post","link":"https:\/\/www.meydan.tv\/az\/article\/qarabag-universitetine-yuksek-balla-qebul-olunanlara-teqaud-verilecek\/","title":{"rendered":"Qaraba\u011f Universitetin\u0259 y\u00fcks\u0259k balla q\u0259bul olunanlara t\u0259qa\u00fcd veril\u0259c\u0259k"},"content":{"rendered":"\n<p><\/p>\n\n\n\n<p><strong><em>Universitetin yataqxanas\u0131 b\u00fct\u00fcn t\u0259l\u0259b\u0259l\u0259r \u00fc\u00e7\u00fcn \u00f6d\u0259ni\u015fsiz olacaq<\/em><\/strong><\/p>\n\n\n\n<p>Xank\u0259ndid\u0259 f\u0259aliyy\u0259t g\u00f6st\u0259r\u0259c\u0259k Qaraba\u011f Universitetind\u0259 yeni t\u0259dris ilind\u0259n t\u0259l\u0259b\u0259 q\u0259bulu n\u0259z\u0259rd\u0259 tutulub.<\/p>\n\n\n\n<p>Bunu jurnalistl\u0259r\u0259 Elm v\u0259 T\u0259hsil naziri Emin \u018fmrullayev deyib.<\/p>\n\n\n\n<p>Nazir h\u0259m\u00e7inin bildirib ki, universitet\u0259 y\u00fcks\u0259k balla q\u0259bul olunacaq t\u0259l\u0259b\u0259l\u0259r\u0259 h\u0259v\u0259sl\u0259ndirici t\u0259qa\u00fcd veril\u0259c\u0259k.<\/p>\n\n\n\n<p>\u00dcst\u0259lik, universitetin yataqxanas\u0131 b\u00fct\u00fcn t\u0259l\u0259b\u0259l\u0259r \u00fc\u00e7\u00fcn \u00f6d\u0259ni\u015fsiz olacaq.<\/p>\n\n\n\n<p>Prezident \u0130lham \u018fliyev 2023-c\u00fc il noyabr\u0131n 28-d\u0259 Qaraba\u011fda Universitet yarad\u0131lmas\u0131 il\u0259 ba\u011fl\u0131 <a href=\"https:\/\/president.az\/az\/articles\/view\/62346\">s\u0259r\u0259ncam<\/a> imzalay\u0131b.<\/p>\n\n\n\n<p>Prezident Nazirl\u0259r Kabinetin\u0259 iki ay m\u00fcdd\u0259tind\u0259 universitetin nizamnam\u0259sini t\u0259sdiq etm\u0259yi tap\u015f\u0131r\u0131b.<\/p>\n\n\n\n<p>H\u0259m\u00e7inin ali t\u0259hsil m\u00fc\u0259ssis\u0259sinin f\u0259aliyy\u0259tinin maliyy\u0259l\u0259\u015fdirilm\u0259si il\u0259 ba\u011fl\u0131 z\u0259ruri t\u0259dbirl\u0259r g\u00f6r\u00fclm\u0259sin\u0259 \u2013 universitetin Xank\u0259ndid\u0259 torpaq sah\u0259si, t\u0259dris v\u0259 yataqxana binalar\u0131, idman meydan\u00e7as\u0131 v\u0259 dig\u0259r infrastruktur obyektl\u0259ri il\u0259 t\u0259minat\u0131 m\u0259s\u0259l\u0259l\u0259rini h\u0259ll edilm\u0259sin\u0259 g\u00f6st\u0259ri\u015f verib.<\/p>\n\n\n\n<p>Universitetin n\u0259zdind\u0259 pe\u015f\u0259 t\u0259hsili m\u00fc\u0259ssis\u0259sinin yarad\u0131lmas\u0131 da n\u0259z\u0259rd\u0259 tutulub.<\/p>\n\n\n\n<p>Emin \u018fmrullayev demi\u015fdi ki, yenid\u0259n Az\u0259rbaycan\u0131n n\u0259zar\u0259tin\u0259 ke\u00e7\u0259n \u0259razil\u0259rd\u0259 pe\u015f\u0259 t\u0259hsilinin \u0259hat\u0259 dair\u0259sinin geni\u015fl\u0259ndirilm\u0259si planla\u015fd\u0131r\u0131l\u0131r.<\/p>\n","protected":false},"excerpt":{"rendered":"<p>Universitetin yataqxanas\u0131 b\u00fct\u00fcn t\u0259l\u0259b\u0259l\u0259r \u00fc\u00e7\u00fcn \u00f6d\u0259ni\u015fsiz olacaq Xank\u0259ndid\u0259 f\u0259aliyy\u0259t g\u00f6st\u0259r\u0259c\u0259k &#8230; <\/p>\n<p class=\"read-more-container\"><a title=\"Qaraba\u011f Universitetin\u0259 y\u00fcks\u0259k balla q\u0259bul olunanlara t\u0259qa\u00fcd veril\u0259c\u0259k\" class=\"read-more button\" href=\"https:\/\/www.meydan.tv\/az\/article\/qarabag-universitetine-yuksek-balla-qebul-olunanlara-teqaud-verilecek\/#more-300002\" aria-label=\"Read more about Qaraba\u011f Universitetin\u0259 y\u00fcks\u0259k balla q\u0259bul olunanlara t\u0259qa\u00fcd veril\u0259c\u0259k\">Davam\u0131<\/a><\/p>\n","protected":false},"author":21,"featured_media":229880,"comment_status":"closed","ping_status":"closed","sticky":false,"template":"","format":"standard","meta":{"_acf_changed":false,"_sitemap_exclude":false,"_sitemap_priority":"","_sitemap_frequency":"","footnotes":""},"categories":[60,62,56],"tags":[],"class_list":["post-300002","post","type-post","status-publish","format-standard","has-post-thumbnail","hentry","category-bolge","category-sosial","category-xeberler","infinite-scroll-item","generate-columns","tablet-grid-50","mobile-grid-100","grid-parent","grid-33","no-featured-image-padding"],"acf":[],"yoast_head":"<!-- This site is optimized with the Yoast SEO plugin v27.4 - https:\/\/yoast.com\/product\/yoast-seo-wordpress\/ -->\n<title>Qaraba\u011f Universitetin\u0259 y\u00fcks\u0259k balla q\u0259bul olunanlara t\u0259qa\u00fcd veril\u0259c\u0259k - MEYDAN.TV<\/title>\n<meta name=\"robots\" content=\"index, follow, max-snippet:-1, max-image-preview:large, max-video-preview:-1\" \/>\n<link rel=\"canonical\" href=\"https:\/\/www.meydan.tv\/az\/article\/qarabag-universitetine-yuksek-balla-qebul-olunanlara-teqaud-verilecek\/\" \/>\n<meta property=\"og:locale\" content=\"az_AZ\" \/>\n<meta property=\"og:type\" content=\"article\" \/>\n<meta property=\"og:title\" content=\"Qaraba\u011f Universitetin\u0259 y\u00fcks\u0259k balla q\u0259bul olunanlara t\u0259qa\u00fcd veril\u0259c\u0259k - MEYDAN.TV\" \/>\n<meta property=\"og:description\" content=\"Universitetin yataqxanas\u0131 b\u00fct\u00fcn t\u0259l\u0259b\u0259l\u0259r \u00fc\u00e7\u00fcn \u00f6d\u0259ni\u015fsiz olacaq Xank\u0259ndid\u0259 f\u0259aliyy\u0259t g\u00f6st\u0259r\u0259c\u0259k ... Davam\u0131\" \/>\n<meta property=\"og:url\" content=\"https:\/\/www.meydan.tv\/az\/article\/qarabag-universitetine-yuksek-balla-qebul-olunanlara-teqaud-verilecek\/\" \/>\n<meta property=\"og:site_name\" content=\"MEYDAN.TV\" \/>\n<meta property=\"article:published_time\" content=\"2024-02-26T11:02:16+00:00\" \/>\n<meta property=\"article:modified_time\" content=\"2024-02-26T12:07:41+00:00\" \/>\n<meta property=\"og:image\" content=\"https:\/\/www.meydan.tv\/wp-content\/uploads\/brifinq-e1640088487372.jpg\" \/>\n\t<meta property=\"og:image:width\" content=\"890\" \/>\n\t<meta property=\"og:image:height\" content=\"554\" \/>\n\t<meta property=\"og:image:type\" content=\"image\/jpeg\" \/>\n<meta name=\"author\" content=\"mahmud\" \/>\n<meta name=\"twitter:card\" content=\"summary_large_image\" \/>\n<script type=\"application\/ld+json\" class=\"yoast-schema-graph\">{\"@context\":\"https:\\\/\\\/schema.org\",\"@graph\":[{\"@type\":\"Article\",\"@id\":\"https:\\\/\\\/www.meydan.tv\\\/az\\\/article\\\/qarabag-universitetine-yuksek-balla-qebul-olunanlara-teqaud-verilecek\\\/#article\",\"isPartOf\":{\"@id\":\"https:\\\/\\\/www.meydan.tv\\\/az\\\/article\\\/qarabag-universitetine-yuksek-balla-qebul-olunanlara-teqaud-verilecek\\\/\"},\"author\":{\"name\":\"mahmud\",\"@id\":\"https:\\\/\\\/www.meydan.tv\\\/az\\\/#\\\/schema\\\/person\\\/09863e516102a829e72bedcf3f84c6b0\"},\"headline\":\"Qaraba\u011f Universitetin\u0259 y\u00fcks\u0259k balla q\u0259bul olunanlara t\u0259qa\u00fcd veril\u0259c\u0259k\",\"datePublished\":\"2024-02-26T11:02:16+00:00\",\"dateModified\":\"2024-02-26T12:07:41+00:00\",\"mainEntityOfPage\":{\"@id\":\"https:\\\/\\\/www.meydan.tv\\\/az\\\/article\\\/qarabag-universitetine-yuksek-balla-qebul-olunanlara-teqaud-verilecek\\\/\"},\"wordCount\":265,\"publisher\":{\"@id\":\"https:\\\/\\\/www.meydan.tv\\\/az\\\/#organization\"},\"image\":{\"@id\":\"https:\\\/\\\/www.meydan.tv\\\/az\\\/article\\\/qarabag-universitetine-yuksek-balla-qebul-olunanlara-teqaud-verilecek\\\/#primaryimage\"},\"thumbnailUrl\":\"https:\\\/\\\/www.meydan.tv\\\/wp-content\\\/uploads\\\/brifinq-e1640088487372.jpg\",\"articleSection\":[\"B\u00f6lg\u0259\",\"Sosial\",\"X\u0259b\u0259rl\u0259r\"],\"inLanguage\":\"az\"},{\"@type\":\"WebPage\",\"@id\":\"https:\\\/\\\/www.meydan.tv\\\/az\\\/article\\\/qarabag-universitetine-yuksek-balla-qebul-olunanlara-teqaud-verilecek\\\/\",\"url\":\"https:\\\/\\\/www.meydan.tv\\\/az\\\/article\\\/qarabag-universitetine-yuksek-balla-qebul-olunanlara-teqaud-verilecek\\\/\",\"name\":\"Qaraba\u011f Universitetin\u0259 y\u00fcks\u0259k balla q\u0259bul olunanlara t\u0259qa\u00fcd veril\u0259c\u0259k - MEYDAN.TV\",\"isPartOf\":{\"@id\":\"https:\\\/\\\/www.meydan.tv\\\/az\\\/#website\"},\"primaryImageOfPage\":{\"@id\":\"https:\\\/\\\/www.meydan.tv\\\/az\\\/article\\\/qarabag-universitetine-yuksek-balla-qebul-olunanlara-teqaud-verilecek\\\/#primaryimage\"},\"image\":{\"@id\":\"https:\\\/\\\/www.meydan.tv\\\/az\\\/article\\\/qarabag-universitetine-yuksek-balla-qebul-olunanlara-teqaud-verilecek\\\/#primaryimage\"},\"thumbnailUrl\":\"https:\\\/\\\/www.meydan.tv\\\/wp-content\\\/uploads\\\/brifinq-e1640088487372.jpg\",\"datePublished\":\"2024-02-26T11:02:16+00:00\",\"dateModified\":\"2024-02-26T12:07:41+00:00\",\"breadcrumb\":{\"@id\":\"https:\\\/\\\/www.meydan.tv\\\/az\\\/article\\\/qarabag-universitetine-yuksek-balla-qebul-olunanlara-teqaud-verilecek\\\/#breadcrumb\"},\"inLanguage\":\"az\",\"potentialAction\":[{\"@type\":\"ReadAction\",\"target\":[\"https:\\\/\\\/www.meydan.tv\\\/az\\\/article\\\/qarabag-universitetine-yuksek-balla-qebul-olunanlara-teqaud-verilecek\\\/\"]}]},{\"@type\":\"ImageObject\",\"inLanguage\":\"az\",\"@id\":\"https:\\\/\\\/www.meydan.tv\\\/az\\\/article\\\/qarabag-universitetine-yuksek-balla-qebul-olunanlara-teqaud-verilecek\\\/#primaryimage\",\"url\":\"https:\\\/\\\/www.meydan.tv\\\/wp-content\\\/uploads\\\/brifinq-e1640088487372.jpg\",\"contentUrl\":\"https:\\\/\\\/www.meydan.tv\\\/wp-content\\\/uploads\\\/brifinq-e1640088487372.jpg\",\"width\":890,\"height\":554,\"caption\":\"Emin \u018fmrullayev, Foto: Az\u0259rtac\"},{\"@type\":\"BreadcrumbList\",\"@id\":\"https:\\\/\\\/www.meydan.tv\\\/az\\\/article\\\/qarabag-universitetine-yuksek-balla-qebul-olunanlara-teqaud-verilecek\\\/#breadcrumb\",\"itemListElement\":[{\"@type\":\"ListItem\",\"position\":1,\"name\":\"Ana s\u0259hif\u0259\",\"item\":\"https:\\\/\\\/www.meydan.tv\\\/az\\\/\"},{\"@type\":\"ListItem\",\"position\":2,\"name\":\"Sosial\",\"item\":\"https:\\\/\\\/www.meydan.tv\\\/az\\\/section\\\/sosial\\\/\"},{\"@type\":\"ListItem\",\"position\":3,\"name\":\"Qaraba\u011f Universitetin\u0259 y\u00fcks\u0259k balla q\u0259bul olunanlara t\u0259qa\u00fcd veril\u0259c\u0259k\"}]},{\"@type\":\"WebSite\",\"@id\":\"https:\\\/\\\/www.meydan.tv\\\/az\\\/#website\",\"url\":\"https:\\\/\\\/www.meydan.tv\\\/az\\\/\",\"name\":\"MEYDAN.TV\",\"description\":\"Meydan TV Az\u0259rbaycan\u0131n media m\u0259kan\u0131ndak\u0131 alternativ s\u0259sidir\",\"publisher\":{\"@id\":\"https:\\\/\\\/www.meydan.tv\\\/az\\\/#organization\"},\"potentialAction\":[{\"@type\":\"SearchAction\",\"target\":{\"@type\":\"EntryPoint\",\"urlTemplate\":\"https:\\\/\\\/www.meydan.tv\\\/az\\\/?s={search_term_string}\"},\"query-input\":{\"@type\":\"PropertyValueSpecification\",\"valueRequired\":true,\"valueName\":\"search_term_string\"}}],\"inLanguage\":\"az\"},{\"@type\":\"Organization\",\"@id\":\"https:\\\/\\\/www.meydan.tv\\\/az\\\/#organization\",\"name\":\"Meydan TV\",\"url\":\"https:\\\/\\\/www.meydan.tv\\\/az\\\/\",\"logo\":{\"@type\":\"ImageObject\",\"inLanguage\":\"az\",\"@id\":\"https:\\\/\\\/www.meydan.tv\\\/az\\\/#\\\/schema\\\/logo\\\/image\\\/\",\"url\":\"https:\\\/\\\/www.meydan.tv\\\/wp-content\\\/uploads\\\/2021\\\/07\\\/meydan-logo.svg\",\"contentUrl\":\"https:\\\/\\\/www.meydan.tv\\\/wp-content\\\/uploads\\\/2021\\\/07\\\/meydan-logo.svg\",\"width\":195,\"height\":46,\"caption\":\"Meydan TV\"},\"image\":{\"@id\":\"https:\\\/\\\/www.meydan.tv\\\/az\\\/#\\\/schema\\\/logo\\\/image\\\/\"}},{\"@type\":\"Person\",\"@id\":\"https:\\\/\\\/www.meydan.tv\\\/az\\\/#\\\/schema\\\/person\\\/09863e516102a829e72bedcf3f84c6b0\",\"name\":\"mahmud\"}]}<\/script>\n<!-- \/ Yoast SEO plugin. -->","yoast_head_json":{"title":"Qaraba\u011f Universitetin\u0259 y\u00fcks\u0259k balla q\u0259bul olunanlara t\u0259qa\u00fcd veril\u0259c\u0259k - MEYDAN.TV","robots":{"index":"index","follow":"follow","max-snippet":"max-snippet:-1","max-image-preview":"max-image-preview:large","max-video-preview":"max-video-preview:-1"},"canonical":"https:\/\/www.meydan.tv\/az\/article\/qarabag-universitetine-yuksek-balla-qebul-olunanlara-teqaud-verilecek\/","og_locale":"az_AZ","og_type":"article","og_title":"Qaraba\u011f Universitetin\u0259 y\u00fcks\u0259k balla q\u0259bul olunanlara t\u0259qa\u00fcd veril\u0259c\u0259k - MEYDAN.TV","og_description":"Universitetin yataqxanas\u0131 b\u00fct\u00fcn t\u0259l\u0259b\u0259l\u0259r \u00fc\u00e7\u00fcn \u00f6d\u0259ni\u015fsiz olacaq Xank\u0259ndid\u0259 f\u0259aliyy\u0259t g\u00f6st\u0259r\u0259c\u0259k ... Davam\u0131","og_url":"https:\/\/www.meydan.tv\/az\/article\/qarabag-universitetine-yuksek-balla-qebul-olunanlara-teqaud-verilecek\/","og_site_name":"MEYDAN.TV","article_published_time":"2024-02-26T11:02:16+00:00","article_modified_time":"2024-02-26T12:07:41+00:00","og_image":[{"width":890,"height":554,"url":"https:\/\/www.meydan.tv\/wp-content\/uploads\/brifinq-e1640088487372.jpg","type":"image\/jpeg"}],"author":"mahmud","twitter_card":"summary_large_image","schema":{"@context":"https:\/\/schema.org","@graph":[{"@type":"Article","@id":"https:\/\/www.meydan.tv\/az\/article\/qarabag-universitetine-yuksek-balla-qebul-olunanlara-teqaud-verilecek\/#article","isPartOf":{"@id":"https:\/\/www.meydan.tv\/az\/article\/qarabag-universitetine-yuksek-balla-qebul-olunanlara-teqaud-verilecek\/"},"author":{"name":"mahmud","@id":"https:\/\/www.meydan.tv\/az\/#\/schema\/person\/09863e516102a829e72bedcf3f84c6b0"},"headline":"Qaraba\u011f Universitetin\u0259 y\u00fcks\u0259k balla q\u0259bul olunanlara t\u0259qa\u00fcd veril\u0259c\u0259k","datePublished":"2024-02-26T11:02:16+00:00","dateModified":"2024-02-26T12:07:41+00:00","mainEntityOfPage":{"@id":"https:\/\/www.meydan.tv\/az\/article\/qarabag-universitetine-yuksek-balla-qebul-olunanlara-teqaud-verilecek\/"},"wordCount":265,"publisher":{"@id":"https:\/\/www.meydan.tv\/az\/#organization"},"image":{"@id":"https:\/\/www.meydan.tv\/az\/article\/qarabag-universitetine-yuksek-balla-qebul-olunanlara-teqaud-verilecek\/#primaryimage"},"thumbnailUrl":"https:\/\/www.meydan.tv\/wp-content\/uploads\/brifinq-e1640088487372.jpg","articleSection":["B\u00f6lg\u0259","Sosial","X\u0259b\u0259rl\u0259r"],"inLanguage":"az"},{"@type":"WebPage","@id":"https:\/\/www.meydan.tv\/az\/article\/qarabag-universitetine-yuksek-balla-qebul-olunanlara-teqaud-verilecek\/","url":"https:\/\/www.meydan.tv\/az\/article\/qarabag-universitetine-yuksek-balla-qebul-olunanlara-teqaud-verilecek\/","name":"Qaraba\u011f Universitetin\u0259 y\u00fcks\u0259k balla q\u0259bul olunanlara t\u0259qa\u00fcd veril\u0259c\u0259k - MEYDAN.TV","isPartOf":{"@id":"https:\/\/www.meydan.tv\/az\/#website"},"primaryImageOfPage":{"@id":"https:\/\/www.meydan.tv\/az\/article\/qarabag-universitetine-yuksek-balla-qebul-olunanlara-teqaud-verilecek\/#primaryimage"},"image":{"@id":"https:\/\/www.meydan.tv\/az\/article\/qarabag-universitetine-yuksek-balla-qebul-olunanlara-teqaud-verilecek\/#primaryimage"},"thumbnailUrl":"https:\/\/www.meydan.tv\/wp-content\/uploads\/brifinq-e1640088487372.jpg","datePublished":"2024-02-26T11:02:16+00:00","dateModified":"2024-02-26T12:07:41+00:00","breadcrumb":{"@id":"https:\/\/www.meydan.tv\/az\/article\/qarabag-universitetine-yuksek-balla-qebul-olunanlara-teqaud-verilecek\/#breadcrumb"},"inLanguage":"az","potentialAction":[{"@type":"ReadAction","target":["https:\/\/www.meydan.tv\/az\/article\/qarabag-universitetine-yuksek-balla-qebul-olunanlara-teqaud-verilecek\/"]}]},{"@type":"ImageObject","inLanguage":"az","@id":"https:\/\/www.meydan.tv\/az\/article\/qarabag-universitetine-yuksek-balla-qebul-olunanlara-teqaud-verilecek\/#primaryimage","url":"https:\/\/www.meydan.tv\/wp-content\/uploads\/brifinq-e1640088487372.jpg","contentUrl":"https:\/\/www.meydan.tv\/wp-content\/uploads\/brifinq-e1640088487372.jpg","width":890,"height":554,"caption":"Emin \u018fmrullayev, Foto: Az\u0259rtac"},{"@type":"BreadcrumbList","@id":"https:\/\/www.meydan.tv\/az\/article\/qarabag-universitetine-yuksek-balla-qebul-olunanlara-teqaud-verilecek\/#breadcrumb","itemListElement":[{"@type":"ListItem","position":1,"name":"Ana s\u0259hif\u0259","item":"https:\/\/www.meydan.tv\/az\/"},{"@type":"ListItem","position":2,"name":"Sosial","item":"https:\/\/www.meydan.tv\/az\/section\/sosial\/"},{"@type":"ListItem","position":3,"name":"Qaraba\u011f Universitetin\u0259 y\u00fcks\u0259k balla q\u0259bul olunanlara t\u0259qa\u00fcd veril\u0259c\u0259k"}]},{"@type":"WebSite","@id":"https:\/\/www.meydan.tv\/az\/#website","url":"https:\/\/www.meydan.tv\/az\/","name":"MEYDAN.TV","description":"Meydan TV Az\u0259rbaycan\u0131n media m\u0259kan\u0131ndak\u0131 alternativ s\u0259sidir","publisher":{"@id":"https:\/\/www.meydan.tv\/az\/#organization"},"potentialAction":[{"@type":"SearchAction","target":{"@type":"EntryPoint","urlTemplate":"https:\/\/www.meydan.tv\/az\/?s={search_term_string}"},"query-input":{"@type":"PropertyValueSpecification","valueRequired":true,"valueName":"search_term_string"}}],"inLanguage":"az"},{"@type":"Organization","@id":"https:\/\/www.meydan.tv\/az\/#organization","name":"Meydan TV","url":"https:\/\/www.meydan.tv\/az\/","logo":{"@type":"ImageObject","inLanguage":"az","@id":"https:\/\/www.meydan.tv\/az\/#\/schema\/logo\/image\/","url":"https:\/\/www.meydan.tv\/wp-content\/uploads\/2021\/07\/meydan-logo.svg","contentUrl":"https:\/\/www.meydan.tv\/wp-content\/uploads\/2021\/07\/meydan-logo.svg","width":195,"height":46,"caption":"Meydan TV"},"image":{"@id":"https:\/\/www.meydan.tv\/az\/#\/schema\/logo\/image\/"}},{"@type":"Person","@id":"https:\/\/www.meydan.tv\/az\/#\/schema\/person\/09863e516102a829e72bedcf3f84c6b0","name":"mahmud"}]}},"_links":{"self":[{"href":"https:\/\/www.meydan.tv\/az\/wp-json\/wp\/v2\/posts\/300002","targetHints":{"allow":["GET"]}}],"collection":[{"href":"https:\/\/www.meydan.tv\/az\/wp-json\/wp\/v2\/posts"}],"about":[{"href":"https:\/\/www.meydan.tv\/az\/wp-json\/wp\/v2\/types\/post"}],"author":[{"embeddable":true,"href":"https:\/\/www.meydan.tv\/az\/wp-json\/wp\/v2\/users\/21"}],"replies":[{"embeddable":true,"href":"https:\/\/www.meydan.tv\/az\/wp-json\/wp\/v2\/comments?post=300002"}],"version-history":[{"count":1,"href":"https:\/\/www.meydan.tv\/az\/wp-json\/wp\/v2\/posts\/300002\/revisions"}],"predecessor-version":[{"id":300003,"href":"https:\/\/www.meydan.tv\/az\/wp-json\/wp\/v2\/posts\/300002\/revisions\/300003"}],"wp:featuredmedia":[{"embeddable":true,"href":"https:\/\/www.meydan.tv\/az\/wp-json\/wp\/v2\/media\/229880"}],"wp:attachment":[{"href":"https:\/\/www.meydan.tv\/az\/wp-json\/wp\/v2\/media?parent=300002"}],"wp:term":[{"taxonomy":"category","embeddable":true,"href":"https:\/\/www.meydan.tv\/az\/wp-json\/wp\/v2\/categories?post=300002"},{"taxonomy":"post_tag","embeddable":true,"href":"https:\/\/www.meydan.tv\/az\/wp-json\/wp\/v2\/tags?post=300002"}],"curies":[{"name":"wp","href":"https:\/\/api.w.org\/{rel}","templated":true}]}}