{"id":299991,"date":"2024-02-26T14:25:46","date_gmt":"2024-02-26T10:25:46","guid":{"rendered":"https:\/\/www.meydan.tv\/?p=299991"},"modified":"2024-02-26T16:06:03","modified_gmt":"2024-02-26T12:06:03","slug":"tovuz-sakini-heyat-yoldasim-hekim-sehlenkarliginin-qurbani-oldu-prokurorluq-ort-basdir-edir","status":"publish","type":"post","link":"https:\/\/www.meydan.tv\/az\/article\/tovuz-sakini-heyat-yoldasim-hekim-sehlenkarliginin-qurbani-oldu-prokurorluq-ort-basdir-edir\/","title":{"rendered":"Tovuz sakini: \u201cH\u0259yat yolda\u015f\u0131m h\u0259kim s\u0259hl\u0259nkarl\u0131\u011f\u0131n\u0131n qurban\u0131 oldu, prokurorluq \u00f6rt-basd\u0131r edir\u201d"},"content":{"rendered":"\n<p><\/p>\n\n\n\n<p><strong><em>\u00a0\u201cBu h\u0259kimin \u0259vv\u0259lki h\u0259r\u0259k\u0259tl\u0259ri \u00f6rt-basd\u0131r edildiyin\u0259 g\u00f6r\u0259 bel\u0259 \u00f6l\u00fcml\u0259rin davam\u0131 g\u0259lib\u201d<\/em><\/strong><\/p>\n\n\n\n<p>Tovuz rayonunun Yan\u0131ql\u0131 k\u0259nd sakini Tural Qas\u0131mov h\u0259yat yolda\u015f\u0131n\u0131 h\u0259kim s\u0259hl\u0259nkarl\u0131\u011f\u0131 n\u0259tic\u0259sind\u0259 itirib. O gileyl\u0259nir ki, prokurorluq da h\u0259kimi c\u0259zaland\u0131rmaq ist\u0259mir. Bu \u00fczd\u0259n aylard\u0131r ki, prokurorluq, m\u0259hk\u0259m\u0259 qap\u0131lar\u0131nda qal\u0131b, Prezident Administrasiyas\u0131, Heyd\u0259r \u018fliyev Fondu da daxil olmaqla, m\u00fcxt\u0259lif d\u00f6vl\u0259t orqanlar\u0131na \u015fikay\u0259t edib.<\/p>\n\n\n\n<p><strong>\u201cH\u0259kim x\u0259st\u0259ni o v\u0259ziyy\u0259td\u0259 qoyub, \u00f6z\u00fc qa\u00e7\u0131b getmi\u015fdi\u201d<\/strong><\/p>\n\n\n\n<p>21 ya\u015fl\u0131 Ayg\u00fcn N\u0259c\u0259fova 2023-c\u00fc il iyunun 15-d\u0259 &#8211; o\u011flunu d\u00fcnyaya g\u0259tir\u0259nd\u0259n bir g\u00fcn sonra v\u0259fat edib. Hadis\u0259 Tovuz Rayon M\u0259rk\u0259zi X\u0259st\u0259xanas\u0131nda ba\u015f verib.<\/p>\n\n\n\n<p>H\u0259yat yolda\u015f\u0131 dan\u0131\u015f\u0131r ki, hamil\u0259lik d\u00f6vr\u00fcnd\u0259 Ayg\u00fcn N\u0259c\u0259fovan\u0131n he\u00e7 bir problemi olmay\u0131b. Onun s\u00f6zl\u0259rin\u0259 g\u00f6r\u0259, \u00f6z\u0259l x\u0259st\u0259xanada m\u00fct\u0259madi m\u00fcayin\u0259l\u0259rd\u0259n ke\u00e7ib, h\u0259kim n\u0259zar\u0259tind\u0259 olub, bunu t\u0259sdiql\u0259y\u0259n s\u0259n\u0259dl\u0259r d\u0259 var.<\/p>\n\n\n\n<p>Hamil\u0259liyin 37-ci h\u0259ft\u0259sind\u0259 Tovuz Rayon M\u0259rk\u0259zi X\u0259st\u0259xanas\u0131nda Xatir\u0259 Quliyevan\u0131n yan\u0131na gedibl\u0259r:<\/p>\n\n\n\n<p><em>\u201cHamil\u0259lik d\u00f6vr\u00fcnd\u0259 \u018fntiq\u0259 h\u0259kimin n\u0259zar\u0259tind\u0259 olmu\u015fdu, he\u00e7 bir problem d\u0259 yox idi. \u0130yunun 14-d\u0259 do\u011fu\u015f \u00fc\u00e7\u00fcn Tovuz Rayon M\u0259rk\u0259zi X\u0259st\u0259xanas\u0131na getdik. Orada Xatir\u0259 h\u0259kim analizl\u0259rin cavab\u0131na baxd\u0131. Dedi ki, \u201cg\u0259lin, qeys\u0259riyy\u0259 \u0259m\u0259liyyat\u0131 el\u0259y\u0259k\u201d. Bu \u0259m\u0259liyyat da do\u011fu\u015f vaxt\u0131ndan bir h\u0259ft\u0259 \u0259vv\u0259l olmal\u0131d\u0131r. El\u0259 h\u0259min g\u00fcn \u0259m\u0259liyyat olunmas\u0131n\u0131 t\u0259klif el\u0259di, biz d\u0259 raz\u0131la\u015fd\u0131q\u201d<\/em>.<\/p>\n\n\n\n<p>\u0130yunun 14-d\u0259 ax\u015fam saat 22.00 rad\u0259l\u0259rind\u0259 qeys\u0259riyy\u0259 \u0259m\u0259liyyat\u0131yla Ayg\u00fcn N\u0259c\u0259fovan\u0131n o\u011flu d\u00fcnyaya g\u0259lib. Tural Qas\u0131mov dan\u0131\u015f\u0131r ki, \u0259m\u0259liyyatdan sonra h\u0259kim onlara h\u0259m anan\u0131n, h\u0259m d\u0259 u\u015fa\u011f\u0131n v\u0259ziyy\u0259tinin yax\u015f\u0131 oldu\u011funu deyib. Ert\u0259si g\u00fcn s\u0259h\u0259r yenid\u0259n x\u0259st\u0259xanaya ged\u0259nd\u0259 onlara he\u00e7 bir problem olmad\u0131\u011f\u0131n\u0131 bildiribl\u0259r. Lakin az sonra x\u0259st\u0259xanadan Ayg\u00fcn N\u0259c\u0259fovan\u0131n anas\u0131na z\u0259ng edib, qan qrupunu soru\u015fublar, qana ehtiyac oldu\u011funu deyibl\u0259r:<\/p>\n\n\n\n<p><em>\u201cT\u0259bii ki, biz \u00e7ox narahat olduq. D\u0259rhal yenid\u0259n x\u0259st\u0259xanaya getdik. Dedil\u0259r ki, art\u0131q laz\u0131m deyil. Bildirdik ki, narahatl\u0131q varsa, G\u0259nc\u0259d\u0259ki x\u0259st\u0259xanaya aparaq. Cavab verdil\u0259r ki, ehtiyac yoxdur. Bizi aldatd\u0131lar ki, x\u0259st\u0259ni yat\u0131rtm\u0131\u015f\u0131q, Bak\u0131dan h\u0259kim g\u0259lir, o baxacaq. Xatir\u0259 Quliyeva x\u0259st\u0259ni o v\u0259ziyy\u0259td\u0259 qoyub, \u00f6z\u00fc qa\u00e7\u0131b getmi\u015fdi. Bir d\u0259 ax\u015fam saat 8 rad\u0259l\u0259rind\u0259 biz\u0259 dedil\u0259r ki, \u00f6l\u00fcb&#8230;\u201d<\/em>.<\/p>\n\n\n\n<p><strong>\u201c\u0130ndiki d\u00f6vrd\u0259 x\u0259st\u0259xanada qanaxmadan adam \u00f6l\u0259r?!\u201d<\/strong><\/p>\n\n\n\n<p>Ekspertizan\u0131n r\u0259yin\u0259 g\u00f6r\u0259, Ayg\u00fcn N\u0259c\u0259fova qanitirm\u0259d\u0259n h\u0259yat\u0131n\u0131 itirib. Qeys\u0259riyy\u0259 \u0259m\u0259liyyat\u0131ndan sonra u\u015faql\u0131qda k\u0259skin qanaxma olub.<\/p>\n\n\n\n<p>Tural Qas\u0131mov deyir ki, h\u0259kim s\u0259hl\u0259nkarl\u0131\u011f\u0131 olmasayd\u0131, h\u0259yat yolda\u015f\u0131n\u0131 itirm\u0259zdi.<\/p>\n\n\n\n<p><em>\u201cNec\u0259 olub ki, bunlar qanitirm\u0259nin qar\u015f\u0131s\u0131n\u0131 ala bilm\u0259yibl\u0259r? Biz 19-cu \u0259srd\u0259 ya\u015fam\u0131r\u0131q, indiki d\u00f6vrd\u0259 x\u0259st\u0259xanada qanitirm\u0259d\u0259n adam \u00f6l\u0259r?! M\u00fcasir d\u00f6vrd\u0259 tibbd\u0259 qanaxman\u0131n qar\u015f\u0131s\u0131n\u0131 almaq el\u0259 d\u0259 \u00e7\u0259tin bir i\u015f deyil ax\u0131. Amma s\u0259hl\u0259nkarl\u0131q el\u0259yibl\u0259r. T\u0259\u0259ss\u00fcf ki, prokurorluq da bu cinay\u0259ti \u00f6rt-basd\u0131r el\u0259m\u0259y\u0259 \u00e7al\u0131\u015f\u0131r. S\u0259b\u0259bi d\u0259 m\u0259lumdur. Sonradan \u00f6yr\u0259ndik ki, m\u0259nim yolda\u015f\u0131m Xatir\u0259 Quliyevan\u0131n \u0259lind\u0259 ilk \u00f6l\u00fcm hadis\u0259si deyil. T\u0259\u0259ss\u00fcf ki, bu h\u0259kimin \u0259vv\u0259lki h\u0259r\u0259k\u0259tl\u0259ri \u00f6rt-basd\u0131r edildiyin\u0259 g\u00f6r\u0259 bel\u0259 \u00f6l\u00fcml\u0259rin davam\u0131 g\u0259lib\u201d<\/em>.<\/p>\n\n\n\n<p><strong>M\u0259hk\u0259m\u0259 prokurorlu\u011fun q\u0259rar\u0131n\u0131 l\u0259\u011fv edib, yenid\u0259n ara\u015fd\u0131rma apar\u0131lmal\u0131d\u0131r<\/strong><\/p>\n\n\n\n<p>H\u0259rb\u00e7i oldu\u011funu v\u0259 44 g\u00fcnl\u00fck m\u00fcharib\u0259d\u0259 i\u015ftirak etdiyini dey\u0259n Tural Qas\u0131mov vur\u011fulay\u0131b ki, h\u0259yat yolda\u015f\u0131n\u0131n qan\u0131n\u0131n yerd\u0259 qalmamas\u0131 \u00fc\u00e7\u00fcn sonad\u0259k m\u00fcbariz\u0259 aparacaq. Deyir ki, bunu t\u0259kc\u0259 \u00f6z\u00fcn\u0259 g\u00f6r\u0259 yox, ba\u015fqa u\u015faqlar\u0131n da onun o\u011flu kimi anas\u0131z qalmamas\u0131 \u00fc\u00e7\u00fcn edir:<\/p>\n\n\n\n<p><em>\u201cM\u0259n Xatir\u0259 Quliyevan\u0131n \u0259vv\u0259lki qurbanlar\u0131 kimi davranmayacam. Maddi yard\u0131m, ba\u015fda\u015f\u0131 d\u00fcz\u0259ltdirm\u0259kl\u0259 m\u0259ni sakitl\u0259\u015fdirm\u0259k m\u00fcmk\u00fcn deyil. S\u0259lahiyy\u0259t sahibl\u0259rind\u0259n d\u0259 xahi\u015fim budur ki, bel\u0259 i\u015fl\u0259rd\u0259 q\u0259rar ver\u0259nd\u0259 vicdanla yana\u015fs\u0131nlar. M\u0259nim yolda\u015f\u0131m\u0131n qan\u0131 yerd\u0259 qalmas\u0131n&#8230;\u201d<\/em>.<\/p>\n\n\n\n<p>Ayg\u00fcn N\u0259c\u0259fovan\u0131n \u00f6l\u00fcm\u00fcyl\u0259 \u0259laq\u0259dar Tovuz Rayon Prokurorlu\u011funda ara\u015fd\u0131rma apar\u0131lsa da, sonda cinay\u0259t i\u015fi ba\u015flanmas\u0131 r\u0259dd olunub. M\u00fcst\u0259ntiq Natiq \u018fmirov 15 sentyabr 2023-c\u00fc il tarixli q\u0259rar\u0131nda yaz\u0131b ki, bu hadis\u0259d\u0259 cinay\u0259t t\u0259rkibi yoxdur.<\/p>\n\n\n\n<p>M\u0259hk\u0259m\u0259 Tibbi Ekspertiza v\u0259 Patoloji Anatomiya Birliyinin Tovuz \u015f\u00f6b\u0259si d\u0259 r\u0259yind\u0259 \u00f6l\u00fcm\u00fcn s\u0259b\u0259bi kimi qeys\u0259riyy\u0259 \u0259m\u0259liyyat\u0131ndan sonra k\u0259skin u\u015faql\u0131q qanaxmas\u0131n\u0131 g\u00f6st\u0259rib. Eyni zamanda, r\u0259yd\u0259 onu da yaz\u0131blar ki, x\u0259st\u0259xanada Ayg\u00fcn N\u0259c\u0259fovaya edil\u0259n m\u00fcalic\u0259l\u0259r d\u00fczg\u00fcn olub.<\/p>\n\n\n<div class=\"wp-block-image\">\n<figure class=\"alignright size-full is-resized\"><img decoding=\"async\" width=\"491\" height=\"720\" data-src=\"https:\/\/www.meydan.tv\/wp-content\/uploads\/photo-2024-02-26-12-58-57_720.jpg\" alt=\"\" class=\"wp-image-299992 lazyload\" style=\"--smush-placeholder-width: 491px; --smush-placeholder-aspect-ratio: 491\/720;width:383px;height:auto\" src=\"data:image\/svg+xml;base64,PHN2ZyB3aWR0aD0iMSIgaGVpZ2h0PSIxIiB4bWxucz0iaHR0cDovL3d3dy53My5vcmcvMjAwMC9zdmciPjwvc3ZnPg==\" \/><\/figure>\n<\/div>\n\n\n<p>Tural Qas\u0131mov prokurorlu\u011fun r\u0259dd q\u0259rar\u0131ndan m\u0259hk\u0259m\u0259y\u0259 \u015fikay\u0259t edib. \u015eikay\u0259tind\u0259 g\u00f6st\u0259rib ki, prokurorluq h\u0259rt\u0259r\u0259fli ara\u015fd\u0131rma aparmay\u0131b, q\u0259rar obyektiv v\u0259 \u0259dal\u0259tli deyil. Ara\u015fd\u0131rmadan sonra Tovuz Rayon M\u0259hk\u0259m\u0259si d\u0259 bu n\u0259tic\u0259y\u0259 g\u0259lib v\u0259 prokurorlu\u011fun q\u0259rar\u0131n\u0131 l\u0259\u011fv edib. Ayg\u00fcn N\u0259c\u0259fovan\u0131n \u00f6l\u00fcm\u00fcyl\u0259 ba\u011fl\u0131 materiallar yenid\u0259n ara\u015fd\u0131r\u0131lmas\u0131 \u00fc\u00e7\u00fcn Tovuz Rayon Prokurorlu\u011funa qaytar\u0131l\u0131b. Haz\u0131rda prokurorluqda ara\u015fd\u0131rmalar davam edir.<\/p>\n\n\n\n<p><em>\u201cEhtiyat edir\u0259m ki, bunlar yen\u0259 d\u0259 \u00f6z bildikl\u0259rini el\u0259y\u0259rl\u0259r. \u0130st\u0259dikl\u0259ri r\u0259yi al\u0131b, \u00f6rt-basd\u0131r etm\u0259y\u0259c\u0259kl\u0259rin\u0259 \u0259min deyil\u0259m. Ona g\u00f6r\u0259 Ba\u015f prokuror Kamran \u018fliyev\u0259 d\u0259 m\u00fcraci\u0259t etmi\u015f\u0259m ki, bu i\u015fi n\u0259zar\u0259td\u0259 saxlas\u0131n, sui-istifad\u0259 hallar\u0131na yol verilm\u0259sin. \u00c7\u00fcnki Xatir\u0259 Quliyevan\u0131n \u0259vv\u0259ld\u0259n t\u0259dbirini g\u00f6rm\u0259si bar\u0259d\u0259 m\u0259lumat alm\u0131\u015f\u0131q\u201d<\/em>, &#8211; Tural Qas\u0131mov \u0259lav\u0259 edib.<\/p>\n\n\n\n<p><\/p>\n\n\n\n<p><strong>\u0130ttiham olunan \u015f\u00f6b\u0259 m\u00fcdiri \u00f6z\u00fcn\u00fc g\u00fcnahkar saym\u0131r<\/strong><\/p>\n\n\n\n<p>Eyni zamanda, Tovuz Rayon M\u0259rk\u0259zi X\u0259st\u0259xanas\u0131n\u0131n do\u011fum \u015f\u00f6b\u0259sinin m\u00fcdiri olan Xatir\u0259 Quliyeva is\u0259 Ayg\u00fcn N\u0259c\u0259fovan\u0131n \u00f6l\u00fcm\u00fcnd\u0259 t\u0259qsiri olmad\u0131\u011f\u0131n\u0131 deyir. Mama-ginekoloq \u00f6z\u00fc d\u0259 t\u0259sdiql\u0259yir ki, iyunun 14-d\u0259 ax\u015fam saat 22 rad\u0259l\u0259rind\u0259 h\u0259yata ke\u00e7irdiyi \u0259m\u0259liyyatdan sonra anada he\u00e7 bir problem olmay\u0131b. Onun s\u00f6zl\u0259rin\u0259 g\u00f6r\u0259, gec\u0259 saat 01 rad\u0259l\u0259rin\u0259 q\u0259d\u0259r x\u0259st\u0259xanada olub, narahatl\u0131q ya\u015fanmay\u0131b. Sonra ev\u0259 gets\u0259 d\u0259, gec\u0259 saat 3 rad\u0259l\u0259rind\u0259 ba\u015fqa bir do\u011fu\u015fa g\u00f6r\u0259 yenid\u0259n qay\u0131d\u0131b v\u0259 s\u0259h\u0259r\u0259 q\u0259d\u0259r x\u0259st\u0259xanada olub.<\/p>\n\n\n\n<p>H\u0259kimin dediyin\u0259 g\u00f6r\u0259, s\u0259h\u0259r saat 09 rad\u0259l\u0259rind\u0259 Ayg\u00fcn N\u0259c\u0259fovaya yenid\u0259n ba\u015f \u00e7\u0259kib, onunla dan\u0131\u015f\u0131b, v\u0259ziyy\u0259ti normal olub:<\/p>\n\n\n\n<p><em>\u201cBundan sonra ev\u0259 getdim ki, bir az dinc\u0259lim. G\u00fcnorta 3 rad\u0259l\u0259rind\u0259 z\u0259ng el\u0259dil\u0259r ki, trombositl\u0259r k\u0259skin d\u00fc\u015f\u00fcb&#8230;\u201d<\/em>.<\/p>\n\n\n\n<p>Xatir\u0259 Quliyeva bildirir ki, x\u0259st\u0259nin durumu haqda S\u0259hiyy\u0259 Nazirliyinin m\u00fcvafiq qurumuna x\u0259b\u0259r verib, Bak\u0131dan k\u00f6m\u0259k ist\u0259yib. X\u0259st\u0259ni s\u00fcni t\u0259n\u0259ff\u00fcs aparat\u0131na qo\u015fublar. G\u0259nc\u0259 qan bank\u0131ndan qan, plazma v\u0259 s. g\u0259tiribl\u0259r. Bu t\u0259dbirl\u0259r\u0259 baxmayaraq, Ayg\u00fcn N\u0259c\u0259fovan\u0131n h\u0259yat\u0131n\u0131 xilas etm\u0259k m\u00fcmk\u00fcn olmay\u0131b.<\/p>\n\n\n\n<p>Xatir\u0259 Quliyeva iddia edir ki, Ayg\u00fcn N\u0259c\u0259fovada hamil\u0259lik d\u00f6vr\u00fcnd\u0259 \u201cpreeklampsiya\u201d yaran\u0131b v\u0259 n\u0259tic\u0259d\u0259 daxili orqanlar\u0131n\u0131n f\u0259aliyy\u0259ti pozulub. Onun iddias\u0131na g\u00f6r\u0259, HELLP sindromu, b\u00f6yr\u0259k-a\u011fciy\u0259r \u00e7at\u0131\u015fmazl\u0131\u011f\u0131 \u00f6l\u00fcm\u0259 g\u0259tirib \u00e7\u0131xar\u0131b.<\/p>\n","protected":false},"excerpt":{"rendered":"<p>\u00a0\u201cBu h\u0259kimin \u0259vv\u0259lki h\u0259r\u0259k\u0259tl\u0259ri \u00f6rt-basd\u0131r edildiyin\u0259 g\u00f6r\u0259 bel\u0259 \u00f6l\u00fcml\u0259rin davam\u0131 &#8230; <\/p>\n<p class=\"read-more-container\"><a title=\"Tovuz sakini: \u201cH\u0259yat yolda\u015f\u0131m h\u0259kim s\u0259hl\u0259nkarl\u0131\u011f\u0131n\u0131n qurban\u0131 oldu, prokurorluq \u00f6rt-basd\u0131r edir\u201d\" class=\"read-more button\" href=\"https:\/\/www.meydan.tv\/az\/article\/tovuz-sakini-heyat-yoldasim-hekim-sehlenkarliginin-qurbani-oldu-prokurorluq-ort-basdir-edir\/#more-299991\" aria-label=\"Read more about Tovuz sakini: \u201cH\u0259yat yolda\u015f\u0131m h\u0259kim s\u0259hl\u0259nkarl\u0131\u011f\u0131n\u0131n qurban\u0131 oldu, prokurorluq \u00f6rt-basd\u0131r edir\u201d\">Davam\u0131<\/a><\/p>\n","protected":false},"author":21,"featured_media":299995,"comment_status":"closed","ping_status":"closed","sticky":false,"template":"","format":"standard","meta":{"_acf_changed":false,"_sitemap_exclude":false,"_sitemap_priority":"","_sitemap_frequency":"","footnotes":""},"categories":[60,62,79,56],"tags":[],"class_list":["post-299991","post","type-post","status-publish","format-standard","has-post-thumbnail","hentry","category-bolge","category-sosial","category-featured","category-xeberler","infinite-scroll-item","generate-columns","tablet-grid-50","mobile-grid-100","grid-parent","grid-33","no-featured-image-padding"],"acf":[],"yoast_head":"<!-- This site is optimized with the Yoast SEO plugin v27.4 - https:\/\/yoast.com\/product\/yoast-seo-wordpress\/ -->\n<title>Tovuz sakini: \u201cH\u0259yat yolda\u015f\u0131m h\u0259kim s\u0259hl\u0259nkarl\u0131\u011f\u0131n\u0131n qurban\u0131 oldu, prokurorluq \u00f6rt-basd\u0131r edir\u201d - MEYDAN.TV<\/title>\n<meta name=\"robots\" content=\"index, follow, max-snippet:-1, max-image-preview:large, max-video-preview:-1\" \/>\n<link rel=\"canonical\" href=\"https:\/\/www.meydan.tv\/az\/article\/tovuz-sakini-heyat-yoldasim-hekim-sehlenkarliginin-qurbani-oldu-prokurorluq-ort-basdir-edir\/\" \/>\n<meta property=\"og:locale\" content=\"az_AZ\" \/>\n<meta property=\"og:type\" content=\"article\" \/>\n<meta property=\"og:title\" content=\"Tovuz sakini: \u201cH\u0259yat yolda\u015f\u0131m h\u0259kim s\u0259hl\u0259nkarl\u0131\u011f\u0131n\u0131n qurban\u0131 oldu, prokurorluq \u00f6rt-basd\u0131r edir\u201d - MEYDAN.TV\" \/>\n<meta property=\"og:description\" content=\"\u00a0\u201cBu h\u0259kimin \u0259vv\u0259lki h\u0259r\u0259k\u0259tl\u0259ri \u00f6rt-basd\u0131r edildiyin\u0259 g\u00f6r\u0259 bel\u0259 \u00f6l\u00fcml\u0259rin davam\u0131 ... Davam\u0131\" \/>\n<meta property=\"og:url\" content=\"https:\/\/www.meydan.tv\/az\/article\/tovuz-sakini-heyat-yoldasim-hekim-sehlenkarliginin-qurbani-oldu-prokurorluq-ort-basdir-edir\/\" \/>\n<meta property=\"og:site_name\" content=\"MEYDAN.TV\" \/>\n<meta property=\"article:published_time\" content=\"2024-02-26T10:25:46+00:00\" \/>\n<meta property=\"article:modified_time\" content=\"2024-02-26T12:06:03+00:00\" \/>\n<meta property=\"og:image\" content=\"https:\/\/www.meydan.tv\/wp-content\/uploads\/photo-2024-02-26-12-58-59_720-e1708943083169.jpg\" \/>\n\t<meta property=\"og:image:width\" content=\"540\" \/>\n\t<meta property=\"og:image:height\" content=\"519\" \/>\n\t<meta property=\"og:image:type\" content=\"image\/jpeg\" \/>\n<meta name=\"author\" content=\"mahmud\" \/>\n<meta name=\"twitter:card\" content=\"summary_large_image\" \/>\n<script type=\"application\/ld+json\" class=\"yoast-schema-graph\">{\"@context\":\"https:\\\/\\\/schema.org\",\"@graph\":[{\"@type\":\"Article\",\"@id\":\"https:\\\/\\\/www.meydan.tv\\\/az\\\/article\\\/tovuz-sakini-heyat-yoldasim-hekim-sehlenkarliginin-qurbani-oldu-prokurorluq-ort-basdir-edir\\\/#article\",\"isPartOf\":{\"@id\":\"https:\\\/\\\/www.meydan.tv\\\/az\\\/article\\\/tovuz-sakini-heyat-yoldasim-hekim-sehlenkarliginin-qurbani-oldu-prokurorluq-ort-basdir-edir\\\/\"},\"author\":{\"name\":\"mahmud\",\"@id\":\"https:\\\/\\\/www.meydan.tv\\\/az\\\/#\\\/schema\\\/person\\\/09863e516102a829e72bedcf3f84c6b0\"},\"headline\":\"Tovuz sakini: \u201cH\u0259yat yolda\u015f\u0131m h\u0259kim s\u0259hl\u0259nkarl\u0131\u011f\u0131n\u0131n qurban\u0131 oldu, prokurorluq \u00f6rt-basd\u0131r edir\u201d\",\"datePublished\":\"2024-02-26T10:25:46+00:00\",\"dateModified\":\"2024-02-26T12:06:03+00:00\",\"mainEntityOfPage\":{\"@id\":\"https:\\\/\\\/www.meydan.tv\\\/az\\\/article\\\/tovuz-sakini-heyat-yoldasim-hekim-sehlenkarliginin-qurbani-oldu-prokurorluq-ort-basdir-edir\\\/\"},\"wordCount\":1467,\"publisher\":{\"@id\":\"https:\\\/\\\/www.meydan.tv\\\/az\\\/#organization\"},\"image\":{\"@id\":\"https:\\\/\\\/www.meydan.tv\\\/az\\\/article\\\/tovuz-sakini-heyat-yoldasim-hekim-sehlenkarliginin-qurbani-oldu-prokurorluq-ort-basdir-edir\\\/#primaryimage\"},\"thumbnailUrl\":\"https:\\\/\\\/www.meydan.tv\\\/wp-content\\\/uploads\\\/photo-2024-02-26-12-58-59_720-e1708943083169.jpg\",\"articleSection\":[\"B\u00f6lg\u0259\",\"Sosial\",\"T\u00f6vsiy\u0259\",\"X\u0259b\u0259rl\u0259r\"],\"inLanguage\":\"az\"},{\"@type\":\"WebPage\",\"@id\":\"https:\\\/\\\/www.meydan.tv\\\/az\\\/article\\\/tovuz-sakini-heyat-yoldasim-hekim-sehlenkarliginin-qurbani-oldu-prokurorluq-ort-basdir-edir\\\/\",\"url\":\"https:\\\/\\\/www.meydan.tv\\\/az\\\/article\\\/tovuz-sakini-heyat-yoldasim-hekim-sehlenkarliginin-qurbani-oldu-prokurorluq-ort-basdir-edir\\\/\",\"name\":\"Tovuz sakini: \u201cH\u0259yat yolda\u015f\u0131m h\u0259kim s\u0259hl\u0259nkarl\u0131\u011f\u0131n\u0131n qurban\u0131 oldu, prokurorluq \u00f6rt-basd\u0131r edir\u201d - MEYDAN.TV\",\"isPartOf\":{\"@id\":\"https:\\\/\\\/www.meydan.tv\\\/az\\\/#website\"},\"primaryImageOfPage\":{\"@id\":\"https:\\\/\\\/www.meydan.tv\\\/az\\\/article\\\/tovuz-sakini-heyat-yoldasim-hekim-sehlenkarliginin-qurbani-oldu-prokurorluq-ort-basdir-edir\\\/#primaryimage\"},\"image\":{\"@id\":\"https:\\\/\\\/www.meydan.tv\\\/az\\\/article\\\/tovuz-sakini-heyat-yoldasim-hekim-sehlenkarliginin-qurbani-oldu-prokurorluq-ort-basdir-edir\\\/#primaryimage\"},\"thumbnailUrl\":\"https:\\\/\\\/www.meydan.tv\\\/wp-content\\\/uploads\\\/photo-2024-02-26-12-58-59_720-e1708943083169.jpg\",\"datePublished\":\"2024-02-26T10:25:46+00:00\",\"dateModified\":\"2024-02-26T12:06:03+00:00\",\"breadcrumb\":{\"@id\":\"https:\\\/\\\/www.meydan.tv\\\/az\\\/article\\\/tovuz-sakini-heyat-yoldasim-hekim-sehlenkarliginin-qurbani-oldu-prokurorluq-ort-basdir-edir\\\/#breadcrumb\"},\"inLanguage\":\"az\",\"potentialAction\":[{\"@type\":\"ReadAction\",\"target\":[\"https:\\\/\\\/www.meydan.tv\\\/az\\\/article\\\/tovuz-sakini-heyat-yoldasim-hekim-sehlenkarliginin-qurbani-oldu-prokurorluq-ort-basdir-edir\\\/\"]}]},{\"@type\":\"ImageObject\",\"inLanguage\":\"az\",\"@id\":\"https:\\\/\\\/www.meydan.tv\\\/az\\\/article\\\/tovuz-sakini-heyat-yoldasim-hekim-sehlenkarliginin-qurbani-oldu-prokurorluq-ort-basdir-edir\\\/#primaryimage\",\"url\":\"https:\\\/\\\/www.meydan.tv\\\/wp-content\\\/uploads\\\/photo-2024-02-26-12-58-59_720-e1708943083169.jpg\",\"contentUrl\":\"https:\\\/\\\/www.meydan.tv\\\/wp-content\\\/uploads\\\/photo-2024-02-26-12-58-59_720-e1708943083169.jpg\",\"width\":540,\"height\":519,\"caption\":\"Ayg\u00fcn N\u0259c\u0259fova. Foto: Ail\u0259 albomundan\"},{\"@type\":\"BreadcrumbList\",\"@id\":\"https:\\\/\\\/www.meydan.tv\\\/az\\\/article\\\/tovuz-sakini-heyat-yoldasim-hekim-sehlenkarliginin-qurbani-oldu-prokurorluq-ort-basdir-edir\\\/#breadcrumb\",\"itemListElement\":[{\"@type\":\"ListItem\",\"position\":1,\"name\":\"Ana s\u0259hif\u0259\",\"item\":\"https:\\\/\\\/www.meydan.tv\\\/az\\\/\"},{\"@type\":\"ListItem\",\"position\":2,\"name\":\"Sosial\",\"item\":\"https:\\\/\\\/www.meydan.tv\\\/az\\\/section\\\/sosial\\\/\"},{\"@type\":\"ListItem\",\"position\":3,\"name\":\"Tovuz sakini: \u201cH\u0259yat yolda\u015f\u0131m h\u0259kim s\u0259hl\u0259nkarl\u0131\u011f\u0131n\u0131n qurban\u0131 oldu, prokurorluq \u00f6rt-basd\u0131r edir\u201d\"}]},{\"@type\":\"WebSite\",\"@id\":\"https:\\\/\\\/www.meydan.tv\\\/az\\\/#website\",\"url\":\"https:\\\/\\\/www.meydan.tv\\\/az\\\/\",\"name\":\"MEYDAN.TV\",\"description\":\"Meydan TV Az\u0259rbaycan\u0131n media m\u0259kan\u0131ndak\u0131 alternativ s\u0259sidir\",\"publisher\":{\"@id\":\"https:\\\/\\\/www.meydan.tv\\\/az\\\/#organization\"},\"potentialAction\":[{\"@type\":\"SearchAction\",\"target\":{\"@type\":\"EntryPoint\",\"urlTemplate\":\"https:\\\/\\\/www.meydan.tv\\\/az\\\/?s={search_term_string}\"},\"query-input\":{\"@type\":\"PropertyValueSpecification\",\"valueRequired\":true,\"valueName\":\"search_term_string\"}}],\"inLanguage\":\"az\"},{\"@type\":\"Organization\",\"@id\":\"https:\\\/\\\/www.meydan.tv\\\/az\\\/#organization\",\"name\":\"Meydan TV\",\"url\":\"https:\\\/\\\/www.meydan.tv\\\/az\\\/\",\"logo\":{\"@type\":\"ImageObject\",\"inLanguage\":\"az\",\"@id\":\"https:\\\/\\\/www.meydan.tv\\\/az\\\/#\\\/schema\\\/logo\\\/image\\\/\",\"url\":\"https:\\\/\\\/www.meydan.tv\\\/wp-content\\\/uploads\\\/2021\\\/07\\\/meydan-logo.svg\",\"contentUrl\":\"https:\\\/\\\/www.meydan.tv\\\/wp-content\\\/uploads\\\/2021\\\/07\\\/meydan-logo.svg\",\"width\":195,\"height\":46,\"caption\":\"Meydan TV\"},\"image\":{\"@id\":\"https:\\\/\\\/www.meydan.tv\\\/az\\\/#\\\/schema\\\/logo\\\/image\\\/\"}},{\"@type\":\"Person\",\"@id\":\"https:\\\/\\\/www.meydan.tv\\\/az\\\/#\\\/schema\\\/person\\\/09863e516102a829e72bedcf3f84c6b0\",\"name\":\"mahmud\"}]}<\/script>\n<!-- \/ Yoast SEO plugin. -->","yoast_head_json":{"title":"Tovuz sakini: \u201cH\u0259yat yolda\u015f\u0131m h\u0259kim s\u0259hl\u0259nkarl\u0131\u011f\u0131n\u0131n qurban\u0131 oldu, prokurorluq \u00f6rt-basd\u0131r edir\u201d - MEYDAN.TV","robots":{"index":"index","follow":"follow","max-snippet":"max-snippet:-1","max-image-preview":"max-image-preview:large","max-video-preview":"max-video-preview:-1"},"canonical":"https:\/\/www.meydan.tv\/az\/article\/tovuz-sakini-heyat-yoldasim-hekim-sehlenkarliginin-qurbani-oldu-prokurorluq-ort-basdir-edir\/","og_locale":"az_AZ","og_type":"article","og_title":"Tovuz sakini: \u201cH\u0259yat yolda\u015f\u0131m h\u0259kim s\u0259hl\u0259nkarl\u0131\u011f\u0131n\u0131n qurban\u0131 oldu, prokurorluq \u00f6rt-basd\u0131r edir\u201d - MEYDAN.TV","og_description":"\u00a0\u201cBu h\u0259kimin \u0259vv\u0259lki h\u0259r\u0259k\u0259tl\u0259ri \u00f6rt-basd\u0131r edildiyin\u0259 g\u00f6r\u0259 bel\u0259 \u00f6l\u00fcml\u0259rin davam\u0131 ... Davam\u0131","og_url":"https:\/\/www.meydan.tv\/az\/article\/tovuz-sakini-heyat-yoldasim-hekim-sehlenkarliginin-qurbani-oldu-prokurorluq-ort-basdir-edir\/","og_site_name":"MEYDAN.TV","article_published_time":"2024-02-26T10:25:46+00:00","article_modified_time":"2024-02-26T12:06:03+00:00","og_image":[{"width":540,"height":519,"url":"https:\/\/www.meydan.tv\/wp-content\/uploads\/photo-2024-02-26-12-58-59_720-e1708943083169.jpg","type":"image\/jpeg"}],"author":"mahmud","twitter_card":"summary_large_image","schema":{"@context":"https:\/\/schema.org","@graph":[{"@type":"Article","@id":"https:\/\/www.meydan.tv\/az\/article\/tovuz-sakini-heyat-yoldasim-hekim-sehlenkarliginin-qurbani-oldu-prokurorluq-ort-basdir-edir\/#article","isPartOf":{"@id":"https:\/\/www.meydan.tv\/az\/article\/tovuz-sakini-heyat-yoldasim-hekim-sehlenkarliginin-qurbani-oldu-prokurorluq-ort-basdir-edir\/"},"author":{"name":"mahmud","@id":"https:\/\/www.meydan.tv\/az\/#\/schema\/person\/09863e516102a829e72bedcf3f84c6b0"},"headline":"Tovuz sakini: \u201cH\u0259yat yolda\u015f\u0131m h\u0259kim s\u0259hl\u0259nkarl\u0131\u011f\u0131n\u0131n qurban\u0131 oldu, prokurorluq \u00f6rt-basd\u0131r edir\u201d","datePublished":"2024-02-26T10:25:46+00:00","dateModified":"2024-02-26T12:06:03+00:00","mainEntityOfPage":{"@id":"https:\/\/www.meydan.tv\/az\/article\/tovuz-sakini-heyat-yoldasim-hekim-sehlenkarliginin-qurbani-oldu-prokurorluq-ort-basdir-edir\/"},"wordCount":1467,"publisher":{"@id":"https:\/\/www.meydan.tv\/az\/#organization"},"image":{"@id":"https:\/\/www.meydan.tv\/az\/article\/tovuz-sakini-heyat-yoldasim-hekim-sehlenkarliginin-qurbani-oldu-prokurorluq-ort-basdir-edir\/#primaryimage"},"thumbnailUrl":"https:\/\/www.meydan.tv\/wp-content\/uploads\/photo-2024-02-26-12-58-59_720-e1708943083169.jpg","articleSection":["B\u00f6lg\u0259","Sosial","T\u00f6vsiy\u0259","X\u0259b\u0259rl\u0259r"],"inLanguage":"az"},{"@type":"WebPage","@id":"https:\/\/www.meydan.tv\/az\/article\/tovuz-sakini-heyat-yoldasim-hekim-sehlenkarliginin-qurbani-oldu-prokurorluq-ort-basdir-edir\/","url":"https:\/\/www.meydan.tv\/az\/article\/tovuz-sakini-heyat-yoldasim-hekim-sehlenkarliginin-qurbani-oldu-prokurorluq-ort-basdir-edir\/","name":"Tovuz sakini: \u201cH\u0259yat yolda\u015f\u0131m h\u0259kim s\u0259hl\u0259nkarl\u0131\u011f\u0131n\u0131n qurban\u0131 oldu, prokurorluq \u00f6rt-basd\u0131r edir\u201d - MEYDAN.TV","isPartOf":{"@id":"https:\/\/www.meydan.tv\/az\/#website"},"primaryImageOfPage":{"@id":"https:\/\/www.meydan.tv\/az\/article\/tovuz-sakini-heyat-yoldasim-hekim-sehlenkarliginin-qurbani-oldu-prokurorluq-ort-basdir-edir\/#primaryimage"},"image":{"@id":"https:\/\/www.meydan.tv\/az\/article\/tovuz-sakini-heyat-yoldasim-hekim-sehlenkarliginin-qurbani-oldu-prokurorluq-ort-basdir-edir\/#primaryimage"},"thumbnailUrl":"https:\/\/www.meydan.tv\/wp-content\/uploads\/photo-2024-02-26-12-58-59_720-e1708943083169.jpg","datePublished":"2024-02-26T10:25:46+00:00","dateModified":"2024-02-26T12:06:03+00:00","breadcrumb":{"@id":"https:\/\/www.meydan.tv\/az\/article\/tovuz-sakini-heyat-yoldasim-hekim-sehlenkarliginin-qurbani-oldu-prokurorluq-ort-basdir-edir\/#breadcrumb"},"inLanguage":"az","potentialAction":[{"@type":"ReadAction","target":["https:\/\/www.meydan.tv\/az\/article\/tovuz-sakini-heyat-yoldasim-hekim-sehlenkarliginin-qurbani-oldu-prokurorluq-ort-basdir-edir\/"]}]},{"@type":"ImageObject","inLanguage":"az","@id":"https:\/\/www.meydan.tv\/az\/article\/tovuz-sakini-heyat-yoldasim-hekim-sehlenkarliginin-qurbani-oldu-prokurorluq-ort-basdir-edir\/#primaryimage","url":"https:\/\/www.meydan.tv\/wp-content\/uploads\/photo-2024-02-26-12-58-59_720-e1708943083169.jpg","contentUrl":"https:\/\/www.meydan.tv\/wp-content\/uploads\/photo-2024-02-26-12-58-59_720-e1708943083169.jpg","width":540,"height":519,"caption":"Ayg\u00fcn N\u0259c\u0259fova. Foto: Ail\u0259 albomundan"},{"@type":"BreadcrumbList","@id":"https:\/\/www.meydan.tv\/az\/article\/tovuz-sakini-heyat-yoldasim-hekim-sehlenkarliginin-qurbani-oldu-prokurorluq-ort-basdir-edir\/#breadcrumb","itemListElement":[{"@type":"ListItem","position":1,"name":"Ana s\u0259hif\u0259","item":"https:\/\/www.meydan.tv\/az\/"},{"@type":"ListItem","position":2,"name":"Sosial","item":"https:\/\/www.meydan.tv\/az\/section\/sosial\/"},{"@type":"ListItem","position":3,"name":"Tovuz sakini: \u201cH\u0259yat yolda\u015f\u0131m h\u0259kim s\u0259hl\u0259nkarl\u0131\u011f\u0131n\u0131n qurban\u0131 oldu, prokurorluq \u00f6rt-basd\u0131r edir\u201d"}]},{"@type":"WebSite","@id":"https:\/\/www.meydan.tv\/az\/#website","url":"https:\/\/www.meydan.tv\/az\/","name":"MEYDAN.TV","description":"Meydan TV Az\u0259rbaycan\u0131n media m\u0259kan\u0131ndak\u0131 alternativ s\u0259sidir","publisher":{"@id":"https:\/\/www.meydan.tv\/az\/#organization"},"potentialAction":[{"@type":"SearchAction","target":{"@type":"EntryPoint","urlTemplate":"https:\/\/www.meydan.tv\/az\/?s={search_term_string}"},"query-input":{"@type":"PropertyValueSpecification","valueRequired":true,"valueName":"search_term_string"}}],"inLanguage":"az"},{"@type":"Organization","@id":"https:\/\/www.meydan.tv\/az\/#organization","name":"Meydan TV","url":"https:\/\/www.meydan.tv\/az\/","logo":{"@type":"ImageObject","inLanguage":"az","@id":"https:\/\/www.meydan.tv\/az\/#\/schema\/logo\/image\/","url":"https:\/\/www.meydan.tv\/wp-content\/uploads\/2021\/07\/meydan-logo.svg","contentUrl":"https:\/\/www.meydan.tv\/wp-content\/uploads\/2021\/07\/meydan-logo.svg","width":195,"height":46,"caption":"Meydan TV"},"image":{"@id":"https:\/\/www.meydan.tv\/az\/#\/schema\/logo\/image\/"}},{"@type":"Person","@id":"https:\/\/www.meydan.tv\/az\/#\/schema\/person\/09863e516102a829e72bedcf3f84c6b0","name":"mahmud"}]}},"_links":{"self":[{"href":"https:\/\/www.meydan.tv\/az\/wp-json\/wp\/v2\/posts\/299991","targetHints":{"allow":["GET"]}}],"collection":[{"href":"https:\/\/www.meydan.tv\/az\/wp-json\/wp\/v2\/posts"}],"about":[{"href":"https:\/\/www.meydan.tv\/az\/wp-json\/wp\/v2\/types\/post"}],"author":[{"embeddable":true,"href":"https:\/\/www.meydan.tv\/az\/wp-json\/wp\/v2\/users\/21"}],"replies":[{"embeddable":true,"href":"https:\/\/www.meydan.tv\/az\/wp-json\/wp\/v2\/comments?post=299991"}],"version-history":[{"count":1,"href":"https:\/\/www.meydan.tv\/az\/wp-json\/wp\/v2\/posts\/299991\/revisions"}],"predecessor-version":[{"id":299998,"href":"https:\/\/www.meydan.tv\/az\/wp-json\/wp\/v2\/posts\/299991\/revisions\/299998"}],"wp:featuredmedia":[{"embeddable":true,"href":"https:\/\/www.meydan.tv\/az\/wp-json\/wp\/v2\/media\/299995"}],"wp:attachment":[{"href":"https:\/\/www.meydan.tv\/az\/wp-json\/wp\/v2\/media?parent=299991"}],"wp:term":[{"taxonomy":"category","embeddable":true,"href":"https:\/\/www.meydan.tv\/az\/wp-json\/wp\/v2\/categories?post=299991"},{"taxonomy":"post_tag","embeddable":true,"href":"https:\/\/www.meydan.tv\/az\/wp-json\/wp\/v2\/tags?post=299991"}],"curies":[{"name":"wp","href":"https:\/\/api.w.org\/{rel}","templated":true}]}}