{"id":299975,"date":"2024-02-26T12:15:56","date_gmt":"2024-02-26T08:15:56","guid":{"rendered":"https:\/\/www.meydan.tv\/?p=299975"},"modified":"2024-02-26T12:16:00","modified_gmt":"2024-02-26T08:16:00","slug":"xxi-esrde-lenkeranda-minik-avtomobillerinin-gede-bilmediyi-kendler-var","status":"publish","type":"post","link":"https:\/\/www.meydan.tv\/az\/article\/xxi-esrde-lenkeranda-minik-avtomobillerinin-gede-bilmediyi-kendler-var\/","title":{"rendered":"\u201cXXI \u0259srd\u0259 L\u0259nk\u0259randa minik avtomobill\u0259rinin ged\u0259 bilm\u0259diyi k\u0259ndl\u0259r var\u201d"},"content":{"rendered":"\n<p><\/p>\n\n\n\n<p><strong><em>L\u0259nk\u0259randa sakinl\u0259r 5 k\u0259ndi birl\u0259\u015fdir\u0259n yolun yarars\u0131z oldu\u011funu deyirl\u0259r<\/em><\/strong><\/p>\n\n\n\n<p>L\u0259nk\u0259randa 5 k\u0259ndin sakinl\u0259rinin istifad\u0259 etdiyi yol ke\u00e7ilm\u0259z durumdad\u0131r. Rayonun G\u0259giran k\u0259ndinin sakinl\u0259ri Meydan TV-y\u0259 bildiribl\u0259r ki, v\u0259ziyy\u0259t o h\u0259dd\u0259 \u00e7at\u0131b ki, yax\u0131nlar\u0131n\u0131n m\u0259zarlar\u0131n\u0131 ziyar\u0259t etm\u0259y\u0259 yol tapm\u0131rlar. Vacib i\u015f \u00fc\u00e7\u00fcn k\u0259ndd\u0259n \u00e7\u0131xanlar geri d\u00f6nm\u0259kd\u0259, do\u011fmalar\u0131n\u0131 g\u00f6rm\u0259k \u00fc\u00e7\u00fcn k\u0259nd\u0259 g\u0259l\u0259nl\u0259r k\u0259ndd\u0259n \u00e7\u0131xma\u011fa \u00e7\u0259tinlik \u00e7\u0259kirl\u0259r. Qarl\u0131, ya\u011f\u0131\u015fl\u0131 havalarda k\u0259ndl\u0259rl\u0259 \u0259laq\u0259 k\u0259silir.<\/p>\n\n\n\n<p>K\u0259nd sakini Qalib Mirz\u0259yev bildirib ki, m\u0259hz el\u0259 yola g\u00f6r\u0259 rayon m\u0259rk\u0259zin\u0259 k\u00f6\u00e7\u00fcb. K\u0259ndd\u0259 ya\u015fayan valideynl\u0259rini g\u00f6r\u0259 bilmir, \u00e7\u00fcnki yola g\u00f6r\u0259 taksil\u0259r k\u0259nd\u0259 qalxmaqdan imtina edirl\u0259r.<\/p>\n\n\n\n<p><em>\u201cXXI \u0259srd\u0259 L\u0259nk\u0259randa minik avtomobill\u0259rinin ged\u0259 bilm\u0259diyi k\u0259ndl\u0259r var. Bir balaca etiraz ed\u0259n kimi 100 yerd\u0259n x\u0259b\u0259rdarl\u0131q olunur. Sanki bu d\u00f6vl\u0259tin d\u00fc\u015fm\u0259niyik. D\u00fc\u015f\u00fcn\u0259n yoxdur ki, k\u0259ndli n\u0259 il\u0259 dolanmal\u0131d\u0131r. \u018fkin-bi\u00e7in varsa, bunu bazara \u00e7\u0131xarma\u011fa yol olmal\u0131d\u0131r\u201d,<\/em>&#8211; \u015fikay\u0259t\u00e7i bildirib.<\/p>\n\n\n\n<p>Sakinl\u0259rd\u0259n biri is\u0259 s\u00f6yl\u0259yib ki, onun 70 ya\u015fl\u0131 atas\u0131n\u0131 rayon x\u0259st\u0259xanas\u0131na \u00e7atd\u0131rmaq \u00fc\u00e7\u00fcn qon\u015funun UAZ ma\u015f\u0131n\u0131 k\u00f6m\u0259y\u0259 g\u0259lib. \u018fks halda atas\u0131 \u00f6l\u0259 bil\u0259rdi. T\u0259cili yard\u0131m, yan\u011f\u0131n s\u00f6nd\u00fcr\u0259n ma\u015f\u0131nlar\u0131 k\u0259nd\u0259 g\u0259lm\u0259k ist\u0259mir:<\/p>\n\n\n\n<p><em>\u201cSosial \u015f\u0259b\u0259k\u0259d\u0259 bir k\u0259lm\u0259 yazan kimi icra hakimiyy\u0259tind\u0259n tutmu\u015f m\u0259nzil istismar sah\u0259l\u0259rinin, m\u00fc\u0259lliml\u0259rin ham\u0131s\u0131 bir a\u011f\u0131zdan eyni s\u00f6zl\u0259ri yaz\u0131rlar. Guya L\u0259nk\u0259ran o q\u0259d\u0259r inki\u015faf edir ki, bizim g\u00f6z\u00fcm\u00fcz g\u00f6t\u00fcrm\u00fcr. Ham\u0131 bilir ki, d\u00f6vl\u0259t qurumlar\u0131nda i\u015fl\u0259y\u0259nl\u0259r\u0259 rayon haqq\u0131nda t\u0259nqidi yazanlara etiraz etm\u0259yi tap\u015f\u0131r\u0131blar. Bizim d\u0259 qon\u015fuluqda, qohumluqda bel\u0259l\u0259ri var\u201d<\/em>.<\/p>\n\n\n\n<figure class=\"wp-block-image size-full\"><img decoding=\"async\" width=\"1024\" height=\"556\" data-src=\"https:\/\/www.meydan.tv\/wp-content\/uploads\/img_1700.png\" alt=\"\" class=\"wp-image-299979 lazyload\" src=\"data:image\/svg+xml;base64,PHN2ZyB3aWR0aD0iMSIgaGVpZ2h0PSIxIiB4bWxucz0iaHR0cDovL3d3dy53My5vcmcvMjAwMC9zdmciPjwvc3ZnPg==\" style=\"--smush-placeholder-width: 1024px; --smush-placeholder-aspect-ratio: 1024\/556;\" \/><\/figure>\n\n\n\n<p>G\u0259giran k\u0259ndi L\u0259nk\u0259ran \u015f\u0259h\u0259rind\u0259n 36 kilometr k\u0259narda, Tal\u0131\u015f da\u011flar\u0131nda yerl\u0259\u015fir. G\u0259giran c\u0259nub b\u00f6lg\u0259sinin \u0259n q\u0259dim ya\u015fay\u0131\u015f m\u0259nt\u0259q\u0259l\u0259rind\u0259n biri hesab edilir. K\u0259ndin \u0259halisi 1500 n\u0259f\u0259rd\u0259n \u00e7oxdur.<\/p>\n\n\n\n<p>K\u0259ndin b\u0259l\u0259diyy\u0259 s\u0259dri Akif \u015e\u0131x\u0259liyev d\u0259 Meydan TV-y\u0259 bildirib ki, 5 k\u0259ndin 5 mind\u0259n \u00e7ox \u0259halisinin istifad\u0259 etdiyi yol ke\u00e7ilm\u0259z v\u0259ziyy\u0259td\u0259dir.<\/p>\n\n\n\n<p><em>\u201cSovetl\u0259r birliyi d\u00f6n\u0259mind\u0259n bu yana h\u0259min yol he\u00e7 vaxt asfalt olmay\u0131b. Torpaq yoldur, o da da\u011f\u0131l\u0131b. 15 kilometr yol sal\u0131nmay\u0131b\u201d,- b\u0259l\u0259diyy\u0259 s\u0259dri deyib. Onun s\u00f6zl\u0259rin\u0259 g\u00f6r\u0259, k\u0259ndin 9 \u015f\u0259hidi var. M\u0259zarl\u0131\u011fa ged\u0259n yol b\u0259rbad g\u00fcnd\u0259dir: \u201c\u0130ndi el\u0259 \u015f\u0259hidimizin birinin ad g\u00fcn\u00fcd\u00fcr, ora gedirik. K\u0259ndd\u0259 sad\u0259c\u0259 UAZ v\u0259 \u201cNiva\u201dlar h\u0259r\u0259k\u0259t ed\u0259 bilir. M\u0259n \u00f6z\u00fcm t\u0259cili yard\u0131m ma\u015f\u0131n\u0131 \u00e7a\u011f\u0131rd\u0131m, dedil\u0259r ki, o yola gir\u0259 bilm\u0259zl\u0259r, \u0259sas yola kimi g\u0259l\u0259k\u201d<\/em>.<\/p>\n\n\n\n<p>A.\u015e\u0131x\u0259liyev deyib ki, yollar\u0131n t\u0259miri il\u0259 ba\u011fl\u0131 bir ne\u00e7\u0259 d\u0259f\u0259 m\u00fcraci\u0259t edibl\u0259r. Aidiyyat\u0131 qurumlar\u0131n ham\u0131s\u0131n\u0131n bundan x\u0259b\u0259ri var. \u0130ll\u0259rdir yolun t\u0259mir olunaca\u011f\u0131 v\u0259di il\u0259 ya\u015fay\u0131rlar.<\/p>\n\n\n\n<p>L\u0259nk\u0259ran Rayon \u0130cra Hakimiyy\u0259tind\u0259n is\u0259 yaln\u0131z onu deyibl\u0259r ki, yollar\u0131n t\u0259miri m\u0259rh\u0259l\u0259li \u015f\u0259kild\u0259 h\u0259yata ke\u00e7irilir.<\/p>\n","protected":false},"excerpt":{"rendered":"<p>L\u0259nk\u0259randa sakinl\u0259r 5 k\u0259ndi birl\u0259\u015fdir\u0259n yolun yarars\u0131z oldu\u011funu deyirl\u0259r L\u0259nk\u0259randa &#8230; <\/p>\n<p class=\"read-more-container\"><a title=\"\u201cXXI \u0259srd\u0259 L\u0259nk\u0259randa minik avtomobill\u0259rinin ged\u0259 bilm\u0259diyi k\u0259ndl\u0259r var\u201d\" class=\"read-more button\" href=\"https:\/\/www.meydan.tv\/az\/article\/xxi-esrde-lenkeranda-minik-avtomobillerinin-gede-bilmediyi-kendler-var\/#more-299975\" aria-label=\"Read more about \u201cXXI \u0259srd\u0259 L\u0259nk\u0259randa minik avtomobill\u0259rinin ged\u0259 bilm\u0259diyi k\u0259ndl\u0259r var\u201d\">Davam\u0131<\/a><\/p>\n","protected":false},"author":21,"featured_media":299976,"comment_status":"closed","ping_status":"closed","sticky":false,"template":"","format":"standard","meta":{"_acf_changed":false,"_sitemap_exclude":false,"_sitemap_priority":"","_sitemap_frequency":"","footnotes":""},"categories":[60,62,56],"tags":[],"class_list":["post-299975","post","type-post","status-publish","format-standard","has-post-thumbnail","hentry","category-bolge","category-sosial","category-xeberler","infinite-scroll-item","generate-columns","tablet-grid-50","mobile-grid-100","grid-parent","grid-33","no-featured-image-padding"],"acf":[],"yoast_head":"<!-- This site is optimized with the Yoast SEO plugin v27.4 - https:\/\/yoast.com\/product\/yoast-seo-wordpress\/ -->\n<title>\u201cXXI \u0259srd\u0259 L\u0259nk\u0259randa minik avtomobill\u0259rinin ged\u0259 bilm\u0259diyi k\u0259ndl\u0259r var\u201d - MEYDAN.TV<\/title>\n<meta name=\"robots\" content=\"index, follow, max-snippet:-1, max-image-preview:large, max-video-preview:-1\" \/>\n<link rel=\"canonical\" href=\"https:\/\/www.meydan.tv\/az\/article\/xxi-esrde-lenkeranda-minik-avtomobillerinin-gede-bilmediyi-kendler-var\/\" \/>\n<meta property=\"og:locale\" content=\"az_AZ\" \/>\n<meta property=\"og:type\" content=\"article\" \/>\n<meta property=\"og:title\" content=\"\u201cXXI \u0259srd\u0259 L\u0259nk\u0259randa minik avtomobill\u0259rinin ged\u0259 bilm\u0259diyi k\u0259ndl\u0259r var\u201d - MEYDAN.TV\" \/>\n<meta property=\"og:description\" content=\"L\u0259nk\u0259randa sakinl\u0259r 5 k\u0259ndi birl\u0259\u015fdir\u0259n yolun yarars\u0131z oldu\u011funu deyirl\u0259r L\u0259nk\u0259randa ... Davam\u0131\" \/>\n<meta property=\"og:url\" content=\"https:\/\/www.meydan.tv\/az\/article\/xxi-esrde-lenkeranda-minik-avtomobillerinin-gede-bilmediyi-kendler-var\/\" \/>\n<meta property=\"og:site_name\" content=\"MEYDAN.TV\" \/>\n<meta property=\"article:published_time\" content=\"2024-02-26T08:15:56+00:00\" \/>\n<meta property=\"article:modified_time\" content=\"2024-02-26T08:16:00+00:00\" \/>\n<meta property=\"og:image\" content=\"https:\/\/www.meydan.tv\/wp-content\/uploads\/img_1701.png\" \/>\n\t<meta property=\"og:image:width\" content=\"1024\" \/>\n\t<meta property=\"og:image:height\" content=\"546\" \/>\n\t<meta property=\"og:image:type\" content=\"image\/png\" \/>\n<meta name=\"author\" content=\"mahmud\" \/>\n<meta name=\"twitter:card\" content=\"summary_large_image\" \/>\n<script type=\"application\/ld+json\" class=\"yoast-schema-graph\">{\"@context\":\"https:\\\/\\\/schema.org\",\"@graph\":[{\"@type\":\"Article\",\"@id\":\"https:\\\/\\\/www.meydan.tv\\\/az\\\/article\\\/xxi-esrde-lenkeranda-minik-avtomobillerinin-gede-bilmediyi-kendler-var\\\/#article\",\"isPartOf\":{\"@id\":\"https:\\\/\\\/www.meydan.tv\\\/az\\\/article\\\/xxi-esrde-lenkeranda-minik-avtomobillerinin-gede-bilmediyi-kendler-var\\\/\"},\"author\":{\"name\":\"mahmud\",\"@id\":\"https:\\\/\\\/www.meydan.tv\\\/az\\\/#\\\/schema\\\/person\\\/09863e516102a829e72bedcf3f84c6b0\"},\"headline\":\"\u201cXXI \u0259srd\u0259 L\u0259nk\u0259randa minik avtomobill\u0259rinin ged\u0259 bilm\u0259diyi k\u0259ndl\u0259r var\u201d\",\"datePublished\":\"2024-02-26T08:15:56+00:00\",\"dateModified\":\"2024-02-26T08:16:00+00:00\",\"mainEntityOfPage\":{\"@id\":\"https:\\\/\\\/www.meydan.tv\\\/az\\\/article\\\/xxi-esrde-lenkeranda-minik-avtomobillerinin-gede-bilmediyi-kendler-var\\\/\"},\"wordCount\":637,\"publisher\":{\"@id\":\"https:\\\/\\\/www.meydan.tv\\\/az\\\/#organization\"},\"image\":{\"@id\":\"https:\\\/\\\/www.meydan.tv\\\/az\\\/article\\\/xxi-esrde-lenkeranda-minik-avtomobillerinin-gede-bilmediyi-kendler-var\\\/#primaryimage\"},\"thumbnailUrl\":\"https:\\\/\\\/www.meydan.tv\\\/wp-content\\\/uploads\\\/img_1701.png\",\"articleSection\":[\"B\u00f6lg\u0259\",\"Sosial\",\"X\u0259b\u0259rl\u0259r\"],\"inLanguage\":\"az\"},{\"@type\":\"WebPage\",\"@id\":\"https:\\\/\\\/www.meydan.tv\\\/az\\\/article\\\/xxi-esrde-lenkeranda-minik-avtomobillerinin-gede-bilmediyi-kendler-var\\\/\",\"url\":\"https:\\\/\\\/www.meydan.tv\\\/az\\\/article\\\/xxi-esrde-lenkeranda-minik-avtomobillerinin-gede-bilmediyi-kendler-var\\\/\",\"name\":\"\u201cXXI \u0259srd\u0259 L\u0259nk\u0259randa minik avtomobill\u0259rinin ged\u0259 bilm\u0259diyi k\u0259ndl\u0259r var\u201d - MEYDAN.TV\",\"isPartOf\":{\"@id\":\"https:\\\/\\\/www.meydan.tv\\\/az\\\/#website\"},\"primaryImageOfPage\":{\"@id\":\"https:\\\/\\\/www.meydan.tv\\\/az\\\/article\\\/xxi-esrde-lenkeranda-minik-avtomobillerinin-gede-bilmediyi-kendler-var\\\/#primaryimage\"},\"image\":{\"@id\":\"https:\\\/\\\/www.meydan.tv\\\/az\\\/article\\\/xxi-esrde-lenkeranda-minik-avtomobillerinin-gede-bilmediyi-kendler-var\\\/#primaryimage\"},\"thumbnailUrl\":\"https:\\\/\\\/www.meydan.tv\\\/wp-content\\\/uploads\\\/img_1701.png\",\"datePublished\":\"2024-02-26T08:15:56+00:00\",\"dateModified\":\"2024-02-26T08:16:00+00:00\",\"breadcrumb\":{\"@id\":\"https:\\\/\\\/www.meydan.tv\\\/az\\\/article\\\/xxi-esrde-lenkeranda-minik-avtomobillerinin-gede-bilmediyi-kendler-var\\\/#breadcrumb\"},\"inLanguage\":\"az\",\"potentialAction\":[{\"@type\":\"ReadAction\",\"target\":[\"https:\\\/\\\/www.meydan.tv\\\/az\\\/article\\\/xxi-esrde-lenkeranda-minik-avtomobillerinin-gede-bilmediyi-kendler-var\\\/\"]}]},{\"@type\":\"ImageObject\",\"inLanguage\":\"az\",\"@id\":\"https:\\\/\\\/www.meydan.tv\\\/az\\\/article\\\/xxi-esrde-lenkeranda-minik-avtomobillerinin-gede-bilmediyi-kendler-var\\\/#primaryimage\",\"url\":\"https:\\\/\\\/www.meydan.tv\\\/wp-content\\\/uploads\\\/img_1701.png\",\"contentUrl\":\"https:\\\/\\\/www.meydan.tv\\\/wp-content\\\/uploads\\\/img_1701.png\",\"width\":1024,\"height\":546,\"caption\":\"Fotolar: Meydan TV\"},{\"@type\":\"BreadcrumbList\",\"@id\":\"https:\\\/\\\/www.meydan.tv\\\/az\\\/article\\\/xxi-esrde-lenkeranda-minik-avtomobillerinin-gede-bilmediyi-kendler-var\\\/#breadcrumb\",\"itemListElement\":[{\"@type\":\"ListItem\",\"position\":1,\"name\":\"Ana s\u0259hif\u0259\",\"item\":\"https:\\\/\\\/www.meydan.tv\\\/az\\\/\"},{\"@type\":\"ListItem\",\"position\":2,\"name\":\"B\u00f6lg\u0259\",\"item\":\"https:\\\/\\\/www.meydan.tv\\\/az\\\/section\\\/bolge\\\/\"},{\"@type\":\"ListItem\",\"position\":3,\"name\":\"\u201cXXI \u0259srd\u0259 L\u0259nk\u0259randa minik avtomobill\u0259rinin ged\u0259 bilm\u0259diyi k\u0259ndl\u0259r var\u201d\"}]},{\"@type\":\"WebSite\",\"@id\":\"https:\\\/\\\/www.meydan.tv\\\/az\\\/#website\",\"url\":\"https:\\\/\\\/www.meydan.tv\\\/az\\\/\",\"name\":\"MEYDAN.TV\",\"description\":\"Meydan TV Az\u0259rbaycan\u0131n media m\u0259kan\u0131ndak\u0131 alternativ s\u0259sidir\",\"publisher\":{\"@id\":\"https:\\\/\\\/www.meydan.tv\\\/az\\\/#organization\"},\"potentialAction\":[{\"@type\":\"SearchAction\",\"target\":{\"@type\":\"EntryPoint\",\"urlTemplate\":\"https:\\\/\\\/www.meydan.tv\\\/az\\\/?s={search_term_string}\"},\"query-input\":{\"@type\":\"PropertyValueSpecification\",\"valueRequired\":true,\"valueName\":\"search_term_string\"}}],\"inLanguage\":\"az\"},{\"@type\":\"Organization\",\"@id\":\"https:\\\/\\\/www.meydan.tv\\\/az\\\/#organization\",\"name\":\"Meydan TV\",\"url\":\"https:\\\/\\\/www.meydan.tv\\\/az\\\/\",\"logo\":{\"@type\":\"ImageObject\",\"inLanguage\":\"az\",\"@id\":\"https:\\\/\\\/www.meydan.tv\\\/az\\\/#\\\/schema\\\/logo\\\/image\\\/\",\"url\":\"https:\\\/\\\/www.meydan.tv\\\/wp-content\\\/uploads\\\/2021\\\/07\\\/meydan-logo.svg\",\"contentUrl\":\"https:\\\/\\\/www.meydan.tv\\\/wp-content\\\/uploads\\\/2021\\\/07\\\/meydan-logo.svg\",\"width\":195,\"height\":46,\"caption\":\"Meydan TV\"},\"image\":{\"@id\":\"https:\\\/\\\/www.meydan.tv\\\/az\\\/#\\\/schema\\\/logo\\\/image\\\/\"}},{\"@type\":\"Person\",\"@id\":\"https:\\\/\\\/www.meydan.tv\\\/az\\\/#\\\/schema\\\/person\\\/09863e516102a829e72bedcf3f84c6b0\",\"name\":\"mahmud\"}]}<\/script>\n<!-- \/ Yoast SEO plugin. -->","yoast_head_json":{"title":"\u201cXXI \u0259srd\u0259 L\u0259nk\u0259randa minik avtomobill\u0259rinin ged\u0259 bilm\u0259diyi k\u0259ndl\u0259r var\u201d - MEYDAN.TV","robots":{"index":"index","follow":"follow","max-snippet":"max-snippet:-1","max-image-preview":"max-image-preview:large","max-video-preview":"max-video-preview:-1"},"canonical":"https:\/\/www.meydan.tv\/az\/article\/xxi-esrde-lenkeranda-minik-avtomobillerinin-gede-bilmediyi-kendler-var\/","og_locale":"az_AZ","og_type":"article","og_title":"\u201cXXI \u0259srd\u0259 L\u0259nk\u0259randa minik avtomobill\u0259rinin ged\u0259 bilm\u0259diyi k\u0259ndl\u0259r var\u201d - MEYDAN.TV","og_description":"L\u0259nk\u0259randa sakinl\u0259r 5 k\u0259ndi birl\u0259\u015fdir\u0259n yolun yarars\u0131z oldu\u011funu deyirl\u0259r L\u0259nk\u0259randa ... Davam\u0131","og_url":"https:\/\/www.meydan.tv\/az\/article\/xxi-esrde-lenkeranda-minik-avtomobillerinin-gede-bilmediyi-kendler-var\/","og_site_name":"MEYDAN.TV","article_published_time":"2024-02-26T08:15:56+00:00","article_modified_time":"2024-02-26T08:16:00+00:00","og_image":[{"width":1024,"height":546,"url":"https:\/\/www.meydan.tv\/wp-content\/uploads\/img_1701.png","type":"image\/png"}],"author":"mahmud","twitter_card":"summary_large_image","schema":{"@context":"https:\/\/schema.org","@graph":[{"@type":"Article","@id":"https:\/\/www.meydan.tv\/az\/article\/xxi-esrde-lenkeranda-minik-avtomobillerinin-gede-bilmediyi-kendler-var\/#article","isPartOf":{"@id":"https:\/\/www.meydan.tv\/az\/article\/xxi-esrde-lenkeranda-minik-avtomobillerinin-gede-bilmediyi-kendler-var\/"},"author":{"name":"mahmud","@id":"https:\/\/www.meydan.tv\/az\/#\/schema\/person\/09863e516102a829e72bedcf3f84c6b0"},"headline":"\u201cXXI \u0259srd\u0259 L\u0259nk\u0259randa minik avtomobill\u0259rinin ged\u0259 bilm\u0259diyi k\u0259ndl\u0259r var\u201d","datePublished":"2024-02-26T08:15:56+00:00","dateModified":"2024-02-26T08:16:00+00:00","mainEntityOfPage":{"@id":"https:\/\/www.meydan.tv\/az\/article\/xxi-esrde-lenkeranda-minik-avtomobillerinin-gede-bilmediyi-kendler-var\/"},"wordCount":637,"publisher":{"@id":"https:\/\/www.meydan.tv\/az\/#organization"},"image":{"@id":"https:\/\/www.meydan.tv\/az\/article\/xxi-esrde-lenkeranda-minik-avtomobillerinin-gede-bilmediyi-kendler-var\/#primaryimage"},"thumbnailUrl":"https:\/\/www.meydan.tv\/wp-content\/uploads\/img_1701.png","articleSection":["B\u00f6lg\u0259","Sosial","X\u0259b\u0259rl\u0259r"],"inLanguage":"az"},{"@type":"WebPage","@id":"https:\/\/www.meydan.tv\/az\/article\/xxi-esrde-lenkeranda-minik-avtomobillerinin-gede-bilmediyi-kendler-var\/","url":"https:\/\/www.meydan.tv\/az\/article\/xxi-esrde-lenkeranda-minik-avtomobillerinin-gede-bilmediyi-kendler-var\/","name":"\u201cXXI \u0259srd\u0259 L\u0259nk\u0259randa minik avtomobill\u0259rinin ged\u0259 bilm\u0259diyi k\u0259ndl\u0259r var\u201d - MEYDAN.TV","isPartOf":{"@id":"https:\/\/www.meydan.tv\/az\/#website"},"primaryImageOfPage":{"@id":"https:\/\/www.meydan.tv\/az\/article\/xxi-esrde-lenkeranda-minik-avtomobillerinin-gede-bilmediyi-kendler-var\/#primaryimage"},"image":{"@id":"https:\/\/www.meydan.tv\/az\/article\/xxi-esrde-lenkeranda-minik-avtomobillerinin-gede-bilmediyi-kendler-var\/#primaryimage"},"thumbnailUrl":"https:\/\/www.meydan.tv\/wp-content\/uploads\/img_1701.png","datePublished":"2024-02-26T08:15:56+00:00","dateModified":"2024-02-26T08:16:00+00:00","breadcrumb":{"@id":"https:\/\/www.meydan.tv\/az\/article\/xxi-esrde-lenkeranda-minik-avtomobillerinin-gede-bilmediyi-kendler-var\/#breadcrumb"},"inLanguage":"az","potentialAction":[{"@type":"ReadAction","target":["https:\/\/www.meydan.tv\/az\/article\/xxi-esrde-lenkeranda-minik-avtomobillerinin-gede-bilmediyi-kendler-var\/"]}]},{"@type":"ImageObject","inLanguage":"az","@id":"https:\/\/www.meydan.tv\/az\/article\/xxi-esrde-lenkeranda-minik-avtomobillerinin-gede-bilmediyi-kendler-var\/#primaryimage","url":"https:\/\/www.meydan.tv\/wp-content\/uploads\/img_1701.png","contentUrl":"https:\/\/www.meydan.tv\/wp-content\/uploads\/img_1701.png","width":1024,"height":546,"caption":"Fotolar: Meydan TV"},{"@type":"BreadcrumbList","@id":"https:\/\/www.meydan.tv\/az\/article\/xxi-esrde-lenkeranda-minik-avtomobillerinin-gede-bilmediyi-kendler-var\/#breadcrumb","itemListElement":[{"@type":"ListItem","position":1,"name":"Ana s\u0259hif\u0259","item":"https:\/\/www.meydan.tv\/az\/"},{"@type":"ListItem","position":2,"name":"B\u00f6lg\u0259","item":"https:\/\/www.meydan.tv\/az\/section\/bolge\/"},{"@type":"ListItem","position":3,"name":"\u201cXXI \u0259srd\u0259 L\u0259nk\u0259randa minik avtomobill\u0259rinin ged\u0259 bilm\u0259diyi k\u0259ndl\u0259r var\u201d"}]},{"@type":"WebSite","@id":"https:\/\/www.meydan.tv\/az\/#website","url":"https:\/\/www.meydan.tv\/az\/","name":"MEYDAN.TV","description":"Meydan TV Az\u0259rbaycan\u0131n media m\u0259kan\u0131ndak\u0131 alternativ s\u0259sidir","publisher":{"@id":"https:\/\/www.meydan.tv\/az\/#organization"},"potentialAction":[{"@type":"SearchAction","target":{"@type":"EntryPoint","urlTemplate":"https:\/\/www.meydan.tv\/az\/?s={search_term_string}"},"query-input":{"@type":"PropertyValueSpecification","valueRequired":true,"valueName":"search_term_string"}}],"inLanguage":"az"},{"@type":"Organization","@id":"https:\/\/www.meydan.tv\/az\/#organization","name":"Meydan TV","url":"https:\/\/www.meydan.tv\/az\/","logo":{"@type":"ImageObject","inLanguage":"az","@id":"https:\/\/www.meydan.tv\/az\/#\/schema\/logo\/image\/","url":"https:\/\/www.meydan.tv\/wp-content\/uploads\/2021\/07\/meydan-logo.svg","contentUrl":"https:\/\/www.meydan.tv\/wp-content\/uploads\/2021\/07\/meydan-logo.svg","width":195,"height":46,"caption":"Meydan TV"},"image":{"@id":"https:\/\/www.meydan.tv\/az\/#\/schema\/logo\/image\/"}},{"@type":"Person","@id":"https:\/\/www.meydan.tv\/az\/#\/schema\/person\/09863e516102a829e72bedcf3f84c6b0","name":"mahmud"}]}},"_links":{"self":[{"href":"https:\/\/www.meydan.tv\/az\/wp-json\/wp\/v2\/posts\/299975","targetHints":{"allow":["GET"]}}],"collection":[{"href":"https:\/\/www.meydan.tv\/az\/wp-json\/wp\/v2\/posts"}],"about":[{"href":"https:\/\/www.meydan.tv\/az\/wp-json\/wp\/v2\/types\/post"}],"author":[{"embeddable":true,"href":"https:\/\/www.meydan.tv\/az\/wp-json\/wp\/v2\/users\/21"}],"replies":[{"embeddable":true,"href":"https:\/\/www.meydan.tv\/az\/wp-json\/wp\/v2\/comments?post=299975"}],"version-history":[{"count":1,"href":"https:\/\/www.meydan.tv\/az\/wp-json\/wp\/v2\/posts\/299975\/revisions"}],"predecessor-version":[{"id":299982,"href":"https:\/\/www.meydan.tv\/az\/wp-json\/wp\/v2\/posts\/299975\/revisions\/299982"}],"wp:featuredmedia":[{"embeddable":true,"href":"https:\/\/www.meydan.tv\/az\/wp-json\/wp\/v2\/media\/299976"}],"wp:attachment":[{"href":"https:\/\/www.meydan.tv\/az\/wp-json\/wp\/v2\/media?parent=299975"}],"wp:term":[{"taxonomy":"category","embeddable":true,"href":"https:\/\/www.meydan.tv\/az\/wp-json\/wp\/v2\/categories?post=299975"},{"taxonomy":"post_tag","embeddable":true,"href":"https:\/\/www.meydan.tv\/az\/wp-json\/wp\/v2\/tags?post=299975"}],"curies":[{"name":"wp","href":"https:\/\/api.w.org\/{rel}","templated":true}]}}