{"id":299942,"date":"2024-02-24T15:03:20","date_gmt":"2024-02-24T11:03:20","guid":{"rendered":"https:\/\/www.meydan.tv\/?p=299942"},"modified":"2024-02-24T16:46:40","modified_gmt":"2024-02-24T12:46:40","slug":"jurnalist-nergiz-absalamovanin-hebs-muddeti-daha-3-ay-artirildi","status":"publish","type":"post","link":"https:\/\/www.meydan.tv\/az\/article\/jurnalist-nergiz-absalamovanin-hebs-muddeti-daha-3-ay-artirildi\/","title":{"rendered":"Jurnalist N\u0259rgiz Absalamovan\u0131n h\u0259bs m\u00fcdd\u0259ti daha 3 ay art\u0131r\u0131ld\u0131"},"content":{"rendered":"\n<figure class=\"wp-block-embed is-type-video is-provider-youtube wp-block-embed-youtube wp-embed-aspect-4-3 wp-has-aspect-ratio\"><div class=\"wp-block-embed__wrapper\">\n<iframe title=\"H\u0259bsd\u0259 olan jurnalist: &quot;AbzasMedia&quot;ya azadl\u0131q t\u0259l\u0259b edir\u0259m\" width=\"1200\" height=\"900\" data-src=\"https:\/\/www.youtube.com\/embed\/ZC8UDRe8rbU?feature=oembed\" frameborder=\"0\" allow=\"accelerometer; autoplay; clipboard-write; encrypted-media; gyroscope; picture-in-picture; web-share\" allowfullscreen src=\"data:image\/svg+xml;base64,PHN2ZyB3aWR0aD0iMSIgaGVpZ2h0PSIxIiB4bWxucz0iaHR0cDovL3d3dy53My5vcmcvMjAwMC9zdmciPjwvc3ZnPg==\" class=\"lazyload\" data-load-mode=\"1\"><\/iframe>\n<\/div><\/figure>\n\n\n\n<p><strong><em>V\u0259kil q\u0259rardan apelyasiya \u015fikay\u0259ti ver\u0259c\u0259yini deyib<\/em><\/strong><\/p>\n\n\n\n<p>&#8220;AbzasMedia&#8221; il\u0259 ba\u011fl\u0131 cinay\u0259t i\u015fi \u00fczr\u0259 h\u0259bsd\u0259 olan jurnalistl\u0259rd\u0259n biri &#8211; N\u0259rgiz Absalamova haqq\u0131nda h\u0259bs q\u0259timkan t\u0259dbirinin m\u00fcdd\u0259ti uzad\u0131l\u0131b.<\/p>\n\n\n\n<p>Fevral\u0131n 24-d\u0259 X\u0259tai Rayon M\u0259hk\u0259m\u0259sind\u0259 prokurorun bu bar\u0259d\u0259 t\u0259qdimat\u0131na bax\u0131l\u0131b.<\/p>\n\n\n\n<p>M\u0259hk\u0259m\u0259d\u0259 m\u00fcst\u0259ntiq t\u0259qdimat\u0131 m\u00fcdafi\u0259 edib. Deyib ki, h\u0259l\u0259lik istintaq yekunla\u015fmay\u0131b, bu cinay\u0259t i\u015fi \u00fczr\u0259 bir s\u0131ra istintaq h\u0259r\u0259k\u0259tl\u0259ri apar\u0131lmal\u0131d\u0131r. Bu m\u00fcdd\u0259td\u0259 onun h\u0259bsd\u0259 saxlanmas\u0131 m\u0259qs\u0259d\u0259uy\u011fundur. \u00c7\u00fcnki azadl\u0131qda qalarsa, istintaqdan yay\u0131na, prosesin gedi\u015fin\u0259 t\u0259sir g\u00f6st\u0259r\u0259 bil\u0259r.<\/p>\n\n\n\n<p>N\u0259rgiz Absalamovan\u0131n \u00f6z\u00fc v\u0259 v\u0259kili is\u0259 t\u0259qdimata etiraz edib.<\/p>\n\n\n\n<p>Jurnalist he\u00e7 bir cinay\u0259t t\u00f6r\u0259tm\u0259diyini, pe\u015f\u0259 f\u0259aliyy\u0259tin\u0259 g\u00f6r\u0259 c\u0259zaland\u0131r\u0131ld\u0131\u011f\u0131n\u0131 bildirib.<\/p>\n\n\n\n<p>V\u0259kili is\u0259 deyib ki, N\u0259rgiz Absalamovan\u0131 h\u0259bsd\u0259 saxlamadan da istintaq davam etdiril\u0259 bil\u0259r. <\/p>\n\n\n\n<p>N\u0259rgiz Absalamovan\u0131n h\u0259bsind\u0259n \u00f6nc\u0259 d\u0259 istintaqdan yay\u0131nmad\u0131\u011f\u0131n\u0131, m\u00fcst\u0259ntiqin \u00e7a\u011f\u0131r\u0131\u015flar\u0131na getdiyini yada salan v\u0259kil bildirib ki, \u00fcmumiyy\u0259tl\u0259, onun h\u0259bsd\u0259 saxlanmas\u0131 \u00fc\u00e7\u00fcn he\u00e7 bir \u0259sas yoxdur.<\/p>\n\n\n\n<p>M\u00fcdafi\u0259 t\u0259r\u0259finin etirazlar\u0131na baxmayaraq, hakim t\u0259qdimat\u0131 t\u0259min edib. N\u0259rgiz Absalamovan\u0131n istintaq d\u00f6vr\u00fcnd\u0259 h\u0259bsd\u0259 saxlanma m\u00fcdd\u0259ti daha 3 ay art\u0131r\u0131l\u0131b.<\/p>\n\n\n\n<p>V\u0259kil X\u0259tai Rayon M\u0259hk\u0259m\u0259sinin bu q\u0259rar\u0131ndan apelyasiya \u015fikay\u0259ti ver\u0259c\u0259k.<\/p>\n\n\n\n<p>N\u0259rgiz Absalamova dekabr\u0131n 1-d\u0259n h\u0259bsd\u0259dir. \u0130lkin olaraq, onun haqq\u0131nda 3 ayl\u0131q h\u0259bs q\u0259timkan t\u0259dbiri se\u00e7ilmi\u015fdi.<\/p>\n\n\n\n<p>Korrupsiya ara\u015fd\u0131rmalar\u0131yla tan\u0131nan \u201cAbzasMedia\u201d i\u015fi \u00fczr\u0259 h\u0259bsl\u0259r \u00f6t\u0259n ilin noyabr\u0131n 20-d\u0259n ba\u015flay\u0131b. \u00d6nc\u0259 sayt\u0131n direktoru \u00dclvi H\u0259s\u0259nli, direktor m\u00fcavini M\u0259h\u0259mm\u0259d Kekalov, ba\u015f redaktoru Sevinc Vaqifq\u0131z\u0131 h\u0259bs edilib. Daha sonra h\u0259bsl\u0259r ara\u015fd\u0131rma\u00e7\u0131 jurnalist Hafiz Babal\u0131, N\u0259rgiz Absalamova v\u0259 Elnar\u0259 Qas\u0131mova il\u0259 davam edib. Onlar da Cinay\u0259t M\u0259c\u0259ll\u0259sinin 206.3.2-ci (bir qrup \u015f\u0259xs t\u0259r\u0259find\u0259n qa\u00e7aqmal\u00e7\u0131l\u0131q) madd\u0259sil\u0259 ittiham olunur.<\/p>\n\n\n\n<p>Bu madd\u0259nin sanksiyas\u0131nda 5 ild\u0259n 8 il\u0259 q\u0259d\u0259r azadl\u0131qdan m\u0259hrumetm\u0259 c\u0259zas\u0131 n\u0259z\u0259rd\u0259 tutulub.<\/p>\n\n\n\n<p>Noyabr\u0131n 20-d\u0259 \u00dclvi H\u0259s\u0259nli saxland\u0131qdan sonra \u201cAbzasMedia\u201dn\u0131n ofisind\u0259 axtar\u0131\u015f apar\u0131l\u0131b. Sayt\u0131n ofisind\u0259n 40 min avro pul tap\u0131ld\u0131\u011f\u0131 iddia olunub.<\/p>\n\n\n\n<p>\u00dclvi H\u0259s\u0259nli is\u0259 orada pul olmad\u0131\u011f\u0131n\u0131, 40 min avronun ofis\u0259 onu tapd\u0131\u011f\u0131n\u0131 iddia ed\u0259nl\u0259rin \u00f6zl\u0259ri t\u0259r\u0259find\u0259n qoyuldu\u011funu bildirib.<\/p>\n\n\n\n<p>Adlar\u0131 \u00e7\u0259kil\u0259n jurnalistl\u0259rin he\u00e7 biri \u00f6z\u00fcn\u00fc t\u0259qsirli bilmir, \u201cAbzasMedia\u201dda Prezidentin ail\u0259 \u00fczvl\u0259ri d\u0259 daxil olmaqla, bir s\u0131ra v\u0259zif\u0259li \u015f\u0259xsl\u0259rin biznesi, korrupsiya il\u0259 ba\u011fl\u0131 ara\u015fd\u0131rmalara g\u00f6r\u0259 c\u0259zaland\u0131r\u0131ld\u0131qlar\u0131n\u0131 bildiribl\u0259r.<\/p>\n","protected":false},"excerpt":{"rendered":"<p>V\u0259kil q\u0259rardan apelyasiya \u015fikay\u0259ti ver\u0259c\u0259yini deyib &#8220;AbzasMedia&#8221; il\u0259 ba\u011fl\u0131 cinay\u0259t &#8230; <\/p>\n<p class=\"read-more-container\"><a title=\"Jurnalist N\u0259rgiz Absalamovan\u0131n h\u0259bs m\u00fcdd\u0259ti daha 3 ay art\u0131r\u0131ld\u0131\" class=\"read-more button\" href=\"https:\/\/www.meydan.tv\/az\/article\/jurnalist-nergiz-absalamovanin-hebs-muddeti-daha-3-ay-artirildi\/#more-299942\" aria-label=\"Read more about Jurnalist N\u0259rgiz Absalamovan\u0131n h\u0259bs m\u00fcdd\u0259ti daha 3 ay art\u0131r\u0131ld\u0131\">Davam\u0131<\/a><\/p>\n","protected":false},"author":21,"featured_media":291885,"comment_status":"closed","ping_status":"closed","sticky":false,"template":"","format":"standard","meta":{"_acf_changed":false,"_sitemap_exclude":false,"_sitemap_priority":"","_sitemap_frequency":"","footnotes":""},"categories":[62,79,63,56],"tags":[],"class_list":["post-299942","post","type-post","status-publish","format-standard","has-post-thumbnail","hentry","category-sosial","category-featured","category-video-2","category-xeberler","infinite-scroll-item","generate-columns","tablet-grid-50","mobile-grid-100","grid-parent","grid-33","no-featured-image-padding"],"acf":[],"yoast_head":"<!-- This site is optimized with the Yoast SEO plugin v27.4 - https:\/\/yoast.com\/product\/yoast-seo-wordpress\/ -->\n<title>Jurnalist N\u0259rgiz Absalamovan\u0131n h\u0259bs m\u00fcdd\u0259ti daha 3 ay art\u0131r\u0131ld\u0131 - MEYDAN.TV<\/title>\n<meta name=\"robots\" content=\"index, follow, max-snippet:-1, max-image-preview:large, max-video-preview:-1\" \/>\n<link rel=\"canonical\" href=\"https:\/\/www.meydan.tv\/az\/article\/jurnalist-nergiz-absalamovanin-hebs-muddeti-daha-3-ay-artirildi\/\" \/>\n<meta property=\"og:locale\" content=\"az_AZ\" \/>\n<meta property=\"og:type\" content=\"article\" \/>\n<meta property=\"og:title\" content=\"Jurnalist N\u0259rgiz Absalamovan\u0131n h\u0259bs m\u00fcdd\u0259ti daha 3 ay art\u0131r\u0131ld\u0131 - MEYDAN.TV\" \/>\n<meta property=\"og:description\" content=\"V\u0259kil q\u0259rardan apelyasiya \u015fikay\u0259ti ver\u0259c\u0259yini deyib &#8220;AbzasMedia&#8221; il\u0259 ba\u011fl\u0131 cinay\u0259t ... Davam\u0131\" \/>\n<meta property=\"og:url\" content=\"https:\/\/www.meydan.tv\/az\/article\/jurnalist-nergiz-absalamovanin-hebs-muddeti-daha-3-ay-artirildi\/\" \/>\n<meta property=\"og:site_name\" content=\"MEYDAN.TV\" \/>\n<meta property=\"article:published_time\" content=\"2024-02-24T11:03:20+00:00\" \/>\n<meta property=\"article:modified_time\" content=\"2024-02-24T12:46:40+00:00\" \/>\n<meta property=\"og:image\" content=\"https:\/\/www.meydan.tv\/wp-content\/uploads\/img_0658-scaled.jpg\" \/>\n\t<meta property=\"og:image:width\" content=\"2560\" \/>\n\t<meta property=\"og:image:height\" content=\"1707\" \/>\n\t<meta property=\"og:image:type\" content=\"image\/jpeg\" \/>\n<meta name=\"author\" content=\"mahmud\" \/>\n<meta name=\"twitter:card\" content=\"summary_large_image\" \/>\n<script type=\"application\/ld+json\" class=\"yoast-schema-graph\">{\"@context\":\"https:\\\/\\\/schema.org\",\"@graph\":[{\"@type\":\"Article\",\"@id\":\"https:\\\/\\\/www.meydan.tv\\\/az\\\/article\\\/jurnalist-nergiz-absalamovanin-hebs-muddeti-daha-3-ay-artirildi\\\/#article\",\"isPartOf\":{\"@id\":\"https:\\\/\\\/www.meydan.tv\\\/az\\\/article\\\/jurnalist-nergiz-absalamovanin-hebs-muddeti-daha-3-ay-artirildi\\\/\"},\"author\":{\"name\":\"mahmud\",\"@id\":\"https:\\\/\\\/www.meydan.tv\\\/az\\\/#\\\/schema\\\/person\\\/09863e516102a829e72bedcf3f84c6b0\"},\"headline\":\"Jurnalist N\u0259rgiz Absalamovan\u0131n h\u0259bs m\u00fcdd\u0259ti daha 3 ay art\u0131r\u0131ld\u0131\",\"datePublished\":\"2024-02-24T11:03:20+00:00\",\"dateModified\":\"2024-02-24T12:46:40+00:00\",\"mainEntityOfPage\":{\"@id\":\"https:\\\/\\\/www.meydan.tv\\\/az\\\/article\\\/jurnalist-nergiz-absalamovanin-hebs-muddeti-daha-3-ay-artirildi\\\/\"},\"wordCount\":542,\"publisher\":{\"@id\":\"https:\\\/\\\/www.meydan.tv\\\/az\\\/#organization\"},\"image\":{\"@id\":\"https:\\\/\\\/www.meydan.tv\\\/az\\\/article\\\/jurnalist-nergiz-absalamovanin-hebs-muddeti-daha-3-ay-artirildi\\\/#primaryimage\"},\"thumbnailUrl\":\"https:\\\/\\\/www.meydan.tv\\\/wp-content\\\/uploads\\\/img_0658-scaled.jpg\",\"articleSection\":[\"Sosial\",\"T\u00f6vsiy\u0259\",\"Video\",\"X\u0259b\u0259rl\u0259r\"],\"inLanguage\":\"az\"},{\"@type\":\"WebPage\",\"@id\":\"https:\\\/\\\/www.meydan.tv\\\/az\\\/article\\\/jurnalist-nergiz-absalamovanin-hebs-muddeti-daha-3-ay-artirildi\\\/\",\"url\":\"https:\\\/\\\/www.meydan.tv\\\/az\\\/article\\\/jurnalist-nergiz-absalamovanin-hebs-muddeti-daha-3-ay-artirildi\\\/\",\"name\":\"Jurnalist N\u0259rgiz Absalamovan\u0131n h\u0259bs m\u00fcdd\u0259ti daha 3 ay art\u0131r\u0131ld\u0131 - MEYDAN.TV\",\"isPartOf\":{\"@id\":\"https:\\\/\\\/www.meydan.tv\\\/az\\\/#website\"},\"primaryImageOfPage\":{\"@id\":\"https:\\\/\\\/www.meydan.tv\\\/az\\\/article\\\/jurnalist-nergiz-absalamovanin-hebs-muddeti-daha-3-ay-artirildi\\\/#primaryimage\"},\"image\":{\"@id\":\"https:\\\/\\\/www.meydan.tv\\\/az\\\/article\\\/jurnalist-nergiz-absalamovanin-hebs-muddeti-daha-3-ay-artirildi\\\/#primaryimage\"},\"thumbnailUrl\":\"https:\\\/\\\/www.meydan.tv\\\/wp-content\\\/uploads\\\/img_0658-scaled.jpg\",\"datePublished\":\"2024-02-24T11:03:20+00:00\",\"dateModified\":\"2024-02-24T12:46:40+00:00\",\"breadcrumb\":{\"@id\":\"https:\\\/\\\/www.meydan.tv\\\/az\\\/article\\\/jurnalist-nergiz-absalamovanin-hebs-muddeti-daha-3-ay-artirildi\\\/#breadcrumb\"},\"inLanguage\":\"az\",\"potentialAction\":[{\"@type\":\"ReadAction\",\"target\":[\"https:\\\/\\\/www.meydan.tv\\\/az\\\/article\\\/jurnalist-nergiz-absalamovanin-hebs-muddeti-daha-3-ay-artirildi\\\/\"]}]},{\"@type\":\"ImageObject\",\"inLanguage\":\"az\",\"@id\":\"https:\\\/\\\/www.meydan.tv\\\/az\\\/article\\\/jurnalist-nergiz-absalamovanin-hebs-muddeti-daha-3-ay-artirildi\\\/#primaryimage\",\"url\":\"https:\\\/\\\/www.meydan.tv\\\/wp-content\\\/uploads\\\/img_0658-scaled.jpg\",\"contentUrl\":\"https:\\\/\\\/www.meydan.tv\\\/wp-content\\\/uploads\\\/img_0658-scaled.jpg\",\"width\":2560,\"height\":1707,\"caption\":\"\u0130ll\u00fcstrasiya: Meydan TV\"},{\"@type\":\"BreadcrumbList\",\"@id\":\"https:\\\/\\\/www.meydan.tv\\\/az\\\/article\\\/jurnalist-nergiz-absalamovanin-hebs-muddeti-daha-3-ay-artirildi\\\/#breadcrumb\",\"itemListElement\":[{\"@type\":\"ListItem\",\"position\":1,\"name\":\"Ana s\u0259hif\u0259\",\"item\":\"https:\\\/\\\/www.meydan.tv\\\/az\\\/\"},{\"@type\":\"ListItem\",\"position\":2,\"name\":\"Sosial\",\"item\":\"https:\\\/\\\/www.meydan.tv\\\/az\\\/section\\\/sosial\\\/\"},{\"@type\":\"ListItem\",\"position\":3,\"name\":\"Jurnalist N\u0259rgiz Absalamovan\u0131n h\u0259bs m\u00fcdd\u0259ti daha 3 ay art\u0131r\u0131ld\u0131\"}]},{\"@type\":\"WebSite\",\"@id\":\"https:\\\/\\\/www.meydan.tv\\\/az\\\/#website\",\"url\":\"https:\\\/\\\/www.meydan.tv\\\/az\\\/\",\"name\":\"MEYDAN.TV\",\"description\":\"Meydan TV Az\u0259rbaycan\u0131n media m\u0259kan\u0131ndak\u0131 alternativ s\u0259sidir\",\"publisher\":{\"@id\":\"https:\\\/\\\/www.meydan.tv\\\/az\\\/#organization\"},\"potentialAction\":[{\"@type\":\"SearchAction\",\"target\":{\"@type\":\"EntryPoint\",\"urlTemplate\":\"https:\\\/\\\/www.meydan.tv\\\/az\\\/?s={search_term_string}\"},\"query-input\":{\"@type\":\"PropertyValueSpecification\",\"valueRequired\":true,\"valueName\":\"search_term_string\"}}],\"inLanguage\":\"az\"},{\"@type\":\"Organization\",\"@id\":\"https:\\\/\\\/www.meydan.tv\\\/az\\\/#organization\",\"name\":\"Meydan TV\",\"url\":\"https:\\\/\\\/www.meydan.tv\\\/az\\\/\",\"logo\":{\"@type\":\"ImageObject\",\"inLanguage\":\"az\",\"@id\":\"https:\\\/\\\/www.meydan.tv\\\/az\\\/#\\\/schema\\\/logo\\\/image\\\/\",\"url\":\"https:\\\/\\\/www.meydan.tv\\\/wp-content\\\/uploads\\\/2021\\\/07\\\/meydan-logo.svg\",\"contentUrl\":\"https:\\\/\\\/www.meydan.tv\\\/wp-content\\\/uploads\\\/2021\\\/07\\\/meydan-logo.svg\",\"width\":195,\"height\":46,\"caption\":\"Meydan TV\"},\"image\":{\"@id\":\"https:\\\/\\\/www.meydan.tv\\\/az\\\/#\\\/schema\\\/logo\\\/image\\\/\"}},{\"@type\":\"Person\",\"@id\":\"https:\\\/\\\/www.meydan.tv\\\/az\\\/#\\\/schema\\\/person\\\/09863e516102a829e72bedcf3f84c6b0\",\"name\":\"mahmud\"}]}<\/script>\n<!-- \/ Yoast SEO plugin. -->","yoast_head_json":{"title":"Jurnalist N\u0259rgiz Absalamovan\u0131n h\u0259bs m\u00fcdd\u0259ti daha 3 ay art\u0131r\u0131ld\u0131 - MEYDAN.TV","robots":{"index":"index","follow":"follow","max-snippet":"max-snippet:-1","max-image-preview":"max-image-preview:large","max-video-preview":"max-video-preview:-1"},"canonical":"https:\/\/www.meydan.tv\/az\/article\/jurnalist-nergiz-absalamovanin-hebs-muddeti-daha-3-ay-artirildi\/","og_locale":"az_AZ","og_type":"article","og_title":"Jurnalist N\u0259rgiz Absalamovan\u0131n h\u0259bs m\u00fcdd\u0259ti daha 3 ay art\u0131r\u0131ld\u0131 - MEYDAN.TV","og_description":"V\u0259kil q\u0259rardan apelyasiya \u015fikay\u0259ti ver\u0259c\u0259yini deyib &#8220;AbzasMedia&#8221; il\u0259 ba\u011fl\u0131 cinay\u0259t ... Davam\u0131","og_url":"https:\/\/www.meydan.tv\/az\/article\/jurnalist-nergiz-absalamovanin-hebs-muddeti-daha-3-ay-artirildi\/","og_site_name":"MEYDAN.TV","article_published_time":"2024-02-24T11:03:20+00:00","article_modified_time":"2024-02-24T12:46:40+00:00","og_image":[{"width":2560,"height":1707,"url":"https:\/\/www.meydan.tv\/wp-content\/uploads\/img_0658-scaled.jpg","type":"image\/jpeg"}],"author":"mahmud","twitter_card":"summary_large_image","schema":{"@context":"https:\/\/schema.org","@graph":[{"@type":"Article","@id":"https:\/\/www.meydan.tv\/az\/article\/jurnalist-nergiz-absalamovanin-hebs-muddeti-daha-3-ay-artirildi\/#article","isPartOf":{"@id":"https:\/\/www.meydan.tv\/az\/article\/jurnalist-nergiz-absalamovanin-hebs-muddeti-daha-3-ay-artirildi\/"},"author":{"name":"mahmud","@id":"https:\/\/www.meydan.tv\/az\/#\/schema\/person\/09863e516102a829e72bedcf3f84c6b0"},"headline":"Jurnalist N\u0259rgiz Absalamovan\u0131n h\u0259bs m\u00fcdd\u0259ti daha 3 ay art\u0131r\u0131ld\u0131","datePublished":"2024-02-24T11:03:20+00:00","dateModified":"2024-02-24T12:46:40+00:00","mainEntityOfPage":{"@id":"https:\/\/www.meydan.tv\/az\/article\/jurnalist-nergiz-absalamovanin-hebs-muddeti-daha-3-ay-artirildi\/"},"wordCount":542,"publisher":{"@id":"https:\/\/www.meydan.tv\/az\/#organization"},"image":{"@id":"https:\/\/www.meydan.tv\/az\/article\/jurnalist-nergiz-absalamovanin-hebs-muddeti-daha-3-ay-artirildi\/#primaryimage"},"thumbnailUrl":"https:\/\/www.meydan.tv\/wp-content\/uploads\/img_0658-scaled.jpg","articleSection":["Sosial","T\u00f6vsiy\u0259","Video","X\u0259b\u0259rl\u0259r"],"inLanguage":"az"},{"@type":"WebPage","@id":"https:\/\/www.meydan.tv\/az\/article\/jurnalist-nergiz-absalamovanin-hebs-muddeti-daha-3-ay-artirildi\/","url":"https:\/\/www.meydan.tv\/az\/article\/jurnalist-nergiz-absalamovanin-hebs-muddeti-daha-3-ay-artirildi\/","name":"Jurnalist N\u0259rgiz Absalamovan\u0131n h\u0259bs m\u00fcdd\u0259ti daha 3 ay art\u0131r\u0131ld\u0131 - MEYDAN.TV","isPartOf":{"@id":"https:\/\/www.meydan.tv\/az\/#website"},"primaryImageOfPage":{"@id":"https:\/\/www.meydan.tv\/az\/article\/jurnalist-nergiz-absalamovanin-hebs-muddeti-daha-3-ay-artirildi\/#primaryimage"},"image":{"@id":"https:\/\/www.meydan.tv\/az\/article\/jurnalist-nergiz-absalamovanin-hebs-muddeti-daha-3-ay-artirildi\/#primaryimage"},"thumbnailUrl":"https:\/\/www.meydan.tv\/wp-content\/uploads\/img_0658-scaled.jpg","datePublished":"2024-02-24T11:03:20+00:00","dateModified":"2024-02-24T12:46:40+00:00","breadcrumb":{"@id":"https:\/\/www.meydan.tv\/az\/article\/jurnalist-nergiz-absalamovanin-hebs-muddeti-daha-3-ay-artirildi\/#breadcrumb"},"inLanguage":"az","potentialAction":[{"@type":"ReadAction","target":["https:\/\/www.meydan.tv\/az\/article\/jurnalist-nergiz-absalamovanin-hebs-muddeti-daha-3-ay-artirildi\/"]}]},{"@type":"ImageObject","inLanguage":"az","@id":"https:\/\/www.meydan.tv\/az\/article\/jurnalist-nergiz-absalamovanin-hebs-muddeti-daha-3-ay-artirildi\/#primaryimage","url":"https:\/\/www.meydan.tv\/wp-content\/uploads\/img_0658-scaled.jpg","contentUrl":"https:\/\/www.meydan.tv\/wp-content\/uploads\/img_0658-scaled.jpg","width":2560,"height":1707,"caption":"\u0130ll\u00fcstrasiya: Meydan TV"},{"@type":"BreadcrumbList","@id":"https:\/\/www.meydan.tv\/az\/article\/jurnalist-nergiz-absalamovanin-hebs-muddeti-daha-3-ay-artirildi\/#breadcrumb","itemListElement":[{"@type":"ListItem","position":1,"name":"Ana s\u0259hif\u0259","item":"https:\/\/www.meydan.tv\/az\/"},{"@type":"ListItem","position":2,"name":"Sosial","item":"https:\/\/www.meydan.tv\/az\/section\/sosial\/"},{"@type":"ListItem","position":3,"name":"Jurnalist N\u0259rgiz Absalamovan\u0131n h\u0259bs m\u00fcdd\u0259ti daha 3 ay art\u0131r\u0131ld\u0131"}]},{"@type":"WebSite","@id":"https:\/\/www.meydan.tv\/az\/#website","url":"https:\/\/www.meydan.tv\/az\/","name":"MEYDAN.TV","description":"Meydan TV Az\u0259rbaycan\u0131n media m\u0259kan\u0131ndak\u0131 alternativ s\u0259sidir","publisher":{"@id":"https:\/\/www.meydan.tv\/az\/#organization"},"potentialAction":[{"@type":"SearchAction","target":{"@type":"EntryPoint","urlTemplate":"https:\/\/www.meydan.tv\/az\/?s={search_term_string}"},"query-input":{"@type":"PropertyValueSpecification","valueRequired":true,"valueName":"search_term_string"}}],"inLanguage":"az"},{"@type":"Organization","@id":"https:\/\/www.meydan.tv\/az\/#organization","name":"Meydan TV","url":"https:\/\/www.meydan.tv\/az\/","logo":{"@type":"ImageObject","inLanguage":"az","@id":"https:\/\/www.meydan.tv\/az\/#\/schema\/logo\/image\/","url":"https:\/\/www.meydan.tv\/wp-content\/uploads\/2021\/07\/meydan-logo.svg","contentUrl":"https:\/\/www.meydan.tv\/wp-content\/uploads\/2021\/07\/meydan-logo.svg","width":195,"height":46,"caption":"Meydan TV"},"image":{"@id":"https:\/\/www.meydan.tv\/az\/#\/schema\/logo\/image\/"}},{"@type":"Person","@id":"https:\/\/www.meydan.tv\/az\/#\/schema\/person\/09863e516102a829e72bedcf3f84c6b0","name":"mahmud"}]}},"_links":{"self":[{"href":"https:\/\/www.meydan.tv\/az\/wp-json\/wp\/v2\/posts\/299942","targetHints":{"allow":["GET"]}}],"collection":[{"href":"https:\/\/www.meydan.tv\/az\/wp-json\/wp\/v2\/posts"}],"about":[{"href":"https:\/\/www.meydan.tv\/az\/wp-json\/wp\/v2\/types\/post"}],"author":[{"embeddable":true,"href":"https:\/\/www.meydan.tv\/az\/wp-json\/wp\/v2\/users\/21"}],"replies":[{"embeddable":true,"href":"https:\/\/www.meydan.tv\/az\/wp-json\/wp\/v2\/comments?post=299942"}],"version-history":[{"count":4,"href":"https:\/\/www.meydan.tv\/az\/wp-json\/wp\/v2\/posts\/299942\/revisions"}],"predecessor-version":[{"id":299952,"href":"https:\/\/www.meydan.tv\/az\/wp-json\/wp\/v2\/posts\/299942\/revisions\/299952"}],"wp:featuredmedia":[{"embeddable":true,"href":"https:\/\/www.meydan.tv\/az\/wp-json\/wp\/v2\/media\/291885"}],"wp:attachment":[{"href":"https:\/\/www.meydan.tv\/az\/wp-json\/wp\/v2\/media?parent=299942"}],"wp:term":[{"taxonomy":"category","embeddable":true,"href":"https:\/\/www.meydan.tv\/az\/wp-json\/wp\/v2\/categories?post=299942"},{"taxonomy":"post_tag","embeddable":true,"href":"https:\/\/www.meydan.tv\/az\/wp-json\/wp\/v2\/tags?post=299942"}],"curies":[{"name":"wp","href":"https:\/\/api.w.org\/{rel}","templated":true}]}}