{"id":299906,"date":"2024-02-24T11:48:55","date_gmt":"2024-02-24T07:48:55","guid":{"rendered":"https:\/\/www.meydan.tv\/?p=299906"},"modified":"2024-02-24T11:49:04","modified_gmt":"2024-02-24T07:49:04","slug":"oglu-esgerlikde-ozu-ise-soyuq-ve-torpaq-evde-yasayan-tenha-ana-komek-isteyir","status":"publish","type":"post","link":"https:\/\/www.meydan.tv\/az\/article\/oglu-esgerlikde-ozu-ise-soyuq-ve-torpaq-evde-yasayan-tenha-ana-komek-isteyir\/","title":{"rendered":"O\u011flu \u0259sg\u0259rlikd\u0259, \u00f6z\u00fc is\u0259 soyuq v\u0259 torpaq evd\u0259 ya\u015fayan t\u0259nha ana k\u00f6m\u0259k ist\u0259yir"},"content":{"rendered":"\n<p><\/p>\n\n\n\n<p><strong><em>O, n\u0259 \u0259lillik, n\u0259 torpaq, n\u0259 d\u0259 \u00fcnvanl\u0131 yard\u0131m ala bilir<\/em><\/strong><\/p>\n\n\n\n<p>C\u0259lilabad\u0131n Ocaql\u0131 k\u0259nd sakini, 41 ya\u015fl\u0131 \u015e\u0259fa Nur\u0259ddin q\u0131z\u0131 \u0130smay\u0131lova \u0259lillik ala bilm\u0259diyind\u0259n \u015fikay\u0259tl\u0259nir.<\/p>\n\n\n\n<p>O, Meydan TV-y\u0259 deyib ki, 2019-cu ild\u0259n etibar\u0259n ba\u015f v\u0259 qulaq nahiy\u0259d\u0259n ke\u00e7irdiyi d\u00f6rd a\u011f\u0131r \u0259m\u0259liyyatdan sonra s\u0259hh\u0259tind\u0259 ciddi geril\u0259m\u0259 olub.<\/p>\n\n\n\n<p>Dediyin\u0259 g\u00f6r\u0259, a\u011f\u0131r depressiv haldan, ba\u015f a\u011fr\u0131lar\u0131ndan \u0259ziyy\u0259t \u00e7\u0259kir, g\u00fcnd\u0259lik d\u0259rman as\u0131l\u0131l\u0131\u011f\u0131 var.<\/p>\n\n\n\n<p>\u0130lk d\u0259f\u0259 2019-cu ilin dekabr\u0131nda &#8220;sa\u011f al\u0131n-gicgah post-op s\u00fcm\u00fck deffekti&#8221;n\u0259, bir il sonra is\u0259 yenid\u0259n yerin\u0259 maye y\u0131\u011f\u0131ld\u0131\u011f\u0131na g\u00f6r\u0259 \u0259m\u0259liyyat ke\u00e7irib. Bel\u0259c\u0259, iki il s\u00fcm\u00fck defekti il\u0259 ya\u015fay\u0131b.<\/p>\n\n\n\n<p>2021-ci ilin noyabr\u0131nda is\u0259 &#8220;s\u00fcm\u00fck defekti plastikas\u0131&#8221; \u0259m\u0259liyyat\u0131 ke\u00e7irib. H\u0259min may\u0131nda is\u0259 &#8220;xronik sol xolesteatomal\u0131 orta qulaq iltihab\u0131&#8221;ndan \u0259m\u0259liyyat olunub.<\/p>\n\n\n\n<p>Dediyin\u0259 g\u00f6r\u0259, \u0259m\u0259liyyat\u0131na h\u0259m xeyirxah insanlar k\u00f6m\u0259k edib, h\u0259m d\u0259 pay torpa\u011f\u0131n\u0131 sataraq pulu d\u00fcz\u0259ldib.<\/p>\n\n\n\n<p><strong><em>&#8220;M\u0259n\u0259 x\u0259st\u0259xanadan deyirl\u0259r ki, h\u0259kim kodu sistem\u0259 vurmur&#8221;<\/em><\/strong><\/p>\n\n\n\n<p>S\u0259hh\u0259tind\u0259ki ciddi probleml\u0259r\u0259 baxmayaraq, iki ildir ki, \u0259lillik \u00fc\u00e7\u00fcn m\u00fcraci\u0259tl\u0259r geri qaytar\u0131l\u0131r.<\/p>\n\n\n<div class=\"wp-block-image\">\n<figure class=\"alignleft size-large is-resized\"><img decoding=\"async\" width=\"616\" height=\"821\" data-src=\"https:\/\/www.meydan.tv\/wp-content\/uploads\/img-20240216-wa00501-616x821.jpg\" alt=\"\" class=\"wp-image-299917 lazyload\" style=\"--smush-placeholder-width: 616px; --smush-placeholder-aspect-ratio: 616\/821;width:409px;height:auto\" src=\"data:image\/svg+xml;base64,PHN2ZyB3aWR0aD0iMSIgaGVpZ2h0PSIxIiB4bWxucz0iaHR0cDovL3d3dy53My5vcmcvMjAwMC9zdmciPjwvc3ZnPg==\" \/><\/figure>\n<\/div>\n\n\n<p>Onun s\u00f6zl\u0259rin\u0259 g\u00f6r\u0259, x\u0259st\u0259liyi s\u0259b\u0259bind\u0259n h\u0259yat yolda\u015f\u0131 ondan ayr\u0131l\u0131b v\u0259 t\u0259kba\u015f\u0131na ya\u015fay\u0131r:<\/p>\n\n\n\n<p><em>&#8220;B\u00f6y\u00fck o\u011flum \u0130brahim h\u0259rbi xidm\u0259td\u0259dir. Yan\u0131na iki d\u0259f\u0259 getmi\u015f\u0259m. O da ciy\u0259rin\u0259 su g\u0259ldiyin\u0259 g\u00f6r\u0259 x\u0259st\u0259xanada yat\u0131rd\u0131. Xeyriyy\u0259 t\u0259\u015fkilatlar\u0131ndan, icradan yol pulu al\u0131b getmi\u015f\u0259m. \u018fm\u0259liyyat vaxt\u0131 v\u0259 sonra d\u0259f\u0259l\u0259rl\u0259 h\u0259kim q\u0259bulunda olub m\u00fcalic\u0259 alm\u0131\u015fam. D\u0259rman hesab\u0131na ya\u015fay\u0131ram. \u00c7ox d\u0259rman s\u0259hh\u0259tim\u0259 pis t\u0259sir edir. Amma d\u0259rmanlar\u0131 q\u0259bul etm\u0259y\u0259nd\u0259 d\u0259 \u00f6z\u00fcm\u0259 v\u0259 \u0259traf\u0131ma z\u0259r\u0259r verir\u0259m. B\u00fct\u00fcn s\u0259n\u0259dl\u0259ri d\u00fcz\u0259ldib apar\u0131ram ki, sistem\u0259 vursunlar, ancaq C\u0259lilabad&nbsp; Rayon M\u0259rk\u0259zi X\u0259st\u0259xanas\u0131n\u0131n h\u0259kimi Yusif \u0130smay\u0131lov &#8220;Forma-88&#8243;-i sistem\u0259 vurmur. B\u0259han\u0259si d\u0259 budur ki, guya imtina g\u0259lir. Sonra da deyir ki, s\u0259n\u0259 \u0259lillik d\u00fc\u015fm\u00fcr. Ancaq m\u0259n\u0259 x\u0259st\u0259xanadan deyirl\u0259r ki, h\u0259kim kodu sistem\u0259 vurmur. Bunu da m\u0259qs\u0259dli edir&#8221;<\/em>.<\/p>\n\n\n\n<p><strong><em>&#8220;\u0130ntihar h\u0259ddin\u0259 \u00e7at\u0131ram, kim\u0259s\u0259 x\u0259t\u0259r yetir\u0259 bil\u0259r\u0259m&#8221;<\/em><\/strong><\/p>\n\n\n\n<p>T\u0259nha ana deyir ki, n\u0259 g\u0259liri var, n\u0259 i\u015f yeri. S\u0259hh\u0259ti is\u0259 a\u011f\u0131r fiziki i\u015fd\u0259 \u00e7al\u0131\u015fmas\u0131na imkan vermir. D\u0259rmanlar\u0131n\u0131 v\u0259 \u0259rzaq almaqda \u00e7\u0259tinlik \u00e7\u0259kir. Xeyirxah insanlar ona h\u0259rd\u0259n yard\u0131m\u00e7\u0131 olsalar da, bundan utan\u0131r:<\/p>\n\n\n\n<p><em>&#8220;S\u0259hh\u0259tim imkan ver\u0259nd\u0259 h\u0259rd\u0259n g\u00fcn\u0259muzd \u00e7al\u0131\u015f\u0131ram. Bilmir\u0259m ki, ald\u0131\u011f\u0131m 10 manatla d\u0259rman al\u0131m, qaz, i\u015f\u0131q pulu verim, un, \u0259rzaq al\u0131m. N\u0259 vaxta q\u0259d\u0259r k\u0259ndimizin xeyirxah camaat\u0131 m\u0259n\u0259 ya\u011f, \u00e7ay, un al\u0131b ver\u0259c\u0259k? Utan\u0131ram ax\u0131. Sa\u011flam vaxt\u0131mda bazarlarda alver edib, iki \u00f6vlad\u0131ma yax\u015f\u0131 baxm\u0131\u015fam. \u0130ndi gec\u0259-g\u00fcnd\u00fcz d\u0259rman at\u0131ram ki, yata bilim, \u0259s\u0259bl\u0259rim sakitl\u0259\u015fsin, a\u011fr\u0131lar\u0131m dayans\u0131n. \u018fm\u0259liyyatdan sonra yadda\u015f\u0131m\u0131 itirmi\u015f\u0259m, \u0259s\u0259bi olmu\u015fam. Sa\u011f g\u00f6z\u00fcm \u0259m\u0259liyyatdan sonra z\u0259if g\u00f6r\u00fcr. A\u011fr\u0131lar\u0131m tutanda bilmir\u0259m \u00f6z\u00fcm\u00fc hara \u00e7\u0131rp\u0131m. \u0130ntihar h\u0259ddin\u0259 \u00e7at\u0131ram, kim\u0259s\u0259 x\u0259t\u0259r d\u0259 yetir\u0259 bil\u0259r\u0259m. Sa\u011flam olsam, kim\u0259s\u0259 m\u00f6htac olmaram. He\u00e7 olmasa, \u0259lilliyimi versinl\u0259r&#8221;<\/em>.<\/p>\n\n\n\n<p><strong><em>&#8220;B\u0259l\u0259diyy\u0259 &#8220;torpa\u011f\u0131n s\u0259n\u0259dl\u0259ri Bak\u0131dad\u0131r&#8221; deyib yola verir&#8221;<\/em><\/strong><\/p>\n\n\n\n<p>\u00dcnvanl\u0131 D\u00f6vl\u0259t Sosial Yard\u0131m\u0131 \u0259l\u00e7atmaz hesab ed\u0259n t\u0259nha ana evsizlikd\u0259n d\u0259 \u0259ziyy\u0259t \u00e7\u0259kir. Deyir ki, haz\u0131rda k\u0259ndl\u0259rind\u0259 uzaq qohumunun k\u00f6hn\u0259, torpaq daxmas\u0131na m\u00fcv\u0259qq\u0259ti s\u0131\u011f\u0131n\u0131b. Bir m\u00fcdd\u0259td\u0259n sonra ev yiy\u0259si Rusiyadan qay\u0131d\u0131b evi ondan alacaq. \u0130ki ildir ki, b\u0259l\u0259diyy\u0259 s\u0259drind\u0259n ev tikm\u0259k \u00fc\u00e7\u00fcn 6 sot torpaq ist\u0259s\u0259 d\u0259, s\u0259dr dolay\u0131 yolla imtina edir, torpa\u011f\u0131 verm\u0259k ist\u0259mir.<\/p>\n\n\n\n<p>Onun s\u00f6zl\u0259rin\u0259 g\u00f6r\u0259, icra hakimiyy\u0259tind\u0259n tutmu\u015f \u00f6lk\u0259 Prezidentin\u0259 q\u0259d\u0259r m\u00fcraci\u0259t edib. H\u0259tta rayonun deputat\u0131 Elman N\u0259sirova bel\u0259 m\u00fcraci\u0259t ets\u0259 d\u0259, onu t\u0259krar b\u0259l\u0259diyy\u0259 s\u0259drin\u0259 y\u00f6n\u0259ldibl\u0259r. Bir aydan sonra ordudan qay\u0131dacaq o\u011flu il\u0259 birg\u0259 harada m\u0259skunla\u015faca\u011f\u0131n\u0131 bilmir:<\/p>\n\n\n<div class=\"wp-block-image\">\n<figure class=\"alignright size-large is-resized\"><img decoding=\"async\" width=\"616\" height=\"821\" data-src=\"https:\/\/www.meydan.tv\/wp-content\/uploads\/img-20240217-wa00481-616x821.jpg\" alt=\"\" class=\"wp-image-299920 lazyload\" style=\"--smush-placeholder-width: 616px; --smush-placeholder-aspect-ratio: 616\/821;width:397px;height:auto\" src=\"data:image\/svg+xml;base64,PHN2ZyB3aWR0aD0iMSIgaGVpZ2h0PSIxIiB4bWxucz0iaHR0cDovL3d3dy53My5vcmcvMjAwMC9zdmciPjwvc3ZnPg==\" \/><\/figure>\n<\/div>\n\n\n<p><em>&#8220;D\u0259f\u0259l\u0259rl\u0259 yuxar\u0131 qurumlara yaz\u0131ram, b\u0259l\u0259diyy\u0259 &#8220;Torpa\u011f\u0131n s\u0259n\u0259dl\u0259ri Bak\u0131dad\u0131r&#8221; deyib yola verir. B\u0259l\u0259diyy\u0259 deyir\u0259m ki, soyuq, torpaq evd\u0259 \u00f6l\u00fcr\u0259m. G\u0259tirib bir soba veribl\u0259r ki, yand\u0131r isin. Odun yox, qaz yand\u0131r\u0131ram, o da pul yaz\u0131r. B\u0259l\u0259diyy\u0259 torpa\u011f\u0131 verm\u0259k ist\u0259mir. \u0130ki il \u00f6nc\u0259 Elman N\u0259sirovla m\u00fcayin\u0259 \u00fc\u00e7\u00fcn g\u00f6r\u00fc\u015fd\u00fcm, k\u00f6m\u0259k etm\u0259di. O\u011flum Z\u0259ngilanda xidm\u0259t edir, \u00f6z\u00fc yar\u0131mcand\u0131r. T\u0259nha anayam, o\u011flumu h\u0259rbiy\u0259 apara bilirl\u0259r, ancaq ev tikm\u0259y\u0259 torpaq vermirl\u0259r. Bu nec\u0259 d\u00f6vl\u0259tdir, bu nec\u0259 \u0259dal\u0259tdir?&#8221;<\/em>.<\/p>\n\n\n\n<p>B\u0259l\u0259diyy\u0259 s\u0259dri Natiq A\u011fayev is\u0259 Meydan TV-y\u0259 deyib ki, iki k\u0259ndi birl\u0259\u015fdir\u0259n Qaraz\u0259ncir b\u0259l\u0259diyy\u0259sind\u0259 torpaq ist\u0259y\u0259n \u00e7oxdur.<\/p>\n\n\n\n<p>Onun s\u00f6zl\u0259rin\u0259 g\u00f6r\u0259, haz\u0131rda 10 \u015f\u0259hid ail\u0259si, 20 qazi, 62 m\u00fcharib\u0259 i\u015ftirak\u00e7\u0131s\u0131 v\u0259 g\u0259nc ail\u0259l\u0259r torpaq n\u00f6vb\u0259sind\u0259dir. H\u0259y\u0259tyan\u0131 sah\u0259 \u00fc\u00e7\u00fcn torpaq bits\u0259 d\u0259, o, \u015fikay\u0259t\u00e7inin d\u0259 m\u00fcraci\u0259tinin qeyd\u0259 ald\u0131\u011f\u0131n\u0131 v\u0259 yeni t\u0259yinat torpaqdan pay ver\u0259c\u0259yini deyib:<\/p>\n\n\n\n<p><em>&#8220;B\u0259l\u0259diyy\u0259nin iki ildir ki, h\u0259y\u0259tyan\u0131 sah\u0259 \u00fc\u00e7\u00fcn ayr\u0131lan torpa\u011f\u0131 bitib. T\u0259yinat\u0131 d\u0259yi\u015fdirm\u0259k \u00fc\u00e7\u00fcn 6 hektar yar\u0131m pay torpa\u011f\u0131na g\u00f6r\u0259 yenid\u0259n aidiyy\u0259ti qurumlara m\u00fcraci\u0259t olunub. S\u0259n\u0259dl\u0259\u015fm\u0259 i\u015fl\u0259rind\u0259 \u00e7at\u0131\u015fmazl\u0131q vard\u0131, iki ay \u00f6nc\u0259 onlar\u0131 da \u0259lav\u0259 edib g\u00f6nd\u0259rmi\u015fik. Bir s\u0131ra qurum v\u0259 nazirlikd\u0259n r\u0259y al\u0131nd\u0131qdan sonra biz h\u0259min torpaqlar\u0131 b\u00f6l\u0259c\u0259yik. N\u00f6vb\u0259d\u0259 g\u0259ncl\u0259r, m\u00fcharib\u0259 i\u015ftirak\u00e7\u0131lar\u0131 \u00e7oxdur. Ham\u0131 torpaq ist\u0259yir. 2500 hektar pay torpa\u011f\u0131m\u0131z var. 18 hektar h\u0259y\u0259tyan\u0131 torpaq sah\u0259si 1999-cu ild\u0259 ayr\u0131l\u0131b. \u00d6t\u0259n 24 ild\u0259 \u0259hali s\u00fcr\u0259tl\u0259 artd\u0131 dey\u0259 h\u0259y\u0259tyan\u0131 sah\u0259 iki il \u00f6nc\u0259 bitdi. \u0130ki k\u0259ndd\u0259 10 min \u0259hali var&#8221;.<\/em><\/p>\n\n\n\n<p><em>&#8220;K\u0259ndl\u0259r b\u00f6y\u00fcy\u00fcr, \u0259hali \u00e7oxal\u0131r, torpa\u011fa t\u0259l\u0259bat art\u0131r. Bir ay \u00f6nc\u0259 h\u0259min v\u0259t\u0259nda\u015fla da g\u00f6r\u00fc\u015fd\u00fcm, problemini dinl\u0259dim. Torpaqlar\u0131n s\u0259n\u0259di g\u0259l\u0259nd\u0259 yenid\u0259n g\u0259lib bildirsin, ist\u0259diyi yerd\u0259n ona ay\u0131r\u0131b torpaq ver\u0259c\u0259yik, s\u00f6z verir\u0259m. H\u0259tta \u00f6z\u00fc bildirib ki, haradan torpaq ist\u0259yir. Torpaq sah\u0259si ayr\u0131lan kimi bizim Ocaql\u0131 k\u0259ndind\u0259 h\u0259r\u0259 g\u00fcc\u00fc \u00e7atandan ev tikintisin\u0259 k\u00f6m\u0259k ed\u0259r. Amma onu da h\u00fcquqi c\u0259h\u0259td\u0259n deyim ki, valideynl\u0259ri v\u0259fat ets\u0259 d\u0259, v\u0259r\u0259s\u0259 kimi qarda\u015f\u0131 il\u0259 birg\u0259 qalmaq h\u00fcquqi var, ata torpa\u011f\u0131ndan ona da pay d\u00fc\u015f\u00fcr. \u0130ndiy\u0259 q\u0259d\u0259r kimins\u0259 minn\u0259tli evind\u0259 qal\u0131nca qarda\u015f\u0131 il\u0259 qalard\u0131. S\u0259hh\u0259ti zamanla imkan vers\u0259, k\u0259ndd\u0259 mebel sexi var, orada i\u015f\u0259 d\u00fcz\u0259ld\u0259 bil\u0259r\u0259m, ancaq t\u0259mizlik, xadim\u0259 i\u015fin\u0259 s\u00f6z vermir\u0259m&#8221;,<\/em> &#8211; dey\u0259 o qeyd edib.<\/p>\n\n\n\n<p><strong><em>&#8220;&#8221;Forma-88&#8243; g\u00f6nd\u0259ri\u015fi r\u0259smil\u0259\u015fdirilm\u0259yib&#8221;<\/em><\/strong><\/p>\n\n\n\n<p>Tibbi Sosial Ekspertiza v\u0259 Reabilitasiya Agentliyinin m\u0259tbuat xidm\u0259tinin r\u0259hb\u0259ri Tural Qurbanl\u0131 Meydan TV-y\u0259 deyib ki, son iki ild\u0259 tibb m\u00fc\u0259ssis\u0259si t\u0259r\u0259find\u0259n v\u0259t\u0259nda\u015f\u0131n m\u00fcraci\u0259tin\u0259 dair &#8220;Forma-88&#8221; r\u0259smil\u0259\u015fdirilm\u0259yib.<\/p>\n\n\n\n<p>Nazirlik r\u0259smisi cavabdeh t\u0259r\u0259f kimi x\u0259st\u0259xana v\u0259 T\u018fB\u0130B-i g\u00f6st\u0259rib:<\/p>\n\n\n\n<p><em>&#8220;C\u0259lilabad rayon sakini \u0130smay\u0131lova \u015e\u0259fa Nur\u0259ddin q\u0131z\u0131n\u0131n \u0259lilliyinin qiym\u0259tl\u0259ndirilm\u0259si il\u0259 ba\u011fl\u0131 son 2 il \u0259rzind\u0259 he\u00e7 bir m\u00fcraci\u0259ti olmay\u0131b, h\u0259m\u00e7inin tibb m\u00fc\u0259ssis\u0259si t\u0259r\u0259find\u0259n d\u0259 bu m\u00fcdd\u0259t \u0259rzind\u0259 &#8220;Forma-88&#8221; g\u00f6nd\u0259ri\u015fi r\u0259smil\u0259\u015fdirilm\u0259yib. Bel\u0259 olan halda is\u0259 \u0259lilliyin qiym\u0259tl\u0259ndirilm\u0259si m\u00fcmk\u00fcn olmur. Bunun \u00fc\u00e7\u00fcn v\u0259t\u0259nda\u015f qeydiyyat \u00fczr\u0259 tibb m\u00fc\u0259ssis\u0259sin\u0259 yax\u0131nla\u015fmal\u0131d\u0131r. Tibb m\u00fc\u0259ssis\u0259si t\u0259r\u0259find\u0259n \u015f\u0259xsl\u0259 ba\u011fl\u0131 yeni &#8220;Forma-88&#8243; s\u0259n\u0259di r\u0259smil\u0259\u015fdirildikd\u0259n sonra onun \u0259lilliyi qanunvericiliy\u0259 uy\u011fun olaraq qiym\u0259tl\u0259ndiril\u0259c\u0259k. Agentlik t\u0259r\u0259find\u0259n v\u0259t\u0259nda\u015fla \u0259laq\u0259 saxlan\u0131laraq bu bar\u0259d\u0259 ona m\u0259lumat verilib v\u0259 m\u00fcvafiq qanunvericilik izah edilib&#8221;<\/em>.<\/p>\n\n\n\n<p><strong><em>&#8220;Tan\u0131mad\u0131\u011f\u0131m adama imtina s\u0259b\u0259bini g\u00f6st\u0259r\u0259n deyil\u0259m&#8221;<\/em><\/strong><\/p>\n\n\n\n<p>C\u0259lilabad rayon m\u0259rk\u0259zi x\u0259st\u0259xanan\u0131n inzibati m\u0259s\u0259l\u0259l\u0259r \u00fczr\u0259 direktor m\u00fcavini Yusif \u0130smay\u0131lov is\u0259 ona y\u00f6n\u0259lik ittiham\u0131 r\u0259dd edib v\u0259 v\u0259t\u0259nda\u015f\u0131n dedikl\u0259rini &#8220;a\u011f yalan&#8221; adland\u0131r\u0131b. Lakin &#8220;Forma-88&#8221; g\u00f6nd\u0259ri\u015finin niy\u0259 verilm\u0259diyini d\u0259 \u0259sasland\u0131ra bilm\u0259yib.<\/p>\n\n\n\n<p>Jurnalistin bununla ba\u011fl\u0131 sual\u0131na is\u0259 direktor m\u00fcavini: <em>&#8220;Tan\u0131mad\u0131\u011f\u0131m adama imtina s\u0259b\u0259bini g\u00f6st\u0259r\u0259n deyil\u0259m. Niy\u0259 g\u00f6st\u0259rim ki? Siz bilirsiniz, kim\u0259 z\u0259ng etmisiniz?&#8221;<\/em>, &#8211; dey\u0259 s\u0259rt cavab verib.<\/p>\n\n\n<div class=\"wp-block-image\">\n<figure class=\"alignleft size-large is-resized\"><img decoding=\"async\" width=\"616\" height=\"821\" data-src=\"https:\/\/www.meydan.tv\/wp-content\/uploads\/img-20240216-wa0052-616x821.jpg\" alt=\"\" class=\"wp-image-299930 lazyload\" style=\"--smush-placeholder-width: 616px; --smush-placeholder-aspect-ratio: 616\/821;width:400px;height:auto\" src=\"data:image\/svg+xml;base64,PHN2ZyB3aWR0aD0iMSIgaGVpZ2h0PSIxIiB4bWxucz0iaHR0cDovL3d3dy53My5vcmcvMjAwMC9zdmciPjwvc3ZnPg==\" \/><\/figure>\n<\/div>\n\n\n<p>Yeri g\u0259lmi\u015fk\u0259n, Yusif \u0130smay\u0131lovdan t\u0259kc\u0259 \u015e\u0259fa \u0130smay\u0131lova \u015fikay\u0259t\u00e7i deyil, son on g\u00fcnd\u0259 \u00fc\u00e7 rayon v\u0259t\u0259nda\u015f\u0131 eyni \u015fikay\u0259tl\u0259 Meydan TV-y\u0259 m\u00fcraci\u0259t ed\u0259r\u0259k h\u0259kimd\u0259n naraz\u0131l\u0131q ifad\u0259 edib.<\/p>\n\n\n\n<p><strong><em>T\u018fB\u0130B n\u0259 deyir?<\/em><\/strong><\/p>\n\n\n\n<p>\u201cTibbi \u018frazi B\u00f6lm\u0259l\u0259rini \u0130dar\u0259etm\u0259 Birliyi\u201dnd\u0259n (T\u018fB\u0130B) Meydan TV-y\u0259 bildirilib ki, 1983-c\u00fc il t\u0259v\u0259ll\u00fcdl\u00fc \u015e\u0259fa \u0130smay\u0131lova 2022-ci il noyabr\u0131n 16-da \u201cSa\u011f al\u0131n-gicgah post-op s\u00fcm\u00fck defekti, s\u00fcm\u00fck defektinin autoplastikas\u0131ndan sonrak\u0131 v\u0259ziyy\u0259ti\u201d diaqnozu il\u0259 C\u0259lilabad Rayon M\u0259rk\u0259zi X\u0259st\u0259xanas\u0131n\u0131n (RMX) H\u0259kim M\u0259sl\u0259h\u0259t Komissiyas\u0131na&nbsp; m\u00fcraci\u0259t edib.<\/p>\n\n\n\n<p>Onun s\u0259n\u0259dl\u0259ri h\u0259min tarixd\u0259 d\u0259 \u018fm\u0259k v\u0259 \u018fhalinin Sosial M\u00fcdafi\u0259si Nazirliyinin Tibbi Sosial Ekspertiza Komissiyas\u0131nda r\u0259sml\u0259\u015fdirilib, lakin Tibbi Sosial Ekspert Komissiyas\u0131 t\u0259r\u0259find\u0259n imtina q\u0259rar\u0131 verilib.<\/p>\n\n\n\n<p>Qurumun bildirdiyin\u0259 g\u00f6r\u0259, h\u0259min m\u00fcdd\u0259td\u0259n sonra is\u0259 x\u0259st\u0259 H\u0259kim M\u0259sl\u0259h\u0259t Komissiyas\u0131na m\u00fcraci\u0259t etm\u0259yib:<\/p>\n\n\n\n<p><em>&#8220;X\u0259st\u0259nin m\u00fcraci\u0259ti il\u0259 \u0259laq\u0259dar telefon \u0259laq\u0259si saxlan\u0131laraq 22.02.2024-c\u00fc il tarixind\u0259 C\u0259lilabad Rayon M\u0259rk\u0259zi X\u0259st\u0259xanas\u0131na d\u0259v\u0259t olunub. V\u0259t\u0259nda\u015f\u0131n s\u0259n\u0259dl\u0259rin\u0259 bax\u0131l\u0131b, 10.11.2022-ci il tarixind\u0259n etibar\u0259n ixtisasla\u015fm\u0131\u015f m\u00fcayin\u0259 v\u0259 m\u00fcalic\u0259sin\u0259 aid he\u00e7 bir yeni tibbi s\u0259n\u0259dinin olmad\u0131\u011f\u0131 m\u00fc\u0259yy\u0259nl\u0259\u015fdirilib. X\u0259st\u0259 yenid\u0259n ixtisasla\u015fm\u0131\u015f m\u00fcayin\u0259 olunmas\u0131 m\u0259qs\u0259di il\u0259 Respublika Neyroc\u0259rrahiyy\u0259 X\u0259st\u0259xanas\u0131na g\u00f6nd\u0259ri\u015fl\u0259 t\u0259min edilib. \u0130smay\u0131lova \u015e\u0259fa Nur\u0259ddin q\u0131z\u0131na m\u00fcayin\u0259 olunduqdan sonra yeni tibbi s\u0259n\u0259dl\u0259ri il\u0259 C\u0259lilabad RMX-n\u0131n H\u0259kim M\u0259sl\u0259h\u0259t Komissiyas\u0131na (HMK) m\u00fcraci\u0259t etm\u0259si bildirilib&#8221;<\/em>.<\/p>\n\n\n\n<p>T\u018fB\u0130B-d\u0259n onu da deyibl\u0259r ki, v\u0259t\u0259nda\u015f ixtisasla\u015fd\u0131r\u0131lm\u0131\u015f tibb m\u00fc\u0259ssis\u0259sind\u0259 m\u00fcayin\u0259 v\u0259 m\u00fcalic\u0259 olunduqdan sonra tibbi r\u0259yl\u0259ri il\u0259 HMK-ya m\u00fcraci\u0259t etdiyi t\u0259qdird\u0259 komissiyadan ke\u00e7iril\u0259c\u0259k:<\/p>\n\n\n\n<p><em>&#8220;Ona t\u0259yin olunmu\u015f diaqnoz Nazirl\u0259r Kabinetinin 13 may 2022-ci il tarixli 187 n\u00f6mr\u0259li q\u0259rar\u0131 il\u0259 t\u0259sdiq edilmi\u015f \u201c\u018flilliyin m\u00fc\u0259yy\u0259n olunmas\u0131 meyarlar\u0131nda\u201d qeyd edil\u0259n tibbi g\u00f6st\u0259ri\u015f siyah\u0131s\u0131nda olarsa, tibbi-sosial ekspertiza m\u00fcayin\u0259sin\u0259 g\u00f6nd\u0259ri\u015fi r\u0259smil\u0259\u015fdiril\u0259c\u0259k&#8221;<\/em>.<\/p>\n\n\n<div class=\"wp-block-image\">\n<figure class=\"alignright size-large is-resized\"><img decoding=\"async\" width=\"616\" height=\"821\" data-src=\"https:\/\/www.meydan.tv\/wp-content\/uploads\/img-20240217-wa0045-616x821.jpg\" alt=\"\" class=\"wp-image-299926 lazyload\" style=\"--smush-placeholder-width: 616px; --smush-placeholder-aspect-ratio: 616\/821;width:434px;height:auto\" src=\"data:image\/svg+xml;base64,PHN2ZyB3aWR0aD0iMSIgaGVpZ2h0PSIxIiB4bWxucz0iaHR0cDovL3d3dy53My5vcmcvMjAwMC9zdmciPjwvc3ZnPg==\" \/><\/figure>\n<\/div>\n\n\n<p><strong><em>&#8220;Bu i\u015f Allaha qal\u0131b&#8230;&#8221;<\/em><\/strong><\/p>\n\n\n\n<p>\u015eikay\u0259t\u00e7i \u015e\u0259fa \u0130smay\u0131lova is\u0259 \u00fcmidsizdir:<\/p>\n\n\n\n<p><em>&#8220;M\u0259n \u0259vv\u0259ld\u0259n \u015f\u00fcbh\u0259l\u0259nmi\u015fdim ki, bu h\u0259kim s\u0259n\u0259di r\u0259sml\u0259\u015fdirmir, bizi yola verir. \u015eifahi imtina g\u0259ldiyini deyir. R\u00fc\u015fv\u0259t ver\u0259nl\u0259rin i\u015fi d\u00fcz\u0259lir. Laz\u0131m\u0131 s\u0259n\u0259dl\u0259ri toplay\u0131b yenid\u0259n m\u00fcraci\u0259t ed\u0259c\u0259y\u0259m. Onu bilir\u0259m ki, bu i\u015f art\u0131q Allaha qal\u0131b&#8221;<\/em>.<\/p>\n\n\n\n<p>O, b\u0259l\u0259diyy\u0259 s\u0259drinin dedikl\u0259rini d\u0259 yalan adland\u0131r\u0131b:<\/p>\n\n\n\n<p><em>&#8220;B\u0259l\u0259diyy\u0259 s\u0259dri deyir ki, ata yurdumdan 20 sot torpaq var. Yaland\u0131r. \u00dcst\u0259lik, qarda\u015f\u0131m\u0131n yurdunda g\u00f6z\u00fcm yoxdur, ata yurdu qarda\u015fa, ail\u0259sin\u0259, u\u015faqlar\u0131na qal\u0131r. Ev, torpaq onundur. Aliment \u00f6d\u0259yir, iki krediti var. Qarda\u015fa nec\u0259 s\u0131\u011f\u0131n\u0131m? Torpaq al\u0131b o\u011fluma ev tikm\u0259k ist\u0259yir\u0259m. O da \u0259sg\u0259rdir, v\u0259t\u0259nda\u015fd\u0131r, haqq\u0131 \u00e7at\u0131r. Kimins\u0259 evin\u0259, yurduna niy\u0259 s\u0131\u011f\u0131naq?<\/em>&#8220;<\/p>\n","protected":false},"excerpt":{"rendered":"<p>O, n\u0259 \u0259lillik, n\u0259 torpaq, n\u0259 d\u0259 \u00fcnvanl\u0131 yard\u0131m ala &#8230; <\/p>\n<p class=\"read-more-container\"><a title=\"O\u011flu \u0259sg\u0259rlikd\u0259, \u00f6z\u00fc is\u0259 soyuq v\u0259 torpaq evd\u0259 ya\u015fayan t\u0259nha ana k\u00f6m\u0259k ist\u0259yir\" class=\"read-more button\" href=\"https:\/\/www.meydan.tv\/az\/article\/oglu-esgerlikde-ozu-ise-soyuq-ve-torpaq-evde-yasayan-tenha-ana-komek-isteyir\/#more-299906\" aria-label=\"Read more about O\u011flu \u0259sg\u0259rlikd\u0259, \u00f6z\u00fc is\u0259 soyuq v\u0259 torpaq evd\u0259 ya\u015fayan t\u0259nha ana k\u00f6m\u0259k ist\u0259yir\">Davam\u0131<\/a><\/p>\n","protected":false},"author":21,"featured_media":299914,"comment_status":"closed","ping_status":"closed","sticky":false,"template":"","format":"standard","meta":{"_acf_changed":false,"_sitemap_exclude":false,"_sitemap_priority":"","_sitemap_frequency":"","footnotes":""},"categories":[62,79,56],"tags":[],"class_list":["post-299906","post","type-post","status-publish","format-standard","has-post-thumbnail","hentry","category-sosial","category-featured","category-xeberler","infinite-scroll-item","generate-columns","tablet-grid-50","mobile-grid-100","grid-parent","grid-33","no-featured-image-padding"],"acf":[],"yoast_head":"<!-- This site is optimized with the Yoast SEO plugin v27.5 - https:\/\/yoast.com\/product\/yoast-seo-wordpress\/ -->\n<title>O\u011flu \u0259sg\u0259rlikd\u0259, \u00f6z\u00fc is\u0259 soyuq v\u0259 torpaq evd\u0259 ya\u015fayan t\u0259nha ana k\u00f6m\u0259k ist\u0259yir - MEYDAN.TV<\/title>\n<meta name=\"robots\" content=\"index, follow, max-snippet:-1, max-image-preview:large, max-video-preview:-1\" \/>\n<link rel=\"canonical\" href=\"https:\/\/www.meydan.tv\/az\/article\/oglu-esgerlikde-ozu-ise-soyuq-ve-torpaq-evde-yasayan-tenha-ana-komek-isteyir\/\" \/>\n<meta property=\"og:locale\" content=\"az_AZ\" \/>\n<meta property=\"og:type\" content=\"article\" \/>\n<meta property=\"og:title\" content=\"O\u011flu \u0259sg\u0259rlikd\u0259, \u00f6z\u00fc is\u0259 soyuq v\u0259 torpaq evd\u0259 ya\u015fayan t\u0259nha ana k\u00f6m\u0259k ist\u0259yir - MEYDAN.TV\" \/>\n<meta property=\"og:description\" content=\"O, n\u0259 \u0259lillik, n\u0259 torpaq, n\u0259 d\u0259 \u00fcnvanl\u0131 yard\u0131m ala ... Davam\u0131\" \/>\n<meta property=\"og:url\" content=\"https:\/\/www.meydan.tv\/az\/article\/oglu-esgerlikde-ozu-ise-soyuq-ve-torpaq-evde-yasayan-tenha-ana-komek-isteyir\/\" \/>\n<meta property=\"og:site_name\" content=\"MEYDAN.TV\" \/>\n<meta property=\"article:published_time\" content=\"2024-02-24T07:48:55+00:00\" \/>\n<meta property=\"article:modified_time\" content=\"2024-02-24T07:49:04+00:00\" \/>\n<meta property=\"og:image\" content=\"https:\/\/www.meydan.tv\/wp-content\/uploads\/img-20240216-wa00511-e1708760457818.jpg\" \/>\n\t<meta property=\"og:image:width\" content=\"780\" \/>\n\t<meta property=\"og:image:height\" content=\"578\" \/>\n\t<meta property=\"og:image:type\" content=\"image\/jpeg\" \/>\n<meta name=\"author\" content=\"mahmud\" \/>\n<meta name=\"twitter:card\" content=\"summary_large_image\" \/>\n<script type=\"application\/ld+json\" class=\"yoast-schema-graph\">{\"@context\":\"https:\\\/\\\/schema.org\",\"@graph\":[{\"@type\":\"Article\",\"@id\":\"https:\\\/\\\/www.meydan.tv\\\/az\\\/article\\\/oglu-esgerlikde-ozu-ise-soyuq-ve-torpaq-evde-yasayan-tenha-ana-komek-isteyir\\\/#article\",\"isPartOf\":{\"@id\":\"https:\\\/\\\/www.meydan.tv\\\/az\\\/article\\\/oglu-esgerlikde-ozu-ise-soyuq-ve-torpaq-evde-yasayan-tenha-ana-komek-isteyir\\\/\"},\"author\":{\"name\":\"mahmud\",\"@id\":\"https:\\\/\\\/www.meydan.tv\\\/az\\\/#\\\/schema\\\/person\\\/09863e516102a829e72bedcf3f84c6b0\"},\"headline\":\"O\u011flu \u0259sg\u0259rlikd\u0259, \u00f6z\u00fc is\u0259 soyuq v\u0259 torpaq evd\u0259 ya\u015fayan t\u0259nha ana k\u00f6m\u0259k ist\u0259yir\",\"datePublished\":\"2024-02-24T07:48:55+00:00\",\"dateModified\":\"2024-02-24T07:49:04+00:00\",\"mainEntityOfPage\":{\"@id\":\"https:\\\/\\\/www.meydan.tv\\\/az\\\/article\\\/oglu-esgerlikde-ozu-ise-soyuq-ve-torpaq-evde-yasayan-tenha-ana-komek-isteyir\\\/\"},\"wordCount\":2267,\"publisher\":{\"@id\":\"https:\\\/\\\/www.meydan.tv\\\/az\\\/#organization\"},\"image\":{\"@id\":\"https:\\\/\\\/www.meydan.tv\\\/az\\\/article\\\/oglu-esgerlikde-ozu-ise-soyuq-ve-torpaq-evde-yasayan-tenha-ana-komek-isteyir\\\/#primaryimage\"},\"thumbnailUrl\":\"https:\\\/\\\/www.meydan.tv\\\/wp-content\\\/uploads\\\/img-20240216-wa00511-e1708760457818.jpg\",\"articleSection\":[\"Sosial\",\"T\u00f6vsiy\u0259\",\"X\u0259b\u0259rl\u0259r\"],\"inLanguage\":\"az\"},{\"@type\":\"WebPage\",\"@id\":\"https:\\\/\\\/www.meydan.tv\\\/az\\\/article\\\/oglu-esgerlikde-ozu-ise-soyuq-ve-torpaq-evde-yasayan-tenha-ana-komek-isteyir\\\/\",\"url\":\"https:\\\/\\\/www.meydan.tv\\\/az\\\/article\\\/oglu-esgerlikde-ozu-ise-soyuq-ve-torpaq-evde-yasayan-tenha-ana-komek-isteyir\\\/\",\"name\":\"O\u011flu \u0259sg\u0259rlikd\u0259, \u00f6z\u00fc is\u0259 soyuq v\u0259 torpaq evd\u0259 ya\u015fayan t\u0259nha ana k\u00f6m\u0259k ist\u0259yir - MEYDAN.TV\",\"isPartOf\":{\"@id\":\"https:\\\/\\\/www.meydan.tv\\\/az\\\/#website\"},\"primaryImageOfPage\":{\"@id\":\"https:\\\/\\\/www.meydan.tv\\\/az\\\/article\\\/oglu-esgerlikde-ozu-ise-soyuq-ve-torpaq-evde-yasayan-tenha-ana-komek-isteyir\\\/#primaryimage\"},\"image\":{\"@id\":\"https:\\\/\\\/www.meydan.tv\\\/az\\\/article\\\/oglu-esgerlikde-ozu-ise-soyuq-ve-torpaq-evde-yasayan-tenha-ana-komek-isteyir\\\/#primaryimage\"},\"thumbnailUrl\":\"https:\\\/\\\/www.meydan.tv\\\/wp-content\\\/uploads\\\/img-20240216-wa00511-e1708760457818.jpg\",\"datePublished\":\"2024-02-24T07:48:55+00:00\",\"dateModified\":\"2024-02-24T07:49:04+00:00\",\"breadcrumb\":{\"@id\":\"https:\\\/\\\/www.meydan.tv\\\/az\\\/article\\\/oglu-esgerlikde-ozu-ise-soyuq-ve-torpaq-evde-yasayan-tenha-ana-komek-isteyir\\\/#breadcrumb\"},\"inLanguage\":\"az\",\"potentialAction\":[{\"@type\":\"ReadAction\",\"target\":[\"https:\\\/\\\/www.meydan.tv\\\/az\\\/article\\\/oglu-esgerlikde-ozu-ise-soyuq-ve-torpaq-evde-yasayan-tenha-ana-komek-isteyir\\\/\"]}]},{\"@type\":\"ImageObject\",\"inLanguage\":\"az\",\"@id\":\"https:\\\/\\\/www.meydan.tv\\\/az\\\/article\\\/oglu-esgerlikde-ozu-ise-soyuq-ve-torpaq-evde-yasayan-tenha-ana-komek-isteyir\\\/#primaryimage\",\"url\":\"https:\\\/\\\/www.meydan.tv\\\/wp-content\\\/uploads\\\/img-20240216-wa00511-e1708760457818.jpg\",\"contentUrl\":\"https:\\\/\\\/www.meydan.tv\\\/wp-content\\\/uploads\\\/img-20240216-wa00511-e1708760457818.jpg\",\"width\":780,\"height\":578,\"caption\":\"Fotolar: Meydan TV\"},{\"@type\":\"BreadcrumbList\",\"@id\":\"https:\\\/\\\/www.meydan.tv\\\/az\\\/article\\\/oglu-esgerlikde-ozu-ise-soyuq-ve-torpaq-evde-yasayan-tenha-ana-komek-isteyir\\\/#breadcrumb\",\"itemListElement\":[{\"@type\":\"ListItem\",\"position\":1,\"name\":\"Ana s\u0259hif\u0259\",\"item\":\"https:\\\/\\\/www.meydan.tv\\\/az\\\/\"},{\"@type\":\"ListItem\",\"position\":2,\"name\":\"Sosial\",\"item\":\"https:\\\/\\\/www.meydan.tv\\\/az\\\/section\\\/sosial\\\/\"},{\"@type\":\"ListItem\",\"position\":3,\"name\":\"O\u011flu \u0259sg\u0259rlikd\u0259, \u00f6z\u00fc is\u0259 soyuq v\u0259 torpaq evd\u0259 ya\u015fayan t\u0259nha ana k\u00f6m\u0259k ist\u0259yir\"}]},{\"@type\":\"WebSite\",\"@id\":\"https:\\\/\\\/www.meydan.tv\\\/az\\\/#website\",\"url\":\"https:\\\/\\\/www.meydan.tv\\\/az\\\/\",\"name\":\"MEYDAN.TV\",\"description\":\"Meydan TV Az\u0259rbaycan\u0131n media m\u0259kan\u0131ndak\u0131 alternativ s\u0259sidir\",\"publisher\":{\"@id\":\"https:\\\/\\\/www.meydan.tv\\\/az\\\/#organization\"},\"potentialAction\":[{\"@type\":\"SearchAction\",\"target\":{\"@type\":\"EntryPoint\",\"urlTemplate\":\"https:\\\/\\\/www.meydan.tv\\\/az\\\/?s={search_term_string}\"},\"query-input\":{\"@type\":\"PropertyValueSpecification\",\"valueRequired\":true,\"valueName\":\"search_term_string\"}}],\"inLanguage\":\"az\"},{\"@type\":\"Organization\",\"@id\":\"https:\\\/\\\/www.meydan.tv\\\/az\\\/#organization\",\"name\":\"Meydan TV\",\"url\":\"https:\\\/\\\/www.meydan.tv\\\/az\\\/\",\"logo\":{\"@type\":\"ImageObject\",\"inLanguage\":\"az\",\"@id\":\"https:\\\/\\\/www.meydan.tv\\\/az\\\/#\\\/schema\\\/logo\\\/image\\\/\",\"url\":\"https:\\\/\\\/www.meydan.tv\\\/wp-content\\\/uploads\\\/2021\\\/07\\\/meydan-logo.svg\",\"contentUrl\":\"https:\\\/\\\/www.meydan.tv\\\/wp-content\\\/uploads\\\/2021\\\/07\\\/meydan-logo.svg\",\"width\":195,\"height\":46,\"caption\":\"Meydan TV\"},\"image\":{\"@id\":\"https:\\\/\\\/www.meydan.tv\\\/az\\\/#\\\/schema\\\/logo\\\/image\\\/\"}},{\"@type\":\"Person\",\"@id\":\"https:\\\/\\\/www.meydan.tv\\\/az\\\/#\\\/schema\\\/person\\\/09863e516102a829e72bedcf3f84c6b0\",\"name\":\"mahmud\"}]}<\/script>\n<!-- \/ Yoast SEO plugin. -->","yoast_head_json":{"title":"O\u011flu \u0259sg\u0259rlikd\u0259, \u00f6z\u00fc is\u0259 soyuq v\u0259 torpaq evd\u0259 ya\u015fayan t\u0259nha ana k\u00f6m\u0259k ist\u0259yir - MEYDAN.TV","robots":{"index":"index","follow":"follow","max-snippet":"max-snippet:-1","max-image-preview":"max-image-preview:large","max-video-preview":"max-video-preview:-1"},"canonical":"https:\/\/www.meydan.tv\/az\/article\/oglu-esgerlikde-ozu-ise-soyuq-ve-torpaq-evde-yasayan-tenha-ana-komek-isteyir\/","og_locale":"az_AZ","og_type":"article","og_title":"O\u011flu \u0259sg\u0259rlikd\u0259, \u00f6z\u00fc is\u0259 soyuq v\u0259 torpaq evd\u0259 ya\u015fayan t\u0259nha ana k\u00f6m\u0259k ist\u0259yir - MEYDAN.TV","og_description":"O, n\u0259 \u0259lillik, n\u0259 torpaq, n\u0259 d\u0259 \u00fcnvanl\u0131 yard\u0131m ala ... Davam\u0131","og_url":"https:\/\/www.meydan.tv\/az\/article\/oglu-esgerlikde-ozu-ise-soyuq-ve-torpaq-evde-yasayan-tenha-ana-komek-isteyir\/","og_site_name":"MEYDAN.TV","article_published_time":"2024-02-24T07:48:55+00:00","article_modified_time":"2024-02-24T07:49:04+00:00","og_image":[{"width":780,"height":578,"url":"https:\/\/www.meydan.tv\/wp-content\/uploads\/img-20240216-wa00511-e1708760457818.jpg","type":"image\/jpeg"}],"author":"mahmud","twitter_card":"summary_large_image","schema":{"@context":"https:\/\/schema.org","@graph":[{"@type":"Article","@id":"https:\/\/www.meydan.tv\/az\/article\/oglu-esgerlikde-ozu-ise-soyuq-ve-torpaq-evde-yasayan-tenha-ana-komek-isteyir\/#article","isPartOf":{"@id":"https:\/\/www.meydan.tv\/az\/article\/oglu-esgerlikde-ozu-ise-soyuq-ve-torpaq-evde-yasayan-tenha-ana-komek-isteyir\/"},"author":{"name":"mahmud","@id":"https:\/\/www.meydan.tv\/az\/#\/schema\/person\/09863e516102a829e72bedcf3f84c6b0"},"headline":"O\u011flu \u0259sg\u0259rlikd\u0259, \u00f6z\u00fc is\u0259 soyuq v\u0259 torpaq evd\u0259 ya\u015fayan t\u0259nha ana k\u00f6m\u0259k ist\u0259yir","datePublished":"2024-02-24T07:48:55+00:00","dateModified":"2024-02-24T07:49:04+00:00","mainEntityOfPage":{"@id":"https:\/\/www.meydan.tv\/az\/article\/oglu-esgerlikde-ozu-ise-soyuq-ve-torpaq-evde-yasayan-tenha-ana-komek-isteyir\/"},"wordCount":2267,"publisher":{"@id":"https:\/\/www.meydan.tv\/az\/#organization"},"image":{"@id":"https:\/\/www.meydan.tv\/az\/article\/oglu-esgerlikde-ozu-ise-soyuq-ve-torpaq-evde-yasayan-tenha-ana-komek-isteyir\/#primaryimage"},"thumbnailUrl":"https:\/\/www.meydan.tv\/wp-content\/uploads\/img-20240216-wa00511-e1708760457818.jpg","articleSection":["Sosial","T\u00f6vsiy\u0259","X\u0259b\u0259rl\u0259r"],"inLanguage":"az"},{"@type":"WebPage","@id":"https:\/\/www.meydan.tv\/az\/article\/oglu-esgerlikde-ozu-ise-soyuq-ve-torpaq-evde-yasayan-tenha-ana-komek-isteyir\/","url":"https:\/\/www.meydan.tv\/az\/article\/oglu-esgerlikde-ozu-ise-soyuq-ve-torpaq-evde-yasayan-tenha-ana-komek-isteyir\/","name":"O\u011flu \u0259sg\u0259rlikd\u0259, \u00f6z\u00fc is\u0259 soyuq v\u0259 torpaq evd\u0259 ya\u015fayan t\u0259nha ana k\u00f6m\u0259k ist\u0259yir - MEYDAN.TV","isPartOf":{"@id":"https:\/\/www.meydan.tv\/az\/#website"},"primaryImageOfPage":{"@id":"https:\/\/www.meydan.tv\/az\/article\/oglu-esgerlikde-ozu-ise-soyuq-ve-torpaq-evde-yasayan-tenha-ana-komek-isteyir\/#primaryimage"},"image":{"@id":"https:\/\/www.meydan.tv\/az\/article\/oglu-esgerlikde-ozu-ise-soyuq-ve-torpaq-evde-yasayan-tenha-ana-komek-isteyir\/#primaryimage"},"thumbnailUrl":"https:\/\/www.meydan.tv\/wp-content\/uploads\/img-20240216-wa00511-e1708760457818.jpg","datePublished":"2024-02-24T07:48:55+00:00","dateModified":"2024-02-24T07:49:04+00:00","breadcrumb":{"@id":"https:\/\/www.meydan.tv\/az\/article\/oglu-esgerlikde-ozu-ise-soyuq-ve-torpaq-evde-yasayan-tenha-ana-komek-isteyir\/#breadcrumb"},"inLanguage":"az","potentialAction":[{"@type":"ReadAction","target":["https:\/\/www.meydan.tv\/az\/article\/oglu-esgerlikde-ozu-ise-soyuq-ve-torpaq-evde-yasayan-tenha-ana-komek-isteyir\/"]}]},{"@type":"ImageObject","inLanguage":"az","@id":"https:\/\/www.meydan.tv\/az\/article\/oglu-esgerlikde-ozu-ise-soyuq-ve-torpaq-evde-yasayan-tenha-ana-komek-isteyir\/#primaryimage","url":"https:\/\/www.meydan.tv\/wp-content\/uploads\/img-20240216-wa00511-e1708760457818.jpg","contentUrl":"https:\/\/www.meydan.tv\/wp-content\/uploads\/img-20240216-wa00511-e1708760457818.jpg","width":780,"height":578,"caption":"Fotolar: Meydan TV"},{"@type":"BreadcrumbList","@id":"https:\/\/www.meydan.tv\/az\/article\/oglu-esgerlikde-ozu-ise-soyuq-ve-torpaq-evde-yasayan-tenha-ana-komek-isteyir\/#breadcrumb","itemListElement":[{"@type":"ListItem","position":1,"name":"Ana s\u0259hif\u0259","item":"https:\/\/www.meydan.tv\/az\/"},{"@type":"ListItem","position":2,"name":"Sosial","item":"https:\/\/www.meydan.tv\/az\/section\/sosial\/"},{"@type":"ListItem","position":3,"name":"O\u011flu \u0259sg\u0259rlikd\u0259, \u00f6z\u00fc is\u0259 soyuq v\u0259 torpaq evd\u0259 ya\u015fayan t\u0259nha ana k\u00f6m\u0259k ist\u0259yir"}]},{"@type":"WebSite","@id":"https:\/\/www.meydan.tv\/az\/#website","url":"https:\/\/www.meydan.tv\/az\/","name":"MEYDAN.TV","description":"Meydan TV Az\u0259rbaycan\u0131n media m\u0259kan\u0131ndak\u0131 alternativ s\u0259sidir","publisher":{"@id":"https:\/\/www.meydan.tv\/az\/#organization"},"potentialAction":[{"@type":"SearchAction","target":{"@type":"EntryPoint","urlTemplate":"https:\/\/www.meydan.tv\/az\/?s={search_term_string}"},"query-input":{"@type":"PropertyValueSpecification","valueRequired":true,"valueName":"search_term_string"}}],"inLanguage":"az"},{"@type":"Organization","@id":"https:\/\/www.meydan.tv\/az\/#organization","name":"Meydan TV","url":"https:\/\/www.meydan.tv\/az\/","logo":{"@type":"ImageObject","inLanguage":"az","@id":"https:\/\/www.meydan.tv\/az\/#\/schema\/logo\/image\/","url":"https:\/\/www.meydan.tv\/wp-content\/uploads\/2021\/07\/meydan-logo.svg","contentUrl":"https:\/\/www.meydan.tv\/wp-content\/uploads\/2021\/07\/meydan-logo.svg","width":195,"height":46,"caption":"Meydan TV"},"image":{"@id":"https:\/\/www.meydan.tv\/az\/#\/schema\/logo\/image\/"}},{"@type":"Person","@id":"https:\/\/www.meydan.tv\/az\/#\/schema\/person\/09863e516102a829e72bedcf3f84c6b0","name":"mahmud"}]}},"_links":{"self":[{"href":"https:\/\/www.meydan.tv\/az\/wp-json\/wp\/v2\/posts\/299906","targetHints":{"allow":["GET"]}}],"collection":[{"href":"https:\/\/www.meydan.tv\/az\/wp-json\/wp\/v2\/posts"}],"about":[{"href":"https:\/\/www.meydan.tv\/az\/wp-json\/wp\/v2\/types\/post"}],"author":[{"embeddable":true,"href":"https:\/\/www.meydan.tv\/az\/wp-json\/wp\/v2\/users\/21"}],"replies":[{"embeddable":true,"href":"https:\/\/www.meydan.tv\/az\/wp-json\/wp\/v2\/comments?post=299906"}],"version-history":[{"count":3,"href":"https:\/\/www.meydan.tv\/az\/wp-json\/wp\/v2\/posts\/299906\/revisions"}],"predecessor-version":[{"id":299933,"href":"https:\/\/www.meydan.tv\/az\/wp-json\/wp\/v2\/posts\/299906\/revisions\/299933"}],"wp:featuredmedia":[{"embeddable":true,"href":"https:\/\/www.meydan.tv\/az\/wp-json\/wp\/v2\/media\/299914"}],"wp:attachment":[{"href":"https:\/\/www.meydan.tv\/az\/wp-json\/wp\/v2\/media?parent=299906"}],"wp:term":[{"taxonomy":"category","embeddable":true,"href":"https:\/\/www.meydan.tv\/az\/wp-json\/wp\/v2\/categories?post=299906"},{"taxonomy":"post_tag","embeddable":true,"href":"https:\/\/www.meydan.tv\/az\/wp-json\/wp\/v2\/tags?post=299906"}],"curies":[{"name":"wp","href":"https:\/\/api.w.org\/{rel}","templated":true}]}}