{"id":299895,"date":"2024-02-23T20:34:18","date_gmt":"2024-02-23T16:34:18","guid":{"rendered":"https:\/\/www.meydan.tv\/?p=299895"},"modified":"2024-02-23T20:34:21","modified_gmt":"2024-02-23T16:34:21","slug":"kiraye-ev-tapilmir-camaat-collerdedir","status":"publish","type":"post","link":"https:\/\/www.meydan.tv\/az\/article\/kiraye-ev-tapilmir-camaat-collerdedir\/","title":{"rendered":"&#8220;Kiray\u0259 ev tap\u0131lm\u0131r, camaat \u00e7\u00f6ll\u0259rd\u0259dir&#8221;"},"content":{"rendered":"\n<figure class=\"wp-block-embed is-type-video is-provider-youtube wp-block-embed-youtube wp-embed-aspect-16-9 wp-has-aspect-ratio\"><div class=\"wp-block-embed__wrapper\">\n<iframe title=\"&quot;Kiray\u0259 ev tap\u0131lm\u0131r, camaat \u00e7\u00f6ll\u0259rd\u0259dir&quot;\" width=\"1200\" height=\"675\" data-src=\"https:\/\/www.youtube.com\/embed\/Uv5kMtq0BLA?feature=oembed\" frameborder=\"0\" allow=\"accelerometer; autoplay; clipboard-write; encrypted-media; gyroscope; picture-in-picture; web-share\" allowfullscreen src=\"data:image\/svg+xml;base64,PHN2ZyB3aWR0aD0iMSIgaGVpZ2h0PSIxIiB4bWxucz0iaHR0cDovL3d3dy53My5vcmcvMjAwMC9zdmciPjwvc3ZnPg==\" class=\"lazyload\" data-load-mode=\"1\"><\/iframe>\n<\/div><\/figure>\n\n\n\n<p><\/p>\n\n\n\n<p>Bak\u0131da ild\u0259n il\u0259 artan, s\u0259ma boyu uzanan g\u00f6yd\u0259l\u0259nl\u0259r paytaxt sakinl\u0259rinin ev d\u0259rdl\u0259rin\u0259 \u00e7ar\u0259 olmay\u0131b. Minl\u0259rl\u0259 v\u0259t\u0259nda\u015f ya\u015famaq \u00fc\u00e7\u00fcn \u0259n t\u0259m\u0259l ehtiyacdan \u2013 m\u0259nzild\u0259n m\u0259hrum qal\u0131b. Evsiz \u0259hali bir ucdan y\u00fcks\u0259l\u0259n kiray\u0259 qiym\u0259tl\u0259ril\u0259 \u00fcz-\u00fcz\u0259dir.<\/p>\n\n\n\n<p>\u018fmlak\u00e7\u0131lar dan\u0131\u015f\u0131r ki, m\u00fc\u015ft\u0259ril\u0259r ucuz qiym\u0259t\u0259 ev tutmaq \u00fc\u00e7\u00fcn n\u00f6vb\u0259y\u0259 d\u00fcz\u00fcl\u00fcr, amma \u0259mlak bazar\u0131nda v\u0259ziyy\u0259t f\u0259rqlidir. \u0130ndi k\u00f6hn\u0259 tikili binada 1 otaql\u0131 m\u0259nzil kiray\u0259l\u0259m\u0259k 400-500 manat, yeni tikili binadan is\u0259 600-700 manatdan ba\u015flay\u0131r.<\/p>\n\n\n\n<p>20 ildir \u0259mlak\u00e7\u0131l\u0131qla m\u0259\u015f\u011ful olan Toma R\u0259himova deyir ki, bina evl\u0259rin\u0259 b\u00fcdc\u0259si yetm\u0259y\u0259n m\u00fc\u015ft\u0259ril\u0259rin\u0259 \u015f\u0259h\u0259rd\u0259n daha uzaq \u0259razil\u0259ri, h\u0259y\u0259t evl\u0259rini t\u0259klif edir. <\/p>\n\n\n\n<p><strong>B\u0259s kiray\u0259 qiym\u0259tl\u0259ri niy\u0259 art\u0131r? <\/strong><\/p>\n\n\n\n<p>Ekspertl\u0259rin fikrinc\u0259, paytaxtda binalar\u0131n s\u00f6k\u00fcnt\u00fc bumu il\u0259 b\u0259rab\u0259r kiray\u0259 evl\u0259r\u0259 olan t\u0259l\u0259bat artd\u0131. H\u0259m\u00e7inin, torpaq v\u0259 m\u0259nzill\u0259rin sat\u0131\u015f qiym\u0259tl\u0259rinin y\u00fcks\u0259lm\u0259si, Ukrayna-Rusiya m\u00fcharib\u0259si fonunda Az\u0259rbaycana \u00fcz tutanlar\u0131n say\u0131n\u0131n artmas\u0131 qiym\u0259tl\u0259rin bahala\u015fmas\u0131na t\u0259sirsiz \u00f6t\u00fc\u015fm\u0259yib. <\/p>\n\n\n\n<p>Az\u0259rbaycan Qiym\u0259tl\u0259ndiricil\u0259r C\u0259miyy\u0259tinin s\u0259dri V\u00fcqar Oruc deyir ki, kiray\u0259 qiym\u0259tl\u0259ri \u00f6t\u0259n ill\u0259 m\u00fcqayis\u0259d\u0259 12 faiz art\u0131b. Ekspertin fikrinc\u0259, h\u00f6kum\u0259t kiray\u0259 qiym\u0259tl\u0259rinin stabil saxlanmas\u0131 \u00fc\u00e7\u00fcn sosial d\u00f6vl\u0259t proqramlar\u0131 h\u0259yata ke\u00e7irir.<\/p>\n\n\n\n<p>\u0130ll\u0259rini \u0259mlak sah\u0259sind\u0259 s\u0259rf ed\u0259n \u0259mlak\u00e7\u0131lar d\u00fc\u015f\u00fcn\u00fcr ki, \u0259g\u0259r m\u0259nzil bazar\u0131nda qiym\u0259tl\u0259r qalx\u0131rsa, geriy\u0259 d\u00f6n\u00fc\u015f m\u00fcmk\u00fcn g\u00f6r\u00fcnm\u00fcr.<\/p>\n","protected":false},"excerpt":{"rendered":"<p>Bak\u0131da ild\u0259n il\u0259 artan, s\u0259ma boyu uzanan g\u00f6yd\u0259l\u0259nl\u0259r paytaxt sakinl\u0259rinin &#8230; <\/p>\n<p class=\"read-more-container\"><a title=\"&#8220;Kiray\u0259 ev tap\u0131lm\u0131r, camaat \u00e7\u00f6ll\u0259rd\u0259dir&#8221;\" class=\"read-more button\" href=\"https:\/\/www.meydan.tv\/az\/article\/kiraye-ev-tapilmir-camaat-collerdedir\/#more-299895\" aria-label=\"Read more about &#8220;Kiray\u0259 ev tap\u0131lm\u0131r, camaat \u00e7\u00f6ll\u0259rd\u0259dir&#8221;\">Davam\u0131<\/a><\/p>\n","protected":false},"author":12,"featured_media":299897,"comment_status":"closed","ping_status":"closed","sticky":false,"template":"","format":"standard","meta":{"_acf_changed":false,"_sitemap_exclude":false,"_sitemap_priority":"","_sitemap_frequency":"","footnotes":""},"categories":[62,63,56],"tags":[],"class_list":["post-299895","post","type-post","status-publish","format-standard","has-post-thumbnail","hentry","category-sosial","category-video-2","category-xeberler","infinite-scroll-item","generate-columns","tablet-grid-50","mobile-grid-100","grid-parent","grid-33","no-featured-image-padding"],"acf":[],"yoast_head":"<!-- This site is optimized with the Yoast SEO plugin v27.4 - https:\/\/yoast.com\/product\/yoast-seo-wordpress\/ -->\n<title>&quot;Kiray\u0259 ev tap\u0131lm\u0131r, camaat \u00e7\u00f6ll\u0259rd\u0259dir&quot; - MEYDAN.TV<\/title>\n<meta name=\"robots\" content=\"index, follow, max-snippet:-1, max-image-preview:large, max-video-preview:-1\" \/>\n<link rel=\"canonical\" href=\"https:\/\/www.meydan.tv\/az\/article\/kiraye-ev-tapilmir-camaat-collerdedir\/\" \/>\n<meta property=\"og:locale\" content=\"az_AZ\" \/>\n<meta property=\"og:type\" content=\"article\" \/>\n<meta property=\"og:title\" content=\"&quot;Kiray\u0259 ev tap\u0131lm\u0131r, camaat \u00e7\u00f6ll\u0259rd\u0259dir&quot; - MEYDAN.TV\" \/>\n<meta property=\"og:description\" content=\"Bak\u0131da ild\u0259n il\u0259 artan, s\u0259ma boyu uzanan g\u00f6yd\u0259l\u0259nl\u0259r paytaxt sakinl\u0259rinin ... Davam\u0131\" \/>\n<meta property=\"og:url\" content=\"https:\/\/www.meydan.tv\/az\/article\/kiraye-ev-tapilmir-camaat-collerdedir\/\" \/>\n<meta property=\"og:site_name\" content=\"MEYDAN.TV\" \/>\n<meta property=\"article:published_time\" content=\"2024-02-23T16:34:18+00:00\" \/>\n<meta property=\"article:modified_time\" content=\"2024-02-23T16:34:21+00:00\" \/>\n<meta property=\"og:image\" content=\"https:\/\/www.meydan.tv\/wp-content\/uploads\/reportaj-cover-5-1.png\" \/>\n\t<meta property=\"og:image:width\" content=\"1280\" \/>\n\t<meta property=\"og:image:height\" content=\"720\" \/>\n\t<meta property=\"og:image:type\" content=\"image\/png\" \/>\n<meta name=\"author\" content=\"aleks\" \/>\n<meta name=\"twitter:card\" content=\"summary_large_image\" \/>\n<script type=\"application\/ld+json\" class=\"yoast-schema-graph\">{\"@context\":\"https:\\\/\\\/schema.org\",\"@graph\":[{\"@type\":\"Article\",\"@id\":\"https:\\\/\\\/www.meydan.tv\\\/az\\\/article\\\/kiraye-ev-tapilmir-camaat-collerdedir\\\/#article\",\"isPartOf\":{\"@id\":\"https:\\\/\\\/www.meydan.tv\\\/az\\\/article\\\/kiraye-ev-tapilmir-camaat-collerdedir\\\/\"},\"author\":{\"name\":\"aleks\",\"@id\":\"https:\\\/\\\/www.meydan.tv\\\/az\\\/#\\\/schema\\\/person\\\/476e9360e593fa131d5d71d51866f8da\"},\"headline\":\"&#8220;Kiray\u0259 ev tap\u0131lm\u0131r, camaat \u00e7\u00f6ll\u0259rd\u0259dir&#8221;\",\"datePublished\":\"2024-02-23T16:34:18+00:00\",\"dateModified\":\"2024-02-23T16:34:21+00:00\",\"mainEntityOfPage\":{\"@id\":\"https:\\\/\\\/www.meydan.tv\\\/az\\\/article\\\/kiraye-ev-tapilmir-camaat-collerdedir\\\/\"},\"wordCount\":327,\"publisher\":{\"@id\":\"https:\\\/\\\/www.meydan.tv\\\/az\\\/#organization\"},\"image\":{\"@id\":\"https:\\\/\\\/www.meydan.tv\\\/az\\\/article\\\/kiraye-ev-tapilmir-camaat-collerdedir\\\/#primaryimage\"},\"thumbnailUrl\":\"https:\\\/\\\/www.meydan.tv\\\/wp-content\\\/uploads\\\/reportaj-cover-5-1.png\",\"articleSection\":[\"Sosial\",\"Video\",\"X\u0259b\u0259rl\u0259r\"],\"inLanguage\":\"az\"},{\"@type\":\"WebPage\",\"@id\":\"https:\\\/\\\/www.meydan.tv\\\/az\\\/article\\\/kiraye-ev-tapilmir-camaat-collerdedir\\\/\",\"url\":\"https:\\\/\\\/www.meydan.tv\\\/az\\\/article\\\/kiraye-ev-tapilmir-camaat-collerdedir\\\/\",\"name\":\"\\\"Kiray\u0259 ev tap\u0131lm\u0131r, camaat \u00e7\u00f6ll\u0259rd\u0259dir\\\" - MEYDAN.TV\",\"isPartOf\":{\"@id\":\"https:\\\/\\\/www.meydan.tv\\\/az\\\/#website\"},\"primaryImageOfPage\":{\"@id\":\"https:\\\/\\\/www.meydan.tv\\\/az\\\/article\\\/kiraye-ev-tapilmir-camaat-collerdedir\\\/#primaryimage\"},\"image\":{\"@id\":\"https:\\\/\\\/www.meydan.tv\\\/az\\\/article\\\/kiraye-ev-tapilmir-camaat-collerdedir\\\/#primaryimage\"},\"thumbnailUrl\":\"https:\\\/\\\/www.meydan.tv\\\/wp-content\\\/uploads\\\/reportaj-cover-5-1.png\",\"datePublished\":\"2024-02-23T16:34:18+00:00\",\"dateModified\":\"2024-02-23T16:34:21+00:00\",\"breadcrumb\":{\"@id\":\"https:\\\/\\\/www.meydan.tv\\\/az\\\/article\\\/kiraye-ev-tapilmir-camaat-collerdedir\\\/#breadcrumb\"},\"inLanguage\":\"az\",\"potentialAction\":[{\"@type\":\"ReadAction\",\"target\":[\"https:\\\/\\\/www.meydan.tv\\\/az\\\/article\\\/kiraye-ev-tapilmir-camaat-collerdedir\\\/\"]}]},{\"@type\":\"ImageObject\",\"inLanguage\":\"az\",\"@id\":\"https:\\\/\\\/www.meydan.tv\\\/az\\\/article\\\/kiraye-ev-tapilmir-camaat-collerdedir\\\/#primaryimage\",\"url\":\"https:\\\/\\\/www.meydan.tv\\\/wp-content\\\/uploads\\\/reportaj-cover-5-1.png\",\"contentUrl\":\"https:\\\/\\\/www.meydan.tv\\\/wp-content\\\/uploads\\\/reportaj-cover-5-1.png\",\"width\":1280,\"height\":720},{\"@type\":\"BreadcrumbList\",\"@id\":\"https:\\\/\\\/www.meydan.tv\\\/az\\\/article\\\/kiraye-ev-tapilmir-camaat-collerdedir\\\/#breadcrumb\",\"itemListElement\":[{\"@type\":\"ListItem\",\"position\":1,\"name\":\"Ana s\u0259hif\u0259\",\"item\":\"https:\\\/\\\/www.meydan.tv\\\/az\\\/\"},{\"@type\":\"ListItem\",\"position\":2,\"name\":\"Video\",\"item\":\"https:\\\/\\\/www.meydan.tv\\\/az\\\/section\\\/video-2\\\/\"},{\"@type\":\"ListItem\",\"position\":3,\"name\":\"&#8220;Kiray\u0259 ev tap\u0131lm\u0131r, camaat \u00e7\u00f6ll\u0259rd\u0259dir&#8221;\"}]},{\"@type\":\"WebSite\",\"@id\":\"https:\\\/\\\/www.meydan.tv\\\/az\\\/#website\",\"url\":\"https:\\\/\\\/www.meydan.tv\\\/az\\\/\",\"name\":\"MEYDAN.TV\",\"description\":\"Meydan TV Az\u0259rbaycan\u0131n media m\u0259kan\u0131ndak\u0131 alternativ s\u0259sidir\",\"publisher\":{\"@id\":\"https:\\\/\\\/www.meydan.tv\\\/az\\\/#organization\"},\"potentialAction\":[{\"@type\":\"SearchAction\",\"target\":{\"@type\":\"EntryPoint\",\"urlTemplate\":\"https:\\\/\\\/www.meydan.tv\\\/az\\\/?s={search_term_string}\"},\"query-input\":{\"@type\":\"PropertyValueSpecification\",\"valueRequired\":true,\"valueName\":\"search_term_string\"}}],\"inLanguage\":\"az\"},{\"@type\":\"Organization\",\"@id\":\"https:\\\/\\\/www.meydan.tv\\\/az\\\/#organization\",\"name\":\"Meydan TV\",\"url\":\"https:\\\/\\\/www.meydan.tv\\\/az\\\/\",\"logo\":{\"@type\":\"ImageObject\",\"inLanguage\":\"az\",\"@id\":\"https:\\\/\\\/www.meydan.tv\\\/az\\\/#\\\/schema\\\/logo\\\/image\\\/\",\"url\":\"https:\\\/\\\/www.meydan.tv\\\/wp-content\\\/uploads\\\/2021\\\/07\\\/meydan-logo.svg\",\"contentUrl\":\"https:\\\/\\\/www.meydan.tv\\\/wp-content\\\/uploads\\\/2021\\\/07\\\/meydan-logo.svg\",\"width\":195,\"height\":46,\"caption\":\"Meydan TV\"},\"image\":{\"@id\":\"https:\\\/\\\/www.meydan.tv\\\/az\\\/#\\\/schema\\\/logo\\\/image\\\/\"}},{\"@type\":\"Person\",\"@id\":\"https:\\\/\\\/www.meydan.tv\\\/az\\\/#\\\/schema\\\/person\\\/476e9360e593fa131d5d71d51866f8da\",\"name\":\"aleks\"}]}<\/script>\n<!-- \/ Yoast SEO plugin. -->","yoast_head_json":{"title":"\"Kiray\u0259 ev tap\u0131lm\u0131r, camaat \u00e7\u00f6ll\u0259rd\u0259dir\" - MEYDAN.TV","robots":{"index":"index","follow":"follow","max-snippet":"max-snippet:-1","max-image-preview":"max-image-preview:large","max-video-preview":"max-video-preview:-1"},"canonical":"https:\/\/www.meydan.tv\/az\/article\/kiraye-ev-tapilmir-camaat-collerdedir\/","og_locale":"az_AZ","og_type":"article","og_title":"\"Kiray\u0259 ev tap\u0131lm\u0131r, camaat \u00e7\u00f6ll\u0259rd\u0259dir\" - MEYDAN.TV","og_description":"Bak\u0131da ild\u0259n il\u0259 artan, s\u0259ma boyu uzanan g\u00f6yd\u0259l\u0259nl\u0259r paytaxt sakinl\u0259rinin ... Davam\u0131","og_url":"https:\/\/www.meydan.tv\/az\/article\/kiraye-ev-tapilmir-camaat-collerdedir\/","og_site_name":"MEYDAN.TV","article_published_time":"2024-02-23T16:34:18+00:00","article_modified_time":"2024-02-23T16:34:21+00:00","og_image":[{"width":1280,"height":720,"url":"https:\/\/www.meydan.tv\/wp-content\/uploads\/reportaj-cover-5-1.png","type":"image\/png"}],"author":"aleks","twitter_card":"summary_large_image","schema":{"@context":"https:\/\/schema.org","@graph":[{"@type":"Article","@id":"https:\/\/www.meydan.tv\/az\/article\/kiraye-ev-tapilmir-camaat-collerdedir\/#article","isPartOf":{"@id":"https:\/\/www.meydan.tv\/az\/article\/kiraye-ev-tapilmir-camaat-collerdedir\/"},"author":{"name":"aleks","@id":"https:\/\/www.meydan.tv\/az\/#\/schema\/person\/476e9360e593fa131d5d71d51866f8da"},"headline":"&#8220;Kiray\u0259 ev tap\u0131lm\u0131r, camaat \u00e7\u00f6ll\u0259rd\u0259dir&#8221;","datePublished":"2024-02-23T16:34:18+00:00","dateModified":"2024-02-23T16:34:21+00:00","mainEntityOfPage":{"@id":"https:\/\/www.meydan.tv\/az\/article\/kiraye-ev-tapilmir-camaat-collerdedir\/"},"wordCount":327,"publisher":{"@id":"https:\/\/www.meydan.tv\/az\/#organization"},"image":{"@id":"https:\/\/www.meydan.tv\/az\/article\/kiraye-ev-tapilmir-camaat-collerdedir\/#primaryimage"},"thumbnailUrl":"https:\/\/www.meydan.tv\/wp-content\/uploads\/reportaj-cover-5-1.png","articleSection":["Sosial","Video","X\u0259b\u0259rl\u0259r"],"inLanguage":"az"},{"@type":"WebPage","@id":"https:\/\/www.meydan.tv\/az\/article\/kiraye-ev-tapilmir-camaat-collerdedir\/","url":"https:\/\/www.meydan.tv\/az\/article\/kiraye-ev-tapilmir-camaat-collerdedir\/","name":"\"Kiray\u0259 ev tap\u0131lm\u0131r, camaat \u00e7\u00f6ll\u0259rd\u0259dir\" - MEYDAN.TV","isPartOf":{"@id":"https:\/\/www.meydan.tv\/az\/#website"},"primaryImageOfPage":{"@id":"https:\/\/www.meydan.tv\/az\/article\/kiraye-ev-tapilmir-camaat-collerdedir\/#primaryimage"},"image":{"@id":"https:\/\/www.meydan.tv\/az\/article\/kiraye-ev-tapilmir-camaat-collerdedir\/#primaryimage"},"thumbnailUrl":"https:\/\/www.meydan.tv\/wp-content\/uploads\/reportaj-cover-5-1.png","datePublished":"2024-02-23T16:34:18+00:00","dateModified":"2024-02-23T16:34:21+00:00","breadcrumb":{"@id":"https:\/\/www.meydan.tv\/az\/article\/kiraye-ev-tapilmir-camaat-collerdedir\/#breadcrumb"},"inLanguage":"az","potentialAction":[{"@type":"ReadAction","target":["https:\/\/www.meydan.tv\/az\/article\/kiraye-ev-tapilmir-camaat-collerdedir\/"]}]},{"@type":"ImageObject","inLanguage":"az","@id":"https:\/\/www.meydan.tv\/az\/article\/kiraye-ev-tapilmir-camaat-collerdedir\/#primaryimage","url":"https:\/\/www.meydan.tv\/wp-content\/uploads\/reportaj-cover-5-1.png","contentUrl":"https:\/\/www.meydan.tv\/wp-content\/uploads\/reportaj-cover-5-1.png","width":1280,"height":720},{"@type":"BreadcrumbList","@id":"https:\/\/www.meydan.tv\/az\/article\/kiraye-ev-tapilmir-camaat-collerdedir\/#breadcrumb","itemListElement":[{"@type":"ListItem","position":1,"name":"Ana s\u0259hif\u0259","item":"https:\/\/www.meydan.tv\/az\/"},{"@type":"ListItem","position":2,"name":"Video","item":"https:\/\/www.meydan.tv\/az\/section\/video-2\/"},{"@type":"ListItem","position":3,"name":"&#8220;Kiray\u0259 ev tap\u0131lm\u0131r, camaat \u00e7\u00f6ll\u0259rd\u0259dir&#8221;"}]},{"@type":"WebSite","@id":"https:\/\/www.meydan.tv\/az\/#website","url":"https:\/\/www.meydan.tv\/az\/","name":"MEYDAN.TV","description":"Meydan TV Az\u0259rbaycan\u0131n media m\u0259kan\u0131ndak\u0131 alternativ s\u0259sidir","publisher":{"@id":"https:\/\/www.meydan.tv\/az\/#organization"},"potentialAction":[{"@type":"SearchAction","target":{"@type":"EntryPoint","urlTemplate":"https:\/\/www.meydan.tv\/az\/?s={search_term_string}"},"query-input":{"@type":"PropertyValueSpecification","valueRequired":true,"valueName":"search_term_string"}}],"inLanguage":"az"},{"@type":"Organization","@id":"https:\/\/www.meydan.tv\/az\/#organization","name":"Meydan TV","url":"https:\/\/www.meydan.tv\/az\/","logo":{"@type":"ImageObject","inLanguage":"az","@id":"https:\/\/www.meydan.tv\/az\/#\/schema\/logo\/image\/","url":"https:\/\/www.meydan.tv\/wp-content\/uploads\/2021\/07\/meydan-logo.svg","contentUrl":"https:\/\/www.meydan.tv\/wp-content\/uploads\/2021\/07\/meydan-logo.svg","width":195,"height":46,"caption":"Meydan TV"},"image":{"@id":"https:\/\/www.meydan.tv\/az\/#\/schema\/logo\/image\/"}},{"@type":"Person","@id":"https:\/\/www.meydan.tv\/az\/#\/schema\/person\/476e9360e593fa131d5d71d51866f8da","name":"aleks"}]}},"_links":{"self":[{"href":"https:\/\/www.meydan.tv\/az\/wp-json\/wp\/v2\/posts\/299895","targetHints":{"allow":["GET"]}}],"collection":[{"href":"https:\/\/www.meydan.tv\/az\/wp-json\/wp\/v2\/posts"}],"about":[{"href":"https:\/\/www.meydan.tv\/az\/wp-json\/wp\/v2\/types\/post"}],"author":[{"embeddable":true,"href":"https:\/\/www.meydan.tv\/az\/wp-json\/wp\/v2\/users\/12"}],"replies":[{"embeddable":true,"href":"https:\/\/www.meydan.tv\/az\/wp-json\/wp\/v2\/comments?post=299895"}],"version-history":[{"count":5,"href":"https:\/\/www.meydan.tv\/az\/wp-json\/wp\/v2\/posts\/299895\/revisions"}],"predecessor-version":[{"id":299903,"href":"https:\/\/www.meydan.tv\/az\/wp-json\/wp\/v2\/posts\/299895\/revisions\/299903"}],"wp:featuredmedia":[{"embeddable":true,"href":"https:\/\/www.meydan.tv\/az\/wp-json\/wp\/v2\/media\/299897"}],"wp:attachment":[{"href":"https:\/\/www.meydan.tv\/az\/wp-json\/wp\/v2\/media?parent=299895"}],"wp:term":[{"taxonomy":"category","embeddable":true,"href":"https:\/\/www.meydan.tv\/az\/wp-json\/wp\/v2\/categories?post=299895"},{"taxonomy":"post_tag","embeddable":true,"href":"https:\/\/www.meydan.tv\/az\/wp-json\/wp\/v2\/tags?post=299895"}],"curies":[{"name":"wp","href":"https:\/\/api.w.org\/{rel}","templated":true}]}}