{"id":299893,"date":"2024-02-23T19:22:02","date_gmt":"2024-02-23T15:22:02","guid":{"rendered":"https:\/\/www.meydan.tv\/?p=299893"},"modified":"2024-02-23T19:22:11","modified_gmt":"2024-02-23T15:22:11","slug":"nikahlanmis-azyasli-qizlarin-yarimciq-hekayesi","status":"publish","type":"post","link":"https:\/\/www.meydan.tv\/az\/article\/nikahlanmis-azyasli-qizlarin-yarimciq-hekayesi\/","title":{"rendered":"Nikahlanm\u0131\u015f azya\u015fl\u0131 q\u0131zlar\u0131n yar\u0131m\u00e7\u0131q hekay\u0259si"},"content":{"rendered":"\n<p><\/p>\n\n\n\n<p><strong><em>G\u00fcrc\u00fcstanda az\u0259rbaycanl\u0131 qad\u0131nlar\u0131n \u0259ks\u0259riyy\u0259ti erk\u0259n nikah\u0131n qurbanlar\u0131d\u0131r<\/em><\/strong><\/p>\n\n\n\n<p><em>\u201cM\u0259ni gec\u0259 yatd\u0131\u011f\u0131m yerd\u0259n, evimizd\u0259n qa\u00e7\u0131rd\u0131lar. Yor\u011fana b\u00fck\u00fcb apard\u0131lar. C\u0259mi 14 ya\u015f\u0131m vard\u0131. N\u0259 ba\u015f verdiyini anlamad\u0131m da\u201d<\/em> \u2013 deyir haz\u0131rda 38 ya\u015f\u0131 olan Leyla F\u0259r\u0259cova (ad v\u0259 soyad \u015f\u0259rtidir &#8211; A.F.).<\/p>\n\n\n\n<p>Bolnisi rayonunun Mu\u011fanl\u0131 k\u0259ndind\u0259 ya\u015fayan Leylan\u0131 qa\u00e7\u0131ran o\u011flan onu t\u0259sad\u00fcf\u0259n g\u00f6r\u00fcb v\u0259 evl\u0259nm\u0259k ist\u0259yib. \u00d6z\u00fc f\u0259rqli rayondan olsa da, bir gec\u0259 q\u0131z\u0131 qa\u00e7\u0131rmaqla ba\u011fl\u0131 plan qurur. Anas\u0131 v\u0259 atas\u0131 olmayan, n\u0259n\u0259si il\u0259 birg\u0259 ya\u015fayan Leylan\u0131 o\u011furlamaq onun \u00fc\u00e7\u00fcn \u00e7\u0259tin olmur.<\/p>\n\n\n\n<p>Leyla F\u0259r\u0259cova g\u00f6rd\u00fcy\u00fc m\u0259i\u015f\u0259t zorak\u0131l\u0131\u011f\u0131 s\u0259b\u0259bind\u0259n c\u0259mi 2 ild\u0259n sonra onu o\u011furlay\u0131b \u00f6z\u00fcn\u0259 arvad ed\u0259n bu ki\u015fid\u0259n ayr\u0131lma\u011f\u0131 bacaracaqd\u0131, ancaq \u00f6t\u0259n bu ill\u0259r onda yaranan qapal\u0131 m\u0259kan qorxusunu apara bilm\u0259y\u0259c\u0259kdi.<\/p>\n\n\n\n<p><em>\u201cM\u0259n indi d\u0259 lift\u0259 min\u0259 bilmir\u0259m. Bina ne\u00e7\u0259 m\u0259rt\u0259b\u0259 olur-olsun he\u00e7 vaxt ondan istifad\u0259 etmir\u0259m. Lift\u0259 gir\u0259nd\u0259 el\u0259 bilir\u0259m, m\u0259ni bo\u011furlar. Ona g\u00f6r\u0259 ayaqla \u00e7\u0131x\u0131ram\u201d<\/em>.<\/p>\n\n\n\n<p>UN\u0130CEF-in m\u0259lumat\u0131na g\u00f6r\u0259, h\u0259l\u0259 2018-ci ild\u0259 G\u00fcrc\u00fcstanda 20-24 ya\u015fl\u0131 \u015f\u0259h\u0259r qad\u0131nlar\u0131n\u0131n 8%-i 18 ya\u015f\u0131 tamam olmam\u0131\u015fdan \u0259vv\u0259l \u201cevlilik m\u0259qs\u0259di il\u0259\u201d qa\u00e7\u0131r\u0131ld\u0131\u011f\u0131n\u0131 bildirib; eyni parametrl\u0259r\u0259 g\u00f6r\u0259, k\u0259nd yerl\u0259rind\u0259 ya\u015fayan qad\u0131nlar\u0131n 25%-i yetkinlik ya\u015f\u0131na \u00e7atana q\u0259d\u0259r \u201cevli\u201d v\u0259 ya qeydiyyats\u0131z \u201cnikahda\u201d<a target=\"_blank\" href=\"https:\/\/civil.ge\/archives\/566205\" rel=\"noreferrer noopener\">&nbsp;olublar.<\/a><\/p>\n\n\n\n<p>Birl\u0259\u015fmi\u015f Mill\u0259tl\u0259r T\u0259\u015fkilat\u0131n\u0131n \u018fhali Fondunun (UNFPA) G\u00fcrc\u00fcstan ofisinin 2022-ci il \u00fc\u00e7\u00fcn m\u0259lumat\u0131na g\u00f6r\u0259, \u00f6lk\u0259d\u0259 \u201cevl\u0259nm\u0259k\u201d namin\u0259 u\u015faq o\u011furlu\u011fu hallar\u0131n\u0131n orta s\u0259viyy\u0259si 14%-\u0259 \u00e7at\u0131r.<\/p>\n\n\n\n<p>\u00d6t\u0259n il 400 erk\u0259n ya\u015fda &#8220;nikah&#8221; fakt\u0131 qeyd\u0259 al\u0131n\u0131b v\u0259 bu m\u0259lumatlar \u0259vv\u0259lki ill\u0259rd\u0259 ara\u015fd\u0131r\u0131lan i\u015fl\u0259rin say\u0131n\u0131 xeyli \u00fcst\u0259l\u0259yir ki, bunlardan Daxili \u0130\u015fl\u0259r Nazirliyi erk\u0259n nikahla ba\u011fl\u0131 171 fakt\u0131 ara\u015fd\u0131rma\u011fa&nbsp;<a target=\"_blank\" href=\"https:\/\/www.ombudsman.ge\/res\/docs\/2023120411211781277.pdf\" rel=\"noreferrer noopener\">ba\u015flay\u0131b.<\/a><\/p>\n\n\n\n<p>UNFPA-n\u0131n m\u0259lumat\u0131na g\u00f6r\u0259, problem ondad\u0131r ki, bel\u0259 hallarda m\u00fcvafiq \u015f\u00f6b\u0259l\u0259r \u0259ks\u0259r i\u015fd\u0259 m\u0259cburi nikah \u015f\u00fcbh\u0259sini a\u015fkar ed\u0259 bilmir. \u018fsas\u0259n bar\u0131\u015f\u0131q sazi\u015fi imzalan\u0131r. Konkret olaraq, 39 i\u015fd\u0259n 29-u (74%) \u00fczr\u0259 t\u0259qsirl\u0259ndiril\u0259n \u015f\u0259xsl\u0259rin t\u0259qsirl\u0259ndirilm\u0259sin\u0259 dair raz\u0131la\u015fmalar imzalan\u0131b. Yetkin ya\u015fda olan \u015f\u0259xsin 16 ya\u015f\u0131na \u00e7atmam\u0131\u015f \u015f\u0259xsl\u0259 cinsi \u0259laq\u0259d\u0259 olmas\u0131 v\u0259 qanunsuz azadl\u0131qdan m\u0259hrumetm\u0259 il\u0259 ba\u011fl\u0131 cinay\u0259tl\u0259r\u0259 g\u00f6r\u0259 t\u0259qsirl\u0259ndiril\u0259n \u015f\u0259xsl\u0259 bar\u0131\u015f\u0131q olmas\u0131 praktikas\u0131 kifay\u0259t q\u0259d\u0259r geni\u015f yay\u0131l\u0131b.<\/p>\n\n\n\n<p><strong><em>M\u0259kt\u0259b r\u0259hb\u0259rliyinin erk\u0259n nikahlar zaman\u0131 hans\u0131 m\u0259suliyy\u0259ti var v\u0259 bu kimi hallarda hans\u0131 add\u0131mlar at\u0131lmal\u0131d\u0131r?<\/em><\/strong><\/p>\n\n\n\n<p>Jurnalist v\u0259 ictimai aktivist Tozu G\u00fclm\u0259mm\u0259dli Meydan TV-nin \u0259m\u0259kda\u015f\u0131na bildirib ki, haz\u0131rda referral adland\u0131rd\u0131qlar\u0131 sistem\u0259 \u0259sas\u0259n u\u015faq m\u0259kt\u0259b\u0259 g\u0259lm\u0259diyi t\u0259qdird\u0259 m\u0259s\u0259l\u0259y\u0259 ciddi yana\u015f\u0131lmal\u0131 v\u0259 bu haqda m\u0259lumat aidiyyat\u0131 olan orqana \u00e7atd\u0131r\u0131lmal\u0131d\u0131r:<\/p>\n\n\n\n<p><em>\u201cBurda m\u0259s\u0259l\u0259 t\u0259k 9-cu sinif deyil. U\u015faq 9-cu sinifd\u0259n \u00e7\u0131xsa, onda bel\u0259 o q\u0259d\u0259r b\u00f6y\u00fck t\u0259hl\u00fck\u0259 deyil. T\u0259hl\u00fck\u0259 daha a\u015fa\u011f\u0131 sinifl\u0259rd\u0259n \u00e7\u0131xmas\u0131d\u0131r. Onun nec\u0259 bir yolunu tap\u0131rlar, bilmir\u0259m, b\u00f6y\u00fck ehtimal direktorla raz\u0131la\u015f\u0131rlar. Direktor da g\u0259lirmi\u015f kimi yaz\u0131r\u201d<\/em>.<\/p>\n\n\n\n<p>Onun s\u00f6zl\u0259rin\u0259 g\u00f6r\u0259, orta m\u0259kt\u0259bl\u0259rd\u0259 9 illik t\u0259hsil m\u0259cburi oldu\u011fu \u00fc\u00e7\u00fcn bu m\u00fcdd\u0259t bitdikd\u0259n sonra m\u0259kt\u0259bd\u0259n u\u015fa\u011f\u0131 evlilik ad\u0131 il\u0259 deyil, ba\u015fqa adla \u00e7\u0131xar\u0131rlar:<\/p>\n\n\n\n<p><em>\u201cBuna m\u0259cbur olurlar, \u00e7\u00fcnki qanunla erk\u0259n ya\u015fda nikah qada\u011fand\u0131r. M\u0259kt\u0259bd\u0259n u\u015fa\u011f\u0131 ba\u015fqa s\u0259b\u0259bl\u0259 \u00e7\u0131xard\u0131qdan sonra evlilik hal\u0131 ger\u00e7\u0259kl\u0259\u015fir\u201d<\/em>.<\/p>\n\n\n\n<p>G\u00fcrc\u00fcstan Milli Statistika \u0130dar\u0259sinin m\u0259lumat\u0131na g\u00f6r\u0259, haz\u0131rda 3 regionda bu problem daha \u00e7ox qeyd\u0259 al\u0131n\u0131b. Bel\u0259 ki, ilk yerd\u0259 \u0130mereti, ikinci s\u0131rada Ra\u00e7a-Le\u00e7xumi-Kvemo Svaneti v\u0259 3-c\u00fc yerd\u0259 Kvemo Kartli<a target=\"_blank\" href=\"https:\/\/www.geostat.ge\/en\/modules\/categories\/323\/marriages\" rel=\"noreferrer noopener\">&nbsp;g\u0259lir.<\/a>&nbsp;Etnik az\u0259rbaycanl\u0131lar\u0131n daha \u00e7ox m\u0259skunla\u015fd\u0131\u011f\u0131 b\u00f6lg\u0259l\u0259rd\u0259n biri Kvemo Kartlidir. Bel\u0259 ki, regionun 41 faizd\u0259n \u00e7oxunu az\u0259rbaycanl\u0131lar t\u0259\u015fkil<a target=\"_blank\" href=\"https:\/\/socialjustice.org.ge\/en\/products\/identobis-problematika-kvemo-kartlis-azerbaijanelebshi-da-misi-politikuri-da-sotsialuri-ganzomilebebi\" rel=\"noreferrer noopener\">&nbsp;edir.<\/a><\/p>\n\n\n<div class=\"wp-block-image\">\n<figure class=\"alignleft size-large is-resized\"><img decoding=\"async\" width=\"1200\" height=\"675\" data-src=\"https:\/\/www.meydan.tv\/wp-content\/uploads\/image_from_ios_8_0plctrh-1200x675.jpg\" alt=\"erk\u0259n nikah\" class=\"wp-image-207831 lazyload\" style=\"--smush-placeholder-width: 1200px; --smush-placeholder-aspect-ratio: 1200\/675;width:408px;height:auto\" src=\"data:image\/svg+xml;base64,PHN2ZyB3aWR0aD0iMSIgaGVpZ2h0PSIxIiB4bWxucz0iaHR0cDovL3d3dy53My5vcmcvMjAwMC9zdmciPjwvc3ZnPg==\" \/><figcaption class=\"wp-element-caption\">Source: Meydan TV<\/figcaption><\/figure>\n<\/div>\n\n\n<p>Statistika \u0130dar\u0259sinin daha bir m\u0259lumat\u0131nda qeyd olunur ki, 2022-2023-c\u00fc t\u0259dris ili \u0259rzind\u0259 orta m\u0259kt\u0259bl\u0259ri 14 911 \u015fagird t\u0259rk edib ki, bunlar\u0131n da 6 409-u q\u0131zlard\u0131r. Bu r\u0259q\u0259m 2021-2022-ci t\u0259dris ilind\u0259n 2 639 n\u0259f\u0259r \u00e7oxdur. Bel\u0259 ki, \u00f6t\u0259n t\u0259dris ilind\u0259 orta m\u0259kt\u0259bi 3 770 q\u0131z \u015fagird t\u0259rk edib. Bu t\u0259dris ili m\u0259kt\u0259bi t\u0259rk ed\u0259n u\u015faqlar\u0131n say\u0131nda da art\u0131m qeyd\u0259 al\u0131n\u0131b. \u00d6t\u0259n t\u0259dris ilind\u0259 \u00fcmumi olaraq 8 846 \u015fagird m\u0259kt\u0259bd\u0259n<a target=\"_blank\" href=\"https:\/\/www.geostat.ge\/en\/modules\/categories\/59\/general-education\" rel=\"noreferrer noopener\">&nbsp;\u00e7\u0131x\u0131b.<\/a><\/p>\n\n\n\n<p><em>9-cu sinifi bitirdikd\u0259n sonra t\u0259hsild\u0259n uzaqla\u015fd\u0131r\u0131lan q\u0131zlar\u0131n sonrak\u0131 h\u0259yat\u0131n\u0131 \u201cizl\u0259m\u0259k\u201d m\u00fcmk\u00fcnd\u00fcrm\u00fc?<\/em><\/p>\n\n\n\n<p>T.G\u00fclm\u0259mm\u0259dli deyir ki, 9-cu sinifd\u0259n sonra kollecd\u0259 t\u0259hsil var:<\/p>\n\n\n\n<p><em>\u201cM\u0259s\u0259l\u0259 budur ki, \u201cbir q\u0131z 9-cu sinifd\u0259n \u00e7\u0131x\u0131b h\u0259min il kollec\u0259 d\u0259 ged\u0259 bil\u0259r v\u0259 ya 2 ild\u0259n sonra da ged\u0259 bil\u0259r. Y\u0259ni onu he\u00e7 c\u00fcr\u0259 tuta bilmirik. Bunu m\u00fc\u0259yy\u0259nl\u0259\u015fdirm\u0259kl\u0259 ba\u011fl\u0131 he\u00e7 bir mexanizm d\u0259 yoxdur. Problem ondad\u0131r ki, m\u0259kt\u0259b ail\u0259 il\u0259 raz\u0131la\u015f\u0131r v\u0259 n\u0259 is\u0259 bir s\u0259b\u0259b yaz\u0131l\u0131r v\u0259 u\u015faq m\u0259kt\u0259bd\u0259n o c\u00fcr azad edilir\u201d<\/em>.<\/p>\n\n\n\n<p><strong><em>\u201cPolis h\u0259min \u015fagirdin evind\u0259 olub v\u0259 q\u0131z\u0131 atas\u0131n\u0131n evind\u0259 a\u015fkarlay\u0131b\u201d<\/em><\/strong><\/p>\n\n\n\n<p>Tbilisid\u0259ki Mirz\u0259 F\u0259t\u0259li Axundov ad\u0131na 73 sayl\u0131 orta m\u0259kt\u0259bin direktoru Salman Pirm\u0259mm\u0259dov bu il m\u0259kt\u0259bd\u0259 t\u0259hsil alan q\u0131zlar\u0131n yaln\u0131z 2 n\u0259f\u0259rinin 9-cu sinifd\u0259n \u00e7\u0131xd\u0131\u011f\u0131n\u0131 bildirdi. H\u0259min q\u0131zlardan biri il\u0259 ba\u011fl\u0131 polis onu idar\u0259y\u0259 d\u0259v\u0259t edib, \u00e7\u00fcnki onlara P\u0259ri Na\u011f\u0131yeva (ad \u015f\u0259rtidir &#8211; A.F.) adl\u0131 15 ya\u015fl\u0131 q\u0131z\u0131n evl\u0259ndirildiyi il\u0259 ba\u011fl\u0131 m\u0259lumat daxil olub:<\/p>\n\n\n\n<p><em>\u201cBu u\u015faq bizim m\u0259kt\u0259b\u0259 c\u0259mi 5-6 g\u00fcn g\u0259lib. Onu biz 10-cu sinf\u0259 avqust ay\u0131nda q\u0259bul etmi\u015fik. M\u0259kt\u0259b\u0259 g\u0259ldiyi m\u00fcdd\u0259td\u0259 d\u0259 d\u0259rsl\u0259r\u0259 haz\u0131r olmay\u0131b v\u0259 valideyninin \u0259riz\u0259si il\u0259 m\u0259kt\u0259bd\u0259n \u00e7\u0131xar\u0131l\u0131b. Polis\u0259 d\u0259 anonim m\u00fcraci\u0259t olunub v\u0259 polis q\u0131z\u0131n ya\u015fad\u0131\u011f\u0131 ev\u0259 gedib. Q\u0131z atas\u0131n\u0131n evind\u0259 olub v\u0259 valideynl\u0259ri \u00f6vladlar\u0131n\u0131n ail\u0259 qurmad\u0131\u011f\u0131n\u0131 bildirib. Bununla da i\u015f ba\u011flan\u0131b\u201d<\/em>.<\/p>\n\n\n\n<p>P.Na\u011f\u0131yevan\u0131n ail\u0259 qurdu\u011funu is\u0259 el\u0259 onu tan\u0131yan \u015f\u0259xsl\u0259r sinif yolda\u015flar\u0131na bildirib.<\/p>\n\n\n\n<p>Qanunla 18 ya\u015f\u0131na q\u0259d\u0259r \u015f\u0259xsl\u0259rin ail\u0259 qurma\u011f\u0131n\u0131n yasaq oldu\u011funu dey\u0259n m\u0259kt\u0259b direktoru bildirir ki, q\u0131zlar\u0131n yetkinlik ya\u015f\u0131na \u00e7atmadan ni\u015fanland\u0131r\u0131lmas\u0131n\u0131 da do\u011fru hesab etmir:<\/p>\n\n\n\n<p>\u201cBuna q\u0131z\u0131n ail\u0259si icaz\u0259 verm\u0259m\u0259lidir. Bunlar\u0131 b\u0259z\u0259n qar\u015f\u0131 t\u0259r\u0259f aldad\u0131r ki, biz q\u0131z\u0131 oxuma\u011fa qoyaca\u011f\u0131q, t\u0259hsilini davam etdir\u0259c\u0259k, amma bu, 90-95 faiz yalan \u00e7\u0131x\u0131r. O\u011flan\u0131n \u00f6z\u00fc q\u0131z\u0131 aldad\u0131r. Art\u0131q evlilik olduqdan sonra q\u0131za t\u0259hsil alma\u011fa icaz\u0259 vermirl\u0259r. M\u0259n ist\u0259rdim ki, valideynl\u0259r d\u0259 bu s\u0259b\u0259bd\u0259n c\u0259zaland\u0131r\u0131ls\u0131nlar\u201d.<\/p>\n\n\n\n<p>Bu probleml\u0259 \u015f\u0259xs\u0259n qar\u015f\u0131la\u015fd\u0131\u011f\u0131n\u0131 bildir\u0259n direktor deyir ki, onun da 13 ya\u015fl\u0131 n\u0259v\u0259sin\u0259 el\u00e7i g\u0259libmi\u015f:<\/p>\n\n\n<div class=\"wp-block-image\">\n<figure class=\"alignright size-large is-resized\"><img decoding=\"async\" width=\"1200\" height=\"675\" data-src=\"https:\/\/www.meydan.tv\/wp-content\/uploads\/image1_zhfptew-1200x675.jpeg\" alt=\"erk\u0259n nikah\" class=\"wp-image-157448 lazyload\" style=\"--smush-placeholder-width: 1200px; --smush-placeholder-aspect-ratio: 1200\/675;width:434px;height:auto\" src=\"data:image\/svg+xml;base64,PHN2ZyB3aWR0aD0iMSIgaGVpZ2h0PSIxIiB4bWxucz0iaHR0cDovL3d3dy53My5vcmcvMjAwMC9zdmciPjwvc3ZnPg==\" \/><figcaption class=\"wp-element-caption\">Source: Meydan TV<\/figcaption><\/figure>\n<\/div>\n\n\n<p><em>\u201cQori yax\u0131nl\u0131\u011f\u0131nda ya\u015fayan q\u0131z\u0131mgil\u0259 getmi\u015fdim. Baxd\u0131m ki, h\u0259y\u0259tl\u0259rind\u0259 iki ki\u015fi v\u0259 qad\u0131n dayan\u0131b. Soru\u015fdum ki, n\u0259 \u00fc\u00e7\u00fcn g\u0259lmisiniz? Dedil\u0259r ki, sizin n\u0259v\u0259niz\u0259 el\u00e7i g\u0259lmi\u015fik. M\u0259nim n\u0259v\u0259m d\u0259 divanda oturub g\u0259lincikl\u0259 oynay\u0131rd\u0131\u201d<\/em>.<\/p>\n\n\n\n<p>El\u00e7il\u0259ri qap\u0131dan qovan S.Pirm\u0259mm\u0259dova hadis\u0259ni e\u015fid\u0259n yax\u0131nlar\u0131 z\u0259ng vuraraq erk\u0259n evliliyi d\u0259st\u0259kl\u0259m\u0259diyi \u00fc\u00e7\u00fcn t\u0259\u015f\u0259kk\u00fcr d\u0259 edibl\u0259r.<\/p>\n\n\n\n<p>M\u0259kt\u0259bd\u0259 sinif r\u0259hb\u0259rl\u0259rinin, dig\u0259r f\u0259nn m\u00fc\u0259lliml\u0259rinin, m\u0259kt\u0259b h\u0259kiml\u0259rinin, psixoloqun \u015fagirdl\u0259rl\u0259 erk\u0259n evlilikl\u0259 ba\u011fl\u0131 dan\u0131\u015fd\u0131\u011f\u0131n\u0131 bildir\u0259n direktor m\u0259kt\u0259bl\u0259rd\u0259 maarifl\u0259ndirm\u0259 xarakterli m\u00fchazir\u0259l\u0259rin ke\u00e7irilm\u0259sini ist\u0259yir: <\/p>\n\n\n\n<p><em>\u201cM\u0259n \u0259vv\u0259ll\u0259r m\u0259kt\u0259bl\u0259rd\u0259 g\u0259lib m\u00fchazir\u0259 dem\u0259k ist\u0259y\u0259n t\u0259\u015fkilatlara icaz\u0259 vermirdim, ancaq indi ba\u015fqa c\u00fcr d\u00fc\u015f\u00fcn\u00fcr\u0259m. Bu haqda dan\u0131\u015fmaq laz\u0131md\u0131r\u201d<\/em>.<\/p>\n\n\n\n<p>M\u0259kt\u0259bd\u0259 ba\u015f ver\u0259n erk\u0259n nikah v\u0259 ya ni\u015fan hal\u0131n\u0131 polis\u0259 x\u0259b\u0259r verm\u0259yin vacib oldu\u011funu dey\u0259n m\u0259kt\u0259b direktoru bunu cinay\u0259t hesab edir:<\/p>\n\n\n\n<p><em>\u201cBunu gizl\u0259d\u0259n m\u0259kt\u0259b direktoru cinay\u0259tin \u00fcst\u00fcn\u00fc \u00f6rtm\u0259kl\u0259 onun artmas\u0131na xidm\u0259t edir. M\u0259n raz\u0131yam ki, bel\u0259 olan halda direktor c\u0259zaland\u0131r\u0131ls\u0131n. \u018fn az\u0131 v\u0259zif\u0259sind\u0259n azad edilm\u0259lidir\u201d<\/em>.<\/p>\n\n\n\n<p>Tozu G\u00fclm\u0259mm\u0259dli haz\u0131rda G\u00fcrc\u00fcstanda m\u00f6vcud qanunvericiliyin yet\u0259ri q\u0259d\u0259r normal oldu\u011funu bildirir:<\/p>\n\n\n\n<p><em>\u201cQanunda n\u0259z\u0259rd\u0259 tutulur ki, s\u0259nin g\u00f6z yumub x\u0259b\u0259r verm\u0259diyin hadis\u0259 haqda art\u0131q cinay\u0259t i\u015fi a\u00e7\u0131l\u0131bsa, o zaman s\u0259n d\u0259 \u00f6hd\u0259lik da\u015f\u0131y\u0131rsan. M\u0259kt\u0259b\u0259 qar\u015f\u0131 c\u0259zan\u0131n a\u011f\u0131rla\u015fd\u0131r\u0131lmas\u0131ndan s\u00f6hb\u0259t getmir, s\u00f6hb\u0259t h\u0259l\u0259 c\u0259zan\u0131n t\u0259tbiqind\u0259n gedir. C\u0259za \u00e7ox nadir hallarda t\u0259tbiq olunur. Ona g\u00f6r\u0259 d\u0259 biz o etapa g\u0259lm\u0259k ist\u0259yirik ki, y\u0259ni m\u00f6vcud qanunvericilik bunu n\u0259z\u0259rd\u0259 tutur, sad\u0259c\u0259 h\u0259yata ke\u00e7irm\u0259k qismind\u0259 problemimiz var\u201d<\/em>.<\/p>\n\n\n\n<p>G\u00fcrc\u00fcstan Ombudsman\u0131 da 2022-ci il hesabat\u0131nda bildirir ki, u\u015faq nikah\u0131n\u0131n z\u0259r\u0259rli t\u0259cr\u00fcb\u0259l\u0259ri v\u0259 h\u00fcquqi normalar\u0131 bar\u0259d\u0259 ictimaiyy\u0259tin m\u0259lumatl\u0131l\u0131\u011f\u0131 a\u015fa\u011f\u0131d\u0131r, bu s\u0259b\u0259bd\u0259n \u0259ks\u0259r hallarda \u015f\u00fcbh\u0259li cinay\u0259tl\u0259r bar\u0259d\u0259 polis\u0259 v\u0259 dig\u0259r d\u00f6vl\u0259t qurumlar\u0131na m\u0259lumat verilmir. \u018fvv\u0259lki ill\u0259rd\u0259n f\u0259rqli olaraq, Daxili \u0130\u015fl\u0259r Nazirliyi d\u0259 azya\u015fl\u0131lar\u0131n nikah\u0131 il\u0259 ba\u011fl\u0131 cinay\u0259tl\u0259rl\u0259 \u0259laq\u0259dar m\u00fcf\u0259ss\u0259l v\u0259 vaxta\u015f\u0131r\u0131 statistik m\u0259lumatlar d\u0259rc etmir.<\/p>\n\n\n\n<p>El\u0259 bu s\u0259b\u0259bl\u0259rd\u0259n \u00f6t\u0259n il Ombudsman Parlamentd\u0259n cinsi zorak\u0131l\u0131qla ba\u011fl\u0131 qanunu \u0130stanbul Konvensiyas\u0131na uy\u011funla\u015fd\u0131rmaq \u00fc\u00e7\u00fcn qanunvericilik paketi haz\u0131rlama\u011f\u0131 xahi\u015f edib &#8211; T\u0259hsil Nazirliyi m\u0259kt\u0259b r\u0259smil\u0259rini m\u00fc\u0259yy\u0259n etm\u0259li v\u0259 vahid \u0259m\u0259liyyat prosedurlar\u0131 \u00fc\u00e7\u00fcn t\u0259limatlar&nbsp;<a target=\"_blank\" href=\"https:\/\/www.ombudsman.ge\/res\/docs\/2023120411211781277.pdf\" rel=\"noreferrer noopener\">haz\u0131rlamal\u0131d\u0131r.<\/a><\/p>\n\n\n\n<p><strong><em>\u201cG\u0259r\u0259k b\u00f6y\u00fckl\u0259r d\u00fc\u015f\u00fcns\u00fcn\u2026\u201d<\/em><\/strong><\/p>\n\n\n\n<figure class=\"wp-block-image size-large is-resized\"><img decoding=\"async\" width=\"1200\" height=\"480\" data-src=\"https:\/\/www.meydan.tv\/wp-content\/uploads\/image2_3m5z60x-scaled-e1698246271589-1200x480.jpeg\" alt=\"erk\u0259n nikah\" class=\"wp-image-157445 lazyload\" style=\"--smush-placeholder-width: 1200px; --smush-placeholder-aspect-ratio: 1200\/480;width:804px;height:auto\" src=\"data:image\/svg+xml;base64,PHN2ZyB3aWR0aD0iMSIgaGVpZ2h0PSIxIiB4bWxucz0iaHR0cDovL3d3dy53My5vcmcvMjAwMC9zdmciPjwvc3ZnPg==\" \/><figcaption class=\"wp-element-caption\">Source: Meydan TV<\/figcaption><\/figure>\n\n\n\n<p>41 ya\u015f\u0131nda olmas\u0131na r\u0259\u011fm\u0259n art\u0131q 2 n\u0259v\u0259 sahibi olan N\u0259rgiz S\u0259limova (ad \u015f\u0259rtidir &#8211; A.F.) deyir ki, ail\u0259 quranda 15 ya\u015f\u0131 olub:<\/p>\n\n\n\n<p><em>\u201cM\u0259n \u00f6z\u00fcm he\u00e7 ist\u0259mirdim, ancaq kim idi m\u0259n\u0259 baxan?! Onu b\u00f6y\u00fckl\u0259r d\u00fc\u015f\u00fcnm\u0259lidir.<br>&#8211;\u00a0\u00a0\u00a0\u00a0\u00a0 B\u0259s q\u0131z\u0131n\u0131z\u0131 niy\u0259 o ya\u015fda evl\u0259ndirdiniz? O da 15 ya\u015f\u0131nda evl\u0259nib\u2026<br>&#8211;\u00a0\u00a0\u00a0\u00a0\u00a0 \u2026 B\u00f6y\u00fckl\u0259r el\u0259 ist\u0259di\u2026&#8221;<\/em><\/p>\n\n\n\n<p>Orta m\u0259kt\u0259b t\u0259hsilini tamamlamayan N\u0259rgiz \u00f6z\u00fcnd\u0259n 12 ya\u015f b\u00f6y\u00fck \u015f\u0259xsl\u0259 evl\u0259ndirilib. \u018fri il\u0259 birg\u0259 Tbilisinin Lelo bazar\u0131nda alverl\u0259 m\u0259\u015f\u011ful olur. S\u0259hh\u0259tind\u0259 ciddi probleml\u0259r yaran\u0131b v\u0259 xroniki x\u0259st\u0259likl\u0259rd\u0259n \u0259ziyy\u0259t \u00e7\u0259kir.<\/p>\n\n\n\n<p>Anas\u0131n\u0131n t\u0259kidi il\u0259 14 ya\u015f\u0131nda evl\u0259ndiril\u0259n Ayselin d\u0259 hekay\u0259si bir ba\u015fqa c\u00fcr ba\u015flay\u0131b. Bald\u0131z\u0131 M\u0259nsur\u0259 deyir ki, Ayseli qarda\u015f\u0131n\u0131n ma\u015f\u0131n\u0131na el\u0259 anas\u0131 \u00f6z\u00fc oturdub:<\/p>\n\n\n\n<p><em>\u201cQarda\u015f\u0131m\u0131 qon\u015fu k\u0259nd\u0259 toya g\u00f6nd\u0259rmi\u015fdik. G\u0259l\u0259nd\u0259 g\u00f6rd\u00fck ki, ma\u015f\u0131n\u0131nda da q\u0131z var. Fikirl\u0259\u015fdik ki, q\u0131z\u0131 qa\u00e7\u0131r\u0131b, evl\u0259nm\u0259k ist\u0259yir. Q\u0131z\u0131 da anas\u0131 el\u0259 geyindirib-ke\u00e7indirmi\u015fdi ki, b\u00f6y\u00fck g\u00f6r\u00fcn\u00fcrd\u00fc. Toy g\u00fcn\u00fc qarda\u015f\u0131m g\u0259ldi ki, q\u0131z qorxudan a\u011flay\u0131r. Q\u0131za baxd\u0131q ki, he\u00e7 d\u00f6\u015f\u00fc d\u0259 bitm\u0259yib. Ya\u015f\u0131n\u0131n 14 oldu\u011funu onda bildik. O zaman da qarda\u015f\u0131ma q\u0131za toxunmama\u011f\u0131 tap\u015f\u0131rd\u0131q\u201d<\/em>.<\/p>\n\n\n\n<p>Ail\u0259nin b\u00f6y\u00fckl\u0259rind\u0259n hesab olunan M\u0259nsur\u0259nin xalas\u0131 qon\u015fu k\u0259nd\u0259 q\u0131z\u0131n anas\u0131 il\u0259 davaya gets\u0259 d\u0259, q\u0131z\u0131 geri qaytara bilmirl\u0259r, \u00e7\u00fcnki bu zaman da el ad\u0259tin\u0259 g\u00f6r\u0259 h\u0259r hans\u0131 s\u0259b\u0259bd\u0259n geri qaytar\u0131lan q\u0131z bakir\u0259 hesab olunmurmu\u015f. O, 14 ya\u015f\u0131nad\u0259k t\u0259hsild\u0259n k\u0259nar qal\u0131b, yaz\u0131b-oxuya bilmir. 27 ya\u015f\u0131nda 3 u\u015faq anas\u0131 olan Aysel damarlar\u0131ndak\u0131 varikoz geni\u015fl\u0259nm\u0259d\u0259n \u0259ziyy\u0259t \u00e7\u0259kir.<\/p>\n\n\n\n<p>\u0130lya Universitetinin ingilis dili-\u0259d\u0259biyyat\u0131 v\u0259 psixologiya fakult\u0259sinin t\u0259l\u0259b\u0259si G\u00fcnay M\u0259mm\u0259dovan\u0131n s\u00f6zl\u0259rin\u0259 g\u00f6r\u0259, q\u0131zlar, daha do\u011frusu, u\u015faqlar bu ya\u015flarda erk\u0259n evl\u0259nm\u0259k ist\u0259y\u0259 bil\u0259rl\u0259r:<\/p>\n\n\n\n<p><em>\u201cBunun bir \u00e7ox s\u0259b\u0259bi ola bil\u0259r &#8211; maddi v\u0259 ya m\u0259n\u0259vi \u0259skiklik (pul v\u0259 ya ail\u0259d\u0259 sevgi c\u0259h\u0259td\u0259n). Bel\u0259 s\u0259b\u0259bl\u0259r\u0259 g\u00f6r\u0259 u\u015faqlar evliliyi \u00e7ar\u0259 kimi g\u00f6r\u0259 bilirl\u0259r. Lakin biz psixi olaraq ya\u015f ald\u0131qda ist\u0259k v\u0259 arzular\u0131m\u0131z d\u0259yi\u015f\u0259 bilir. O u\u015faqlar b\u00f6y\u00fcd\u00fckd\u0259, art\u0131q h\u0259yat\u0131 d\u0259rk el\u0259dikd\u0259 tez evl\u0259nm\u0259m\u0259li olduqlar\u0131n\u0131n f\u0259rqin\u0259 var\u0131rlar. Buna g\u00f6r\u0259 d\u0259 valideyn \u0259sla erk\u0259n evliliyi d\u0259st\u0259kl\u0259m\u0259m\u0259lidir. \u00c7\u00fcnki sonradan \u00e7ox gec ola bil\u0259r\u201d<\/em>.<\/p>\n\n\n\n<p>\u00d6vlad\u0131n\u0131n \u201c\u00f6z\u00fc evl\u0259nm\u0259k ist\u0259yir\u201d b\u0259han\u0259sini g\u0259tirm\u0259kd\u0259ns\u0259, G.M\u0259mm\u0259dova valideynin bu m\u0259s\u0259l\u0259ni q\u0131z\u0131na d\u00fczg\u00fcn \u015f\u0259kild\u0259 izah etm\u0259li oldu\u011funu d\u00fc\u015f\u00fcn\u00fcr:<\/p>\n\n\n\n<p><em>\u201cDo\u011frudur, u\u015faqlar\u0131m\u0131za \u00f6z se\u00e7iml\u0259rini etm\u0259yi \u00f6yr\u0259tm\u0259liyik, amma bu, erk\u0259n ya\u015fda evlilik deyil. \u0130lk \u00f6nc\u0259 valideynl\u0259ri bu haqda bilgil\u0259ndirm\u0259liyik ki, u\u015faqlar\u0131n\u0131 d\u00fczg\u00fcn y\u00f6nl\u0259ndir\u0259 bilsinl\u0259r\u201d<\/em>.<\/p>\n\n\n\n<p><strong><em>Tbilisid\u0259 ictimai aktivistl\u0259rin etiraz\u0131<\/em><\/strong><\/p>\n\n\n\n<p>Be\u015f ay \u00f6nc\u0259 yetkinlik ya\u015f\u0131na \u00e7atmayan Aytac \u015eahmarovan\u0131n q\u0259tli il\u0259 n\u0259tic\u0259l\u0259n\u0259n faci\u0259vi hadis\u0259 G\u00fcrc\u00fcstanda ictimai rezonans do\u011furdu v\u0259 erk\u0259n nikahlara qar\u015f\u0131 f\u0259allar\u0131n birl\u0259\u015fm\u0259sin\u0259 s\u0259b\u0259b oldu. 14 ya\u015fl\u0131 etnik az\u0259rbaycanl\u0131 Aytac ail\u0259 s\u00f6vd\u0259l\u0259\u015fm\u0259si n\u0259tic\u0259sind\u0259 ni\u015fanlan\u0131b v\u0259 iki ay sonra 28 ya\u015fl\u0131 ni\u015fanl\u0131s\u0131 t\u0259r\u0259find\u0259n qa\u00e7\u0131r\u0131l\u0131b v\u0259 \u00f6ld\u00fcr\u00fcl\u00fcb. Qa\u00e7\u0131r\u0131lmas\u0131na r\u0259\u011fm\u0259n Aytac bir ne\u00e7\u0259 d\u0259f\u0259 qa\u00e7ma\u011fa \u00e7al\u0131\u015fsa da, ail\u0259si h\u0259r d\u0259f\u0259 onu \u201c\u0259rinin\u201d yan\u0131na qaytar\u0131b.<\/p>\n\n\n\n<p>Ni\u015fanland\u0131qdan sonrak\u0131 m\u00fcdd\u0259t \u0259rzind\u0259 orta m\u0259kt\u0259b\u0259 getm\u0259y\u0259n v\u0259 m\u0259kt\u0259bin d\u0259 onunla maraqlanmad\u0131\u011f\u0131 halda Aytac\u0131n h\u0259yat\u0131ndak\u0131 d\u0259yi\u015fiklikl\u0259rd\u0259n n\u0259 polis, n\u0259 d\u0259 \u0259laq\u0259dar qurumlar x\u0259b\u0259r tuta bilib.<\/p>\n\n\n\n<p>Gender \u018fsasl\u0131 Zorak\u0131l\u0131\u011fa qar\u015f\u0131 16 G\u00fcnl\u00fck M\u00fcbariz\u0259 m\u00fcdd\u0259tind\u0259 d\u0259 aktivistl\u0259r Parlamentin binas\u0131n\u0131n \u00f6n\u00fcnd\u0259 erk\u0259n nikaha etiraz ed\u0259r\u0259k d\u00f6vl\u0259t qurumlar\u0131n\u0131n &#8211; sosial xidm\u0259tl\u0259rin, polisin v\u0259 m\u0259kt\u0259bi bu m\u0259s\u0259l\u0259d\u0259 birl\u0259\u015fm\u0259y\u0259 \u00e7a\u011f\u0131r\u0131b.<\/p>\n\n\n\n<p><strong><em>Ombudsman n\u0259 deyir?<\/em><\/strong><\/p>\n\n\n\n<p>G\u00fcrc\u00fcstan Ombudsman Aparat\u0131n\u0131n eksperti Qvantsa Xarati\u015fvilinin s\u00f6zl\u0259rin\u0259 g\u00f6r\u0259, Aytac \u015eahmarovan\u0131n q\u0259tlind\u0259n sonra h\u0259m Daxili \u0130\u015fl\u0259r Nazirliyi, h\u0259m d\u0259 Elm v\u0259 T\u0259hsil Nazirliyi il\u0259 g\u00f6r\u00fc\u015fl\u0259r ke\u00e7irib v\u0259 erk\u0259n nikahlarla ba\u011fl\u0131 m\u0259s\u0259l\u0259 m\u00fczakir\u0259y\u0259 \u00e7\u0131xar\u0131l\u0131b:<\/p>\n\n\n<div class=\"wp-block-image\">\n<figure class=\"alignleft size-large is-resized\"><img decoding=\"async\" width=\"1200\" height=\"591\" data-src=\"https:\/\/www.meydan.tv\/wp-content\/uploads\/lerik_xvw4rib-1536x1024-1-e1662550451897-1200x591.jpg\" alt=\"\" class=\"wp-image-255083 lazyload\" style=\"--smush-placeholder-width: 1200px; --smush-placeholder-aspect-ratio: 1200\/591;width:430px;height:auto\" src=\"data:image\/svg+xml;base64,PHN2ZyB3aWR0aD0iMSIgaGVpZ2h0PSIxIiB4bWxucz0iaHR0cDovL3d3dy53My5vcmcvMjAwMC9zdmciPjwvc3ZnPg==\" \/><figcaption class=\"wp-element-caption\">Azya\u015fl\u0131n\u0131n hamil\u0259liyi. Foto: Meydan TV<\/figcaption><\/figure>\n<\/div>\n\n\n<p><em>\u201cBiz bu m\u00fczakir\u0259l\u0259ri yaln\u0131z bir \u015f\u0259xs\u0259 aid etm\u0259dik, b\u00fct\u00fcnl\u00fckd\u0259 \u00f6lk\u0259d\u0259 erk\u0259n nikahlarla ba\u011fl\u0131 v\u0259ziyy\u0259t\u0259 toxunduq. V\u0259 h\u0259r iki nazirliy\u0259 fikirl\u0259rimizi \u00e7atd\u0131rd\u0131q\u201d<\/em>.<\/p>\n\n\n\n<p>Orta m\u0259kt\u0259bl\u0259rd\u0259 erk\u0259n nikahlar zaman\u0131 m\u0259kt\u0259b hey\u0259tinin m\u0259suliyy\u0259tinin art\u0131r\u0131lmas\u0131 il\u0259 ba\u011fl\u0131 art\u0131q parlament\u0259 m\u00fcraci\u0259t etdikl\u0259rini bildir\u0259n ekspertin s\u00f6zl\u0259rin\u0259 g\u00f6r\u0259, m\u0259kt\u0259b hey\u0259ti \u00fc\u00e7\u00fcn m\u00fcxt\u0259lif c\u0259zalar\u0131n t\u0259tbiq edilm\u0259si d\u0259 m\u00fczakir\u0259 m\u00f6vzusudur:<\/p>\n\n\n\n<p><em>\u201cBu m\u0259s\u0259l\u0259 il\u0259 ba\u011fl\u0131 bizim art\u0131q parlament\u0259 t\u00f6vsiy\u0259l\u0259rimiz oldu\u011fu \u00fc\u00e7\u00fcn m\u0259kt\u0259b hey\u0259ti \u00fc\u00e7\u00fcn bu kimi hadis\u0259l\u0259r zaman\u0131 cinay\u0259t m\u0259suliyy\u0259tinin yaranmas\u0131na t\u0259r\u0259fdar\u0131q\u201d<\/em>.<\/p>\n\n\n\n<p>G\u00fcrc\u00fcstan\u0131n Xalq M\u00fcdafi\u0259\u00e7isi \u00f6lk\u0259nin qad\u0131nlara qar\u015f\u0131 zorak\u0131l\u0131q v\u0259 m\u0259i\u015f\u0259t zorak\u0131l\u0131\u011f\u0131 il\u0259 m\u00fcbariz\u0259d\u0259 bir s\u0131ra m\u00fcsb\u0259t add\u0131mlar atd\u0131\u011f\u0131n\u0131 bildirir, baxmayaraq ki, d\u00f6vl\u0259td\u0259n d\u0259rhal reaksiya t\u0259l\u0259b ed\u0259n sistemli probleml\u0259rin qald\u0131\u011f\u0131n\u0131 da<a target=\"_blank\" href=\"https:\/\/www.ombudsman.ge\/eng\/akhali-ambebi\/231125121229sakartvelos-sakhalkho-damtsvelis-gantskhadeba-kalta-mimart-dzaladobis-tsinaaghmdeg-brdzolis-saertashoriso-dghestan-dakavshirebit\" rel=\"noreferrer noopener\">&nbsp;vur\u011fulay\u0131r.&nbsp;<\/a>\u018fsas\u0259n adam o\u011furlu\u011fu v\u0259 ya valideynl\u0259r aras\u0131nda raz\u0131la\u015fma n\u0259tic\u0259sind\u0259 ba\u015f ver\u0259n m\u0259cburi u\u015faq nikah\u0131 hallar\u0131 problem olaraq qal\u0131r.<\/p>\n\n\n\n<p>Ombudsman\u0131n hesabat\u0131nda o da vur\u011fulan\u0131r ki, erk\u0259n nikahlar\u0131n qar\u015f\u0131s\u0131n\u0131n al\u0131nmas\u0131, q\u0131zlara adekvat yard\u0131m\u0131n v\u0259 m\u00fcdafi\u0259nin t\u0259min edilm\u0259si \u00fc\u00e7\u00fcn d\u00f6vl\u0259tin ciddi siyas\u0259t y\u00fcr\u00fctm\u0259si v\u0259 z\u0259ruri t\u0259dbirl\u0259rin, o c\u00fcml\u0259d\u0259n qanunvericilik aktlar\u0131n\u0131n h\u0259yata ke\u00e7irilm\u0259sini t\u0259min etm\u0259si vacibdir. Cinay\u0259tl\u0259r bar\u0259d\u0259 m\u0259lumat verilm\u0259m\u0259sin\u0259, o c\u00fcml\u0259d\u0259n m\u00fc\u0259lliml\u0259rin m\u00f6vcud h\u00fcquq normalar\u0131 bar\u0259d\u0259 m\u0259lumatl\u0131 olmas\u0131na x\u00fcsusi diqq\u0259t yetirilm\u0259li v\u0259 g\u00f6nd\u0259ri\u015f prosedurunun pozulmas\u0131 hallar\u0131 a\u015fkar edildikd\u0259 m\u00fcvafiq t\u0259dbirl\u0259r g\u00f6r\u00fclm\u0259lidir.<\/p>\n\n\n\n<p>Tbilisi \u015f\u0259h\u0259rind\u0259 ya\u015fayan, 15 ya\u015f\u0131nda ni\u015fanlan\u0131b 17 ya\u015f\u0131nda qa\u00e7\u0131r\u0131lan G\u00fcls\u00fcm\u00fcn d\u0259 h\u0259yat\u0131 erk\u0259n ya\u015fda evl\u0259ndiril\u0259n dig\u0259r qad\u0131nlarla b\u0259nz\u0259rdir. T\u0259hsili olmad\u0131\u011f\u0131 \u00fc\u00e7\u00fcn evl\u0259r\u0259 v\u0259 i\u015f yerl\u0259rin\u0259 t\u0259mizliy\u0259 ged\u0259n qad\u0131n\u0131n haz\u0131rda 33 ya\u015f\u0131 var. \u0130ki u\u015fa\u011f\u0131 olan G\u00fcls\u00fcm\u00fcn b\u00f6y\u00fck \u00f6vlad\u0131 q\u0131zd\u0131r. Ondan q\u0131z\u0131n\u0131 da erk\u0259n ya\u015fda evl\u0259ndirm\u0259k ist\u0259diyini soru\u015fduqda buna q\u0259ti etiraz edir:<\/p>\n\n\n\n<p><em>\u201cM\u0259n 9-cu sinifd\u0259n \u00e7\u0131xar\u0131landa m\u00fc\u0259llimim evimiz\u0259 z\u0259ng el\u0259di. M\u0259nim s\u0259n\u0259dl\u0259rimi kollec\u0259 verm\u0259yimi ist\u0259yirdi, buna qiym\u0259tl\u0259rim d\u0259 uy\u011fun g\u0259lirdi. M\u00fc\u0259llim dan\u0131\u015fd\u0131qca m\u0259n k\u00f6vr\u0259ldim, \u00e7\u00fcnki ail\u0259min m\u0259ni oxutmaq ist\u0259m\u0259diyini bilirdim\u2026 \u0130ndi q\u0131z\u0131m orta m\u0259kt\u0259bi bitirm\u0259k \u00fczr\u0259dir. Onun erk\u0259n ya\u015fda ail\u0259 qurmas\u0131na he\u00e7 vaxt icaz\u0259 verm\u0259r\u0259m. Q\u0131z\u0131m universitet\u0259 haz\u0131rla\u015f\u0131r v\u0259 m\u00fctl\u0259q t\u0259hsilini davam etdir\u0259c\u0259k\u201d<\/em>.<\/p>\n\n\n\n<p><strong>Ayt\u0259n F\u018fRHADOVA<\/strong><\/p>\n","protected":false},"excerpt":{"rendered":"<p>G\u00fcrc\u00fcstanda az\u0259rbaycanl\u0131 qad\u0131nlar\u0131n \u0259ks\u0259riyy\u0259ti erk\u0259n nikah\u0131n qurbanlar\u0131d\u0131r \u201cM\u0259ni gec\u0259 yatd\u0131\u011f\u0131m &#8230; <\/p>\n<p class=\"read-more-container\"><a title=\"Nikahlanm\u0131\u015f azya\u015fl\u0131 q\u0131zlar\u0131n yar\u0131m\u00e7\u0131q hekay\u0259si\" class=\"read-more button\" href=\"https:\/\/www.meydan.tv\/az\/article\/nikahlanmis-azyasli-qizlarin-yarimciq-hekayesi\/#more-299893\" aria-label=\"Read more about Nikahlanm\u0131\u015f azya\u015fl\u0131 q\u0131zlar\u0131n yar\u0131m\u00e7\u0131q hekay\u0259si\">Davam\u0131<\/a><\/p>\n","protected":false},"author":21,"featured_media":255401,"comment_status":"closed","ping_status":"closed","sticky":false,"template":"","format":"standard","meta":{"_acf_changed":false,"_sitemap_exclude":false,"_sitemap_priority":"","_sitemap_frequency":"","footnotes":""},"categories":[62,79,56],"tags":[],"class_list":["post-299893","post","type-post","status-publish","format-standard","has-post-thumbnail","hentry","category-sosial","category-featured","category-xeberler","infinite-scroll-item","generate-columns","tablet-grid-50","mobile-grid-100","grid-parent","grid-33","no-featured-image-padding"],"acf":[],"yoast_head":"<!-- This site is optimized with the Yoast SEO plugin v27.5 - https:\/\/yoast.com\/product\/yoast-seo-wordpress\/ -->\n<title>Nikahlanm\u0131\u015f azya\u015fl\u0131 q\u0131zlar\u0131n yar\u0131m\u00e7\u0131q hekay\u0259si - MEYDAN.TV<\/title>\n<meta name=\"robots\" content=\"index, follow, max-snippet:-1, max-image-preview:large, max-video-preview:-1\" \/>\n<link rel=\"canonical\" href=\"https:\/\/www.meydan.tv\/az\/article\/nikahlanmis-azyasli-qizlarin-yarimciq-hekayesi\/\" \/>\n<meta property=\"og:locale\" content=\"az_AZ\" \/>\n<meta property=\"og:type\" content=\"article\" \/>\n<meta property=\"og:title\" content=\"Nikahlanm\u0131\u015f azya\u015fl\u0131 q\u0131zlar\u0131n yar\u0131m\u00e7\u0131q hekay\u0259si - MEYDAN.TV\" \/>\n<meta property=\"og:description\" content=\"G\u00fcrc\u00fcstanda az\u0259rbaycanl\u0131 qad\u0131nlar\u0131n \u0259ks\u0259riyy\u0259ti erk\u0259n nikah\u0131n qurbanlar\u0131d\u0131r \u201cM\u0259ni gec\u0259 yatd\u0131\u011f\u0131m ... Davam\u0131\" \/>\n<meta property=\"og:url\" content=\"https:\/\/www.meydan.tv\/az\/article\/nikahlanmis-azyasli-qizlarin-yarimciq-hekayesi\/\" \/>\n<meta property=\"og:site_name\" content=\"MEYDAN.TV\" \/>\n<meta property=\"article:published_time\" content=\"2024-02-23T15:22:02+00:00\" \/>\n<meta property=\"article:modified_time\" content=\"2024-02-23T15:22:11+00:00\" \/>\n<meta property=\"og:image\" content=\"https:\/\/www.meydan.tv\/wp-content\/uploads\/384a996a-e7c4-4f66-8ba3-9022a127e48e-e1703844676834.jpeg\" \/>\n\t<meta property=\"og:image:width\" content=\"1200\" \/>\n\t<meta property=\"og:image:height\" content=\"650\" \/>\n\t<meta property=\"og:image:type\" content=\"image\/jpeg\" \/>\n<meta name=\"author\" content=\"mahmud\" \/>\n<meta name=\"twitter:card\" content=\"summary_large_image\" \/>\n<script type=\"application\/ld+json\" class=\"yoast-schema-graph\">{\"@context\":\"https:\\\/\\\/schema.org\",\"@graph\":[{\"@type\":\"Article\",\"@id\":\"https:\\\/\\\/www.meydan.tv\\\/az\\\/article\\\/nikahlanmis-azyasli-qizlarin-yarimciq-hekayesi\\\/#article\",\"isPartOf\":{\"@id\":\"https:\\\/\\\/www.meydan.tv\\\/az\\\/article\\\/nikahlanmis-azyasli-qizlarin-yarimciq-hekayesi\\\/\"},\"author\":{\"name\":\"mahmud\",\"@id\":\"https:\\\/\\\/www.meydan.tv\\\/az\\\/#\\\/schema\\\/person\\\/09863e516102a829e72bedcf3f84c6b0\"},\"headline\":\"Nikahlanm\u0131\u015f azya\u015fl\u0131 q\u0131zlar\u0131n yar\u0131m\u00e7\u0131q hekay\u0259si\",\"datePublished\":\"2024-02-23T15:22:02+00:00\",\"dateModified\":\"2024-02-23T15:22:11+00:00\",\"mainEntityOfPage\":{\"@id\":\"https:\\\/\\\/www.meydan.tv\\\/az\\\/article\\\/nikahlanmis-azyasli-qizlarin-yarimciq-hekayesi\\\/\"},\"wordCount\":3380,\"publisher\":{\"@id\":\"https:\\\/\\\/www.meydan.tv\\\/az\\\/#organization\"},\"image\":{\"@id\":\"https:\\\/\\\/www.meydan.tv\\\/az\\\/article\\\/nikahlanmis-azyasli-qizlarin-yarimciq-hekayesi\\\/#primaryimage\"},\"thumbnailUrl\":\"https:\\\/\\\/www.meydan.tv\\\/wp-content\\\/uploads\\\/384a996a-e7c4-4f66-8ba3-9022a127e48e-e1703844676834.jpeg\",\"articleSection\":[\"Sosial\",\"T\u00f6vsiy\u0259\",\"X\u0259b\u0259rl\u0259r\"],\"inLanguage\":\"az\"},{\"@type\":\"WebPage\",\"@id\":\"https:\\\/\\\/www.meydan.tv\\\/az\\\/article\\\/nikahlanmis-azyasli-qizlarin-yarimciq-hekayesi\\\/\",\"url\":\"https:\\\/\\\/www.meydan.tv\\\/az\\\/article\\\/nikahlanmis-azyasli-qizlarin-yarimciq-hekayesi\\\/\",\"name\":\"Nikahlanm\u0131\u015f azya\u015fl\u0131 q\u0131zlar\u0131n yar\u0131m\u00e7\u0131q hekay\u0259si - MEYDAN.TV\",\"isPartOf\":{\"@id\":\"https:\\\/\\\/www.meydan.tv\\\/az\\\/#website\"},\"primaryImageOfPage\":{\"@id\":\"https:\\\/\\\/www.meydan.tv\\\/az\\\/article\\\/nikahlanmis-azyasli-qizlarin-yarimciq-hekayesi\\\/#primaryimage\"},\"image\":{\"@id\":\"https:\\\/\\\/www.meydan.tv\\\/az\\\/article\\\/nikahlanmis-azyasli-qizlarin-yarimciq-hekayesi\\\/#primaryimage\"},\"thumbnailUrl\":\"https:\\\/\\\/www.meydan.tv\\\/wp-content\\\/uploads\\\/384a996a-e7c4-4f66-8ba3-9022a127e48e-e1703844676834.jpeg\",\"datePublished\":\"2024-02-23T15:22:02+00:00\",\"dateModified\":\"2024-02-23T15:22:11+00:00\",\"breadcrumb\":{\"@id\":\"https:\\\/\\\/www.meydan.tv\\\/az\\\/article\\\/nikahlanmis-azyasli-qizlarin-yarimciq-hekayesi\\\/#breadcrumb\"},\"inLanguage\":\"az\",\"potentialAction\":[{\"@type\":\"ReadAction\",\"target\":[\"https:\\\/\\\/www.meydan.tv\\\/az\\\/article\\\/nikahlanmis-azyasli-qizlarin-yarimciq-hekayesi\\\/\"]}]},{\"@type\":\"ImageObject\",\"inLanguage\":\"az\",\"@id\":\"https:\\\/\\\/www.meydan.tv\\\/az\\\/article\\\/nikahlanmis-azyasli-qizlarin-yarimciq-hekayesi\\\/#primaryimage\",\"url\":\"https:\\\/\\\/www.meydan.tv\\\/wp-content\\\/uploads\\\/384a996a-e7c4-4f66-8ba3-9022a127e48e-e1703844676834.jpeg\",\"contentUrl\":\"https:\\\/\\\/www.meydan.tv\\\/wp-content\\\/uploads\\\/384a996a-e7c4-4f66-8ba3-9022a127e48e-e1703844676834.jpeg\",\"width\":1200,\"height\":650,\"caption\":\"Azya\u015fl\u0131lar\u0131n evl\u0259nm\u0259si. Foto: Meydan TV\"},{\"@type\":\"BreadcrumbList\",\"@id\":\"https:\\\/\\\/www.meydan.tv\\\/az\\\/article\\\/nikahlanmis-azyasli-qizlarin-yarimciq-hekayesi\\\/#breadcrumb\",\"itemListElement\":[{\"@type\":\"ListItem\",\"position\":1,\"name\":\"Ana s\u0259hif\u0259\",\"item\":\"https:\\\/\\\/www.meydan.tv\\\/az\\\/\"},{\"@type\":\"ListItem\",\"position\":2,\"name\":\"Sosial\",\"item\":\"https:\\\/\\\/www.meydan.tv\\\/az\\\/section\\\/sosial\\\/\"},{\"@type\":\"ListItem\",\"position\":3,\"name\":\"Nikahlanm\u0131\u015f azya\u015fl\u0131 q\u0131zlar\u0131n yar\u0131m\u00e7\u0131q hekay\u0259si\"}]},{\"@type\":\"WebSite\",\"@id\":\"https:\\\/\\\/www.meydan.tv\\\/az\\\/#website\",\"url\":\"https:\\\/\\\/www.meydan.tv\\\/az\\\/\",\"name\":\"MEYDAN.TV\",\"description\":\"Meydan TV Az\u0259rbaycan\u0131n media m\u0259kan\u0131ndak\u0131 alternativ s\u0259sidir\",\"publisher\":{\"@id\":\"https:\\\/\\\/www.meydan.tv\\\/az\\\/#organization\"},\"potentialAction\":[{\"@type\":\"SearchAction\",\"target\":{\"@type\":\"EntryPoint\",\"urlTemplate\":\"https:\\\/\\\/www.meydan.tv\\\/az\\\/?s={search_term_string}\"},\"query-input\":{\"@type\":\"PropertyValueSpecification\",\"valueRequired\":true,\"valueName\":\"search_term_string\"}}],\"inLanguage\":\"az\"},{\"@type\":\"Organization\",\"@id\":\"https:\\\/\\\/www.meydan.tv\\\/az\\\/#organization\",\"name\":\"Meydan TV\",\"url\":\"https:\\\/\\\/www.meydan.tv\\\/az\\\/\",\"logo\":{\"@type\":\"ImageObject\",\"inLanguage\":\"az\",\"@id\":\"https:\\\/\\\/www.meydan.tv\\\/az\\\/#\\\/schema\\\/logo\\\/image\\\/\",\"url\":\"https:\\\/\\\/www.meydan.tv\\\/wp-content\\\/uploads\\\/2021\\\/07\\\/meydan-logo.svg\",\"contentUrl\":\"https:\\\/\\\/www.meydan.tv\\\/wp-content\\\/uploads\\\/2021\\\/07\\\/meydan-logo.svg\",\"width\":195,\"height\":46,\"caption\":\"Meydan TV\"},\"image\":{\"@id\":\"https:\\\/\\\/www.meydan.tv\\\/az\\\/#\\\/schema\\\/logo\\\/image\\\/\"}},{\"@type\":\"Person\",\"@id\":\"https:\\\/\\\/www.meydan.tv\\\/az\\\/#\\\/schema\\\/person\\\/09863e516102a829e72bedcf3f84c6b0\",\"name\":\"mahmud\"}]}<\/script>\n<!-- \/ Yoast SEO plugin. -->","yoast_head_json":{"title":"Nikahlanm\u0131\u015f azya\u015fl\u0131 q\u0131zlar\u0131n yar\u0131m\u00e7\u0131q hekay\u0259si - MEYDAN.TV","robots":{"index":"index","follow":"follow","max-snippet":"max-snippet:-1","max-image-preview":"max-image-preview:large","max-video-preview":"max-video-preview:-1"},"canonical":"https:\/\/www.meydan.tv\/az\/article\/nikahlanmis-azyasli-qizlarin-yarimciq-hekayesi\/","og_locale":"az_AZ","og_type":"article","og_title":"Nikahlanm\u0131\u015f azya\u015fl\u0131 q\u0131zlar\u0131n yar\u0131m\u00e7\u0131q hekay\u0259si - MEYDAN.TV","og_description":"G\u00fcrc\u00fcstanda az\u0259rbaycanl\u0131 qad\u0131nlar\u0131n \u0259ks\u0259riyy\u0259ti erk\u0259n nikah\u0131n qurbanlar\u0131d\u0131r \u201cM\u0259ni gec\u0259 yatd\u0131\u011f\u0131m ... Davam\u0131","og_url":"https:\/\/www.meydan.tv\/az\/article\/nikahlanmis-azyasli-qizlarin-yarimciq-hekayesi\/","og_site_name":"MEYDAN.TV","article_published_time":"2024-02-23T15:22:02+00:00","article_modified_time":"2024-02-23T15:22:11+00:00","og_image":[{"width":1200,"height":650,"url":"https:\/\/www.meydan.tv\/wp-content\/uploads\/384a996a-e7c4-4f66-8ba3-9022a127e48e-e1703844676834.jpeg","type":"image\/jpeg"}],"author":"mahmud","twitter_card":"summary_large_image","schema":{"@context":"https:\/\/schema.org","@graph":[{"@type":"Article","@id":"https:\/\/www.meydan.tv\/az\/article\/nikahlanmis-azyasli-qizlarin-yarimciq-hekayesi\/#article","isPartOf":{"@id":"https:\/\/www.meydan.tv\/az\/article\/nikahlanmis-azyasli-qizlarin-yarimciq-hekayesi\/"},"author":{"name":"mahmud","@id":"https:\/\/www.meydan.tv\/az\/#\/schema\/person\/09863e516102a829e72bedcf3f84c6b0"},"headline":"Nikahlanm\u0131\u015f azya\u015fl\u0131 q\u0131zlar\u0131n yar\u0131m\u00e7\u0131q hekay\u0259si","datePublished":"2024-02-23T15:22:02+00:00","dateModified":"2024-02-23T15:22:11+00:00","mainEntityOfPage":{"@id":"https:\/\/www.meydan.tv\/az\/article\/nikahlanmis-azyasli-qizlarin-yarimciq-hekayesi\/"},"wordCount":3380,"publisher":{"@id":"https:\/\/www.meydan.tv\/az\/#organization"},"image":{"@id":"https:\/\/www.meydan.tv\/az\/article\/nikahlanmis-azyasli-qizlarin-yarimciq-hekayesi\/#primaryimage"},"thumbnailUrl":"https:\/\/www.meydan.tv\/wp-content\/uploads\/384a996a-e7c4-4f66-8ba3-9022a127e48e-e1703844676834.jpeg","articleSection":["Sosial","T\u00f6vsiy\u0259","X\u0259b\u0259rl\u0259r"],"inLanguage":"az"},{"@type":"WebPage","@id":"https:\/\/www.meydan.tv\/az\/article\/nikahlanmis-azyasli-qizlarin-yarimciq-hekayesi\/","url":"https:\/\/www.meydan.tv\/az\/article\/nikahlanmis-azyasli-qizlarin-yarimciq-hekayesi\/","name":"Nikahlanm\u0131\u015f azya\u015fl\u0131 q\u0131zlar\u0131n yar\u0131m\u00e7\u0131q hekay\u0259si - MEYDAN.TV","isPartOf":{"@id":"https:\/\/www.meydan.tv\/az\/#website"},"primaryImageOfPage":{"@id":"https:\/\/www.meydan.tv\/az\/article\/nikahlanmis-azyasli-qizlarin-yarimciq-hekayesi\/#primaryimage"},"image":{"@id":"https:\/\/www.meydan.tv\/az\/article\/nikahlanmis-azyasli-qizlarin-yarimciq-hekayesi\/#primaryimage"},"thumbnailUrl":"https:\/\/www.meydan.tv\/wp-content\/uploads\/384a996a-e7c4-4f66-8ba3-9022a127e48e-e1703844676834.jpeg","datePublished":"2024-02-23T15:22:02+00:00","dateModified":"2024-02-23T15:22:11+00:00","breadcrumb":{"@id":"https:\/\/www.meydan.tv\/az\/article\/nikahlanmis-azyasli-qizlarin-yarimciq-hekayesi\/#breadcrumb"},"inLanguage":"az","potentialAction":[{"@type":"ReadAction","target":["https:\/\/www.meydan.tv\/az\/article\/nikahlanmis-azyasli-qizlarin-yarimciq-hekayesi\/"]}]},{"@type":"ImageObject","inLanguage":"az","@id":"https:\/\/www.meydan.tv\/az\/article\/nikahlanmis-azyasli-qizlarin-yarimciq-hekayesi\/#primaryimage","url":"https:\/\/www.meydan.tv\/wp-content\/uploads\/384a996a-e7c4-4f66-8ba3-9022a127e48e-e1703844676834.jpeg","contentUrl":"https:\/\/www.meydan.tv\/wp-content\/uploads\/384a996a-e7c4-4f66-8ba3-9022a127e48e-e1703844676834.jpeg","width":1200,"height":650,"caption":"Azya\u015fl\u0131lar\u0131n evl\u0259nm\u0259si. Foto: Meydan TV"},{"@type":"BreadcrumbList","@id":"https:\/\/www.meydan.tv\/az\/article\/nikahlanmis-azyasli-qizlarin-yarimciq-hekayesi\/#breadcrumb","itemListElement":[{"@type":"ListItem","position":1,"name":"Ana s\u0259hif\u0259","item":"https:\/\/www.meydan.tv\/az\/"},{"@type":"ListItem","position":2,"name":"Sosial","item":"https:\/\/www.meydan.tv\/az\/section\/sosial\/"},{"@type":"ListItem","position":3,"name":"Nikahlanm\u0131\u015f azya\u015fl\u0131 q\u0131zlar\u0131n yar\u0131m\u00e7\u0131q hekay\u0259si"}]},{"@type":"WebSite","@id":"https:\/\/www.meydan.tv\/az\/#website","url":"https:\/\/www.meydan.tv\/az\/","name":"MEYDAN.TV","description":"Meydan TV Az\u0259rbaycan\u0131n media m\u0259kan\u0131ndak\u0131 alternativ s\u0259sidir","publisher":{"@id":"https:\/\/www.meydan.tv\/az\/#organization"},"potentialAction":[{"@type":"SearchAction","target":{"@type":"EntryPoint","urlTemplate":"https:\/\/www.meydan.tv\/az\/?s={search_term_string}"},"query-input":{"@type":"PropertyValueSpecification","valueRequired":true,"valueName":"search_term_string"}}],"inLanguage":"az"},{"@type":"Organization","@id":"https:\/\/www.meydan.tv\/az\/#organization","name":"Meydan TV","url":"https:\/\/www.meydan.tv\/az\/","logo":{"@type":"ImageObject","inLanguage":"az","@id":"https:\/\/www.meydan.tv\/az\/#\/schema\/logo\/image\/","url":"https:\/\/www.meydan.tv\/wp-content\/uploads\/2021\/07\/meydan-logo.svg","contentUrl":"https:\/\/www.meydan.tv\/wp-content\/uploads\/2021\/07\/meydan-logo.svg","width":195,"height":46,"caption":"Meydan TV"},"image":{"@id":"https:\/\/www.meydan.tv\/az\/#\/schema\/logo\/image\/"}},{"@type":"Person","@id":"https:\/\/www.meydan.tv\/az\/#\/schema\/person\/09863e516102a829e72bedcf3f84c6b0","name":"mahmud"}]}},"_links":{"self":[{"href":"https:\/\/www.meydan.tv\/az\/wp-json\/wp\/v2\/posts\/299893","targetHints":{"allow":["GET"]}}],"collection":[{"href":"https:\/\/www.meydan.tv\/az\/wp-json\/wp\/v2\/posts"}],"about":[{"href":"https:\/\/www.meydan.tv\/az\/wp-json\/wp\/v2\/types\/post"}],"author":[{"embeddable":true,"href":"https:\/\/www.meydan.tv\/az\/wp-json\/wp\/v2\/users\/21"}],"replies":[{"embeddable":true,"href":"https:\/\/www.meydan.tv\/az\/wp-json\/wp\/v2\/comments?post=299893"}],"version-history":[{"count":1,"href":"https:\/\/www.meydan.tv\/az\/wp-json\/wp\/v2\/posts\/299893\/revisions"}],"predecessor-version":[{"id":299894,"href":"https:\/\/www.meydan.tv\/az\/wp-json\/wp\/v2\/posts\/299893\/revisions\/299894"}],"wp:featuredmedia":[{"embeddable":true,"href":"https:\/\/www.meydan.tv\/az\/wp-json\/wp\/v2\/media\/255401"}],"wp:attachment":[{"href":"https:\/\/www.meydan.tv\/az\/wp-json\/wp\/v2\/media?parent=299893"}],"wp:term":[{"taxonomy":"category","embeddable":true,"href":"https:\/\/www.meydan.tv\/az\/wp-json\/wp\/v2\/categories?post=299893"},{"taxonomy":"post_tag","embeddable":true,"href":"https:\/\/www.meydan.tv\/az\/wp-json\/wp\/v2\/tags?post=299893"}],"curies":[{"name":"wp","href":"https:\/\/api.w.org\/{rel}","templated":true}]}}