{"id":299755,"date":"2024-02-22T19:43:20","date_gmt":"2024-02-22T15:43:20","guid":{"rendered":"https:\/\/www.meydan.tv\/?p=299755"},"modified":"2024-02-22T19:43:23","modified_gmt":"2024-02-22T15:43:23","slug":"atis-talis-diline-tezyiqlerle-bagli-beyanat-yayib","status":"publish","type":"post","link":"https:\/\/www.meydan.tv\/az\/article\/atis-talis-diline-tezyiqlerle-bagli-beyanat-yayib\/","title":{"rendered":"AT\u0130\u015e tal\u0131\u015f dilin\u0259 t\u0259zyiql\u0259rl\u0259 ba\u011fl\u0131 b\u0259yanat yay\u0131b"},"content":{"rendered":"\n<p><\/p>\n\n\n\n<p><strong><em>&#8220;Tal\u0131\u015f dili Az\u0259rbaycanda t\u0259zyiq alt\u0131nda olan dill\u0259r s\u0131ras\u0131ndad\u0131r&#8221;<\/em><\/strong><\/p>\n\n\n\n<p>Az\u0259rbaycan Tal\u0131\u015flar\u0131n \u0130ctimai \u015euras\u0131 (AT\u0130\u015e) 21 fevral Beyn\u0259lxalq Ana Dili G\u00fcn\u00fc il\u0259 ba\u011fl\u0131 b\u0259yanat yay\u0131b.<\/p>\n\n\n\n<p>T\u0259\u015fkilat bildirib ki, tal\u0131\u015f dili statusu olmad\u0131\u011f\u0131na g\u00f6r\u0259 t\u0259zyiq alt\u0131nda olan dill\u0259rd\u0259ndir:<\/p>\n\n\n\n<p><em>&#8220;21 fevral d\u00fcnyada h\u0259r il Beyn\u0259lxalq Ana Dili G\u00fcn\u00fc kimi qeyd edilir. Ana dill\u0259ri basq\u0131 alt\u0131nda olan xalqlar v\u0259 etnoslar bu g\u00fcn\u00fc m\u0259xsusi qeyd edirl\u0259r. V\u0259t\u0259nimiz Az\u0259rbaycanda tal\u0131\u015f dili d\u0259 \u00f6z\u00fcn\u00fc statusuna, daha do\u011frusu statussuzlu\u011funa g\u00f6r\u0259 d\u00fcnyada t\u0259zyiq alt\u0131nda olan dill\u0259r s\u0131ras\u0131ndad\u0131r&#8221;<\/em>.<\/p>\n\n\n\n<p>AT\u0130\u015e qeyd edib ki, indiy\u0259 q\u0259d\u0259r Az\u0259rbaycan r\u0259smil\u0259ri onlar\u0131n bu probleml\u0259 ba\u011fl\u0131 m\u00fcraci\u0259tl\u0259rini cavabland\u0131rm\u0131r:<\/p>\n\n\n\n<p><em>&#8220;Az\u0259rbaycan Tal\u0131\u015flar\u0131n \u0130ctimai \u015euras\u0131 olaraq ill\u0259rdir ki, tal\u0131\u015f dilinin v\u0259ziyy\u0259ti, bu sah\u0259d\u0259 Az\u0259rbaycan Respublikas\u0131n\u0131n Konstitusiyas\u0131 v\u0259 d\u00f6vl\u0259timizin beyn\u0259lxalq s\u0259viyy\u0259d\u0259 \u00fcz\u0259rin\u0259 g\u00f6t\u00fcrd\u00fcy\u00fc \u00f6hd\u0259likl\u0259r\u0259 uy\u011fun olaraq t\u0259dbirl\u0259r g\u00f6r\u00fclm\u0259si il\u0259 ba\u011fl\u0131 Az\u0259rbaycan s\u0259lahiyy\u0259tlil\u0259rin\u0259 m\u00fcraci\u0259tl\u0259r \u00fcnvanlay\u0131r\u0131q. T\u0259\u0259ss\u00fcfl\u0259r olsun ki, bel\u0259 m\u00fcraci\u0259tl\u0259rin he\u00e7 biri cavabland\u0131r\u0131lm\u0131r. Bir t\u0259r\u0259fd\u0259n Az\u0259rbaycan h\u00f6kum\u0259ti bu sah\u0259d\u0259 h\u0259r\u0259k\u0259tsizlik v\u0259 s\u00fckut g\u00f6st\u0259rm\u0259kd\u0259 israrl\u0131 g\u00f6r\u00fcn\u00fcr, dig\u0259r t\u0259r\u0259fd\u0259n tal\u0131\u015f dilinin aradan \u00e7\u0131xmas\u0131 istiqam\u0259tind\u0259 ild\u0259n-il\u0259 basq\u0131lar\u0131 art\u0131r\u0131r&#8221;<\/em>.<\/p>\n\n\n\n<p>\u0130ctimai \u015eura tal\u0131\u015f dilinin sovet hakimiyy\u0259ti d\u00f6vr\u00fcnd\u0259 d\u0259 basq\u0131lara m\u0259ruz qald\u0131\u011f\u0131n\u0131 deyib:<\/p>\n\n\n\n<p><em>&#8220;Tal\u0131\u015f dili m\u0259nfur Stalin repressiyas\u0131na m\u0259ruz qal\u0131b. Amma SSR\u0130-nin son ill\u0259rind\u0259 tal\u0131\u015f dilinin t\u0259drisinin b\u0259rpas\u0131, bu dild\u0259 m\u0259tbuat v\u0259 radio yay\u0131m\u0131 il\u0259 ba\u011fl\u0131 x\u0131rda add\u0131mlar at\u0131ld\u0131. Az\u0259rbaycan Respublikas\u0131n\u0131n m\u00fcst\u0259qilliyi d\u00f6n\u0259mind\u0259 tal\u0131\u015f dilinin qorunmas\u0131 v\u0259 i\u015fl\u0259nm\u0259si il\u0259 ba\u011fl\u0131 t\u0259bii v\u0259ziyy\u0259tin b\u0259rpas\u0131na \u00fcmid olsa da, bu ba\u015f verm\u0259di, \u0259ksin\u0259 dilin t\u0259drisi il\u0259 ba\u011fl\u0131 sovet h\u00f6kum\u0259tind\u0259n qalan miras t\u0259zyiq alt\u0131na d\u00fc\u015f\u0259r\u0259k, 2017-2018-ci t\u0259dris ilind\u0259n etibar\u0259n ibtidai sinifl\u0259rd\u0259 tal\u0131\u015f dilinin t\u0259drisi hans\u0131sa Stalin\u00e7i nazirin \u0259mri il\u0259 50 faiz m\u0259hdudla\u015fd\u0131r\u0131l\u0131b&#8221;<\/em>.<\/p>\n\n\n\n<p><em>&#8220;Beyn\u0259lxalq Ana Dili G\u00fcn\u00fc il\u0259 ba\u011fl\u0131 L\u0259nk\u0259randa tal\u0131\u015f xan\u0131mlar\u0131n\u0131n m\u0259kt\u0259bli u\u015faqlara ana dilind\u0259 \u015feir s\u0259sl\u0259ndirm\u0259kl\u0259 ba\u011fl\u0131 t\u0259dbirinin polis t\u0259r\u0259find\u0259n qada\u011fan edilm\u0259si, t\u0259dbirin ke\u00e7irilm\u0259si \u00fc\u00e7\u00fcn n\u0259z\u0259rd\u0259 tutulan m\u00fc\u0259ssis\u0259nin r\u0259hb\u0259rin\u0259 polisin h\u0259d\u0259-qorxusu Respublikam\u0131zda tal\u0131\u015f dilinin t\u0259zyiq v\u0259 t\u0259qib alt\u0131nda olmas\u0131n\u0131n bariz n\u00fcmun\u0259sidir&#8221;<\/em>, &#8211; dey\u0259 AT\u0130\u015e b\u0259yan edib.<\/p>\n\n\n\n<p>T\u0259\u015fkilat tal\u0131\u015f dilin\u0259 indiki m\u00fcnasib\u0259ti Stalinin d\u00f6vr\u00fcnd\u0259ki t\u0259zyiql\u0259rl\u0259 m\u00fcqayis\u0259 edib:<\/p>\n\n\n\n<p><em>&#8220;Az\u0259rbaycan Respublikas\u0131n\u0131n \u0259razi b\u00fct\u00f6vl\u00fcy\u00fcn\u00fcn v\u0259 suverenliyinin t\u0259hdid alt\u0131nda oldu\u011fu ill\u0259rd\u0259 bu m\u0259s\u0259l\u0259d\u0259 Az\u0259rbaycan h\u00f6kum\u0259tinin apard\u0131\u011f\u0131 siyas\u0259ti hardasa ba\u015fa d\u00fc\u015fm\u0259k olard\u0131. Amma indiki \u015f\u0259raitd\u0259 &#8211; Az\u0259rbaycan Respublikas\u0131n\u0131n \u0259razi b\u00fct\u00f6vl\u00fcy\u00fcn\u00fcn tam b\u0259rpa edildiyi d\u00f6vrd\u0259 tal\u0131\u015f dilin\u0259 qar\u015f\u0131 Stalin repressiyas\u0131n\u0131n davam\u0131 ba\u015fa d\u00fc\u015f\u00fcl\u0259n deyil, bu siyas\u0259t bizim dilimizin tamamil\u0259 m\u0259hv edilm\u0259sin\u0259, onun assimilyasiya olunaraq tam s\u0131radan \u00e7\u0131xmas\u0131na hesablan\u0131b. H\u0259tta Beyn\u0259lxalq Ana Dili G\u00fcn\u00fcn\u0259 h\u0259sr olunmu\u015f t\u0259dbirl\u0259rd\u0259 bel\u0259 neobol\u015fevizm \u00f6z\u00fcn\u00fc ayd\u0131n \u015f\u0259kild\u0259 b\u00fcruz\u0259 verir. Bu m\u0259s\u0259l\u0259 il\u0259 ba\u011fl\u0131 tal\u0131\u015flar\u0131n kompakt ya\u015fad\u0131\u011f\u0131 \u0259razil\u0259rd\u0259ki m\u0259kt\u0259bl\u0259rd\u0259 ana dilind\u0259n &#8211; tal\u0131\u015f dilind\u0259n bir k\u0259lm\u0259 bel\u0259 k\u0259silmir, \u0259ksin\u0259 tal\u0131\u015f dili il\u0259 ba\u011fl\u0131 h\u00f6kum\u0259tin assimilyasiya siyas\u0259tin\u0259 d\u0259st\u0259k verilir&#8221;<\/em>.<\/p>\n\n\n\n<p><em>&#8220;Az\u0259rbaycan h\u00f6kum\u0259tinin ultramill\u0259t\u00e7i siyasi kursu qeyri-t\u00fcrk xalqlar\u0131 assimil\u0259 etm\u0259yi, \u00f6lk\u0259mizd\u0259 monoetnik quruculu\u011funu h\u0259d\u0259f g\u00f6t\u00fcr\u00fcb. Az\u0259rbaycan Tal\u0131\u015flar\u0131n \u0130ctimai \u015euras\u0131 olaraq Az\u0259rbaycan h\u00f6kum\u0259tinin bel\u0259 anti-b\u0259\u015f\u0259ri siyas\u0259tini pisl\u0259yirik. Az\u0259rbaycan\u00e7\u0131l\u0131q irq, etnos s\u0259viyy\u0259sind\u0259 deyil, v\u0259t\u0259nda\u015fl\u0131q s\u0259viyy\u0259sind\u0259 t\u0259bli\u011f v\u0259 t\u0259\u015fviq olunmal\u0131d\u0131r. Azad v\u0259t\u0259nda\u015f c\u0259miyy\u0259ti, h\u00fcquqi d\u00f6vl\u0259t quruculu\u011fu irq\u00e7ilik \u00fcz\u0259rind\u0259 deyil, v\u0259t\u0259nda\u015fl\u0131q \u00fcz\u0259rind\u0259 ba\u015f tuta bil\u0259r. Qabaqc\u0131l d\u00fcnyan\u0131n, sivil xalqlar\u0131n t\u0259cr\u00fcb\u0259si bunu bel\u0259 dikt\u0259 edir&#8221;<\/em>, &#8211; AT\u0130\u015e vur\u011fulay\u0131b.<\/p>\n\n\n\n<p><strong><em>L\u0259nk\u0259randa n\u0259 ba\u015f verib?<\/em><\/strong><\/p>\n\n\n\n<p>L\u0259nk\u0259randa Beyn\u0259lxalq Ana Dili G\u00fcn\u00fcn\u0259 h\u0259sr olunmu\u015f t\u0259dbirin ke\u00e7irilm\u0259sin\u0259 mane olundu\u011fu <a href=\"https:\/\/storage.googleapis.com\/qurium\/www.meydan.tv\/az-article-polisin-lenkeranda-ana-dili-gunune-hesr-olunmus-tedbire-mane-oldugu-deyilir.html?fbclid=IwAR1o-fNnEHy_j1gfa41WnC2Eou6q30EDvK8NiFeFJmu7s8SOldwHMg-wimU\">bildirilir<\/a>.<\/p>\n\n\n\n<p>T\u0259\u015fkilat\u00e7\u0131lardan K\u00f6n\u00fcl R\u0259sul Meydan TV-y\u0259 bildirib ki, t\u0259dbirin ke\u00e7irilm\u0259si bir ay \u00f6nc\u0259y\u0259 n\u0259z\u0259rd\u0259 tutulubmu\u015f.<\/p>\n\n\n\n<p>Bir g\u00fcn qalm\u0131\u015f is\u0259 L\u0259nk\u0259ran \u015e\u0259h\u0259r Polis \u0130dar\u0259sinin xidm\u0259t \u00fczr\u0259 r\u0259is m\u00fcavini \u0130ltifat Yusifov he\u00e7 bir s\u0259b\u0259b g\u0259tirm\u0259d\u0259n t\u0259dbirin ke\u00e7irilm\u0259sin\u0259 mane olub.<\/p>\n\n\n\n<p>K\u00f6n\u00fcl R\u0259sul bildirib ki, i\u015ftirak\u00e7\u0131 say\u0131n\u0131 30 n\u0259f\u0259r m\u00fc\u0259yy\u0259nl\u0259\u015fdiribl\u0259r. M\u0259rasimi \u0259vv\u0259lc\u0259 yanvar\u0131n 28-d\u0259 ke\u00e7irm\u0259yi q\u0259rara al\u0131blar, lakin onlara icaz\u0259 verilm\u0259yib.<\/p>\n\n\n\n<p>Sonradan t\u0259dbiri ke\u00e7irm\u0259y\u0259 yer tapmay\u0131blar. M\u0259s\u0259l\u0259y\u0259 polis m\u00fcdaxil\u0259si oldu\u011fu \u00fc\u00e7\u00fcn fevral\u0131n 21-n\u0259 q\u0259d\u0259r olan m\u00fcdd\u0259td\u0259 he\u00e7 k\u0259s onlara yer verm\u0259yib.<\/p>\n\n\n\n<p><strong><em>Daxili \u0130\u015fl\u0259r Nazirliyi n\u0259 deyir?<\/em><\/strong><\/p>\n\n\n\n<p>Daxili \u0130\u015fl\u0259r Nazirliyind\u0259n (D\u0130N) Meydan TV-y\u0259 bildirilib ki, t\u0259dbirin ke\u00e7irilm\u0259sin\u0259 ia\u015f\u0259 obyektinin icar\u0259dar\u0131 raz\u0131l\u0131q verm\u0259yib:<\/p>\n\n\n\n<p><em>&#8220;Yanvar\u0131n 26-da L\u0259nk\u0259ran \u015e\u0259h\u0259r Polis \u015f\u00f6b\u0259sin\u0259 \u015ea\u011flaser k\u0259ndind\u0259 ictimai ia\u015f\u0259 obyektind\u0259 k\u00fctl\u0259vi t\u0259dbir ke\u00e7iril\u0259c\u0259yi bar\u0259d\u0259 m\u0259lumat daxil olub. Rayon icra hakimiyy\u0259ti v\u0259 polis \u015f\u00f6b\u0259sinin \u0259m\u0259kda\u015flar\u0131 t\u0259r\u0259find\u0259n h\u0259min obyekti icar\u0259 \u0259sas\u0131nda \u00e7ayxana kimi i\u015fl\u0259d\u0259n \u015f\u0259xsl\u0259 \u0259laq\u0259 saxlan\u0131l\u0131b. \u0130car\u0259dar bildirib ki, h\u0259min obyektd\u0259 m\u00fcvafiq \u015f\u0259raitin olmad\u0131\u011f\u0131na g\u00f6r\u0259 t\u0259dbirin ke\u00e7irilm\u0259sin\u0259 onun t\u0259r\u0259find\u0259n raz\u0131l\u0131q verilm\u0259yib&#8221;<\/em>.<\/p>\n\n\n\n<p><em>&#8220;H\u0259min m\u0259s\u0259l\u0259 il\u0259 ba\u011fl\u0131 polis t\u0259r\u0259find\u0259n he\u00e7 kim saxlan\u0131lmay\u0131b, ictimai ia\u015f\u0259 obyektinin f\u0259aliyy\u0259tin\u0259 qada\u011fa qoyulmay\u0131b. \u0130ddialar \u0259sass\u0131zd\u0131r, \u015f\u0259xsi m\u00fclahiz\u0259l\u0259rdir\u201d<\/em>, &#8211; D\u0130N-d\u0259n sor\u011fumuza cavab olaraq bildirilib.<\/p>\n","protected":false},"excerpt":{"rendered":"<p>&#8220;Tal\u0131\u015f dili Az\u0259rbaycanda t\u0259zyiq alt\u0131nda olan dill\u0259r s\u0131ras\u0131ndad\u0131r&#8221; Az\u0259rbaycan Tal\u0131\u015flar\u0131n &#8230; <\/p>\n<p class=\"read-more-container\"><a title=\"AT\u0130\u015e tal\u0131\u015f dilin\u0259 t\u0259zyiql\u0259rl\u0259 ba\u011fl\u0131 b\u0259yanat yay\u0131b\" class=\"read-more button\" href=\"https:\/\/www.meydan.tv\/az\/article\/atis-talis-diline-tezyiqlerle-bagli-beyanat-yayib\/#more-299755\" aria-label=\"Read more about AT\u0130\u015e tal\u0131\u015f dilin\u0259 t\u0259zyiql\u0259rl\u0259 ba\u011fl\u0131 b\u0259yanat yay\u0131b\">Davam\u0131<\/a><\/p>\n","protected":false},"author":21,"featured_media":152033,"comment_status":"closed","ping_status":"closed","sticky":false,"template":"","format":"standard","meta":{"_acf_changed":false,"_sitemap_exclude":false,"_sitemap_priority":"","_sitemap_frequency":"","footnotes":""},"categories":[62,56],"tags":[],"class_list":["post-299755","post","type-post","status-publish","format-standard","has-post-thumbnail","hentry","category-sosial","category-xeberler","infinite-scroll-item","generate-columns","tablet-grid-50","mobile-grid-100","grid-parent","grid-33","no-featured-image-padding"],"acf":[],"yoast_head":"<!-- This site is optimized with the Yoast SEO plugin v27.5 - https:\/\/yoast.com\/product\/yoast-seo-wordpress\/ -->\n<title>AT\u0130\u015e tal\u0131\u015f dilin\u0259 t\u0259zyiql\u0259rl\u0259 ba\u011fl\u0131 b\u0259yanat yay\u0131b - MEYDAN.TV<\/title>\n<meta name=\"robots\" content=\"index, follow, max-snippet:-1, max-image-preview:large, max-video-preview:-1\" \/>\n<link rel=\"canonical\" href=\"https:\/\/www.meydan.tv\/az\/article\/atis-talis-diline-tezyiqlerle-bagli-beyanat-yayib\/\" \/>\n<meta property=\"og:locale\" content=\"az_AZ\" \/>\n<meta property=\"og:type\" content=\"article\" \/>\n<meta property=\"og:title\" content=\"AT\u0130\u015e tal\u0131\u015f dilin\u0259 t\u0259zyiql\u0259rl\u0259 ba\u011fl\u0131 b\u0259yanat yay\u0131b - MEYDAN.TV\" \/>\n<meta property=\"og:description\" content=\"&#8220;Tal\u0131\u015f dili Az\u0259rbaycanda t\u0259zyiq alt\u0131nda olan dill\u0259r s\u0131ras\u0131ndad\u0131r&#8221; Az\u0259rbaycan Tal\u0131\u015flar\u0131n ... Davam\u0131\" \/>\n<meta property=\"og:url\" content=\"https:\/\/www.meydan.tv\/az\/article\/atis-talis-diline-tezyiqlerle-bagli-beyanat-yayib\/\" \/>\n<meta property=\"og:site_name\" content=\"MEYDAN.TV\" \/>\n<meta property=\"article:published_time\" content=\"2024-02-22T15:43:20+00:00\" \/>\n<meta property=\"article:modified_time\" content=\"2024-02-22T15:43:23+00:00\" \/>\n<meta property=\"og:image\" content=\"https:\/\/www.meydan.tv\/wp-content\/uploads\/022100024906.jpg\" \/>\n\t<meta property=\"og:image:width\" content=\"800\" \/>\n\t<meta property=\"og:image:height\" content=\"533\" \/>\n\t<meta property=\"og:image:type\" content=\"image\/jpeg\" \/>\n<meta name=\"author\" content=\"mahmud\" \/>\n<meta name=\"twitter:card\" content=\"summary_large_image\" \/>\n<script type=\"application\/ld+json\" class=\"yoast-schema-graph\">{\"@context\":\"https:\\\/\\\/schema.org\",\"@graph\":[{\"@type\":\"Article\",\"@id\":\"https:\\\/\\\/www.meydan.tv\\\/az\\\/article\\\/atis-talis-diline-tezyiqlerle-bagli-beyanat-yayib\\\/#article\",\"isPartOf\":{\"@id\":\"https:\\\/\\\/www.meydan.tv\\\/az\\\/article\\\/atis-talis-diline-tezyiqlerle-bagli-beyanat-yayib\\\/\"},\"author\":{\"name\":\"mahmud\",\"@id\":\"https:\\\/\\\/www.meydan.tv\\\/az\\\/#\\\/schema\\\/person\\\/09863e516102a829e72bedcf3f84c6b0\"},\"headline\":\"AT\u0130\u015e tal\u0131\u015f dilin\u0259 t\u0259zyiql\u0259rl\u0259 ba\u011fl\u0131 b\u0259yanat yay\u0131b\",\"datePublished\":\"2024-02-22T15:43:20+00:00\",\"dateModified\":\"2024-02-22T15:43:23+00:00\",\"mainEntityOfPage\":{\"@id\":\"https:\\\/\\\/www.meydan.tv\\\/az\\\/article\\\/atis-talis-diline-tezyiqlerle-bagli-beyanat-yayib\\\/\"},\"wordCount\":1177,\"publisher\":{\"@id\":\"https:\\\/\\\/www.meydan.tv\\\/az\\\/#organization\"},\"image\":{\"@id\":\"https:\\\/\\\/www.meydan.tv\\\/az\\\/article\\\/atis-talis-diline-tezyiqlerle-bagli-beyanat-yayib\\\/#primaryimage\"},\"thumbnailUrl\":\"https:\\\/\\\/www.meydan.tv\\\/wp-content\\\/uploads\\\/022100024906.jpg\",\"articleSection\":[\"Sosial\",\"X\u0259b\u0259rl\u0259r\"],\"inLanguage\":\"az\"},{\"@type\":\"WebPage\",\"@id\":\"https:\\\/\\\/www.meydan.tv\\\/az\\\/article\\\/atis-talis-diline-tezyiqlerle-bagli-beyanat-yayib\\\/\",\"url\":\"https:\\\/\\\/www.meydan.tv\\\/az\\\/article\\\/atis-talis-diline-tezyiqlerle-bagli-beyanat-yayib\\\/\",\"name\":\"AT\u0130\u015e tal\u0131\u015f dilin\u0259 t\u0259zyiql\u0259rl\u0259 ba\u011fl\u0131 b\u0259yanat yay\u0131b - MEYDAN.TV\",\"isPartOf\":{\"@id\":\"https:\\\/\\\/www.meydan.tv\\\/az\\\/#website\"},\"primaryImageOfPage\":{\"@id\":\"https:\\\/\\\/www.meydan.tv\\\/az\\\/article\\\/atis-talis-diline-tezyiqlerle-bagli-beyanat-yayib\\\/#primaryimage\"},\"image\":{\"@id\":\"https:\\\/\\\/www.meydan.tv\\\/az\\\/article\\\/atis-talis-diline-tezyiqlerle-bagli-beyanat-yayib\\\/#primaryimage\"},\"thumbnailUrl\":\"https:\\\/\\\/www.meydan.tv\\\/wp-content\\\/uploads\\\/022100024906.jpg\",\"datePublished\":\"2024-02-22T15:43:20+00:00\",\"dateModified\":\"2024-02-22T15:43:23+00:00\",\"breadcrumb\":{\"@id\":\"https:\\\/\\\/www.meydan.tv\\\/az\\\/article\\\/atis-talis-diline-tezyiqlerle-bagli-beyanat-yayib\\\/#breadcrumb\"},\"inLanguage\":\"az\",\"potentialAction\":[{\"@type\":\"ReadAction\",\"target\":[\"https:\\\/\\\/www.meydan.tv\\\/az\\\/article\\\/atis-talis-diline-tezyiqlerle-bagli-beyanat-yayib\\\/\"]}]},{\"@type\":\"ImageObject\",\"inLanguage\":\"az\",\"@id\":\"https:\\\/\\\/www.meydan.tv\\\/az\\\/article\\\/atis-talis-diline-tezyiqlerle-bagli-beyanat-yayib\\\/#primaryimage\",\"url\":\"https:\\\/\\\/www.meydan.tv\\\/wp-content\\\/uploads\\\/022100024906.jpg\",\"contentUrl\":\"https:\\\/\\\/www.meydan.tv\\\/wp-content\\\/uploads\\\/022100024906.jpg\",\"width\":800,\"height\":533,\"caption\":\"Foto: arxiv\"},{\"@type\":\"BreadcrumbList\",\"@id\":\"https:\\\/\\\/www.meydan.tv\\\/az\\\/article\\\/atis-talis-diline-tezyiqlerle-bagli-beyanat-yayib\\\/#breadcrumb\",\"itemListElement\":[{\"@type\":\"ListItem\",\"position\":1,\"name\":\"Ana s\u0259hif\u0259\",\"item\":\"https:\\\/\\\/www.meydan.tv\\\/az\\\/\"},{\"@type\":\"ListItem\",\"position\":2,\"name\":\"Sosial\",\"item\":\"https:\\\/\\\/www.meydan.tv\\\/az\\\/section\\\/sosial\\\/\"},{\"@type\":\"ListItem\",\"position\":3,\"name\":\"AT\u0130\u015e tal\u0131\u015f dilin\u0259 t\u0259zyiql\u0259rl\u0259 ba\u011fl\u0131 b\u0259yanat yay\u0131b\"}]},{\"@type\":\"WebSite\",\"@id\":\"https:\\\/\\\/www.meydan.tv\\\/az\\\/#website\",\"url\":\"https:\\\/\\\/www.meydan.tv\\\/az\\\/\",\"name\":\"MEYDAN.TV\",\"description\":\"Meydan TV Az\u0259rbaycan\u0131n media m\u0259kan\u0131ndak\u0131 alternativ s\u0259sidir\",\"publisher\":{\"@id\":\"https:\\\/\\\/www.meydan.tv\\\/az\\\/#organization\"},\"potentialAction\":[{\"@type\":\"SearchAction\",\"target\":{\"@type\":\"EntryPoint\",\"urlTemplate\":\"https:\\\/\\\/www.meydan.tv\\\/az\\\/?s={search_term_string}\"},\"query-input\":{\"@type\":\"PropertyValueSpecification\",\"valueRequired\":true,\"valueName\":\"search_term_string\"}}],\"inLanguage\":\"az\"},{\"@type\":\"Organization\",\"@id\":\"https:\\\/\\\/www.meydan.tv\\\/az\\\/#organization\",\"name\":\"Meydan TV\",\"url\":\"https:\\\/\\\/www.meydan.tv\\\/az\\\/\",\"logo\":{\"@type\":\"ImageObject\",\"inLanguage\":\"az\",\"@id\":\"https:\\\/\\\/www.meydan.tv\\\/az\\\/#\\\/schema\\\/logo\\\/image\\\/\",\"url\":\"https:\\\/\\\/www.meydan.tv\\\/wp-content\\\/uploads\\\/2021\\\/07\\\/meydan-logo.svg\",\"contentUrl\":\"https:\\\/\\\/www.meydan.tv\\\/wp-content\\\/uploads\\\/2021\\\/07\\\/meydan-logo.svg\",\"width\":195,\"height\":46,\"caption\":\"Meydan TV\"},\"image\":{\"@id\":\"https:\\\/\\\/www.meydan.tv\\\/az\\\/#\\\/schema\\\/logo\\\/image\\\/\"}},{\"@type\":\"Person\",\"@id\":\"https:\\\/\\\/www.meydan.tv\\\/az\\\/#\\\/schema\\\/person\\\/09863e516102a829e72bedcf3f84c6b0\",\"name\":\"mahmud\"}]}<\/script>\n<!-- \/ Yoast SEO plugin. -->","yoast_head_json":{"title":"AT\u0130\u015e tal\u0131\u015f dilin\u0259 t\u0259zyiql\u0259rl\u0259 ba\u011fl\u0131 b\u0259yanat yay\u0131b - MEYDAN.TV","robots":{"index":"index","follow":"follow","max-snippet":"max-snippet:-1","max-image-preview":"max-image-preview:large","max-video-preview":"max-video-preview:-1"},"canonical":"https:\/\/www.meydan.tv\/az\/article\/atis-talis-diline-tezyiqlerle-bagli-beyanat-yayib\/","og_locale":"az_AZ","og_type":"article","og_title":"AT\u0130\u015e tal\u0131\u015f dilin\u0259 t\u0259zyiql\u0259rl\u0259 ba\u011fl\u0131 b\u0259yanat yay\u0131b - MEYDAN.TV","og_description":"&#8220;Tal\u0131\u015f dili Az\u0259rbaycanda t\u0259zyiq alt\u0131nda olan dill\u0259r s\u0131ras\u0131ndad\u0131r&#8221; Az\u0259rbaycan Tal\u0131\u015flar\u0131n ... Davam\u0131","og_url":"https:\/\/www.meydan.tv\/az\/article\/atis-talis-diline-tezyiqlerle-bagli-beyanat-yayib\/","og_site_name":"MEYDAN.TV","article_published_time":"2024-02-22T15:43:20+00:00","article_modified_time":"2024-02-22T15:43:23+00:00","og_image":[{"width":800,"height":533,"url":"https:\/\/www.meydan.tv\/wp-content\/uploads\/022100024906.jpg","type":"image\/jpeg"}],"author":"mahmud","twitter_card":"summary_large_image","schema":{"@context":"https:\/\/schema.org","@graph":[{"@type":"Article","@id":"https:\/\/www.meydan.tv\/az\/article\/atis-talis-diline-tezyiqlerle-bagli-beyanat-yayib\/#article","isPartOf":{"@id":"https:\/\/www.meydan.tv\/az\/article\/atis-talis-diline-tezyiqlerle-bagli-beyanat-yayib\/"},"author":{"name":"mahmud","@id":"https:\/\/www.meydan.tv\/az\/#\/schema\/person\/09863e516102a829e72bedcf3f84c6b0"},"headline":"AT\u0130\u015e tal\u0131\u015f dilin\u0259 t\u0259zyiql\u0259rl\u0259 ba\u011fl\u0131 b\u0259yanat yay\u0131b","datePublished":"2024-02-22T15:43:20+00:00","dateModified":"2024-02-22T15:43:23+00:00","mainEntityOfPage":{"@id":"https:\/\/www.meydan.tv\/az\/article\/atis-talis-diline-tezyiqlerle-bagli-beyanat-yayib\/"},"wordCount":1177,"publisher":{"@id":"https:\/\/www.meydan.tv\/az\/#organization"},"image":{"@id":"https:\/\/www.meydan.tv\/az\/article\/atis-talis-diline-tezyiqlerle-bagli-beyanat-yayib\/#primaryimage"},"thumbnailUrl":"https:\/\/www.meydan.tv\/wp-content\/uploads\/022100024906.jpg","articleSection":["Sosial","X\u0259b\u0259rl\u0259r"],"inLanguage":"az"},{"@type":"WebPage","@id":"https:\/\/www.meydan.tv\/az\/article\/atis-talis-diline-tezyiqlerle-bagli-beyanat-yayib\/","url":"https:\/\/www.meydan.tv\/az\/article\/atis-talis-diline-tezyiqlerle-bagli-beyanat-yayib\/","name":"AT\u0130\u015e tal\u0131\u015f dilin\u0259 t\u0259zyiql\u0259rl\u0259 ba\u011fl\u0131 b\u0259yanat yay\u0131b - MEYDAN.TV","isPartOf":{"@id":"https:\/\/www.meydan.tv\/az\/#website"},"primaryImageOfPage":{"@id":"https:\/\/www.meydan.tv\/az\/article\/atis-talis-diline-tezyiqlerle-bagli-beyanat-yayib\/#primaryimage"},"image":{"@id":"https:\/\/www.meydan.tv\/az\/article\/atis-talis-diline-tezyiqlerle-bagli-beyanat-yayib\/#primaryimage"},"thumbnailUrl":"https:\/\/www.meydan.tv\/wp-content\/uploads\/022100024906.jpg","datePublished":"2024-02-22T15:43:20+00:00","dateModified":"2024-02-22T15:43:23+00:00","breadcrumb":{"@id":"https:\/\/www.meydan.tv\/az\/article\/atis-talis-diline-tezyiqlerle-bagli-beyanat-yayib\/#breadcrumb"},"inLanguage":"az","potentialAction":[{"@type":"ReadAction","target":["https:\/\/www.meydan.tv\/az\/article\/atis-talis-diline-tezyiqlerle-bagli-beyanat-yayib\/"]}]},{"@type":"ImageObject","inLanguage":"az","@id":"https:\/\/www.meydan.tv\/az\/article\/atis-talis-diline-tezyiqlerle-bagli-beyanat-yayib\/#primaryimage","url":"https:\/\/www.meydan.tv\/wp-content\/uploads\/022100024906.jpg","contentUrl":"https:\/\/www.meydan.tv\/wp-content\/uploads\/022100024906.jpg","width":800,"height":533,"caption":"Foto: arxiv"},{"@type":"BreadcrumbList","@id":"https:\/\/www.meydan.tv\/az\/article\/atis-talis-diline-tezyiqlerle-bagli-beyanat-yayib\/#breadcrumb","itemListElement":[{"@type":"ListItem","position":1,"name":"Ana s\u0259hif\u0259","item":"https:\/\/www.meydan.tv\/az\/"},{"@type":"ListItem","position":2,"name":"Sosial","item":"https:\/\/www.meydan.tv\/az\/section\/sosial\/"},{"@type":"ListItem","position":3,"name":"AT\u0130\u015e tal\u0131\u015f dilin\u0259 t\u0259zyiql\u0259rl\u0259 ba\u011fl\u0131 b\u0259yanat yay\u0131b"}]},{"@type":"WebSite","@id":"https:\/\/www.meydan.tv\/az\/#website","url":"https:\/\/www.meydan.tv\/az\/","name":"MEYDAN.TV","description":"Meydan TV Az\u0259rbaycan\u0131n media m\u0259kan\u0131ndak\u0131 alternativ s\u0259sidir","publisher":{"@id":"https:\/\/www.meydan.tv\/az\/#organization"},"potentialAction":[{"@type":"SearchAction","target":{"@type":"EntryPoint","urlTemplate":"https:\/\/www.meydan.tv\/az\/?s={search_term_string}"},"query-input":{"@type":"PropertyValueSpecification","valueRequired":true,"valueName":"search_term_string"}}],"inLanguage":"az"},{"@type":"Organization","@id":"https:\/\/www.meydan.tv\/az\/#organization","name":"Meydan TV","url":"https:\/\/www.meydan.tv\/az\/","logo":{"@type":"ImageObject","inLanguage":"az","@id":"https:\/\/www.meydan.tv\/az\/#\/schema\/logo\/image\/","url":"https:\/\/www.meydan.tv\/wp-content\/uploads\/2021\/07\/meydan-logo.svg","contentUrl":"https:\/\/www.meydan.tv\/wp-content\/uploads\/2021\/07\/meydan-logo.svg","width":195,"height":46,"caption":"Meydan TV"},"image":{"@id":"https:\/\/www.meydan.tv\/az\/#\/schema\/logo\/image\/"}},{"@type":"Person","@id":"https:\/\/www.meydan.tv\/az\/#\/schema\/person\/09863e516102a829e72bedcf3f84c6b0","name":"mahmud"}]}},"_links":{"self":[{"href":"https:\/\/www.meydan.tv\/az\/wp-json\/wp\/v2\/posts\/299755","targetHints":{"allow":["GET"]}}],"collection":[{"href":"https:\/\/www.meydan.tv\/az\/wp-json\/wp\/v2\/posts"}],"about":[{"href":"https:\/\/www.meydan.tv\/az\/wp-json\/wp\/v2\/types\/post"}],"author":[{"embeddable":true,"href":"https:\/\/www.meydan.tv\/az\/wp-json\/wp\/v2\/users\/21"}],"replies":[{"embeddable":true,"href":"https:\/\/www.meydan.tv\/az\/wp-json\/wp\/v2\/comments?post=299755"}],"version-history":[{"count":2,"href":"https:\/\/www.meydan.tv\/az\/wp-json\/wp\/v2\/posts\/299755\/revisions"}],"predecessor-version":[{"id":299757,"href":"https:\/\/www.meydan.tv\/az\/wp-json\/wp\/v2\/posts\/299755\/revisions\/299757"}],"wp:featuredmedia":[{"embeddable":true,"href":"https:\/\/www.meydan.tv\/az\/wp-json\/wp\/v2\/media\/152033"}],"wp:attachment":[{"href":"https:\/\/www.meydan.tv\/az\/wp-json\/wp\/v2\/media?parent=299755"}],"wp:term":[{"taxonomy":"category","embeddable":true,"href":"https:\/\/www.meydan.tv\/az\/wp-json\/wp\/v2\/categories?post=299755"},{"taxonomy":"post_tag","embeddable":true,"href":"https:\/\/www.meydan.tv\/az\/wp-json\/wp\/v2\/tags?post=299755"}],"curies":[{"name":"wp","href":"https:\/\/api.w.org\/{rel}","templated":true}]}}