{"id":299732,"date":"2024-02-22T16:48:39","date_gmt":"2024-02-22T12:48:39","guid":{"rendered":"https:\/\/www.meydan.tv\/?p=299732"},"modified":"2024-03-01T12:51:39","modified_gmt":"2024-03-01T08:51:39","slug":"beyleqan-isgenceleri-necmeddin-sadiqovla-mais-berxudarovun-dindirilmesi-teleb-olunur","status":"publish","type":"post","link":"https:\/\/www.meydan.tv\/az\/article\/beyleqan-isgenceleri-necmeddin-sadiqovla-mais-berxudarovun-dindirilmesi-teleb-olunur\/","title":{"rendered":"Beyl\u0259qan i\u015fg\u0259nc\u0259l\u0259ri: N\u0259cm\u0259ddin Sad\u0131xovla Mais B\u0259rxudarovun dindirilm\u0259si t\u0259l\u0259b olunur"},"content":{"rendered":"\n<p><\/p>\n\n\n\n<p><em><strong>H\u0259rb\u00e7il\u0259rin apelyasiya \u015fikay\u0259tin\u0259 bax\u0131l\u0131r<\/strong><\/em><\/p>\n\n\n\n<p>2017-ci ilin may\u0131nda T\u0259rt\u0259rd\u0259 y\u00fczl\u0259rl\u0259 \u0259sg\u0259r v\u0259 zabit\u0259 k\u00fctl\u0259vi \u015f\u0259kild\u0259 i\u015fg\u0259nc\u0259 veril\u0259rk\u0259n paralel \u015f\u0259kild\u0259 Beyl\u0259qanda da ya\u015fanm\u0131\u015f b\u0259nz\u0259r hadis\u0259l\u0259rl\u0259 ba\u011fl\u0131 h\u00f6kmd\u0259n apelyasiya \u015fikay\u0259ti verilib. Beyl\u0259qan i\u015fg\u0259nc\u0259l\u0259rin\u0259 g\u00f6r\u0259 biri general olmaqla, \u00fcmumilikd\u0259 5 n\u0259f\u0259r h\u0259bsd\u0259dir. Onlar Bak\u0131 H\u0259rbi M\u0259hk\u0259m\u0259sinin s\u0259dri Zeynal A\u011fayevin bu cinay\u0259t i\u015fini obyektiv ara\u015fd\u0131rmad\u0131\u011f\u0131n\u0131 deyirl\u0259r.<\/p>\n\n\n\n<p>Beyl\u0259qan hadis\u0259l\u0259rin\u0259 g\u00f6r\u0259 c\u0259zaland\u0131r\u0131lan 5 n\u0259f\u0259r bunlard\u0131r: M\u00fcdafi\u0259 Nazirliyinin \u015e\u0259xsi Hey\u0259t Ba\u015f \u0130dar\u0259sinin \u0130deoloji \u0130\u015f v\u0259 M\u0259n\u0259vi-Psixoloji T\u0259minat \u0130dar\u0259sinin ke\u00e7mi\u015f r\u0259isi, 2017-ci ild\u0259 Beyl\u0259qan korpusunda q\u0259rargah r\u0259isi i\u015fl\u0259mi\u015f general-mayor B\u0259kir Orucov, nazirliyin H\u00fcquq \u0130dar\u0259sinin t\u0259hqiqat\u00e7\u0131s\u0131 olmu\u015f, hadis\u0259l\u0259r ba\u015f ver\u0259nd\u0259 Beyl\u0259qana ezam edil\u0259n \u0130ntiqam M\u0259mm\u0259dov, Beyl\u0259qan korpusunun t\u0259hqiqat b\u00f6lm\u0259sinin sabiq r\u0259is m\u00fcavini Rahib M\u0259mm\u0259dov, snayper b\u00f6l\u00fcy\u00fcn\u00fcn ke\u00e7mi\u015f komandiri, polkovnik-leytenant Ziya Kaz\u0131mov v\u0259 korpusun t\u0259limat\u00e7\u0131s\u0131 \u00dclvi R\u0259\u015fidov.<\/p>\n\n\n\n<p>Bak\u0131 H\u0259rbi M\u0259hk\u0259m\u0259sinin h\u00f6km\u00fcyl\u0259 \u0130ntiqam v\u0259 Rahib M\u0259mm\u0259dovlar 6 il 6 ay, general da daxil olmaqla, dig\u0259r 3 n\u0259f\u0259r is\u0259 9 il 6 ay azadl\u0131qdan m\u0259hrum edilib.<\/p>\n\n\n\n<p>Onlar bu h\u00f6km\u00fc qanunsuz v\u0259 \u0259sass\u0131z hesab edir, Beyl\u0259qandak\u0131 i\u015fg\u0259nc\u0259l\u0259r\u0259, o c\u00fcml\u0259d\u0259n bir n\u0259f\u0259r zabitin \u2013 leytenant Adil Sabirlinin \u00f6l\u00fcm\u00fcn\u0259 aidiyy\u0259tl\u0259ri olmad\u0131\u011f\u0131 halda, haqs\u0131z c\u0259zaland\u0131r\u0131ld\u0131qlar\u0131n\u0131 bildirirl\u0259r.<\/p>\n\n\n\n<p>Onlar\u0131n \u015fikay\u0259tl\u0259rin\u0259 Bak\u0131 Apelyasiya M\u0259hk\u0259m\u0259sind\u0259 bax\u0131l\u0131r. Hakim Elmar R\u0259himovun s\u0259drliyil\u0259 ke\u00e7iril\u0259n ilkin iclasda m\u0259hk\u0259m\u0259 t\u0259qsirl\u0259ndiril\u0259n \u015f\u0259xsl\u0259r v\u0259 onlar\u0131n v\u0259kill\u0259ri bir s\u0131ra v\u0259sat\u0259tl\u0259r qald\u0131r\u0131blar.<\/p>\n\n\n\n<p>V\u0259kil B\u0259hruz Bayramov t\u0259qsirl\u0259ndiril\u0259n \u015f\u0259xsl\u0259rin m\u0259hk\u0259m\u0259 \u00f6n\u00fcnd\u0259 qandall\u0131 v\u0259ziyy\u0259td\u0259 saxlanmas\u0131na etiraz edib. V\u0259kil bildirib ki, qandall\u0131 v\u0259ziyy\u0259td\u0259 m\u00fchakim\u0259 olunan \u015f\u0259xsl\u0259rd\u0259n biri \u2013 polkovnik Ziya Kaz\u0131movun torpaqlar\u0131n i\u015f\u011faldan azad olunmas\u0131nda m\u00fcst\u0259sna xidm\u0259tl\u0259ri olub:<\/p>\n\n\n\n<p><em>\u201cZiya Kaz\u0131movun ist\u0259r 2020-ci ild\u0259 44 g\u00fcnl\u00fck m\u00fcharib\u0259d\u0259, ist\u0259rs\u0259 d\u0259 2023-c\u00fc ilin sentyabr\u0131nda anti-terror \u0259m\u0259liyyatlar\u0131nda m\u00fcst\u0259sna xidm\u0259tl\u0259ri olub. Bu adam yaral\u0131 v\u0259ziyy\u0259td\u0259 d\u00f6y\u00fc\u015f\u00fcb, \u015eu\u015fan\u0131n azad olunmas\u0131nda onun birba\u015fa rolu var. Yaxud da 2023-c\u00fc ilin sentyabr\u0131nda anti-terror \u0259m\u0259liyyatlar\u0131nda Ziya Kaz\u0131movun xidm\u0259tl\u0259ri h\u0259rbi sah\u0259d\u0259 \u00e7al\u0131\u015fanlara m\u0259lumdur. Bel\u0259 bir adam\u0131 he\u00e7 bir s\u00fcbut-d\u0259lil olmad\u0131\u011f\u0131 halda, ona aidiyy\u0259ti olmayan cinay\u0259t\u0259 g\u00f6r\u0259 9 il 6 ay azadl\u0131qdan m\u0259hrum edibl\u0259r. M\u0259hk\u0259m\u0259d\u0259 he\u00e7 kim dem\u0259di ki, Ziya m\u0259n\u0259 i\u015fg\u0259nc\u0259 verib. \u018fg\u0259r bu m\u0259hk\u0259m\u0259 d\u0259 i\u015f\u0259 Bak\u0131 H\u0259rbi M\u0259hk\u0259m\u0259si kimi yana\u015facaqsa, o zaman he\u00e7 vaxt itkisin\u0259 ehtiyac yoxdur, bird\u0259f\u0259lik q\u0259rar\u0131 elan el\u0259yin\u201d<\/em>.<\/p>\n\n\n\n<p>V\u0259kil \u0259lav\u0259 edib ki, general\u0131n da qandall\u0131 v\u0259ziyy\u0259td\u0259 saxlanmas\u0131 do\u011fru deyil.<\/p>\n\n\n\n<p>Bundan sonra hakim qandallar\u0131n a\u00e7\u0131lmas\u0131na g\u00f6st\u0259ri\u015f verib.<\/p>\n\n\n\n<p>V\u0259kill\u0259rin \u0259sas naraz\u0131l\u0131\u011f\u0131 h\u0259m d\u0259 ondand\u0131r ki, Bak\u0131 H\u0259rbi M\u0259hk\u0259m\u0259sinin s\u0259dri Beyl\u0259qan hadis\u0259l\u0259rinin obyektiv ara\u015fd\u0131r\u0131lmas\u0131 \u00fc\u00e7\u00fcn laz\u0131m olan add\u0131mlar\u0131 atmay\u0131b. V\u0259kill\u0259r bu hadis\u0259l\u0259rd\u0259 birba\u015fa rolu olmu\u015f v\u0259zif\u0259li \u015f\u0259xsl\u0259rin \u00e7a\u011f\u0131r\u0131l\u0131b dindirilm\u0259si bar\u0259d\u0259 d\u0259f\u0259l\u0259rl\u0259 v\u0259sat\u0259tl\u0259r qald\u0131rsalar da, m\u0259hk\u0259m\u0259 t\u0259min etm\u0259y\u0259r\u0259k, h\u0259min adamlar\u0131 dindirm\u0259kd\u0259n imtina edib.<\/p>\n\n\n\n<p>V\u0259kill\u0259r eyni v\u0259sat\u0259tl\u0259ri apelyasiya m\u0259hk\u0259m\u0259sind\u0259 d\u0259 qald\u0131r\u0131blar. M\u00fcdafi\u0259\u00e7il\u0259r bildirib ki, bu adamlar dindirilm\u0259d\u0259n obyektiv, \u0259dal\u0259tli q\u0259rar \u00e7\u0131xarmaq m\u00fcmk\u00fcn deyil. \u00c7\u00fcnki Beyl\u0259qan korpusunda h\u0259rb\u00e7il\u0259rin sor\u011fu-suala \u00e7\u0259kilm\u0259si, i\u015fg\u0259nc\u0259y\u0259 m\u0259ruz qalmas\u0131 birba\u015fa korpus komandiri Mais B\u0259rxudarovun, onun m\u00fcavini El\u015fad \u018fbilovun g\u00f6st\u0259ri\u015fi v\u0259 n\u0259zar\u0259ti il\u0259 h\u0259yata ke\u00e7irilib. Lakin bu \u015f\u0259xsl\u0259r n\u0259inki cinay\u0259t m\u0259suliyy\u0259tind\u0259n k\u0259narda qal\u0131b, h\u0259tta \u00e7a\u011f\u0131r\u0131l\u0131b \u015fahid qismind\u0259 d\u0259 dindirilm\u0259yib.<\/p>\n\n\n\n<p>V\u0259kill\u0259r ke\u00e7mi\u015f Ba\u015f Q\u0259rargah r\u0259isi N\u0259cm\u0259ddin Sad\u0131xovun, korpus komandiri, general-leytenant Mais B\u0259rxudarovun, El\u015fad \u018fbilovun m\u0259hk\u0259m\u0259d\u0259 dindirilm\u0259si bar\u0259d\u0259 yenid\u0259n v\u0259sat\u0259t qald\u0131r\u0131blar. Onlar h\u0259m\u00e7inin apelyasiya \u015fikay\u0259tl\u0259rin\u0259 m\u0259hk\u0259m\u0259 istintaq\u0131 apar\u0131lmaqla bax\u0131lmas\u0131n\u0131 \u2013 \u015fahidl\u0259rin v\u0259 z\u0259r\u0259r\u00e7\u0259kmi\u015fl\u0259rin dindirilm\u0259sini, s\u00fcbutlar\u0131n ara\u015fd\u0131r\u0131lmas\u0131n\u0131 ist\u0259yibl\u0259r.<\/p>\n\n\n\n<p>Lakin Elmar R\u0259himovun s\u0259drlik etdiyi hakiml\u0259r kollegiyas\u0131 qald\u0131r\u0131lan v\u0259sat\u0259tl\u0259rin he\u00e7 birini t\u0259min etm\u0259yib. \u015eikay\u0259tl\u0259r\u0259 m\u0259hk\u0259m\u0259 istintaq\u0131 apar\u0131lmadan bax\u0131lmas\u0131na q\u0259rar verilib. Hakim bildirib ki, \u0259g\u0259r prosesin gedi\u015find\u0259 z\u0259rur\u0259t yaransa, qism\u0259n istintaq ke\u00e7irilm\u0259kl\u0259 bax\u0131la bil\u0259r.<\/p>\n\n\n\n<p>M\u0259hk\u0259m\u0259 bax\u0131\u015f\u0131 fevral\u0131n 28-n\u0259 t\u0259yin olunub.<\/p>\n\n\n\n<p>2017-ci ild\u0259 Beyl\u0259qanda x\u0259yan\u0259t \u015f\u00fcbh\u0259siyl\u0259 60-dan \u00e7ox h\u0259rb\u00e7iy\u0259 i\u015fg\u0259nc\u0259 verildiyi iddia olunur. N\u0259tic\u0259d\u0259 zabitl\u0259rd\u0259n biri \u2013 leytenant Adil Sabirli h\u0259yat\u0131n\u0131 itirib.<\/p>\n\n\n\n<p>T\u0259qsirl\u0259ndiril\u0259n general B\u0259kir Orucov m\u0259hk\u0259m\u0259d\u0259 bildirib ki, ist\u0259r T\u0259rt\u0259r, ist\u0259rs\u0259 d\u0259 Beyl\u0259qandak\u0131 i\u015fg\u0259nc\u0259l\u0259rd\u0259n M\u00fcdafi\u0259 naziri Zakir H\u0259s\u0259novun, o vaxtk\u0131 Ba\u015f Q\u0259rargah r\u0259isi N\u0259cm\u0259ddin Sad\u0131xovun v\u0259 nazirlikd\u0259ki ba\u015fqa y\u00fcks\u0259k v\u0259zif\u0259li \u015f\u0259xsl\u0259rin ham\u0131s\u0131n\u0131n x\u0259b\u0259ri olub. Onun s\u00f6zl\u0259rin\u0259 g\u00f6r\u0259, Beyl\u0259qan korpusunun r\u0259hb\u0259ri Mais B\u0259rxudarov h\u0259min hadis\u0259l\u0259r\u0259 birba\u015fa n\u0259zar\u0259t etdiyi halda, tamamil\u0259 k\u0259narda saxlan\u0131l\u0131b. B\u0259kir Orucov deyir ki, indi h\u0259min adamlar\u0131n \u0259v\u0259zin\u0259 onlar\u0131 qurban verirl\u0259r.<\/p>\n","protected":false},"excerpt":{"rendered":"<p>H\u0259rb\u00e7il\u0259rin apelyasiya \u015fikay\u0259tin\u0259 bax\u0131l\u0131r 2017-ci ilin may\u0131nda T\u0259rt\u0259rd\u0259 y\u00fczl\u0259rl\u0259 \u0259sg\u0259r &#8230; <\/p>\n<p class=\"read-more-container\"><a title=\"Beyl\u0259qan i\u015fg\u0259nc\u0259l\u0259ri: N\u0259cm\u0259ddin Sad\u0131xovla Mais B\u0259rxudarovun dindirilm\u0259si t\u0259l\u0259b olunur\" class=\"read-more button\" href=\"https:\/\/www.meydan.tv\/az\/article\/beyleqan-isgenceleri-necmeddin-sadiqovla-mais-berxudarovun-dindirilmesi-teleb-olunur\/#more-299732\" aria-label=\"Read more about Beyl\u0259qan i\u015fg\u0259nc\u0259l\u0259ri: N\u0259cm\u0259ddin Sad\u0131xovla Mais B\u0259rxudarovun dindirilm\u0259si t\u0259l\u0259b olunur\">Davam\u0131<\/a><\/p>\n","protected":false},"author":21,"featured_media":275216,"comment_status":"closed","ping_status":"closed","sticky":false,"template":"","format":"standard","meta":{"_acf_changed":false,"_sitemap_exclude":false,"_sitemap_priority":"","_sitemap_frequency":"","footnotes":""},"categories":[62,79,56],"tags":[],"class_list":["post-299732","post","type-post","status-publish","format-standard","has-post-thumbnail","hentry","category-sosial","category-featured","category-xeberler","infinite-scroll-item","generate-columns","tablet-grid-50","mobile-grid-100","grid-parent","grid-33","no-featured-image-padding"],"acf":[],"yoast_head":"<!-- This site is optimized with the Yoast SEO plugin v27.5 - https:\/\/yoast.com\/product\/yoast-seo-wordpress\/ -->\n<title>Beyl\u0259qan i\u015fg\u0259nc\u0259l\u0259ri: N\u0259cm\u0259ddin Sad\u0131xovla Mais B\u0259rxudarovun dindirilm\u0259si t\u0259l\u0259b olunur - MEYDAN.TV<\/title>\n<meta name=\"robots\" content=\"index, follow, max-snippet:-1, max-image-preview:large, max-video-preview:-1\" \/>\n<link rel=\"canonical\" href=\"https:\/\/www.meydan.tv\/az\/article\/beyleqan-isgenceleri-necmeddin-sadiqovla-mais-berxudarovun-dindirilmesi-teleb-olunur\/\" \/>\n<meta property=\"og:locale\" content=\"az_AZ\" \/>\n<meta property=\"og:type\" content=\"article\" \/>\n<meta property=\"og:title\" content=\"Beyl\u0259qan i\u015fg\u0259nc\u0259l\u0259ri: N\u0259cm\u0259ddin Sad\u0131xovla Mais B\u0259rxudarovun dindirilm\u0259si t\u0259l\u0259b olunur - MEYDAN.TV\" \/>\n<meta property=\"og:description\" content=\"H\u0259rb\u00e7il\u0259rin apelyasiya \u015fikay\u0259tin\u0259 bax\u0131l\u0131r 2017-ci ilin may\u0131nda T\u0259rt\u0259rd\u0259 y\u00fczl\u0259rl\u0259 \u0259sg\u0259r ... Davam\u0131\" \/>\n<meta property=\"og:url\" content=\"https:\/\/www.meydan.tv\/az\/article\/beyleqan-isgenceleri-necmeddin-sadiqovla-mais-berxudarovun-dindirilmesi-teleb-olunur\/\" \/>\n<meta property=\"og:site_name\" content=\"MEYDAN.TV\" \/>\n<meta property=\"article:published_time\" content=\"2024-02-22T12:48:39+00:00\" \/>\n<meta property=\"article:modified_time\" content=\"2024-03-01T08:51:39+00:00\" \/>\n<meta property=\"og:image\" content=\"https:\/\/www.meydan.tv\/wp-content\/uploads\/img_9931.jpg\" \/>\n\t<meta property=\"og:image:width\" content=\"1200\" \/>\n\t<meta property=\"og:image:height\" content=\"800\" \/>\n\t<meta property=\"og:image:type\" content=\"image\/jpeg\" \/>\n<meta name=\"author\" content=\"mahmud\" \/>\n<meta name=\"twitter:card\" content=\"summary_large_image\" \/>\n<script type=\"application\/ld+json\" class=\"yoast-schema-graph\">{\"@context\":\"https:\\\/\\\/schema.org\",\"@graph\":[{\"@type\":\"Article\",\"@id\":\"https:\\\/\\\/www.meydan.tv\\\/az\\\/article\\\/beyleqan-isgenceleri-necmeddin-sadiqovla-mais-berxudarovun-dindirilmesi-teleb-olunur\\\/#article\",\"isPartOf\":{\"@id\":\"https:\\\/\\\/www.meydan.tv\\\/az\\\/article\\\/beyleqan-isgenceleri-necmeddin-sadiqovla-mais-berxudarovun-dindirilmesi-teleb-olunur\\\/\"},\"author\":{\"name\":\"mahmud\",\"@id\":\"https:\\\/\\\/www.meydan.tv\\\/az\\\/#\\\/schema\\\/person\\\/09863e516102a829e72bedcf3f84c6b0\"},\"headline\":\"Beyl\u0259qan i\u015fg\u0259nc\u0259l\u0259ri: N\u0259cm\u0259ddin Sad\u0131xovla Mais B\u0259rxudarovun dindirilm\u0259si t\u0259l\u0259b olunur\",\"datePublished\":\"2024-02-22T12:48:39+00:00\",\"dateModified\":\"2024-03-01T08:51:39+00:00\",\"mainEntityOfPage\":{\"@id\":\"https:\\\/\\\/www.meydan.tv\\\/az\\\/article\\\/beyleqan-isgenceleri-necmeddin-sadiqovla-mais-berxudarovun-dindirilmesi-teleb-olunur\\\/\"},\"wordCount\":1108,\"publisher\":{\"@id\":\"https:\\\/\\\/www.meydan.tv\\\/az\\\/#organization\"},\"image\":{\"@id\":\"https:\\\/\\\/www.meydan.tv\\\/az\\\/article\\\/beyleqan-isgenceleri-necmeddin-sadiqovla-mais-berxudarovun-dindirilmesi-teleb-olunur\\\/#primaryimage\"},\"thumbnailUrl\":\"https:\\\/\\\/www.meydan.tv\\\/wp-content\\\/uploads\\\/img_9931.jpg\",\"articleSection\":[\"Sosial\",\"T\u00f6vsiy\u0259\",\"X\u0259b\u0259rl\u0259r\"],\"inLanguage\":\"az\"},{\"@type\":\"WebPage\",\"@id\":\"https:\\\/\\\/www.meydan.tv\\\/az\\\/article\\\/beyleqan-isgenceleri-necmeddin-sadiqovla-mais-berxudarovun-dindirilmesi-teleb-olunur\\\/\",\"url\":\"https:\\\/\\\/www.meydan.tv\\\/az\\\/article\\\/beyleqan-isgenceleri-necmeddin-sadiqovla-mais-berxudarovun-dindirilmesi-teleb-olunur\\\/\",\"name\":\"Beyl\u0259qan i\u015fg\u0259nc\u0259l\u0259ri: N\u0259cm\u0259ddin Sad\u0131xovla Mais B\u0259rxudarovun dindirilm\u0259si t\u0259l\u0259b olunur - MEYDAN.TV\",\"isPartOf\":{\"@id\":\"https:\\\/\\\/www.meydan.tv\\\/az\\\/#website\"},\"primaryImageOfPage\":{\"@id\":\"https:\\\/\\\/www.meydan.tv\\\/az\\\/article\\\/beyleqan-isgenceleri-necmeddin-sadiqovla-mais-berxudarovun-dindirilmesi-teleb-olunur\\\/#primaryimage\"},\"image\":{\"@id\":\"https:\\\/\\\/www.meydan.tv\\\/az\\\/article\\\/beyleqan-isgenceleri-necmeddin-sadiqovla-mais-berxudarovun-dindirilmesi-teleb-olunur\\\/#primaryimage\"},\"thumbnailUrl\":\"https:\\\/\\\/www.meydan.tv\\\/wp-content\\\/uploads\\\/img_9931.jpg\",\"datePublished\":\"2024-02-22T12:48:39+00:00\",\"dateModified\":\"2024-03-01T08:51:39+00:00\",\"breadcrumb\":{\"@id\":\"https:\\\/\\\/www.meydan.tv\\\/az\\\/article\\\/beyleqan-isgenceleri-necmeddin-sadiqovla-mais-berxudarovun-dindirilmesi-teleb-olunur\\\/#breadcrumb\"},\"inLanguage\":\"az\",\"potentialAction\":[{\"@type\":\"ReadAction\",\"target\":[\"https:\\\/\\\/www.meydan.tv\\\/az\\\/article\\\/beyleqan-isgenceleri-necmeddin-sadiqovla-mais-berxudarovun-dindirilmesi-teleb-olunur\\\/\"]}]},{\"@type\":\"ImageObject\",\"inLanguage\":\"az\",\"@id\":\"https:\\\/\\\/www.meydan.tv\\\/az\\\/article\\\/beyleqan-isgenceleri-necmeddin-sadiqovla-mais-berxudarovun-dindirilmesi-teleb-olunur\\\/#primaryimage\",\"url\":\"https:\\\/\\\/www.meydan.tv\\\/wp-content\\\/uploads\\\/img_9931.jpg\",\"contentUrl\":\"https:\\\/\\\/www.meydan.tv\\\/wp-content\\\/uploads\\\/img_9931.jpg\",\"width\":1200,\"height\":800,\"caption\":\"\\\"T\u0259rt\u0259r i\u015fi\\\". Foto: Meydan TV\"},{\"@type\":\"BreadcrumbList\",\"@id\":\"https:\\\/\\\/www.meydan.tv\\\/az\\\/article\\\/beyleqan-isgenceleri-necmeddin-sadiqovla-mais-berxudarovun-dindirilmesi-teleb-olunur\\\/#breadcrumb\",\"itemListElement\":[{\"@type\":\"ListItem\",\"position\":1,\"name\":\"Ana s\u0259hif\u0259\",\"item\":\"https:\\\/\\\/www.meydan.tv\\\/az\\\/\"},{\"@type\":\"ListItem\",\"position\":2,\"name\":\"Sosial\",\"item\":\"https:\\\/\\\/www.meydan.tv\\\/az\\\/section\\\/sosial\\\/\"},{\"@type\":\"ListItem\",\"position\":3,\"name\":\"Beyl\u0259qan i\u015fg\u0259nc\u0259l\u0259ri: N\u0259cm\u0259ddin Sad\u0131xovla Mais B\u0259rxudarovun dindirilm\u0259si t\u0259l\u0259b olunur\"}]},{\"@type\":\"WebSite\",\"@id\":\"https:\\\/\\\/www.meydan.tv\\\/az\\\/#website\",\"url\":\"https:\\\/\\\/www.meydan.tv\\\/az\\\/\",\"name\":\"MEYDAN.TV\",\"description\":\"Meydan TV Az\u0259rbaycan\u0131n media m\u0259kan\u0131ndak\u0131 alternativ s\u0259sidir\",\"publisher\":{\"@id\":\"https:\\\/\\\/www.meydan.tv\\\/az\\\/#organization\"},\"potentialAction\":[{\"@type\":\"SearchAction\",\"target\":{\"@type\":\"EntryPoint\",\"urlTemplate\":\"https:\\\/\\\/www.meydan.tv\\\/az\\\/?s={search_term_string}\"},\"query-input\":{\"@type\":\"PropertyValueSpecification\",\"valueRequired\":true,\"valueName\":\"search_term_string\"}}],\"inLanguage\":\"az\"},{\"@type\":\"Organization\",\"@id\":\"https:\\\/\\\/www.meydan.tv\\\/az\\\/#organization\",\"name\":\"Meydan TV\",\"url\":\"https:\\\/\\\/www.meydan.tv\\\/az\\\/\",\"logo\":{\"@type\":\"ImageObject\",\"inLanguage\":\"az\",\"@id\":\"https:\\\/\\\/www.meydan.tv\\\/az\\\/#\\\/schema\\\/logo\\\/image\\\/\",\"url\":\"https:\\\/\\\/www.meydan.tv\\\/wp-content\\\/uploads\\\/2021\\\/07\\\/meydan-logo.svg\",\"contentUrl\":\"https:\\\/\\\/www.meydan.tv\\\/wp-content\\\/uploads\\\/2021\\\/07\\\/meydan-logo.svg\",\"width\":195,\"height\":46,\"caption\":\"Meydan TV\"},\"image\":{\"@id\":\"https:\\\/\\\/www.meydan.tv\\\/az\\\/#\\\/schema\\\/logo\\\/image\\\/\"}},{\"@type\":\"Person\",\"@id\":\"https:\\\/\\\/www.meydan.tv\\\/az\\\/#\\\/schema\\\/person\\\/09863e516102a829e72bedcf3f84c6b0\",\"name\":\"mahmud\"}]}<\/script>\n<!-- \/ Yoast SEO plugin. -->","yoast_head_json":{"title":"Beyl\u0259qan i\u015fg\u0259nc\u0259l\u0259ri: N\u0259cm\u0259ddin Sad\u0131xovla Mais B\u0259rxudarovun dindirilm\u0259si t\u0259l\u0259b olunur - MEYDAN.TV","robots":{"index":"index","follow":"follow","max-snippet":"max-snippet:-1","max-image-preview":"max-image-preview:large","max-video-preview":"max-video-preview:-1"},"canonical":"https:\/\/www.meydan.tv\/az\/article\/beyleqan-isgenceleri-necmeddin-sadiqovla-mais-berxudarovun-dindirilmesi-teleb-olunur\/","og_locale":"az_AZ","og_type":"article","og_title":"Beyl\u0259qan i\u015fg\u0259nc\u0259l\u0259ri: N\u0259cm\u0259ddin Sad\u0131xovla Mais B\u0259rxudarovun dindirilm\u0259si t\u0259l\u0259b olunur - MEYDAN.TV","og_description":"H\u0259rb\u00e7il\u0259rin apelyasiya \u015fikay\u0259tin\u0259 bax\u0131l\u0131r 2017-ci ilin may\u0131nda T\u0259rt\u0259rd\u0259 y\u00fczl\u0259rl\u0259 \u0259sg\u0259r ... Davam\u0131","og_url":"https:\/\/www.meydan.tv\/az\/article\/beyleqan-isgenceleri-necmeddin-sadiqovla-mais-berxudarovun-dindirilmesi-teleb-olunur\/","og_site_name":"MEYDAN.TV","article_published_time":"2024-02-22T12:48:39+00:00","article_modified_time":"2024-03-01T08:51:39+00:00","og_image":[{"width":1200,"height":800,"url":"https:\/\/www.meydan.tv\/wp-content\/uploads\/img_9931.jpg","type":"image\/jpeg"}],"author":"mahmud","twitter_card":"summary_large_image","schema":{"@context":"https:\/\/schema.org","@graph":[{"@type":"Article","@id":"https:\/\/www.meydan.tv\/az\/article\/beyleqan-isgenceleri-necmeddin-sadiqovla-mais-berxudarovun-dindirilmesi-teleb-olunur\/#article","isPartOf":{"@id":"https:\/\/www.meydan.tv\/az\/article\/beyleqan-isgenceleri-necmeddin-sadiqovla-mais-berxudarovun-dindirilmesi-teleb-olunur\/"},"author":{"name":"mahmud","@id":"https:\/\/www.meydan.tv\/az\/#\/schema\/person\/09863e516102a829e72bedcf3f84c6b0"},"headline":"Beyl\u0259qan i\u015fg\u0259nc\u0259l\u0259ri: N\u0259cm\u0259ddin Sad\u0131xovla Mais B\u0259rxudarovun dindirilm\u0259si t\u0259l\u0259b olunur","datePublished":"2024-02-22T12:48:39+00:00","dateModified":"2024-03-01T08:51:39+00:00","mainEntityOfPage":{"@id":"https:\/\/www.meydan.tv\/az\/article\/beyleqan-isgenceleri-necmeddin-sadiqovla-mais-berxudarovun-dindirilmesi-teleb-olunur\/"},"wordCount":1108,"publisher":{"@id":"https:\/\/www.meydan.tv\/az\/#organization"},"image":{"@id":"https:\/\/www.meydan.tv\/az\/article\/beyleqan-isgenceleri-necmeddin-sadiqovla-mais-berxudarovun-dindirilmesi-teleb-olunur\/#primaryimage"},"thumbnailUrl":"https:\/\/www.meydan.tv\/wp-content\/uploads\/img_9931.jpg","articleSection":["Sosial","T\u00f6vsiy\u0259","X\u0259b\u0259rl\u0259r"],"inLanguage":"az"},{"@type":"WebPage","@id":"https:\/\/www.meydan.tv\/az\/article\/beyleqan-isgenceleri-necmeddin-sadiqovla-mais-berxudarovun-dindirilmesi-teleb-olunur\/","url":"https:\/\/www.meydan.tv\/az\/article\/beyleqan-isgenceleri-necmeddin-sadiqovla-mais-berxudarovun-dindirilmesi-teleb-olunur\/","name":"Beyl\u0259qan i\u015fg\u0259nc\u0259l\u0259ri: N\u0259cm\u0259ddin Sad\u0131xovla Mais B\u0259rxudarovun dindirilm\u0259si t\u0259l\u0259b olunur - MEYDAN.TV","isPartOf":{"@id":"https:\/\/www.meydan.tv\/az\/#website"},"primaryImageOfPage":{"@id":"https:\/\/www.meydan.tv\/az\/article\/beyleqan-isgenceleri-necmeddin-sadiqovla-mais-berxudarovun-dindirilmesi-teleb-olunur\/#primaryimage"},"image":{"@id":"https:\/\/www.meydan.tv\/az\/article\/beyleqan-isgenceleri-necmeddin-sadiqovla-mais-berxudarovun-dindirilmesi-teleb-olunur\/#primaryimage"},"thumbnailUrl":"https:\/\/www.meydan.tv\/wp-content\/uploads\/img_9931.jpg","datePublished":"2024-02-22T12:48:39+00:00","dateModified":"2024-03-01T08:51:39+00:00","breadcrumb":{"@id":"https:\/\/www.meydan.tv\/az\/article\/beyleqan-isgenceleri-necmeddin-sadiqovla-mais-berxudarovun-dindirilmesi-teleb-olunur\/#breadcrumb"},"inLanguage":"az","potentialAction":[{"@type":"ReadAction","target":["https:\/\/www.meydan.tv\/az\/article\/beyleqan-isgenceleri-necmeddin-sadiqovla-mais-berxudarovun-dindirilmesi-teleb-olunur\/"]}]},{"@type":"ImageObject","inLanguage":"az","@id":"https:\/\/www.meydan.tv\/az\/article\/beyleqan-isgenceleri-necmeddin-sadiqovla-mais-berxudarovun-dindirilmesi-teleb-olunur\/#primaryimage","url":"https:\/\/www.meydan.tv\/wp-content\/uploads\/img_9931.jpg","contentUrl":"https:\/\/www.meydan.tv\/wp-content\/uploads\/img_9931.jpg","width":1200,"height":800,"caption":"\"T\u0259rt\u0259r i\u015fi\". Foto: Meydan TV"},{"@type":"BreadcrumbList","@id":"https:\/\/www.meydan.tv\/az\/article\/beyleqan-isgenceleri-necmeddin-sadiqovla-mais-berxudarovun-dindirilmesi-teleb-olunur\/#breadcrumb","itemListElement":[{"@type":"ListItem","position":1,"name":"Ana s\u0259hif\u0259","item":"https:\/\/www.meydan.tv\/az\/"},{"@type":"ListItem","position":2,"name":"Sosial","item":"https:\/\/www.meydan.tv\/az\/section\/sosial\/"},{"@type":"ListItem","position":3,"name":"Beyl\u0259qan i\u015fg\u0259nc\u0259l\u0259ri: N\u0259cm\u0259ddin Sad\u0131xovla Mais B\u0259rxudarovun dindirilm\u0259si t\u0259l\u0259b olunur"}]},{"@type":"WebSite","@id":"https:\/\/www.meydan.tv\/az\/#website","url":"https:\/\/www.meydan.tv\/az\/","name":"MEYDAN.TV","description":"Meydan TV Az\u0259rbaycan\u0131n media m\u0259kan\u0131ndak\u0131 alternativ s\u0259sidir","publisher":{"@id":"https:\/\/www.meydan.tv\/az\/#organization"},"potentialAction":[{"@type":"SearchAction","target":{"@type":"EntryPoint","urlTemplate":"https:\/\/www.meydan.tv\/az\/?s={search_term_string}"},"query-input":{"@type":"PropertyValueSpecification","valueRequired":true,"valueName":"search_term_string"}}],"inLanguage":"az"},{"@type":"Organization","@id":"https:\/\/www.meydan.tv\/az\/#organization","name":"Meydan TV","url":"https:\/\/www.meydan.tv\/az\/","logo":{"@type":"ImageObject","inLanguage":"az","@id":"https:\/\/www.meydan.tv\/az\/#\/schema\/logo\/image\/","url":"https:\/\/www.meydan.tv\/wp-content\/uploads\/2021\/07\/meydan-logo.svg","contentUrl":"https:\/\/www.meydan.tv\/wp-content\/uploads\/2021\/07\/meydan-logo.svg","width":195,"height":46,"caption":"Meydan TV"},"image":{"@id":"https:\/\/www.meydan.tv\/az\/#\/schema\/logo\/image\/"}},{"@type":"Person","@id":"https:\/\/www.meydan.tv\/az\/#\/schema\/person\/09863e516102a829e72bedcf3f84c6b0","name":"mahmud"}]}},"_links":{"self":[{"href":"https:\/\/www.meydan.tv\/az\/wp-json\/wp\/v2\/posts\/299732","targetHints":{"allow":["GET"]}}],"collection":[{"href":"https:\/\/www.meydan.tv\/az\/wp-json\/wp\/v2\/posts"}],"about":[{"href":"https:\/\/www.meydan.tv\/az\/wp-json\/wp\/v2\/types\/post"}],"author":[{"embeddable":true,"href":"https:\/\/www.meydan.tv\/az\/wp-json\/wp\/v2\/users\/21"}],"replies":[{"embeddable":true,"href":"https:\/\/www.meydan.tv\/az\/wp-json\/wp\/v2\/comments?post=299732"}],"version-history":[{"count":3,"href":"https:\/\/www.meydan.tv\/az\/wp-json\/wp\/v2\/posts\/299732\/revisions"}],"predecessor-version":[{"id":300296,"href":"https:\/\/www.meydan.tv\/az\/wp-json\/wp\/v2\/posts\/299732\/revisions\/300296"}],"wp:featuredmedia":[{"embeddable":true,"href":"https:\/\/www.meydan.tv\/az\/wp-json\/wp\/v2\/media\/275216"}],"wp:attachment":[{"href":"https:\/\/www.meydan.tv\/az\/wp-json\/wp\/v2\/media?parent=299732"}],"wp:term":[{"taxonomy":"category","embeddable":true,"href":"https:\/\/www.meydan.tv\/az\/wp-json\/wp\/v2\/categories?post=299732"},{"taxonomy":"post_tag","embeddable":true,"href":"https:\/\/www.meydan.tv\/az\/wp-json\/wp\/v2\/tags?post=299732"}],"curies":[{"name":"wp","href":"https:\/\/api.w.org\/{rel}","templated":true}]}}