{"id":299680,"date":"2024-02-22T12:59:19","date_gmt":"2024-02-22T08:59:19","guid":{"rendered":"https:\/\/www.meydan.tv\/?p=299680"},"modified":"2024-02-22T13:58:45","modified_gmt":"2024-02-22T09:58:45","slug":"sedereke-yeni-icra-bascisi-teyin-edilib","status":"publish","type":"post","link":"https:\/\/www.meydan.tv\/az\/article\/sedereke-yeni-icra-bascisi-teyin-edilib\/","title":{"rendered":"S\u0259d\u0259r\u0259y\u0259 yeni icra ba\u015f\u00e7\u0131s\u0131 t\u0259yin edilib"},"content":{"rendered":"\n<p><\/p>\n\n\n\n<p><strong><em>\u0130lham \u018fliyev s\u0259r\u0259ncam imzalay\u0131b<\/em><\/strong><\/p>\n\n\n\n<p>Naim Cahidzad\u0259 Nax\u00e7\u0131van Muxtar Respublikas\u0131 S\u0259d\u0259r\u0259k rayon icra hakimiyy\u0259tinin ba\u015f\u00e7\u0131s\u0131 t\u0259yin edilib.<\/p>\n\n\n\n<p>Bu bar\u0259d\u0259 \u00f6lk\u0259 ba\u015f\u00e7\u0131s\u0131 \u0130lham \u018fliyev fevral\u0131n 21-d\u0259 s\u0259r\u0259ncam <a href=\"https:\/\/president.az\/az\/articles\/view\/64440\">imzalay\u0131b<\/a>.<\/p>\n\n\n\n<p>Prezident \u0130lham \u018fliyev 2023-c\u00fc ilin avqustunda S\u0259d\u0259r\u0259k rayon icra hakimiyy\u0259tinin ba\u015f\u00e7\u0131s\u0131 Mahir\u0259 Adnayevan\u0131 v\u0259zif\u0259sind\u0259n azad etmi\u015fdi.<\/p>\n\n\n\n<p>Mahir\u0259 Adnayeva 2021-ci ild\u0259n S\u0259d\u0259r\u0259k rayonunun icra ba\u015f\u00e7\u0131s\u0131 <a href=\"https:\/\/storage.googleapis.com\/qurium\/www.meydan.tv\/az-article-ilham-eliyevi-icra-bascisini-isden-cixartdi.html\">idi<\/a>.<\/p>\n\n\n\n<p>Yeni icra ba\u015f\u00e7\u0131s\u0131 Naim Cahidzad\u0259 1989-cu ild\u0259 \u015eahbuz rayonunda do\u011fulub.<\/p>\n\n\n\n<p>O, Nax\u00e7\u0131van D\u00f6vl\u0259t Universitetinin \u0130qtisad fak\u00fclt\u0259sini bitirib.<\/p>\n\n\n\n<p>N.Cahidzad\u0259 \u0259m\u0259k f\u0259aliyy\u0259tin\u0259 2011-ci ild\u0259n Nax\u00e7\u0131van D\u00f6vl\u0259t Universitetinin \u0130qtisad fak\u00fclt\u0259sind\u0259 ba\u015flay\u0131b.<\/p>\n\n\n\n<p>N.Cahidzad\u0259 2014-c\u00fc ild\u0259n fak\u00fclt\u0259d\u0259 dekan m\u00fcavini, 2018-ci ild\u0259n is\u0259 dekan v\u0259zif\u0259sind\u0259 i\u015fl\u0259yib.<\/p>\n","protected":false},"excerpt":{"rendered":"<p>\u0130lham \u018fliyev s\u0259r\u0259ncam imzalay\u0131b Naim Cahidzad\u0259 Nax\u00e7\u0131van Muxtar Respublikas\u0131 S\u0259d\u0259r\u0259k &#8230; <\/p>\n<p class=\"read-more-container\"><a title=\"S\u0259d\u0259r\u0259y\u0259 yeni icra ba\u015f\u00e7\u0131s\u0131 t\u0259yin edilib\" class=\"read-more button\" href=\"https:\/\/www.meydan.tv\/az\/article\/sedereke-yeni-icra-bascisi-teyin-edilib\/#more-299680\" aria-label=\"Read more about S\u0259d\u0259r\u0259y\u0259 yeni icra ba\u015f\u00e7\u0131s\u0131 t\u0259yin edilib\">Davam\u0131<\/a><\/p>\n","protected":false},"author":8,"featured_media":299682,"comment_status":"closed","ping_status":"closed","sticky":false,"template":"","format":"standard","meta":{"_acf_changed":false,"_sitemap_exclude":false,"_sitemap_priority":"","_sitemap_frequency":"","footnotes":""},"categories":[60,56],"tags":[],"class_list":["post-299680","post","type-post","status-publish","format-standard","has-post-thumbnail","hentry","category-bolge","category-xeberler","infinite-scroll-item","generate-columns","tablet-grid-50","mobile-grid-100","grid-parent","grid-33","no-featured-image-padding"],"acf":[],"yoast_head":"<!-- This site is optimized with the Yoast SEO plugin v27.4 - https:\/\/yoast.com\/product\/yoast-seo-wordpress\/ -->\n<title>S\u0259d\u0259r\u0259y\u0259 yeni icra ba\u015f\u00e7\u0131s\u0131 t\u0259yin edilib - MEYDAN.TV<\/title>\n<meta name=\"robots\" content=\"index, follow, max-snippet:-1, max-image-preview:large, max-video-preview:-1\" \/>\n<link rel=\"canonical\" href=\"https:\/\/www.meydan.tv\/az\/article\/sedereke-yeni-icra-bascisi-teyin-edilib\/\" \/>\n<meta property=\"og:locale\" content=\"az_AZ\" \/>\n<meta property=\"og:type\" content=\"article\" \/>\n<meta property=\"og:title\" content=\"S\u0259d\u0259r\u0259y\u0259 yeni icra ba\u015f\u00e7\u0131s\u0131 t\u0259yin edilib - MEYDAN.TV\" \/>\n<meta property=\"og:description\" content=\"\u0130lham \u018fliyev s\u0259r\u0259ncam imzalay\u0131b Naim Cahidzad\u0259 Nax\u00e7\u0131van Muxtar Respublikas\u0131 S\u0259d\u0259r\u0259k ... Davam\u0131\" \/>\n<meta property=\"og:url\" content=\"https:\/\/www.meydan.tv\/az\/article\/sedereke-yeni-icra-bascisi-teyin-edilib\/\" \/>\n<meta property=\"og:site_name\" content=\"MEYDAN.TV\" \/>\n<meta property=\"article:published_time\" content=\"2024-02-22T08:59:19+00:00\" \/>\n<meta property=\"article:modified_time\" content=\"2024-02-22T09:58:45+00:00\" \/>\n<meta property=\"og:image\" content=\"https:\/\/www.meydan.tv\/wp-content\/uploads\/4307766-e1708591804452.jpg\" \/>\n\t<meta property=\"og:image:width\" content=\"1200\" \/>\n\t<meta property=\"og:image:height\" content=\"570\" \/>\n\t<meta property=\"og:image:type\" content=\"image\/jpeg\" \/>\n<meta name=\"author\" content=\"elli\" \/>\n<meta name=\"twitter:card\" content=\"summary_large_image\" \/>\n<meta name=\"twitter:creator\" content=\"@elli\" \/>\n<script type=\"application\/ld+json\" class=\"yoast-schema-graph\">{\"@context\":\"https:\\\/\\\/schema.org\",\"@graph\":[{\"@type\":\"Article\",\"@id\":\"https:\\\/\\\/www.meydan.tv\\\/az\\\/article\\\/sedereke-yeni-icra-bascisi-teyin-edilib\\\/#article\",\"isPartOf\":{\"@id\":\"https:\\\/\\\/www.meydan.tv\\\/az\\\/article\\\/sedereke-yeni-icra-bascisi-teyin-edilib\\\/\"},\"author\":{\"name\":\"elli\",\"@id\":\"https:\\\/\\\/www.meydan.tv\\\/az\\\/#\\\/schema\\\/person\\\/9cdbecf90d17180ce1dfbd95b08dcf47\"},\"headline\":\"S\u0259d\u0259r\u0259y\u0259 yeni icra ba\u015f\u00e7\u0131s\u0131 t\u0259yin edilib\",\"datePublished\":\"2024-02-22T08:59:19+00:00\",\"dateModified\":\"2024-02-22T09:58:45+00:00\",\"mainEntityOfPage\":{\"@id\":\"https:\\\/\\\/www.meydan.tv\\\/az\\\/article\\\/sedereke-yeni-icra-bascisi-teyin-edilib\\\/\"},\"wordCount\":161,\"publisher\":{\"@id\":\"https:\\\/\\\/www.meydan.tv\\\/az\\\/#organization\"},\"image\":{\"@id\":\"https:\\\/\\\/www.meydan.tv\\\/az\\\/article\\\/sedereke-yeni-icra-bascisi-teyin-edilib\\\/#primaryimage\"},\"thumbnailUrl\":\"https:\\\/\\\/www.meydan.tv\\\/wp-content\\\/uploads\\\/4307766-e1708591804452.jpg\",\"articleSection\":[\"B\u00f6lg\u0259\",\"X\u0259b\u0259rl\u0259r\"],\"inLanguage\":\"az\"},{\"@type\":\"WebPage\",\"@id\":\"https:\\\/\\\/www.meydan.tv\\\/az\\\/article\\\/sedereke-yeni-icra-bascisi-teyin-edilib\\\/\",\"url\":\"https:\\\/\\\/www.meydan.tv\\\/az\\\/article\\\/sedereke-yeni-icra-bascisi-teyin-edilib\\\/\",\"name\":\"S\u0259d\u0259r\u0259y\u0259 yeni icra ba\u015f\u00e7\u0131s\u0131 t\u0259yin edilib - MEYDAN.TV\",\"isPartOf\":{\"@id\":\"https:\\\/\\\/www.meydan.tv\\\/az\\\/#website\"},\"primaryImageOfPage\":{\"@id\":\"https:\\\/\\\/www.meydan.tv\\\/az\\\/article\\\/sedereke-yeni-icra-bascisi-teyin-edilib\\\/#primaryimage\"},\"image\":{\"@id\":\"https:\\\/\\\/www.meydan.tv\\\/az\\\/article\\\/sedereke-yeni-icra-bascisi-teyin-edilib\\\/#primaryimage\"},\"thumbnailUrl\":\"https:\\\/\\\/www.meydan.tv\\\/wp-content\\\/uploads\\\/4307766-e1708591804452.jpg\",\"datePublished\":\"2024-02-22T08:59:19+00:00\",\"dateModified\":\"2024-02-22T09:58:45+00:00\",\"breadcrumb\":{\"@id\":\"https:\\\/\\\/www.meydan.tv\\\/az\\\/article\\\/sedereke-yeni-icra-bascisi-teyin-edilib\\\/#breadcrumb\"},\"inLanguage\":\"az\",\"potentialAction\":[{\"@type\":\"ReadAction\",\"target\":[\"https:\\\/\\\/www.meydan.tv\\\/az\\\/article\\\/sedereke-yeni-icra-bascisi-teyin-edilib\\\/\"]}]},{\"@type\":\"ImageObject\",\"inLanguage\":\"az\",\"@id\":\"https:\\\/\\\/www.meydan.tv\\\/az\\\/article\\\/sedereke-yeni-icra-bascisi-teyin-edilib\\\/#primaryimage\",\"url\":\"https:\\\/\\\/www.meydan.tv\\\/wp-content\\\/uploads\\\/4307766-e1708591804452.jpg\",\"contentUrl\":\"https:\\\/\\\/www.meydan.tv\\\/wp-content\\\/uploads\\\/4307766-e1708591804452.jpg\",\"width\":1200,\"height\":570,\"caption\":\"Naim Cahidzad\u0259. Foto: Nax\u00e7\u0131van Universiteti\"},{\"@type\":\"BreadcrumbList\",\"@id\":\"https:\\\/\\\/www.meydan.tv\\\/az\\\/article\\\/sedereke-yeni-icra-bascisi-teyin-edilib\\\/#breadcrumb\",\"itemListElement\":[{\"@type\":\"ListItem\",\"position\":1,\"name\":\"Ana s\u0259hif\u0259\",\"item\":\"https:\\\/\\\/www.meydan.tv\\\/az\\\/\"},{\"@type\":\"ListItem\",\"position\":2,\"name\":\"B\u00f6lg\u0259\",\"item\":\"https:\\\/\\\/www.meydan.tv\\\/az\\\/section\\\/bolge\\\/\"},{\"@type\":\"ListItem\",\"position\":3,\"name\":\"S\u0259d\u0259r\u0259y\u0259 yeni icra ba\u015f\u00e7\u0131s\u0131 t\u0259yin edilib\"}]},{\"@type\":\"WebSite\",\"@id\":\"https:\\\/\\\/www.meydan.tv\\\/az\\\/#website\",\"url\":\"https:\\\/\\\/www.meydan.tv\\\/az\\\/\",\"name\":\"MEYDAN.TV\",\"description\":\"Meydan TV Az\u0259rbaycan\u0131n media m\u0259kan\u0131ndak\u0131 alternativ s\u0259sidir\",\"publisher\":{\"@id\":\"https:\\\/\\\/www.meydan.tv\\\/az\\\/#organization\"},\"potentialAction\":[{\"@type\":\"SearchAction\",\"target\":{\"@type\":\"EntryPoint\",\"urlTemplate\":\"https:\\\/\\\/www.meydan.tv\\\/az\\\/?s={search_term_string}\"},\"query-input\":{\"@type\":\"PropertyValueSpecification\",\"valueRequired\":true,\"valueName\":\"search_term_string\"}}],\"inLanguage\":\"az\"},{\"@type\":\"Organization\",\"@id\":\"https:\\\/\\\/www.meydan.tv\\\/az\\\/#organization\",\"name\":\"Meydan TV\",\"url\":\"https:\\\/\\\/www.meydan.tv\\\/az\\\/\",\"logo\":{\"@type\":\"ImageObject\",\"inLanguage\":\"az\",\"@id\":\"https:\\\/\\\/www.meydan.tv\\\/az\\\/#\\\/schema\\\/logo\\\/image\\\/\",\"url\":\"https:\\\/\\\/www.meydan.tv\\\/wp-content\\\/uploads\\\/2021\\\/07\\\/meydan-logo.svg\",\"contentUrl\":\"https:\\\/\\\/www.meydan.tv\\\/wp-content\\\/uploads\\\/2021\\\/07\\\/meydan-logo.svg\",\"width\":195,\"height\":46,\"caption\":\"Meydan TV\"},\"image\":{\"@id\":\"https:\\\/\\\/www.meydan.tv\\\/az\\\/#\\\/schema\\\/logo\\\/image\\\/\"}},{\"@type\":\"Person\",\"@id\":\"https:\\\/\\\/www.meydan.tv\\\/az\\\/#\\\/schema\\\/person\\\/9cdbecf90d17180ce1dfbd95b08dcf47\",\"name\":\"elli\",\"sameAs\":[\"https:\\\/\\\/x.com\\\/elli\"]}]}<\/script>\n<!-- \/ Yoast SEO plugin. -->","yoast_head_json":{"title":"S\u0259d\u0259r\u0259y\u0259 yeni icra ba\u015f\u00e7\u0131s\u0131 t\u0259yin edilib - MEYDAN.TV","robots":{"index":"index","follow":"follow","max-snippet":"max-snippet:-1","max-image-preview":"max-image-preview:large","max-video-preview":"max-video-preview:-1"},"canonical":"https:\/\/www.meydan.tv\/az\/article\/sedereke-yeni-icra-bascisi-teyin-edilib\/","og_locale":"az_AZ","og_type":"article","og_title":"S\u0259d\u0259r\u0259y\u0259 yeni icra ba\u015f\u00e7\u0131s\u0131 t\u0259yin edilib - MEYDAN.TV","og_description":"\u0130lham \u018fliyev s\u0259r\u0259ncam imzalay\u0131b Naim Cahidzad\u0259 Nax\u00e7\u0131van Muxtar Respublikas\u0131 S\u0259d\u0259r\u0259k ... Davam\u0131","og_url":"https:\/\/www.meydan.tv\/az\/article\/sedereke-yeni-icra-bascisi-teyin-edilib\/","og_site_name":"MEYDAN.TV","article_published_time":"2024-02-22T08:59:19+00:00","article_modified_time":"2024-02-22T09:58:45+00:00","og_image":[{"width":1200,"height":570,"url":"https:\/\/www.meydan.tv\/wp-content\/uploads\/4307766-e1708591804452.jpg","type":"image\/jpeg"}],"author":"elli","twitter_card":"summary_large_image","twitter_creator":"@elli","schema":{"@context":"https:\/\/schema.org","@graph":[{"@type":"Article","@id":"https:\/\/www.meydan.tv\/az\/article\/sedereke-yeni-icra-bascisi-teyin-edilib\/#article","isPartOf":{"@id":"https:\/\/www.meydan.tv\/az\/article\/sedereke-yeni-icra-bascisi-teyin-edilib\/"},"author":{"name":"elli","@id":"https:\/\/www.meydan.tv\/az\/#\/schema\/person\/9cdbecf90d17180ce1dfbd95b08dcf47"},"headline":"S\u0259d\u0259r\u0259y\u0259 yeni icra ba\u015f\u00e7\u0131s\u0131 t\u0259yin edilib","datePublished":"2024-02-22T08:59:19+00:00","dateModified":"2024-02-22T09:58:45+00:00","mainEntityOfPage":{"@id":"https:\/\/www.meydan.tv\/az\/article\/sedereke-yeni-icra-bascisi-teyin-edilib\/"},"wordCount":161,"publisher":{"@id":"https:\/\/www.meydan.tv\/az\/#organization"},"image":{"@id":"https:\/\/www.meydan.tv\/az\/article\/sedereke-yeni-icra-bascisi-teyin-edilib\/#primaryimage"},"thumbnailUrl":"https:\/\/www.meydan.tv\/wp-content\/uploads\/4307766-e1708591804452.jpg","articleSection":["B\u00f6lg\u0259","X\u0259b\u0259rl\u0259r"],"inLanguage":"az"},{"@type":"WebPage","@id":"https:\/\/www.meydan.tv\/az\/article\/sedereke-yeni-icra-bascisi-teyin-edilib\/","url":"https:\/\/www.meydan.tv\/az\/article\/sedereke-yeni-icra-bascisi-teyin-edilib\/","name":"S\u0259d\u0259r\u0259y\u0259 yeni icra ba\u015f\u00e7\u0131s\u0131 t\u0259yin edilib - MEYDAN.TV","isPartOf":{"@id":"https:\/\/www.meydan.tv\/az\/#website"},"primaryImageOfPage":{"@id":"https:\/\/www.meydan.tv\/az\/article\/sedereke-yeni-icra-bascisi-teyin-edilib\/#primaryimage"},"image":{"@id":"https:\/\/www.meydan.tv\/az\/article\/sedereke-yeni-icra-bascisi-teyin-edilib\/#primaryimage"},"thumbnailUrl":"https:\/\/www.meydan.tv\/wp-content\/uploads\/4307766-e1708591804452.jpg","datePublished":"2024-02-22T08:59:19+00:00","dateModified":"2024-02-22T09:58:45+00:00","breadcrumb":{"@id":"https:\/\/www.meydan.tv\/az\/article\/sedereke-yeni-icra-bascisi-teyin-edilib\/#breadcrumb"},"inLanguage":"az","potentialAction":[{"@type":"ReadAction","target":["https:\/\/www.meydan.tv\/az\/article\/sedereke-yeni-icra-bascisi-teyin-edilib\/"]}]},{"@type":"ImageObject","inLanguage":"az","@id":"https:\/\/www.meydan.tv\/az\/article\/sedereke-yeni-icra-bascisi-teyin-edilib\/#primaryimage","url":"https:\/\/www.meydan.tv\/wp-content\/uploads\/4307766-e1708591804452.jpg","contentUrl":"https:\/\/www.meydan.tv\/wp-content\/uploads\/4307766-e1708591804452.jpg","width":1200,"height":570,"caption":"Naim Cahidzad\u0259. Foto: Nax\u00e7\u0131van Universiteti"},{"@type":"BreadcrumbList","@id":"https:\/\/www.meydan.tv\/az\/article\/sedereke-yeni-icra-bascisi-teyin-edilib\/#breadcrumb","itemListElement":[{"@type":"ListItem","position":1,"name":"Ana s\u0259hif\u0259","item":"https:\/\/www.meydan.tv\/az\/"},{"@type":"ListItem","position":2,"name":"B\u00f6lg\u0259","item":"https:\/\/www.meydan.tv\/az\/section\/bolge\/"},{"@type":"ListItem","position":3,"name":"S\u0259d\u0259r\u0259y\u0259 yeni icra ba\u015f\u00e7\u0131s\u0131 t\u0259yin edilib"}]},{"@type":"WebSite","@id":"https:\/\/www.meydan.tv\/az\/#website","url":"https:\/\/www.meydan.tv\/az\/","name":"MEYDAN.TV","description":"Meydan TV Az\u0259rbaycan\u0131n media m\u0259kan\u0131ndak\u0131 alternativ s\u0259sidir","publisher":{"@id":"https:\/\/www.meydan.tv\/az\/#organization"},"potentialAction":[{"@type":"SearchAction","target":{"@type":"EntryPoint","urlTemplate":"https:\/\/www.meydan.tv\/az\/?s={search_term_string}"},"query-input":{"@type":"PropertyValueSpecification","valueRequired":true,"valueName":"search_term_string"}}],"inLanguage":"az"},{"@type":"Organization","@id":"https:\/\/www.meydan.tv\/az\/#organization","name":"Meydan TV","url":"https:\/\/www.meydan.tv\/az\/","logo":{"@type":"ImageObject","inLanguage":"az","@id":"https:\/\/www.meydan.tv\/az\/#\/schema\/logo\/image\/","url":"https:\/\/www.meydan.tv\/wp-content\/uploads\/2021\/07\/meydan-logo.svg","contentUrl":"https:\/\/www.meydan.tv\/wp-content\/uploads\/2021\/07\/meydan-logo.svg","width":195,"height":46,"caption":"Meydan TV"},"image":{"@id":"https:\/\/www.meydan.tv\/az\/#\/schema\/logo\/image\/"}},{"@type":"Person","@id":"https:\/\/www.meydan.tv\/az\/#\/schema\/person\/9cdbecf90d17180ce1dfbd95b08dcf47","name":"elli","sameAs":["https:\/\/x.com\/elli"]}]}},"_links":{"self":[{"href":"https:\/\/www.meydan.tv\/az\/wp-json\/wp\/v2\/posts\/299680","targetHints":{"allow":["GET"]}}],"collection":[{"href":"https:\/\/www.meydan.tv\/az\/wp-json\/wp\/v2\/posts"}],"about":[{"href":"https:\/\/www.meydan.tv\/az\/wp-json\/wp\/v2\/types\/post"}],"author":[{"embeddable":true,"href":"https:\/\/www.meydan.tv\/az\/wp-json\/wp\/v2\/users\/8"}],"replies":[{"embeddable":true,"href":"https:\/\/www.meydan.tv\/az\/wp-json\/wp\/v2\/comments?post=299680"}],"version-history":[{"count":3,"href":"https:\/\/www.meydan.tv\/az\/wp-json\/wp\/v2\/posts\/299680\/revisions"}],"predecessor-version":[{"id":299704,"href":"https:\/\/www.meydan.tv\/az\/wp-json\/wp\/v2\/posts\/299680\/revisions\/299704"}],"wp:featuredmedia":[{"embeddable":true,"href":"https:\/\/www.meydan.tv\/az\/wp-json\/wp\/v2\/media\/299682"}],"wp:attachment":[{"href":"https:\/\/www.meydan.tv\/az\/wp-json\/wp\/v2\/media?parent=299680"}],"wp:term":[{"taxonomy":"category","embeddable":true,"href":"https:\/\/www.meydan.tv\/az\/wp-json\/wp\/v2\/categories?post=299680"},{"taxonomy":"post_tag","embeddable":true,"href":"https:\/\/www.meydan.tv\/az\/wp-json\/wp\/v2\/tags?post=299680"}],"curies":[{"name":"wp","href":"https:\/\/api.w.org\/{rel}","templated":true}]}}