{"id":299676,"date":"2024-02-22T11:48:19","date_gmt":"2024-02-22T07:48:19","guid":{"rendered":"https:\/\/www.meydan.tv\/?p=299676"},"modified":"2024-02-22T15:56:24","modified_gmt":"2024-02-22T11:56:24","slug":"resmi-baki-fransani-bolgede-gerginlik-yaratmaqda-gunahlandirir","status":"publish","type":"post","link":"https:\/\/www.meydan.tv\/az\/article\/resmi-baki-fransani-bolgede-gerginlik-yaratmaqda-gunahlandirir\/","title":{"rendered":"R\u0259smi Bak\u0131 Fransan\u0131 b\u00f6lg\u0259d\u0259 g\u0259rginlik yaratmaqda g\u00fcnahland\u0131r\u0131r"},"content":{"rendered":"\n<figure class=\"wp-block-embed is-type-video is-provider-youtube wp-block-embed-youtube wp-embed-aspect-16-9 wp-has-aspect-ratio\"><div class=\"wp-block-embed__wrapper\">\n<iframe title=\"Fransa Erm\u0259nistanla silah t\u0259chizat\u0131na dair raz\u0131la\u015fma imzalayan ilk Q\u0259rb \u00f6lk\u0259si olub\" width=\"1200\" height=\"675\" data-src=\"https:\/\/www.youtube.com\/embed\/96WaBWcFO-s?feature=oembed\" frameborder=\"0\" allow=\"accelerometer; autoplay; clipboard-write; encrypted-media; gyroscope; picture-in-picture; web-share\" allowfullscreen src=\"data:image\/svg+xml;base64,PHN2ZyB3aWR0aD0iMSIgaGVpZ2h0PSIxIiB4bWxucz0iaHR0cDovL3d3dy53My5vcmcvMjAwMC9zdmciPjwvc3ZnPg==\" class=\"lazyload\" data-load-mode=\"1\"><\/iframe>\n<\/div><\/figure>\n\n\n\n<p><strong><em>X\u0130N Makronun s\u0259sl\u0259ndirdiyi fikirl\u0259ri \u0259sass\u0131z say\u0131r<\/em><\/strong><\/p>\n\n\n\n<p>Az\u0259rbaycan Xarici \u0130\u015fl\u0259r Nazirliyi (X\u0130N) fevral\u0131n 21-d\u0259 Fransa Prezidenti Emmanuel Makronun Parisd\u0259 Erm\u0259nistan\u0131n Ba\u015f naziri il\u0259 birg\u0259 m\u0259tbuat konfrans\u0131nda&nbsp; s\u0259sl\u0259ndirdiyi fikirl\u0259ri \u0259sass\u0131z adland\u0131r\u0131b.<\/p>\n\n\n\n<p>Bu bar\u0259d\u0259 X\u0130N-in M\u0259tbuat \u0130dar\u0259si fevral\u0131n 22-d\u0259 m\u0259lumat yay\u0131b.<\/p>\n\n\n\n<p>Nazirlik qeyd edib ki, Fransa 30 il\u0259 yax\u0131n m\u00fcdd\u0259td\u0259 h\u00fcquqlar\u0131 pozulmu\u015f, \u0259razil\u0259rind\u0259n did\u0259rgin d\u00fc\u015fm\u00fc\u015f, k\u00fctl\u0259vi q\u0131r\u011f\u0131nlara m\u0259ruz qalm\u0131\u015f az\u0259rbaycanl\u0131lar bar\u0259d\u0259 indiy\u0259 q\u0259d\u0259r he\u00e7 bir \u015f\u0259rh verm\u0259yib:<\/p>\n\n\n\n<p>&#8220;<em>Ancaq indi \u00f6z ist\u0259kl\u0259ri v\u0259 he\u00e7 bir zorak\u0131l\u0131q t\u0259tbiq olunmadan Az\u0259rbaycan \u0259razil\u0259rini t\u0259rk etmi\u015f erm\u0259nil\u0259rin h\u00fcquq v\u0259 t\u0259hl\u00fck\u0259sizliyind\u0259n dan\u0131\u015fmas\u0131 tamamil\u0259 yersizdir&#8221;.<\/em><\/p>\n\n\n\n<p>D\u00fcn\u0259n Fransan\u0131n d\u00f6vl\u0259t ba\u015f\u00e7\u0131s\u0131 Emmanuel Makron ke\u00e7irdiyi brifinqd\u0259 2022-ci il &#8220;Praqa g\u00f6r\u00fc\u015f\u00fc&#8221;nd\u0259 Erm\u0259nistan\u0131n Ba\u015f nazirinin Alma-Ata b\u0259yannam\u0259sin\u0259 sadiq qald\u0131\u011f\u0131n\u0131 deyib.<\/p>\n\n\n\n<p>Makron h\u0259m\u00e7inin vur\u011fulay\u0131b ki, Az\u0259rbaycan Erm\u0259nistan\u0131n \u0259razi b\u00fct\u00f6vl\u00fcy\u00fc v\u0259 x\u0259rit\u0259l\u0259rl\u0259 ba\u011fl\u0131 m\u00f6vqeyind\u0259ki qeyri-m\u00fc\u0259yy\u0259nliyi aradan qald\u0131rmal\u0131d\u0131r.<\/p>\n\n\n\n<p>O, Az\u0259rbaycan\u0131 Qaraba\u011f\u0131 t\u0259rk ed\u0259n v\u0259 geri qay\u0131tmaq ist\u0259y\u0259n erm\u0259nil\u0259rin mane\u0259siz d\u00f6n\u00fc\u015f\u00fcn\u00fc t\u0259min etm\u0259y\u0259 <a href=\"https:\/\/storage.googleapis.com\/qurium\/www.meydan.tv\/az-article-makron-ermenistanin-roma-statutuna-qosulmasini-cesaret-numunesi-adlandirdi.html\">\u00e7a\u011f\u0131r\u0131b<\/a>.<\/p>\n\n\n\n<p>X\u0130N bildirib ki, Fransa t\u0259r\u0259finin m\u0259hz indi raz\u0131la\u015fmalara zidd olaraq Alma-Ata b\u0259yannam\u0259si v\u0259 m\u00fc\u0259yy\u0259n x\u0259rit\u0259l\u0259r \u00e7\u0259r\u00e7iv\u0259sind\u0259 \u0259razi b\u00fct\u00f6vl\u00fcy\u00fcn\u00fcn vacibliyin\u0259 toxunmas\u0131 suallar do\u011furur.<\/p>\n\n\n\n<p>Nazirlik hesab edir ki, Fransan\u0131n 30 il\u0259 yax\u0131n m\u00fcdd\u0259td\u0259 davam etmi\u015f Erm\u0259nistan t\u0259cav\u00fcz\u00fc v\u0259 Az\u0259rbaycan \u0259razil\u0259rinin i\u015f\u011fal\u0131, habel\u0259 haz\u0131rda 8 k\u0259ndin h\u0259l\u0259 d\u0259 i\u015f\u011falda qalmas\u0131 il\u0259 ba\u011fl\u0131 suallara ayd\u0131nl\u0131q g\u0259tirm\u0259si daha faydal\u0131 olard\u0131:<\/p>\n\n\n\n<p><em>&#8220;He\u00e7 bir t\u0259hrikedici amil olmadan 5 aya yax\u0131n davam ed\u0259n sabitliyi pozan Erm\u0259nistan\u0131n t\u0259nqid edilm\u0259si \u0259v\u0259zin\u0259, Az\u0259rbaycan\u0131n qeyri-proporsional cavab t\u0259dbiri g\u00f6rm\u0259kd\u0259 t\u0259qsirl\u0259ndirilm\u0259si q\u0259buledilm\u0259zdir v\u0259 bu kimi q\u0259r\u0259zli yana\u015fmalara son qoyulmal\u0131d\u0131r&#8221;.<\/em><\/p>\n\n\n\n<p>Nazirlik h\u0259m\u00e7inin Parisi b\u00f6lg\u0259d\u0259 g\u0259rginlik yaratmaqda ittiham edib:<\/p>\n\n\n\n<p>&#8220;<em>Fransan\u0131n b\u00f6lg\u0259d\u0259 yeni g\u0259rginlik yaratmaq, s\u00fclh v\u0259 sabitliy\u0259 mane olmaq istiqam\u0259tind\u0259 y\u00fcr\u00fctd\u00fcy\u00fc m\u0259krli siyas\u0259tin he\u00e7 bir n\u0259tic\u0259 verm\u0259y\u0259c\u0259yini bir daha b\u0259yan <a href=\"https:\/\/mfa.gov.az\/az\/news\/no06624\">edirik&#8221;<\/a>.<\/em><\/p>\n\n\n\n<p><strong>M\u00fcnaqi\u015f\u0259nin q\u0131sa xronikas\u0131<\/strong><\/p>\n\n\n\n<p>2020-ci ilin sentyabr\u0131nda Az\u0259rbaycan v\u0259 Erm\u0259nistan silahl\u0131 q\u00fcvv\u0259l\u0259ri aras\u0131nda 44 g\u00fcnl\u00fck \u0130kinci Qaraba\u011f m\u00fcharib\u0259si ba\u015f verib.<\/p>\n\n\n\n<p>Az\u0259rbaycan Qaraba\u011f\u0131n bir hiss\u0259sin\u0259 v\u0259 \u0259traf 7 rayona n\u0259zar\u0259ti b\u0259rpa edib.<\/p>\n\n\n\n<p>2023-c\u00fc ilin sentyabr\u0131n 19-da Az\u0259rbaycan Qaraba\u011fda lokal h\u0259rbi \u0259m\u0259liyyat ke\u00e7irib.<\/p>\n\n\n\n<p>Sentyabr\u0131n 28-d\u0259 separat\u00e7\u0131 \u201cDa\u011fl\u0131q Qaraba\u011f\u0131n (Artsax) Prezidenti\u201d Samvel \u015eahramanyan \u201crespublika\u201dn\u0131n burax\u0131lmas\u0131 bar\u0259d\u0259 f\u0259rman imzalay\u0131b.<\/p>\n\n\n\n<p>O, f\u0259rman\u0131 19 sentyabr 2023-c\u00fc ild\u0259n sonra yaranm\u0131\u015f v\u0259ziyy\u0259tl\u0259 \u0259laq\u0259l\u0259ndirib.<\/p>\n\n\n\n<p>Oktyabr\u0131n 15-d\u0259 is\u0259 Prezident \u0130lham \u018fliyev Xank\u0259ndi \u015f\u0259h\u0259rin\u0259 s\u0259f\u0259r edib.<\/p>\n\n\n\n<p>Prezident Xank\u0259ndid\u0259 Az\u0259rbaycan bayra\u011f\u0131n\u0131 qald\u0131r\u0131b v\u0259 \u00e7\u0131x\u0131\u015f edib.<\/p>\n\n\n\n<p>\u00c7\u0131x\u0131\u015f\u0131nda Az\u0259rbaycan\u0131n \u00f6z suverenliyini tam b\u0259rpa etdiyini, Qaraba\u011f probleminin bitdiyini, m\u00fcnaqi\u015f\u0259nin sona \u00e7atd\u0131\u011f\u0131n\u0131 deyib.<\/p>\n","protected":false},"excerpt":{"rendered":"<p>X\u0130N Makronun s\u0259sl\u0259ndirdiyi fikirl\u0259ri \u0259sass\u0131z say\u0131r Az\u0259rbaycan Xarici \u0130\u015fl\u0259r Nazirliyi &#8230; <\/p>\n<p class=\"read-more-container\"><a title=\"R\u0259smi Bak\u0131 Fransan\u0131 b\u00f6lg\u0259d\u0259 g\u0259rginlik yaratmaqda g\u00fcnahland\u0131r\u0131r\" class=\"read-more button\" href=\"https:\/\/www.meydan.tv\/az\/article\/resmi-baki-fransani-bolgede-gerginlik-yaratmaqda-gunahlandirir\/#more-299676\" aria-label=\"Read more about R\u0259smi Bak\u0131 Fransan\u0131 b\u00f6lg\u0259d\u0259 g\u0259rginlik yaratmaqda g\u00fcnahland\u0131r\u0131r\">Davam\u0131<\/a><\/p>\n","protected":false},"author":8,"featured_media":295879,"comment_status":"closed","ping_status":"closed","sticky":false,"template":"","format":"standard","meta":{"_acf_changed":false,"_sitemap_exclude":false,"_sitemap_priority":"","_sitemap_frequency":"","footnotes":""},"categories":[59,63,56],"tags":[],"class_list":["post-299676","post","type-post","status-publish","format-standard","has-post-thumbnail","hentry","category-siyaset","category-video-2","category-xeberler","infinite-scroll-item","generate-columns","tablet-grid-50","mobile-grid-100","grid-parent","grid-33","no-featured-image-padding"],"acf":[],"yoast_head":"<!-- This site is optimized with the Yoast SEO plugin v27.4 - https:\/\/yoast.com\/product\/yoast-seo-wordpress\/ -->\n<title>R\u0259smi Bak\u0131 Fransan\u0131 b\u00f6lg\u0259d\u0259 g\u0259rginlik yaratmaqda g\u00fcnahland\u0131r\u0131r - MEYDAN.TV<\/title>\n<meta name=\"robots\" content=\"index, follow, max-snippet:-1, max-image-preview:large, max-video-preview:-1\" \/>\n<link rel=\"canonical\" href=\"https:\/\/www.meydan.tv\/az\/article\/resmi-baki-fransani-bolgede-gerginlik-yaratmaqda-gunahlandirir\/\" \/>\n<meta property=\"og:locale\" content=\"az_AZ\" \/>\n<meta property=\"og:type\" content=\"article\" \/>\n<meta property=\"og:title\" content=\"R\u0259smi Bak\u0131 Fransan\u0131 b\u00f6lg\u0259d\u0259 g\u0259rginlik yaratmaqda g\u00fcnahland\u0131r\u0131r - MEYDAN.TV\" \/>\n<meta property=\"og:description\" content=\"X\u0130N Makronun s\u0259sl\u0259ndirdiyi fikirl\u0259ri \u0259sass\u0131z say\u0131r Az\u0259rbaycan Xarici \u0130\u015fl\u0259r Nazirliyi ... Davam\u0131\" \/>\n<meta property=\"og:url\" content=\"https:\/\/www.meydan.tv\/az\/article\/resmi-baki-fransani-bolgede-gerginlik-yaratmaqda-gunahlandirir\/\" \/>\n<meta property=\"og:site_name\" content=\"MEYDAN.TV\" \/>\n<meta property=\"article:published_time\" content=\"2024-02-22T07:48:19+00:00\" \/>\n<meta property=\"article:modified_time\" content=\"2024-02-22T11:56:24+00:00\" \/>\n<meta property=\"og:image\" content=\"https:\/\/www.meydan.tv\/wp-content\/uploads\/enterance_to_the_ministry_of_foreign_affairs_of_azerbaijan-1.png\" \/>\n\t<meta property=\"og:image:width\" content=\"1280\" \/>\n\t<meta property=\"og:image:height\" content=\"779\" \/>\n\t<meta property=\"og:image:type\" content=\"image\/png\" \/>\n<meta name=\"author\" content=\"elli\" \/>\n<meta name=\"twitter:card\" content=\"summary_large_image\" \/>\n<meta name=\"twitter:creator\" content=\"@elli\" \/>\n<script type=\"application\/ld+json\" class=\"yoast-schema-graph\">{\"@context\":\"https:\\\/\\\/schema.org\",\"@graph\":[{\"@type\":\"Article\",\"@id\":\"https:\\\/\\\/www.meydan.tv\\\/az\\\/article\\\/resmi-baki-fransani-bolgede-gerginlik-yaratmaqda-gunahlandirir\\\/#article\",\"isPartOf\":{\"@id\":\"https:\\\/\\\/www.meydan.tv\\\/az\\\/article\\\/resmi-baki-fransani-bolgede-gerginlik-yaratmaqda-gunahlandirir\\\/\"},\"author\":{\"name\":\"elli\",\"@id\":\"https:\\\/\\\/www.meydan.tv\\\/az\\\/#\\\/schema\\\/person\\\/9cdbecf90d17180ce1dfbd95b08dcf47\"},\"headline\":\"R\u0259smi Bak\u0131 Fransan\u0131 b\u00f6lg\u0259d\u0259 g\u0259rginlik yaratmaqda g\u00fcnahland\u0131r\u0131r\",\"datePublished\":\"2024-02-22T07:48:19+00:00\",\"dateModified\":\"2024-02-22T11:56:24+00:00\",\"mainEntityOfPage\":{\"@id\":\"https:\\\/\\\/www.meydan.tv\\\/az\\\/article\\\/resmi-baki-fransani-bolgede-gerginlik-yaratmaqda-gunahlandirir\\\/\"},\"wordCount\":617,\"publisher\":{\"@id\":\"https:\\\/\\\/www.meydan.tv\\\/az\\\/#organization\"},\"image\":{\"@id\":\"https:\\\/\\\/www.meydan.tv\\\/az\\\/article\\\/resmi-baki-fransani-bolgede-gerginlik-yaratmaqda-gunahlandirir\\\/#primaryimage\"},\"thumbnailUrl\":\"https:\\\/\\\/www.meydan.tv\\\/wp-content\\\/uploads\\\/enterance_to_the_ministry_of_foreign_affairs_of_azerbaijan-1.png\",\"articleSection\":[\"Siyas\u0259t\",\"Video\",\"X\u0259b\u0259rl\u0259r\"],\"inLanguage\":\"az\"},{\"@type\":\"WebPage\",\"@id\":\"https:\\\/\\\/www.meydan.tv\\\/az\\\/article\\\/resmi-baki-fransani-bolgede-gerginlik-yaratmaqda-gunahlandirir\\\/\",\"url\":\"https:\\\/\\\/www.meydan.tv\\\/az\\\/article\\\/resmi-baki-fransani-bolgede-gerginlik-yaratmaqda-gunahlandirir\\\/\",\"name\":\"R\u0259smi Bak\u0131 Fransan\u0131 b\u00f6lg\u0259d\u0259 g\u0259rginlik yaratmaqda g\u00fcnahland\u0131r\u0131r - MEYDAN.TV\",\"isPartOf\":{\"@id\":\"https:\\\/\\\/www.meydan.tv\\\/az\\\/#website\"},\"primaryImageOfPage\":{\"@id\":\"https:\\\/\\\/www.meydan.tv\\\/az\\\/article\\\/resmi-baki-fransani-bolgede-gerginlik-yaratmaqda-gunahlandirir\\\/#primaryimage\"},\"image\":{\"@id\":\"https:\\\/\\\/www.meydan.tv\\\/az\\\/article\\\/resmi-baki-fransani-bolgede-gerginlik-yaratmaqda-gunahlandirir\\\/#primaryimage\"},\"thumbnailUrl\":\"https:\\\/\\\/www.meydan.tv\\\/wp-content\\\/uploads\\\/enterance_to_the_ministry_of_foreign_affairs_of_azerbaijan-1.png\",\"datePublished\":\"2024-02-22T07:48:19+00:00\",\"dateModified\":\"2024-02-22T11:56:24+00:00\",\"breadcrumb\":{\"@id\":\"https:\\\/\\\/www.meydan.tv\\\/az\\\/article\\\/resmi-baki-fransani-bolgede-gerginlik-yaratmaqda-gunahlandirir\\\/#breadcrumb\"},\"inLanguage\":\"az\",\"potentialAction\":[{\"@type\":\"ReadAction\",\"target\":[\"https:\\\/\\\/www.meydan.tv\\\/az\\\/article\\\/resmi-baki-fransani-bolgede-gerginlik-yaratmaqda-gunahlandirir\\\/\"]}]},{\"@type\":\"ImageObject\",\"inLanguage\":\"az\",\"@id\":\"https:\\\/\\\/www.meydan.tv\\\/az\\\/article\\\/resmi-baki-fransani-bolgede-gerginlik-yaratmaqda-gunahlandirir\\\/#primaryimage\",\"url\":\"https:\\\/\\\/www.meydan.tv\\\/wp-content\\\/uploads\\\/enterance_to_the_ministry_of_foreign_affairs_of_azerbaijan-1.png\",\"contentUrl\":\"https:\\\/\\\/www.meydan.tv\\\/wp-content\\\/uploads\\\/enterance_to_the_ministry_of_foreign_affairs_of_azerbaijan-1.png\",\"width\":1280,\"height\":779,\"caption\":\"X\u0130N. Foto: Wikipedia\"},{\"@type\":\"BreadcrumbList\",\"@id\":\"https:\\\/\\\/www.meydan.tv\\\/az\\\/article\\\/resmi-baki-fransani-bolgede-gerginlik-yaratmaqda-gunahlandirir\\\/#breadcrumb\",\"itemListElement\":[{\"@type\":\"ListItem\",\"position\":1,\"name\":\"Ana s\u0259hif\u0259\",\"item\":\"https:\\\/\\\/www.meydan.tv\\\/az\\\/\"},{\"@type\":\"ListItem\",\"position\":2,\"name\":\"Siyas\u0259t\",\"item\":\"https:\\\/\\\/www.meydan.tv\\\/az\\\/section\\\/siyaset\\\/\"},{\"@type\":\"ListItem\",\"position\":3,\"name\":\"R\u0259smi Bak\u0131 Fransan\u0131 b\u00f6lg\u0259d\u0259 g\u0259rginlik yaratmaqda g\u00fcnahland\u0131r\u0131r\"}]},{\"@type\":\"WebSite\",\"@id\":\"https:\\\/\\\/www.meydan.tv\\\/az\\\/#website\",\"url\":\"https:\\\/\\\/www.meydan.tv\\\/az\\\/\",\"name\":\"MEYDAN.TV\",\"description\":\"Meydan TV Az\u0259rbaycan\u0131n media m\u0259kan\u0131ndak\u0131 alternativ s\u0259sidir\",\"publisher\":{\"@id\":\"https:\\\/\\\/www.meydan.tv\\\/az\\\/#organization\"},\"potentialAction\":[{\"@type\":\"SearchAction\",\"target\":{\"@type\":\"EntryPoint\",\"urlTemplate\":\"https:\\\/\\\/www.meydan.tv\\\/az\\\/?s={search_term_string}\"},\"query-input\":{\"@type\":\"PropertyValueSpecification\",\"valueRequired\":true,\"valueName\":\"search_term_string\"}}],\"inLanguage\":\"az\"},{\"@type\":\"Organization\",\"@id\":\"https:\\\/\\\/www.meydan.tv\\\/az\\\/#organization\",\"name\":\"Meydan TV\",\"url\":\"https:\\\/\\\/www.meydan.tv\\\/az\\\/\",\"logo\":{\"@type\":\"ImageObject\",\"inLanguage\":\"az\",\"@id\":\"https:\\\/\\\/www.meydan.tv\\\/az\\\/#\\\/schema\\\/logo\\\/image\\\/\",\"url\":\"https:\\\/\\\/www.meydan.tv\\\/wp-content\\\/uploads\\\/2021\\\/07\\\/meydan-logo.svg\",\"contentUrl\":\"https:\\\/\\\/www.meydan.tv\\\/wp-content\\\/uploads\\\/2021\\\/07\\\/meydan-logo.svg\",\"width\":195,\"height\":46,\"caption\":\"Meydan TV\"},\"image\":{\"@id\":\"https:\\\/\\\/www.meydan.tv\\\/az\\\/#\\\/schema\\\/logo\\\/image\\\/\"}},{\"@type\":\"Person\",\"@id\":\"https:\\\/\\\/www.meydan.tv\\\/az\\\/#\\\/schema\\\/person\\\/9cdbecf90d17180ce1dfbd95b08dcf47\",\"name\":\"elli\",\"sameAs\":[\"https:\\\/\\\/x.com\\\/elli\"]}]}<\/script>\n<!-- \/ Yoast SEO plugin. -->","yoast_head_json":{"title":"R\u0259smi Bak\u0131 Fransan\u0131 b\u00f6lg\u0259d\u0259 g\u0259rginlik yaratmaqda g\u00fcnahland\u0131r\u0131r - MEYDAN.TV","robots":{"index":"index","follow":"follow","max-snippet":"max-snippet:-1","max-image-preview":"max-image-preview:large","max-video-preview":"max-video-preview:-1"},"canonical":"https:\/\/www.meydan.tv\/az\/article\/resmi-baki-fransani-bolgede-gerginlik-yaratmaqda-gunahlandirir\/","og_locale":"az_AZ","og_type":"article","og_title":"R\u0259smi Bak\u0131 Fransan\u0131 b\u00f6lg\u0259d\u0259 g\u0259rginlik yaratmaqda g\u00fcnahland\u0131r\u0131r - MEYDAN.TV","og_description":"X\u0130N Makronun s\u0259sl\u0259ndirdiyi fikirl\u0259ri \u0259sass\u0131z say\u0131r Az\u0259rbaycan Xarici \u0130\u015fl\u0259r Nazirliyi ... Davam\u0131","og_url":"https:\/\/www.meydan.tv\/az\/article\/resmi-baki-fransani-bolgede-gerginlik-yaratmaqda-gunahlandirir\/","og_site_name":"MEYDAN.TV","article_published_time":"2024-02-22T07:48:19+00:00","article_modified_time":"2024-02-22T11:56:24+00:00","og_image":[{"width":1280,"height":779,"url":"https:\/\/www.meydan.tv\/wp-content\/uploads\/enterance_to_the_ministry_of_foreign_affairs_of_azerbaijan-1.png","type":"image\/png"}],"author":"elli","twitter_card":"summary_large_image","twitter_creator":"@elli","schema":{"@context":"https:\/\/schema.org","@graph":[{"@type":"Article","@id":"https:\/\/www.meydan.tv\/az\/article\/resmi-baki-fransani-bolgede-gerginlik-yaratmaqda-gunahlandirir\/#article","isPartOf":{"@id":"https:\/\/www.meydan.tv\/az\/article\/resmi-baki-fransani-bolgede-gerginlik-yaratmaqda-gunahlandirir\/"},"author":{"name":"elli","@id":"https:\/\/www.meydan.tv\/az\/#\/schema\/person\/9cdbecf90d17180ce1dfbd95b08dcf47"},"headline":"R\u0259smi Bak\u0131 Fransan\u0131 b\u00f6lg\u0259d\u0259 g\u0259rginlik yaratmaqda g\u00fcnahland\u0131r\u0131r","datePublished":"2024-02-22T07:48:19+00:00","dateModified":"2024-02-22T11:56:24+00:00","mainEntityOfPage":{"@id":"https:\/\/www.meydan.tv\/az\/article\/resmi-baki-fransani-bolgede-gerginlik-yaratmaqda-gunahlandirir\/"},"wordCount":617,"publisher":{"@id":"https:\/\/www.meydan.tv\/az\/#organization"},"image":{"@id":"https:\/\/www.meydan.tv\/az\/article\/resmi-baki-fransani-bolgede-gerginlik-yaratmaqda-gunahlandirir\/#primaryimage"},"thumbnailUrl":"https:\/\/www.meydan.tv\/wp-content\/uploads\/enterance_to_the_ministry_of_foreign_affairs_of_azerbaijan-1.png","articleSection":["Siyas\u0259t","Video","X\u0259b\u0259rl\u0259r"],"inLanguage":"az"},{"@type":"WebPage","@id":"https:\/\/www.meydan.tv\/az\/article\/resmi-baki-fransani-bolgede-gerginlik-yaratmaqda-gunahlandirir\/","url":"https:\/\/www.meydan.tv\/az\/article\/resmi-baki-fransani-bolgede-gerginlik-yaratmaqda-gunahlandirir\/","name":"R\u0259smi Bak\u0131 Fransan\u0131 b\u00f6lg\u0259d\u0259 g\u0259rginlik yaratmaqda g\u00fcnahland\u0131r\u0131r - MEYDAN.TV","isPartOf":{"@id":"https:\/\/www.meydan.tv\/az\/#website"},"primaryImageOfPage":{"@id":"https:\/\/www.meydan.tv\/az\/article\/resmi-baki-fransani-bolgede-gerginlik-yaratmaqda-gunahlandirir\/#primaryimage"},"image":{"@id":"https:\/\/www.meydan.tv\/az\/article\/resmi-baki-fransani-bolgede-gerginlik-yaratmaqda-gunahlandirir\/#primaryimage"},"thumbnailUrl":"https:\/\/www.meydan.tv\/wp-content\/uploads\/enterance_to_the_ministry_of_foreign_affairs_of_azerbaijan-1.png","datePublished":"2024-02-22T07:48:19+00:00","dateModified":"2024-02-22T11:56:24+00:00","breadcrumb":{"@id":"https:\/\/www.meydan.tv\/az\/article\/resmi-baki-fransani-bolgede-gerginlik-yaratmaqda-gunahlandirir\/#breadcrumb"},"inLanguage":"az","potentialAction":[{"@type":"ReadAction","target":["https:\/\/www.meydan.tv\/az\/article\/resmi-baki-fransani-bolgede-gerginlik-yaratmaqda-gunahlandirir\/"]}]},{"@type":"ImageObject","inLanguage":"az","@id":"https:\/\/www.meydan.tv\/az\/article\/resmi-baki-fransani-bolgede-gerginlik-yaratmaqda-gunahlandirir\/#primaryimage","url":"https:\/\/www.meydan.tv\/wp-content\/uploads\/enterance_to_the_ministry_of_foreign_affairs_of_azerbaijan-1.png","contentUrl":"https:\/\/www.meydan.tv\/wp-content\/uploads\/enterance_to_the_ministry_of_foreign_affairs_of_azerbaijan-1.png","width":1280,"height":779,"caption":"X\u0130N. Foto: Wikipedia"},{"@type":"BreadcrumbList","@id":"https:\/\/www.meydan.tv\/az\/article\/resmi-baki-fransani-bolgede-gerginlik-yaratmaqda-gunahlandirir\/#breadcrumb","itemListElement":[{"@type":"ListItem","position":1,"name":"Ana s\u0259hif\u0259","item":"https:\/\/www.meydan.tv\/az\/"},{"@type":"ListItem","position":2,"name":"Siyas\u0259t","item":"https:\/\/www.meydan.tv\/az\/section\/siyaset\/"},{"@type":"ListItem","position":3,"name":"R\u0259smi Bak\u0131 Fransan\u0131 b\u00f6lg\u0259d\u0259 g\u0259rginlik yaratmaqda g\u00fcnahland\u0131r\u0131r"}]},{"@type":"WebSite","@id":"https:\/\/www.meydan.tv\/az\/#website","url":"https:\/\/www.meydan.tv\/az\/","name":"MEYDAN.TV","description":"Meydan TV Az\u0259rbaycan\u0131n media m\u0259kan\u0131ndak\u0131 alternativ s\u0259sidir","publisher":{"@id":"https:\/\/www.meydan.tv\/az\/#organization"},"potentialAction":[{"@type":"SearchAction","target":{"@type":"EntryPoint","urlTemplate":"https:\/\/www.meydan.tv\/az\/?s={search_term_string}"},"query-input":{"@type":"PropertyValueSpecification","valueRequired":true,"valueName":"search_term_string"}}],"inLanguage":"az"},{"@type":"Organization","@id":"https:\/\/www.meydan.tv\/az\/#organization","name":"Meydan TV","url":"https:\/\/www.meydan.tv\/az\/","logo":{"@type":"ImageObject","inLanguage":"az","@id":"https:\/\/www.meydan.tv\/az\/#\/schema\/logo\/image\/","url":"https:\/\/www.meydan.tv\/wp-content\/uploads\/2021\/07\/meydan-logo.svg","contentUrl":"https:\/\/www.meydan.tv\/wp-content\/uploads\/2021\/07\/meydan-logo.svg","width":195,"height":46,"caption":"Meydan TV"},"image":{"@id":"https:\/\/www.meydan.tv\/az\/#\/schema\/logo\/image\/"}},{"@type":"Person","@id":"https:\/\/www.meydan.tv\/az\/#\/schema\/person\/9cdbecf90d17180ce1dfbd95b08dcf47","name":"elli","sameAs":["https:\/\/x.com\/elli"]}]}},"_links":{"self":[{"href":"https:\/\/www.meydan.tv\/az\/wp-json\/wp\/v2\/posts\/299676","targetHints":{"allow":["GET"]}}],"collection":[{"href":"https:\/\/www.meydan.tv\/az\/wp-json\/wp\/v2\/posts"}],"about":[{"href":"https:\/\/www.meydan.tv\/az\/wp-json\/wp\/v2\/types\/post"}],"author":[{"embeddable":true,"href":"https:\/\/www.meydan.tv\/az\/wp-json\/wp\/v2\/users\/8"}],"replies":[{"embeddable":true,"href":"https:\/\/www.meydan.tv\/az\/wp-json\/wp\/v2\/comments?post=299676"}],"version-history":[{"count":2,"href":"https:\/\/www.meydan.tv\/az\/wp-json\/wp\/v2\/posts\/299676\/revisions"}],"predecessor-version":[{"id":299731,"href":"https:\/\/www.meydan.tv\/az\/wp-json\/wp\/v2\/posts\/299676\/revisions\/299731"}],"wp:featuredmedia":[{"embeddable":true,"href":"https:\/\/www.meydan.tv\/az\/wp-json\/wp\/v2\/media\/295879"}],"wp:attachment":[{"href":"https:\/\/www.meydan.tv\/az\/wp-json\/wp\/v2\/media?parent=299676"}],"wp:term":[{"taxonomy":"category","embeddable":true,"href":"https:\/\/www.meydan.tv\/az\/wp-json\/wp\/v2\/categories?post=299676"},{"taxonomy":"post_tag","embeddable":true,"href":"https:\/\/www.meydan.tv\/az\/wp-json\/wp\/v2\/tags?post=299676"}],"curies":[{"name":"wp","href":"https:\/\/api.w.org\/{rel}","templated":true}]}}