{"id":299667,"date":"2024-02-22T11:14:02","date_gmt":"2024-02-22T07:14:02","guid":{"rendered":"https:\/\/www.meydan.tv\/?p=299667"},"modified":"2024-02-22T13:17:03","modified_gmt":"2024-02-22T09:17:03","slug":"turkiye-ile-gurcustan-turizmden-gelirlerini-aciqladi-bes-azerbaycan","status":"publish","type":"post","link":"https:\/\/www.meydan.tv\/az\/article\/turkiye-ile-gurcustan-turizmden-gelirlerini-aciqladi-bes-azerbaycan\/","title":{"rendered":"T\u00fcrkiy\u0259 il\u0259 G\u00fcrc\u00fcstan turizmd\u0259n g\u0259lirl\u0259rini a\u00e7\u0131qlad\u0131, b\u0259s Az\u0259rbaycan?"},"content":{"rendered":"\n<p><\/p>\n\n\n\n<p><strong><em>\u201cBizim G\u00fcrc\u00fcstan\u0131n 2019-cu ild\u0259ki turist say\u0131na \u00e7atma\u011f\u0131m\u0131za h\u0259l\u0259 1.2 milyon turist qal\u0131b\u201d<\/em><\/strong><\/p>\n\n\n\n<p>Turizm bax\u0131m\u0131ndan \u00f6t\u0259n il Az\u0259rbaycanla qon\u015fu G\u00fcrc\u00fcstan v\u0259 T\u00fcrkiy\u0259 \u00fc\u00e7\u00fcn d\u00fc\u015f\u0259rli olub. 2023-c\u00fc ild\u0259 G\u00fcrc\u00fcstan\u0131n beyn\u0259lxalq turizmd\u0259n g\u0259liri 4.1 milyard dollara \u00e7at\u0131b. <\/p>\n\n\n\n<p>G\u00fcrc\u00fcstan\u0131n Milli Turizm Administrasiyas\u0131n\u0131n <a href=\"https:\/\/www.interpressnews.ge\/en\/article\/129662-national-tourism-administration-georgia-received-a-record-high-41-billion-dollars-from-international-tourism-in-2023\/\">m\u0259lumat\u0131na<\/a>&nbsp;g\u00f6r\u0259, 2023-c\u00fc ild\u0259 beyn\u0259lxalq turizmd\u0259n \u0259ld\u0259 olunan g\u0259lir 2019-cu ilin s\u0259viyy\u0259sini 26,2% (856,7 milyon dollar), 2022-ci ilin m\u0259lumatlar\u0131n\u0131 is\u0259 +17,3% (608,7 milyon dollar) \u00fcst\u0259l\u0259yib. T\u0259kc\u0259 \u00f6t\u0259n ilin oktyabr-dekabr aylar\u0131nda G\u00fcrc\u00fcstan\u0131 1.5 milyon n\u0259f\u0259r ziyar\u0259t edib.<\/p>\n\n\n<div class=\"wp-block-image\">\n<figure class=\"aligncenter size-full\"><img decoding=\"async\" width=\"1200\" height=\"800\" data-src=\"https:\/\/www.meydan.tv\/wp-content\/uploads\/shutterstock_781484326.jpg\" alt=\"\" class=\"wp-image-240513 lazyload\" src=\"data:image\/svg+xml;base64,PHN2ZyB3aWR0aD0iMSIgaGVpZ2h0PSIxIiB4bWxucz0iaHR0cDovL3d3dy53My5vcmcvMjAwMC9zdmciPjwvc3ZnPg==\" style=\"--smush-placeholder-width: 1200px; --smush-placeholder-aspect-ratio: 1200\/800;\" \/><figcaption class=\"wp-element-caption\">G\u00fcrc\u00fcstan-Az\u0259rbaycan s\u0259rh\u0259di. Foto: Ana Flasker\/shutterstock<\/figcaption><\/figure>\n<\/div>\n\n\n<p>T\u00fcrkiy\u0259nin turizm g\u0259lirl\u0259ri d\u0259 a\u00e7\u0131qlan\u0131b. T\u00fcrkiy\u0259 S\u0259yah\u0259t Agentlikl\u0259ri Birliyinin r\u0259hb\u0259ri Firuz Ba\u011fl\u0131kaya bildirib ki, 2023-c\u00fc ild\u0259 \u0259cn\u0259bi ziyar\u0259t\u00e7i say\u0131 50 milyona \u00e7at\u0131b. Xarici \u00f6lk\u0259l\u0259rd\u0259 ya\u015fayan t\u00fcrkl\u0259rin say\u0131 n\u0259z\u0259r\u0259 al\u0131nanda \u00fcmumi ziyar\u0259t\u00e7i say\u0131 56 milyonu \u00f6t\u00fcb. T\u00fcrk turizm\u00e7il\u0259ri 2024-d\u0259 h\u0259d\u0259fl\u0259rinin daha b\u00f6y\u00fck oldu\u011funu a\u00e7\u0131qlay\u0131blar. Ba\u011fl\u0131kaya deyir ki, r\u0259qibl\u0259ri olan \u0130spaniya, Fransa v\u0259 \u0130taliya kimi \u00f6lk\u0259l\u0259r\u0259 \u00e7atmaq v\u0259 h\u0259tta \u00f6tm\u0259k \u00fc\u00e7\u00fcn daha \u00e7ox \u00e7al\u0131\u015facaqlar.<\/p>\n\n\n<div class=\"wp-block-image\">\n<figure class=\"aligncenter size-full\"><img decoding=\"async\" width=\"862\" height=\"485\" data-src=\"https:\/\/www.meydan.tv\/wp-content\/uploads\/5f2b15f702e8bd19d0624f49.jpg\" alt=\"T\u00fcrkiy\u0259\" class=\"wp-image-151961 lazyload\" src=\"data:image\/svg+xml;base64,PHN2ZyB3aWR0aD0iMSIgaGVpZ2h0PSIxIiB4bWxucz0iaHR0cDovL3d3dy53My5vcmcvMjAwMC9zdmciPjwvc3ZnPg==\" style=\"--smush-placeholder-width: 862px; --smush-placeholder-aspect-ratio: 862\/485;\" \/><figcaption class=\"wp-element-caption\">Foto: Reuters<\/figcaption><\/figure>\n<\/div>\n\n\n<p>Az\u0259rbaycana d\u00fcnyan\u0131n 187 \u00f6lk\u0259sind\u0259n 2085.8 min v\u0259 ya \u0259vv\u0259lki ill\u0259 m\u00fcqayis\u0259d\u0259 30.2 faiz \u00e7ox \u0259cn\u0259bi v\u0259 v\u0259t\u0259nda\u015fl\u0131\u011f\u0131 olmayan \u015f\u0259xs g\u0259lib. Bu bar\u0259d\u0259 D\u00f6vl\u0259t Statistika Komit\u0259si m\u0259lumat verib. G\u0259l\u0259nl\u0259rin 30 faizi Rusiya, 18.1 faizi T\u00fcrkiy\u0259, 7.9 faizi \u0130ran v\u0259t\u0259nda\u015flar\u0131 olub. H\u0259m\u00e7inin, Hindistan, G\u00fcrc\u00fcstan, Qazax\u0131stan, Pakistan, \u00c7in, B\u00f6y\u00fck Britaniya v\u0259t\u0259nda\u015flar\u0131 da Az\u0259rbaycana s\u0259yah\u0259t edib. Ancaq \u00f6lk\u0259 turizmd\u0259n n\u0259 q\u0259d\u0259r qazanc \u0259ld\u0259 edib, bu bar\u0259d\u0259 r\u0259smi m\u0259lumat yoxdur.<\/p>\n\n\n<div class=\"wp-block-image\">\n<figure class=\"aligncenter size-full\"><img decoding=\"async\" width=\"961\" height=\"541\" data-src=\"https:\/\/www.meydan.tv\/wp-content\/uploads\/turizm.jpg\" alt=\"\u0422\u0443\u0440\u0438\u0437\u043c\" class=\"wp-image-147914 lazyload\" src=\"data:image\/svg+xml;base64,PHN2ZyB3aWR0aD0iMSIgaGVpZ2h0PSIxIiB4bWxucz0iaHR0cDovL3d3dy53My5vcmcvMjAwMC9zdmciPjwvc3ZnPg==\" style=\"--smush-placeholder-width: 961px; --smush-placeholder-aspect-ratio: 961\/541;\" \/><figcaption class=\"wp-element-caption\">Foto: arxiv<\/figcaption><\/figure>\n<\/div>\n\n\n<p>\u0130qtisad\u00e7\u0131 Eld\u0259niz \u018fmirov bildirib ki, G\u00fcrc\u00fcstan\u0131n turizm g\u0259lirl\u0259ri 2019-cu ill\u0259 m\u00fcqayis\u0259d\u0259 26.2 faiz artaraq 4.1 milyard dollara \u00e7at\u0131b.<\/p>\n\n\n<div class=\"wp-block-image\">\n<figure class=\"alignleft size-full is-resized\"><img decoding=\"async\" width=\"1200\" height=\"819\" data-src=\"https:\/\/www.meydan.tv\/wp-content\/uploads\/16871592894509419579_1200x630.jpg\" alt=\"\" class=\"wp-image-299669 lazyload\" style=\"--smush-placeholder-width: 1200px; --smush-placeholder-aspect-ratio: 1200\/819;width:371px;height:auto\" src=\"data:image\/svg+xml;base64,PHN2ZyB3aWR0aD0iMSIgaGVpZ2h0PSIxIiB4bWxucz0iaHR0cDovL3d3dy53My5vcmcvMjAwMC9zdmciPjwvc3ZnPg==\" \/><figcaption class=\"wp-element-caption\">Eld\u0259niz \u018fmirov. Foto: Az\u0259rtac<\/figcaption><\/figure>\n<\/div>\n\n\n<p><em>\u201cBizim is\u0259 G\u00fcrc\u00fcstan\u0131n 2019-cu ild\u0259ki turist say\u0131na \u00e7atma\u011f\u0131m\u0131za h\u0259l\u0259 1.2 milyon turist qal\u0131b. Bel\u0259likl\u0259, region r\u0259qibimiz G\u00fcrc\u00fcstana turizm \u00fczr\u0259 \u00e7atmaq ist\u0259diyimiz halda G\u00fcrc\u00fcstan bizd\u0259n daha da uzaqla\u015f\u0131r\u201d<\/em>,- Eld\u0259niz \u018fmirov sosial \u015f\u0259b\u0259k\u0259 hesab\u0131nda payla\u015f\u0131b.<br><\/p>\n\n\n\n<p>Ekspert xat\u0131rlad\u0131r ki, G\u00fcrc\u00fcstan\u0131n quru s\u0259rh\u0259dl\u0259ri ba\u011fl\u0131 deyil, lari manatdan ucuzdur:<\/p>\n\n\n\n<p>\u201c<em>G\u00fcrc\u00fcstanda regional turizmin inki\u015faf\u0131nda maliyy\u0259l\u0259\u015fm\u0259 \u00f6n\u0259mli oldu\u011fu \u00fc\u00e7\u00fcn kreditl\u0259\u015fm\u0259d\u0259 Tbilisinin pay\u0131 77 faizdir, rayonlar\u0131n pay\u0131 is\u0259 0.1-0.6 faiz deyil. Buna g\u00f6r\u0259 d\u0259 a\u015fa\u011f\u0131 ulduzlu otell\u0259r, dig\u0259r turizm infrastrukturu inki\u015faf edir\u201d.<\/em><\/p>\n","protected":false},"excerpt":{"rendered":"<p>\u201cBizim G\u00fcrc\u00fcstan\u0131n 2019-cu ild\u0259ki turist say\u0131na \u00e7atma\u011f\u0131m\u0131za h\u0259l\u0259 1.2 milyon &#8230; <\/p>\n<p class=\"read-more-container\"><a title=\"T\u00fcrkiy\u0259 il\u0259 G\u00fcrc\u00fcstan turizmd\u0259n g\u0259lirl\u0259rini a\u00e7\u0131qlad\u0131, b\u0259s Az\u0259rbaycan?\" class=\"read-more button\" href=\"https:\/\/www.meydan.tv\/az\/article\/turkiye-ile-gurcustan-turizmden-gelirlerini-aciqladi-bes-azerbaycan\/#more-299667\" aria-label=\"Read more about T\u00fcrkiy\u0259 il\u0259 G\u00fcrc\u00fcstan turizmd\u0259n g\u0259lirl\u0259rini a\u00e7\u0131qlad\u0131, b\u0259s Az\u0259rbaycan?\">Davam\u0131<\/a><\/p>\n","protected":false},"author":8,"featured_media":253279,"comment_status":"closed","ping_status":"closed","sticky":false,"template":"","format":"standard","meta":{"_acf_changed":false,"_sitemap_exclude":false,"_sitemap_priority":"","_sitemap_frequency":"","footnotes":""},"categories":[62,79,56],"tags":[],"class_list":["post-299667","post","type-post","status-publish","format-standard","has-post-thumbnail","hentry","category-sosial","category-featured","category-xeberler","infinite-scroll-item","generate-columns","tablet-grid-50","mobile-grid-100","grid-parent","grid-33","no-featured-image-padding"],"acf":[],"yoast_head":"<!-- This site is optimized with the Yoast SEO plugin v27.5 - https:\/\/yoast.com\/product\/yoast-seo-wordpress\/ -->\n<title>T\u00fcrkiy\u0259 il\u0259 G\u00fcrc\u00fcstan turizmd\u0259n g\u0259lirl\u0259rini a\u00e7\u0131qlad\u0131, b\u0259s Az\u0259rbaycan? - MEYDAN.TV<\/title>\n<meta name=\"robots\" content=\"index, follow, max-snippet:-1, max-image-preview:large, max-video-preview:-1\" \/>\n<link rel=\"canonical\" href=\"https:\/\/www.meydan.tv\/az\/article\/turkiye-ile-gurcustan-turizmden-gelirlerini-aciqladi-bes-azerbaycan\/\" \/>\n<meta property=\"og:locale\" content=\"az_AZ\" \/>\n<meta property=\"og:type\" content=\"article\" \/>\n<meta property=\"og:title\" content=\"T\u00fcrkiy\u0259 il\u0259 G\u00fcrc\u00fcstan turizmd\u0259n g\u0259lirl\u0259rini a\u00e7\u0131qlad\u0131, b\u0259s Az\u0259rbaycan? - MEYDAN.TV\" \/>\n<meta property=\"og:description\" content=\"\u201cBizim G\u00fcrc\u00fcstan\u0131n 2019-cu ild\u0259ki turist say\u0131na \u00e7atma\u011f\u0131m\u0131za h\u0259l\u0259 1.2 milyon ... Davam\u0131\" \/>\n<meta property=\"og:url\" content=\"https:\/\/www.meydan.tv\/az\/article\/turkiye-ile-gurcustan-turizmden-gelirlerini-aciqladi-bes-azerbaycan\/\" \/>\n<meta property=\"og:site_name\" content=\"MEYDAN.TV\" \/>\n<meta property=\"article:published_time\" content=\"2024-02-22T07:14:02+00:00\" \/>\n<meta property=\"article:modified_time\" content=\"2024-02-22T09:17:03+00:00\" \/>\n<meta property=\"og:image\" content=\"https:\/\/www.meydan.tv\/wp-content\/uploads\/shutterstock_2128751153.jpg\" \/>\n\t<meta property=\"og:image:width\" content=\"1200\" \/>\n\t<meta property=\"og:image:height\" content=\"695\" \/>\n\t<meta property=\"og:image:type\" content=\"image\/jpeg\" \/>\n<meta name=\"author\" content=\"elli\" \/>\n<meta name=\"twitter:card\" content=\"summary_large_image\" \/>\n<meta name=\"twitter:creator\" content=\"@elli\" \/>\n<script type=\"application\/ld+json\" class=\"yoast-schema-graph\">{\"@context\":\"https:\\\/\\\/schema.org\",\"@graph\":[{\"@type\":\"Article\",\"@id\":\"https:\\\/\\\/www.meydan.tv\\\/az\\\/article\\\/turkiye-ile-gurcustan-turizmden-gelirlerini-aciqladi-bes-azerbaycan\\\/#article\",\"isPartOf\":{\"@id\":\"https:\\\/\\\/www.meydan.tv\\\/az\\\/article\\\/turkiye-ile-gurcustan-turizmden-gelirlerini-aciqladi-bes-azerbaycan\\\/\"},\"author\":{\"name\":\"elli\",\"@id\":\"https:\\\/\\\/www.meydan.tv\\\/az\\\/#\\\/schema\\\/person\\\/9cdbecf90d17180ce1dfbd95b08dcf47\"},\"headline\":\"T\u00fcrkiy\u0259 il\u0259 G\u00fcrc\u00fcstan turizmd\u0259n g\u0259lirl\u0259rini a\u00e7\u0131qlad\u0131, b\u0259s Az\u0259rbaycan?\",\"datePublished\":\"2024-02-22T07:14:02+00:00\",\"dateModified\":\"2024-02-22T09:17:03+00:00\",\"mainEntityOfPage\":{\"@id\":\"https:\\\/\\\/www.meydan.tv\\\/az\\\/article\\\/turkiye-ile-gurcustan-turizmden-gelirlerini-aciqladi-bes-azerbaycan\\\/\"},\"wordCount\":513,\"publisher\":{\"@id\":\"https:\\\/\\\/www.meydan.tv\\\/az\\\/#organization\"},\"image\":{\"@id\":\"https:\\\/\\\/www.meydan.tv\\\/az\\\/article\\\/turkiye-ile-gurcustan-turizmden-gelirlerini-aciqladi-bes-azerbaycan\\\/#primaryimage\"},\"thumbnailUrl\":\"https:\\\/\\\/www.meydan.tv\\\/wp-content\\\/uploads\\\/shutterstock_2128751153.jpg\",\"articleSection\":[\"Sosial\",\"T\u00f6vsiy\u0259\",\"X\u0259b\u0259rl\u0259r\"],\"inLanguage\":\"az\"},{\"@type\":\"WebPage\",\"@id\":\"https:\\\/\\\/www.meydan.tv\\\/az\\\/article\\\/turkiye-ile-gurcustan-turizmden-gelirlerini-aciqladi-bes-azerbaycan\\\/\",\"url\":\"https:\\\/\\\/www.meydan.tv\\\/az\\\/article\\\/turkiye-ile-gurcustan-turizmden-gelirlerini-aciqladi-bes-azerbaycan\\\/\",\"name\":\"T\u00fcrkiy\u0259 il\u0259 G\u00fcrc\u00fcstan turizmd\u0259n g\u0259lirl\u0259rini a\u00e7\u0131qlad\u0131, b\u0259s Az\u0259rbaycan? - MEYDAN.TV\",\"isPartOf\":{\"@id\":\"https:\\\/\\\/www.meydan.tv\\\/az\\\/#website\"},\"primaryImageOfPage\":{\"@id\":\"https:\\\/\\\/www.meydan.tv\\\/az\\\/article\\\/turkiye-ile-gurcustan-turizmden-gelirlerini-aciqladi-bes-azerbaycan\\\/#primaryimage\"},\"image\":{\"@id\":\"https:\\\/\\\/www.meydan.tv\\\/az\\\/article\\\/turkiye-ile-gurcustan-turizmden-gelirlerini-aciqladi-bes-azerbaycan\\\/#primaryimage\"},\"thumbnailUrl\":\"https:\\\/\\\/www.meydan.tv\\\/wp-content\\\/uploads\\\/shutterstock_2128751153.jpg\",\"datePublished\":\"2024-02-22T07:14:02+00:00\",\"dateModified\":\"2024-02-22T09:17:03+00:00\",\"breadcrumb\":{\"@id\":\"https:\\\/\\\/www.meydan.tv\\\/az\\\/article\\\/turkiye-ile-gurcustan-turizmden-gelirlerini-aciqladi-bes-azerbaycan\\\/#breadcrumb\"},\"inLanguage\":\"az\",\"potentialAction\":[{\"@type\":\"ReadAction\",\"target\":[\"https:\\\/\\\/www.meydan.tv\\\/az\\\/article\\\/turkiye-ile-gurcustan-turizmden-gelirlerini-aciqladi-bes-azerbaycan\\\/\"]}]},{\"@type\":\"ImageObject\",\"inLanguage\":\"az\",\"@id\":\"https:\\\/\\\/www.meydan.tv\\\/az\\\/article\\\/turkiye-ile-gurcustan-turizmden-gelirlerini-aciqladi-bes-azerbaycan\\\/#primaryimage\",\"url\":\"https:\\\/\\\/www.meydan.tv\\\/wp-content\\\/uploads\\\/shutterstock_2128751153.jpg\",\"contentUrl\":\"https:\\\/\\\/www.meydan.tv\\\/wp-content\\\/uploads\\\/shutterstock_2128751153.jpg\",\"width\":1200,\"height\":695,\"caption\":\"Qafqaz turizmi. M\u0259nb\u0259: Sotnikov Misha\\\/shutterstock\"},{\"@type\":\"BreadcrumbList\",\"@id\":\"https:\\\/\\\/www.meydan.tv\\\/az\\\/article\\\/turkiye-ile-gurcustan-turizmden-gelirlerini-aciqladi-bes-azerbaycan\\\/#breadcrumb\",\"itemListElement\":[{\"@type\":\"ListItem\",\"position\":1,\"name\":\"Ana s\u0259hif\u0259\",\"item\":\"https:\\\/\\\/www.meydan.tv\\\/az\\\/\"},{\"@type\":\"ListItem\",\"position\":2,\"name\":\"Sosial\",\"item\":\"https:\\\/\\\/www.meydan.tv\\\/az\\\/section\\\/sosial\\\/\"},{\"@type\":\"ListItem\",\"position\":3,\"name\":\"T\u00fcrkiy\u0259 il\u0259 G\u00fcrc\u00fcstan turizmd\u0259n g\u0259lirl\u0259rini a\u00e7\u0131qlad\u0131, b\u0259s Az\u0259rbaycan?\"}]},{\"@type\":\"WebSite\",\"@id\":\"https:\\\/\\\/www.meydan.tv\\\/az\\\/#website\",\"url\":\"https:\\\/\\\/www.meydan.tv\\\/az\\\/\",\"name\":\"MEYDAN.TV\",\"description\":\"Meydan TV Az\u0259rbaycan\u0131n media m\u0259kan\u0131ndak\u0131 alternativ s\u0259sidir\",\"publisher\":{\"@id\":\"https:\\\/\\\/www.meydan.tv\\\/az\\\/#organization\"},\"potentialAction\":[{\"@type\":\"SearchAction\",\"target\":{\"@type\":\"EntryPoint\",\"urlTemplate\":\"https:\\\/\\\/www.meydan.tv\\\/az\\\/?s={search_term_string}\"},\"query-input\":{\"@type\":\"PropertyValueSpecification\",\"valueRequired\":true,\"valueName\":\"search_term_string\"}}],\"inLanguage\":\"az\"},{\"@type\":\"Organization\",\"@id\":\"https:\\\/\\\/www.meydan.tv\\\/az\\\/#organization\",\"name\":\"Meydan TV\",\"url\":\"https:\\\/\\\/www.meydan.tv\\\/az\\\/\",\"logo\":{\"@type\":\"ImageObject\",\"inLanguage\":\"az\",\"@id\":\"https:\\\/\\\/www.meydan.tv\\\/az\\\/#\\\/schema\\\/logo\\\/image\\\/\",\"url\":\"https:\\\/\\\/www.meydan.tv\\\/wp-content\\\/uploads\\\/2021\\\/07\\\/meydan-logo.svg\",\"contentUrl\":\"https:\\\/\\\/www.meydan.tv\\\/wp-content\\\/uploads\\\/2021\\\/07\\\/meydan-logo.svg\",\"width\":195,\"height\":46,\"caption\":\"Meydan TV\"},\"image\":{\"@id\":\"https:\\\/\\\/www.meydan.tv\\\/az\\\/#\\\/schema\\\/logo\\\/image\\\/\"}},{\"@type\":\"Person\",\"@id\":\"https:\\\/\\\/www.meydan.tv\\\/az\\\/#\\\/schema\\\/person\\\/9cdbecf90d17180ce1dfbd95b08dcf47\",\"name\":\"elli\",\"sameAs\":[\"https:\\\/\\\/x.com\\\/elli\"]}]}<\/script>\n<!-- \/ Yoast SEO plugin. -->","yoast_head_json":{"title":"T\u00fcrkiy\u0259 il\u0259 G\u00fcrc\u00fcstan turizmd\u0259n g\u0259lirl\u0259rini a\u00e7\u0131qlad\u0131, b\u0259s Az\u0259rbaycan? - MEYDAN.TV","robots":{"index":"index","follow":"follow","max-snippet":"max-snippet:-1","max-image-preview":"max-image-preview:large","max-video-preview":"max-video-preview:-1"},"canonical":"https:\/\/www.meydan.tv\/az\/article\/turkiye-ile-gurcustan-turizmden-gelirlerini-aciqladi-bes-azerbaycan\/","og_locale":"az_AZ","og_type":"article","og_title":"T\u00fcrkiy\u0259 il\u0259 G\u00fcrc\u00fcstan turizmd\u0259n g\u0259lirl\u0259rini a\u00e7\u0131qlad\u0131, b\u0259s Az\u0259rbaycan? - MEYDAN.TV","og_description":"\u201cBizim G\u00fcrc\u00fcstan\u0131n 2019-cu ild\u0259ki turist say\u0131na \u00e7atma\u011f\u0131m\u0131za h\u0259l\u0259 1.2 milyon ... Davam\u0131","og_url":"https:\/\/www.meydan.tv\/az\/article\/turkiye-ile-gurcustan-turizmden-gelirlerini-aciqladi-bes-azerbaycan\/","og_site_name":"MEYDAN.TV","article_published_time":"2024-02-22T07:14:02+00:00","article_modified_time":"2024-02-22T09:17:03+00:00","og_image":[{"width":1200,"height":695,"url":"https:\/\/www.meydan.tv\/wp-content\/uploads\/shutterstock_2128751153.jpg","type":"image\/jpeg"}],"author":"elli","twitter_card":"summary_large_image","twitter_creator":"@elli","schema":{"@context":"https:\/\/schema.org","@graph":[{"@type":"Article","@id":"https:\/\/www.meydan.tv\/az\/article\/turkiye-ile-gurcustan-turizmden-gelirlerini-aciqladi-bes-azerbaycan\/#article","isPartOf":{"@id":"https:\/\/www.meydan.tv\/az\/article\/turkiye-ile-gurcustan-turizmden-gelirlerini-aciqladi-bes-azerbaycan\/"},"author":{"name":"elli","@id":"https:\/\/www.meydan.tv\/az\/#\/schema\/person\/9cdbecf90d17180ce1dfbd95b08dcf47"},"headline":"T\u00fcrkiy\u0259 il\u0259 G\u00fcrc\u00fcstan turizmd\u0259n g\u0259lirl\u0259rini a\u00e7\u0131qlad\u0131, b\u0259s Az\u0259rbaycan?","datePublished":"2024-02-22T07:14:02+00:00","dateModified":"2024-02-22T09:17:03+00:00","mainEntityOfPage":{"@id":"https:\/\/www.meydan.tv\/az\/article\/turkiye-ile-gurcustan-turizmden-gelirlerini-aciqladi-bes-azerbaycan\/"},"wordCount":513,"publisher":{"@id":"https:\/\/www.meydan.tv\/az\/#organization"},"image":{"@id":"https:\/\/www.meydan.tv\/az\/article\/turkiye-ile-gurcustan-turizmden-gelirlerini-aciqladi-bes-azerbaycan\/#primaryimage"},"thumbnailUrl":"https:\/\/www.meydan.tv\/wp-content\/uploads\/shutterstock_2128751153.jpg","articleSection":["Sosial","T\u00f6vsiy\u0259","X\u0259b\u0259rl\u0259r"],"inLanguage":"az"},{"@type":"WebPage","@id":"https:\/\/www.meydan.tv\/az\/article\/turkiye-ile-gurcustan-turizmden-gelirlerini-aciqladi-bes-azerbaycan\/","url":"https:\/\/www.meydan.tv\/az\/article\/turkiye-ile-gurcustan-turizmden-gelirlerini-aciqladi-bes-azerbaycan\/","name":"T\u00fcrkiy\u0259 il\u0259 G\u00fcrc\u00fcstan turizmd\u0259n g\u0259lirl\u0259rini a\u00e7\u0131qlad\u0131, b\u0259s Az\u0259rbaycan? - MEYDAN.TV","isPartOf":{"@id":"https:\/\/www.meydan.tv\/az\/#website"},"primaryImageOfPage":{"@id":"https:\/\/www.meydan.tv\/az\/article\/turkiye-ile-gurcustan-turizmden-gelirlerini-aciqladi-bes-azerbaycan\/#primaryimage"},"image":{"@id":"https:\/\/www.meydan.tv\/az\/article\/turkiye-ile-gurcustan-turizmden-gelirlerini-aciqladi-bes-azerbaycan\/#primaryimage"},"thumbnailUrl":"https:\/\/www.meydan.tv\/wp-content\/uploads\/shutterstock_2128751153.jpg","datePublished":"2024-02-22T07:14:02+00:00","dateModified":"2024-02-22T09:17:03+00:00","breadcrumb":{"@id":"https:\/\/www.meydan.tv\/az\/article\/turkiye-ile-gurcustan-turizmden-gelirlerini-aciqladi-bes-azerbaycan\/#breadcrumb"},"inLanguage":"az","potentialAction":[{"@type":"ReadAction","target":["https:\/\/www.meydan.tv\/az\/article\/turkiye-ile-gurcustan-turizmden-gelirlerini-aciqladi-bes-azerbaycan\/"]}]},{"@type":"ImageObject","inLanguage":"az","@id":"https:\/\/www.meydan.tv\/az\/article\/turkiye-ile-gurcustan-turizmden-gelirlerini-aciqladi-bes-azerbaycan\/#primaryimage","url":"https:\/\/www.meydan.tv\/wp-content\/uploads\/shutterstock_2128751153.jpg","contentUrl":"https:\/\/www.meydan.tv\/wp-content\/uploads\/shutterstock_2128751153.jpg","width":1200,"height":695,"caption":"Qafqaz turizmi. M\u0259nb\u0259: Sotnikov Misha\/shutterstock"},{"@type":"BreadcrumbList","@id":"https:\/\/www.meydan.tv\/az\/article\/turkiye-ile-gurcustan-turizmden-gelirlerini-aciqladi-bes-azerbaycan\/#breadcrumb","itemListElement":[{"@type":"ListItem","position":1,"name":"Ana s\u0259hif\u0259","item":"https:\/\/www.meydan.tv\/az\/"},{"@type":"ListItem","position":2,"name":"Sosial","item":"https:\/\/www.meydan.tv\/az\/section\/sosial\/"},{"@type":"ListItem","position":3,"name":"T\u00fcrkiy\u0259 il\u0259 G\u00fcrc\u00fcstan turizmd\u0259n g\u0259lirl\u0259rini a\u00e7\u0131qlad\u0131, b\u0259s Az\u0259rbaycan?"}]},{"@type":"WebSite","@id":"https:\/\/www.meydan.tv\/az\/#website","url":"https:\/\/www.meydan.tv\/az\/","name":"MEYDAN.TV","description":"Meydan TV Az\u0259rbaycan\u0131n media m\u0259kan\u0131ndak\u0131 alternativ s\u0259sidir","publisher":{"@id":"https:\/\/www.meydan.tv\/az\/#organization"},"potentialAction":[{"@type":"SearchAction","target":{"@type":"EntryPoint","urlTemplate":"https:\/\/www.meydan.tv\/az\/?s={search_term_string}"},"query-input":{"@type":"PropertyValueSpecification","valueRequired":true,"valueName":"search_term_string"}}],"inLanguage":"az"},{"@type":"Organization","@id":"https:\/\/www.meydan.tv\/az\/#organization","name":"Meydan TV","url":"https:\/\/www.meydan.tv\/az\/","logo":{"@type":"ImageObject","inLanguage":"az","@id":"https:\/\/www.meydan.tv\/az\/#\/schema\/logo\/image\/","url":"https:\/\/www.meydan.tv\/wp-content\/uploads\/2021\/07\/meydan-logo.svg","contentUrl":"https:\/\/www.meydan.tv\/wp-content\/uploads\/2021\/07\/meydan-logo.svg","width":195,"height":46,"caption":"Meydan TV"},"image":{"@id":"https:\/\/www.meydan.tv\/az\/#\/schema\/logo\/image\/"}},{"@type":"Person","@id":"https:\/\/www.meydan.tv\/az\/#\/schema\/person\/9cdbecf90d17180ce1dfbd95b08dcf47","name":"elli","sameAs":["https:\/\/x.com\/elli"]}]}},"_links":{"self":[{"href":"https:\/\/www.meydan.tv\/az\/wp-json\/wp\/v2\/posts\/299667","targetHints":{"allow":["GET"]}}],"collection":[{"href":"https:\/\/www.meydan.tv\/az\/wp-json\/wp\/v2\/posts"}],"about":[{"href":"https:\/\/www.meydan.tv\/az\/wp-json\/wp\/v2\/types\/post"}],"author":[{"embeddable":true,"href":"https:\/\/www.meydan.tv\/az\/wp-json\/wp\/v2\/users\/8"}],"replies":[{"embeddable":true,"href":"https:\/\/www.meydan.tv\/az\/wp-json\/wp\/v2\/comments?post=299667"}],"version-history":[{"count":2,"href":"https:\/\/www.meydan.tv\/az\/wp-json\/wp\/v2\/posts\/299667\/revisions"}],"predecessor-version":[{"id":299675,"href":"https:\/\/www.meydan.tv\/az\/wp-json\/wp\/v2\/posts\/299667\/revisions\/299675"}],"wp:featuredmedia":[{"embeddable":true,"href":"https:\/\/www.meydan.tv\/az\/wp-json\/wp\/v2\/media\/253279"}],"wp:attachment":[{"href":"https:\/\/www.meydan.tv\/az\/wp-json\/wp\/v2\/media?parent=299667"}],"wp:term":[{"taxonomy":"category","embeddable":true,"href":"https:\/\/www.meydan.tv\/az\/wp-json\/wp\/v2\/categories?post=299667"},{"taxonomy":"post_tag","embeddable":true,"href":"https:\/\/www.meydan.tv\/az\/wp-json\/wp\/v2\/tags?post=299667"}],"curies":[{"name":"wp","href":"https:\/\/api.w.org\/{rel}","templated":true}]}}