{"id":299665,"date":"2024-02-22T11:10:48","date_gmt":"2024-02-22T07:10:48","guid":{"rendered":"https:\/\/www.meydan.tv\/?p=299665"},"modified":"2024-02-22T11:15:29","modified_gmt":"2024-02-22T07:15:29","slug":"azeriqazdan-isden-cixarilan-ve-hebs-edilen-cilinger-mehkemeni-qazandi","status":"publish","type":"post","link":"https:\/\/www.meydan.tv\/az\/article\/azeriqazdan-isden-cixarilan-ve-hebs-edilen-cilinger-mehkemeni-qazandi\/","title":{"rendered":"\u201cAz\u0259riqaz\u201ddan i\u015fd\u0259n \u00e7\u0131xar\u0131lan v\u0259 h\u0259bs edil\u0259n \u00e7iling\u0259r m\u0259hk\u0259m\u0259ni qazand\u0131"},"content":{"rendered":"\n<p><\/p>\n\n\n\n<p>&nbsp;<strong><em>M\u0259hk\u0259m\u0259 \u0130lkin M\u0259mm\u0259dovun i\u015f\u0259 b\u0259rpa olunma t\u0259l\u0259bini yerin\u0259 yetirib<\/em><\/strong><\/p>\n\n\n\n<p>\u201cAz\u0259riqaz\u201d \u0130stehsalat Birliyinin A\u011fsu Regional Qaz \u0130stismar \u0130dar\u0259sinin Ucar xidm\u0259t sah\u0259sinin \u00f6t\u0259n ilin mart\u0131nda i\u015fd\u0259n \u00e7\u0131xar\u0131lan \u00e7iling\u0259ri \u0130lkin M\u0259mm\u0259dov m\u0259hk\u0259m\u0259 vasit\u0259sil\u0259 yenid\u0259n i\u015fin\u0259 b\u0259rpa olunub.<\/p>\n\n\n\n<p>Bu bar\u0259d\u0259 Meydan TV-y\u0259 Neft\u00e7il\u0259rin H\u00fcquqlar\u0131n\u0131n M\u00fcdafi\u0259 Komit\u0259sinin s\u0259dri Mirvari Q\u0259hr\u0259manl\u0131 bildirib.<\/p>\n\n\n\n<p>\u0130lkin M\u0259mm\u0259dov idar\u0259nin ba\u015f m\u00fch\u0259ndisin\u0259 etiraz etdiyi \u00fc\u00e7\u00fcn i\u015fd\u0259n uzaqla\u015fd\u0131r\u0131ld\u0131\u011f\u0131n\u0131 bildirmi\u015fdi. O, Meydan TV-y\u0259 m\u00fcsahib\u0259sind\u0259 Zaur M\u0259mm\u0259dov t\u0259r\u0259find\u0259n kobudluqla \u00fczl\u0259\u015fdiyini, t\u0259hqir edildiyini v\u0259 buna etiraz etdiyi \u00fc\u00e7\u00fcn \u018fm\u0259k M\u0259c\u0259ll\u0259sinin 70-ci madd\u0259sinin C b\u0259ndin\u0259 \u0259sas\u0259n i\u015fd\u0259n \u00e7\u0131xar\u0131ld\u0131\u011f\u0131n\u0131 <a href=\"https:\/\/www.meydan.tv\/az\/article\/isden-cixarilan-cilinger-azeriqaz-rehberliyini-gunahlandirir\/\">demi\u015fdi<\/a>.<\/p>\n\n\n\n<p>M\u0259mm\u0259dovun i\u015fd\u0259n \u00e7\u0131xar\u0131lmas\u0131na idar\u0259nin 25-d\u0259n \u00e7ox \u0259m\u0259kda\u015f\u0131 etiraz ed\u0259r\u0259k t\u0259til etmi\u015fdil\u0259r. Onlar video m\u00fcraci\u0259tl\u0259rind\u0259 istehsalat birliyinin r\u0259hb\u0259ri Ruslan \u018fliyevd\u0259n i\u015fin ara\u015fd\u0131r\u0131lmas\u0131n\u0131 t\u0259l\u0259b etmi\u015fdil\u0259r. Lakin \u201cAz\u0259riqaz\u201d a\u00e7\u0131qlamas\u0131nda \u0130lkin M\u0259mm\u0259dovu d\u0259st\u0259 yaratmaqda g\u00fcnahland\u0131rm\u0131\u015fd\u0131.<\/p>\n\n\n\n<p>\u0130lkin M\u0259mm\u0259dov idar\u0259nin \u015fikay\u0259ti \u0259sas\u0131nda polis t\u0259r\u0259find\u0259n saxlan\u0131lm\u0131\u015fd\u0131 v\u0259 ona qar\u015f\u0131 3 madd\u0259 il\u0259 ittiham ir\u0259li s\u00fcr\u00fclm\u00fc\u015fd\u00fc. Ucar Rayon M\u0259hk\u0259m\u0259si \u0130lkin M\u0259mm\u0259dovu t\u0259qsirli hesab ed\u0259r\u0259k 1 ay m\u00fcdd\u0259tind\u0259 inzibati qaydada h\u0259bs etmi\u015fdi.<\/p>\n\n\n\n<p>Q\u0259hr\u0259manl\u0131 deyib ki, \u0130lkin M\u0259mm\u0259dov i\u015fd\u0259n azad olunmas\u0131n\u0131 qeyri-qanuni v\u0259 q\u0259r\u0259zli hesab ed\u0259r\u0259k A\u011fsu Rayon M\u0259hk\u0259m\u0259sin\u0259 m\u00fcraci\u0259t edib. M\u0259hk\u0259m\u0259 M\u0259mm\u0259dovun i\u015f\u0259 b\u0259rpa olunma t\u0259l\u0259bini yerin\u0259 yetirib. Bu ilin fevral\u0131n 21-d\u0259 \u015e\u0259ki Apelyasiya M\u0259hk\u0259m\u0259si i\u015f\u0259 yenid\u0259n bax\u0131b v\u0259 \u0259vv\u0259lki q\u0259tnam\u0259ni q\u00fcvv\u0259d\u0259 saxlay\u0131b.<\/p>\n","protected":false},"excerpt":{"rendered":"<p>&nbsp;M\u0259hk\u0259m\u0259 \u0130lkin M\u0259mm\u0259dovun i\u015f\u0259 b\u0259rpa olunma t\u0259l\u0259bini yerin\u0259 yetirib \u201cAz\u0259riqaz\u201d &#8230; <\/p>\n<p class=\"read-more-container\"><a title=\"\u201cAz\u0259riqaz\u201ddan i\u015fd\u0259n \u00e7\u0131xar\u0131lan v\u0259 h\u0259bs edil\u0259n \u00e7iling\u0259r m\u0259hk\u0259m\u0259ni qazand\u0131\" class=\"read-more button\" href=\"https:\/\/www.meydan.tv\/az\/article\/azeriqazdan-isden-cixarilan-ve-hebs-edilen-cilinger-mehkemeni-qazandi\/#more-299665\" aria-label=\"Read more about \u201cAz\u0259riqaz\u201ddan i\u015fd\u0259n \u00e7\u0131xar\u0131lan v\u0259 h\u0259bs edil\u0259n \u00e7iling\u0259r m\u0259hk\u0259m\u0259ni qazand\u0131\">Davam\u0131<\/a><\/p>\n","protected":false},"author":8,"featured_media":245997,"comment_status":"closed","ping_status":"closed","sticky":false,"template":"","format":"standard","meta":{"_acf_changed":false,"_sitemap_exclude":false,"_sitemap_priority":"","_sitemap_frequency":"","footnotes":""},"categories":[60,56],"tags":[],"class_list":["post-299665","post","type-post","status-publish","format-standard","has-post-thumbnail","hentry","category-bolge","category-xeberler","infinite-scroll-item","generate-columns","tablet-grid-50","mobile-grid-100","grid-parent","grid-33","no-featured-image-padding"],"acf":[],"yoast_head":"<!-- This site is optimized with the Yoast SEO plugin v27.4 - https:\/\/yoast.com\/product\/yoast-seo-wordpress\/ -->\n<title>\u201cAz\u0259riqaz\u201ddan i\u015fd\u0259n \u00e7\u0131xar\u0131lan v\u0259 h\u0259bs edil\u0259n \u00e7iling\u0259r m\u0259hk\u0259m\u0259ni qazand\u0131 - MEYDAN.TV<\/title>\n<meta name=\"robots\" content=\"index, follow, max-snippet:-1, max-image-preview:large, max-video-preview:-1\" \/>\n<link rel=\"canonical\" href=\"https:\/\/www.meydan.tv\/az\/article\/azeriqazdan-isden-cixarilan-ve-hebs-edilen-cilinger-mehkemeni-qazandi\/\" \/>\n<meta property=\"og:locale\" content=\"az_AZ\" \/>\n<meta property=\"og:type\" content=\"article\" \/>\n<meta property=\"og:title\" content=\"\u201cAz\u0259riqaz\u201ddan i\u015fd\u0259n \u00e7\u0131xar\u0131lan v\u0259 h\u0259bs edil\u0259n \u00e7iling\u0259r m\u0259hk\u0259m\u0259ni qazand\u0131 - MEYDAN.TV\" \/>\n<meta property=\"og:description\" content=\"&nbsp;M\u0259hk\u0259m\u0259 \u0130lkin M\u0259mm\u0259dovun i\u015f\u0259 b\u0259rpa olunma t\u0259l\u0259bini yerin\u0259 yetirib \u201cAz\u0259riqaz\u201d ... Davam\u0131\" \/>\n<meta property=\"og:url\" content=\"https:\/\/www.meydan.tv\/az\/article\/azeriqazdan-isden-cixarilan-ve-hebs-edilen-cilinger-mehkemeni-qazandi\/\" \/>\n<meta property=\"og:site_name\" content=\"MEYDAN.TV\" \/>\n<meta property=\"article:published_time\" content=\"2024-02-22T07:10:48+00:00\" \/>\n<meta property=\"article:modified_time\" content=\"2024-02-22T07:15:29+00:00\" \/>\n<meta property=\"og:image\" content=\"https:\/\/www.meydan.tv\/wp-content\/uploads\/trend_azerigaz_191012-e1708584645932.jpg\" \/>\n\t<meta property=\"og:image:width\" content=\"1200\" \/>\n\t<meta property=\"og:image:height\" content=\"478\" \/>\n\t<meta property=\"og:image:type\" content=\"image\/jpeg\" \/>\n<meta name=\"author\" content=\"elli\" \/>\n<meta name=\"twitter:card\" content=\"summary_large_image\" \/>\n<meta name=\"twitter:creator\" content=\"@elli\" \/>\n<script type=\"application\/ld+json\" class=\"yoast-schema-graph\">{\"@context\":\"https:\\\/\\\/schema.org\",\"@graph\":[{\"@type\":\"Article\",\"@id\":\"https:\\\/\\\/www.meydan.tv\\\/az\\\/article\\\/azeriqazdan-isden-cixarilan-ve-hebs-edilen-cilinger-mehkemeni-qazandi\\\/#article\",\"isPartOf\":{\"@id\":\"https:\\\/\\\/www.meydan.tv\\\/az\\\/article\\\/azeriqazdan-isden-cixarilan-ve-hebs-edilen-cilinger-mehkemeni-qazandi\\\/\"},\"author\":{\"name\":\"elli\",\"@id\":\"https:\\\/\\\/www.meydan.tv\\\/az\\\/#\\\/schema\\\/person\\\/9cdbecf90d17180ce1dfbd95b08dcf47\"},\"headline\":\"\u201cAz\u0259riqaz\u201ddan i\u015fd\u0259n \u00e7\u0131xar\u0131lan v\u0259 h\u0259bs edil\u0259n \u00e7iling\u0259r m\u0259hk\u0259m\u0259ni qazand\u0131\",\"datePublished\":\"2024-02-22T07:10:48+00:00\",\"dateModified\":\"2024-02-22T07:15:29+00:00\",\"mainEntityOfPage\":{\"@id\":\"https:\\\/\\\/www.meydan.tv\\\/az\\\/article\\\/azeriqazdan-isden-cixarilan-ve-hebs-edilen-cilinger-mehkemeni-qazandi\\\/\"},\"wordCount\":376,\"publisher\":{\"@id\":\"https:\\\/\\\/www.meydan.tv\\\/az\\\/#organization\"},\"image\":{\"@id\":\"https:\\\/\\\/www.meydan.tv\\\/az\\\/article\\\/azeriqazdan-isden-cixarilan-ve-hebs-edilen-cilinger-mehkemeni-qazandi\\\/#primaryimage\"},\"thumbnailUrl\":\"https:\\\/\\\/www.meydan.tv\\\/wp-content\\\/uploads\\\/trend_azerigaz_191012-e1708584645932.jpg\",\"articleSection\":[\"B\u00f6lg\u0259\",\"X\u0259b\u0259rl\u0259r\"],\"inLanguage\":\"az\"},{\"@type\":\"WebPage\",\"@id\":\"https:\\\/\\\/www.meydan.tv\\\/az\\\/article\\\/azeriqazdan-isden-cixarilan-ve-hebs-edilen-cilinger-mehkemeni-qazandi\\\/\",\"url\":\"https:\\\/\\\/www.meydan.tv\\\/az\\\/article\\\/azeriqazdan-isden-cixarilan-ve-hebs-edilen-cilinger-mehkemeni-qazandi\\\/\",\"name\":\"\u201cAz\u0259riqaz\u201ddan i\u015fd\u0259n \u00e7\u0131xar\u0131lan v\u0259 h\u0259bs edil\u0259n \u00e7iling\u0259r m\u0259hk\u0259m\u0259ni qazand\u0131 - MEYDAN.TV\",\"isPartOf\":{\"@id\":\"https:\\\/\\\/www.meydan.tv\\\/az\\\/#website\"},\"primaryImageOfPage\":{\"@id\":\"https:\\\/\\\/www.meydan.tv\\\/az\\\/article\\\/azeriqazdan-isden-cixarilan-ve-hebs-edilen-cilinger-mehkemeni-qazandi\\\/#primaryimage\"},\"image\":{\"@id\":\"https:\\\/\\\/www.meydan.tv\\\/az\\\/article\\\/azeriqazdan-isden-cixarilan-ve-hebs-edilen-cilinger-mehkemeni-qazandi\\\/#primaryimage\"},\"thumbnailUrl\":\"https:\\\/\\\/www.meydan.tv\\\/wp-content\\\/uploads\\\/trend_azerigaz_191012-e1708584645932.jpg\",\"datePublished\":\"2024-02-22T07:10:48+00:00\",\"dateModified\":\"2024-02-22T07:15:29+00:00\",\"breadcrumb\":{\"@id\":\"https:\\\/\\\/www.meydan.tv\\\/az\\\/article\\\/azeriqazdan-isden-cixarilan-ve-hebs-edilen-cilinger-mehkemeni-qazandi\\\/#breadcrumb\"},\"inLanguage\":\"az\",\"potentialAction\":[{\"@type\":\"ReadAction\",\"target\":[\"https:\\\/\\\/www.meydan.tv\\\/az\\\/article\\\/azeriqazdan-isden-cixarilan-ve-hebs-edilen-cilinger-mehkemeni-qazandi\\\/\"]}]},{\"@type\":\"ImageObject\",\"inLanguage\":\"az\",\"@id\":\"https:\\\/\\\/www.meydan.tv\\\/az\\\/article\\\/azeriqazdan-isden-cixarilan-ve-hebs-edilen-cilinger-mehkemeni-qazandi\\\/#primaryimage\",\"url\":\"https:\\\/\\\/www.meydan.tv\\\/wp-content\\\/uploads\\\/trend_azerigaz_191012-e1708584645932.jpg\",\"contentUrl\":\"https:\\\/\\\/www.meydan.tv\\\/wp-content\\\/uploads\\\/trend_azerigaz_191012-e1708584645932.jpg\",\"width\":1200,\"height\":478,\"caption\":\"Foto: \\\"Az\u0259riqaz\\\"\"},{\"@type\":\"BreadcrumbList\",\"@id\":\"https:\\\/\\\/www.meydan.tv\\\/az\\\/article\\\/azeriqazdan-isden-cixarilan-ve-hebs-edilen-cilinger-mehkemeni-qazandi\\\/#breadcrumb\",\"itemListElement\":[{\"@type\":\"ListItem\",\"position\":1,\"name\":\"Ana s\u0259hif\u0259\",\"item\":\"https:\\\/\\\/www.meydan.tv\\\/az\\\/\"},{\"@type\":\"ListItem\",\"position\":2,\"name\":\"B\u00f6lg\u0259\",\"item\":\"https:\\\/\\\/www.meydan.tv\\\/az\\\/section\\\/bolge\\\/\"},{\"@type\":\"ListItem\",\"position\":3,\"name\":\"\u201cAz\u0259riqaz\u201ddan i\u015fd\u0259n \u00e7\u0131xar\u0131lan v\u0259 h\u0259bs edil\u0259n \u00e7iling\u0259r m\u0259hk\u0259m\u0259ni qazand\u0131\"}]},{\"@type\":\"WebSite\",\"@id\":\"https:\\\/\\\/www.meydan.tv\\\/az\\\/#website\",\"url\":\"https:\\\/\\\/www.meydan.tv\\\/az\\\/\",\"name\":\"MEYDAN.TV\",\"description\":\"Meydan TV Az\u0259rbaycan\u0131n media m\u0259kan\u0131ndak\u0131 alternativ s\u0259sidir\",\"publisher\":{\"@id\":\"https:\\\/\\\/www.meydan.tv\\\/az\\\/#organization\"},\"potentialAction\":[{\"@type\":\"SearchAction\",\"target\":{\"@type\":\"EntryPoint\",\"urlTemplate\":\"https:\\\/\\\/www.meydan.tv\\\/az\\\/?s={search_term_string}\"},\"query-input\":{\"@type\":\"PropertyValueSpecification\",\"valueRequired\":true,\"valueName\":\"search_term_string\"}}],\"inLanguage\":\"az\"},{\"@type\":\"Organization\",\"@id\":\"https:\\\/\\\/www.meydan.tv\\\/az\\\/#organization\",\"name\":\"Meydan TV\",\"url\":\"https:\\\/\\\/www.meydan.tv\\\/az\\\/\",\"logo\":{\"@type\":\"ImageObject\",\"inLanguage\":\"az\",\"@id\":\"https:\\\/\\\/www.meydan.tv\\\/az\\\/#\\\/schema\\\/logo\\\/image\\\/\",\"url\":\"https:\\\/\\\/www.meydan.tv\\\/wp-content\\\/uploads\\\/2021\\\/07\\\/meydan-logo.svg\",\"contentUrl\":\"https:\\\/\\\/www.meydan.tv\\\/wp-content\\\/uploads\\\/2021\\\/07\\\/meydan-logo.svg\",\"width\":195,\"height\":46,\"caption\":\"Meydan TV\"},\"image\":{\"@id\":\"https:\\\/\\\/www.meydan.tv\\\/az\\\/#\\\/schema\\\/logo\\\/image\\\/\"}},{\"@type\":\"Person\",\"@id\":\"https:\\\/\\\/www.meydan.tv\\\/az\\\/#\\\/schema\\\/person\\\/9cdbecf90d17180ce1dfbd95b08dcf47\",\"name\":\"elli\",\"sameAs\":[\"https:\\\/\\\/x.com\\\/elli\"]}]}<\/script>\n<!-- \/ Yoast SEO plugin. -->","yoast_head_json":{"title":"\u201cAz\u0259riqaz\u201ddan i\u015fd\u0259n \u00e7\u0131xar\u0131lan v\u0259 h\u0259bs edil\u0259n \u00e7iling\u0259r m\u0259hk\u0259m\u0259ni qazand\u0131 - MEYDAN.TV","robots":{"index":"index","follow":"follow","max-snippet":"max-snippet:-1","max-image-preview":"max-image-preview:large","max-video-preview":"max-video-preview:-1"},"canonical":"https:\/\/www.meydan.tv\/az\/article\/azeriqazdan-isden-cixarilan-ve-hebs-edilen-cilinger-mehkemeni-qazandi\/","og_locale":"az_AZ","og_type":"article","og_title":"\u201cAz\u0259riqaz\u201ddan i\u015fd\u0259n \u00e7\u0131xar\u0131lan v\u0259 h\u0259bs edil\u0259n \u00e7iling\u0259r m\u0259hk\u0259m\u0259ni qazand\u0131 - MEYDAN.TV","og_description":"&nbsp;M\u0259hk\u0259m\u0259 \u0130lkin M\u0259mm\u0259dovun i\u015f\u0259 b\u0259rpa olunma t\u0259l\u0259bini yerin\u0259 yetirib \u201cAz\u0259riqaz\u201d ... Davam\u0131","og_url":"https:\/\/www.meydan.tv\/az\/article\/azeriqazdan-isden-cixarilan-ve-hebs-edilen-cilinger-mehkemeni-qazandi\/","og_site_name":"MEYDAN.TV","article_published_time":"2024-02-22T07:10:48+00:00","article_modified_time":"2024-02-22T07:15:29+00:00","og_image":[{"width":1200,"height":478,"url":"https:\/\/www.meydan.tv\/wp-content\/uploads\/trend_azerigaz_191012-e1708584645932.jpg","type":"image\/jpeg"}],"author":"elli","twitter_card":"summary_large_image","twitter_creator":"@elli","schema":{"@context":"https:\/\/schema.org","@graph":[{"@type":"Article","@id":"https:\/\/www.meydan.tv\/az\/article\/azeriqazdan-isden-cixarilan-ve-hebs-edilen-cilinger-mehkemeni-qazandi\/#article","isPartOf":{"@id":"https:\/\/www.meydan.tv\/az\/article\/azeriqazdan-isden-cixarilan-ve-hebs-edilen-cilinger-mehkemeni-qazandi\/"},"author":{"name":"elli","@id":"https:\/\/www.meydan.tv\/az\/#\/schema\/person\/9cdbecf90d17180ce1dfbd95b08dcf47"},"headline":"\u201cAz\u0259riqaz\u201ddan i\u015fd\u0259n \u00e7\u0131xar\u0131lan v\u0259 h\u0259bs edil\u0259n \u00e7iling\u0259r m\u0259hk\u0259m\u0259ni qazand\u0131","datePublished":"2024-02-22T07:10:48+00:00","dateModified":"2024-02-22T07:15:29+00:00","mainEntityOfPage":{"@id":"https:\/\/www.meydan.tv\/az\/article\/azeriqazdan-isden-cixarilan-ve-hebs-edilen-cilinger-mehkemeni-qazandi\/"},"wordCount":376,"publisher":{"@id":"https:\/\/www.meydan.tv\/az\/#organization"},"image":{"@id":"https:\/\/www.meydan.tv\/az\/article\/azeriqazdan-isden-cixarilan-ve-hebs-edilen-cilinger-mehkemeni-qazandi\/#primaryimage"},"thumbnailUrl":"https:\/\/www.meydan.tv\/wp-content\/uploads\/trend_azerigaz_191012-e1708584645932.jpg","articleSection":["B\u00f6lg\u0259","X\u0259b\u0259rl\u0259r"],"inLanguage":"az"},{"@type":"WebPage","@id":"https:\/\/www.meydan.tv\/az\/article\/azeriqazdan-isden-cixarilan-ve-hebs-edilen-cilinger-mehkemeni-qazandi\/","url":"https:\/\/www.meydan.tv\/az\/article\/azeriqazdan-isden-cixarilan-ve-hebs-edilen-cilinger-mehkemeni-qazandi\/","name":"\u201cAz\u0259riqaz\u201ddan i\u015fd\u0259n \u00e7\u0131xar\u0131lan v\u0259 h\u0259bs edil\u0259n \u00e7iling\u0259r m\u0259hk\u0259m\u0259ni qazand\u0131 - MEYDAN.TV","isPartOf":{"@id":"https:\/\/www.meydan.tv\/az\/#website"},"primaryImageOfPage":{"@id":"https:\/\/www.meydan.tv\/az\/article\/azeriqazdan-isden-cixarilan-ve-hebs-edilen-cilinger-mehkemeni-qazandi\/#primaryimage"},"image":{"@id":"https:\/\/www.meydan.tv\/az\/article\/azeriqazdan-isden-cixarilan-ve-hebs-edilen-cilinger-mehkemeni-qazandi\/#primaryimage"},"thumbnailUrl":"https:\/\/www.meydan.tv\/wp-content\/uploads\/trend_azerigaz_191012-e1708584645932.jpg","datePublished":"2024-02-22T07:10:48+00:00","dateModified":"2024-02-22T07:15:29+00:00","breadcrumb":{"@id":"https:\/\/www.meydan.tv\/az\/article\/azeriqazdan-isden-cixarilan-ve-hebs-edilen-cilinger-mehkemeni-qazandi\/#breadcrumb"},"inLanguage":"az","potentialAction":[{"@type":"ReadAction","target":["https:\/\/www.meydan.tv\/az\/article\/azeriqazdan-isden-cixarilan-ve-hebs-edilen-cilinger-mehkemeni-qazandi\/"]}]},{"@type":"ImageObject","inLanguage":"az","@id":"https:\/\/www.meydan.tv\/az\/article\/azeriqazdan-isden-cixarilan-ve-hebs-edilen-cilinger-mehkemeni-qazandi\/#primaryimage","url":"https:\/\/www.meydan.tv\/wp-content\/uploads\/trend_azerigaz_191012-e1708584645932.jpg","contentUrl":"https:\/\/www.meydan.tv\/wp-content\/uploads\/trend_azerigaz_191012-e1708584645932.jpg","width":1200,"height":478,"caption":"Foto: \"Az\u0259riqaz\""},{"@type":"BreadcrumbList","@id":"https:\/\/www.meydan.tv\/az\/article\/azeriqazdan-isden-cixarilan-ve-hebs-edilen-cilinger-mehkemeni-qazandi\/#breadcrumb","itemListElement":[{"@type":"ListItem","position":1,"name":"Ana s\u0259hif\u0259","item":"https:\/\/www.meydan.tv\/az\/"},{"@type":"ListItem","position":2,"name":"B\u00f6lg\u0259","item":"https:\/\/www.meydan.tv\/az\/section\/bolge\/"},{"@type":"ListItem","position":3,"name":"\u201cAz\u0259riqaz\u201ddan i\u015fd\u0259n \u00e7\u0131xar\u0131lan v\u0259 h\u0259bs edil\u0259n \u00e7iling\u0259r m\u0259hk\u0259m\u0259ni qazand\u0131"}]},{"@type":"WebSite","@id":"https:\/\/www.meydan.tv\/az\/#website","url":"https:\/\/www.meydan.tv\/az\/","name":"MEYDAN.TV","description":"Meydan TV Az\u0259rbaycan\u0131n media m\u0259kan\u0131ndak\u0131 alternativ s\u0259sidir","publisher":{"@id":"https:\/\/www.meydan.tv\/az\/#organization"},"potentialAction":[{"@type":"SearchAction","target":{"@type":"EntryPoint","urlTemplate":"https:\/\/www.meydan.tv\/az\/?s={search_term_string}"},"query-input":{"@type":"PropertyValueSpecification","valueRequired":true,"valueName":"search_term_string"}}],"inLanguage":"az"},{"@type":"Organization","@id":"https:\/\/www.meydan.tv\/az\/#organization","name":"Meydan TV","url":"https:\/\/www.meydan.tv\/az\/","logo":{"@type":"ImageObject","inLanguage":"az","@id":"https:\/\/www.meydan.tv\/az\/#\/schema\/logo\/image\/","url":"https:\/\/www.meydan.tv\/wp-content\/uploads\/2021\/07\/meydan-logo.svg","contentUrl":"https:\/\/www.meydan.tv\/wp-content\/uploads\/2021\/07\/meydan-logo.svg","width":195,"height":46,"caption":"Meydan TV"},"image":{"@id":"https:\/\/www.meydan.tv\/az\/#\/schema\/logo\/image\/"}},{"@type":"Person","@id":"https:\/\/www.meydan.tv\/az\/#\/schema\/person\/9cdbecf90d17180ce1dfbd95b08dcf47","name":"elli","sameAs":["https:\/\/x.com\/elli"]}]}},"_links":{"self":[{"href":"https:\/\/www.meydan.tv\/az\/wp-json\/wp\/v2\/posts\/299665","targetHints":{"allow":["GET"]}}],"collection":[{"href":"https:\/\/www.meydan.tv\/az\/wp-json\/wp\/v2\/posts"}],"about":[{"href":"https:\/\/www.meydan.tv\/az\/wp-json\/wp\/v2\/types\/post"}],"author":[{"embeddable":true,"href":"https:\/\/www.meydan.tv\/az\/wp-json\/wp\/v2\/users\/8"}],"replies":[{"embeddable":true,"href":"https:\/\/www.meydan.tv\/az\/wp-json\/wp\/v2\/comments?post=299665"}],"version-history":[{"count":2,"href":"https:\/\/www.meydan.tv\/az\/wp-json\/wp\/v2\/posts\/299665\/revisions"}],"predecessor-version":[{"id":299674,"href":"https:\/\/www.meydan.tv\/az\/wp-json\/wp\/v2\/posts\/299665\/revisions\/299674"}],"wp:featuredmedia":[{"embeddable":true,"href":"https:\/\/www.meydan.tv\/az\/wp-json\/wp\/v2\/media\/245997"}],"wp:attachment":[{"href":"https:\/\/www.meydan.tv\/az\/wp-json\/wp\/v2\/media?parent=299665"}],"wp:term":[{"taxonomy":"category","embeddable":true,"href":"https:\/\/www.meydan.tv\/az\/wp-json\/wp\/v2\/categories?post=299665"},{"taxonomy":"post_tag","embeddable":true,"href":"https:\/\/www.meydan.tv\/az\/wp-json\/wp\/v2\/tags?post=299665"}],"curies":[{"name":"wp","href":"https:\/\/api.w.org\/{rel}","templated":true}]}}