{"id":299651,"date":"2024-02-21T22:33:28","date_gmt":"2024-02-21T18:33:28","guid":{"rendered":"https:\/\/www.meydan.tv\/?p=299651"},"modified":"2024-02-21T22:33:33","modified_gmt":"2024-02-21T18:33:33","slug":"nyu-york-vekiller-assosiasiyasi-qubad-ibadoglu-ile-bagli-beyanat-verib","status":"publish","type":"post","link":"https:\/\/www.meydan.tv\/az\/article\/nyu-york-vekiller-assosiasiyasi-qubad-ibadoglu-ile-bagli-beyanat-verib\/","title":{"rendered":"Nyu-York V\u0259kill\u0259r Assosiasiyas\u0131 Qubad \u0130bado\u011flu il\u0259 ba\u011fl\u0131 b\u0259yanat verib"},"content":{"rendered":"\n<p><\/p>\n\n\n\n<p><strong><em>\u201c\u018fdal\u0259tli m\u0259hk\u0259m\u0259 ara\u015fd\u0131rmas\u0131n\u0131n yoxlu\u011fu ciddi narahatl\u0131q do\u011furur\u201d<\/em><\/strong><\/p>\n\n\n\n<p>Fevral 20-d\u0259 Nyu-York V\u0259kill\u0259r Assosiasiyas\u0131 (New York City Bar Association) professor Qubad \u0130bado\u011flunun qanunsuz h\u0259bsini v\u0259 ona tibbi yard\u0131m g\u00f6st\u0259rilm\u0259m\u0259sini q\u0131nayan b\u0259yanat\u00a0<a href=\"https:\/\/www.nycbar.org\/reports\/condemning-the-arbitrary-detention-of-dr-gubad-ibadoghlu-in-azerbaijan\/\" target=\"_blank\" rel=\"noreferrer noopener\">yay\u0131b.<\/a><\/p>\n\n\n\n<p>B\u0259yanatda deyilir ki, Q.\u0130bado\u011flu partiya kimi qeydiyyat\u0131ndan imtina edilmi\u015f m\u00fcxalif m\u00f6vqeyli Az\u0259rbaycan Demokratiya v\u0259 Rifah H\u0259r\u0259kat\u0131n\u0131n s\u0259dri, eyni zamanda, B\u00f6y\u00fck Britaniyada \u0259sas\u0131 qoyulmu\u015f Az\u0259rbaycan G\u0259ncl\u0259rinin T\u0259hsil Fondunun h\u0259mt\u0259sis\u00e7isidir.<\/p>\n\n\n\n<p>Yada sal\u0131n\u0131r ki, 2015-ci ild\u0259 Az\u0259rbaycan hakimiyy\u0259ti \u0130bado\u011flunun r\u0259hb\u0259rlik etdiyi \u0130qtisadi T\u0259dqiqatlar M\u0259rk\u0259zinin hesablar\u0131n\u0131 dondurub. Avropa \u0130nsan H\u00fcquqlar\u0131 M\u0259hk\u0259m\u0259si verilmi\u015f v\u0259sat\u0259t \u0259sas\u0131nda m\u0259s\u0259l\u0259y\u0259 bax\u0131b v\u0259 Az\u0259rbaycan\u0131n \u0130nsan H\u00fcquqlar\u0131 \u00fczr\u0259 Avropa Konvensiyas\u0131n\u0131n 1-ci protokolunun 1-ci madd\u0259sini pozmas\u0131 haqq\u0131nda q\u0259rar \u00e7\u0131xar\u0131b.<\/p>\n\n\n<div class=\"wp-block-image\">\n<figure class=\"alignleft size-full is-resized\"><img decoding=\"async\" width=\"1000\" height=\"671\" data-src=\"https:\/\/www.meydan.tv\/wp-content\/uploads\/nycitybar286_hires.jpg\" alt=\"\" class=\"wp-image-299652 lazyload\" style=\"--smush-placeholder-width: 1000px; --smush-placeholder-aspect-ratio: 1000\/671;width:456px;height:auto\" src=\"data:image\/svg+xml;base64,PHN2ZyB3aWR0aD0iMSIgaGVpZ2h0PSIxIiB4bWxucz0iaHR0cDovL3d3dy53My5vcmcvMjAwMC9zdmciPjwvc3ZnPg==\" \/><figcaption class=\"wp-element-caption\">Foto: Nyu-York V\u0259kill\u0259r Assosiasiyas\u0131n\u0131n r\u0259smi s\u0259hif\u0259si<\/figcaption><\/figure>\n<\/div>\n\n\n<p>2017-ci ild\u0259n Az\u0259rbaycandan k\u0259narda ya\u015fayan iqtisad\u00e7\u0131 alim 30 iyun 2023-c\u00fc ild\u0259 x\u0259st\u0259 anas\u0131na ba\u015f \u00e7\u0259km\u0259k \u00fc\u00e7\u00fcn Az\u0259rbaycana qay\u0131d\u0131b. 23 iyul 2023-c\u00fc ild\u0259 h\u0259bs olunub. Qubad \u0130bado\u011flu saxta pullar\u0131n saxlanmas\u0131 v\u0259 ekstermist dini materiallar\u0131n yay\u0131lmas\u0131 kimi qurama ittihamlarla t\u0259qsirl\u0259ndirilir.<\/p>\n\n\n\n<p>B\u0259yanatda vur\u011fulan\u0131r ki, Q.\u0130bado\u011flunun sa\u011flaml\u0131\u011f\u0131nda ciddi probleml\u0259r yaran\u0131b:<\/p>\n\n\n\n<p><\/p>\n\n\n\n<p><em>\u201c\u015e\u0259k\u0259rli diabet, aortan\u0131n anevrizmas\u0131, bel-omba a\u011fr\u0131lar\u0131 s\u0259b\u0259bind\u0259n g\u00fcnd\u0259 bir ne\u00e7\u0259 d\u0259f\u0259 d\u0259rman q\u0259bul edir, onun t\u0259cridxana \u015f\u0259raitind\u0259 s\u0259hh\u0259ti k\u0259skin pisl\u0259\u015fib. Ev dusta\u011fl\u0131\u011f\u0131na burax\u0131lmaqla ba\u011fl\u0131 v\u0259kill\u0259rin v\u0259sat\u0259ti Az\u0259rbaycan m\u0259hk\u0259m\u0259l\u0259ri t\u0259r\u0259find\u0259n bir ne\u00e7\u0259 d\u0259f\u0259 r\u0259dd olunub. \u201cAmnesty International\u201d T\u0259\u015fkilat\u0131n\u0131n m\u0259lumat\u0131na g\u00f6r\u0259, \u0130bado\u011flunun \u0259dal\u0259tli m\u0259hk\u0259m\u0259 ara\u015fd\u0131rmas\u0131 h\u00fcququ tan\u0131nm\u0131r, v\u0259kill\u0259ri il\u0259 telefonla dan\u0131\u015f\u0131q, ail\u0259 \u00fczvl\u0259ri il\u0259 t\u0259klikd\u0259 g\u00f6r\u00fc\u015f h\u00fcquqlar\u0131 pozulur\u201d<\/em>.<\/p>\n\n\n\n<p>Nyu-York V\u0259kill\u0259r Assosiasiyas\u0131 b\u0259yanatda bildirir ki, professorun v\u0259kill\u0259rinin izl\u0259nm\u0259si v\u0259 inzibati m\u0259suliyy\u0259t\u0259 c\u0259lb edilm\u0259si t\u0259hl\u00fck\u0259sinin olmas\u0131 onun h\u0259bsinin siyasi motivli olmas\u0131na d\u0259lal\u0259t edir v\u0259 \u0259dal\u0259tli m\u0259hk\u0259m\u0259 ara\u015fd\u0131rmas\u0131n\u0131n yoxlu\u011fu ciddi narahatl\u0131q do\u011furur.<\/p>\n\n\n\n<p>B\u0259yanat\u0131n sonunda Assosiasiya Az\u0259rbaycan hakimiyy\u0259tini demokratiya v\u0259 insan h\u00fcquqlar\u0131 u\u011frundak\u0131 f\u0259aliyy\u0259tin\u0259 g\u00f6r\u0259 c\u0259zaland\u0131r\u0131lan professor Qubad \u0130bado\u011flunu d\u0259rhal v\u0259 qeyd-\u015f\u0259rtsiz azad etm\u0259y\u0259 \u00e7a\u011f\u0131r\u0131r. Bundan ba\u015fqa, Q.\u0130bado\u011flunun v\u0259 Az\u0259rbaycandak\u0131 dig\u0259r h\u00fcquq m\u00fcdafi\u0259\u00e7il\u0259rinin b\u00fct\u00fcn v\u0259ziyy\u0259tl\u0259rd\u0259 fiziki toxunulmazl\u0131\u011f\u0131na, tibbi t\u0259minat\u0131na v\u0259 psixoloji rifah\u0131na \u0259m\u0259l etm\u0259y\u0259, doktor \u0130bado\u011flunun v\u0259 Az\u0259rbaycandak\u0131 dig\u0259r h\u00fcquq m\u00fcdafi\u0259\u00e7il\u0259rinin izl\u0259nilm\u0259si, qorxudulmas\u0131 v\u0259 qanunsuz h\u0259bsd\u0259 saxlan\u0131lmas\u0131 kimi h\u0259r\u0259k\u0259tl\u0259r\u0259 son qoyma\u011fa s\u0259sl\u0259yir.<\/p>\n\n\n\n<p>Nyu-York V\u0259kill\u0259r Assosiasiyas\u0131 BMT-nin insan h\u00fcquqlar\u0131 \u00fczr\u0259 x\u00fcsusi m\u0259ruz\u0259\u00e7isini v\u0259 dig\u0259r ox\u015far mandat sahibl\u0259rini birlikd\u0259 Az\u0259rbaycan hakimiyy\u0259tin\u0259 m\u0259ktub g\u00f6nd\u0259r\u0259r\u0259k BMT-nin \u0130nsan H\u00fcquqlar\u0131 M\u00fcdafi\u0259\u00e7il\u0259ri Haqq\u0131nda B\u0259yannam\u0259sin\u0259 (U.N. Declaration on Human Rights Defenders) sadiqlik g\u00f6st\u0259rm\u0259yi t\u0259l\u0259b etm\u0259y\u0259 \u00e7a\u011f\u0131r\u0131r.<\/p>\n\n\n\n<h6 class=\"gb-headline gb-headline-06641f8b gb-headline-text\"><strong><em>Ayt\u0259n F\u0259rhadova<\/em><\/strong><\/h6>\n","protected":false},"excerpt":{"rendered":"<p>\u201c\u018fdal\u0259tli m\u0259hk\u0259m\u0259 ara\u015fd\u0131rmas\u0131n\u0131n yoxlu\u011fu ciddi narahatl\u0131q do\u011furur\u201d Fevral 20-d\u0259 Nyu-York &#8230; <\/p>\n<p class=\"read-more-container\"><a title=\"Nyu-York V\u0259kill\u0259r Assosiasiyas\u0131 Qubad \u0130bado\u011flu il\u0259 ba\u011fl\u0131 b\u0259yanat verib\" class=\"read-more button\" href=\"https:\/\/www.meydan.tv\/az\/article\/nyu-york-vekiller-assosiasiyasi-qubad-ibadoglu-ile-bagli-beyanat-verib\/#more-299651\" aria-label=\"Read more about Nyu-York V\u0259kill\u0259r Assosiasiyas\u0131 Qubad \u0130bado\u011flu il\u0259 ba\u011fl\u0131 b\u0259yanat verib\">Davam\u0131<\/a><\/p>\n","protected":false},"author":21,"featured_media":224886,"comment_status":"closed","ping_status":"closed","sticky":false,"template":"","format":"standard","meta":{"_acf_changed":false,"_sitemap_exclude":false,"_sitemap_priority":"","_sitemap_frequency":"","footnotes":""},"categories":[59,62,79,56],"tags":[],"class_list":["post-299651","post","type-post","status-publish","format-standard","has-post-thumbnail","hentry","category-siyaset","category-sosial","category-featured","category-xeberler","infinite-scroll-item","generate-columns","tablet-grid-50","mobile-grid-100","grid-parent","grid-33","no-featured-image-padding"],"acf":[],"yoast_head":"<!-- This site is optimized with the Yoast SEO plugin v27.5 - https:\/\/yoast.com\/product\/yoast-seo-wordpress\/ -->\n<title>Nyu-York V\u0259kill\u0259r Assosiasiyas\u0131 Qubad \u0130bado\u011flu il\u0259 ba\u011fl\u0131 b\u0259yanat verib - MEYDAN.TV<\/title>\n<meta name=\"robots\" content=\"index, follow, max-snippet:-1, max-image-preview:large, max-video-preview:-1\" \/>\n<link rel=\"canonical\" href=\"https:\/\/www.meydan.tv\/az\/article\/nyu-york-vekiller-assosiasiyasi-qubad-ibadoglu-ile-bagli-beyanat-verib\/\" \/>\n<meta property=\"og:locale\" content=\"az_AZ\" \/>\n<meta property=\"og:type\" content=\"article\" \/>\n<meta property=\"og:title\" content=\"Nyu-York V\u0259kill\u0259r Assosiasiyas\u0131 Qubad \u0130bado\u011flu il\u0259 ba\u011fl\u0131 b\u0259yanat verib - MEYDAN.TV\" \/>\n<meta property=\"og:description\" content=\"\u201c\u018fdal\u0259tli m\u0259hk\u0259m\u0259 ara\u015fd\u0131rmas\u0131n\u0131n yoxlu\u011fu ciddi narahatl\u0131q do\u011furur\u201d Fevral 20-d\u0259 Nyu-York ... Davam\u0131\" \/>\n<meta property=\"og:url\" content=\"https:\/\/www.meydan.tv\/az\/article\/nyu-york-vekiller-assosiasiyasi-qubad-ibadoglu-ile-bagli-beyanat-verib\/\" \/>\n<meta property=\"og:site_name\" content=\"MEYDAN.TV\" \/>\n<meta property=\"article:published_time\" content=\"2024-02-21T18:33:28+00:00\" \/>\n<meta property=\"article:modified_time\" content=\"2024-02-21T18:33:33+00:00\" \/>\n<meta property=\"og:image\" content=\"https:\/\/www.meydan.tv\/wp-content\/uploads\/qubad-1-scaled-e1690123865255.jpg\" \/>\n\t<meta property=\"og:image:width\" content=\"2560\" \/>\n\t<meta property=\"og:image:height\" content=\"1260\" \/>\n\t<meta property=\"og:image:type\" content=\"image\/jpeg\" \/>\n<meta name=\"author\" content=\"mahmud\" \/>\n<meta name=\"twitter:card\" content=\"summary_large_image\" \/>\n<script type=\"application\/ld+json\" class=\"yoast-schema-graph\">{\"@context\":\"https:\\\/\\\/schema.org\",\"@graph\":[{\"@type\":\"Article\",\"@id\":\"https:\\\/\\\/www.meydan.tv\\\/az\\\/article\\\/nyu-york-vekiller-assosiasiyasi-qubad-ibadoglu-ile-bagli-beyanat-verib\\\/#article\",\"isPartOf\":{\"@id\":\"https:\\\/\\\/www.meydan.tv\\\/az\\\/article\\\/nyu-york-vekiller-assosiasiyasi-qubad-ibadoglu-ile-bagli-beyanat-verib\\\/\"},\"author\":{\"name\":\"mahmud\",\"@id\":\"https:\\\/\\\/www.meydan.tv\\\/az\\\/#\\\/schema\\\/person\\\/09863e516102a829e72bedcf3f84c6b0\"},\"headline\":\"Nyu-York V\u0259kill\u0259r Assosiasiyas\u0131 Qubad \u0130bado\u011flu il\u0259 ba\u011fl\u0131 b\u0259yanat verib\",\"datePublished\":\"2024-02-21T18:33:28+00:00\",\"dateModified\":\"2024-02-21T18:33:33+00:00\",\"mainEntityOfPage\":{\"@id\":\"https:\\\/\\\/www.meydan.tv\\\/az\\\/article\\\/nyu-york-vekiller-assosiasiyasi-qubad-ibadoglu-ile-bagli-beyanat-verib\\\/\"},\"wordCount\":626,\"publisher\":{\"@id\":\"https:\\\/\\\/www.meydan.tv\\\/az\\\/#organization\"},\"image\":{\"@id\":\"https:\\\/\\\/www.meydan.tv\\\/az\\\/article\\\/nyu-york-vekiller-assosiasiyasi-qubad-ibadoglu-ile-bagli-beyanat-verib\\\/#primaryimage\"},\"thumbnailUrl\":\"https:\\\/\\\/www.meydan.tv\\\/wp-content\\\/uploads\\\/qubad-1-scaled-e1690123865255.jpg\",\"articleSection\":[\"Siyas\u0259t\",\"Sosial\",\"T\u00f6vsiy\u0259\",\"X\u0259b\u0259rl\u0259r\"],\"inLanguage\":\"az\"},{\"@type\":\"WebPage\",\"@id\":\"https:\\\/\\\/www.meydan.tv\\\/az\\\/article\\\/nyu-york-vekiller-assosiasiyasi-qubad-ibadoglu-ile-bagli-beyanat-verib\\\/\",\"url\":\"https:\\\/\\\/www.meydan.tv\\\/az\\\/article\\\/nyu-york-vekiller-assosiasiyasi-qubad-ibadoglu-ile-bagli-beyanat-verib\\\/\",\"name\":\"Nyu-York V\u0259kill\u0259r Assosiasiyas\u0131 Qubad \u0130bado\u011flu il\u0259 ba\u011fl\u0131 b\u0259yanat verib - MEYDAN.TV\",\"isPartOf\":{\"@id\":\"https:\\\/\\\/www.meydan.tv\\\/az\\\/#website\"},\"primaryImageOfPage\":{\"@id\":\"https:\\\/\\\/www.meydan.tv\\\/az\\\/article\\\/nyu-york-vekiller-assosiasiyasi-qubad-ibadoglu-ile-bagli-beyanat-verib\\\/#primaryimage\"},\"image\":{\"@id\":\"https:\\\/\\\/www.meydan.tv\\\/az\\\/article\\\/nyu-york-vekiller-assosiasiyasi-qubad-ibadoglu-ile-bagli-beyanat-verib\\\/#primaryimage\"},\"thumbnailUrl\":\"https:\\\/\\\/www.meydan.tv\\\/wp-content\\\/uploads\\\/qubad-1-scaled-e1690123865255.jpg\",\"datePublished\":\"2024-02-21T18:33:28+00:00\",\"dateModified\":\"2024-02-21T18:33:33+00:00\",\"breadcrumb\":{\"@id\":\"https:\\\/\\\/www.meydan.tv\\\/az\\\/article\\\/nyu-york-vekiller-assosiasiyasi-qubad-ibadoglu-ile-bagli-beyanat-verib\\\/#breadcrumb\"},\"inLanguage\":\"az\",\"potentialAction\":[{\"@type\":\"ReadAction\",\"target\":[\"https:\\\/\\\/www.meydan.tv\\\/az\\\/article\\\/nyu-york-vekiller-assosiasiyasi-qubad-ibadoglu-ile-bagli-beyanat-verib\\\/\"]}]},{\"@type\":\"ImageObject\",\"inLanguage\":\"az\",\"@id\":\"https:\\\/\\\/www.meydan.tv\\\/az\\\/article\\\/nyu-york-vekiller-assosiasiyasi-qubad-ibadoglu-ile-bagli-beyanat-verib\\\/#primaryimage\",\"url\":\"https:\\\/\\\/www.meydan.tv\\\/wp-content\\\/uploads\\\/qubad-1-scaled-e1690123865255.jpg\",\"contentUrl\":\"https:\\\/\\\/www.meydan.tv\\\/wp-content\\\/uploads\\\/qubad-1-scaled-e1690123865255.jpg\",\"width\":2560,\"height\":1260,\"caption\":\"Qubad \u0130bado\u011flu: Foto: Meydan TV\"},{\"@type\":\"BreadcrumbList\",\"@id\":\"https:\\\/\\\/www.meydan.tv\\\/az\\\/article\\\/nyu-york-vekiller-assosiasiyasi-qubad-ibadoglu-ile-bagli-beyanat-verib\\\/#breadcrumb\",\"itemListElement\":[{\"@type\":\"ListItem\",\"position\":1,\"name\":\"Ana s\u0259hif\u0259\",\"item\":\"https:\\\/\\\/www.meydan.tv\\\/az\\\/\"},{\"@type\":\"ListItem\",\"position\":2,\"name\":\"Siyas\u0259t\",\"item\":\"https:\\\/\\\/www.meydan.tv\\\/az\\\/section\\\/siyaset\\\/\"},{\"@type\":\"ListItem\",\"position\":3,\"name\":\"Nyu-York V\u0259kill\u0259r Assosiasiyas\u0131 Qubad \u0130bado\u011flu il\u0259 ba\u011fl\u0131 b\u0259yanat verib\"}]},{\"@type\":\"WebSite\",\"@id\":\"https:\\\/\\\/www.meydan.tv\\\/az\\\/#website\",\"url\":\"https:\\\/\\\/www.meydan.tv\\\/az\\\/\",\"name\":\"MEYDAN.TV\",\"description\":\"Meydan TV Az\u0259rbaycan\u0131n media m\u0259kan\u0131ndak\u0131 alternativ s\u0259sidir\",\"publisher\":{\"@id\":\"https:\\\/\\\/www.meydan.tv\\\/az\\\/#organization\"},\"potentialAction\":[{\"@type\":\"SearchAction\",\"target\":{\"@type\":\"EntryPoint\",\"urlTemplate\":\"https:\\\/\\\/www.meydan.tv\\\/az\\\/?s={search_term_string}\"},\"query-input\":{\"@type\":\"PropertyValueSpecification\",\"valueRequired\":true,\"valueName\":\"search_term_string\"}}],\"inLanguage\":\"az\"},{\"@type\":\"Organization\",\"@id\":\"https:\\\/\\\/www.meydan.tv\\\/az\\\/#organization\",\"name\":\"Meydan TV\",\"url\":\"https:\\\/\\\/www.meydan.tv\\\/az\\\/\",\"logo\":{\"@type\":\"ImageObject\",\"inLanguage\":\"az\",\"@id\":\"https:\\\/\\\/www.meydan.tv\\\/az\\\/#\\\/schema\\\/logo\\\/image\\\/\",\"url\":\"https:\\\/\\\/www.meydan.tv\\\/wp-content\\\/uploads\\\/2021\\\/07\\\/meydan-logo.svg\",\"contentUrl\":\"https:\\\/\\\/www.meydan.tv\\\/wp-content\\\/uploads\\\/2021\\\/07\\\/meydan-logo.svg\",\"width\":195,\"height\":46,\"caption\":\"Meydan TV\"},\"image\":{\"@id\":\"https:\\\/\\\/www.meydan.tv\\\/az\\\/#\\\/schema\\\/logo\\\/image\\\/\"}},{\"@type\":\"Person\",\"@id\":\"https:\\\/\\\/www.meydan.tv\\\/az\\\/#\\\/schema\\\/person\\\/09863e516102a829e72bedcf3f84c6b0\",\"name\":\"mahmud\"}]}<\/script>\n<!-- \/ Yoast SEO plugin. -->","yoast_head_json":{"title":"Nyu-York V\u0259kill\u0259r Assosiasiyas\u0131 Qubad \u0130bado\u011flu il\u0259 ba\u011fl\u0131 b\u0259yanat verib - MEYDAN.TV","robots":{"index":"index","follow":"follow","max-snippet":"max-snippet:-1","max-image-preview":"max-image-preview:large","max-video-preview":"max-video-preview:-1"},"canonical":"https:\/\/www.meydan.tv\/az\/article\/nyu-york-vekiller-assosiasiyasi-qubad-ibadoglu-ile-bagli-beyanat-verib\/","og_locale":"az_AZ","og_type":"article","og_title":"Nyu-York V\u0259kill\u0259r Assosiasiyas\u0131 Qubad \u0130bado\u011flu il\u0259 ba\u011fl\u0131 b\u0259yanat verib - MEYDAN.TV","og_description":"\u201c\u018fdal\u0259tli m\u0259hk\u0259m\u0259 ara\u015fd\u0131rmas\u0131n\u0131n yoxlu\u011fu ciddi narahatl\u0131q do\u011furur\u201d Fevral 20-d\u0259 Nyu-York ... Davam\u0131","og_url":"https:\/\/www.meydan.tv\/az\/article\/nyu-york-vekiller-assosiasiyasi-qubad-ibadoglu-ile-bagli-beyanat-verib\/","og_site_name":"MEYDAN.TV","article_published_time":"2024-02-21T18:33:28+00:00","article_modified_time":"2024-02-21T18:33:33+00:00","og_image":[{"width":2560,"height":1260,"url":"https:\/\/www.meydan.tv\/wp-content\/uploads\/qubad-1-scaled-e1690123865255.jpg","type":"image\/jpeg"}],"author":"mahmud","twitter_card":"summary_large_image","schema":{"@context":"https:\/\/schema.org","@graph":[{"@type":"Article","@id":"https:\/\/www.meydan.tv\/az\/article\/nyu-york-vekiller-assosiasiyasi-qubad-ibadoglu-ile-bagli-beyanat-verib\/#article","isPartOf":{"@id":"https:\/\/www.meydan.tv\/az\/article\/nyu-york-vekiller-assosiasiyasi-qubad-ibadoglu-ile-bagli-beyanat-verib\/"},"author":{"name":"mahmud","@id":"https:\/\/www.meydan.tv\/az\/#\/schema\/person\/09863e516102a829e72bedcf3f84c6b0"},"headline":"Nyu-York V\u0259kill\u0259r Assosiasiyas\u0131 Qubad \u0130bado\u011flu il\u0259 ba\u011fl\u0131 b\u0259yanat verib","datePublished":"2024-02-21T18:33:28+00:00","dateModified":"2024-02-21T18:33:33+00:00","mainEntityOfPage":{"@id":"https:\/\/www.meydan.tv\/az\/article\/nyu-york-vekiller-assosiasiyasi-qubad-ibadoglu-ile-bagli-beyanat-verib\/"},"wordCount":626,"publisher":{"@id":"https:\/\/www.meydan.tv\/az\/#organization"},"image":{"@id":"https:\/\/www.meydan.tv\/az\/article\/nyu-york-vekiller-assosiasiyasi-qubad-ibadoglu-ile-bagli-beyanat-verib\/#primaryimage"},"thumbnailUrl":"https:\/\/www.meydan.tv\/wp-content\/uploads\/qubad-1-scaled-e1690123865255.jpg","articleSection":["Siyas\u0259t","Sosial","T\u00f6vsiy\u0259","X\u0259b\u0259rl\u0259r"],"inLanguage":"az"},{"@type":"WebPage","@id":"https:\/\/www.meydan.tv\/az\/article\/nyu-york-vekiller-assosiasiyasi-qubad-ibadoglu-ile-bagli-beyanat-verib\/","url":"https:\/\/www.meydan.tv\/az\/article\/nyu-york-vekiller-assosiasiyasi-qubad-ibadoglu-ile-bagli-beyanat-verib\/","name":"Nyu-York V\u0259kill\u0259r Assosiasiyas\u0131 Qubad \u0130bado\u011flu il\u0259 ba\u011fl\u0131 b\u0259yanat verib - MEYDAN.TV","isPartOf":{"@id":"https:\/\/www.meydan.tv\/az\/#website"},"primaryImageOfPage":{"@id":"https:\/\/www.meydan.tv\/az\/article\/nyu-york-vekiller-assosiasiyasi-qubad-ibadoglu-ile-bagli-beyanat-verib\/#primaryimage"},"image":{"@id":"https:\/\/www.meydan.tv\/az\/article\/nyu-york-vekiller-assosiasiyasi-qubad-ibadoglu-ile-bagli-beyanat-verib\/#primaryimage"},"thumbnailUrl":"https:\/\/www.meydan.tv\/wp-content\/uploads\/qubad-1-scaled-e1690123865255.jpg","datePublished":"2024-02-21T18:33:28+00:00","dateModified":"2024-02-21T18:33:33+00:00","breadcrumb":{"@id":"https:\/\/www.meydan.tv\/az\/article\/nyu-york-vekiller-assosiasiyasi-qubad-ibadoglu-ile-bagli-beyanat-verib\/#breadcrumb"},"inLanguage":"az","potentialAction":[{"@type":"ReadAction","target":["https:\/\/www.meydan.tv\/az\/article\/nyu-york-vekiller-assosiasiyasi-qubad-ibadoglu-ile-bagli-beyanat-verib\/"]}]},{"@type":"ImageObject","inLanguage":"az","@id":"https:\/\/www.meydan.tv\/az\/article\/nyu-york-vekiller-assosiasiyasi-qubad-ibadoglu-ile-bagli-beyanat-verib\/#primaryimage","url":"https:\/\/www.meydan.tv\/wp-content\/uploads\/qubad-1-scaled-e1690123865255.jpg","contentUrl":"https:\/\/www.meydan.tv\/wp-content\/uploads\/qubad-1-scaled-e1690123865255.jpg","width":2560,"height":1260,"caption":"Qubad \u0130bado\u011flu: Foto: Meydan TV"},{"@type":"BreadcrumbList","@id":"https:\/\/www.meydan.tv\/az\/article\/nyu-york-vekiller-assosiasiyasi-qubad-ibadoglu-ile-bagli-beyanat-verib\/#breadcrumb","itemListElement":[{"@type":"ListItem","position":1,"name":"Ana s\u0259hif\u0259","item":"https:\/\/www.meydan.tv\/az\/"},{"@type":"ListItem","position":2,"name":"Siyas\u0259t","item":"https:\/\/www.meydan.tv\/az\/section\/siyaset\/"},{"@type":"ListItem","position":3,"name":"Nyu-York V\u0259kill\u0259r Assosiasiyas\u0131 Qubad \u0130bado\u011flu il\u0259 ba\u011fl\u0131 b\u0259yanat verib"}]},{"@type":"WebSite","@id":"https:\/\/www.meydan.tv\/az\/#website","url":"https:\/\/www.meydan.tv\/az\/","name":"MEYDAN.TV","description":"Meydan TV Az\u0259rbaycan\u0131n media m\u0259kan\u0131ndak\u0131 alternativ s\u0259sidir","publisher":{"@id":"https:\/\/www.meydan.tv\/az\/#organization"},"potentialAction":[{"@type":"SearchAction","target":{"@type":"EntryPoint","urlTemplate":"https:\/\/www.meydan.tv\/az\/?s={search_term_string}"},"query-input":{"@type":"PropertyValueSpecification","valueRequired":true,"valueName":"search_term_string"}}],"inLanguage":"az"},{"@type":"Organization","@id":"https:\/\/www.meydan.tv\/az\/#organization","name":"Meydan TV","url":"https:\/\/www.meydan.tv\/az\/","logo":{"@type":"ImageObject","inLanguage":"az","@id":"https:\/\/www.meydan.tv\/az\/#\/schema\/logo\/image\/","url":"https:\/\/www.meydan.tv\/wp-content\/uploads\/2021\/07\/meydan-logo.svg","contentUrl":"https:\/\/www.meydan.tv\/wp-content\/uploads\/2021\/07\/meydan-logo.svg","width":195,"height":46,"caption":"Meydan TV"},"image":{"@id":"https:\/\/www.meydan.tv\/az\/#\/schema\/logo\/image\/"}},{"@type":"Person","@id":"https:\/\/www.meydan.tv\/az\/#\/schema\/person\/09863e516102a829e72bedcf3f84c6b0","name":"mahmud"}]}},"_links":{"self":[{"href":"https:\/\/www.meydan.tv\/az\/wp-json\/wp\/v2\/posts\/299651","targetHints":{"allow":["GET"]}}],"collection":[{"href":"https:\/\/www.meydan.tv\/az\/wp-json\/wp\/v2\/posts"}],"about":[{"href":"https:\/\/www.meydan.tv\/az\/wp-json\/wp\/v2\/types\/post"}],"author":[{"embeddable":true,"href":"https:\/\/www.meydan.tv\/az\/wp-json\/wp\/v2\/users\/21"}],"replies":[{"embeddable":true,"href":"https:\/\/www.meydan.tv\/az\/wp-json\/wp\/v2\/comments?post=299651"}],"version-history":[{"count":2,"href":"https:\/\/www.meydan.tv\/az\/wp-json\/wp\/v2\/posts\/299651\/revisions"}],"predecessor-version":[{"id":299656,"href":"https:\/\/www.meydan.tv\/az\/wp-json\/wp\/v2\/posts\/299651\/revisions\/299656"}],"wp:featuredmedia":[{"embeddable":true,"href":"https:\/\/www.meydan.tv\/az\/wp-json\/wp\/v2\/media\/224886"}],"wp:attachment":[{"href":"https:\/\/www.meydan.tv\/az\/wp-json\/wp\/v2\/media?parent=299651"}],"wp:term":[{"taxonomy":"category","embeddable":true,"href":"https:\/\/www.meydan.tv\/az\/wp-json\/wp\/v2\/categories?post=299651"},{"taxonomy":"post_tag","embeddable":true,"href":"https:\/\/www.meydan.tv\/az\/wp-json\/wp\/v2\/tags?post=299651"}],"curies":[{"name":"wp","href":"https:\/\/api.w.org\/{rel}","templated":true}]}}