{"id":299604,"date":"2024-02-21T17:44:19","date_gmt":"2024-02-21T13:44:19","guid":{"rendered":"https:\/\/www.meydan.tv\/?p=299604"},"modified":"2024-02-21T18:58:51","modified_gmt":"2024-02-21T14:58:51","slug":"polisin-lenkeranda-ana-dili-gunune-hesr-olunmus-tedbire-mane-oldugu-deyilir","status":"publish","type":"post","link":"https:\/\/www.meydan.tv\/az\/article\/polisin-lenkeranda-ana-dili-gunune-hesr-olunmus-tedbire-mane-oldugu-deyilir\/","title":{"rendered":"Polisin L\u0259nk\u0259randa Ana Dili G\u00fcn\u00fcn\u0259 h\u0259sr olunmu\u015f t\u0259dbir\u0259 mane oldu\u011fu deyilir (yenil\u0259nib)"},"content":{"rendered":"\n<p><\/p>\n\n\n\n<p><\/p>\n\n\n\n<p><strong>Daxili \u0130\u015fl\u0259r Nazirliyind\u0259n (D\u0130N) Meydan TV-y\u0259 bildirilib ki, t\u0259dbirin ke\u00e7irilm\u0259sin\u0259 ia\u015f\u0259 obyektinin icar\u0259dar\u0131 raz\u0131l\u0131q verm\u0259yib:<\/strong><\/p>\n\n\n\n<p>\u201c<em>Yanvar\u0131n 26-da L\u0259nk\u0259ran \u015e\u0259h\u0259r Polis \u015f\u00f6b\u0259sin\u0259 \u015ea\u011flaser k\u0259ndind\u0259 ictimai ia\u015f\u0259 obyektind\u0259 k\u00fctl\u0259vi t\u0259dbir ke\u00e7iril\u0259c\u0259yi bar\u0259d\u0259 m\u0259lumat daxil olub. Rayon icra hakimiyy\u0259ti v\u0259 polis \u015f\u00f6b\u0259sinin \u0259m\u0259kda\u015flar\u0131 t\u0259r\u0259find\u0259n h\u0259min obyekti icar\u0259 \u0259sas\u0131nda \u00e7ayxana kimi i\u015fl\u0259d\u0259n \u015f\u0259xsl\u0259 \u0259laq\u0259 saxlan\u0131l\u0131b. \u0130car\u0259dar bildirib ki, h\u0259min obyektd\u0259 m\u00fcvafiq \u015f\u0259raitin olmad\u0131\u011f\u0131na g\u00f6r\u0259 t\u0259dbirin ke\u00e7irilm\u0259sin\u0259 onun t\u0259r\u0259find\u0259n raz\u0131l\u0131q verilm\u0259yib&#8221;.<\/em><\/p>\n\n\n\n<p>&#8220;<em>H\u0259min m\u0259s\u0259l\u0259 il\u0259 ba\u011fl\u0131 polis t\u0259r\u0259find\u0259n he\u00e7 kim saxlan\u0131lmay\u0131b, ictimai ia\u015f\u0259 obyektinin f\u0259aliyy\u0259tin\u0259 qada\u011fa qoyulmay\u0131b. \u0130ddialar \u0259sass\u0131zd\u0131r, \u015f\u0259xsi m\u00fclahiz\u0259l\u0259rdir\u201d<\/em>, &#8211; D\u0130N-d\u0259n sor\u011fumuza cavab olaraq bildirilib.<\/p>\n\n\n<div class=\"wp-block-image\">\n<figure class=\"aligncenter size-full\"><img decoding=\"async\" width=\"1200\" height=\"800\" data-src=\"https:\/\/www.meydan.tv\/wp-content\/uploads\/din-1.jpg\" alt=\"\" class=\"wp-image-294906 lazyload\" src=\"data:image\/svg+xml;base64,PHN2ZyB3aWR0aD0iMSIgaGVpZ2h0PSIxIiB4bWxucz0iaHR0cDovL3d3dy53My5vcmcvMjAwMC9zdmciPjwvc3ZnPg==\" style=\"--smush-placeholder-width: 1200px; --smush-placeholder-aspect-ratio: 1200\/800;\" \/><figcaption class=\"wp-element-caption\">Daxili \u0130\u015fl\u0259r Nazirliyi. Foto: D\u0130N<\/figcaption><\/figure>\n<\/div>\n\n\n<hr class=\"wp-block-separator has-alpha-channel-opacity\"\/>\n\n\n\n<p><strong><em>&#8220;M\u0259g\u0259r m\u0259nim \u00f6z ana dilimd\u0259 t\u0259dbir ke\u00e7irm\u0259y\u0259 haqq\u0131m yoxdur?&#8221;<\/em><\/strong><\/p>\n\n\n\n<p>L\u0259nk\u0259randa Beyn\u0259lxalq Ana Dili G\u00fcn\u00fcn\u0259 h\u0259sr olunmu\u015f t\u0259dbirin ke\u00e7irilm\u0259sin\u0259 mane olundu\u011fu bildirilir.<\/p>\n\n\n\n<p>T\u0259\u015fkilat\u00e7\u0131lardan K\u00f6n\u00fcl R\u0259sul Meydan TV-y\u0259 bildirib ki, t\u0259dbirin ke\u00e7irilm\u0259si bir ay \u00f6nc\u0259y\u0259 n\u0259z\u0259rd\u0259 tutulubmu\u015f.<\/p>\n\n\n\n<p>Bir g\u00fcn qalm\u0131\u015f is\u0259 L\u0259nk\u0259ran \u015e\u0259h\u0259r Polis \u0130dar\u0259sinin xidm\u0259t \u00fczr\u0259 r\u0259is m\u00fcavini \u0130ltifat Yusifov he\u00e7 bir s\u0259b\u0259b g\u0259tirm\u0259d\u0259n t\u0259dbirin ke\u00e7irilm\u0259sin\u0259 mane olub.<\/p>\n\n\n\n<p><em>\u201c\u0130ki ayd\u0131r ki, d\u00fcnyan\u0131n m\u00fcxt\u0259lif yerl\u0259rind\u0259n olan tal\u0131\u015f qad\u0131nlar\u0131n\u0131n birliyini yaratm\u0131\u015f\u0131q. Birliyimizd\u0259 17 n\u0259f\u0259r xan\u0131m var,&nbsp; \u201cWhatsApp\u201dda \u201cR\u00fc\u015fn\u0259\u201d (i\u015f\u0131q) qrupu yaratm\u0131\u015f\u0131q. Bel\u0259 q\u0259rara g\u0259ldik ki, sosial \u015f\u0259b\u0259k\u0259l\u0259rd\u0259 tal\u0131\u015f dilind\u0259 \u015feir dey\u0259n balaca u\u015faqlar\u0131 tapaq v\u0259 onlara h\u0259diyy\u0259l\u0259r ver\u0259k. 12 u\u015faq tapd\u0131q. Q\u0259rara g\u0259ldik ki, bir-bir h\u0259min u\u015faqlar\u0131n evl\u0259rin\u0259 getm\u0259kd\u0259ns\u0259, L\u0259nk\u0259randa bir kafed\u0259 topla\u015f\u0131b, ki\u00e7ik t\u0259dbir ke\u00e7irib, h\u0259diyy\u0259l\u0259rimizi t\u0259qdim ed\u0259k\u201d, <\/em>&#8211; K\u00f6n\u00fcl R\u0259sul deyir.<\/p>\n\n\n\n<p>O bildirib ki, i\u015ftirak\u00e7\u0131 say\u0131n\u0131 30 n\u0259f\u0259r m\u00fc\u0259yy\u0259nl\u0259\u015fdiribl\u0259r.<\/p>\n\n\n\n<p>M\u0259rasimi \u0259vv\u0259lc\u0259 yanvar\u0131n 28-d\u0259 ke\u00e7irm\u0259yi q\u0259rara al\u0131blar, lakin onlara icaz\u0259 verilm\u0259yib:<\/p>\n\n\n\n<p>\u201c<em>T\u0259dbiri q\u0131\u015f t\u0259tilin\u0259 sald\u0131q ki, u\u015faqlar evd\u0259dir, t\u0259dbir\u0259 rahat g\u0259lib-ged\u0259 bilsinl\u0259r. H\u0259m d\u0259 videosunu \u00e7\u0259kib 21 fevralda &#8211; Beyn\u0259lxalq Ana Dili G\u00fcn\u00fcnd\u0259 montajdan sonra yayma\u011f\u0131 planla\u015fd\u0131r\u0131rd\u0131q\u201d.<\/em><\/p>\n\n\n\n<p>T\u0259\u015fkilat\u00e7\u0131 deyir ki, bu m\u0259qs\u0259dl\u0259 h\u0259tta L\u0259nk\u0259ran\u0131n \u015ea\u011flaser k\u0259ndind\u0259ki kafel\u0259rd\u0259n biri il\u0259 raz\u0131l\u0131\u011fa da g\u0259libl\u0259r:<\/p>\n\n\n\n<p>\u201c<em>Orada dan\u0131\u015f\u0131qlar getdi, h\u0259r bir \u015fey haz\u0131rlad\u0131q. T\u0259dbir\u0259 bir g\u00fcn qalm\u0131\u015f, yanvar\u0131n 27-si, \u015f\u0259nb\u0259 g\u00fcn\u00fc L\u0259nk\u0259ran \u015e\u0259h\u0259r Polis \u015f\u00f6b\u0259sinin xidm\u0259t \u00fczr\u0259 r\u0259is m\u00fcavini \u0130ltifat Yusifov Masall\u0131 rayonundan olan bir n\u0259f\u0259r\u0259 &#8211; t\u0259dbirimizin t\u0259\u015fkilati i\u015fl\u0259rind\u0259 biz\u0259 k\u00f6m\u0259k ed\u0259n adama &#8211; z\u0259ng vurub ki, t\u0259dbir \u00fc\u00e7\u00fcn kimd\u0259n icaz\u0259 alm\u0131s\u0131n\u0131z? Deyib ki, qanun bu t\u0259dbiri ke\u00e7irm\u0259y\u0259 imkan vermir. H\u0259min adam da soru\u015fub ki, hans\u0131 qanundur? \u0130zah edin, biz d\u0259 bil\u0259k. B\u0259lk\u0259, h\u0259qiq\u0259t\u0259n d\u0259, bel\u0259 bir qanun var. \u0130ltifat Yusifov he\u00e7 bir tutarl\u0131 \u0259sas g\u0259tir\u0259 bilm\u0259yib, ancaq deyib ki, qanun buna icaz\u0259 vermir\u201d.<\/em><\/p>\n\n\n<div class=\"wp-block-image\">\n<figure class=\"alignleft size-large is-resized\"><img decoding=\"async\" width=\"1200\" height=\"675\" data-src=\"https:\/\/www.meydan.tv\/wp-content\/uploads\/konul-resul-1200x675.jpg\" alt=\"\" class=\"wp-image-299598 lazyload\" style=\"--smush-placeholder-width: 1200px; --smush-placeholder-aspect-ratio: 1200\/675;width:459px;height:auto\" src=\"data:image\/svg+xml;base64,PHN2ZyB3aWR0aD0iMSIgaGVpZ2h0PSIxIiB4bWxucz0iaHR0cDovL3d3dy53My5vcmcvMjAwMC9zdmciPjwvc3ZnPg==\" \/><figcaption class=\"wp-element-caption\">K\u00f6n\u00fcl R\u0259sul. Foto: Meydan TV<\/figcaption><\/figure>\n<\/div>\n\n\n<p>K\u00f6n\u00fcl R\u0259sul deyir ki, he\u00e7 bir tutarl\u0131 s\u0259b\u0259b g\u00f6st\u0259rilm\u0259s\u0259 d\u0259, onlar t\u0259dbiri ke\u00e7irm\u0259k fikrind\u0259n da\u015f\u0131n\u0131blar:<\/p>\n\n\n\n<p>\u201c<em>Lakin buna baxmayaraq, L\u0259nk\u0259ran rayon polis \u015f\u00f6b\u0259sinin \u0259m\u0259kda\u015flar\u0131 yanvar\u0131n 27-d\u0259 gedib, kafeni ba\u011flay\u0131blar. Yanvar\u0131n 28-d\u0259 is\u0259 bazar g\u00fcn\u00fc olmas\u0131na baxmayaraq, kafenin sahibini polis b\u00f6lm\u0259sin\u0259 d\u0259v\u0259t edibl\u0259r, ondan izahat al\u0131blar. \u0130ki g\u00fcn d\u0259 kafeni i\u015fl\u0259tm\u0259yini qada\u011fan edibl\u0259r\u201d<\/em>.<\/p>\n\n\n\n<p>\u015eikay\u0259t\u00e7i deyir ki, sonradan t\u0259dbiri ke\u00e7irm\u0259y\u0259 yer tapmay\u0131blar.<\/p>\n\n\n\n<p>M\u0259s\u0259l\u0259y\u0259 polis m\u00fcdaxil\u0259si oldu\u011fu \u00fc\u00e7\u00fcn fevral\u0131n 21-n\u0259 q\u0259d\u0259r olan m\u00fcdd\u0259td\u0259 he\u00e7 k\u0259s onlara yer verm\u0259yib:<\/p>\n\n\n\n<p>\u201c<em>M\u0259cbur qal\u0131b, Masall\u0131da \u015fair Xan\u0259li Tol\u0131\u015fd\u0259n xahi\u015f etdik. \u00c7\u00fcnki h\u0259diyy\u0259l\u0259rimiz haz\u0131r idi, u\u015faqlar \u00fc\u00e7\u00fcn d\u0259 vaxt t\u0259yin olunmu\u015fdu. T\u0259s\u0259vv\u00fcr edin ki, \u00e7\u00f6l-bay\u0131r soyuq idi. H\u0259min \u015fair \u00f6z\u00fc d\u0259 x\u0259st\u0259 adamd\u0131r. Biz d\u0259 onun yataq ota\u011f\u0131nda t\u0259dbiri ke\u00e7irdik, u\u015faqlara h\u0259diyy\u0259l\u0259rini t\u0259qdim etdik v\u0259 bel\u0259c\u0259 yekunla\u015fd\u0131rd\u0131q. M\u0259g\u0259r bu g\u00fcn Az\u0259rbaycanda toy-ni\u015fan ke\u00e7ir\u0259nd\u0259 icaz\u0259 al\u0131rlar? Bel\u0259 bir qanun varm\u0131? Biz maksimum 30 n\u0259f\u0259rd\u0259n ibar\u0259t \u0259d\u0259bi-b\u0259dii t\u0259dbir ke\u00e7ir\u0259c\u0259kdik. Siyasi t\u0259\u015fkilat deyilik, siyas\u0259tl\u0259 d\u0259 m\u0259\u015f\u011ful olmuruq. Balaca u\u015faqlar ana dilind\u0259 \u015feir dey\u0259c\u0259kdil\u0259r, biz d\u0259 onlara h\u0259diyy\u0259l\u0259r ver\u0259c\u0259kdik\u201d.<\/em><\/p>\n\n\n\n<p>K\u00f6n\u00fcl R\u0259sul deyir ki, t\u0259dbirin ke\u00e7irilm\u0259sind\u0259 m\u0259qs\u0259d tal\u0131\u015f dilinin inki\u015faf\u0131na, ya\u015famas\u0131na t\u00f6hf\u0259 verm\u0259k idi:<\/p>\n\n\n\n<p>\u201c<em>Amma biz\u0259 imkan verm\u0259dil\u0259r. Bu c\u00fcr mane\u0259l\u0259r yarad\u0131b, h\u0259d\u0259-qorxu g\u0259l\u0259nd\u0259, insanlar da geri \u00e7\u0259kilir. \u00d6z \u00f6lk\u0259sind\u0259 ya\u015fayan mill\u0259t\u0259 ana dilind\u0259 t\u0259dbir ke\u00e7irm\u0259y\u0259 icaz\u0259 verilmir. M\u0259g\u0259r m\u0259nim \u00f6z ana dilimd\u0259 t\u0259dbir ke\u00e7irm\u0259y\u0259 haqq\u0131m yoxdur?\u201d<\/em><\/p>\n\n\n\n<p>Meydan TV L\u0259nk\u0259ran \u015e\u0259h\u0259r Polis \u015f\u00f6b\u0259si il\u0259 \u0259laq\u0259 saxlasa da, m\u0259s\u0259l\u0259y\u0259 m\u00fcnasib\u0259t \u00f6yr\u0259n\u0259 bilm\u0259yib.<\/p>\n\n\n\n<p>Daxili \u0130\u015fl\u0259r Nazirliyi is\u0259 Meydan TV-nin sor\u011fusunu cavabland\u0131rmay\u0131b.<\/p>\n","protected":false},"excerpt":{"rendered":"<p>Daxili \u0130\u015fl\u0259r Nazirliyind\u0259n (D\u0130N) Meydan TV-y\u0259 bildirilib ki, t\u0259dbirin ke\u00e7irilm\u0259sin\u0259 &#8230; <\/p>\n<p class=\"read-more-container\"><a title=\"Polisin L\u0259nk\u0259randa Ana Dili G\u00fcn\u00fcn\u0259 h\u0259sr olunmu\u015f t\u0259dbir\u0259 mane oldu\u011fu deyilir (yenil\u0259nib)\" class=\"read-more button\" href=\"https:\/\/www.meydan.tv\/az\/article\/polisin-lenkeranda-ana-dili-gunune-hesr-olunmus-tedbire-mane-oldugu-deyilir\/#more-299604\" aria-label=\"Read more about Polisin L\u0259nk\u0259randa Ana Dili G\u00fcn\u00fcn\u0259 h\u0259sr olunmu\u015f t\u0259dbir\u0259 mane oldu\u011fu deyilir (yenil\u0259nib)\">Davam\u0131<\/a><\/p>\n","protected":false},"author":8,"featured_media":247152,"comment_status":"closed","ping_status":"closed","sticky":false,"template":"","format":"standard","meta":{"_acf_changed":false,"_sitemap_exclude":false,"_sitemap_priority":"","_sitemap_frequency":"","footnotes":""},"categories":[60,88,56],"tags":[],"class_list":["post-299604","post","type-post","status-publish","format-standard","has-post-thumbnail","hentry","category-bolge","category-redaktor-secimi","category-xeberler","infinite-scroll-item","generate-columns","tablet-grid-50","mobile-grid-100","grid-parent","grid-33","no-featured-image-padding"],"acf":[],"yoast_head":"<!-- This site is optimized with the Yoast SEO plugin v27.4 - https:\/\/yoast.com\/product\/yoast-seo-wordpress\/ -->\n<title>Polisin L\u0259nk\u0259randa Ana Dili G\u00fcn\u00fcn\u0259 h\u0259sr olunmu\u015f t\u0259dbir\u0259 mane oldu\u011fu deyilir (yenil\u0259nib) - MEYDAN.TV<\/title>\n<meta name=\"robots\" content=\"index, follow, max-snippet:-1, max-image-preview:large, max-video-preview:-1\" \/>\n<link rel=\"canonical\" href=\"https:\/\/www.meydan.tv\/az\/article\/polisin-lenkeranda-ana-dili-gunune-hesr-olunmus-tedbire-mane-oldugu-deyilir\/\" \/>\n<meta property=\"og:locale\" content=\"az_AZ\" \/>\n<meta property=\"og:type\" content=\"article\" \/>\n<meta property=\"og:title\" content=\"Polisin L\u0259nk\u0259randa Ana Dili G\u00fcn\u00fcn\u0259 h\u0259sr olunmu\u015f t\u0259dbir\u0259 mane oldu\u011fu deyilir (yenil\u0259nib) - MEYDAN.TV\" \/>\n<meta property=\"og:description\" content=\"Daxili \u0130\u015fl\u0259r Nazirliyind\u0259n (D\u0130N) Meydan TV-y\u0259 bildirilib ki, t\u0259dbirin ke\u00e7irilm\u0259sin\u0259 ... Davam\u0131\" \/>\n<meta property=\"og:url\" content=\"https:\/\/www.meydan.tv\/az\/article\/polisin-lenkeranda-ana-dili-gunune-hesr-olunmus-tedbire-mane-oldugu-deyilir\/\" \/>\n<meta property=\"og:site_name\" content=\"MEYDAN.TV\" \/>\n<meta property=\"article:published_time\" content=\"2024-02-21T13:44:19+00:00\" \/>\n<meta property=\"article:modified_time\" content=\"2024-02-21T14:58:51+00:00\" \/>\n<meta property=\"og:image\" content=\"https:\/\/www.meydan.tv\/wp-content\/uploads\/polis-3.jpg\" \/>\n\t<meta property=\"og:image:width\" content=\"1350\" \/>\n\t<meta property=\"og:image:height\" content=\"900\" \/>\n\t<meta property=\"og:image:type\" content=\"image\/jpeg\" \/>\n<meta name=\"author\" content=\"elli\" \/>\n<meta name=\"twitter:card\" content=\"summary_large_image\" \/>\n<meta name=\"twitter:creator\" content=\"@elli\" \/>\n<script type=\"application\/ld+json\" class=\"yoast-schema-graph\">{\"@context\":\"https:\\\/\\\/schema.org\",\"@graph\":[{\"@type\":\"Article\",\"@id\":\"https:\\\/\\\/www.meydan.tv\\\/az\\\/article\\\/polisin-lenkeranda-ana-dili-gunune-hesr-olunmus-tedbire-mane-oldugu-deyilir\\\/#article\",\"isPartOf\":{\"@id\":\"https:\\\/\\\/www.meydan.tv\\\/az\\\/article\\\/polisin-lenkeranda-ana-dili-gunune-hesr-olunmus-tedbire-mane-oldugu-deyilir\\\/\"},\"author\":{\"name\":\"elli\",\"@id\":\"https:\\\/\\\/www.meydan.tv\\\/az\\\/#\\\/schema\\\/person\\\/9cdbecf90d17180ce1dfbd95b08dcf47\"},\"headline\":\"Polisin L\u0259nk\u0259randa Ana Dili G\u00fcn\u00fcn\u0259 h\u0259sr olunmu\u015f t\u0259dbir\u0259 mane oldu\u011fu deyilir (yenil\u0259nib)\",\"datePublished\":\"2024-02-21T13:44:19+00:00\",\"dateModified\":\"2024-02-21T14:58:51+00:00\",\"mainEntityOfPage\":{\"@id\":\"https:\\\/\\\/www.meydan.tv\\\/az\\\/article\\\/polisin-lenkeranda-ana-dili-gunune-hesr-olunmus-tedbire-mane-oldugu-deyilir\\\/\"},\"wordCount\":1047,\"publisher\":{\"@id\":\"https:\\\/\\\/www.meydan.tv\\\/az\\\/#organization\"},\"image\":{\"@id\":\"https:\\\/\\\/www.meydan.tv\\\/az\\\/article\\\/polisin-lenkeranda-ana-dili-gunune-hesr-olunmus-tedbire-mane-oldugu-deyilir\\\/#primaryimage\"},\"thumbnailUrl\":\"https:\\\/\\\/www.meydan.tv\\\/wp-content\\\/uploads\\\/polis-3.jpg\",\"articleSection\":[\"B\u00f6lg\u0259\",\"Redaktor se\u00e7imi\",\"X\u0259b\u0259rl\u0259r\"],\"inLanguage\":\"az\"},{\"@type\":\"WebPage\",\"@id\":\"https:\\\/\\\/www.meydan.tv\\\/az\\\/article\\\/polisin-lenkeranda-ana-dili-gunune-hesr-olunmus-tedbire-mane-oldugu-deyilir\\\/\",\"url\":\"https:\\\/\\\/www.meydan.tv\\\/az\\\/article\\\/polisin-lenkeranda-ana-dili-gunune-hesr-olunmus-tedbire-mane-oldugu-deyilir\\\/\",\"name\":\"Polisin L\u0259nk\u0259randa Ana Dili G\u00fcn\u00fcn\u0259 h\u0259sr olunmu\u015f t\u0259dbir\u0259 mane oldu\u011fu deyilir (yenil\u0259nib) - MEYDAN.TV\",\"isPartOf\":{\"@id\":\"https:\\\/\\\/www.meydan.tv\\\/az\\\/#website\"},\"primaryImageOfPage\":{\"@id\":\"https:\\\/\\\/www.meydan.tv\\\/az\\\/article\\\/polisin-lenkeranda-ana-dili-gunune-hesr-olunmus-tedbire-mane-oldugu-deyilir\\\/#primaryimage\"},\"image\":{\"@id\":\"https:\\\/\\\/www.meydan.tv\\\/az\\\/article\\\/polisin-lenkeranda-ana-dili-gunune-hesr-olunmus-tedbire-mane-oldugu-deyilir\\\/#primaryimage\"},\"thumbnailUrl\":\"https:\\\/\\\/www.meydan.tv\\\/wp-content\\\/uploads\\\/polis-3.jpg\",\"datePublished\":\"2024-02-21T13:44:19+00:00\",\"dateModified\":\"2024-02-21T14:58:51+00:00\",\"breadcrumb\":{\"@id\":\"https:\\\/\\\/www.meydan.tv\\\/az\\\/article\\\/polisin-lenkeranda-ana-dili-gunune-hesr-olunmus-tedbire-mane-oldugu-deyilir\\\/#breadcrumb\"},\"inLanguage\":\"az\",\"potentialAction\":[{\"@type\":\"ReadAction\",\"target\":[\"https:\\\/\\\/www.meydan.tv\\\/az\\\/article\\\/polisin-lenkeranda-ana-dili-gunune-hesr-olunmus-tedbire-mane-oldugu-deyilir\\\/\"]}]},{\"@type\":\"ImageObject\",\"inLanguage\":\"az\",\"@id\":\"https:\\\/\\\/www.meydan.tv\\\/az\\\/article\\\/polisin-lenkeranda-ana-dili-gunune-hesr-olunmus-tedbire-mane-oldugu-deyilir\\\/#primaryimage\",\"url\":\"https:\\\/\\\/www.meydan.tv\\\/wp-content\\\/uploads\\\/polis-3.jpg\",\"contentUrl\":\"https:\\\/\\\/www.meydan.tv\\\/wp-content\\\/uploads\\\/polis-3.jpg\",\"width\":1350,\"height\":900,\"caption\":\"Foto: D\u0130N\"},{\"@type\":\"BreadcrumbList\",\"@id\":\"https:\\\/\\\/www.meydan.tv\\\/az\\\/article\\\/polisin-lenkeranda-ana-dili-gunune-hesr-olunmus-tedbire-mane-oldugu-deyilir\\\/#breadcrumb\",\"itemListElement\":[{\"@type\":\"ListItem\",\"position\":1,\"name\":\"Ana s\u0259hif\u0259\",\"item\":\"https:\\\/\\\/www.meydan.tv\\\/az\\\/\"},{\"@type\":\"ListItem\",\"position\":2,\"name\":\"B\u00f6lg\u0259\",\"item\":\"https:\\\/\\\/www.meydan.tv\\\/az\\\/section\\\/bolge\\\/\"},{\"@type\":\"ListItem\",\"position\":3,\"name\":\"Polisin L\u0259nk\u0259randa Ana Dili G\u00fcn\u00fcn\u0259 h\u0259sr olunmu\u015f t\u0259dbir\u0259 mane oldu\u011fu deyilir (yenil\u0259nib)\"}]},{\"@type\":\"WebSite\",\"@id\":\"https:\\\/\\\/www.meydan.tv\\\/az\\\/#website\",\"url\":\"https:\\\/\\\/www.meydan.tv\\\/az\\\/\",\"name\":\"MEYDAN.TV\",\"description\":\"Meydan TV Az\u0259rbaycan\u0131n media m\u0259kan\u0131ndak\u0131 alternativ s\u0259sidir\",\"publisher\":{\"@id\":\"https:\\\/\\\/www.meydan.tv\\\/az\\\/#organization\"},\"potentialAction\":[{\"@type\":\"SearchAction\",\"target\":{\"@type\":\"EntryPoint\",\"urlTemplate\":\"https:\\\/\\\/www.meydan.tv\\\/az\\\/?s={search_term_string}\"},\"query-input\":{\"@type\":\"PropertyValueSpecification\",\"valueRequired\":true,\"valueName\":\"search_term_string\"}}],\"inLanguage\":\"az\"},{\"@type\":\"Organization\",\"@id\":\"https:\\\/\\\/www.meydan.tv\\\/az\\\/#organization\",\"name\":\"Meydan TV\",\"url\":\"https:\\\/\\\/www.meydan.tv\\\/az\\\/\",\"logo\":{\"@type\":\"ImageObject\",\"inLanguage\":\"az\",\"@id\":\"https:\\\/\\\/www.meydan.tv\\\/az\\\/#\\\/schema\\\/logo\\\/image\\\/\",\"url\":\"https:\\\/\\\/www.meydan.tv\\\/wp-content\\\/uploads\\\/2021\\\/07\\\/meydan-logo.svg\",\"contentUrl\":\"https:\\\/\\\/www.meydan.tv\\\/wp-content\\\/uploads\\\/2021\\\/07\\\/meydan-logo.svg\",\"width\":195,\"height\":46,\"caption\":\"Meydan TV\"},\"image\":{\"@id\":\"https:\\\/\\\/www.meydan.tv\\\/az\\\/#\\\/schema\\\/logo\\\/image\\\/\"}},{\"@type\":\"Person\",\"@id\":\"https:\\\/\\\/www.meydan.tv\\\/az\\\/#\\\/schema\\\/person\\\/9cdbecf90d17180ce1dfbd95b08dcf47\",\"name\":\"elli\",\"sameAs\":[\"https:\\\/\\\/x.com\\\/elli\"]}]}<\/script>\n<!-- \/ Yoast SEO plugin. -->","yoast_head_json":{"title":"Polisin L\u0259nk\u0259randa Ana Dili G\u00fcn\u00fcn\u0259 h\u0259sr olunmu\u015f t\u0259dbir\u0259 mane oldu\u011fu deyilir (yenil\u0259nib) - MEYDAN.TV","robots":{"index":"index","follow":"follow","max-snippet":"max-snippet:-1","max-image-preview":"max-image-preview:large","max-video-preview":"max-video-preview:-1"},"canonical":"https:\/\/www.meydan.tv\/az\/article\/polisin-lenkeranda-ana-dili-gunune-hesr-olunmus-tedbire-mane-oldugu-deyilir\/","og_locale":"az_AZ","og_type":"article","og_title":"Polisin L\u0259nk\u0259randa Ana Dili G\u00fcn\u00fcn\u0259 h\u0259sr olunmu\u015f t\u0259dbir\u0259 mane oldu\u011fu deyilir (yenil\u0259nib) - MEYDAN.TV","og_description":"Daxili \u0130\u015fl\u0259r Nazirliyind\u0259n (D\u0130N) Meydan TV-y\u0259 bildirilib ki, t\u0259dbirin ke\u00e7irilm\u0259sin\u0259 ... Davam\u0131","og_url":"https:\/\/www.meydan.tv\/az\/article\/polisin-lenkeranda-ana-dili-gunune-hesr-olunmus-tedbire-mane-oldugu-deyilir\/","og_site_name":"MEYDAN.TV","article_published_time":"2024-02-21T13:44:19+00:00","article_modified_time":"2024-02-21T14:58:51+00:00","og_image":[{"width":1350,"height":900,"url":"https:\/\/www.meydan.tv\/wp-content\/uploads\/polis-3.jpg","type":"image\/jpeg"}],"author":"elli","twitter_card":"summary_large_image","twitter_creator":"@elli","schema":{"@context":"https:\/\/schema.org","@graph":[{"@type":"Article","@id":"https:\/\/www.meydan.tv\/az\/article\/polisin-lenkeranda-ana-dili-gunune-hesr-olunmus-tedbire-mane-oldugu-deyilir\/#article","isPartOf":{"@id":"https:\/\/www.meydan.tv\/az\/article\/polisin-lenkeranda-ana-dili-gunune-hesr-olunmus-tedbire-mane-oldugu-deyilir\/"},"author":{"name":"elli","@id":"https:\/\/www.meydan.tv\/az\/#\/schema\/person\/9cdbecf90d17180ce1dfbd95b08dcf47"},"headline":"Polisin L\u0259nk\u0259randa Ana Dili G\u00fcn\u00fcn\u0259 h\u0259sr olunmu\u015f t\u0259dbir\u0259 mane oldu\u011fu deyilir (yenil\u0259nib)","datePublished":"2024-02-21T13:44:19+00:00","dateModified":"2024-02-21T14:58:51+00:00","mainEntityOfPage":{"@id":"https:\/\/www.meydan.tv\/az\/article\/polisin-lenkeranda-ana-dili-gunune-hesr-olunmus-tedbire-mane-oldugu-deyilir\/"},"wordCount":1047,"publisher":{"@id":"https:\/\/www.meydan.tv\/az\/#organization"},"image":{"@id":"https:\/\/www.meydan.tv\/az\/article\/polisin-lenkeranda-ana-dili-gunune-hesr-olunmus-tedbire-mane-oldugu-deyilir\/#primaryimage"},"thumbnailUrl":"https:\/\/www.meydan.tv\/wp-content\/uploads\/polis-3.jpg","articleSection":["B\u00f6lg\u0259","Redaktor se\u00e7imi","X\u0259b\u0259rl\u0259r"],"inLanguage":"az"},{"@type":"WebPage","@id":"https:\/\/www.meydan.tv\/az\/article\/polisin-lenkeranda-ana-dili-gunune-hesr-olunmus-tedbire-mane-oldugu-deyilir\/","url":"https:\/\/www.meydan.tv\/az\/article\/polisin-lenkeranda-ana-dili-gunune-hesr-olunmus-tedbire-mane-oldugu-deyilir\/","name":"Polisin L\u0259nk\u0259randa Ana Dili G\u00fcn\u00fcn\u0259 h\u0259sr olunmu\u015f t\u0259dbir\u0259 mane oldu\u011fu deyilir (yenil\u0259nib) - MEYDAN.TV","isPartOf":{"@id":"https:\/\/www.meydan.tv\/az\/#website"},"primaryImageOfPage":{"@id":"https:\/\/www.meydan.tv\/az\/article\/polisin-lenkeranda-ana-dili-gunune-hesr-olunmus-tedbire-mane-oldugu-deyilir\/#primaryimage"},"image":{"@id":"https:\/\/www.meydan.tv\/az\/article\/polisin-lenkeranda-ana-dili-gunune-hesr-olunmus-tedbire-mane-oldugu-deyilir\/#primaryimage"},"thumbnailUrl":"https:\/\/www.meydan.tv\/wp-content\/uploads\/polis-3.jpg","datePublished":"2024-02-21T13:44:19+00:00","dateModified":"2024-02-21T14:58:51+00:00","breadcrumb":{"@id":"https:\/\/www.meydan.tv\/az\/article\/polisin-lenkeranda-ana-dili-gunune-hesr-olunmus-tedbire-mane-oldugu-deyilir\/#breadcrumb"},"inLanguage":"az","potentialAction":[{"@type":"ReadAction","target":["https:\/\/www.meydan.tv\/az\/article\/polisin-lenkeranda-ana-dili-gunune-hesr-olunmus-tedbire-mane-oldugu-deyilir\/"]}]},{"@type":"ImageObject","inLanguage":"az","@id":"https:\/\/www.meydan.tv\/az\/article\/polisin-lenkeranda-ana-dili-gunune-hesr-olunmus-tedbire-mane-oldugu-deyilir\/#primaryimage","url":"https:\/\/www.meydan.tv\/wp-content\/uploads\/polis-3.jpg","contentUrl":"https:\/\/www.meydan.tv\/wp-content\/uploads\/polis-3.jpg","width":1350,"height":900,"caption":"Foto: D\u0130N"},{"@type":"BreadcrumbList","@id":"https:\/\/www.meydan.tv\/az\/article\/polisin-lenkeranda-ana-dili-gunune-hesr-olunmus-tedbire-mane-oldugu-deyilir\/#breadcrumb","itemListElement":[{"@type":"ListItem","position":1,"name":"Ana s\u0259hif\u0259","item":"https:\/\/www.meydan.tv\/az\/"},{"@type":"ListItem","position":2,"name":"B\u00f6lg\u0259","item":"https:\/\/www.meydan.tv\/az\/section\/bolge\/"},{"@type":"ListItem","position":3,"name":"Polisin L\u0259nk\u0259randa Ana Dili G\u00fcn\u00fcn\u0259 h\u0259sr olunmu\u015f t\u0259dbir\u0259 mane oldu\u011fu deyilir (yenil\u0259nib)"}]},{"@type":"WebSite","@id":"https:\/\/www.meydan.tv\/az\/#website","url":"https:\/\/www.meydan.tv\/az\/","name":"MEYDAN.TV","description":"Meydan TV Az\u0259rbaycan\u0131n media m\u0259kan\u0131ndak\u0131 alternativ s\u0259sidir","publisher":{"@id":"https:\/\/www.meydan.tv\/az\/#organization"},"potentialAction":[{"@type":"SearchAction","target":{"@type":"EntryPoint","urlTemplate":"https:\/\/www.meydan.tv\/az\/?s={search_term_string}"},"query-input":{"@type":"PropertyValueSpecification","valueRequired":true,"valueName":"search_term_string"}}],"inLanguage":"az"},{"@type":"Organization","@id":"https:\/\/www.meydan.tv\/az\/#organization","name":"Meydan TV","url":"https:\/\/www.meydan.tv\/az\/","logo":{"@type":"ImageObject","inLanguage":"az","@id":"https:\/\/www.meydan.tv\/az\/#\/schema\/logo\/image\/","url":"https:\/\/www.meydan.tv\/wp-content\/uploads\/2021\/07\/meydan-logo.svg","contentUrl":"https:\/\/www.meydan.tv\/wp-content\/uploads\/2021\/07\/meydan-logo.svg","width":195,"height":46,"caption":"Meydan TV"},"image":{"@id":"https:\/\/www.meydan.tv\/az\/#\/schema\/logo\/image\/"}},{"@type":"Person","@id":"https:\/\/www.meydan.tv\/az\/#\/schema\/person\/9cdbecf90d17180ce1dfbd95b08dcf47","name":"elli","sameAs":["https:\/\/x.com\/elli"]}]}},"_links":{"self":[{"href":"https:\/\/www.meydan.tv\/az\/wp-json\/wp\/v2\/posts\/299604","targetHints":{"allow":["GET"]}}],"collection":[{"href":"https:\/\/www.meydan.tv\/az\/wp-json\/wp\/v2\/posts"}],"about":[{"href":"https:\/\/www.meydan.tv\/az\/wp-json\/wp\/v2\/types\/post"}],"author":[{"embeddable":true,"href":"https:\/\/www.meydan.tv\/az\/wp-json\/wp\/v2\/users\/8"}],"replies":[{"embeddable":true,"href":"https:\/\/www.meydan.tv\/az\/wp-json\/wp\/v2\/comments?post=299604"}],"version-history":[{"count":7,"href":"https:\/\/www.meydan.tv\/az\/wp-json\/wp\/v2\/posts\/299604\/revisions"}],"predecessor-version":[{"id":299626,"href":"https:\/\/www.meydan.tv\/az\/wp-json\/wp\/v2\/posts\/299604\/revisions\/299626"}],"wp:featuredmedia":[{"embeddable":true,"href":"https:\/\/www.meydan.tv\/az\/wp-json\/wp\/v2\/media\/247152"}],"wp:attachment":[{"href":"https:\/\/www.meydan.tv\/az\/wp-json\/wp\/v2\/media?parent=299604"}],"wp:term":[{"taxonomy":"category","embeddable":true,"href":"https:\/\/www.meydan.tv\/az\/wp-json\/wp\/v2\/categories?post=299604"},{"taxonomy":"post_tag","embeddable":true,"href":"https:\/\/www.meydan.tv\/az\/wp-json\/wp\/v2\/tags?post=299604"}],"curies":[{"name":"wp","href":"https:\/\/api.w.org\/{rel}","templated":true}]}}