{"id":299552,"date":"2024-02-21T13:32:23","date_gmt":"2024-02-21T09:32:23","guid":{"rendered":"https:\/\/www.meydan.tv\/?p=299552"},"modified":"2024-02-21T13:32:27","modified_gmt":"2024-02-21T09:32:27","slug":"yeniyetmenin-olumunde-ekspertiza-reyi-yad-cisim-teneffus-yoluna-sille-neticesinde-dusmeyib","status":"publish","type":"post","link":"https:\/\/www.meydan.tv\/az\/article\/yeniyetmenin-olumunde-ekspertiza-reyi-yad-cisim-teneffus-yoluna-sille-neticesinde-dusmeyib\/","title":{"rendered":"Yeniyetm\u0259nin \u00f6l\u00fcm\u00fcnd\u0259 ekspertiza r\u0259yi: Yad cisim t\u0259n\u0259ff\u00fcs yoluna sill\u0259 n\u0259tic\u0259sind\u0259 d\u00fc\u015fm\u0259yib"},"content":{"rendered":"\n<p><\/p>\n\n\n\n<p><strong><em>Prokurorluq ara\u015fd\u0131rma apard\u0131\u011f\u0131n\u0131 deyir<\/em><\/strong><\/p>\n\n\n\n<p>Sosial \u015f\u0259b\u0259k\u0259l\u0259rd\u0259 Ma\u015fta\u011fada yerl\u0259\u015f\u0259n Respublika Psixiatriya X\u0259st\u0259xanas\u0131nda m\u00fcalic\u0259 alan yeniyetm\u0259y\u0259 qar\u015f\u0131 zorak\u0131l\u0131q bar\u0259d\u0259 m\u0259lumatlar yay\u0131l\u0131b. \u0130ddia olunur ki, x\u0259st\u0259xanada 17 ya\u015fl\u0131 yeniyetm\u0259 yem\u0259k yey\u0259rk\u0259n n\u0259zar\u0259t\u00e7i arxadan ba\u015f\u0131na yumruq vurub. N\u0259tic\u0259d\u0259 \u0259t par\u00e7as\u0131 yeniyetm\u0259nin n\u0259f\u0259s borusuna d\u00fc\u015f\u00fcb v\u0259 bo\u011fularaq \u00f6l\u00fcb.<\/p>\n\n\n\n<p>\u00d6t\u0259n il dekabr\u0131n 27-d\u0259 ba\u015f vermi\u015f bu hadis\u0259 il\u0259 \u0259laq\u0259dar Sabun\u00e7u Rayon Prokurorlu\u011funda ara\u015fd\u0131rma gedir. <\/p>\n\n\n<div class=\"wp-block-image\">\n<figure class=\"alignright size-large is-resized\"><img decoding=\"async\" width=\"1200\" height=\"668\" data-src=\"https:\/\/www.meydan.tv\/wp-content\/uploads\/screenshot-at-aug-10-14-51-49-1200x668.png\" alt=\"\" class=\"wp-image-252941 lazyload\" style=\"--smush-placeholder-width: 1200px; --smush-placeholder-aspect-ratio: 1200\/668;width:361px;height:auto\" src=\"data:image\/svg+xml;base64,PHN2ZyB3aWR0aD0iMSIgaGVpZ2h0PSIxIiB4bWxucz0iaHR0cDovL3d3dy53My5vcmcvMjAwMC9zdmciPjwvc3ZnPg==\" \/><figcaption class=\"wp-element-caption\">Ba\u015f Prokurorluq. Foto: Meydan TV<\/figcaption><\/figure>\n<\/div>\n\n\n<p>Ba\u015f Prokurorlu\u011fun m\u0259tbuat xidm\u0259tind\u0259n Meydan TV-y\u0259 bildirilib ki, ara\u015fd\u0131rma zaman\u0131 m\u0259hk\u0259m\u0259 tibbi-ekspertizas\u0131 v\u0259 dig\u0259r laborator m\u00fcayin\u0259l\u0259r ke\u00e7irilib, z\u0259ruri prosessual h\u0259r\u0259k\u0259tl\u0259r icra edilib.<\/p>\n\n\n\n<p>M\u0259hk\u0259m\u0259-tibbi ekspertizas\u0131n\u0131n r\u0259yin\u0259 \u0259sas\u0259n, yeniyetm\u0259nin \u00f6l\u00fcm\u00fcn\u0259 s\u0259b\u0259b t\u0259n\u0259ff\u00fcs yollar\u0131, udlaq v\u0259 q\u0131rtla\u011f\u0131n yad cisiml\u0259 tutulmas\u0131 n\u0259tic\u0259sind\u0259 ba\u015f vermi\u015f mexaniki asfiksiya (bo\u011fulma) olub.<\/p>\n\n\n\n<p><em>\u201cH\u0259m\u00e7inin, ekspertizan\u0131n r\u0259yi il\u0259 m\u00fc\u0259yy\u0259n olunub ki, \u015f\u0259xs\u0259 sill\u0259 vurulmas\u0131 n\u0259tic\u0259sind\u0259 yad cismin t\u0259n\u0259ff\u00fcs yoluna d\u00fc\u015fm\u0259si inkar olunur\u201d<\/em>, &#8211; Ba\u015f Prokurorlu\u011fun m\u0259lumat\u0131nda bel\u0259 deyilir.<\/p>\n\n\n\n<p>Haz\u0131rda prokurorluqda ara\u015fd\u0131rmalar davam edir.<\/p>\n","protected":false},"excerpt":{"rendered":"<p>Prokurorluq ara\u015fd\u0131rma apard\u0131\u011f\u0131n\u0131 deyir Sosial \u015f\u0259b\u0259k\u0259l\u0259rd\u0259 Ma\u015fta\u011fada yerl\u0259\u015f\u0259n Respublika Psixiatriya &#8230; <\/p>\n<p class=\"read-more-container\"><a title=\"Yeniyetm\u0259nin \u00f6l\u00fcm\u00fcnd\u0259 ekspertiza r\u0259yi: Yad cisim t\u0259n\u0259ff\u00fcs yoluna sill\u0259 n\u0259tic\u0259sind\u0259 d\u00fc\u015fm\u0259yib\" class=\"read-more button\" href=\"https:\/\/www.meydan.tv\/az\/article\/yeniyetmenin-olumunde-ekspertiza-reyi-yad-cisim-teneffus-yoluna-sille-neticesinde-dusmeyib\/#more-299552\" aria-label=\"Read more about Yeniyetm\u0259nin \u00f6l\u00fcm\u00fcnd\u0259 ekspertiza r\u0259yi: Yad cisim t\u0259n\u0259ff\u00fcs yoluna sill\u0259 n\u0259tic\u0259sind\u0259 d\u00fc\u015fm\u0259yib\">Davam\u0131<\/a><\/p>\n","protected":false},"author":8,"featured_media":299561,"comment_status":"closed","ping_status":"closed","sticky":false,"template":"","format":"standard","meta":{"_acf_changed":false,"_sitemap_exclude":false,"_sitemap_priority":"","_sitemap_frequency":"","footnotes":""},"categories":[62,56],"tags":[],"class_list":["post-299552","post","type-post","status-publish","format-standard","has-post-thumbnail","hentry","category-sosial","category-xeberler","infinite-scroll-item","generate-columns","tablet-grid-50","mobile-grid-100","grid-parent","grid-33","no-featured-image-padding"],"acf":[],"yoast_head":"<!-- This site is optimized with the Yoast SEO plugin v27.5 - https:\/\/yoast.com\/product\/yoast-seo-wordpress\/ -->\n<title>Yeniyetm\u0259nin \u00f6l\u00fcm\u00fcnd\u0259 ekspertiza r\u0259yi: Yad cisim t\u0259n\u0259ff\u00fcs yoluna sill\u0259 n\u0259tic\u0259sind\u0259 d\u00fc\u015fm\u0259yib - MEYDAN.TV<\/title>\n<meta name=\"robots\" content=\"index, follow, max-snippet:-1, max-image-preview:large, max-video-preview:-1\" \/>\n<link rel=\"canonical\" href=\"https:\/\/www.meydan.tv\/az\/article\/yeniyetmenin-olumunde-ekspertiza-reyi-yad-cisim-teneffus-yoluna-sille-neticesinde-dusmeyib\/\" \/>\n<meta property=\"og:locale\" content=\"az_AZ\" \/>\n<meta property=\"og:type\" content=\"article\" \/>\n<meta property=\"og:title\" content=\"Yeniyetm\u0259nin \u00f6l\u00fcm\u00fcnd\u0259 ekspertiza r\u0259yi: Yad cisim t\u0259n\u0259ff\u00fcs yoluna sill\u0259 n\u0259tic\u0259sind\u0259 d\u00fc\u015fm\u0259yib - MEYDAN.TV\" \/>\n<meta property=\"og:description\" content=\"Prokurorluq ara\u015fd\u0131rma apard\u0131\u011f\u0131n\u0131 deyir Sosial \u015f\u0259b\u0259k\u0259l\u0259rd\u0259 Ma\u015fta\u011fada yerl\u0259\u015f\u0259n Respublika Psixiatriya ... Davam\u0131\" \/>\n<meta property=\"og:url\" content=\"https:\/\/www.meydan.tv\/az\/article\/yeniyetmenin-olumunde-ekspertiza-reyi-yad-cisim-teneffus-yoluna-sille-neticesinde-dusmeyib\/\" \/>\n<meta property=\"og:site_name\" content=\"MEYDAN.TV\" \/>\n<meta property=\"article:published_time\" content=\"2024-02-21T09:32:23+00:00\" \/>\n<meta property=\"article:modified_time\" content=\"2024-02-21T09:32:27+00:00\" \/>\n<meta property=\"og:image\" content=\"https:\/\/www.meydan.tv\/wp-content\/uploads\/unnamed-9.jpg\" \/>\n\t<meta property=\"og:image:width\" content=\"500\" \/>\n\t<meta property=\"og:image:height\" content=\"367\" \/>\n\t<meta property=\"og:image:type\" content=\"image\/jpeg\" \/>\n<meta name=\"author\" content=\"elli\" \/>\n<meta name=\"twitter:card\" content=\"summary_large_image\" \/>\n<meta name=\"twitter:creator\" content=\"@elli\" \/>\n<script type=\"application\/ld+json\" class=\"yoast-schema-graph\">{\"@context\":\"https:\\\/\\\/schema.org\",\"@graph\":[{\"@type\":\"Article\",\"@id\":\"https:\\\/\\\/www.meydan.tv\\\/az\\\/article\\\/yeniyetmenin-olumunde-ekspertiza-reyi-yad-cisim-teneffus-yoluna-sille-neticesinde-dusmeyib\\\/#article\",\"isPartOf\":{\"@id\":\"https:\\\/\\\/www.meydan.tv\\\/az\\\/article\\\/yeniyetmenin-olumunde-ekspertiza-reyi-yad-cisim-teneffus-yoluna-sille-neticesinde-dusmeyib\\\/\"},\"author\":{\"name\":\"elli\",\"@id\":\"https:\\\/\\\/www.meydan.tv\\\/az\\\/#\\\/schema\\\/person\\\/9cdbecf90d17180ce1dfbd95b08dcf47\"},\"headline\":\"Yeniyetm\u0259nin \u00f6l\u00fcm\u00fcnd\u0259 ekspertiza r\u0259yi: Yad cisim t\u0259n\u0259ff\u00fcs yoluna sill\u0259 n\u0259tic\u0259sind\u0259 d\u00fc\u015fm\u0259yib\",\"datePublished\":\"2024-02-21T09:32:23+00:00\",\"dateModified\":\"2024-02-21T09:32:27+00:00\",\"mainEntityOfPage\":{\"@id\":\"https:\\\/\\\/www.meydan.tv\\\/az\\\/article\\\/yeniyetmenin-olumunde-ekspertiza-reyi-yad-cisim-teneffus-yoluna-sille-neticesinde-dusmeyib\\\/\"},\"wordCount\":260,\"publisher\":{\"@id\":\"https:\\\/\\\/www.meydan.tv\\\/az\\\/#organization\"},\"image\":{\"@id\":\"https:\\\/\\\/www.meydan.tv\\\/az\\\/article\\\/yeniyetmenin-olumunde-ekspertiza-reyi-yad-cisim-teneffus-yoluna-sille-neticesinde-dusmeyib\\\/#primaryimage\"},\"thumbnailUrl\":\"https:\\\/\\\/www.meydan.tv\\\/wp-content\\\/uploads\\\/unnamed-9.jpg\",\"articleSection\":[\"Sosial\",\"X\u0259b\u0259rl\u0259r\"],\"inLanguage\":\"az\"},{\"@type\":\"WebPage\",\"@id\":\"https:\\\/\\\/www.meydan.tv\\\/az\\\/article\\\/yeniyetmenin-olumunde-ekspertiza-reyi-yad-cisim-teneffus-yoluna-sille-neticesinde-dusmeyib\\\/\",\"url\":\"https:\\\/\\\/www.meydan.tv\\\/az\\\/article\\\/yeniyetmenin-olumunde-ekspertiza-reyi-yad-cisim-teneffus-yoluna-sille-neticesinde-dusmeyib\\\/\",\"name\":\"Yeniyetm\u0259nin \u00f6l\u00fcm\u00fcnd\u0259 ekspertiza r\u0259yi: Yad cisim t\u0259n\u0259ff\u00fcs yoluna sill\u0259 n\u0259tic\u0259sind\u0259 d\u00fc\u015fm\u0259yib - MEYDAN.TV\",\"isPartOf\":{\"@id\":\"https:\\\/\\\/www.meydan.tv\\\/az\\\/#website\"},\"primaryImageOfPage\":{\"@id\":\"https:\\\/\\\/www.meydan.tv\\\/az\\\/article\\\/yeniyetmenin-olumunde-ekspertiza-reyi-yad-cisim-teneffus-yoluna-sille-neticesinde-dusmeyib\\\/#primaryimage\"},\"image\":{\"@id\":\"https:\\\/\\\/www.meydan.tv\\\/az\\\/article\\\/yeniyetmenin-olumunde-ekspertiza-reyi-yad-cisim-teneffus-yoluna-sille-neticesinde-dusmeyib\\\/#primaryimage\"},\"thumbnailUrl\":\"https:\\\/\\\/www.meydan.tv\\\/wp-content\\\/uploads\\\/unnamed-9.jpg\",\"datePublished\":\"2024-02-21T09:32:23+00:00\",\"dateModified\":\"2024-02-21T09:32:27+00:00\",\"breadcrumb\":{\"@id\":\"https:\\\/\\\/www.meydan.tv\\\/az\\\/article\\\/yeniyetmenin-olumunde-ekspertiza-reyi-yad-cisim-teneffus-yoluna-sille-neticesinde-dusmeyib\\\/#breadcrumb\"},\"inLanguage\":\"az\",\"potentialAction\":[{\"@type\":\"ReadAction\",\"target\":[\"https:\\\/\\\/www.meydan.tv\\\/az\\\/article\\\/yeniyetmenin-olumunde-ekspertiza-reyi-yad-cisim-teneffus-yoluna-sille-neticesinde-dusmeyib\\\/\"]}]},{\"@type\":\"ImageObject\",\"inLanguage\":\"az\",\"@id\":\"https:\\\/\\\/www.meydan.tv\\\/az\\\/article\\\/yeniyetmenin-olumunde-ekspertiza-reyi-yad-cisim-teneffus-yoluna-sille-neticesinde-dusmeyib\\\/#primaryimage\",\"url\":\"https:\\\/\\\/www.meydan.tv\\\/wp-content\\\/uploads\\\/unnamed-9.jpg\",\"contentUrl\":\"https:\\\/\\\/www.meydan.tv\\\/wp-content\\\/uploads\\\/unnamed-9.jpg\",\"width\":500,\"height\":367,\"caption\":\"Respublika Psixiatriya X\u0259st\u0259xanas\u0131. Foto: Sabun\u00e7u Rayon \u0130cra Hakimiyy\u0259ti\"},{\"@type\":\"BreadcrumbList\",\"@id\":\"https:\\\/\\\/www.meydan.tv\\\/az\\\/article\\\/yeniyetmenin-olumunde-ekspertiza-reyi-yad-cisim-teneffus-yoluna-sille-neticesinde-dusmeyib\\\/#breadcrumb\",\"itemListElement\":[{\"@type\":\"ListItem\",\"position\":1,\"name\":\"Ana s\u0259hif\u0259\",\"item\":\"https:\\\/\\\/www.meydan.tv\\\/az\\\/\"},{\"@type\":\"ListItem\",\"position\":2,\"name\":\"Sosial\",\"item\":\"https:\\\/\\\/www.meydan.tv\\\/az\\\/section\\\/sosial\\\/\"},{\"@type\":\"ListItem\",\"position\":3,\"name\":\"Yeniyetm\u0259nin \u00f6l\u00fcm\u00fcnd\u0259 ekspertiza r\u0259yi: Yad cisim t\u0259n\u0259ff\u00fcs yoluna sill\u0259 n\u0259tic\u0259sind\u0259 d\u00fc\u015fm\u0259yib\"}]},{\"@type\":\"WebSite\",\"@id\":\"https:\\\/\\\/www.meydan.tv\\\/az\\\/#website\",\"url\":\"https:\\\/\\\/www.meydan.tv\\\/az\\\/\",\"name\":\"MEYDAN.TV\",\"description\":\"Meydan TV Az\u0259rbaycan\u0131n media m\u0259kan\u0131ndak\u0131 alternativ s\u0259sidir\",\"publisher\":{\"@id\":\"https:\\\/\\\/www.meydan.tv\\\/az\\\/#organization\"},\"potentialAction\":[{\"@type\":\"SearchAction\",\"target\":{\"@type\":\"EntryPoint\",\"urlTemplate\":\"https:\\\/\\\/www.meydan.tv\\\/az\\\/?s={search_term_string}\"},\"query-input\":{\"@type\":\"PropertyValueSpecification\",\"valueRequired\":true,\"valueName\":\"search_term_string\"}}],\"inLanguage\":\"az\"},{\"@type\":\"Organization\",\"@id\":\"https:\\\/\\\/www.meydan.tv\\\/az\\\/#organization\",\"name\":\"Meydan TV\",\"url\":\"https:\\\/\\\/www.meydan.tv\\\/az\\\/\",\"logo\":{\"@type\":\"ImageObject\",\"inLanguage\":\"az\",\"@id\":\"https:\\\/\\\/www.meydan.tv\\\/az\\\/#\\\/schema\\\/logo\\\/image\\\/\",\"url\":\"https:\\\/\\\/www.meydan.tv\\\/wp-content\\\/uploads\\\/2021\\\/07\\\/meydan-logo.svg\",\"contentUrl\":\"https:\\\/\\\/www.meydan.tv\\\/wp-content\\\/uploads\\\/2021\\\/07\\\/meydan-logo.svg\",\"width\":195,\"height\":46,\"caption\":\"Meydan TV\"},\"image\":{\"@id\":\"https:\\\/\\\/www.meydan.tv\\\/az\\\/#\\\/schema\\\/logo\\\/image\\\/\"}},{\"@type\":\"Person\",\"@id\":\"https:\\\/\\\/www.meydan.tv\\\/az\\\/#\\\/schema\\\/person\\\/9cdbecf90d17180ce1dfbd95b08dcf47\",\"name\":\"elli\",\"sameAs\":[\"https:\\\/\\\/x.com\\\/elli\"]}]}<\/script>\n<!-- \/ Yoast SEO plugin. -->","yoast_head_json":{"title":"Yeniyetm\u0259nin \u00f6l\u00fcm\u00fcnd\u0259 ekspertiza r\u0259yi: Yad cisim t\u0259n\u0259ff\u00fcs yoluna sill\u0259 n\u0259tic\u0259sind\u0259 d\u00fc\u015fm\u0259yib - MEYDAN.TV","robots":{"index":"index","follow":"follow","max-snippet":"max-snippet:-1","max-image-preview":"max-image-preview:large","max-video-preview":"max-video-preview:-1"},"canonical":"https:\/\/www.meydan.tv\/az\/article\/yeniyetmenin-olumunde-ekspertiza-reyi-yad-cisim-teneffus-yoluna-sille-neticesinde-dusmeyib\/","og_locale":"az_AZ","og_type":"article","og_title":"Yeniyetm\u0259nin \u00f6l\u00fcm\u00fcnd\u0259 ekspertiza r\u0259yi: Yad cisim t\u0259n\u0259ff\u00fcs yoluna sill\u0259 n\u0259tic\u0259sind\u0259 d\u00fc\u015fm\u0259yib - MEYDAN.TV","og_description":"Prokurorluq ara\u015fd\u0131rma apard\u0131\u011f\u0131n\u0131 deyir Sosial \u015f\u0259b\u0259k\u0259l\u0259rd\u0259 Ma\u015fta\u011fada yerl\u0259\u015f\u0259n Respublika Psixiatriya ... Davam\u0131","og_url":"https:\/\/www.meydan.tv\/az\/article\/yeniyetmenin-olumunde-ekspertiza-reyi-yad-cisim-teneffus-yoluna-sille-neticesinde-dusmeyib\/","og_site_name":"MEYDAN.TV","article_published_time":"2024-02-21T09:32:23+00:00","article_modified_time":"2024-02-21T09:32:27+00:00","og_image":[{"width":500,"height":367,"url":"https:\/\/www.meydan.tv\/wp-content\/uploads\/unnamed-9.jpg","type":"image\/jpeg"}],"author":"elli","twitter_card":"summary_large_image","twitter_creator":"@elli","schema":{"@context":"https:\/\/schema.org","@graph":[{"@type":"Article","@id":"https:\/\/www.meydan.tv\/az\/article\/yeniyetmenin-olumunde-ekspertiza-reyi-yad-cisim-teneffus-yoluna-sille-neticesinde-dusmeyib\/#article","isPartOf":{"@id":"https:\/\/www.meydan.tv\/az\/article\/yeniyetmenin-olumunde-ekspertiza-reyi-yad-cisim-teneffus-yoluna-sille-neticesinde-dusmeyib\/"},"author":{"name":"elli","@id":"https:\/\/www.meydan.tv\/az\/#\/schema\/person\/9cdbecf90d17180ce1dfbd95b08dcf47"},"headline":"Yeniyetm\u0259nin \u00f6l\u00fcm\u00fcnd\u0259 ekspertiza r\u0259yi: Yad cisim t\u0259n\u0259ff\u00fcs yoluna sill\u0259 n\u0259tic\u0259sind\u0259 d\u00fc\u015fm\u0259yib","datePublished":"2024-02-21T09:32:23+00:00","dateModified":"2024-02-21T09:32:27+00:00","mainEntityOfPage":{"@id":"https:\/\/www.meydan.tv\/az\/article\/yeniyetmenin-olumunde-ekspertiza-reyi-yad-cisim-teneffus-yoluna-sille-neticesinde-dusmeyib\/"},"wordCount":260,"publisher":{"@id":"https:\/\/www.meydan.tv\/az\/#organization"},"image":{"@id":"https:\/\/www.meydan.tv\/az\/article\/yeniyetmenin-olumunde-ekspertiza-reyi-yad-cisim-teneffus-yoluna-sille-neticesinde-dusmeyib\/#primaryimage"},"thumbnailUrl":"https:\/\/www.meydan.tv\/wp-content\/uploads\/unnamed-9.jpg","articleSection":["Sosial","X\u0259b\u0259rl\u0259r"],"inLanguage":"az"},{"@type":"WebPage","@id":"https:\/\/www.meydan.tv\/az\/article\/yeniyetmenin-olumunde-ekspertiza-reyi-yad-cisim-teneffus-yoluna-sille-neticesinde-dusmeyib\/","url":"https:\/\/www.meydan.tv\/az\/article\/yeniyetmenin-olumunde-ekspertiza-reyi-yad-cisim-teneffus-yoluna-sille-neticesinde-dusmeyib\/","name":"Yeniyetm\u0259nin \u00f6l\u00fcm\u00fcnd\u0259 ekspertiza r\u0259yi: Yad cisim t\u0259n\u0259ff\u00fcs yoluna sill\u0259 n\u0259tic\u0259sind\u0259 d\u00fc\u015fm\u0259yib - MEYDAN.TV","isPartOf":{"@id":"https:\/\/www.meydan.tv\/az\/#website"},"primaryImageOfPage":{"@id":"https:\/\/www.meydan.tv\/az\/article\/yeniyetmenin-olumunde-ekspertiza-reyi-yad-cisim-teneffus-yoluna-sille-neticesinde-dusmeyib\/#primaryimage"},"image":{"@id":"https:\/\/www.meydan.tv\/az\/article\/yeniyetmenin-olumunde-ekspertiza-reyi-yad-cisim-teneffus-yoluna-sille-neticesinde-dusmeyib\/#primaryimage"},"thumbnailUrl":"https:\/\/www.meydan.tv\/wp-content\/uploads\/unnamed-9.jpg","datePublished":"2024-02-21T09:32:23+00:00","dateModified":"2024-02-21T09:32:27+00:00","breadcrumb":{"@id":"https:\/\/www.meydan.tv\/az\/article\/yeniyetmenin-olumunde-ekspertiza-reyi-yad-cisim-teneffus-yoluna-sille-neticesinde-dusmeyib\/#breadcrumb"},"inLanguage":"az","potentialAction":[{"@type":"ReadAction","target":["https:\/\/www.meydan.tv\/az\/article\/yeniyetmenin-olumunde-ekspertiza-reyi-yad-cisim-teneffus-yoluna-sille-neticesinde-dusmeyib\/"]}]},{"@type":"ImageObject","inLanguage":"az","@id":"https:\/\/www.meydan.tv\/az\/article\/yeniyetmenin-olumunde-ekspertiza-reyi-yad-cisim-teneffus-yoluna-sille-neticesinde-dusmeyib\/#primaryimage","url":"https:\/\/www.meydan.tv\/wp-content\/uploads\/unnamed-9.jpg","contentUrl":"https:\/\/www.meydan.tv\/wp-content\/uploads\/unnamed-9.jpg","width":500,"height":367,"caption":"Respublika Psixiatriya X\u0259st\u0259xanas\u0131. Foto: Sabun\u00e7u Rayon \u0130cra Hakimiyy\u0259ti"},{"@type":"BreadcrumbList","@id":"https:\/\/www.meydan.tv\/az\/article\/yeniyetmenin-olumunde-ekspertiza-reyi-yad-cisim-teneffus-yoluna-sille-neticesinde-dusmeyib\/#breadcrumb","itemListElement":[{"@type":"ListItem","position":1,"name":"Ana s\u0259hif\u0259","item":"https:\/\/www.meydan.tv\/az\/"},{"@type":"ListItem","position":2,"name":"Sosial","item":"https:\/\/www.meydan.tv\/az\/section\/sosial\/"},{"@type":"ListItem","position":3,"name":"Yeniyetm\u0259nin \u00f6l\u00fcm\u00fcnd\u0259 ekspertiza r\u0259yi: Yad cisim t\u0259n\u0259ff\u00fcs yoluna sill\u0259 n\u0259tic\u0259sind\u0259 d\u00fc\u015fm\u0259yib"}]},{"@type":"WebSite","@id":"https:\/\/www.meydan.tv\/az\/#website","url":"https:\/\/www.meydan.tv\/az\/","name":"MEYDAN.TV","description":"Meydan TV Az\u0259rbaycan\u0131n media m\u0259kan\u0131ndak\u0131 alternativ s\u0259sidir","publisher":{"@id":"https:\/\/www.meydan.tv\/az\/#organization"},"potentialAction":[{"@type":"SearchAction","target":{"@type":"EntryPoint","urlTemplate":"https:\/\/www.meydan.tv\/az\/?s={search_term_string}"},"query-input":{"@type":"PropertyValueSpecification","valueRequired":true,"valueName":"search_term_string"}}],"inLanguage":"az"},{"@type":"Organization","@id":"https:\/\/www.meydan.tv\/az\/#organization","name":"Meydan TV","url":"https:\/\/www.meydan.tv\/az\/","logo":{"@type":"ImageObject","inLanguage":"az","@id":"https:\/\/www.meydan.tv\/az\/#\/schema\/logo\/image\/","url":"https:\/\/www.meydan.tv\/wp-content\/uploads\/2021\/07\/meydan-logo.svg","contentUrl":"https:\/\/www.meydan.tv\/wp-content\/uploads\/2021\/07\/meydan-logo.svg","width":195,"height":46,"caption":"Meydan TV"},"image":{"@id":"https:\/\/www.meydan.tv\/az\/#\/schema\/logo\/image\/"}},{"@type":"Person","@id":"https:\/\/www.meydan.tv\/az\/#\/schema\/person\/9cdbecf90d17180ce1dfbd95b08dcf47","name":"elli","sameAs":["https:\/\/x.com\/elli"]}]}},"_links":{"self":[{"href":"https:\/\/www.meydan.tv\/az\/wp-json\/wp\/v2\/posts\/299552","targetHints":{"allow":["GET"]}}],"collection":[{"href":"https:\/\/www.meydan.tv\/az\/wp-json\/wp\/v2\/posts"}],"about":[{"href":"https:\/\/www.meydan.tv\/az\/wp-json\/wp\/v2\/types\/post"}],"author":[{"embeddable":true,"href":"https:\/\/www.meydan.tv\/az\/wp-json\/wp\/v2\/users\/8"}],"replies":[{"embeddable":true,"href":"https:\/\/www.meydan.tv\/az\/wp-json\/wp\/v2\/comments?post=299552"}],"version-history":[{"count":3,"href":"https:\/\/www.meydan.tv\/az\/wp-json\/wp\/v2\/posts\/299552\/revisions"}],"predecessor-version":[{"id":299560,"href":"https:\/\/www.meydan.tv\/az\/wp-json\/wp\/v2\/posts\/299552\/revisions\/299560"}],"wp:featuredmedia":[{"embeddable":true,"href":"https:\/\/www.meydan.tv\/az\/wp-json\/wp\/v2\/media\/299561"}],"wp:attachment":[{"href":"https:\/\/www.meydan.tv\/az\/wp-json\/wp\/v2\/media?parent=299552"}],"wp:term":[{"taxonomy":"category","embeddable":true,"href":"https:\/\/www.meydan.tv\/az\/wp-json\/wp\/v2\/categories?post=299552"},{"taxonomy":"post_tag","embeddable":true,"href":"https:\/\/www.meydan.tv\/az\/wp-json\/wp\/v2\/tags?post=299552"}],"curies":[{"name":"wp","href":"https:\/\/api.w.org\/{rel}","templated":true}]}}