{"id":299549,"date":"2024-02-21T13:26:14","date_gmt":"2024-02-21T09:26:14","guid":{"rendered":"https:\/\/www.meydan.tv\/?p=299549"},"modified":"2024-02-21T15:45:34","modified_gmt":"2024-02-21T11:45:34","slug":"kamil-zeynallinin-moskvada-saxlanildigi-bildirilir","status":"publish","type":"post","link":"https:\/\/www.meydan.tv\/az\/article\/kamil-zeynallinin-moskvada-saxlanildigi-bildirilir\/","title":{"rendered":"Kamil Zeynall\u0131n\u0131n Moskvada saxlan\u0131ld\u0131\u011f\u0131 bildirilir (yenil\u0259nib)"},"content":{"rendered":"\n<figure class=\"wp-block-embed is-type-video is-provider-youtube wp-block-embed-youtube wp-embed-aspect-16-9 wp-has-aspect-ratio\"><div class=\"wp-block-embed__wrapper\">\n<iframe title=\"\u0130dman\u00e7\u0131 Kamil Zeynall\u0131 Rusiyada saxlan\u0131l\u0131b\" width=\"1200\" height=\"675\" data-src=\"https:\/\/www.youtube.com\/embed\/JzgjYAc1TRg?feature=oembed\" frameborder=\"0\" allow=\"accelerometer; autoplay; clipboard-write; encrypted-media; gyroscope; picture-in-picture; web-share\" allowfullscreen src=\"data:image\/svg+xml;base64,PHN2ZyB3aWR0aD0iMSIgaGVpZ2h0PSIxIiB4bWxucz0iaHR0cDovL3d3dy53My5vcmcvMjAwMC9zdmciPjwvc3ZnPg==\" class=\"lazyload\" data-load-mode=\"1\"><\/iframe>\n<\/div><\/figure>\n\n\n\n<p><\/p>\n\n\n\n<p><strong><em>Moskvan\u0131n &#8220;Domodedovo\u201d hava liman\u0131nda saxlan\u0131lan az\u0259rbaycanl\u0131 idman\u00e7\u0131 Kamil Zeynall\u0131 s\u0259rb\u0259st burax\u0131l\u0131b.<\/em><\/strong><\/p>\n\n\n\n<p>Bu bar\u0259d\u0259 v\u0259kil \u018fl\u0259kb\u0259r Qarayev m\u0259lumat yay\u0131b.<\/p>\n\n\n\n<p>Onun s\u00f6zl\u0259rin\u0259 g\u00f6r\u0259, Kamil Zeynall\u0131 Az\u0259rbaycan d\u00f6vl\u0259tinin t\u0259kidi il\u0259 azadl\u0131\u011fa burax\u0131l\u0131b.<\/p>\n\n\n\n<p>Onun bu g\u00fcn \u00f6lk\u0259y\u0259 qay\u0131daca\u011f\u0131 bildirilir.<\/p>\n\n\n\n<hr class=\"wp-block-separator has-alpha-channel-opacity\"\/>\n\n\n\n<p><strong><em>Onun sabah m\u0259hk\u0259m\u0259 qar\u015f\u0131s\u0131na \u00e7\u0131xar\u0131laca\u011f\u0131 deyilir<\/em><\/strong><\/p>\n\n\n\n<p>Fitnes-trener Kamil Zeynall\u0131n\u0131n Erm\u0259nistan\u0131n t\u0259l\u0259bi il\u0259 Moskvan\u0131n \u201cDomodedovo\u201d hava liman\u0131nda h\u0259bs edildiyi bildirilir.<\/p>\n\n\n\n<p>Kamil Zeynall\u0131 \u201c\u0130nstagram\u201d s\u0259hif\u0259sind\u0259 video payla\u015faraq bu haqda m\u0259lumat <a href=\"https:\/\/www.instagram.com\/p\/C3lYFzLCNYg\/\">verib.<\/a><\/p>\n\n\n\n<p><em>&#8220;Fevral\u0131n 21-d\u0259 gec\u0259 saat 1 rad\u0259l\u0259rind\u0259 Rusiyadan Az\u0259rbaycana qay\u0131dark\u0259n aeroportda saxlan\u0131ld\u0131m. M\u0259n\u0259 deyirl\u0259r ki, ya s\u0259ni Erm\u0259nistana t\u0259hvil ver\u0259c\u0259yik. Ya da onlar g\u0259lib, s\u0259ni bizd\u0259n g\u00f6t\u00fcr\u0259c\u0259kl\u0259r. Sabah m\u0259ni m\u0259hk\u0259m\u0259y\u0259 \u00e7\u0131xaracaqlar&#8221;<\/em>, &#8211; Kamil Zeynall\u0131 bildirib.<\/p>\n\n\n\n<p>Trenerin s\u00f6zl\u0259rin\u0259 g\u00f6r\u0259, Rusiya polis b\u00f6lm\u0259sinin \u0259m\u0259kda\u015flar\u0131 onun Erm\u0259nistan t\u0259r\u0259find\u0259n 2023-c\u00fc ilin may\u0131ndan axtar\u0131\u015fa verildiyini, bu s\u0259b\u0259bd\u0259n saxlan\u0131ld\u0131\u011f\u0131n\u0131 deyibl\u0259r:<\/p>\n\n\n\n<p><em>&#8220;M\u0259n may ay\u0131ndan b\u0259ri \u00fc\u00e7 d\u0259f\u0259 Rusiyaya u\u00e7mu\u015fam v\u0259 indiy\u0259 q\u0259d\u0259r saxlan\u0131lmam\u0131\u015fam. \u00dcmid edir\u0259m ki, aidiyy\u0259ti qurumlar\u0131m\u0131z m\u0259n\u0259 d\u0259st\u0259k olarlar. M\u0259ni onlara t\u0259hvil verm\u0259y\u0259 qoymazlar&#8221;<\/em>.<\/p>\n\n\n\n<p>Az\u0259rbaycan\u0131n Rusiyadak\u0131 f\u00f6vq\u0259lad\u0259 v\u0259 s\u0259lahiyy\u0259tli s\u0259firi Polad B\u00fclb\u00fclo\u011flu bildirib ki, Kamil Zeynall\u0131 M\u00fcst\u0259qil D\u00f6vl\u0259tl\u0259r Birliyi (MDB) \u00e7\u0259r\u00e7iv\u0259sind\u0259 2023-c\u00fc ilin may\u0131nda Erm\u0259nistan\u0131n ir\u0259li s\u00fcrd\u00fcy\u00fc t\u0259l\u0259b \u0259sas\u0131nda <a href=\"https:\/\/qafqazinfo.az\/news\/detail\/kamilin-ermenistanin-sorgusu-ile-tutuldugu-tesdiqlendi-yenilenib-427828\">saxlan\u0131l\u0131b.<\/a><\/p>\n\n\n\n<p>S\u0259firin s\u00f6zl\u0259rin\u0259 g\u00f6r\u0259, Erm\u0259nistan t\u0259r\u0259fi onu Cinay\u0259t M\u0259c\u0259ll\u0259sinin bir s\u0131ra madd\u0259l\u0259ri il\u0259 ittiham edir:<\/p>\n\n\n\n<p>&#8220;<em>Moskva vaxt\u0131 il\u0259 t\u0259qrib\u0259n gec\u0259 saat 3-d\u0259 onunla \u015f\u0259xs\u0259n telefonla dan\u0131\u015fd\u0131m v\u0259 S\u0259firliyin art\u0131q onun m\u0259s\u0259l\u0259si il\u0259 m\u0259\u015f\u011ful oldu\u011fu bar\u0259d\u0259 m\u0259lumatland\u0131rd\u0131m. Kamil Zeynall\u0131n\u0131n Erm\u0259nistan\u0131n sor\u011fusu \u0259sas\u0131nda saxlan\u0131lmas\u0131 o dem\u0259k deyil ki, onu t\u0259yyar\u0259y\u0259 \u0259yl\u0259\u015fdir\u0259c\u0259kl\u0259r v\u0259 d\u0259rhal Yerevana g\u00f6nd\u0259r\u0259c\u0259kl\u0259r. \u0130ndi biz m\u0259hk\u0259m\u0259nin q\u0259rar\u0131n\u0131 g\u00f6zl\u0259yirik, o, erm\u0259ni t\u0259r\u0259finin t\u0259l\u0259binin n\u0259 d\u0259r\u0259c\u0259d\u0259 \u0259sasl\u0131 oldu\u011funu ara\u015fd\u0131racaq&#8221;.<\/em><\/p>\n\n\n\n<p>Az\u0259rbaycan Xarici \u0130\u015fl\u0259r Nazirliyi (X\u0130N) d\u0259 m\u0259s\u0259l\u0259 il\u0259 ba\u011fl\u0131 a\u00e7\u0131qlama <a href=\"https:\/\/apa.az\/xarici-siyaset\/xin-kamil-zeynallinin-saxlanilmasi-ile-bagli-mesele-rusiyadaki-azerbaycan-sefirliyinin-nezareti-altindadir-822585?locale=az\">yay\u0131b.<\/a><\/p>\n\n\n\n<p>Bildirilir ki, Kamil Zeynall\u0131n\u0131n Moskvan\u0131n &#8220;Domodedovo&#8221; hava liman\u0131nda saxlan\u0131lmas\u0131 il\u0259 ba\u011fl\u0131 m\u0259s\u0259l\u0259 Rusiyadak\u0131 Az\u0259rbaycan s\u0259firliyinin n\u0259zar\u0259ti alt\u0131ndad\u0131r.<\/p>\n\n\n\n<p>Nazirlik vur\u011fulay\u0131b ki, Kamil Zeynall\u0131ya m\u00fcvafiq konsulluq-h\u00fcquqi yard\u0131m g\u00f6st\u0259rilir.<\/p>\n\n\n\n<p>Az\u0259rbaycan medias\u0131 yaz\u0131r ki, Kamil Zeynall\u0131 Erm\u0259nistan Cinay\u0259t M\u0259c\u0259ll\u0259sinin 135 (\u0130nsanl\u0131\u011fa qar\u015f\u0131 cinay\u0259tl\u0259r), 137 (M\u00fcharib\u0259 cinay\u0259tl\u0259ri), 140 (M\u00fcharib\u0259 aparmaq \u00fc\u00e7\u00fcn qada\u011fan olunmu\u015f \u00fcsullardan istifad\u0259 ed\u0259n h\u0259rbi cinay\u0259tl\u0259r), 147 (Muzdlu c\u0259lb etm\u0259k) v\u0259 149-cu (T\u0259cav\u00fcz) madd\u0259l\u0259ri il\u0259 ittiham <a href=\"https:\/\/musavat.com\/news\/kamil-zeynallinin-mehkemesinin-vaxti-bilindi-itiham-olundugu-maddeler_1046615.html\">olunur.<\/a><\/p>\n\n\n\n<p>Kamil Zeynall\u0131n\u0131n m\u0259hk\u0259m\u0259sinin is\u0259 sabah ke\u00e7iril\u0259c\u0259yi bildirilir.<\/p>\n\n\n\n<p>Erm\u0259nistan m\u0259tbuat\u0131 is\u0259 yaz\u0131r ki, 2020-ci ild\u0259 &#8220;Artsax&#8221;da (Qaraba\u011f) erm\u0259ninin ba\u015f\u0131n\u0131 k\u0259s\u0259n, \u015f\u0259klini \u00e7\u0259kib sosial \u015f\u0259b\u0259k\u0259l\u0259rd\u0259 yerl\u0259\u015fdir\u0259n az\u0259rbaycanl\u0131 bloger \u201cDomodedovo\u201d hava liman\u0131nda <a href=\"https:\/\/www.aysor.am\/ru\/news\/2024\/02\/21\/%D0%9F%D1%80%D0%BE%D0%BA%D1%83%D1%80%D0%B0%D1%82%D1%83%D1%80%D0%B0\/2231807\">saxlan\u0131l\u0131b.<\/a><\/p>\n\n\n\n<p>Erm\u0259nistan Ba\u015f Prokurorlu\u011fu Kamil Zeynall\u0131n\u0131n onlar\u0131n t\u0259l\u0259bi il\u0259 saxlan\u0131lmas\u0131n\u0131 t\u0259sdiql\u0259m\u0259yib.<\/p>\n\n\n\n<p><em>&#8220;Prokurorlu\u011fun bel\u0259 bir r\u0259smi m\u0259lumat\u0131 yoxdur&#8221;, <\/em>&#8211; Erm\u0259nistan Ba\u015f Prokurorlu\u011fundan bildirilib.<\/p>\n\n\n\n<p><\/p>\n\n\n\n<p><\/p>\n","protected":false},"excerpt":{"rendered":"<p>Moskvan\u0131n &#8220;Domodedovo\u201d hava liman\u0131nda saxlan\u0131lan az\u0259rbaycanl\u0131 idman\u00e7\u0131 Kamil Zeynall\u0131 s\u0259rb\u0259st &#8230; <\/p>\n<p class=\"read-more-container\"><a title=\"Kamil Zeynall\u0131n\u0131n Moskvada saxlan\u0131ld\u0131\u011f\u0131 bildirilir (yenil\u0259nib)\" class=\"read-more button\" href=\"https:\/\/www.meydan.tv\/az\/article\/kamil-zeynallinin-moskvada-saxlanildigi-bildirilir\/#more-299549\" aria-label=\"Read more about Kamil Zeynall\u0131n\u0131n Moskvada saxlan\u0131ld\u0131\u011f\u0131 bildirilir (yenil\u0259nib)\">Davam\u0131<\/a><\/p>\n","protected":false},"author":8,"featured_media":141746,"comment_status":"closed","ping_status":"closed","sticky":false,"template":"","format":"standard","meta":{"_acf_changed":false,"_sitemap_exclude":false,"_sitemap_priority":"","_sitemap_frequency":"","footnotes":""},"categories":[59,63,56],"tags":[],"class_list":["post-299549","post","type-post","status-publish","format-standard","has-post-thumbnail","hentry","category-siyaset","category-video-2","category-xeberler","infinite-scroll-item","generate-columns","tablet-grid-50","mobile-grid-100","grid-parent","grid-33","no-featured-image-padding"],"acf":[],"yoast_head":"<!-- This site is optimized with the Yoast SEO plugin v27.4 - https:\/\/yoast.com\/product\/yoast-seo-wordpress\/ -->\n<title>Kamil Zeynall\u0131n\u0131n Moskvada saxlan\u0131ld\u0131\u011f\u0131 bildirilir (yenil\u0259nib) - MEYDAN.TV<\/title>\n<meta name=\"robots\" content=\"index, follow, max-snippet:-1, max-image-preview:large, max-video-preview:-1\" \/>\n<link rel=\"canonical\" href=\"https:\/\/www.meydan.tv\/az\/article\/kamil-zeynallinin-moskvada-saxlanildigi-bildirilir\/\" \/>\n<meta property=\"og:locale\" content=\"az_AZ\" \/>\n<meta property=\"og:type\" content=\"article\" \/>\n<meta property=\"og:title\" content=\"Kamil Zeynall\u0131n\u0131n Moskvada saxlan\u0131ld\u0131\u011f\u0131 bildirilir (yenil\u0259nib) - MEYDAN.TV\" \/>\n<meta property=\"og:description\" content=\"Moskvan\u0131n &#8220;Domodedovo\u201d hava liman\u0131nda saxlan\u0131lan az\u0259rbaycanl\u0131 idman\u00e7\u0131 Kamil Zeynall\u0131 s\u0259rb\u0259st ... Davam\u0131\" \/>\n<meta property=\"og:url\" content=\"https:\/\/www.meydan.tv\/az\/article\/kamil-zeynallinin-moskvada-saxlanildigi-bildirilir\/\" \/>\n<meta property=\"og:site_name\" content=\"MEYDAN.TV\" \/>\n<meta property=\"article:published_time\" content=\"2024-02-21T09:26:14+00:00\" \/>\n<meta property=\"article:modified_time\" content=\"2024-02-21T11:45:34+00:00\" \/>\n<meta property=\"og:image\" content=\"https:\/\/www.meydan.tv\/wp-content\/uploads\/untitled_design__2__mjy6grr-e1708506427735.png\" \/>\n\t<meta property=\"og:image:width\" content=\"1200\" \/>\n\t<meta property=\"og:image:height\" content=\"594\" \/>\n\t<meta property=\"og:image:type\" content=\"image\/png\" \/>\n<meta name=\"author\" content=\"elli\" \/>\n<meta name=\"twitter:card\" content=\"summary_large_image\" \/>\n<meta name=\"twitter:creator\" content=\"@elli\" \/>\n<script type=\"application\/ld+json\" class=\"yoast-schema-graph\">{\"@context\":\"https:\\\/\\\/schema.org\",\"@graph\":[{\"@type\":\"Article\",\"@id\":\"https:\\\/\\\/www.meydan.tv\\\/az\\\/article\\\/kamil-zeynallinin-moskvada-saxlanildigi-bildirilir\\\/#article\",\"isPartOf\":{\"@id\":\"https:\\\/\\\/www.meydan.tv\\\/az\\\/article\\\/kamil-zeynallinin-moskvada-saxlanildigi-bildirilir\\\/\"},\"author\":{\"name\":\"elli\",\"@id\":\"https:\\\/\\\/www.meydan.tv\\\/az\\\/#\\\/schema\\\/person\\\/9cdbecf90d17180ce1dfbd95b08dcf47\"},\"headline\":\"Kamil Zeynall\u0131n\u0131n Moskvada saxlan\u0131ld\u0131\u011f\u0131 bildirilir (yenil\u0259nib)\",\"datePublished\":\"2024-02-21T09:26:14+00:00\",\"dateModified\":\"2024-02-21T11:45:34+00:00\",\"mainEntityOfPage\":{\"@id\":\"https:\\\/\\\/www.meydan.tv\\\/az\\\/article\\\/kamil-zeynallinin-moskvada-saxlanildigi-bildirilir\\\/\"},\"wordCount\":673,\"publisher\":{\"@id\":\"https:\\\/\\\/www.meydan.tv\\\/az\\\/#organization\"},\"image\":{\"@id\":\"https:\\\/\\\/www.meydan.tv\\\/az\\\/article\\\/kamil-zeynallinin-moskvada-saxlanildigi-bildirilir\\\/#primaryimage\"},\"thumbnailUrl\":\"https:\\\/\\\/www.meydan.tv\\\/wp-content\\\/uploads\\\/untitled_design__2__mjy6grr-e1708506427735.png\",\"articleSection\":[\"Siyas\u0259t\",\"Video\",\"X\u0259b\u0259rl\u0259r\"],\"inLanguage\":\"az\"},{\"@type\":\"WebPage\",\"@id\":\"https:\\\/\\\/www.meydan.tv\\\/az\\\/article\\\/kamil-zeynallinin-moskvada-saxlanildigi-bildirilir\\\/\",\"url\":\"https:\\\/\\\/www.meydan.tv\\\/az\\\/article\\\/kamil-zeynallinin-moskvada-saxlanildigi-bildirilir\\\/\",\"name\":\"Kamil Zeynall\u0131n\u0131n Moskvada saxlan\u0131ld\u0131\u011f\u0131 bildirilir (yenil\u0259nib) - MEYDAN.TV\",\"isPartOf\":{\"@id\":\"https:\\\/\\\/www.meydan.tv\\\/az\\\/#website\"},\"primaryImageOfPage\":{\"@id\":\"https:\\\/\\\/www.meydan.tv\\\/az\\\/article\\\/kamil-zeynallinin-moskvada-saxlanildigi-bildirilir\\\/#primaryimage\"},\"image\":{\"@id\":\"https:\\\/\\\/www.meydan.tv\\\/az\\\/article\\\/kamil-zeynallinin-moskvada-saxlanildigi-bildirilir\\\/#primaryimage\"},\"thumbnailUrl\":\"https:\\\/\\\/www.meydan.tv\\\/wp-content\\\/uploads\\\/untitled_design__2__mjy6grr-e1708506427735.png\",\"datePublished\":\"2024-02-21T09:26:14+00:00\",\"dateModified\":\"2024-02-21T11:45:34+00:00\",\"breadcrumb\":{\"@id\":\"https:\\\/\\\/www.meydan.tv\\\/az\\\/article\\\/kamil-zeynallinin-moskvada-saxlanildigi-bildirilir\\\/#breadcrumb\"},\"inLanguage\":\"az\",\"potentialAction\":[{\"@type\":\"ReadAction\",\"target\":[\"https:\\\/\\\/www.meydan.tv\\\/az\\\/article\\\/kamil-zeynallinin-moskvada-saxlanildigi-bildirilir\\\/\"]}]},{\"@type\":\"ImageObject\",\"inLanguage\":\"az\",\"@id\":\"https:\\\/\\\/www.meydan.tv\\\/az\\\/article\\\/kamil-zeynallinin-moskvada-saxlanildigi-bildirilir\\\/#primaryimage\",\"url\":\"https:\\\/\\\/www.meydan.tv\\\/wp-content\\\/uploads\\\/untitled_design__2__mjy6grr-e1708506427735.png\",\"contentUrl\":\"https:\\\/\\\/www.meydan.tv\\\/wp-content\\\/uploads\\\/untitled_design__2__mjy6grr-e1708506427735.png\",\"width\":1200,\"height\":594,\"caption\":\"Foto: Meydan TV\"},{\"@type\":\"BreadcrumbList\",\"@id\":\"https:\\\/\\\/www.meydan.tv\\\/az\\\/article\\\/kamil-zeynallinin-moskvada-saxlanildigi-bildirilir\\\/#breadcrumb\",\"itemListElement\":[{\"@type\":\"ListItem\",\"position\":1,\"name\":\"Ana s\u0259hif\u0259\",\"item\":\"https:\\\/\\\/www.meydan.tv\\\/az\\\/\"},{\"@type\":\"ListItem\",\"position\":2,\"name\":\"Siyas\u0259t\",\"item\":\"https:\\\/\\\/www.meydan.tv\\\/az\\\/section\\\/siyaset\\\/\"},{\"@type\":\"ListItem\",\"position\":3,\"name\":\"Kamil Zeynall\u0131n\u0131n Moskvada saxlan\u0131ld\u0131\u011f\u0131 bildirilir (yenil\u0259nib)\"}]},{\"@type\":\"WebSite\",\"@id\":\"https:\\\/\\\/www.meydan.tv\\\/az\\\/#website\",\"url\":\"https:\\\/\\\/www.meydan.tv\\\/az\\\/\",\"name\":\"MEYDAN.TV\",\"description\":\"Meydan TV Az\u0259rbaycan\u0131n media m\u0259kan\u0131ndak\u0131 alternativ s\u0259sidir\",\"publisher\":{\"@id\":\"https:\\\/\\\/www.meydan.tv\\\/az\\\/#organization\"},\"potentialAction\":[{\"@type\":\"SearchAction\",\"target\":{\"@type\":\"EntryPoint\",\"urlTemplate\":\"https:\\\/\\\/www.meydan.tv\\\/az\\\/?s={search_term_string}\"},\"query-input\":{\"@type\":\"PropertyValueSpecification\",\"valueRequired\":true,\"valueName\":\"search_term_string\"}}],\"inLanguage\":\"az\"},{\"@type\":\"Organization\",\"@id\":\"https:\\\/\\\/www.meydan.tv\\\/az\\\/#organization\",\"name\":\"Meydan TV\",\"url\":\"https:\\\/\\\/www.meydan.tv\\\/az\\\/\",\"logo\":{\"@type\":\"ImageObject\",\"inLanguage\":\"az\",\"@id\":\"https:\\\/\\\/www.meydan.tv\\\/az\\\/#\\\/schema\\\/logo\\\/image\\\/\",\"url\":\"https:\\\/\\\/www.meydan.tv\\\/wp-content\\\/uploads\\\/2021\\\/07\\\/meydan-logo.svg\",\"contentUrl\":\"https:\\\/\\\/www.meydan.tv\\\/wp-content\\\/uploads\\\/2021\\\/07\\\/meydan-logo.svg\",\"width\":195,\"height\":46,\"caption\":\"Meydan TV\"},\"image\":{\"@id\":\"https:\\\/\\\/www.meydan.tv\\\/az\\\/#\\\/schema\\\/logo\\\/image\\\/\"}},{\"@type\":\"Person\",\"@id\":\"https:\\\/\\\/www.meydan.tv\\\/az\\\/#\\\/schema\\\/person\\\/9cdbecf90d17180ce1dfbd95b08dcf47\",\"name\":\"elli\",\"sameAs\":[\"https:\\\/\\\/x.com\\\/elli\"]}]}<\/script>\n<!-- \/ Yoast SEO plugin. -->","yoast_head_json":{"title":"Kamil Zeynall\u0131n\u0131n Moskvada saxlan\u0131ld\u0131\u011f\u0131 bildirilir (yenil\u0259nib) - MEYDAN.TV","robots":{"index":"index","follow":"follow","max-snippet":"max-snippet:-1","max-image-preview":"max-image-preview:large","max-video-preview":"max-video-preview:-1"},"canonical":"https:\/\/www.meydan.tv\/az\/article\/kamil-zeynallinin-moskvada-saxlanildigi-bildirilir\/","og_locale":"az_AZ","og_type":"article","og_title":"Kamil Zeynall\u0131n\u0131n Moskvada saxlan\u0131ld\u0131\u011f\u0131 bildirilir (yenil\u0259nib) - MEYDAN.TV","og_description":"Moskvan\u0131n &#8220;Domodedovo\u201d hava liman\u0131nda saxlan\u0131lan az\u0259rbaycanl\u0131 idman\u00e7\u0131 Kamil Zeynall\u0131 s\u0259rb\u0259st ... Davam\u0131","og_url":"https:\/\/www.meydan.tv\/az\/article\/kamil-zeynallinin-moskvada-saxlanildigi-bildirilir\/","og_site_name":"MEYDAN.TV","article_published_time":"2024-02-21T09:26:14+00:00","article_modified_time":"2024-02-21T11:45:34+00:00","og_image":[{"width":1200,"height":594,"url":"https:\/\/www.meydan.tv\/wp-content\/uploads\/untitled_design__2__mjy6grr-e1708506427735.png","type":"image\/png"}],"author":"elli","twitter_card":"summary_large_image","twitter_creator":"@elli","schema":{"@context":"https:\/\/schema.org","@graph":[{"@type":"Article","@id":"https:\/\/www.meydan.tv\/az\/article\/kamil-zeynallinin-moskvada-saxlanildigi-bildirilir\/#article","isPartOf":{"@id":"https:\/\/www.meydan.tv\/az\/article\/kamil-zeynallinin-moskvada-saxlanildigi-bildirilir\/"},"author":{"name":"elli","@id":"https:\/\/www.meydan.tv\/az\/#\/schema\/person\/9cdbecf90d17180ce1dfbd95b08dcf47"},"headline":"Kamil Zeynall\u0131n\u0131n Moskvada saxlan\u0131ld\u0131\u011f\u0131 bildirilir (yenil\u0259nib)","datePublished":"2024-02-21T09:26:14+00:00","dateModified":"2024-02-21T11:45:34+00:00","mainEntityOfPage":{"@id":"https:\/\/www.meydan.tv\/az\/article\/kamil-zeynallinin-moskvada-saxlanildigi-bildirilir\/"},"wordCount":673,"publisher":{"@id":"https:\/\/www.meydan.tv\/az\/#organization"},"image":{"@id":"https:\/\/www.meydan.tv\/az\/article\/kamil-zeynallinin-moskvada-saxlanildigi-bildirilir\/#primaryimage"},"thumbnailUrl":"https:\/\/www.meydan.tv\/wp-content\/uploads\/untitled_design__2__mjy6grr-e1708506427735.png","articleSection":["Siyas\u0259t","Video","X\u0259b\u0259rl\u0259r"],"inLanguage":"az"},{"@type":"WebPage","@id":"https:\/\/www.meydan.tv\/az\/article\/kamil-zeynallinin-moskvada-saxlanildigi-bildirilir\/","url":"https:\/\/www.meydan.tv\/az\/article\/kamil-zeynallinin-moskvada-saxlanildigi-bildirilir\/","name":"Kamil Zeynall\u0131n\u0131n Moskvada saxlan\u0131ld\u0131\u011f\u0131 bildirilir (yenil\u0259nib) - MEYDAN.TV","isPartOf":{"@id":"https:\/\/www.meydan.tv\/az\/#website"},"primaryImageOfPage":{"@id":"https:\/\/www.meydan.tv\/az\/article\/kamil-zeynallinin-moskvada-saxlanildigi-bildirilir\/#primaryimage"},"image":{"@id":"https:\/\/www.meydan.tv\/az\/article\/kamil-zeynallinin-moskvada-saxlanildigi-bildirilir\/#primaryimage"},"thumbnailUrl":"https:\/\/www.meydan.tv\/wp-content\/uploads\/untitled_design__2__mjy6grr-e1708506427735.png","datePublished":"2024-02-21T09:26:14+00:00","dateModified":"2024-02-21T11:45:34+00:00","breadcrumb":{"@id":"https:\/\/www.meydan.tv\/az\/article\/kamil-zeynallinin-moskvada-saxlanildigi-bildirilir\/#breadcrumb"},"inLanguage":"az","potentialAction":[{"@type":"ReadAction","target":["https:\/\/www.meydan.tv\/az\/article\/kamil-zeynallinin-moskvada-saxlanildigi-bildirilir\/"]}]},{"@type":"ImageObject","inLanguage":"az","@id":"https:\/\/www.meydan.tv\/az\/article\/kamil-zeynallinin-moskvada-saxlanildigi-bildirilir\/#primaryimage","url":"https:\/\/www.meydan.tv\/wp-content\/uploads\/untitled_design__2__mjy6grr-e1708506427735.png","contentUrl":"https:\/\/www.meydan.tv\/wp-content\/uploads\/untitled_design__2__mjy6grr-e1708506427735.png","width":1200,"height":594,"caption":"Foto: Meydan TV"},{"@type":"BreadcrumbList","@id":"https:\/\/www.meydan.tv\/az\/article\/kamil-zeynallinin-moskvada-saxlanildigi-bildirilir\/#breadcrumb","itemListElement":[{"@type":"ListItem","position":1,"name":"Ana s\u0259hif\u0259","item":"https:\/\/www.meydan.tv\/az\/"},{"@type":"ListItem","position":2,"name":"Siyas\u0259t","item":"https:\/\/www.meydan.tv\/az\/section\/siyaset\/"},{"@type":"ListItem","position":3,"name":"Kamil Zeynall\u0131n\u0131n Moskvada saxlan\u0131ld\u0131\u011f\u0131 bildirilir (yenil\u0259nib)"}]},{"@type":"WebSite","@id":"https:\/\/www.meydan.tv\/az\/#website","url":"https:\/\/www.meydan.tv\/az\/","name":"MEYDAN.TV","description":"Meydan TV Az\u0259rbaycan\u0131n media m\u0259kan\u0131ndak\u0131 alternativ s\u0259sidir","publisher":{"@id":"https:\/\/www.meydan.tv\/az\/#organization"},"potentialAction":[{"@type":"SearchAction","target":{"@type":"EntryPoint","urlTemplate":"https:\/\/www.meydan.tv\/az\/?s={search_term_string}"},"query-input":{"@type":"PropertyValueSpecification","valueRequired":true,"valueName":"search_term_string"}}],"inLanguage":"az"},{"@type":"Organization","@id":"https:\/\/www.meydan.tv\/az\/#organization","name":"Meydan TV","url":"https:\/\/www.meydan.tv\/az\/","logo":{"@type":"ImageObject","inLanguage":"az","@id":"https:\/\/www.meydan.tv\/az\/#\/schema\/logo\/image\/","url":"https:\/\/www.meydan.tv\/wp-content\/uploads\/2021\/07\/meydan-logo.svg","contentUrl":"https:\/\/www.meydan.tv\/wp-content\/uploads\/2021\/07\/meydan-logo.svg","width":195,"height":46,"caption":"Meydan TV"},"image":{"@id":"https:\/\/www.meydan.tv\/az\/#\/schema\/logo\/image\/"}},{"@type":"Person","@id":"https:\/\/www.meydan.tv\/az\/#\/schema\/person\/9cdbecf90d17180ce1dfbd95b08dcf47","name":"elli","sameAs":["https:\/\/x.com\/elli"]}]}},"_links":{"self":[{"href":"https:\/\/www.meydan.tv\/az\/wp-json\/wp\/v2\/posts\/299549","targetHints":{"allow":["GET"]}}],"collection":[{"href":"https:\/\/www.meydan.tv\/az\/wp-json\/wp\/v2\/posts"}],"about":[{"href":"https:\/\/www.meydan.tv\/az\/wp-json\/wp\/v2\/types\/post"}],"author":[{"embeddable":true,"href":"https:\/\/www.meydan.tv\/az\/wp-json\/wp\/v2\/users\/8"}],"replies":[{"embeddable":true,"href":"https:\/\/www.meydan.tv\/az\/wp-json\/wp\/v2\/comments?post=299549"}],"version-history":[{"count":7,"href":"https:\/\/www.meydan.tv\/az\/wp-json\/wp\/v2\/posts\/299549\/revisions"}],"predecessor-version":[{"id":299579,"href":"https:\/\/www.meydan.tv\/az\/wp-json\/wp\/v2\/posts\/299549\/revisions\/299579"}],"wp:featuredmedia":[{"embeddable":true,"href":"https:\/\/www.meydan.tv\/az\/wp-json\/wp\/v2\/media\/141746"}],"wp:attachment":[{"href":"https:\/\/www.meydan.tv\/az\/wp-json\/wp\/v2\/media?parent=299549"}],"wp:term":[{"taxonomy":"category","embeddable":true,"href":"https:\/\/www.meydan.tv\/az\/wp-json\/wp\/v2\/categories?post=299549"},{"taxonomy":"post_tag","embeddable":true,"href":"https:\/\/www.meydan.tv\/az\/wp-json\/wp\/v2\/tags?post=299549"}],"curies":[{"name":"wp","href":"https:\/\/api.w.org\/{rel}","templated":true}]}}